{"id":690,"date":"2021-06-14T21:48:12","date_gmt":"2021-06-14T19:48:12","guid":{"rendered":"https:\/\/www.homewatch.es\/690-costa-del-sol-as-a-place-of-luxury-and-elegance"},"modified":"2024-03-06T14:03:18","modified_gmt":"2024-03-06T13:03:18","slug":"costa-del-sol-como-lugar-de-lujo-y-elegancia","status":"publish","type":"post","link":"https:\/\/www.homewatch.es\/es\/690-costa-del-sol-como-lugar-de-lujo-y-elegancia","title":{"rendered":"Costa del Sol como un lugar de lujo y elegancia"},"content":{"rendered":"<p>&nbsp;<\/p><div id=\"ez-toc-container\" class=\"ez-toc-v2_0_82_2 counter-hierarchy ez-toc-counter ez-toc-custom ez-toc-container-direction\">\n<div class=\"ez-toc-title-container\">\n<p class=\"ez-toc-title\" style=\"cursor:inherit\">Table of Contents<\/p>\n<span class=\"ez-toc-title-toggle\"><a href=\"#\" class=\"ez-toc-pull-right ez-toc-btn ez-toc-btn-xs ez-toc-btn-default ez-toc-toggle\" aria-label=\"Alternar tabla de contenidos\"><span class=\"ez-toc-js-icon-con\"><span class=\"\"><span class=\"eztoc-hide\" style=\"display:none;\">Toggle<\/span><span class=\"ez-toc-icon-toggle-span\"><svg style=\"fill: #0a0a0a;color:#0a0a0a\" xmlns=\"http:\/\/www.w3.org\/2000\/svg\" class=\"list-377408\" width=\"20px\" height=\"20px\" viewBox=\"0 0 24 24\" fill=\"none\"><path d=\"M6 6H4v2h2V6zm14 0H8v2h12V6zM4 11h2v2H4v-2zm16 0H8v2h12v-2zM4 16h2v2H4v-2zm16 0H8v2h12v-2z\" fill=\"currentColor\"><\/path><\/svg><svg style=\"fill: #0a0a0a;color:#0a0a0a\" class=\"arrow-unsorted-368013\" xmlns=\"http:\/\/www.w3.org\/2000\/svg\" width=\"10px\" height=\"10px\" viewBox=\"0 0 24 24\" version=\"1.2\" baseProfile=\"tiny\"><path d=\"M18.2 9.3l-6.2-6.3-6.2 6.3c-.2.2-.3.4-.3.7s.1.5.3.7c.2.2.4.3.7.3h11c.3 0 .5-.1.7-.3.2-.2.3-.5.3-.7s-.1-.5-.3-.7zM5.8 14.7l6.2 6.3 6.2-6.3c.2-.2.3-.5.3-.7s-.1-.5-.3-.7c-.2-.2-.4-.3-.7-.3h-11c-.3 0-.5.1-.7.3-.2.2-.3.5-.3.7s.1.5.3.7z\"\/><\/svg><\/span><\/span><\/span><\/a><\/span><\/div>\n<nav><ul class='ez-toc-list ez-toc-list-level-1 ' ><li class='ez-toc-page-1 ez-toc-heading-level-2'><a class=\"ez-toc-link ez-toc-heading-1\" href=\"https:\/\/www.homewatch.es\/es\/690-costa-del-sol-como-lugar-de-lujo-y-elegancia\/#Propiedades_de_lujo_y_ensueno_en_la_Costa_del_Sol\" >Propiedades de lujo y ensue\u00f1o en la Costa del Sol<\/a><\/li><li class='ez-toc-page-1 ez-toc-heading-level-2'><a class=\"ez-toc-link ez-toc-heading-2\" href=\"https:\/\/www.homewatch.es\/es\/690-costa-del-sol-como-lugar-de-lujo-y-elegancia\/#Gastronomia_una_experiencia_inolvidable_en_restaurantes_Michelin\" >Gastronom\u00eda, una experiencia inolvidable en restaurantes Michel\u00edn<\/a><\/li><li class='ez-toc-page-1 ez-toc-heading-level-2'><a class=\"ez-toc-link ez-toc-heading-3\" href=\"https:\/\/www.homewatch.es\/es\/690-costa-del-sol-como-lugar-de-lujo-y-elegancia\/#Compras_lujosas_y_tiendas_de_marca_para_ir_de_shopping\" >Compras lujosas y tiendas de marca para ir de\u00a0shopping<\/a><\/li><li class='ez-toc-page-1 ez-toc-heading-level-2'><a class=\"ez-toc-link ez-toc-heading-4\" href=\"https:\/\/www.homewatch.es\/es\/690-costa-del-sol-como-lugar-de-lujo-y-elegancia\/#Diversion_fiestas_y_relajacion_en_los_beachclubs\" >Diversi\u00f3n, fiestas y relajaci\u00f3n en los beachclubs<\/a><\/li><li class='ez-toc-page-1 ez-toc-heading-level-2'><a class=\"ez-toc-link ez-toc-heading-5\" href=\"https:\/\/www.homewatch.es\/es\/690-costa-del-sol-como-lugar-de-lujo-y-elegancia\/#Experiencias_de_lujo_inolvidables\" >Experiencias de lujo inolvidables<\/a><\/li><li class='ez-toc-page-1 ez-toc-heading-level-2'><a class=\"ez-toc-link ez-toc-heading-6\" href=\"https:\/\/www.homewatch.es\/es\/690-costa-del-sol-como-lugar-de-lujo-y-elegancia\/#Propiedades_en_alquiler_en_la_Costa_del_Sol_Todas_las_propiedades_en_alquiler_Costa_del_Sol\" >Propiedades en alquiler en la Costa del Sol\n\t\t\t\t\t\t\t\t\t\t\t\t\t\t\t\tTodas las propiedades en alquiler \/ Costa del Sol<\/a><\/li><li class='ez-toc-page-1 ez-toc-heading-level-2'><a class=\"ez-toc-link ez-toc-heading-7\" href=\"https:\/\/www.homewatch.es\/es\/690-costa-del-sol-como-lugar-de-lujo-y-elegancia\/#Propiedades_en_venta_en_la_Costa_del_Sol_Todas_las_propiedades_en_venta_Costa_del_Sol\" >Propiedades en venta en la Costa del Sol\n\t\t\t\t\t\t\t\t\t\t\t\t\t\t\t\tTodas las propiedades en venta \/ Costa del Sol<\/a><\/li><\/ul><\/nav><\/div>\n\n<p>Si quieres disfrutar de\u00a0<strong>alojamientos 5 estrellas<\/strong>,\u00a0<strong>restaurantes Michelin<\/strong>, tiendas de lujo y glamour, clubes nocturnos, coches espectaculares y muchas otras actividades excepcionales, no dejes de visitar la Costa del Sol en M\u00e1laga, Espa\u00f1a. Tus vacaciones ser\u00e1n inolvidables, llenas de emoci\u00f3n y diversi\u00f3n en uno de los sitios m\u00e1s famosos y recomendados de todo el mediterr\u00e1neo.<\/p>\n<p>&nbsp;<\/p>\n<h2><span class=\"ez-toc-section\" id=\"Propiedades_de_lujo_y_ensueno_en_la_Costa_del_Sol\"><\/span>Propiedades de lujo y ensue\u00f1o en la Costa del Sol<span class=\"ez-toc-section-end\"><\/span><\/h2>\n<p>Las grandes y maravillosas propiedades lujosas abarcan toda la zona de la\u00a0<strong>Costa del Sol<\/strong>, desde Mijas hasta Estepona. Ya sea que te interese alquilar una propiedad vacacional o comprar una villa, existe una gran variedad entre la cual podr\u00e1s elegir.<\/p>\n<h3>Villas lujosas y\u00a0<em>chalets<\/em><\/h3>\n<p><strong>Son las propiedades m\u00e1s elegantes y sofisticadas<\/strong>\u00a0que se pueden conseguir en la Costa del Sol. Existen algunas en alquiler, pero otras puedes comprarlas para empezar a vivir la vida lujosa que te mereces en compa\u00f1\u00eda de tu familia. La mayor\u00eda cuenta con amplias habitaciones, m\u00e1s de cinco ba\u00f1os y jardines con diversas opciones espectaculares, desde una piscina hasta un campo de golf.<\/p>\n<h3>Apartamentos o pisos<\/h3>\n<p>Si lo tuyo es estar en la playa durante todo el d\u00eda, existen propiedades que tienen\u00a0<strong>acceso directo<\/strong>\u00a0a ella. Sin necesidad de cruzar una calle o necesitar alg\u00fan transporte, solo con dar un paso podr\u00e1s disfrutar de la arena y el sol.<\/p>\n<p>Si necesitas estar cerca de la playa,\u00a0<strong>los apartamentos o pisos con vista al mar tambi\u00e9n son una excelente opci\u00f3n vacacional.<\/strong>\u00a0Adem\u00e1s, la mayor\u00eda de estas propiedades tienen dos o m\u00e1s dormitorios, lo cual las hace ideales para unas vacaciones familiares.<\/p>\n<p>Entonces, si vas de vacaciones a esta zona de Espa\u00f1a o quieres encontrar una nueva vivienda de ensue\u00f1o,\u00a0<strong>en Homewatch podemos ofrecerte lo que deseas<\/strong>: propiedades de lujo, piscinas impresionantes, apartamentos, casas, villas y\u00a0<em>chalets<\/em>\u00a0incomparables.<\/p>\n<h2><\/h2>\n<h2><span class=\"ez-toc-section\" id=\"Gastronomia_una_experiencia_inolvidable_en_restaurantes_Michelin\"><\/span>Gastronom\u00eda, una experiencia inolvidable en restaurantes Michel\u00edn<span class=\"ez-toc-section-end\"><\/span><\/h2>\n<p>Ir de vacaciones a un sitio nuevo te brinda la oportunidad de probar la comida local, y qu\u00e9 mejor opci\u00f3n que los\u00a0<strong>restaurantes\u00a0<\/strong><b>Michelin<\/b>, los cuales emplean ingredientes locales y aportan una experiencia inolvidable a todo aquel que se anime a visitarlos.<\/p>\n<p>En la provincia de M\u00e1laga existen varios<strong>\u00a0restaurantes que tienen el honor de portar estrellas Michel\u00edn.\u00a0<\/strong>La mayor\u00eda est\u00e1n ubicados en la Costa del Sol, ya que, al ser un sitio tan tur\u00edstico, hay una gran variedad de opciones, desde los lujosos y los familiares hasta los chiringuitos en la playa.<\/p>\n<p>Costa del Sol es toda una meca de la\u00a0<strong>gastronom\u00eda<\/strong>, pues asisten una gran cantidad de turistas durante todo el a\u00f1o para disfrutar de una experiencia gastron\u00f3mica inolvidable. A continuaci\u00f3n, algunos de los restaurantes con mayor lujo y glamour de toda la provincia de M\u00e1laga.<\/p>\n<picture><source width=\"1000\" srcset=\"https:\/\/media.inmobalia.com\/imgV1\/B98Le8~d7M9tpDukYgwPhrXFZqc2JXGeMjogHoEWdF1hscJv2PclmTYMYDi9O4rLBYoO6xqYGD7TTjv_Uc6STvNsLvAJHqCVVd5GjF7kmzJrfAEHY5b0y_Ofit~tdBwjkofUXcq2yH3ATkLxnGocvF2mwRimAALqrGQ5vpgbdpY-.jpeg 1000w\" type=\"image\/webp\"><img fetchpriority=\"high\" decoding=\"async\" class=\"wp-image-664 size-thumbnail aligncenter\" width=\"540\" height=\"324\" src=\"https:\/\/media.inmobalia.com\/imgV1\/B98Le8~d7M9tpDukdeUKYRfTrw4MMyC1YaoYN1Q9cl~fTPDvd9rW_HHB_II0lGgcHRdIu6pM_af5E_3BBDWzjtV69WNBsfRdiiNYqisI7015NcNnqNvNg65stYr9pcpnCMxZ6tWAMZ6f53Obxixohw--.jpeg\"><\/picture>\n<p>&nbsp;<\/p>\n<h3>Restaurante Skina<\/h3>\n<p>Skina es para muchos el mejor restaurante de toda Marbella, pues tiene dos estrellas Michel\u00edn y dos\u00a0<strong>Soles Repsol<\/strong>. Brinda una experiencia gastron\u00f3mica de lujo y, adem\u00e1s, emplea productos de temporada del mediterr\u00e1neo y toques vanguardistas para resaltar la comida andaluza tradicional. Tambi\u00e9n presenta una carta espectacular de vinos. Si te interesa visitarlo, su direcci\u00f3n es Calle Aduar 12, Casco Antiguo, 29601, Marbella.<\/p>\n<p>&nbsp;<\/p>\n<h3>Restaurante Bardal<\/h3>\n<p>Un restaurante Michel\u00edn que tiene dos estrellas ganadas en muy poco tiempo, ya que se cre\u00f3 en el 2016. Aprovecha las bondades de los ingredientes locales para ofrecer una\u00a0<strong>comida vanguardista<\/strong>, pero que retiene sus ra\u00edces. Tambi\u00e9n es un local para todo p\u00fablico debido a que, sin ostentar demasiado lujo, emplea un servicio elegante y cercano que termina por atrapar y enamorar a todos sus clientes. Si te interesa visitarlo, su direcci\u00f3n es calle Jos\u00e9 Aparicio 1, 29400 Ronda.<\/p>\n<p>&nbsp;<\/p>\n<h3>Restaurante Jos\u00e9 Carlos Garc\u00eda<\/h3>\n<p>Est\u00e1 ubicado en la capital de la Costa del Sol, en un sitio c\u00e9ntrico del Puerto de M\u00e1laga o Muelle Uno. Es el \u00fanico restaurante que posee una estrella Michel\u00edn, pero\u00a0<strong>atiende a sus clientes de forma especial\u00a0<\/strong>e inolvidable. La cocina est\u00e1 encerrada en paredes de cristal y permite que los comensales puedan ver todo el proceso que sucede dentro de ella.<\/p>\n<p>Su gastronom\u00eda se basa en una fusi\u00f3n de los productos locales y t\u00e9cnicas vanguardistas, lo que le otorga esa diferencia \u00fanica y especial. Adem\u00e1s,\u00a0<strong>su atenci\u00f3n es lujosa<\/strong>, individual y elegante, ya que atiende a muy pocos comensales a la vez, lo que permite que sea una experiencia \u00edntima y personalizada. Si te interesa visitarlo, su direcci\u00f3n es Plaza de la Capilla, 1, 29001, M\u00e1laga.<\/p>\n<p>&nbsp;<\/p>\n<h2><span class=\"ez-toc-section\" id=\"Compras_lujosas_y_tiendas_de_marca_para_ir_de_shopping\"><\/span>Compras lujosas y tiendas de marca para ir de\u00a0<em>shopping<\/em><span class=\"ez-toc-section-end\"><\/span><\/h2>\n<p>Uno de los atractivos tur\u00edsticos que m\u00e1s llama la atenci\u00f3n de la Costa del Sol es\u00a0<strong>Puerto\u00a0<\/strong><b>Ban\u00fas<\/b>. Un sitio que se considera la meca del lujo en Espa\u00f1a, porque tiene la mayor cantidad de tiendas de marcas y actividades lujosas para realizar.<\/p>\n<p>&nbsp;<\/p>\n<picture><source width=\"1880\" srcset=\"https:\/\/media.inmobalia.com\/imgV1\/B98Le8~d7M9lFwJooi9NeVuIoq5~eVm7ceFdcatKIO1r9O_bn~Lsq51l5vt7cedVc2K2sg3bRavNPLZ3Re5Ttgp1eQuwyx7vfBsoLd6__9vWD4A0Qtp~4tJwuXBdhZbW0Je1Lv75.jpeg 1880w\" type=\"image\/webp\"><img loading=\"lazy\" decoding=\"async\" loading=\"lazy\" class=\"wp-image-666 aligncenter\" width=\"485\" height=\"273\" src=\"https:\/\/media.inmobalia.com\/imgV1\/B98Le8~d7M9lFwJotVEp7MOctxcWVY5d9JewZnztmsZdk3e9oO7PfgEWuVTZVhpz~pZgwrjtzfVLSqnRGUeX1jc0YhvaSv2tnXJLJ4V4NQmt6FMDLpM-.jpeg\"><\/picture>\n<p>&nbsp;<\/p>\n<p>Puerto Ban\u00fas tiene una de las calles de moda mayor cotizadas a nivel mundial, pues all\u00ed encuentras las colecciones de ropa m\u00e1s exclusivas. Si lo tuyo es ir de <strong><em>shopping<\/em><\/strong>, este sitio no puede faltar en tu itinerario de vacaciones por la Costa del Sol. A continuaci\u00f3n, algunas de las\u00a0<strong>tiendas de marcas m\u00e1s reconocidas:<\/strong><\/p>\n<ul>\n<li><strong>Carolina herrera<\/strong>, en el muelle Benabola, 5.<\/li>\n<li><strong>Bvlgari<\/strong>, en calle Puerto Ban\u00fas<\/li>\n<li><strong>Dolce &amp; Gabbana<\/strong>\u00a0Man and Kids, en el pueblo marinero de Ribeira, casa F, local 17.<\/li>\n<li><strong>Billionaire<\/strong>, en el muelle Ribera, local 21 F.<\/li>\n<li><strong>Christian Dior<\/strong>, en calle Ribera, casa F, local 15B.<\/li>\n<li><strong>Saint Laurent<\/strong>, en el muelle Rivera<\/li>\n<li><strong>Dolce &amp; Gabbana Woman<\/strong>, en el pueblo marinero de Ribeira<\/li>\n<li><strong>Louis Vuitton<\/strong>, en el muelle Ribera, casa N.<\/li>\n<li><strong>Gucci<\/strong>, en calle muelle Ribera, 15-16.<\/li>\n<\/ul>\n<p>No solo encontrar\u00e1s las tiendas que mencionamos, tambi\u00e9n muchas otras marcas lujosas de ropa, joyer\u00eda y m\u00e1s.<\/p>\n<p>&nbsp;<\/p>\n<h2><span class=\"ez-toc-section\" id=\"Diversion_fiestas_y_relajacion_en_los_beachclubs\"><\/span>Diversi\u00f3n, fiestas y relajaci\u00f3n en los beachclubs<span class=\"ez-toc-section-end\"><\/span><\/h2>\n<p>La diversi\u00f3n no se acaba al ir de\u00a0<em>shopping<\/em>, comer algo sabroso o alquilar una propiedad de lujo, tambi\u00e9n se suman las actividades divertidas como ir de fiesta o relajarse completamente en alguno de los\u00a0<strong><em>beachclubs<\/em>\u00a0<\/strong>que tiene la Costa del Sol.<\/p>\n<p><strong>Estos clubes de playa ofrecen servicios atractivos<\/strong>\u00a0para todo p\u00fablico. Desde quienes prefieren disfrutar de una experiencia tranquila y relajante, hasta aquellos donde la fiesta, la m\u00fasica y el alcohol no pueden faltar. A continuaci\u00f3n, una lista con algunos de los m\u00e1s recomendados.<\/p>\n<p>&nbsp;<\/p>\n<h3>Amare beach<\/h3>\n<p>Un club de playa ideal para el disfrute en el d\u00eda y en la noche, donde vivir\u00e1s una experiencia inolvidable llena de\u00a0<strong>relajaci\u00f3n y comodidad<\/strong>. Te ofrece la oportunidad de disfrutar de una cama balinesa cerca de la playa, as\u00ed como bebidas a tu gusto, comida de primera clase, buena m\u00fasica y un ambiente tranquilo y relajado. Se ubica en el Paseo Alfonso Ca\u00f1as Nogueras, 29603 Marbella, M\u00e1laga.<\/p>\n<p>&nbsp;<\/p>\n<picture><source width=\"600\" srcset=\"https:\/\/media.inmobalia.com\/imgV1\/B98Le8~d7MgEC26pyoQF6hw8Lid_nBazutGp0KUg7MIjMXxVqKNd5ltwLgOHXNPv3BUM3YKGjydBbElBMs~5UJ2jWSrGX5FFI4YZ1Ts_qzuK0udnCQbSUHxIc9BbZrZwarHuGn~TGfaHx0MnW9ZX6yz~j8nXvTME5ObV.jpeg 600w\" type=\"image\/webp\"><img loading=\"lazy\" decoding=\"async\" loading=\"lazy\" class=\" wp-image-668 aligncenter\" width=\"467\" height=\"311\" src=\"https:\/\/media.inmobalia.com\/imgV1\/B98Le8~d7MgEC26_8oLnAeIrrviXSK1715MWJdckieHomLUWvlzQfQX_FWxBAuzlkjjZ3Yltp4VpYzywTsaemisrW_0b~GG1TanpTWqheGpRwb~fgG3uTu~diQLfYT8YehsjuKO5EnvCcnU-.jpeg\"><\/picture>\n<p>&nbsp;<\/p>\n<h3>Opium Club<\/h3>\n<p>Opium Club es un referente del ocio y la diversi\u00f3n durante el d\u00eda y la noche de la Costa del Sol. Camas balinesas, vistas al mediterr\u00e1neo incre\u00edbles,\u00a0<strong>dise\u00f1o moderno<\/strong>, buena comida y m\u00fasica directamente de la mano de DJ\u2019s reconocidos a nivel mundial. Se ubica en la carretera N340, Km 184, 29603 Marbella, M\u00e1laga.<\/p>\n<p>&nbsp;<\/p>\n<h3>La Sala by The Sea<\/h3>\n<p>Es un club a pie de playa, ubicado en Puerto Ban\u00fas. Tiene tres\u00a0<strong>bares tropicales<\/strong>, un restaurante tailand\u00e9s, piscina, jacuzzi y\u00a0<em>spa<\/em>\u00a0zen. Espaciosas tumbonas para relajarse mientras se escucha m\u00fasica\u00a0<em>chillout<\/em>\u00a0y se disfruta de un masaje o bebidas y comida de primera clase. Su direcci\u00f3n exacta es urbanizaci\u00f3n Nueva Andaluc\u00eda Villa Marina, 29660 Marbella, M\u00e1laga.<\/p>\n<p>&nbsp;<\/p>\n<h2><span class=\"ez-toc-section\" id=\"Experiencias_de_lujo_inolvidables\"><\/span>Experiencias de lujo inolvidables<span class=\"ez-toc-section-end\"><\/span><\/h2>\n<p>Aunque todo lo anterior es bastante atractivo y vale completamente la pena vivirlo, en la Costa del Sol tambi\u00e9n existen muchas otras\u00a0<strong>experiencias de lujo<\/strong>\u00a0que se deben probar. Cada una de ellas se disfrutar\u00e1 de diferentes maneras y todas se especializan en brindar una vivencia que nunca olvidar\u00e1s.<\/p>\n<h3>Ascari, carreras en coches lujosos<\/h3>\n<p><strong>Si te gusta la velocidad y la adrenalina<\/strong>, Ascari va a ser tu experiencia inolvidable. Un circuito de carreras que permite disfrutar de la conducci\u00f3n en cochazos de lujo y a elecci\u00f3n propia. A eso se le suma que tiene una pista de tierra deslizante de karting y 4x4 que se adapta a todos los gustos.<\/p>\n<p>En Ascari tambi\u00e9n se puede disfrutar fuera de las pistas de carreras, ya que tiene\u00a0<strong>espacios verdes y amplios para relajarse<\/strong>, as\u00ed como un restaurante de primera clase para saborear una gustosa y excelente comida. En resumen, este lugar es un sitio que brinda una vivencia \u00fanica y especial no solo para toda la familia, sino tambi\u00e9n para quien viaja en pareja o en solitario.<\/p>\n<p>&nbsp;<\/p>\n<p>&nbsp;<\/p>\n<h3>Alquiler de yates, veleros y barcos<\/h3>\n<p>Al ser una costa cercana a la playa, los barcos, yates y veleros no pueden faltar para brindar opciones de diversi\u00f3n y relajaci\u00f3n. Se pueden comprar o alquilar y as\u00ed disfrutar de un paseo o\u00a0<strong><em>tour<\/em>\u00a0por zonas tur\u00edsticas\u00a0<\/strong>y hasta realizar fiestas de soltero o soltera.<\/p>\n<p>En definitiva, si quieres otras experiencias, a\u00fan hay m\u00e1s por vivir en Marbella. Puedes conocer y disfrutar la pr\u00e1ctica de deportes acu\u00e1ticos, los paseos con delfines o los campos de golf. Sin embargo, el primer paso es alojarse en alguno de los\u00a0<strong>alojamientos 5 estrellas<\/strong>\u00a0que ofrece Homewatch.<\/p>\n<p>&nbsp;<\/p>\n<picture><source width=\"1024\" srcset=\"https:\/\/media.inmobalia.com\/imgV1\/B98Le8~d7M9tpu8aTcF~SXKk7RCnRXBgtfhTkS2_hG8VNQFayfyYDWD8D_Fr3SVGhD8a12T3IdKzg56eznLscfm0T2u4PijVLm3J00EvRgY2ZokUceTqMDtxLvSS4lk1oxlnthuk9gMXctWXfIIiStKUsw--.jpeg 1024w\" type=\"image\/webp\"><img loading=\"lazy\" decoding=\"async\" loading=\"lazy\" class=\"wp-image-670 aligncenter\" width=\"430\" height=\"286\" src=\"https:\/\/media.inmobalia.com\/imgV1\/B98Le8~d7M9tpu8aWgVker3ocswmDsoZMCW~fcpofrXTBgzUPzK07zOX7MEoH0jhX~BnMCTJVwAO9qeWco9HKjonqqMSkfZzWBx1pimttJYeRkCJcA3wJGOxtvo2sGP8QLmU.jpeg\"><\/picture>\n\n\t\t\t<section class=\"selection-wrapper mt-5 mt-lg-7 mt-xxl-10 wp-block-acf-propertyselection\">\n\t\t\t\t<div class=\"container-fluid max-width d-flex flex-column align-items-start align-items-lg-center\">\n\t\t\t\t\t<div class=\"col-xl-6 mb-4 mb-lg-5\">\n\t\t\t\t\t\t\t\t\t\t\t\t\t<h2 class=\"h1 text-md-center mb-4\"><span class=\"ez-toc-section\" id=\"Propiedades_en_alquiler_en_la_Costa_del_Sol_Todas_las_propiedades_en_alquiler_Costa_del_Sol\"><\/span>\n\t\t\t\t\t\t\t\t\t\t\t\t\t\t\t\t\t<span class=\"htitle\">Propiedades en alquiler en la Costa del Sol<\/span>\n\t\t\t\t\t\t\t\t\t\t\t\t\t\t\t\tTodas las propiedades en alquiler \/ Costa del Sol\t\t\t\t\t\t\t<span class=\"ez-toc-section-end\"><\/span><\/h2>\n\t\t\t\t\t\t\t\t\t\t\t\t<p class=\"text-md-center mb-0 mx-auto\">Encontradas 100 propiedades en alquiler en la Costa del Sol.<\/p>\n\t\t\t\t\t<\/div>\n\t\t\t\t\t<div id=\"cardsFancyCarousel\" class=\"offcanvas-carousel w-100 four-items\">\n\t\t\t\t\t\t<article class=\"f-carousel__slide card col position-relative flex-column\">\n\t<figure class=\"position-relative w-100 mb-2\">\n\t\t<a class=\"card-portfolio position-absolute\" data-pfl-id=\"694968\" data-pfl-filter=\"rent-short\" href=\"#\">\n\t\t\t<svg width=\"20\" fill=\"currentColor\" viewBox=\"0 0 512 512\">\n\t\t\t\t<use href=\"https:\/\/www.homewatch.es\/wp-content\/themes\/inmobasolidbase\/dist\/src\/images\/icons.svg#svgPortfolio\"\/>\n\t\t\t<\/svg>\n\t\t\t<svg class=\"d-none\" width=\"20\" fill=\"currentColor\" viewBox=\"0 0 512 512\">\n\t\t\t\t<use href=\"https:\/\/www.homewatch.es\/wp-content\/themes\/inmobasolidbase\/dist\/src\/images\/icons.svg#svgPortfolioIn\"\/>\n\t\t\t<\/svg>\n\t\t<\/a>\n\t\t<picture class=\"ratio ratio-4x3\"><source width=\"1310\" height=\"737\" srcset=\"https:\/\/media.inmobalia.com\/imgV1\/B8vEv5Xh_V7LwqmA7MsEzyiu2rJZnyi1cQR2VJg~6f4Oh1Du4KAGTYXDE8C4DRkPf1CBJ93oAaBEpqucynqp9NerpA3zG4FWyQuhQJbP4mLQ1u35fHU5~IWHURT9i2NiY5ChYxrJd7IXbnddIdE9VhGZJwydLGrJKRWQa8zSwM14Kptm5ar~CJisOHN0QMk-.jpg 1310w,https:\/\/media.inmobalia.com\/imgV1\/B8vEv5Xh_V7LwqmA7MRMuLIubsbpwUehA5MIxMy7ZJHKpJ9yGVL7f2Q27c9zxkVcn17l2blE6vQAMcv51R0g_I3I_0rjueeF~vtjAiir8ZZcYXble_2Z64~z1Tl0h0jHQlxMrEPktyOXCFLo6CwZnmw0Ml6lgn2oR56QEXZOKLtu90tkAMLgwDBAVEgxepo-.jpg 1310w,https:\/\/media.inmobalia.com\/imgV1\/B8vEv5Xh~9eLgpFkvD55S4O4_vRpfi7Zj~8WTFZMGThfizi~_Y~NgoiVzdN9MsuXYCpgHq7NOfhSSsV~~CvXOR8biNDSQCuIy3z~JafSwduxBEndespnQYPOGloQON4~nZQttRhWlyNB6nHsT6I8fBXkmdyezf52fB4~1HUqh~ILvksOD09lqSav_zuv3w--.jpg 774w\" type=\"image\/webp\"><img decoding=\"async\" class=\"image-fit\" alt=\"Villa 4 dormitorios con piscina privada, jard\u00edn y vistas al golf en Nueva Andaluc\u00eda. A minutos de Puerto Ban\u00fas. Homewatch 24\/7.\" width=\"1310\" height=\"737\" src=\"https:\/\/media.inmobalia.com\/imgV1\/B8vEv5Xh_V7LwqmA7MsE2MSoMmSw1ck4jNnQaUtOC3Ic4c8oEsneXQYFVCW9st5aU7DI8Vy1pS_AMSuStDIqCzlJ2qBHsZkxYWIuRW3ww_uRVlbkhxyMRdkkt2DF3HvBNTJIVHr4Ug5ngX9VXez4IWmV_oC1OEijx_7xxUc0jQ--.jpg\"><\/picture>\t\t\t<\/figure>\n\t<div class=\"h-100 d-flex flex-column\">\n\t\t<span class=\"d-block card-area\">\n\t\t\tNueva Andalucia\t\t<\/span>\n\t\t\n\n\t\t\t<div class=\"card-price d-flex flex-column\">\n\t\t<strong class=\"me-1\">Desde <span data-original-price=\"450\">450\u00a0\u20ac<\/span><span data-period> por dia <\/span><\/strong><strong class=\"me-1\"><span data-original-price=\"6500\">6.500\u00a0\u20ac<\/span><span data-period> montly rental (November-March)<\/span><\/strong>\t\t<\/div>\n\t\n\t\t<ul class=\"card-features list-unstyled d-flex flex-wrap align-items-center mb-0\">\n\t\t\t\t\t\t\t<li class=\"d-flex align-items-center me-3\">\n\t\t\t\t\t4 dormitorios\t\t\t\t<\/li>\n\t\t\t\t\t\t\t<li class=\"d-flex align-items-center me-3\">\n\t\t\t\t\t4 ba\u00f1os\t\t\t\t<\/li>\n\t\t\t\t\t\t\t<li class=\"d-flex align-items-center me-3\">\n\t\t\t\t\t295 m&sup2; construido\t\t\t\t<\/li>\n\t\t\t\t\t\t\t<li class=\"d-flex align-items-center me-3\">\n\t\t\t\t\t1000 m&sup2; parcela\t\t\t\t<\/li>\n\t\t\t\t\t<\/ul>\n\t\t<h4 class=\"card-title mb-0\">\n\t\t\t<a class=\"stretched-link\" href=\"\/alquiler\/nueva-andalucia\/villas-y-chalets\/249\">Villa 4 dormitorios con piscina privada, jard\u00edn y vistas al golf en Nueva Andaluc\u00eda. A minutos de Puerto Ban\u00fas. Homewatch 24\/7.<\/a>\n\t\t<\/h4>\n\t\t\t<\/div>\n<\/article>\t\t\t\t\t\t<article class=\"f-carousel__slide card col position-relative flex-column\">\n\t<figure class=\"position-relative w-100 mb-2\">\n\t\t<a class=\"card-portfolio position-absolute\" data-pfl-id=\"694964\" data-pfl-filter=\"rent-short\" href=\"#\">\n\t\t\t<svg width=\"20\" fill=\"currentColor\" viewBox=\"0 0 512 512\">\n\t\t\t\t<use href=\"https:\/\/www.homewatch.es\/wp-content\/themes\/inmobasolidbase\/dist\/src\/images\/icons.svg#svgPortfolio\"\/>\n\t\t\t<\/svg>\n\t\t\t<svg class=\"d-none\" width=\"20\" fill=\"currentColor\" viewBox=\"0 0 512 512\">\n\t\t\t\t<use href=\"https:\/\/www.homewatch.es\/wp-content\/themes\/inmobasolidbase\/dist\/src\/images\/icons.svg#svgPortfolioIn\"\/>\n\t\t\t<\/svg>\n\t\t<\/a>\n\t\t<picture class=\"ratio ratio-4x3\"><source width=\"1920\" height=\"1080\" srcset=\"https:\/\/media.inmobalia.com\/imgV1\/B8vEv5Xh_VThvnEqMx4G0YtA8lAADdw1sBC5uN5pSX6~ImMWYg0nYa_EPSP~fBpYtvgHs5QKecPwE1~j5DU_pylbu6cBdu0PgVunDxnkMoeY79Gll7Nv5AHhYwCGots7LHLh38DFBJbu67RVjWZshsabQtwGi0w1TYNOl4_tZdb~tJYsp55C4Pg61I5tnP2o.jpg 1920w,https:\/\/media.inmobalia.com\/imgV1\/B8vEv5Xh_Vjzl4qKP9bJW21eHCmW9PWrQV6IDk9EjA79dASSMmDBrXf04FgH6wp0ylU42MWPePEey7rkY1j3kMIGs3YrRSP6UhHPWG1enKzuplcdy8f~NYm7bTbKkeM5EmP4FXqUMM8t336_vehdVCU7syEuRDpdFAPEtu6m9ulhqop7uFoYHQYnYBkoi54-.jpg 1580w,https:\/\/media.inmobalia.com\/imgV1\/B8vEv5Xh~9eLgpFkvD55S4O4_vRpfi7Zj~8WTFZMGThfizi~_Y~NgoiVzdN9MsuXYCpgHq7NOfhSSsV~~CvXOR8biNDSQCuIy3z~JafSwduxBEndespnQYPOGloQON4~nZQttLTklHCQBe9raPQQEueV92P7zRq5ikA4Piu2oNzCJ7r5z4VMmJahdhrgsw--.jpg 774w\" type=\"image\/webp\"><img decoding=\"async\" class=\"image-fit\" alt=\"Amplio apartamento de 3 dormitorios en plena Marina de Puerto Ban\u00fas\" width=\"1920\" height=\"1080\" src=\"https:\/\/media.inmobalia.com\/imgV1\/B8vEv5Xh_VThvnEqMx4G0ZxU~~H0Ar_8Bn_AfAx~4dnt796zQ9QIPwzdr9PkzIdRpbeOYktBAPFfTt23HPhndt5b7cRr2vg76pmKvptCGz41lr5l8etJCIONYgkk2Jng9EaoZn0sCgbsVyxlqR7Dn5gdfc7ocnVp_8KvY2S3Puc-.jpg\"><\/picture>\t\t\t<\/figure>\n\t<div class=\"h-100 d-flex flex-column\">\n\t\t<span class=\"d-block card-area\">\n\t\t\tMarbella - Puerto Banus\t\t<\/span>\n\t\t\n\n\t\t\t<div class=\"card-price d-flex flex-column\">\n\t\t<strong class=\"me-1\">Desde <span data-original-price=\"150\">150\u00a0\u20ac<\/span><span data-period> por dia <\/span><\/strong><strong class=\"me-1\"><span data-original-price=\"2800\">2.800\u00a0\u20ac<\/span><span data-period> montly rental (November-March)<\/span><\/strong>\t\t<\/div>\n\t\n\t\t<ul class=\"card-features list-unstyled d-flex flex-wrap align-items-center mb-0\">\n\t\t\t\t\t\t\t<li class=\"d-flex align-items-center me-3\">\n\t\t\t\t\t3 dormitorios\t\t\t\t<\/li>\n\t\t\t\t\t\t\t<li class=\"d-flex align-items-center me-3\">\n\t\t\t\t\t2 ba\u00f1os\t\t\t\t<\/li>\n\t\t\t\t\t\t\t<li class=\"d-flex align-items-center me-3\">\n\t\t\t\t\t132 m&sup2; construido\t\t\t\t<\/li>\n\t\t\t\t\t<\/ul>\n\t\t<h4 class=\"card-title mb-0\">\n\t\t\t<a class=\"stretched-link\" href=\"\/alquiler\/puerto\/apartamentos-y-pisos\/HW430\">Amplio apartamento de 3 dormitorios en plena Marina de Puerto Ban\u00fas<\/a>\n\t\t<\/h4>\n\t\t\t<\/div>\n<\/article>\t\t\t\t\t\t<article class=\"f-carousel__slide card col position-relative flex-column\">\n\t<figure class=\"position-relative w-100 mb-2\">\n\t\t<a class=\"card-portfolio position-absolute\" data-pfl-id=\"657602\" data-pfl-filter=\"rent-short\" href=\"#\">\n\t\t\t<svg width=\"20\" fill=\"currentColor\" viewBox=\"0 0 512 512\">\n\t\t\t\t<use href=\"https:\/\/www.homewatch.es\/wp-content\/themes\/inmobasolidbase\/dist\/src\/images\/icons.svg#svgPortfolio\"\/>\n\t\t\t<\/svg>\n\t\t\t<svg class=\"d-none\" width=\"20\" fill=\"currentColor\" viewBox=\"0 0 512 512\">\n\t\t\t\t<use href=\"https:\/\/www.homewatch.es\/wp-content\/themes\/inmobasolidbase\/dist\/src\/images\/icons.svg#svgPortfolioIn\"\/>\n\t\t\t<\/svg>\n\t\t<\/a>\n\t\t<picture class=\"ratio ratio-4x3\"><source width=\"1920\" height=\"1080\" srcset=\"https:\/\/media.inmobalia.com\/imgV1\/B8vEv5Xh_VThvnEqMx4G0YtA8lAADdw1sBC5uN5pSX6~ImMWYg0nYa_EPSP~fBpYtvgHs5QKecPwE1~j5DU_pylbu6cBdu0PgVunDxnkMoeY79Gll7Nv5AHhYwCGots7LHLh3gLnoLABqUVhVjw9AxYOlCVN0o4kvvdgH9GO6zN9uyIN3Wg3iTofqy~XYeW1.jpg 1920w,https:\/\/media.inmobalia.com\/imgV1\/B8vEv5Xh_Vjzl4qKP9bJW21eHCmW9PWrQV6IDk9EjA79dASSMmDBrXf04FgH6wp0ylU42MWPePEey7rkY1j3kMIGs3YrRSP6UhHPWG1enKzuplcdy8f~NYm7bTbKkeM5EmP5XIh0SzLedk_dmuu6UhFDziBEGWBa7kSt6Q~S0jK0adUc5jJAzgoUHzdddvQ-.jpg 1580w,https:\/\/media.inmobalia.com\/imgV1\/B8vEv5Xh~9eLgpFkvD55S4O4_vRpfi7Zj~8WTFZMGThfizi~_Y~NgoiVzdN9MsuXYCpgHq7NOfhSSsV~~CvXOR8biNDSQCuIy3z~JafSwduxBEndespnQYPOGloQON4~nZWk1S8PfeO1RWSbs83PqNjsDjqa4YWGUGN~5iY5a3lkeudZPWb2DYR9kQDU0A--.jpg 774w\" type=\"image\/webp\"><img loading=\"lazy\" decoding=\"async\" class=\"image-fit\" alt=\"Exclusivo \u00e1tico d\u00faplex EN VENTA con gran terraza privada y vistas panor\u00e1micas al mar, en Vista Real, Nueva Andaluc\u00eda\" width=\"1920\" height=\"1080\" src=\"https:\/\/media.inmobalia.com\/imgV1\/B8vEv5Xh_VThvnEqMx4G0ZxU~~H0Ar_8Bn_AfAx~4dnt796zQ9QIPwzdr9PkzIdRpbeOYktBAPFfTt23HPhndt5b7cRr2vg76pmKvptCGz41lr5kQABDDfaOJLwLMMYriQOxQ9MkvWDGcBdsLAVogVVyWrVK0GNmyZwMDNIEtEc-.jpg\"><\/picture>\t\t\t<\/figure>\n\t<div class=\"h-100 d-flex flex-column\">\n\t\t<span class=\"d-block card-area\">\n\t\t\tNueva Andalucia\t\t<\/span>\n\t\t\n\n\t\t\t<div class=\"card-price d-flex flex-column\">\n\t\tPrecio en la Solicitud\t\t<\/div>\n\t\n\t\t<ul class=\"card-features list-unstyled d-flex flex-wrap align-items-center mb-0\">\n\t\t\t\t\t\t\t<li class=\"d-flex align-items-center me-3\">\n\t\t\t\t\t3 dormitorios\t\t\t\t<\/li>\n\t\t\t\t\t\t\t<li class=\"d-flex align-items-center me-3\">\n\t\t\t\t\t2 ba\u00f1os\t\t\t\t<\/li>\n\t\t\t\t\t\t\t<li class=\"d-flex align-items-center me-3\">\n\t\t\t\t\t259 m&sup2; construido\t\t\t\t<\/li>\n\t\t\t\t\t<\/ul>\n\t\t<h4 class=\"card-title mb-0\">\n\t\t\t<a class=\"stretched-link\" href=\"\/alquiler\/vista-real\/aticos\/HW428\">Exclusivo \u00e1tico d\u00faplex EN VENTA con gran terraza privada y vistas panor\u00e1micas al mar, en Vista Real, Nueva Andaluc\u00eda<\/a>\n\t\t<\/h4>\n\t\t\t<\/div>\n<\/article>\t\t\t\t\t\t<article class=\"f-carousel__slide card col position-relative flex-column\">\n\t<figure class=\"position-relative w-100 mb-2\">\n\t\t<a class=\"card-portfolio position-absolute\" data-pfl-id=\"656523\" data-pfl-filter=\"rent-short\" href=\"#\">\n\t\t\t<svg width=\"20\" fill=\"currentColor\" viewBox=\"0 0 512 512\">\n\t\t\t\t<use href=\"https:\/\/www.homewatch.es\/wp-content\/themes\/inmobasolidbase\/dist\/src\/images\/icons.svg#svgPortfolio\"\/>\n\t\t\t<\/svg>\n\t\t\t<svg class=\"d-none\" width=\"20\" fill=\"currentColor\" viewBox=\"0 0 512 512\">\n\t\t\t\t<use href=\"https:\/\/www.homewatch.es\/wp-content\/themes\/inmobasolidbase\/dist\/src\/images\/icons.svg#svgPortfolioIn\"\/>\n\t\t\t<\/svg>\n\t\t<\/a>\n\t\t<picture class=\"ratio ratio-4x3\"><source width=\"1920\" height=\"1080\" srcset=\"https:\/\/media.inmobalia.com\/imgV1\/B8vEv5Xh_VThvnEqMx4G0YtA8lAADdw1sBC5uN5pSX6~ImMWYg0nYa_EPSP~fBpYtvgHs5QKecPwE1~j5DU_pylbu6cBdu0PgVunDxnkMoeY79Gll7Nv5AHhYwCGots7LHLh3gFwIeMQECBtOZ68lDfxmoLWy2sWrV~YHmzcGbRzMfLWesDXb4ih~OfWh9PI.jpg 1920w,https:\/\/media.inmobalia.com\/imgV1\/B8vEv5Xh_Vjzl4qKP9bJW21eHCmW9PWrQV6IDk9EjA79dASSMmDBrXf04FgH6wp0ylU42MWPePEey7rkY1j3kMIGs3YrRSP6UhHPWG1enKzuplcdy8f~NYm7bTbKkeM5EmP5X42gv9HGInYIWg8VAEa3~IyJV1HjopPjf0hx8sGPr700G5poN9ry1v65VJE-.jpg 1580w,https:\/\/media.inmobalia.com\/imgV1\/B8vEv5Xh~9eLgpFkvD55S4O4_vRpfi7Zj~8WTFZMGThfizi~_Y~NgoiVzdN9MsuXYCpgHq7NOfhSSsV~~CvXOR8biNDSQCuIy3z~JafSwduxBEndespnQYPOGloQON4~nZWnKD0e6n_M8DSIs8CjDWyHD5EHXP0G7KGd8EXRgY40DFQbGUnXGwPzsoYHUg--.jpg 774w\" type=\"image\/webp\"><img loading=\"lazy\" decoding=\"async\" class=\"image-fit\" alt=\"Casa adosada de 2 dormitorios con piscina privada climatizada en Marbella Este\" width=\"1920\" height=\"1080\" src=\"https:\/\/media.inmobalia.com\/imgV1\/B8vEv5Xh_VThvnEqMx4G0ZxU~~H0Ar_8Bn_AfAx~4dnt796zQ9QIPwzdr9PkzIdRpbeOYktBAPFfTt23HPhndt5b7cRr2vg76pmKvptCGz41lr5kQ1mG_pSJVL5HI7gurvLQBE4_Uf3uGPF2OAzZ_iahuy1hxa3DB7R7qvvgwq8-.jpg\"><\/picture>\t\t\t<\/figure>\n\t<div class=\"h-100 d-flex flex-column\">\n\t\t<span class=\"d-block card-area\">\n\t\t\tMarbella Este\t\t<\/span>\n\t\t\n\n\t\t\t<div class=\"card-price d-flex flex-column\">\n\t\t<strong class=\"me-1\">Desde <span data-original-price=\"245\">245\u00a0\u20ac<\/span><span data-period> por dia <\/span><\/strong><strong class=\"me-1\"><span data-original-price=\"4000\">4.000\u00a0\u20ac<\/span><span data-period> montly rental (November-March)<\/span><\/strong>\t\t<\/div>\n\t\n\t\t<ul class=\"card-features list-unstyled d-flex flex-wrap align-items-center mb-0\">\n\t\t\t\t\t\t\t<li class=\"d-flex align-items-center me-3\">\n\t\t\t\t\t2 dormitorios\t\t\t\t<\/li>\n\t\t\t\t\t\t\t<li class=\"d-flex align-items-center me-3\">\n\t\t\t\t\t2 ba\u00f1os\t\t\t\t<\/li>\n\t\t\t\t\t\t\t<li class=\"d-flex align-items-center me-3\">\n\t\t\t\t\t132 m&sup2; construido\t\t\t\t<\/li>\n\t\t\t\t\t\t\t<li class=\"d-flex align-items-center me-3\">\n\t\t\t\t\t164 m&sup2; parcela\t\t\t\t<\/li>\n\t\t\t\t\t<\/ul>\n\t\t<h4 class=\"card-title mb-0\">\n\t\t\t<a class=\"stretched-link\" href=\"\/alquiler\/artola\/aticos\/244\">Casa adosada de 2 dormitorios con piscina privada climatizada en Marbella Este<\/a>\n\t\t<\/h4>\n\t\t\t<\/div>\n<\/article>\t\t\t\t\t\t<article class=\"f-carousel__slide card col position-relative flex-column\">\n\t<figure class=\"position-relative w-100 mb-2\">\n\t\t<a class=\"card-portfolio position-absolute\" data-pfl-id=\"637906\" data-pfl-filter=\"rent-short\" href=\"#\">\n\t\t\t<svg width=\"20\" fill=\"currentColor\" viewBox=\"0 0 512 512\">\n\t\t\t\t<use href=\"https:\/\/www.homewatch.es\/wp-content\/themes\/inmobasolidbase\/dist\/src\/images\/icons.svg#svgPortfolio\"\/>\n\t\t\t<\/svg>\n\t\t\t<svg class=\"d-none\" width=\"20\" fill=\"currentColor\" viewBox=\"0 0 512 512\">\n\t\t\t\t<use href=\"https:\/\/www.homewatch.es\/wp-content\/themes\/inmobasolidbase\/dist\/src\/images\/icons.svg#svgPortfolioIn\"\/>\n\t\t\t<\/svg>\n\t\t<\/a>\n\t\t<picture class=\"ratio ratio-4x3\"><source width=\"1920\" height=\"1080\" srcset=\"https:\/\/media.inmobalia.com\/imgV1\/B8vEv5Xh_VThvnEqMx4G0YtA8lAADdw1sBC5uN5pSX6~ImMWYg0nYa_EPSP~fBpYtvgHs5QKecPwE1~j5DU_pylbu6cBdu0PgVunDxnkMoeY79Gll7Nv5AHhYwCGots7LHLh3gF~q_ewgS2hAOTdx~ZC7jVpcKDow6p6TvivyeWQGJwhgbm55u9oojNgvTan.jpg 1920w,https:\/\/media.inmobalia.com\/imgV1\/B8vEv5Xh_Vjzl4qKP9bJW21eHCmW9PWrQV6IDk9EjA79dASSMmDBrXf04FgH6wp0ylU42MWPePEey7rkY1j3kMIGs3YrRSP6UhHPWG1enKzuplcdy8f~NYm7bTbKkeM5EmP5X4JK8sJpo6Wc0GeVpfdJML8eFQGNLFeqK4xpDbNhwI~OPDzspCUjOp7a~Sc-.jpg 1580w,https:\/\/media.inmobalia.com\/imgV1\/B8vEv5Xh~9eLgpFkvD55S4O4_vRpfi7Zj~8WTFZMGThfizi~_Y~NgoiVzdN9MsuXYCpgHq7NOfhSSsV~~CvXOR8biNDSQCuIy3z~JafSwduxBEndespnQYPOGloQON4~nZWnJ4EIloA7AUCC7auMQ8F9ColZaBcElDLBkgEdoPgU1TPRRYrUkEDu_gxE8w--.jpg 774w\" type=\"image\/webp\"><img loading=\"lazy\" decoding=\"async\" class=\"image-fit\" alt=\"Apartamento 2 dormitorios junto a playa Fuengirola con piscina climatizada, spa y terraza\" width=\"1920\" height=\"1080\" src=\"https:\/\/media.inmobalia.com\/imgV1\/B8vEv5Xh_VThvnEqMx4G0ZxU~~H0Ar_8Bn_AfAx~4dnt796zQ9QIPwzdr9PkzIdRpbeOYktBAPFfTt23HPhndt5b7cRr2vg76pmKvptCGz41lr5kQ1a1RMHbfFA0FGlj9loFqTphf3wYdSz_fUcNRlXo9zJfuDMDZ81tnnSP9SM-.jpg\"><\/picture>\t\t\t<\/figure>\n\t<div class=\"h-100 d-flex flex-column\">\n\t\t<span class=\"d-block card-area\">\n\t\t\tFuengirola\t\t<\/span>\n\t\t\n\n\t\t\t<div class=\"card-price d-flex flex-column\">\n\t\t<strong class=\"me-1\">Desde <span data-original-price=\"300\">300\u00a0\u20ac<\/span><span data-period> por mes <\/span><\/strong><strong class=\"me-1\"><span data-original-price=\"3000\">3.000\u00a0\u20ac<\/span><span data-period> montly rental (November-March)<\/span><\/strong>\t\t<\/div>\n\t\n\t\t<ul class=\"card-features list-unstyled d-flex flex-wrap align-items-center mb-0\">\n\t\t\t\t\t\t\t<li class=\"d-flex align-items-center me-3\">\n\t\t\t\t\t2 dormitorios\t\t\t\t<\/li>\n\t\t\t\t\t\t\t<li class=\"d-flex align-items-center me-3\">\n\t\t\t\t\t2 ba\u00f1os\t\t\t\t<\/li>\n\t\t\t\t\t\t\t<li class=\"d-flex align-items-center me-3\">\n\t\t\t\t\t134 m&sup2; construido\t\t\t\t<\/li>\n\t\t\t\t\t<\/ul>\n\t\t<h4 class=\"card-title mb-0\">\n\t\t\t<a class=\"stretched-link\" href=\"\/alquiler\/fuengirola\/apartamentos-y-pisos\/242LT\">Apartamento 2 dormitorios junto a playa Fuengirola con piscina climatizada, spa y terraza<\/a>\n\t\t<\/h4>\n\t\t\t<\/div>\n<\/article>\t\t\t\t\t\t<article class=\"f-carousel__slide card col position-relative flex-column\">\n\t<figure class=\"position-relative w-100 mb-2\">\n\t\t<a class=\"card-portfolio position-absolute\" data-pfl-id=\"626435\" data-pfl-filter=\"rent-short\" href=\"#\">\n\t\t\t<svg width=\"20\" fill=\"currentColor\" viewBox=\"0 0 512 512\">\n\t\t\t\t<use href=\"https:\/\/www.homewatch.es\/wp-content\/themes\/inmobasolidbase\/dist\/src\/images\/icons.svg#svgPortfolio\"\/>\n\t\t\t<\/svg>\n\t\t\t<svg class=\"d-none\" width=\"20\" fill=\"currentColor\" viewBox=\"0 0 512 512\">\n\t\t\t\t<use href=\"https:\/\/www.homewatch.es\/wp-content\/themes\/inmobasolidbase\/dist\/src\/images\/icons.svg#svgPortfolioIn\"\/>\n\t\t\t<\/svg>\n\t\t<\/a>\n\t\t<picture class=\"ratio ratio-4x3\"><source width=\"1920\" height=\"1080\" srcset=\"https:\/\/media.inmobalia.com\/imgV1\/B8vEv5Xh_VThvnEqMx4G0YtA8lAADdw1sBC5uN5pSX6~ImMWYg0nYa_EPSP~fBpYtvgHs5QKecPwE1~j5DU_pylbu6cBdu0PgVunDxnkMoeY79Gll7Nv5AHhYwCGots7LHLh3gF9CvBG~chYEqYeeZDBAbPy8y7YKpOLzslxNS5UeBvCvzTsWKmc33LYktZz.jpg 1920w,https:\/\/media.inmobalia.com\/imgV1\/B8vEv5Xh_Vjzl4qKP9bJW21eHCmW9PWrQV6IDk9EjA79dASSMmDBrXf04FgH6wp0ylU42MWPePEey7rkY1j3kMIGs3YrRSP6UhHPWG1enKzuplcdy8f~NYm7bTbKkeM5EmP5X4BpqL8ZH3zJ_xL0LWcEQQUwd3aLP7KN3GAUy3V01owGfkDRcpW6jV0jkBw-.jpg 1580w,https:\/\/media.inmobalia.com\/imgV1\/B8vEv5Xh~9eLgpFkvD55S4O4_vRpfi7Zj~8WTFZMGThfizi~_Y~NgoiVzdN9MsuXYCpgHq7NOfhSSsV~~CvXOR8biNDSQCuIy3z~JafSwduxBEndespnQYPOGloQON4~nZWnJanUK8klv8aRDHctXLTsTGfKC9XaW6LYSLbs92Q1O3Q7XTMwgYpAuV5zEw--.jpg 774w\" type=\"image\/webp\"><img loading=\"lazy\" decoding=\"async\" class=\"image-fit\" alt=\"\u00c1tico de lujo de 2 dormitorios con vistas al mar en Los Iris, Marbella Este\" width=\"1920\" height=\"1080\" src=\"https:\/\/media.inmobalia.com\/imgV1\/B8vEv5Xh_VThvnEqMx4G0ZxU~~H0Ar_8Bn_AfAx~4dnt796zQ9QIPwzdr9PkzIdRpbeOYktBAPFfTt23HPhndt5b7cRr2vg76pmKvptCGz41lr5kQ1RlydMfsCnatXLCLHQsBSQffRvhJkCjhSb8qTIhsZS_iJkCG_9U0USMHjc-.jpg\"><\/picture>\t\t\t<\/figure>\n\t<div class=\"h-100 d-flex flex-column\">\n\t\t<span class=\"d-block card-area\">\n\t\t\tMarbella Este\t\t<\/span>\n\t\t\n\n\t\t\t<div class=\"card-price d-flex flex-column\">\n\t\t<strong class=\"me-1\">Desde <span data-original-price=\"158\">158\u00a0\u20ac<\/span><span data-period> por dia <\/span><\/strong>\t\t<\/div>\n\t\n\t\t<ul class=\"card-features list-unstyled d-flex flex-wrap align-items-center mb-0\">\n\t\t\t\t\t\t\t<li class=\"d-flex align-items-center me-3\">\n\t\t\t\t\t2 dormitorios\t\t\t\t<\/li>\n\t\t\t\t\t\t\t<li class=\"d-flex align-items-center me-3\">\n\t\t\t\t\t2 ba\u00f1os\t\t\t\t<\/li>\n\t\t\t\t\t\t\t<li class=\"d-flex align-items-center me-3\">\n\t\t\t\t\t153 m&sup2; construido\t\t\t\t<\/li>\n\t\t\t\t\t<\/ul>\n\t\t<h4 class=\"card-title mb-0\">\n\t\t\t<a class=\"stretched-link\" href=\"\/alquiler\/cerrado-de-elviria\/casas\/239\">\u00c1tico de lujo de 2 dormitorios con vistas al mar en Los Iris, Marbella Este<\/a>\n\t\t<\/h4>\n\t\t\t<\/div>\n<\/article>\t\t\t\t\t\t<article class=\"f-carousel__slide card col position-relative flex-column\">\n\t<figure class=\"position-relative w-100 mb-2\">\n\t\t<a class=\"card-portfolio position-absolute\" data-pfl-id=\"622539\" data-pfl-filter=\"rent-short\" href=\"#\">\n\t\t\t<svg width=\"20\" fill=\"currentColor\" viewBox=\"0 0 512 512\">\n\t\t\t\t<use href=\"https:\/\/www.homewatch.es\/wp-content\/themes\/inmobasolidbase\/dist\/src\/images\/icons.svg#svgPortfolio\"\/>\n\t\t\t<\/svg>\n\t\t\t<svg class=\"d-none\" width=\"20\" fill=\"currentColor\" viewBox=\"0 0 512 512\">\n\t\t\t\t<use href=\"https:\/\/www.homewatch.es\/wp-content\/themes\/inmobasolidbase\/dist\/src\/images\/icons.svg#svgPortfolioIn\"\/>\n\t\t\t<\/svg>\n\t\t<\/a>\n\t\t<picture class=\"ratio ratio-4x3\"><source width=\"1920\" height=\"1080\" srcset=\"https:\/\/media.inmobalia.com\/imgV1\/B8vEv5Xh_VThvnEqMx4G0YtA8lAADdw1sBC5uN5pSX6~ImMWYg0nYa_EPSP~fBpYtvgHs5QKecPwE1~j5DU_pylbu6cBdu0PgVunDxnkMoeY79Gll7Nv5AHhYwCGots7LHLh3gF7miFPH7gl8_dj1U561s~RGpuMtzMAur8hhXaSTkJVrzSDHF7T5i7kHR0N.jpg 1920w,https:\/\/media.inmobalia.com\/imgV1\/B8vEv5Xh_Vjzl4qKP9bJW21eHCmW9PWrQV6IDk9EjA79dASSMmDBrXf04FgH6wp0ylU42MWPePEey7rkY1j3kMIGs3YrRSP6UhHPWG1enKzuplcdy8f~NYm7bTbKkeM5EmP5X4YoABNq6mpWQPz3a2kLHpwqGmQhov_QrU1jJeEP1s2QJMKLzNce3vgNcWo-.jpg 1580w,https:\/\/media.inmobalia.com\/imgV1\/B8vEv5Xh~9eLgpFkvD55S4O4_vRpfi7Zj~8WTFZMGThfizi~_Y~NgoiVzdN9MsuXYCpgHq7NOfhSSsV~~CvXOR8biNDSQCuIy3z~JafSwduxBEndespnQYPOGloQON4~nZWnI1WkpxHiYSm4nlIOMXikfAh6D5YAFcNmDKRK0BfE3vo65~aIVXAolI2cXw--.jpg 774w\" type=\"image\/webp\"><img loading=\"lazy\" decoding=\"async\" class=\"image-fit\" alt=\"Apartamento vacacional moderno de 2 dormitorios Nueva Andalucia con terraza privada y piscina\" width=\"1920\" height=\"1080\" src=\"https:\/\/media.inmobalia.com\/imgV1\/B8vEv5Xh_VThvnEqMx4G0ZxU~~H0Ar_8Bn_AfAx~4dnt796zQ9QIPwzdr9PkzIdRpbeOYktBAPFfTt23HPhndt5b7cRr2vg76pmKvptCGz41lr5kQ1Kfz~O~bUnNoXnkB8oxwQvhL7HJQoNgnPOw90iZ3LmGmUO~rMDzZmYw~wU-.jpg\"><\/picture>\t\t\t<\/figure>\n\t<div class=\"h-100 d-flex flex-column\">\n\t\t<span class=\"d-block card-area\">\n\t\t\tNueva Andalucia\t\t<\/span>\n\t\t\n\n\t\t\t<div class=\"card-price d-flex flex-column\">\n\t\t<strong class=\"me-1\">Desde <span data-original-price=\"165\">165\u00a0\u20ac<\/span><span data-period> por dia <\/span><\/strong>\t\t<\/div>\n\t\n\t\t<ul class=\"card-features list-unstyled d-flex flex-wrap align-items-center mb-0\">\n\t\t\t\t\t\t\t<li class=\"d-flex align-items-center me-3\">\n\t\t\t\t\t2 dormitorios\t\t\t\t<\/li>\n\t\t\t\t\t\t\t<li class=\"d-flex align-items-center me-3\">\n\t\t\t\t\t2 ba\u00f1os\t\t\t\t<\/li>\n\t\t\t\t\t\t\t<li class=\"d-flex align-items-center me-3\">\n\t\t\t\t\t164 m&sup2; construido\t\t\t\t<\/li>\n\t\t\t\t\t<\/ul>\n\t\t<h4 class=\"card-title mb-0\">\n\t\t\t<a class=\"stretched-link\" href=\"\/alquiler\/alminar-de-marbella\/apartamentos-y-pisos\/241\">Apartamento vacacional moderno de 2 dormitorios Nueva Andalucia con terraza privada y piscina<\/a>\n\t\t<\/h4>\n\t\t\t<\/div>\n<\/article>\t\t\t\t\t\t<article class=\"f-carousel__slide card col position-relative flex-column\">\n\t<figure class=\"position-relative w-100 mb-2\">\n\t\t<a class=\"card-portfolio position-absolute\" data-pfl-id=\"621392\" data-pfl-filter=\"rent-short\" href=\"#\">\n\t\t\t<svg width=\"20\" fill=\"currentColor\" viewBox=\"0 0 512 512\">\n\t\t\t\t<use href=\"https:\/\/www.homewatch.es\/wp-content\/themes\/inmobasolidbase\/dist\/src\/images\/icons.svg#svgPortfolio\"\/>\n\t\t\t<\/svg>\n\t\t\t<svg class=\"d-none\" width=\"20\" fill=\"currentColor\" viewBox=\"0 0 512 512\">\n\t\t\t\t<use href=\"https:\/\/www.homewatch.es\/wp-content\/themes\/inmobasolidbase\/dist\/src\/images\/icons.svg#svgPortfolioIn\"\/>\n\t\t\t<\/svg>\n\t\t<\/a>\n\t\t<picture class=\"ratio ratio-4x3\"><source width=\"1920\" height=\"1080\" srcset=\"https:\/\/media.inmobalia.com\/imgV1\/B8vEv5Xh_VThvnEqMx4G0YtA8lAADdw1sBC5uN5pSX6~ImMWYg0nYa_EPSP~fBpYtvgHs5QKecPwE1~j5DU_pylbu6cBdu0PgVunDxnkMoeY79Gll7Nv5AHhYwCGots7LHLh3gF6~yvYRLoh8pho_iVY0VXSpVRQwYtd0ijx0j5OQCHZJRSpoDt7_S6sS3Wh.jpg 1920w,https:\/\/media.inmobalia.com\/imgV1\/B8vEv5Xh_Vjzl4qKP9bJW21eHCmW9PWrQV6IDk9EjA79dASSMmDBrXf04FgH6wp0ylU42MWPePEey7rkY1j3kMIGs3YrRSP6UhHPWG1enKzuplcdy8f~NYm7bTbKkeM5EmP5X4fxggOdttwr1H4jQVNHa6M_F6T7uD6SJwUYe3S_0ux2nZyM7bdp35qj8fM-.jpg 1580w,https:\/\/media.inmobalia.com\/imgV1\/B8vEv5Xh~9eLgpFkvD55S4O4_vRpfi7Zj~8WTFZMGThfizi~_Y~NgoiVzdN9MsuXYCpgHq7NOfhSSsV~~CvXOR8biNDSQCuIy3z~JafSwduxBEndespnQYPOGloQON4~nZWnImXyT6r40kT2QAV6Eh~Ue44VBK0yevWwHqnaQBtqJPVS4pi9_xxpIf469g--.jpg 774w\" type=\"image\/webp\"><img loading=\"lazy\" decoding=\"async\" class=\"image-fit\" alt=\"Apartamento vacacional junto a la playa en Marbella Este con 2 dormitorios, piscinas comunitarias\" width=\"1920\" height=\"1080\" src=\"https:\/\/media.inmobalia.com\/imgV1\/B8vEv5Xh_VThvnEqMx4G0ZxU~~H0Ar_8Bn_AfAx~4dnt796zQ9QIPwzdr9PkzIdRpbeOYktBAPFfTt23HPhndt5b7cRr2vg76pmKvptCGz41lr5kQ1MHlxAzoZTXNjAgBvsBhx0JehvyzQ1U4sdQt~cQ5lExGP1~EKsL3zN2euI-.jpg\"><\/picture>\t\t\t<\/figure>\n\t<div class=\"h-100 d-flex flex-column\">\n\t\t<span class=\"d-block card-area\">\n\t\t\tMarbella Este\t\t<\/span>\n\t\t\n\n\t\t\t<div class=\"card-price d-flex flex-column\">\n\t\t<strong class=\"me-1\">Desde <span data-original-price=\"210\">210\u00a0\u20ac<\/span><span data-period> por dia <\/span><\/strong>\t\t<\/div>\n\t\n\t\t<ul class=\"card-features list-unstyled d-flex flex-wrap align-items-center mb-0\">\n\t\t\t\t\t\t\t<li class=\"d-flex align-items-center me-3\">\n\t\t\t\t\t2 dormitorios\t\t\t\t<\/li>\n\t\t\t\t\t\t\t<li class=\"d-flex align-items-center me-3\">\n\t\t\t\t\t2 ba\u00f1os\t\t\t\t<\/li>\n\t\t\t\t\t\t\t<li class=\"d-flex align-items-center me-3\">\n\t\t\t\t\t129 m&sup2; construido\t\t\t\t<\/li>\n\t\t\t\t\t<\/ul>\n\t\t<h4 class=\"card-title mb-0\">\n\t\t\t<a class=\"stretched-link\" href=\"\/alquiler\/bahia-de-marbella\/apartamentos-y-pisos\/233\">Apartamento vacacional junto a la playa en Marbella Este con 2 dormitorios, piscinas comunitarias<\/a>\n\t\t<\/h4>\n\t\t\t<\/div>\n<\/article>\t\t\t\t\t\t<article class=\"f-carousel__slide card col position-relative flex-column\">\n\t<figure class=\"position-relative w-100 mb-2\">\n\t\t<a class=\"card-portfolio position-absolute\" data-pfl-id=\"618707\" data-pfl-filter=\"rent-short\" href=\"#\">\n\t\t\t<svg width=\"20\" fill=\"currentColor\" viewBox=\"0 0 512 512\">\n\t\t\t\t<use href=\"https:\/\/www.homewatch.es\/wp-content\/themes\/inmobasolidbase\/dist\/src\/images\/icons.svg#svgPortfolio\"\/>\n\t\t\t<\/svg>\n\t\t\t<svg class=\"d-none\" width=\"20\" fill=\"currentColor\" viewBox=\"0 0 512 512\">\n\t\t\t\t<use href=\"https:\/\/www.homewatch.es\/wp-content\/themes\/inmobasolidbase\/dist\/src\/images\/icons.svg#svgPortfolioIn\"\/>\n\t\t\t<\/svg>\n\t\t<\/a>\n\t\t<picture class=\"ratio ratio-4x3\"><source width=\"1920\" height=\"1080\" srcset=\"https:\/\/media.inmobalia.com\/imgV1\/B8vEv5Xh_VThvnEqMx4G0YtA8lAADdw1sBC5uN5pSX6~ImMWYg0nYa_EPSP~fBpYtvgHs5QKecPwE1~j5DU_pylbu6cBdu0PgVunDxnkMoeY79Gll7Nv5AHhYwCGots7LHLh3gF53qLxS_JqsgYDavSP5bHbtgoD_vwRfZeKjRr~4zSyMWHqMtOwgxjpPJsd.jpg 1920w,https:\/\/media.inmobalia.com\/imgV1\/B8vEv5Xh_Vjzl4qKP9bJW21eHCmW9PWrQV6IDk9EjA79dASSMmDBrXf04FgH6wp0ylU42MWPePEey7rkY1j3kMIGs3YrRSP6UhHPWG1enKzuplcdy8f~NYm7bTbKkeM5EmP5X4T7SlMQRNC13QBqSDFyBDiOIG_hVdPYi6QYm7g93PHA2ZSWc2YqyYbsUns-.jpg 1580w,https:\/\/media.inmobalia.com\/imgV1\/B8vEv5Xh~9eLgpFkvD55S4O4_vRpfi7Zj~8WTFZMGThfizi~_Y~NgoiVzdN9MsuXYCpgHq7NOfhSSsV~~CvXOR8biNDSQCuIy3z~JafSwduxBEndespnQYPOGloQON4~nZWnIdorf_hflCHGFubwoh3mZXbo59P0MYyf8ODA6o9LgjKmnPW3qJJmT0ak1Q--.jpg 774w\" type=\"image\/webp\"><img loading=\"lazy\" decoding=\"async\" class=\"image-fit\" alt=\"Exclusivo apartamento, EN VENTA, con gran terraza privada y vistas panor\u00e1micas al mar, en primera l\u00ednea de golf, en Elviria Hills, Marbella\" width=\"1920\" height=\"1080\" src=\"https:\/\/media.inmobalia.com\/imgV1\/B8vEv5Xh_VThvnEqMx4G0ZxU~~H0Ar_8Bn_AfAx~4dnt796zQ9QIPwzdr9PkzIdRpbeOYktBAPFfTt23HPhndt5b7cRr2vg76pmKvptCGz41lr5kQ1BM0HoK~26~RG07aisTa7zk5Ev7wx2mpL6miinocax76tY4ZZK0tm5jnDo-.jpg\"><\/picture>\t\t\t<\/figure>\n\t<div class=\"h-100 d-flex flex-column\">\n\t\t<span class=\"d-block card-area\">\n\t\t\tMarbella Este\t\t<\/span>\n\t\t\n\n\t\t\t<div class=\"card-price d-flex flex-column\">\n\t\t<strong class=\"me-1\">Desde <span data-original-price=\"500\">500\u00a0\u20ac<\/span><span data-period> por dia <\/span><\/strong>\t\t<\/div>\n\t\n\t\t<ul class=\"card-features list-unstyled d-flex flex-wrap align-items-center mb-0\">\n\t\t\t\t\t\t\t<li class=\"d-flex align-items-center me-3\">\n\t\t\t\t\t3 dormitorios\t\t\t\t<\/li>\n\t\t\t\t\t\t\t<li class=\"d-flex align-items-center me-3\">\n\t\t\t\t\t2 ba\u00f1os\t\t\t\t<\/li>\n\t\t\t\t\t\t\t<li class=\"d-flex align-items-center me-3\">\n\t\t\t\t\t188 m&sup2; construido\t\t\t\t<\/li>\n\t\t\t\t\t\t\t<li class=\"d-flex align-items-center me-3\">\n\t\t\t\t\t188 m&sup2; parcela\t\t\t\t<\/li>\n\t\t\t\t\t<\/ul>\n\t\t<h4 class=\"card-title mb-0\">\n\t\t\t<a class=\"stretched-link\" href=\"\/alquiler\/elviria-hills\/apartamentos-y-pisos\/HW426\">Exclusivo apartamento, EN VENTA, con gran terraza privada y vistas panor\u00e1micas al mar, en primera l\u00ednea de golf, en Elviria Hills, Marbella<\/a>\n\t\t<\/h4>\n\t\t\t<\/div>\n<\/article>\t\t\t\t\t\t<article class=\"f-carousel__slide card col position-relative flex-column\">\n\t<figure class=\"position-relative w-100 mb-2\">\n\t\t<a class=\"card-portfolio position-absolute\" data-pfl-id=\"617367\" data-pfl-filter=\"rent-short\" href=\"#\">\n\t\t\t<svg width=\"20\" fill=\"currentColor\" viewBox=\"0 0 512 512\">\n\t\t\t\t<use href=\"https:\/\/www.homewatch.es\/wp-content\/themes\/inmobasolidbase\/dist\/src\/images\/icons.svg#svgPortfolio\"\/>\n\t\t\t<\/svg>\n\t\t\t<svg class=\"d-none\" width=\"20\" fill=\"currentColor\" viewBox=\"0 0 512 512\">\n\t\t\t\t<use href=\"https:\/\/www.homewatch.es\/wp-content\/themes\/inmobasolidbase\/dist\/src\/images\/icons.svg#svgPortfolioIn\"\/>\n\t\t\t<\/svg>\n\t\t<\/a>\n\t\t<picture class=\"ratio ratio-4x3\"><source width=\"1920\" height=\"1080\" srcset=\"https:\/\/media.inmobalia.com\/imgV1\/B8vEv5Xh_VThvnEqMx4G0YtA8lAADdw1sBC5uN5pSX6~ImMWYg0nYa_EPSP~fBpYtvgHs5QKecPwE1~j5DU_pylbu6cBdu0PgVunDxnkMoeY79Gll7Nv5AHhYwCGots7LHLh3gA55T0hlAq7a9i5qrEL6il~0S4HyhKBLOlzIx~C3uXEbd1oonKsKMvmjLAT.jpg 1920w,https:\/\/media.inmobalia.com\/imgV1\/B8vEv5Xh_Vjzl4qKP9bJW21eHCmW9PWrQV6IDk9EjA79dASSMmDBrXf04FgH6wp0ylU42MWPePEey7rkY1j3kMIGs3YrRSP6UhHPWG1enKzuplcdy8f~NYm7bTbKkeM5EmP5XtBtD32a3uZZNh8Y2oF~WSWql8KDkKIgGt4vGU29ddCwy0UIxZX0kHqvQ88-.jpg 1580w,https:\/\/media.inmobalia.com\/imgV1\/B8vEv5Xh~9eLgpFkvD55S4O4_vRpfi7Zj~8WTFZMGThfizi~_Y~NgoiVzdN9MsuXYCpgHq7NOfhSSsV~~CvXOR8biNDSQCuIy3z~JafSwduxBEndespnQYPOGloQON4~nZWmFHksoJGSv_Pl8nLgluSQQbrSdrZ9wzrHzcvti9YTnnBCyvNAy12sraUksQ--.jpg 774w\" type=\"image\/webp\"><img loading=\"lazy\" decoding=\"async\" class=\"image-fit\" alt=\"D\u00faplex de lujo de 3 dormitorios en primera l\u00ednea con piscina climatizada en La Cala\" width=\"1920\" height=\"1080\" src=\"https:\/\/media.inmobalia.com\/imgV1\/B8vEv5Xh_VThvnEqMx4G0ZxU~~H0Ar_8Bn_AfAx~4dnt796zQ9QIPwzdr9PkzIdRpbeOYktBAPFfTt23HPhndt5b7cRr2vg76pmKvptCGz41lr5kQhbokX3mbOqS~8xMsixCqucocSJVyomXdPGXoZ52c_9xgBWGta2Wfg7SDxw-.jpg\"><\/picture>\t\t\t<\/figure>\n\t<div class=\"h-100 d-flex flex-column\">\n\t\t<span class=\"d-block card-area\">\n\t\t\tTorrenueva\t\t<\/span>\n\t\t\n\n\t\t\t<div class=\"card-price d-flex flex-column\">\n\t\t<strong class=\"me-1\">Desde <span data-original-price=\"210\">210\u00a0\u20ac<\/span><span data-period> por dia <\/span><\/strong>\t\t<\/div>\n\t\n\t\t<ul class=\"card-features list-unstyled d-flex flex-wrap align-items-center mb-0\">\n\t\t\t\t\t\t\t<li class=\"d-flex align-items-center me-3\">\n\t\t\t\t\t3 dormitorios\t\t\t\t<\/li>\n\t\t\t\t\t\t\t<li class=\"d-flex align-items-center me-3\">\n\t\t\t\t\t3 ba\u00f1os\t\t\t\t<\/li>\n\t\t\t\t\t\t\t<li class=\"d-flex align-items-center me-3\">\n\t\t\t\t\t321 m&sup2; construido\t\t\t\t<\/li>\n\t\t\t\t\t\t\t<li class=\"d-flex align-items-center me-3\">\n\t\t\t\t\t928 m&sup2; parcela\t\t\t\t<\/li>\n\t\t\t\t\t<\/ul>\n\t\t<h4 class=\"card-title mb-0\">\n\t\t\t<a class=\"stretched-link\" href=\"\/alquiler\/torrenueva\/villas-y-chalets\/240\">D\u00faplex de lujo de 3 dormitorios en primera l\u00ednea con piscina climatizada en La Cala<\/a>\n\t\t<\/h4>\n\t\t\t<\/div>\n<\/article>\t\t\t\t\t\t<article class=\"f-carousel__slide card col position-relative flex-column\">\n\t<figure class=\"position-relative w-100 mb-2\">\n\t\t<a class=\"card-portfolio position-absolute\" data-pfl-id=\"615577\" data-pfl-filter=\"rent-short\" href=\"#\">\n\t\t\t<svg width=\"20\" fill=\"currentColor\" viewBox=\"0 0 512 512\">\n\t\t\t\t<use href=\"https:\/\/www.homewatch.es\/wp-content\/themes\/inmobasolidbase\/dist\/src\/images\/icons.svg#svgPortfolio\"\/>\n\t\t\t<\/svg>\n\t\t\t<svg class=\"d-none\" width=\"20\" fill=\"currentColor\" viewBox=\"0 0 512 512\">\n\t\t\t\t<use href=\"https:\/\/www.homewatch.es\/wp-content\/themes\/inmobasolidbase\/dist\/src\/images\/icons.svg#svgPortfolioIn\"\/>\n\t\t\t<\/svg>\n\t\t<\/a>\n\t\t<picture class=\"ratio ratio-4x3\"><source width=\"1920\" height=\"1080\" srcset=\"https:\/\/media.inmobalia.com\/imgV1\/B8vEv5Xh_VThvnEqMx4G0YtA8lAADdw1sBC5uN5pSX6~ImMWYg0nYa_EPSP~fBpYtvgHs5QKecPwE1~j5DU_pylbu6cBdu0PgVunDxnkMoeY79Gll7Nv5AHhYwCGots7LHLh3gA4o6TwjKbDnuTJsFIsBH1aMJAUTMKuDn6XUvpFn_97jRi85DNYwzuzPRVR.jpg 1920w,https:\/\/media.inmobalia.com\/imgV1\/B8vEv5Xh_Vjzl4qKP9bJW21eHCmW9PWrQV6IDk9EjA79dASSMmDBrXf04FgH6wp0ylU42MWPePEey7rkY1j3kMIGs3YrRSP6UhHPWG1enKzuplcdy8f~NYm7bTbKkeM5EmP5XtFCogFsT7G_T89XiHbRHdJZ6Cr4ZOypyLxgkSbsfejE7HR3OxCBeaFBzvQ-.jpg 1580w,https:\/\/media.inmobalia.com\/imgV1\/B8vEv5Xh~9eLgpFkvD55S4O4_vRpfi7Zj~8WTFZMGThfizi~_Y~NgoiVzdN9MsuXYCpgHq7NOfhSSsV~~CvXOR8biNDSQCuIy3z~JafSwduxBEndespnQYPOGloQON4~nZWmFdK8hqiaFo4qB_HOBc2wXoskeDBBeywfrK8IL_uqFPSpMP1OmnZTBjMXfg--.jpg 774w\" type=\"image\/webp\"><img loading=\"lazy\" decoding=\"async\" class=\"image-fit\" alt=\"\u00c1tico moderno de 3 dormitorios con jacuzzi y vistas al mar en Almazara Hills, Ist\u00e1n\" width=\"1920\" height=\"1080\" src=\"https:\/\/media.inmobalia.com\/imgV1\/B8vEv5Xh_VThvnEqMx4G0ZxU~~H0Ar_8Bn_AfAx~4dnt796zQ9QIPwzdr9PkzIdRpbeOYktBAPFfTt23HPhndt5b7cRr2vg76pmKvptCGz41lr5kQhePvqUJasjt_8WvfpsKyarc~Oo5NjBhxE5MWhgqe4y6ZF9B3mMr3ZIV4SI-.jpg\"><\/picture>\t\t\t<\/figure>\n\t<div class=\"h-100 d-flex flex-column\">\n\t\t<span class=\"d-block card-area\">\n\t\t\tCerros del Lago\t\t<\/span>\n\t\t\n\n\t\t\t<div class=\"card-price d-flex flex-column\">\n\t\t<strong class=\"me-1\">Desde <span data-original-price=\"3000\">3.000\u00a0\u20ac<\/span><span data-period> por mes <\/span><\/strong><strong class=\"me-1\"><span data-original-price=\"2950\">2.950\u00a0\u20ac<\/span><span data-period> montly rental (November-March)<\/span><\/strong>\t\t<\/div>\n\t\n\t\t<ul class=\"card-features list-unstyled d-flex flex-wrap align-items-center mb-0\">\n\t\t\t\t\t\t\t<li class=\"d-flex align-items-center me-3\">\n\t\t\t\t\t3 dormitorios\t\t\t\t<\/li>\n\t\t\t\t\t\t\t<li class=\"d-flex align-items-center me-3\">\n\t\t\t\t\t2 ba\u00f1os\t\t\t\t<\/li>\n\t\t\t\t\t\t\t<li class=\"d-flex align-items-center me-3\">\n\t\t\t\t\t250 m&sup2; construido\t\t\t\t<\/li>\n\t\t\t\t\t<\/ul>\n\t\t<h4 class=\"card-title mb-0\">\n\t\t\t<a class=\"stretched-link\" href=\"\/alquiler\/cerros-del-lago\/aticos\/232\">\u00c1tico moderno de 3 dormitorios con jacuzzi y vistas al mar en Almazara Hills, Ist\u00e1n<\/a>\n\t\t<\/h4>\n\t\t\t<\/div>\n<\/article>\t\t\t\t\t\t<article class=\"f-carousel__slide card col position-relative flex-column\">\n\t<figure class=\"position-relative w-100 mb-2\">\n\t\t<a class=\"card-portfolio position-absolute\" data-pfl-id=\"605029\" data-pfl-filter=\"rent-short\" href=\"#\">\n\t\t\t<svg width=\"20\" fill=\"currentColor\" viewBox=\"0 0 512 512\">\n\t\t\t\t<use href=\"https:\/\/www.homewatch.es\/wp-content\/themes\/inmobasolidbase\/dist\/src\/images\/icons.svg#svgPortfolio\"\/>\n\t\t\t<\/svg>\n\t\t\t<svg class=\"d-none\" width=\"20\" fill=\"currentColor\" viewBox=\"0 0 512 512\">\n\t\t\t\t<use href=\"https:\/\/www.homewatch.es\/wp-content\/themes\/inmobasolidbase\/dist\/src\/images\/icons.svg#svgPortfolioIn\"\/>\n\t\t\t<\/svg>\n\t\t<\/a>\n\t\t<picture class=\"ratio ratio-4x3\"><source width=\"1920\" height=\"1080\" srcset=\"https:\/\/media.inmobalia.com\/imgV1\/B8vEv5Xh_VThvnEqMx4G0YtA8lAADdw1sBC5uN5pSX6~ImMWYg0nYa_EPSP~fBpYtvgHs5QKecPwE1~j5DU_pylbu6cBdu0PgVunDxnkMoeY79Gll7Nv5AHhYwCGots7LHLh3gc21R8iMBe1yqfZ_FUpx7co9eGd51po65Njkotj4iuOT1c6GSOpg~vSgf2g.jpg 1920w,https:\/\/media.inmobalia.com\/imgV1\/B8vEv5Xh_Vjzl4qKP9bJW21eHCmW9PWrQV6IDk9EjA79dASSMmDBrXf04FgH6wp0ylU42MWPePEey7rkY1j3kMIGs3YrRSP6UhHPWG1enKzuplcdy8f~NYm7bTbKkeM5EmP5WdUQc9jcifPemBQWC2oUvsmzCKIRg1jt6AgJ1CN_tgjhm7PIGjAu0gfrycQ-.jpg 1580w,https:\/\/media.inmobalia.com\/imgV1\/B8vEv5Xh~9eLgpFkvD55S4O4_vRpfi7Zj~8WTFZMGThfizi~_Y~NgoiVzdN9MsuXYCpgHq7NOfhSSsV~~CvXOR8biNDSQCuIy3z~JafSwduxBEndespnQYPOGloQON4~nZWh789d5ggmC1lZcEOPASpKYWJ9tXhZNOfol2I1loomjJjp6cFIWYaKiM6YiA--.jpg 774w\" type=\"image\/webp\"><img loading=\"lazy\" decoding=\"async\" class=\"image-fit\" alt=\"Apartamento de lujo de 3 dormitorios con vistas al mar, Elviria Hills, Marbella Este\" width=\"1920\" height=\"1080\" src=\"https:\/\/media.inmobalia.com\/imgV1\/B8vEv5Xh_VThvnEqMx4G0ZxU~~H0Ar_8Bn_AfAx~4dnt796zQ9QIPwzdr9PkzIdRpbeOYktBAPFfTt23HPhndt5b7cRr2vg76pmKvptCGz41lr5kRf2dx7SzHVKek6kl2MM_6rGNH7ViiLq65WapmLvuckhVF3LYK43qGj4~Yt4-.jpg\"><\/picture>\t\t\t<\/figure>\n\t<div class=\"h-100 d-flex flex-column\">\n\t\t<span class=\"d-block card-area\">\n\t\t\tMarbella Este\t\t<\/span>\n\t\t\n\n\t\t\t<div class=\"card-price d-flex flex-column\">\n\t\t<strong class=\"me-1\">Desde <span data-original-price=\"150\">150\u00a0\u20ac<\/span><span data-period> por dia <\/span><\/strong>\t\t<\/div>\n\t\n\t\t<ul class=\"card-features list-unstyled d-flex flex-wrap align-items-center mb-0\">\n\t\t\t\t\t\t\t<li class=\"d-flex align-items-center me-3\">\n\t\t\t\t\t3 dormitorios\t\t\t\t<\/li>\n\t\t\t\t\t\t\t<li class=\"d-flex align-items-center me-3\">\n\t\t\t\t\t2 ba\u00f1os\t\t\t\t<\/li>\n\t\t\t\t\t\t\t<li class=\"d-flex align-items-center me-3\">\n\t\t\t\t\t188 m&sup2; construido\t\t\t\t<\/li>\n\t\t\t\t\t\t\t<li class=\"d-flex align-items-center me-3\">\n\t\t\t\t\t188 m&sup2; parcela\t\t\t\t<\/li>\n\t\t\t\t\t<\/ul>\n\t\t<h4 class=\"card-title mb-0\">\n\t\t\t<a class=\"stretched-link\" href=\"\/alquiler\/elviria-hills\/apartamentos-y-pisos\/222\">Apartamento de lujo de 3 dormitorios con vistas al mar, Elviria Hills, Marbella Este<\/a>\n\t\t<\/h4>\n\t\t\t<\/div>\n<\/article>\t\t\t\t\t\t<article class=\"f-carousel__slide card col position-relative flex-column\">\n\t<figure class=\"position-relative w-100 mb-2\">\n\t\t<a class=\"card-portfolio position-absolute\" data-pfl-id=\"600309\" data-pfl-filter=\"rent-short\" href=\"#\">\n\t\t\t<svg width=\"20\" fill=\"currentColor\" viewBox=\"0 0 512 512\">\n\t\t\t\t<use href=\"https:\/\/www.homewatch.es\/wp-content\/themes\/inmobasolidbase\/dist\/src\/images\/icons.svg#svgPortfolio\"\/>\n\t\t\t<\/svg>\n\t\t\t<svg class=\"d-none\" width=\"20\" fill=\"currentColor\" viewBox=\"0 0 512 512\">\n\t\t\t\t<use href=\"https:\/\/www.homewatch.es\/wp-content\/themes\/inmobasolidbase\/dist\/src\/images\/icons.svg#svgPortfolioIn\"\/>\n\t\t\t<\/svg>\n\t\t<\/a>\n\t\t<picture class=\"ratio ratio-4x3\"><source width=\"1920\" height=\"1080\" srcset=\"https:\/\/media.inmobalia.com\/imgV1\/B8vEv5Xh_VThvnEqMx4G0YtA8lAADdw1sBC5uN5pSX6~ImMWYg0nYa_EPSP~fBpYtvgHs5QKecPwE1~j5DU_pylbu6cBdu0PgVunDxnkMoeY79Gll7Nv5AHhYwCGots7LHLh3gc0OHE1UHbGSLfqheW0ffQedqSkqEp7iG~SFiKsrvW8yJIGYHQf0O2INvvG.jpg 1920w,https:\/\/media.inmobalia.com\/imgV1\/B8vEv5Xh_Vjzl4qKP9bJW21eHCmW9PWrQV6IDk9EjA79dASSMmDBrXf04FgH6wp0ylU42MWPePEey7rkY1j3kMIGs3YrRSP6UhHPWG1enKzuplcdy8f~NYm7bTbKkeM5EmP5WdfTD8QN_vVSvdOf4eS7aIOhWwZIP2rPkHkbdghK2AgC4cELcyeRKxtaD3w-.jpg 1580w,https:\/\/media.inmobalia.com\/imgV1\/B8vEv5Xh~9eLgpFkvD55S4O4_vRpfi7Zj~8WTFZMGThfizi~_Y~NgoiVzdN9MsuXYCpgHq7NOfhSSsV~~CvXOR8biNDSQCuIy3z~JafSwduxBEndespnQYPOGloQON4~nZWh7TJhI8hr7QvmDWnw9Ky6JJ8eBQOLCpf~QWIzHe6xYYl6hx0uojvqrmSD9w--.jpg 774w\" type=\"image\/webp\"><img loading=\"lazy\" decoding=\"async\" class=\"image-fit\" alt=\"Villa duplex de lujo con 6 dormitorios, piscina privada y vistas al golf en La Zagaleta\" width=\"1920\" height=\"1080\" src=\"https:\/\/media.inmobalia.com\/imgV1\/B8vEv5Xh_VThvnEqMx4G0ZxU~~H0Ar_8Bn_AfAx~4dnt796zQ9QIPwzdr9PkzIdRpbeOYktBAPFfTt23HPhndt5b7cRr2vg76pmKvptCGz41lr5kRf8CUnU7NTdsR45H0i1FeH9Afij8iF9jmBRqMieOd6yOhO7UFmwkBCgle7I-.jpg\"><\/picture>\t\t\t<\/figure>\n\t<div class=\"h-100 d-flex flex-column\">\n\t\t<span class=\"d-block card-area\">\n\t\t\tLa Zagaleta\t\t<\/span>\n\t\t\n\n\t\t\t<div class=\"card-price d-flex flex-column\">\n\t\t<strong class=\"me-1\">Desde <span data-original-price=\"1100\">1.100\u00a0\u20ac<\/span><span data-period> por dia <\/span><\/strong>\t\t<\/div>\n\t\n\t\t<ul class=\"card-features list-unstyled d-flex flex-wrap align-items-center mb-0\">\n\t\t\t\t\t\t\t<li class=\"d-flex align-items-center me-3\">\n\t\t\t\t\t6 dormitorios\t\t\t\t<\/li>\n\t\t\t\t\t\t\t<li class=\"d-flex align-items-center me-3\">\n\t\t\t\t\t6 ba\u00f1os\t\t\t\t<\/li>\n\t\t\t\t\t\t\t<li class=\"d-flex align-items-center me-3\">\n\t\t\t\t\t1519 m&sup2; construido\t\t\t\t<\/li>\n\t\t\t\t\t\t\t<li class=\"d-flex align-items-center me-3\">\n\t\t\t\t\t5840 m&sup2; parcela\t\t\t\t<\/li>\n\t\t\t\t\t<\/ul>\n\t\t<h4 class=\"card-title mb-0\">\n\t\t\t<a class=\"stretched-link\" href=\"\/alquiler\/la-zagaleta\/villas-y-chalets\/229\">Villa duplex de lujo con 6 dormitorios, piscina privada y vistas al golf en La Zagaleta<\/a>\n\t\t<\/h4>\n\t\t\t<\/div>\n<\/article>\t\t\t\t\t\t<article class=\"f-carousel__slide card col position-relative flex-column\">\n\t<figure class=\"position-relative w-100 mb-2\">\n\t\t<a class=\"card-portfolio position-absolute\" data-pfl-id=\"599531\" data-pfl-filter=\"rent-short\" href=\"#\">\n\t\t\t<svg width=\"20\" fill=\"currentColor\" viewBox=\"0 0 512 512\">\n\t\t\t\t<use href=\"https:\/\/www.homewatch.es\/wp-content\/themes\/inmobasolidbase\/dist\/src\/images\/icons.svg#svgPortfolio\"\/>\n\t\t\t<\/svg>\n\t\t\t<svg class=\"d-none\" width=\"20\" fill=\"currentColor\" viewBox=\"0 0 512 512\">\n\t\t\t\t<use href=\"https:\/\/www.homewatch.es\/wp-content\/themes\/inmobasolidbase\/dist\/src\/images\/icons.svg#svgPortfolioIn\"\/>\n\t\t\t<\/svg>\n\t\t<\/a>\n\t\t<picture class=\"ratio ratio-4x3\"><source width=\"1920\" height=\"1080\" srcset=\"https:\/\/media.inmobalia.com\/imgV1\/B8vEv5Xh_VThvnEqMx4G0YtA8lAADdw1sBC5uN5pSX6~ImMWYg0nYa_EPSP~fBpYtvgHs5QKecPwE1~j5DU_pylbu6cBdu0PgVunDxnkMoeY79Gll7Nv5AHhYwCGots7LHLh3gczFcXAgmhR4Uf6V6WxyZIL26xs_CNm4tzuitsgQzZ1ZnQTxlAdtIQxfFlT.jpg 1920w,https:\/\/media.inmobalia.com\/imgV1\/B8vEv5Xh_Vjzl4qKP9bJW21eHCmW9PWrQV6IDk9EjA79dASSMmDBrXf04FgH6wp0ylU42MWPePEey7rkY1j3kMIGs3YrRSP6UhHPWG1enKzuplcdy8f~NYm7bTbKkeM5EmP5WdCKlgHLZULWcVCyql2qSTZI0~uhTh8siq8Z21CPX9sTI1R70ZridqQ1N_E-.jpg 1580w,https:\/\/media.inmobalia.com\/imgV1\/B8vEv5Xh~9eLgpFkvD55S4O4_vRpfi7Zj~8WTFZMGThfizi~_Y~NgoiVzdN9MsuXYCpgHq7NOfhSSsV~~CvXOR8biNDSQCuIy3z~JafSwduxBEndespnQYPOGloQON4~nZWh6t5wa5pQBYvCCNV0dFcqP1GgpKORrr5BYveYix1FPBgXrqrE1aEIEntZ5w--.jpg 774w\" type=\"image\/webp\"><img loading=\"lazy\" decoding=\"async\" class=\"image-fit\" alt=\"Apartamento de lujo de 2 dormitorios Nueva Andaluc\u00eda con jard\u00edn privado y piscina comunitaria\" width=\"1920\" height=\"1080\" src=\"https:\/\/media.inmobalia.com\/imgV1\/B8vEv5Xh_VThvnEqMx4G0ZxU~~H0Ar_8Bn_AfAx~4dnt796zQ9QIPwzdr9PkzIdRpbeOYktBAPFfTt23HPhndt5b7cRr2vg76pmKvptCGz41lr5kRfhKqKt6a~g9Sy1nMAEtBAN3hMOaUwBgwtvbTnGXsuUbTWTOXvPV6cnYNt4-.jpg\"><\/picture>\t\t\t<\/figure>\n\t<div class=\"h-100 d-flex flex-column\">\n\t\t<span class=\"d-block card-area\">\n\t\t\tNueva Andalucia\t\t<\/span>\n\t\t\n\n\t\t\t<div class=\"card-price d-flex flex-column\">\n\t\t<strong class=\"me-1\">Desde <span data-original-price=\"90\">90\u00a0\u20ac<\/span><span data-period> por dia <\/span><\/strong><strong class=\"me-1\"><span data-original-price=\"3500\">3.500\u00a0\u20ac<\/span><span data-period> montly rental (November-March)<\/span><\/strong>\t\t<\/div>\n\t\n\t\t<ul class=\"card-features list-unstyled d-flex flex-wrap align-items-center mb-0\">\n\t\t\t\t\t\t\t<li class=\"d-flex align-items-center me-3\">\n\t\t\t\t\t2 dormitorios\t\t\t\t<\/li>\n\t\t\t\t\t\t\t<li class=\"d-flex align-items-center me-3\">\n\t\t\t\t\t2 ba\u00f1os\t\t\t\t<\/li>\n\t\t\t\t\t\t\t<li class=\"d-flex align-items-center me-3\">\n\t\t\t\t\t96 m&sup2; construido\t\t\t\t<\/li>\n\t\t\t\t\t\t\t<li class=\"d-flex align-items-center me-3\">\n\t\t\t\t\t64 m&sup2; parcela\t\t\t\t<\/li>\n\t\t\t\t\t<\/ul>\n\t\t<h4 class=\"card-title mb-0\">\n\t\t\t<a class=\"stretched-link\" href=\"\/alquiler\/los-pinos-de-aloha\/apartamentos-planta-baja\/228\">Apartamento de lujo de 2 dormitorios Nueva Andaluc\u00eda con jard\u00edn privado y piscina comunitaria<\/a>\n\t\t<\/h4>\n\t\t\t<\/div>\n<\/article>\t\t\t\t\t\t<article class=\"f-carousel__slide card col position-relative flex-column\">\n\t<figure class=\"position-relative w-100 mb-2\">\n\t\t<a class=\"card-portfolio position-absolute\" data-pfl-id=\"585125\" data-pfl-filter=\"rent-short\" href=\"#\">\n\t\t\t<svg width=\"20\" fill=\"currentColor\" viewBox=\"0 0 512 512\">\n\t\t\t\t<use href=\"https:\/\/www.homewatch.es\/wp-content\/themes\/inmobasolidbase\/dist\/src\/images\/icons.svg#svgPortfolio\"\/>\n\t\t\t<\/svg>\n\t\t\t<svg class=\"d-none\" width=\"20\" fill=\"currentColor\" viewBox=\"0 0 512 512\">\n\t\t\t\t<use href=\"https:\/\/www.homewatch.es\/wp-content\/themes\/inmobasolidbase\/dist\/src\/images\/icons.svg#svgPortfolioIn\"\/>\n\t\t\t<\/svg>\n\t\t<\/a>\n\t\t<picture class=\"ratio ratio-4x3\"><source width=\"1920\" height=\"1080\" srcset=\"https:\/\/media.inmobalia.com\/imgV1\/B8vEv5Xh_VThvnEqMx4G0YtA8lAADdw1sBC5uN5pSX6~ImMWYg0nYa_EPSP~fBpYtvgHs5QKecPwE1~j5DU_pylbu6cBdu0PgVunDxnkMoeY79Gll7Nv5AHhYwCGots7LHLh3gYw6S2yqZ5EmD76Dz7SInhv17dLZRTFpXrq0aoKv8uO_yn6O~eyQSA~EsXv.jpg 1920w,https:\/\/media.inmobalia.com\/imgV1\/B8vEv5Xh_Vjzl4qKP9bJW21eHCmW9PWrQV6IDk9EjA79dASSMmDBrXf04FgH6wp0ylU42MWPePEey7rkY1j3kMIGs3YrRSP6UhHPWG1enKzuplcdy8f~NYm7bTbKkeM5EmP5WHiobJSCjWuheuDz8dpr4~Ot5OoWmGdDxkQ~v9rrKzAJZgmHGZY~gruqDNI-.jpg 1580w,https:\/\/media.inmobalia.com\/imgV1\/B8vEv5Xh~9eLgpFkvD55S4O4_vRpfi7Zj~8WTFZMGThfizi~_Y~NgoiVzdN9MsuXYCpgHq7NOfhSSsV~~CvXOR8biNDSQCuIy3z~JafSwduxBEndespnQYPOGloQON4~nZWgJ7dxX7drHaHWiYXplFp1ciigtfWJ5mc_TO7SEXEK7QuHeGBx85GoH9ERsg--.jpg 774w\" type=\"image\/webp\"><img loading=\"lazy\" decoding=\"async\" class=\"image-fit\" alt=\"\u00c1tico de lujo 4 dormitorios Marbella Este con vistas al mar y acceso playa\" width=\"1920\" height=\"1080\" src=\"https:\/\/media.inmobalia.com\/imgV1\/B8vEv5Xh_VThvnEqMx4G0ZxU~~H0Ar_8Bn_AfAx~4dnt796zQ9QIPwzdr9PkzIdRpbeOYktBAPFfTt23HPhndt5b7cRr2vg76pmKvptCGz41lr5kRIDvlvYWtb40VJtRxcsfhYqAlJJAKJCA7koBQBla6XsK6ntIjupXxZ4mqYY-.jpg\"><\/picture>\t\t\t<\/figure>\n\t<div class=\"h-100 d-flex flex-column\">\n\t\t<span class=\"d-block card-area\">\n\t\t\tMarbella Este\t\t<\/span>\n\t\t\n\n\t\t\t<div class=\"card-price d-flex flex-column\">\n\t\t<strong class=\"me-1\">Desde <span data-original-price=\"200\">200\u00a0\u20ac<\/span><span data-period> por dia <\/span><\/strong><strong class=\"me-1\"><span data-original-price=\"3500\">3.500\u00a0\u20ac<\/span><span data-period> montly rental (November-March)<\/span><\/strong>\t\t<\/div>\n\t\n\t\t<ul class=\"card-features list-unstyled d-flex flex-wrap align-items-center mb-0\">\n\t\t\t\t\t\t\t<li class=\"d-flex align-items-center me-3\">\n\t\t\t\t\t4 dormitorios\t\t\t\t<\/li>\n\t\t\t\t\t\t\t<li class=\"d-flex align-items-center me-3\">\n\t\t\t\t\t4 ba\u00f1os\t\t\t\t<\/li>\n\t\t\t\t\t\t\t<li class=\"d-flex align-items-center me-3\">\n\t\t\t\t\t267 m&sup2; construido\t\t\t\t<\/li>\n\t\t\t\t\t<\/ul>\n\t\t<h4 class=\"card-title mb-0\">\n\t\t\t<a class=\"stretched-link\" href=\"\/alquiler\/costabella\/casas\/220\">\u00c1tico de lujo 4 dormitorios Marbella Este con vistas al mar y acceso playa<\/a>\n\t\t<\/h4>\n\t\t\t<\/div>\n<\/article>\t\t\t\t\t\t<article class=\"f-carousel__slide card col position-relative flex-column\">\n\t<figure class=\"position-relative w-100 mb-2\">\n\t\t<a class=\"card-portfolio position-absolute\" data-pfl-id=\"578408\" data-pfl-filter=\"rent-short\" href=\"#\">\n\t\t\t<svg width=\"20\" fill=\"currentColor\" viewBox=\"0 0 512 512\">\n\t\t\t\t<use href=\"https:\/\/www.homewatch.es\/wp-content\/themes\/inmobasolidbase\/dist\/src\/images\/icons.svg#svgPortfolio\"\/>\n\t\t\t<\/svg>\n\t\t\t<svg class=\"d-none\" width=\"20\" fill=\"currentColor\" viewBox=\"0 0 512 512\">\n\t\t\t\t<use href=\"https:\/\/www.homewatch.es\/wp-content\/themes\/inmobasolidbase\/dist\/src\/images\/icons.svg#svgPortfolioIn\"\/>\n\t\t\t<\/svg>\n\t\t<\/a>\n\t\t<picture class=\"ratio ratio-4x3\"><source width=\"1920\" height=\"1080\" srcset=\"https:\/\/media.inmobalia.com\/imgV1\/B8vEv5Xh_VThvnEqMx4G0YtA8lAADdw1sBC5uN5pSX6~ImMWYg0nYa_EPSP~fBpYtvgHs5QKecPwE1~j5DU_pylbu6cBdu0PgVunDxnkMoeY79Gll7Nv5AHhYwCGots7LHLh3gY1eKvLSzp96Vq5vin~Si3vXZX8oIZwqHr2mKUtIwf8veZhZ_yZnj3UoRRs.jpg 1920w,https:\/\/media.inmobalia.com\/imgV1\/B8vEv5Xh_Vjzl4qKP9bJW21eHCmW9PWrQV6IDk9EjA79dASSMmDBrXf04FgH6wp0ylU42MWPePEey7rkY1j3kMIGs3YrRSP6UhHPWG1enKzuplcdy8f~NYm7bTbKkeM5EmP5WH0t9Lk2F0E7I93mVvjNEOfXtRs2gfrtsXHTz9c3vmFhuEsMIlbn21fhzSk-.jpg 1580w,https:\/\/media.inmobalia.com\/imgV1\/B8vEv5Xh~9eLgpFkvD55S4O4_vRpfi7Zj~8WTFZMGThfizi~_Y~NgoiVzdN9MsuXYCpgHq7NOfhSSsV~~CvXOR8biNDSQCuIy3z~JafSwduxBEndespnQYPOGloQON4~nZWgIqeZwY0ei210hLG3hG1e3IvUhYAlicjtjD24ZhbADG5gIKzqtEmbCFi28A--.jpg 774w\" type=\"image\/webp\"><img loading=\"lazy\" decoding=\"async\" class=\"image-fit\" alt=\"Apartamento de lujo de 3 dormitorios con vistas al golf en Benahav\u00eds Costa del Sol\" width=\"1920\" height=\"1080\" src=\"https:\/\/media.inmobalia.com\/imgV1\/B8vEv5Xh_VThvnEqMx4G0ZxU~~H0Ar_8Bn_AfAx~4dnt796zQ9QIPwzdr9PkzIdRpbeOYktBAPFfTt23HPhndt5b7cRr2vg76pmKvptCGz41lr5kRIUUSCTleyTOQEVW_tKZrfN5j8YmUSbrwkdWl6gaZsc7Kp9mD~UkX0VOj2o-.jpg\"><\/picture>\t\t\t<\/figure>\n\t<div class=\"h-100 d-flex flex-column\">\n\t\t<span class=\"d-block card-area\">\n\t\t\tLos Arqueros\t\t<\/span>\n\t\t\n\n\t\t\t<div class=\"card-price d-flex flex-column\">\n\t\t<strong class=\"me-1\">Desde <span data-original-price=\"180\">180\u00a0\u20ac<\/span><span data-period> por dia <\/span><\/strong><strong class=\"me-1\"><span data-original-price=\"3400\">3.400\u00a0\u20ac<\/span><span data-period> montly rental (November-March)<\/span><\/strong>\t\t<\/div>\n\t\n\t\t<ul class=\"card-features list-unstyled d-flex flex-wrap align-items-center mb-0\">\n\t\t\t\t\t\t\t<li class=\"d-flex align-items-center me-3\">\n\t\t\t\t\t3 dormitorios\t\t\t\t<\/li>\n\t\t\t\t\t\t\t<li class=\"d-flex align-items-center me-3\">\n\t\t\t\t\t2 ba\u00f1os\t\t\t\t<\/li>\n\t\t\t\t\t\t\t<li class=\"d-flex align-items-center me-3\">\n\t\t\t\t\t212 m&sup2; construido\t\t\t\t<\/li>\n\t\t\t\t\t\t\t<li class=\"d-flex align-items-center me-3\">\n\t\t\t\t\t21583 m&sup2; parcela\t\t\t\t<\/li>\n\t\t\t\t\t<\/ul>\n\t\t<h4 class=\"card-title mb-0\">\n\t\t\t<a class=\"stretched-link\" href=\"\/alquiler\/los-arqueros\/apartamentos-y-pisos\/223\">Apartamento de lujo de 3 dormitorios con vistas al golf en Benahav\u00eds Costa del Sol<\/a>\n\t\t<\/h4>\n\t\t\t<\/div>\n<\/article>\t\t\t\t\t\t<article class=\"f-carousel__slide card col position-relative flex-column\">\n\t<figure class=\"position-relative w-100 mb-2\">\n\t\t<a class=\"card-portfolio position-absolute\" data-pfl-id=\"564869\" data-pfl-filter=\"rent-short\" href=\"#\">\n\t\t\t<svg width=\"20\" fill=\"currentColor\" viewBox=\"0 0 512 512\">\n\t\t\t\t<use href=\"https:\/\/www.homewatch.es\/wp-content\/themes\/inmobasolidbase\/dist\/src\/images\/icons.svg#svgPortfolio\"\/>\n\t\t\t<\/svg>\n\t\t\t<svg class=\"d-none\" width=\"20\" fill=\"currentColor\" viewBox=\"0 0 512 512\">\n\t\t\t\t<use href=\"https:\/\/www.homewatch.es\/wp-content\/themes\/inmobasolidbase\/dist\/src\/images\/icons.svg#svgPortfolioIn\"\/>\n\t\t\t<\/svg>\n\t\t<\/a>\n\t\t<picture class=\"ratio ratio-4x3\"><source width=\"1920\" height=\"1080\" srcset=\"https:\/\/media.inmobalia.com\/imgV1\/B8vEv5Xh_VThvnEqMx4G0YtA8lAADdw1sBC5uN5pSX6~ImMWYg0nYa_EPSP~fBpYtvgHs5QKecPwE1~j5DU_pylbu6cBdu0PgVunDxnkMoeY79Gll7Nv5AHhYwCGots7LHLh3gVKrmiFfOatLOPv14aJkW5XWUeReaL35eUM7CPDvXRbwHdCjh8reaHA4ByY.jpg 1920w,https:\/\/media.inmobalia.com\/imgV1\/B8vEv5Xh_Vjzl4qKP9bJW21eHCmW9PWrQV6IDk9EjA79dASSMmDBrXf04FgH6wp0ylU42MWPePEey7rkY1j3kMIGs3YrRSP6UhHPWG1enKzuplcdy8f~NYm7bTbKkeM5EmP5W0QC61s~k8~IJLCh~MU6XkG25ilgFjAd6eprNTP0jq_UfvNdPJLDrnTM3yA-.jpg 1580w,https:\/\/media.inmobalia.com\/imgV1\/B8vEv5Xh~9eLgpFkvD55S4O4_vRpfi7Zj~8WTFZMGThfizi~_Y~NgoiVzdN9MsuXYCpgHq7NOfhSSsV~~CvXOR8biNDSQCuIy3z~JafSwduxBEndespnQYPOGloQON4~nZWjGN3MsqQIT_yUAweN9X0~zJwFbU8v0cSlDVmwrMEFqV~rTWgvAXzPO0LUlA--.jpg 774w\" type=\"image\/webp\"><img loading=\"lazy\" decoding=\"async\" class=\"image-fit\" alt=\"\u00c1tico de lujo 3 dormitorios La Cala de Mijas - alquiler vacacional junto playa\" width=\"1920\" height=\"1080\" src=\"https:\/\/media.inmobalia.com\/imgV1\/B8vEv5Xh_VThvnEqMx4G0ZxU~~H0Ar_8Bn_AfAx~4dnt796zQ9QIPwzdr9PkzIdRpbeOYktBAPFfTt23HPhndt5b7cRr2vg76pmKvptCGz41lr5kR9cgCir_K5bC2JFjHHaKQjP3oBjA2gbQv6nVF_6xEY4TU04gTTX57UHMAM0-.jpg\"><\/picture>\t\t\t<\/figure>\n\t<div class=\"h-100 d-flex flex-column\">\n\t\t<span class=\"d-block card-area\">\n\t\t\tCala de Mijas\t\t<\/span>\n\t\t\n\n\t\t\t<div class=\"card-price d-flex flex-column\">\n\t\t<strong class=\"me-1\">Desde <span data-original-price=\"275\">275\u00a0\u20ac<\/span><span data-period> por dia <\/span><\/strong><strong class=\"me-1\"><span data-original-price=\"2900\">2.900\u00a0\u20ac<\/span><span data-period> montly rental (November-March)<\/span><\/strong>\t\t<\/div>\n\t\n\t\t<ul class=\"card-features list-unstyled d-flex flex-wrap align-items-center mb-0\">\n\t\t\t\t\t\t\t<li class=\"d-flex align-items-center me-3\">\n\t\t\t\t\t3 dormitorios\t\t\t\t<\/li>\n\t\t\t\t\t\t\t<li class=\"d-flex align-items-center me-3\">\n\t\t\t\t\t2 ba\u00f1os\t\t\t\t<\/li>\n\t\t\t\t\t\t\t<li class=\"d-flex align-items-center me-3\">\n\t\t\t\t\t250 m&sup2; construido\t\t\t\t<\/li>\n\t\t\t\t\t<\/ul>\n\t\t<h4 class=\"card-title mb-0\">\n\t\t\t<a class=\"stretched-link\" href=\"\/alquiler\/cala-de-mijas\/casas\/214\">\u00c1tico de lujo 3 dormitorios La Cala de Mijas - alquiler vacacional junto playa<\/a>\n\t\t<\/h4>\n\t\t\t<\/div>\n<\/article>\t\t\t\t\t\t<article class=\"f-carousel__slide card col position-relative flex-column\">\n\t<figure class=\"position-relative w-100 mb-2\">\n\t\t<a class=\"card-portfolio position-absolute\" data-pfl-id=\"562518\" data-pfl-filter=\"rent-short\" href=\"#\">\n\t\t\t<svg width=\"20\" fill=\"currentColor\" viewBox=\"0 0 512 512\">\n\t\t\t\t<use href=\"https:\/\/www.homewatch.es\/wp-content\/themes\/inmobasolidbase\/dist\/src\/images\/icons.svg#svgPortfolio\"\/>\n\t\t\t<\/svg>\n\t\t\t<svg class=\"d-none\" width=\"20\" fill=\"currentColor\" viewBox=\"0 0 512 512\">\n\t\t\t\t<use href=\"https:\/\/www.homewatch.es\/wp-content\/themes\/inmobasolidbase\/dist\/src\/images\/icons.svg#svgPortfolioIn\"\/>\n\t\t\t<\/svg>\n\t\t<\/a>\n\t\t<picture class=\"ratio ratio-4x3\"><source width=\"1920\" height=\"1080\" srcset=\"https:\/\/media.inmobalia.com\/imgV1\/B8vEv5Xh_VThvnEqMx4G0YtA8lAADdw1sBC5uN5pSX6~ImMWYg0nYa_EPSP~fBpYtvgHs5QKecPwE1~j5DU_pylbu6cBdu0PgVunDxnkMoeY79Gll7Nv5AHhYwCGots7LHLh3gTvUK~FiNUF37aeNonbEgJtM18ijZ8VomN0eD4ZoAKjMQCmkMNBJ9BCB4oD.jpg 1920w,https:\/\/media.inmobalia.com\/imgV1\/B8vEv5Xh_Vjzl4qKP9bJW21eHCmW9PWrQV6IDk9EjA79dASSMmDBrXf04FgH6wp0ylU42MWPePEey7rkY1j3kMIGs3YrRSP6UhHPWG1enKzuplcdy8f~NYm7bTbKkeM5EmP5WvvgyE8x_sTl65B2sAETW0VnCZAiiA6iHmogxs3P6zt9gMGkO7klh2Uet_E-.jpg 1580w,https:\/\/media.inmobalia.com\/imgV1\/B8vEv5Xh~9eLgpFkvD55S4O4_vRpfi7Zj~8WTFZMGThfizi~_Y~NgoiVzdN9MsuXYCpgHq7NOfhSSsV~~CvXOR8biNDSQCuIy3z~JafSwduxBEndespnQYPOGloQON4~nZWibXIVE4UaMhZKiYoADoqMBOHR3rq7p5ccFegEAj6G8rf1ef2kVnovVfHCQg--.jpg 774w\" type=\"image\/webp\"><img loading=\"lazy\" decoding=\"async\" class=\"image-fit\" alt=\"Apartamento vacacional 2 dormitorios con vistas panor\u00e1micas al mar, Ist\u00e1n Costa del Sol\" width=\"1920\" height=\"1080\" src=\"https:\/\/media.inmobalia.com\/imgV1\/B8vEv5Xh_VThvnEqMx4G0ZxU~~H0Ar_8Bn_AfAx~4dnt796zQ9QIPwzdr9PkzIdRpbeOYktBAPFfTt23HPhndt5b7cRr2vg76pmKvptCGz41lr5kRpobs5V3wWNVa5T3DMv8ufklo7yOeLQWyX1~Vy4wd_2MszNVndNwwIVRkbg-.jpg\"><\/picture>\t\t\t<\/figure>\n\t<div class=\"h-100 d-flex flex-column\">\n\t\t<span class=\"d-block card-area\">\n\t\t\tBalcones del Lago\t\t<\/span>\n\t\t\n\n\t\t\t<div class=\"card-price d-flex flex-column\">\n\t\t<strong class=\"me-1\">Desde <span data-original-price=\"60\">60\u00a0\u20ac<\/span><span data-period> por dia <\/span><\/strong>\t\t<\/div>\n\t\n\t\t<ul class=\"card-features list-unstyled d-flex flex-wrap align-items-center mb-0\">\n\t\t\t\t\t\t\t<li class=\"d-flex align-items-center me-3\">\n\t\t\t\t\t2 dormitorios\t\t\t\t<\/li>\n\t\t\t\t\t\t\t<li class=\"d-flex align-items-center me-3\">\n\t\t\t\t\t1 ba\u00f1o\t\t\t\t<\/li>\n\t\t\t\t\t\t\t<li class=\"d-flex align-items-center me-3\">\n\t\t\t\t\t186 m&sup2; construido\t\t\t\t<\/li>\n\t\t\t\t\t<\/ul>\n\t\t<h4 class=\"card-title mb-0\">\n\t\t\t<a class=\"stretched-link\" href=\"\/alquiler\/balcones-del-lago\/apartamentos-planta-baja\/215\">Apartamento vacacional 2 dormitorios con vistas panor\u00e1micas al mar, Ist\u00e1n Costa del Sol<\/a>\n\t\t<\/h4>\n\t\t\t<\/div>\n<\/article>\t\t\t\t\t\t<article class=\"f-carousel__slide card col position-relative flex-column\">\n\t<figure class=\"position-relative w-100 mb-2\">\n\t\t<a class=\"card-portfolio position-absolute\" data-pfl-id=\"559340\" data-pfl-filter=\"rent-short\" href=\"#\">\n\t\t\t<svg width=\"20\" fill=\"currentColor\" viewBox=\"0 0 512 512\">\n\t\t\t\t<use href=\"https:\/\/www.homewatch.es\/wp-content\/themes\/inmobasolidbase\/dist\/src\/images\/icons.svg#svgPortfolio\"\/>\n\t\t\t<\/svg>\n\t\t\t<svg class=\"d-none\" width=\"20\" fill=\"currentColor\" viewBox=\"0 0 512 512\">\n\t\t\t\t<use href=\"https:\/\/www.homewatch.es\/wp-content\/themes\/inmobasolidbase\/dist\/src\/images\/icons.svg#svgPortfolioIn\"\/>\n\t\t\t<\/svg>\n\t\t<\/a>\n\t\t<picture class=\"ratio ratio-4x3\"><source width=\"1920\" height=\"1080\" srcset=\"https:\/\/media.inmobalia.com\/imgV1\/B8vEv5Xh_VThvnEqMx4G0YtA8lAADdw1sBC5uN5pSX6~ImMWYg0nYa_EPSP~fBpYtvgHs5QKecPwE1~j5DU_pylbu6cBdu0PgVunDxnkMoeY79Gll7Nv5AHhYwCGots7LHLh3gTudIUuwBymv5Pelf_TF1ra5FD3k29R2JIv_5grrA5jaJjFJPIL7GwsMOov.jpg 1920w,https:\/\/media.inmobalia.com\/imgV1\/B8vEv5Xh_Vjzl4qKP9bJW21eHCmW9PWrQV6IDk9EjA79dASSMmDBrXf04FgH6wp0ylU42MWPePEey7rkY1j3kMIGs3YrRSP6UhHPWG1enKzuplcdy8f~NYm7bTbKkeM5EmP5WvpSQ5mdZ8uFkfs13yTFdoyrkjFPbfou4Wb8wK6CzOS1XoKxJCpVvHdCRXY-.jpg 1580w,https:\/\/media.inmobalia.com\/imgV1\/B8vEv5Xh~9eLgpFkvD55S4O4_vRpfi7Zj~8WTFZMGThfizi~_Y~NgoiVzdN9MsuXYCpgHq7NOfhSSsV~~CvXOR8biNDSQCuIy3z~JafSwduxBEndespnQYPOGloQON4~nZWibGIgJ8b12t9AIMM3qezyly5W3esWtvrOtA9hc_70oqaSbO0mhUetwzXHUw--.jpg 774w\" type=\"image\/webp\"><img loading=\"lazy\" decoding=\"async\" class=\"image-fit\" alt=\"Apartamento de 2 dormitorios junto a la playa en Elviria, Marbella Este con piscina comunitaria\" width=\"1920\" height=\"1080\" src=\"https:\/\/media.inmobalia.com\/imgV1\/B8vEv5Xh_VThvnEqMx4G0ZxU~~H0Ar_8Bn_AfAx~4dnt796zQ9QIPwzdr9PkzIdRpbeOYktBAPFfTt23HPhndt5b7cRr2vg76pmKvptCGz41lr5kRpssbI71_TTjPfV4qRaxZvWqBGXbcFQ6YPVYOn6~hNpqB8xI6Z3oLalraEA-.jpg\"><\/picture>\t\t\t<\/figure>\n\t<div class=\"h-100 d-flex flex-column\">\n\t\t<span class=\"d-block card-area\">\n\t\t\tMarbella Este\t\t<\/span>\n\t\t\n\n\t\t\t<div class=\"card-price d-flex flex-column\">\n\t\t<strong class=\"me-1\">Desde <span data-original-price=\"350\">350\u00a0\u20ac<\/span><span data-period> por dia <\/span><\/strong>\t\t<\/div>\n\t\n\t\t<ul class=\"card-features list-unstyled d-flex flex-wrap align-items-center mb-0\">\n\t\t\t\t\t\t\t<li class=\"d-flex align-items-center me-3\">\n\t\t\t\t\t2 dormitorios\t\t\t\t<\/li>\n\t\t\t\t\t\t\t<li class=\"d-flex align-items-center me-3\">\n\t\t\t\t\t2 ba\u00f1os\t\t\t\t<\/li>\n\t\t\t\t\t\t\t<li class=\"d-flex align-items-center me-3\">\n\t\t\t\t\t96 m&sup2; construido\t\t\t\t<\/li>\n\t\t\t\t\t<\/ul>\n\t\t<h4 class=\"card-title mb-0\">\n\t\t\t<a class=\"stretched-link\" href=\"\/alquiler\/elviria-playa\/apartamentos-planta-baja\/212\">Apartamento de 2 dormitorios junto a la playa en Elviria, Marbella Este con piscina comunitaria<\/a>\n\t\t<\/h4>\n\t\t\t<\/div>\n<\/article>\t\t\t\t\t\t<article class=\"f-carousel__slide card col position-relative flex-column\">\n\t<figure class=\"position-relative w-100 mb-2\">\n\t\t<a class=\"card-portfolio position-absolute\" data-pfl-id=\"556142\" data-pfl-filter=\"rent-short\" href=\"#\">\n\t\t\t<svg width=\"20\" fill=\"currentColor\" viewBox=\"0 0 512 512\">\n\t\t\t\t<use href=\"https:\/\/www.homewatch.es\/wp-content\/themes\/inmobasolidbase\/dist\/src\/images\/icons.svg#svgPortfolio\"\/>\n\t\t\t<\/svg>\n\t\t\t<svg class=\"d-none\" width=\"20\" fill=\"currentColor\" viewBox=\"0 0 512 512\">\n\t\t\t\t<use href=\"https:\/\/www.homewatch.es\/wp-content\/themes\/inmobasolidbase\/dist\/src\/images\/icons.svg#svgPortfolioIn\"\/>\n\t\t\t<\/svg>\n\t\t<\/a>\n\t\t<picture class=\"ratio ratio-4x3\"><source width=\"1920\" height=\"1080\" srcset=\"https:\/\/media.inmobalia.com\/imgV1\/B8vEv5Xh_VThvnEqMx4G0YtA8lAADdw1sBC5uN5pSX6~ImMWYg0nYa_EPSP~fBpYtvgHs5QKecPwE1~j5DU_pylbu6cBdu0PgVunDxnkMoeY79Gll7Nv5AHhYwCGots7LHLh3gTg94dw~8YkIDZyMHCX8uVw24inDaWvH_qCoqVC~BHgZjTJ_u7OvU7Gf11L.jpg 1920w,https:\/\/media.inmobalia.com\/imgV1\/B8vEv5Xh_Vjzl4qKP9bJW21eHCmW9PWrQV6IDk9EjA79dASSMmDBrXf04FgH6wp0ylU42MWPePEey7rkY1j3kMIGs3YrRSP6UhHPWG1enKzuplcdy8f~NYm7bTbKkeM5EmP5WvQFvaSeK7IWGwcxLss5Sj31q0RZdMROQvRJRvsp9DSChQmxKnwmEUugzN8-.jpg 1580w,https:\/\/media.inmobalia.com\/imgV1\/B8vEv5Xh~9eLgpFkvD55S4O4_vRpfi7Zj~8WTFZMGThfizi~_Y~NgoiVzdN9MsuXYCpgHq7NOfhSSsV~~CvXOR8biNDSQCuIy3z~JafSwduxBEndespnQYPOGloQON4~nZWiYvptnUzcGbT4SkW3C1tNdMKAPouQoMb5rJku29SGmM9Wfx4bRPewZGEfXQ--.jpg 774w\" type=\"image\/webp\"><img loading=\"lazy\" decoding=\"async\" class=\"image-fit\" alt=\"Apartamento vacacional 2 dormitorios primera l\u00ednea playa en Casares Costa\" width=\"1920\" height=\"1080\" src=\"https:\/\/media.inmobalia.com\/imgV1\/B8vEv5Xh_VThvnEqMx4G0ZxU~~H0Ar_8Bn_AfAx~4dnt796zQ9QIPwzdr9PkzIdRpbeOYktBAPFfTt23HPhndt5b7cRr2vg76pmKvptCGz41lr5kRpXjKJ6qLUAv_lca2APvDMy_x5FsUB12qh0Q8D6ufM4uJs93QT2trnw2nMo-.jpg\"><\/picture>\t\t\t<\/figure>\n\t<div class=\"h-100 d-flex flex-column\">\n\t\t<span class=\"d-block card-area\">\n\t\t\tBahia de Casares\t\t<\/span>\n\t\t\n\n\t\t\t<div class=\"card-price d-flex flex-column\">\n\t\t<strong class=\"me-1\">Desde <span data-original-price=\"90\">90\u00a0\u20ac<\/span><span data-period> por dia <\/span><\/strong><strong class=\"me-1\"><span data-original-price=\"2200\">2.200\u00a0\u20ac<\/span><span data-period> montly rental (November-March)<\/span><\/strong>\t\t<\/div>\n\t\n\t\t<ul class=\"card-features list-unstyled d-flex flex-wrap align-items-center mb-0\">\n\t\t\t\t\t\t\t<li class=\"d-flex align-items-center me-3\">\n\t\t\t\t\t2 dormitorios\t\t\t\t<\/li>\n\t\t\t\t\t\t\t<li class=\"d-flex align-items-center me-3\">\n\t\t\t\t\t2 ba\u00f1os\t\t\t\t<\/li>\n\t\t\t\t\t\t\t<li class=\"d-flex align-items-center me-3\">\n\t\t\t\t\t126 m&sup2; construido\t\t\t\t<\/li>\n\t\t\t\t\t<\/ul>\n\t\t<h4 class=\"card-title mb-0\">\n\t\t\t<a class=\"stretched-link\" href=\"\/alquiler\/bahia-de-casares\/apartamentos-planta-baja\/211\">Apartamento vacacional 2 dormitorios primera l\u00ednea playa en Casares Costa<\/a>\n\t\t<\/h4>\n\t\t\t<\/div>\n<\/article>\t\t\t\t\t\t<article class=\"f-carousel__slide card col position-relative flex-column\">\n\t<figure class=\"position-relative w-100 mb-2\">\n\t\t<a class=\"card-portfolio position-absolute\" data-pfl-id=\"553069\" data-pfl-filter=\"rent-short\" href=\"#\">\n\t\t\t<svg width=\"20\" fill=\"currentColor\" viewBox=\"0 0 512 512\">\n\t\t\t\t<use href=\"https:\/\/www.homewatch.es\/wp-content\/themes\/inmobasolidbase\/dist\/src\/images\/icons.svg#svgPortfolio\"\/>\n\t\t\t<\/svg>\n\t\t\t<svg class=\"d-none\" width=\"20\" fill=\"currentColor\" viewBox=\"0 0 512 512\">\n\t\t\t\t<use href=\"https:\/\/www.homewatch.es\/wp-content\/themes\/inmobasolidbase\/dist\/src\/images\/icons.svg#svgPortfolioIn\"\/>\n\t\t\t<\/svg>\n\t\t<\/a>\n\t\t<picture class=\"ratio ratio-4x3\"><source width=\"1920\" height=\"1080\" srcset=\"https:\/\/media.inmobalia.com\/imgV1\/B8vEv5Xh_VThvnEqMx4G0YtA8lAADdw1sBC5uN5pSX6~ImMWYg0nYa_EPSP~fBpYtvgHs5QKecPwE1~j5DU_pylbu6cBdu0PgVunDxnkMoeY79Gll7Nv5AHhYwCGots7LHLh3gTjh5b_G0e1ekCd8afKgZLwib62E58cVT8BRvKeh9ntA1wZ~Ho1v4PB~iLN.jpg 1920w,https:\/\/media.inmobalia.com\/imgV1\/B8vEv5Xh_Vjzl4qKP9bJW21eHCmW9PWrQV6IDk9EjA79dASSMmDBrXf04FgH6wp0ylU42MWPePEey7rkY1j3kMIGs3YrRSP6UhHPWG1enKzuplcdy8f~NYm7bTbKkeM5EmP5WvdvbjtiKERuXV1zHdhLI2kNEHgsGdQGuQyd3c1mKX2eDZ1w9Sca7CcxfLQ-.jpg 1580w,https:\/\/media.inmobalia.com\/imgV1\/B8vEv5Xh~9eLgpFkvD55S4O4_vRpfi7Zj~8WTFZMGThfizi~_Y~NgoiVzdN9MsuXYCpgHq7NOfhSSsV~~CvXOR8biNDSQCuIy3z~JafSwduxBEndespnQYPOGloQON4~nZWiYchQDmge1UYZTkpw3Pam3lyEidRoj7TL4vYFF7kgc63zAOCMp_ey7R~WBA--.jpg 774w\" type=\"image\/webp\"><img loading=\"lazy\" decoding=\"async\" class=\"image-fit\" alt=\"Apartamento de lujo de 2 dormitorios junto a la playa con vistas panor\u00e1micas en Fuengirola\" width=\"1920\" height=\"1080\" src=\"https:\/\/media.inmobalia.com\/imgV1\/B8vEv5Xh_VThvnEqMx4G0ZxU~~H0Ar_8Bn_AfAx~4dnt796zQ9QIPwzdr9PkzIdRpbeOYktBAPFfTt23HPhndt5b7cRr2vg76pmKvptCGz41lr5kRpbTlmj35qgCpgZ1WEhRPx63UgEdg1~IS8GzdC5SSXs8SOMfNbm4rSENdrs-.jpg\"><\/picture>\t\t\t<\/figure>\n\t<div class=\"h-100 d-flex flex-column\">\n\t\t<span class=\"d-block card-area\">\n\t\t\tFuengirola\t\t<\/span>\n\t\t\n\n\t\t\t<div class=\"card-price d-flex flex-column\">\n\t\t<strong class=\"me-1\">Desde <span data-original-price=\"250\">250\u00a0\u20ac<\/span><span data-period> por dia <\/span><\/strong><strong class=\"me-1\"><span data-original-price=\"2800\">2.800\u00a0\u20ac<\/span><span data-period> montly rental (November-March)<\/span><\/strong>\t\t<\/div>\n\t\n\t\t<ul class=\"card-features list-unstyled d-flex flex-wrap align-items-center mb-0\">\n\t\t\t\t\t\t\t<li class=\"d-flex align-items-center me-3\">\n\t\t\t\t\t2 dormitorios\t\t\t\t<\/li>\n\t\t\t\t\t\t\t<li class=\"d-flex align-items-center me-3\">\n\t\t\t\t\t2 ba\u00f1os\t\t\t\t<\/li>\n\t\t\t\t\t\t\t<li class=\"d-flex align-items-center me-3\">\n\t\t\t\t\t108 m&sup2; construido\t\t\t\t<\/li>\n\t\t\t\t\t<\/ul>\n\t\t<h4 class=\"card-title mb-0\">\n\t\t\t<a class=\"stretched-link\" href=\"\/alquiler\/fuengirola\/apartamentos-y-pisos\/209\">Apartamento de lujo de 2 dormitorios junto a la playa con vistas panor\u00e1micas en Fuengirola<\/a>\n\t\t<\/h4>\n\t\t\t<\/div>\n<\/article>\t\t\t\t\t\t<article class=\"f-carousel__slide card col position-relative flex-column\">\n\t<figure class=\"position-relative w-100 mb-2\">\n\t\t<a class=\"card-portfolio position-absolute\" data-pfl-id=\"550995\" data-pfl-filter=\"rent-short\" href=\"#\">\n\t\t\t<svg width=\"20\" fill=\"currentColor\" viewBox=\"0 0 512 512\">\n\t\t\t\t<use href=\"https:\/\/www.homewatch.es\/wp-content\/themes\/inmobasolidbase\/dist\/src\/images\/icons.svg#svgPortfolio\"\/>\n\t\t\t<\/svg>\n\t\t\t<svg class=\"d-none\" width=\"20\" fill=\"currentColor\" viewBox=\"0 0 512 512\">\n\t\t\t\t<use href=\"https:\/\/www.homewatch.es\/wp-content\/themes\/inmobasolidbase\/dist\/src\/images\/icons.svg#svgPortfolioIn\"\/>\n\t\t\t<\/svg>\n\t\t<\/a>\n\t\t<picture class=\"ratio ratio-4x3\"><source width=\"1920\" height=\"1080\" srcset=\"https:\/\/media.inmobalia.com\/imgV1\/B8vEv5Xh_VThvnEqMx4G0YtA8lAADdw1sBC5uN5pSX6~ImMWYg0nYa_EPSP~fBpYtvgHs5QKecPwE1~j5DU_pylbu6cBdu0PgVunDxnkMoeY79Gll7Nv5AHhYwCGots7LHLh3gTlw1r9GBtH6Ogr1FOHMYD34r5eeOwrI3QjZWgo7LuE312vHMojih4CpXLP.jpg 1920w,https:\/\/media.inmobalia.com\/imgV1\/B8vEv5Xh_Vjzl4qKP9bJW21eHCmW9PWrQV6IDk9EjA79dASSMmDBrXf04FgH6wp0ylU42MWPePEey7rkY1j3kMIGs3YrRSP6UhHPWG1enKzuplcdy8f~NYm7bTbKkeM5EmP5WvFMvopbgOtt87EhTbpED83T3o9d0aRxodlocJvmgpKExSh5kiq10mrgGpg-.jpg 1580w,https:\/\/media.inmobalia.com\/imgV1\/B8vEv5Xh~9eLgpFkvD55S4O4_vRpfi7Zj~8WTFZMGThfizi~_Y~NgoiVzdN9MsuXYCpgHq7NOfhSSsV~~CvXOR8biNDSQCuIy3z~JafSwduxBEndespnQYPOGloQON4~nZWiZzdar~lkJPwDljYcY88ZyHyxCdW7eeFb4l1SqiLhyiEyIItZct9MQ2m0Yg--.jpg 774w\" type=\"image\/webp\"><img loading=\"lazy\" decoding=\"async\" class=\"image-fit\" alt=\"Apartamento de lujo 3 dormitorios con vistas al mar y terraza privada en Benahavis\" width=\"1920\" height=\"1080\" src=\"https:\/\/media.inmobalia.com\/imgV1\/B8vEv5Xh_VThvnEqMx4G0ZxU~~H0Ar_8Bn_AfAx~4dnt796zQ9QIPwzdr9PkzIdRpbeOYktBAPFfTt23HPhndt5b7cRr2vg76pmKvptCGz41lr5kRpBrcIuX9Fb2aGaMDxuNdYHyKTUNP2FlC_MUZ96aEead~O0KGO2cB4EnDuc-.jpg\"><\/picture>\t\t\t<\/figure>\n\t<div class=\"h-100 d-flex flex-column\">\n\t\t<span class=\"d-block card-area\">\n\t\t\tBenahavis\t\t<\/span>\n\t\t\n\n\t\t\t<div class=\"card-price d-flex flex-column\">\n\t\t<strong class=\"me-1\">Desde <span data-original-price=\"150\">150\u00a0\u20ac<\/span><span data-period> por dia <\/span><\/strong><strong class=\"me-1\"><span data-original-price=\"3000\">3.000\u00a0\u20ac<\/span><span data-period> montly rental (November-March)<\/span><\/strong>\t\t<\/div>\n\t\n\t\t<ul class=\"card-features list-unstyled d-flex flex-wrap align-items-center mb-0\">\n\t\t\t\t\t\t\t<li class=\"d-flex align-items-center me-3\">\n\t\t\t\t\t3 dormitorios\t\t\t\t<\/li>\n\t\t\t\t\t\t\t<li class=\"d-flex align-items-center me-3\">\n\t\t\t\t\t2 ba\u00f1os\t\t\t\t<\/li>\n\t\t\t\t\t\t\t<li class=\"d-flex align-items-center me-3\">\n\t\t\t\t\t235 m&sup2; construido\t\t\t\t<\/li>\n\t\t\t\t\t<\/ul>\n\t\t<h4 class=\"card-title mb-0\">\n\t\t\t<a class=\"stretched-link\" href=\"\/alquiler\/benahavis\/apartamentos-y-pisos\/207\">Apartamento de lujo 3 dormitorios con vistas al mar y terraza privada en Benahavis<\/a>\n\t\t<\/h4>\n\t\t\t<\/div>\n<\/article>\t\t\t\t\t\t<article class=\"f-carousel__slide card col position-relative flex-column\">\n\t<figure class=\"position-relative w-100 mb-2\">\n\t\t<a class=\"card-portfolio position-absolute\" data-pfl-id=\"548115\" data-pfl-filter=\"rent-short\" href=\"#\">\n\t\t\t<svg width=\"20\" fill=\"currentColor\" viewBox=\"0 0 512 512\">\n\t\t\t\t<use href=\"https:\/\/www.homewatch.es\/wp-content\/themes\/inmobasolidbase\/dist\/src\/images\/icons.svg#svgPortfolio\"\/>\n\t\t\t<\/svg>\n\t\t\t<svg class=\"d-none\" width=\"20\" fill=\"currentColor\" viewBox=\"0 0 512 512\">\n\t\t\t\t<use href=\"https:\/\/www.homewatch.es\/wp-content\/themes\/inmobasolidbase\/dist\/src\/images\/icons.svg#svgPortfolioIn\"\/>\n\t\t\t<\/svg>\n\t\t<\/a>\n\t\t<picture class=\"ratio ratio-4x3\"><source width=\"1920\" height=\"1080\" srcset=\"https:\/\/media.inmobalia.com\/imgV1\/B8vEv5Xh_VThvnEqMx4G0YtA8lAADdw1sBC5uN5pSX6~ImMWYg0nYa_EPSP~fBpYtvgHs5QKecPwE1~j5DU_pylbu6cBdu0PgVunDxnkMoeY79Gll7Nv5AHhYwCGots7LHLh3gTnQtTBc4WWuEbWv_vakx6eqTaRgBZxBdwL7Wi9o92usMfgIXfrTwaMR~AT.jpg 1920w,https:\/\/media.inmobalia.com\/imgV1\/B8vEv5Xh_Vjzl4qKP9bJW21eHCmW9PWrQV6IDk9EjA79dASSMmDBrXf04FgH6wp0ylU42MWPePEey7rkY1j3kMIGs3YrRSP6UhHPWG1enKzuplcdy8f~NYm7bTbKkeM5EmP5WvNiR1IVjTkHY4ArgZcan8viAGqbNeT_cTsGtS3xKe_5T2XYS9_6fTHTFv8-.jpg 1580w,https:\/\/media.inmobalia.com\/imgV1\/B8vEv5Xh~9eLgpFkvD55S4O4_vRpfi7Zj~8WTFZMGThfizi~_Y~NgoiVzdN9MsuXYCpgHq7NOfhSSsV~~CvXOR8biNDSQCuIy3z~JafSwduxBEndespnQYPOGloQON4~nZWiZZp3b3Oltg2zA7xkQtsFopgIWeblLOCnygbHPb0wtAxw3bd_SUhbY3xSBA--.jpg 774w\" type=\"image\/webp\"><img loading=\"lazy\" decoding=\"async\" class=\"image-fit\" alt=\"Moderno apartamento vacacional de 2 dormitorios con vistas panor\u00e1micas al mar en Calahonda, Costa del Sol\" width=\"1920\" height=\"1080\" src=\"https:\/\/media.inmobalia.com\/imgV1\/B8vEv5Xh_VThvnEqMx4G0ZxU~~H0Ar_8Bn_AfAx~4dnt796zQ9QIPwzdr9PkzIdRpbeOYktBAPFfTt23HPhndt5b7cRr2vg76pmKvptCGz41lr5kRpKnv5gap8ydJXF3jItyInMsKNKGAI6gJ8joAE5EL2S6KRQ7QV5W59QSICg-.jpg\"><\/picture>\t\t\t<\/figure>\n\t<div class=\"h-100 d-flex flex-column\">\n\t\t<span class=\"d-block card-area\">\n\t\t\tCalahonda\t\t<\/span>\n\t\t\n\n\t\t\t<div class=\"card-price d-flex flex-column\">\n\t\t<strong class=\"me-1\">Desde <span data-original-price=\"110\">110\u00a0\u20ac<\/span><span data-period> por dia <\/span><\/strong><strong class=\"me-1\"><span data-original-price=\"2000\">2.000\u00a0\u20ac<\/span><span data-period> montly rental (November-March)<\/span><\/strong>\t\t<\/div>\n\t\n\t\t<ul class=\"card-features list-unstyled d-flex flex-wrap align-items-center mb-0\">\n\t\t\t\t\t\t\t<li class=\"d-flex align-items-center me-3\">\n\t\t\t\t\t2 dormitorios\t\t\t\t<\/li>\n\t\t\t\t\t\t\t<li class=\"d-flex align-items-center me-3\">\n\t\t\t\t\t2 ba\u00f1os\t\t\t\t<\/li>\n\t\t\t\t\t\t\t<li class=\"d-flex align-items-center me-3\">\n\t\t\t\t\t154 m&sup2; construido\t\t\t\t<\/li>\n\t\t\t\t\t<\/ul>\n\t\t<h4 class=\"card-title mb-0\">\n\t\t\t<a class=\"stretched-link\" href=\"\/alquiler\/calahonda\/apartamentos-y-pisos\/205\">Moderno apartamento vacacional de 2 dormitorios con vistas panor\u00e1micas al mar en Calahonda, Costa del Sol<\/a>\n\t\t<\/h4>\n\t\t\t<\/div>\n<\/article>\t\t\t\t\t\t<article class=\"f-carousel__slide card col position-relative flex-column\">\n\t<figure class=\"position-relative w-100 mb-2\">\n\t\t<a class=\"card-portfolio position-absolute\" data-pfl-id=\"548093\" data-pfl-filter=\"rent-short\" href=\"#\">\n\t\t\t<svg width=\"20\" fill=\"currentColor\" viewBox=\"0 0 512 512\">\n\t\t\t\t<use href=\"https:\/\/www.homewatch.es\/wp-content\/themes\/inmobasolidbase\/dist\/src\/images\/icons.svg#svgPortfolio\"\/>\n\t\t\t<\/svg>\n\t\t\t<svg class=\"d-none\" width=\"20\" fill=\"currentColor\" viewBox=\"0 0 512 512\">\n\t\t\t\t<use href=\"https:\/\/www.homewatch.es\/wp-content\/themes\/inmobasolidbase\/dist\/src\/images\/icons.svg#svgPortfolioIn\"\/>\n\t\t\t<\/svg>\n\t\t<\/a>\n\t\t<picture class=\"ratio ratio-4x3\"><source width=\"1920\" height=\"1080\" srcset=\"https:\/\/media.inmobalia.com\/imgV1\/B8vEv5Xh_VThvnEqMx4G0YtA8lAADdw1sBC5uN5pSX6~ImMWYg0nYa_EPSP~fBpYtvgHs5QKecPwE1~j5DU_pylbu6cBdu0PgVunDxnkMoeY79Gll7Nv5AHhYwCGots7LHLh3gTmr2wSPSddCvmXYlDjOlyB9u5C2NeniXBPGPKYcPa1vHEziqBIB_Lnr01T.jpg 1920w,https:\/\/media.inmobalia.com\/imgV1\/B8vEv5Xh_Vjzl4qKP9bJW21eHCmW9PWrQV6IDk9EjA79dASSMmDBrXf04FgH6wp0ylU42MWPePEey7rkY1j3kMIGs3YrRSP6UhHPWG1enKzuplcdy8f~NYm7bTbKkeM5EmP5WvL2kuXZBY5C7qcO3c_PizC9xAqhJvw~SavesZFgile4Lvqkpf8vP_budrU-.jpg 1580w,https:\/\/media.inmobalia.com\/imgV1\/B8vEv5Xh~9eLgpFkvD55S4O4_vRpfi7Zj~8WTFZMGThfizi~_Y~NgoiVzdN9MsuXYCpgHq7NOfhSSsV~~CvXOR8biNDSQCuIy3z~JafSwduxBEndespnQYPOGloQON4~nZWiZN5g~gn6nF8iEtFxokgGEtvC8CYjbYi~6nJZdDGslsI23a~P6gQ24GHzog--.jpg 774w\" type=\"image\/webp\"><img loading=\"lazy\" decoding=\"async\" class=\"image-fit\" alt=\"Apartamento vacacional de 3 dormitorios en Puerto Ban\u00fas, primera l\u00ednea con jard\u00edn privado - Marbella\" width=\"1920\" height=\"1080\" src=\"https:\/\/media.inmobalia.com\/imgV1\/B8vEv5Xh_VThvnEqMx4G0ZxU~~H0Ar_8Bn_AfAx~4dnt796zQ9QIPwzdr9PkzIdRpbeOYktBAPFfTt23HPhndt5b7cRr2vg76pmKvptCGz41lr5kRpPMohFRM22jIdHXacl2WniSFs0MHyr8kej5_rZK1scdeegmRk21jbgtATs-.jpg\"><\/picture>\t\t\t<\/figure>\n\t<div class=\"h-100 d-flex flex-column\">\n\t\t<span class=\"d-block card-area\">\n\t\t\tMarbella - Puerto Banus\t\t<\/span>\n\t\t\n\n\t\t\t<div class=\"card-price d-flex flex-column\">\n\t\t<strong class=\"me-1\">Desde <span data-original-price=\"220\">220\u00a0\u20ac<\/span><span data-period> por dia <\/span><\/strong><strong class=\"me-1\"><span data-original-price=\"3500\">3.500\u00a0\u20ac<\/span><span data-period> montly rental (November-March)<\/span><\/strong>\t\t<\/div>\n\t\n\t\t<ul class=\"card-features list-unstyled d-flex flex-wrap align-items-center mb-0\">\n\t\t\t\t\t\t\t<li class=\"d-flex align-items-center me-3\">\n\t\t\t\t\t3 dormitorios\t\t\t\t<\/li>\n\t\t\t\t\t\t\t<li class=\"d-flex align-items-center me-3\">\n\t\t\t\t\t2 ba\u00f1os\t\t\t\t<\/li>\n\t\t\t\t\t\t\t<li class=\"d-flex align-items-center me-3\">\n\t\t\t\t\t220 m&sup2; construido\t\t\t\t<\/li>\n\t\t\t\t\t<\/ul>\n\t\t<h4 class=\"card-title mb-0\">\n\t\t\t<a class=\"stretched-link\" href=\"\/alquiler\/las-mimosas\/apartamentos-planta-baja\/203\">Apartamento vacacional de 3 dormitorios en Puerto Ban\u00fas, primera l\u00ednea con jard\u00edn privado - Marbella<\/a>\n\t\t<\/h4>\n\t\t\t<\/div>\n<\/article>\t\t\t\t\t\t<article class=\"f-carousel__slide card col position-relative flex-column\">\n\t<figure class=\"position-relative w-100 mb-2\">\n\t\t<a class=\"card-portfolio position-absolute\" data-pfl-id=\"547487\" data-pfl-filter=\"rent-short\" href=\"#\">\n\t\t\t<svg width=\"20\" fill=\"currentColor\" viewBox=\"0 0 512 512\">\n\t\t\t\t<use href=\"https:\/\/www.homewatch.es\/wp-content\/themes\/inmobasolidbase\/dist\/src\/images\/icons.svg#svgPortfolio\"\/>\n\t\t\t<\/svg>\n\t\t\t<svg class=\"d-none\" width=\"20\" fill=\"currentColor\" viewBox=\"0 0 512 512\">\n\t\t\t\t<use href=\"https:\/\/www.homewatch.es\/wp-content\/themes\/inmobasolidbase\/dist\/src\/images\/icons.svg#svgPortfolioIn\"\/>\n\t\t\t<\/svg>\n\t\t<\/a>\n\t\t<picture class=\"ratio ratio-4x3\"><source width=\"1920\" height=\"1080\" srcset=\"https:\/\/media.inmobalia.com\/imgV1\/B8vEv5Xh_VThvnEqMx4G0YtA8lAADdw1sBC5uN5pSX6~ImMWYg0nYa_EPSP~fBpYtvgHs5QKecPwE1~j5DU_pylbu6cBdu0PgVunDxnkMoeY79Gll7Nv5AHhYwCGots7LHLh2Ub3Fs9QJhTbZ8XMUXhOkJX0yVcg7KRWBhnctqR88wXbhJ7rrsljpWO7G4LD.jpg 1920w,https:\/\/media.inmobalia.com\/imgV1\/B8vEv5Xh_Vjzl4qKP9bJW21eHCmW9PWrQV6IDk9EjA79dASSMmDBrXf04FgH6wp0ylU42MWPePEey7rkY1j3kMIGs3YrRSP6UhHPWG1enKzuplcdy8f~NYm7bTbKkeM5EmP_j~J4qtrfWWB2a8ZbmED97GydZY9uM8EZsW23W4ZkvbWfj8C60p1_KxpWfnE-.jpg 1580w,https:\/\/media.inmobalia.com\/imgV1\/B8vEv5Xh~9eLgpFkvD55S4O4_vRpfi7Zj~8WTFZMGThfizi~_Y~NgoiVzdN9MsuXYCpgHq7NOfhSSsV~~CvXOR8biNDSQCuIy3z~JafSwduxBEndespnQYPOGloQON4~nZJ~LikWSXCL2UU6Xc8aP~RCt4rnVeTbzNgUIQafOBYmPOXJF4XxK_PSHrcEzg--.jpg 774w\" type=\"image\/webp\"><img loading=\"lazy\" decoding=\"async\" class=\"image-fit\" alt=\"Apartamento 2 dormitorios con vistas al mar y terraza - El Faro, Mijas Costa del Sol\" width=\"1920\" height=\"1080\" src=\"https:\/\/media.inmobalia.com\/imgV1\/B8vEv5Xh_VThvnEqMx4G0ZxU~~H0Ar_8Bn_AfAx~4dnt796zQ9QIPwzdr9PkzIdRpbeOYktBAPFfTt23HPhndt5b7cRr2vg76pmKvptCGz41lr5j8fwzsYn_9mTC9x8Sr6F5mN93KCHi0Z5u1yWJDr1mkEs2UGU6XPBBZ89HIto-.jpg\"><\/picture>\t\t\t<\/figure>\n\t<div class=\"h-100 d-flex flex-column\">\n\t\t<span class=\"d-block card-area\">\n\t\t\tEl Faro\t\t<\/span>\n\t\t\n\n\t\t\t<div class=\"card-price d-flex flex-column\">\n\t\t<strong class=\"me-1\">Desde <span data-original-price=\"200\">200\u00a0\u20ac<\/span><span data-period> por dia <\/span><\/strong><strong class=\"me-1\"><span data-original-price=\"1500\">1.500\u00a0\u20ac<\/span><span data-period> montly rental (November-March)<\/span><\/strong>\t\t<\/div>\n\t\n\t\t<ul class=\"card-features list-unstyled d-flex flex-wrap align-items-center mb-0\">\n\t\t\t\t\t\t\t<li class=\"d-flex align-items-center me-3\">\n\t\t\t\t\t2 dormitorios\t\t\t\t<\/li>\n\t\t\t\t\t\t\t<li class=\"d-flex align-items-center me-3\">\n\t\t\t\t\t2 ba\u00f1os\t\t\t\t<\/li>\n\t\t\t\t\t\t\t<li class=\"d-flex align-items-center me-3\">\n\t\t\t\t\t67 m&sup2; construido\t\t\t\t<\/li>\n\t\t\t\t\t<\/ul>\n\t\t<h4 class=\"card-title mb-0\">\n\t\t\t<a class=\"stretched-link\" href=\"\/alquiler\/el-faro\/apartamentos-y-pisos\/202\">Apartamento 2 dormitorios con vistas al mar y terraza - El Faro, Mijas Costa del Sol<\/a>\n\t\t<\/h4>\n\t\t\t<\/div>\n<\/article>\t\t\t\t\t\t<article class=\"f-carousel__slide card col position-relative flex-column\">\n\t<figure class=\"position-relative w-100 mb-2\">\n\t\t<a class=\"card-portfolio position-absolute\" data-pfl-id=\"543658\" data-pfl-filter=\"rent-short\" href=\"#\">\n\t\t\t<svg width=\"20\" fill=\"currentColor\" viewBox=\"0 0 512 512\">\n\t\t\t\t<use href=\"https:\/\/www.homewatch.es\/wp-content\/themes\/inmobasolidbase\/dist\/src\/images\/icons.svg#svgPortfolio\"\/>\n\t\t\t<\/svg>\n\t\t\t<svg class=\"d-none\" width=\"20\" fill=\"currentColor\" viewBox=\"0 0 512 512\">\n\t\t\t\t<use href=\"https:\/\/www.homewatch.es\/wp-content\/themes\/inmobasolidbase\/dist\/src\/images\/icons.svg#svgPortfolioIn\"\/>\n\t\t\t<\/svg>\n\t\t<\/a>\n\t\t<picture class=\"ratio ratio-4x3\"><source width=\"1920\" height=\"1080\" srcset=\"https:\/\/media.inmobalia.com\/imgV1\/B8vEv5Xh_VThvnEqMx4G0YtA8lAADdw1sBC5uN5pSX6~ImMWYg0nYa_EPSP~fBpYtvgHs5QKecPwE1~j5DU_pylbu6cBdu0PgVunDxnkMoeY79Gll7Nv5AHhYwCGots7LHLh2Ub4aSQ4fOlm6WpstdB4WnPbqMLPvZbsej2zPxkHaWzW6nztauo5f9PKXcHQ.jpg 1920w,https:\/\/media.inmobalia.com\/imgV1\/B8vEv5Xh_Vjzl4qKP9bJW21eHCmW9PWrQV6IDk9EjA79dASSMmDBrXf04FgH6wp0ylU42MWPePEey7rkY1j3kMIGs3YrRSP6UhHPWG1enKzuplcdy8f~NYm7bTbKkeM5EmP_j~2A6SxArpk9JTMdYE6FJmx_mMdjwuzWVYpUtdDUh5qBmArrnCGstD_BRcI-.jpg 1580w,https:\/\/media.inmobalia.com\/imgV1\/B8vEv5Xh~9eLgpFkvD55S4O4_vRpfi7Zj~8WTFZMGThfizi~_Y~NgoiVzdN9MsuXYCpgHq7NOfhSSsV~~CvXOR8biNDSQCuIy3z~JafSwduxBEndespnQYPOGloQON4~nZJ~IQgfJhDP5pAuwlSsyEjMBqStolY4K5Z06tcf4L18nlzhcpCKh8DdA82LBA--.jpg 774w\" type=\"image\/webp\"><img loading=\"lazy\" decoding=\"async\" class=\"image-fit\" alt=\"\u00c1tico de 3 dormitorios con vistas panor\u00e1micas al mar en Calahonda, Costa del Sol\" width=\"1920\" height=\"1080\" src=\"https:\/\/media.inmobalia.com\/imgV1\/B8vEv5Xh_VThvnEqMx4G0ZxU~~H0Ar_8Bn_AfAx~4dnt796zQ9QIPwzdr9PkzIdRpbeOYktBAPFfTt23HPhndt5b7cRr2vg76pmKvptCGz41lr5j8fOzdwp2kt8E_VxYh1Fz19jxA3GDHQ~KUD9KzXVXMpHJ6CgrA~X592XjsG8-.jpg\"><\/picture>\t\t\t<\/figure>\n\t<div class=\"h-100 d-flex flex-column\">\n\t\t<span class=\"d-block card-area\">\n\t\t\tSitio de Calahonda\t\t<\/span>\n\t\t\n\n\t\t\t<div class=\"card-price d-flex flex-column\">\n\t\t<strong class=\"me-1\">Desde <span data-original-price=\"110\">110\u00a0\u20ac<\/span><span data-period> por dia <\/span><\/strong>\t\t<\/div>\n\t\n\t\t<ul class=\"card-features list-unstyled d-flex flex-wrap align-items-center mb-0\">\n\t\t\t\t\t\t\t<li class=\"d-flex align-items-center me-3\">\n\t\t\t\t\t3 dormitorios\t\t\t\t<\/li>\n\t\t\t\t\t\t\t<li class=\"d-flex align-items-center me-3\">\n\t\t\t\t\t2 ba\u00f1os\t\t\t\t<\/li>\n\t\t\t\t\t\t\t<li class=\"d-flex align-items-center me-3\">\n\t\t\t\t\t110 m&sup2; construido\t\t\t\t<\/li>\n\t\t\t\t\t<\/ul>\n\t\t<h4 class=\"card-title mb-0\">\n\t\t\t<a class=\"stretched-link\" href=\"\/alquiler\/sitio-de-calahonda\/aticos\/200\">\u00c1tico de 3 dormitorios con vistas panor\u00e1micas al mar en Calahonda, Costa del Sol<\/a>\n\t\t<\/h4>\n\t\t\t<\/div>\n<\/article>\t\t\t\t\t\t<article class=\"f-carousel__slide card col position-relative flex-column\">\n\t<figure class=\"position-relative w-100 mb-2\">\n\t\t<a class=\"card-portfolio position-absolute\" data-pfl-id=\"538229\" data-pfl-filter=\"rent-short\" href=\"#\">\n\t\t\t<svg width=\"20\" fill=\"currentColor\" viewBox=\"0 0 512 512\">\n\t\t\t\t<use href=\"https:\/\/www.homewatch.es\/wp-content\/themes\/inmobasolidbase\/dist\/src\/images\/icons.svg#svgPortfolio\"\/>\n\t\t\t<\/svg>\n\t\t\t<svg class=\"d-none\" width=\"20\" fill=\"currentColor\" viewBox=\"0 0 512 512\">\n\t\t\t\t<use href=\"https:\/\/www.homewatch.es\/wp-content\/themes\/inmobasolidbase\/dist\/src\/images\/icons.svg#svgPortfolioIn\"\/>\n\t\t\t<\/svg>\n\t\t<\/a>\n\t\t<picture class=\"ratio ratio-4x3\"><source width=\"1920\" height=\"1080\" srcset=\"https:\/\/media.inmobalia.com\/imgV1\/B8vEv5Xh_VThvnEqMx4G0YtA8lAADdw1sBC5uN5pSX6~ImMWYg0nYa_EPSP~fBpYtvgHs5QKecPwE1~j5DU_pylbu6cBdu0PgVunDxnkMoeY79Gll7Nv5AHhYwCGots7LHLh2Ub6wWZ2XgOve5f2P41IUAeArgcPPuoGhqKgq3LyiPzAV9XRkxCBPsiz~HJg.jpg 1920w,https:\/\/media.inmobalia.com\/imgV1\/B8vEv5Xh_Vjzl4qKP9bJW21eHCmW9PWrQV6IDk9EjA79dASSMmDBrXf04FgH6wp0ylU42MWPePEey7rkY1j3kMIGs3YrRSP6UhHPWG1enKzuplcdy8f~NYm7bTbKkeM5EmP_j~_RxUprBBQ5TZ20T8TvOpAwKpO32fnR6HzIDgLJuCTIZtH38fQR3GX2V0o-.jpg 1580w,https:\/\/media.inmobalia.com\/imgV1\/B8vEv5Xh~9eLgpFkvD55S4O4_vRpfi7Zj~8WTFZMGThfizi~_Y~NgoiVzdN9MsuXYCpgHq7NOfhSSsV~~CvXOR8biNDSQCuIy3z~JafSwduxBEndespnQYPOGloQON4~nZJ~I6yPZTsBhR33h~ZaMDmg6Gf4Zlvwe8N9~69Qewhkvj4iwM5dZCo92L13qQ--.jpg 774w\" type=\"image\/webp\"><img loading=\"lazy\" decoding=\"async\" class=\"image-fit\" alt=\"Moderno apartamento vacacional 3 dormitorios Marbella cerca golf y Puerto Ban\u00fas\" width=\"1920\" height=\"1080\" src=\"https:\/\/media.inmobalia.com\/imgV1\/B8vEv5Xh_VThvnEqMx4G0ZxU~~H0Ar_8Bn_AfAx~4dnt796zQ9QIPwzdr9PkzIdRpbeOYktBAPFfTt23HPhndt5b7cRr2vg76pmKvptCGz41lr5j8fG7b_9P0JiqWj3rS43xIoMjCPZR9gyXVykDKtzZhyjcBwHxeND6CECpTkQ-.jpg\"><\/picture>\t\t\t<\/figure>\n\t<div class=\"h-100 d-flex flex-column\">\n\t\t<span class=\"d-block card-area\">\n\t\t\tNueva Andalucia\t\t<\/span>\n\t\t\n\n\t\t\t<div class=\"card-price d-flex flex-column\">\n\t\t<strong class=\"me-1\">Desde <span data-original-price=\"150\">150\u00a0\u20ac<\/span><span data-period> por dia <\/span><\/strong><strong class=\"me-1\"><span data-original-price=\"3000\">3.000\u00a0\u20ac<\/span><span data-period> montly rental (November-March)<\/span><\/strong>\t\t<\/div>\n\t\n\t\t<ul class=\"card-features list-unstyled d-flex flex-wrap align-items-center mb-0\">\n\t\t\t\t\t\t\t<li class=\"d-flex align-items-center me-3\">\n\t\t\t\t\t3 dormitorios\t\t\t\t<\/li>\n\t\t\t\t\t\t\t<li class=\"d-flex align-items-center me-3\">\n\t\t\t\t\t2 ba\u00f1os\t\t\t\t<\/li>\n\t\t\t\t\t\t\t<li class=\"d-flex align-items-center me-3\">\n\t\t\t\t\t100 m&sup2; construido\t\t\t\t<\/li>\n\t\t\t\t\t<\/ul>\n\t\t<h4 class=\"card-title mb-0\">\n\t\t\t<a class=\"stretched-link\" href=\"\/alquiler\/los-naranjos-de-marbella\/apartamentos-planta-baja\/168\">Moderno apartamento vacacional 3 dormitorios Marbella cerca golf y Puerto Ban\u00fas<\/a>\n\t\t<\/h4>\n\t\t\t<\/div>\n<\/article>\t\t\t\t\t\t<article class=\"f-carousel__slide card col position-relative flex-column\">\n\t<figure class=\"position-relative w-100 mb-2\">\n\t\t<a class=\"card-portfolio position-absolute\" data-pfl-id=\"537886\" data-pfl-filter=\"rent-short\" href=\"#\">\n\t\t\t<svg width=\"20\" fill=\"currentColor\" viewBox=\"0 0 512 512\">\n\t\t\t\t<use href=\"https:\/\/www.homewatch.es\/wp-content\/themes\/inmobasolidbase\/dist\/src\/images\/icons.svg#svgPortfolio\"\/>\n\t\t\t<\/svg>\n\t\t\t<svg class=\"d-none\" width=\"20\" fill=\"currentColor\" viewBox=\"0 0 512 512\">\n\t\t\t\t<use href=\"https:\/\/www.homewatch.es\/wp-content\/themes\/inmobasolidbase\/dist\/src\/images\/icons.svg#svgPortfolioIn\"\/>\n\t\t\t<\/svg>\n\t\t<\/a>\n\t\t<picture class=\"ratio ratio-4x3\"><source width=\"1920\" height=\"1080\" srcset=\"https:\/\/media.inmobalia.com\/imgV1\/B8vEv5Xh_VThvnEqMx4G0YtA8lAADdw1sBC5uN5pSX6~ImMWYg0nYa_EPSP~fBpYtvgHs5QKecPwE1~j5DU_pylbu6cBdu0PgVunDxnkMoeY79Gll7Nv5AHhYwCGots7LHLh2Ub7p_BW0HJxAB0NLhakazBfU_eNZAJEuNQhlK7jWdQfYqwsydwkAy9VS7jF.jpg 1920w,https:\/\/media.inmobalia.com\/imgV1\/B8vEv5Xh_Vjzl4qKP9bJW21eHCmW9PWrQV6IDk9EjA79dASSMmDBrXf04FgH6wp0ylU42MWPePEey7rkY1j3kMIGs3YrRSP6UhHPWG1enKzuplcdy8f~NYm7bTbKkeM5EmP_j~7MRnr~YZNLnr2nkb7~mGpBj~6bn7z6vxTfZnXHmkyvaYTtANATwtVwnz4-.jpg 1580w,https:\/\/media.inmobalia.com\/imgV1\/B8vEv5Xh~9eLgpFkvD55S4O4_vRpfi7Zj~8WTFZMGThfizi~_Y~NgoiVzdN9MsuXYCpgHq7NOfhSSsV~~CvXOR8biNDSQCuIy3z~JafSwduxBEndespnQYPOGloQON4~nZJ~IqLE9uhBVg0A7wu7LgA59RmHZsuLAZLI4V1TmKuoLMtRqNVldxA8HCtY4Q--.jpg 774w\" type=\"image\/webp\"><img loading=\"lazy\" decoding=\"async\" class=\"image-fit\" alt=\"Apartamento de lujo de 1 dormitorio con vistas monta\u00f1a y terraza privada, Milla de Oro Marbella\" width=\"1920\" height=\"1080\" src=\"https:\/\/media.inmobalia.com\/imgV1\/B8vEv5Xh_VThvnEqMx4G0ZxU~~H0Ar_8Bn_AfAx~4dnt796zQ9QIPwzdr9PkzIdRpbeOYktBAPFfTt23HPhndt5b7cRr2vg76pmKvptCGz41lr5j8fD3JXEXEDJrMHawIRpxGpsodtQPFinbbJeKCA2AK3lvMxgWo81cVOnsV54-.jpg\"><\/picture>\t\t\t<\/figure>\n\t<div class=\"h-100 d-flex flex-column\">\n\t\t<span class=\"d-block card-area\">\n\t\t\tMarbella Golden Mile\t\t<\/span>\n\t\t\n\n\t\t\t<div class=\"card-price d-flex flex-column\">\n\t\t<strong class=\"me-1\">Desde <span data-original-price=\"68\">68\u00a0\u20ac<\/span><span data-period> por dia <\/span><\/strong>\t\t<\/div>\n\t\n\t\t<ul class=\"card-features list-unstyled d-flex flex-wrap align-items-center mb-0\">\n\t\t\t\t\t\t\t<li class=\"d-flex align-items-center me-3\">\n\t\t\t\t\t1 dormitorio\t\t\t\t<\/li>\n\t\t\t\t\t\t\t<li class=\"d-flex align-items-center me-3\">\n\t\t\t\t\t1 ba\u00f1o\t\t\t\t<\/li>\n\t\t\t\t\t\t\t<li class=\"d-flex align-items-center me-3\">\n\t\t\t\t\t125 m&sup2; construido\t\t\t\t<\/li>\n\t\t\t\t\t<\/ul>\n\t\t<h4 class=\"card-title mb-0\">\n\t\t\t<a class=\"stretched-link\" href=\"\/alquiler\/terrazas-de-coto-real\/apartamentos-y-pisos\/199\">Apartamento de lujo de 1 dormitorio con vistas monta\u00f1a y terraza privada, Milla de Oro Marbella<\/a>\n\t\t<\/h4>\n\t\t\t<\/div>\n<\/article>\t\t\t\t\t\t<article class=\"f-carousel__slide card col position-relative flex-column\">\n\t<figure class=\"position-relative w-100 mb-2\">\n\t\t<a class=\"card-portfolio position-absolute\" data-pfl-id=\"529273\" data-pfl-filter=\"rent-short\" href=\"#\">\n\t\t\t<svg width=\"20\" fill=\"currentColor\" viewBox=\"0 0 512 512\">\n\t\t\t\t<use href=\"https:\/\/www.homewatch.es\/wp-content\/themes\/inmobasolidbase\/dist\/src\/images\/icons.svg#svgPortfolio\"\/>\n\t\t\t<\/svg>\n\t\t\t<svg class=\"d-none\" width=\"20\" fill=\"currentColor\" viewBox=\"0 0 512 512\">\n\t\t\t\t<use href=\"https:\/\/www.homewatch.es\/wp-content\/themes\/inmobasolidbase\/dist\/src\/images\/icons.svg#svgPortfolioIn\"\/>\n\t\t\t<\/svg>\n\t\t<\/a>\n\t\t<picture class=\"ratio ratio-4x3\"><source width=\"1920\" height=\"1080\" srcset=\"https:\/\/media.inmobalia.com\/imgV1\/B8vEv5Xh_VThvnEqMx4G0YtA8lAADdw1sBC5uN5pSX6~ImMWYg0nYa_EPSP~fBpYtvgHs5QKecPwE1~j5DU_pylbu6cBdu0PgVunDxnkMoeY79Gll7Nv5AHhYwCGots7LHLh2Ub~jD3V5_p9dQz3ZcpSXSSZjkBD0NHxY6wKWU~7azeASQ7TnWy2_oDeqQ7F.jpg 1920w,https:\/\/media.inmobalia.com\/imgV1\/B8vEv5Xh_Vjzl4qKP9bJW21eHCmW9PWrQV6IDk9EjA79dASSMmDBrXf04FgH6wp0ylU42MWPePEey7rkY1j3kMIGs3YrRSP6UhHPWG1enKzuplcdy8f~NYm7bTbKkeM5EmP_j~rxCzyH6uq~hz35AOr1_bCI0aGTiSSGkS~bgHlfbm6lG1FZGFNjZXNTZKc-.jpg 1580w,https:\/\/media.inmobalia.com\/imgV1\/B8vEv5Xh~9eLgpFkvD55S4O4_vRpfi7Zj~8WTFZMGThfizi~_Y~NgoiVzdN9MsuXYCpgHq7NOfhSSsV~~CvXOR8biNDSQCuIy3z~JafSwduxBEndespnQYPOGloQON4~nZJ~JpcyTdmpFJmxcUvpEqQXCrG9_WFyTzpliJ5wrvUby67M5SFJJ04_cqtIkA--.jpg 774w\" type=\"image\/webp\"><img loading=\"lazy\" decoding=\"async\" class=\"image-fit\" alt=\"\u00c1tico de lujo 3 dormitorios Almazara Hills con vistas al mar Costa del Sol\" width=\"1920\" height=\"1080\" src=\"https:\/\/media.inmobalia.com\/imgV1\/B8vEv5Xh_VThvnEqMx4G0ZxU~~H0Ar_8Bn_AfAx~4dnt796zQ9QIPwzdr9PkzIdRpbeOYktBAPFfTt23HPhndt5b7cRr2vg76pmKvptCGz41lr5j8fR7G~BfoY4QHVFawoLY0ZkymBOxDdGoz5RVWm3qsWHTs_gFcAQvf_195y8-.jpg\"><\/picture>\t\t\t<\/figure>\n\t<div class=\"h-100 d-flex flex-column\">\n\t\t<span class=\"d-block card-area\">\n\t\t\tCerros del Lago\t\t<\/span>\n\t\t\n\n\t\t\t<div class=\"card-price d-flex flex-column\">\n\t\t<strong class=\"me-1\">Desde <span data-original-price=\"190\">190\u00a0\u20ac<\/span><span data-period> por dia <\/span><\/strong>\t\t<\/div>\n\t\n\t\t<ul class=\"card-features list-unstyled d-flex flex-wrap align-items-center mb-0\">\n\t\t\t\t\t\t\t<li class=\"d-flex align-items-center me-3\">\n\t\t\t\t\t3 dormitorios\t\t\t\t<\/li>\n\t\t\t\t\t\t\t<li class=\"d-flex align-items-center me-3\">\n\t\t\t\t\t2 ba\u00f1os\t\t\t\t<\/li>\n\t\t\t\t\t\t\t<li class=\"d-flex align-items-center me-3\">\n\t\t\t\t\t281 m&sup2; construido\t\t\t\t<\/li>\n\t\t\t\t\t<\/ul>\n\t\t<h4 class=\"card-title mb-0\">\n\t\t\t<a class=\"stretched-link\" href=\"\/alquiler\/cerros-del-lago\/aticos\/194\">\u00c1tico de lujo 3 dormitorios Almazara Hills con vistas al mar Costa del Sol<\/a>\n\t\t<\/h4>\n\t\t\t<\/div>\n<\/article>\t\t\t\t\t\t<article class=\"f-carousel__slide card col position-relative flex-column\">\n\t<figure class=\"position-relative w-100 mb-2\">\n\t\t<a class=\"card-portfolio position-absolute\" data-pfl-id=\"511395\" data-pfl-filter=\"rent-short\" href=\"#\">\n\t\t\t<svg width=\"20\" fill=\"currentColor\" viewBox=\"0 0 512 512\">\n\t\t\t\t<use href=\"https:\/\/www.homewatch.es\/wp-content\/themes\/inmobasolidbase\/dist\/src\/images\/icons.svg#svgPortfolio\"\/>\n\t\t\t<\/svg>\n\t\t\t<svg class=\"d-none\" width=\"20\" fill=\"currentColor\" viewBox=\"0 0 512 512\">\n\t\t\t\t<use href=\"https:\/\/www.homewatch.es\/wp-content\/themes\/inmobasolidbase\/dist\/src\/images\/icons.svg#svgPortfolioIn\"\/>\n\t\t\t<\/svg>\n\t\t<\/a>\n\t\t<picture class=\"ratio ratio-4x3\"><source width=\"1920\" height=\"1080\" srcset=\"https:\/\/media.inmobalia.com\/imgV1\/B8vEv5Xh_VThvnEqMx4G0YtA8lAADdw1sBC5uN5pSX6~ImMWYg0nYa_EPSP~fBpYtvgHs5QKecPwE1~j5DU_pylbu6cBdu0PgVunDxnkMoeY79Gll7Nv5AHhYwCGots7LHLh2Uchr~e6KpaHbgo8j_4yf3MFqvZgKlgVpgJLNYSAQZQSlUWewJfgoPvdOZKq.jpg 1920w,https:\/\/media.inmobalia.com\/imgV1\/B8vEv5Xh_Vjzl4qKP9bJW21eHCmW9PWrQV6IDk9EjA79dASSMmDBrXf04FgH6wp0ylU42MWPePEey7rkY1j3kMIGs3YrRSP6UhHPWG1enKzuplcdy8f~NYm7bTbKkeM5EmP_jlUxYDX_ZZYmSaFARPQr9FJQftkjd3wC4jwr2OMubxP4AiQEKz3ofmLNIis-.jpg 1580w,https:\/\/media.inmobalia.com\/imgV1\/B8vEv5Xh~9eLgpFkvD55S4O4_vRpfi7Zj~8WTFZMGThfizi~_Y~NgoiVzdN9MsuXYCpgHq7NOfhSSsV~~CvXOR8biNDSQCuIy3z~JafSwduxBEndespnQYPOGloQON4~nZJ_cxsozorrMBgKSBbT8s8kQAC9jMsWMqa0~lAErKm3z98toyqeA2gB6hC9Lw--.jpg 774w\" type=\"image\/webp\"><img loading=\"lazy\" decoding=\"async\" class=\"image-fit\" alt=\"Apartamento vacacional de 3 dormitorios frente al mar en Torremolinos\" width=\"1920\" height=\"1080\" src=\"https:\/\/media.inmobalia.com\/imgV1\/B8vEv5Xh_VThvnEqMx4G0ZxU~~H0Ar_8Bn_AfAx~4dnt796zQ9QIPwzdr9PkzIdRpbeOYktBAPFfTt23HPhndt5b7cRr2vg76pmKvptCGz41lr5j8PY2LSGfHdAIf6BnlgKWrn6POtEMrXYancr2SVDGx9IsbxN2PRdE_XDhOZA-.jpg\"><\/picture>\t\t\t<\/figure>\n\t<div class=\"h-100 d-flex flex-column\">\n\t\t<span class=\"d-block card-area\">\n\t\t\tPlayamar\t\t<\/span>\n\t\t\n\n\t\t\t<div class=\"card-price d-flex flex-column\">\n\t\t<strong class=\"me-1\">Desde <span data-original-price=\"112\">112\u00a0\u20ac<\/span><span data-period> por dia <\/span><\/strong>\t\t<\/div>\n\t\n\t\t<ul class=\"card-features list-unstyled d-flex flex-wrap align-items-center mb-0\">\n\t\t\t\t\t\t\t<li class=\"d-flex align-items-center me-3\">\n\t\t\t\t\t3 dormitorios\t\t\t\t<\/li>\n\t\t\t\t\t\t\t<li class=\"d-flex align-items-center me-3\">\n\t\t\t\t\t2 ba\u00f1os\t\t\t\t<\/li>\n\t\t\t\t\t\t\t<li class=\"d-flex align-items-center me-3\">\n\t\t\t\t\t94 m&sup2; construido\t\t\t\t<\/li>\n\t\t\t\t\t<\/ul>\n\t\t<h4 class=\"card-title mb-0\">\n\t\t\t<a class=\"stretched-link\" href=\"\/alquiler\/playamar\/apartamentos-y-pisos\/192\">Apartamento vacacional de 3 dormitorios frente al mar en Torremolinos<\/a>\n\t\t<\/h4>\n\t\t\t<\/div>\n<\/article>\t\t\t\t\t\t<article class=\"f-carousel__slide card col position-relative flex-column\">\n\t<figure class=\"position-relative w-100 mb-2\">\n\t\t<a class=\"card-portfolio position-absolute\" data-pfl-id=\"487832\" data-pfl-filter=\"rent-short\" href=\"#\">\n\t\t\t<svg width=\"20\" fill=\"currentColor\" viewBox=\"0 0 512 512\">\n\t\t\t\t<use href=\"https:\/\/www.homewatch.es\/wp-content\/themes\/inmobasolidbase\/dist\/src\/images\/icons.svg#svgPortfolio\"\/>\n\t\t\t<\/svg>\n\t\t\t<svg class=\"d-none\" width=\"20\" fill=\"currentColor\" viewBox=\"0 0 512 512\">\n\t\t\t\t<use href=\"https:\/\/www.homewatch.es\/wp-content\/themes\/inmobasolidbase\/dist\/src\/images\/icons.svg#svgPortfolioIn\"\/>\n\t\t\t<\/svg>\n\t\t<\/a>\n\t\t<picture class=\"ratio ratio-4x3\"><source width=\"1920\" height=\"1080\" srcset=\"https:\/\/media.inmobalia.com\/imgV1\/B8vEv5Xh_VThvnEqMx4G0YtA8lAADdw1sBC5uN5pSX6~ImMWYg0nYa_EPSP~fBpYtvgHs5QKecPwE1~j5DU_pylbu6cBdu0PgVunDxnkMoeY79Gll7Nv5AHhYwCGots7LHLh2UcoMWTxBeqddAXLCMtVoY0q2iJA92ku7kOw2L~fSwtdq_MltzmGTnBxkwIr.jpg 1920w,https:\/\/media.inmobalia.com\/imgV1\/B8vEv5Xh_Vjzl4qKP9bJW21eHCmW9PWrQV6IDk9EjA79dASSMmDBrXf04FgH6wp0ylU42MWPePEey7rkY1j3kMIGs3YrRSP6UhHPWG1enKzuplcdy8f~NYm7bTbKkeM5EmP_jlytHSXMmkZP7z8JkVhpQHKnKoahnve8VSIynWFbEFag5xpViu8VYbAiiyY-.jpg 1580w,https:\/\/media.inmobalia.com\/imgV1\/B8vEv5Xh~9eLgpFkvD55S4O4_vRpfi7Zj~8WTFZMGThfizi~_Y~NgoiVzdN9MsuXYCpgHq7NOfhSSsV~~CvXOR8biNDSQCuIy3z~JafSwduxBEndespnQYPOGloQON4~nZJ_evW7CMYbihnx8HwVfsmOcFwUBrVuTbJYBNUVhfp4lzehpDuH2urBhVXbrg--.jpg 774w\" type=\"image\/webp\"><img loading=\"lazy\" decoding=\"async\" class=\"image-fit\" alt=\"Apartamento de lujo de 2 dormitorios con vistas al mar en Oj\u00e9n\" width=\"1920\" height=\"1080\" src=\"https:\/\/media.inmobalia.com\/imgV1\/B8vEv5Xh_VThvnEqMx4G0ZxU~~H0Ar_8Bn_AfAx~4dnt796zQ9QIPwzdr9PkzIdRpbeOYktBAPFfTt23HPhndt5b7cRr2vg76pmKvptCGz41lr5j8P8fwo7zuwO0cd2QGWh1mz4u6fIxckP9nIpop3CaYknXTAMJGeA4B__3PXw-.jpg\"><\/picture>\t\t\t<\/figure>\n\t<div class=\"h-100 d-flex flex-column\">\n\t\t<span class=\"d-block card-area\">\n\t\t\tPalo Alto\t\t<\/span>\n\t\t\n\n\t\t\t<div class=\"card-price d-flex flex-column\">\n\t\t<strong class=\"me-1\">Desde <span data-original-price=\"510\">510\u00a0\u20ac<\/span><span data-period> por dia <\/span><\/strong>\t\t<\/div>\n\t\n\t\t<ul class=\"card-features list-unstyled d-flex flex-wrap align-items-center mb-0\">\n\t\t\t\t\t\t\t<li class=\"d-flex align-items-center me-3\">\n\t\t\t\t\t2 dormitorios\t\t\t\t<\/li>\n\t\t\t\t\t\t\t<li class=\"d-flex align-items-center me-3\">\n\t\t\t\t\t2 ba\u00f1os\t\t\t\t<\/li>\n\t\t\t\t\t\t\t<li class=\"d-flex align-items-center me-3\">\n\t\t\t\t\t97 m&sup2; construido\t\t\t\t<\/li>\n\t\t\t\t\t<\/ul>\n\t\t<h4 class=\"card-title mb-0\">\n\t\t\t<a class=\"stretched-link\" href=\"\/alquiler\/palo-alto\/apartamentos-y-pisos\/189\">Apartamento de lujo de 2 dormitorios con vistas al mar en Oj\u00e9n<\/a>\n\t\t<\/h4>\n\t\t\t<\/div>\n<\/article>\t\t\t\t\t\t<article class=\"f-carousel__slide card col position-relative flex-column\">\n\t<figure class=\"position-relative w-100 mb-2\">\n\t\t<a class=\"card-portfolio position-absolute\" data-pfl-id=\"484845\" data-pfl-filter=\"rent-short\" href=\"#\">\n\t\t\t<svg width=\"20\" fill=\"currentColor\" viewBox=\"0 0 512 512\">\n\t\t\t\t<use href=\"https:\/\/www.homewatch.es\/wp-content\/themes\/inmobasolidbase\/dist\/src\/images\/icons.svg#svgPortfolio\"\/>\n\t\t\t<\/svg>\n\t\t\t<svg class=\"d-none\" width=\"20\" fill=\"currentColor\" viewBox=\"0 0 512 512\">\n\t\t\t\t<use href=\"https:\/\/www.homewatch.es\/wp-content\/themes\/inmobasolidbase\/dist\/src\/images\/icons.svg#svgPortfolioIn\"\/>\n\t\t\t<\/svg>\n\t\t<\/a>\n\t\t<picture class=\"ratio ratio-4x3\"><source width=\"1920\" height=\"1080\" srcset=\"https:\/\/media.inmobalia.com\/imgV1\/B8vEv5Xh_VThvnEqMx4G0YtA8lAADdw1sBC5uN5pSX6~ImMWYg0nYa_EPSP~fBpYtvgHs5QKecPwE1~j5DU_pylbu6cBdu0PgVunDxnkMoeY79Gll7Nv5AHhYwCGots7LHLh2UghiHpQB1bbdrAxFjPufsKzIRqwpbpiAZ0zYawcM14LVKyVtofw67cKh1dk.jpg 1920w,https:\/\/media.inmobalia.com\/imgV1\/B8vEv5Xh_Vjzl4qKP9bJW21eHCmW9PWrQV6IDk9EjA79dASSMmDBrXf04FgH6wp0ylU42MWPePEey7rkY1j3kMIGs3YrRSP6UhHPWG1enKzuplcdy8f~NYm7bTbKkeM5EmP_gXlmDqfuK3U8hHTFfxqxoj94SCkUbrgEaubrp0kUJzDEcIq8fs9BCGxoE5E-.jpg 1580w,https:\/\/media.inmobalia.com\/imgV1\/B8vEv5Xh~9eLgpFkvD55S4O4_vRpfi7Zj~8WTFZMGThfizi~_Y~NgoiVzdN9MsuXYCpgHq7NOfhSSsV~~CvXOR8biNDSQCuIy3z~JafSwduxBEndespnQYPOGloQON4~nZJx~MATRJMXbulBU5G_kmzkzxlSX9cPdRfp1SG7ZqdU17KrZBm48j8YUJJk8A--.jpg 774w\" type=\"image\/webp\"><img loading=\"lazy\" decoding=\"async\" class=\"image-fit\" alt=\"Alquiler vacacional primera l\u00ednea playa Marbella con 4 dormitorios, vistas mar en Puerto Ban\u00fas\" width=\"1920\" height=\"1080\" src=\"https:\/\/media.inmobalia.com\/imgV1\/B8vEv5Xh_VThvnEqMx4G0ZxU~~H0Ar_8Bn_AfAx~4dnt796zQ9QIPwzdr9PkzIdRpbeOYktBAPFfTt23HPhndt5b7cRr2vg76pmKvptCGz41lr5j~5EAmPAzP7BN3vyiY6Zl1fK~KkwoPx8IYYQW8CMIoDso2JQteom_9V9pCk8-.jpg\"><\/picture>\t\t\t<\/figure>\n\t<div class=\"h-100 d-flex flex-column\">\n\t\t<span class=\"d-block card-area\">\n\t\t\tMarbella - Puerto Banus\t\t<\/span>\n\t\t\n\n\t\t\t<div class=\"card-price d-flex flex-column\">\n\t\t<strong class=\"me-1\">Desde <span data-original-price=\"153\">153\u00a0\u20ac<\/span><span data-period> por dia <\/span><\/strong>\t\t<\/div>\n\t\n\t\t<ul class=\"card-features list-unstyled d-flex flex-wrap align-items-center mb-0\">\n\t\t\t\t\t\t\t<li class=\"d-flex align-items-center me-3\">\n\t\t\t\t\t4 dormitorios\t\t\t\t<\/li>\n\t\t\t\t\t\t\t<li class=\"d-flex align-items-center me-3\">\n\t\t\t\t\t3 ba\u00f1os\t\t\t\t<\/li>\n\t\t\t\t\t\t\t<li class=\"d-flex align-items-center me-3\">\n\t\t\t\t\t252 m&sup2; construido\t\t\t\t<\/li>\n\t\t\t\t\t<\/ul>\n\t\t<h4 class=\"card-title mb-0\">\n\t\t\t<a class=\"stretched-link\" href=\"\/alquiler\/playas-del-duque\/apartamentos-planta-baja\/178\">Alquiler vacacional primera l\u00ednea playa Marbella con 4 dormitorios, vistas mar en Puerto Ban\u00fas<\/a>\n\t\t<\/h4>\n\t\t\t<\/div>\n<\/article>\t\t\t\t\t\t<article class=\"f-carousel__slide card col position-relative flex-column\">\n\t<figure class=\"position-relative w-100 mb-2\">\n\t\t<a class=\"card-portfolio position-absolute\" data-pfl-id=\"480704\" data-pfl-filter=\"rent-short\" href=\"#\">\n\t\t\t<svg width=\"20\" fill=\"currentColor\" viewBox=\"0 0 512 512\">\n\t\t\t\t<use href=\"https:\/\/www.homewatch.es\/wp-content\/themes\/inmobasolidbase\/dist\/src\/images\/icons.svg#svgPortfolio\"\/>\n\t\t\t<\/svg>\n\t\t\t<svg class=\"d-none\" width=\"20\" fill=\"currentColor\" viewBox=\"0 0 512 512\">\n\t\t\t\t<use href=\"https:\/\/www.homewatch.es\/wp-content\/themes\/inmobasolidbase\/dist\/src\/images\/icons.svg#svgPortfolioIn\"\/>\n\t\t\t<\/svg>\n\t\t<\/a>\n\t\t<picture class=\"ratio ratio-4x3\"><source width=\"1920\" height=\"1080\" srcset=\"https:\/\/media.inmobalia.com\/imgV1\/B8vEv5Xh_VThvnEqMx4G0YtA8lAADdw1sBC5uN5pSX6~ImMWYg0nYa_EPSP~fBpYtvgHs5QKecPwE1~j5DU_pylbu6cBdu0PgVunDxnkMoeY79Gll7Nv5AHhYwCGots7LHLh2UgrTsUX1r7qyKcjCjjxUmOVGfl8B4kfTvMkeAxu3FHyqZVI4FcgWQrR8MJE.jpg 1920w,https:\/\/media.inmobalia.com\/imgV1\/B8vEv5Xh_Vjzl4qKP9bJW21eHCmW9PWrQV6IDk9EjA79dASSMmDBrXf04FgH6wp0ylU42MWPePEey7rkY1j3kMIGs3YrRSP6UhHPWG1enKzuplcdy8f~NYm7bTbKkeM5EmP_gXNy2rycirkccZEzx6CYTqv3mjFq_WLramd3vtXQvmmxCirnarcmEU6XmrE-.jpg 1580w,https:\/\/media.inmobalia.com\/imgV1\/B8vEv5Xh~9eLgpFkvD55S4O4_vRpfi7Zj~8WTFZMGThfizi~_Y~NgoiVzdN9MsuXYCpgHq7NOfhSSsV~~CvXOR8biNDSQCuIy3z~JafSwduxBEndespnQYPOGloQON4~nZJx9pkG1R_2Z5zhfTz0sfl8_CUm9wXql4brJB8XV2_HrfZ8HidjKB1YcA6i1Q--.jpg 774w\" type=\"image\/webp\"><img loading=\"lazy\" decoding=\"async\" class=\"image-fit\" alt=\"Apartamento vacacional junto a la playa con terraza soleada, Costabella Marbella\" width=\"1920\" height=\"1080\" src=\"https:\/\/media.inmobalia.com\/imgV1\/B8vEv5Xh_VThvnEqMx4G0ZxU~~H0Ar_8Bn_AfAx~4dnt796zQ9QIPwzdr9PkzIdRpbeOYktBAPFfTt23HPhndt5b7cRr2vg76pmKvptCGz41lr5j~5tqWfof3_RhfT_PnHMUszXVLsh51HWBZP0JW8GN7auFEKYAG4RNpdyfriY-.jpg\"><\/picture>\t\t\t<\/figure>\n\t<div class=\"h-100 d-flex flex-column\">\n\t\t<span class=\"d-block card-area\">\n\t\t\tMarbella Este\t\t<\/span>\n\t\t\n\n\t\t\t<div class=\"card-price d-flex flex-column\">\n\t\t<strong class=\"me-1\">Desde <span data-original-price=\"82\">82\u00a0\u20ac<\/span><span data-period> por dia <\/span><\/strong><strong class=\"me-1\"><span data-original-price=\"1500\">1.500\u00a0\u20ac<\/span><span data-period> montly rental (November-March)<\/span><\/strong>\t\t<\/div>\n\t\n\t\t<ul class=\"card-features list-unstyled d-flex flex-wrap align-items-center mb-0\">\n\t\t\t\t\t\t\t<li class=\"d-flex align-items-center me-3\">\n\t\t\t\t\t1 dormitorio\t\t\t\t<\/li>\n\t\t\t\t\t\t\t<li class=\"d-flex align-items-center me-3\">\n\t\t\t\t\t1 ba\u00f1o\t\t\t\t<\/li>\n\t\t\t\t\t\t\t<li class=\"d-flex align-items-center me-3\">\n\t\t\t\t\t72 m&sup2; construido\t\t\t\t<\/li>\n\t\t\t\t\t<\/ul>\n\t\t<h4 class=\"card-title mb-0\">\n\t\t\t<a class=\"stretched-link\" href=\"\/alquiler\/costabella\/casas\/126\">Apartamento vacacional junto a la playa con terraza soleada, Costabella Marbella<\/a>\n\t\t<\/h4>\n\t\t\t<\/div>\n<\/article>\t\t\t\t\t\t<article class=\"f-carousel__slide card col position-relative flex-column\">\n\t<figure class=\"position-relative w-100 mb-2\">\n\t\t<a class=\"card-portfolio position-absolute\" data-pfl-id=\"480005\" data-pfl-filter=\"rent-short\" href=\"#\">\n\t\t\t<svg width=\"20\" fill=\"currentColor\" viewBox=\"0 0 512 512\">\n\t\t\t\t<use href=\"https:\/\/www.homewatch.es\/wp-content\/themes\/inmobasolidbase\/dist\/src\/images\/icons.svg#svgPortfolio\"\/>\n\t\t\t<\/svg>\n\t\t\t<svg class=\"d-none\" width=\"20\" fill=\"currentColor\" viewBox=\"0 0 512 512\">\n\t\t\t\t<use href=\"https:\/\/www.homewatch.es\/wp-content\/themes\/inmobasolidbase\/dist\/src\/images\/icons.svg#svgPortfolioIn\"\/>\n\t\t\t<\/svg>\n\t\t<\/a>\n\t\t<picture class=\"ratio ratio-4x3\"><source width=\"1920\" height=\"1080\" srcset=\"https:\/\/media.inmobalia.com\/imgV1\/B8vEv5Xh_VThvnEqMx4G0YtA8lAADdw1sBC5uN5pSX6~ImMWYg0nYa_EPSP~fBpYtvgHs5QKecPwE1~j5DU_pylbu6cBdu0PgVunDxnkMoeY79Gll7Nv5AHhYwCGots7LHLh2Ugo5_1GwBvQuXtFryFwrA8QWUfnSmqnOjXyvbaTmOJIXpWh1~Vb7LfI8jCJ.jpg 1920w,https:\/\/media.inmobalia.com\/imgV1\/B8vEv5Xh_Vjzl4qKP9bJW21eHCmW9PWrQV6IDk9EjA79dASSMmDBrXf04FgH6wp0ylU42MWPePEey7rkY1j3kMIGs3YrRSP6UhHPWG1enKzuplcdy8f~NYm7bTbKkeM5EmP_gXCegnZU3TfrMKaJqAMHp5ylQNsG00HYcYM_XB6qnxh0jh6Oz~VlIi6DkfU-.jpg 1580w,https:\/\/media.inmobalia.com\/imgV1\/B8vEv5Xh~9eLgpFkvD55S4O4_vRpfi7Zj~8WTFZMGThfizi~_Y~NgoiVzdN9MsuXYCpgHq7NOfhSSsV~~CvXOR8biNDSQCuIy3z~JafSwduxBEndespnQYPOGloQON4~nZJx9XkH34AEFGI0BY0DfPg8~Mov5w_tO07zXXAnG68jLphd01EDPe21Y1Qcsg--.jpg 774w\" type=\"image\/webp\"><img loading=\"lazy\" decoding=\"async\" class=\"image-fit\" alt=\"Apartamento vacacional de 2 dormitorios en Marbella Este con piscina comunitaria en Elviria\" width=\"1920\" height=\"1080\" src=\"https:\/\/media.inmobalia.com\/imgV1\/B8vEv5Xh_VThvnEqMx4G0ZxU~~H0Ar_8Bn_AfAx~4dnt796zQ9QIPwzdr9PkzIdRpbeOYktBAPFfTt23HPhndt5b7cRr2vg76pmKvptCGz41lr5j~5jHmZAHgWnjJvv2kAi32ZDo1A8f8ZeBw_Uo2qRhCFyTREswfDsriqrqRjE-.jpg\"><\/picture>\t\t\t<\/figure>\n\t<div class=\"h-100 d-flex flex-column\">\n\t\t<span class=\"d-block card-area\">\n\t\t\tMarbella Este\t\t<\/span>\n\t\t\n\n\t\t\t<div class=\"card-price d-flex flex-column\">\n\t\t<strong class=\"me-1\">Desde <span data-original-price=\"68\">68\u00a0\u20ac<\/span><span data-period> por dia <\/span><\/strong><strong class=\"me-1\"><span data-original-price=\"1600\">1.600\u00a0\u20ac<\/span><span data-period> montly rental (November-March)<\/span><\/strong>\t\t<\/div>\n\t\n\t\t<ul class=\"card-features list-unstyled d-flex flex-wrap align-items-center mb-0\">\n\t\t\t\t\t\t\t<li class=\"d-flex align-items-center me-3\">\n\t\t\t\t\t2 dormitorios\t\t\t\t<\/li>\n\t\t\t\t\t\t\t<li class=\"d-flex align-items-center me-3\">\n\t\t\t\t\t2 ba\u00f1os\t\t\t\t<\/li>\n\t\t\t\t\t\t\t<li class=\"d-flex align-items-center me-3\">\n\t\t\t\t\t78 m&sup2; construido\t\t\t\t<\/li>\n\t\t\t\t\t<\/ul>\n\t\t<h4 class=\"card-title mb-0\">\n\t\t\t<a class=\"stretched-link\" href=\"\/alquiler\/elviria\/apartamentos-y-pisos\/169\">Apartamento vacacional de 2 dormitorios en Marbella Este con piscina comunitaria en Elviria<\/a>\n\t\t<\/h4>\n\t\t\t<\/div>\n<\/article>\t\t\t\t\t\t<article class=\"f-carousel__slide card col position-relative flex-column\">\n\t<figure class=\"position-relative w-100 mb-2\">\n\t\t<a class=\"card-portfolio position-absolute\" data-pfl-id=\"479644\" data-pfl-filter=\"rent-short\" href=\"#\">\n\t\t\t<svg width=\"20\" fill=\"currentColor\" viewBox=\"0 0 512 512\">\n\t\t\t\t<use href=\"https:\/\/www.homewatch.es\/wp-content\/themes\/inmobasolidbase\/dist\/src\/images\/icons.svg#svgPortfolio\"\/>\n\t\t\t<\/svg>\n\t\t\t<svg class=\"d-none\" width=\"20\" fill=\"currentColor\" viewBox=\"0 0 512 512\">\n\t\t\t\t<use href=\"https:\/\/www.homewatch.es\/wp-content\/themes\/inmobasolidbase\/dist\/src\/images\/icons.svg#svgPortfolioIn\"\/>\n\t\t\t<\/svg>\n\t\t<\/a>\n\t\t<picture class=\"ratio ratio-4x3\"><source width=\"1920\" height=\"1080\" srcset=\"https:\/\/media.inmobalia.com\/imgV1\/B8vEv5Xh_VThvnEqMx4G0YtA8lAADdw1sBC5uN5pSX6~ImMWYg0nYa_EPSP~fBpYtvgHs5QKecPwE1~j5DU_pylbu6cBdu0PgVunDxnkMoeY79Gll7Nv5AHhYwCGots7LHLh2Ugpl~U3d3LMSigjhum7FU8HSmN_Xn_wyUQ~5KDcOB4jJ7MO7YwpgYv0MvuD.jpg 1920w,https:\/\/media.inmobalia.com\/imgV1\/B8vEv5Xh_Vjzl4qKP9bJW21eHCmW9PWrQV6IDk9EjA79dASSMmDBrXf04FgH6wp0ylU42MWPePEey7rkY1j3kMIGs3YrRSP6UhHPWG1enKzuplcdy8f~NYm7bTbKkeM5EmP_gXGodyYeGAq2~UPyelmHUlETntYaUWcSFagJoDLm0KYOO7wD~2N~~rPJoMs-.jpg 1580w,https:\/\/media.inmobalia.com\/imgV1\/B8vEv5Xh~9eLgpFkvD55S4O4_vRpfi7Zj~8WTFZMGThfizi~_Y~NgoiVzdN9MsuXYCpgHq7NOfhSSsV~~CvXOR8biNDSQCuIy3z~JafSwduxBEndespnQYPOGloQON4~nZJx9ArD~dxSg8FBsmbyExLj31XVCLYg89wJzURoFvhM5Xj8nK8pk3INT~o0Pw--.jpg 774w\" type=\"image\/webp\"><img loading=\"lazy\" decoding=\"async\" class=\"image-fit\" alt=\"\u00c1tico de lujo primera l\u00ednea playa con 3 dormitorios en Bah\u00eda Marbella\" width=\"1920\" height=\"1080\" src=\"https:\/\/media.inmobalia.com\/imgV1\/B8vEv5Xh_VThvnEqMx4G0ZxU~~H0Ar_8Bn_AfAx~4dnt796zQ9QIPwzdr9PkzIdRpbeOYktBAPFfTt23HPhndt5b7cRr2vg76pmKvptCGz41lr5j~5nLZe5AFFQ4HNsX5vFQumpvvGYGvYQAiLoBXC9~PEa1RqaYRfota3iKpWM-.jpg\"><\/picture>\t\t\t<\/figure>\n\t<div class=\"h-100 d-flex flex-column\">\n\t\t<span class=\"d-block card-area\">\n\t\t\tMarbella Este\t\t<\/span>\n\t\t\n\n\t\t\t<div class=\"card-price d-flex flex-column\">\n\t\t<strong class=\"me-1\">Desde <span data-original-price=\"132\">132\u00a0\u20ac<\/span><span data-period> por dia <\/span><\/strong><strong class=\"me-1\"><span data-original-price=\"3100\">3.100\u00a0\u20ac<\/span><span data-period> montly rental (November-March)<\/span><\/strong>\t\t<\/div>\n\t\n\t\t<ul class=\"card-features list-unstyled d-flex flex-wrap align-items-center mb-0\">\n\t\t\t\t\t\t\t<li class=\"d-flex align-items-center me-3\">\n\t\t\t\t\t3 dormitorios\t\t\t\t<\/li>\n\t\t\t\t\t\t\t<li class=\"d-flex align-items-center me-3\">\n\t\t\t\t\t4 ba\u00f1os\t\t\t\t<\/li>\n\t\t\t\t\t\t\t<li class=\"d-flex align-items-center me-3\">\n\t\t\t\t\t260 m&sup2; construido\t\t\t\t<\/li>\n\t\t\t\t\t<\/ul>\n\t\t<h4 class=\"card-title mb-0\">\n\t\t\t<a class=\"stretched-link\" href=\"\/alquiler\/bahia-de-marbella\/casas\/171\">\u00c1tico de lujo primera l\u00ednea playa con 3 dormitorios en Bah\u00eda Marbella<\/a>\n\t\t<\/h4>\n\t\t\t<\/div>\n<\/article>\t\t\t\t\t\t<article class=\"f-carousel__slide card col position-relative flex-column\">\n\t<figure class=\"position-relative w-100 mb-2\">\n\t\t<a class=\"card-portfolio position-absolute\" data-pfl-id=\"473156\" data-pfl-filter=\"rent-short\" href=\"#\">\n\t\t\t<svg width=\"20\" fill=\"currentColor\" viewBox=\"0 0 512 512\">\n\t\t\t\t<use href=\"https:\/\/www.homewatch.es\/wp-content\/themes\/inmobasolidbase\/dist\/src\/images\/icons.svg#svgPortfolio\"\/>\n\t\t\t<\/svg>\n\t\t\t<svg class=\"d-none\" width=\"20\" fill=\"currentColor\" viewBox=\"0 0 512 512\">\n\t\t\t\t<use href=\"https:\/\/www.homewatch.es\/wp-content\/themes\/inmobasolidbase\/dist\/src\/images\/icons.svg#svgPortfolioIn\"\/>\n\t\t\t<\/svg>\n\t\t<\/a>\n\t\t<picture class=\"ratio ratio-4x3\"><source width=\"1920\" height=\"1080\" srcset=\"https:\/\/media.inmobalia.com\/imgV1\/B8vEv5Xh_VThvnEqMx4G0YtA8lAADdw1sBC5uN5pSX6~ImMWYg0nYa_EPSP~fBpYtvgHs5QKecPwE1~j5DU_pylbu6cBdu0PgVunDxnkMoeY79Gll7Nv5AHhYwCGots7LHLh2UnwdJqmo4ysT85gqvJaqjHBx3uMKdEdjtzMwxqDENYejYxgAHBdkBA0ewLw.jpg 1920w,https:\/\/media.inmobalia.com\/imgV1\/B8vEv5Xh_Vjzl4qKP9bJW21eHCmW9PWrQV6IDk9EjA79dASSMmDBrXf04FgH6wp0ylU42MWPePEey7rkY1j3kMIGs3YrRSP6UhHPWG1enKzuplcdy8f~NYm7bTbKkeM5EmP_gAdR4YP95cF~wY_tPPzw58ndfNKbB4oXx29HWsPaVCe9wqR10wV2dj45lyk-.jpg 1580w,https:\/\/media.inmobalia.com\/imgV1\/B8vEv5Xh~9eLgpFkvD55S4O4_vRpfi7Zj~8WTFZMGThfizi~_Y~NgoiVzdN9MsuXYCpgHq7NOfhSSsV~~CvXOR8biNDSQCuIy3z~JafSwduxBEndespnQYPOGloQON4~nZJwRUYEYmGQ4UtNxo93eD2j5Up5SWrd1izDR_LkbB_UnhmGR7_QONels6WZDw--.jpg 774w\" type=\"image\/webp\"><img loading=\"lazy\" decoding=\"async\" class=\"image-fit\" alt=\"Apartamento vacacional junto a la playa en Puerto Ban\u00fas con parking\" width=\"1920\" height=\"1080\" src=\"https:\/\/media.inmobalia.com\/imgV1\/B8vEv5Xh_VThvnEqMx4G0ZxU~~H0Ar_8Bn_AfAx~4dnt796zQ9QIPwzdr9PkzIdRpbeOYktBAPFfTt23HPhndt5b7cRr2vg76pmKvptCGz41lr5j~ug5IbIGwBCv7PScXFNenXcMps6USxx0pQ6tratNpMEQM21U2_DFGVCu2iI-.jpg\"><\/picture>\t\t\t<\/figure>\n\t<div class=\"h-100 d-flex flex-column\">\n\t\t<span class=\"d-block card-area\">\n\t\t\tMarbella - Puerto Banus\t\t<\/span>\n\t\t\n\n\t\t\t<div class=\"card-price d-flex flex-column\">\n\t\t<strong class=\"me-1\">Desde <span data-original-price=\"107\">107\u00a0\u20ac<\/span><span data-period> por dia <\/span><\/strong><strong class=\"me-1\"><span data-original-price=\"1750\">1.750\u00a0\u20ac<\/span><span data-period> montly rental (November-March)<\/span><\/strong>\t\t<\/div>\n\t\n\t\t<ul class=\"card-features list-unstyled d-flex flex-wrap align-items-center mb-0\">\n\t\t\t\t\t\t\t<li class=\"d-flex align-items-center me-3\">\n\t\t\t\t\t2 dormitorios\t\t\t\t<\/li>\n\t\t\t\t\t\t\t<li class=\"d-flex align-items-center me-3\">\n\t\t\t\t\t1 ba\u00f1o\t\t\t\t<\/li>\n\t\t\t\t\t\t\t<li class=\"d-flex align-items-center me-3\">\n\t\t\t\t\t101 m&sup2; construido\t\t\t\t<\/li>\n\t\t\t\t\t<\/ul>\n\t\t<h4 class=\"card-title mb-0\">\n\t\t\t<a class=\"stretched-link\" href=\"\/alquiler\/marbella-puerto-banus\/apartamentos-y-pisos\/149\">Apartamento vacacional junto a la playa en Puerto Ban\u00fas con parking<\/a>\n\t\t<\/h4>\n\t\t\t<\/div>\n<\/article>\t\t\t\t\t\t<article class=\"f-carousel__slide card col position-relative flex-column\">\n\t<figure class=\"position-relative w-100 mb-2\">\n\t\t<a class=\"card-portfolio position-absolute\" data-pfl-id=\"473038\" data-pfl-filter=\"rent-short\" href=\"#\">\n\t\t\t<svg width=\"20\" fill=\"currentColor\" viewBox=\"0 0 512 512\">\n\t\t\t\t<use href=\"https:\/\/www.homewatch.es\/wp-content\/themes\/inmobasolidbase\/dist\/src\/images\/icons.svg#svgPortfolio\"\/>\n\t\t\t<\/svg>\n\t\t\t<svg class=\"d-none\" width=\"20\" fill=\"currentColor\" viewBox=\"0 0 512 512\">\n\t\t\t\t<use href=\"https:\/\/www.homewatch.es\/wp-content\/themes\/inmobasolidbase\/dist\/src\/images\/icons.svg#svgPortfolioIn\"\/>\n\t\t\t<\/svg>\n\t\t<\/a>\n\t\t<picture class=\"ratio ratio-4x3\"><source width=\"1920\" height=\"1080\" srcset=\"https:\/\/media.inmobalia.com\/imgV1\/B8vEv5Xh_VThvnEqMx4G0YtA8lAADdw1sBC5uN5pSX6~ImMWYg0nYa_EPSP~fBpYtvgHs5QKecPwE1~j5DU_pylbu6cBdu0PgVunDxnkMoeY79Gll7Nv5AHhYwCGots7LHLh2UnzHjEyLjgfn90QfOjxGPcBV5X9oaxr3nf5nWjSlCV7XQYUMFtTZhfTr6Wn.jpg 1920w,https:\/\/media.inmobalia.com\/imgV1\/B8vEv5Xh_Vjzl4qKP9bJW21eHCmW9PWrQV6IDk9EjA79dASSMmDBrXf04FgH6wp0ylU42MWPePEey7rkY1j3kMIGs3YrRSP6UhHPWG1enKzuplcdy8f~NYm7bTbKkeM5EmP_gATdtB7ZJmGLT2OmRavMLSuXZue6ELzJ~bNWwirLwJ8bDuJOudBZwGm~6U8-.jpg 1580w,https:\/\/media.inmobalia.com\/imgV1\/B8vEv5Xh~9eLgpFkvD55S4O4_vRpfi7Zj~8WTFZMGThfizi~_Y~NgoiVzdN9MsuXYCpgHq7NOfhSSsV~~CvXOR8biNDSQCuIy3z~JafSwduxBEndespnQYPOGloQON4~nZJwRuNCFV1OC3RezqG9ZoiqAQrz5hZtCyeX3adN9Na9lYia0zTUEGMQmBsy1A--.jpg 774w\" type=\"image\/webp\"><img loading=\"lazy\" decoding=\"async\" class=\"image-fit\" alt=\"Apartamento de lujo en primera l\u00ednea de playa Puerto Ban\u00fas con vistas al mar\" width=\"1920\" height=\"1080\" src=\"https:\/\/media.inmobalia.com\/imgV1\/B8vEv5Xh_VThvnEqMx4G0ZxU~~H0Ar_8Bn_AfAx~4dnt796zQ9QIPwzdr9PkzIdRpbeOYktBAPFfTt23HPhndt5b7cRr2vg76pmKvptCGz41lr5j~utX0pwAavBixbEV5bLh51R689OTooID0r_IZVf9LV2PShxp5xc0uVBV488-.jpg\"><\/picture>\t\t\t<\/figure>\n\t<div class=\"h-100 d-flex flex-column\">\n\t\t<span class=\"d-block card-area\">\n\t\t\tMarbella - Puerto Banus\t\t<\/span>\n\t\t\n\n\t\t\t<div class=\"card-price d-flex flex-column\">\n\t\t<strong class=\"me-1\">Desde <span data-original-price=\"105\">105\u00a0\u20ac<\/span><span data-period> por dia <\/span><\/strong><strong class=\"me-1\"><span data-original-price=\"1900\">1.900\u00a0\u20ac<\/span><span data-period> montly rental (November-March)<\/span><\/strong>\t\t<\/div>\n\t\n\t\t<ul class=\"card-features list-unstyled d-flex flex-wrap align-items-center mb-0\">\n\t\t\t\t\t\t\t<li class=\"d-flex align-items-center me-3\">\n\t\t\t\t\t2 dormitorios\t\t\t\t<\/li>\n\t\t\t\t\t\t\t<li class=\"d-flex align-items-center me-3\">\n\t\t\t\t\t2 ba\u00f1os\t\t\t\t<\/li>\n\t\t\t\t\t\t\t<li class=\"d-flex align-items-center me-3\">\n\t\t\t\t\t107 m&sup2; construido\t\t\t\t<\/li>\n\t\t\t\t\t<\/ul>\n\t\t<h4 class=\"card-title mb-0\">\n\t\t\t<a class=\"stretched-link\" href=\"\/alquiler\/marbella-puerto-banus\/apartamentos-y-pisos\/150\">Apartamento de lujo en primera l\u00ednea de playa Puerto Ban\u00fas con vistas al mar<\/a>\n\t\t<\/h4>\n\t\t\t<\/div>\n<\/article>\t\t\t\t\t\t<article class=\"f-carousel__slide card col position-relative flex-column\">\n\t<figure class=\"position-relative w-100 mb-2\">\n\t\t<a class=\"card-portfolio position-absolute\" data-pfl-id=\"470428\" data-pfl-filter=\"rent-short\" href=\"#\">\n\t\t\t<svg width=\"20\" fill=\"currentColor\" viewBox=\"0 0 512 512\">\n\t\t\t\t<use href=\"https:\/\/www.homewatch.es\/wp-content\/themes\/inmobasolidbase\/dist\/src\/images\/icons.svg#svgPortfolio\"\/>\n\t\t\t<\/svg>\n\t\t\t<svg class=\"d-none\" width=\"20\" fill=\"currentColor\" viewBox=\"0 0 512 512\">\n\t\t\t\t<use href=\"https:\/\/www.homewatch.es\/wp-content\/themes\/inmobasolidbase\/dist\/src\/images\/icons.svg#svgPortfolioIn\"\/>\n\t\t\t<\/svg>\n\t\t<\/a>\n\t\t<picture class=\"ratio ratio-4x3\"><source width=\"1920\" height=\"1080\" srcset=\"https:\/\/media.inmobalia.com\/imgV1\/B8vEv5Xh_VThvnEqMx4G0YtA8lAADdw1sBC5uN5pSX6~ImMWYg0nYa_EPSP~fBpYtvgHs5QKecPwE1~j5DU_pylbu6cBdu0PgVunDxnkMoeY79Gll7Nv5AHhYwCGots7LHLh2Un0fO9jyvr9vkGtdrHoT6ZYzOqg5g~RWo1NS2CzGZrqtQ8OUv44H4vJ4SRP.jpg 1920w,https:\/\/media.inmobalia.com\/imgV1\/B8vEv5Xh_Vjzl4qKP9bJW21eHCmW9PWrQV6IDk9EjA79dASSMmDBrXf04FgH6wp0ylU42MWPePEey7rkY1j3kMIGs3YrRSP6UhHPWG1enKzuplcdy8f~NYm7bTbKkeM5EmP_gAOa9BzLZgZ9g5v3djyqPayrPkBmeorXvjqpleCxG0A1vG8pXPlxBMGLQaI-.jpg 1580w,https:\/\/media.inmobalia.com\/imgV1\/B8vEv5Xh~9eLgpFkvD55S4O4_vRpfi7Zj~8WTFZMGThfizi~_Y~NgoiVzdN9MsuXYCpgHq7NOfhSSsV~~CvXOR8biNDSQCuIy3z~JafSwduxBEndespnQYPOGloQON4~nZJwQerqYtXSbWMIp8SAtcIFq1450_bG00JFML3J0kwzooHkx2aWv3uVCrTphg--.jpg 774w\" type=\"image\/webp\"><img loading=\"lazy\" decoding=\"async\" class=\"image-fit\" alt=\"Apartamento vacacional 2 dormitorios Golden Mile con piscina comunitaria\" width=\"1920\" height=\"1080\" src=\"https:\/\/media.inmobalia.com\/imgV1\/B8vEv5Xh_VThvnEqMx4G0ZxU~~H0Ar_8Bn_AfAx~4dnt796zQ9QIPwzdr9PkzIdRpbeOYktBAPFfTt23HPhndt5b7cRr2vg76pmKvptCGz41lr5j~uyClyZOCAOk2AXQrLod3LqSc2D7Iia7xonKzNdmAVBapdByCxoEKycIOLQ-.jpg\"><\/picture>\t\t\t<\/figure>\n\t<div class=\"h-100 d-flex flex-column\">\n\t\t<span class=\"d-block card-area\">\n\t\t\tMarbella Golden Mile\t\t<\/span>\n\t\t\n\n\t\t\t<div class=\"card-price d-flex flex-column\">\n\t\t<strong class=\"me-1\">Desde <span data-original-price=\"68\">68\u00a0\u20ac<\/span><span data-period> por dia <\/span><\/strong><strong class=\"me-1\"><span data-original-price=\"1500\">1.500\u00a0\u20ac<\/span><span data-period> montly rental (November-March)<\/span><\/strong>\t\t<\/div>\n\t\n\t\t<ul class=\"card-features list-unstyled d-flex flex-wrap align-items-center mb-0\">\n\t\t\t\t\t\t\t<li class=\"d-flex align-items-center me-3\">\n\t\t\t\t\t2 dormitorios\t\t\t\t<\/li>\n\t\t\t\t\t\t\t<li class=\"d-flex align-items-center me-3\">\n\t\t\t\t\t1 ba\u00f1o\t\t\t\t<\/li>\n\t\t\t\t\t\t\t<li class=\"d-flex align-items-center me-3\">\n\t\t\t\t\t81 m&sup2; construido\t\t\t\t<\/li>\n\t\t\t\t\t<\/ul>\n\t\t<h4 class=\"card-title mb-0\">\n\t\t\t<a class=\"stretched-link\" href=\"\/alquiler\/sierra-blanca\/apartamentos-y-pisos\/160\">Apartamento vacacional 2 dormitorios Golden Mile con piscina comunitaria<\/a>\n\t\t<\/h4>\n\t\t\t<\/div>\n<\/article>\t\t\t\t\t\t<article class=\"f-carousel__slide card col position-relative flex-column\">\n\t<figure class=\"position-relative w-100 mb-2\">\n\t\t<a class=\"card-portfolio position-absolute\" data-pfl-id=\"468222\" data-pfl-filter=\"rent-short\" href=\"#\">\n\t\t\t<svg width=\"20\" fill=\"currentColor\" viewBox=\"0 0 512 512\">\n\t\t\t\t<use href=\"https:\/\/www.homewatch.es\/wp-content\/themes\/inmobasolidbase\/dist\/src\/images\/icons.svg#svgPortfolio\"\/>\n\t\t\t<\/svg>\n\t\t\t<svg class=\"d-none\" width=\"20\" fill=\"currentColor\" viewBox=\"0 0 512 512\">\n\t\t\t\t<use href=\"https:\/\/www.homewatch.es\/wp-content\/themes\/inmobasolidbase\/dist\/src\/images\/icons.svg#svgPortfolioIn\"\/>\n\t\t\t<\/svg>\n\t\t<\/a>\n\t\t<picture class=\"ratio ratio-4x3\"><source width=\"1920\" height=\"1080\" srcset=\"https:\/\/media.inmobalia.com\/imgV1\/B8vEv5Xh_VThvnEqMx4G0YtA8lAADdw1sBC5uN5pSX6~ImMWYg0nYa_EPSP~fBpYtvgHs5QKecPwE1~j5DU_pylbu6cBdu0PgVunDxnkMoeY79Gll7Nv5AHhYwCGots7LHLh2Un28XCxVbo7p834rJfKxfWIeJysKF01CV0fCikUSuO~0c9wWkEuJuiNo0BD.jpg 1920w,https:\/\/media.inmobalia.com\/imgV1\/B8vEv5Xh_Vjzl4qKP9bJW21eHCmW9PWrQV6IDk9EjA79dASSMmDBrXf04FgH6wp0ylU42MWPePEey7rkY1j3kMIGs3YrRSP6UhHPWG1enKzuplcdy8f~NYm7bTbKkeM5EmP_gAEE7mYhj7QfuVlqp~lsn2C9ayn~8Sa1TWCkFEhEWWVJBoW6Ak~Dwld6I1U-.jpg 1580w,https:\/\/media.inmobalia.com\/imgV1\/B8vEv5Xh~9eLgpFkvD55S4O4_vRpfi7Zj~8WTFZMGThfizi~_Y~NgoiVzdN9MsuXYCpgHq7NOfhSSsV~~CvXOR8biNDSQCuIy3z~JafSwduxBEndespnQYPOGloQON4~nZJwQygeKtq3Req3WW6siwXVRVwlPZNfb4IjsPRUHPULIZt0rzNFJOuTlN531g--.jpg 774w\" type=\"image\/webp\"><img loading=\"lazy\" decoding=\"async\" class=\"image-fit\" alt=\"Apartamento vacacional de 3 dormitorios en el centro de M\u00e1laga con parking\" width=\"1920\" height=\"1080\" src=\"https:\/\/media.inmobalia.com\/imgV1\/B8vEv5Xh_VThvnEqMx4G0ZxU~~H0Ar_8Bn_AfAx~4dnt796zQ9QIPwzdr9PkzIdRpbeOYktBAPFfTt23HPhndt5b7cRr2vg76pmKvptCGz41lr5j~u5afZAh55xa4LpneprI8UNn7JWPombbPEUXrMVofsxmQjhizAMp_O8_7xo-.jpg\"><\/picture>\t\t\t<\/figure>\n\t<div class=\"h-100 d-flex flex-column\">\n\t\t<span class=\"d-block card-area\">\n\t\t\tMalaga\t\t<\/span>\n\t\t\n\n\t\t\t<div class=\"card-price d-flex flex-column\">\n\t\t<strong class=\"me-1\">Desde <span data-original-price=\"123\">123\u00a0\u20ac<\/span><span data-period> por dia <\/span><\/strong>\t\t<\/div>\n\t\n\t\t<ul class=\"card-features list-unstyled d-flex flex-wrap align-items-center mb-0\">\n\t\t\t\t\t\t\t<li class=\"d-flex align-items-center me-3\">\n\t\t\t\t\t3 dormitorios\t\t\t\t<\/li>\n\t\t\t\t\t\t\t<li class=\"d-flex align-items-center me-3\">\n\t\t\t\t\t2 ba\u00f1os\t\t\t\t<\/li>\n\t\t\t\t\t\t\t<li class=\"d-flex align-items-center me-3\">\n\t\t\t\t\t100 m&sup2; construido\t\t\t\t<\/li>\n\t\t\t\t\t<\/ul>\n\t\t<h4 class=\"card-title mb-0\">\n\t\t\t<a class=\"stretched-link\" href=\"\/alquiler\/malaga-a1\/apartamentos-y-pisos\/153\">Apartamento vacacional de 3 dormitorios en el centro de M\u00e1laga con parking<\/a>\n\t\t<\/h4>\n\t\t\t<\/div>\n<\/article>\t\t\t\t\t\t<article class=\"f-carousel__slide card col position-relative flex-column\">\n\t<figure class=\"position-relative w-100 mb-2\">\n\t\t<a class=\"card-portfolio position-absolute\" data-pfl-id=\"466778\" data-pfl-filter=\"rent-short\" href=\"#\">\n\t\t\t<svg width=\"20\" fill=\"currentColor\" viewBox=\"0 0 512 512\">\n\t\t\t\t<use href=\"https:\/\/www.homewatch.es\/wp-content\/themes\/inmobasolidbase\/dist\/src\/images\/icons.svg#svgPortfolio\"\/>\n\t\t\t<\/svg>\n\t\t\t<svg class=\"d-none\" width=\"20\" fill=\"currentColor\" viewBox=\"0 0 512 512\">\n\t\t\t\t<use href=\"https:\/\/www.homewatch.es\/wp-content\/themes\/inmobasolidbase\/dist\/src\/images\/icons.svg#svgPortfolioIn\"\/>\n\t\t\t<\/svg>\n\t\t<\/a>\n\t\t<picture class=\"ratio ratio-4x3\"><source width=\"1920\" height=\"1080\" srcset=\"https:\/\/media.inmobalia.com\/imgV1\/B8vEv5Xh_VThvnEqMx4G0YtA8lAADdw1sBC5uN5pSX6~ImMWYg0nYa_EPSP~fBpYtvgHs5QKecPwE1~j5DU_pylbu6cBdu0PgVunDxnkMoeY79Gll7Nv5AHhYwCGots7LHLh2UpYgmh8NZhhdw7QeFTu6A~n2E4tQQwVn1A12_2Bfw6ChsggcuX_mg9tjH3M.jpg 1920w,https:\/\/media.inmobalia.com\/imgV1\/B8vEv5Xh_Vjzl4qKP9bJW21eHCmW9PWrQV6IDk9EjA79dASSMmDBrXf04FgH6wp0ylU42MWPePEey7rkY1j3kMIGs3YrRSP6UhHPWG1enKzuplcdy8f~NYm7bTbKkeM5EmP_gwIPYvTKa79LghZkFg4otyt9E7R_Y8CLVeveRdUMvm0cuJ~DBYKldHyWeME-.jpg 1580w,https:\/\/media.inmobalia.com\/imgV1\/B8vEv5Xh~9eLgpFkvD55S4O4_vRpfi7Zj~8WTFZMGThfizi~_Y~NgoiVzdN9MsuXYCpgHq7NOfhSSsV~~CvXOR8biNDSQCuIy3z~JafSwduxBEndespnQYPOGloQON4~nZJz2NrA5I1fh7JznQvdU2xQB_TivW0N9HdA0uT1sjvIllxFHehwhKRq~1zzew--.jpg 774w\" type=\"image\/webp\"><img loading=\"lazy\" decoding=\"async\" class=\"image-fit\" alt=\"Apartamento de 2 dormitorios con vistas al mar en Benahav\u00eds, Costa del Sol\" width=\"1920\" height=\"1080\" src=\"https:\/\/media.inmobalia.com\/imgV1\/B8vEv5Xh_VThvnEqMx4G0ZxU~~H0Ar_8Bn_AfAx~4dnt796zQ9QIPwzdr9PkzIdRpbeOYktBAPFfTt23HPhndt5b7cRr2vg76pmKvptCGz41lr5j~dfn529OURwI40z6~Q8ND56fXKe0NqNIQHGnWlNaC6YobJR~waH1DR0M9eA-.jpg\"><\/picture>\t\t\t<\/figure>\n\t<div class=\"h-100 d-flex flex-column\">\n\t\t<span class=\"d-block card-area\">\n\t\t\tHacienda del Se\u00f1orio de Cifuentes\t\t<\/span>\n\t\t\n\n\t\t\t<div class=\"card-price d-flex flex-column\">\n\t\t<strong class=\"me-1\">Desde <span data-original-price=\"100\">100\u00a0\u20ac<\/span><span data-period> por dia <\/span><\/strong>\t\t<\/div>\n\t\n\t\t<ul class=\"card-features list-unstyled d-flex flex-wrap align-items-center mb-0\">\n\t\t\t\t\t\t\t<li class=\"d-flex align-items-center me-3\">\n\t\t\t\t\t2 dormitorios\t\t\t\t<\/li>\n\t\t\t\t\t\t\t<li class=\"d-flex align-items-center me-3\">\n\t\t\t\t\t2 ba\u00f1os\t\t\t\t<\/li>\n\t\t\t\t\t\t\t<li class=\"d-flex align-items-center me-3\">\n\t\t\t\t\t132 m&sup2; construido\t\t\t\t<\/li>\n\t\t\t\t\t<\/ul>\n\t\t<h4 class=\"card-title mb-0\">\n\t\t\t<a class=\"stretched-link\" href=\"\/alquiler\/hacienda-del-senorio-de-cifuentes\/apartamentos-y-pisos\/158\">Apartamento de 2 dormitorios con vistas al mar en Benahav\u00eds, Costa del Sol<\/a>\n\t\t<\/h4>\n\t\t\t<\/div>\n<\/article>\t\t\t\t\t\t<article class=\"f-carousel__slide card col position-relative flex-column\">\n\t<figure class=\"position-relative w-100 mb-2\">\n\t\t<a class=\"card-portfolio position-absolute\" data-pfl-id=\"464059\" data-pfl-filter=\"rent-short\" href=\"#\">\n\t\t\t<svg width=\"20\" fill=\"currentColor\" viewBox=\"0 0 512 512\">\n\t\t\t\t<use href=\"https:\/\/www.homewatch.es\/wp-content\/themes\/inmobasolidbase\/dist\/src\/images\/icons.svg#svgPortfolio\"\/>\n\t\t\t<\/svg>\n\t\t\t<svg class=\"d-none\" width=\"20\" fill=\"currentColor\" viewBox=\"0 0 512 512\">\n\t\t\t\t<use href=\"https:\/\/www.homewatch.es\/wp-content\/themes\/inmobasolidbase\/dist\/src\/images\/icons.svg#svgPortfolioIn\"\/>\n\t\t\t<\/svg>\n\t\t<\/a>\n\t\t<picture class=\"ratio ratio-4x3\"><source width=\"1920\" height=\"1080\" srcset=\"https:\/\/media.inmobalia.com\/imgV1\/B8vEv5Xh_VThvnEqMx4G0YtA8lAADdw1sBC5uN5pSX6~ImMWYg0nYa_EPSP~fBpYtvgHs5QKecPwE1~j5DU_pylbu6cBdu0PgVunDxnkMoeY79Gll7Nv5AHhYwCGots7LHLh2UpVKxFPYpTWX1i4dpWwBrw0A3MVxEcWHdp6qwdYqgVLA9DkZmq~VXAjMD~r.jpg 1920w,https:\/\/media.inmobalia.com\/imgV1\/B8vEv5Xh_Vjzl4qKP9bJW21eHCmW9PWrQV6IDk9EjA79dASSMmDBrXf04FgH6wp0ylU42MWPePEey7rkY1j3kMIGs3YrRSP6UhHPWG1enKzuplcdy8f~NYm7bTbKkeM5EmP_gw~eqL2ejNnyDs4oy6vohcV9N6IgYZyxPjH8q4b9CnE0gnE9GGQUWUdHn_c-.jpg 1580w,https:\/\/media.inmobalia.com\/imgV1\/B8vEv5Xh~9eLgpFkvD55S4O4_vRpfi7Zj~8WTFZMGThfizi~_Y~NgoiVzdN9MsuXYCpgHq7NOfhSSsV~~CvXOR8biNDSQCuIy3z~JafSwduxBEndespnQYPOGloQON4~nZJz1VMO7VdLjhzS_9aQn5ru4jrqVOCLyEuWr0R172PdEUrqgYEcXl2JSySWnw--.jpg 774w\" type=\"image\/webp\"><img loading=\"lazy\" decoding=\"async\" class=\"image-fit\" alt=\"Villa d\u00faplex de lujo con 4 dormitorios, piscina privada y vistas a la monta\u00f1a en Marbella Este\" width=\"1920\" height=\"1080\" src=\"https:\/\/media.inmobalia.com\/imgV1\/B8vEv5Xh_VThvnEqMx4G0ZxU~~H0Ar_8Bn_AfAx~4dnt796zQ9QIPwzdr9PkzIdRpbeOYktBAPFfTt23HPhndt5b7cRr2vg76pmKvptCGz41lr5j~drogommnQtYByH2eo8svmt~OpB3pmnkIFGtNbW_gxeFrbZT9pNMjotQxg0-.jpg\"><\/picture>\t\t\t<\/figure>\n\t<div class=\"h-100 d-flex flex-column\">\n\t\t<span class=\"d-block card-area\">\n\t\t\tMarbella Este\t\t<\/span>\n\t\t\n\n\t\t\t<div class=\"card-price d-flex flex-column\">\n\t\t<strong class=\"me-1\">Desde <span data-original-price=\"623\">623\u00a0\u20ac<\/span><span data-period> por dia <\/span><\/strong>\t\t<\/div>\n\t\n\t\t<ul class=\"card-features list-unstyled d-flex flex-wrap align-items-center mb-0\">\n\t\t\t\t\t\t\t<li class=\"d-flex align-items-center me-3\">\n\t\t\t\t\t4 dormitorios\t\t\t\t<\/li>\n\t\t\t\t\t\t\t<li class=\"d-flex align-items-center me-3\">\n\t\t\t\t\t4 ba\u00f1os\t\t\t\t<\/li>\n\t\t\t\t\t\t\t<li class=\"d-flex align-items-center me-3\">\n\t\t\t\t\t406.3 m&sup2; construido\t\t\t\t<\/li>\n\t\t\t\t\t\t\t<li class=\"d-flex align-items-center me-3\">\n\t\t\t\t\t2000 m&sup2; parcela\t\t\t\t<\/li>\n\t\t\t\t\t<\/ul>\n\t\t<h4 class=\"card-title mb-0\">\n\t\t\t<a class=\"stretched-link\" href=\"\/alquiler\/la-mairena\/villas-y-chalets\/155\">Villa d\u00faplex de lujo con 4 dormitorios, piscina privada y vistas a la monta\u00f1a en Marbella Este<\/a>\n\t\t<\/h4>\n\t\t\t<\/div>\n<\/article>\t\t\t\t\t\t<article class=\"f-carousel__slide card col position-relative flex-column\">\n\t<figure class=\"position-relative w-100 mb-2\">\n\t\t<a class=\"card-portfolio position-absolute\" data-pfl-id=\"459640\" data-pfl-filter=\"rent-short\" href=\"#\">\n\t\t\t<svg width=\"20\" fill=\"currentColor\" viewBox=\"0 0 512 512\">\n\t\t\t\t<use href=\"https:\/\/www.homewatch.es\/wp-content\/themes\/inmobasolidbase\/dist\/src\/images\/icons.svg#svgPortfolio\"\/>\n\t\t\t<\/svg>\n\t\t\t<svg class=\"d-none\" width=\"20\" fill=\"currentColor\" viewBox=\"0 0 512 512\">\n\t\t\t\t<use href=\"https:\/\/www.homewatch.es\/wp-content\/themes\/inmobasolidbase\/dist\/src\/images\/icons.svg#svgPortfolioIn\"\/>\n\t\t\t<\/svg>\n\t\t<\/a>\n\t\t<picture class=\"ratio ratio-4x3\"><source width=\"1920\" height=\"1080\" srcset=\"https:\/\/media.inmobalia.com\/imgV1\/B8vEv5Xh_VThvnEqMx4G0YtA8lAADdw1sBC5uN5pSX6~ImMWYg0nYa_EPSP~fBpYtvgHs5QKecPwE1~j5DU_pylbu6cBdu0PgVunDxnkMoeY79Gll7Nv5AHhYwCGots7LHLh2UpQ8HVrwWPR3f17EMfNX4C_WuNTDh2jAOeqVKdgFMq1XGSF7G8_~oUPwUJh.jpg 1920w,https:\/\/media.inmobalia.com\/imgV1\/B8vEv5Xh_Vjzl4qKP9bJW21eHCmW9PWrQV6IDk9EjA79dASSMmDBrXf04FgH6wp0ylU42MWPePEey7rkY1j3kMIGs3YrRSP6UhHPWG1enKzuplcdy8f~NYm7bTbKkeM5EmP_gwpGQjYzcZ2m_cb2Z6YoCuobBjBcIqsHbKQ1VKPbXD8RNI12tBctKRzb29E-.jpg 1580w,https:\/\/media.inmobalia.com\/imgV1\/B8vEv5Xh~9eLgpFkvD55S4O4_vRpfi7Zj~8WTFZMGThfizi~_Y~NgoiVzdN9MsuXYCpgHq7NOfhSSsV~~CvXOR8biNDSQCuIy3z~JafSwduxBEndespnQYPOGloQON4~nZJz0B30t17nzFp304G9FAlMI0rilrMdV_0LUdtxO3k4wXORJ~1cr8DSL~~eVg--.jpg 774w\" type=\"image\/webp\"><img loading=\"lazy\" decoding=\"async\" class=\"image-fit\" alt=\"Apartamento de lujo de 1 dormitorio en primera l\u00ednea de playa Puerto Ban\u00fas\" width=\"1920\" height=\"1080\" src=\"https:\/\/media.inmobalia.com\/imgV1\/B8vEv5Xh_VThvnEqMx4G0ZxU~~H0Ar_8Bn_AfAx~4dnt796zQ9QIPwzdr9PkzIdRpbeOYktBAPFfTt23HPhndt5b7cRr2vg76pmKvptCGz41lr5j~d_MwE6Ov0ESTkKds_vBeJjCDPqRTNmQwMeXisQoHZwofFMj9rhse0tGCWc-.jpg\"><\/picture>\t\t\t<\/figure>\n\t<div class=\"h-100 d-flex flex-column\">\n\t\t<span class=\"d-block card-area\">\n\t\t\tMarbella - Puerto Banus\t\t<\/span>\n\t\t\n\n\t\t\t<div class=\"card-price d-flex flex-column\">\n\t\t<strong class=\"me-1\">Desde <span data-original-price=\"97\">97\u00a0\u20ac<\/span><span data-period> por dia <\/span><\/strong><strong class=\"me-1\"><span data-original-price=\"1950\">1.950\u00a0\u20ac<\/span><span data-period> montly rental (November-March)<\/span><\/strong>\t\t<\/div>\n\t\n\t\t<ul class=\"card-features list-unstyled d-flex flex-wrap align-items-center mb-0\">\n\t\t\t\t\t\t\t<li class=\"d-flex align-items-center me-3\">\n\t\t\t\t\t1 dormitorio\t\t\t\t<\/li>\n\t\t\t\t\t\t\t<li class=\"d-flex align-items-center me-3\">\n\t\t\t\t\t1 ba\u00f1o\t\t\t\t<\/li>\n\t\t\t\t\t\t\t<li class=\"d-flex align-items-center me-3\">\n\t\t\t\t\t144 m&sup2; construido\t\t\t\t<\/li>\n\t\t\t\t\t<\/ul>\n\t\t<h4 class=\"card-title mb-0\">\n\t\t\t<a class=\"stretched-link\" href=\"\/alquiler\/marbella-puerto-banus\/apartamentos-y-pisos\/147\">Apartamento de lujo de 1 dormitorio en primera l\u00ednea de playa Puerto Ban\u00fas<\/a>\n\t\t<\/h4>\n\t\t\t<\/div>\n<\/article>\t\t\t\t\t\t<article class=\"f-carousel__slide card col position-relative flex-column\">\n\t<figure class=\"position-relative w-100 mb-2\">\n\t\t<a class=\"card-portfolio position-absolute\" data-pfl-id=\"458847\" data-pfl-filter=\"rent-short\" href=\"#\">\n\t\t\t<svg width=\"20\" fill=\"currentColor\" viewBox=\"0 0 512 512\">\n\t\t\t\t<use href=\"https:\/\/www.homewatch.es\/wp-content\/themes\/inmobasolidbase\/dist\/src\/images\/icons.svg#svgPortfolio\"\/>\n\t\t\t<\/svg>\n\t\t\t<svg class=\"d-none\" width=\"20\" fill=\"currentColor\" viewBox=\"0 0 512 512\">\n\t\t\t\t<use href=\"https:\/\/www.homewatch.es\/wp-content\/themes\/inmobasolidbase\/dist\/src\/images\/icons.svg#svgPortfolioIn\"\/>\n\t\t\t<\/svg>\n\t\t<\/a>\n\t\t<picture class=\"ratio ratio-4x3\"><source width=\"1920\" height=\"1080\" srcset=\"https:\/\/media.inmobalia.com\/imgV1\/B8vEv5Xh_VThvnEqMx4G0YtA8lAADdw1sBC5uN5pSX6~ImMWYg0nYa_EPSP~fBpYtvgHs5QKecPwE1~j5DU_pylbu6cBdu0PgVunDxnkMoeY79Gll7Nv5AHhYwCGots7LHLh2UpRAwofM_HTWTTW9pkKJHiEu8noeskB5yluDNNh~RF44r5mFRL47knGA1Mx.jpg 1920w,https:\/\/media.inmobalia.com\/imgV1\/B8vEv5Xh_Vjzl4qKP9bJW21eHCmW9PWrQV6IDk9EjA79dASSMmDBrXf04FgH6wp0ylU42MWPePEey7rkY1j3kMIGs3YrRSP6UhHPWG1enKzuplcdy8f~NYm7bTbKkeM5EmP_gwvjK6GJQr0IXnLWFtr0XSYx~Gp55QTevkIEQtxkCR2kQKWbbVGBqgB3O9M-.jpg 1580w,https:\/\/media.inmobalia.com\/imgV1\/B8vEv5Xh~9eLgpFkvD55S4O4_vRpfi7Zj~8WTFZMGThfizi~_Y~NgoiVzdN9MsuXYCpgHq7NOfhSSsV~~CvXOR8biNDSQCuIy3z~JafSwduxBEndespnQYPOGloQON4~nZJz0YOquqyxRdtYL5SnB1cNEmmvM4CWxbn8Vx7oY1n6yLrObdvf~W8mm7C9hA--.jpg 774w\" type=\"image\/webp\"><img loading=\"lazy\" decoding=\"async\" class=\"image-fit\" alt=\"Apartamento vacacional de 2 dormitorios en primera l\u00ednea de playa en Marbella Este\" width=\"1920\" height=\"1080\" src=\"https:\/\/media.inmobalia.com\/imgV1\/B8vEv5Xh_VThvnEqMx4G0ZxU~~H0Ar_8Bn_AfAx~4dnt796zQ9QIPwzdr9PkzIdRpbeOYktBAPFfTt23HPhndt5b7cRr2vg76pmKvptCGz41lr5j~d5~22SdnMIIbDQKXUiy8ippWAvl6igWRhaXBMURwhk3xh~h~vlA~G~I6SU-.jpg\"><\/picture>\t\t\t<\/figure>\n\t<div class=\"h-100 d-flex flex-column\">\n\t\t<span class=\"d-block card-area\">\n\t\t\tMarbella Este\t\t<\/span>\n\t\t\n\n\t\t\t<div class=\"card-price d-flex flex-column\">\n\t\t<strong class=\"me-1\">Desde <span data-original-price=\"98\">98\u00a0\u20ac<\/span><span data-period> por dia <\/span><\/strong><strong class=\"me-1\"><span data-original-price=\"2000\">2.000\u00a0\u20ac<\/span><span data-period> montly rental (November-March)<\/span><\/strong>\t\t<\/div>\n\t\n\t\t<ul class=\"card-features list-unstyled d-flex flex-wrap align-items-center mb-0\">\n\t\t\t\t\t\t\t<li class=\"d-flex align-items-center me-3\">\n\t\t\t\t\t2 dormitorios\t\t\t\t<\/li>\n\t\t\t\t\t\t\t<li class=\"d-flex align-items-center me-3\">\n\t\t\t\t\t2 ba\u00f1os\t\t\t\t<\/li>\n\t\t\t\t\t\t\t<li class=\"d-flex align-items-center me-3\">\n\t\t\t\t\t110 m&sup2; construido\t\t\t\t<\/li>\n\t\t\t\t\t<\/ul>\n\t\t<h4 class=\"card-title mb-0\">\n\t\t\t<a class=\"stretched-link\" href=\"\/alquiler\/bahia-de-marbella\/apartamentos-y-pisos\/152\">Apartamento vacacional de 2 dormitorios en primera l\u00ednea de playa en Marbella Este<\/a>\n\t\t<\/h4>\n\t\t\t<\/div>\n<\/article>\t\t\t\t\t\t<article class=\"f-carousel__slide card col position-relative flex-column\">\n\t<figure class=\"position-relative w-100 mb-2\">\n\t\t<a class=\"card-portfolio position-absolute\" data-pfl-id=\"458571\" data-pfl-filter=\"rent-short\" href=\"#\">\n\t\t\t<svg width=\"20\" fill=\"currentColor\" viewBox=\"0 0 512 512\">\n\t\t\t\t<use href=\"https:\/\/www.homewatch.es\/wp-content\/themes\/inmobasolidbase\/dist\/src\/images\/icons.svg#svgPortfolio\"\/>\n\t\t\t<\/svg>\n\t\t\t<svg class=\"d-none\" width=\"20\" fill=\"currentColor\" viewBox=\"0 0 512 512\">\n\t\t\t\t<use href=\"https:\/\/www.homewatch.es\/wp-content\/themes\/inmobasolidbase\/dist\/src\/images\/icons.svg#svgPortfolioIn\"\/>\n\t\t\t<\/svg>\n\t\t<\/a>\n\t\t<picture class=\"ratio ratio-4x3\"><source width=\"1920\" height=\"1080\" srcset=\"https:\/\/media.inmobalia.com\/imgV1\/B8vEv5Xh_VThvnEqMx4G0YtA8lAADdw1sBC5uN5pSX6~ImMWYg0nYa_EPSP~fBpYtvgHs5QKecPwE1~j5DU_pylbu6cBdu0PgVunDxnkMoeY79Gll7Nv5AHhYwCGots7LHLh2Utd64jHiIaL64pGmyqo9Aa8OcgMeqWY~UF5MiSZuec_7wU0rN3SRB8jjzvp.jpg 1920w,https:\/\/media.inmobalia.com\/imgV1\/B8vEv5Xh_Vjzl4qKP9bJW21eHCmW9PWrQV6IDk9EjA79dASSMmDBrXf04FgH6wp0ylU42MWPePEey7rkY1j3kMIGs3YrRSP6UhHPWG1enKzuplcdy8f~NYm7bTbKkeM5EmP_giaBccrrx2hk93jTdCjHu77i0HtWmWLK5iHeF3hs9eTkm32Hc~JhjAKRjRc-.jpg 1580w,https:\/\/media.inmobalia.com\/imgV1\/B8vEv5Xh~9eLgpFkvD55S4O4_vRpfi7Zj~8WTFZMGThfizi~_Y~NgoiVzdN9MsuXYCpgHq7NOfhSSsV~~CvXOR8biNDSQCuIy3z~JafSwduxBEndespnQYPOGloQON4~nZJyLcRuvrkQEBGJHTxnSyFRtw88fA5fic27vBr5uK_X1IiWgajIUcnEGQnXKw--.jpg 774w\" type=\"image\/webp\"><img loading=\"lazy\" decoding=\"async\" class=\"image-fit\" alt=\"Apartamento en primera l\u00ednea con vistas al mar en Puerto Ban\u00fas - 2 dormitorios\" width=\"1920\" height=\"1080\" src=\"https:\/\/media.inmobalia.com\/imgV1\/B8vEv5Xh_VThvnEqMx4G0ZxU~~H0Ar_8Bn_AfAx~4dnt796zQ9QIPwzdr9PkzIdRpbeOYktBAPFfTt23HPhndt5b7cRr2vg76pmKvptCGz41lr5j~JWV~BWMYVxE_zWRU1EgN4puCAO5Zyyn~7KmivQ~WHVVnVhzATRRzaeYDUw-.jpg\"><\/picture>\t\t\t<\/figure>\n\t<div class=\"h-100 d-flex flex-column\">\n\t\t<span class=\"d-block card-area\">\n\t\t\tMarbella - Puerto Banus\t\t<\/span>\n\t\t\n\n\t\t\t<div class=\"card-price d-flex flex-column\">\n\t\t<strong class=\"me-1\">Desde <span data-original-price=\"153\">153\u00a0\u20ac<\/span><span data-period> por dia <\/span><\/strong><strong class=\"me-1\"><span data-original-price=\"1900\">1.900\u00a0\u20ac<\/span><span data-period> montly rental (November-March)<\/span><\/strong>\t\t<\/div>\n\t\n\t\t<ul class=\"card-features list-unstyled d-flex flex-wrap align-items-center mb-0\">\n\t\t\t\t\t\t\t<li class=\"d-flex align-items-center me-3\">\n\t\t\t\t\t2 dormitorios\t\t\t\t<\/li>\n\t\t\t\t\t\t\t<li class=\"d-flex align-items-center me-3\">\n\t\t\t\t\t1 ba\u00f1o\t\t\t\t<\/li>\n\t\t\t\t\t\t\t<li class=\"d-flex align-items-center me-3\">\n\t\t\t\t\t115 m&sup2; construido\t\t\t\t<\/li>\n\t\t\t\t\t<\/ul>\n\t\t<h4 class=\"card-title mb-0\">\n\t\t\t<a class=\"stretched-link\" href=\"\/alquiler\/marbella-puerto-banus\/apartamentos-y-pisos\/148\">Apartamento en primera l\u00ednea con vistas al mar en Puerto Ban\u00fas - 2 dormitorios<\/a>\n\t\t<\/h4>\n\t\t\t<\/div>\n<\/article>\t\t\t\t\t\t<article class=\"f-carousel__slide card col position-relative flex-column\">\n\t<figure class=\"position-relative w-100 mb-2\">\n\t\t<a class=\"card-portfolio position-absolute\" data-pfl-id=\"458355\" data-pfl-filter=\"rent-short\" href=\"#\">\n\t\t\t<svg width=\"20\" fill=\"currentColor\" viewBox=\"0 0 512 512\">\n\t\t\t\t<use href=\"https:\/\/www.homewatch.es\/wp-content\/themes\/inmobasolidbase\/dist\/src\/images\/icons.svg#svgPortfolio\"\/>\n\t\t\t<\/svg>\n\t\t\t<svg class=\"d-none\" width=\"20\" fill=\"currentColor\" viewBox=\"0 0 512 512\">\n\t\t\t\t<use href=\"https:\/\/www.homewatch.es\/wp-content\/themes\/inmobasolidbase\/dist\/src\/images\/icons.svg#svgPortfolioIn\"\/>\n\t\t\t<\/svg>\n\t\t<\/a>\n\t\t<picture class=\"ratio ratio-4x3\"><source width=\"1920\" height=\"1080\" srcset=\"https:\/\/media.inmobalia.com\/imgV1\/B8vEv5Xh_VThvnEqMx4G0YtA8lAADdw1sBC5uN5pSX6~ImMWYg0nYa_EPSP~fBpYtvgHs5QKecPwE1~j5DU_pylbu6cBdu0PgVunDxnkMoeY79Gll7Nv5AHhYwCGots7LHLh2UtcN4s5FVsHFqDohEg1jyajkPK~KPw5K6tsHmU7_QEyGUMRfM3cio8mSc3h.jpg 1920w,https:\/\/media.inmobalia.com\/imgV1\/B8vEv5Xh_Vjzl4qKP9bJW21eHCmW9PWrQV6IDk9EjA79dASSMmDBrXf04FgH6wp0ylU42MWPePEey7rkY1j3kMIGs3YrRSP6UhHPWG1enKzuplcdy8f~NYm7bTbKkeM5EmP_gidfIzRmrs5IeTaCqkoXbeHdUGHYIUo6Vg8i03qgbPsmlf0mySEHZRkSlCM-.jpg 1580w,https:\/\/media.inmobalia.com\/imgV1\/B8vEv5Xh~9eLgpFkvD55S4O4_vRpfi7Zj~8WTFZMGThfizi~_Y~NgoiVzdN9MsuXYCpgHq7NOfhSSsV~~CvXOR8biNDSQCuIy3z~JafSwduxBEndespnQYPOGloQON4~nZJyLDqKXZnn9K~sQAvTztJm53Sa6EOhQAF4ScojQHf70AxD39xkgA58jayXpA--.jpg 774w\" type=\"image\/webp\"><img loading=\"lazy\" decoding=\"async\" class=\"image-fit\" alt=\"Casa adosada de 2 dormitorios frente al mar en Marbella con vistas al mar y garaje privado\" width=\"1920\" height=\"1080\" src=\"https:\/\/media.inmobalia.com\/imgV1\/B8vEv5Xh_VThvnEqMx4G0ZxU~~H0Ar_8Bn_AfAx~4dnt796zQ9QIPwzdr9PkzIdRpbeOYktBAPFfTt23HPhndt5b7cRr2vg76pmKvptCGz41lr5j~JQtDKcGVLURV62RE6JZrzkZBkmLzt_P~y9QwwL8wfUeqe0Osr1OABdo_ok-.jpg\"><\/picture>\t\t\t<\/figure>\n\t<div class=\"h-100 d-flex flex-column\">\n\t\t<span class=\"d-block card-area\">\n\t\t\tMarbella - Puerto Banus\t\t<\/span>\n\t\t\n\n\t\t\t<div class=\"card-price d-flex flex-column\">\n\t\t<strong class=\"me-1\">Desde <span data-original-price=\"116\">116\u00a0\u20ac<\/span><span data-period> por dia <\/span><\/strong><strong class=\"me-1\"><span data-original-price=\"1950\">1.950\u00a0\u20ac<\/span><span data-period> montly rental (November-March)<\/span><\/strong>\t\t<\/div>\n\t\n\t\t<ul class=\"card-features list-unstyled d-flex flex-wrap align-items-center mb-0\">\n\t\t\t\t\t\t\t<li class=\"d-flex align-items-center me-3\">\n\t\t\t\t\t2 dormitorios\t\t\t\t<\/li>\n\t\t\t\t\t\t\t<li class=\"d-flex align-items-center me-3\">\n\t\t\t\t\t2 ba\u00f1os\t\t\t\t<\/li>\n\t\t\t\t\t\t\t<li class=\"d-flex align-items-center me-3\">\n\t\t\t\t\t191 m&sup2; construido\t\t\t\t<\/li>\n\t\t\t\t\t<\/ul>\n\t\t<h4 class=\"card-title mb-0\">\n\t\t\t<a class=\"stretched-link\" href=\"\/alquiler\/marbella-puerto-banus\/aticos\/146\">Casa adosada de 2 dormitorios frente al mar en Marbella con vistas al mar y garaje privado<\/a>\n\t\t<\/h4>\n\t\t\t<\/div>\n<\/article>\t\t\t\t\t\t<article class=\"f-carousel__slide card col position-relative flex-column\">\n\t<figure class=\"position-relative w-100 mb-2\">\n\t\t<a class=\"card-portfolio position-absolute\" data-pfl-id=\"454012\" data-pfl-filter=\"rent-short\" href=\"#\">\n\t\t\t<svg width=\"20\" fill=\"currentColor\" viewBox=\"0 0 512 512\">\n\t\t\t\t<use href=\"https:\/\/www.homewatch.es\/wp-content\/themes\/inmobasolidbase\/dist\/src\/images\/icons.svg#svgPortfolio\"\/>\n\t\t\t<\/svg>\n\t\t\t<svg class=\"d-none\" width=\"20\" fill=\"currentColor\" viewBox=\"0 0 512 512\">\n\t\t\t\t<use href=\"https:\/\/www.homewatch.es\/wp-content\/themes\/inmobasolidbase\/dist\/src\/images\/icons.svg#svgPortfolioIn\"\/>\n\t\t\t<\/svg>\n\t\t<\/a>\n\t\t<picture class=\"ratio ratio-4x3\"><source width=\"1920\" height=\"1080\" srcset=\"https:\/\/media.inmobalia.com\/imgV1\/B8vEv5Xh_VThvnEqMx4G0YtA8lAADdw1sBC5uN5pSX6~ImMWYg0nYa_EPSP~fBpYtvgHs5QKecPwE1~j5DU_pylbu6cBdu0PgVunDxnkMoeY79Gll7Nv5AHhYwCGots7LHLh2UtR~_qMRrsJNP612bLbEp2FiC6zZ5FcOyf_YD~S~gS8QJgoSjFHAzkZsmEE.jpg 1920w,https:\/\/media.inmobalia.com\/imgV1\/B8vEv5Xh_Vjzl4qKP9bJW21eHCmW9PWrQV6IDk9EjA79dASSMmDBrXf04FgH6wp0ylU42MWPePEey7rkY1j3kMIGs3YrRSP6UhHPWG1enKzuplcdy8f~NYm7bTbKkeM5EmP_gipx~QBDJhPVnxOOsH5kPKvYqCR0e1T3~tSOjyoPdOVln3hJmt2K~Ow8CfY-.jpg 1580w,https:\/\/media.inmobalia.com\/imgV1\/B8vEv5Xh~9eLgpFkvD55S4O4_vRpfi7Zj~8WTFZMGThfizi~_Y~NgoiVzdN9MsuXYCpgHq7NOfhSSsV~~CvXOR8biNDSQCuIy3z~JafSwduxBEndespnQYPOGloQON4~nZJyIaqi8I63UOTJpLWEb3sTjZMCJnJZmmF0w6fh5gc2o2Y~c9fn4mSb0QW0gw--.jpg 774w\" type=\"image\/webp\"><img loading=\"lazy\" decoding=\"async\" class=\"image-fit\" alt=\"Apartamento de lujo de 2 dormitorios junto a la playa con vistas al mar en Estepona\" width=\"1920\" height=\"1080\" src=\"https:\/\/media.inmobalia.com\/imgV1\/B8vEv5Xh_VThvnEqMx4G0ZxU~~H0Ar_8Bn_AfAx~4dnt796zQ9QIPwzdr9PkzIdRpbeOYktBAPFfTt23HPhndt5b7cRr2vg76pmKvptCGz41lr5j~JmXABddUbuaGxyWbgGIz_CYNtzZY9ng9fSPdgeBcYWk8YIpOesy3Pu3CEI-.jpg\"><\/picture>\t\t\t<\/figure>\n\t<div class=\"h-100 d-flex flex-column\">\n\t\t<span class=\"d-block card-area\">\n\t\t\tEstepona\t\t<\/span>\n\t\t\n\n\t\t\t<div class=\"card-price d-flex flex-column\">\n\t\t<strong class=\"me-1\">Desde <span data-original-price=\"132\">132\u00a0\u20ac<\/span><span data-period> por dia <\/span><\/strong><strong class=\"me-1\"><span data-original-price=\"1800\">1.800\u00a0\u20ac<\/span><span data-period> montly rental (November-March)<\/span><\/strong>\t\t<\/div>\n\t\n\t\t<ul class=\"card-features list-unstyled d-flex flex-wrap align-items-center mb-0\">\n\t\t\t\t\t\t\t<li class=\"d-flex align-items-center me-3\">\n\t\t\t\t\t2 dormitorios\t\t\t\t<\/li>\n\t\t\t\t\t\t\t<li class=\"d-flex align-items-center me-3\">\n\t\t\t\t\t2 ba\u00f1os\t\t\t\t<\/li>\n\t\t\t\t\t\t\t<li class=\"d-flex align-items-center me-3\">\n\t\t\t\t\t91 m&sup2; construido\t\t\t\t<\/li>\n\t\t\t\t\t<\/ul>\n\t\t<h4 class=\"card-title mb-0\">\n\t\t\t<a class=\"stretched-link\" href=\"\/alquiler\/estepona\/apartamentos-y-pisos\/145\">Apartamento de lujo de 2 dormitorios junto a la playa con vistas al mar en Estepona<\/a>\n\t\t<\/h4>\n\t\t\t<\/div>\n<\/article>\t\t\t\t\t\t<article class=\"f-carousel__slide card col position-relative flex-column\">\n\t<figure class=\"position-relative w-100 mb-2\">\n\t\t<a class=\"card-portfolio position-absolute\" data-pfl-id=\"453123\" data-pfl-filter=\"rent-short\" href=\"#\">\n\t\t\t<svg width=\"20\" fill=\"currentColor\" viewBox=\"0 0 512 512\">\n\t\t\t\t<use href=\"https:\/\/www.homewatch.es\/wp-content\/themes\/inmobasolidbase\/dist\/src\/images\/icons.svg#svgPortfolio\"\/>\n\t\t\t<\/svg>\n\t\t\t<svg class=\"d-none\" width=\"20\" fill=\"currentColor\" viewBox=\"0 0 512 512\">\n\t\t\t\t<use href=\"https:\/\/www.homewatch.es\/wp-content\/themes\/inmobasolidbase\/dist\/src\/images\/icons.svg#svgPortfolioIn\"\/>\n\t\t\t<\/svg>\n\t\t<\/a>\n\t\t<picture class=\"ratio ratio-4x3\"><source width=\"1920\" height=\"1080\" srcset=\"https:\/\/media.inmobalia.com\/imgV1\/B8vEv5Xh_VThvnEqMx4G0YtA8lAADdw1sBC5uN5pSX6~ImMWYg0nYa_EPSP~fBpYtvgHs5QKecPwE1~j5DU_pylbu6cBdu0PgVunDxnkMoeY79Gll7Nv5AHhYwCGots7LHLh2UtQnluFaNsztJcdfD_OLiqrsTFYeWieHHjBxkSSrHoEIsrwAABTsRDFjJkd.jpg 1920w,https:\/\/media.inmobalia.com\/imgV1\/B8vEv5Xh_Vjzl4qKP9bJW21eHCmW9PWrQV6IDk9EjA79dASSMmDBrXf04FgH6wp0ylU42MWPePEey7rkY1j3kMIGs3YrRSP6UhHPWG1enKzuplcdy8f~NYm7bTbKkeM5EmP_gitTEqSXlQ9p9yTb2c~lcz8LEdsMculJgfGAQwoXDQwiwodjEDEg6qDPT_o-.jpg 1580w,https:\/\/media.inmobalia.com\/imgV1\/B8vEv5Xh~9eLgpFkvD55S4O4_vRpfi7Zj~8WTFZMGThfizi~_Y~NgoiVzdN9MsuXYCpgHq7NOfhSSsV~~CvXOR8biNDSQCuIy3z~JafSwduxBEndespnQYPOGloQON4~nZJyICwhR~6Ho6qr08Usw_c2XunglcNSEm27dmswWvmMFU8JYSQB3Jn1fux7Wg--.jpg 774w\" type=\"image\/webp\"><img loading=\"lazy\" decoding=\"async\" class=\"image-fit\" alt=\"Apartamento vacacional 2 dormitorios con terraza y piscina comunitaria en Coto Real, Milla de Oro\" width=\"1920\" height=\"1080\" src=\"https:\/\/media.inmobalia.com\/imgV1\/B8vEv5Xh_VThvnEqMx4G0ZxU~~H0Ar_8Bn_AfAx~4dnt796zQ9QIPwzdr9PkzIdRpbeOYktBAPFfTt23HPhndt5b7cRr2vg76pmKvptCGz41lr5j~JhmhpsQXrWV_wM6bodf49msZkXMowaeJZbIui0AK_1cwKMd4_bVBT8YHkw-.jpg\"><\/picture>\t\t\t<\/figure>\n\t<div class=\"h-100 d-flex flex-column\">\n\t\t<span class=\"d-block card-area\">\n\t\t\tMarbella Golden Mile\t\t<\/span>\n\t\t\n\n\t\t\t<div class=\"card-price d-flex flex-column\">\n\t\tPrecio en la Solicitud<strong class=\"me-1\"><span data-original-price=\"1600\">1.600\u00a0\u20ac<\/span><span data-period> montly rental (November-March)<\/span><\/strong>\t\t<\/div>\n\t\n\t\t<ul class=\"card-features list-unstyled d-flex flex-wrap align-items-center mb-0\">\n\t\t\t\t\t\t\t<li class=\"d-flex align-items-center me-3\">\n\t\t\t\t\t2 dormitorios\t\t\t\t<\/li>\n\t\t\t\t\t\t\t<li class=\"d-flex align-items-center me-3\">\n\t\t\t\t\t2 ba\u00f1os\t\t\t\t<\/li>\n\t\t\t\t\t\t\t<li class=\"d-flex align-items-center me-3\">\n\t\t\t\t\t102 m&sup2; construido\t\t\t\t<\/li>\n\t\t\t\t\t<\/ul>\n\t\t<h4 class=\"card-title mb-0\">\n\t\t\t<a class=\"stretched-link\" href=\"\/alquiler\/coto-real-ii\/apartamentos-y-pisos\/144LT\">Apartamento vacacional 2 dormitorios con terraza y piscina comunitaria en Coto Real, Milla de Oro<\/a>\n\t\t<\/h4>\n\t\t\t<\/div>\n<\/article>\t\t\t\t\t\t<article class=\"f-carousel__slide card col position-relative flex-column\">\n\t<figure class=\"position-relative w-100 mb-2\">\n\t\t<a class=\"card-portfolio position-absolute\" data-pfl-id=\"443106\" data-pfl-filter=\"rent-short\" href=\"#\">\n\t\t\t<svg width=\"20\" fill=\"currentColor\" viewBox=\"0 0 512 512\">\n\t\t\t\t<use href=\"https:\/\/www.homewatch.es\/wp-content\/themes\/inmobasolidbase\/dist\/src\/images\/icons.svg#svgPortfolio\"\/>\n\t\t\t<\/svg>\n\t\t\t<svg class=\"d-none\" width=\"20\" fill=\"currentColor\" viewBox=\"0 0 512 512\">\n\t\t\t\t<use href=\"https:\/\/www.homewatch.es\/wp-content\/themes\/inmobasolidbase\/dist\/src\/images\/icons.svg#svgPortfolioIn\"\/>\n\t\t\t<\/svg>\n\t\t<\/a>\n\t\t<picture class=\"ratio ratio-4x3\"><source width=\"1920\" height=\"1080\" srcset=\"https:\/\/media.inmobalia.com\/imgV1\/B8vEv5Xh_VThvnEqMx4G0YtA8lAADdw1sBC5uN5pSX6~ImMWYg0nYa_EPSP~fBpYtvgHs5QKecPwE1~j5DU_pylbu6cBdu0PgVunDxnkMoeY79Gll7Nv5AHhYwCGots7LHLh2UxYUSW4pRc65knGBY30PNUCWIVLtIr9LT0We8XK8wVF0781bFkpHulC8xQF.jpg 1920w,https:\/\/media.inmobalia.com\/imgV1\/B8vEv5Xh_Vjzl4qKP9bJW21eHCmW9PWrQV6IDk9EjA79dASSMmDBrXf04FgH6wp0ylU42MWPePEey7rkY1j3kMIGs3YrRSP6UhHPWG1enKzuplcdy8f~NYm7bTbKkeM5EmP_haS4fFFM2VCwnWpvWkTLcP7h1PL6FQhS8chYwm9TvQ541nbh0tApZ7muKCo-.jpg 1580w,https:\/\/media.inmobalia.com\/imgV1\/B8vEv5Xh~9eLgpFkvD55S4O4_vRpfi7Zj~8WTFZMGThfizi~_Y~NgoiVzdN9MsuXYCpgHq7NOfhSSsV~~CvXOR8biNDSQCuIy3z~JafSwduxBEndespnQYPOGloQON4~nZJ19A9vnFZ06BTcPKnGuQD1t~QqGPZuJOFCgmbRuooaiAYSWohhjIQcBOmOjA--.jpg 774w\" type=\"image\/webp\"><img loading=\"lazy\" decoding=\"async\" class=\"image-fit\" alt=\"Apartamento de 2 dormitorios en el centro de Marbella con parking privado\" width=\"1920\" height=\"1080\" src=\"https:\/\/media.inmobalia.com\/imgV1\/B8vEv5Xh_VThvnEqMx4G0ZxU~~H0Ar_8Bn_AfAx~4dnt796zQ9QIPwzdr9PkzIdRpbeOYktBAPFfTt23HPhndt5b7cRr2vg76pmKvptCGz41lr5j_~higLG9UNPgPfsMRyPWP_E7liBirMOtkHgTpce76OOGgxw~lkw9BuxakkY-.jpg\"><\/picture>\t\t\t<\/figure>\n\t<div class=\"h-100 d-flex flex-column\">\n\t\t<span class=\"d-block card-area\">\n\t\t\tMarbella Ciudad\t\t<\/span>\n\t\t\n\n\t\t\t<div class=\"card-price d-flex flex-column\">\n\t\t<strong class=\"me-1\">Desde <span data-original-price=\"102\">102\u00a0\u20ac<\/span><span data-period> por dia <\/span><\/strong>\t\t<\/div>\n\t\n\t\t<ul class=\"card-features list-unstyled d-flex flex-wrap align-items-center mb-0\">\n\t\t\t\t\t\t\t<li class=\"d-flex align-items-center me-3\">\n\t\t\t\t\t2 dormitorios\t\t\t\t<\/li>\n\t\t\t\t\t\t\t<li class=\"d-flex align-items-center me-3\">\n\t\t\t\t\t2 ba\u00f1os\t\t\t\t<\/li>\n\t\t\t\t\t\t\t<li class=\"d-flex align-items-center me-3\">\n\t\t\t\t\t86 m&sup2; construido\t\t\t\t<\/li>\n\t\t\t\t\t<\/ul>\n\t\t<h4 class=\"card-title mb-0\">\n\t\t\t<a class=\"stretched-link\" href=\"\/alquiler\/marbella-centro\/apartamentos-y-pisos\/128\">Apartamento de 2 dormitorios en el centro de Marbella con parking privado<\/a>\n\t\t<\/h4>\n\t\t\t<\/div>\n<\/article>\t\t\t\t\t\t<article class=\"f-carousel__slide card col position-relative flex-column\">\n\t<figure class=\"position-relative w-100 mb-2\">\n\t\t<a class=\"card-portfolio position-absolute\" data-pfl-id=\"438685\" data-pfl-filter=\"rent-short\" href=\"#\">\n\t\t\t<svg width=\"20\" fill=\"currentColor\" viewBox=\"0 0 512 512\">\n\t\t\t\t<use href=\"https:\/\/www.homewatch.es\/wp-content\/themes\/inmobasolidbase\/dist\/src\/images\/icons.svg#svgPortfolio\"\/>\n\t\t\t<\/svg>\n\t\t\t<svg class=\"d-none\" width=\"20\" fill=\"currentColor\" viewBox=\"0 0 512 512\">\n\t\t\t\t<use href=\"https:\/\/www.homewatch.es\/wp-content\/themes\/inmobasolidbase\/dist\/src\/images\/icons.svg#svgPortfolioIn\"\/>\n\t\t\t<\/svg>\n\t\t<\/a>\n\t\t<picture class=\"ratio ratio-4x3\"><source width=\"1920\" height=\"1080\" srcset=\"https:\/\/media.inmobalia.com\/imgV1\/B8vEv5Xh_VThvnEqMx4G0YtA8lAADdw1sBC5uN5pSX6~ImMWYg0nYa_EPSP~fBpYtvgHs5QKecPwE1~j5DU_pylbu6cBdu0PgVunDxnkMoeY79Gll7Nv5AHhYwCGots7LHLh2UxczxcqDuj2ylwbEGGtonym89jJNCACeg7NGMmRtYTYjJ0g0UdjJ4_bDSUq.jpg 1920w,https:\/\/media.inmobalia.com\/imgV1\/B8vEv5Xh_Vjzl4qKP9bJW21eHCmW9PWrQV6IDk9EjA79dASSMmDBrXf04FgH6wp0ylU42MWPePEey7rkY1j3kMIGs3YrRSP6UhHPWG1enKzuplcdy8f~NYm7bTbKkeM5EmP_haCzzRqH5E6frfI72wecSciOw6MSIiqbIOuznkIVfGmFqSaYCPi2_RLjzHw-.jpg 1580w,https:\/\/media.inmobalia.com\/imgV1\/B8vEv5Xh~9eLgpFkvD55S4O4_vRpfi7Zj~8WTFZMGThfizi~_Y~NgoiVzdN9MsuXYCpgHq7NOfhSSsV~~CvXOR8biNDSQCuIy3z~JafSwduxBEndespnQYPOGloQON4~nZJ18PmT0aE3TuxpLUCIMXs2DNC0zKdHZ~WMd0QAup9ceeKXtczBjlSjJ6og2g--.jpg 774w\" type=\"image\/webp\"><img loading=\"lazy\" decoding=\"async\" class=\"image-fit\" alt=\"Apartamento vacacional de 3 dormitorios con vistas al mar en Bah\u00eda de Marbella, Costa del Sol\" width=\"1920\" height=\"1080\" src=\"https:\/\/media.inmobalia.com\/imgV1\/B8vEv5Xh_VThvnEqMx4G0ZxU~~H0Ar_8Bn_AfAx~4dnt796zQ9QIPwzdr9PkzIdRpbeOYktBAPFfTt23HPhndt5b7cRr2vg76pmKvptCGz41lr5j_~x1_7FFO1ls5cFswiBQwuQFCXDUEQewBBcEeu9NXIXR3aHVkTgsL8XkV7s-.jpg\"><\/picture>\t\t\t<\/figure>\n\t<div class=\"h-100 d-flex flex-column\">\n\t\t<span class=\"d-block card-area\">\n\t\t\tMarbella Este\t\t<\/span>\n\t\t\n\n\t\t\t<div class=\"card-price d-flex flex-column\">\n\t\t<strong class=\"me-1\">Desde <span data-original-price=\"128\">128\u00a0\u20ac<\/span><span data-period> por dia <\/span><\/strong><strong class=\"me-1\"><span data-original-price=\"1700\">1.700\u00a0\u20ac<\/span><span data-period> montly rental (November-March)<\/span><\/strong>\t\t<\/div>\n\t\n\t\t<ul class=\"card-features list-unstyled d-flex flex-wrap align-items-center mb-0\">\n\t\t\t\t\t\t\t<li class=\"d-flex align-items-center me-3\">\n\t\t\t\t\t3 dormitorios\t\t\t\t<\/li>\n\t\t\t\t\t\t\t<li class=\"d-flex align-items-center me-3\">\n\t\t\t\t\t2 ba\u00f1os\t\t\t\t<\/li>\n\t\t\t\t\t\t\t<li class=\"d-flex align-items-center me-3\">\n\t\t\t\t\t129 m&sup2; construido\t\t\t\t<\/li>\n\t\t\t\t\t<\/ul>\n\t\t<h4 class=\"card-title mb-0\">\n\t\t\t<a class=\"stretched-link\" href=\"\/alquiler\/bahia-de-marbella\/apartamentos-y-pisos\/127\">Apartamento vacacional de 3 dormitorios con vistas al mar en Bah\u00eda de Marbella, Costa del Sol<\/a>\n\t\t<\/h4>\n\t\t\t<\/div>\n<\/article>\t\t\t\t\t\t<article class=\"f-carousel__slide card col position-relative flex-column\">\n\t<figure class=\"position-relative w-100 mb-2\">\n\t\t<a class=\"card-portfolio position-absolute\" data-pfl-id=\"437757\" data-pfl-filter=\"rent-short\" href=\"#\">\n\t\t\t<svg width=\"20\" fill=\"currentColor\" viewBox=\"0 0 512 512\">\n\t\t\t\t<use href=\"https:\/\/www.homewatch.es\/wp-content\/themes\/inmobasolidbase\/dist\/src\/images\/icons.svg#svgPortfolio\"\/>\n\t\t\t<\/svg>\n\t\t\t<svg class=\"d-none\" width=\"20\" fill=\"currentColor\" viewBox=\"0 0 512 512\">\n\t\t\t\t<use href=\"https:\/\/www.homewatch.es\/wp-content\/themes\/inmobasolidbase\/dist\/src\/images\/icons.svg#svgPortfolioIn\"\/>\n\t\t\t<\/svg>\n\t\t<\/a>\n\t\t<picture class=\"ratio ratio-4x3\"><source width=\"1920\" height=\"1080\" srcset=\"https:\/\/media.inmobalia.com\/imgV1\/B8vEv5Xh_VThvnEqMx4G0YtA8lAADdw1sBC5uN5pSX6~ImMWYg0nYa_EPSP~fBpYtvgHs5QKecPwE1~j5DU_pylbu6cBdu0PgVunDxnkMoeY79Gll7Nv5AHhYwCGots7LHLh2UxdjoeC0gsie2OK6PTxkzZf_uufmmj~hcq7jkBJAq0gUNSgQ2_dNwKrIiTH.jpg 1920w,https:\/\/media.inmobalia.com\/imgV1\/B8vEv5Xh_Vjzl4qKP9bJW21eHCmW9PWrQV6IDk9EjA79dASSMmDBrXf04FgH6wp0ylU42MWPePEey7rkY1j3kMIGs3YrRSP6UhHPWG1enKzuplcdy8f~NYm7bTbKkeM5EmP_haFUc~4qzgSEGlINH41xzeTDpMAJWLsvlW82RxHIGa11EDRuH70aaIglHjU-.jpg 1580w,https:\/\/media.inmobalia.com\/imgV1\/B8vEv5Xh~9eLgpFkvD55S4O4_vRpfi7Zj~8WTFZMGThfizi~_Y~NgoiVzdN9MsuXYCpgHq7NOfhSSsV~~CvXOR8biNDSQCuIy3z~JafSwduxBEndespnQYPOGloQON4~nZJ18SajhoUCWF_tyjCGV4NAVIg748M_BDhT9DxZMf_lRq4wTRW4yui~MlB6fA--.jpg 774w\" type=\"image\/webp\"><img loading=\"lazy\" decoding=\"async\" class=\"image-fit\" alt=\"Apartamento con piscina y terraza privada con vistas al mar en Elviria\" width=\"1920\" height=\"1080\" src=\"https:\/\/media.inmobalia.com\/imgV1\/B8vEv5Xh_VThvnEqMx4G0ZxU~~H0Ar_8Bn_AfAx~4dnt796zQ9QIPwzdr9PkzIdRpbeOYktBAPFfTt23HPhndt5b7cRr2vg76pmKvptCGz41lr5j_~22weR3l2Md0CQCL3zSBYcw2Zh7kojVCshPgg1fJItSqqanF_ytLoBnCgs-.jpg\"><\/picture>\t\t\t<\/figure>\n\t<div class=\"h-100 d-flex flex-column\">\n\t\t<span class=\"d-block card-area\">\n\t\t\tMarbella Este\t\t<\/span>\n\t\t\n\n\t\t\t<div class=\"card-price d-flex flex-column\">\n\t\t<strong class=\"me-1\">Desde <span data-original-price=\"79\">79\u00a0\u20ac<\/span><span data-period> por dia <\/span><\/strong>\t\t<\/div>\n\t\n\t\t<ul class=\"card-features list-unstyled d-flex flex-wrap align-items-center mb-0\">\n\t\t\t\t\t\t\t<li class=\"d-flex align-items-center me-3\">\n\t\t\t\t\t3 dormitorios\t\t\t\t<\/li>\n\t\t\t\t\t\t\t<li class=\"d-flex align-items-center me-3\">\n\t\t\t\t\t2 ba\u00f1os\t\t\t\t<\/li>\n\t\t\t\t\t\t\t<li class=\"d-flex align-items-center me-3\">\n\t\t\t\t\t198 m&sup2; construido\t\t\t\t<\/li>\n\t\t\t\t\t<\/ul>\n\t\t<h4 class=\"card-title mb-0\">\n\t\t\t<a class=\"stretched-link\" href=\"\/alquiler\/elviria\/apartamentos-y-pisos\/119\">Apartamento con piscina y terraza privada con vistas al mar en Elviria<\/a>\n\t\t<\/h4>\n\t\t\t<\/div>\n<\/article>\t\t\t\t\t\t<article class=\"f-carousel__slide card col position-relative flex-column\">\n\t<figure class=\"position-relative w-100 mb-2\">\n\t\t<a class=\"card-portfolio position-absolute\" data-pfl-id=\"433341\" data-pfl-filter=\"rent-short\" href=\"#\">\n\t\t\t<svg width=\"20\" fill=\"currentColor\" viewBox=\"0 0 512 512\">\n\t\t\t\t<use href=\"https:\/\/www.homewatch.es\/wp-content\/themes\/inmobasolidbase\/dist\/src\/images\/icons.svg#svgPortfolio\"\/>\n\t\t\t<\/svg>\n\t\t\t<svg class=\"d-none\" width=\"20\" fill=\"currentColor\" viewBox=\"0 0 512 512\">\n\t\t\t\t<use href=\"https:\/\/www.homewatch.es\/wp-content\/themes\/inmobasolidbase\/dist\/src\/images\/icons.svg#svgPortfolioIn\"\/>\n\t\t\t<\/svg>\n\t\t<\/a>\n\t\t<picture class=\"ratio ratio-4x3\"><source width=\"1920\" height=\"1080\" srcset=\"https:\/\/media.inmobalia.com\/imgV1\/B8vEv5Xh_VThvnEqMx4G0YtA8lAADdw1sBC5uN5pSX6~ImMWYg0nYa_EPSP~fBpYtvgHs5QKecPwE1~j5DU_pylbu6cBdu0PgVunDxnkMoeY79Gll7Nv5AHhYwCGots7LHLh2UxflNu63_aaHgBoQKNm4BTdj73JOHFGL4AuXk4VUD9xNqpBD9M7VmYlOSyy.jpg 1920w,https:\/\/media.inmobalia.com\/imgV1\/B8vEv5Xh_Vjzl4qKP9bJW21eHCmW9PWrQV6IDk9EjA79dASSMmDBrXf04FgH6wp0ylU42MWPePEey7rkY1j3kMIGs3YrRSP6UhHPWG1enKzuplcdy8f~NYm7bTbKkeM5EmP_haOxPfoYLsbW7lWBo~C8cF5wo_9TOBQKNfd~gv5F45KFBdemXt5YFjliFxg-.jpg 1580w,https:\/\/media.inmobalia.com\/imgV1\/B8vEv5Xh~9eLgpFkvD55S4O4_vRpfi7Zj~8WTFZMGThfizi~_Y~NgoiVzdN9MsuXYCpgHq7NOfhSSsV~~CvXOR8biNDSQCuIy3z~JafSwduxBEndespnQYPOGloQON4~nZJ180pmoEVpBBsy0IDmoopox4nc3MD7KHI6smaICWozyoIVQWETh_ZrypzzRA--.jpg 774w\" type=\"image\/webp\"><img loading=\"lazy\" decoding=\"async\" class=\"image-fit\" alt=\"Apartamento a pie de playa con terraza, piscina y pistas de tenis en Costabella, Marbella Este\" width=\"1920\" height=\"1080\" src=\"https:\/\/media.inmobalia.com\/imgV1\/B8vEv5Xh_VThvnEqMx4G0ZxU~~H0Ar_8Bn_AfAx~4dnt796zQ9QIPwzdr9PkzIdRpbeOYktBAPFfTt23HPhndt5b7cRr2vg76pmKvptCGz41lr5j_~~kwnGClQzkapyI5W~xZzjlEoJ4l_1P0dYB7jtXXvKRcF1f9OnsE7Z4MWc-.jpg\"><\/picture>\t\t\t<\/figure>\n\t<div class=\"h-100 d-flex flex-column\">\n\t\t<span class=\"d-block card-area\">\n\t\t\tMarbella Este\t\t<\/span>\n\t\t\n\n\t\t\t<div class=\"card-price d-flex flex-column\">\n\t\t<strong class=\"me-1\">Desde <span data-original-price=\"82\">82\u00a0\u20ac<\/span><span data-period> por dia <\/span><\/strong><strong class=\"me-1\"><span data-original-price=\"1350\">1.350\u00a0\u20ac<\/span><span data-period> montly rental (November-March)<\/span><\/strong>\t\t<\/div>\n\t\n\t\t<ul class=\"card-features list-unstyled d-flex flex-wrap align-items-center mb-0\">\n\t\t\t\t\t\t\t<li class=\"d-flex align-items-center me-3\">\n\t\t\t\t\t2 dormitorios\t\t\t\t<\/li>\n\t\t\t\t\t\t\t<li class=\"d-flex align-items-center me-3\">\n\t\t\t\t\t2 ba\u00f1os\t\t\t\t<\/li>\n\t\t\t\t\t\t\t<li class=\"d-flex align-items-center me-3\">\n\t\t\t\t\t87 m&sup2; construido\t\t\t\t<\/li>\n\t\t\t\t\t<\/ul>\n\t\t<h4 class=\"card-title mb-0\">\n\t\t\t<a class=\"stretched-link\" href=\"\/alquiler\/costabella\/apartamentos-y-pisos\/118\">Apartamento a pie de playa con terraza, piscina y pistas de tenis en Costabella, Marbella Este<\/a>\n\t\t<\/h4>\n\t\t\t<\/div>\n<\/article>\t\t\t\t\t\t<article class=\"f-carousel__slide card col position-relative flex-column\">\n\t<figure class=\"position-relative w-100 mb-2\">\n\t\t<a class=\"card-portfolio position-absolute\" data-pfl-id=\"432240\" data-pfl-filter=\"rent-short\" href=\"#\">\n\t\t\t<svg width=\"20\" fill=\"currentColor\" viewBox=\"0 0 512 512\">\n\t\t\t\t<use href=\"https:\/\/www.homewatch.es\/wp-content\/themes\/inmobasolidbase\/dist\/src\/images\/icons.svg#svgPortfolio\"\/>\n\t\t\t<\/svg>\n\t\t\t<svg class=\"d-none\" width=\"20\" fill=\"currentColor\" viewBox=\"0 0 512 512\">\n\t\t\t\t<use href=\"https:\/\/www.homewatch.es\/wp-content\/themes\/inmobasolidbase\/dist\/src\/images\/icons.svg#svgPortfolioIn\"\/>\n\t\t\t<\/svg>\n\t\t<\/a>\n\t\t<picture class=\"ratio ratio-4x3\"><source width=\"1920\" height=\"1080\" srcset=\"https:\/\/media.inmobalia.com\/imgV1\/B8vEv5Xh_VThvnEqMx4G0YtA8lAADdw1sBC5uN5pSX6~ImMWYg0nYa_EPSP~fBpYtvgHs5QKecPwE1~j5DU_pylbu6cBdu0PgVunDxnkMoeY79Gll7Nv5AHhYwCGots7LHLh2U0ZWyLNUzgYBz~8OErfV0DP8oa2LYEaSizBVuuIp9VNxme3g88nvFfGlDLW.jpg 1920w,https:\/\/media.inmobalia.com\/imgV1\/B8vEv5Xh_Vjzl4qKP9bJW21eHCmW9PWrQV6IDk9EjA79dASSMmDBrXf04FgH6wp0ylU42MWPePEey7rkY1j3kMIGs3YrRSP6UhHPWG1enKzuplcdy8f~NYm7bTbKkeM5EmP_hI7PCagVoq6fzmGRzsfFA9X79obibPXgRy8JGVcWWNIvq~jMvbK9PNQWYuE-.jpg 1580w,https:\/\/media.inmobalia.com\/imgV1\/B8vEv5Xh~9eLgpFkvD55S4O4_vRpfi7Zj~8WTFZMGThfizi~_Y~NgoiVzdN9MsuXYCpgHq7NOfhSSsV~~CvXOR8biNDSQCuIy3z~JafSwduxBEndespnQYPOGloQON4~nZJ0N2Uue~dpMnq9YX29DjTeNSP_ih6~~lgGec4HLMyGmKVSbuZ3tpsdPaSTow--.jpg 774w\" type=\"image\/webp\"><img loading=\"lazy\" decoding=\"async\" class=\"image-fit\" alt=\"Villa Pi\u00f1a: Un refugio entre palmeras, con piscina privada climatizable y barbacoa en Elviria, Marbella\" width=\"1920\" height=\"1080\" src=\"https:\/\/media.inmobalia.com\/imgV1\/B8vEv5Xh_VThvnEqMx4G0ZxU~~H0Ar_8Bn_AfAx~4dnt796zQ9QIPwzdr9PkzIdRpbeOYktBAPFfTt23HPhndt5b7cRr2vg76pmKvptCGz41lr5j_usRbzaYTjwW5iJ~9VRsWWMWHWVVaf~9YZxQ7QQXatFU8aNZhUAZ~x0BTxg-.jpg\"><\/picture>\t\t\t<\/figure>\n\t<div class=\"h-100 d-flex flex-column\">\n\t\t<span class=\"d-block card-area\">\n\t\t\tMarbella Este\t\t<\/span>\n\t\t\n\n\t\t\t<div class=\"card-price d-flex flex-column\">\n\t\t<strong class=\"me-1\">Desde <span data-original-price=\"205\">205\u00a0\u20ac<\/span><span data-period> por dia <\/span><\/strong>\t\t<\/div>\n\t\n\t\t<ul class=\"card-features list-unstyled d-flex flex-wrap align-items-center mb-0\">\n\t\t\t\t\t\t\t<li class=\"d-flex align-items-center me-3\">\n\t\t\t\t\t3 dormitorios\t\t\t\t<\/li>\n\t\t\t\t\t\t\t<li class=\"d-flex align-items-center me-3\">\n\t\t\t\t\t2 ba\u00f1os\t\t\t\t<\/li>\n\t\t\t\t\t\t\t<li class=\"d-flex align-items-center me-3\">\n\t\t\t\t\t232 m&sup2; construido\t\t\t\t<\/li>\n\t\t\t\t\t\t\t<li class=\"d-flex align-items-center me-3\">\n\t\t\t\t\t232 m&sup2; parcela\t\t\t\t<\/li>\n\t\t\t\t\t<\/ul>\n\t\t<h4 class=\"card-title mb-0\">\n\t\t\t<a class=\"stretched-link\" href=\"\/alquiler\/elviria\/villas-y-chalets\/114\">Villa Pi\u00f1a: Un refugio entre palmeras, con piscina privada climatizable y barbacoa en Elviria, Marbella<\/a>\n\t\t<\/h4>\n\t\t\t<\/div>\n<\/article>\t\t\t\t\t\t<article class=\"f-carousel__slide card col position-relative flex-column\">\n\t<figure class=\"position-relative w-100 mb-2\">\n\t\t<a class=\"card-portfolio position-absolute\" data-pfl-id=\"430605\" data-pfl-filter=\"rent-short\" href=\"#\">\n\t\t\t<svg width=\"20\" fill=\"currentColor\" viewBox=\"0 0 512 512\">\n\t\t\t\t<use href=\"https:\/\/www.homewatch.es\/wp-content\/themes\/inmobasolidbase\/dist\/src\/images\/icons.svg#svgPortfolio\"\/>\n\t\t\t<\/svg>\n\t\t\t<svg class=\"d-none\" width=\"20\" fill=\"currentColor\" viewBox=\"0 0 512 512\">\n\t\t\t\t<use href=\"https:\/\/www.homewatch.es\/wp-content\/themes\/inmobasolidbase\/dist\/src\/images\/icons.svg#svgPortfolioIn\"\/>\n\t\t\t<\/svg>\n\t\t<\/a>\n\t\t<picture class=\"ratio ratio-4x3\"><source width=\"1920\" height=\"1080\" srcset=\"https:\/\/media.inmobalia.com\/imgV1\/B8vEv5Xh_VThvnEqMx4G0YtA8lAADdw1sBC5uN5pSX6~ImMWYg0nYa_EPSP~fBpYtvgHs5QKecPwE1~j5DU_pylbu6cBdu0PgVunDxnkMoeY79Gll7Nv5AHhYwCGots7LHLh2U0Y2N_gKSujy9DaU~hmPs1EV8NeM1VWPGEXnSCzz59xNLcCJ1NqCPLVr3PN.jpg 1920w,https:\/\/media.inmobalia.com\/imgV1\/B8vEv5Xh_Vjzl4qKP9bJW21eHCmW9PWrQV6IDk9EjA79dASSMmDBrXf04FgH6wp0ylU42MWPePEey7rkY1j3kMIGs3YrRSP6UhHPWG1enKzuplcdy8f~NYm7bTbKkeM5EmP_hI~d5uDx0q4a0bdise12AF~I0~xpERV2PbziL~o2RHiaUCt5QFuc7jZeFfE-.jpg 1580w,https:\/\/media.inmobalia.com\/imgV1\/B8vEv5Xh~9eLgpFkvD55S4O4_vRpfi7Zj~8WTFZMGThfizi~_Y~NgoiVzdN9MsuXYCpgHq7NOfhSSsV~~CvXOR8biNDSQCuIy3z~JafSwduxBEndespnQYPOGloQON4~nZJ0NrIDu9FklqDhqVn~8Wns8Znf1kGLjc7fC6cfb6DwRY~Dxtf~GvjX9ATeYA--.jpg 774w\" type=\"image\/webp\"><img loading=\"lazy\" decoding=\"async\" class=\"image-fit\" alt=\"Apartamento vacacional moderno de 2 dormitorios en Cancelada, Costa del Sol con piscina\" width=\"1920\" height=\"1080\" src=\"https:\/\/media.inmobalia.com\/imgV1\/B8vEv5Xh_VThvnEqMx4G0ZxU~~H0Ar_8Bn_AfAx~4dnt796zQ9QIPwzdr9PkzIdRpbeOYktBAPFfTt23HPhndt5b7cRr2vg76pmKvptCGz41lr5j_urLEDAqsaJuGz4qfivEX6ym11w3kv6OBjXiJq3KkjdDFDwW0RYSZppOlyE-.jpg\"><\/picture>\t\t\t<\/figure>\n\t<div class=\"h-100 d-flex flex-column\">\n\t\t<span class=\"d-block card-area\">\n\t\t\tNueva Andalucia\t\t<\/span>\n\t\t\n\n\t\t\t<div class=\"card-price d-flex flex-column\">\n\t\t<strong class=\"me-1\">Desde <span data-original-price=\"2500\">2.500\u00a0\u20ac<\/span><span data-period> por mes <\/span><\/strong><strong class=\"me-1\"><span data-original-price=\"1650\">1.650\u00a0\u20ac<\/span><span data-period> montly rental (November-March)<\/span><\/strong>\t\t<\/div>\n\t\n\t\t<ul class=\"card-features list-unstyled d-flex flex-wrap align-items-center mb-0\">\n\t\t\t\t\t\t\t<li class=\"d-flex align-items-center me-3\">\n\t\t\t\t\t2 dormitorios\t\t\t\t<\/li>\n\t\t\t\t\t\t\t<li class=\"d-flex align-items-center me-3\">\n\t\t\t\t\t2 ba\u00f1os\t\t\t\t<\/li>\n\t\t\t\t\t\t\t<li class=\"d-flex align-items-center me-3\">\n\t\t\t\t\t88 m&sup2; construido\t\t\t\t<\/li>\n\t\t\t\t\t<\/ul>\n\t\t<h4 class=\"card-title mb-0\">\n\t\t\t<a class=\"stretched-link\" href=\"\/alquiler\/la-campana\/apartamentos-y-pisos\/245\">Apartamento vacacional moderno de 2 dormitorios en Cancelada, Costa del Sol con piscina<\/a>\n\t\t<\/h4>\n\t\t\t<\/div>\n<\/article>\t\t\t\t\t\t<article class=\"f-carousel__slide card col position-relative flex-column\">\n\t<figure class=\"position-relative w-100 mb-2\">\n\t\t<a class=\"card-portfolio position-absolute\" data-pfl-id=\"419339\" data-pfl-filter=\"rent-short\" href=\"#\">\n\t\t\t<svg width=\"20\" fill=\"currentColor\" viewBox=\"0 0 512 512\">\n\t\t\t\t<use href=\"https:\/\/www.homewatch.es\/wp-content\/themes\/inmobasolidbase\/dist\/src\/images\/icons.svg#svgPortfolio\"\/>\n\t\t\t<\/svg>\n\t\t\t<svg class=\"d-none\" width=\"20\" fill=\"currentColor\" viewBox=\"0 0 512 512\">\n\t\t\t\t<use href=\"https:\/\/www.homewatch.es\/wp-content\/themes\/inmobasolidbase\/dist\/src\/images\/icons.svg#svgPortfolioIn\"\/>\n\t\t\t<\/svg>\n\t\t<\/a>\n\t\t<picture class=\"ratio ratio-4x3\"><source width=\"1920\" height=\"1080\" srcset=\"https:\/\/media.inmobalia.com\/imgV1\/B8vEv5Xh_VThvnEqMx4G0YtA8lAADdw1sBC5uN5pSX6~ImMWYg0nYa_EPSP~fBpYtvgHs5QKecPwE1~j5DU_pylbu6cBdu0PgVunDxnkMoeY79Gll7Nv5AHhYwCGots7LHLh2U0UQuBiaknEZqXk~T12uh78SfXhNgsJC45alMtAECU0gFVmVZgMZz_s5Tnw.jpg 1920w,https:\/\/media.inmobalia.com\/imgV1\/B8vEv5Xh_Vjzl4qKP9bJW21eHCmW9PWrQV6IDk9EjA79dASSMmDBrXf04FgH6wp0ylU42MWPePEey7rkY1j3kMIGs3YrRSP6UhHPWG1enKzuplcdy8f~NYm7bTbKkeM5EmP_hIOVVxAFrhZXPDPSA2KDbt5QBJgdUT8kgLGmD7MjA~WgP9dAuEbcxpt06Lg-.jpg 1580w,https:\/\/media.inmobalia.com\/imgV1\/B8vEv5Xh~9eLgpFkvD55S4O4_vRpfi7Zj~8WTFZMGThfizi~_Y~NgoiVzdN9MsuXYCpgHq7NOfhSSsV~~CvXOR8biNDSQCuIy3z~JafSwduxBEndespnQYPOGloQON4~nZJ0OtVgmEYEwHQAbvH5raw5HV4wpZIXxjSdMDMKmMdeZW0upm_VHHyFWdz9EA--.jpg 774w\" type=\"image\/webp\"><img loading=\"lazy\" decoding=\"async\" class=\"image-fit\" alt=\"Apartamento con terraza y piscina cerca de la playa, Dunes Beach\" width=\"1920\" height=\"1080\" src=\"https:\/\/media.inmobalia.com\/imgV1\/B8vEv5Xh_VThvnEqMx4G0ZxU~~H0Ar_8Bn_AfAx~4dnt796zQ9QIPwzdr9PkzIdRpbeOYktBAPFfTt23HPhndt5b7cRr2vg76pmKvptCGz41lr5j_ubC75rlnwhi7~CBCtspX6rdNBlRAxsmnUj3BOh1BHtPDaRHGab30iD2wmE-.jpg\"><\/picture>\t\t\t<\/figure>\n\t<div class=\"h-100 d-flex flex-column\">\n\t\t<span class=\"d-block card-area\">\n\t\t\tMarbella Este\t\t<\/span>\n\t\t\n\n\t\t\t<div class=\"card-price d-flex flex-column\">\n\t\t<strong class=\"me-1\">Desde <span data-original-price=\"110\">110\u00a0\u20ac<\/span><span data-period> por dia <\/span><\/strong><strong class=\"me-1\"><span data-original-price=\"2000\">2.000\u00a0\u20ac<\/span><span data-period> montly rental (November-March)<\/span><\/strong>\t\t<\/div>\n\t\n\t\t<ul class=\"card-features list-unstyled d-flex flex-wrap align-items-center mb-0\">\n\t\t\t\t\t\t\t<li class=\"d-flex align-items-center me-3\">\n\t\t\t\t\t2 dormitorios\t\t\t\t<\/li>\n\t\t\t\t\t\t\t<li class=\"d-flex align-items-center me-3\">\n\t\t\t\t\t2 ba\u00f1os\t\t\t\t<\/li>\n\t\t\t\t\t\t\t<li class=\"d-flex align-items-center me-3\">\n\t\t\t\t\t80 m&sup2; construido\t\t\t\t<\/li>\n\t\t\t\t\t<\/ul>\n\t\t<h4 class=\"card-title mb-0\">\n\t\t\t<a class=\"stretched-link\" href=\"\/alquiler\/carib-playa\/apartamentos-y-pisos\/108\">Apartamento con terraza y piscina cerca de la playa, Dunes Beach<\/a>\n\t\t<\/h4>\n\t\t\t<\/div>\n<\/article>\t\t\t\t\t\t<article class=\"f-carousel__slide card col position-relative flex-column\">\n\t<figure class=\"position-relative w-100 mb-2\">\n\t\t<a class=\"card-portfolio position-absolute\" data-pfl-id=\"406524\" data-pfl-filter=\"rent-short\" href=\"#\">\n\t\t\t<svg width=\"20\" fill=\"currentColor\" viewBox=\"0 0 512 512\">\n\t\t\t\t<use href=\"https:\/\/www.homewatch.es\/wp-content\/themes\/inmobasolidbase\/dist\/src\/images\/icons.svg#svgPortfolio\"\/>\n\t\t\t<\/svg>\n\t\t\t<svg class=\"d-none\" width=\"20\" fill=\"currentColor\" viewBox=\"0 0 512 512\">\n\t\t\t\t<use href=\"https:\/\/www.homewatch.es\/wp-content\/themes\/inmobasolidbase\/dist\/src\/images\/icons.svg#svgPortfolioIn\"\/>\n\t\t\t<\/svg>\n\t\t<\/a>\n\t\t<picture class=\"ratio ratio-4x3\"><source width=\"1920\" height=\"1080\" srcset=\"https:\/\/media.inmobalia.com\/imgV1\/B8vEv5Xh_VThvnEqMx4G0YtA8lAADdw1sBC5uN5pSX6~ImMWYg0nYa_EPSP~fBpYtvgHs5QKecPwE1~j5DU_pylbu6cBdu0PgVunDxnkMoeY79Gll7Nv5AHhYwCGots7LHLh2U4v1Ppq1B1zhJicQQJU~K9KCKZqZpAeINq9l_NIoRXi2pyqLPpyGzik8~FD.jpg 1920w,https:\/\/media.inmobalia.com\/imgV1\/B8vEv5Xh_Vjzl4qKP9bJW21eHCmW9PWrQV6IDk9EjA79dASSMmDBrXf04FgH6wp0ylU42MWPePEey7rkY1j3kMIGs3YrRSP6UhHPWG1enKzuplcdy8f~NYm7bTbKkeM5EmP_h~Yx7P4vTA1bn_SLI7RugQbQOc5iC1IotNVxJDz~enXT7zO7QCgx6Ib12ec-.jpg 1580w,https:\/\/media.inmobalia.com\/imgV1\/B8vEv5Xh~9eLgpFkvD55S4O4_vRpfi7Zj~8WTFZMGThfizi~_Y~NgoiVzdN9MsuXYCpgHq7NOfhSSsV~~CvXOR8biNDSQCuIy3z~JafSwduxBEndespnQYPOGloQON4~nZJ3oXN3q_vKfaOw7ouAiZS97MTYUV_i0qZpTzR77s8GYmkvG6K1~YZZ9~k3EA--.jpg 774w\" type=\"image\/webp\"><img loading=\"lazy\" decoding=\"async\" class=\"image-fit\" alt=\"Apartamento lujoso de 2 dormitorios cerca de la playa en Estepona\" width=\"1920\" height=\"1080\" src=\"https:\/\/media.inmobalia.com\/imgV1\/B8vEv5Xh_VThvnEqMx4G0ZxU~~H0Ar_8Bn_AfAx~4dnt796zQ9QIPwzdr9PkzIdRpbeOYktBAPFfTt23HPhndt5b7cRr2vg76pmKvptCGz41lr5j_cMijyJnyyV0vKoxT38mUlAvq0zHGcfVR2VnxQ~bcBPJNu7ASn6upLFY_4Y-.jpg\"><\/picture>\t\t\t<\/figure>\n\t<div class=\"h-100 d-flex flex-column\">\n\t\t<span class=\"d-block card-area\">\n\t\t\tEstepona\t\t<\/span>\n\t\t\n\n\t\t\t<div class=\"card-price d-flex flex-column\">\n\t\t<strong class=\"me-1\">Desde <span data-original-price=\"139\">139\u00a0\u20ac<\/span><span data-period> por dia <\/span><\/strong><strong class=\"me-1\"><span data-original-price=\"1900\">1.900\u00a0\u20ac<\/span><span data-period> montly rental (November-March)<\/span><\/strong>\t\t<\/div>\n\t\n\t\t<ul class=\"card-features list-unstyled d-flex flex-wrap align-items-center mb-0\">\n\t\t\t\t\t\t\t<li class=\"d-flex align-items-center me-3\">\n\t\t\t\t\t2 dormitorios\t\t\t\t<\/li>\n\t\t\t\t\t\t\t<li class=\"d-flex align-items-center me-3\">\n\t\t\t\t\t2 ba\u00f1os\t\t\t\t<\/li>\n\t\t\t\t\t\t\t<li class=\"d-flex align-items-center me-3\">\n\t\t\t\t\t131 m&sup2; construido\t\t\t\t<\/li>\n\t\t\t\t\t<\/ul>\n\t\t<h4 class=\"card-title mb-0\">\n\t\t\t<a class=\"stretched-link\" href=\"\/alquiler\/estepona\/apartamentos-y-pisos\/102\">Apartamento lujoso de 2 dormitorios cerca de la playa en Estepona<\/a>\n\t\t<\/h4>\n\t\t\t<\/div>\n<\/article>\t\t\t\t\t\t<article class=\"f-carousel__slide card col position-relative flex-column\">\n\t<figure class=\"position-relative w-100 mb-2\">\n\t\t<a class=\"card-portfolio position-absolute\" data-pfl-id=\"406283\" data-pfl-filter=\"rent-short\" href=\"#\">\n\t\t\t<svg width=\"20\" fill=\"currentColor\" viewBox=\"0 0 512 512\">\n\t\t\t\t<use href=\"https:\/\/www.homewatch.es\/wp-content\/themes\/inmobasolidbase\/dist\/src\/images\/icons.svg#svgPortfolio\"\/>\n\t\t\t<\/svg>\n\t\t\t<svg class=\"d-none\" width=\"20\" fill=\"currentColor\" viewBox=\"0 0 512 512\">\n\t\t\t\t<use href=\"https:\/\/www.homewatch.es\/wp-content\/themes\/inmobasolidbase\/dist\/src\/images\/icons.svg#svgPortfolioIn\"\/>\n\t\t\t<\/svg>\n\t\t<\/a>\n\t\t<picture class=\"ratio ratio-4x3\"><source width=\"1920\" height=\"1080\" srcset=\"https:\/\/media.inmobalia.com\/imgV1\/B8vEv5Xh_VThvnEqMx4G0YtA8lAADdw1sBC5uN5pSX6~ImMWYg0nYa_EPSP~fBpYtvgHs5QKecPwE1~j5DU_pylbu6cBdu0PgVunDxnkMoeY79Gll7Nv5AHhYwCGots7LHLh2U4q9~IGIe5Bej4phvFgGOZLeOvPU8RuOuRy4rdwCt1t4i~8xW89pNa7LjyH.jpg 1920w,https:\/\/media.inmobalia.com\/imgV1\/B8vEv5Xh_Vjzl4qKP9bJW21eHCmW9PWrQV6IDk9EjA79dASSMmDBrXf04FgH6wp0ylU42MWPePEey7rkY1j3kMIGs3YrRSP6UhHPWG1enKzuplcdy8f~NYm7bTbKkeM5EmP_h~MD0AsPjmAvDhD_6y74k1FV4HshYrGJ5kUAdNqSJghA4rcSB~0mHYn3scI-.jpg 1580w,https:\/\/media.inmobalia.com\/imgV1\/B8vEv5Xh~9eLgpFkvD55S4O4_vRpfi7Zj~8WTFZMGThfizi~_Y~NgoiVzdN9MsuXYCpgHq7NOfhSSsV~~CvXOR8biNDSQCuIy3z~JafSwduxBEndespnQYPOGloQON4~nZJ3pL60o43QXKIVksuA2Szl7IO~Udn_esGK4EsQFXvDKDLc9KUaKnzj4icdQw--.jpg 774w\" type=\"image\/webp\"><img loading=\"lazy\" decoding=\"async\" class=\"image-fit\" alt=\"Apartamento de golf de 2 dormitorios en Elviria Hills con piscina comunitaria\" width=\"1920\" height=\"1080\" src=\"https:\/\/media.inmobalia.com\/imgV1\/B8vEv5Xh_VThvnEqMx4G0ZxU~~H0Ar_8Bn_AfAx~4dnt796zQ9QIPwzdr9PkzIdRpbeOYktBAPFfTt23HPhndt5b7cRr2vg76pmKvptCGz41lr5j_cZ0PwgqfugHnT6QRB5L~cz7G~PSlT9TkO4EVPazkVAxUdmfESL0nFZ8o1I-.jpg\"><\/picture>\t\t\t<\/figure>\n\t<div class=\"h-100 d-flex flex-column\">\n\t\t<span class=\"d-block card-area\">\n\t\t\tMarbella Este\t\t<\/span>\n\t\t\n\n\t\t\t<div class=\"card-price d-flex flex-column\">\n\t\t<strong class=\"me-1\">Desde <span data-original-price=\"181\">181\u00a0\u20ac<\/span><span data-period> por dia <\/span><\/strong><strong class=\"me-1\"><span data-original-price=\"2200\">2.200\u00a0\u20ac<\/span><span data-period> montly rental (November-March)<\/span><\/strong>\t\t<\/div>\n\t\n\t\t<ul class=\"card-features list-unstyled d-flex flex-wrap align-items-center mb-0\">\n\t\t\t\t\t\t\t<li class=\"d-flex align-items-center me-3\">\n\t\t\t\t\t2 dormitorios\t\t\t\t<\/li>\n\t\t\t\t\t\t\t<li class=\"d-flex align-items-center me-3\">\n\t\t\t\t\t2 ba\u00f1os\t\t\t\t<\/li>\n\t\t\t\t\t\t\t<li class=\"d-flex align-items-center me-3\">\n\t\t\t\t\t110 m&sup2; construido\t\t\t\t<\/li>\n\t\t\t\t\t<\/ul>\n\t\t<h4 class=\"card-title mb-0\">\n\t\t\t<a class=\"stretched-link\" href=\"\/alquiler\/elviria\/apartamentos-y-pisos\/95\">Apartamento de golf de 2 dormitorios en Elviria Hills con piscina comunitaria<\/a>\n\t\t<\/h4>\n\t\t\t<\/div>\n<\/article>\t\t\t\t\t\t<article class=\"f-carousel__slide card col position-relative flex-column\">\n\t<figure class=\"position-relative w-100 mb-2\">\n\t\t<a class=\"card-portfolio position-absolute\" data-pfl-id=\"404329\" data-pfl-filter=\"rent-short\" href=\"#\">\n\t\t\t<svg width=\"20\" fill=\"currentColor\" viewBox=\"0 0 512 512\">\n\t\t\t\t<use href=\"https:\/\/www.homewatch.es\/wp-content\/themes\/inmobasolidbase\/dist\/src\/images\/icons.svg#svgPortfolio\"\/>\n\t\t\t<\/svg>\n\t\t\t<svg class=\"d-none\" width=\"20\" fill=\"currentColor\" viewBox=\"0 0 512 512\">\n\t\t\t\t<use href=\"https:\/\/www.homewatch.es\/wp-content\/themes\/inmobasolidbase\/dist\/src\/images\/icons.svg#svgPortfolioIn\"\/>\n\t\t\t<\/svg>\n\t\t<\/a>\n\t\t<picture class=\"ratio ratio-4x3\"><source width=\"1920\" height=\"1080\" srcset=\"https:\/\/media.inmobalia.com\/imgV1\/B8vEv5Xh_VThvnEqMx4G0YtA8lAADdw1sBC5uN5pSX6~ImMWYg0nYa_EPSP~fBpYtvgHs5QKecPwE1~j5DU_pylbu6cBdu0PgVunDxnkMoeY79Gll7Nv5AHhYwCGots7LHLh2U4olU7Mu1VkWeyX8ug7CYk3k1j9Ip1Zw6ixbVCwl0Kt1EBvHTVFhPU0ej9M.jpg 1920w,https:\/\/media.inmobalia.com\/imgV1\/B8vEv5Xh_Vjzl4qKP9bJW21eHCmW9PWrQV6IDk9EjA79dASSMmDBrXf04FgH6wp0ylU42MWPePEey7rkY1j3kMIGs3YrRSP6UhHPWG1enKzuplcdy8f~NYm7bTbKkeM5EmP_h~ENHvj3EVUNd1KOM58PIqowPqmnn9jGfk1VFU4IaArn0_AZ73Gq37wvmtE-.jpg 1580w,https:\/\/media.inmobalia.com\/imgV1\/B8vEv5Xh~9eLgpFkvD55S4O4_vRpfi7Zj~8WTFZMGThfizi~_Y~NgoiVzdN9MsuXYCpgHq7NOfhSSsV~~CvXOR8biNDSQCuIy3z~JafSwduxBEndespnQYPOGloQON4~nZJ3pgY25d7ZkxZpgQ6UJ_2vbKlKDQzW2VMxndIJO_6tUG_9uPhzAUYwawT_Lg--.jpg 774w\" type=\"image\/webp\"><img loading=\"lazy\" decoding=\"async\" class=\"image-fit\" alt=\"Apartamento vacacional de 2 dormitorios con vistas al mar en Cancelada\" width=\"1920\" height=\"1080\" src=\"https:\/\/media.inmobalia.com\/imgV1\/B8vEv5Xh_VThvnEqMx4G0ZxU~~H0Ar_8Bn_AfAx~4dnt796zQ9QIPwzdr9PkzIdRpbeOYktBAPFfTt23HPhndt5b7cRr2vg76pmKvptCGz41lr5j_cRI2QbTw3b1YrQyDLR2K~q98iszotggBtEA6CYN90SFsu2TsP0aZNnZN3o-.jpg\"><\/picture>\t\t\t<\/figure>\n\t<div class=\"h-100 d-flex flex-column\">\n\t\t<span class=\"d-block card-area\">\n\t\t\tEstepona Este\t\t<\/span>\n\t\t\n\n\t\t\t<div class=\"card-price d-flex flex-column\">\n\t\t<strong class=\"me-1\">Desde <span data-original-price=\"174\">174\u00a0\u20ac<\/span><span data-period> por dia <\/span><\/strong><strong class=\"me-1\"><span data-original-price=\"2500\">2.500\u00a0\u20ac<\/span><span data-period> montly rental (November-March)<\/span><\/strong>\t\t<\/div>\n\t\n\t\t<ul class=\"card-features list-unstyled d-flex flex-wrap align-items-center mb-0\">\n\t\t\t\t\t\t\t<li class=\"d-flex align-items-center me-3\">\n\t\t\t\t\t2 dormitorios\t\t\t\t<\/li>\n\t\t\t\t\t\t\t<li class=\"d-flex align-items-center me-3\">\n\t\t\t\t\t2 ba\u00f1os\t\t\t\t<\/li>\n\t\t\t\t\t\t\t<li class=\"d-flex align-items-center me-3\">\n\t\t\t\t\t115 m&sup2; construido\t\t\t\t<\/li>\n\t\t\t\t\t<\/ul>\n\t\t<h4 class=\"card-title mb-0\">\n\t\t\t<a class=\"stretched-link\" href=\"\/alquiler\/cancelada\/apartamentos-y-pisos\/99\">Apartamento vacacional de 2 dormitorios con vistas al mar en Cancelada<\/a>\n\t\t<\/h4>\n\t\t\t<\/div>\n<\/article>\t\t\t\t\t\t<article class=\"f-carousel__slide card col position-relative flex-column\">\n\t<figure class=\"position-relative w-100 mb-2\">\n\t\t<a class=\"card-portfolio position-absolute\" data-pfl-id=\"402876\" data-pfl-filter=\"rent-short\" href=\"#\">\n\t\t\t<svg width=\"20\" fill=\"currentColor\" viewBox=\"0 0 512 512\">\n\t\t\t\t<use href=\"https:\/\/www.homewatch.es\/wp-content\/themes\/inmobasolidbase\/dist\/src\/images\/icons.svg#svgPortfolio\"\/>\n\t\t\t<\/svg>\n\t\t\t<svg class=\"d-none\" width=\"20\" fill=\"currentColor\" viewBox=\"0 0 512 512\">\n\t\t\t\t<use href=\"https:\/\/www.homewatch.es\/wp-content\/themes\/inmobasolidbase\/dist\/src\/images\/icons.svg#svgPortfolioIn\"\/>\n\t\t\t<\/svg>\n\t\t<\/a>\n\t\t<picture class=\"ratio ratio-4x3\"><source width=\"1920\" height=\"1080\" srcset=\"https:\/\/media.inmobalia.com\/imgV1\/B8vEv5Xh_VThvnEqMx4G0YtA8lAADdw1sBC5uN5pSX6~ImMWYg0nYa_EPSP~fBpYtvgHs5QKecPwE1~j5DU_pylbu6cBdu0PgVunDxnkMoeY79Gll7Nv5AHhYwCGots7LHLh2U9bN7G54~W1TNYzfXp04fHBuTmLSCO45F0F3jaCVYfypuPPbjSyK8TSgDM9.jpg 1920w,https:\/\/media.inmobalia.com\/imgV1\/B8vEv5Xh_Vjzl4qKP9bJW21eHCmW9PWrQV6IDk9EjA79dASSMmDBrXf04FgH6wp0ylU42MWPePEey7rkY1j3kMIGs3YrRSP6UhHPWG1enKzuplcdy8f~NYm7bTbKkeM5EmP_htEjVRdVIZRvQNZ_7DW_NFDUFK~7Ejgj55HA8qiv~7WHllgJqdDqhSHeZJU-.jpg 1580w,https:\/\/media.inmobalia.com\/imgV1\/B8vEv5Xh~9eLgpFkvD55S4O4_vRpfi7Zj~8WTFZMGThfizi~_Y~NgoiVzdN9MsuXYCpgHq7NOfhSSsV~~CvXOR8biNDSQCuIy3z~JafSwduxBEndespnQYPOGloQON4~nZJ2N4IIVHqfmXreKEi_S4CPZIXMM48N1PCmXKSPGwa4MHd2fSTL0cTAPTEabg--.jpg 774w\" type=\"image\/webp\"><img loading=\"lazy\" decoding=\"async\" class=\"image-fit\" alt=\"Villa de lujo primera l\u00ednea 3 dormitorios con vistas al mar en Marbella Este\" width=\"1920\" height=\"1080\" src=\"https:\/\/media.inmobalia.com\/imgV1\/B8vEv5Xh_VThvnEqMx4G0ZxU~~H0Ar_8Bn_AfAx~4dnt796zQ9QIPwzdr9PkzIdRpbeOYktBAPFfTt23HPhndt5b7cRr2vg76pmKvptCGz41lr5j_PDul1nm7PruQp~tCXSOSxOEunuZArSrr2Mq3FucOrELuKCacE0VSaNCPDE-.jpg\"><\/picture>\t\t\t<\/figure>\n\t<div class=\"h-100 d-flex flex-column\">\n\t\t<span class=\"d-block card-area\">\n\t\t\tMarbella Este\t\t<\/span>\n\t\t\n\n\t\t\t<div class=\"card-price d-flex flex-column\">\n\t\t<strong class=\"me-1\">Desde <span data-original-price=\"246\">246\u00a0\u20ac<\/span><span data-period> por dia <\/span><\/strong><strong class=\"me-1\"><span data-original-price=\"4000\">4.000\u00a0\u20ac<\/span><span data-period> montly rental (November-March)<\/span><\/strong>\t\t<\/div>\n\t\n\t\t<ul class=\"card-features list-unstyled d-flex flex-wrap align-items-center mb-0\">\n\t\t\t\t\t\t\t<li class=\"d-flex align-items-center me-3\">\n\t\t\t\t\t3 dormitorios\t\t\t\t<\/li>\n\t\t\t\t\t\t\t<li class=\"d-flex align-items-center me-3\">\n\t\t\t\t\t2 ba\u00f1os\t\t\t\t<\/li>\n\t\t\t\t\t\t\t<li class=\"d-flex align-items-center me-3\">\n\t\t\t\t\t190 m&sup2; construido\t\t\t\t<\/li>\n\t\t\t\t\t\t\t<li class=\"d-flex align-items-center me-3\">\n\t\t\t\t\t30 m&sup2; parcela\t\t\t\t<\/li>\n\t\t\t\t\t<\/ul>\n\t\t<h4 class=\"card-title mb-0\">\n\t\t\t<a class=\"stretched-link\" href=\"\/alquiler\/bahia-de-marbella\/casas\/94\">Villa de lujo primera l\u00ednea 3 dormitorios con vistas al mar en Marbella Este<\/a>\n\t\t<\/h4>\n\t\t\t<\/div>\n<\/article>\t\t\t\t\t\t<article class=\"f-carousel__slide card col position-relative flex-column\">\n\t<figure class=\"position-relative w-100 mb-2\">\n\t\t<a class=\"card-portfolio position-absolute\" data-pfl-id=\"402853\" data-pfl-filter=\"rent-short\" href=\"#\">\n\t\t\t<svg width=\"20\" fill=\"currentColor\" viewBox=\"0 0 512 512\">\n\t\t\t\t<use href=\"https:\/\/www.homewatch.es\/wp-content\/themes\/inmobasolidbase\/dist\/src\/images\/icons.svg#svgPortfolio\"\/>\n\t\t\t<\/svg>\n\t\t\t<svg class=\"d-none\" width=\"20\" fill=\"currentColor\" viewBox=\"0 0 512 512\">\n\t\t\t\t<use href=\"https:\/\/www.homewatch.es\/wp-content\/themes\/inmobasolidbase\/dist\/src\/images\/icons.svg#svgPortfolioIn\"\/>\n\t\t\t<\/svg>\n\t\t<\/a>\n\t\t<picture class=\"ratio ratio-4x3\"><source width=\"1920\" height=\"1080\" srcset=\"https:\/\/media.inmobalia.com\/imgV1\/B8vEv5Xh_VThvnEqMx4G0YtA8lAADdw1sBC5uN5pSX6~ImMWYg0nYa_EPSP~fBpYtvgHs5QKecPwE1~j5DU_pylbu6cBdu0PgVunDxnkMoeY79Gll7Nv5AHhYwCGots7LHLh2U9aGJuubBMW2yBXTN_Qmv2ii2zWm63cEJetuoXD6ri~gPQPybvF3Y2aFGvM.jpg 1920w,https:\/\/media.inmobalia.com\/imgV1\/B8vEv5Xh_Vjzl4qKP9bJW21eHCmW9PWrQV6IDk9EjA79dASSMmDBrXf04FgH6wp0ylU42MWPePEey7rkY1j3kMIGs3YrRSP6UhHPWG1enKzuplcdy8f~NYm7bTbKkeM5EmP_htBXbDLXljlvZaVgtBijmfMgXGXEAVOVuJgJfcNzqQcGeV43Or2r~3BH3qg-.jpg 1580w,https:\/\/media.inmobalia.com\/imgV1\/B8vEv5Xh~9eLgpFkvD55S4O4_vRpfi7Zj~8WTFZMGThfizi~_Y~NgoiVzdN9MsuXYCpgHq7NOfhSSsV~~CvXOR8biNDSQCuIy3z~JafSwduxBEndespnQYPOGloQON4~nZJ2NgmUFU4goZrQMRecxmOoJPIsWOotSQs87ivhjnVw~k_s6_xuTCXGRhSrQA--.jpg 774w\" type=\"image\/webp\"><img loading=\"lazy\" decoding=\"async\" class=\"image-fit\" alt=\"Apartamento de lujo 2 dormitorios con vistas al mar en Benahav\u00eds Costa del Sol\" width=\"1920\" height=\"1080\" src=\"https:\/\/media.inmobalia.com\/imgV1\/B8vEv5Xh_VThvnEqMx4G0ZxU~~H0Ar_8Bn_AfAx~4dnt796zQ9QIPwzdr9PkzIdRpbeOYktBAPFfTt23HPhndt5b7cRr2vg76pmKvptCGz41lr5j_PFlWJ2NOeS2fjABmDH5nZSCKzF~w111iRIA1Obse6YJicz~bMeaNABXtLI-.jpg\"><\/picture>\t\t\t<\/figure>\n\t<div class=\"h-100 d-flex flex-column\">\n\t\t<span class=\"d-block card-area\">\n\t\t\tHacienda del Se\u00f1orio de Cifuentes\t\t<\/span>\n\t\t\n\n\t\t\t<div class=\"card-price d-flex flex-column\">\n\t\t<strong class=\"me-1\">Desde <span data-original-price=\"112\">112\u00a0\u20ac<\/span><span data-period> por dia <\/span><\/strong>\t\t<\/div>\n\t\n\t\t<ul class=\"card-features list-unstyled d-flex flex-wrap align-items-center mb-0\">\n\t\t\t\t\t\t\t<li class=\"d-flex align-items-center me-3\">\n\t\t\t\t\t2 dormitorios\t\t\t\t<\/li>\n\t\t\t\t\t\t\t<li class=\"d-flex align-items-center me-3\">\n\t\t\t\t\t2 ba\u00f1os\t\t\t\t<\/li>\n\t\t\t\t\t\t\t<li class=\"d-flex align-items-center me-3\">\n\t\t\t\t\t186 m&sup2; construido\t\t\t\t<\/li>\n\t\t\t\t\t<\/ul>\n\t\t<h4 class=\"card-title mb-0\">\n\t\t\t<a class=\"stretched-link\" href=\"\/alquiler\/hacienda-del-senorio-de-cifuentes\/apartamentos-y-pisos\/97\">Apartamento de lujo 2 dormitorios con vistas al mar en Benahav\u00eds Costa del Sol<\/a>\n\t\t<\/h4>\n\t\t\t<\/div>\n<\/article>\t\t\t\t\t\t<article class=\"f-carousel__slide card col position-relative flex-column\">\n\t<figure class=\"position-relative w-100 mb-2\">\n\t\t<a class=\"card-portfolio position-absolute\" data-pfl-id=\"397781\" data-pfl-filter=\"rent-short\" href=\"#\">\n\t\t\t<svg width=\"20\" fill=\"currentColor\" viewBox=\"0 0 512 512\">\n\t\t\t\t<use href=\"https:\/\/www.homewatch.es\/wp-content\/themes\/inmobasolidbase\/dist\/src\/images\/icons.svg#svgPortfolio\"\/>\n\t\t\t<\/svg>\n\t\t\t<svg class=\"d-none\" width=\"20\" fill=\"currentColor\" viewBox=\"0 0 512 512\">\n\t\t\t\t<use href=\"https:\/\/www.homewatch.es\/wp-content\/themes\/inmobasolidbase\/dist\/src\/images\/icons.svg#svgPortfolioIn\"\/>\n\t\t\t<\/svg>\n\t\t<\/a>\n\t\t<picture class=\"ratio ratio-4x3\"><source width=\"1920\" height=\"1080\" srcset=\"https:\/\/media.inmobalia.com\/imgV1\/B8vEv5Xh_VThvnEqMx4G0YtA8lAADdw1sBC5uN5pSX6~ImMWYg0nYa_EPSP~fBpYtvgHs5QKecPwE1~j5DU_pylbu6cBdu0PgVunDxnkMoeY79Gll7Nv5AHhYwCGots7LHLh2U9XayB1939lW6sZisXKZQXKtcOLqu4a~mHvWZACz6BY93_FHHLcfCbFUP_V.jpg 1920w,https:\/\/media.inmobalia.com\/imgV1\/B8vEv5Xh_Vjzl4qKP9bJW21eHCmW9PWrQV6IDk9EjA79dASSMmDBrXf04FgH6wp0ylU42MWPePEey7rkY1j3kMIGs3YrRSP6UhHPWG1enKzuplcdy8f~NYm7bTbKkeM5EmP_ht0Uly3wBJFm7Nd9xhVR~6xf9J2FVmWc0IPVO5TpJ84HSi3kZzXkOQ8T_6g-.jpg 1580w,https:\/\/media.inmobalia.com\/imgV1\/B8vEv5Xh~9eLgpFkvD55S4O4_vRpfi7Zj~8WTFZMGThfizi~_Y~NgoiVzdN9MsuXYCpgHq7NOfhSSsV~~CvXOR8biNDSQCuIy3z~JafSwduxBEndespnQYPOGloQON4~nZJ2O7q6nG2IZ_~yPoSVlIgm34v90YUKtBr5Fqijc1uTe4MZq294W_OKFor33g--.jpg 774w\" type=\"image\/webp\"><img loading=\"lazy\" decoding=\"async\" class=\"image-fit\" alt=\"\u00c1tico de 3 dormitorios con vistas al mar en Nueva Andaluc\u00eda, Marbella\" width=\"1920\" height=\"1080\" src=\"https:\/\/media.inmobalia.com\/imgV1\/B8vEv5Xh_VThvnEqMx4G0ZxU~~H0Ar_8Bn_AfAx~4dnt796zQ9QIPwzdr9PkzIdRpbeOYktBAPFfTt23HPhndt5b7cRr2vg76pmKvptCGz41lr5j_Py2NZbj2EMfCFdEAyZ4sVkQk8YZrP4FlvcwAxRVw5u2Z9dYxWkl8ytjnVQ-.jpg\"><\/picture>\t\t\t<\/figure>\n\t<div class=\"h-100 d-flex flex-column\">\n\t\t<span class=\"d-block card-area\">\n\t\t\tNueva Andalucia\t\t<\/span>\n\t\t\n\n\t\t\t<div class=\"card-price d-flex flex-column\">\n\t\t<strong class=\"me-1\">Desde <span data-original-price=\"98\">98\u00a0\u20ac<\/span><span data-period> por dia <\/span><\/strong><strong class=\"me-1\"><span data-original-price=\"2950\">2.950\u00a0\u20ac<\/span><span data-period> montly rental (November-March)<\/span><\/strong>\t\t<\/div>\n\t\n\t\t<ul class=\"card-features list-unstyled d-flex flex-wrap align-items-center mb-0\">\n\t\t\t\t\t\t\t<li class=\"d-flex align-items-center me-3\">\n\t\t\t\t\t3 dormitorios\t\t\t\t<\/li>\n\t\t\t\t\t\t\t<li class=\"d-flex align-items-center me-3\">\n\t\t\t\t\t3 ba\u00f1os\t\t\t\t<\/li>\n\t\t\t\t\t\t\t<li class=\"d-flex align-items-center me-3\">\n\t\t\t\t\t160 m&sup2; construido\t\t\t\t<\/li>\n\t\t\t\t\t<\/ul>\n\t\t<h4 class=\"card-title mb-0\">\n\t\t\t<a class=\"stretched-link\" href=\"\/alquiler\/vista-real\/aticos\/90\">\u00c1tico de 3 dormitorios con vistas al mar en Nueva Andaluc\u00eda, Marbella<\/a>\n\t\t<\/h4>\n\t\t\t<\/div>\n<\/article>\t\t\t\t\t\t<article class=\"f-carousel__slide card col position-relative flex-column\">\n\t<figure class=\"position-relative w-100 mb-2\">\n\t\t<a class=\"card-portfolio position-absolute\" data-pfl-id=\"395896\" data-pfl-filter=\"rent-short\" href=\"#\">\n\t\t\t<svg width=\"20\" fill=\"currentColor\" viewBox=\"0 0 512 512\">\n\t\t\t\t<use href=\"https:\/\/www.homewatch.es\/wp-content\/themes\/inmobasolidbase\/dist\/src\/images\/icons.svg#svgPortfolio\"\/>\n\t\t\t<\/svg>\n\t\t\t<svg class=\"d-none\" width=\"20\" fill=\"currentColor\" viewBox=\"0 0 512 512\">\n\t\t\t\t<use href=\"https:\/\/www.homewatch.es\/wp-content\/themes\/inmobasolidbase\/dist\/src\/images\/icons.svg#svgPortfolioIn\"\/>\n\t\t\t<\/svg>\n\t\t<\/a>\n\t\t<picture class=\"ratio ratio-4x3\"><source width=\"1920\" height=\"1080\" srcset=\"https:\/\/media.inmobalia.com\/imgV1\/B8vEv5Xh_VThvnEqMx4G0YtA8lAADdw1sBC5uN5pSX6~ImMWYg0nYa_EPSP~fBpYtvgHs5QKecPwE1~j5DU_pylbu6cBdu0PgVunDxnkMoeY79Gll7Nv5AHhYwCGots7LHLh2U9WMuhRk1R7xtx0vkSweDJBiIRYzWIKjz4GyD~QjU1KVpZNq7kz9n58bE3s.jpg 1920w,https:\/\/media.inmobalia.com\/imgV1\/B8vEv5Xh_Vjzl4qKP9bJW21eHCmW9PWrQV6IDk9EjA79dASSMmDBrXf04FgH6wp0ylU42MWPePEey7rkY1j3kMIGs3YrRSP6UhHPWG1enKzuplcdy8f~NYm7bTbKkeM5EmP_htyuVLc7x423SVRWe0oVrZWBDVgda4UJsk5W2Qv7FPsxdXDP48jEaZWSELo-.jpg 1580w,https:\/\/media.inmobalia.com\/imgV1\/B8vEv5Xh~9eLgpFkvD55S4O4_vRpfi7Zj~8WTFZMGThfizi~_Y~NgoiVzdN9MsuXYCpgHq7NOfhSSsV~~CvXOR8biNDSQCuIy3z~JafSwduxBEndespnQYPOGloQON4~nZJ2On5sauvIAUeWLLpv48YIvdolBVUpgHrsUsPfIVVPJEbVLWoS6ZDqkvfAYw--.jpg 774w\" type=\"image\/webp\"><img loading=\"lazy\" decoding=\"async\" class=\"image-fit\" alt=\"Casa adosada de 3 dormitorios con vistas al mar en Sotogrande Costa del Sol\" width=\"1920\" height=\"1080\" src=\"https:\/\/media.inmobalia.com\/imgV1\/B8vEv5Xh_VThvnEqMx4G0ZxU~~H0Ar_8Bn_AfAx~4dnt796zQ9QIPwzdr9PkzIdRpbeOYktBAPFfTt23HPhndt5b7cRr2vg76pmKvptCGz41lr5j_P0Mc3rluvRm5bvOSvSQHutHsIgHL72sC~WP9KPaH8GLsmje2jNjSyViNSc-.jpg\"><\/picture>\t\t\t<\/figure>\n\t<div class=\"h-100 d-flex flex-column\">\n\t\t<span class=\"d-block card-area\">\n\t\t\tNueva Andalucia\t\t<\/span>\n\t\t\n\n\t\t\t<div class=\"card-price d-flex flex-column\">\n\t\t<strong class=\"me-1\">Desde <span data-original-price=\"105\">105\u00a0\u20ac<\/span><span data-period> por dia <\/span><\/strong><strong class=\"me-1\"><span data-original-price=\"3100\">3.100\u00a0\u20ac<\/span><span data-period> montly rental (November-March)<\/span><\/strong>\t\t<\/div>\n\t\n\t\t<ul class=\"card-features list-unstyled d-flex flex-wrap align-items-center mb-0\">\n\t\t\t\t\t\t\t<li class=\"d-flex align-items-center me-3\">\n\t\t\t\t\t3 dormitorios\t\t\t\t<\/li>\n\t\t\t\t\t\t\t<li class=\"d-flex align-items-center me-3\">\n\t\t\t\t\t2 ba\u00f1os\t\t\t\t<\/li>\n\t\t\t\t\t\t\t<li class=\"d-flex align-items-center me-3\">\n\t\t\t\t\t190 m&sup2; construido\t\t\t\t<\/li>\n\t\t\t\t\t<\/ul>\n\t\t<h4 class=\"card-title mb-0\">\n\t\t\t<a class=\"stretched-link\" href=\"\/alquiler\/vista-real\/aticos\/88\">Casa adosada de 3 dormitorios con vistas al mar en Sotogrande Costa del Sol<\/a>\n\t\t<\/h4>\n\t\t\t<\/div>\n<\/article>\t\t\t\t\t\t<article class=\"f-carousel__slide card col position-relative flex-column\">\n\t<figure class=\"position-relative w-100 mb-2\">\n\t\t<a class=\"card-portfolio position-absolute\" data-pfl-id=\"395881\" data-pfl-filter=\"rent-short\" href=\"#\">\n\t\t\t<svg width=\"20\" fill=\"currentColor\" viewBox=\"0 0 512 512\">\n\t\t\t\t<use href=\"https:\/\/www.homewatch.es\/wp-content\/themes\/inmobasolidbase\/dist\/src\/images\/icons.svg#svgPortfolio\"\/>\n\t\t\t<\/svg>\n\t\t\t<svg class=\"d-none\" width=\"20\" fill=\"currentColor\" viewBox=\"0 0 512 512\">\n\t\t\t\t<use href=\"https:\/\/www.homewatch.es\/wp-content\/themes\/inmobasolidbase\/dist\/src\/images\/icons.svg#svgPortfolioIn\"\/>\n\t\t\t<\/svg>\n\t\t<\/a>\n\t\t<picture class=\"ratio ratio-4x3\"><source width=\"1920\" height=\"1080\" srcset=\"https:\/\/media.inmobalia.com\/imgV1\/B8vEv5Xh_VThvnEqMx4G0YtA8lAADdw1sBC5uN5pSX6~ImMWYg0nYa_EPSP~fBpYtvgHs5QKecPwE1~j5DU_pylbu6cBdu0PgVunDxnkMoeY79Gll7Nv5AHhYwCGots7LHLh2U9RsKvX98oha1_jJ3lPH3nLM3djCqn66iRpee3HaORW~VkkLk0gr_mALOXB.jpg 1920w,https:\/\/media.inmobalia.com\/imgV1\/B8vEv5Xh_Vjzl4qKP9bJW21eHCmW9PWrQV6IDk9EjA79dASSMmDBrXf04FgH6wp0ylU42MWPePEey7rkY1j3kMIGs3YrRSP6UhHPWG1enKzuplcdy8f~NYm7bTbKkeM5EmP_htvrSwmB_Z6rPtK7mjGFZTHvreS1Zd0wlci2PG4qykec85lzhbjsPQK~_Ig-.jpg 1580w,https:\/\/media.inmobalia.com\/imgV1\/B8vEv5Xh~9eLgpFkvD55S4O4_vRpfi7Zj~8WTFZMGThfizi~_Y~NgoiVzdN9MsuXYCpgHq7NOfhSSsV~~CvXOR8biNDSQCuIy3z~JafSwduxBEndespnQYPOGloQON4~nZJ2PVX353b34DuUv7u_QqgWB8koF~mK6VaJ2QQ8aqrrvA~_9pRMhsFx67PrSA--.jpg 774w\" type=\"image\/webp\"><img loading=\"lazy\" decoding=\"async\" class=\"image-fit\" alt=\"Casa adosada de 3 dormitorios con vistas al mar en Sotogrande Costa del Sol\" width=\"1920\" height=\"1080\" src=\"https:\/\/media.inmobalia.com\/imgV1\/B8vEv5Xh_VThvnEqMx4G0ZxU~~H0Ar_8Bn_AfAx~4dnt796zQ9QIPwzdr9PkzIdRpbeOYktBAPFfTt23HPhndt5b7cRr2vg76pmKvptCGz41lr5j_PqdOYjKw0LJyTQaDDxs36I2jMmFaErpUQl2~kokrW_uhTJR3rR_CRIG91E-.jpg\"><\/picture>\t\t\t<\/figure>\n\t<div class=\"h-100 d-flex flex-column\">\n\t\t<span class=\"d-block card-area\">\n\t\t\tNueva Andalucia\t\t<\/span>\n\t\t\n\n\t\t\t<div class=\"card-price d-flex flex-column\">\n\t\t<strong class=\"me-1\">Desde <span data-original-price=\"98\">98\u00a0\u20ac<\/span><span data-period> por dia <\/span><\/strong><strong class=\"me-1\"><span data-original-price=\"3500\">3.500\u00a0\u20ac<\/span><span data-period> montly rental (November-March)<\/span><\/strong>\t\t<\/div>\n\t\n\t\t<ul class=\"card-features list-unstyled d-flex flex-wrap align-items-center mb-0\">\n\t\t\t\t\t\t\t<li class=\"d-flex align-items-center me-3\">\n\t\t\t\t\t3 dormitorios\t\t\t\t<\/li>\n\t\t\t\t\t\t\t<li class=\"d-flex align-items-center me-3\">\n\t\t\t\t\t2 ba\u00f1os\t\t\t\t<\/li>\n\t\t\t\t\t\t\t<li class=\"d-flex align-items-center me-3\">\n\t\t\t\t\t259 m&sup2; construido\t\t\t\t<\/li>\n\t\t\t\t\t<\/ul>\n\t\t<h4 class=\"card-title mb-0\">\n\t\t\t<a class=\"stretched-link\" href=\"\/alquiler\/vista-real\/aticos\/89\">Casa adosada de 3 dormitorios con vistas al mar en Sotogrande Costa del Sol<\/a>\n\t\t<\/h4>\n\t\t\t<\/div>\n<\/article>\t\t\t\t\t\t<article class=\"f-carousel__slide card col position-relative flex-column\">\n\t<figure class=\"position-relative w-100 mb-2\">\n\t\t<a class=\"card-portfolio position-absolute\" data-pfl-id=\"395850\" data-pfl-filter=\"rent-short\" href=\"#\">\n\t\t\t<svg width=\"20\" fill=\"currentColor\" viewBox=\"0 0 512 512\">\n\t\t\t\t<use href=\"https:\/\/www.homewatch.es\/wp-content\/themes\/inmobasolidbase\/dist\/src\/images\/icons.svg#svgPortfolio\"\/>\n\t\t\t<\/svg>\n\t\t\t<svg class=\"d-none\" width=\"20\" fill=\"currentColor\" viewBox=\"0 0 512 512\">\n\t\t\t\t<use href=\"https:\/\/www.homewatch.es\/wp-content\/themes\/inmobasolidbase\/dist\/src\/images\/icons.svg#svgPortfolioIn\"\/>\n\t\t\t<\/svg>\n\t\t<\/a>\n\t\t<picture class=\"ratio ratio-4x3\"><source width=\"1920\" height=\"1080\" srcset=\"https:\/\/media.inmobalia.com\/imgV1\/B8vEv5Xh_VThvnEqMx4G0YtA8lAADdw1sBC5uN5pSX6~ImMWYg0nYa_EPSP~fBpYtvgHs5QKecPwE1~j5DU_pylbu6cBdu0PgVunDxnkMoeY79Gll7Nv5AHhYwCGots7LHLh2U9QVWnwUdaPKQ7GTb4eR7HNRZwm5mOG5kKRpv9sSvYZ~P~DByfdYUmXPqIH.jpg 1920w,https:\/\/media.inmobalia.com\/imgV1\/B8vEv5Xh_Vjzl4qKP9bJW21eHCmW9PWrQV6IDk9EjA79dASSMmDBrXf04FgH6wp0ylU42MWPePEey7rkY1j3kMIGs3YrRSP6UhHPWG1enKzuplcdy8f~NYm7bTbKkeM5EmP_htqchwObGUIELaU1KThatuBqBNkMpOy2edBGWgtkwUBfJgYzpYxIZhlRhiI-.jpg 1580w,https:\/\/media.inmobalia.com\/imgV1\/B8vEv5Xh~9eLgpFkvD55S4O4_vRpfi7Zj~8WTFZMGThfizi~_Y~NgoiVzdN9MsuXYCpgHq7NOfhSSsV~~CvXOR8biNDSQCuIy3z~JafSwduxBEndespnQYPOGloQON4~nZJ2PM8B3jLZO0NaX~OUX7R5TyCSrNdeEViw_u8CJhcamOwOUpTDPNHg8i8NQw--.jpg 774w\" type=\"image\/webp\"><img loading=\"lazy\" decoding=\"async\" class=\"image-fit\" alt=\"D\u00faplex de 4 dormitorios junto a la playa con piscina privada en Marbella Este\" width=\"1920\" height=\"1080\" src=\"https:\/\/media.inmobalia.com\/imgV1\/B8vEv5Xh_VThvnEqMx4G0ZxU~~H0Ar_8Bn_AfAx~4dnt796zQ9QIPwzdr9PkzIdRpbeOYktBAPFfTt23HPhndt5b7cRr2vg76pmKvptCGz41lr5j_PsHnwqnfwNYRG1hQeZTYZEr5uSxW06sZ73rXLLTNaWxU5vk~V188ja6t3U-.jpg\"><\/picture>\t\t\t<\/figure>\n\t<div class=\"h-100 d-flex flex-column\">\n\t\t<span class=\"d-block card-area\">\n\t\t\tMarbella Este\t\t<\/span>\n\t\t\n\n\t\t\t<div class=\"card-price d-flex flex-column\">\n\t\t<strong class=\"me-1\">Desde <span data-original-price=\"334\">334\u00a0\u20ac<\/span><span data-period> por dia <\/span><\/strong><strong class=\"me-1\"><span data-original-price=\"3800\">3.800\u00a0\u20ac<\/span><span data-period> montly rental (November-March)<\/span><\/strong>\t\t<\/div>\n\t\n\t\t<ul class=\"card-features list-unstyled d-flex flex-wrap align-items-center mb-0\">\n\t\t\t\t\t\t\t<li class=\"d-flex align-items-center me-3\">\n\t\t\t\t\t4 dormitorios\t\t\t\t<\/li>\n\t\t\t\t\t\t\t<li class=\"d-flex align-items-center me-3\">\n\t\t\t\t\t3 ba\u00f1os\t\t\t\t<\/li>\n\t\t\t\t\t\t\t<li class=\"d-flex align-items-center me-3\">\n\t\t\t\t\t245 m&sup2; construido\t\t\t\t<\/li>\n\t\t\t\t\t\t\t<li class=\"d-flex align-items-center me-3\">\n\t\t\t\t\t1000 m&sup2; parcela\t\t\t\t<\/li>\n\t\t\t\t\t<\/ul>\n\t\t<h4 class=\"card-title mb-0\">\n\t\t\t<a class=\"stretched-link\" href=\"\/alquiler\/las-chapas\/villas-y-chalets\/87\">D\u00faplex de 4 dormitorios junto a la playa con piscina privada en Marbella Este<\/a>\n\t\t<\/h4>\n\t\t\t<\/div>\n<\/article>\t\t\t\t\t\t<article class=\"f-carousel__slide card col position-relative flex-column\">\n\t<figure class=\"position-relative w-100 mb-2\">\n\t\t<a class=\"card-portfolio position-absolute\" data-pfl-id=\"385798\" data-pfl-filter=\"rent-short\" href=\"#\">\n\t\t\t<svg width=\"20\" fill=\"currentColor\" viewBox=\"0 0 512 512\">\n\t\t\t\t<use href=\"https:\/\/www.homewatch.es\/wp-content\/themes\/inmobasolidbase\/dist\/src\/images\/icons.svg#svgPortfolio\"\/>\n\t\t\t<\/svg>\n\t\t\t<svg class=\"d-none\" width=\"20\" fill=\"currentColor\" viewBox=\"0 0 512 512\">\n\t\t\t\t<use href=\"https:\/\/www.homewatch.es\/wp-content\/themes\/inmobasolidbase\/dist\/src\/images\/icons.svg#svgPortfolioIn\"\/>\n\t\t\t<\/svg>\n\t\t<\/a>\n\t\t<picture class=\"ratio ratio-4x3\"><source width=\"1920\" height=\"1080\" srcset=\"https:\/\/media.inmobalia.com\/imgV1\/B8vEv5Xh_VThvnEqMx4G0YtA8lAADdw1sBC5uN5pSX6~ImMWYg0nYa_EPSP~fBpYtvgHs5QKecPwE1~j5DU_pylbu6cBdu0PgVunDxnkMoeY79Gll7Nv5AHhYwCGots7LHLh2DuW3kcyqGmrbZCtbRmzmewW2v3ORza45W8WUNqL1pPRoVRD04OLLdpMOQ5B.jpg 1920w,https:\/\/media.inmobalia.com\/imgV1\/B8vEv5Xh_Vjzl4qKP9bJW21eHCmW9PWrQV6IDk9EjA79dASSMmDBrXf04FgH6wp0ylU42MWPePEey7rkY1j3kMIGs3YrRSP6UhHPWG1enKzuplcdy8f~NYm7bTbKkeM5EmP~DT0Iwyy9TyxNNknmsJMlR6g1lwgIFmlUufX2~gAxe2IsU2OMZAVigT6688o-.jpg 1580w,https:\/\/media.inmobalia.com\/imgV1\/B8vEv5Xh~9eLgpFkvD55S4O4_vRpfi7Zj~8WTFZMGThfizi~_Y~NgoiVzdN9MsuXYCpgHq7NOfhSSsV~~CvXOR8biNDSQCuIy3z~JafSwduxBEndespnQYPOGloQON4~nZO7rq109mDACpr0QOR4bhO71kYULMR_vECFc2N1mY7pVXG2ll1GhhW90G5UtQ--.jpg 774w\" type=\"image\/webp\"><img loading=\"lazy\" decoding=\"async\" class=\"image-fit\" alt=\"Exclusiva Moderna Villa con Piscina Salada y Vistas al Mar en Los Monteros\" width=\"1920\" height=\"1080\" src=\"https:\/\/media.inmobalia.com\/imgV1\/B8vEv5Xh_VThvnEqMx4G0ZxU~~H0Ar_8Bn_AfAx~4dnt796zQ9QIPwzdr9PkzIdRpbeOYktBAPFfTt23HPhndt5b7cRr2vg76pmKvptCGz41lr5iKqGNIqqNZStY8Nn~4SBwTDrSgyWM8QlMHlBRFzOhjJKAuuksPI3i62dM8_s-.jpg\"><\/picture>\t\t\t<\/figure>\n\t<div class=\"h-100 d-flex flex-column\">\n\t\t<span class=\"d-block card-area\">\n\t\t\tMarbella Este\t\t<\/span>\n\t\t\n\n\t\t\t<div class=\"card-price d-flex flex-column\">\n\t\t<strong class=\"me-1\">Desde <span data-original-price=\"3929\">3.929\u00a0\u20ac<\/span><span data-period> por dia <\/span><\/strong>\t\t<\/div>\n\t\n\t\t<ul class=\"card-features list-unstyled d-flex flex-wrap align-items-center mb-0\">\n\t\t\t\t\t\t\t<li class=\"d-flex align-items-center me-3\">\n\t\t\t\t\t7 dormitorios\t\t\t\t<\/li>\n\t\t\t\t\t\t\t<li class=\"d-flex align-items-center me-3\">\n\t\t\t\t\t7 ba\u00f1os\t\t\t\t<\/li>\n\t\t\t\t\t\t\t<li class=\"d-flex align-items-center me-3\">\n\t\t\t\t\t400 m&sup2; construido\t\t\t\t<\/li>\n\t\t\t\t\t\t\t<li class=\"d-flex align-items-center me-3\">\n\t\t\t\t\t800 m&sup2; parcela\t\t\t\t<\/li>\n\t\t\t\t\t<\/ul>\n\t\t<h4 class=\"card-title mb-0\">\n\t\t\t<a class=\"stretched-link\" href=\"\/alquiler\/los-monteros\/villas-y-chalets\/HW319\">Exclusiva Moderna Villa con Piscina Salada y Vistas al Mar en Los Monteros<\/a>\n\t\t<\/h4>\n\t\t\t<\/div>\n<\/article>\t\t\t\t\t\t<article class=\"f-carousel__slide card col position-relative flex-column\">\n\t<figure class=\"position-relative w-100 mb-2\">\n\t\t<a class=\"card-portfolio position-absolute\" data-pfl-id=\"382413\" data-pfl-filter=\"rent-short\" href=\"#\">\n\t\t\t<svg width=\"20\" fill=\"currentColor\" viewBox=\"0 0 512 512\">\n\t\t\t\t<use href=\"https:\/\/www.homewatch.es\/wp-content\/themes\/inmobasolidbase\/dist\/src\/images\/icons.svg#svgPortfolio\"\/>\n\t\t\t<\/svg>\n\t\t\t<svg class=\"d-none\" width=\"20\" fill=\"currentColor\" viewBox=\"0 0 512 512\">\n\t\t\t\t<use href=\"https:\/\/www.homewatch.es\/wp-content\/themes\/inmobasolidbase\/dist\/src\/images\/icons.svg#svgPortfolioIn\"\/>\n\t\t\t<\/svg>\n\t\t<\/a>\n\t\t<picture class=\"ratio ratio-4x3\"><source width=\"1920\" height=\"1080\" srcset=\"https:\/\/media.inmobalia.com\/imgV1\/B8vEv5Xh_VThvnEqMx4G0YtA8lAADdw1sBC5uN5pSX6~ImMWYg0nYa_EPSP~fBpYtvgHs5QKecPwE1~j5DU_pylbu6cBdu0PgVunDxnkMoeY79Gll7Nv5AHhYwCGots7LHLh2DrDTC5CheUvn8oZH~yC04yMSvmBxWvzMaiF5TcRbvcQ6O7hA3p991cTxQ0d.jpg 1920w,https:\/\/media.inmobalia.com\/imgV1\/B8vEv5Xh_Vjzl4qKP9bJW21eHCmW9PWrQV6IDk9EjA79dASSMmDBrXf04FgH6wp0ylU42MWPePEey7rkY1j3kMIGs3YrRSP6UhHPWG1enKzuplcdy8f~NYm7bTbKkeM5EmP~DBRxsvY5rIxzpuD8EJRC5XyD3gHTVaGx9CwsporYH7XtOxtd3Eu9sQpCPkA-.jpg 1580w,https:\/\/media.inmobalia.com\/imgV1\/B8vEv5Xh~9eLgpFkvD55S4O4_vRpfi7Zj~8WTFZMGThfizi~_Y~NgoiVzdN9MsuXYCpgHq7NOfhSSsV~~CvXOR8biNDSQCuIy3z~JafSwduxBEndespnQYPOGloQON4~nZO6VpeIuHzbtOjsJitPfegdQbma0rdrvGht3rBZ4GYere017CjgWNfiS6khFA--.jpg 774w\" type=\"image\/webp\"><img loading=\"lazy\" decoding=\"async\" class=\"image-fit\" alt=\"Apartamento de lujo de 3 dormitorios en Marbella Club Hills con vistas al mar y jard\u00edn privado\" width=\"1920\" height=\"1080\" src=\"https:\/\/media.inmobalia.com\/imgV1\/B8vEv5Xh_VThvnEqMx4G0ZxU~~H0Ar_8Bn_AfAx~4dnt796zQ9QIPwzdr9PkzIdRpbeOYktBAPFfTt23HPhndt5b7cRr2vg76pmKvptCGz41lr5iK2fckcdI9_3FbDL_EZoE2RwlM_78tudEhAY0OjmZaDjtH2~4nDUdW~tWLsc-.jpg\"><\/picture>\t\t\t<\/figure>\n\t<div class=\"h-100 d-flex flex-column\">\n\t\t<span class=\"d-block card-area\">\n\t\t\tMarbella Club Hills\t\t<\/span>\n\t\t\n\n\t\t\t<div class=\"card-price d-flex flex-column\">\n\t\t<strong class=\"me-1\">Desde <span data-original-price=\"219\">219\u00a0\u20ac<\/span><span data-period> por dia <\/span><\/strong>\t\t<\/div>\n\t\n\t\t<ul class=\"card-features list-unstyled d-flex flex-wrap align-items-center mb-0\">\n\t\t\t\t\t\t\t<li class=\"d-flex align-items-center me-3\">\n\t\t\t\t\t3 dormitorios\t\t\t\t<\/li>\n\t\t\t\t\t\t\t<li class=\"d-flex align-items-center me-3\">\n\t\t\t\t\t3 ba\u00f1os\t\t\t\t<\/li>\n\t\t\t\t\t\t\t<li class=\"d-flex align-items-center me-3\">\n\t\t\t\t\t180.31 m&sup2; construido\t\t\t\t<\/li>\n\t\t\t\t\t<\/ul>\n\t\t<h4 class=\"card-title mb-0\">\n\t\t\t<a class=\"stretched-link\" href=\"\/alquiler\/marbella-club-hills\/apartamentos-planta-baja\/74\">Apartamento de lujo de 3 dormitorios en Marbella Club Hills con vistas al mar y jard\u00edn privado<\/a>\n\t\t<\/h4>\n\t\t\t<\/div>\n<\/article>\t\t\t\t\t\t<article class=\"f-carousel__slide card col position-relative flex-column\">\n\t<figure class=\"position-relative w-100 mb-2\">\n\t\t<a class=\"card-portfolio position-absolute\" data-pfl-id=\"309756\" data-pfl-filter=\"rent-short\" href=\"#\">\n\t\t\t<svg width=\"20\" fill=\"currentColor\" viewBox=\"0 0 512 512\">\n\t\t\t\t<use href=\"https:\/\/www.homewatch.es\/wp-content\/themes\/inmobasolidbase\/dist\/src\/images\/icons.svg#svgPortfolio\"\/>\n\t\t\t<\/svg>\n\t\t\t<svg class=\"d-none\" width=\"20\" fill=\"currentColor\" viewBox=\"0 0 512 512\">\n\t\t\t\t<use href=\"https:\/\/www.homewatch.es\/wp-content\/themes\/inmobasolidbase\/dist\/src\/images\/icons.svg#svgPortfolioIn\"\/>\n\t\t\t<\/svg>\n\t\t<\/a>\n\t\t<picture class=\"ratio ratio-4x3\"><source width=\"1920\" height=\"1080\" srcset=\"https:\/\/media.inmobalia.com\/imgV1\/B8vEv5Xh_VThvnEqMx4G0YtA8lAADdw1sBC5uN5pSX6~ImMWYg0nYa_EPSP~fBpYtvgHs5QKecPwE1~j5DU_pylbu6cBdu0PgVunDxnkMoeY79Gll7Nv5AHhYwCGots7LHLh2DM0ekhGPfMPwUDYQvowefojnbHtsiTKgB8EQiqj~ZAqi07DnAyMS4tmxEUZ.jpg 1920w,https:\/\/media.inmobalia.com\/imgV1\/B8vEv5Xh_Vjzl4qKP9bJW21eHCmW9PWrQV6IDk9EjA79dASSMmDBrXf04FgH6wp0ylU42MWPePEey7rkY1j3kMIGs3YrRSP6UhHPWG1enKzuplcdy8f~NYm7bTbKkeM5EmP~BV1ePX2rPSkR5neHoCbvuMwUXBwfstpET1Z5Ka_HLOu_qwKJWBKOx5Kgh3A-.jpg 1580w,https:\/\/media.inmobalia.com\/imgV1\/B8vEv5Xh~9eLgpFkvD55S4O4_vRpfi7Zj~8WTFZMGThfizi~_Y~NgoiVzdN9MsuXYCpgHq7NOfhSSsV~~CvXOR8biNDSQCuIy3z~JafSwduxBEndespnQYPOGloQON4~nZOzbu4VgL0VTT5tYFRWx79BTlmFLhGMWtFlvT5MlhhO_DWej02oaz8gSZlRwA--.jpg 774w\" type=\"image\/webp\"><img loading=\"lazy\" decoding=\"async\" class=\"image-fit\" alt=\"Villa d\u00faplex de lujo con 3 dormitorios, piscina privada y vistas monta\u00f1a en exclusiva La Zagaleta\" width=\"1920\" height=\"1080\" src=\"https:\/\/media.inmobalia.com\/imgV1\/B8vEv5Xh_VThvnEqMx4G0ZxU~~H0Ar_8Bn_AfAx~4dnt796zQ9QIPwzdr9PkzIdRpbeOYktBAPFfTt23HPhndt5b7cRr2vg76pmKvptCGz41lr5iIqTczQLnN3g54S6cqq3KugYDHbPkRsWn~MqeIE~vH~fJNOvesyPEeiIX4P0-.jpg\"><\/picture>\t\t\t<\/figure>\n\t<div class=\"h-100 d-flex flex-column\">\n\t\t<span class=\"d-block card-area\">\n\t\t\tLa Zagaleta\t\t<\/span>\n\t\t\n\n\t\t\t<div class=\"card-price d-flex flex-column\">\n\t\t<strong class=\"me-1\">Desde <span data-original-price=\"440\">440\u00a0\u20ac<\/span><span data-period> por dia <\/span><\/strong>\t\t<\/div>\n\t\n\t\t<ul class=\"card-features list-unstyled d-flex flex-wrap align-items-center mb-0\">\n\t\t\t\t\t\t\t<li class=\"d-flex align-items-center me-3\">\n\t\t\t\t\t3 dormitorios\t\t\t\t<\/li>\n\t\t\t\t\t\t\t<li class=\"d-flex align-items-center me-3\">\n\t\t\t\t\t3 ba\u00f1os\t\t\t\t<\/li>\n\t\t\t\t\t\t\t<li class=\"d-flex align-items-center me-3\">\n\t\t\t\t\t534 m&sup2; construido\t\t\t\t<\/li>\n\t\t\t\t\t\t\t<li class=\"d-flex align-items-center me-3\">\n\t\t\t\t\t3000 m&sup2; parcela\t\t\t\t<\/li>\n\t\t\t\t\t<\/ul>\n\t\t<h4 class=\"card-title mb-0\">\n\t\t\t<a class=\"stretched-link\" href=\"\/alquiler\/la-zagaleta\/villas-y-chalets\/62\">Villa d\u00faplex de lujo con 3 dormitorios, piscina privada y vistas monta\u00f1a en exclusiva La Zagaleta<\/a>\n\t\t<\/h4>\n\t\t\t<\/div>\n<\/article>\t\t\t\t\t\t<article class=\"f-carousel__slide card col position-relative flex-column\">\n\t<figure class=\"position-relative w-100 mb-2\">\n\t\t<a class=\"card-portfolio position-absolute\" data-pfl-id=\"309143\" data-pfl-filter=\"rent-short\" href=\"#\">\n\t\t\t<svg width=\"20\" fill=\"currentColor\" viewBox=\"0 0 512 512\">\n\t\t\t\t<use href=\"https:\/\/www.homewatch.es\/wp-content\/themes\/inmobasolidbase\/dist\/src\/images\/icons.svg#svgPortfolio\"\/>\n\t\t\t<\/svg>\n\t\t\t<svg class=\"d-none\" width=\"20\" fill=\"currentColor\" viewBox=\"0 0 512 512\">\n\t\t\t\t<use href=\"https:\/\/www.homewatch.es\/wp-content\/themes\/inmobasolidbase\/dist\/src\/images\/icons.svg#svgPortfolioIn\"\/>\n\t\t\t<\/svg>\n\t\t<\/a>\n\t\t<picture class=\"ratio ratio-4x3\"><source width=\"1920\" height=\"1080\" srcset=\"https:\/\/media.inmobalia.com\/imgV1\/B8vEv5Xh_VThvnEqMx4G0YtA8lAADdw1sBC5uN5pSX6~ImMWYg0nYa_EPSP~fBpYtvgHs5QKecPwE1~j5DU_pylbu6cBdu0PgVunDxnkMoeY79Gll7Nv5AHhYwCGots7LHLh2DM7TBqYtv~20rmw~quwmXumrM~Supvo0EKgdmGT4V302ZdcSeo3TQwzEKnB.jpg 1920w,https:\/\/media.inmobalia.com\/imgV1\/B8vEv5Xh_Vjzl4qKP9bJW21eHCmW9PWrQV6IDk9EjA79dASSMmDBrXf04FgH6wp0ylU42MWPePEey7rkY1j3kMIGs3YrRSP6UhHPWG1enKzuplcdy8f~NYm7bTbKkeM5EmP~BVJkKuHR265Yf7p4sAUoe7KiAW1YWDKfUdXb3JqCtP308Y2qh_ammMwDlSo-.jpg 1580w,https:\/\/media.inmobalia.com\/imgV1\/B8vEv5Xh~9eLgpFkvD55S4O4_vRpfi7Zj~8WTFZMGThfizi~_Y~NgoiVzdN9MsuXYCpgHq7NOfhSSsV~~CvXOR8biNDSQCuIy3z~JafSwduxBEndespnQYPOGloQON4~nZOzYV4J5CHOQ5bDA3CmsJEq656uXyD068DvTgMxA9Qds6P5NJu2HsSJD6B88g--.jpg 774w\" type=\"image\/webp\"><img loading=\"lazy\" decoding=\"async\" class=\"image-fit\" alt=\"Apartamento de lujo 3 dormitorios Marbella Este con vistas al mar y campo de golf\" width=\"1920\" height=\"1080\" src=\"https:\/\/media.inmobalia.com\/imgV1\/B8vEv5Xh_VThvnEqMx4G0ZxU~~H0Ar_8Bn_AfAx~4dnt796zQ9QIPwzdr9PkzIdRpbeOYktBAPFfTt23HPhndt5b7cRr2vg76pmKvptCGz41lr5iIqssTSElRSPFI_UhXQJxcUkvO~_WNuDSRVKGNs5vmSqJlSwwD1QGuNRJleM-.jpg\"><\/picture>\t\t\t<\/figure>\n\t<div class=\"h-100 d-flex flex-column\">\n\t\t<span class=\"d-block card-area\">\n\t\t\tMarbella Este\t\t<\/span>\n\t\t\n\n\t\t\t<div class=\"card-price d-flex flex-column\">\n\t\t<strong class=\"me-1\">Desde <span data-original-price=\"143\">143\u00a0\u20ac<\/span><span data-period> por dia <\/span><\/strong><strong class=\"me-1\"><span data-original-price=\"2500\">2.500\u00a0\u20ac<\/span><span data-period> montly rental (November-March)<\/span><\/strong>\t\t<\/div>\n\t\n\t\t<ul class=\"card-features list-unstyled d-flex flex-wrap align-items-center mb-0\">\n\t\t\t\t\t\t\t<li class=\"d-flex align-items-center me-3\">\n\t\t\t\t\t3 dormitorios\t\t\t\t<\/li>\n\t\t\t\t\t\t\t<li class=\"d-flex align-items-center me-3\">\n\t\t\t\t\t2 ba\u00f1os\t\t\t\t<\/li>\n\t\t\t\t\t\t\t<li class=\"d-flex align-items-center me-3\">\n\t\t\t\t\t140 m&sup2; construido\t\t\t\t<\/li>\n\t\t\t\t\t<\/ul>\n\t\t<h4 class=\"card-title mb-0\">\n\t\t\t<a class=\"stretched-link\" href=\"\/alquiler\/elviria\/apartamentos-y-pisos\/39\">Apartamento de lujo 3 dormitorios Marbella Este con vistas al mar y campo de golf<\/a>\n\t\t<\/h4>\n\t\t\t<\/div>\n<\/article>\t\t\t\t\t\t<article class=\"f-carousel__slide card col position-relative flex-column\">\n\t<figure class=\"position-relative w-100 mb-2\">\n\t\t<a class=\"card-portfolio position-absolute\" data-pfl-id=\"306202\" data-pfl-filter=\"rent-short\" href=\"#\">\n\t\t\t<svg width=\"20\" fill=\"currentColor\" viewBox=\"0 0 512 512\">\n\t\t\t\t<use href=\"https:\/\/www.homewatch.es\/wp-content\/themes\/inmobasolidbase\/dist\/src\/images\/icons.svg#svgPortfolio\"\/>\n\t\t\t<\/svg>\n\t\t\t<svg class=\"d-none\" width=\"20\" fill=\"currentColor\" viewBox=\"0 0 512 512\">\n\t\t\t\t<use href=\"https:\/\/www.homewatch.es\/wp-content\/themes\/inmobasolidbase\/dist\/src\/images\/icons.svg#svgPortfolioIn\"\/>\n\t\t\t<\/svg>\n\t\t<\/a>\n\t\t<picture class=\"ratio ratio-4x3\"><source width=\"1920\" height=\"1080\" srcset=\"https:\/\/media.inmobalia.com\/imgV1\/B8vEv5Xh_VThvnEqMx4G0YtA8lAADdw1sBC5uN5pSX6~ImMWYg0nYa_EPSP~fBpYtvgHs5QKecPwE1~j5DU_pylbu6cBdu0PgVunDxnkMoeY79Gll7Nv5AHhYwCGots7LHLh2DI5xcVFtQb8afNSG380nQA3qYsfNB0HhGNeOj4Z07apqFiNorRAqKEGsYzI.jpg 1920w,https:\/\/media.inmobalia.com\/imgV1\/B8vEv5Xh_Vjzl4qKP9bJW21eHCmW9PWrQV6IDk9EjA79dASSMmDBrXf04FgH6wp0ylU42MWPePEey7rkY1j3kMIGs3YrRSP6UhHPWG1enKzuplcdy8f~NYm7bTbKkeM5EmP~BJfYx3fY_rTABXXnvF1RoNsabWDmRpfHluYJamRj5leNDIY8GkYpESq1578-.jpg 1580w,https:\/\/media.inmobalia.com\/imgV1\/B8vEv5Xh~9eLgpFkvD55S4O4_vRpfi7Zj~8WTFZMGThfizi~_Y~NgoiVzdN9MsuXYCpgHq7NOfhSSsV~~CvXOR8biNDSQCuIy3z~JafSwduxBEndespnQYPOGloQON4~nZOyd~vf_mSVmk~Ep7Q4cs2y0tBZzJnGDihAVnnalKUIjFwLw0Zx2C3em5M9cA--.jpg 774w\" type=\"image\/webp\"><img loading=\"lazy\" decoding=\"async\" class=\"image-fit\" alt=\"D\u00faplex moderno de 2 dormitorios con piscina privada, vistas al mar y jard\u00edn en Marbella Este\" width=\"1920\" height=\"1080\" src=\"https:\/\/media.inmobalia.com\/imgV1\/B8vEv5Xh_VThvnEqMx4G0ZxU~~H0Ar_8Bn_AfAx~4dnt796zQ9QIPwzdr9PkzIdRpbeOYktBAPFfTt23HPhndt5b7cRr2vg76pmKvptCGz41lr5iIyQDIDKk~XP_ioHNtwL3gxRVgHX_VbeLKOr~rVGpMpVbr7MW0iC_pRYajAQ-.jpg\"><\/picture>\t\t\t<\/figure>\n\t<div class=\"h-100 d-flex flex-column\">\n\t\t<span class=\"d-block card-area\">\n\t\t\tMarbella Este\t\t<\/span>\n\t\t\n\n\t\t\t<div class=\"card-price d-flex flex-column\">\n\t\t<strong class=\"me-1\">Desde <span data-original-price=\"300\">300\u00a0\u20ac<\/span><span data-period> por dia <\/span><\/strong><strong class=\"me-1\"><span data-original-price=\"3900\">3.900\u00a0\u20ac<\/span><span data-period> montly rental (November-March)<\/span><\/strong>\t\t<\/div>\n\t\n\t\t<ul class=\"card-features list-unstyled d-flex flex-wrap align-items-center mb-0\">\n\t\t\t\t\t\t\t<li class=\"d-flex align-items-center me-3\">\n\t\t\t\t\t2 dormitorios\t\t\t\t<\/li>\n\t\t\t\t\t\t\t<li class=\"d-flex align-items-center me-3\">\n\t\t\t\t\t3 ba\u00f1os\t\t\t\t<\/li>\n\t\t\t\t\t\t\t<li class=\"d-flex align-items-center me-3\">\n\t\t\t\t\t190 m&sup2; construido\t\t\t\t<\/li>\n\t\t\t\t\t\t\t<li class=\"d-flex align-items-center me-3\">\n\t\t\t\t\t1000 m&sup2; parcela\t\t\t\t<\/li>\n\t\t\t\t\t<\/ul>\n\t\t<h4 class=\"card-title mb-0\">\n\t\t\t<a class=\"stretched-link\" href=\"\/alquiler\/las-chapas\/villas-y-chalets\/250\">D\u00faplex moderno de 2 dormitorios con piscina privada, vistas al mar y jard\u00edn en Marbella Este<\/a>\n\t\t<\/h4>\n\t\t\t<\/div>\n<\/article>\t\t\t\t\t\t<article class=\"f-carousel__slide card col position-relative flex-column\">\n\t<figure class=\"position-relative w-100 mb-2\">\n\t\t<a class=\"card-portfolio position-absolute\" data-pfl-id=\"296887\" data-pfl-filter=\"rent-short\" href=\"#\">\n\t\t\t<svg width=\"20\" fill=\"currentColor\" viewBox=\"0 0 512 512\">\n\t\t\t\t<use href=\"https:\/\/www.homewatch.es\/wp-content\/themes\/inmobasolidbase\/dist\/src\/images\/icons.svg#svgPortfolio\"\/>\n\t\t\t<\/svg>\n\t\t\t<svg class=\"d-none\" width=\"20\" fill=\"currentColor\" viewBox=\"0 0 512 512\">\n\t\t\t\t<use href=\"https:\/\/www.homewatch.es\/wp-content\/themes\/inmobasolidbase\/dist\/src\/images\/icons.svg#svgPortfolioIn\"\/>\n\t\t\t<\/svg>\n\t\t<\/a>\n\t\t<picture class=\"ratio ratio-4x3\"><source width=\"1920\" height=\"1080\" srcset=\"https:\/\/media.inmobalia.com\/imgV1\/B8vEv5Xh_VThvnEqMx4G0YtA8lAADdw1sBC5uN5pSX6~ImMWYg0nYa_EPSP~fBpYtvgHs5QKecPwE1~j5DU_pylbu6cBdu0PgVunDxnkMoeY79Gll7Nv5AHhYwCGots7LHLh28MPoqA8Xn6QyQVRbEYWo0k8TqOEVWL6g5lujbc8TDWXQdgxjSTaop6weaKq.jpg 1920w,https:\/\/media.inmobalia.com\/imgV1\/B8vEv5Xh_Vjzl4qKP9bJW21eHCmW9PWrQV6IDk9EjA79dASSMmDBrXf04FgH6wp0ylU42MWPePEey7rkY1j3kMIGs3YrRSP6UhHPWG1enKzuplcdy8f~NYm7bTbKkeM5EmP8y7hU5zOWNz8NRe8C7G1nxZKgvh6LIFApyqYTzdJu1g022e_TzVqh_wDnros-.jpg 1580w,https:\/\/media.inmobalia.com\/imgV1\/B8vEv5Xh~9eLgpFkvD55S4O4_vRpfi7Zj~8WTFZMGThfizi~_Y~NgoiVzdN9MsuXYCpgHq7NOfhSSsV~~CvXOR8biNDSQCuIy3z~JafSwduxBEndespnQYPOGloQON4~nZBykMaJ~VmbfTfuS76GzoztOFsnLp5Ii4uzpRJFwnhTg6CrsnLcjunBRqbncQ--.jpg 774w\" type=\"image\/webp\"><img loading=\"lazy\" decoding=\"async\" class=\"image-fit\" alt=\"Villa al lado de la playa con piscina privada en Los Monteros, Marbella\" width=\"1920\" height=\"1080\" src=\"https:\/\/media.inmobalia.com\/imgV1\/B8vEv5Xh_VThvnEqMx4G0ZxU~~H0Ar_8Bn_AfAx~4dnt796zQ9QIPwzdr9PkzIdRpbeOYktBAPFfTt23HPhndt5b7cRr2vg76pmKvptCGz41lr5hWIljy6LFQ2atCqjtvbtxEb0htagIJs1N9OlU5N6qFT0VJE_Y8F26XG~WEEE-.jpg\"><\/picture>\t\t\t<\/figure>\n\t<div class=\"h-100 d-flex flex-column\">\n\t\t<span class=\"d-block card-area\">\n\t\t\tMarbella Este\t\t<\/span>\n\t\t\n\n\t\t\t<div class=\"card-price d-flex flex-column\">\n\t\t<strong class=\"me-1\">Desde <span data-original-price=\"2100\">2.100\u00a0\u20ac<\/span><span data-period> por dia <\/span><\/strong><strong class=\"me-1\"><span data-original-price=\"20000\">20.000\u00a0\u20ac<\/span><span data-period> montly rental (November-March)<\/span><\/strong>\t\t<\/div>\n\t\n\t\t<ul class=\"card-features list-unstyled d-flex flex-wrap align-items-center mb-0\">\n\t\t\t\t\t\t\t<li class=\"d-flex align-items-center me-3\">\n\t\t\t\t\t5 dormitorios\t\t\t\t<\/li>\n\t\t\t\t\t\t\t<li class=\"d-flex align-items-center me-3\">\n\t\t\t\t\t5 ba\u00f1os\t\t\t\t<\/li>\n\t\t\t\t\t\t\t<li class=\"d-flex align-items-center me-3\">\n\t\t\t\t\t574.64 m&sup2; construido\t\t\t\t<\/li>\n\t\t\t\t\t\t\t<li class=\"d-flex align-items-center me-3\">\n\t\t\t\t\t936.35 m&sup2; parcela\t\t\t\t<\/li>\n\t\t\t\t\t<\/ul>\n\t\t<h4 class=\"card-title mb-0\">\n\t\t\t<a class=\"stretched-link\" href=\"\/alquiler\/los-monteros-playa\/villas-y-chalets\/HW220\">Villa al lado de la playa con piscina privada en Los Monteros, Marbella<\/a>\n\t\t<\/h4>\n\t\t\t<\/div>\n<\/article>\t\t\t\t\t\t<article class=\"f-carousel__slide card col position-relative flex-column\">\n\t<figure class=\"position-relative w-100 mb-2\">\n\t\t<a class=\"card-portfolio position-absolute\" data-pfl-id=\"269628\" data-pfl-filter=\"rent-short\" href=\"#\">\n\t\t\t<svg width=\"20\" fill=\"currentColor\" viewBox=\"0 0 512 512\">\n\t\t\t\t<use href=\"https:\/\/www.homewatch.es\/wp-content\/themes\/inmobasolidbase\/dist\/src\/images\/icons.svg#svgPortfolio\"\/>\n\t\t\t<\/svg>\n\t\t\t<svg class=\"d-none\" width=\"20\" fill=\"currentColor\" viewBox=\"0 0 512 512\">\n\t\t\t\t<use href=\"https:\/\/www.homewatch.es\/wp-content\/themes\/inmobasolidbase\/dist\/src\/images\/icons.svg#svgPortfolioIn\"\/>\n\t\t\t<\/svg>\n\t\t<\/a>\n\t\t<picture class=\"ratio ratio-4x3\"><source width=\"1920\" height=\"1080\" srcset=\"https:\/\/media.inmobalia.com\/imgV1\/B8vEv5Xh_VThvnEqMx4G0YtA8lAADdw1sBC5uN5pSX6~ImMWYg0nYa_EPSP~fBpYtvgHs5QKecPwE1~j5DU_pylbu6cBdu0PgVunDxnkMoeY79Gll7Nv5AHhYwCGots7LHLh2s_qhjyxPKkkUSOb7RMJuuQkZktHg895XI5vIsoBDTL_FZ1MrPKIagUXIomn.jpg 1920w,https:\/\/media.inmobalia.com\/imgV1\/B8vEv5Xh_Vjzl4qKP9bJW21eHCmW9PWrQV6IDk9EjA79dASSMmDBrXf04FgH6wp0ylU42MWPePEey7rkY1j3kMIGs3YrRSP6UhHPWG1enKzuplcdy8f~NYm7bTbKkeM5EmP99h08etF~hxPHSdWMAke83~z4EbtDl9B6FarsaTgcgZgb4Vl2Bypdl1OCoD0-.jpg 1580w,https:\/\/media.inmobalia.com\/imgV1\/B8vEv5Xh~9eLgpFkvD55S4O4_vRpfi7Zj~8WTFZMGThfizi~_Y~NgoiVzdN9MsuXYCpgHq7NOfhSSsV~~CvXOR8biNDSQCuIy3z~JafSwduxBEndespnQYPOGloQON4~nZExY~20McLRHyEgw7CWLesb44EtgbZUp_Z_EhhhPel80AkhXMdZ4sPijwnlUA--.jpg 774w\" type=\"image\/webp\"><img loading=\"lazy\" decoding=\"async\" class=\"image-fit\" alt=\"Apartamento de lujo 2 dormitorios Marbella Este con vistas al mar y piscina\" width=\"1920\" height=\"1080\" src=\"https:\/\/media.inmobalia.com\/imgV1\/B8vEv5Xh_VThvnEqMx4G0ZxU~~H0Ar_8Bn_AfAx~4dnt796zQ9QIPwzdr9PkzIdRpbeOYktBAPFfTt23HPhndt5b7cRr2vg76pmKvptCGz41lr5gCWobYZp87YzGx1FoCmax8diCBAdqNOvr6mcPEsnlvRUGt9zM77EqSXVYrvE-.jpg\"><\/picture>\t\t\t<\/figure>\n\t<div class=\"h-100 d-flex flex-column\">\n\t\t<span class=\"d-block card-area\">\n\t\t\tMarbella Este\t\t<\/span>\n\t\t\n\n\t\t\t<div class=\"card-price d-flex flex-column\">\n\t\t<strong class=\"me-1\">Desde <span data-original-price=\"80\">80\u00a0\u20ac<\/span><span data-period> por dia <\/span><\/strong>\t\t<\/div>\n\t\n\t\t<ul class=\"card-features list-unstyled d-flex flex-wrap align-items-center mb-0\">\n\t\t\t\t\t\t\t<li class=\"d-flex align-items-center me-3\">\n\t\t\t\t\t2 dormitorios\t\t\t\t<\/li>\n\t\t\t\t\t\t\t<li class=\"d-flex align-items-center me-3\">\n\t\t\t\t\t2 ba\u00f1os\t\t\t\t<\/li>\n\t\t\t\t\t\t\t<li class=\"d-flex align-items-center me-3\">\n\t\t\t\t\t90 m&sup2; construido\t\t\t\t<\/li>\n\t\t\t\t\t\t\t<li class=\"d-flex align-items-center me-3\">\n\t\t\t\t\t100 m&sup2; parcela\t\t\t\t<\/li>\n\t\t\t\t\t<\/ul>\n\t\t<h4 class=\"card-title mb-0\">\n\t\t\t<a class=\"stretched-link\" href=\"\/alquiler\/samara\/apartamentos-y-pisos\/54\">Apartamento de lujo 2 dormitorios Marbella Este con vistas al mar y piscina<\/a>\n\t\t<\/h4>\n\t\t\t<\/div>\n<\/article>\t\t\t\t\t\t<article class=\"f-carousel__slide card col position-relative flex-column\">\n\t<figure class=\"position-relative w-100 mb-2\">\n\t\t<a class=\"card-portfolio position-absolute\" data-pfl-id=\"269318\" data-pfl-filter=\"rent-short\" href=\"#\">\n\t\t\t<svg width=\"20\" fill=\"currentColor\" viewBox=\"0 0 512 512\">\n\t\t\t\t<use href=\"https:\/\/www.homewatch.es\/wp-content\/themes\/inmobasolidbase\/dist\/src\/images\/icons.svg#svgPortfolio\"\/>\n\t\t\t<\/svg>\n\t\t\t<svg class=\"d-none\" width=\"20\" fill=\"currentColor\" viewBox=\"0 0 512 512\">\n\t\t\t\t<use href=\"https:\/\/www.homewatch.es\/wp-content\/themes\/inmobasolidbase\/dist\/src\/images\/icons.svg#svgPortfolioIn\"\/>\n\t\t\t<\/svg>\n\t\t<\/a>\n\t\t<picture class=\"ratio ratio-4x3\"><source width=\"1920\" height=\"1080\" srcset=\"https:\/\/media.inmobalia.com\/imgV1\/B8vEv5Xh_VThvnEqMx4G0YtA8lAADdw1sBC5uN5pSX6~ImMWYg0nYa_EPSP~fBpYtvgHs5QKecPwE1~j5DU_pylbu6cBdu0PgVunDxnkMoeY79Gll7Nv5AHhYwCGots7LHLh2sBq8iSA4imbcWMIxpDNu2uau~Uyuf34Gh~rmx3Ebw6KvxFdDZshr_Vfet7V.jpg 1920w,https:\/\/media.inmobalia.com\/imgV1\/B8vEv5Xh_Vjzl4qKP9bJW21eHCmW9PWrQV6IDk9EjA79dASSMmDBrXf04FgH6wp0ylU42MWPePEey7rkY1j3kMIGs3YrRSP6UhHPWG1enKzuplcdy8f~NYm7bTbKkeM5EmP9_f4PK1Un_ASU_EWmuV1hus~5ebd1zSsoNn9Y6~k8cV9Z5bzmnSF6MMg1w_8-.jpg 1580w,https:\/\/media.inmobalia.com\/imgV1\/B8vEv5Xh~9eLgpFkvD55S4O4_vRpfi7Zj~8WTFZMGThfizi~_Y~NgoiVzdN9MsuXYCpgHq7NOfhSSsV~~CvXOR8biNDSQCuIy3z~JafSwduxBEndespnQYPOGloQON4~nZE_HqcoCRO1iD6daMrT_QaZ95t_e8v80jgf6XHPMZSzC793LsGX1pODL9wnVg--.jpg 774w\" type=\"image\/webp\"><img loading=\"lazy\" decoding=\"async\" class=\"image-fit\" alt=\"Apartamento de lujo en primera l\u00ednea con jard\u00edn privado y acceso directo a la playa\" width=\"1920\" height=\"1080\" src=\"https:\/\/media.inmobalia.com\/imgV1\/B8vEv5Xh_VThvnEqMx4G0ZxU~~H0Ar_8Bn_AfAx~4dnt796zQ9QIPwzdr9PkzIdRpbeOYktBAPFfTt23HPhndt5b7cRr2vg76pmKvptCGz41lr5gBrJPHrmen~4b0V6GB9EhhlWz4JLnqak~NWhHxWYMAqotoXF9S2S53dfBvHw-.jpg\"><\/picture>\t\t\t<\/figure>\n\t<div class=\"h-100 d-flex flex-column\">\n\t\t<span class=\"d-block card-area\">\n\t\t\tMarbella Este\t\t<\/span>\n\t\t\n\n\t\t\t<div class=\"card-price d-flex flex-column\">\n\t\t<strong class=\"me-1\">Desde <span data-original-price=\"145\">145\u00a0\u20ac<\/span><span data-period> por dia <\/span><\/strong><strong class=\"me-1\"><span data-original-price=\"2500\">2.500\u00a0\u20ac<\/span><span data-period> montly rental (November-March)<\/span><\/strong>\t\t<\/div>\n\t\n\t\t<ul class=\"card-features list-unstyled d-flex flex-wrap align-items-center mb-0\">\n\t\t\t\t\t\t\t<li class=\"d-flex align-items-center me-3\">\n\t\t\t\t\t1 dormitorio\t\t\t\t<\/li>\n\t\t\t\t\t\t\t<li class=\"d-flex align-items-center me-3\">\n\t\t\t\t\t1 ba\u00f1o\t\t\t\t<\/li>\n\t\t\t\t\t\t\t<li class=\"d-flex align-items-center me-3\">\n\t\t\t\t\t90 m&sup2; construido\t\t\t\t<\/li>\n\t\t\t\t\t\t\t<li class=\"d-flex align-items-center me-3\">\n\t\t\t\t\t100 m&sup2; parcela\t\t\t\t<\/li>\n\t\t\t\t\t<\/ul>\n\t\t<h4 class=\"card-title mb-0\">\n\t\t\t<a class=\"stretched-link\" href=\"\/alquiler\/bahia-de-marbella\/apartamentos-planta-baja\/47\">Apartamento de lujo en primera l\u00ednea con jard\u00edn privado y acceso directo a la playa<\/a>\n\t\t<\/h4>\n\t\t\t<\/div>\n<\/article>\t\t\t\t\t\t<article class=\"f-carousel__slide card col position-relative flex-column\">\n\t<figure class=\"position-relative w-100 mb-2\">\n\t\t<a class=\"card-portfolio position-absolute\" data-pfl-id=\"269303\" data-pfl-filter=\"rent-short\" href=\"#\">\n\t\t\t<svg width=\"20\" fill=\"currentColor\" viewBox=\"0 0 512 512\">\n\t\t\t\t<use href=\"https:\/\/www.homewatch.es\/wp-content\/themes\/inmobasolidbase\/dist\/src\/images\/icons.svg#svgPortfolio\"\/>\n\t\t\t<\/svg>\n\t\t\t<svg class=\"d-none\" width=\"20\" fill=\"currentColor\" viewBox=\"0 0 512 512\">\n\t\t\t\t<use href=\"https:\/\/www.homewatch.es\/wp-content\/themes\/inmobasolidbase\/dist\/src\/images\/icons.svg#svgPortfolioIn\"\/>\n\t\t\t<\/svg>\n\t\t<\/a>\n\t\t<picture class=\"ratio ratio-4x3\"><source width=\"1920\" height=\"1080\" srcset=\"https:\/\/media.inmobalia.com\/imgV1\/B8vEv5Xh_VThvnEqMx4G0YtA8lAADdw1sBC5uN5pSX6~ImMWYg0nYa_EPSP~fBpYtvgHs5QKecPwE1~j5DU_pylbu6cBdu0PgVunDxnkMoeY79Gll7Nv5AHhYwCGots7LHLh2sBuVZVkLf6ZlUXqYdcd4czLuC3DUWztWOrEWskboJlgQM3awQgrOBqThK7f.jpg 1920w,https:\/\/media.inmobalia.com\/imgV1\/B8vEv5Xh_Vjzl4qKP9bJW21eHCmW9PWrQV6IDk9EjA79dASSMmDBrXf04FgH6wp0ylU42MWPePEey7rkY1j3kMIGs3YrRSP6UhHPWG1enKzuplcdy8f~NYm7bTbKkeM5EmP9_fr6VrlcZTOqyjF91_tG~DvFamxBXqI1gDb6oQC4e0qvvsLQfC9W8AcApes-.jpg 1580w,https:\/\/media.inmobalia.com\/imgV1\/B8vEv5Xh~9eLgpFkvD55S4O4_vRpfi7Zj~8WTFZMGThfizi~_Y~NgoiVzdN9MsuXYCpgHq7NOfhSSsV~~CvXOR8biNDSQCuIy3z~JafSwduxBEndespnQYPOGloQON4~nZE_GmoaJ4bSqdCEpZEUQ8fIo2gf31i3hINpZjDFl8Pv441Zp48~GwskZ_FE4w--.jpg 774w\" type=\"image\/webp\"><img loading=\"lazy\" decoding=\"async\" class=\"image-fit\" alt=\"Casa vacacional de 2 dormitorios junto a la playa con jard\u00edn privado en Costabella, Marbella Este\" width=\"1920\" height=\"1080\" src=\"https:\/\/media.inmobalia.com\/imgV1\/B8vEv5Xh_VThvnEqMx4G0ZxU~~H0Ar_8Bn_AfAx~4dnt796zQ9QIPwzdr9PkzIdRpbeOYktBAPFfTt23HPhndt5b7cRr2vg76pmKvptCGz41lr5gBrYvo6PxyP6JQ35~SWYf1mbJAt00kBm9rq6VjckOJGcALqhvJ5mllt~ghaI-.jpg\"><\/picture>\t\t\t<\/figure>\n\t<div class=\"h-100 d-flex flex-column\">\n\t\t<span class=\"d-block card-area\">\n\t\t\tMarbella Este\t\t<\/span>\n\t\t\n\n\t\t\t<div class=\"card-price d-flex flex-column\">\n\t\t<strong class=\"me-1\">Desde <span data-original-price=\"107\">107\u00a0\u20ac<\/span><span data-period> por dia <\/span><\/strong><strong class=\"me-1\"><span data-original-price=\"1600\">1.600\u00a0\u20ac<\/span><span data-period> montly rental (November-March)<\/span><\/strong>\t\t<\/div>\n\t\n\t\t<ul class=\"card-features list-unstyled d-flex flex-wrap align-items-center mb-0\">\n\t\t\t\t\t\t\t<li class=\"d-flex align-items-center me-3\">\n\t\t\t\t\t2 dormitorios\t\t\t\t<\/li>\n\t\t\t\t\t\t\t<li class=\"d-flex align-items-center me-3\">\n\t\t\t\t\t1 ba\u00f1o\t\t\t\t<\/li>\n\t\t\t\t\t\t\t<li class=\"d-flex align-items-center me-3\">\n\t\t\t\t\t76 m&sup2; construido\t\t\t\t<\/li>\n\t\t\t\t\t\t\t<li class=\"d-flex align-items-center me-3\">\n\t\t\t\t\t120 m&sup2; parcela\t\t\t\t<\/li>\n\t\t\t\t\t<\/ul>\n\t\t<h4 class=\"card-title mb-0\">\n\t\t\t<a class=\"stretched-link\" href=\"\/alquiler\/costabella\/casas\/65\">Casa vacacional de 2 dormitorios junto a la playa con jard\u00edn privado en Costabella, Marbella Este<\/a>\n\t\t<\/h4>\n\t\t\t<\/div>\n<\/article>\t\t\t\t\t\t<article class=\"f-carousel__slide card col position-relative flex-column\">\n\t<figure class=\"position-relative w-100 mb-2\">\n\t\t<a class=\"card-portfolio position-absolute\" data-pfl-id=\"262125\" data-pfl-filter=\"rent-short\" href=\"#\">\n\t\t\t<svg width=\"20\" fill=\"currentColor\" viewBox=\"0 0 512 512\">\n\t\t\t\t<use href=\"https:\/\/www.homewatch.es\/wp-content\/themes\/inmobasolidbase\/dist\/src\/images\/icons.svg#svgPortfolio\"\/>\n\t\t\t<\/svg>\n\t\t\t<svg class=\"d-none\" width=\"20\" fill=\"currentColor\" viewBox=\"0 0 512 512\">\n\t\t\t\t<use href=\"https:\/\/www.homewatch.es\/wp-content\/themes\/inmobasolidbase\/dist\/src\/images\/icons.svg#svgPortfolioIn\"\/>\n\t\t\t<\/svg>\n\t\t<\/a>\n\t\t<picture class=\"ratio ratio-4x3\"><source width=\"1920\" height=\"1080\" srcset=\"https:\/\/media.inmobalia.com\/imgV1\/B8vEv5Xh_VThvnEqMx4G0YtA8lAADdw1sBC5uN5pSX6~ImMWYg0nYa_EPSP~fBpYtvgHs5QKecPwE1~j5DU_pylbu6cBdu0PgVunDxnkMoeY79Gll7Nv5AHhYwCGots7LBBVxhdfhSOF~iJ3vaW5nO7~84dfwYrZxiAyKIP~~ZT8WKktfmxIviNYbLqr5vP_s4Q-.jpg 1920w,https:\/\/media.inmobalia.com\/imgV1\/B8vEv5Xh_Vjzl4qKP9bJW21eHCmW9PWrQV6IDk9EjA79dASSMmDBrXf04FgH6wp0ylU42MWPePEey7rkY1j3kMIGs3YrRSP6UhHPWG1enKzuplcdy8f~NYm7bTbKkeM5cMglbCsisSvaraDdp~R4KF_Mv9VXNYD3aRXxvVr~irdVoo_IcjOz75t_2GWXUN~rjw--.jpg 1580w,https:\/\/media.inmobalia.com\/imgV1\/B8vEv5Xh~9eLgpFkvD55S4O4_vRpfi7Zj~8WTFZMGThfizi~_Y~NgoiVzdN9MsuXYCpgHq7NOfhSSsV~~CvXOR8biNDSQCuIy3z~JafSwduxBEndespnQYPOGloQON5dAePH3Eyghh4iGfA08TQ~boTBLS4d9Hc_r3079~rrCbjx8E6QWytCkdvQEbCFe3Ta.jpg 774w\" type=\"image\/webp\"><img loading=\"lazy\" decoding=\"async\" class=\"image-fit\" alt=\"Apartamento vacacional de 1 dormitorio en Sotogrande con vistas al golf\" width=\"1920\" height=\"1080\" src=\"https:\/\/media.inmobalia.com\/imgV1\/B8vEv5Xh_VThvnEqMx4G0ZxU~~H0Ar_8Bn_AfAx~4dnt796zQ9QIPwzdr9PkzIdRpbeOYktBAPFfTt23HPhndt5b7cRr2vg76pmKvptCGz419CddFWmhb76SPrrDGJagFjQWYGm89jk8HNDUP1pxBsJXYV63QP7XOMhoRJSv6KSbrQ--.jpg\"><\/picture>\t\t\t<\/figure>\n\t<div class=\"h-100 d-flex flex-column\">\n\t\t<span class=\"d-block card-area\">\n\t\t\tNueva Andalucia\t\t<\/span>\n\t\t\n\n\t\t\t<div class=\"card-price d-flex flex-column\">\n\t\t<strong class=\"me-1\">Desde <span data-original-price=\"69\">69\u00a0\u20ac<\/span><span data-period> por dia <\/span><\/strong><strong class=\"me-1\"><span data-original-price=\"1450\">1.450\u00a0\u20ac<\/span><span data-period> montly rental (November-March)<\/span><\/strong>\t\t<\/div>\n\t\n\t\t<ul class=\"card-features list-unstyled d-flex flex-wrap align-items-center mb-0\">\n\t\t\t\t\t\t\t<li class=\"d-flex align-items-center me-3\">\n\t\t\t\t\t1 dormitorio\t\t\t\t<\/li>\n\t\t\t\t\t\t\t<li class=\"d-flex align-items-center me-3\">\n\t\t\t\t\t2 ba\u00f1os\t\t\t\t<\/li>\n\t\t\t\t\t\t\t<li class=\"d-flex align-items-center me-3\">\n\t\t\t\t\t80 m&sup2; construido\t\t\t\t<\/li>\n\t\t\t\t\t<\/ul>\n\t\t<h4 class=\"card-title mb-0\">\n\t\t\t<a class=\"stretched-link\" href=\"\/alquiler\/la-dama-de-noche\/apartamentos-planta-baja\/35\">Apartamento vacacional de 1 dormitorio en Sotogrande con vistas al golf<\/a>\n\t\t<\/h4>\n\t\t\t<\/div>\n<\/article>\t\t\t\t\t\t<article class=\"f-carousel__slide card col position-relative flex-column\">\n\t<figure class=\"position-relative w-100 mb-2\">\n\t\t<a class=\"card-portfolio position-absolute\" data-pfl-id=\"262094\" data-pfl-filter=\"rent-short\" href=\"#\">\n\t\t\t<svg width=\"20\" fill=\"currentColor\" viewBox=\"0 0 512 512\">\n\t\t\t\t<use href=\"https:\/\/www.homewatch.es\/wp-content\/themes\/inmobasolidbase\/dist\/src\/images\/icons.svg#svgPortfolio\"\/>\n\t\t\t<\/svg>\n\t\t\t<svg class=\"d-none\" width=\"20\" fill=\"currentColor\" viewBox=\"0 0 512 512\">\n\t\t\t\t<use href=\"https:\/\/www.homewatch.es\/wp-content\/themes\/inmobasolidbase\/dist\/src\/images\/icons.svg#svgPortfolioIn\"\/>\n\t\t\t<\/svg>\n\t\t<\/a>\n\t\t<picture class=\"ratio ratio-4x3\"><source width=\"1920\" height=\"1080\" srcset=\"https:\/\/media.inmobalia.com\/imgV1\/B8vEv5Xh_VThvnEqMx4G0YtA8lAADdw1sBC5uN5pSX6~ImMWYg0nYa_EPSP~fBpYtvgHs5QKecPwE1~j5DU_pylbu6cBdu0PgVunDxnkMoeY79Gll7Nv5AHhYwCGots7LBBVx9MG7e72eD7BZ7IScgZjaAignfDjAqZqupUJ5G2NXQZQH0~7ww_KvL6u_uyTMQk-.jpg 1920w,https:\/\/media.inmobalia.com\/imgV1\/B8vEv5Xh_Vjzl4qKP9bJW21eHCmW9PWrQV6IDk9EjA79dASSMmDBrXf04FgH6wp0ylU42MWPePEey7rkY1j3kMIGs3YrRSP6UhHPWG1enKzuplcdy8f~NYm7bTbKkeM5cMgkdAj1uYXMDDJuofoDR2GtcSvtIlJpzXXo463_9MyYU7SJSD0le5WM2USLVgqZNA--.jpg 1580w,https:\/\/media.inmobalia.com\/imgV1\/B8vEv5Xh~9eLgpFkvD55S4O4_vRpfi7Zj~8WTFZMGThfizi~_Y~NgoiVzdN9MsuXYCpgHq7NOfhSSsV~~CvXOR8biNDSQCuIy3z~JafSwduxBEndespnQYPOGloQON5dAeI1SGxaufRuf8bPtIGd9Cigh5Q4Z1FugQGV3je5Ufa5LW45D1tGDDlhDK77QxYW.jpg 774w\" type=\"image\/webp\"><img loading=\"lazy\" decoding=\"async\" class=\"image-fit\" alt=\"\u00c1tico de 4 dormitorios junto a la playa con vistas al mar en Costabella, Marbella Este\" width=\"1920\" height=\"1080\" src=\"https:\/\/media.inmobalia.com\/imgV1\/B8vEv5Xh_VThvnEqMx4G0ZxU~~H0Ar_8Bn_AfAx~4dnt796zQ9QIPwzdr9PkzIdRpbeOYktBAPFfTt23HPhndt5b7cRr2vg76pmKvptCGz419Cdc~gtRjANZPcMNLbjVLFQxV~vewk8ex0BGFVrEBSqW1H3uJdGmSPpmieFszNUH2A--.jpg\"><\/picture>\t\t\t<\/figure>\n\t<div class=\"h-100 d-flex flex-column\">\n\t\t<span class=\"d-block card-area\">\n\t\t\tMarbella Este\t\t<\/span>\n\t\t\n\n\t\t\t<div class=\"card-price d-flex flex-column\">\n\t\t<strong class=\"me-1\">Desde <span data-original-price=\"112\">112\u00a0\u20ac<\/span><span data-period> por dia <\/span><\/strong><strong class=\"me-1\"><span data-original-price=\"1900\">1.900\u00a0\u20ac<\/span><span data-period> montly rental (November-March)<\/span><\/strong>\t\t<\/div>\n\t\n\t\t<ul class=\"card-features list-unstyled d-flex flex-wrap align-items-center mb-0\">\n\t\t\t\t\t\t\t<li class=\"d-flex align-items-center me-3\">\n\t\t\t\t\t4 dormitorios\t\t\t\t<\/li>\n\t\t\t\t\t\t\t<li class=\"d-flex align-items-center me-3\">\n\t\t\t\t\t3 ba\u00f1os\t\t\t\t<\/li>\n\t\t\t\t\t\t\t<li class=\"d-flex align-items-center me-3\">\n\t\t\t\t\t160 m&sup2; construido\t\t\t\t<\/li>\n\t\t\t\t\t\t\t<li class=\"d-flex align-items-center me-3\">\n\t\t\t\t\t360 m&sup2; parcela\t\t\t\t<\/li>\n\t\t\t\t\t<\/ul>\n\t\t<h4 class=\"card-title mb-0\">\n\t\t\t<a class=\"stretched-link\" href=\"\/alquiler\/costabella\/casas\/66\">\u00c1tico de 4 dormitorios junto a la playa con vistas al mar en Costabella, Marbella Este<\/a>\n\t\t<\/h4>\n\t\t\t<\/div>\n<\/article>\t\t\t\t\t\t<article class=\"f-carousel__slide card col position-relative flex-column\">\n\t<figure class=\"position-relative w-100 mb-2\">\n\t\t<a class=\"card-portfolio position-absolute\" data-pfl-id=\"262092\" data-pfl-filter=\"rent-short\" href=\"#\">\n\t\t\t<svg width=\"20\" fill=\"currentColor\" viewBox=\"0 0 512 512\">\n\t\t\t\t<use href=\"https:\/\/www.homewatch.es\/wp-content\/themes\/inmobasolidbase\/dist\/src\/images\/icons.svg#svgPortfolio\"\/>\n\t\t\t<\/svg>\n\t\t\t<svg class=\"d-none\" width=\"20\" fill=\"currentColor\" viewBox=\"0 0 512 512\">\n\t\t\t\t<use href=\"https:\/\/www.homewatch.es\/wp-content\/themes\/inmobasolidbase\/dist\/src\/images\/icons.svg#svgPortfolioIn\"\/>\n\t\t\t<\/svg>\n\t\t<\/a>\n\t\t<picture class=\"ratio ratio-4x3\"><source width=\"1200\" height=\"675\" srcset=\"https:\/\/media.inmobalia.com\/imgV1\/B8vEv5Xh_V8qnoSVk7qSFqTF0IzVRRA8CyHfYqz7g6KcTAfPL7sV7GC77J1A~r1lroa84n0sHf~T0C8yK2phPLP5TcJCWe_smz9HMKAViul8S4X0eVk8DGrTR67M_VBe~Sa6ajO_4eAJonDf97cA~WdAcVvMZzmeqA_wpq3kJLaSxd43c6Nxe7Y991si.jpg 1200w,https:\/\/media.inmobalia.com\/imgV1\/B8vEv5Xh_V8qnoSVk7lzWYOK4ddJYMQONEMpHDBLdBNbXMygBHW86n2cwMIHM5bIfbq4MPlGB66hOI7zKIU2Tp4hBFoOd5y8_onF9k5NzaKnzNvqz~JMdLVe7IiziFAhx8KMOn06qPjoqGjZfa7724T7_bTp2Cs0nLXhOCVT4LYHbFbPmEyVUwmDAehQ.jpg 1200w,https:\/\/media.inmobalia.com\/imgV1\/B8vEv5Xh~9eLgpFkvD55S4O4_vRpfi7Zj~8WTFZMGThfizi~_Y~NgoiVzdN9MsuXYCpgHq7NOfhSSsV~~CvXOR8biNDSQCuIy3z~JafSwduxBEndespnQYPOGloQON5dAeI3~oEGIk391tzPGZleQW1zYEH7LUXjRiHSRae6kJbxBvBbugml5c13~wk-.jpg 774w\" type=\"image\/webp\"><img loading=\"lazy\" decoding=\"async\" class=\"image-fit\" alt=\"Villa d\u00faplex de lujo 6 dormitorios Milla de Oro con piscina privada, vistas al mar y monta\u00f1a\" width=\"1200\" height=\"675\" src=\"https:\/\/media.inmobalia.com\/imgV1\/B8vEv5Xh_V8qnoSVk7qSASjn74Cba02xOISAE9lNaqraa5CpOMK9Nt2JTrsYUiL2RjMMKGoLqNGD1J0sjvO5HdNAAyfvs0isScKXuAfksxjLn5MWrjf4lcoRqJqFs~hLNNms0C5Veqhj3~wutavRQvhE9UodUuYl3_Gbtsc-.jpg\"><\/picture>\t\t\t<\/figure>\n\t<div class=\"h-100 d-flex flex-column\">\n\t\t<span class=\"d-block card-area\">\n\t\t\tMarbella Golden Mile\t\t<\/span>\n\t\t\n\n\t\t\t<div class=\"card-price d-flex flex-column\">\n\t\t<strong class=\"me-1\">Desde <span data-original-price=\"2143\">2.143\u00a0\u20ac<\/span><span data-period> por dia <\/span><\/strong>\t\t<\/div>\n\t\n\t\t<ul class=\"card-features list-unstyled d-flex flex-wrap align-items-center mb-0\">\n\t\t\t\t\t\t\t<li class=\"d-flex align-items-center me-3\">\n\t\t\t\t\t6 dormitorios\t\t\t\t<\/li>\n\t\t\t\t\t\t\t<li class=\"d-flex align-items-center me-3\">\n\t\t\t\t\t5 ba\u00f1os\t\t\t\t<\/li>\n\t\t\t\t\t\t\t<li class=\"d-flex align-items-center me-3\">\n\t\t\t\t\t500 m&sup2; construido\t\t\t\t<\/li>\n\t\t\t\t\t\t\t<li class=\"d-flex align-items-center me-3\">\n\t\t\t\t\t1000 m&sup2; parcela\t\t\t\t<\/li>\n\t\t\t\t\t<\/ul>\n\t\t<h4 class=\"card-title mb-0\">\n\t\t\t<a class=\"stretched-link\" href=\"\/alquiler\/cascada-de-camojan\/villas-y-chalets\/R3204793\">Villa d\u00faplex de lujo 6 dormitorios Milla de Oro con piscina privada, vistas al mar y monta\u00f1a<\/a>\n\t\t<\/h4>\n\t\t\t<\/div>\n<\/article>\t\t\t\t\t\t<article class=\"f-carousel__slide card col position-relative flex-column\">\n\t<figure class=\"position-relative w-100 mb-2\">\n\t\t<a class=\"card-portfolio position-absolute\" data-pfl-id=\"262089\" data-pfl-filter=\"rent-short\" href=\"#\">\n\t\t\t<svg width=\"20\" fill=\"currentColor\" viewBox=\"0 0 512 512\">\n\t\t\t\t<use href=\"https:\/\/www.homewatch.es\/wp-content\/themes\/inmobasolidbase\/dist\/src\/images\/icons.svg#svgPortfolio\"\/>\n\t\t\t<\/svg>\n\t\t\t<svg class=\"d-none\" width=\"20\" fill=\"currentColor\" viewBox=\"0 0 512 512\">\n\t\t\t\t<use href=\"https:\/\/www.homewatch.es\/wp-content\/themes\/inmobasolidbase\/dist\/src\/images\/icons.svg#svgPortfolioIn\"\/>\n\t\t\t<\/svg>\n\t\t<\/a>\n\t\t<picture class=\"ratio ratio-4x3\"><source width=\"1920\" height=\"1080\" srcset=\"https:\/\/media.inmobalia.com\/imgV1\/B8vEv5Xh_VThvnEqMx4G0YtA8lAADdw1sBC5uN5pSX6~ImMWYg0nYa_EPSP~fBpYtvgHs5QKecPwE1~j5DU_pylbu6cBdu0PgVunDxnkMoeY79Gll7Nv5AHhYwCGots7LBBVxBgmwq~gMhho0daZ0IQ5wlC1ZdAsa0JPRXaYHDpg2FWDmFTt3a8ysoGXS8nKjMg-.jpg 1920w,https:\/\/media.inmobalia.com\/imgV1\/B8vEv5Xh_Vjzl4qKP9bJW21eHCmW9PWrQV6IDk9EjA79dASSMmDBrXf04FgH6wp0ylU42MWPePEey7rkY1j3kMIGs3YrRSP6UhHPWG1enKzuplcdy8f~NYm7bTbKkeM5cMgnQKo7qQwr6t~XlBnZO7omCPVfcykbhgn7KowBPGnzc_ItVWgGT5rVVNpVqShDEg--.jpg 1580w,https:\/\/media.inmobalia.com\/imgV1\/B8vEv5Xh~9eLgpFkvD55S4O4_vRpfi7Zj~8WTFZMGThfizi~_Y~NgoiVzdN9MsuXYCpgHq7NOfhSSsV~~CvXOR8biNDSQCuIy3z~JafSwduxBEndespnQYPOGloQON5dAeHlTGVcfrL1MWqNL4ozVVGTbQFZMvb2slCoouMokp0OqWNu5dLjeYy4egCcz7us.jpg 774w\" type=\"image\/webp\"><img loading=\"lazy\" decoding=\"async\" class=\"image-fit\" alt=\"Lujoso \u00e1tico de 3 dormitorios con vistas al mar en primera l\u00ednea Marbella Este\" width=\"1920\" height=\"1080\" src=\"https:\/\/media.inmobalia.com\/imgV1\/B8vEv5Xh_VThvnEqMx4G0ZxU~~H0Ar_8Bn_AfAx~4dnt796zQ9QIPwzdr9PkzIdRpbeOYktBAPFfTt23HPhndt5b7cRr2vg76pmKvptCGz419CdfnCBxswb1iMzMy6dKYUM~~BhwyjPVQ6DbIDyfoeBhlTSttwGkqdgh4c50TV43ZA--.jpg\"><\/picture>\t\t\t<\/figure>\n\t<div class=\"h-100 d-flex flex-column\">\n\t\t<span class=\"d-block card-area\">\n\t\t\tMarbella Este\t\t<\/span>\n\t\t\n\n\t\t\t<div class=\"card-price d-flex flex-column\">\n\t\t<strong class=\"me-1\">Desde <span data-original-price=\"184\">184\u00a0\u20ac<\/span><span data-period> por dia <\/span><\/strong><strong class=\"me-1\"><span data-original-price=\"3000\">3.000\u00a0\u20ac<\/span><span data-period> montly rental (November-March)<\/span><\/strong>\t\t<\/div>\n\t\n\t\t<ul class=\"card-features list-unstyled d-flex flex-wrap align-items-center mb-0\">\n\t\t\t\t\t\t\t<li class=\"d-flex align-items-center me-3\">\n\t\t\t\t\t3 dormitorios\t\t\t\t<\/li>\n\t\t\t\t\t\t\t<li class=\"d-flex align-items-center me-3\">\n\t\t\t\t\t4 ba\u00f1os\t\t\t\t<\/li>\n\t\t\t\t\t\t\t<li class=\"d-flex align-items-center me-3\">\n\t\t\t\t\t200 m&sup2; construido\t\t\t\t<\/li>\n\t\t\t\t\t<\/ul>\n\t\t<h4 class=\"card-title mb-0\">\n\t\t\t<a class=\"stretched-link\" href=\"\/alquiler\/bahia-de-marbella\/casas\/68\">Lujoso \u00e1tico de 3 dormitorios con vistas al mar en primera l\u00ednea Marbella Este<\/a>\n\t\t<\/h4>\n\t\t\t<\/div>\n<\/article>\t\t\t\t\t\t<article class=\"f-carousel__slide card col position-relative flex-column\">\n\t<figure class=\"position-relative w-100 mb-2\">\n\t\t<a class=\"card-portfolio position-absolute\" data-pfl-id=\"262087\" data-pfl-filter=\"rent-short\" href=\"#\">\n\t\t\t<svg width=\"20\" fill=\"currentColor\" viewBox=\"0 0 512 512\">\n\t\t\t\t<use href=\"https:\/\/www.homewatch.es\/wp-content\/themes\/inmobasolidbase\/dist\/src\/images\/icons.svg#svgPortfolio\"\/>\n\t\t\t<\/svg>\n\t\t\t<svg class=\"d-none\" width=\"20\" fill=\"currentColor\" viewBox=\"0 0 512 512\">\n\t\t\t\t<use href=\"https:\/\/www.homewatch.es\/wp-content\/themes\/inmobasolidbase\/dist\/src\/images\/icons.svg#svgPortfolioIn\"\/>\n\t\t\t<\/svg>\n\t\t<\/a>\n\t\t<picture class=\"ratio ratio-4x3\"><source width=\"1920\" height=\"1080\" srcset=\"https:\/\/media.inmobalia.com\/imgV1\/B8vEv5Xh_VThvnEqMx4G0YtA8lAADdw1sBC5uN5pSX6~ImMWYg0nYa_EPSP~fBpYtvgHs5QKecPwE1~j5DU_pylbu6cBdu0PgVunDxnkMoeY79Gll7Nv5AHhYwCGots7LBBVxBZVgEfVONlXQTZ4L1eh7eNUCjGDGM4s0iS~n0jjjPttUbmlfJlV6L0Ei2JhYnQ-.jpg 1920w,https:\/\/media.inmobalia.com\/imgV1\/B8vEv5Xh_Vjzl4qKP9bJW21eHCmW9PWrQV6IDk9EjA79dASSMmDBrXf04FgH6wp0ylU42MWPePEey7rkY1j3kMIGs3YrRSP6UhHPWG1enKzuplcdy8f~NYm7bTbKkeM5cMgnTivvcpfb6ozarazyNbr7T3IRJv5x7NTyRmG~ittSXOc1ghkbQb1Zgw62V9LQWA--.jpg 1580w,https:\/\/media.inmobalia.com\/imgV1\/B8vEv5Xh~9eLgpFkvD55S4O4_vRpfi7Zj~8WTFZMGThfizi~_Y~NgoiVzdN9MsuXYCpgHq7NOfhSSsV~~CvXOR8biNDSQCuIy3z~JafSwduxBEndespnQYPOGloQON5dAeHrR48NKBte7RRoXPcqBqtyMTJWA1XH9tasQsdJjRAcQRqHBSnz2imwLCTOfHOA.jpg 774w\" type=\"image\/webp\"><img loading=\"lazy\" decoding=\"async\" class=\"image-fit\" alt=\"Apartamento d\u00faplex de 3 dormitorios junto a la playa con vistas al mar en Costabella\" width=\"1920\" height=\"1080\" src=\"https:\/\/media.inmobalia.com\/imgV1\/B8vEv5Xh_VThvnEqMx4G0ZxU~~H0Ar_8Bn_AfAx~4dnt796zQ9QIPwzdr9PkzIdRpbeOYktBAPFfTt23HPhndt5b7cRr2vg76pmKvptCGz419CdfktXTAGexGBvvNOQup7h2DS_XyOQ120xaU~AX8nv6nXmryJ9uZweecfWDP4cKtw--.jpg\"><\/picture>\t\t\t<\/figure>\n\t<div class=\"h-100 d-flex flex-column\">\n\t\t<span class=\"d-block card-area\">\n\t\t\tMarbella Este\t\t<\/span>\n\t\t\n\n\t\t\t<div class=\"card-price d-flex flex-column\">\n\t\t<strong class=\"me-1\">Desde <span data-original-price=\"123\">123\u00a0\u20ac<\/span><span data-period> por dia <\/span><\/strong><strong class=\"me-1\"><span data-original-price=\"1900\">1.900\u00a0\u20ac<\/span><span data-period> montly rental (November-March)<\/span><\/strong>\t\t<\/div>\n\t\n\t\t<ul class=\"card-features list-unstyled d-flex flex-wrap align-items-center mb-0\">\n\t\t\t\t\t\t\t<li class=\"d-flex align-items-center me-3\">\n\t\t\t\t\t3 dormitorios\t\t\t\t<\/li>\n\t\t\t\t\t\t\t<li class=\"d-flex align-items-center me-3\">\n\t\t\t\t\t2 ba\u00f1os\t\t\t\t<\/li>\n\t\t\t\t\t\t\t<li class=\"d-flex align-items-center me-3\">\n\t\t\t\t\t130 m&sup2; construido\t\t\t\t<\/li>\n\t\t\t\t\t<\/ul>\n\t\t<h4 class=\"card-title mb-0\">\n\t\t\t<a class=\"stretched-link\" href=\"\/alquiler\/costabella\/aticos\/56\">Apartamento d\u00faplex de 3 dormitorios junto a la playa con vistas al mar en Costabella<\/a>\n\t\t<\/h4>\n\t\t\t<\/div>\n<\/article>\t\t\t\t\t\t<article class=\"f-carousel__slide card col position-relative flex-column\">\n\t<figure class=\"position-relative w-100 mb-2\">\n\t\t<a class=\"card-portfolio position-absolute\" data-pfl-id=\"262086\" data-pfl-filter=\"rent-short\" href=\"#\">\n\t\t\t<svg width=\"20\" fill=\"currentColor\" viewBox=\"0 0 512 512\">\n\t\t\t\t<use href=\"https:\/\/www.homewatch.es\/wp-content\/themes\/inmobasolidbase\/dist\/src\/images\/icons.svg#svgPortfolio\"\/>\n\t\t\t<\/svg>\n\t\t\t<svg class=\"d-none\" width=\"20\" fill=\"currentColor\" viewBox=\"0 0 512 512\">\n\t\t\t\t<use href=\"https:\/\/www.homewatch.es\/wp-content\/themes\/inmobasolidbase\/dist\/src\/images\/icons.svg#svgPortfolioIn\"\/>\n\t\t\t<\/svg>\n\t\t<\/a>\n\t\t<picture class=\"ratio ratio-4x3\"><source width=\"1920\" height=\"1080\" srcset=\"https:\/\/media.inmobalia.com\/imgV1\/B8vEv5Xh_VThvnEqMx4G0YtA8lAADdw1sBC5uN5pSX6~ImMWYg0nYa_EPSP~fBpYtvgHs5QKecPwE1~j5DU_pylbu6cBdu0PgVunDxnkMoeY79Gll7Nv5AHhYwCGots7LBBVxBZVgEWC7QSYbBCBHKAcaSq4UatwyLdd5ZZe1604gZvqX8NSy4_gUfJxMEz6b_Y-.jpg 1920w,https:\/\/media.inmobalia.com\/imgV1\/B8vEv5Xh_Vjzl4qKP9bJW21eHCmW9PWrQV6IDk9EjA79dASSMmDBrXf04FgH6wp0ylU42MWPePEey7rkY1j3kMIGs3YrRSP6UhHPWG1enKzuplcdy8f~NYm7bTbKkeM5cMgnTivvcH5b9QRI1TDIgoEFwFlL2Qe6cjmk5MGfSlipD_E5dbc7SM73FOdXnO2a0Q--.jpg 1580w,https:\/\/media.inmobalia.com\/imgV1\/B8vEv5Xh~9eLgpFkvD55S4O4_vRpfi7Zj~8WTFZMGThfizi~_Y~NgoiVzdN9MsuXYCpgHq7NOfhSSsV~~CvXOR8biNDSQCuIy3z~JafSwduxBEndespnQYPOGloQON5dAeHrR48PL3mDg41C2m~O5V23GZGBPzm2UuqaaY_eTY_KkAF0g3xHRGEXln_3jLdX.jpg 774w\" type=\"image\/webp\"><img loading=\"lazy\" decoding=\"async\" class=\"image-fit\" alt=\"Casa adosada moderna de 1 dormitorio junto a la playa con vistas al mar en Marbella Este\" width=\"1920\" height=\"1080\" src=\"https:\/\/media.inmobalia.com\/imgV1\/B8vEv5Xh_VThvnEqMx4G0ZxU~~H0Ar_8Bn_AfAx~4dnt796zQ9QIPwzdr9PkzIdRpbeOYktBAPFfTt23HPhndt5b7cRr2vg76pmKvptCGz419CdfktXTApJaWslwiwZBsrIXMFE~EH49Uz7lAOOHVhpXKMX_yEp9G_734iPWs9nsOA--.jpg\"><\/picture>\t\t\t<\/figure>\n\t<div class=\"h-100 d-flex flex-column\">\n\t\t<span class=\"d-block card-area\">\n\t\t\tMarbella Este\t\t<\/span>\n\t\t\n\n\t\t\t<div class=\"card-price d-flex flex-column\">\n\t\t<strong class=\"me-1\">Desde <span data-original-price=\"115\">115\u00a0\u20ac<\/span><span data-period> por dia <\/span><\/strong>\t\t<\/div>\n\t\n\t\t<ul class=\"card-features list-unstyled d-flex flex-wrap align-items-center mb-0\">\n\t\t\t\t\t\t\t<li class=\"d-flex align-items-center me-3\">\n\t\t\t\t\t1 dormitorio\t\t\t\t<\/li>\n\t\t\t\t\t\t\t<li class=\"d-flex align-items-center me-3\">\n\t\t\t\t\t1 ba\u00f1o\t\t\t\t<\/li>\n\t\t\t\t\t\t\t<li class=\"d-flex align-items-center me-3\">\n\t\t\t\t\t75 m&sup2; construido\t\t\t\t<\/li>\n\t\t\t\t\t<\/ul>\n\t\t<h4 class=\"card-title mb-0\">\n\t\t\t<a class=\"stretched-link\" href=\"\/alquiler\/costabella\/aticos\/57\">Casa adosada moderna de 1 dormitorio junto a la playa con vistas al mar en Marbella Este<\/a>\n\t\t<\/h4>\n\t\t\t<\/div>\n<\/article>\t\t\t\t\t\t<article class=\"f-carousel__slide card col position-relative flex-column\">\n\t<figure class=\"position-relative w-100 mb-2\">\n\t\t<a class=\"card-portfolio position-absolute\" data-pfl-id=\"262085\" data-pfl-filter=\"rent-short\" href=\"#\">\n\t\t\t<svg width=\"20\" fill=\"currentColor\" viewBox=\"0 0 512 512\">\n\t\t\t\t<use href=\"https:\/\/www.homewatch.es\/wp-content\/themes\/inmobasolidbase\/dist\/src\/images\/icons.svg#svgPortfolio\"\/>\n\t\t\t<\/svg>\n\t\t\t<svg class=\"d-none\" width=\"20\" fill=\"currentColor\" viewBox=\"0 0 512 512\">\n\t\t\t\t<use href=\"https:\/\/www.homewatch.es\/wp-content\/themes\/inmobasolidbase\/dist\/src\/images\/icons.svg#svgPortfolioIn\"\/>\n\t\t\t<\/svg>\n\t\t<\/a>\n\t\t<picture class=\"ratio ratio-4x3\"><source width=\"1200\" height=\"675\" srcset=\"https:\/\/media.inmobalia.com\/imgV1\/B8vEv5Xh_V8qnoSVk7qSFqTF0IzVRRA8CyHfYqz7g6KcTAfPL7sV7GC77J1A~r1lroa84n0sHf~T0C8yK2phPLP5TcJCWe_smz9HMKAViul8S4X0eVk8DGrTR67M_VBe~Sa5Wfg8w3ibPi_bZZ0WLJ4Wd7b7~JtIDeQoCH7gX5Ce2fsuHMEO2W0wsJ6I.jpg 1200w,https:\/\/media.inmobalia.com\/imgV1\/B8vEv5Xh_V8qnoSVk7lzWYOK4ddJYMQONEMpHDBLdBNbXMygBHW86n2cwMIHM5bIfbq4MPlGB66hOI7zKIU2Tp4hBFoOd5y8_onF9k5NzaKnzNvqz~JMdLVe7IiziFAhx8KPAeX5r2GFPVgIJFxPFHhoXvbut1pEL62m_521o3lxSQER8Ffi4YQJ6Ti_.jpg 1200w,https:\/\/media.inmobalia.com\/imgV1\/B8vEv5Xh~9eLgpFkvD55S4O4_vRpfi7Zj~8WTFZMGThfizi~_Y~NgoiVzdN9MsuXYCpgHq7NOfhSSsV~~CvXOR8biNDSQCuIy3z~JafSwduxBEndespnQYPOGloQON5dAeHrR48LlVB2eXtYhY9I_KOplEG23hl3cyBLGLp44KJ51nwJUkKABkfz17k-.jpg 774w\" type=\"image\/webp\"><img loading=\"lazy\" decoding=\"async\" class=\"image-fit\" alt=\"Apartamento vacacional 2 dormitorios primera l\u00ednea playa Marbella Este\" width=\"1200\" height=\"675\" src=\"https:\/\/media.inmobalia.com\/imgV1\/B8vEv5Xh_V8qnoSVk7qSASjn74Cba02xOISAE9lNaqraa5CpOMK9Nt2JTrsYUiL2RjMMKGoLqNGD1J0sjvO5HdNAAyfvs0isScKXuAfksxjLn5D16ZiR~zxuYWZJ6nPZJo81S9qg3fyhAGIvJvMeVEOL_eO_YvqV2upY7gk-.jpg\"><\/picture>\t\t\t<\/figure>\n\t<div class=\"h-100 d-flex flex-column\">\n\t\t<span class=\"d-block card-area\">\n\t\t\tMarbella Este\t\t<\/span>\n\t\t\n\n\t\t\t<div class=\"card-price d-flex flex-column\">\n\t\t<strong class=\"me-1\">Desde <span data-original-price=\"101\">101\u00a0\u20ac<\/span><span data-period> por dia <\/span><\/strong><strong class=\"me-1\"><span data-original-price=\"1450\">1.450\u00a0\u20ac<\/span><span data-period> montly rental (November-March)<\/span><\/strong>\t\t<\/div>\n\t\n\t\t<ul class=\"card-features list-unstyled d-flex flex-wrap align-items-center mb-0\">\n\t\t\t\t\t\t\t<li class=\"d-flex align-items-center me-3\">\n\t\t\t\t\t2 dormitorios\t\t\t\t<\/li>\n\t\t\t\t\t\t\t<li class=\"d-flex align-items-center me-3\">\n\t\t\t\t\t2 ba\u00f1os\t\t\t\t<\/li>\n\t\t\t\t\t\t\t<li class=\"d-flex align-items-center me-3\">\n\t\t\t\t\t90 m&sup2; construido\t\t\t\t<\/li>\n\t\t\t\t\t<\/ul>\n\t\t<h4 class=\"card-title mb-0\">\n\t\t\t<a class=\"stretched-link\" href=\"\/alquiler\/costabella\/apartamentos-y-pisos\/23\">Apartamento vacacional 2 dormitorios primera l\u00ednea playa Marbella Este<\/a>\n\t\t<\/h4>\n\t\t\t<\/div>\n<\/article>\t\t\t\t\t\t<article class=\"f-carousel__slide card col position-relative flex-column\">\n\t<figure class=\"position-relative w-100 mb-2\">\n\t\t<a class=\"card-portfolio position-absolute\" data-pfl-id=\"262081\" data-pfl-filter=\"rent-short\" href=\"#\">\n\t\t\t<svg width=\"20\" fill=\"currentColor\" viewBox=\"0 0 512 512\">\n\t\t\t\t<use href=\"https:\/\/www.homewatch.es\/wp-content\/themes\/inmobasolidbase\/dist\/src\/images\/icons.svg#svgPortfolio\"\/>\n\t\t\t<\/svg>\n\t\t\t<svg class=\"d-none\" width=\"20\" fill=\"currentColor\" viewBox=\"0 0 512 512\">\n\t\t\t\t<use href=\"https:\/\/www.homewatch.es\/wp-content\/themes\/inmobasolidbase\/dist\/src\/images\/icons.svg#svgPortfolioIn\"\/>\n\t\t\t<\/svg>\n\t\t<\/a>\n\t\t<picture class=\"ratio ratio-4x3\"><source width=\"1920\" height=\"1080\" srcset=\"https:\/\/media.inmobalia.com\/imgV1\/B8vEv5Xh_VThvnEqMx4G0YtA8lAADdw1sBC5uN5pSX6~ImMWYg0nYa_EPSP~fBpYtvgHs5QKecPwE1~j5DU_pylbu6cBdu0PgVunDxnkMoeY79Gll7Nv5AHhYwCGots7LBBVxX6EQnX5qGfzgglMr7L3mhsP5GJeeCeeYTn~lrEqjEMIr0Wp0O671WxgTrUkxkQ-.jpg 1920w,https:\/\/media.inmobalia.com\/imgV1\/B8vEv5Xh_Vjzl4qKP9bJW21eHCmW9PWrQV6IDk9EjA79dASSMmDBrXf04FgH6wp0ylU42MWPePEey7rkY1j3kMIGs3YrRSP6UhHPWG1enKzuplcdy8f~NYm7bTbKkeM5cMgmtVXqDDB7t~L7LY5V4VkwwKGGOlcmevnoHrRwJQe5unKgttMFpLbRVQrVVP~jxQ--.jpg 1580w,https:\/\/media.inmobalia.com\/imgV1\/B8vEv5Xh~9eLgpFkvD55S4O4_vRpfi7Zj~8WTFZMGThfizi~_Y~NgoiVzdN9MsuXYCpgHq7NOfhSSsV~~CvXOR8biNDSQCuIy3z~JafSwduxBEndespnQYPOGloQON5dAeCJAI_JrJHzQwsGkHdWTNF036OjNUUXRIWSFVYPsWxTV48xR_iNK0~jK~XNS~6e.jpg 774w\" type=\"image\/webp\"><img loading=\"lazy\" decoding=\"async\" class=\"image-fit\" alt=\"Alquiler vacacional 3 dormitorios con piscina privada climatizable y vistas al mar en La Mairena, Marbella Este\" width=\"1920\" height=\"1080\" src=\"https:\/\/media.inmobalia.com\/imgV1\/B8vEv5Xh_VThvnEqMx4G0ZxU~~H0Ar_8Bn_AfAx~4dnt796zQ9QIPwzdr9PkzIdRpbeOYktBAPFfTt23HPhndt5b7cRr2vg76pmKvptCGz419CdewfI1yC_GJ_98Wzol6z0s58CGWER4wN~ooEcfeefbfm7klzQfJtzcCAAfXg1WpA--.jpg\"><\/picture>\t\t\t<\/figure>\n\t<div class=\"h-100 d-flex flex-column\">\n\t\t<span class=\"d-block card-area\">\n\t\t\tMarbella Este\t\t<\/span>\n\t\t\n\n\t\t\t<div class=\"card-price d-flex flex-column\">\n\t\t<strong class=\"me-1\">Desde <span data-original-price=\"208\">208\u00a0\u20ac<\/span><span data-period> por dia <\/span><\/strong><strong class=\"me-1\"><span data-original-price=\"3000\">3.000\u00a0\u20ac<\/span><span data-period> montly rental (November-March)<\/span><\/strong>\t\t<\/div>\n\t\n\t\t<ul class=\"card-features list-unstyled d-flex flex-wrap align-items-center mb-0\">\n\t\t\t\t\t\t\t<li class=\"d-flex align-items-center me-3\">\n\t\t\t\t\t3 dormitorios\t\t\t\t<\/li>\n\t\t\t\t\t\t\t<li class=\"d-flex align-items-center me-3\">\n\t\t\t\t\t3 ba\u00f1os\t\t\t\t<\/li>\n\t\t\t\t\t\t\t<li class=\"d-flex align-items-center me-3\">\n\t\t\t\t\t180 m&sup2; construido\t\t\t\t<\/li>\n\t\t\t\t\t\t\t<li class=\"d-flex align-items-center me-3\">\n\t\t\t\t\t80 m&sup2; parcela\t\t\t\t<\/li>\n\t\t\t\t\t<\/ul>\n\t\t<h4 class=\"card-title mb-0\">\n\t\t\t<a class=\"stretched-link\" href=\"\/alquiler\/la-mairena\/apartamentos-planta-baja\/46\">Alquiler vacacional 3 dormitorios con piscina privada climatizable y vistas al mar en La Mairena, Marbella Este<\/a>\n\t\t<\/h4>\n\t\t\t<\/div>\n<\/article>\t\t\t\t\t\t<article class=\"f-carousel__slide card col position-relative flex-column\">\n\t<figure class=\"position-relative w-100 mb-2\">\n\t\t<a class=\"card-portfolio position-absolute\" data-pfl-id=\"262079\" data-pfl-filter=\"rent-short\" href=\"#\">\n\t\t\t<svg width=\"20\" fill=\"currentColor\" viewBox=\"0 0 512 512\">\n\t\t\t\t<use href=\"https:\/\/www.homewatch.es\/wp-content\/themes\/inmobasolidbase\/dist\/src\/images\/icons.svg#svgPortfolio\"\/>\n\t\t\t<\/svg>\n\t\t\t<svg class=\"d-none\" width=\"20\" fill=\"currentColor\" viewBox=\"0 0 512 512\">\n\t\t\t\t<use href=\"https:\/\/www.homewatch.es\/wp-content\/themes\/inmobasolidbase\/dist\/src\/images\/icons.svg#svgPortfolioIn\"\/>\n\t\t\t<\/svg>\n\t\t<\/a>\n\t\t<picture class=\"ratio ratio-4x3\"><source width=\"1920\" height=\"1080\" srcset=\"https:\/\/media.inmobalia.com\/imgV1\/B8vEv5Xh_VThvnEqMx4G0YtA8lAADdw1sBC5uN5pSX6~ImMWYg0nYa_EPSP~fBpYtvgHs5QKecPwE1~j5DU_pylbu6cBdu0PgVunDxnkMoeY79Gll7Nv5AHhYwCGots7LBBVxX6EQnLC1zR15~qx_XlbUDhsBpiVvHJYitwW6t1waNNqavMZbVF~rhfFE~HLGCM-.jpg 1920w,https:\/\/media.inmobalia.com\/imgV1\/B8vEv5Xh_Vjzl4qKP9bJW21eHCmW9PWrQV6IDk9EjA79dASSMmDBrXf04FgH6wp0ylU42MWPePEey7rkY1j3kMIGs3YrRSP6UhHPWG1enKzuplcdy8f~NYm7bTbKkeM5cMgmtVXqCy9J8ItOFsyu6xABR9gCwHawxJCpNuDJ2hXGtxFWYBR8mZb7iyb2t_HH9g--.jpg 1580w,https:\/\/media.inmobalia.com\/imgV1\/B8vEv5Xh~9eLgpFkvD55S4O4_vRpfi7Zj~8WTFZMGThfizi~_Y~NgoiVzdN9MsuXYCpgHq7NOfhSSsV~~CvXOR8biNDSQCuIy3z~JafSwduxBEndespnQYPOGloQON5dAeCJAI_OeHGExyqdpSadj1W4vvE14C5BpwpUqK8AsOwdh1dEBgt3stWCQeB5Q~b7.jpg 774w\" type=\"image\/webp\"><img loading=\"lazy\" decoding=\"async\" class=\"image-fit\" alt=\"Apartamento de lujo de 2 dormitorios con vistas al mar en Ist\u00e1n, Costa del Sol\" width=\"1920\" height=\"1080\" src=\"https:\/\/media.inmobalia.com\/imgV1\/B8vEv5Xh_VThvnEqMx4G0ZxU~~H0Ar_8Bn_AfAx~4dnt796zQ9QIPwzdr9PkzIdRpbeOYktBAPFfTt23HPhndt5b7cRr2vg76pmKvptCGz419CdewfI1z7hjVIyRxoIxYiHCrBxeWqea5mokuqjm7r3E3j7tMqRH6ycMB5U29bPBug--.jpg\"><\/picture>\t\t\t<\/figure>\n\t<div class=\"h-100 d-flex flex-column\">\n\t\t<span class=\"d-block card-area\">\n\t\t\tBalcones del Lago\t\t<\/span>\n\t\t\n\n\t\t\t<div class=\"card-price d-flex flex-column\">\n\t\t<strong class=\"me-1\">Desde <span data-original-price=\"60\">60\u00a0\u20ac<\/span><span data-period> por dia <\/span><\/strong>\t\t<\/div>\n\t\n\t\t<ul class=\"card-features list-unstyled d-flex flex-wrap align-items-center mb-0\">\n\t\t\t\t\t\t\t<li class=\"d-flex align-items-center me-3\">\n\t\t\t\t\t2 dormitorios\t\t\t\t<\/li>\n\t\t\t\t\t\t\t<li class=\"d-flex align-items-center me-3\">\n\t\t\t\t\t2 ba\u00f1os\t\t\t\t<\/li>\n\t\t\t\t\t\t\t<li class=\"d-flex align-items-center me-3\">\n\t\t\t\t\t110 m&sup2; construido\t\t\t\t<\/li>\n\t\t\t\t\t<\/ul>\n\t\t<h4 class=\"card-title mb-0\">\n\t\t\t<a class=\"stretched-link\" href=\"\/alquiler\/balcones-del-lago\/apartamentos-planta-baja\/43\">Apartamento de lujo de 2 dormitorios con vistas al mar en Ist\u00e1n, Costa del Sol<\/a>\n\t\t<\/h4>\n\t\t\t<\/div>\n<\/article>\t\t\t\t\t\t<article class=\"f-carousel__slide card col position-relative flex-column\">\n\t<figure class=\"position-relative w-100 mb-2\">\n\t\t<a class=\"card-portfolio position-absolute\" data-pfl-id=\"262075\" data-pfl-filter=\"rent-short\" href=\"#\">\n\t\t\t<svg width=\"20\" fill=\"currentColor\" viewBox=\"0 0 512 512\">\n\t\t\t\t<use href=\"https:\/\/www.homewatch.es\/wp-content\/themes\/inmobasolidbase\/dist\/src\/images\/icons.svg#svgPortfolio\"\/>\n\t\t\t<\/svg>\n\t\t\t<svg class=\"d-none\" width=\"20\" fill=\"currentColor\" viewBox=\"0 0 512 512\">\n\t\t\t\t<use href=\"https:\/\/www.homewatch.es\/wp-content\/themes\/inmobasolidbase\/dist\/src\/images\/icons.svg#svgPortfolioIn\"\/>\n\t\t\t<\/svg>\n\t\t<\/a>\n\t\t<picture class=\"ratio ratio-4x3\"><source width=\"1920\" height=\"1080\" srcset=\"https:\/\/media.inmobalia.com\/imgV1\/B8vEv5Xh_VThvnEqMx4G0YtA8lAADdw1sBC5uN5pSX6~ImMWYg0nYa_EPSP~fBpYtvgHs5QKecPwE1~j5DU_pylbu6cBdu0PgVunDxnkMoeY79Gll7Nv5AHhYwCGots7LBBU9oyP_8JRbMspNj~TD~vpasiQCWoDgtG22yNviLfZVhVClpMg2a739xmjpirVL0E-.jpg 1920w,https:\/\/media.inmobalia.com\/imgV1\/B8vEv5Xh_Vjzl4qKP9bJW21eHCmW9PWrQV6IDk9EjA79dASSMmDBrXf04FgH6wp0ylU42MWPePEey7rkY1j3kMIGs3YrRSP6UhHPWG1enKzuplcdy8f~NYm7bTbKkeM5cMmKitrBBgtglHF5iskx7PR9VJF4fTlOnaXpHPns3e1hLT4GwIYsgaFK_HJF1xP8xw--.jpg 1580w,https:\/\/media.inmobalia.com\/imgV1\/B8vEv5Xh~9eLgpFkvD55S4O4_vRpfi7Zj~8WTFZMGThfizi~_Y~NgoiVzdN9MsuXYCpgHq7NOfhSSsV~~CvXOR8biNDSQCuIy3z~JafSwduxBEndespnQYPOGloQON5dAFcCj5Wuv_5fFN2OLl4fuHJZgRK9G81raqe7BH48JePwE7UvUfPVYq966qN~NO_F.jpg 774w\" type=\"image\/webp\"><img loading=\"lazy\" decoding=\"async\" class=\"image-fit\" alt=\"Villa de 4 dormitorios en primera l\u00ednea de playa con jard\u00edn privado en Costabella, Marbella Este\" width=\"1920\" height=\"1080\" src=\"https:\/\/media.inmobalia.com\/imgV1\/B8vEv5Xh_VThvnEqMx4G0ZxU~~H0Ar_8Bn_AfAx~4dnt796zQ9QIPwzdr9PkzIdRpbeOYktBAPFfTt23HPhndt5b7cRr2vg76pmKvptCGz419CbI43yqDWbAZJN~~zKZmGIQ_uOjZAIhVF4wmeIq~3iEnhljLSz0dL4WzIVLMfwgEA--.jpg\"><\/picture>\t\t\t<\/figure>\n\t<div class=\"h-100 d-flex flex-column\">\n\t\t<span class=\"d-block card-area\">\n\t\t\tMarbella Este\t\t<\/span>\n\t\t\n\n\t\t\t<div class=\"card-price d-flex flex-column\">\n\t\t<strong class=\"me-1\">Desde <span data-original-price=\"164\">164\u00a0\u20ac<\/span><span data-period> por dia <\/span><\/strong>\t\t<\/div>\n\t\n\t\t<ul class=\"card-features list-unstyled d-flex flex-wrap align-items-center mb-0\">\n\t\t\t\t\t\t\t<li class=\"d-flex align-items-center me-3\">\n\t\t\t\t\t4 dormitorios\t\t\t\t<\/li>\n\t\t\t\t\t\t\t<li class=\"d-flex align-items-center me-3\">\n\t\t\t\t\t3 ba\u00f1os\t\t\t\t<\/li>\n\t\t\t\t\t\t\t<li class=\"d-flex align-items-center me-3\">\n\t\t\t\t\t262 m&sup2; construido\t\t\t\t<\/li>\n\t\t\t\t\t\t\t<li class=\"d-flex align-items-center me-3\">\n\t\t\t\t\t626 m&sup2; parcela\t\t\t\t<\/li>\n\t\t\t\t\t<\/ul>\n\t\t<h4 class=\"card-title mb-0\">\n\t\t\t<a class=\"stretched-link\" href=\"\/alquiler\/costabella\/casas\/67\">Villa de 4 dormitorios en primera l\u00ednea de playa con jard\u00edn privado en Costabella, Marbella Este<\/a>\n\t\t<\/h4>\n\t\t\t<\/div>\n<\/article>\t\t\t\t\t\t<article class=\"f-carousel__slide card col position-relative flex-column\">\n\t<figure class=\"position-relative w-100 mb-2\">\n\t\t<a class=\"card-portfolio position-absolute\" data-pfl-id=\"262053\" data-pfl-filter=\"rent-short\" href=\"#\">\n\t\t\t<svg width=\"20\" fill=\"currentColor\" viewBox=\"0 0 512 512\">\n\t\t\t\t<use href=\"https:\/\/www.homewatch.es\/wp-content\/themes\/inmobasolidbase\/dist\/src\/images\/icons.svg#svgPortfolio\"\/>\n\t\t\t<\/svg>\n\t\t\t<svg class=\"d-none\" width=\"20\" fill=\"currentColor\" viewBox=\"0 0 512 512\">\n\t\t\t\t<use href=\"https:\/\/www.homewatch.es\/wp-content\/themes\/inmobasolidbase\/dist\/src\/images\/icons.svg#svgPortfolioIn\"\/>\n\t\t\t<\/svg>\n\t\t<\/a>\n\t\t<picture class=\"ratio ratio-4x3\"><source width=\"1920\" height=\"1080\" srcset=\"https:\/\/media.inmobalia.com\/imgV1\/B8vEv5Xh_VThvnEqMx4G0YtA8lAADdw1sBC5uN5pSX6~ImMWYg0nYa_EPSP~fBpYtvgHs5QKecPwE1~j5DU_pylbu6cBdu0PgVunDxnkMoeY79Gll7Nv5AHhYwCGots7LBBU_qtk_BoODeooJ~9j04VBVF1RbyqV5KKHDlyu52wWaR8WjWSWCI_fQEwx8UoY5mM-.jpg 1920w,https:\/\/media.inmobalia.com\/imgV1\/B8vEv5Xh_Vjzl4qKP9bJW21eHCmW9PWrQV6IDk9EjA79dASSMmDBrXf04FgH6wp0ylU42MWPePEey7rkY1j3kMIGs3YrRSP6UhHPWG1enKzuplcdy8f~NYm7bTbKkeM5cMmGx_Bjk2bh1w5EWin3B_392fl_HtXwfo8LW9_TxM3jNlFUmZMR8k8ARwQw_EidnQ--.jpg 1580w,https:\/\/media.inmobalia.com\/imgV1\/B8vEv5Xh~9eLgpFkvD55S4O4_vRpfi7Zj~8WTFZMGThfizi~_Y~NgoiVzdN9MsuXYCpgHq7NOfhSSsV~~CvXOR8biNDSQCuIy3z~JafSwduxBEndespnQYPOGloQON5dAFueaE9wSfU8ZX3FwX58EwQTGKnH0Kl4EC4z7QZkRGT~ejr8MPt27WUIqX_rbYHM.jpg 774w\" type=\"image\/webp\"><img loading=\"lazy\" decoding=\"async\" class=\"image-fit\" alt=\"Apartamento de lujo 2 dormitorios con vistas al mar y jacuzzi privado en Balcones del Lago\" width=\"1920\" height=\"1080\" src=\"https:\/\/media.inmobalia.com\/imgV1\/B8vEv5Xh_VThvnEqMx4G0ZxU~~H0Ar_8Bn_AfAx~4dnt796zQ9QIPwzdr9PkzIdRpbeOYktBAPFfTt23HPhndt5b7cRr2vg76pmKvptCGz419CbEd8WmwJHEtg~15hQUHyQ6gs6k6wSavRjKWYwzVtyAg0CRIH1uoHYPCZvXIliFZg--.jpg\"><\/picture>\t\t\t<\/figure>\n\t<div class=\"h-100 d-flex flex-column\">\n\t\t<span class=\"d-block card-area\">\n\t\t\tBalcones del Lago\t\t<\/span>\n\t\t\n\n\t\t\t<div class=\"card-price d-flex flex-column\">\n\t\t<strong class=\"me-1\">Desde <span data-original-price=\"60\">60\u00a0\u20ac<\/span><span data-period> por dia <\/span><\/strong><strong class=\"me-1\"><span data-original-price=\"1600\">1.600\u00a0\u20ac<\/span><span data-period> montly rental (November-March)<\/span><\/strong>\t\t<\/div>\n\t\n\t\t<ul class=\"card-features list-unstyled d-flex flex-wrap align-items-center mb-0\">\n\t\t\t\t\t\t\t<li class=\"d-flex align-items-center me-3\">\n\t\t\t\t\t2 dormitorios\t\t\t\t<\/li>\n\t\t\t\t\t\t\t<li class=\"d-flex align-items-center me-3\">\n\t\t\t\t\t2 ba\u00f1os\t\t\t\t<\/li>\n\t\t\t\t\t\t\t<li class=\"d-flex align-items-center me-3\">\n\t\t\t\t\t110 m&sup2; construido\t\t\t\t<\/li>\n\t\t\t\t\t<\/ul>\n\t\t<h4 class=\"card-title mb-0\">\n\t\t\t<a class=\"stretched-link\" href=\"\/alquiler\/balcones-del-lago\/apartamentos-planta-baja\/42\">Apartamento de lujo 2 dormitorios con vistas al mar y jacuzzi privado en Balcones del Lago<\/a>\n\t\t<\/h4>\n\t\t\t<\/div>\n<\/article>\t\t\t\t\t\t<article class=\"f-carousel__slide card col position-relative flex-column\">\n\t<figure class=\"position-relative w-100 mb-2\">\n\t\t<a class=\"card-portfolio position-absolute\" data-pfl-id=\"262045\" data-pfl-filter=\"rent-short\" href=\"#\">\n\t\t\t<svg width=\"20\" fill=\"currentColor\" viewBox=\"0 0 512 512\">\n\t\t\t\t<use href=\"https:\/\/www.homewatch.es\/wp-content\/themes\/inmobasolidbase\/dist\/src\/images\/icons.svg#svgPortfolio\"\/>\n\t\t\t<\/svg>\n\t\t\t<svg class=\"d-none\" width=\"20\" fill=\"currentColor\" viewBox=\"0 0 512 512\">\n\t\t\t\t<use href=\"https:\/\/www.homewatch.es\/wp-content\/themes\/inmobasolidbase\/dist\/src\/images\/icons.svg#svgPortfolioIn\"\/>\n\t\t\t<\/svg>\n\t\t<\/a>\n\t\t<picture class=\"ratio ratio-4x3\"><source width=\"1920\" height=\"1080\" srcset=\"https:\/\/media.inmobalia.com\/imgV1\/B8vEv5Xh_VThvnEqMx4G0YtA8lAADdw1sBC5uN5pSX6~ImMWYg0nYa_EPSP~fBpYtvgHs5QKecPwE1~j5DU_pylbu6cBdu0PgVunDxnkMoeY79Gll7Nv5AHhYwCGots7LBBU_0NqaNbgXoBTZS0Rbg2tjtxzJaBhSjqq85wNZLnkn3tN52StDSB8LqTrWll1nIs-.jpg 1920w,https:\/\/media.inmobalia.com\/imgV1\/B8vEv5Xh_Vjzl4qKP9bJW21eHCmW9PWrQV6IDk9EjA79dASSMmDBrXf04FgH6wp0ylU42MWPePEey7rkY1j3kMIGs3YrRSP6UhHPWG1enKzuplcdy8f~NYm7bTbKkeM5cMmHIaFsNxLsD5WXw4V2GKljpQbBsSnqBi2yqVo8vjgLkd1QwobZhUg6f0TGEWckRg--.jpg 1580w,https:\/\/media.inmobalia.com\/imgV1\/B8vEv5Xh~9eLgpFkvD55S4O4_vRpfi7Zj~8WTFZMGThfizi~_Y~NgoiVzdN9MsuXYCpgHq7NOfhSSsV~~CvXOR8biNDSQCuIy3z~JafSwduxBEndespnQYPOGloQON5dAFrGmBXeiOUTA_J7lnUjje6O4RWjpjpiO5yKQs1xF80dTaNl1bSXdAF6fOMh1n3L.jpg 774w\" type=\"image\/webp\"><img loading=\"lazy\" decoding=\"async\" class=\"image-fit\" alt=\"Casa adosada d\u00faplex de 2 dormitorios con vistas al mar y jacuzzi en Ist\u00e1n, Costa del Sol\" width=\"1920\" height=\"1080\" src=\"https:\/\/media.inmobalia.com\/imgV1\/B8vEv5Xh_VThvnEqMx4G0ZxU~~H0Ar_8Bn_AfAx~4dnt796zQ9QIPwzdr9PkzIdRpbeOYktBAPFfTt23HPhndt5b7cRr2vg76pmKvptCGz419CbFlf1aD2x~O0Uwhyv4MADva6GYw_illYuSBwwbqx342u6zDe~di2OLDv1~m5WOSA--.jpg\"><\/picture>\t\t\t<\/figure>\n\t<div class=\"h-100 d-flex flex-column\">\n\t\t<span class=\"d-block card-area\">\n\t\t\tBalcones del Lago\t\t<\/span>\n\t\t\n\n\t\t\t<div class=\"card-price d-flex flex-column\">\n\t\t<strong class=\"me-1\">Desde <span data-original-price=\"72\">72\u00a0\u20ac<\/span><span data-period> por dia <\/span><\/strong>\t\t<\/div>\n\t\n\t\t<ul class=\"card-features list-unstyled d-flex flex-wrap align-items-center mb-0\">\n\t\t\t\t\t\t\t<li class=\"d-flex align-items-center me-3\">\n\t\t\t\t\t2 dormitorios\t\t\t\t<\/li>\n\t\t\t\t\t\t\t<li class=\"d-flex align-items-center me-3\">\n\t\t\t\t\t2 ba\u00f1os\t\t\t\t<\/li>\n\t\t\t\t\t\t\t<li class=\"d-flex align-items-center me-3\">\n\t\t\t\t\t155 m&sup2; construido\t\t\t\t<\/li>\n\t\t\t\t\t<\/ul>\n\t\t<h4 class=\"card-title mb-0\">\n\t\t\t<a class=\"stretched-link\" href=\"\/alquiler\/balcones-del-lago\/aticos\/44\">Casa adosada d\u00faplex de 2 dormitorios con vistas al mar y jacuzzi en Ist\u00e1n, Costa del Sol<\/a>\n\t\t<\/h4>\n\t\t\t<\/div>\n<\/article>\t\t\t\t\t\t<article class=\"f-carousel__slide card col position-relative flex-column\">\n\t<figure class=\"position-relative w-100 mb-2\">\n\t\t<a class=\"card-portfolio position-absolute\" data-pfl-id=\"262030\" data-pfl-filter=\"rent-short\" href=\"#\">\n\t\t\t<svg width=\"20\" fill=\"currentColor\" viewBox=\"0 0 512 512\">\n\t\t\t\t<use href=\"https:\/\/www.homewatch.es\/wp-content\/themes\/inmobasolidbase\/dist\/src\/images\/icons.svg#svgPortfolio\"\/>\n\t\t\t<\/svg>\n\t\t\t<svg class=\"d-none\" width=\"20\" fill=\"currentColor\" viewBox=\"0 0 512 512\">\n\t\t\t\t<use href=\"https:\/\/www.homewatch.es\/wp-content\/themes\/inmobasolidbase\/dist\/src\/images\/icons.svg#svgPortfolioIn\"\/>\n\t\t\t<\/svg>\n\t\t<\/a>\n\t\t<picture class=\"ratio ratio-4x3\"><source width=\"1920\" height=\"1080\" srcset=\"https:\/\/media.inmobalia.com\/imgV1\/B8vEv5Xh_VThvnEqMx4G0YtA8lAADdw1sBC5uN5pSX6~ImMWYg0nYa_EPSP~fBpYtvgHs5QKecPwE1~j5DU_pylbu6cBdu0PgVunDxnkMoeY79Gll7Nv5AHhYwCGots7LBBU~NEbsFLPNjNTM6wZ~9EjSPXbyU9uYoDPBf9xDr6PhHKmGEwVYBJUVyKiGq0roKA-.jpg 1920w,https:\/\/media.inmobalia.com\/imgV1\/B8vEv5Xh_Vjzl4qKP9bJW21eHCmW9PWrQV6IDk9EjA79dASSMmDBrXf04FgH6wp0ylU42MWPePEey7rkY1j3kMIGs3YrRSP6UhHPWG1enKzuplcdy8f~NYm7bTbKkeM5cMmAtjV07NIqX7MdJt5q9j_w0wKUeJB4dgXtFXbb8pGaK9t~2KjQcyhlJFgDh_xmkA--.jpg 1580w,https:\/\/media.inmobalia.com\/imgV1\/B8vEv5Xh~9eLgpFkvD55S4O4_vRpfi7Zj~8WTFZMGThfizi~_Y~NgoiVzdN9MsuXYCpgHq7NOfhSSsV~~CvXOR8biNDSQCuIy3z~JafSwduxBEndespnQYPOGloQON5dAF01tB4NjxrT9DtMGjm_P56nHk7FzDg6FL044dGLUs6f9qfWeXGtPHw7MpDtTWz3.jpg 774w\" type=\"image\/webp\"><img loading=\"lazy\" decoding=\"async\" class=\"image-fit\" alt=\"Villa d\u00faplex de lujo con 6 dormitorios, piscina climatizada privada y vistas al mar en Andasol, Marbella Este\" width=\"1920\" height=\"1080\" src=\"https:\/\/media.inmobalia.com\/imgV1\/B8vEv5Xh_VThvnEqMx4G0ZxU~~H0Ar_8Bn_AfAx~4dnt796zQ9QIPwzdr9PkzIdRpbeOYktBAPFfTt23HPhndt5b7cRr2vg76pmKvptCGz419CbCbYVQuFqK9xR9B9gWzo30toUmLfhWO_Rve18~hdZdGgGbOHEsvbkHvHpCpJ4wPQ--.jpg\"><\/picture>\t\t\t<\/figure>\n\t<div class=\"h-100 d-flex flex-column\">\n\t\t<span class=\"d-block card-area\">\n\t\t\tMarbella Este\t\t<\/span>\n\t\t\n\n\t\t\t<div class=\"card-price d-flex flex-column\">\n\t\t<strong class=\"me-1\">Desde <span data-original-price=\"500\">500\u00a0\u20ac<\/span><span data-period> por dia <\/span><\/strong><strong class=\"me-1\"><span data-original-price=\"7000\">7.000\u00a0\u20ac<\/span><span data-period> montly rental (November-March)<\/span><\/strong>\t\t<\/div>\n\t\n\t\t<ul class=\"card-features list-unstyled d-flex flex-wrap align-items-center mb-0\">\n\t\t\t\t\t\t\t<li class=\"d-flex align-items-center me-3\">\n\t\t\t\t\t6 dormitorios\t\t\t\t<\/li>\n\t\t\t\t\t\t\t<li class=\"d-flex align-items-center me-3\">\n\t\t\t\t\t6 ba\u00f1os\t\t\t\t<\/li>\n\t\t\t\t\t\t\t<li class=\"d-flex align-items-center me-3\">\n\t\t\t\t\t450 m&sup2; construido\t\t\t\t<\/li>\n\t\t\t\t\t\t\t<li class=\"d-flex align-items-center me-3\">\n\t\t\t\t\t1000 m&sup2; parcela\t\t\t\t<\/li>\n\t\t\t\t\t<\/ul>\n\t\t<h4 class=\"card-title mb-0\">\n\t\t\t<a class=\"stretched-link\" href=\"\/alquiler\/costabella\/villas-y-chalets\/61\">Villa d\u00faplex de lujo con 6 dormitorios, piscina climatizada privada y vistas al mar en Andasol, Marbella Este<\/a>\n\t\t<\/h4>\n\t\t\t<\/div>\n<\/article>\t\t\t\t\t\t\t\t\t\t\t<\/div>\n\t\t\t\t\t\t\t\t\t\t\t<a class=\"btn btn-inm mt-2 mt-lg-5\" href=\"https:\/\/www.homewatch.es\/alquiler\/\">\u00a1Alquila ya!<\/a>\n\t\t\t\t\t\t\t\t\t<\/div>\n\t\t\t<\/section>\n\t\t\n\n\t\t\t<section class=\"selection-wrapper mt-5 mt-lg-7 mt-xxl-10 wp-block-acf-propertyselection\">\n\t\t\t\t<div class=\"container-fluid max-width d-flex flex-column align-items-start align-items-lg-center\">\n\t\t\t\t\t<div class=\"col-xl-6 mb-4 mb-lg-5\">\n\t\t\t\t\t\t\t\t\t\t\t\t\t<h2 class=\"h1 text-md-center mb-4\"><span class=\"ez-toc-section\" id=\"Propiedades_en_venta_en_la_Costa_del_Sol_Todas_las_propiedades_en_venta_Costa_del_Sol\"><\/span>\n\t\t\t\t\t\t\t\t\t\t\t\t\t\t\t\t\t<span class=\"htitle\">Propiedades en venta en la Costa del Sol<\/span>\n\t\t\t\t\t\t\t\t\t\t\t\t\t\t\t\tTodas las propiedades en venta \/ Costa del Sol\t\t\t\t\t\t\t<span class=\"ez-toc-section-end\"><\/span><\/h2>\n\t\t\t\t\t\t\t\t\t\t\t\t<p class=\"text-md-center mb-0 mx-auto\">Encontradas 36 propiedades en venta en la Costa del Sol<\/p>\n\t\t\t\t\t<\/div>\n\t\t\t\t\t<div id=\"cardsFancyCarousel\" class=\"offcanvas-carousel w-100 four-items\">\n\t\t\t\t\t\t<article class=\"f-carousel__slide card col position-relative flex-column\">\n\t<figure class=\"position-relative w-100 mb-2\">\n\t\t<a class=\"card-portfolio position-absolute\" data-pfl-id=\"686573\" data-pfl-filter=\"sale\" href=\"#\">\n\t\t\t<svg width=\"20\" fill=\"currentColor\" viewBox=\"0 0 512 512\">\n\t\t\t\t<use href=\"https:\/\/www.homewatch.es\/wp-content\/themes\/inmobasolidbase\/dist\/src\/images\/icons.svg#svgPortfolio\"\/>\n\t\t\t<\/svg>\n\t\t\t<svg class=\"d-none\" width=\"20\" fill=\"currentColor\" viewBox=\"0 0 512 512\">\n\t\t\t\t<use href=\"https:\/\/www.homewatch.es\/wp-content\/themes\/inmobasolidbase\/dist\/src\/images\/icons.svg#svgPortfolioIn\"\/>\n\t\t\t<\/svg>\n\t\t<\/a>\n\t\t<picture class=\"ratio ratio-4x3\"><source width=\"1200\" height=\"675\" srcset=\"https:\/\/media.inmobalia.com\/imgV1\/B8vEv5Xh_V8qnoSVk7qSFqTF0IzVRRA8CyHfYqz7g6KcTAfPL7sV7GC77J1A~r1lroa84n0sHf~T0C8yK2phPLP5TcJCWe_smz9HMKAViul8S4X0eVk8DGrTR67M_VBen1CKFg7ris_KPxQms_hrNP0dD9hd_agui9KGCdtZN7n_TpLH76~HfV9XpeQBTBY-.jpg 1200w,https:\/\/media.inmobalia.com\/imgV1\/B8vEv5Xh_V8qnoSVk7lzWYOK4ddJYMQONEMpHDBLdBNbXMygBHW86n2cwMIHM5bIfbq4MPlGB66hOI7zKIU2Tp4hBFoOd5y8_onF9k5NzaKnzNvqz~JMdLVe7IiziFAhpfBu_DChkMD5NPEyq0UWdldJQDtxGCiTf~9K8YBsLE~XM7B1x2oE5XzdKXFxn3Y-.jpg 1200w,https:\/\/media.inmobalia.com\/imgV1\/B8vEv5Xh~9eLgpFkvD55S4O4_vRpfi7Zj~8WTFZMGThfizi~_Y~NgoiVzdN9MsuXYCpgHq7NOfhSSsV~~CvXOR8biNDSQCuIy3z~JafSwduxBEndespnQYPOGloQON4~nZQtt7wWME2tYF5Wjj9u258LqMgc0PthRhy0y9Icgfjc8lq_UqdqJN14xSyF9A--.jpg 774w\" type=\"image\/webp\"><img loading=\"lazy\" decoding=\"async\" class=\"image-fit\" alt=\"Espectacular villa contempor\u00e1nea en Nueva Andaluc\u00eda con piscina en azotea, vistas panor\u00e1micas al mar y acabados de lujo.\" width=\"1200\" height=\"675\" src=\"https:\/\/media.inmobalia.com\/imgV1\/B8vEv5Xh_V8qnoSVk7qSASjn74Cba02xOISAE9lNaqraa5CpOMK9Nt2JTrsYUiL2RjMMKGoLqNGD1J0sjvO5HdNAAyfvs0isScKXuAfksxipX7aXB9T_1~c3SH9VQNUNX8vkhwaSeCHmzn~h~PC5L1uRcRImU8mf4FNbH_Tubw--.jpg\"><\/picture>\t\t\t<\/figure>\n\t<div class=\"h-100 d-flex flex-column\">\n\t\t<span class=\"d-block card-area\">\n\t\t\tBenahavis\t\t<\/span>\n\t\t\n<div class=\"card-price d-flex flex-column\">\n\t\t\t\t\t\t\t\t<strong class=\"card-price\"><span data-original-price=\"5650000\">5.650.000\u00a0\u20ac<\/span><\/strong>\n\t\t\t\t\t\t\n\t\t\t\n\t\t\t\t<\/div>\n\t\t<ul class=\"card-features list-unstyled d-flex flex-wrap align-items-center mb-0\">\n\t\t\t\t\t\t\t<li class=\"d-flex align-items-center me-3\">\n\t\t\t\t\t4 dormitorios\t\t\t\t<\/li>\n\t\t\t\t\t\t\t<li class=\"d-flex align-items-center me-3\">\n\t\t\t\t\t4 ba\u00f1os\t\t\t\t<\/li>\n\t\t\t\t\t\t\t<li class=\"d-flex align-items-center me-3\">\n\t\t\t\t\t607 m&sup2; construido\t\t\t\t<\/li>\n\t\t\t\t\t\t\t<li class=\"d-flex align-items-center me-3\">\n\t\t\t\t\t330 m&sup2; parcela\t\t\t\t<\/li>\n\t\t\t\t\t<\/ul>\n\t\t<h4 class=\"card-title mb-0\">\n\t\t\t<a class=\"stretched-link\" href=\"\/venta\/benahavis\/casas-de-campo-y-fincas\/258\">Espectacular villa contempor\u00e1nea en Nueva Andaluc\u00eda con piscina en azotea, vistas panor\u00e1micas al mar y acabados de lujo.<\/a>\n\t\t<\/h4>\n\t\t\t<\/div>\n<\/article>\t\t\t\t\t\t<article class=\"f-carousel__slide card col position-relative flex-column\">\n\t<figure class=\"position-relative w-100 mb-2\">\n\t\t<a class=\"card-portfolio position-absolute\" data-pfl-id=\"686569\" data-pfl-filter=\"sale\" href=\"#\">\n\t\t\t<svg width=\"20\" fill=\"currentColor\" viewBox=\"0 0 512 512\">\n\t\t\t\t<use href=\"https:\/\/www.homewatch.es\/wp-content\/themes\/inmobasolidbase\/dist\/src\/images\/icons.svg#svgPortfolio\"\/>\n\t\t\t<\/svg>\n\t\t\t<svg class=\"d-none\" width=\"20\" fill=\"currentColor\" viewBox=\"0 0 512 512\">\n\t\t\t\t<use href=\"https:\/\/www.homewatch.es\/wp-content\/themes\/inmobasolidbase\/dist\/src\/images\/icons.svg#svgPortfolioIn\"\/>\n\t\t\t<\/svg>\n\t\t<\/a>\n\t\t<picture class=\"ratio ratio-4x3\"><source width=\"1200\" height=\"675\" srcset=\"https:\/\/media.inmobalia.com\/imgV1\/B8vEv5Xh_V8qnoSVk7qSFqTF0IzVRRA8CyHfYqz7g6KcTAfPL7sV7GC77J1A~r1lroa84n0sHf~T0C8yK2phPLP5TcJCWe_smz9HMKAViul8S4X0eVk8DGrTR67M_VBen1CKFg8UAnDNyHWy3g2zKp~mKkezbMwzwLTuowm7XIiKNh7VlVZWjGPyEpdOnXA-.jpg 1200w,https:\/\/media.inmobalia.com\/imgV1\/B8vEv5Xh_V8qnoSVk7lzWYOK4ddJYMQONEMpHDBLdBNbXMygBHW86n2cwMIHM5bIfbq4MPlGB66hOI7zKIU2Tp4hBFoOd5y8_onF9k5NzaKnzNvqz~JMdLVe7IiziFAhpfBu_DHVhMF_EC~das8pHxH7uvICQu0xX~aPrvXehAhd_nhukK5hc0uPutI2HWM-.jpg 1200w,https:\/\/media.inmobalia.com\/imgV1\/B8vEv5Xh~9eLgpFkvD55S4O4_vRpfi7Zj~8WTFZMGThfizi~_Y~NgoiVzdN9MsuXYCpgHq7NOfhSSsV~~CvXOR8biNDSQCuIy3z~JafSwduxBEndespnQYPOGloQON4~nZQtthhxjj4_NRmeOfeyb8OVvLN~PXH3qupZf4z7rJ5sb8VJ1Uxr10AkCW1DNw--.jpg 774w\" type=\"image\/webp\"><img loading=\"lazy\" decoding=\"async\" class=\"image-fit\" alt=\"Espectacular villa de 4 dormitorios en La Merced con vistas panor\u00e1micas al mar, amplio jard\u00edn de 3.350m\u00b2 y ubicaci\u00f3n prime en Marbella.\" width=\"1200\" height=\"675\" src=\"https:\/\/media.inmobalia.com\/imgV1\/B8vEv5Xh_V8qnoSVk7qSASjn74Cba02xOISAE9lNaqraa5CpOMK9Nt2JTrsYUiL2RjMMKGoLqNGD1J0sjvO5HdNAAyfvs0isScKXuAfksxipX7aXBmefPVosN~1q5mxjlZsz5ho5T5jpNTA2qcrXYZ7Pu63lGMlmQfVy73OSqQ--.jpg\"><\/picture>\t\t\t<\/figure>\n\t<div class=\"h-100 d-flex flex-column\">\n\t\t<span class=\"d-block card-area\">\n\t\t\tBenahavis\t\t<\/span>\n\t\t\n<div class=\"card-price d-flex flex-column\">\n\t\t\t\t\t\t\t\t<strong class=\"card-price\"><span data-original-price=\"3900000\">3.900.000\u00a0\u20ac<\/span><\/strong>\n\t\t\t\t\t\t\n\t\t\t\n\t\t\t\t<\/div>\n\t\t<ul class=\"card-features list-unstyled d-flex flex-wrap align-items-center mb-0\">\n\t\t\t\t\t\t\t<li class=\"d-flex align-items-center me-3\">\n\t\t\t\t\t4 dormitorios\t\t\t\t<\/li>\n\t\t\t\t\t\t\t<li class=\"d-flex align-items-center me-3\">\n\t\t\t\t\t4 ba\u00f1os\t\t\t\t<\/li>\n\t\t\t\t\t\t\t<li class=\"d-flex align-items-center me-3\">\n\t\t\t\t\t431 m&sup2; construido\t\t\t\t<\/li>\n\t\t\t\t\t\t\t<li class=\"d-flex align-items-center me-3\">\n\t\t\t\t\t3350 m&sup2; parcela\t\t\t\t<\/li>\n\t\t\t\t\t<\/ul>\n\t\t<h4 class=\"card-title mb-0\">\n\t\t\t<a class=\"stretched-link\" href=\"\/venta\/benahavis\/casas-de-campo-y-fincas\/283\">Espectacular villa de 4 dormitorios en La Merced con vistas panor\u00e1micas al mar, amplio jard\u00edn de 3.350m\u00b2 y ubicaci\u00f3n prime en Marbella.<\/a>\n\t\t<\/h4>\n\t\t\t<\/div>\n<\/article>\t\t\t\t\t\t<article class=\"f-carousel__slide card col position-relative flex-column\">\n\t<figure class=\"position-relative w-100 mb-2\">\n\t\t<a class=\"card-portfolio position-absolute\" data-pfl-id=\"686568\" data-pfl-filter=\"sale\" href=\"#\">\n\t\t\t<svg width=\"20\" fill=\"currentColor\" viewBox=\"0 0 512 512\">\n\t\t\t\t<use href=\"https:\/\/www.homewatch.es\/wp-content\/themes\/inmobasolidbase\/dist\/src\/images\/icons.svg#svgPortfolio\"\/>\n\t\t\t<\/svg>\n\t\t\t<svg class=\"d-none\" width=\"20\" fill=\"currentColor\" viewBox=\"0 0 512 512\">\n\t\t\t\t<use href=\"https:\/\/www.homewatch.es\/wp-content\/themes\/inmobasolidbase\/dist\/src\/images\/icons.svg#svgPortfolioIn\"\/>\n\t\t\t<\/svg>\n\t\t<\/a>\n\t\t<picture class=\"ratio ratio-4x3\"><source width=\"1200\" height=\"675\" srcset=\"https:\/\/media.inmobalia.com\/imgV1\/B8vEv5Xh_V8qnoSVk7qSFqTF0IzVRRA8CyHfYqz7g6KcTAfPL7sV7GC77J1A~r1lroa84n0sHf~T0C8yK2phPLP5TcJCWe_smz9HMKAViul8S4X0eVk8DGrTR67M_VBen1CKFgjsX06XQbRzR0cyt526nxG82xJj2KnL7y75SeVbnDHMG3aoQYC37UF2zYI-.jpg 1200w,https:\/\/media.inmobalia.com\/imgV1\/B8vEv5Xh_V8qnoSVk7lzWYOK4ddJYMQONEMpHDBLdBNbXMygBHW86n2cwMIHM5bIfbq4MPlGB66hOI7zKIU2Tp4hBFoOd5y8_onF9k5NzaKnzNvqz~JMdLVe7IiziFAhpfBu_DbQ8z_epxWiTJBHh8aepYOqPp7kN8fdjKwBXXqyWLiaxwXv3OwmcYXBCjo-.jpg 1200w,https:\/\/media.inmobalia.com\/imgV1\/B8vEv5Xh~9eLgpFkvD55S4O4_vRpfi7Zj~8WTFZMGThfizi~_Y~NgoiVzdN9MsuXYCpgHq7NOfhSSsV~~CvXOR8biNDSQCuIy3z~JafSwduxBEndespnQYPOGloQON4~nZQtsXlbbLUC8r1dsus1M4entLrZWi4C9hJojdtHHyamJtVLsJYMBWrzWMT7cQ--.jpg 774w\" type=\"image\/webp\"><img loading=\"lazy\" decoding=\"async\" class=\"image-fit\" alt=\"Exquisita villa mediterr\u00e1nea en la exclusiva zona de El Higueral con jardines maduros y piscina privada a minutos del centro de Marbella.\" width=\"1200\" height=\"675\" src=\"https:\/\/media.inmobalia.com\/imgV1\/B8vEv5Xh_V8qnoSVk7qSASjn74Cba02xOISAE9lNaqraa5CpOMK9Nt2JTrsYUiL2RjMMKGoLqNGD1J0sjvO5HdNAAyfvs0isScKXuAfksxipX7aXAaj6odmJ~PL3WjBqeV~roEgmwB~4LSJOZuoN~CuXbMGBQz~lqyyetV06WA--.jpg\"><\/picture>\t\t\t<\/figure>\n\t<div class=\"h-100 d-flex flex-column\">\n\t\t<span class=\"d-block card-area\">\n\t\t\tBenahavis\t\t<\/span>\n\t\t\n<div class=\"card-price d-flex flex-column\">\n\t\t\t\t\t\t\t\t<strong class=\"card-price\"><span data-original-price=\"2490000\">2.490.000\u00a0\u20ac<\/span><\/strong>\n\t\t\t\t\t\t\n\t\t\t\n\t\t\t\t<\/div>\n\t\t<ul class=\"card-features list-unstyled d-flex flex-wrap align-items-center mb-0\">\n\t\t\t\t\t\t\t<li class=\"d-flex align-items-center me-3\">\n\t\t\t\t\t4 dormitorios\t\t\t\t<\/li>\n\t\t\t\t\t\t\t<li class=\"d-flex align-items-center me-3\">\n\t\t\t\t\t4 ba\u00f1os\t\t\t\t<\/li>\n\t\t\t\t\t\t\t<li class=\"d-flex align-items-center me-3\">\n\t\t\t\t\t330 m&sup2; construido\t\t\t\t<\/li>\n\t\t\t\t\t\t\t<li class=\"d-flex align-items-center me-3\">\n\t\t\t\t\t849 m&sup2; parcela\t\t\t\t<\/li>\n\t\t\t\t\t<\/ul>\n\t\t<h4 class=\"card-title mb-0\">\n\t\t\t<a class=\"stretched-link\" href=\"\/venta\/benahavis\/casas-de-campo-y-fincas\/282\">Exquisita villa mediterr\u00e1nea en la exclusiva zona de El Higueral con jardines maduros y piscina privada a minutos del centro de Marbella.<\/a>\n\t\t<\/h4>\n\t\t\t<\/div>\n<\/article>\t\t\t\t\t\t<article class=\"f-carousel__slide card col position-relative flex-column\">\n\t<figure class=\"position-relative w-100 mb-2\">\n\t\t<a class=\"card-portfolio position-absolute\" data-pfl-id=\"686567\" data-pfl-filter=\"sale\" href=\"#\">\n\t\t\t<svg width=\"20\" fill=\"currentColor\" viewBox=\"0 0 512 512\">\n\t\t\t\t<use href=\"https:\/\/www.homewatch.es\/wp-content\/themes\/inmobasolidbase\/dist\/src\/images\/icons.svg#svgPortfolio\"\/>\n\t\t\t<\/svg>\n\t\t\t<svg class=\"d-none\" width=\"20\" fill=\"currentColor\" viewBox=\"0 0 512 512\">\n\t\t\t\t<use href=\"https:\/\/www.homewatch.es\/wp-content\/themes\/inmobasolidbase\/dist\/src\/images\/icons.svg#svgPortfolioIn\"\/>\n\t\t\t<\/svg>\n\t\t<\/a>\n\t\t<picture class=\"ratio ratio-4x3\"><source width=\"1200\" height=\"675\" srcset=\"https:\/\/media.inmobalia.com\/imgV1\/B8vEv5Xh_V8qnoSVk7qSFqTF0IzVRRA8CyHfYqz7g6KcTAfPL7sV7GC77J1A~r1lroa84n0sHf~T0C8yK2phPLP5TcJCWe_smz9HMKAViul8S4X0eVk8DGrTR67M_VBen1CKFglEwVmmYukyAXNJa3rE5JcxfmhJ5QAcv34b_mSz1rlV1d6ebVlvwxHyfjM-.jpg 1200w,https:\/\/media.inmobalia.com\/imgV1\/B8vEv5Xh_V8qnoSVk7lzWYOK4ddJYMQONEMpHDBLdBNbXMygBHW86n2cwMIHM5bIfbq4MPlGB66hOI7zKIU2Tp4hBFoOd5y8_onF9k5NzaKnzNvqz~JMdLVe7IiziFAhpfBu_DdolgUQa_IWVJsfSahttHJhvj5yT785HMgF4u6qeK35l0LEae6cDKAAnMQ-.jpg 1200w,https:\/\/media.inmobalia.com\/imgV1\/B8vEv5Xh~9eLgpFkvD55S4O4_vRpfi7Zj~8WTFZMGThfizi~_Y~NgoiVzdN9MsuXYCpgHq7NOfhSSsV~~CvXOR8biNDSQCuIy3z~JafSwduxBEndespnQYPOGloQON4~nZQtsLWW8CYresbVUdAgKqNahQAb0k0js0ow_gsc3st7i6Hum7d6Xl_9lvggqg--.jpg 774w\" type=\"image\/webp\"><img loading=\"lazy\" decoding=\"async\" class=\"image-fit\" alt=\"Villa en primera l\u00ednea de golf en el Valle del Golf de Nueva Andaluc\u00eda con dise\u00f1o contempor\u00e1neo y vistas a Los Naranjos.\" width=\"1200\" height=\"675\" src=\"https:\/\/media.inmobalia.com\/imgV1\/B8vEv5Xh_V8qnoSVk7qSASjn74Cba02xOISAE9lNaqraa5CpOMK9Nt2JTrsYUiL2RjMMKGoLqNGD1J0sjvO5HdNAAyfvs0isScKXuAfksxipX7aXAJUVQwau2gNadVXMGwZ8CtjYcq15JqTGoPBbZ91B344ThRl8M9h1AlZjPA--.jpg\"><\/picture>\t\t\t<\/figure>\n\t<div class=\"h-100 d-flex flex-column\">\n\t\t<span class=\"d-block card-area\">\n\t\t\tBenahavis\t\t<\/span>\n\t\t\n<div class=\"card-price d-flex flex-column\">\n\t\t\t\t\t\t\t\t<strong class=\"card-price\"><span data-original-price=\"4500000\">4.500.000\u00a0\u20ac<\/span><\/strong>\n\t\t\t\t\t\t\n\t\t\t\n\t\t\t\t<\/div>\n\t\t<ul class=\"card-features list-unstyled d-flex flex-wrap align-items-center mb-0\">\n\t\t\t\t\t\t\t<li class=\"d-flex align-items-center me-3\">\n\t\t\t\t\t6 dormitorios\t\t\t\t<\/li>\n\t\t\t\t\t\t\t<li class=\"d-flex align-items-center me-3\">\n\t\t\t\t\t6 ba\u00f1os\t\t\t\t<\/li>\n\t\t\t\t\t\t\t<li class=\"d-flex align-items-center me-3\">\n\t\t\t\t\t733 m&sup2; construido\t\t\t\t<\/li>\n\t\t\t\t\t\t\t<li class=\"d-flex align-items-center me-3\">\n\t\t\t\t\t1253 m&sup2; parcela\t\t\t\t<\/li>\n\t\t\t\t\t<\/ul>\n\t\t<h4 class=\"card-title mb-0\">\n\t\t\t<a class=\"stretched-link\" href=\"\/venta\/benahavis\/casas-de-campo-y-fincas\/281\">Villa en primera l\u00ednea de golf en el Valle del Golf de Nueva Andaluc\u00eda con dise\u00f1o contempor\u00e1neo y vistas a Los Naranjos.<\/a>\n\t\t<\/h4>\n\t\t\t<\/div>\n<\/article>\t\t\t\t\t\t<article class=\"f-carousel__slide card col position-relative flex-column\">\n\t<figure class=\"position-relative w-100 mb-2\">\n\t\t<a class=\"card-portfolio position-absolute\" data-pfl-id=\"686566\" data-pfl-filter=\"sale\" href=\"#\">\n\t\t\t<svg width=\"20\" fill=\"currentColor\" viewBox=\"0 0 512 512\">\n\t\t\t\t<use href=\"https:\/\/www.homewatch.es\/wp-content\/themes\/inmobasolidbase\/dist\/src\/images\/icons.svg#svgPortfolio\"\/>\n\t\t\t<\/svg>\n\t\t\t<svg class=\"d-none\" width=\"20\" fill=\"currentColor\" viewBox=\"0 0 512 512\">\n\t\t\t\t<use href=\"https:\/\/www.homewatch.es\/wp-content\/themes\/inmobasolidbase\/dist\/src\/images\/icons.svg#svgPortfolioIn\"\/>\n\t\t\t<\/svg>\n\t\t<\/a>\n\t\t<picture class=\"ratio ratio-4x3\"><source width=\"1200\" height=\"675\" srcset=\"https:\/\/media.inmobalia.com\/imgV1\/B8vEv5Xh_V8qnoSVk7qSFqTF0IzVRRA8CyHfYqz7g6KcTAfPL7sV7GC77J1A~r1lroa84n0sHf~T0C8yK2phPLP5TcJCWe_smz9HMKAViul8S4X0eVk8DGrTR67M_VBen1CKFgrZIhPtvXkXrareVokdZFadTW2cH2lPx3fJimnUFnIf4McwkbO7zAGJUWU-.jpg 1200w,https:\/\/media.inmobalia.com\/imgV1\/B8vEv5Xh_V8qnoSVk7lzWYOK4ddJYMQONEMpHDBLdBNbXMygBHW86n2cwMIHM5bIfbq4MPlGB66hOI7zKIU2Tp4hBFoOd5y8_onF9k5NzaKnzNvqz~JMdLVe7IiziFAhpfBu_DTwalKvwLk7ESpKTI9zZamp4gThdUzfs8tYMf_Yc6ODr_xpMbFnj3tFcns-.jpg 1200w,https:\/\/media.inmobalia.com\/imgV1\/B8vEv5Xh~9eLgpFkvD55S4O4_vRpfi7Zj~8WTFZMGThfizi~_Y~NgoiVzdN9MsuXYCpgHq7NOfhSSsV~~CvXOR8biNDSQCuIy3z~JafSwduxBEndespnQYPOGloQON4~nZQts83O5n9f5mXQd4t28FNueYfSf3WfhSTw3gMbFWE5bUh_1xKiQ2y3Tv36~g--.jpg 774w\" type=\"image\/webp\"><img loading=\"lazy\" decoding=\"async\" class=\"image-fit\" alt=\"Espectacular villa contempor\u00e1nea en Nueva Andaluc\u00eda con piscina en azotea y cine al aire libre con vistas al mar\" width=\"1200\" height=\"675\" src=\"https:\/\/media.inmobalia.com\/imgV1\/B8vEv5Xh_V8qnoSVk7qSASjn74Cba02xOISAE9lNaqraa5CpOMK9Nt2JTrsYUiL2RjMMKGoLqNGD1J0sjvO5HdNAAyfvs0isScKXuAfksxipX7aXAxXoePTmnRcrrJ15PJUATiT7nOy3f7MfhGBuShxKDIuwVPxzgUUkKoazlQ--.jpg\"><\/picture>\t\t\t<\/figure>\n\t<div class=\"h-100 d-flex flex-column\">\n\t\t<span class=\"d-block card-area\">\n\t\t\tBenahavis\t\t<\/span>\n\t\t\n<div class=\"card-price d-flex flex-column\">\n\t\t\t\t\t\t\t\t<strong class=\"card-price\"><span data-original-price=\"5650000\">5.650.000\u00a0\u20ac<\/span><\/strong>\n\t\t\t\t\t\t\n\t\t\t\n\t\t\t\t<\/div>\n\t\t<ul class=\"card-features list-unstyled d-flex flex-wrap align-items-center mb-0\">\n\t\t\t\t\t\t\t<li class=\"d-flex align-items-center me-3\">\n\t\t\t\t\t4 dormitorios\t\t\t\t<\/li>\n\t\t\t\t\t\t\t<li class=\"d-flex align-items-center me-3\">\n\t\t\t\t\t4 ba\u00f1os\t\t\t\t<\/li>\n\t\t\t\t\t\t\t<li class=\"d-flex align-items-center me-3\">\n\t\t\t\t\t600 m&sup2; construido\t\t\t\t<\/li>\n\t\t\t\t\t\t\t<li class=\"d-flex align-items-center me-3\">\n\t\t\t\t\t330 m&sup2; parcela\t\t\t\t<\/li>\n\t\t\t\t\t<\/ul>\n\t\t<h4 class=\"card-title mb-0\">\n\t\t\t<a class=\"stretched-link\" href=\"\/venta\/benahavis\/casas-de-campo-y-fincas\/257\">Espectacular villa contempor\u00e1nea en Nueva Andaluc\u00eda con piscina en azotea y cine al aire libre con vistas al mar<\/a>\n\t\t<\/h4>\n\t\t\t<\/div>\n<\/article>\t\t\t\t\t\t<article class=\"f-carousel__slide card col position-relative flex-column\">\n\t<figure class=\"position-relative w-100 mb-2\">\n\t\t<a class=\"card-portfolio position-absolute\" data-pfl-id=\"686565\" data-pfl-filter=\"sale\" href=\"#\">\n\t\t\t<svg width=\"20\" fill=\"currentColor\" viewBox=\"0 0 512 512\">\n\t\t\t\t<use href=\"https:\/\/www.homewatch.es\/wp-content\/themes\/inmobasolidbase\/dist\/src\/images\/icons.svg#svgPortfolio\"\/>\n\t\t\t<\/svg>\n\t\t\t<svg class=\"d-none\" width=\"20\" fill=\"currentColor\" viewBox=\"0 0 512 512\">\n\t\t\t\t<use href=\"https:\/\/www.homewatch.es\/wp-content\/themes\/inmobasolidbase\/dist\/src\/images\/icons.svg#svgPortfolioIn\"\/>\n\t\t\t<\/svg>\n\t\t<\/a>\n\t\t<picture class=\"ratio ratio-4x3\"><source width=\"1200\" height=\"675\" srcset=\"https:\/\/media.inmobalia.com\/imgV1\/B8vEv5Xh_V8qnoSVk7qSFqTF0IzVRRA8CyHfYqz7g6KcTAfPL7sV7GC77J1A~r1lroa84n0sHf~T0C8yK2phPLP5TcJCWe_smz9HMKAViul8S4X0eVk8DGrTR67M_VBen1CKFgsO4SzPUIsek_JwBfS1yhtcgYXwZabzTP8rhmZ~jSEF2leujHF0U91R75c-.jpg 1200w,https:\/\/media.inmobalia.com\/imgV1\/B8vEv5Xh_V8qnoSVk7lzWYOK4ddJYMQONEMpHDBLdBNbXMygBHW86n2cwMIHM5bIfbq4MPlGB66hOI7zKIU2Tp4hBFoOd5y8_onF9k5NzaKnzNvqz~JMdLVe7IiziFAhpfBu_DU4fZZD7XMW6ePG5ET6bbvWYeH89Vx0E3pbPE0V2ueA~osfMScCs2B0su8-.jpg 1200w,https:\/\/media.inmobalia.com\/imgV1\/B8vEv5Xh~9eLgpFkvD55S4O4_vRpfi7Zj~8WTFZMGThfizi~_Y~NgoiVzdN9MsuXYCpgHq7NOfhSSsV~~CvXOR8biNDSQCuIy3z~JafSwduxBEndespnQYPOGloQON4~nZQtsvkR32y2k9_TygnGPuI8i9h2QgXkxIrXC0OcMmj5ds6YULVTKyiQifDNEA--.jpg 774w\" type=\"image\/webp\"><img loading=\"lazy\" decoding=\"async\" class=\"image-fit\" alt=\"Exquisito apartamento de 1 dormitorio en Lomas del Marbella Club Pueblo con encanto andaluz en la prestigiosa Milla de Oro.\" width=\"1200\" height=\"675\" src=\"https:\/\/media.inmobalia.com\/imgV1\/B8vEv5Xh_V8qnoSVk7qSASjn74Cba02xOISAE9lNaqraa5CpOMK9Nt2JTrsYUiL2RjMMKGoLqNGD1J0sjvO5HdNAAyfvs0isScKXuAfksxipX7aXAqRX6NYsxm6PAZO9Hhp5c8NNkleyns6kDPrYodQwk~p0ZMVBNR3Ey_QctA--.jpg\"><\/picture>\t\t\t<\/figure>\n\t<div class=\"h-100 d-flex flex-column\">\n\t\t<span class=\"d-block card-area\">\n\t\t\tBenahavis\t\t<\/span>\n\t\t\n<div class=\"card-price d-flex flex-column\">\n\t\t\t\t\t\t\t\t<strong class=\"card-price\"><span data-original-price=\"735000\">735.000\u00a0\u20ac<\/span><\/strong>\n\t\t\t\t\t\t\n\t\t\t\n\t\t\t\t<\/div>\n\t\t<ul class=\"card-features list-unstyled d-flex flex-wrap align-items-center mb-0\">\n\t\t\t\t\t\t\t<li class=\"d-flex align-items-center me-3\">\n\t\t\t\t\t1 dormitorio\t\t\t\t<\/li>\n\t\t\t\t\t\t\t<li class=\"d-flex align-items-center me-3\">\n\t\t\t\t\t1 ba\u00f1o\t\t\t\t<\/li>\n\t\t\t\t\t\t\t<li class=\"d-flex align-items-center me-3\">\n\t\t\t\t\t93 m&sup2; construido\t\t\t\t<\/li>\n\t\t\t\t\t<\/ul>\n\t\t<h4 class=\"card-title mb-0\">\n\t\t\t<a class=\"stretched-link\" href=\"\/venta\/benahavis\/apartamentos-y-pisos\/279\">Exquisito apartamento de 1 dormitorio en Lomas del Marbella Club Pueblo con encanto andaluz en la prestigiosa Milla de Oro.<\/a>\n\t\t<\/h4>\n\t\t\t<\/div>\n<\/article>\t\t\t\t\t\t<article class=\"f-carousel__slide card col position-relative flex-column\">\n\t<figure class=\"position-relative w-100 mb-2\">\n\t\t<a class=\"card-portfolio position-absolute\" data-pfl-id=\"686563\" data-pfl-filter=\"sale\" href=\"#\">\n\t\t\t<svg width=\"20\" fill=\"currentColor\" viewBox=\"0 0 512 512\">\n\t\t\t\t<use href=\"https:\/\/www.homewatch.es\/wp-content\/themes\/inmobasolidbase\/dist\/src\/images\/icons.svg#svgPortfolio\"\/>\n\t\t\t<\/svg>\n\t\t\t<svg class=\"d-none\" width=\"20\" fill=\"currentColor\" viewBox=\"0 0 512 512\">\n\t\t\t\t<use href=\"https:\/\/www.homewatch.es\/wp-content\/themes\/inmobasolidbase\/dist\/src\/images\/icons.svg#svgPortfolioIn\"\/>\n\t\t\t<\/svg>\n\t\t<\/a>\n\t\t<picture class=\"ratio ratio-4x3\"><source width=\"1200\" height=\"675\" srcset=\"https:\/\/media.inmobalia.com\/imgV1\/B8vEv5Xh_V8qnoSVk7qSFqTF0IzVRRA8CyHfYqz7g6KcTAfPL7sV7GC77J1A~r1lroa84n0sHf~T0C8yK2phPLP5TcJCWe_smz9HMKAViul8S4X0eVk8DGrTR67M_VBen1CKFdviNUU_yvsc2UV6UKFjgSw7bTWHrZkegRYR1w67xLERH9R5mc1eo0caYoE-.jpg 1200w,https:\/\/media.inmobalia.com\/imgV1\/B8vEv5Xh_V8qnoSVk7lzWYOK4ddJYMQONEMpHDBLdBNbXMygBHW86n2cwMIHM5bIfbq4MPlGB66hOI7zKIU2Tp4hBFoOd5y8_onF9k5NzaKnzNvqz~JMdLVe7IiziFAhpfBu_0Ni9w9_mA4Hsx36fW8Va3fp3eCU~48pnykcPaDC6XXpA84shsxoydX~ueU-.jpg 1200w,https:\/\/media.inmobalia.com\/imgV1\/B8vEv5Xh~9eLgpFkvD55S4O4_vRpfi7Zj~8WTFZMGThfizi~_Y~NgoiVzdN9MsuXYCpgHq7NOfhSSsV~~CvXOR8biNDSQCuIy3z~JafSwduxBEndespnQYPOGloQON4~nZQuuZrmQ6gvFPlZUqP3w6_z8j9RG_Cs33JReScEQCObHwWfEX2SAhL_J5jJBA--.jpg 774w\" type=\"image\/webp\"><img loading=\"lazy\" decoding=\"async\" class=\"image-fit\" alt=\"Espectacular \u00e1tico d\u00faplex en El Para\u00edso Hills con piscina privada en azotea y vistas panor\u00e1micas a la monta\u00f1a.\" width=\"1200\" height=\"675\" src=\"https:\/\/media.inmobalia.com\/imgV1\/B8vEv5Xh_V8qnoSVk7qSASjn74Cba02xOISAE9lNaqraa5CpOMK9Nt2JTrsYUiL2RjMMKGoLqNGD1J0sjvO5HdNAAyfvs0isScKXuAfksxipX7aUf_yr3GLkYXuWCNO8JKv6L~pewt0_ZWoaW8fMKeUn8yvy~Zs5qHkh8qATWg--.jpg\"><\/picture>\t\t\t<\/figure>\n\t<div class=\"h-100 d-flex flex-column\">\n\t\t<span class=\"d-block card-area\">\n\t\t\tBenahavis\t\t<\/span>\n\t\t\n<div class=\"card-price d-flex flex-column\">\n\t\t\t\t\t\t\t\t<strong class=\"card-price\"><span data-original-price=\"1495000\">1.495.000\u00a0\u20ac<\/span><\/strong>\n\t\t\t\t\t\t\n\t\t\t\n\t\t\t\t<\/div>\n\t\t<ul class=\"card-features list-unstyled d-flex flex-wrap align-items-center mb-0\">\n\t\t\t\t\t\t\t<li class=\"d-flex align-items-center me-3\">\n\t\t\t\t\t3 dormitorios\t\t\t\t<\/li>\n\t\t\t\t\t\t\t<li class=\"d-flex align-items-center me-3\">\n\t\t\t\t\t2 ba\u00f1os\t\t\t\t<\/li>\n\t\t\t\t\t\t\t<li class=\"d-flex align-items-center me-3\">\n\t\t\t\t\t449 m&sup2; construido\t\t\t\t<\/li>\n\t\t\t\t\t<\/ul>\n\t\t<h4 class=\"card-title mb-0\">\n\t\t\t<a class=\"stretched-link\" href=\"\/venta\/benahavis\/casas\/278\">Espectacular \u00e1tico d\u00faplex en El Para\u00edso Hills con piscina privada en azotea y vistas panor\u00e1micas a la monta\u00f1a.<\/a>\n\t\t<\/h4>\n\t\t\t<\/div>\n<\/article>\t\t\t\t\t\t<article class=\"f-carousel__slide card col position-relative flex-column\">\n\t<figure class=\"position-relative w-100 mb-2\">\n\t\t<a class=\"card-portfolio position-absolute\" data-pfl-id=\"686562\" data-pfl-filter=\"sale\" href=\"#\">\n\t\t\t<svg width=\"20\" fill=\"currentColor\" viewBox=\"0 0 512 512\">\n\t\t\t\t<use href=\"https:\/\/www.homewatch.es\/wp-content\/themes\/inmobasolidbase\/dist\/src\/images\/icons.svg#svgPortfolio\"\/>\n\t\t\t<\/svg>\n\t\t\t<svg class=\"d-none\" width=\"20\" fill=\"currentColor\" viewBox=\"0 0 512 512\">\n\t\t\t\t<use href=\"https:\/\/www.homewatch.es\/wp-content\/themes\/inmobasolidbase\/dist\/src\/images\/icons.svg#svgPortfolioIn\"\/>\n\t\t\t<\/svg>\n\t\t<\/a>\n\t\t<picture class=\"ratio ratio-4x3\"><source width=\"1200\" height=\"675\" srcset=\"https:\/\/media.inmobalia.com\/imgV1\/B8vEv5Xh_V8qnoSVk7qSFqTF0IzVRRA8CyHfYqz7g6KcTAfPL7sV7GC77J1A~r1lroa84n0sHf~T0C8yK2phPLP5TcJCWe_smz9HMKAViul8S4X0eVk8DGrTR67M_VBen1CKFdpH9zyAPdosWK7TeSE3JB9W0gYOkqy9mcX2xaKK9tx3_QTlHyoGaIiKTJ8-.jpg 1200w,https:\/\/media.inmobalia.com\/imgV1\/B8vEv5Xh_V8qnoSVk7lzWYOK4ddJYMQONEMpHDBLdBNbXMygBHW86n2cwMIHM5bIfbq4MPlGB66hOI7zKIU2Tp4hBFoOd5y8_onF9k5NzaKnzNvqz~JMdLVe7IiziFAhpfBu_0K52_47LX6j31FpXtYbXC1ZTGp9qnn2UMQJpXfa2LwzT44L~WqGjL8AvAY-.jpg 1200w,https:\/\/media.inmobalia.com\/imgV1\/B8vEv5Xh~9eLgpFkvD55S4O4_vRpfi7Zj~8WTFZMGThfizi~_Y~NgoiVzdN9MsuXYCpgHq7NOfhSSsV~~CvXOR8biNDSQCuIy3z~JafSwduxBEndespnQYPOGloQON4~nZQuuOez69ThePqBBuapHhSpxyTszm76om1b77h1PF_C7C~i6yQZl5TIMY578g--.jpg 774w\" type=\"image\/webp\"><img loading=\"lazy\" decoding=\"async\" class=\"image-fit\" alt=\"Espectacular villa en El Madro\u00f1al con vistas panor\u00e1micas al Mediterr\u00e1neo, pista de tenis privada y 8 dormitorios en 12.481m\u00b2 exclusivos\" width=\"1200\" height=\"675\" src=\"https:\/\/media.inmobalia.com\/imgV1\/B8vEv5Xh_V8qnoSVk7qSASjn74Cba02xOISAE9lNaqraa5CpOMK9Nt2JTrsYUiL2RjMMKGoLqNGD1J0sjvO5HdNAAyfvs0isScKXuAfksxipX7aUfpVDEftnGFhLy4BO6FAqr8BAFtvZaAZ0dHm55xJsplVvTwNusQQXnojULg--.jpg\"><\/picture>\t\t\t<\/figure>\n\t<div class=\"h-100 d-flex flex-column\">\n\t\t<span class=\"d-block card-area\">\n\t\t\tBenahavis\t\t<\/span>\n\t\t\n<div class=\"card-price d-flex flex-column\">\n\t\t\t\t\t\t\t\t<strong class=\"card-price\"><span data-original-price=\"13900000\">13.900.000\u00a0\u20ac<\/span><\/strong>\n\t\t\t\t\t\t\n\t\t\t\n\t\t\t\t<\/div>\n\t\t<ul class=\"card-features list-unstyled d-flex flex-wrap align-items-center mb-0\">\n\t\t\t\t\t\t\t<li class=\"d-flex align-items-center me-3\">\n\t\t\t\t\t8 dormitorios\t\t\t\t<\/li>\n\t\t\t\t\t\t\t<li class=\"d-flex align-items-center me-3\">\n\t\t\t\t\t7 ba\u00f1os\t\t\t\t<\/li>\n\t\t\t\t\t\t\t<li class=\"d-flex align-items-center me-3\">\n\t\t\t\t\t1300 m&sup2; construido\t\t\t\t<\/li>\n\t\t\t\t\t\t\t<li class=\"d-flex align-items-center me-3\">\n\t\t\t\t\t12481 m&sup2; parcela\t\t\t\t<\/li>\n\t\t\t\t\t<\/ul>\n\t\t<h4 class=\"card-title mb-0\">\n\t\t\t<a class=\"stretched-link\" href=\"\/venta\/benahavis\/casas-de-campo-y-fincas\/277\">Espectacular villa en El Madro\u00f1al con vistas panor\u00e1micas al Mediterr\u00e1neo, pista de tenis privada y 8 dormitorios en 12.481m\u00b2 exclusivos<\/a>\n\t\t<\/h4>\n\t\t\t<\/div>\n<\/article>\t\t\t\t\t\t<article class=\"f-carousel__slide card col position-relative flex-column\">\n\t<figure class=\"position-relative w-100 mb-2\">\n\t\t<a class=\"card-portfolio position-absolute\" data-pfl-id=\"686561\" data-pfl-filter=\"sale\" href=\"#\">\n\t\t\t<svg width=\"20\" fill=\"currentColor\" viewBox=\"0 0 512 512\">\n\t\t\t\t<use href=\"https:\/\/www.homewatch.es\/wp-content\/themes\/inmobasolidbase\/dist\/src\/images\/icons.svg#svgPortfolio\"\/>\n\t\t\t<\/svg>\n\t\t\t<svg class=\"d-none\" width=\"20\" fill=\"currentColor\" viewBox=\"0 0 512 512\">\n\t\t\t\t<use href=\"https:\/\/www.homewatch.es\/wp-content\/themes\/inmobasolidbase\/dist\/src\/images\/icons.svg#svgPortfolioIn\"\/>\n\t\t\t<\/svg>\n\t\t<\/a>\n\t\t<picture class=\"ratio ratio-4x3\"><source width=\"1200\" height=\"675\" srcset=\"https:\/\/media.inmobalia.com\/imgV1\/B8vEv5Xh_V8qnoSVk7qSFqTF0IzVRRA8CyHfYqz7g6KcTAfPL7sV7GC77J1A~r1lroa84n0sHf~T0C8yK2phPLP5TcJCWe_smz9HMKAViul8S4X0eVk8DGrTR67M_VBen1CKFdVTU1lR3O6d72_W_51H7_Xwdq2vL5MPlbiDGFvqhlH9LeH2jfJFskrVXiI-.jpg 1200w,https:\/\/media.inmobalia.com\/imgV1\/B8vEv5Xh_V8qnoSVk7lzWYOK4ddJYMQONEMpHDBLdBNbXMygBHW86n2cwMIHM5bIfbq4MPlGB66hOI7zKIU2Tp4hBFoOd5y8_onF9k5NzaKnzNvqz~JMdLVe7IiziFAhpfBu_02W4oAy0Phj76FOXwzO6MLsrCXRnsuF~Tx~NH_6tIXhGrAw4KvOhpzO9hw-.jpg 1200w,https:\/\/media.inmobalia.com\/imgV1\/B8vEv5Xh~9eLgpFkvD55S4O4_vRpfi7Zj~8WTFZMGThfizi~_Y~NgoiVzdN9MsuXYCpgHq7NOfhSSsV~~CvXOR8biNDSQCuIy3z~JafSwduxBEndespnQYPOGloQON4~nZQut2G9AmJL6HwxVHgaEjzwJ6cqp0uj0FVVIkd3G43xTbELV0A0kVWmn5OUCg--.jpg 774w\" type=\"image\/webp\"><img loading=\"lazy\" decoding=\"async\" class=\"image-fit\" alt=\"Magn\u00edfica villa de 7 dormitorios en el Valle del Golf de Nueva Andaluc\u00eda con vistas al Golf Las Brisas por \u20ac3.650.000\" width=\"1200\" height=\"675\" src=\"https:\/\/media.inmobalia.com\/imgV1\/B8vEv5Xh_V8qnoSVk7qSASjn74Cba02xOISAE9lNaqraa5CpOMK9Nt2JTrsYUiL2RjMMKGoLqNGD1J0sjvO5HdNAAyfvs0isScKXuAfksxipX7aUcbNYwuuHxYVjPRWw4MH_Puf98w9_MJ735sF_eh94VRWixyFf5JgB35riyw--.jpg\"><\/picture>\t\t\t<\/figure>\n\t<div class=\"h-100 d-flex flex-column\">\n\t\t<span class=\"d-block card-area\">\n\t\t\tBenahavis\t\t<\/span>\n\t\t\n<div class=\"card-price d-flex flex-column\">\n\t\t\t\t\t\t\t\t<strong class=\"card-price\"><span data-original-price=\"3650000\">3.650.000\u00a0\u20ac<\/span><\/strong>\n\t\t\t\t\t\t\n\t\t\t\n\t\t\t\t<\/div>\n\t\t<ul class=\"card-features list-unstyled d-flex flex-wrap align-items-center mb-0\">\n\t\t\t\t\t\t\t<li class=\"d-flex align-items-center me-3\">\n\t\t\t\t\t7 dormitorios\t\t\t\t<\/li>\n\t\t\t\t\t\t\t<li class=\"d-flex align-items-center me-3\">\n\t\t\t\t\t7 ba\u00f1os\t\t\t\t<\/li>\n\t\t\t\t\t\t\t<li class=\"d-flex align-items-center me-3\">\n\t\t\t\t\t754 m&sup2; construido\t\t\t\t<\/li>\n\t\t\t\t\t\t\t<li class=\"d-flex align-items-center me-3\">\n\t\t\t\t\t1590 m&sup2; parcela\t\t\t\t<\/li>\n\t\t\t\t\t<\/ul>\n\t\t<h4 class=\"card-title mb-0\">\n\t\t\t<a class=\"stretched-link\" href=\"\/venta\/benahavis\/casas-de-campo-y-fincas\/276\">Magn\u00edfica villa de 7 dormitorios en el Valle del Golf de Nueva Andaluc\u00eda con vistas al Golf Las Brisas por \u20ac3.650.000<\/a>\n\t\t<\/h4>\n\t\t\t<\/div>\n<\/article>\t\t\t\t\t\t<article class=\"f-carousel__slide card col position-relative flex-column\">\n\t<figure class=\"position-relative w-100 mb-2\">\n\t\t<a class=\"card-portfolio position-absolute\" data-pfl-id=\"686533\" data-pfl-filter=\"sale\" href=\"#\">\n\t\t\t<svg width=\"20\" fill=\"currentColor\" viewBox=\"0 0 512 512\">\n\t\t\t\t<use href=\"https:\/\/www.homewatch.es\/wp-content\/themes\/inmobasolidbase\/dist\/src\/images\/icons.svg#svgPortfolio\"\/>\n\t\t\t<\/svg>\n\t\t\t<svg class=\"d-none\" width=\"20\" fill=\"currentColor\" viewBox=\"0 0 512 512\">\n\t\t\t\t<use href=\"https:\/\/www.homewatch.es\/wp-content\/themes\/inmobasolidbase\/dist\/src\/images\/icons.svg#svgPortfolioIn\"\/>\n\t\t\t<\/svg>\n\t\t<\/a>\n\t\t<picture class=\"ratio ratio-4x3\"><source width=\"1200\" height=\"675\" srcset=\"https:\/\/media.inmobalia.com\/imgV1\/B8vEv5Xh_V8qnoSVk7qSFqTF0IzVRRA8CyHfYqz7g6KcTAfPL7sV7GC77J1A~r1lroa84n0sHf~T0C8yK2phPLP5TcJCWe_smz9HMKAViul8S4X0eVk8DGrTR67M_VBen1CKFdQMR8M~8XQU3LXWUJ2zyP6ct_ajhEuQTsqXaAza9qZ8ndDiZE4f5xVN9oQ-.jpg 1200w,https:\/\/media.inmobalia.com\/imgV1\/B8vEv5Xh_V8qnoSVk7lzWYOK4ddJYMQONEMpHDBLdBNbXMygBHW86n2cwMIHM5bIfbq4MPlGB66hOI7zKIU2Tp4hBFoOd5y8_onF9k5NzaKnzNvqz~JMdLVe7IiziFAhpfBu_0wlIwiO_xGpYTHGg9BjYBqgdLQcnhvTw2ylQzbfC_5ckvb~TKyNCvR~qwk-.jpg 1200w,https:\/\/media.inmobalia.com\/imgV1\/B8vEv5Xh~9eLgpFkvD55S4O4_vRpfi7Zj~8WTFZMGThfizi~_Y~NgoiVzdN9MsuXYCpgHq7NOfhSSsV~~CvXOR8biNDSQCuIy3z~JafSwduxBEndespnQYPOGloQON4~nZQutigCet6Q6b56rWtf999nu86_LIeAh80_VV4j7zYnKS6jm9cy4rFkLmobfg--.jpg 774w\" type=\"image\/webp\"><img loading=\"lazy\" decoding=\"async\" class=\"image-fit\" alt=\"Espectacular villa vanguardista en la Milla de Oro de Marbella con vistas al mar, piscina privada y cerca de Puerto Ban\u00fas.\" width=\"1200\" height=\"675\" src=\"https:\/\/media.inmobalia.com\/imgV1\/B8vEv5Xh_V8qnoSVk7qSASjn74Cba02xOISAE9lNaqraa5CpOMK9Nt2JTrsYUiL2RjMMKGoLqNGD1J0sjvO5HdNAAyfvs0isScKXuAfksxipX7aUcDC7EIaCEofUqPFngd4nEe287kXzHVrmI3iFtw8hqs2sctiPEqom3BewJg--.jpg\"><\/picture>\t\t\t<\/figure>\n\t<div class=\"h-100 d-flex flex-column\">\n\t\t<span class=\"d-block card-area\">\n\t\t\tBenahavis\t\t<\/span>\n\t\t\n<div class=\"card-price d-flex flex-column\">\n\t\t\t\t\t\t\t\t<strong class=\"card-price\"><span data-original-price=\"12400000\">12.400.000\u00a0\u20ac<\/span><\/strong>\n\t\t\t\t\t\t\n\t\t\t\n\t\t\t\t<\/div>\n\t\t<ul class=\"card-features list-unstyled d-flex flex-wrap align-items-center mb-0\">\n\t\t\t\t\t\t\t<li class=\"d-flex align-items-center me-3\">\n\t\t\t\t\t5 dormitorios\t\t\t\t<\/li>\n\t\t\t\t\t\t\t<li class=\"d-flex align-items-center me-3\">\n\t\t\t\t\t5 ba\u00f1os\t\t\t\t<\/li>\n\t\t\t\t\t\t\t<li class=\"d-flex align-items-center me-3\">\n\t\t\t\t\t1159 m&sup2; construido\t\t\t\t<\/li>\n\t\t\t\t\t\t\t<li class=\"d-flex align-items-center me-3\">\n\t\t\t\t\t1600 m&sup2; parcela\t\t\t\t<\/li>\n\t\t\t\t\t<\/ul>\n\t\t<h4 class=\"card-title mb-0\">\n\t\t\t<a class=\"stretched-link\" href=\"\/venta\/benahavis\/casas-de-campo-y-fincas\/275\">Espectacular villa vanguardista en la Milla de Oro de Marbella con vistas al mar, piscina privada y cerca de Puerto Ban\u00fas.<\/a>\n\t\t<\/h4>\n\t\t\t<\/div>\n<\/article>\t\t\t\t\t\t<article class=\"f-carousel__slide card col position-relative flex-column\">\n\t<figure class=\"position-relative w-100 mb-2\">\n\t\t<a class=\"card-portfolio position-absolute\" data-pfl-id=\"686532\" data-pfl-filter=\"sale\" href=\"#\">\n\t\t\t<svg width=\"20\" fill=\"currentColor\" viewBox=\"0 0 512 512\">\n\t\t\t\t<use href=\"https:\/\/www.homewatch.es\/wp-content\/themes\/inmobasolidbase\/dist\/src\/images\/icons.svg#svgPortfolio\"\/>\n\t\t\t<\/svg>\n\t\t\t<svg class=\"d-none\" width=\"20\" fill=\"currentColor\" viewBox=\"0 0 512 512\">\n\t\t\t\t<use href=\"https:\/\/www.homewatch.es\/wp-content\/themes\/inmobasolidbase\/dist\/src\/images\/icons.svg#svgPortfolioIn\"\/>\n\t\t\t<\/svg>\n\t\t<\/a>\n\t\t<picture class=\"ratio ratio-4x3\"><source width=\"1200\" height=\"675\" srcset=\"https:\/\/media.inmobalia.com\/imgV1\/B8vEv5Xh_V8qnoSVk7qSFqTF0IzVRRA8CyHfYqz7g6KcTAfPL7sV7GC77J1A~r1lroa84n0sHf~T0C8yK2phPLP5TcJCWe_smz9HMKAViul8S4X0eVk8DGrTR67M_VBen1CKFddlbRSdVYJFFUWEDQjy2fKnWKmreQXqLhnbNzgGcxu_pRZdjGaHh8M2ahU-.jpg 1200w,https:\/\/media.inmobalia.com\/imgV1\/B8vEv5Xh_V8qnoSVk7lzWYOK4ddJYMQONEMpHDBLdBNbXMygBHW86n2cwMIHM5bIfbq4MPlGB66hOI7zKIU2Tp4hBFoOd5y8_onF9k5NzaKnzNvqz~JMdLVe7IiziFAhpfBu_09LdOQskLEEiBeSx3E_~96YboZP~n4R0aUz~dx8J74kX9rUKAC1WDoSvT4-.jpg 1200w,https:\/\/media.inmobalia.com\/imgV1\/B8vEv5Xh~9eLgpFkvD55S4O4_vRpfi7Zj~8WTFZMGThfizi~_Y~NgoiVzdN9MsuXYCpgHq7NOfhSSsV~~CvXOR8biNDSQCuIy3z~JafSwduxBEndespnQYPOGloQON4~nZQutciyw_pDrFC2sRQTy3XnxnnQaGeHPHp7BYwBp58drXHCIp6XtW2R1dNTQA--.jpg 774w\" type=\"image\/webp\"><img loading=\"lazy\" decoding=\"async\" class=\"image-fit\" alt=\"Elegante apartamento junto a la playa en los prestigiosos Jardines Japoneses de Marina Puente Romano con terraza privada.\" width=\"1200\" height=\"675\" src=\"https:\/\/media.inmobalia.com\/imgV1\/B8vEv5Xh_V8qnoSVk7qSASjn74Cba02xOISAE9lNaqraa5CpOMK9Nt2JTrsYUiL2RjMMKGoLqNGD1J0sjvO5HdNAAyfvs0isScKXuAfksxipX7aUc2uNpU2JN2aIyfwLPfWnhxFwPc~KLRxKCnHioQsVR~~6lYeZ2KcwdSJCQA--.jpg\"><\/picture>\t\t\t<\/figure>\n\t<div class=\"h-100 d-flex flex-column\">\n\t\t<span class=\"d-block card-area\">\n\t\t\tBenahavis\t\t<\/span>\n\t\t\n<div class=\"card-price d-flex flex-column\">\n\t\t\t\t\t\t\t\t<strong class=\"card-price\"><span data-original-price=\"3250000\">3.250.000\u00a0\u20ac<\/span><\/strong>\n\t\t\t\t\t\t\n\t\t\t\n\t\t\t\t<\/div>\n\t\t<ul class=\"card-features list-unstyled d-flex flex-wrap align-items-center mb-0\">\n\t\t\t\t\t\t\t<li class=\"d-flex align-items-center me-3\">\n\t\t\t\t\t3 dormitorios\t\t\t\t<\/li>\n\t\t\t\t\t\t\t<li class=\"d-flex align-items-center me-3\">\n\t\t\t\t\t3 ba\u00f1os\t\t\t\t<\/li>\n\t\t\t\t\t\t\t<li class=\"d-flex align-items-center me-3\">\n\t\t\t\t\t185 m&sup2; construido\t\t\t\t<\/li>\n\t\t\t\t\t<\/ul>\n\t\t<h4 class=\"card-title mb-0\">\n\t\t\t<a class=\"stretched-link\" href=\"\/venta\/benahavis\/apartamentos-y-pisos\/254\">Elegante apartamento junto a la playa en los prestigiosos Jardines Japoneses de Marina Puente Romano con terraza privada.<\/a>\n\t\t<\/h4>\n\t\t\t<\/div>\n<\/article>\t\t\t\t\t\t<article class=\"f-carousel__slide card col position-relative flex-column\">\n\t<figure class=\"position-relative w-100 mb-2\">\n\t\t<a class=\"card-portfolio position-absolute\" data-pfl-id=\"686531\" data-pfl-filter=\"sale\" href=\"#\">\n\t\t\t<svg width=\"20\" fill=\"currentColor\" viewBox=\"0 0 512 512\">\n\t\t\t\t<use href=\"https:\/\/www.homewatch.es\/wp-content\/themes\/inmobasolidbase\/dist\/src\/images\/icons.svg#svgPortfolio\"\/>\n\t\t\t<\/svg>\n\t\t\t<svg class=\"d-none\" width=\"20\" fill=\"currentColor\" viewBox=\"0 0 512 512\">\n\t\t\t\t<use href=\"https:\/\/www.homewatch.es\/wp-content\/themes\/inmobasolidbase\/dist\/src\/images\/icons.svg#svgPortfolioIn\"\/>\n\t\t\t<\/svg>\n\t\t<\/a>\n\t\t<picture class=\"ratio ratio-4x3\"><source width=\"1200\" height=\"675\" srcset=\"https:\/\/media.inmobalia.com\/imgV1\/B8vEv5Xh_V8qnoSVk7qSFqTF0IzVRRA8CyHfYqz7g6KcTAfPL7sV7GC77J1A~r1lroa84n0sHf~T0C8yK2phPLP5TcJCWe_smz9HMKAViul8S4X0eVk8DGrTR67M_VBen1CKFdbb8fMakvTX~P6suB1kuwLC~yYDyK48cHOjkCeqiSdeOFx_c124Papc7xU-.jpg 1200w,https:\/\/media.inmobalia.com\/imgV1\/B8vEv5Xh_V8qnoSVk7lzWYOK4ddJYMQONEMpHDBLdBNbXMygBHW86n2cwMIHM5bIfbq4MPlGB66hOI7zKIU2Tp4hBFoOd5y8_onF9k5NzaKnzNvqz~JMdLVe7IiziFAhpfBu_05~eBG5yqkaUFcz14GXP7YFiL3ZvV8we6wiudoXUh5B5PlcFxPRJjA7iuk-.jpg 1200w,https:\/\/media.inmobalia.com\/imgV1\/B8vEv5Xh~9eLgpFkvD55S4O4_vRpfi7Zj~8WTFZMGThfizi~_Y~NgoiVzdN9MsuXYCpgHq7NOfhSSsV~~CvXOR8biNDSQCuIy3z~JafSwduxBEndespnQYPOGloQON4~nZQutNB8JJLsGUPu1x2BQ0lIO8xYVAKplZkrxLGAF4z33eK4KzB21FR0ivdrvA--.jpg 774w\" type=\"image\/webp\"><img loading=\"lazy\" decoding=\"async\" class=\"image-fit\" alt=\"Impresionante \u00e1tico d\u00faplex en Monte Para\u00edso Milla de Oro con vistas panor\u00e1micas al mar y exclusivos servicios de resort.\" width=\"1200\" height=\"675\" src=\"https:\/\/media.inmobalia.com\/imgV1\/B8vEv5Xh_V8qnoSVk7qSASjn74Cba02xOISAE9lNaqraa5CpOMK9Nt2JTrsYUiL2RjMMKGoLqNGD1J0sjvO5HdNAAyfvs0isScKXuAfksxipX7aUchvm91GJSXI9TwdzcNfxpOH3KccLrm0Tfi4byvXnqCw9~_CS7ac~0jwMWg--.jpg\"><\/picture>\t\t\t<\/figure>\n\t<div class=\"h-100 d-flex flex-column\">\n\t\t<span class=\"d-block card-area\">\n\t\t\tBenahavis\t\t<\/span>\n\t\t\n<div class=\"card-price d-flex flex-column\">\n\t\t\t\t\t\t\t\t<strong class=\"card-price\"><span data-original-price=\"3000000\">3.000.000\u00a0\u20ac<\/span><\/strong>\n\t\t\t\t\t\t\n\t\t\t\n\t\t\t\t<\/div>\n\t\t<ul class=\"card-features list-unstyled d-flex flex-wrap align-items-center mb-0\">\n\t\t\t\t\t\t\t<li class=\"d-flex align-items-center me-3\">\n\t\t\t\t\t3 dormitorios\t\t\t\t<\/li>\n\t\t\t\t\t\t\t<li class=\"d-flex align-items-center me-3\">\n\t\t\t\t\t3 ba\u00f1os\t\t\t\t<\/li>\n\t\t\t\t\t\t\t<li class=\"d-flex align-items-center me-3\">\n\t\t\t\t\t227 m&sup2; construido\t\t\t\t<\/li>\n\t\t\t\t\t<\/ul>\n\t\t<h4 class=\"card-title mb-0\">\n\t\t\t<a class=\"stretched-link\" href=\"\/venta\/benahavis\/casas\/274\">Impresionante \u00e1tico d\u00faplex en Monte Para\u00edso Milla de Oro con vistas panor\u00e1micas al mar y exclusivos servicios de resort.<\/a>\n\t\t<\/h4>\n\t\t\t<\/div>\n<\/article>\t\t\t\t\t\t<article class=\"f-carousel__slide card col position-relative flex-column\">\n\t<figure class=\"position-relative w-100 mb-2\">\n\t\t<a class=\"card-portfolio position-absolute\" data-pfl-id=\"686530\" data-pfl-filter=\"sale\" href=\"#\">\n\t\t\t<svg width=\"20\" fill=\"currentColor\" viewBox=\"0 0 512 512\">\n\t\t\t\t<use href=\"https:\/\/www.homewatch.es\/wp-content\/themes\/inmobasolidbase\/dist\/src\/images\/icons.svg#svgPortfolio\"\/>\n\t\t\t<\/svg>\n\t\t\t<svg class=\"d-none\" width=\"20\" fill=\"currentColor\" viewBox=\"0 0 512 512\">\n\t\t\t\t<use href=\"https:\/\/www.homewatch.es\/wp-content\/themes\/inmobasolidbase\/dist\/src\/images\/icons.svg#svgPortfolioIn\"\/>\n\t\t\t<\/svg>\n\t\t<\/a>\n\t\t<picture class=\"ratio ratio-4x3\"><source width=\"1200\" height=\"675\" srcset=\"https:\/\/media.inmobalia.com\/imgV1\/B8vEv5Xh_V8qnoSVk7qSFqTF0IzVRRA8CyHfYqz7g6KcTAfPL7sV7GC77J1A~r1lroa84n0sHf~T0C8yK2phPLP5TcJCWe_smz9HMKAViul8S4X0eVk8DGrTR67M_VBen1CKFdFUlkQ4vvcZ8TChxsHp_WUsCyFMKuiOWxbMSlH4Z5rlTSG7nPr6bYc5E5o-.jpg 1200w,https:\/\/media.inmobalia.com\/imgV1\/B8vEv5Xh_V8qnoSVk7lzWYOK4ddJYMQONEMpHDBLdBNbXMygBHW86n2cwMIHM5bIfbq4MPlGB66hOI7zKIU2Tp4hBFoOd5y8_onF9k5NzaKnzNvqz~JMdLVe7IiziFAhpfBu_0nppthnn_HGJLvOesiSGuv2UfLCIaCof2TgzrZc8ZiXUX9nlG_TC7AqoEk-.jpg 1200w,https:\/\/media.inmobalia.com\/imgV1\/B8vEv5Xh~9eLgpFkvD55S4O4_vRpfi7Zj~8WTFZMGThfizi~_Y~NgoiVzdN9MsuXYCpgHq7NOfhSSsV~~CvXOR8biNDSQCuIy3z~JafSwduxBEndespnQYPOGloQON4~nZQus8wH8W8iTWoXFdVuktJJMOrwGX6_XGCFcOPE8MfGp6Mo7Zol8wwVzt2vMg--.jpg 774w\" type=\"image\/webp\"><img loading=\"lazy\" decoding=\"async\" class=\"image-fit\" alt=\"Propiedad comercial premium en el paseo mar\u00edtimo de Marbella frente al puerto - oportunidad de inversi\u00f3n excepcional.\" width=\"1200\" height=\"675\" src=\"https:\/\/media.inmobalia.com\/imgV1\/B8vEv5Xh_V8qnoSVk7qSASjn74Cba02xOISAE9lNaqraa5CpOMK9Nt2JTrsYUiL2RjMMKGoLqNGD1J0sjvO5HdNAAyfvs0isScKXuAfksxipX7aUddiWn9UdNV7doufDSB3bIvxZPOeNh~0gS4tc~itB_W50h~PB7u06tvRxgA--.jpg\"><\/picture>\t\t\t<\/figure>\n\t<div class=\"h-100 d-flex flex-column\">\n\t\t<span class=\"d-block card-area\">\n\t\t\tBenahavis\t\t<\/span>\n\t\t\n<div class=\"card-price d-flex flex-column\">\n\t\t\t\t\t\t\t\t<strong class=\"card-price\"><span data-original-price=\"595000\">595.000\u00a0\u20ac<\/span><\/strong>\n\t\t\t\t\t\t\n\t\t\t\n\t\t\t\t<\/div>\n\t\t<ul class=\"card-features list-unstyled d-flex flex-wrap align-items-center mb-0\">\n\t\t\t\t\t\t\t<li class=\"d-flex align-items-center me-3\">\n\t\t\t\t\t2 ba\u00f1os\t\t\t\t<\/li>\n\t\t\t\t\t\t\t<li class=\"d-flex align-items-center me-3\">\n\t\t\t\t\t293 m&sup2; construido\t\t\t\t<\/li>\n\t\t\t\t\t<\/ul>\n\t\t<h4 class=\"card-title mb-0\">\n\t\t\t<a class=\"stretched-link\" href=\"\/venta\/benahavis\/casas-de-campo-y-fincas\/272\">Propiedad comercial premium en el paseo mar\u00edtimo de Marbella frente al puerto - oportunidad de inversi\u00f3n excepcional.<\/a>\n\t\t<\/h4>\n\t\t\t<\/div>\n<\/article>\t\t\t\t\t\t<article class=\"f-carousel__slide card col position-relative flex-column\">\n\t<figure class=\"position-relative w-100 mb-2\">\n\t\t<a class=\"card-portfolio position-absolute\" data-pfl-id=\"686529\" data-pfl-filter=\"sale\" href=\"#\">\n\t\t\t<svg width=\"20\" fill=\"currentColor\" viewBox=\"0 0 512 512\">\n\t\t\t\t<use href=\"https:\/\/www.homewatch.es\/wp-content\/themes\/inmobasolidbase\/dist\/src\/images\/icons.svg#svgPortfolio\"\/>\n\t\t\t<\/svg>\n\t\t\t<svg class=\"d-none\" width=\"20\" fill=\"currentColor\" viewBox=\"0 0 512 512\">\n\t\t\t\t<use href=\"https:\/\/www.homewatch.es\/wp-content\/themes\/inmobasolidbase\/dist\/src\/images\/icons.svg#svgPortfolioIn\"\/>\n\t\t\t<\/svg>\n\t\t<\/a>\n\t\t<picture class=\"ratio ratio-4x3\"><source width=\"1200\" height=\"675\" srcset=\"https:\/\/media.inmobalia.com\/imgV1\/B8vEv5Xh_V8qnoSVk7qSFqTF0IzVRRA8CyHfYqz7g6KcTAfPL7sV7GC77J1A~r1lroa84n0sHf~T0C8yK2phPLP5TcJCWe_smz9HMKAViul8S4X0eVk8DGrTR67M_VBen1CKFdA0DMEH6E1F6AIE3PhFKcIO1aiwAT5cyBrCR6PHtaef6WQcU~72oRo493Q-.jpg 1200w,https:\/\/media.inmobalia.com\/imgV1\/B8vEv5Xh_V8qnoSVk7lzWYOK4ddJYMQONEMpHDBLdBNbXMygBHW86n2cwMIHM5bIfbq4MPlGB66hOI7zKIU2Tp4hBFoOd5y8_onF9k5NzaKnzNvqz~JMdLVe7IiziFAhpfBu_0iuTIQNrl4S~VbRawvdADYljvgYfzhWzfkEh68OSnWaK5_QxF3UkVTenEQ-.jpg 1200w,https:\/\/media.inmobalia.com\/imgV1\/B8vEv5Xh~9eLgpFkvD55S4O4_vRpfi7Zj~8WTFZMGThfizi~_Y~NgoiVzdN9MsuXYCpgHq7NOfhSSsV~~CvXOR8biNDSQCuIy3z~JafSwduxBEndespnQYPOGloQON4~nZQusvlCFQU1NCO0Klj5fCaiJDsH5EFyPLa7FPCLGzNuaWJnJ~U4K088Hd9_Sg--.jpg 774w\" type=\"image\/webp\"><img loading=\"lazy\" decoding=\"async\" class=\"image-fit\" alt=\"Espectacular apartamento en segunda l\u00ednea de playa en el coraz\u00f3n de Marbella con terraza panor\u00e1mica y vistas a La Concha.\" width=\"1200\" height=\"675\" src=\"https:\/\/media.inmobalia.com\/imgV1\/B8vEv5Xh_V8qnoSVk7qSASjn74Cba02xOISAE9lNaqraa5CpOMK9Nt2JTrsYUiL2RjMMKGoLqNGD1J0sjvO5HdNAAyfvs0isScKXuAfksxipX7aUdKlr9x2W9FM9cJN6mnM4QlmWDufpR6iguYW_jlAEE_GlantvZKey~yLiSA--.jpg\"><\/picture>\t\t\t<\/figure>\n\t<div class=\"h-100 d-flex flex-column\">\n\t\t<span class=\"d-block card-area\">\n\t\t\tBenahavis\t\t<\/span>\n\t\t\n<div class=\"card-price d-flex flex-column\">\n\t\t\t\t\t\t\t\t<strong class=\"card-price\"><span data-original-price=\"2650000\">2.650.000\u00a0\u20ac<\/span><\/strong>\n\t\t\t\t\t\t\n\t\t\t\n\t\t\t\t<\/div>\n\t\t<ul class=\"card-features list-unstyled d-flex flex-wrap align-items-center mb-0\">\n\t\t\t\t\t\t\t<li class=\"d-flex align-items-center me-3\">\n\t\t\t\t\t4 dormitorios\t\t\t\t<\/li>\n\t\t\t\t\t\t\t<li class=\"d-flex align-items-center me-3\">\n\t\t\t\t\t3 ba\u00f1os\t\t\t\t<\/li>\n\t\t\t\t\t\t\t<li class=\"d-flex align-items-center me-3\">\n\t\t\t\t\t332 m&sup2; construido\t\t\t\t<\/li>\n\t\t\t\t\t<\/ul>\n\t\t<h4 class=\"card-title mb-0\">\n\t\t\t<a class=\"stretched-link\" href=\"\/venta\/benahavis\/apartamentos-y-pisos\/273\">Espectacular apartamento en segunda l\u00ednea de playa en el coraz\u00f3n de Marbella con terraza panor\u00e1mica y vistas a La Concha.<\/a>\n\t\t<\/h4>\n\t\t\t<\/div>\n<\/article>\t\t\t\t\t\t<article class=\"f-carousel__slide card col position-relative flex-column\">\n\t<figure class=\"position-relative w-100 mb-2\">\n\t\t<a class=\"card-portfolio position-absolute\" data-pfl-id=\"686527\" data-pfl-filter=\"sale\" href=\"#\">\n\t\t\t<svg width=\"20\" fill=\"currentColor\" viewBox=\"0 0 512 512\">\n\t\t\t\t<use href=\"https:\/\/www.homewatch.es\/wp-content\/themes\/inmobasolidbase\/dist\/src\/images\/icons.svg#svgPortfolio\"\/>\n\t\t\t<\/svg>\n\t\t\t<svg class=\"d-none\" width=\"20\" fill=\"currentColor\" viewBox=\"0 0 512 512\">\n\t\t\t\t<use href=\"https:\/\/www.homewatch.es\/wp-content\/themes\/inmobasolidbase\/dist\/src\/images\/icons.svg#svgPortfolioIn\"\/>\n\t\t\t<\/svg>\n\t\t<\/a>\n\t\t<picture class=\"ratio ratio-4x3\"><source width=\"1200\" height=\"675\" srcset=\"https:\/\/media.inmobalia.com\/imgV1\/B8vEv5Xh_V8qnoSVk7qSFqTF0IzVRRA8CyHfYqz7g6KcTAfPL7sV7GC77J1A~r1lroa84n0sHf~T0C8yK2phPLP5TcJCWe_smz9HMKAViul8S4X0eVk8DGrTR67M_VBen1CKFdKkG2AM46iiqenU99m6QUqn~FZjwSiGMUjePt1k9ri8lTkK1UDbzMkWGs4-.jpg 1200w,https:\/\/media.inmobalia.com\/imgV1\/B8vEv5Xh_V8qnoSVk7lzWYOK4ddJYMQONEMpHDBLdBNbXMygBHW86n2cwMIHM5bIfbq4MPlGB66hOI7zKIU2Tp4hBFoOd5y8_onF9k5NzaKnzNvqz~JMdLVe7IiziFAhpfBu_0oHozlczLQgmT_ZX9i8XM2I3Kx2gAxoJs6B8EhqppkTliltZFf9sif9a5k-.jpg 1200w,https:\/\/media.inmobalia.com\/imgV1\/B8vEv5Xh~9eLgpFkvD55S4O4_vRpfi7Zj~8WTFZMGThfizi~_Y~NgoiVzdN9MsuXYCpgHq7NOfhSSsV~~CvXOR8biNDSQCuIy3z~JafSwduxBEndespnQYPOGloQON4~nZQusESOFW59~iiEGG5BlLHrZbCInEGod16vBxu9o6XkJ0JmSqw7agK8RDcEsg--.jpg 774w\" type=\"image\/webp\"><img loading=\"lazy\" decoding=\"async\" class=\"image-fit\" alt=\"Espectacular villa reci\u00e9n construida de 7 dormitorios en la prestigiosa Casasola, a pasos de la playa.\" width=\"1200\" height=\"675\" src=\"https:\/\/media.inmobalia.com\/imgV1\/B8vEv5Xh_V8qnoSVk7qSASjn74Cba02xOISAE9lNaqraa5CpOMK9Nt2JTrsYUiL2RjMMKGoLqNGD1J0sjvO5HdNAAyfvs0isScKXuAfksxipX7aUdvmcoNncvIxa1b47aQZGekOTxQf3M3mLlBRSWhJk7FbfxLjhOfFjTKbouA--.jpg\"><\/picture>\t\t\t<\/figure>\n\t<div class=\"h-100 d-flex flex-column\">\n\t\t<span class=\"d-block card-area\">\n\t\t\tBenahavis\t\t<\/span>\n\t\t\n<div class=\"card-price d-flex flex-column\">\n\t\t\t\t\t\t\t\t<strong class=\"card-price\"><span data-original-price=\"4995000\">4.995.000\u00a0\u20ac<\/span><\/strong>\n\t\t\t\t\t\t\n\t\t\t\n\t\t\t\t<\/div>\n\t\t<ul class=\"card-features list-unstyled d-flex flex-wrap align-items-center mb-0\">\n\t\t\t\t\t\t\t<li class=\"d-flex align-items-center me-3\">\n\t\t\t\t\t7 dormitorios\t\t\t\t<\/li>\n\t\t\t\t\t\t\t<li class=\"d-flex align-items-center me-3\">\n\t\t\t\t\t7 ba\u00f1os\t\t\t\t<\/li>\n\t\t\t\t\t\t\t<li class=\"d-flex align-items-center me-3\">\n\t\t\t\t\t1050 m&sup2; construido\t\t\t\t<\/li>\n\t\t\t\t\t\t\t<li class=\"d-flex align-items-center me-3\">\n\t\t\t\t\t2043 m&sup2; parcela\t\t\t\t<\/li>\n\t\t\t\t\t<\/ul>\n\t\t<h4 class=\"card-title mb-0\">\n\t\t\t<a class=\"stretched-link\" href=\"\/venta\/benahavis\/casas-de-campo-y-fincas\/269\">Espectacular villa reci\u00e9n construida de 7 dormitorios en la prestigiosa Casasola, a pasos de la playa.<\/a>\n\t\t<\/h4>\n\t\t\t<\/div>\n<\/article>\t\t\t\t\t\t<article class=\"f-carousel__slide card col position-relative flex-column\">\n\t<figure class=\"position-relative w-100 mb-2\">\n\t\t<a class=\"card-portfolio position-absolute\" data-pfl-id=\"686528\" data-pfl-filter=\"sale\" href=\"#\">\n\t\t\t<svg width=\"20\" fill=\"currentColor\" viewBox=\"0 0 512 512\">\n\t\t\t\t<use href=\"https:\/\/www.homewatch.es\/wp-content\/themes\/inmobasolidbase\/dist\/src\/images\/icons.svg#svgPortfolio\"\/>\n\t\t\t<\/svg>\n\t\t\t<svg class=\"d-none\" width=\"20\" fill=\"currentColor\" viewBox=\"0 0 512 512\">\n\t\t\t\t<use href=\"https:\/\/www.homewatch.es\/wp-content\/themes\/inmobasolidbase\/dist\/src\/images\/icons.svg#svgPortfolioIn\"\/>\n\t\t\t<\/svg>\n\t\t<\/a>\n\t\t<picture class=\"ratio ratio-4x3\"><source width=\"1200\" height=\"675\" srcset=\"https:\/\/media.inmobalia.com\/imgV1\/B8vEv5Xh_V8qnoSVk7qSFqTF0IzVRRA8CyHfYqz7g6KcTAfPL7sV7GC77J1A~r1lroa84n0sHf~T0C8yK2phPLP5TcJCWe_smz9HMKAViul8S4X0eVk8DGrTR67M_VBen1CKFdPNUymQI32pceIVl756HkgfUTuGb7_zMIBZpKM5FR~00ZpKShV5kJcM~HI-.jpg 1200w,https:\/\/media.inmobalia.com\/imgV1\/B8vEv5Xh_V8qnoSVk7lzWYOK4ddJYMQONEMpHDBLdBNbXMygBHW86n2cwMIHM5bIfbq4MPlGB66hOI7zKIU2Tp4hBFoOd5y8_onF9k5NzaKnzNvqz~JMdLVe7IiziFAhpfBu_0sBwl0hNPYcp7xtJz92FlaMpV~2IKQNIU9oSZlXY7yhjT_u9OjKngtiUyk-.jpg 1200w,https:\/\/media.inmobalia.com\/imgV1\/B8vEv5Xh~9eLgpFkvD55S4O4_vRpfi7Zj~8WTFZMGThfizi~_Y~NgoiVzdN9MsuXYCpgHq7NOfhSSsV~~CvXOR8biNDSQCuIy3z~JafSwduxBEndespnQYPOGloQON4~nZQusUuTbbJnBUX392dGraG4ErRkmf44BJSmGQcJvwZmbu3sO4Yh4WzjPye1fA--.jpg 774w\" type=\"image\/webp\"><img loading=\"lazy\" decoding=\"async\" class=\"image-fit\" alt=\"Exquisito apartamento en primera planta en los prestigiosos Jardines Andaluces de Marina Puente Romano.\" width=\"1200\" height=\"675\" src=\"https:\/\/media.inmobalia.com\/imgV1\/B8vEv5Xh_V8qnoSVk7qSASjn74Cba02xOISAE9lNaqraa5CpOMK9Nt2JTrsYUiL2RjMMKGoLqNGD1J0sjvO5HdNAAyfvs0isScKXuAfksxipX7aUdwqDgU61HFktQnOzny~2~G7B2pjGJoSSV3e~nyYH2pLXhFVLhBka~oCH8w--.jpg\"><\/picture>\t\t\t<\/figure>\n\t<div class=\"h-100 d-flex flex-column\">\n\t\t<span class=\"d-block card-area\">\n\t\t\tBenahavis\t\t<\/span>\n\t\t\n<div class=\"card-price d-flex flex-column\">\n\t\t\t\t\t\t\t\t<strong class=\"card-price\"><span data-original-price=\"3800000\">3.800.000\u00a0\u20ac<\/span><\/strong>\n\t\t\t\t\t\t\n\t\t\t\n\t\t\t\t<\/div>\n\t\t<ul class=\"card-features list-unstyled d-flex flex-wrap align-items-center mb-0\">\n\t\t\t\t\t\t\t<li class=\"d-flex align-items-center me-3\">\n\t\t\t\t\t3 dormitorios\t\t\t\t<\/li>\n\t\t\t\t\t\t\t<li class=\"d-flex align-items-center me-3\">\n\t\t\t\t\t3 ba\u00f1os\t\t\t\t<\/li>\n\t\t\t\t\t\t\t<li class=\"d-flex align-items-center me-3\">\n\t\t\t\t\t202 m&sup2; construido\t\t\t\t<\/li>\n\t\t\t\t\t<\/ul>\n\t\t<h4 class=\"card-title mb-0\">\n\t\t\t<a class=\"stretched-link\" href=\"\/venta\/benahavis\/apartamentos-y-pisos\/270\">Exquisito apartamento en primera planta en los prestigiosos Jardines Andaluces de Marina Puente Romano.<\/a>\n\t\t<\/h4>\n\t\t\t<\/div>\n<\/article>\t\t\t\t\t\t<article class=\"f-carousel__slide card col position-relative flex-column\">\n\t<figure class=\"position-relative w-100 mb-2\">\n\t\t<a class=\"card-portfolio position-absolute\" data-pfl-id=\"686526\" data-pfl-filter=\"sale\" href=\"#\">\n\t\t\t<svg width=\"20\" fill=\"currentColor\" viewBox=\"0 0 512 512\">\n\t\t\t\t<use href=\"https:\/\/www.homewatch.es\/wp-content\/themes\/inmobasolidbase\/dist\/src\/images\/icons.svg#svgPortfolio\"\/>\n\t\t\t<\/svg>\n\t\t\t<svg class=\"d-none\" width=\"20\" fill=\"currentColor\" viewBox=\"0 0 512 512\">\n\t\t\t\t<use href=\"https:\/\/www.homewatch.es\/wp-content\/themes\/inmobasolidbase\/dist\/src\/images\/icons.svg#svgPortfolioIn\"\/>\n\t\t\t<\/svg>\n\t\t<\/a>\n\t\t<picture class=\"ratio ratio-4x3\"><source width=\"1200\" height=\"675\" srcset=\"https:\/\/media.inmobalia.com\/imgV1\/B8vEv5Xh_V8qnoSVk7qSFqTF0IzVRRA8CyHfYqz7g6KcTAfPL7sV7GC77J1A~r1lroa84n0sHf~T0C8yK2phPLP5TcJCWe_smz9HMKAViul8S4X0eVk8DGrTR67M_VBen1CKFK~RUPait3cX~~xdv5IEkiiWdyjpjF9NfxT1ykkSLJhTkcXqCdBDBsALXRs-.jpg 1200w,https:\/\/media.inmobalia.com\/imgV1\/B8vEv5Xh_V8qnoSVk7lzWYOK4ddJYMQONEMpHDBLdBNbXMygBHW86n2cwMIHM5bIfbq4MPlGB66hOI7zKIU2Tp4hBFoOd5y8_onF9k5NzaKnzNvqz~JMdLVe7IiziFAhpfBu_nIptW7w_gppYpBMWrxdwB6wBByXZ4bW36lz~0PtGyKwwCD9ugOLYR_X_6U-.jpg 1200w,https:\/\/media.inmobalia.com\/imgV1\/B8vEv5Xh~9eLgpFkvD55S4O4_vRpfi7Zj~8WTFZMGThfizi~_Y~NgoiVzdN9MsuXYCpgHq7NOfhSSsV~~CvXOR8biNDSQCuIy3z~JafSwduxBEndespnQYPOGloQON4~nZQvJY8RX1NPAAaxdwvr6PaQWmjgDXdaztDHyDdnDGzK7Uf6WocmJwOdakI5Ig--.jpg 774w\" type=\"image\/webp\"><img loading=\"lazy\" decoding=\"async\" class=\"image-fit\" alt=\"Extraordinaria villa en primera l\u00ednea de playa en Los Monteros Playa, ofreciendo vida de lujo incomparable con acceso mediterr\u00e1neo directo.\" width=\"1200\" height=\"675\" src=\"https:\/\/media.inmobalia.com\/imgV1\/B8vEv5Xh_V8qnoSVk7qSASjn74Cba02xOISAE9lNaqraa5CpOMK9Nt2JTrsYUiL2RjMMKGoLqNGD1J0sjvO5HdNAAyfvs0isScKXuAfksxipX7aVRtP9QMvBhPZs0ZXYPx9QC8DM6sgvDeZLqdyeWbfbnbE_euFK5N4eM1DhFg--.jpg\"><\/picture>\t\t\t<\/figure>\n\t<div class=\"h-100 d-flex flex-column\">\n\t\t<span class=\"d-block card-area\">\n\t\t\tBenahavis\t\t<\/span>\n\t\t\n<div class=\"card-price d-flex flex-column\">\n\t\t\t\t\t\t\t\t<strong class=\"card-price\"><span data-original-price=\"11950000\">11.950.000\u00a0\u20ac<\/span><\/strong>\n\t\t\t\t\t\t\n\t\t\t\n\t\t\t\t<\/div>\n\t\t<ul class=\"card-features list-unstyled d-flex flex-wrap align-items-center mb-0\">\n\t\t\t\t\t\t\t<li class=\"d-flex align-items-center me-3\">\n\t\t\t\t\t6 dormitorios\t\t\t\t<\/li>\n\t\t\t\t\t\t\t<li class=\"d-flex align-items-center me-3\">\n\t\t\t\t\t6 ba\u00f1os\t\t\t\t<\/li>\n\t\t\t\t\t\t\t<li class=\"d-flex align-items-center me-3\">\n\t\t\t\t\t1229 m&sup2; construido\t\t\t\t<\/li>\n\t\t\t\t\t\t\t<li class=\"d-flex align-items-center me-3\">\n\t\t\t\t\t1500 m&sup2; parcela\t\t\t\t<\/li>\n\t\t\t\t\t<\/ul>\n\t\t<h4 class=\"card-title mb-0\">\n\t\t\t<a class=\"stretched-link\" href=\"\/venta\/benahavis\/casas-de-campo-y-fincas\/268\">Extraordinaria villa en primera l\u00ednea de playa en Los Monteros Playa, ofreciendo vida de lujo incomparable con acceso mediterr\u00e1neo directo.<\/a>\n\t\t<\/h4>\n\t\t\t<\/div>\n<\/article>\t\t\t\t\t\t<article class=\"f-carousel__slide card col position-relative flex-column\">\n\t<figure class=\"position-relative w-100 mb-2\">\n\t\t<a class=\"card-portfolio position-absolute\" data-pfl-id=\"686525\" data-pfl-filter=\"sale\" href=\"#\">\n\t\t\t<svg width=\"20\" fill=\"currentColor\" viewBox=\"0 0 512 512\">\n\t\t\t\t<use href=\"https:\/\/www.homewatch.es\/wp-content\/themes\/inmobasolidbase\/dist\/src\/images\/icons.svg#svgPortfolio\"\/>\n\t\t\t<\/svg>\n\t\t\t<svg class=\"d-none\" width=\"20\" fill=\"currentColor\" viewBox=\"0 0 512 512\">\n\t\t\t\t<use href=\"https:\/\/www.homewatch.es\/wp-content\/themes\/inmobasolidbase\/dist\/src\/images\/icons.svg#svgPortfolioIn\"\/>\n\t\t\t<\/svg>\n\t\t<\/a>\n\t\t<picture class=\"ratio ratio-4x3\"><source width=\"1200\" height=\"675\" srcset=\"https:\/\/media.inmobalia.com\/imgV1\/B8vEv5Xh_V8qnoSVk7qSFqTF0IzVRRA8CyHfYqz7g6KcTAfPL7sV7GC77J1A~r1lroa84n0sHf~T0C8yK2phPLP5TcJCWe_smz9HMKAViul8S4X0eVk8DGrTR67M_VBen1CKFK6l61PFoM3XYK9IMEKfAyRRSB~XGYN1kqDEUTvluOs7drPamNjt7m8ZWLI-.jpg 1200w,https:\/\/media.inmobalia.com\/imgV1\/B8vEv5Xh_V8qnoSVk7lzWYOK4ddJYMQONEMpHDBLdBNbXMygBHW86n2cwMIHM5bIfbq4MPlGB66hOI7zKIU2Tp4hBFoOd5y8_onF9k5NzaKnzNvqz~JMdLVe7IiziFAhpfBu_nPhoThO3O49UMr530y6bjezRbUxGYmQGd3jF9EG00At~hZTe5OpOpWZfDM-.jpg 1200w,https:\/\/media.inmobalia.com\/imgV1\/B8vEv5Xh~9eLgpFkvD55S4O4_vRpfi7Zj~8WTFZMGThfizi~_Y~NgoiVzdN9MsuXYCpgHq7NOfhSSsV~~CvXOR8biNDSQCuIy3z~JafSwduxBEndespnQYPOGloQON4~nZQvJO4p~Ux4blUiHlxtHyrDXt7lC1fVOTgRkV3arso5Gem38WhMdktvdddwXg--.jpg 774w\" type=\"image\/webp\"><img loading=\"lazy\" decoding=\"async\" class=\"image-fit\" alt=\"Oportunidad excepcional de villa en parcela de 943m\u00b2 en La Mont\u00faa, Marbella - construcci\u00f3n parcialmente completada.\" width=\"1200\" height=\"675\" src=\"https:\/\/media.inmobalia.com\/imgV1\/B8vEv5Xh_V8qnoSVk7qSASjn74Cba02xOISAE9lNaqraa5CpOMK9Nt2JTrsYUiL2RjMMKGoLqNGD1J0sjvO5HdNAAyfvs0isScKXuAfksxipX7aVR3BU5C0FWk9MYURVF7Pq0cCcb84WWwbYlvmnGvtXNhQL7tqaA1N06i0gtA--.jpg\"><\/picture>\t\t\t<\/figure>\n\t<div class=\"h-100 d-flex flex-column\">\n\t\t<span class=\"d-block card-area\">\n\t\t\tBenahavis\t\t<\/span>\n\t\t\n<div class=\"card-price d-flex flex-column\">\n\t\t\t\t\t\t\t\t<strong class=\"card-price\"><span data-original-price=\"1400000\">1.400.000\u00a0\u20ac<\/span><\/strong>\n\t\t\t\t\t\t\n\t\t\t\n\t\t\t\t<\/div>\n\t\t<ul class=\"card-features list-unstyled d-flex flex-wrap align-items-center mb-0\">\n\t\t\t\t\t\t\t<li class=\"d-flex align-items-center me-3\">\n\t\t\t\t\t943 m&sup2; parcela\t\t\t\t<\/li>\n\t\t\t\t\t<\/ul>\n\t\t<h4 class=\"card-title mb-0\">\n\t\t\t<a class=\"stretched-link\" href=\"\/venta\/benahavis\/parcelas-y-terrenos\/267\">Oportunidad excepcional de villa en parcela de 943m\u00b2 en La Mont\u00faa, Marbella - construcci\u00f3n parcialmente completada.<\/a>\n\t\t<\/h4>\n\t\t\t<\/div>\n<\/article>\t\t\t\t\t\t<article class=\"f-carousel__slide card col position-relative flex-column\">\n\t<figure class=\"position-relative w-100 mb-2\">\n\t\t<a class=\"card-portfolio position-absolute\" data-pfl-id=\"686524\" data-pfl-filter=\"sale\" href=\"#\">\n\t\t\t<svg width=\"20\" fill=\"currentColor\" viewBox=\"0 0 512 512\">\n\t\t\t\t<use href=\"https:\/\/www.homewatch.es\/wp-content\/themes\/inmobasolidbase\/dist\/src\/images\/icons.svg#svgPortfolio\"\/>\n\t\t\t<\/svg>\n\t\t\t<svg class=\"d-none\" width=\"20\" fill=\"currentColor\" viewBox=\"0 0 512 512\">\n\t\t\t\t<use href=\"https:\/\/www.homewatch.es\/wp-content\/themes\/inmobasolidbase\/dist\/src\/images\/icons.svg#svgPortfolioIn\"\/>\n\t\t\t<\/svg>\n\t\t<\/a>\n\t\t<picture class=\"ratio ratio-4x3\"><source width=\"1200\" height=\"675\" srcset=\"https:\/\/media.inmobalia.com\/imgV1\/B8vEv5Xh_V8qnoSVk7qSFqTF0IzVRRA8CyHfYqz7g6KcTAfPL7sV7GC77J1A~r1lroa84n0sHf~T0C8yK2phPLP5TcJCWe_smz9HMKAViul8S4X0eVk8DGrTR67M_VBen1CKFKG1zCr_kiMQwlNci0RTkAQLFXRjZrEJfNknv6DgY3W5IK2FZVktbnkw1mo-.jpg 1200w,https:\/\/media.inmobalia.com\/imgV1\/B8vEv5Xh_V8qnoSVk7lzWYOK4ddJYMQONEMpHDBLdBNbXMygBHW86n2cwMIHM5bIfbq4MPlGB66hOI7zKIU2Tp4hBFoOd5y8_onF9k5NzaKnzNvqz~JMdLVe7IiziFAhpfBu_nzOJfJ9vSGVDo4_IowhvRhhpFKPEd0Li1AvLqxpW4esNZRXE~BTEq~c4kk-.jpg 1200w,https:\/\/media.inmobalia.com\/imgV1\/B8vEv5Xh~9eLgpFkvD55S4O4_vRpfi7Zj~8WTFZMGThfizi~_Y~NgoiVzdN9MsuXYCpgHq7NOfhSSsV~~CvXOR8biNDSQCuIy3z~JafSwduxBEndespnQYPOGloQON4~nZQvKzPuww6XyUPAgIS_VnO5pnwwbE0eHr8U14zlDgSoWcLIFd_Dau2I6WFNCg--.jpg 774w\" type=\"image\/webp\"><img loading=\"lazy\" decoding=\"async\" class=\"image-fit\" alt=\"Espectacular apartamento primera l\u00ednea de playa en Puerto Ban\u00fas con vistas directas al mar y servicios exclusivos.\" width=\"1200\" height=\"675\" src=\"https:\/\/media.inmobalia.com\/imgV1\/B8vEv5Xh_V8qnoSVk7qSASjn74Cba02xOISAE9lNaqraa5CpOMK9Nt2JTrsYUiL2RjMMKGoLqNGD1J0sjvO5HdNAAyfvs0isScKXuAfksxipX7aVSKnsREzZ4C9gx6fIQ62gqj19KfCp5ZTsRhfUlYaonMy2nm9JwA6zKW9iqg--.jpg\"><\/picture>\t\t\t<\/figure>\n\t<div class=\"h-100 d-flex flex-column\">\n\t\t<span class=\"d-block card-area\">\n\t\t\tBenahavis\t\t<\/span>\n\t\t\n<div class=\"card-price d-flex flex-column\">\n\t\t\t\t\t\t\t\t<strong class=\"card-price\"><span data-original-price=\"950000\">950.000\u00a0\u20ac<\/span><\/strong>\n\t\t\t\t\t\t\n\t\t\t\n\t\t\t\t<\/div>\n\t\t<ul class=\"card-features list-unstyled d-flex flex-wrap align-items-center mb-0\">\n\t\t\t\t\t\t\t<li class=\"d-flex align-items-center me-3\">\n\t\t\t\t\t2 dormitorios\t\t\t\t<\/li>\n\t\t\t\t\t\t\t<li class=\"d-flex align-items-center me-3\">\n\t\t\t\t\t2 ba\u00f1os\t\t\t\t<\/li>\n\t\t\t\t\t\t\t<li class=\"d-flex align-items-center me-3\">\n\t\t\t\t\t91 m&sup2; construido\t\t\t\t<\/li>\n\t\t\t\t\t<\/ul>\n\t\t<h4 class=\"card-title mb-0\">\n\t\t\t<a class=\"stretched-link\" href=\"\/venta\/benahavis\/apartamentos-y-pisos\/266\">Espectacular apartamento primera l\u00ednea de playa en Puerto Ban\u00fas con vistas directas al mar y servicios exclusivos.<\/a>\n\t\t<\/h4>\n\t\t\t<\/div>\n<\/article>\t\t\t\t\t\t<article class=\"f-carousel__slide card col position-relative flex-column\">\n\t<figure class=\"position-relative w-100 mb-2\">\n\t\t<a class=\"card-portfolio position-absolute\" data-pfl-id=\"686523\" data-pfl-filter=\"sale\" href=\"#\">\n\t\t\t<svg width=\"20\" fill=\"currentColor\" viewBox=\"0 0 512 512\">\n\t\t\t\t<use href=\"https:\/\/www.homewatch.es\/wp-content\/themes\/inmobasolidbase\/dist\/src\/images\/icons.svg#svgPortfolio\"\/>\n\t\t\t<\/svg>\n\t\t\t<svg class=\"d-none\" width=\"20\" fill=\"currentColor\" viewBox=\"0 0 512 512\">\n\t\t\t\t<use href=\"https:\/\/www.homewatch.es\/wp-content\/themes\/inmobasolidbase\/dist\/src\/images\/icons.svg#svgPortfolioIn\"\/>\n\t\t\t<\/svg>\n\t\t<\/a>\n\t\t<picture class=\"ratio ratio-4x3\"><source width=\"1200\" height=\"675\" srcset=\"https:\/\/media.inmobalia.com\/imgV1\/B8vEv5Xh_V8qnoSVk7qSFqTF0IzVRRA8CyHfYqz7g6KcTAfPL7sV7GC77J1A~r1lroa84n0sHf~T0C8yK2phPLP5TcJCWe_smz9HMKAViul8S4X0eVk8DGrTR67M_VBen1CKFKD4G8yOvb_nKFSSA~JJXphjJjBwUs4pe9om8bvVpOcrsriaQ2PCeSEJBOo-.jpg 1200w,https:\/\/media.inmobalia.com\/imgV1\/B8vEv5Xh_V8qnoSVk7lzWYOK4ddJYMQONEMpHDBLdBNbXMygBHW86n2cwMIHM5bIfbq4MPlGB66hOI7zKIU2Tp4hBFoOd5y8_onF9k5NzaKnzNvqz~JMdLVe7IiziFAhpfBu_n2JFLD1KX~b6PUViqpjuFzOyLXrycc3w9fA6tgICeW_k0wcx3JmX~6u9ns-.jpg 1200w,https:\/\/media.inmobalia.com\/imgV1\/B8vEv5Xh~9eLgpFkvD55S4O4_vRpfi7Zj~8WTFZMGThfizi~_Y~NgoiVzdN9MsuXYCpgHq7NOfhSSsV~~CvXOR8biNDSQCuIy3z~JafSwduxBEndespnQYPOGloQON4~nZQvKq23aEQsHewckVAAE~1okZl9C~kLBefc8kac7xNl8WPgzPNSXHY5lhTvbA--.jpg 774w\" type=\"image\/webp\"><img loading=\"lazy\" decoding=\"async\" class=\"image-fit\" alt=\"Elegante \u00e1tico en el prestigioso Puente Romano II con terraza oeste y servicios exclusivos en la Milla de Oro de Marbella.\" width=\"1200\" height=\"675\" src=\"https:\/\/media.inmobalia.com\/imgV1\/B8vEv5Xh_V8qnoSVk7qSASjn74Cba02xOISAE9lNaqraa5CpOMK9Nt2JTrsYUiL2RjMMKGoLqNGD1J0sjvO5HdNAAyfvs0isScKXuAfksxipX7aVSZjMrMa9q3ljFn4mx1dMOumEFBJUKIGHMDra3CznkPQMlGKkSyw~kKU9HA--.jpg\"><\/picture>\t\t\t<\/figure>\n\t<div class=\"h-100 d-flex flex-column\">\n\t\t<span class=\"d-block card-area\">\n\t\t\tBenahavis\t\t<\/span>\n\t\t\n<div class=\"card-price d-flex flex-column\">\n\t\t\t\t\t\t\t\t<strong class=\"card-price\"><span data-original-price=\"2900000\">2.900.000\u00a0\u20ac<\/span><\/strong>\n\t\t\t\t\t\t\n\t\t\t\n\t\t\t\t<\/div>\n\t\t<ul class=\"card-features list-unstyled d-flex flex-wrap align-items-center mb-0\">\n\t\t\t\t\t\t\t<li class=\"d-flex align-items-center me-3\">\n\t\t\t\t\t2 dormitorios\t\t\t\t<\/li>\n\t\t\t\t\t\t\t<li class=\"d-flex align-items-center me-3\">\n\t\t\t\t\t2 ba\u00f1os\t\t\t\t<\/li>\n\t\t\t\t\t\t\t<li class=\"d-flex align-items-center me-3\">\n\t\t\t\t\t141 m&sup2; construido\t\t\t\t<\/li>\n\t\t\t\t\t<\/ul>\n\t\t<h4 class=\"card-title mb-0\">\n\t\t\t<a class=\"stretched-link\" href=\"\/venta\/benahavis\/casas\/265\">Elegante \u00e1tico en el prestigioso Puente Romano II con terraza oeste y servicios exclusivos en la Milla de Oro de Marbella.<\/a>\n\t\t<\/h4>\n\t\t\t<\/div>\n<\/article>\t\t\t\t\t\t<article class=\"f-carousel__slide card col position-relative flex-column\">\n\t<figure class=\"position-relative w-100 mb-2\">\n\t\t<a class=\"card-portfolio position-absolute\" data-pfl-id=\"686522\" data-pfl-filter=\"sale\" href=\"#\">\n\t\t\t<svg width=\"20\" fill=\"currentColor\" viewBox=\"0 0 512 512\">\n\t\t\t\t<use href=\"https:\/\/www.homewatch.es\/wp-content\/themes\/inmobasolidbase\/dist\/src\/images\/icons.svg#svgPortfolio\"\/>\n\t\t\t<\/svg>\n\t\t\t<svg class=\"d-none\" width=\"20\" fill=\"currentColor\" viewBox=\"0 0 512 512\">\n\t\t\t\t<use href=\"https:\/\/www.homewatch.es\/wp-content\/themes\/inmobasolidbase\/dist\/src\/images\/icons.svg#svgPortfolioIn\"\/>\n\t\t\t<\/svg>\n\t\t<\/a>\n\t\t<picture class=\"ratio ratio-4x3\"><source width=\"1200\" height=\"675\" srcset=\"https:\/\/media.inmobalia.com\/imgV1\/B8vEv5Xh_V8qnoSVk7qSFqTF0IzVRRA8CyHfYqz7g6KcTAfPL7sV7GC77J1A~r1lroa84n0sHf~T0C8yK2phPLP5TcJCWe_smz9HMKAViul8S4X0eVk8DGrTR67M_VBen1CKFKPnkWs6Qo8W2t4rGknXRQ_w~I4UpIWLtkQeM4GWKkOFI1T44cmrH__ueoA-.jpg 1200w,https:\/\/media.inmobalia.com\/imgV1\/B8vEv5Xh_V8qnoSVk7lzWYOK4ddJYMQONEMpHDBLdBNbXMygBHW86n2cwMIHM5bIfbq4MPlGB66hOI7zKIU2Tp4hBFoOd5y8_onF9k5NzaKnzNvqz~JMdLVe7IiziFAhpfBu_n7IZwGTWTTxpogK7vWnSnNgolqbDRyEDN0xZRadYO8vw7RkgX9gMPTYo5Y-.jpg 1200w,https:\/\/media.inmobalia.com\/imgV1\/B8vEv5Xh~9eLgpFkvD55S4O4_vRpfi7Zj~8WTFZMGThfizi~_Y~NgoiVzdN9MsuXYCpgHq7NOfhSSsV~~CvXOR8biNDSQCuIy3z~JafSwduxBEndespnQYPOGloQON4~nZQvKfn1cjOo7fB9fA2BTAD6ObDlbONDGH6~1pU0ll_MWQ6OhWE2s8jGj~wbxA--.jpg 774w\" type=\"image\/webp\"><img loading=\"lazy\" decoding=\"async\" class=\"image-fit\" alt=\"Villa contempor\u00e1nea excepcional en Hacienda Las Chapas con vistas al mar, piscina infinita y acabados premium por \u20ac3.350.000.\" width=\"1200\" height=\"675\" src=\"https:\/\/media.inmobalia.com\/imgV1\/B8vEv5Xh_V8qnoSVk7qSASjn74Cba02xOISAE9lNaqraa5CpOMK9Nt2JTrsYUiL2RjMMKGoLqNGD1J0sjvO5HdNAAyfvs0isScKXuAfksxipX7aVSkusRv4mZQS9Fd1wRoLijuWZZSwH59agioA7_HXLQCuqnnhXNEutfhfOOA--.jpg\"><\/picture>\t\t\t<\/figure>\n\t<div class=\"h-100 d-flex flex-column\">\n\t\t<span class=\"d-block card-area\">\n\t\t\tBenahavis\t\t<\/span>\n\t\t\n<div class=\"card-price d-flex flex-column\">\n\t\t\t\t\t\t\t\t<strong class=\"card-price\"><span data-original-price=\"3350000\">3.350.000\u00a0\u20ac<\/span><\/strong>\n\t\t\t\t\t\t\n\t\t\t\n\t\t\t\t<\/div>\n\t\t<ul class=\"card-features list-unstyled d-flex flex-wrap align-items-center mb-0\">\n\t\t\t\t\t\t\t<li class=\"d-flex align-items-center me-3\">\n\t\t\t\t\t4 dormitorios\t\t\t\t<\/li>\n\t\t\t\t\t\t\t<li class=\"d-flex align-items-center me-3\">\n\t\t\t\t\t4 ba\u00f1os\t\t\t\t<\/li>\n\t\t\t\t\t\t\t<li class=\"d-flex align-items-center me-3\">\n\t\t\t\t\t545 m&sup2; construido\t\t\t\t<\/li>\n\t\t\t\t\t\t\t<li class=\"d-flex align-items-center me-3\">\n\t\t\t\t\t1344 m&sup2; parcela\t\t\t\t<\/li>\n\t\t\t\t\t<\/ul>\n\t\t<h4 class=\"card-title mb-0\">\n\t\t\t<a class=\"stretched-link\" href=\"\/venta\/benahavis\/casas-de-campo-y-fincas\/264\">Villa contempor\u00e1nea excepcional en Hacienda Las Chapas con vistas al mar, piscina infinita y acabados premium por \u20ac3.350.000.<\/a>\n\t\t<\/h4>\n\t\t\t<\/div>\n<\/article>\t\t\t\t\t\t<article class=\"f-carousel__slide card col position-relative flex-column\">\n\t<figure class=\"position-relative w-100 mb-2\">\n\t\t<a class=\"card-portfolio position-absolute\" data-pfl-id=\"686521\" data-pfl-filter=\"sale\" href=\"#\">\n\t\t\t<svg width=\"20\" fill=\"currentColor\" viewBox=\"0 0 512 512\">\n\t\t\t\t<use href=\"https:\/\/www.homewatch.es\/wp-content\/themes\/inmobasolidbase\/dist\/src\/images\/icons.svg#svgPortfolio\"\/>\n\t\t\t<\/svg>\n\t\t\t<svg class=\"d-none\" width=\"20\" fill=\"currentColor\" viewBox=\"0 0 512 512\">\n\t\t\t\t<use href=\"https:\/\/www.homewatch.es\/wp-content\/themes\/inmobasolidbase\/dist\/src\/images\/icons.svg#svgPortfolioIn\"\/>\n\t\t\t<\/svg>\n\t\t<\/a>\n\t\t<picture class=\"ratio ratio-4x3\"><source width=\"1200\" height=\"675\" srcset=\"https:\/\/media.inmobalia.com\/imgV1\/B8vEv5Xh_V8qnoSVk7qSFqTF0IzVRRA8CyHfYqz7g6KcTAfPL7sV7GC77J1A~r1lroa84n0sHf~T0C8yK2phPLP5TcJCWe_smz9HMKAViul8S4X0eVk8DGrTR67M_VBen1CKFKItEdGxTsY7cG5aMdJpF_dBdD5~eGt3xTGjpI4KnbLkNi_Eb_lmI4W3nJ8-.jpg 1200w,https:\/\/media.inmobalia.com\/imgV1\/B8vEv5Xh_V8qnoSVk7lzWYOK4ddJYMQONEMpHDBLdBNbXMygBHW86n2cwMIHM5bIfbq4MPlGB66hOI7zKIU2Tp4hBFoOd5y8_onF9k5NzaKnzNvqz~JMdLVe7IiziFAhpfBu_n_hbDlAAtHYiU5jhwcuu3qm7KRbdUY~K9vAHn4kcdMI_B3_yZQBTxS9FtI-.jpg 1200w,https:\/\/media.inmobalia.com\/imgV1\/B8vEv5Xh~9eLgpFkvD55S4O4_vRpfi7Zj~8WTFZMGThfizi~_Y~NgoiVzdN9MsuXYCpgHq7NOfhSSsV~~CvXOR8biNDSQCuIy3z~JafSwduxBEndespnQYPOGloQON4~nZQvKPHykJP7lZMJ8CuIDwUUTEHdc9gp7smt9MRVLFZd5oGGdyJim2LmzL4Jug--.jpg 774w\" type=\"image\/webp\"><img loading=\"lazy\" decoding=\"async\" class=\"image-fit\" alt=\"Magn\u00edfico \u00e1tico d\u00faplex en exclusivo Embrujo Ban\u00fas con terraza de 300m\u00b2 y vistas panor\u00e1micas al Mediterr\u00e1neo.\" width=\"1200\" height=\"675\" src=\"https:\/\/media.inmobalia.com\/imgV1\/B8vEv5Xh_V8qnoSVk7qSASjn74Cba02xOISAE9lNaqraa5CpOMK9Nt2JTrsYUiL2RjMMKGoLqNGD1J0sjvO5HdNAAyfvs0isScKXuAfksxipX7aVS_sak9oRzCrWyWpmLdBoFHbClbbReOUVvJCqU1TfqxKEAad3rpElto68CQ--.jpg\"><\/picture>\t\t\t<\/figure>\n\t<div class=\"h-100 d-flex flex-column\">\n\t\t<span class=\"d-block card-area\">\n\t\t\tBenahavis\t\t<\/span>\n\t\t\n<div class=\"card-price d-flex flex-column\">\n\t\t\t\t\t\t\t\t<strong class=\"card-price\"><span data-original-price=\"4295000\">4.295.000\u00a0\u20ac<\/span><\/strong>\n\t\t\t\t\t\t\n\t\t\t\n\t\t\t\t<\/div>\n\t\t<ul class=\"card-features list-unstyled d-flex flex-wrap align-items-center mb-0\">\n\t\t\t\t\t\t\t<li class=\"d-flex align-items-center me-3\">\n\t\t\t\t\t4 dormitorios\t\t\t\t<\/li>\n\t\t\t\t\t\t\t<li class=\"d-flex align-items-center me-3\">\n\t\t\t\t\t4 ba\u00f1os\t\t\t\t<\/li>\n\t\t\t\t\t\t\t<li class=\"d-flex align-items-center me-3\">\n\t\t\t\t\t632 m&sup2; construido\t\t\t\t<\/li>\n\t\t\t\t\t<\/ul>\n\t\t<h4 class=\"card-title mb-0\">\n\t\t\t<a class=\"stretched-link\" href=\"\/venta\/benahavis\/casas\/253\">Magn\u00edfico \u00e1tico d\u00faplex en exclusivo Embrujo Ban\u00fas con terraza de 300m\u00b2 y vistas panor\u00e1micas al Mediterr\u00e1neo.<\/a>\n\t\t<\/h4>\n\t\t\t<\/div>\n<\/article>\t\t\t\t\t\t<article class=\"f-carousel__slide card col position-relative flex-column\">\n\t<figure class=\"position-relative w-100 mb-2\">\n\t\t<a class=\"card-portfolio position-absolute\" data-pfl-id=\"686520\" data-pfl-filter=\"sale\" href=\"#\">\n\t\t\t<svg width=\"20\" fill=\"currentColor\" viewBox=\"0 0 512 512\">\n\t\t\t\t<use href=\"https:\/\/www.homewatch.es\/wp-content\/themes\/inmobasolidbase\/dist\/src\/images\/icons.svg#svgPortfolio\"\/>\n\t\t\t<\/svg>\n\t\t\t<svg class=\"d-none\" width=\"20\" fill=\"currentColor\" viewBox=\"0 0 512 512\">\n\t\t\t\t<use href=\"https:\/\/www.homewatch.es\/wp-content\/themes\/inmobasolidbase\/dist\/src\/images\/icons.svg#svgPortfolioIn\"\/>\n\t\t\t<\/svg>\n\t\t<\/a>\n\t\t<picture class=\"ratio ratio-4x3\"><source width=\"1200\" height=\"675\" srcset=\"https:\/\/media.inmobalia.com\/imgV1\/B8vEv5Xh_V8qnoSVk7qSFqTF0IzVRRA8CyHfYqz7g6KcTAfPL7sV7GC77J1A~r1lroa84n0sHf~T0C8yK2phPLP5TcJCWe_smz9HMKAViul8S4X0eVk8DGrTR67M_VBen1CKFKUCsakTJYsy3l1Ewg6i07YgBzIhJf9y2Mg348xF1sdOmOygiZZgFRpSWEE-.jpg 1200w,https:\/\/media.inmobalia.com\/imgV1\/B8vEv5Xh_V8qnoSVk7lzWYOK4ddJYMQONEMpHDBLdBNbXMygBHW86n2cwMIHM5bIfbq4MPlGB66hOI7zKIU2Tp4hBFoOd5y8_onF9k5NzaKnzNvqz~JMdLVe7IiziFAhpfBu_nhlZzdUP9XaMS_GtwwG6xMYgkvfBeTUy1EG4QxIjPR3KPzyYy0DjdUNL1g-.jpg 1200w,https:\/\/media.inmobalia.com\/imgV1\/B8vEv5Xh~9eLgpFkvD55S4O4_vRpfi7Zj~8WTFZMGThfizi~_Y~NgoiVzdN9MsuXYCpgHq7NOfhSSsV~~CvXOR8biNDSQCuIy3z~JafSwduxBEndespnQYPOGloQON4~nZQvL9Se8C0MBgiCnjg9LLrpo__1wJdM2k31B1KufOYhSfqOU4TLfOzTYMGMKQ--.jpg 774w\" type=\"image\/webp\"><img loading=\"lazy\" decoding=\"async\" class=\"image-fit\" alt=\"Villa excepcional de 3 dormitorios en Milla de Oro de Marbella con piscina privada y vistas al mar - \u20ac6.350.000\" width=\"1200\" height=\"675\" src=\"https:\/\/media.inmobalia.com\/imgV1\/B8vEv5Xh_V8qnoSVk7qSASjn74Cba02xOISAE9lNaqraa5CpOMK9Nt2JTrsYUiL2RjMMKGoLqNGD1J0sjvO5HdNAAyfvs0isScKXuAfksxipX7aVTK7JBYwRkP0Nj3aJyv_f1dz7GBz7mTTQZjolrxuZM52T4hNpPEgqC131~A--.jpg\"><\/picture>\t\t\t<\/figure>\n\t<div class=\"h-100 d-flex flex-column\">\n\t\t<span class=\"d-block card-area\">\n\t\t\tBenahavis\t\t<\/span>\n\t\t\n<div class=\"card-price d-flex flex-column\">\n\t\t\t\t\t\t\t\t<strong class=\"card-price\"><span data-original-price=\"6350000\">6.350.000\u00a0\u20ac<\/span><\/strong>\n\t\t\t\t\t\t\n\t\t\t\n\t\t\t\t<\/div>\n\t\t<ul class=\"card-features list-unstyled d-flex flex-wrap align-items-center mb-0\">\n\t\t\t\t\t\t\t<li class=\"d-flex align-items-center me-3\">\n\t\t\t\t\t3 dormitorios\t\t\t\t<\/li>\n\t\t\t\t\t\t\t<li class=\"d-flex align-items-center me-3\">\n\t\t\t\t\t3 ba\u00f1os\t\t\t\t<\/li>\n\t\t\t\t\t\t\t<li class=\"d-flex align-items-center me-3\">\n\t\t\t\t\t714 m&sup2; construido\t\t\t\t<\/li>\n\t\t\t\t\t\t\t<li class=\"d-flex align-items-center me-3\">\n\t\t\t\t\t361 m&sup2; parcela\t\t\t\t<\/li>\n\t\t\t\t\t<\/ul>\n\t\t<h4 class=\"card-title mb-0\">\n\t\t\t<a class=\"stretched-link\" href=\"\/venta\/benahavis\/casas-de-campo-y-fincas\/262\">Villa excepcional de 3 dormitorios en Milla de Oro de Marbella con piscina privada y vistas al mar - \u20ac6.350.000<\/a>\n\t\t<\/h4>\n\t\t\t<\/div>\n<\/article>\t\t\t\t\t\t<article class=\"f-carousel__slide card col position-relative flex-column\">\n\t<figure class=\"position-relative w-100 mb-2\">\n\t\t<a class=\"card-portfolio position-absolute\" data-pfl-id=\"686519\" data-pfl-filter=\"sale\" href=\"#\">\n\t\t\t<svg width=\"20\" fill=\"currentColor\" viewBox=\"0 0 512 512\">\n\t\t\t\t<use href=\"https:\/\/www.homewatch.es\/wp-content\/themes\/inmobasolidbase\/dist\/src\/images\/icons.svg#svgPortfolio\"\/>\n\t\t\t<\/svg>\n\t\t\t<svg class=\"d-none\" width=\"20\" fill=\"currentColor\" viewBox=\"0 0 512 512\">\n\t\t\t\t<use href=\"https:\/\/www.homewatch.es\/wp-content\/themes\/inmobasolidbase\/dist\/src\/images\/icons.svg#svgPortfolioIn\"\/>\n\t\t\t<\/svg>\n\t\t<\/a>\n\t\t<picture class=\"ratio ratio-4x3\"><source width=\"1200\" height=\"675\" srcset=\"https:\/\/media.inmobalia.com\/imgV1\/B8vEv5Xh_V8qnoSVk7qSFqTF0IzVRRA8CyHfYqz7g6KcTAfPL7sV7GC77J1A~r1lroa84n0sHf~T0C8yK2phPLP5TcJCWe_smz9HMKAViul8S4X0eVk8DGrTR67M_VBen1CKFKQj5rEQfG658dpqjjswvTfTao0JUTDUqsQr5XtA2uxm92ntAwsnITVsjck-.jpg 1200w,https:\/\/media.inmobalia.com\/imgV1\/B8vEv5Xh_V8qnoSVk7lzWYOK4ddJYMQONEMpHDBLdBNbXMygBHW86n2cwMIHM5bIfbq4MPlGB66hOI7zKIU2Tp4hBFoOd5y8_onF9k5NzaKnzNvqz~JMdLVe7IiziFAhpfBu_nmNohgkTJ57Ctw30lLufSMyiopunswbywTzjGwuFez0VvY26nKO2T1J3Vc-.jpg 1200w,https:\/\/media.inmobalia.com\/imgV1\/B8vEv5Xh~9eLgpFkvD55S4O4_vRpfi7Zj~8WTFZMGThfizi~_Y~NgoiVzdN9MsuXYCpgHq7NOfhSSsV~~CvXOR8biNDSQCuIy3z~JafSwduxBEndespnQYPOGloQON4~nZQvLhgbsjYQeslCy0uW_KVvkt_sLfIRIc~JxVb6cLDf8dGa4rKyLmYAV_2s4w--.jpg 774w\" type=\"image\/webp\"><img loading=\"lazy\" decoding=\"async\" class=\"image-fit\" alt=\"Espectacular villa en Elviria con vistas al mar, jardines maduros y potencial de desarrollo \u00fanico en parcela de 3.565m\u00b2\" width=\"1200\" height=\"675\" src=\"https:\/\/media.inmobalia.com\/imgV1\/B8vEv5Xh_V8qnoSVk7qSASjn74Cba02xOISAE9lNaqraa5CpOMK9Nt2JTrsYUiL2RjMMKGoLqNGD1J0sjvO5HdNAAyfvs0isScKXuAfksxipX7aVTR29wb9O7yaL13swYrxTPeQ7cg0VHWLsjIAKkEqj5hnzQPxIKlzm8Nctpw--.jpg\"><\/picture>\t\t\t<\/figure>\n\t<div class=\"h-100 d-flex flex-column\">\n\t\t<span class=\"d-block card-area\">\n\t\t\tBenahavis\t\t<\/span>\n\t\t\n<div class=\"card-price d-flex flex-column\">\n\t\t\t\t\t\t\t\t<strong class=\"card-price\"><span data-original-price=\"3750000\">3.750.000\u00a0\u20ac<\/span><\/strong>\n\t\t\t\t\t\t\n\t\t\t\n\t\t\t\t<\/div>\n\t\t<ul class=\"card-features list-unstyled d-flex flex-wrap align-items-center mb-0\">\n\t\t\t\t\t\t\t<li class=\"d-flex align-items-center me-3\">\n\t\t\t\t\t4 dormitorios\t\t\t\t<\/li>\n\t\t\t\t\t\t\t<li class=\"d-flex align-items-center me-3\">\n\t\t\t\t\t3 ba\u00f1os\t\t\t\t<\/li>\n\t\t\t\t\t\t\t<li class=\"d-flex align-items-center me-3\">\n\t\t\t\t\t459 m&sup2; construido\t\t\t\t<\/li>\n\t\t\t\t\t\t\t<li class=\"d-flex align-items-center me-3\">\n\t\t\t\t\t3565 m&sup2; parcela\t\t\t\t<\/li>\n\t\t\t\t\t<\/ul>\n\t\t<h4 class=\"card-title mb-0\">\n\t\t\t<a class=\"stretched-link\" href=\"\/venta\/benahavis\/casas-de-campo-y-fincas\/263\">Espectacular villa en Elviria con vistas al mar, jardines maduros y potencial de desarrollo \u00fanico en parcela de 3.565m\u00b2<\/a>\n\t\t<\/h4>\n\t\t\t<\/div>\n<\/article>\t\t\t\t\t\t<article class=\"f-carousel__slide card col position-relative flex-column\">\n\t<figure class=\"position-relative w-100 mb-2\">\n\t\t<a class=\"card-portfolio position-absolute\" data-pfl-id=\"686518\" data-pfl-filter=\"sale\" href=\"#\">\n\t\t\t<svg width=\"20\" fill=\"currentColor\" viewBox=\"0 0 512 512\">\n\t\t\t\t<use href=\"https:\/\/www.homewatch.es\/wp-content\/themes\/inmobasolidbase\/dist\/src\/images\/icons.svg#svgPortfolio\"\/>\n\t\t\t<\/svg>\n\t\t\t<svg class=\"d-none\" width=\"20\" fill=\"currentColor\" viewBox=\"0 0 512 512\">\n\t\t\t\t<use href=\"https:\/\/www.homewatch.es\/wp-content\/themes\/inmobasolidbase\/dist\/src\/images\/icons.svg#svgPortfolioIn\"\/>\n\t\t\t<\/svg>\n\t\t<\/a>\n\t\t<picture class=\"ratio ratio-4x3\"><source width=\"1200\" height=\"675\" srcset=\"https:\/\/media.inmobalia.com\/imgV1\/B8vEv5Xh_V8qnoSVk7qSFqTF0IzVRRA8CyHfYqz7g6KcTAfPL7sV7GC77J1A~r1lroa84n0sHf~T0C8yK2phPLP5TcJCWe_smz9HMKAViul8S4X0eVk8DGrTR67M_VBen1CKFKfAdSixZ_iAMU3qhv_t_62mqg34gVBzf~VG1JG_ea2qDlnJTZzI4uuWDQw-.jpg 1200w,https:\/\/media.inmobalia.com\/imgV1\/B8vEv5Xh_V8qnoSVk7lzWYOK4ddJYMQONEMpHDBLdBNbXMygBHW86n2cwMIHM5bIfbq4MPlGB66hOI7zKIU2Tp4hBFoOd5y8_onF9k5NzaKnzNvqz~JMdLVe7IiziFAhpfBu_nrCDA4UZGN~QmIzbMEGSiaIPW9UEAI41DfSzuuZQRyPmI_pb9LCrJXDHws-.jpg 1200w,https:\/\/media.inmobalia.com\/imgV1\/B8vEv5Xh~9eLgpFkvD55S4O4_vRpfi7Zj~8WTFZMGThfizi~_Y~NgoiVzdN9MsuXYCpgHq7NOfhSSsV~~CvXOR8biNDSQCuIy3z~JafSwduxBEndespnQYPOGloQON4~nZQvLe5~dhQEQCut6PJ5_S1RcMkLOjltMdCc9XIiNwuD34SQaiCvT66JmELQEg--.jpg 774w\" type=\"image\/webp\"><img loading=\"lazy\" decoding=\"async\" class=\"image-fit\" alt=\"Villa excepcional en primera l\u00ednea de golf en La Quinta con impresionantes vistas al campo y valle.\" width=\"1200\" height=\"675\" src=\"https:\/\/media.inmobalia.com\/imgV1\/B8vEv5Xh_V8qnoSVk7qSASjn74Cba02xOISAE9lNaqraa5CpOMK9Nt2JTrsYUiL2RjMMKGoLqNGD1J0sjvO5HdNAAyfvs0isScKXuAfksxipX7aVTn9vDxIfRQS8xdjPxBmu4AHOqBDpRMc~U7uk_aFTzQVAGCcVMfgdAqdbSg--.jpg\"><\/picture>\t\t\t<\/figure>\n\t<div class=\"h-100 d-flex flex-column\">\n\t\t<span class=\"d-block card-area\">\n\t\t\tBenahavis\t\t<\/span>\n\t\t\n<div class=\"card-price d-flex flex-column\">\n\t\t\t\t\t\t\t\t<strong class=\"card-price\"><span data-original-price=\"1750000\">1.750.000\u00a0\u20ac<\/span><\/strong>\n\t\t\t\t\t\t\n\t\t\t\n\t\t\t\t<\/div>\n\t\t<ul class=\"card-features list-unstyled d-flex flex-wrap align-items-center mb-0\">\n\t\t\t\t\t\t\t<li class=\"d-flex align-items-center me-3\">\n\t\t\t\t\t4 dormitorios\t\t\t\t<\/li>\n\t\t\t\t\t\t\t<li class=\"d-flex align-items-center me-3\">\n\t\t\t\t\t3 ba\u00f1os\t\t\t\t<\/li>\n\t\t\t\t\t\t\t<li class=\"d-flex align-items-center me-3\">\n\t\t\t\t\t282 m&sup2; construido\t\t\t\t<\/li>\n\t\t\t\t\t\t\t<li class=\"d-flex align-items-center me-3\">\n\t\t\t\t\t1050 m&sup2; parcela\t\t\t\t<\/li>\n\t\t\t\t\t<\/ul>\n\t\t<h4 class=\"card-title mb-0\">\n\t\t\t<a class=\"stretched-link\" href=\"\/venta\/benahavis\/casas-de-campo-y-fincas\/260\">Villa excepcional en primera l\u00ednea de golf en La Quinta con impresionantes vistas al campo y valle.<\/a>\n\t\t<\/h4>\n\t\t\t<\/div>\n<\/article>\t\t\t\t\t\t<article class=\"f-carousel__slide card col position-relative flex-column\">\n\t<figure class=\"position-relative w-100 mb-2\">\n\t\t<a class=\"card-portfolio position-absolute\" data-pfl-id=\"686517\" data-pfl-filter=\"sale\" href=\"#\">\n\t\t\t<svg width=\"20\" fill=\"currentColor\" viewBox=\"0 0 512 512\">\n\t\t\t\t<use href=\"https:\/\/www.homewatch.es\/wp-content\/themes\/inmobasolidbase\/dist\/src\/images\/icons.svg#svgPortfolio\"\/>\n\t\t\t<\/svg>\n\t\t\t<svg class=\"d-none\" width=\"20\" fill=\"currentColor\" viewBox=\"0 0 512 512\">\n\t\t\t\t<use href=\"https:\/\/www.homewatch.es\/wp-content\/themes\/inmobasolidbase\/dist\/src\/images\/icons.svg#svgPortfolioIn\"\/>\n\t\t\t<\/svg>\n\t\t<\/a>\n\t\t<picture class=\"ratio ratio-4x3\"><source width=\"1200\" height=\"675\" srcset=\"https:\/\/media.inmobalia.com\/imgV1\/B8vEv5Xh_V8qnoSVk7qSFqTF0IzVRRA8CyHfYqz7g6KcTAfPL7sV7GC77J1A~r1lroa84n0sHf~T0C8yK2phPLP5TcJCWe_smz9HMKAViul8S4X0eVk8DGrTR67M_VBen1CKFKaPqOYpbsQT23HZat_s9mQILxg7tfQuXM7pRSrvu5aDDM7_sTytLwmxNlk-.jpg 1200w,https:\/\/media.inmobalia.com\/imgV1\/B8vEv5Xh_V8qnoSVk7lzWYOK4ddJYMQONEMpHDBLdBNbXMygBHW86n2cwMIHM5bIfbq4MPlGB66hOI7zKIU2Tp4hBFoOd5y8_onF9k5NzaKnzNvqz~JMdLVe7IiziFAhpfBu_nt8FHvHYwVL5y7s_ACNEZPDlq7vnHq2W_4fIRcu84Ztg~scqvi3gH~unrQ-.jpg 1200w,https:\/\/media.inmobalia.com\/imgV1\/B8vEv5Xh~9eLgpFkvD55S4O4_vRpfi7Zj~8WTFZMGThfizi~_Y~NgoiVzdN9MsuXYCpgHq7NOfhSSsV~~CvXOR8biNDSQCuIy3z~JafSwduxBEndespnQYPOGloQON4~nZQvLJw0L9mE05ssk047kwQFhcjd2LLM9F4tlV_KH7ZzmQNY31jgit5kI4Hyng--.jpg 774w\" type=\"image\/webp\"><img loading=\"lazy\" decoding=\"async\" class=\"image-fit\" alt=\"Espectacular villa contempor\u00e1nea en exclusivo El Madro\u00f1al con 8 dormitorios y impresionantes vistas al mar y monta\u00f1a.\" width=\"1200\" height=\"675\" src=\"https:\/\/media.inmobalia.com\/imgV1\/B8vEv5Xh_V8qnoSVk7qSASjn74Cba02xOISAE9lNaqraa5CpOMK9Nt2JTrsYUiL2RjMMKGoLqNGD1J0sjvO5HdNAAyfvs0isScKXuAfksxipX7aVT4nAFaXq1XdCq2IfByPW9WmGMZe6njFxcC7Ml48vd0YtRwN8F0Cw1ntvAQ--.jpg\"><\/picture>\t\t\t<\/figure>\n\t<div class=\"h-100 d-flex flex-column\">\n\t\t<span class=\"d-block card-area\">\n\t\t\tBenahavis\t\t<\/span>\n\t\t\n<div class=\"card-price d-flex flex-column\">\n\t\t\t\t\t\t\t\t<strong class=\"card-price\"><span data-original-price=\"4450000\">4.450.000\u00a0\u20ac<\/span><\/strong>\n\t\t\t\t\t\t\n\t\t\t\n\t\t\t\t<\/div>\n\t\t<ul class=\"card-features list-unstyled d-flex flex-wrap align-items-center mb-0\">\n\t\t\t\t\t\t\t<li class=\"d-flex align-items-center me-3\">\n\t\t\t\t\t8 dormitorios\t\t\t\t<\/li>\n\t\t\t\t\t\t\t<li class=\"d-flex align-items-center me-3\">\n\t\t\t\t\t7 ba\u00f1os\t\t\t\t<\/li>\n\t\t\t\t\t\t\t<li class=\"d-flex align-items-center me-3\">\n\t\t\t\t\t598 m&sup2; construido\t\t\t\t<\/li>\n\t\t\t\t\t\t\t<li class=\"d-flex align-items-center me-3\">\n\t\t\t\t\t1865 m&sup2; parcela\t\t\t\t<\/li>\n\t\t\t\t\t<\/ul>\n\t\t<h4 class=\"card-title mb-0\">\n\t\t\t<a class=\"stretched-link\" href=\"\/venta\/benahavis\/casas-de-campo-y-fincas\/259\">Espectacular villa contempor\u00e1nea en exclusivo El Madro\u00f1al con 8 dormitorios y impresionantes vistas al mar y monta\u00f1a.<\/a>\n\t\t<\/h4>\n\t\t\t<\/div>\n<\/article>\t\t\t\t\t\t<article class=\"f-carousel__slide card col position-relative flex-column\">\n\t<figure class=\"position-relative w-100 mb-2\">\n\t\t<a class=\"card-portfolio position-absolute\" data-pfl-id=\"686516\" data-pfl-filter=\"sale\" href=\"#\">\n\t\t\t<svg width=\"20\" fill=\"currentColor\" viewBox=\"0 0 512 512\">\n\t\t\t\t<use href=\"https:\/\/www.homewatch.es\/wp-content\/themes\/inmobasolidbase\/dist\/src\/images\/icons.svg#svgPortfolio\"\/>\n\t\t\t<\/svg>\n\t\t\t<svg class=\"d-none\" width=\"20\" fill=\"currentColor\" viewBox=\"0 0 512 512\">\n\t\t\t\t<use href=\"https:\/\/www.homewatch.es\/wp-content\/themes\/inmobasolidbase\/dist\/src\/images\/icons.svg#svgPortfolioIn\"\/>\n\t\t\t<\/svg>\n\t\t<\/a>\n\t\t<picture class=\"ratio ratio-4x3\"><source width=\"1200\" height=\"675\" srcset=\"https:\/\/media.inmobalia.com\/imgV1\/B8vEv5Xh_V8qnoSVk7qSFqTF0IzVRRA8CyHfYqz7g6KcTAfPL7sV7GC77J1A~r1lroa84n0sHf~T0C8yK2phPLP5TcJCWe_smz9HMKAViul8S4X0eVk8DGrTR67M_VBen1CKEyLY8QNKlTQ9KXYsSYRvdnTdqVqpU6rPa9obFHQfK0Z6lbfzIR_nrF9eqRM-.jpg 1200w,https:\/\/media.inmobalia.com\/imgV1\/B8vEv5Xh_V8qnoSVk7lzWYOK4ddJYMQONEMpHDBLdBNbXMygBHW86n2cwMIHM5bIfbq4MPlGB66hOI7zKIU2Tp4hBFoOd5y8_onF9k5NzaKnzNvqz~JMdLVe7IiziFAhpfBu~b0a~9IHfFYBeDwKcV9uUSQdXcQr3ZcyDItXl07VgOth7M4qOI6M05HvaRo-.jpg 1200w,https:\/\/media.inmobalia.com\/imgV1\/B8vEv5Xh~9eLgpFkvD55S4O4_vRpfi7Zj~8WTFZMGThfizi~_Y~NgoiVzdN9MsuXYCpgHq7NOfhSSsV~~CvXOR8biNDSQCuIy3z~JafSwduxBEndespnQYPOGloQON4~nZQo39D7Tjv1Yog0DqAiPeGW70x1HZ8gF5NtmMpM0PujakMTnN4kEd85WruAdQ--.jpg 774w\" type=\"image\/webp\"><img loading=\"lazy\" decoding=\"async\" class=\"image-fit\" alt=\"Excepcional d\u00faplex dise\u00f1ado por Fendi en EPIC Marbella, Milla de Oro, con servicios premium y acabados de lujo.\" width=\"1200\" height=\"675\" src=\"https:\/\/media.inmobalia.com\/imgV1\/B8vEv5Xh_V8qnoSVk7qSASjn74Cba02xOISAE9lNaqraa5CpOMK9Nt2JTrsYUiL2RjMMKGoLqNGD1J0sjvO5HdNAAyfvs0isScKXuAfksxipX7aS66J65IZAbvELiedK4vcmx6Ww5tXo89d79_W39uBMz4lshHWCY0sXr1bEAQ--.jpg\"><\/picture>\t\t\t<\/figure>\n\t<div class=\"h-100 d-flex flex-column\">\n\t\t<span class=\"d-block card-area\">\n\t\t\tBenahavis\t\t<\/span>\n\t\t\n<div class=\"card-price d-flex flex-column\">\n\t\t\t\t\t\t\t\t<strong class=\"card-price\"><span data-original-price=\"200000\">200.000\u00a0\u20ac<\/span><\/strong>\n\t\t\t\t\t\t\n\t\t\t\n\t\t\t\t<\/div>\n\t\t<ul class=\"card-features list-unstyled d-flex flex-wrap align-items-center mb-0\">\n\t\t\t\t\t\t\t<li class=\"d-flex align-items-center me-3\">\n\t\t\t\t\t4 dormitorios\t\t\t\t<\/li>\n\t\t\t\t\t\t\t<li class=\"d-flex align-items-center me-3\">\n\t\t\t\t\t4 ba\u00f1os\t\t\t\t<\/li>\n\t\t\t\t\t\t\t<li class=\"d-flex align-items-center me-3\">\n\t\t\t\t\t374 m&sup2; construido\t\t\t\t<\/li>\n\t\t\t\t\t<\/ul>\n\t\t<h4 class=\"card-title mb-0\">\n\t\t\t<a class=\"stretched-link\" href=\"\/venta\/benahavis\/apartamentos-y-pisos\/261\">Excepcional d\u00faplex dise\u00f1ado por Fendi en EPIC Marbella, Milla de Oro, con servicios premium y acabados de lujo.<\/a>\n\t\t<\/h4>\n\t\t\t<\/div>\n<\/article>\t\t\t\t\t\t<article class=\"f-carousel__slide card col position-relative flex-column\">\n\t<figure class=\"position-relative w-100 mb-2\">\n\t\t<a class=\"card-portfolio position-absolute\" data-pfl-id=\"686515\" data-pfl-filter=\"sale\" href=\"#\">\n\t\t\t<svg width=\"20\" fill=\"currentColor\" viewBox=\"0 0 512 512\">\n\t\t\t\t<use href=\"https:\/\/www.homewatch.es\/wp-content\/themes\/inmobasolidbase\/dist\/src\/images\/icons.svg#svgPortfolio\"\/>\n\t\t\t<\/svg>\n\t\t\t<svg class=\"d-none\" width=\"20\" fill=\"currentColor\" viewBox=\"0 0 512 512\">\n\t\t\t\t<use href=\"https:\/\/www.homewatch.es\/wp-content\/themes\/inmobasolidbase\/dist\/src\/images\/icons.svg#svgPortfolioIn\"\/>\n\t\t\t<\/svg>\n\t\t<\/a>\n\t\t<picture class=\"ratio ratio-4x3\"><source width=\"1200\" height=\"675\" srcset=\"https:\/\/media.inmobalia.com\/imgV1\/B8vEv5Xh_V8qnoSVk7qSFqTF0IzVRRA8CyHfYqz7g6KcTAfPL7sV7GC77J1A~r1lroa84n0sHf~T0C8yK2phPLP5TcJCWe_smz9HMKAViul8S4X0eVk8DGrTR67M_VBen1CKEyPprCxpbMS4LMkL09hqg72lk~dQ7dKpgHfNGAGk_lzuVGAQ5qYZ2Z4H6PQ-.jpg 1200w,https:\/\/media.inmobalia.com\/imgV1\/B8vEv5Xh_V8qnoSVk7lzWYOK4ddJYMQONEMpHDBLdBNbXMygBHW86n2cwMIHM5bIfbq4MPlGB66hOI7zKIU2Tp4hBFoOd5y8_onF9k5NzaKnzNvqz~JMdLVe7IiziFAhpfBu~bxeAVGmlQmXd3ThxefL2nX1tgkhzl3tlCW2q8DbZb2L4akpVR1TtoXeLBE-.jpg 1200w,https:\/\/media.inmobalia.com\/imgV1\/B8vEv5Xh~9eLgpFkvD55S4O4_vRpfi7Zj~8WTFZMGThfizi~_Y~NgoiVzdN9MsuXYCpgHq7NOfhSSsV~~CvXOR8biNDSQCuIy3z~JafSwduxBEndespnQYPOGloQON4~nZQo3jnmIxONeeA8sordxb6ZNAL_yqSCDSFA6mNekZ6Jyko~060o8YV8jjJEqw--.jpg 774w\" type=\"image\/webp\"><img loading=\"lazy\" decoding=\"async\" class=\"image-fit\" alt=\"Espectacular \u00e1tico d\u00faplex en la Milla de Oro de Marbella con piscina privada en azotea y vistas panor\u00e1micas al mar - \u20ac6,5M\" width=\"1200\" height=\"675\" src=\"https:\/\/media.inmobalia.com\/imgV1\/B8vEv5Xh_V8qnoSVk7qSASjn74Cba02xOISAE9lNaqraa5CpOMK9Nt2JTrsYUiL2RjMMKGoLqNGD1J0sjvO5HdNAAyfvs0isScKXuAfksxipX7aS6oKbM7~kzJlqpk_DtuRMNwbm3DKrjoD2dyyGv2ulP9NJZlPYlHREC20AGQ--.jpg\"><\/picture>\t\t\t<\/figure>\n\t<div class=\"h-100 d-flex flex-column\">\n\t\t<span class=\"d-block card-area\">\n\t\t\tBenahavis\t\t<\/span>\n\t\t\n<div class=\"card-price d-flex flex-column\">\n\t\t\t\t\t\t\t\t<strong class=\"card-price\"><span data-original-price=\"6500000\">6.500.000\u00a0\u20ac<\/span><\/strong>\n\t\t\t\t\t\t\n\t\t\t\n\t\t\t\t<\/div>\n\t\t<ul class=\"card-features list-unstyled d-flex flex-wrap align-items-center mb-0\">\n\t\t\t\t\t\t\t<li class=\"d-flex align-items-center me-3\">\n\t\t\t\t\t3 dormitorios\t\t\t\t<\/li>\n\t\t\t\t\t\t\t<li class=\"d-flex align-items-center me-3\">\n\t\t\t\t\t3 ba\u00f1os\t\t\t\t<\/li>\n\t\t\t\t\t\t\t<li class=\"d-flex align-items-center me-3\">\n\t\t\t\t\t579 m&sup2; construido\t\t\t\t<\/li>\n\t\t\t\t\t<\/ul>\n\t\t<h4 class=\"card-title mb-0\">\n\t\t\t<a class=\"stretched-link\" href=\"\/venta\/benahavis\/casas\/280\">Espectacular \u00e1tico d\u00faplex en la Milla de Oro de Marbella con piscina privada en azotea y vistas panor\u00e1micas al mar - \u20ac6,5M<\/a>\n\t\t<\/h4>\n\t\t\t<\/div>\n<\/article>\t\t\t\t\t\t<article class=\"f-carousel__slide card col position-relative flex-column\">\n\t<figure class=\"position-relative w-100 mb-2\">\n\t\t<a class=\"card-portfolio position-absolute\" data-pfl-id=\"686514\" data-pfl-filter=\"sale\" href=\"#\">\n\t\t\t<svg width=\"20\" fill=\"currentColor\" viewBox=\"0 0 512 512\">\n\t\t\t\t<use href=\"https:\/\/www.homewatch.es\/wp-content\/themes\/inmobasolidbase\/dist\/src\/images\/icons.svg#svgPortfolio\"\/>\n\t\t\t<\/svg>\n\t\t\t<svg class=\"d-none\" width=\"20\" fill=\"currentColor\" viewBox=\"0 0 512 512\">\n\t\t\t\t<use href=\"https:\/\/www.homewatch.es\/wp-content\/themes\/inmobasolidbase\/dist\/src\/images\/icons.svg#svgPortfolioIn\"\/>\n\t\t\t<\/svg>\n\t\t<\/a>\n\t\t<picture class=\"ratio ratio-4x3\"><source width=\"1200\" height=\"675\" srcset=\"https:\/\/media.inmobalia.com\/imgV1\/B8vEv5Xh_V8qnoSVk7qSFqTF0IzVRRA8CyHfYqz7g6KcTAfPL7sV7GC77J1A~r1lroa84n0sHf~T0C8yK2phPLP5TcJCWe_smz9HMKAViul8S4X0eVk8DGrTR67M_VBen1CKEywCBuJ1b7VQFxUrY4R~5YM9OrIofY3pUythZEayL76RhVxIye4Bwc8RF0o-.jpg 1200w,https:\/\/media.inmobalia.com\/imgV1\/B8vEv5Xh_V8qnoSVk7lzWYOK4ddJYMQONEMpHDBLdBNbXMygBHW86n2cwMIHM5bIfbq4MPlGB66hOI7zKIU2Tp4hBFoOd5y8_onF9k5NzaKnzNvqz~JMdLVe7IiziFAhpfBu~bP3~yFiI4RjvDdUpReUZZeFDSO~S5HGPIRofqkVga1H5OB77buaU2Va498-.jpg 1200w,https:\/\/media.inmobalia.com\/imgV1\/B8vEv5Xh~9eLgpFkvD55S4O4_vRpfi7Zj~8WTFZMGThfizi~_Y~NgoiVzdN9MsuXYCpgHq7NOfhSSsV~~CvXOR8biNDSQCuIy3z~JafSwduxBEndespnQYPOGloQON4~nZQo0cVqeFXO~neHSeSo_5RTXnLNbYEZlkS7CwdGyIxrt_lzWK_HMCpjILwfSw--.jpg 774w\" type=\"image\/webp\"><img loading=\"lazy\" decoding=\"async\" class=\"image-fit\" alt=\"Impresionante casa adosada en exclusivo Lomas de Marbella Club en la Milla de Oro con encanto andaluz tradicional y confort moderno.\" width=\"1200\" height=\"675\" src=\"https:\/\/media.inmobalia.com\/imgV1\/B8vEv5Xh_V8qnoSVk7qSASjn74Cba02xOISAE9lNaqraa5CpOMK9Nt2JTrsYUiL2RjMMKGoLqNGD1J0sjvO5HdNAAyfvs0isScKXuAfksxipX7aS5f9Ebzcggs5HJJ8eXKZ0~0cEA2T9MRoJNUD9WIumZhOYupJLa6~aYJBuKA--.jpg\"><\/picture>\t\t\t<\/figure>\n\t<div class=\"h-100 d-flex flex-column\">\n\t\t<span class=\"d-block card-area\">\n\t\t\tBenahavis\t\t<\/span>\n\t\t\n<div class=\"card-price d-flex flex-column\">\n\t\t\t\t\t\t\t\t<strong class=\"card-price\"><span data-original-price=\"1090000\">1.090.000\u00a0\u20ac<\/span><\/strong>\n\t\t\t\t\t\t\n\t\t\t\n\t\t\t\t<\/div>\n\t\t<ul class=\"card-features list-unstyled d-flex flex-wrap align-items-center mb-0\">\n\t\t\t\t\t\t\t<li class=\"d-flex align-items-center me-3\">\n\t\t\t\t\t2 dormitorios\t\t\t\t<\/li>\n\t\t\t\t\t\t\t<li class=\"d-flex align-items-center me-3\">\n\t\t\t\t\t1 ba\u00f1o\t\t\t\t<\/li>\n\t\t\t\t\t\t\t<li class=\"d-flex align-items-center me-3\">\n\t\t\t\t\t110 m&sup2; construido\t\t\t\t<\/li>\n\t\t\t\t\t<\/ul>\n\t\t<h4 class=\"card-title mb-0\">\n\t\t\t<a class=\"stretched-link\" href=\"\/venta\/benahavis\/casas-de-campo-y-fincas\/256\">Impresionante casa adosada en exclusivo Lomas de Marbella Club en la Milla de Oro con encanto andaluz tradicional y confort moderno.<\/a>\n\t\t<\/h4>\n\t\t\t<\/div>\n<\/article>\t\t\t\t\t\t<article class=\"f-carousel__slide card col position-relative flex-column\">\n\t<figure class=\"position-relative w-100 mb-2\">\n\t\t<a class=\"card-portfolio position-absolute\" data-pfl-id=\"686513\" data-pfl-filter=\"sale\" href=\"#\">\n\t\t\t<svg width=\"20\" fill=\"currentColor\" viewBox=\"0 0 512 512\">\n\t\t\t\t<use href=\"https:\/\/www.homewatch.es\/wp-content\/themes\/inmobasolidbase\/dist\/src\/images\/icons.svg#svgPortfolio\"\/>\n\t\t\t<\/svg>\n\t\t\t<svg class=\"d-none\" width=\"20\" fill=\"currentColor\" viewBox=\"0 0 512 512\">\n\t\t\t\t<use href=\"https:\/\/www.homewatch.es\/wp-content\/themes\/inmobasolidbase\/dist\/src\/images\/icons.svg#svgPortfolioIn\"\/>\n\t\t\t<\/svg>\n\t\t<\/a>\n\t\t<picture class=\"ratio ratio-4x3\"><source width=\"1200\" height=\"675\" srcset=\"https:\/\/media.inmobalia.com\/imgV1\/B8vEv5Xh_V8qnoSVk7qSFqTF0IzVRRA8CyHfYqz7g6KcTAfPL7sV7GC77J1A~r1lroa84n0sHf~T0C8yK2phPLP5TcJCWe_smz9HMKAViul8S4X0eVk8DGrTR67M_VBen1CKEy3VDChKooX5LC_bm2KF5jzOo1ouMdy6FAtxiX00T7hFlhEIAoQBtuJsHZk-.jpg 1200w,https:\/\/media.inmobalia.com\/imgV1\/B8vEv5Xh_V8qnoSVk7lzWYOK4ddJYMQONEMpHDBLdBNbXMygBHW86n2cwMIHM5bIfbq4MPlGB66hOI7zKIU2Tp4hBFoOd5y8_onF9k5NzaKnzNvqz~JMdLVe7IiziFAhpfBu~bKXZwfgTVdLZXFYxKMUL740Zc5D_moy_Y3DdDjv2DqOIsq7GwkJgsEYB~4-.jpg 1200w,https:\/\/media.inmobalia.com\/imgV1\/B8vEv5Xh~9eLgpFkvD55S4O4_vRpfi7Zj~8WTFZMGThfizi~_Y~NgoiVzdN9MsuXYCpgHq7NOfhSSsV~~CvXOR8biNDSQCuIy3z~JafSwduxBEndespnQYPOGloQON4~nZQo0JyFMM~mzW5auCZD5_dpcfrht896u8m_XlQRuCkKWzl31Sse2ox5zU7zRQ--.jpg 774w\" type=\"image\/webp\"><img loading=\"lazy\" decoding=\"async\" class=\"image-fit\" alt=\"Espectacular villa andaluza de 7 dormitorios en exclusivo El Madro\u00f1al con vistas panor\u00e1micas al mar - 3.850.000\u20ac\" width=\"1200\" height=\"675\" src=\"https:\/\/media.inmobalia.com\/imgV1\/B8vEv5Xh_V8qnoSVk7qSASjn74Cba02xOISAE9lNaqraa5CpOMK9Nt2JTrsYUiL2RjMMKGoLqNGD1J0sjvO5HdNAAyfvs0isScKXuAfksxipX7aS5D7jNPhU8Za_MqDOQeAV3mYAEpGrQwroE9I~FQzHvGIbDgXnmVmYMwsvng--.jpg\"><\/picture>\t\t\t<\/figure>\n\t<div class=\"h-100 d-flex flex-column\">\n\t\t<span class=\"d-block card-area\">\n\t\t\tBenahavis\t\t<\/span>\n\t\t\n<div class=\"card-price d-flex flex-column\">\n\t\t\t\t\t\t\t\t<strong class=\"card-price\"><span data-original-price=\"3850000\">3.850.000\u00a0\u20ac<\/span><\/strong>\n\t\t\t\t\t\t\n\t\t\t\n\t\t\t\t<\/div>\n\t\t<ul class=\"card-features list-unstyled d-flex flex-wrap align-items-center mb-0\">\n\t\t\t\t\t\t\t<li class=\"d-flex align-items-center me-3\">\n\t\t\t\t\t7 dormitorios\t\t\t\t<\/li>\n\t\t\t\t\t\t\t<li class=\"d-flex align-items-center me-3\">\n\t\t\t\t\t7 ba\u00f1os\t\t\t\t<\/li>\n\t\t\t\t\t\t\t<li class=\"d-flex align-items-center me-3\">\n\t\t\t\t\t1269 m&sup2; construido\t\t\t\t<\/li>\n\t\t\t\t\t\t\t<li class=\"d-flex align-items-center me-3\">\n\t\t\t\t\t5000 m&sup2; parcela\t\t\t\t<\/li>\n\t\t\t\t\t<\/ul>\n\t\t<h4 class=\"card-title mb-0\">\n\t\t\t<a class=\"stretched-link\" href=\"\/venta\/benahavis\/casas-de-campo-y-fincas\/255\">Espectacular villa andaluza de 7 dormitorios en exclusivo El Madro\u00f1al con vistas panor\u00e1micas al mar - 3.850.000\u20ac<\/a>\n\t\t<\/h4>\n\t\t\t<\/div>\n<\/article>\t\t\t\t\t\t<article class=\"f-carousel__slide card col position-relative flex-column\">\n\t<figure class=\"position-relative w-100 mb-2\">\n\t\t<a class=\"card-portfolio position-absolute\" data-pfl-id=\"686512\" data-pfl-filter=\"sale\" href=\"#\">\n\t\t\t<svg width=\"20\" fill=\"currentColor\" viewBox=\"0 0 512 512\">\n\t\t\t\t<use href=\"https:\/\/www.homewatch.es\/wp-content\/themes\/inmobasolidbase\/dist\/src\/images\/icons.svg#svgPortfolio\"\/>\n\t\t\t<\/svg>\n\t\t\t<svg class=\"d-none\" width=\"20\" fill=\"currentColor\" viewBox=\"0 0 512 512\">\n\t\t\t\t<use href=\"https:\/\/www.homewatch.es\/wp-content\/themes\/inmobasolidbase\/dist\/src\/images\/icons.svg#svgPortfolioIn\"\/>\n\t\t\t<\/svg>\n\t\t<\/a>\n\t\t<picture class=\"ratio ratio-4x3\"><source width=\"1200\" height=\"675\" srcset=\"https:\/\/media.inmobalia.com\/imgV1\/B8vEv5Xh_V8qnoSVk7qSFqTF0IzVRRA8CyHfYqz7g6KcTAfPL7sV7GC77J1A~r1lroa84n0sHf~T0C8yK2phPLP5TcJCWe_smz9HMKAViul8S4X0eVk8DGrTR67M_VBen1CKEy7DILZ~wMuE5B6SeC4fRCBIHjJeh1bKXjNZ5WSzKf5sixLCDmWpigLQeNY-.jpg 1200w,https:\/\/media.inmobalia.com\/imgV1\/B8vEv5Xh_V8qnoSVk7lzWYOK4ddJYMQONEMpHDBLdBNbXMygBHW86n2cwMIHM5bIfbq4MPlGB66hOI7zKIU2Tp4hBFoOd5y8_onF9k5NzaKnzNvqz~JMdLVe7IiziFAhpfBu~bFmMoceDPiJ_RkNy2qdr_Fbt~m1_Mmauyp8yGysTIlSEGyqL3r7PNF5ySE-.jpg 1200w,https:\/\/media.inmobalia.com\/imgV1\/B8vEv5Xh~9eLgpFkvD55S4O4_vRpfi7Zj~8WTFZMGThfizi~_Y~NgoiVzdN9MsuXYCpgHq7NOfhSSsV~~CvXOR8biNDSQCuIy3z~JafSwduxBEndespnQYPOGloQON4~nZQo01B3gE9fC9HokOY7phjwRiyRNLHkUHVSrNKZib3BAmbuR9JT_c1CvpLBfw--.jpg 774w\" type=\"image\/webp\"><img loading=\"lazy\" decoding=\"async\" class=\"image-fit\" alt=\"Excepcional villa de estilo provenzal franc\u00e9s en Aloha Golf Valley con 5 dormitorios, piscina climatizada y jardines mediterr\u00e1neos.\" width=\"1200\" height=\"675\" src=\"https:\/\/media.inmobalia.com\/imgV1\/B8vEv5Xh_V8qnoSVk7qSASjn74Cba02xOISAE9lNaqraa5CpOMK9Nt2JTrsYUiL2RjMMKGoLqNGD1J0sjvO5HdNAAyfvs0isScKXuAfksxipX7aS529xl1MPuNPVN1KuKvLvRH6~7yonLjtb_g9x36CLxvH_kcF~bCtVBqcCEw--.jpg\"><\/picture>\t\t\t<\/figure>\n\t<div class=\"h-100 d-flex flex-column\">\n\t\t<span class=\"d-block card-area\">\n\t\t\tBenahavis\t\t<\/span>\n\t\t\n<div class=\"card-price d-flex flex-column\">\n\t\t\t\t\t\t\t\t<strong class=\"card-price\"><span data-original-price=\"3950000\">3.950.000\u00a0\u20ac<\/span><\/strong>\n\t\t\t\t\t\t\n\t\t\t\n\t\t\t\t<\/div>\n\t\t<ul class=\"card-features list-unstyled d-flex flex-wrap align-items-center mb-0\">\n\t\t\t\t\t\t\t<li class=\"d-flex align-items-center me-3\">\n\t\t\t\t\t5 dormitorios\t\t\t\t<\/li>\n\t\t\t\t\t\t\t<li class=\"d-flex align-items-center me-3\">\n\t\t\t\t\t5 ba\u00f1os\t\t\t\t<\/li>\n\t\t\t\t\t\t\t<li class=\"d-flex align-items-center me-3\">\n\t\t\t\t\t582 m&sup2; construido\t\t\t\t<\/li>\n\t\t\t\t\t\t\t<li class=\"d-flex align-items-center me-3\">\n\t\t\t\t\t1189 m&sup2; parcela\t\t\t\t<\/li>\n\t\t\t\t\t<\/ul>\n\t\t<h4 class=\"card-title mb-0\">\n\t\t\t<a class=\"stretched-link\" href=\"\/venta\/benahavis\/casas-de-campo-y-fincas\/284\">Excepcional villa de estilo provenzal franc\u00e9s en Aloha Golf Valley con 5 dormitorios, piscina climatizada y jardines mediterr\u00e1neos.<\/a>\n\t\t<\/h4>\n\t\t\t<\/div>\n<\/article>\t\t\t\t\t\t<article class=\"f-carousel__slide card col position-relative flex-column\">\n\t<figure class=\"position-relative w-100 mb-2\">\n\t\t<a class=\"card-portfolio position-absolute\" data-pfl-id=\"686511\" data-pfl-filter=\"sale\" href=\"#\">\n\t\t\t<svg width=\"20\" fill=\"currentColor\" viewBox=\"0 0 512 512\">\n\t\t\t\t<use href=\"https:\/\/www.homewatch.es\/wp-content\/themes\/inmobasolidbase\/dist\/src\/images\/icons.svg#svgPortfolio\"\/>\n\t\t\t<\/svg>\n\t\t\t<svg class=\"d-none\" width=\"20\" fill=\"currentColor\" viewBox=\"0 0 512 512\">\n\t\t\t\t<use href=\"https:\/\/www.homewatch.es\/wp-content\/themes\/inmobasolidbase\/dist\/src\/images\/icons.svg#svgPortfolioIn\"\/>\n\t\t\t<\/svg>\n\t\t<\/a>\n\t\t<picture class=\"ratio ratio-4x3\"><source width=\"1200\" height=\"675\" srcset=\"https:\/\/media.inmobalia.com\/imgV1\/B8vEv5Xh_V8qnoSVk7qSFqTF0IzVRRA8CyHfYqz7g6KcTAfPL7sV7GC77J1A~r1lroa84n0sHf~T0C8yK2phPLP5TcJCWe_smz9HMKAViul8S4X0eVk8DGrTR67M_VBen1CKEy82lj0KNidsUSVCUopYFM7Ttz6jjoYrF~pUBbcDmqkLHcs2ec9oORLfrfA-.jpg 1200w,https:\/\/media.inmobalia.com\/imgV1\/B8vEv5Xh_V8qnoSVk7lzWYOK4ddJYMQONEMpHDBLdBNbXMygBHW86n2cwMIHM5bIfbq4MPlGB66hOI7zKIU2Tp4hBFoOd5y8_onF9k5NzaKnzNvqz~JMdLVe7IiziFAhpfBu~bBZ3Yw38si0q_szfezvBYCZTsMLTKIxlAClWx4PcS_nb_ucXs4LNUWu_D8-.jpg 1200w,https:\/\/media.inmobalia.com\/imgV1\/B8vEv5Xh~9eLgpFkvD55S4O4_vRpfi7Zj~8WTFZMGThfizi~_Y~NgoiVzdN9MsuXYCpgHq7NOfhSSsV~~CvXOR8biNDSQCuIy3z~JafSwduxBEndespnQYPOGloQON4~nZQo0tjEo_~d381HYQQm8iv4Xe2j6jy4QlSj_BanrZM~ZUj~KzApkwpWqpO8SQ--.jpg 774w\" type=\"image\/webp\"><img loading=\"lazy\" decoding=\"async\" class=\"image-fit\" alt=\"Impresionante \u00e1tico d\u00faplex en Los Capanes del Golf, Benahav\u00eds con terrazas panor\u00e1micas y vistas exclusivas al golf.\" width=\"1200\" height=\"675\" src=\"https:\/\/media.inmobalia.com\/imgV1\/B8vEv5Xh_V8qnoSVk7qSASjn74Cba02xOISAE9lNaqraa5CpOMK9Nt2JTrsYUiL2RjMMKGoLqNGD1J0sjvO5HdNAAyfvs0isScKXuAfksxipX7aS5pr7YVPPKTIxL8mF5pOKdlF0VLteevEntLw5goQBZBRUudkJ2UlX5rirdg--.jpg\"><\/picture>\t\t\t<\/figure>\n\t<div class=\"h-100 d-flex flex-column\">\n\t\t<span class=\"d-block card-area\">\n\t\t\tBenahavis\t\t<\/span>\n\t\t\n<div class=\"card-price d-flex flex-column\">\n\t\t\t\t\t\t\t\t<strong class=\"card-price\"><span data-original-price=\"1395000\">1.395.000\u00a0\u20ac<\/span><\/strong>\n\t\t\t\t\t\t\n\t\t\t\n\t\t\t\t<\/div>\n\t\t<ul class=\"card-features list-unstyled d-flex flex-wrap align-items-center mb-0\">\n\t\t\t\t\t\t\t<li class=\"d-flex align-items-center me-3\">\n\t\t\t\t\t3 dormitorios\t\t\t\t<\/li>\n\t\t\t\t\t\t\t<li class=\"d-flex align-items-center me-3\">\n\t\t\t\t\t3 ba\u00f1os\t\t\t\t<\/li>\n\t\t\t\t\t\t\t<li class=\"d-flex align-items-center me-3\">\n\t\t\t\t\t281 m&sup2; construido\t\t\t\t<\/li>\n\t\t\t\t\t<\/ul>\n\t\t<h4 class=\"card-title mb-0\">\n\t\t\t<a class=\"stretched-link\" href=\"\/venta\/benahavis\/aticos\/271\">Impresionante \u00e1tico d\u00faplex en Los Capanes del Golf, Benahav\u00eds con terrazas panor\u00e1micas y vistas exclusivas al golf.<\/a>\n\t\t<\/h4>\n\t\t\t<\/div>\n<\/article>\t\t\t\t\t\t<article class=\"f-carousel__slide card col position-relative flex-column\">\n\t<figure class=\"position-relative w-100 mb-2\">\n\t\t<a class=\"card-portfolio position-absolute\" data-pfl-id=\"686510\" data-pfl-filter=\"sale\" href=\"#\">\n\t\t\t<svg width=\"20\" fill=\"currentColor\" viewBox=\"0 0 512 512\">\n\t\t\t\t<use href=\"https:\/\/www.homewatch.es\/wp-content\/themes\/inmobasolidbase\/dist\/src\/images\/icons.svg#svgPortfolio\"\/>\n\t\t\t<\/svg>\n\t\t\t<svg class=\"d-none\" width=\"20\" fill=\"currentColor\" viewBox=\"0 0 512 512\">\n\t\t\t\t<use href=\"https:\/\/www.homewatch.es\/wp-content\/themes\/inmobasolidbase\/dist\/src\/images\/icons.svg#svgPortfolioIn\"\/>\n\t\t\t<\/svg>\n\t\t<\/a>\n\t\t<picture class=\"ratio ratio-4x3\"><source width=\"1200\" height=\"675\" srcset=\"https:\/\/media.inmobalia.com\/imgV1\/B8vEv5Xh_V8qnoSVk7qSFqTF0IzVRRA8CyHfYqz7g6KcTAfPL7sV7GC77J1A~r1lroa84n0sHf~T0C8yK2phPLP5TcJCWe_smz9HMKAViul8S4X0eVk8DGrTR67M_VBen1CKEyj~4858zmSVBZmBvjIhfzgWSJvXRHQVuhMdX8G6mTTXLnWFi31fE9btoko-.jpg 1200w,https:\/\/media.inmobalia.com\/imgV1\/B8vEv5Xh_V8qnoSVk7lzWYOK4ddJYMQONEMpHDBLdBNbXMygBHW86n2cwMIHM5bIfbq4MPlGB66hOI7zKIU2Tp4hBFoOd5y8_onF9k5NzaKnzNvqz~JMdLVe7IiziFAhpfBu~beB68yMDJox5GRTVZuz6Rinpd4kw41chKdiiSR73Gtmqa_WcG9r4mHMhSs-.jpg 1200w,https:\/\/media.inmobalia.com\/imgV1\/B8vEv5Xh~9eLgpFkvD55S4O4_vRpfi7Zj~8WTFZMGThfizi~_Y~NgoiVzdN9MsuXYCpgHq7NOfhSSsV~~CvXOR8biNDSQCuIy3z~JafSwduxBEndespnQYPOGloQON4~nZQo1dnTWLsRjy_uCHL4oKTIlWL1TqymgdsDIORL7zJct7kVOmf69YnFso5IwA--.jpg 774w\" type=\"image\/webp\"><img loading=\"lazy\" decoding=\"async\" class=\"image-fit\" alt=\"Espectacular apartamento de lujo de 3 dormitorios en Marina Puente Romano, Milla de Oro de Marbella con vistas a la piscina.\" width=\"1200\" height=\"675\" src=\"https:\/\/media.inmobalia.com\/imgV1\/B8vEv5Xh_V8qnoSVk7qSASjn74Cba02xOISAE9lNaqraa5CpOMK9Nt2JTrsYUiL2RjMMKGoLqNGD1J0sjvO5HdNAAyfvs0isScKXuAfksxipX7aS4eHhC0MpOmILjoR0lzg6vrxOe0OhHtj_6KBR5DFavINUQOlZTiqIW61YYQ--.jpg\"><\/picture>\t\t\t<\/figure>\n\t<div class=\"h-100 d-flex flex-column\">\n\t\t<span class=\"d-block card-area\">\n\t\t\tBenahavis\t\t<\/span>\n\t\t\n<div class=\"card-price d-flex flex-column\">\n\t\t\t\t\t\t\t\t<strong class=\"card-price\"><span data-original-price=\"2795000\">2.795.000\u00a0\u20ac<\/span><\/strong>\n\t\t\t\t\t\t\n\t\t\t\n\t\t\t\t<\/div>\n\t\t<ul class=\"card-features list-unstyled d-flex flex-wrap align-items-center mb-0\">\n\t\t\t\t\t\t\t<li class=\"d-flex align-items-center me-3\">\n\t\t\t\t\t3 dormitorios\t\t\t\t<\/li>\n\t\t\t\t\t\t\t<li class=\"d-flex align-items-center me-3\">\n\t\t\t\t\t3 ba\u00f1os\t\t\t\t<\/li>\n\t\t\t\t\t\t\t<li class=\"d-flex align-items-center me-3\">\n\t\t\t\t\t136 m&sup2; construido\t\t\t\t<\/li>\n\t\t\t\t\t<\/ul>\n\t\t<h4 class=\"card-title mb-0\">\n\t\t\t<a class=\"stretched-link\" href=\"\/venta\/benahavis\/apartamentos-y-pisos\/252\">Espectacular apartamento de lujo de 3 dormitorios en Marina Puente Romano, Milla de Oro de Marbella con vistas a la piscina.<\/a>\n\t\t<\/h4>\n\t\t\t<\/div>\n<\/article>\t\t\t\t\t\t<article class=\"f-carousel__slide card col position-relative flex-column\">\n\t<figure class=\"position-relative w-100 mb-2\">\n\t\t<a class=\"card-portfolio position-absolute\" data-pfl-id=\"686509\" data-pfl-filter=\"sale\" href=\"#\">\n\t\t\t<svg width=\"20\" fill=\"currentColor\" viewBox=\"0 0 512 512\">\n\t\t\t\t<use href=\"https:\/\/www.homewatch.es\/wp-content\/themes\/inmobasolidbase\/dist\/src\/images\/icons.svg#svgPortfolio\"\/>\n\t\t\t<\/svg>\n\t\t\t<svg class=\"d-none\" width=\"20\" fill=\"currentColor\" viewBox=\"0 0 512 512\">\n\t\t\t\t<use href=\"https:\/\/www.homewatch.es\/wp-content\/themes\/inmobasolidbase\/dist\/src\/images\/icons.svg#svgPortfolioIn\"\/>\n\t\t\t<\/svg>\n\t\t<\/a>\n\t\t<picture class=\"ratio ratio-4x3\"><source width=\"1200\" height=\"675\" srcset=\"https:\/\/media.inmobalia.com\/imgV1\/B8vEv5Xh_V8qnoSVk7qSFqTF0IzVRRA8CyHfYqz7g6KcTAfPL7sV7GC77J1A~r1lroa84n0sHf~T0C8yK2phPLP5TcJCWe_smz9HMKAViul8S4X0eVk8DGrTR67M_VBen1CKEynyb5c9HZCi~FOluFc52R4mpW17RxFJuLcclCf9rqupNi9Ic~2qfB91kxU-.jpg 1200w,https:\/\/media.inmobalia.com\/imgV1\/B8vEv5Xh_V8qnoSVk7lzWYOK4ddJYMQONEMpHDBLdBNbXMygBHW86n2cwMIHM5bIfbq4MPlGB66hOI7zKIU2Tp4hBFoOd5y8_onF9k5NzaKnzNvqz~JMdLVe7IiziFAhpfBu~ba6N5OS5lYMZloVL5xi1YALTuIoV7YzMB6aeWEI9~a5JCqyFa~W3~FZYPE-.jpg 1200w,https:\/\/media.inmobalia.com\/imgV1\/B8vEv5Xh~9eLgpFkvD55S4O4_vRpfi7Zj~8WTFZMGThfizi~_Y~NgoiVzdN9MsuXYCpgHq7NOfhSSsV~~CvXOR8biNDSQCuIy3z~JafSwduxBEndespnQYPOGloQON4~nZQo1Ms3m4~Rc9HMaJXMYXeEMA6XZhUOUBpKjaiJ2Dl6T~2vP5sTph~eYqfB5Q--.jpg 774w\" type=\"image\/webp\"><img loading=\"lazy\" decoding=\"async\" class=\"image-fit\" alt=\"Espectacular \u00e1tico d\u00faplex Fendi Casa en Milla de Oro de Marbella con piscina privada y vistas panor\u00e1micas al mar.\" width=\"1200\" height=\"675\" src=\"https:\/\/media.inmobalia.com\/imgV1\/B8vEv5Xh_V8qnoSVk7qSASjn74Cba02xOISAE9lNaqraa5CpOMK9Nt2JTrsYUiL2RjMMKGoLqNGD1J0sjvO5HdNAAyfvs0isScKXuAfksxipX7aS4A07nC5I_A5FQNfZatR9f6MDWYPyuYDoGKazDuTtUW_HUa92KQOcwpOE5A--.jpg\"><\/picture>\t\t\t<\/figure>\n\t<div class=\"h-100 d-flex flex-column\">\n\t\t<span class=\"d-block card-area\">\n\t\t\tBenahavis\t\t<\/span>\n\t\t\n<div class=\"card-price d-flex flex-column\">\n\t\t\t\t\t\t\t\t<strong class=\"card-price\"><span data-original-price=\"6500000\">6.500.000\u00a0\u20ac<\/span><\/strong>\n\t\t\t\t\t\t\n\t\t\t\n\t\t\t\t<\/div>\n\t\t<ul class=\"card-features list-unstyled d-flex flex-wrap align-items-center mb-0\">\n\t\t\t\t\t\t\t<li class=\"d-flex align-items-center me-3\">\n\t\t\t\t\t3 dormitorios\t\t\t\t<\/li>\n\t\t\t\t\t\t\t<li class=\"d-flex align-items-center me-3\">\n\t\t\t\t\t3 ba\u00f1os\t\t\t\t<\/li>\n\t\t\t\t\t\t\t<li class=\"d-flex align-items-center me-3\">\n\t\t\t\t\t579 m&sup2; construido\t\t\t\t<\/li>\n\t\t\t\t\t<\/ul>\n\t\t<h4 class=\"card-title mb-0\">\n\t\t\t<a class=\"stretched-link\" href=\"\/venta\/benahavis\/casas\/251\">Espectacular \u00e1tico d\u00faplex Fendi Casa en Milla de Oro de Marbella con piscina privada y vistas panor\u00e1micas al mar.<\/a>\n\t\t<\/h4>\n\t\t\t<\/div>\n<\/article>\t\t\t\t\t\t<article class=\"f-carousel__slide card col position-relative flex-column\">\n\t<figure class=\"position-relative w-100 mb-2\">\n\t\t<a class=\"card-portfolio position-absolute\" data-pfl-id=\"686087\" data-pfl-filter=\"sale\" href=\"#\">\n\t\t\t<svg width=\"20\" fill=\"currentColor\" viewBox=\"0 0 512 512\">\n\t\t\t\t<use href=\"https:\/\/www.homewatch.es\/wp-content\/themes\/inmobasolidbase\/dist\/src\/images\/icons.svg#svgPortfolio\"\/>\n\t\t\t<\/svg>\n\t\t\t<svg class=\"d-none\" width=\"20\" fill=\"currentColor\" viewBox=\"0 0 512 512\">\n\t\t\t\t<use href=\"https:\/\/www.homewatch.es\/wp-content\/themes\/inmobasolidbase\/dist\/src\/images\/icons.svg#svgPortfolioIn\"\/>\n\t\t\t<\/svg>\n\t\t<\/a>\n\t\t<picture class=\"ratio ratio-4x3\"><source width=\"1920\" height=\"1080\" srcset=\"https:\/\/media.inmobalia.com\/imgV1\/B8vEv5Xh_VThvnEqMx4G0YtA8lAADdw1sBC5uN5pSX6~ImMWYg0nYa_EPSP~fBpYtvgHs5QKecPwE1~j5DU_pylbu6cBdu0PgVunDxnkMoeY79Gll7Nv5AHhYwCGots7LHLh38TbGLG4wIOSMVOWlTYPMkblzC9wX2dwpS3McRljNtxocy8WreyxLk9CUkD1.jpg 1920w,https:\/\/media.inmobalia.com\/imgV1\/B8vEv5Xh_Vjzl4qKP9bJW21eHCmW9PWrQV6IDk9EjA79dASSMmDBrXf04FgH6wp0ylU42MWPePEey7rkY1j3kMIGs3YrRSP6UhHPWG1enKzuplcdy8f~NYm7bTbKkeM5EmP4EWnjSeQ8nuze7NHvThW4Lud4Pfv~GepWe5bRTFfbg0kc2uZX0y_TCAW58os-.jpg 1580w,https:\/\/media.inmobalia.com\/imgV1\/B8vEv5Xh~9eLgpFkvD55S4O4_vRpfi7Zj~8WTFZMGThfizi~_Y~NgoiVzdN9MsuXYCpgHq7NOfhSSsV~~CvXOR8biNDSQCuIy3z~JafSwduxBEndespnQYPOGloQON4~nZQpIRz5XxcpgpUXBX8y_5tdGFa9jKQoLKDV8r5tdO5fdxEIy_HebtU3IyI0Eg--.jpg 774w\" type=\"image\/webp\"><img loading=\"lazy\" decoding=\"async\" class=\"image-fit\" alt=\"Villa \u00c8lan - Nueva construcci\u00f3n de lujo en Nueva Andaluc\u00eda por NMobe\" width=\"1920\" height=\"1080\" src=\"https:\/\/media.inmobalia.com\/imgV1\/B8vEv5Xh_VThvnEqMx4G0ZxU~~H0Ar_8Bn_AfAx~4dnt796zQ9QIPwzdr9PkzIdRpbeOYktBAPFfTt23HPhndt5b7cRr2vg76pmKvptCGz41lr5l9aQvoUu2FwDExhvUe2XXFbdvnYM1Ly~WoiOWVsp937R5qG3WJaDyGCubHpM-.jpg\"><\/picture>\t\t\t<\/figure>\n\t<div class=\"h-100 d-flex flex-column\">\n\t\t<span class=\"d-block card-area\">\n\t\t\tNueva Andalucia\t\t<\/span>\n\t\t\n<div class=\"card-price d-flex flex-column\">\n\t\t\t\t\t\t\t\t<strong class=\"card-price\"><span data-original-price=\"6500000\">6.500.000\u00a0\u20ac<\/span><\/strong>\n\t\t\t\t\t\t\n\t\t\t\n\t\t\t\t<\/div>\n\t\t<ul class=\"card-features list-unstyled d-flex flex-wrap align-items-center mb-0\">\n\t\t\t\t\t\t\t<li class=\"d-flex align-items-center me-3\">\n\t\t\t\t\t7 dormitorios\t\t\t\t<\/li>\n\t\t\t\t\t\t\t<li class=\"d-flex align-items-center me-3\">\n\t\t\t\t\t7 ba\u00f1os\t\t\t\t<\/li>\n\t\t\t\t\t\t\t<li class=\"d-flex align-items-center me-3\">\n\t\t\t\t\t558 m&sup2; construido\t\t\t\t<\/li>\n\t\t\t\t\t\t\t<li class=\"d-flex align-items-center me-3\">\n\t\t\t\t\t1795 m&sup2; parcela\t\t\t\t<\/li>\n\t\t\t\t\t<\/ul>\n\t\t<h4 class=\"card-title mb-0\">\n\t\t\t<a class=\"stretched-link\" href=\"\/venta\/nueva-andalucia\/villas-y-chalets\/HW424\">Villa \u00c8lan - Nueva construcci\u00f3n de lujo en Nueva Andaluc\u00eda por NMobe<\/a>\n\t\t<\/h4>\n\t\t\t<\/div>\n<\/article>\t\t\t\t\t\t<article class=\"f-carousel__slide card col position-relative flex-column\">\n\t<figure class=\"position-relative w-100 mb-2\">\n\t\t<a class=\"card-portfolio position-absolute\" data-pfl-id=\"686078\" data-pfl-filter=\"sale\" href=\"#\">\n\t\t\t<svg width=\"20\" fill=\"currentColor\" viewBox=\"0 0 512 512\">\n\t\t\t\t<use href=\"https:\/\/www.homewatch.es\/wp-content\/themes\/inmobasolidbase\/dist\/src\/images\/icons.svg#svgPortfolio\"\/>\n\t\t\t<\/svg>\n\t\t\t<svg class=\"d-none\" width=\"20\" fill=\"currentColor\" viewBox=\"0 0 512 512\">\n\t\t\t\t<use href=\"https:\/\/www.homewatch.es\/wp-content\/themes\/inmobasolidbase\/dist\/src\/images\/icons.svg#svgPortfolioIn\"\/>\n\t\t\t<\/svg>\n\t\t<\/a>\n\t\t<picture class=\"ratio ratio-4x3\"><source width=\"1920\" height=\"1080\" srcset=\"https:\/\/media.inmobalia.com\/imgV1\/B8vEv5Xh_VThvnEqMx4G0YtA8lAADdw1sBC5uN5pSX6~ImMWYg0nYa_EPSP~fBpYtvgHs5QKecPwE1~j5DU_pylbu6cBdu0PgVunDxnkMoeY79Gll7Nv5AHhYwCGots7LHLh38Ta7c2Gzwx6QnxZWr_650~rFNwDpZvjq2~wSED8CC3sBXVg5lHXXU3WqPPS.jpg 1920w,https:\/\/media.inmobalia.com\/imgV1\/B8vEv5Xh_Vjzl4qKP9bJW21eHCmW9PWrQV6IDk9EjA79dASSMmDBrXf04FgH6wp0ylU42MWPePEey7rkY1j3kMIGs3YrRSP6UhHPWG1enKzuplcdy8f~NYm7bTbKkeM5EmP4EWie7M15S11UovKMTJnOPj94TYCsa~yYYntomGO1J2znGlHSmc4p~CcYuqM-.jpg 1580w,https:\/\/media.inmobalia.com\/imgV1\/B8vEv5Xh~9eLgpFkvD55S4O4_vRpfi7Zj~8WTFZMGThfizi~_Y~NgoiVzdN9MsuXYCpgHq7NOfhSSsV~~CvXOR8biNDSQCuIy3z~JafSwduxBEndespnQYPOGloQON4~nZQpIDvX7tGscNY2KKC7ffqnE1imLRQ33KK2t95ZEk9lPMPXcpVRwlIJqytKFg--.jpg 774w\" type=\"image\/webp\"><img loading=\"lazy\" decoding=\"async\" class=\"image-fit\" alt=\"Villa Solstice | Villa de 7 dormitorios en primera l\u00ednea de golf | Las Brisas, Nueva Andaluc\u00eda | \u20ac19.500.000\" width=\"1920\" height=\"1080\" src=\"https:\/\/media.inmobalia.com\/imgV1\/B8vEv5Xh_VThvnEqMx4G0ZxU~~H0Ar_8Bn_AfAx~4dnt796zQ9QIPwzdr9PkzIdRpbeOYktBAPFfTt23HPhndt5b7cRr2vg76pmKvptCGz41lr5l9aXvX1iQz19ufVrRBz8r8U_b_JtTY9JbTYf_LYGvT6Gjyr0ErdNnAm8zmGU-.jpg\"><\/picture>\t\t\t<\/figure>\n\t<div class=\"h-100 d-flex flex-column\">\n\t\t<span class=\"d-block card-area\">\n\t\t\tNueva Andalucia\t\t<\/span>\n\t\t\n<div class=\"card-price d-flex flex-column\">\n\t\t\t\t\t\t\t\t<strong class=\"card-price\"><span data-original-price=\"19500000\">19.500.000\u00a0\u20ac<\/span><\/strong>\n\t\t\t\t\t\t\n\t\t\t\n\t\t\t\t<\/div>\n\t\t<ul class=\"card-features list-unstyled d-flex flex-wrap align-items-center mb-0\">\n\t\t\t\t\t\t\t<li class=\"d-flex align-items-center me-3\">\n\t\t\t\t\t7 dormitorios\t\t\t\t<\/li>\n\t\t\t\t\t\t\t<li class=\"d-flex align-items-center me-3\">\n\t\t\t\t\t7 ba\u00f1os\t\t\t\t<\/li>\n\t\t\t\t\t\t\t<li class=\"d-flex align-items-center me-3\">\n\t\t\t\t\t1636 m&sup2; construido\t\t\t\t<\/li>\n\t\t\t\t\t\t\t<li class=\"d-flex align-items-center me-3\">\n\t\t\t\t\t2742 m&sup2; parcela\t\t\t\t<\/li>\n\t\t\t\t\t<\/ul>\n\t\t<h4 class=\"card-title mb-0\">\n\t\t\t<a class=\"stretched-link\" href=\"\/venta\/nueva-andalucia\/villas-y-chalets\/HW423\">Villa Solstice | Villa de 7 dormitorios en primera l\u00ednea de golf | Las Brisas, Nueva Andaluc\u00eda | \u20ac19.500.000<\/a>\n\t\t<\/h4>\n\t\t\t<\/div>\n<\/article>\t\t\t\t\t\t\t\t\t\t\t<\/div>\n\t\t\t\t\t\t\t\t\t\t\t<a class=\"btn btn-inm mt-2 mt-lg-5\" href=\"https:\/\/www.homewatch.es\/venta\/\">\u00a1Compra ya!<\/a>\n\t\t\t\t\t\t\t\t\t<\/div>\n\t\t\t<\/section>\n\t\t","protected":false},"excerpt":{"rendered":"<p>&nbsp; Si quieres disfrutar de\u00a0alojamientos 5 estrellas,\u00a0restaurantes Michelin, tiendas de lujo y glamour, clubes nocturnos, coches espectaculares y muchas otras actividades excepcionales, no dejes de visitar la Costa del Sol en M\u00e1laga, Espa\u00f1a. Tus vacaciones ser\u00e1n inolvidables, llenas de emoci\u00f3n y diversi\u00f3n en uno de los sitios m\u00e1s famosos y recomendados de todo el mediterr\u00e1neo&#8230;.<\/p>\n","protected":false},"author":2,"featured_media":673,"comment_status":"open","ping_status":"closed","sticky":false,"template":"","format":"standard","meta":{"_acf_changed":false,"footnotes":""},"categories":[26],"tags":[185,178,183,32,180,36,184,182,181,179],"class_list":["post-690","post","type-post","status-publish","format-standard","has-post-thumbnail","hentry","category-guia-de-zonas","tag-alquiler-de-propiedades","tag-beachclubs-es","tag-compras-de-lujo","tag-costa-del-sol-es","tag-experiencias-de-lujo","tag-marbella-es","tag-restaurantes-michelin","tag-vida-de-lujo-en-marbella","tag-vida-lujosa","tag-villas-lujosas"],"acf":[],"_links":{"self":[{"href":"https:\/\/www.homewatch.es\/es\/wp-json\/wp\/v2\/posts\/690","targetHints":{"allow":["GET"]}}],"collection":[{"href":"https:\/\/www.homewatch.es\/es\/wp-json\/wp\/v2\/posts"}],"about":[{"href":"https:\/\/www.homewatch.es\/es\/wp-json\/wp\/v2\/types\/post"}],"author":[{"embeddable":true,"href":"https:\/\/www.homewatch.es\/es\/wp-json\/wp\/v2\/users\/2"}],"replies":[{"embeddable":true,"href":"https:\/\/www.homewatch.es\/es\/wp-json\/wp\/v2\/comments?post=690"}],"version-history":[{"count":0,"href":"https:\/\/www.homewatch.es\/es\/wp-json\/wp\/v2\/posts\/690\/revisions"}],"wp:featuredmedia":[{"embeddable":true,"href":"https:\/\/www.homewatch.es\/es\/wp-json\/wp\/v2\/media\/673"}],"wp:attachment":[{"href":"https:\/\/www.homewatch.es\/es\/wp-json\/wp\/v2\/media?parent=690"}],"wp:term":[{"taxonomy":"category","embeddable":true,"href":"https:\/\/www.homewatch.es\/es\/wp-json\/wp\/v2\/categories?post=690"},{"taxonomy":"post_tag","embeddable":true,"href":"https:\/\/www.homewatch.es\/es\/wp-json\/wp\/v2\/tags?post=690"}],"curies":[{"name":"wp","href":"https:\/\/api.w.org\/{rel}","templated":true}]}}