{"id":6869,"date":"2025-10-21T15:57:52","date_gmt":"2025-10-21T13:57:52","guid":{"rendered":"https:\/\/www.homewatch.es\/?p=6869"},"modified":"2025-10-21T15:57:54","modified_gmt":"2025-10-21T13:57:54","slug":"nomadas-digitales-en-espana","status":"publish","type":"post","link":"https:\/\/www.homewatch.es\/es\/6869-nomadas-digitales-en-espana","title":{"rendered":"N\u00f3madas digitales en Espa\u00f1a: vivir, trabajar y disfrutar en la Costa del Sol"},"content":{"rendered":"\n<figure class=\"wp-caption aligncenter\">\n<picture><source width=\"1480\" srcset=\"https:\/\/media.inmobalia.com\/imgV1\/B98Le8~d7M9pwOKhCJcJLIfglZOtvyX13f98gUEkry2AXpxxwVVUW6beaB1CbHQXGOhTMxPEWoq2vSWoPxT0dWUFVpFov6NwmlNzq3qwzpnpHLdKCVol~gp_T8E72Xvc9U0txkx4CrmyhLfL6UmLOqSO4Q--.jpg 1480w\" type=\"image\/webp\"><img decoding=\"async\" class=\"img-fluid \" width=\"1480\" src=\"https:\/\/media.inmobalia.com\/imgV1\/B98Le8~d7M9pwOKhH98twCJY8~z6ePCZX6v4ZFfOvduhBdeVCpC563TEl9~Gba~ZsCNLt5CSrqfb7qaISBEVv0QdM3KPOvF5jdS3A0NCerg21_T2Lrh1_5vXIl4BAvcpu12B.jpg\"><\/picture>\n<figcaption class=\"wp-caption-text\"><em>N\u00c3\u00b3mada digital frente al mar <\/em><\/figcaption>\n<\/figure>\n\n\n\n<p>Hasta hace poco, hablar de <em>n\u00f3madas digitales<\/em> sonaba a excepci\u00f3n. Hoy, trabajar desde cualquier lugar del mundo es una realidad para miles de profesionales con esp\u00edritu libre, clientes globales y ganas de dise\u00f1ar su propio estilo de vida.<br><br>\u00bfY sabes qu\u00e9 lugar refleja mejor esa tendencia? <strong>Espa\u00f1a<\/strong>, y muy especialmente, <strong>la Costa del Sol<\/strong>.<\/p><div id=\"ez-toc-container\" class=\"ez-toc-v2_0_82_2 counter-hierarchy ez-toc-counter ez-toc-custom ez-toc-container-direction\">\n<div class=\"ez-toc-title-container\">\n<p class=\"ez-toc-title\" style=\"cursor:inherit\">Table of Contents<\/p>\n<span class=\"ez-toc-title-toggle\"><a href=\"#\" class=\"ez-toc-pull-right ez-toc-btn ez-toc-btn-xs ez-toc-btn-default ez-toc-toggle\" aria-label=\"Alternar tabla de contenidos\"><span class=\"ez-toc-js-icon-con\"><span class=\"\"><span class=\"eztoc-hide\" style=\"display:none;\">Toggle<\/span><span class=\"ez-toc-icon-toggle-span\"><svg style=\"fill: #0a0a0a;color:#0a0a0a\" xmlns=\"http:\/\/www.w3.org\/2000\/svg\" class=\"list-377408\" width=\"20px\" height=\"20px\" viewBox=\"0 0 24 24\" fill=\"none\"><path d=\"M6 6H4v2h2V6zm14 0H8v2h12V6zM4 11h2v2H4v-2zm16 0H8v2h12v-2zM4 16h2v2H4v-2zm16 0H8v2h12v-2z\" fill=\"currentColor\"><\/path><\/svg><svg style=\"fill: #0a0a0a;color:#0a0a0a\" class=\"arrow-unsorted-368013\" xmlns=\"http:\/\/www.w3.org\/2000\/svg\" width=\"10px\" height=\"10px\" viewBox=\"0 0 24 24\" version=\"1.2\" baseProfile=\"tiny\"><path d=\"M18.2 9.3l-6.2-6.3-6.2 6.3c-.2.2-.3.4-.3.7s.1.5.3.7c.2.2.4.3.7.3h11c.3 0 .5-.1.7-.3.2-.2.3-.5.3-.7s-.1-.5-.3-.7zM5.8 14.7l6.2 6.3 6.2-6.3c.2-.2.3-.5.3-.7s-.1-.5-.3-.7c-.2-.2-.4-.3-.7-.3h-11c-.3 0-.5.1-.7.3-.2.2-.3.5-.3.7s.1.5.3.7z\"\/><\/svg><\/span><\/span><\/span><\/a><\/span><\/div>\n<nav><ul class='ez-toc-list ez-toc-list-level-1 ' ><li class='ez-toc-page-1 ez-toc-heading-level-2'><a class=\"ez-toc-link ez-toc-heading-1\" href=\"https:\/\/www.homewatch.es\/es\/6869-nomadas-digitales-en-espana\/#Espana_un_pais_que_apuesta_por_el_trabajo_remoto_internacional\" >Espa\u00f1a, un pa\u00eds que apuesta por el trabajo remoto internacional<\/a><\/li><li class='ez-toc-page-1 ez-toc-heading-level-2'><a class=\"ez-toc-link ez-toc-heading-2\" href=\"https:\/\/www.homewatch.es\/es\/6869-nomadas-digitales-en-espana\/#Un_estilo_de_vida_que_redefine_el_trabajo\" >Un estilo de vida que redefine el trabajo<\/a><\/li><li class='ez-toc-page-1 ez-toc-heading-level-2'><a class=\"ez-toc-link ez-toc-heading-3\" href=\"https:\/\/www.homewatch.es\/es\/6869-nomadas-digitales-en-espana\/#Marbella_y_la_Costa_del_Sol_del_turismo_al_talento_global\" >Marbella y la Costa del Sol: del turismo al talento global<\/a><\/li><li class='ez-toc-page-1 ez-toc-heading-level-2'><a class=\"ez-toc-link ez-toc-heading-4\" href=\"https:\/\/www.homewatch.es\/es\/6869-nomadas-digitales-en-espana\/#El_impacto_del_nomadismo_digital_en_la_economia_local\" >El impacto del nomadismo digital en la econom\u00eda local<\/a><\/li><li class='ez-toc-page-1 ez-toc-heading-level-2'><a class=\"ez-toc-link ez-toc-heading-5\" href=\"https:\/\/www.homewatch.es\/es\/6869-nomadas-digitales-en-espana\/#Un_fenomeno_que_ha_llegado_para_quedarse\" >Un fen\u00f3meno que ha llegado para quedarse<\/a><\/li><\/ul><\/nav><\/div>\n\n\n\n\n<p>En este art\u00edculo exploramos qu\u00e9 significa realmente este movimiento, c\u00f3mo est\u00e1 cambiando el mundo laboral y por qu\u00e9 Espa\u00f1a se ha convertido en uno de los principales destinos para quienes eligen vivir y trabajar sin fronteras.<\/p>\n\n\n<ul class=\"list-unstyled p-4 pb-5 border border-light\"><li class=\"text-black text-uppercase fw-bold mb-3\">\u00cdndice<\/li><li><a href=\"#espana+un+pais+que+apuesta+por+el+trabajo+remoto+internacional\">Espa\u00f1a, un pa\u00eds que apuesta por el trabajo remoto internacional<\/a><\/li>\n<li><a href=\"#un+estilo+de+vida+que+redefine+el+trabajo\">Un estilo de vida que redefine el trabajo<\/a><\/li>\n<li><a href=\"#marbella+y+la+costa+del+sol+del+turismo+al+talento+global\">Marbella y la Costa del Sol: del turismo al talento global<\/a><\/li>\n<li><a href=\"#el+impacto+del+nomadismo+digital+en+la+economia+local\">El impacto del nomadismo digital en la econom\u00eda local<\/a><\/li>\n<li><a href=\"#un+fenomeno+que+ha+llegado+para+quedarse\">Un fen\u00f3meno que ha llegado para quedarse<\/a><\/li><\/ul>\n\n\n\n<h2 class=\"wp-block-heading\"><span class=\"ez-toc-section\" id=\"Espana_un_pais_que_apuesta_por_el_trabajo_remoto_internacional\"><\/span>Espa\u00f1a, un pa\u00eds que apuesta por el trabajo remoto internacional<span class=\"ez-toc-section-end\"><\/span><\/h2>\n\n\n\n<p>Desde 2023, Espa\u00f1a cuenta con un <strong>visado espec\u00edfico para n\u00f3madas digitales<\/strong>, una medida pionera que ha consolidado al pa\u00eds como uno de los m\u00e1s atractivos para el talento internacional.<br><br>Este visado permite residir y trabajar legalmente entre <strong>1 y 3 a\u00f1os (ampliable hasta 5)<\/strong>, circular libremente por el Espacio Schengen, reagrupar a la familia y acceder a un <strong>r\u00e9gimen fiscal especial<\/strong> con una tributaci\u00f3n reducida del <strong>24 %<\/strong>.<\/p>\n\n\n\n<p>A este marco legal se suman <strong>programas p\u00fablicos de apoyo<\/strong>, como el <em>Programa I de Ayudas de la ONE<\/em>, que ofrece subvenciones a quienes eligen Espa\u00f1a como base profesional. Todo ello se complementa con <strong>una infraestructura moderna, un entorno jur\u00eddico estable y uno de los sistemas sanitarios mejor valorados de Europa<\/strong>.<\/p>\n\n\n\n<p>El resultado es claro: Espa\u00f1a no solo permite el nomadismo digital, <strong>lo impulsa activamente<\/strong>.<\/p>\n\n\n\n<h2 class=\"wp-block-heading\"><span class=\"ez-toc-section\" id=\"Un_estilo_de_vida_que_redefine_el_trabajo\"><\/span>Un estilo de vida que redefine el trabajo<span class=\"ez-toc-section-end\"><\/span><\/h2>\n\n\n\n<p>Ser n\u00f3mada digital no es solo una tendencia laboral; es un cambio de paradigma que une tecnolog\u00eda, bienestar y libertad personal.<br>Tanto para los profesionales como para las empresas, representa una oportunidad de transformaci\u00f3n.<\/p>\n\n\n\n<h3 class=\"wp-block-heading\">Beneficios para los profesionales<\/h3>\n\n\n\n<ul class=\"wp-block-list\">\n<li><strong>Flexibilidad horaria<\/strong> para gestionar mejor el tiempo y las prioridades personales.<\/li>\n\n\n\n<li><strong>Equilibrio entre vida personal y laboral<\/strong>, reduciendo el estr\u00e9s y los desplazamientos.<\/li>\n\n\n\n<li><strong>Ahorro econ\u00f3mico y de tiempo<\/strong>, al eliminar gastos de transporte o manutenci\u00f3n.<\/li>\n\n\n\n<li><strong>Crecimiento personal y cultural<\/strong>, al integrarse en comunidades internacionales y entornos diversos.<\/li>\n<\/ul>\n\n\n\n<h3 class=\"wp-block-heading\">Beneficios para las empresas<\/h3>\n\n\n\n<ul class=\"wp-block-list\">\n<li><strong>Reducci\u00f3n de costes operativos<\/strong>, al disminuir la necesidad de oficinas f\u00edsicas.<\/li>\n\n\n\n<li><strong>Mayor productividad<\/strong>, gracias a equipos m\u00e1s motivados y con menor rotaci\u00f3n.<\/li>\n\n\n\n<li><strong>Acceso a talento internacional<\/strong>, sin barreras geogr\u00e1ficas.<\/li>\n\n\n\n<li><strong>Ventajas fiscales<\/strong>, con el tipo fijo del 24 % del r\u00e9gimen especial para desplazados (Ley Beckham).<\/li>\n\n\n\n<li><strong>Fomento de la innovaci\u00f3n<\/strong>, al favorecer la diversidad cultural y la colaboraci\u00f3n global.<\/li>\n\n\n\n<li><strong>Mejor posicionamiento corporativo<\/strong>, proyectando una imagen moderna y competitiva.<\/li>\n<\/ul>\n\n\n\n<h2 class=\"wp-block-heading\"><span class=\"ez-toc-section\" id=\"Marbella_y_la_Costa_del_Sol_del_turismo_al_talento_global\"><\/span>Marbella y la Costa del Sol: del turismo al talento global<span class=\"ez-toc-section-end\"><\/span><\/h2>\n\n\n\n<figure class=\"wp-caption aligncenter\">\n<picture><source width=\"1480\" srcset=\"https:\/\/media.inmobalia.com\/imgV1\/B98Le8~d7M9pwOKhCJcJLIfglZOtvyX13f98gUEkry2AXpxxwVVUW6beaB1CbHQXGOhTMxPEWoq2vSWoPxT0dWUFVpFov6NwmlNzq3qwzpnpHLdKCVol~hxwzORmJW0Ym1d0OBtO6iL99MIam7O5uA--.png 1480w\" type=\"image\/webp\"><img decoding=\"async\" class=\"img-fluid \" width=\"1480\" src=\"https:\/\/media.inmobalia.com\/imgV1\/B98Le8~d7M9pwOKhCJcJLIN6jO1ByKD5uSZnq8Rqc8B6DMmmO7kOR4N0IvO6OvVh01P_J9~uLWOHBEWUQE3T~C5cLDWerHLR1PrO6NIclR75cfF~nG5wjcruo6cM6FiuKNkmx8j28L2r.png\"><\/picture>\n<figcaption class=\"wp-caption-text\"><\/figcaption>\n<\/figure>\n\n\n\n<p>Entre todos los destinos del Mediterr\u00e1neo, <strong>Marbella y la Costa del Sol<\/strong> se han consolidado como epicentro del trabajo remoto en Europa.<br><br>El auge de los n\u00f3madas digitales ha dado lugar a una <strong>nueva forma de comunidad<\/strong>, donde profesionales de distintas nacionalidades conviven y colaboran desde entornos inspiradores. En la Costa del Sol, esta tendencia se traduce en <strong>ecosistemas locales que combinan vida social, networking y bienestar personal<\/strong>. Cada semana surgen eventos, talleres de emprendimiento o encuentros informales en espacios de coworking de dise\u00f1o como <em><a href=\"https:\/\/www.thepool.es\/\" target=\"_blank\" rel=\"noopener\">The Pool Marbella<\/a><\/em> o <em><a href=\"https:\/\/www.volubilis.es\/discover_volubilis\/?gad_source=1&amp;gad_campaignid=21168672615&amp;gbraid=0AAAAApRMRXxPewoZGHB_y5IgWszymyOyn&amp;gclid=CjwKCAjw3tzHBhBREiwAlMJoUiIat4QWl3kIBi4wRDguoKiOEHR0SIcwzW92cmRBA__WLbYsdfcfbRoCNMIQAvD_BwE\" target=\"_blank\" rel=\"noopener\">Volubilis<\/a><\/em>, donde se mezclan desarrolladores, dise\u00f1adores, consultores y creadores de contenido de todo el mundo; creando un entorno din\u00e1mico donde surgen colaboraciones y oportunidades.<br><br>Adem\u00e1s, cada vez m\u00e1s negocios locales, desde cafeter\u00edas hasta centros deportivos o escuelas de idiomas, est\u00e1n adaptando sus servicios para este perfil de profesionales, ofreciendo <strong>membres\u00edas flexibles, men\u00fas saludables, horarios amplios y descuentos por larga estancia<\/strong>. Incluso el sector inmobiliario ha evolucionado, con <strong>viviendas pensadas para teletrabajar c\u00f3modamente<\/strong>, equipadas con fibra \u00f3ptica, espacios abiertos y zonas comunes que fomentan la conexi\u00f3n entre vecinos.<\/p>\n\n\n\n<p>Todo esto convierte a Marbella y la Costa del Sol no solo en un destino para vivir y trabajar, sino en <strong>un entorno ideal para crecer profesionalmente, crear red y disfrutar de un equilibrio real entre productividad y calidad de vida.<\/strong><\/p>\n\n\n\n<p>Pero lo que realmente marca la diferencia es el estilo de vida: m\u00e1s de <strong>300 d\u00edas de sol al a\u00f1o<\/strong>, la combinaci\u00f3n perfecta entre mar y monta\u00f1a, gastronom\u00eda mediterr\u00e1nea, cultura y una comunidad cosmopolita que comparte algo m\u00e1s que una oficina: <strong>comparte experiencias y prop\u00f3sito<\/strong>.<\/p>\n\n\n\n<h2 class=\"wp-block-heading\"><span class=\"ez-toc-section\" id=\"El_impacto_del_nomadismo_digital_en_la_economia_local\"><\/span>El impacto del nomadismo digital en la econom\u00eda local<span class=\"ez-toc-section-end\"><\/span><\/h2>\n\n\n\n<p>La llegada de n\u00f3madas digitales a Espa\u00f1a no solo est\u00e1 transformando la forma de trabajar, sino tambi\u00e9n <strong>la estructura econ\u00f3mica y social de las ciudades<\/strong>. Su presencia impulsa sectores como el inmobiliario, la restauraci\u00f3n, la cultura o el comercio local, creando <strong>nuevas oportunidades para emprendedores y peque\u00f1as empresas<\/strong>. Cada vez m\u00e1s negocios adaptan su oferta a este perfil internacional.<\/p>\n\n\n\n<p>Adem\u00e1s, los n\u00f3madas digitales est\u00e1n contribuyendo a <strong>revitalizar zonas urbanas y rurales<\/strong> que antes sufr\u00edan despoblaci\u00f3n o estacionalidad tur\u00edstica. Muchos eligen asentarse fuera de los grandes n\u00facleos urbanos, generando una econom\u00eda m\u00e1s distribuida y sostenible. Este fen\u00f3meno, que une turismo, innovaci\u00f3n y talento, est\u00e1 ayudando a redefinir la identidad econ\u00f3mica de regiones como Andaluc\u00eda, que ahora atraen inversi\u00f3n no solo por su belleza natural, sino por su potencial como <strong>centros de vida y trabajo global<\/strong>.<br><\/p>\n\n\n\n<h2 class=\"wp-block-heading\"><span class=\"ez-toc-section\" id=\"Un_fenomeno_que_ha_llegado_para_quedarse\"><\/span>Un fen\u00f3meno que ha llegado para quedarse<span class=\"ez-toc-section-end\"><\/span><\/h2>\n\n\n\n<p>El nomadismo digital ya no es una moda pasajera, sino una realidad consolidada que redefine c\u00f3mo vivimos, trabajamos y nos conectamos.<br>Espa\u00f1a ha sabido entenderlo y aprovecharlo, ofreciendo el marco perfecto para esta nueva era laboral.<\/p>\n\n\n\n<p>En <strong><a href=\"https:\/\/www.homewatch.es\/es\">Homewatch<\/a><\/strong>, creemos que esta transformaci\u00f3n apenas comienza. Cada vez m\u00e1s profesionales y empresas ver\u00e1n en <strong>Marbella<\/strong> y en la <strong>Costa del Sol<\/strong> la base ideal para <strong>crecer, innovar y disfrutar de un estilo de vida pleno<\/strong>, en equilibrio entre productividad y bienestar.<br><br>Hablamos de estos temas, y de muchos m\u00e1s sobre estilo de vida, inversi\u00f3n y nuevas formas de habitar la Costa del Sol, en nuestro perfil de <strong><a href=\"https:\/\/www.linkedin.com\/company\/11339405\/admin\/dashboard\/\" target=\"_blank\" rel=\"noopener\">LinkedIn<\/a><\/strong>.<\/p>\n","protected":false},"excerpt":{"rendered":"<p>Hasta hace poco, hablar de n\u00f3madas digitales sonaba a excepci\u00f3n. Hoy, trabajar desde cualquier lugar del mundo es una realidad para miles de profesionales con esp\u00edritu libre, clientes globales y ganas de dise\u00f1ar su propio estilo de vida. \u00bfY sabes qu\u00e9 lugar refleja mejor esa tendencia? Espa\u00f1a, y muy especialmente, la Costa del Sol. En&#8230;<\/p>\n","protected":false},"author":2,"featured_media":6874,"comment_status":"closed","ping_status":"0","sticky":false,"template":"","format":"standard","meta":{"_acf_changed":false,"footnotes":""},"categories":[2],"tags":[264,32,557,36,192,1440,1441],"class_list":["post-6869","post","type-post","status-publish","format-standard","has-post-thumbnail","hentry","category-noticias","tag-alquiler-de-apartamentos","tag-costa-del-sol-es","tag-desarrollos","tag-marbella-es","tag-mercado-inmobiliario","tag-nomadas-digitales","tag-teletrabajo"],"acf":[],"_links":{"self":[{"href":"https:\/\/www.homewatch.es\/es\/wp-json\/wp\/v2\/posts\/6869","targetHints":{"allow":["GET"]}}],"collection":[{"href":"https:\/\/www.homewatch.es\/es\/wp-json\/wp\/v2\/posts"}],"about":[{"href":"https:\/\/www.homewatch.es\/es\/wp-json\/wp\/v2\/types\/post"}],"author":[{"embeddable":true,"href":"https:\/\/www.homewatch.es\/es\/wp-json\/wp\/v2\/users\/2"}],"replies":[{"embeddable":true,"href":"https:\/\/www.homewatch.es\/es\/wp-json\/wp\/v2\/comments?post=6869"}],"version-history":[{"count":0,"href":"https:\/\/www.homewatch.es\/es\/wp-json\/wp\/v2\/posts\/6869\/revisions"}],"wp:featuredmedia":[{"embeddable":true,"href":"https:\/\/www.homewatch.es\/es\/wp-json\/wp\/v2\/media\/6874"}],"wp:attachment":[{"href":"https:\/\/www.homewatch.es\/es\/wp-json\/wp\/v2\/media?parent=6869"}],"wp:term":[{"taxonomy":"category","embeddable":true,"href":"https:\/\/www.homewatch.es\/es\/wp-json\/wp\/v2\/categories?post=6869"},{"taxonomy":"post_tag","embeddable":true,"href":"https:\/\/www.homewatch.es\/es\/wp-json\/wp\/v2\/tags?post=6869"}],"curies":[{"name":"wp","href":"https:\/\/api.w.org\/{rel}","templated":true}]}}