{"id":6590,"date":"2025-09-15T16:50:54","date_gmt":"2025-09-15T14:50:54","guid":{"rendered":"https:\/\/www.homewatch.es\/?p=6590"},"modified":"2025-09-19T15:52:03","modified_gmt":"2025-09-19T13:52:03","slug":"marbella-destino-por-excelencia","status":"publish","type":"post","link":"https:\/\/www.homewatch.es\/es\/6590-marbella-destino-por-excelencia","title":{"rendered":"Marbella, destino mediterr\u00e1neo por excelencia"},"content":{"rendered":"\n<p>Marbella es sin\u00f3nimo de sol, mar y estilo de vida mediterr\u00e1neo. Situada en plena <strong>Costa del Sol<\/strong>, esta ciudad combina la tradici\u00f3n andaluza de su encantador casco antiguo con la sofisticaci\u00f3n de sus modernos puertos deportivos, campos de golf y restaurantes de renombre. Con m\u00e1s de <strong>300 d\u00edas de sol al a\u00f1o<\/strong> y un clima suave durante todas las estaciones, Marbella se convierte en un lugar ideal tanto para disfrutar de unas vacaciones inolvidables como para establecer una residencia permanente. Aqu\u00ed conviven el <strong>lujo y la exclusividad<\/strong> con la <strong>autenticidad cultural<\/strong>, ofreciendo a cada visitante una experiencia \u00fanica que mezcla historia, naturaleza y modernidad.<\/p><div id=\"ez-toc-container\" class=\"ez-toc-v2_0_82_2 counter-hierarchy ez-toc-counter ez-toc-custom ez-toc-container-direction\">\n<div class=\"ez-toc-title-container\">\n<p class=\"ez-toc-title\" style=\"cursor:inherit\">Table of Contents<\/p>\n<span class=\"ez-toc-title-toggle\"><a href=\"#\" class=\"ez-toc-pull-right ez-toc-btn ez-toc-btn-xs ez-toc-btn-default ez-toc-toggle\" aria-label=\"Alternar tabla de contenidos\"><span class=\"ez-toc-js-icon-con\"><span class=\"\"><span class=\"eztoc-hide\" style=\"display:none;\">Toggle<\/span><span class=\"ez-toc-icon-toggle-span\"><svg style=\"fill: #0a0a0a;color:#0a0a0a\" xmlns=\"http:\/\/www.w3.org\/2000\/svg\" class=\"list-377408\" width=\"20px\" height=\"20px\" viewBox=\"0 0 24 24\" fill=\"none\"><path d=\"M6 6H4v2h2V6zm14 0H8v2h12V6zM4 11h2v2H4v-2zm16 0H8v2h12v-2zM4 16h2v2H4v-2zm16 0H8v2h12v-2z\" fill=\"currentColor\"><\/path><\/svg><svg style=\"fill: #0a0a0a;color:#0a0a0a\" class=\"arrow-unsorted-368013\" xmlns=\"http:\/\/www.w3.org\/2000\/svg\" width=\"10px\" height=\"10px\" viewBox=\"0 0 24 24\" version=\"1.2\" baseProfile=\"tiny\"><path d=\"M18.2 9.3l-6.2-6.3-6.2 6.3c-.2.2-.3.4-.3.7s.1.5.3.7c.2.2.4.3.7.3h11c.3 0 .5-.1.7-.3.2-.2.3-.5.3-.7s-.1-.5-.3-.7zM5.8 14.7l6.2 6.3 6.2-6.3c.2-.2.3-.5.3-.7s-.1-.5-.3-.7c-.2-.2-.4-.3-.7-.3h-11c-.3 0-.5.1-.7.3-.2.2-.3.5-.3.7s.1.5.3.7z\"\/><\/svg><\/span><\/span><\/span><\/a><\/span><\/div>\n<nav><ul class='ez-toc-list ez-toc-list-level-1 ' ><li class='ez-toc-page-1 ez-toc-heading-level-2'><a class=\"ez-toc-link ez-toc-heading-1\" href=\"https:\/\/www.homewatch.es\/es\/6590-marbella-destino-por-excelencia\/#Ubicacion_privilegiada_%C2%BFDonde_esta_Marbella\" >Ubicaci\u00f3n privilegiada: \u00bfD\u00f3nde est\u00e1 Marbella?<\/a><\/li><li class='ez-toc-page-1 ez-toc-heading-level-2'><a class=\"ez-toc-link ez-toc-heading-2\" href=\"https:\/\/www.homewatch.es\/es\/6590-marbella-destino-por-excelencia\/#Un_dia_en_Marbella_Centro\" >Un d\u00eda en Marbella Centro<\/a><\/li><li class='ez-toc-page-1 ez-toc-heading-level-2'><a class=\"ez-toc-link ez-toc-heading-3\" href=\"https:\/\/www.homewatch.es\/es\/6590-marbella-destino-por-excelencia\/#Servicios_en_Marbella\" >Servicios en Marbella:<\/a><\/li><li class='ez-toc-page-1 ez-toc-heading-level-2'><a class=\"ez-toc-link ez-toc-heading-4\" href=\"https:\/\/www.homewatch.es\/es\/6590-marbella-destino-por-excelencia\/#Que_el_transporte_no_sea_un_problema\" >Que el transporte no sea un problema<\/a><\/li><li class='ez-toc-page-1 ez-toc-heading-level-2'><a class=\"ez-toc-link ez-toc-heading-5\" href=\"https:\/\/www.homewatch.es\/es\/6590-marbella-destino-por-excelencia\/#Propiedades_en_alquiler_en_Marbella_Todas_las_propiedades_en_alquiler_Marbella_Marbella_Este_Puerto_Banus_Nueva_Andalucia\" >Propiedades en alquiler en Marbella\n\t\t\t\t\t\t\t\t\t\t\t\t\t\t\t\tTodas las propiedades en alquiler \/ Marbella \/ Marbella Este \/ Puerto Ban\u00fas \/ Nueva Andaluc\u00eda<\/a><\/li><\/ul><\/nav><\/div>\n\n\n\n<figure class=\"position-relative my-5\"><a class=\"position-relative\" href=\"https:\/\/youtu.be\/XPAZUpeyPpg\" data-fancybox=\"video\" target=\"_blank\" rel=\"noopener\"><svg class=\"position-absolute top-50 start-50 translate-middle\" width=\"80\" fill=\"#fff\" viewBox=\"0 0 512 512\"><use href=\"https:\/\/www.homewatch.es\/wp-content\/themes\/inmobasolidbase\/dist\/src\/images\/icons.svg#svgPlay\"><\/use><\/svg><picture><source width=\"1920\" srcset=\"https:\/\/media.inmobalia.com\/imgV1\/B98Le8~d7M9k3Degnasou4SeXs2jeTR_PiwwSeLqOqIC4907UpvQnFtJljAkioC7kuEr6Z~ulrAsl79hYMCSdphBNQAzSwGFNAEmp2CKjlDtBaxwCb0u8OmUhME-.jpg 1920w\" type=\"image\/webp\"><img decoding=\"async\" class=\"img-fluid d-block w-100 my-4\" alt=\"Marbella, destino mediterr\u00e1neo por excelencia\" width=\"1920\" src=\"https:\/\/media.inmobalia.com\/imgV1\/B98Le8~d7M9k3DegigWijpPHfi0CkGBxNjyvwawbHYBfRTOjZB3vLkbI1XjyP3_9i~7qoUdHi2ONu72zb1Xso7mi_JQBGhzipqoyJw--.jpg\"><\/picture><\/a><script type=\"application\/ld+json\">\n\t\t\t{\n\t\t\t\t\"@context\": \"https:\/\/schema.org\",\n\t\t\t\t\"@type\": \"VideoObject\",\n\t\t\t\t\"name\": \"Marbella, destino mediterr\u00e1neo por excelencia\",\n\t\t\t\t\"description\": \"Marbella es sin\u00f3nimo de sol, mar y estilo de vida mediterr\u00e1neo. Situada en plena Costa del Sol, esta ciudad combina...\",\n\t\t\t\t\"thumbnailUrl\": \"https:\/\/img.youtube.com\/vi\/XPAZUpeyPpg\/maxresdefault.jpg\",\n\t\t\t\t\"uploadDate\": \"2025-09-15T16:50:54+0200\", \"embedUrl\": \"https:\/\/youtu.be\/XPAZUpeyPpg\"\t\t\t\n\t\t\t}\n\t\t\t<\/script><\/figure>\n\n\n\n<h2 class=\"wp-block-heading\"><span class=\"ez-toc-section\" id=\"Ubicacion_privilegiada_%C2%BFDonde_esta_Marbella\"><\/span>Ubicaci\u00f3n privilegiada: \u00bfD\u00f3nde est\u00e1 Marbella?<span class=\"ez-toc-section-end\"><\/span><\/h2>\n\n\n\n<p>Marbella centro se sit\u00faa en el coraz\u00f3n de la <strong>Costa del Sol<\/strong>, a orillas del Mediterr\u00e1neo y perfectamente conectada con otros destinos tur\u00edsticos de referencia. Este enclave combina el encanto del <strong>casco hist\u00f3rico andaluz<\/strong>, con sus calles empedradas y plazas llenas de vida, con la comodidad de encontrarse a pocos minutos de playas, puertos deportivos y zonas comerciales. Gracias a su clima suave durante todo el a\u00f1o y su inmejorable localizaci\u00f3n, Marbella es uno de los destinos m\u00e1s apreciados tanto para quienes buscan vacaciones inolvidables como para aquellos que eligen establecer su residencia.<\/p>\n\n\n\n<p>Las conexiones son directas y r\u00e1pidas mediante la autopista AP-7 y la carretera nacional N-340, lo que permite desplazarse f\u00e1cilmente a lugares de inter\u00e9s cultural, hist\u00f3rico y de ocio. Su cercan\u00eda al <strong>Aeropuerto Internacional de M\u00e1laga<\/strong> y a destinos exclusivos como <strong>Puerto Ban\u00fas<\/strong> hacen que Marbella sea un punto estrat\u00e9gico en la Costa del Sol.<\/p>\n\n\n\n<p>Te ense\u00f1amos las distancias desde Marbella, a otros lugares de inter\u00e9s:<\/p>\n\n\n\n<h3 class=\"wp-block-heading\">Principales puntos cercanos:<\/h3>\n\n\n\n<ul class=\"wp-block-list\">\n<li><strong>Puerto Ban\u00fas<\/strong>: 10 minutos (7 km) \u2013 Reconocido internacionalmente por su puerto deportivo, tiendas de lujo y vibrante vida nocturna.<\/li>\n\n\n\n<li><strong>Aeropuerto Internacional de M\u00e1laga<\/strong>: 35 minutos (50 km) \u2013 Principal acceso a\u00e9reo de la Costa del Sol, con vuelos nacionales e internacionales.<\/li>\n\n\n\n<li><strong>M\u00e1laga capital<\/strong>: 45 minutos (60 km) \u2013 Ciudad cultural y cosmopolita, famosa por sus museos, monumentos y oferta gastron\u00f3mica.<\/li>\n\n\n\n<li><strong>Mijas Pueblo<\/strong>: 25 minutos (30 km) \u2013 Un encantador pueblo blanco andaluz con calles pintorescas y miradores espectaculares.<\/li>\n\n\n\n<li><strong>Estepona<\/strong>: 25 minutos (30 km) \u2013 Destino en auge con un hermoso casco antiguo y un animado paseo mar\u00edtimo.<\/li>\n<\/ul>\n\n\n\n<h3 class=\"wp-block-heading\">Campos de golf en Marbella<\/h3>\n\n\n\n<p>Marbella es considerada la <strong>capital del golf en la Costa del Sol<\/strong>, gracias a la gran concentraci\u00f3n de campos de primer nivel que la rodean. Con dise\u00f1os de prestigio internacional y un clima soleado casi todo el a\u00f1o, la ciudad se ha convertido en un aut\u00e9ntico para\u00edso para los amantes de este deporte. <\/p>\n\n\n\n<p>Entre ellos destacan:<\/p>\n\n\n\n<ul class=\"wp-block-list\">\n<li><a href=\"https:\/\/rioreal.com\/golf\/\" data-type=\"link\" data-id=\"https:\/\/rioreal.com\/golf\/\" target=\"_blank\" rel=\"noopener\">R\u00edo Real Golf<\/a><\/li>\n\n\n\n<li><a href=\"https:\/\/losnaranjos.com\/\" data-type=\"link\" data-id=\"https:\/\/losnaranjos.com\/\" target=\"_blank\" rel=\"noopener\">Los Naranjos Golf<\/a><\/li>\n\n\n\n<li><a href=\"https:\/\/www.clubdegolfaloha.com\/es\/\" target=\"_blank\" rel=\"noopener\">Aloha Golf<\/a><\/li>\n\n\n\n<li><a href=\"https:\/\/marbellagolfpass.com\/\" data-type=\"link\" data-id=\"https:\/\/marbellagolfpass.com\/\" target=\"_blank\" rel=\"noopener\">La Quinta Golf<\/a><\/li>\n\n\n\n<li><a href=\"https:\/\/santaclaragolfmarbella.com\/\" data-type=\"link\" data-id=\"https:\/\/santaclaragolfmarbella.com\/\" target=\"_blank\" rel=\"noopener\">Santa Clara Golf<\/a><\/li>\n<\/ul>\n\n\n\n<h3 class=\"wp-block-heading\">Playas destacadas en Marbella:<\/h3>\n\n\n\n<p>Playa de la Venus<\/p>\n\n\n\n<ul class=\"wp-block-list\">\n<li><strong><a href=\"https:\/\/www.google.com\/maps\/place\/Playa+de+Venus\/@36.5063137,-4.8866302,448m\/data=!3m2!1e3!4b1!4m6!3m5!1s0xd7327f96cd79f85:0x5c5d6bbb65ba574a!8m2!3d36.5067319!4d-4.8859414!16s%2Fg%2F12195wyq?entry=ttu&amp;g_ep=EgoyMDI1MDkxMC4wIKXMDSoASAFQAw%3D%3D\" data-type=\"link\" data-id=\"https:\/\/www.google.com\/maps\/place\/Playa+de+Venus\/@36.5063137,-4.8866302,448m\/data=!3m2!1e3!4b1!4m6!3m5!1s0xd7327f96cd79f85:0x5c5d6bbb65ba574a!8m2!3d36.5067319!4d-4.8859414!16s%2Fg%2F12195wyq?entry=ttu&amp;g_ep=EgoyMDI1MDkxMC4wIKXMDSoASAFQAw%3D%3D\" target=\"_blank\" rel=\"noopener\">Ubicaci\u00f3n:<\/a><\/strong> junto al casco antiguo y el Puerto Deportivo.<\/li>\n\n\n\n<li><strong>Ideal para:<\/strong> familias y quienes buscan comodidad sin salir del centro. Con actividades acu\u00e1ticas para todas las edades.<\/li>\n<\/ul>\n\n\n\n<p>Playa de La Fontanilla<\/p>\n\n\n\n<ul class=\"wp-block-list\">\n<li><strong><a href=\"https:\/\/www.google.com\/maps\/place\/Playa+de+la+Fontanilla\/@36.2883876,-6.1100888,889m\/data=!3m1!1e3!4m6!3m5!1s0xd0c3782efa375e1:0x6ed01c2a43f49174!8m2!3d36.2893073!4d-6.1081418!16s%2Fg%2F11cn6d4yvz?entry=ttu&amp;g_ep=EgoyMDI1MDkxMC4wIKXMDSoASAFQAw%3D%3D\" data-type=\"link\" data-id=\"https:\/\/www.google.com\/maps\/place\/Playa+de+la+Fontanilla\/@36.2883876,-6.1100888,889m\/data=!3m1!1e3!4m6!3m5!1s0xd0c3782efa375e1:0x6ed01c2a43f49174!8m2!3d36.2893073!4d-6.1081418!16s%2Fg%2F11cn6d4yvz?entry=ttu&amp;g_ep=EgoyMDI1MDkxMC4wIKXMDSoASAFQAw%3D%3D\" target=\"_blank\" rel=\"noopener\">Ubicaci\u00f3n<\/a>:<\/strong> a pocos minutos andando del centro.<\/li>\n\n\n\n<li><strong>Ideal para:<\/strong> turistas y locales que buscan una playa urbana con servicios, como restaurantes y amplia oferta de ocio.<\/li>\n<\/ul>\n\n\n\n<p>Playa de Nag\u00fceles (Milla de Oro)<\/p>\n\n\n\n<ul class=\"wp-block-list\">\n<li><strong><a href=\"https:\/\/www.google.com\/maps\/place\/Playa+de+Nag%C3%BCeles\/@36.5020535,-4.9228323,788m\/data=!3m1!1e3!4m6!3m5!1s0xd73282475710871:0xc5452335257cc0e5!8m2!3d36.5022476!4d-4.9213001!16s%2Fg%2F11xp58h6v?entry=ttu&amp;g_ep=EgoyMDI1MDkxMC4wIKXMDSoASAFQAw%3D%3D\" data-type=\"link\" data-id=\"https:\/\/www.google.com\/maps\/place\/Playa+de+Nag%C3%BCeles\/@36.5020535,-4.9228323,788m\/data=!3m1!1e3!4m6!3m5!1s0xd73282475710871:0xc5452335257cc0e5!8m2!3d36.5022476!4d-4.9213001!16s%2Fg%2F11xp58h6v?entry=ttu&amp;g_ep=EgoyMDI1MDkxMC4wIKXMDSoASAFQAw%3D%3D\" target=\"_blank\" rel=\"noopener\">Ubicaci\u00f3n<\/a>:<\/strong> en plena Golden Mile.<\/li>\n\n\n\n<li><strong>Ideal para:<\/strong> quienes buscan un ambiente m\u00e1s elegante y exclusivo. Rodeada de hoteles de lujo y clubes de playa como <a href=\"https:\/\/www.puenteromano.com\/es\/\" data-type=\"link\" data-id=\"https:\/\/www.puenteromano.com\/es\/\" target=\"_blank\" rel=\"noopener\">Puente Romano<\/a> o <a href=\"https:\/\/www.marbellaclub.com\/es\/?gclsrc=aw.ds&amp;gad_source=1&amp;gad_campaignid=62358566&amp;gbraid=0AAAAAD0hcfLxWU22MmbjvZqfjfyjBTqNE&amp;gclid=Cj0KCQjw8p7GBhCjARIsAEhghZ1jqssOwFormnvzCnCjyXWAgHzCCm1Rt82EWHKvvm8jbRPSEK5efS4aAoRJEALw_wcB\" data-type=\"link\" data-id=\"https:\/\/www.marbellaclub.com\/es\/?gclsrc=aw.ds&amp;gad_source=1&amp;gad_campaignid=62358566&amp;gbraid=0AAAAAD0hcfLxWU22MmbjvZqfjfyjBTqNE&amp;gclid=Cj0KCQjw8p7GBhCjARIsAEhghZ1jqssOwFormnvzCnCjyXWAgHzCCm1Rt82EWHKvvm8jbRPSEK5efS4aAoRJEALw_wcB\" target=\"_blank\" rel=\"noopener\">Marbella Club<\/a>.<\/li>\n<\/ul>\n\n\n\n<p>Playa de Cabopino (Artola)<\/p>\n\n\n\n<ul class=\"wp-block-list\">\n<li><strong><a href=\"https:\/\/www.google.com\/maps\/place\/Playa+de+Cabopino\/@36.4901658,-4.7595667,2670m\/data=!3m1!1e3!4m6!3m5!1s0xd7320387444acd7:0xa6c7b1887c91361f!8m2!3d36.4845625!4d-4.7436806!16s%2Fg%2F1214m2m4?entry=ttu&amp;g_ep=EgoyMDI1MDkxMC4wIKXMDSoASAFQAw%3D%3D\" data-type=\"link\" data-id=\"https:\/\/www.google.com\/maps\/place\/Playa+de+Cabopino\/@36.4901658,-4.7595667,2670m\/data=!3m1!1e3!4m6!3m5!1s0xd7320387444acd7:0xa6c7b1887c91361f!8m2!3d36.4845625!4d-4.7436806!16s%2Fg%2F1214m2m4?entry=ttu&amp;g_ep=EgoyMDI1MDkxMC4wIKXMDSoASAFQAw%3D%3D\" target=\"_blank\" rel=\"noopener\">Ubicaci\u00f3n<\/a>:<\/strong> en el este de Marbella.<\/li>\n\n\n\n<li><strong>Ideal para:<\/strong> naturaleza y tranquilidad. Considerada una de las m\u00e1s bonitas, con <strong>dunas protegidas<\/strong>, aguas cristalinas y un entorno natural \u00fanico.<\/li>\n<\/ul>\n\n\n\n<h3 class=\"wp-block-heading\">Ocio en Marbella:<\/h3>\n\n\n\n<h4 class=\"wp-block-heading\">Actividades acu\u00e1ticas<\/h4>\n\n\n\n<ul class=\"wp-block-list\">\n<li><strong>Deportes acu\u00e1ticos<\/strong>: paddle surf, kayaks, motos de agua, hidropedales y parasailing, perfectos para toda la familia.<\/li>\n\n\n\n<li><strong>Alquilar un barco un d\u00eda entero<\/strong>: vive la Costa del Sol desde el mar, navegando por el Mar Mediterr\u00e1neo.<\/li>\n\n\n\n<li><strong><a href=\"https:\/\/www.fly-blue.com\/\" data-type=\"link\" data-id=\"https:\/\/www.fly-blue.com\/\" target=\"_blank\" rel=\"noopener\">Fly Blue Catamar\u00e1n<\/a><\/strong>: un recorrido en barco desde el Puerto Deportivo de Marbella hasta Puerto Ban\u00fas, con unas vistas espectaculares de la costa.<\/li>\n<\/ul>\n\n\n\n<figure class=\"wp-caption is-resized\">\n<picture><source width=\"1480\" srcset=\"https:\/\/media.inmobalia.com\/imgV1\/B98Le8~d7M9pwOKhCJcJLIfglZOtvyX13f98gUEkry2AXpxxwVVUW6beaB1CbHQXGOhTMxPEWoq2vSWoPxT0dWUFVpFov6NwmlNzq3qwzpnpHLdKCVvYT51MqCPJxc4CAVyasB2QvxXksRrRXZc-.png 1480w\" type=\"image\/webp\"><img decoding=\"async\" class=\"img-fluid is-resized\" width=\"1480\" src=\"https:\/\/media.inmobalia.com\/imgV1\/B98Le8~d7M9pwOKhCJcJLIN6jO1ByKD5uSZnq8Rqc8B6DMmmO7kOR4N0IvO6OvVh01P_J9~uLWOHBEWUQE3T~C5cLDWerHLR1PrO6NIclH6WC~GKJrAzlS92Iq1wsxyNhvxULSsS6Q--.png\"><\/picture>\n<figcaption class=\"wp-caption-text\"><\/figcaption>\n<\/figure>\n\n\n\n<h4 class=\"wp-block-heading\">Monta\u00f1a y senderismo<\/h4>\n\n\n\n<ul class=\"wp-block-list\">\n<li><strong>Sierra Blanca y La Concha<\/strong>: rutas para senderistas y amantes de la naturaleza, con miradores que regalan panor\u00e1micas \u00fanicas del mar y las monta\u00f1as.<\/li>\n\n\n\n<li><strong>Senderos familiares<\/strong>: opciones suaves en parques naturales cercanos, ideales para disfrutar al aire libre en compa\u00f1\u00eda de ni\u00f1os.<\/li>\n<\/ul>\n\n\n\n<h4 class=\"wp-block-heading\">P\u00e1del, tenis y polideportivo<\/h4>\n\n\n\n<ul class=\"wp-block-list\">\n<li>Marbella es considerada una de las capitales del p\u00e1del, con clubes de referencia como <strong><a href=\"https:\/\/tenis.puenteromano.com\/es\/\" data-type=\"link\" data-id=\"https:\/\/tenis.puenteromano.com\/es\/\" target=\"_blank\" rel=\"noopener\">Puente Romano Tennis Club<\/a><\/strong>, que combina tradici\u00f3n y modernidad, y donde se han celebrado torneos internacionales.<\/li>\n\n\n\n<li>Tambi\u00e9n encontrar\u00e1s otros clubes deportivos con pistas de tenis y p\u00e1del de gran calidad, as\u00ed como el <strong><a href=\"https:\/\/turismo.marbella.es\/vive\/deporte\/polideportivo-paco-cantos.html\" data-type=\"link\" data-id=\"https:\/\/turismo.marbella.es\/vive\/deporte\/polideportivo-paco-cantos.html\" target=\"_blank\" rel=\"noopener\">Polideportivo Paco Cantos<\/a><\/strong>, en pleno centro, que ofrece instalaciones para practicar diferentes deportes y actividades.<\/li>\n<\/ul>\n\n\n\n<h4 class=\"wp-block-heading\">Compras y ocio urbano<\/h4>\n\n\n\n<ul class=\"wp-block-list\">\n<li><strong><a href=\"https:\/\/lacanadashopping.com\/\" data-type=\"link\" data-id=\"https:\/\/lacanadashopping.com\/\" target=\"_blank\" rel=\"noopener\">Centro Comercial La Ca\u00f1ada<\/a><\/strong>: el mayor centro comercial de Marbella, con m\u00e1s de 300 tiendas de moda, restauraci\u00f3n, un gran supermercado, gimnasio y hasta cines.<\/li>\n\n\n\n<li><strong>Puerto Ban\u00fas<\/strong>: icono del lujo y la exclusividad, donde adem\u00e1s de contemplar espectaculares yates, podr\u00e1s recorrer boutiques de alta gama, restaurantes internacionales y locales de ocio nocturno.<\/li>\n<\/ul>\n\n\n\n<h2 class=\"wp-block-heading\"><span class=\"ez-toc-section\" id=\"Un_dia_en_Marbella_Centro\"><\/span>Un d\u00eda en Marbella Centro<span class=\"ez-toc-section-end\"><\/span><\/h2>\n\n\n\n<h3 class=\"wp-block-heading\">Ma\u00f1ana: sabor andaluz y paseo hist\u00f3rico<\/h3>\n\n\n\n<p>No hay mejor manera de comenzar el d\u00eda que desayunando un <strong>chocolate con churros<\/strong> en la churrer\u00eda m\u00e1s tradicional de Marbella en la <strong>Plaza de la Victoria<\/strong>, punto de encuentro de locales y visitantes.<\/p>\n\n\n\n<p>Con energ\u00edas renovadas, el plan contin\u00faa en la <strong>Plaza de los Naranjos<\/strong>, el coraz\u00f3n hist\u00f3rico de Marbella desde su fundaci\u00f3n tras la reconquista cristiana. Esta plaza est\u00e1 rodeada de edificios emblem\u00e1ticos como el <strong>Ayuntamiento de Marbella<\/strong>, la <strong>Casa del Corregidor<\/strong> del siglo XVI y la <strong>Ermita de Santiago<\/strong>, el templo religioso m\u00e1s antiguo de la ciudad. Su nombre proviene de los naranjos plantados en el siglo XVIII que a\u00fan hoy perfuman el aire con el aroma del azahar, creando un ambiente m\u00e1gico y t\u00edpico andaluz.<\/p>\n\n\n\n<p>Desde aqu\u00ed, lo ideal es dejarse llevar por las encantadoras <strong>calles empedradas del casco antiguo<\/strong>, como <strong>Calle Ancha<\/strong> y <strong>Calle Peral<\/strong>, donde balcones floridos, fachadas encaladas y peque\u00f1as tiendas artesanales transmiten el aut\u00e9ntico car\u00e1cter andaluz.<\/p>\n\n\n\n<p>La visita cultural contin\u00faa en la majestuosa <strong><a href=\"https:\/\/encarnacionmarbella.es\/\" data-type=\"link\" data-id=\"https:\/\/encarnacionmarbella.es\/\" target=\"_blank\" rel=\"noopener\">Iglesia de la Encarnaci\u00f3n<\/a><\/strong>, construida sobre una antigua mezquita a finales del siglo XVI. Su fachada barroca y su imponente torre campanario dominan el horizonte del casco antiguo, mientras que en el interior sorprenden los retablos dorados y el \u00f3rgano barroco, considerado uno de los m\u00e1s grandes de Espa\u00f1a.<\/p>\n\n\n\n<p>Muy cerca se encuentran los restos del <strong>Castillo de Marbella<\/strong>, una fortaleza \u00e1rabe del siglo X que proteg\u00eda la ciudad y de la que a\u00fan se conservan lienzos de muralla y torres en piedra rojiza. Pasear por este entorno es viajar atr\u00e1s en el tiempo y descubrir la huella musulmana que forma parte esencial de la historia de Marbella.<\/p>\n\n\n\n<figure class=\"wp-caption is-resized is-style-default\">\n<picture><source width=\"1480\" srcset=\"https:\/\/media.inmobalia.com\/imgV1\/B98Le8~d7M9pwOKhCJcJLIfglZOtvyX13f98gUEkry2AXpxxwVVUW6beaB1CbHQXGOhTMxPEWoq2vSWoPxT0dWUFVpFov6NwmlNzq3qwzpnpHLdKCVvYT51MqCPJxc4CAVyasB2QvxXn7K7g.png 1480w\" type=\"image\/webp\"><img decoding=\"async\" class=\"img-fluid is-resized is-style-default\" width=\"1480\" src=\"https:\/\/media.inmobalia.com\/imgV1\/B98Le8~d7M9pwOKhCJcJLIN6jO1ByKD5uSZnq8Rqc8B6DMmmO7kOR4N0IvO6OvVh01P_J9~uLWOHBEWUQE3T~C5cLDWerHLR1PrO6NIclH6WC~GKJrAzlS92Iq1wsxyNhv8cHXM-.png\"><\/picture>\n<figcaption class=\"wp-caption-text\"><\/figcaption>\n<\/figure>\n\n\n\n<h3 class=\"wp-block-heading\">Mediod\u00eda: sol, playa y gastronom\u00eda mediterr\u00e1nea<\/h3>\n\n\n\n<p>Tras la ma\u00f1ana cultural, la mejor forma de continuar el d\u00eda es refrescarse en la <strong>Playa de la Venus<\/strong>, una de las m\u00e1s emblem\u00e1ticas de Marbella. Situada a un paso del casco antiguo, esta playa urbana combina aguas tranquilas, arena dorada y un ambiente animado gracias a su proximidad al <strong>Paseo Mar\u00edtimo<\/strong>, repleto de bares, cafeter\u00edas y zonas para pasear frente al Mediterr\u00e1neo. Adem\u00e1s de tomar el sol y ba\u00f1arse, aqu\u00ed se pueden practicar <strong>actividades acu\u00e1ticas para toda la familia<\/strong>, como paseos en kayak, paddle surf, hidropedales o incluso excursiones en moto de agua. Sin duda, un lugar perfecto tanto para descansar como para divertirse en el mar bajo el sol de la Costa del Sol.<\/p>\n\n\n\n<figure class=\"wp-caption aligncenter\">\n<picture><source width=\"1480\" srcset=\"https:\/\/media.inmobalia.com\/imgV1\/B98Le8~d7M9pwOKhCJcJLIfglZOtvyX13f98gUEkry2AXpxxwVVUW6beaB1CbHQXGOhTMxPEWoq2vSWoPxT0dWUFVpFov6NwmlNzq3qwzpnpHLdKCVvZkI9Xb~d~IA--.png 1480w\" type=\"image\/webp\"><img decoding=\"async\" class=\"img-fluid \" width=\"1480\" src=\"https:\/\/media.inmobalia.com\/imgV1\/B98Le8~d7M9pwOKhCJcJLIN6jO1ByKD5uSZnq8Rqc8B6DMmmO7kOR4N0IvO6OvVh01P_J9~uLWOHBEWUQE3T~C5cLDWerHLR1PrO6NIclH~9W~p6GMj3.png\"><\/picture>\n<figcaption class=\"wp-caption-text\"><\/figcaption>\n<\/figure>\n\n\n\n<p>Despu\u00e9s de la ma\u00f1ana de historia y mar, llega la hora de reponer energ\u00edas con la variada <strong>oferta gastron\u00f3mica de Marbella centro<\/strong>, donde abundan restaurantes de calidad frente al mar. Entre las opciones m\u00e1s destacadas, recomendamos:<\/p>\n\n\n\n<h4 class=\"wp-block-heading\">Restaurante <a href=\"https:\/\/dabruno.com\/restaurantes\/sul-mare\/\" data-type=\"link\" data-id=\"https:\/\/dabruno.com\/restaurantes\/sul-mare\/\" target=\"_blank\" rel=\"noopener\">Da Bruno Sul Mare<\/a>:<\/h4>\n\n\n\n<p>Un referente de la cocina italiana en Marbella, <strong>Da Bruno Sul Mare<\/strong> ofrece una experiencia gastron\u00f3mica de primer nivel con platos elaborados con ingredientes frescos y un servicio impecable. Situado frente al mar, este restaurante combina la tradici\u00f3n italiana con un ambiente sofisticado y acogedor. Entre sus platos destacan el <strong>risotto de marisco<\/strong> o los <strong>raviolis de bogavante con salsa bisqu\u00e9<\/strong>. Todo ello acompa\u00f1ado de una carta de vinos selecta y unas vistas al mar que hacen de cada comida una ocasi\u00f3n especial.<\/p>\n\n\n\n<h4 class=\"wp-block-heading\">Chiringuito <a href=\"https:\/\/www.soleomarbella.com\/es\/\" target=\"_blank\" rel=\"noopener\">Soleo Marbella<\/a>:<\/h4>\n\n\n\n<p>Si lo que se busca es una experiencia a pie de playa, el <strong>Chiringuito Soleo Marbella<\/strong> es la opci\u00f3n ideal. Con una decoraci\u00f3n moderna y elegante pero manteniendo la esencia marinera, Soleo invita a disfrutar de la gastronom\u00eda andaluza frente al mar. Sus especialidades incluyen arroces preparados al momento y el tradicional <strong><em>pesca\u00edto frito<\/em><\/strong>, s\u00edmbolo de la cocina malague\u00f1a. Comer aqu\u00ed es saborear la Costa del Sol en estado puro, con el Mediterr\u00e1neo como tel\u00f3n de fondo y un ambiente que combina tradici\u00f3n y estilo contempor\u00e1neo.<\/p>\n\n\n\n<h3 class=\"wp-block-heading\">Tarde: dulce paseo y compras en el casco antiguo<\/h3>\n\n\n\n<p>Despu\u00e9s de comer, lo mejor es disfrutar de un <strong>helado artesanal en Gioelia<\/strong>, reconocido por su cremosidad y amplia variedad de sabores, el final perfecto para un almuerzo frente al mar. Tras este capricho dulce, lo ideal es dar un paseo bajo la sombra del <strong>Parque de la Alameda<\/strong>, un oasis verde con fuentes, bancos de azulejos andaluces y \u00e1rboles centenarios en pleno centro de Marbella.<\/p>\n\n\n\n<p>Con las fuerzas renovadas, llega el momento de perderse entre las callejuelas del <strong>casco antiguo<\/strong>, donde las <strong>tiendas y boutiques<\/strong> guardan aut\u00e9nticos tesoros. Entre ellas, destacan espacios con personalidad propia como <strong>Salotto<\/strong>, una boutique inspirada en la est\u00e9tica griega que combina moda y estilo mediterr\u00e1neo en cada prenda, o la joyer\u00eda <strong>Gia Mia<\/strong>, con bisuter\u00eda \u00fanica que refleja la elegancia de Marbella.<\/p>\n\n\n\n<figure class=\"wp-caption is-resized\">\n<picture><source width=\"1480\" srcset=\"https:\/\/media.inmobalia.com\/imgV1\/B98Le8~d7M9pwOKhCJcJLIfglZOtvyX13f98gUEkry2AXpxxwVVUW6beaB1CbHQXGOhTMxPEWoq2vSWoPxT0dWUFVpFov6NwmlNzq3qwzpnpHLdKCVvYT51MqCPJxc4CAVyasB2QvxXkt~JlT9c-.png 1480w\" type=\"image\/webp\"><img decoding=\"async\" class=\"img-fluid is-resized\" width=\"1480\" src=\"https:\/\/media.inmobalia.com\/imgV1\/B98Le8~d7M9pwOKhCJcJLIN6jO1ByKD5uSZnq8Rqc8B6DMmmO7kOR4N0IvO6OvVh01P_J9~uLWOHBEWUQE3T~C5cLDWerHLR1PrO6NIclH6WC~GKJrAzlS92Iq1wsxyNhvxSroH4Hw--.png\"><\/picture>\n<figcaption class=\"wp-caption-text\"><\/figcaption>\n<\/figure>\n\n\n\n<h3 class=\"wp-block-heading\">Atardecer: relax frente al mar<\/h3>\n\n\n\n<p>Cuando el sol comienza a caer, el plan perfecto es relajarse con un c\u00f3ctel en el <strong>Puerto Deportivo de Marbella<\/strong>, disfrutando de las vistas al mar y a los barcos mientras el cielo se ti\u00f1e de tonos naranjas y rosados. Inaugurado en 1976, este puerto se ha convertido en un punto de encuentro tanto para locales como para visitantes, gracias a su ambiente cosmopolita y su ubicaci\u00f3n privilegiada frente al Mediterr\u00e1neo.<\/p>\n\n\n\n<p>Adem\u00e1s de disfrutar de sus bares y terrazas con vistas a los barcos, aqu\u00ed se puede vivir una experiencia inolvidable: <strong>alquilar un barco para dar un paseo privado al atardecer<\/strong>. Otra opci\u00f3n muy recomendable es subir a bordo del <strong>Fly Blue<\/strong>, un catamar\u00e1n que conecta Marbella con Puerto Ban\u00fas en un trayecto de unos 30 minutos, ideal para disfrutar de las vistas de la costa desde el mar y terminar la tarde con una experiencia diferente.<\/p>\n\n\n\n<figure class=\"wp-caption is-resized\">\n<picture><source width=\"1480\" srcset=\"https:\/\/media.inmobalia.com\/imgV1\/B98Le8~d7M9pwOKhCJcJLIfglZOtvyX13f98gUEkry2AXpxxwVVUW6beaB1CbHQXGOhTMxPEWoq2vSWoPxT0dWUFVpFov6NwmlNzq3qwzpnpHLdKCVvYT51MqCPJxc4CAVyasB2QvxXksOsTMFQ-.png 1480w\" type=\"image\/webp\"><img decoding=\"async\" class=\"img-fluid is-resized\" width=\"1480\" src=\"https:\/\/media.inmobalia.com\/imgV1\/B98Le8~d7M9pwOKhCJcJLIN6jO1ByKD5uSZnq8Rqc8B6DMmmO7kOR4N0IvO6OvVh01P_J9~uLWOHBEWUQE3T~C5cLDWerHLR1PrO6NIclH6WC~GKJrAzlS92Iq1wsxyNhvxV6jNPmg--.png\"><\/picture>\n<figcaption class=\"wp-caption-text\"><\/figcaption>\n<\/figure>\n\n\n\n<h3 class=\"wp-block-heading\">Noche: tapas y ambiente marbell\u00ed<\/h3>\n\n\n\n<p>Para cerrar el d\u00eda, el plan perfecto es una <strong>cena de tapas t\u00edpicas espa\u00f1olas<\/strong> en lugares con ambiente aut\u00e9ntico como la <strong><a href=\"https:\/\/bodegaslavenencia.com\/es\/\" target=\"_blank\" rel=\"noopener\">Bodega La Venencia Marbella<\/a><\/strong> o la <strong><a href=\"https:\/\/www.latabernadelpintxo-marbella.com\/\" target=\"_blank\" rel=\"noopener\">Taberna del Pintxo<\/a><\/strong>, donde la variedad de platos y la atm\u00f3sfera andaluza pondr\u00e1n el broche de oro a tu jornada en Marbella centro.<br><\/p>\n\n\n\n<h2 class=\"wp-block-heading\"><span class=\"ez-toc-section\" id=\"Servicios_en_Marbella\"><\/span>Servicios en Marbella:<span class=\"ez-toc-section-end\"><\/span><\/h2>\n\n\n\n<p>Para tu tranquilidad, Marbella cuenta con una excelente red de servicios esenciales, f\u00e1cilmente accesibles desde cualquier punto de la ciudad:<\/p>\n\n\n\n<ul class=\"wp-block-list\">\n<li><strong>Farmacias:<\/strong>\n<ul class=\"wp-block-list\">\n<li><a href=\"https:\/\/www.google.com\/maps\/place\/Farmacia+Mingorance+Guti%C3%A9rrez\/@36.5105491,-4.8926191,330m\/data=!3m1!1e3!4m6!3m5!1s0xd72d80016ffc233:0xc84a2af89c651c89!8m2!3d36.5106841!4d-4.8927283!16s%2Fg%2F1hc1mmh3l?entry=ttu&amp;g_ep=EgoyMDI1MDkxMC4wIKXMDSoASAFQAw%3D%3D\" data-type=\"link\" data-id=\"https:\/\/www.google.com\/maps\/place\/Farmacia+Mingorance+Guti%C3%A9rrez\/@36.5105491,-4.8926191,330m\/data=!3m1!1e3!4m6!3m5!1s0xd72d80016ffc233:0xc84a2af89c651c89!8m2!3d36.5106841!4d-4.8927283!16s%2Fg%2F1hc1mmh3l?entry=ttu&amp;g_ep=EgoyMDI1MDkxMC4wIKXMDSoASAFQAw%3D%3D\" target=\"_blank\" rel=\"noopener\">Farmacia Mingorance<\/a><\/li>\n\n\n\n<li><a href=\"https:\/\/www.google.com\/maps\/place\/Farmacia+Berdaguer+24+Horas\/@36.5096091,-4.8895787,896m\/data=!3m2!1e3!4b1!4m6!3m5!1s0xd72d807602e9cf3:0x80dfd99f3b816f11!8m2!3d36.5096091!4d-4.8870038!16s%2Fg%2F1q6hz9ywd?entry=ttu&amp;g_ep=EgoyMDI1MDkxMC4wIKXMDSoASAFQAw%3D%3D\" data-type=\"link\" data-id=\"https:\/\/www.google.com\/maps\/place\/Farmacia+Berdaguer+24+Horas\/@36.5096091,-4.8895787,896m\/data=!3m2!1e3!4b1!4m6!3m5!1s0xd72d807602e9cf3:0x80dfd99f3b816f11!8m2!3d36.5096091!4d-4.8870038!16s%2Fg%2F1q6hz9ywd?entry=ttu&amp;g_ep=EgoyMDI1MDkxMC4wIKXMDSoASAFQAw%3D%3D\" target=\"_blank\" rel=\"noopener\">Farmacia Berdaguer 24 horas<\/a><\/li>\n<\/ul>\n<\/li>\n\n\n\n<li><strong>Centro M\u00e9dico:<\/strong>\n<ul class=\"wp-block-list\">\n<li><a href=\"https:\/\/www.google.com\/maps\/place\/Hospital+Quir%C3%B3nsalud+Marbella\/@36.5088591,-4.8767904,896m\/data=!3m3!1e3!4b1!5s0xd7327f514acd563:0xbae7e7e697729fdd!4m6!3m5!1s0xd7327f56a789fef:0x8d369e1ac3757566!8m2!3d36.5088591!4d-4.8742155!16s%2Fg%2F1tv25hfl?entry=ttu&amp;g_ep=EgoyMDI1MDkxMC4wIKXMDSoASAFQAw%3D%3D\" data-type=\"link\" data-id=\"https:\/\/www.google.com\/maps\/place\/Hospital+Quir%C3%B3nsalud+Marbella\/@36.5088591,-4.8767904,896m\/data=!3m3!1e3!4b1!5s0xd7327f514acd563:0xbae7e7e697729fdd!4m6!3m5!1s0xd7327f56a789fef:0x8d369e1ac3757566!8m2!3d36.5088591!4d-4.8742155!16s%2Fg%2F1tv25hfl?entry=ttu&amp;g_ep=EgoyMDI1MDkxMC4wIKXMDSoASAFQAw%3D%3D\" target=\"_blank\" rel=\"noopener\">Hospital Quir\u00f3n<\/a><\/li>\n<\/ul>\n<\/li>\n\n\n\n<li>Supermercados:\n<ul class=\"wp-block-list\">\n<li><a href=\"http:\/\/google.com\/maps\/dir\/36.5104496,-4.8911416\/Carrefour+Market,+C.+Valentu\u00f1ana,+3,+Edificio+Marbeland,+29601+Marbella,+M\u00e1laga\/@36.5089782,-4.8906068,1149m\/data=!3m1!1e3!4m19!1m8!3m7!1s0xd72d9c5c5a74c8d:0x34ab74458fc70a71!2sCarrefour+Market!8m2!3d36.5108071!4d-4.8888745!15sCglDYXJyZWZvdXIiA4gBAVoLIgljYXJyZWZvdXKSAQtzdXBlcm1hcmtldJoBJENoZERTVWhOTUc5blMwVkpRMEZuU1VOd1gwNU1SVzFuUlJBQqoBaQoNL2cvMTFiYzVfcjBjegoNL2cvMTFnNnFsenRyNwoJL20vMDE2ZHJjEAEqDSIJY2FycmVmb3VyKA4yHhABIhpau4WdQjU8NTrDehLDlhulRTYyYt9uo7_hLTINEAIiCWNhcnJlZm91cuABAPoBBAgAEEQ!16s%2Fg%2F11p5n6lg5b!4m9!1m1!4e1!1m5!1m1!1s0xd72d9c5c5a74c8d:0x34ab74458fc70a71!2m2!1d-4.8888745!2d36.5108071!3e0?entry=ttu&amp;g_ep=EgoyMDI1MDkxMC4wIKXMDSoASAFQAw%3D%3D\" data-type=\"link\" data-id=\"google.com\/maps\/dir\/36.5104496,-4.8911416\/Carrefour+Market,+C.+Valentu\u00f1ana,+3,+Edificio+Marbeland,+29601+Marbella,+M\u00e1laga\/@36.5089782,-4.8906068,1149m\/data=!3m1!1e3!4m19!1m8!3m7!1s0xd72d9c5c5a74c8d:0x34ab74458fc70a71!2sCarrefour+Market!8m2!3d36.5108071!4d-4.8888745!15sCglDYXJyZWZvdXIiA4gBAVoLIgljYXJyZWZvdXKSAQtzdXBlcm1hcmtldJoBJENoZERTVWhOTUc5blMwVkpRMEZuU1VOd1gwNU1SVzFuUlJBQqoBaQoNL2cvMTFiYzVfcjBjegoNL2cvMTFnNnFsenRyNwoJL20vMDE2ZHJjEAEqDSIJY2FycmVmb3VyKA4yHhABIhpau4WdQjU8NTrDehLDlhulRTYyYt9uo7_hLTINEAIiCWNhcnJlZm91cuABAPoBBAgAEEQ!16s%2Fg%2F11p5n6lg5b!4m9!1m1!4e1!1m5!1m1!1s0xd72d9c5c5a74c8d:0x34ab74458fc70a71!2m2!1d-4.8888745!2d36.5108071!3e0?entry=ttu&amp;g_ep=EgoyMDI1MDkxMC4wIKXMDSoASAFQAw%3D%3D\" target=\"_blank\" rel=\"noopener\">Carrefour<\/a><\/li>\n\n\n\n<li><a href=\"https:\/\/www.google.com\/maps\/place\/Mercadona\/@36.5107227,-4.9047173,1267m\/data=!3m1!1e3!4m10!1m2!2m1!1smercadona!3m6!1s0xd72d7fda375bcc9:0x7ac216fdd0816def!8m2!3d36.5106335!4d-4.8996451!15sCgltZXJjYWRvbmEiA4gBAVoLIgltZXJjYWRvbmGSAQtzdXBlcm1hcmtldKoBWgoNL2cvMTFiYzZmcmQ1MQoJL20vMGZra185EAEqDSIJbWVyY2Fkb25hKA4yHhABIhobM0S9q2I8mElb9gy3u0riFgbAJFZpG6QCMDINEAIiCW1lcmNhZG9uYeABAA!16s%2Fg%2F1tfqbl07?entry=ttu&amp;g_ep=EgoyMDI1MDkxMC4wIKXMDSoASAFQAw%3D%3D\" data-type=\"link\" data-id=\"https:\/\/www.google.com\/maps\/place\/Mercadona\/@36.5107227,-4.9047173,1267m\/data=!3m1!1e3!4m10!1m2!2m1!1smercadona!3m6!1s0xd72d7fda375bcc9:0x7ac216fdd0816def!8m2!3d36.5106335!4d-4.8996451!15sCgltZXJjYWRvbmEiA4gBAVoLIgltZXJjYWRvbmGSAQtzdXBlcm1hcmtldKoBWgoNL2cvMTFiYzZmcmQ1MQoJL20vMGZra185EAEqDSIJbWVyY2Fkb25hKA4yHhABIhobM0S9q2I8mElb9gy3u0riFgbAJFZpG6QCMDINEAIiCW1lcmNhZG9uYeABAA!16s%2Fg%2F1tfqbl07?entry=ttu&amp;g_ep=EgoyMDI1MDkxMC4wIKXMDSoASAFQAw%3D%3D\" target=\"_blank\" rel=\"noopener\">Mercadona<\/a><\/li>\n<\/ul>\n<\/li>\n<\/ul>\n\n\n\n<figure class=\"wp-caption is-resized\">\n<picture><source width=\"1480\" srcset=\"https:\/\/media.inmobalia.com\/imgV1\/B98Le8~d7M9pwOKhCJcJLIfglZOtvyX13f98gUEkry2AXpxxwVVUW6beaB1CbHQXGOhTMxPEWoq2vSWoPxT0dWUFVpFov6NwmlNzq3qwzpnpHLdKCVvYT51MqCPJxc4CAVyasB2QvxXksxHil_g-.png 1480w\" type=\"image\/webp\"><img decoding=\"async\" class=\"img-fluid is-resized\" width=\"1480\" src=\"https:\/\/media.inmobalia.com\/imgV1\/B98Le8~d7M9pwOKhCJcJLIN6jO1ByKD5uSZnq8Rqc8B6DMmmO7kOR4N0IvO6OvVh01P_J9~uLWOHBEWUQE3T~C5cLDWerHLR1PrO6NIclH6WC~GKJrAzlS92Iq1wsxyNhvxWh3onvw--.png\"><\/picture>\n<figcaption class=\"wp-caption-text\"><\/figcaption>\n<\/figure>\n\n\n\n<h2 class=\"wp-block-heading\"><span class=\"ez-toc-section\" id=\"Que_el_transporte_no_sea_un_problema\"><\/span>Que el transporte no sea un problema<span class=\"ez-toc-section-end\"><\/span><\/h2>\n\n\n\n<h3 class=\"wp-block-heading\">Taxi y otros servicios de transporte<\/h3>\n\n\n\n<p><em>Para moverse por Marbella&nbsp;<\/em><\/p>\n\n\n\n<p>Los taxis, o los servicios de transporte privado, como Uber o Bolt, son perfectos para trayectos cortos dentro de&nbsp;<strong>Marbella <\/strong>ya que si nos vamos m\u00e1s all\u00e1 de Marbella, hacia otros municipios de la Costa del Sol, como Mijas, el precio podr\u00eda resultar m\u00e1s elevado.<\/p>\n\n\n\n<ul class=\"wp-block-list\">\n<li><strong>Taxi<\/strong>: Para aquellos que buscan una opci\u00f3n m\u00e1s directa y privada los taxis est\u00e1n ampliamente disponibles en Marbella. <a href=\"https:\/\/www.taxisolmarbella.com\/\" target=\"_blank\" rel=\"noreferrer noopener\"><strong>Taxisol<\/strong><\/a>&nbsp;(952 77 44 88).<\/li>\n\n\n\n<li><strong><a href=\"https:\/\/www.uber.com\/es\/en\/ride\/?ad_id=623050559222&amp;adg_id=148286515864&amp;campaign_id=18388070762&amp;cre=623050559222&amp;dev=c&amp;dev_m=&amp;fi_id=&amp;gad_source=1&amp;gclid=CjwKCAjwnOipBhBQEiwACyGLuhwLin2fKKxMza4DmfP0rFH54wHydpVO0DLFwL6tzuHwWATqZsuLsRoCNDgQAvD_BwE&amp;gclsrc=aw.ds&amp;kw=uber&amp;kwid=kwd-12633382&amp;match=b&amp;net=g&amp;placement=&amp;tar=&amp;utm_campaign=CM2215725-search-google-brand_162_-99_ES-National_r_web_acq_cpc_es_T1_Generic_BM_uber_kwd-12633382_623050559222_148286515864_b_c&amp;utm_source=AdWords_Brand\" target=\"_blank\" rel=\"noreferrer noopener\">Uber<\/a><\/strong>:  La empresa uber cuenta con un excelente servicio de transporte que le permitir\u00e1 desplazarse por&nbsp; Marbella, \u00bfc\u00f3mo? Pues es muy sencillo, tan solo tiene que pedir un Uber descarg\u00e1ndote su app, disponible tanto en&nbsp;<a href=\"https:\/\/play.google.com\/store\/apps\/details?id=com.ubercab&amp;hl=es_419&amp;gl=US\" target=\"_blank\" rel=\"noreferrer noopener\">Android<\/a>&nbsp;como en&nbsp;<a href=\"https:\/\/apps.apple.com\/es\/app\/uber-viajes-asequibles\/id368677368\" target=\"_blank\" rel=\"noreferrer noopener\">iOS<\/a>.&nbsp;<\/li>\n\n\n\n<li><a href=\"https:\/\/bolt.eu\/es-es\/?utm_source=googleadwords_int&amp;utm_medium=cpc&amp;utm_campaign=es_brand_search&amp;utm_source=google&amp;utm_medium=ads&amp;utm_campaign=14577844312&amp;gclid=CjwKCAjwnOipBhBQEiwACyGLumgVFHdc68Dqi6PTvJLXCR_r40NOtyqqM3AwCJW6b7aLzzQDCVuAPhoC9XsQAvD_BwE\" target=\"_blank\" rel=\"noreferrer noopener\"><strong>Bolt<\/strong><\/a>: Plataforma muy similar a Uber, tan solo desc\u00e1rgate su app, disponible para todos los sistemas operativos:&nbsp;<a href=\"https:\/\/play.google.com\/store\/apps\/details?id=ee.mtakso.client&amp;hl=es_419&amp;gl=US\" target=\"_blank\" rel=\"noreferrer noopener\">Andorid<\/a>&nbsp;e&nbsp;<a href=\"https:\/\/apps.apple.com\/es\/app\/bolt-solicita-viajes-24-7\/id675033630\" target=\"_blank\" rel=\"noreferrer noopener\">iOS<\/a>, y mu\u00e9vase donde quiera desde&nbsp;<strong>Costabella<\/strong>.&nbsp;<\/li>\n\n\n\n<li><a href=\"https:\/\/cabify.com\/es\" target=\"_blank\" rel=\"noreferrer noopener\"><strong>Cabify<\/strong><\/a>: Esta empresa espa\u00f1ola a ido ganando popularidad poco a poco, \u00bfsu funcionamiento? Igual que las dos anteriores, descarga la app y pide un cabify, \u00a1tan sencillo como eso!:&nbsp;<a href=\"https:\/\/play.google.com\/store\/apps\/details?id=com.cabify.rider&amp;hl=es&amp;gl=US\" target=\"_blank\" rel=\"noreferrer noopener\">Google Play<\/a>&nbsp;y&nbsp;<a href=\"https:\/\/apps.apple.com\/es\/app\/cabify\/id476087442\" target=\"_blank\" rel=\"noreferrer noopener\">Apple Store<\/a><\/li>\n\n\n\n<li>Autob\u00fas urbano e interurbano: La compa\u00f1\u00eda <strong>Avanza<\/strong> conecta Marbella con Fuengirola, M\u00e1laga, Mijas, Benalm\u00e1dena y otras localidades cercanas de la Costa del Sol. Adem\u00e1s de autobuses urbanos para moverte por Marbella.\n<ul class=\"wp-block-list\">\n<li>Precio billetes autob\u00fas urbano: 1,18\u20ac<\/li>\n<\/ul>\n<\/li>\n<\/ul>\n\n\n\n<p>Marbella re\u00fane todo lo que necesitas para disfrutar de una vida plena en la Costa del Sol: m\u00e1s de 300 d\u00edas de sol al a\u00f1o, playas espectaculares, historia y cultura, ocio para todos los gustos, gastronom\u00eda de primer nivel y un estilo de vida mediterr\u00e1neo \u00fanico que combina tradici\u00f3n y exclusividad. Su ubicaci\u00f3n privilegiada, su oferta deportiva y de servicios, junto a su ambiente cosmopolita, la convierten en uno de los destinos m\u00e1s deseados tanto para vacaciones como para establecer tu hogar.<\/p>\n\n\n\n<p>Ya sea que est\u00e9s pensando en mudarte, invertir o disfrutar largas temporadas en la ciudad, en <strong><a href=\"https:\/\/www.homewatch.es\/es\" data-type=\"link\" data-id=\"https:\/\/www.homewatch.es\/es\">Homewatch<\/a><\/strong> ponemos a tu disposici\u00f3n una cuidada selecci\u00f3n de propiedades en las mejores zonas de Marbella, adaptadas a diferentes estilos de vida y presupuestos.<\/p>\n\n\n\n<p><strong>Descubre nuestras propiedades disponibles en Marbella <a href=\"https:\/\/www.homewatch.es\/es\" data-type=\"link\" data-id=\"https:\/\/www.homewatch.es\/es\">aqu\u00ed.<\/a><\/strong><\/p>\n\n\n\t\t\t<section class=\"selection-wrapper mt-5 mt-lg-7 mt-xxl-10 wp-block-acf-propertyselection\">\n\t\t\t\t<div class=\"container-fluid max-width d-flex flex-column align-items-start align-items-lg-center\">\n\t\t\t\t\t<div class=\"col-xl-6 mb-4 mb-lg-5\">\n\t\t\t\t\t\t\t\t\t\t\t\t\t<h2 class=\"h1 text-md-center mb-4\"><span class=\"ez-toc-section\" id=\"Propiedades_en_alquiler_en_Marbella_Todas_las_propiedades_en_alquiler_Marbella_Marbella_Este_Puerto_Banus_Nueva_Andalucia\"><\/span>\n\t\t\t\t\t\t\t\t\t\t\t\t\t\t\t\t\t<span class=\"htitle\">Propiedades en alquiler en Marbella<\/span>\n\t\t\t\t\t\t\t\t\t\t\t\t\t\t\t\tTodas las propiedades en alquiler \/ Marbella \/ Marbella Este \/ Puerto Ban\u00fas \/ Nueva Andaluc\u00eda\t\t\t\t\t\t\t<span class=\"ez-toc-section-end\"><\/span><\/h2>\n\t\t\t\t\t\t\t\t\t\t\t\t<p class=\"text-md-center mb-0 mx-auto\">Encontradas 62 propiedades en alquiler en Marbella.<\/p>\n\t\t\t\t\t<\/div>\n\t\t\t\t\t<div id=\"cardsFancyCarousel\" class=\"offcanvas-carousel w-100 four-items\">\n\t\t\t\t\t\t<article class=\"f-carousel__slide card col position-relative flex-column\">\n\t<figure class=\"position-relative w-100 mb-2\">\n\t\t<a class=\"card-portfolio position-absolute\" data-pfl-id=\"694968\" data-pfl-filter=\"rent-short\" href=\"#\">\n\t\t\t<svg width=\"20\" fill=\"currentColor\" viewBox=\"0 0 512 512\">\n\t\t\t\t<use href=\"https:\/\/www.homewatch.es\/wp-content\/themes\/inmobasolidbase\/dist\/src\/images\/icons.svg#svgPortfolio\"\/>\n\t\t\t<\/svg>\n\t\t\t<svg class=\"d-none\" width=\"20\" fill=\"currentColor\" viewBox=\"0 0 512 512\">\n\t\t\t\t<use href=\"https:\/\/www.homewatch.es\/wp-content\/themes\/inmobasolidbase\/dist\/src\/images\/icons.svg#svgPortfolioIn\"\/>\n\t\t\t<\/svg>\n\t\t<\/a>\n\t\t<picture class=\"ratio ratio-4x3\"><source width=\"1310\" height=\"737\" srcset=\"https:\/\/media.inmobalia.com\/imgV1\/B8vEv5Xh_V7LwqmA7MsEzyiu2rJZnyi1cQR2VJg~6f4Oh1Du4KAGTYXDE8C4DRkPf1CBJ93oAaBEpqucynqp9NerpA3zG4FWyQuhQJbP4mLQ1u35fHU5~IWHURT9i2NiY5ChYxrJd7IXbnddIdE9VhGZJwydLGrJKRWQa8zSwM14Kptm5ar~CJisOHN0QMk-.jpg 1310w,https:\/\/media.inmobalia.com\/imgV1\/B8vEv5Xh_V7LwqmA7MRMuLIubsbpwUehA5MIxMy7ZJHKpJ9yGVL7f2Q27c9zxkVcn17l2blE6vQAMcv51R0g_I3I_0rjueeF~vtjAiir8ZZcYXble_2Z64~z1Tl0h0jHQlxMrEPktyOXCFLo6CwZnmw0Ml6lgn2oR56QEXZOKLtu90tkAMLgwDBAVEgxepo-.jpg 1310w,https:\/\/media.inmobalia.com\/imgV1\/B8vEv5Xh~9eLgpFkvD55S4O4_vRpfi7Zj~8WTFZMGThfizi~_Y~NgoiVzdN9MsuXYCpgHq7NOfhSSsV~~CvXOR8biNDSQCuIy3z~JafSwduxBEndespnQYPOGloQON4~nZQttRhWlyNB6nHsT6I8fBXkmdyezf52fB4~1HUqh~ILvksOD09lqSav_zuv3w--.jpg 774w\" type=\"image\/webp\"><img fetchpriority=\"high\" decoding=\"async\" class=\"image-fit\" alt=\"Villa 4 dormitorios con piscina privada, jard\u00edn y vistas al golf en Nueva Andaluc\u00eda. A minutos de Puerto Ban\u00fas. Homewatch 24\/7.\" width=\"1310\" height=\"737\" src=\"https:\/\/media.inmobalia.com\/imgV1\/B8vEv5Xh_V7LwqmA7MsE2MSoMmSw1ck4jNnQaUtOC3Ic4c8oEsneXQYFVCW9st5aU7DI8Vy1pS_AMSuStDIqCzlJ2qBHsZkxYWIuRW3ww_uRVlbkhxyMRdkkt2DF3HvBNTJIVHr4Ug5ngX9VXez4IWmV_oC1OEijx_7xxUc0jQ--.jpg\"><\/picture>\t\t\t<\/figure>\n\t<div class=\"h-100 d-flex flex-column\">\n\t\t<span class=\"d-block card-area\">\n\t\t\tNueva Andalucia\t\t<\/span>\n\t\t\n\n\t\t\t<div class=\"card-price d-flex flex-column\">\n\t\t<strong class=\"me-1\">Desde <span data-original-price=\"450\">450\u00a0\u20ac<\/span><span data-period> por dia <\/span><\/strong><strong class=\"me-1\"><span data-original-price=\"6500\">6.500\u00a0\u20ac<\/span><span data-period> montly rental (November-March)<\/span><\/strong>\t\t<\/div>\n\t\n\t\t<ul class=\"card-features list-unstyled d-flex flex-wrap align-items-center mb-0\">\n\t\t\t\t\t\t\t<li class=\"d-flex align-items-center me-3\">\n\t\t\t\t\t4 dormitorios\t\t\t\t<\/li>\n\t\t\t\t\t\t\t<li class=\"d-flex align-items-center me-3\">\n\t\t\t\t\t4 ba\u00f1os\t\t\t\t<\/li>\n\t\t\t\t\t\t\t<li class=\"d-flex align-items-center me-3\">\n\t\t\t\t\t295 m&sup2; construido\t\t\t\t<\/li>\n\t\t\t\t\t\t\t<li class=\"d-flex align-items-center me-3\">\n\t\t\t\t\t1000 m&sup2; parcela\t\t\t\t<\/li>\n\t\t\t\t\t<\/ul>\n\t\t<h4 class=\"card-title mb-0\">\n\t\t\t<a class=\"stretched-link\" href=\"\/alquiler\/nueva-andalucia\/villas-y-chalets\/249\">Villa 4 dormitorios con piscina privada, jard\u00edn y vistas al golf en Nueva Andaluc\u00eda. A minutos de Puerto Ban\u00fas. Homewatch 24\/7.<\/a>\n\t\t<\/h4>\n\t\t\t<\/div>\n<\/article>\t\t\t\t\t\t<article class=\"f-carousel__slide card col position-relative flex-column\">\n\t<figure class=\"position-relative w-100 mb-2\">\n\t\t<a class=\"card-portfolio position-absolute\" data-pfl-id=\"694964\" data-pfl-filter=\"rent-short\" href=\"#\">\n\t\t\t<svg width=\"20\" fill=\"currentColor\" viewBox=\"0 0 512 512\">\n\t\t\t\t<use href=\"https:\/\/www.homewatch.es\/wp-content\/themes\/inmobasolidbase\/dist\/src\/images\/icons.svg#svgPortfolio\"\/>\n\t\t\t<\/svg>\n\t\t\t<svg class=\"d-none\" width=\"20\" fill=\"currentColor\" viewBox=\"0 0 512 512\">\n\t\t\t\t<use href=\"https:\/\/www.homewatch.es\/wp-content\/themes\/inmobasolidbase\/dist\/src\/images\/icons.svg#svgPortfolioIn\"\/>\n\t\t\t<\/svg>\n\t\t<\/a>\n\t\t<picture class=\"ratio ratio-4x3\"><source width=\"1920\" height=\"1080\" srcset=\"https:\/\/media.inmobalia.com\/imgV1\/B8vEv5Xh_VThvnEqMx4G0YtA8lAADdw1sBC5uN5pSX6~ImMWYg0nYa_EPSP~fBpYtvgHs5QKecPwE1~j5DU_pylbu6cBdu0PgVunDxnkMoeY79Gll7Nv5AHhYwCGots7LHLh38DFBJbu67RVjWZshsabQtwGi0w1TYNOl4_tZdb~tJYsp55C4Pg61I5tnP2o.jpg 1920w,https:\/\/media.inmobalia.com\/imgV1\/B8vEv5Xh_Vjzl4qKP9bJW21eHCmW9PWrQV6IDk9EjA79dASSMmDBrXf04FgH6wp0ylU42MWPePEey7rkY1j3kMIGs3YrRSP6UhHPWG1enKzuplcdy8f~NYm7bTbKkeM5EmP4FXqUMM8t336_vehdVCU7syEuRDpdFAPEtu6m9ulhqop7uFoYHQYnYBkoi54-.jpg 1580w,https:\/\/media.inmobalia.com\/imgV1\/B8vEv5Xh~9eLgpFkvD55S4O4_vRpfi7Zj~8WTFZMGThfizi~_Y~NgoiVzdN9MsuXYCpgHq7NOfhSSsV~~CvXOR8biNDSQCuIy3z~JafSwduxBEndespnQYPOGloQON4~nZQttLTklHCQBe9raPQQEueV92P7zRq5ikA4Piu2oNzCJ7r5z4VMmJahdhrgsw--.jpg 774w\" type=\"image\/webp\"><img decoding=\"async\" class=\"image-fit\" alt=\"Amplio apartamento de 3 dormitorios en plena Marina de Puerto Ban\u00fas\" width=\"1920\" height=\"1080\" src=\"https:\/\/media.inmobalia.com\/imgV1\/B8vEv5Xh_VThvnEqMx4G0ZxU~~H0Ar_8Bn_AfAx~4dnt796zQ9QIPwzdr9PkzIdRpbeOYktBAPFfTt23HPhndt5b7cRr2vg76pmKvptCGz41lr5l8etJCIONYgkk2Jng9EaoZn0sCgbsVyxlqR7Dn5gdfc7ocnVp_8KvY2S3Puc-.jpg\"><\/picture>\t\t\t<\/figure>\n\t<div class=\"h-100 d-flex flex-column\">\n\t\t<span class=\"d-block card-area\">\n\t\t\tMarbella - Puerto Banus\t\t<\/span>\n\t\t\n\n\t\t\t<div class=\"card-price d-flex flex-column\">\n\t\t<strong class=\"me-1\">Desde <span data-original-price=\"150\">150\u00a0\u20ac<\/span><span data-period> por dia <\/span><\/strong><strong class=\"me-1\"><span data-original-price=\"2800\">2.800\u00a0\u20ac<\/span><span data-period> montly rental (November-March)<\/span><\/strong>\t\t<\/div>\n\t\n\t\t<ul class=\"card-features list-unstyled d-flex flex-wrap align-items-center mb-0\">\n\t\t\t\t\t\t\t<li class=\"d-flex align-items-center me-3\">\n\t\t\t\t\t3 dormitorios\t\t\t\t<\/li>\n\t\t\t\t\t\t\t<li class=\"d-flex align-items-center me-3\">\n\t\t\t\t\t2 ba\u00f1os\t\t\t\t<\/li>\n\t\t\t\t\t\t\t<li class=\"d-flex align-items-center me-3\">\n\t\t\t\t\t132 m&sup2; construido\t\t\t\t<\/li>\n\t\t\t\t\t<\/ul>\n\t\t<h4 class=\"card-title mb-0\">\n\t\t\t<a class=\"stretched-link\" href=\"\/alquiler\/puerto\/apartamentos-y-pisos\/HW430\">Amplio apartamento de 3 dormitorios en plena Marina de Puerto Ban\u00fas<\/a>\n\t\t<\/h4>\n\t\t\t<\/div>\n<\/article>\t\t\t\t\t\t<article class=\"f-carousel__slide card col position-relative flex-column\">\n\t<figure class=\"position-relative w-100 mb-2\">\n\t\t<a class=\"card-portfolio position-absolute\" data-pfl-id=\"657602\" data-pfl-filter=\"rent-short\" href=\"#\">\n\t\t\t<svg width=\"20\" fill=\"currentColor\" viewBox=\"0 0 512 512\">\n\t\t\t\t<use href=\"https:\/\/www.homewatch.es\/wp-content\/themes\/inmobasolidbase\/dist\/src\/images\/icons.svg#svgPortfolio\"\/>\n\t\t\t<\/svg>\n\t\t\t<svg class=\"d-none\" width=\"20\" fill=\"currentColor\" viewBox=\"0 0 512 512\">\n\t\t\t\t<use href=\"https:\/\/www.homewatch.es\/wp-content\/themes\/inmobasolidbase\/dist\/src\/images\/icons.svg#svgPortfolioIn\"\/>\n\t\t\t<\/svg>\n\t\t<\/a>\n\t\t<picture class=\"ratio ratio-4x3\"><source width=\"1920\" height=\"1080\" srcset=\"https:\/\/media.inmobalia.com\/imgV1\/B8vEv5Xh_VThvnEqMx4G0YtA8lAADdw1sBC5uN5pSX6~ImMWYg0nYa_EPSP~fBpYtvgHs5QKecPwE1~j5DU_pylbu6cBdu0PgVunDxnkMoeY79Gll7Nv5AHhYwCGots7LHLh3gLnoLABqUVhVjw9AxYOlCVN0o4kvvdgH9GO6zN9uyIN3Wg3iTofqy~XYeW1.jpg 1920w,https:\/\/media.inmobalia.com\/imgV1\/B8vEv5Xh_Vjzl4qKP9bJW21eHCmW9PWrQV6IDk9EjA79dASSMmDBrXf04FgH6wp0ylU42MWPePEey7rkY1j3kMIGs3YrRSP6UhHPWG1enKzuplcdy8f~NYm7bTbKkeM5EmP5XIh0SzLedk_dmuu6UhFDziBEGWBa7kSt6Q~S0jK0adUc5jJAzgoUHzdddvQ-.jpg 1580w,https:\/\/media.inmobalia.com\/imgV1\/B8vEv5Xh~9eLgpFkvD55S4O4_vRpfi7Zj~8WTFZMGThfizi~_Y~NgoiVzdN9MsuXYCpgHq7NOfhSSsV~~CvXOR8biNDSQCuIy3z~JafSwduxBEndespnQYPOGloQON4~nZWk1S8PfeO1RWSbs83PqNjsDjqa4YWGUGN~5iY5a3lkeudZPWb2DYR9kQDU0A--.jpg 774w\" type=\"image\/webp\"><img decoding=\"async\" class=\"image-fit\" alt=\"Exclusivo \u00e1tico d\u00faplex EN VENTA con gran terraza privada y vistas panor\u00e1micas al mar, en Vista Real, Nueva Andaluc\u00eda\" width=\"1920\" height=\"1080\" src=\"https:\/\/media.inmobalia.com\/imgV1\/B8vEv5Xh_VThvnEqMx4G0ZxU~~H0Ar_8Bn_AfAx~4dnt796zQ9QIPwzdr9PkzIdRpbeOYktBAPFfTt23HPhndt5b7cRr2vg76pmKvptCGz41lr5kQABDDfaOJLwLMMYriQOxQ9MkvWDGcBdsLAVogVVyWrVK0GNmyZwMDNIEtEc-.jpg\"><\/picture>\t\t\t<\/figure>\n\t<div class=\"h-100 d-flex flex-column\">\n\t\t<span class=\"d-block card-area\">\n\t\t\tNueva Andalucia\t\t<\/span>\n\t\t\n\n\t\t\t<div class=\"card-price d-flex flex-column\">\n\t\tPrecio en la Solicitud\t\t<\/div>\n\t\n\t\t<ul class=\"card-features list-unstyled d-flex flex-wrap align-items-center mb-0\">\n\t\t\t\t\t\t\t<li class=\"d-flex align-items-center me-3\">\n\t\t\t\t\t3 dormitorios\t\t\t\t<\/li>\n\t\t\t\t\t\t\t<li class=\"d-flex align-items-center me-3\">\n\t\t\t\t\t2 ba\u00f1os\t\t\t\t<\/li>\n\t\t\t\t\t\t\t<li class=\"d-flex align-items-center me-3\">\n\t\t\t\t\t259 m&sup2; construido\t\t\t\t<\/li>\n\t\t\t\t\t<\/ul>\n\t\t<h4 class=\"card-title mb-0\">\n\t\t\t<a class=\"stretched-link\" href=\"\/alquiler\/vista-real\/aticos\/HW428\">Exclusivo \u00e1tico d\u00faplex EN VENTA con gran terraza privada y vistas panor\u00e1micas al mar, en Vista Real, Nueva Andaluc\u00eda<\/a>\n\t\t<\/h4>\n\t\t\t<\/div>\n<\/article>\t\t\t\t\t\t<article class=\"f-carousel__slide card col position-relative flex-column\">\n\t<figure class=\"position-relative w-100 mb-2\">\n\t\t<a class=\"card-portfolio position-absolute\" data-pfl-id=\"656523\" data-pfl-filter=\"rent-short\" href=\"#\">\n\t\t\t<svg width=\"20\" fill=\"currentColor\" viewBox=\"0 0 512 512\">\n\t\t\t\t<use href=\"https:\/\/www.homewatch.es\/wp-content\/themes\/inmobasolidbase\/dist\/src\/images\/icons.svg#svgPortfolio\"\/>\n\t\t\t<\/svg>\n\t\t\t<svg class=\"d-none\" width=\"20\" fill=\"currentColor\" viewBox=\"0 0 512 512\">\n\t\t\t\t<use href=\"https:\/\/www.homewatch.es\/wp-content\/themes\/inmobasolidbase\/dist\/src\/images\/icons.svg#svgPortfolioIn\"\/>\n\t\t\t<\/svg>\n\t\t<\/a>\n\t\t<picture class=\"ratio ratio-4x3\"><source width=\"1920\" height=\"1080\" srcset=\"https:\/\/media.inmobalia.com\/imgV1\/B8vEv5Xh_VThvnEqMx4G0YtA8lAADdw1sBC5uN5pSX6~ImMWYg0nYa_EPSP~fBpYtvgHs5QKecPwE1~j5DU_pylbu6cBdu0PgVunDxnkMoeY79Gll7Nv5AHhYwCGots7LHLh3gFwIeMQECBtOZ68lDfxmoLWy2sWrV~YHmzcGbRzMfLWesDXb4ih~OfWh9PI.jpg 1920w,https:\/\/media.inmobalia.com\/imgV1\/B8vEv5Xh_Vjzl4qKP9bJW21eHCmW9PWrQV6IDk9EjA79dASSMmDBrXf04FgH6wp0ylU42MWPePEey7rkY1j3kMIGs3YrRSP6UhHPWG1enKzuplcdy8f~NYm7bTbKkeM5EmP5X42gv9HGInYIWg8VAEa3~IyJV1HjopPjf0hx8sGPr700G5poN9ry1v65VJE-.jpg 1580w,https:\/\/media.inmobalia.com\/imgV1\/B8vEv5Xh~9eLgpFkvD55S4O4_vRpfi7Zj~8WTFZMGThfizi~_Y~NgoiVzdN9MsuXYCpgHq7NOfhSSsV~~CvXOR8biNDSQCuIy3z~JafSwduxBEndespnQYPOGloQON4~nZWnKD0e6n_M8DSIs8CjDWyHD5EHXP0G7KGd8EXRgY40DFQbGUnXGwPzsoYHUg--.jpg 774w\" type=\"image\/webp\"><img loading=\"lazy\" decoding=\"async\" class=\"image-fit\" alt=\"Casa adosada de 2 dormitorios con piscina privada climatizada en Marbella Este\" width=\"1920\" height=\"1080\" src=\"https:\/\/media.inmobalia.com\/imgV1\/B8vEv5Xh_VThvnEqMx4G0ZxU~~H0Ar_8Bn_AfAx~4dnt796zQ9QIPwzdr9PkzIdRpbeOYktBAPFfTt23HPhndt5b7cRr2vg76pmKvptCGz41lr5kQ1mG_pSJVL5HI7gurvLQBE4_Uf3uGPF2OAzZ_iahuy1hxa3DB7R7qvvgwq8-.jpg\"><\/picture>\t\t\t<\/figure>\n\t<div class=\"h-100 d-flex flex-column\">\n\t\t<span class=\"d-block card-area\">\n\t\t\tMarbella Este\t\t<\/span>\n\t\t\n\n\t\t\t<div class=\"card-price d-flex flex-column\">\n\t\t<strong class=\"me-1\">Desde <span data-original-price=\"245\">245\u00a0\u20ac<\/span><span data-period> por dia <\/span><\/strong><strong class=\"me-1\"><span data-original-price=\"4000\">4.000\u00a0\u20ac<\/span><span data-period> montly rental (November-March)<\/span><\/strong>\t\t<\/div>\n\t\n\t\t<ul class=\"card-features list-unstyled d-flex flex-wrap align-items-center mb-0\">\n\t\t\t\t\t\t\t<li class=\"d-flex align-items-center me-3\">\n\t\t\t\t\t2 dormitorios\t\t\t\t<\/li>\n\t\t\t\t\t\t\t<li class=\"d-flex align-items-center me-3\">\n\t\t\t\t\t2 ba\u00f1os\t\t\t\t<\/li>\n\t\t\t\t\t\t\t<li class=\"d-flex align-items-center me-3\">\n\t\t\t\t\t132 m&sup2; construido\t\t\t\t<\/li>\n\t\t\t\t\t\t\t<li class=\"d-flex align-items-center me-3\">\n\t\t\t\t\t164 m&sup2; parcela\t\t\t\t<\/li>\n\t\t\t\t\t<\/ul>\n\t\t<h4 class=\"card-title mb-0\">\n\t\t\t<a class=\"stretched-link\" href=\"\/alquiler\/artola\/aticos\/244\">Casa adosada de 2 dormitorios con piscina privada climatizada en Marbella Este<\/a>\n\t\t<\/h4>\n\t\t\t<\/div>\n<\/article>\t\t\t\t\t\t<article class=\"f-carousel__slide card col position-relative flex-column\">\n\t<figure class=\"position-relative w-100 mb-2\">\n\t\t<a class=\"card-portfolio position-absolute\" data-pfl-id=\"626435\" data-pfl-filter=\"rent-short\" href=\"#\">\n\t\t\t<svg width=\"20\" fill=\"currentColor\" viewBox=\"0 0 512 512\">\n\t\t\t\t<use href=\"https:\/\/www.homewatch.es\/wp-content\/themes\/inmobasolidbase\/dist\/src\/images\/icons.svg#svgPortfolio\"\/>\n\t\t\t<\/svg>\n\t\t\t<svg class=\"d-none\" width=\"20\" fill=\"currentColor\" viewBox=\"0 0 512 512\">\n\t\t\t\t<use href=\"https:\/\/www.homewatch.es\/wp-content\/themes\/inmobasolidbase\/dist\/src\/images\/icons.svg#svgPortfolioIn\"\/>\n\t\t\t<\/svg>\n\t\t<\/a>\n\t\t<picture class=\"ratio ratio-4x3\"><source width=\"1920\" height=\"1080\" srcset=\"https:\/\/media.inmobalia.com\/imgV1\/B8vEv5Xh_VThvnEqMx4G0YtA8lAADdw1sBC5uN5pSX6~ImMWYg0nYa_EPSP~fBpYtvgHs5QKecPwE1~j5DU_pylbu6cBdu0PgVunDxnkMoeY79Gll7Nv5AHhYwCGots7LHLh3gF9CvBG~chYEqYeeZDBAbPy8y7YKpOLzslxNS5UeBvCvzTsWKmc33LYktZz.jpg 1920w,https:\/\/media.inmobalia.com\/imgV1\/B8vEv5Xh_Vjzl4qKP9bJW21eHCmW9PWrQV6IDk9EjA79dASSMmDBrXf04FgH6wp0ylU42MWPePEey7rkY1j3kMIGs3YrRSP6UhHPWG1enKzuplcdy8f~NYm7bTbKkeM5EmP5X4BpqL8ZH3zJ_xL0LWcEQQUwd3aLP7KN3GAUy3V01owGfkDRcpW6jV0jkBw-.jpg 1580w,https:\/\/media.inmobalia.com\/imgV1\/B8vEv5Xh~9eLgpFkvD55S4O4_vRpfi7Zj~8WTFZMGThfizi~_Y~NgoiVzdN9MsuXYCpgHq7NOfhSSsV~~CvXOR8biNDSQCuIy3z~JafSwduxBEndespnQYPOGloQON4~nZWnJanUK8klv8aRDHctXLTsTGfKC9XaW6LYSLbs92Q1O3Q7XTMwgYpAuV5zEw--.jpg 774w\" type=\"image\/webp\"><img loading=\"lazy\" decoding=\"async\" class=\"image-fit\" alt=\"\u00c1tico de lujo de 2 dormitorios con vistas al mar en Los Iris, Marbella Este\" width=\"1920\" height=\"1080\" src=\"https:\/\/media.inmobalia.com\/imgV1\/B8vEv5Xh_VThvnEqMx4G0ZxU~~H0Ar_8Bn_AfAx~4dnt796zQ9QIPwzdr9PkzIdRpbeOYktBAPFfTt23HPhndt5b7cRr2vg76pmKvptCGz41lr5kQ1RlydMfsCnatXLCLHQsBSQffRvhJkCjhSb8qTIhsZS_iJkCG_9U0USMHjc-.jpg\"><\/picture>\t\t\t<\/figure>\n\t<div class=\"h-100 d-flex flex-column\">\n\t\t<span class=\"d-block card-area\">\n\t\t\tMarbella Este\t\t<\/span>\n\t\t\n\n\t\t\t<div class=\"card-price d-flex flex-column\">\n\t\t<strong class=\"me-1\">Desde <span data-original-price=\"158\">158\u00a0\u20ac<\/span><span data-period> por dia <\/span><\/strong>\t\t<\/div>\n\t\n\t\t<ul class=\"card-features list-unstyled d-flex flex-wrap align-items-center mb-0\">\n\t\t\t\t\t\t\t<li class=\"d-flex align-items-center me-3\">\n\t\t\t\t\t2 dormitorios\t\t\t\t<\/li>\n\t\t\t\t\t\t\t<li class=\"d-flex align-items-center me-3\">\n\t\t\t\t\t2 ba\u00f1os\t\t\t\t<\/li>\n\t\t\t\t\t\t\t<li class=\"d-flex align-items-center me-3\">\n\t\t\t\t\t153 m&sup2; construido\t\t\t\t<\/li>\n\t\t\t\t\t<\/ul>\n\t\t<h4 class=\"card-title mb-0\">\n\t\t\t<a class=\"stretched-link\" href=\"\/alquiler\/cerrado-de-elviria\/casas\/239\">\u00c1tico de lujo de 2 dormitorios con vistas al mar en Los Iris, Marbella Este<\/a>\n\t\t<\/h4>\n\t\t\t<\/div>\n<\/article>\t\t\t\t\t\t<article class=\"f-carousel__slide card col position-relative flex-column\">\n\t<figure class=\"position-relative w-100 mb-2\">\n\t\t<a class=\"card-portfolio position-absolute\" data-pfl-id=\"622539\" data-pfl-filter=\"rent-short\" href=\"#\">\n\t\t\t<svg width=\"20\" fill=\"currentColor\" viewBox=\"0 0 512 512\">\n\t\t\t\t<use href=\"https:\/\/www.homewatch.es\/wp-content\/themes\/inmobasolidbase\/dist\/src\/images\/icons.svg#svgPortfolio\"\/>\n\t\t\t<\/svg>\n\t\t\t<svg class=\"d-none\" width=\"20\" fill=\"currentColor\" viewBox=\"0 0 512 512\">\n\t\t\t\t<use href=\"https:\/\/www.homewatch.es\/wp-content\/themes\/inmobasolidbase\/dist\/src\/images\/icons.svg#svgPortfolioIn\"\/>\n\t\t\t<\/svg>\n\t\t<\/a>\n\t\t<picture class=\"ratio ratio-4x3\"><source width=\"1920\" height=\"1080\" srcset=\"https:\/\/media.inmobalia.com\/imgV1\/B8vEv5Xh_VThvnEqMx4G0YtA8lAADdw1sBC5uN5pSX6~ImMWYg0nYa_EPSP~fBpYtvgHs5QKecPwE1~j5DU_pylbu6cBdu0PgVunDxnkMoeY79Gll7Nv5AHhYwCGots7LHLh3gF7miFPH7gl8_dj1U561s~RGpuMtzMAur8hhXaSTkJVrzSDHF7T5i7kHR0N.jpg 1920w,https:\/\/media.inmobalia.com\/imgV1\/B8vEv5Xh_Vjzl4qKP9bJW21eHCmW9PWrQV6IDk9EjA79dASSMmDBrXf04FgH6wp0ylU42MWPePEey7rkY1j3kMIGs3YrRSP6UhHPWG1enKzuplcdy8f~NYm7bTbKkeM5EmP5X4YoABNq6mpWQPz3a2kLHpwqGmQhov_QrU1jJeEP1s2QJMKLzNce3vgNcWo-.jpg 1580w,https:\/\/media.inmobalia.com\/imgV1\/B8vEv5Xh~9eLgpFkvD55S4O4_vRpfi7Zj~8WTFZMGThfizi~_Y~NgoiVzdN9MsuXYCpgHq7NOfhSSsV~~CvXOR8biNDSQCuIy3z~JafSwduxBEndespnQYPOGloQON4~nZWnI1WkpxHiYSm4nlIOMXikfAh6D5YAFcNmDKRK0BfE3vo65~aIVXAolI2cXw--.jpg 774w\" type=\"image\/webp\"><img loading=\"lazy\" decoding=\"async\" class=\"image-fit\" alt=\"Apartamento vacacional moderno de 2 dormitorios Nueva Andalucia con terraza privada y piscina\" width=\"1920\" height=\"1080\" src=\"https:\/\/media.inmobalia.com\/imgV1\/B8vEv5Xh_VThvnEqMx4G0ZxU~~H0Ar_8Bn_AfAx~4dnt796zQ9QIPwzdr9PkzIdRpbeOYktBAPFfTt23HPhndt5b7cRr2vg76pmKvptCGz41lr5kQ1Kfz~O~bUnNoXnkB8oxwQvhL7HJQoNgnPOw90iZ3LmGmUO~rMDzZmYw~wU-.jpg\"><\/picture>\t\t\t<\/figure>\n\t<div class=\"h-100 d-flex flex-column\">\n\t\t<span class=\"d-block card-area\">\n\t\t\tNueva Andalucia\t\t<\/span>\n\t\t\n\n\t\t\t<div class=\"card-price d-flex flex-column\">\n\t\t<strong class=\"me-1\">Desde <span data-original-price=\"165\">165\u00a0\u20ac<\/span><span data-period> por dia <\/span><\/strong>\t\t<\/div>\n\t\n\t\t<ul class=\"card-features list-unstyled d-flex flex-wrap align-items-center mb-0\">\n\t\t\t\t\t\t\t<li class=\"d-flex align-items-center me-3\">\n\t\t\t\t\t2 dormitorios\t\t\t\t<\/li>\n\t\t\t\t\t\t\t<li class=\"d-flex align-items-center me-3\">\n\t\t\t\t\t2 ba\u00f1os\t\t\t\t<\/li>\n\t\t\t\t\t\t\t<li class=\"d-flex align-items-center me-3\">\n\t\t\t\t\t164 m&sup2; construido\t\t\t\t<\/li>\n\t\t\t\t\t<\/ul>\n\t\t<h4 class=\"card-title mb-0\">\n\t\t\t<a class=\"stretched-link\" href=\"\/alquiler\/alminar-de-marbella\/apartamentos-y-pisos\/241\">Apartamento vacacional moderno de 2 dormitorios Nueva Andalucia con terraza privada y piscina<\/a>\n\t\t<\/h4>\n\t\t\t<\/div>\n<\/article>\t\t\t\t\t\t<article class=\"f-carousel__slide card col position-relative flex-column\">\n\t<figure class=\"position-relative w-100 mb-2\">\n\t\t<a class=\"card-portfolio position-absolute\" data-pfl-id=\"621392\" data-pfl-filter=\"rent-short\" href=\"#\">\n\t\t\t<svg width=\"20\" fill=\"currentColor\" viewBox=\"0 0 512 512\">\n\t\t\t\t<use href=\"https:\/\/www.homewatch.es\/wp-content\/themes\/inmobasolidbase\/dist\/src\/images\/icons.svg#svgPortfolio\"\/>\n\t\t\t<\/svg>\n\t\t\t<svg class=\"d-none\" width=\"20\" fill=\"currentColor\" viewBox=\"0 0 512 512\">\n\t\t\t\t<use href=\"https:\/\/www.homewatch.es\/wp-content\/themes\/inmobasolidbase\/dist\/src\/images\/icons.svg#svgPortfolioIn\"\/>\n\t\t\t<\/svg>\n\t\t<\/a>\n\t\t<picture class=\"ratio ratio-4x3\"><source width=\"1920\" height=\"1080\" srcset=\"https:\/\/media.inmobalia.com\/imgV1\/B8vEv5Xh_VThvnEqMx4G0YtA8lAADdw1sBC5uN5pSX6~ImMWYg0nYa_EPSP~fBpYtvgHs5QKecPwE1~j5DU_pylbu6cBdu0PgVunDxnkMoeY79Gll7Nv5AHhYwCGots7LHLh3gF6~yvYRLoh8pho_iVY0VXSpVRQwYtd0ijx0j5OQCHZJRSpoDt7_S6sS3Wh.jpg 1920w,https:\/\/media.inmobalia.com\/imgV1\/B8vEv5Xh_Vjzl4qKP9bJW21eHCmW9PWrQV6IDk9EjA79dASSMmDBrXf04FgH6wp0ylU42MWPePEey7rkY1j3kMIGs3YrRSP6UhHPWG1enKzuplcdy8f~NYm7bTbKkeM5EmP5X4fxggOdttwr1H4jQVNHa6M_F6T7uD6SJwUYe3S_0ux2nZyM7bdp35qj8fM-.jpg 1580w,https:\/\/media.inmobalia.com\/imgV1\/B8vEv5Xh~9eLgpFkvD55S4O4_vRpfi7Zj~8WTFZMGThfizi~_Y~NgoiVzdN9MsuXYCpgHq7NOfhSSsV~~CvXOR8biNDSQCuIy3z~JafSwduxBEndespnQYPOGloQON4~nZWnImXyT6r40kT2QAV6Eh~Ue44VBK0yevWwHqnaQBtqJPVS4pi9_xxpIf469g--.jpg 774w\" type=\"image\/webp\"><img loading=\"lazy\" decoding=\"async\" class=\"image-fit\" alt=\"Apartamento vacacional junto a la playa en Marbella Este con 2 dormitorios, piscinas comunitarias\" width=\"1920\" height=\"1080\" src=\"https:\/\/media.inmobalia.com\/imgV1\/B8vEv5Xh_VThvnEqMx4G0ZxU~~H0Ar_8Bn_AfAx~4dnt796zQ9QIPwzdr9PkzIdRpbeOYktBAPFfTt23HPhndt5b7cRr2vg76pmKvptCGz41lr5kQ1MHlxAzoZTXNjAgBvsBhx0JehvyzQ1U4sdQt~cQ5lExGP1~EKsL3zN2euI-.jpg\"><\/picture>\t\t\t<\/figure>\n\t<div class=\"h-100 d-flex flex-column\">\n\t\t<span class=\"d-block card-area\">\n\t\t\tMarbella Este\t\t<\/span>\n\t\t\n\n\t\t\t<div class=\"card-price d-flex flex-column\">\n\t\t<strong class=\"me-1\">Desde <span data-original-price=\"210\">210\u00a0\u20ac<\/span><span data-period> por dia <\/span><\/strong>\t\t<\/div>\n\t\n\t\t<ul class=\"card-features list-unstyled d-flex flex-wrap align-items-center mb-0\">\n\t\t\t\t\t\t\t<li class=\"d-flex align-items-center me-3\">\n\t\t\t\t\t2 dormitorios\t\t\t\t<\/li>\n\t\t\t\t\t\t\t<li class=\"d-flex align-items-center me-3\">\n\t\t\t\t\t2 ba\u00f1os\t\t\t\t<\/li>\n\t\t\t\t\t\t\t<li class=\"d-flex align-items-center me-3\">\n\t\t\t\t\t129 m&sup2; construido\t\t\t\t<\/li>\n\t\t\t\t\t<\/ul>\n\t\t<h4 class=\"card-title mb-0\">\n\t\t\t<a class=\"stretched-link\" href=\"\/alquiler\/bahia-de-marbella\/apartamentos-y-pisos\/233\">Apartamento vacacional junto a la playa en Marbella Este con 2 dormitorios, piscinas comunitarias<\/a>\n\t\t<\/h4>\n\t\t\t<\/div>\n<\/article>\t\t\t\t\t\t<article class=\"f-carousel__slide card col position-relative flex-column\">\n\t<figure class=\"position-relative w-100 mb-2\">\n\t\t<a class=\"card-portfolio position-absolute\" data-pfl-id=\"618707\" data-pfl-filter=\"rent-short\" href=\"#\">\n\t\t\t<svg width=\"20\" fill=\"currentColor\" viewBox=\"0 0 512 512\">\n\t\t\t\t<use href=\"https:\/\/www.homewatch.es\/wp-content\/themes\/inmobasolidbase\/dist\/src\/images\/icons.svg#svgPortfolio\"\/>\n\t\t\t<\/svg>\n\t\t\t<svg class=\"d-none\" width=\"20\" fill=\"currentColor\" viewBox=\"0 0 512 512\">\n\t\t\t\t<use href=\"https:\/\/www.homewatch.es\/wp-content\/themes\/inmobasolidbase\/dist\/src\/images\/icons.svg#svgPortfolioIn\"\/>\n\t\t\t<\/svg>\n\t\t<\/a>\n\t\t<picture class=\"ratio ratio-4x3\"><source width=\"1920\" height=\"1080\" srcset=\"https:\/\/media.inmobalia.com\/imgV1\/B8vEv5Xh_VThvnEqMx4G0YtA8lAADdw1sBC5uN5pSX6~ImMWYg0nYa_EPSP~fBpYtvgHs5QKecPwE1~j5DU_pylbu6cBdu0PgVunDxnkMoeY79Gll7Nv5AHhYwCGots7LHLh3gF53qLxS_JqsgYDavSP5bHbtgoD_vwRfZeKjRr~4zSyMWHqMtOwgxjpPJsd.jpg 1920w,https:\/\/media.inmobalia.com\/imgV1\/B8vEv5Xh_Vjzl4qKP9bJW21eHCmW9PWrQV6IDk9EjA79dASSMmDBrXf04FgH6wp0ylU42MWPePEey7rkY1j3kMIGs3YrRSP6UhHPWG1enKzuplcdy8f~NYm7bTbKkeM5EmP5X4T7SlMQRNC13QBqSDFyBDiOIG_hVdPYi6QYm7g93PHA2ZSWc2YqyYbsUns-.jpg 1580w,https:\/\/media.inmobalia.com\/imgV1\/B8vEv5Xh~9eLgpFkvD55S4O4_vRpfi7Zj~8WTFZMGThfizi~_Y~NgoiVzdN9MsuXYCpgHq7NOfhSSsV~~CvXOR8biNDSQCuIy3z~JafSwduxBEndespnQYPOGloQON4~nZWnIdorf_hflCHGFubwoh3mZXbo59P0MYyf8ODA6o9LgjKmnPW3qJJmT0ak1Q--.jpg 774w\" type=\"image\/webp\"><img loading=\"lazy\" decoding=\"async\" class=\"image-fit\" alt=\"Exclusivo apartamento, EN VENTA, con gran terraza privada y vistas panor\u00e1micas al mar, en primera l\u00ednea de golf, en Elviria Hills, Marbella\" width=\"1920\" height=\"1080\" src=\"https:\/\/media.inmobalia.com\/imgV1\/B8vEv5Xh_VThvnEqMx4G0ZxU~~H0Ar_8Bn_AfAx~4dnt796zQ9QIPwzdr9PkzIdRpbeOYktBAPFfTt23HPhndt5b7cRr2vg76pmKvptCGz41lr5kQ1BM0HoK~26~RG07aisTa7zk5Ev7wx2mpL6miinocax76tY4ZZK0tm5jnDo-.jpg\"><\/picture>\t\t\t<\/figure>\n\t<div class=\"h-100 d-flex flex-column\">\n\t\t<span class=\"d-block card-area\">\n\t\t\tMarbella Este\t\t<\/span>\n\t\t\n\n\t\t\t<div class=\"card-price d-flex flex-column\">\n\t\t<strong class=\"me-1\">Desde <span data-original-price=\"500\">500\u00a0\u20ac<\/span><span data-period> por dia <\/span><\/strong>\t\t<\/div>\n\t\n\t\t<ul class=\"card-features list-unstyled d-flex flex-wrap align-items-center mb-0\">\n\t\t\t\t\t\t\t<li class=\"d-flex align-items-center me-3\">\n\t\t\t\t\t3 dormitorios\t\t\t\t<\/li>\n\t\t\t\t\t\t\t<li class=\"d-flex align-items-center me-3\">\n\t\t\t\t\t2 ba\u00f1os\t\t\t\t<\/li>\n\t\t\t\t\t\t\t<li class=\"d-flex align-items-center me-3\">\n\t\t\t\t\t188 m&sup2; construido\t\t\t\t<\/li>\n\t\t\t\t\t\t\t<li class=\"d-flex align-items-center me-3\">\n\t\t\t\t\t188 m&sup2; parcela\t\t\t\t<\/li>\n\t\t\t\t\t<\/ul>\n\t\t<h4 class=\"card-title mb-0\">\n\t\t\t<a class=\"stretched-link\" href=\"\/alquiler\/elviria-hills\/apartamentos-y-pisos\/HW426\">Exclusivo apartamento, EN VENTA, con gran terraza privada y vistas panor\u00e1micas al mar, en primera l\u00ednea de golf, en Elviria Hills, Marbella<\/a>\n\t\t<\/h4>\n\t\t\t<\/div>\n<\/article>\t\t\t\t\t\t<article class=\"f-carousel__slide card col position-relative flex-column\">\n\t<figure class=\"position-relative w-100 mb-2\">\n\t\t<a class=\"card-portfolio position-absolute\" data-pfl-id=\"605029\" data-pfl-filter=\"rent-short\" href=\"#\">\n\t\t\t<svg width=\"20\" fill=\"currentColor\" viewBox=\"0 0 512 512\">\n\t\t\t\t<use href=\"https:\/\/www.homewatch.es\/wp-content\/themes\/inmobasolidbase\/dist\/src\/images\/icons.svg#svgPortfolio\"\/>\n\t\t\t<\/svg>\n\t\t\t<svg class=\"d-none\" width=\"20\" fill=\"currentColor\" viewBox=\"0 0 512 512\">\n\t\t\t\t<use href=\"https:\/\/www.homewatch.es\/wp-content\/themes\/inmobasolidbase\/dist\/src\/images\/icons.svg#svgPortfolioIn\"\/>\n\t\t\t<\/svg>\n\t\t<\/a>\n\t\t<picture class=\"ratio ratio-4x3\"><source width=\"1920\" height=\"1080\" srcset=\"https:\/\/media.inmobalia.com\/imgV1\/B8vEv5Xh_VThvnEqMx4G0YtA8lAADdw1sBC5uN5pSX6~ImMWYg0nYa_EPSP~fBpYtvgHs5QKecPwE1~j5DU_pylbu6cBdu0PgVunDxnkMoeY79Gll7Nv5AHhYwCGots7LHLh3gc21R8iMBe1yqfZ_FUpx7co9eGd51po65Njkotj4iuOT1c6GSOpg~vSgf2g.jpg 1920w,https:\/\/media.inmobalia.com\/imgV1\/B8vEv5Xh_Vjzl4qKP9bJW21eHCmW9PWrQV6IDk9EjA79dASSMmDBrXf04FgH6wp0ylU42MWPePEey7rkY1j3kMIGs3YrRSP6UhHPWG1enKzuplcdy8f~NYm7bTbKkeM5EmP5WdUQc9jcifPemBQWC2oUvsmzCKIRg1jt6AgJ1CN_tgjhm7PIGjAu0gfrycQ-.jpg 1580w,https:\/\/media.inmobalia.com\/imgV1\/B8vEv5Xh~9eLgpFkvD55S4O4_vRpfi7Zj~8WTFZMGThfizi~_Y~NgoiVzdN9MsuXYCpgHq7NOfhSSsV~~CvXOR8biNDSQCuIy3z~JafSwduxBEndespnQYPOGloQON4~nZWh789d5ggmC1lZcEOPASpKYWJ9tXhZNOfol2I1loomjJjp6cFIWYaKiM6YiA--.jpg 774w\" type=\"image\/webp\"><img loading=\"lazy\" decoding=\"async\" class=\"image-fit\" alt=\"Apartamento de lujo de 3 dormitorios con vistas al mar, Elviria Hills, Marbella Este\" width=\"1920\" height=\"1080\" src=\"https:\/\/media.inmobalia.com\/imgV1\/B8vEv5Xh_VThvnEqMx4G0ZxU~~H0Ar_8Bn_AfAx~4dnt796zQ9QIPwzdr9PkzIdRpbeOYktBAPFfTt23HPhndt5b7cRr2vg76pmKvptCGz41lr5kRf2dx7SzHVKek6kl2MM_6rGNH7ViiLq65WapmLvuckhVF3LYK43qGj4~Yt4-.jpg\"><\/picture>\t\t\t<\/figure>\n\t<div class=\"h-100 d-flex flex-column\">\n\t\t<span class=\"d-block card-area\">\n\t\t\tMarbella Este\t\t<\/span>\n\t\t\n\n\t\t\t<div class=\"card-price d-flex flex-column\">\n\t\t<strong class=\"me-1\">Desde <span data-original-price=\"150\">150\u00a0\u20ac<\/span><span data-period> por dia <\/span><\/strong>\t\t<\/div>\n\t\n\t\t<ul class=\"card-features list-unstyled d-flex flex-wrap align-items-center mb-0\">\n\t\t\t\t\t\t\t<li class=\"d-flex align-items-center me-3\">\n\t\t\t\t\t3 dormitorios\t\t\t\t<\/li>\n\t\t\t\t\t\t\t<li class=\"d-flex align-items-center me-3\">\n\t\t\t\t\t2 ba\u00f1os\t\t\t\t<\/li>\n\t\t\t\t\t\t\t<li class=\"d-flex align-items-center me-3\">\n\t\t\t\t\t188 m&sup2; construido\t\t\t\t<\/li>\n\t\t\t\t\t\t\t<li class=\"d-flex align-items-center me-3\">\n\t\t\t\t\t188 m&sup2; parcela\t\t\t\t<\/li>\n\t\t\t\t\t<\/ul>\n\t\t<h4 class=\"card-title mb-0\">\n\t\t\t<a class=\"stretched-link\" href=\"\/alquiler\/elviria-hills\/apartamentos-y-pisos\/222\">Apartamento de lujo de 3 dormitorios con vistas al mar, Elviria Hills, Marbella Este<\/a>\n\t\t<\/h4>\n\t\t\t<\/div>\n<\/article>\t\t\t\t\t\t<article class=\"f-carousel__slide card col position-relative flex-column\">\n\t<figure class=\"position-relative w-100 mb-2\">\n\t\t<a class=\"card-portfolio position-absolute\" data-pfl-id=\"599531\" data-pfl-filter=\"rent-short\" href=\"#\">\n\t\t\t<svg width=\"20\" fill=\"currentColor\" viewBox=\"0 0 512 512\">\n\t\t\t\t<use href=\"https:\/\/www.homewatch.es\/wp-content\/themes\/inmobasolidbase\/dist\/src\/images\/icons.svg#svgPortfolio\"\/>\n\t\t\t<\/svg>\n\t\t\t<svg class=\"d-none\" width=\"20\" fill=\"currentColor\" viewBox=\"0 0 512 512\">\n\t\t\t\t<use href=\"https:\/\/www.homewatch.es\/wp-content\/themes\/inmobasolidbase\/dist\/src\/images\/icons.svg#svgPortfolioIn\"\/>\n\t\t\t<\/svg>\n\t\t<\/a>\n\t\t<picture class=\"ratio ratio-4x3\"><source width=\"1920\" height=\"1080\" srcset=\"https:\/\/media.inmobalia.com\/imgV1\/B8vEv5Xh_VThvnEqMx4G0YtA8lAADdw1sBC5uN5pSX6~ImMWYg0nYa_EPSP~fBpYtvgHs5QKecPwE1~j5DU_pylbu6cBdu0PgVunDxnkMoeY79Gll7Nv5AHhYwCGots7LHLh3gczFcXAgmhR4Uf6V6WxyZIL26xs_CNm4tzuitsgQzZ1ZnQTxlAdtIQxfFlT.jpg 1920w,https:\/\/media.inmobalia.com\/imgV1\/B8vEv5Xh_Vjzl4qKP9bJW21eHCmW9PWrQV6IDk9EjA79dASSMmDBrXf04FgH6wp0ylU42MWPePEey7rkY1j3kMIGs3YrRSP6UhHPWG1enKzuplcdy8f~NYm7bTbKkeM5EmP5WdCKlgHLZULWcVCyql2qSTZI0~uhTh8siq8Z21CPX9sTI1R70ZridqQ1N_E-.jpg 1580w,https:\/\/media.inmobalia.com\/imgV1\/B8vEv5Xh~9eLgpFkvD55S4O4_vRpfi7Zj~8WTFZMGThfizi~_Y~NgoiVzdN9MsuXYCpgHq7NOfhSSsV~~CvXOR8biNDSQCuIy3z~JafSwduxBEndespnQYPOGloQON4~nZWh6t5wa5pQBYvCCNV0dFcqP1GgpKORrr5BYveYix1FPBgXrqrE1aEIEntZ5w--.jpg 774w\" type=\"image\/webp\"><img loading=\"lazy\" decoding=\"async\" class=\"image-fit\" alt=\"Apartamento de lujo de 2 dormitorios Nueva Andaluc\u00eda con jard\u00edn privado y piscina comunitaria\" width=\"1920\" height=\"1080\" src=\"https:\/\/media.inmobalia.com\/imgV1\/B8vEv5Xh_VThvnEqMx4G0ZxU~~H0Ar_8Bn_AfAx~4dnt796zQ9QIPwzdr9PkzIdRpbeOYktBAPFfTt23HPhndt5b7cRr2vg76pmKvptCGz41lr5kRfhKqKt6a~g9Sy1nMAEtBAN3hMOaUwBgwtvbTnGXsuUbTWTOXvPV6cnYNt4-.jpg\"><\/picture>\t\t\t<\/figure>\n\t<div class=\"h-100 d-flex flex-column\">\n\t\t<span class=\"d-block card-area\">\n\t\t\tNueva Andalucia\t\t<\/span>\n\t\t\n\n\t\t\t<div class=\"card-price d-flex flex-column\">\n\t\t<strong class=\"me-1\">Desde <span data-original-price=\"90\">90\u00a0\u20ac<\/span><span data-period> por dia <\/span><\/strong><strong class=\"me-1\"><span data-original-price=\"3500\">3.500\u00a0\u20ac<\/span><span data-period> montly rental (November-March)<\/span><\/strong>\t\t<\/div>\n\t\n\t\t<ul class=\"card-features list-unstyled d-flex flex-wrap align-items-center mb-0\">\n\t\t\t\t\t\t\t<li class=\"d-flex align-items-center me-3\">\n\t\t\t\t\t2 dormitorios\t\t\t\t<\/li>\n\t\t\t\t\t\t\t<li class=\"d-flex align-items-center me-3\">\n\t\t\t\t\t2 ba\u00f1os\t\t\t\t<\/li>\n\t\t\t\t\t\t\t<li class=\"d-flex align-items-center me-3\">\n\t\t\t\t\t96 m&sup2; construido\t\t\t\t<\/li>\n\t\t\t\t\t\t\t<li class=\"d-flex align-items-center me-3\">\n\t\t\t\t\t64 m&sup2; parcela\t\t\t\t<\/li>\n\t\t\t\t\t<\/ul>\n\t\t<h4 class=\"card-title mb-0\">\n\t\t\t<a class=\"stretched-link\" href=\"\/alquiler\/los-pinos-de-aloha\/apartamentos-planta-baja\/228\">Apartamento de lujo de 2 dormitorios Nueva Andaluc\u00eda con jard\u00edn privado y piscina comunitaria<\/a>\n\t\t<\/h4>\n\t\t\t<\/div>\n<\/article>\t\t\t\t\t\t<article class=\"f-carousel__slide card col position-relative flex-column\">\n\t<figure class=\"position-relative w-100 mb-2\">\n\t\t<a class=\"card-portfolio position-absolute\" data-pfl-id=\"585125\" data-pfl-filter=\"rent-short\" href=\"#\">\n\t\t\t<svg width=\"20\" fill=\"currentColor\" viewBox=\"0 0 512 512\">\n\t\t\t\t<use href=\"https:\/\/www.homewatch.es\/wp-content\/themes\/inmobasolidbase\/dist\/src\/images\/icons.svg#svgPortfolio\"\/>\n\t\t\t<\/svg>\n\t\t\t<svg class=\"d-none\" width=\"20\" fill=\"currentColor\" viewBox=\"0 0 512 512\">\n\t\t\t\t<use href=\"https:\/\/www.homewatch.es\/wp-content\/themes\/inmobasolidbase\/dist\/src\/images\/icons.svg#svgPortfolioIn\"\/>\n\t\t\t<\/svg>\n\t\t<\/a>\n\t\t<picture class=\"ratio ratio-4x3\"><source width=\"1920\" height=\"1080\" srcset=\"https:\/\/media.inmobalia.com\/imgV1\/B8vEv5Xh_VThvnEqMx4G0YtA8lAADdw1sBC5uN5pSX6~ImMWYg0nYa_EPSP~fBpYtvgHs5QKecPwE1~j5DU_pylbu6cBdu0PgVunDxnkMoeY79Gll7Nv5AHhYwCGots7LHLh3gYw6S2yqZ5EmD76Dz7SInhv17dLZRTFpXrq0aoKv8uO_yn6O~eyQSA~EsXv.jpg 1920w,https:\/\/media.inmobalia.com\/imgV1\/B8vEv5Xh_Vjzl4qKP9bJW21eHCmW9PWrQV6IDk9EjA79dASSMmDBrXf04FgH6wp0ylU42MWPePEey7rkY1j3kMIGs3YrRSP6UhHPWG1enKzuplcdy8f~NYm7bTbKkeM5EmP5WHiobJSCjWuheuDz8dpr4~Ot5OoWmGdDxkQ~v9rrKzAJZgmHGZY~gruqDNI-.jpg 1580w,https:\/\/media.inmobalia.com\/imgV1\/B8vEv5Xh~9eLgpFkvD55S4O4_vRpfi7Zj~8WTFZMGThfizi~_Y~NgoiVzdN9MsuXYCpgHq7NOfhSSsV~~CvXOR8biNDSQCuIy3z~JafSwduxBEndespnQYPOGloQON4~nZWgJ7dxX7drHaHWiYXplFp1ciigtfWJ5mc_TO7SEXEK7QuHeGBx85GoH9ERsg--.jpg 774w\" type=\"image\/webp\"><img loading=\"lazy\" decoding=\"async\" class=\"image-fit\" alt=\"\u00c1tico de lujo 4 dormitorios Marbella Este con vistas al mar y acceso playa\" width=\"1920\" height=\"1080\" src=\"https:\/\/media.inmobalia.com\/imgV1\/B8vEv5Xh_VThvnEqMx4G0ZxU~~H0Ar_8Bn_AfAx~4dnt796zQ9QIPwzdr9PkzIdRpbeOYktBAPFfTt23HPhndt5b7cRr2vg76pmKvptCGz41lr5kRIDvlvYWtb40VJtRxcsfhYqAlJJAKJCA7koBQBla6XsK6ntIjupXxZ4mqYY-.jpg\"><\/picture>\t\t\t<\/figure>\n\t<div class=\"h-100 d-flex flex-column\">\n\t\t<span class=\"d-block card-area\">\n\t\t\tMarbella Este\t\t<\/span>\n\t\t\n\n\t\t\t<div class=\"card-price d-flex flex-column\">\n\t\t<strong class=\"me-1\">Desde <span data-original-price=\"200\">200\u00a0\u20ac<\/span><span data-period> por dia <\/span><\/strong><strong class=\"me-1\"><span data-original-price=\"3500\">3.500\u00a0\u20ac<\/span><span data-period> montly rental (November-March)<\/span><\/strong>\t\t<\/div>\n\t\n\t\t<ul class=\"card-features list-unstyled d-flex flex-wrap align-items-center mb-0\">\n\t\t\t\t\t\t\t<li class=\"d-flex align-items-center me-3\">\n\t\t\t\t\t4 dormitorios\t\t\t\t<\/li>\n\t\t\t\t\t\t\t<li class=\"d-flex align-items-center me-3\">\n\t\t\t\t\t4 ba\u00f1os\t\t\t\t<\/li>\n\t\t\t\t\t\t\t<li class=\"d-flex align-items-center me-3\">\n\t\t\t\t\t267 m&sup2; construido\t\t\t\t<\/li>\n\t\t\t\t\t<\/ul>\n\t\t<h4 class=\"card-title mb-0\">\n\t\t\t<a class=\"stretched-link\" href=\"\/alquiler\/costabella\/casas\/220\">\u00c1tico de lujo 4 dormitorios Marbella Este con vistas al mar y acceso playa<\/a>\n\t\t<\/h4>\n\t\t\t<\/div>\n<\/article>\t\t\t\t\t\t<article class=\"f-carousel__slide card col position-relative flex-column\">\n\t<figure class=\"position-relative w-100 mb-2\">\n\t\t<a class=\"card-portfolio position-absolute\" data-pfl-id=\"559340\" data-pfl-filter=\"rent-short\" href=\"#\">\n\t\t\t<svg width=\"20\" fill=\"currentColor\" viewBox=\"0 0 512 512\">\n\t\t\t\t<use href=\"https:\/\/www.homewatch.es\/wp-content\/themes\/inmobasolidbase\/dist\/src\/images\/icons.svg#svgPortfolio\"\/>\n\t\t\t<\/svg>\n\t\t\t<svg class=\"d-none\" width=\"20\" fill=\"currentColor\" viewBox=\"0 0 512 512\">\n\t\t\t\t<use href=\"https:\/\/www.homewatch.es\/wp-content\/themes\/inmobasolidbase\/dist\/src\/images\/icons.svg#svgPortfolioIn\"\/>\n\t\t\t<\/svg>\n\t\t<\/a>\n\t\t<picture class=\"ratio ratio-4x3\"><source width=\"1920\" height=\"1080\" srcset=\"https:\/\/media.inmobalia.com\/imgV1\/B8vEv5Xh_VThvnEqMx4G0YtA8lAADdw1sBC5uN5pSX6~ImMWYg0nYa_EPSP~fBpYtvgHs5QKecPwE1~j5DU_pylbu6cBdu0PgVunDxnkMoeY79Gll7Nv5AHhYwCGots7LHLh3gTudIUuwBymv5Pelf_TF1ra5FD3k29R2JIv_5grrA5jaJjFJPIL7GwsMOov.jpg 1920w,https:\/\/media.inmobalia.com\/imgV1\/B8vEv5Xh_Vjzl4qKP9bJW21eHCmW9PWrQV6IDk9EjA79dASSMmDBrXf04FgH6wp0ylU42MWPePEey7rkY1j3kMIGs3YrRSP6UhHPWG1enKzuplcdy8f~NYm7bTbKkeM5EmP5WvpSQ5mdZ8uFkfs13yTFdoyrkjFPbfou4Wb8wK6CzOS1XoKxJCpVvHdCRXY-.jpg 1580w,https:\/\/media.inmobalia.com\/imgV1\/B8vEv5Xh~9eLgpFkvD55S4O4_vRpfi7Zj~8WTFZMGThfizi~_Y~NgoiVzdN9MsuXYCpgHq7NOfhSSsV~~CvXOR8biNDSQCuIy3z~JafSwduxBEndespnQYPOGloQON4~nZWibGIgJ8b12t9AIMM3qezyly5W3esWtvrOtA9hc_70oqaSbO0mhUetwzXHUw--.jpg 774w\" type=\"image\/webp\"><img loading=\"lazy\" decoding=\"async\" class=\"image-fit\" alt=\"Apartamento de 2 dormitorios junto a la playa en Elviria, Marbella Este con piscina comunitaria\" width=\"1920\" height=\"1080\" src=\"https:\/\/media.inmobalia.com\/imgV1\/B8vEv5Xh_VThvnEqMx4G0ZxU~~H0Ar_8Bn_AfAx~4dnt796zQ9QIPwzdr9PkzIdRpbeOYktBAPFfTt23HPhndt5b7cRr2vg76pmKvptCGz41lr5kRpssbI71_TTjPfV4qRaxZvWqBGXbcFQ6YPVYOn6~hNpqB8xI6Z3oLalraEA-.jpg\"><\/picture>\t\t\t<\/figure>\n\t<div class=\"h-100 d-flex flex-column\">\n\t\t<span class=\"d-block card-area\">\n\t\t\tMarbella Este\t\t<\/span>\n\t\t\n\n\t\t\t<div class=\"card-price d-flex flex-column\">\n\t\t<strong class=\"me-1\">Desde <span data-original-price=\"350\">350\u00a0\u20ac<\/span><span data-period> por dia <\/span><\/strong>\t\t<\/div>\n\t\n\t\t<ul class=\"card-features list-unstyled d-flex flex-wrap align-items-center mb-0\">\n\t\t\t\t\t\t\t<li class=\"d-flex align-items-center me-3\">\n\t\t\t\t\t2 dormitorios\t\t\t\t<\/li>\n\t\t\t\t\t\t\t<li class=\"d-flex align-items-center me-3\">\n\t\t\t\t\t2 ba\u00f1os\t\t\t\t<\/li>\n\t\t\t\t\t\t\t<li class=\"d-flex align-items-center me-3\">\n\t\t\t\t\t96 m&sup2; construido\t\t\t\t<\/li>\n\t\t\t\t\t<\/ul>\n\t\t<h4 class=\"card-title mb-0\">\n\t\t\t<a class=\"stretched-link\" href=\"\/alquiler\/elviria-playa\/apartamentos-planta-baja\/212\">Apartamento de 2 dormitorios junto a la playa en Elviria, Marbella Este con piscina comunitaria<\/a>\n\t\t<\/h4>\n\t\t\t<\/div>\n<\/article>\t\t\t\t\t\t<article class=\"f-carousel__slide card col position-relative flex-column\">\n\t<figure class=\"position-relative w-100 mb-2\">\n\t\t<a class=\"card-portfolio position-absolute\" data-pfl-id=\"548093\" data-pfl-filter=\"rent-short\" href=\"#\">\n\t\t\t<svg width=\"20\" fill=\"currentColor\" viewBox=\"0 0 512 512\">\n\t\t\t\t<use href=\"https:\/\/www.homewatch.es\/wp-content\/themes\/inmobasolidbase\/dist\/src\/images\/icons.svg#svgPortfolio\"\/>\n\t\t\t<\/svg>\n\t\t\t<svg class=\"d-none\" width=\"20\" fill=\"currentColor\" viewBox=\"0 0 512 512\">\n\t\t\t\t<use href=\"https:\/\/www.homewatch.es\/wp-content\/themes\/inmobasolidbase\/dist\/src\/images\/icons.svg#svgPortfolioIn\"\/>\n\t\t\t<\/svg>\n\t\t<\/a>\n\t\t<picture class=\"ratio ratio-4x3\"><source width=\"1920\" height=\"1080\" srcset=\"https:\/\/media.inmobalia.com\/imgV1\/B8vEv5Xh_VThvnEqMx4G0YtA8lAADdw1sBC5uN5pSX6~ImMWYg0nYa_EPSP~fBpYtvgHs5QKecPwE1~j5DU_pylbu6cBdu0PgVunDxnkMoeY79Gll7Nv5AHhYwCGots7LHLh3gTmr2wSPSddCvmXYlDjOlyB9u5C2NeniXBPGPKYcPa1vHEziqBIB_Lnr01T.jpg 1920w,https:\/\/media.inmobalia.com\/imgV1\/B8vEv5Xh_Vjzl4qKP9bJW21eHCmW9PWrQV6IDk9EjA79dASSMmDBrXf04FgH6wp0ylU42MWPePEey7rkY1j3kMIGs3YrRSP6UhHPWG1enKzuplcdy8f~NYm7bTbKkeM5EmP5WvL2kuXZBY5C7qcO3c_PizC9xAqhJvw~SavesZFgile4Lvqkpf8vP_budrU-.jpg 1580w,https:\/\/media.inmobalia.com\/imgV1\/B8vEv5Xh~9eLgpFkvD55S4O4_vRpfi7Zj~8WTFZMGThfizi~_Y~NgoiVzdN9MsuXYCpgHq7NOfhSSsV~~CvXOR8biNDSQCuIy3z~JafSwduxBEndespnQYPOGloQON4~nZWiZN5g~gn6nF8iEtFxokgGEtvC8CYjbYi~6nJZdDGslsI23a~P6gQ24GHzog--.jpg 774w\" type=\"image\/webp\"><img loading=\"lazy\" decoding=\"async\" class=\"image-fit\" alt=\"Apartamento vacacional de 3 dormitorios en Puerto Ban\u00fas, primera l\u00ednea con jard\u00edn privado - Marbella\" width=\"1920\" height=\"1080\" src=\"https:\/\/media.inmobalia.com\/imgV1\/B8vEv5Xh_VThvnEqMx4G0ZxU~~H0Ar_8Bn_AfAx~4dnt796zQ9QIPwzdr9PkzIdRpbeOYktBAPFfTt23HPhndt5b7cRr2vg76pmKvptCGz41lr5kRpPMohFRM22jIdHXacl2WniSFs0MHyr8kej5_rZK1scdeegmRk21jbgtATs-.jpg\"><\/picture>\t\t\t<\/figure>\n\t<div class=\"h-100 d-flex flex-column\">\n\t\t<span class=\"d-block card-area\">\n\t\t\tMarbella - Puerto Banus\t\t<\/span>\n\t\t\n\n\t\t\t<div class=\"card-price d-flex flex-column\">\n\t\t<strong class=\"me-1\">Desde <span data-original-price=\"220\">220\u00a0\u20ac<\/span><span data-period> por dia <\/span><\/strong><strong class=\"me-1\"><span data-original-price=\"3500\">3.500\u00a0\u20ac<\/span><span data-period> montly rental (November-March)<\/span><\/strong>\t\t<\/div>\n\t\n\t\t<ul class=\"card-features list-unstyled d-flex flex-wrap align-items-center mb-0\">\n\t\t\t\t\t\t\t<li class=\"d-flex align-items-center me-3\">\n\t\t\t\t\t3 dormitorios\t\t\t\t<\/li>\n\t\t\t\t\t\t\t<li class=\"d-flex align-items-center me-3\">\n\t\t\t\t\t2 ba\u00f1os\t\t\t\t<\/li>\n\t\t\t\t\t\t\t<li class=\"d-flex align-items-center me-3\">\n\t\t\t\t\t220 m&sup2; construido\t\t\t\t<\/li>\n\t\t\t\t\t<\/ul>\n\t\t<h4 class=\"card-title mb-0\">\n\t\t\t<a class=\"stretched-link\" href=\"\/alquiler\/las-mimosas\/apartamentos-planta-baja\/203\">Apartamento vacacional de 3 dormitorios en Puerto Ban\u00fas, primera l\u00ednea con jard\u00edn privado - Marbella<\/a>\n\t\t<\/h4>\n\t\t\t<\/div>\n<\/article>\t\t\t\t\t\t<article class=\"f-carousel__slide card col position-relative flex-column\">\n\t<figure class=\"position-relative w-100 mb-2\">\n\t\t<a class=\"card-portfolio position-absolute\" data-pfl-id=\"538229\" data-pfl-filter=\"rent-short\" href=\"#\">\n\t\t\t<svg width=\"20\" fill=\"currentColor\" viewBox=\"0 0 512 512\">\n\t\t\t\t<use href=\"https:\/\/www.homewatch.es\/wp-content\/themes\/inmobasolidbase\/dist\/src\/images\/icons.svg#svgPortfolio\"\/>\n\t\t\t<\/svg>\n\t\t\t<svg class=\"d-none\" width=\"20\" fill=\"currentColor\" viewBox=\"0 0 512 512\">\n\t\t\t\t<use href=\"https:\/\/www.homewatch.es\/wp-content\/themes\/inmobasolidbase\/dist\/src\/images\/icons.svg#svgPortfolioIn\"\/>\n\t\t\t<\/svg>\n\t\t<\/a>\n\t\t<picture class=\"ratio ratio-4x3\"><source width=\"1920\" height=\"1080\" srcset=\"https:\/\/media.inmobalia.com\/imgV1\/B8vEv5Xh_VThvnEqMx4G0YtA8lAADdw1sBC5uN5pSX6~ImMWYg0nYa_EPSP~fBpYtvgHs5QKecPwE1~j5DU_pylbu6cBdu0PgVunDxnkMoeY79Gll7Nv5AHhYwCGots7LHLh2Ub6wWZ2XgOve5f2P41IUAeArgcPPuoGhqKgq3LyiPzAV9XRkxCBPsiz~HJg.jpg 1920w,https:\/\/media.inmobalia.com\/imgV1\/B8vEv5Xh_Vjzl4qKP9bJW21eHCmW9PWrQV6IDk9EjA79dASSMmDBrXf04FgH6wp0ylU42MWPePEey7rkY1j3kMIGs3YrRSP6UhHPWG1enKzuplcdy8f~NYm7bTbKkeM5EmP_j~_RxUprBBQ5TZ20T8TvOpAwKpO32fnR6HzIDgLJuCTIZtH38fQR3GX2V0o-.jpg 1580w,https:\/\/media.inmobalia.com\/imgV1\/B8vEv5Xh~9eLgpFkvD55S4O4_vRpfi7Zj~8WTFZMGThfizi~_Y~NgoiVzdN9MsuXYCpgHq7NOfhSSsV~~CvXOR8biNDSQCuIy3z~JafSwduxBEndespnQYPOGloQON4~nZJ~I6yPZTsBhR33h~ZaMDmg6Gf4Zlvwe8N9~69Qewhkvj4iwM5dZCo92L13qQ--.jpg 774w\" type=\"image\/webp\"><img loading=\"lazy\" decoding=\"async\" class=\"image-fit\" alt=\"Moderno apartamento vacacional 3 dormitorios Marbella cerca golf y Puerto Ban\u00fas\" width=\"1920\" height=\"1080\" src=\"https:\/\/media.inmobalia.com\/imgV1\/B8vEv5Xh_VThvnEqMx4G0ZxU~~H0Ar_8Bn_AfAx~4dnt796zQ9QIPwzdr9PkzIdRpbeOYktBAPFfTt23HPhndt5b7cRr2vg76pmKvptCGz41lr5j8fG7b_9P0JiqWj3rS43xIoMjCPZR9gyXVykDKtzZhyjcBwHxeND6CECpTkQ-.jpg\"><\/picture>\t\t\t<\/figure>\n\t<div class=\"h-100 d-flex flex-column\">\n\t\t<span class=\"d-block card-area\">\n\t\t\tNueva Andalucia\t\t<\/span>\n\t\t\n\n\t\t\t<div class=\"card-price d-flex flex-column\">\n\t\t<strong class=\"me-1\">Desde <span data-original-price=\"150\">150\u00a0\u20ac<\/span><span data-period> por dia <\/span><\/strong><strong class=\"me-1\"><span data-original-price=\"3000\">3.000\u00a0\u20ac<\/span><span data-period> montly rental (November-March)<\/span><\/strong>\t\t<\/div>\n\t\n\t\t<ul class=\"card-features list-unstyled d-flex flex-wrap align-items-center mb-0\">\n\t\t\t\t\t\t\t<li class=\"d-flex align-items-center me-3\">\n\t\t\t\t\t3 dormitorios\t\t\t\t<\/li>\n\t\t\t\t\t\t\t<li class=\"d-flex align-items-center me-3\">\n\t\t\t\t\t2 ba\u00f1os\t\t\t\t<\/li>\n\t\t\t\t\t\t\t<li class=\"d-flex align-items-center me-3\">\n\t\t\t\t\t100 m&sup2; construido\t\t\t\t<\/li>\n\t\t\t\t\t<\/ul>\n\t\t<h4 class=\"card-title mb-0\">\n\t\t\t<a class=\"stretched-link\" href=\"\/alquiler\/los-naranjos-de-marbella\/apartamentos-planta-baja\/168\">Moderno apartamento vacacional 3 dormitorios Marbella cerca golf y Puerto Ban\u00fas<\/a>\n\t\t<\/h4>\n\t\t\t<\/div>\n<\/article>\t\t\t\t\t\t<article class=\"f-carousel__slide card col position-relative flex-column\">\n\t<figure class=\"position-relative w-100 mb-2\">\n\t\t<a class=\"card-portfolio position-absolute\" data-pfl-id=\"537886\" data-pfl-filter=\"rent-short\" href=\"#\">\n\t\t\t<svg width=\"20\" fill=\"currentColor\" viewBox=\"0 0 512 512\">\n\t\t\t\t<use href=\"https:\/\/www.homewatch.es\/wp-content\/themes\/inmobasolidbase\/dist\/src\/images\/icons.svg#svgPortfolio\"\/>\n\t\t\t<\/svg>\n\t\t\t<svg class=\"d-none\" width=\"20\" fill=\"currentColor\" viewBox=\"0 0 512 512\">\n\t\t\t\t<use href=\"https:\/\/www.homewatch.es\/wp-content\/themes\/inmobasolidbase\/dist\/src\/images\/icons.svg#svgPortfolioIn\"\/>\n\t\t\t<\/svg>\n\t\t<\/a>\n\t\t<picture class=\"ratio ratio-4x3\"><source width=\"1920\" height=\"1080\" srcset=\"https:\/\/media.inmobalia.com\/imgV1\/B8vEv5Xh_VThvnEqMx4G0YtA8lAADdw1sBC5uN5pSX6~ImMWYg0nYa_EPSP~fBpYtvgHs5QKecPwE1~j5DU_pylbu6cBdu0PgVunDxnkMoeY79Gll7Nv5AHhYwCGots7LHLh2Ub7p_BW0HJxAB0NLhakazBfU_eNZAJEuNQhlK7jWdQfYqwsydwkAy9VS7jF.jpg 1920w,https:\/\/media.inmobalia.com\/imgV1\/B8vEv5Xh_Vjzl4qKP9bJW21eHCmW9PWrQV6IDk9EjA79dASSMmDBrXf04FgH6wp0ylU42MWPePEey7rkY1j3kMIGs3YrRSP6UhHPWG1enKzuplcdy8f~NYm7bTbKkeM5EmP_j~7MRnr~YZNLnr2nkb7~mGpBj~6bn7z6vxTfZnXHmkyvaYTtANATwtVwnz4-.jpg 1580w,https:\/\/media.inmobalia.com\/imgV1\/B8vEv5Xh~9eLgpFkvD55S4O4_vRpfi7Zj~8WTFZMGThfizi~_Y~NgoiVzdN9MsuXYCpgHq7NOfhSSsV~~CvXOR8biNDSQCuIy3z~JafSwduxBEndespnQYPOGloQON4~nZJ~IqLE9uhBVg0A7wu7LgA59RmHZsuLAZLI4V1TmKuoLMtRqNVldxA8HCtY4Q--.jpg 774w\" type=\"image\/webp\"><img loading=\"lazy\" decoding=\"async\" class=\"image-fit\" alt=\"Apartamento de lujo de 1 dormitorio con vistas monta\u00f1a y terraza privada, Milla de Oro Marbella\" width=\"1920\" height=\"1080\" src=\"https:\/\/media.inmobalia.com\/imgV1\/B8vEv5Xh_VThvnEqMx4G0ZxU~~H0Ar_8Bn_AfAx~4dnt796zQ9QIPwzdr9PkzIdRpbeOYktBAPFfTt23HPhndt5b7cRr2vg76pmKvptCGz41lr5j8fD3JXEXEDJrMHawIRpxGpsodtQPFinbbJeKCA2AK3lvMxgWo81cVOnsV54-.jpg\"><\/picture>\t\t\t<\/figure>\n\t<div class=\"h-100 d-flex flex-column\">\n\t\t<span class=\"d-block card-area\">\n\t\t\tMarbella Golden Mile\t\t<\/span>\n\t\t\n\n\t\t\t<div class=\"card-price d-flex flex-column\">\n\t\t<strong class=\"me-1\">Desde <span data-original-price=\"68\">68\u00a0\u20ac<\/span><span data-period> por dia <\/span><\/strong>\t\t<\/div>\n\t\n\t\t<ul class=\"card-features list-unstyled d-flex flex-wrap align-items-center mb-0\">\n\t\t\t\t\t\t\t<li class=\"d-flex align-items-center me-3\">\n\t\t\t\t\t1 dormitorio\t\t\t\t<\/li>\n\t\t\t\t\t\t\t<li class=\"d-flex align-items-center me-3\">\n\t\t\t\t\t1 ba\u00f1o\t\t\t\t<\/li>\n\t\t\t\t\t\t\t<li class=\"d-flex align-items-center me-3\">\n\t\t\t\t\t125 m&sup2; construido\t\t\t\t<\/li>\n\t\t\t\t\t<\/ul>\n\t\t<h4 class=\"card-title mb-0\">\n\t\t\t<a class=\"stretched-link\" href=\"\/alquiler\/terrazas-de-coto-real\/apartamentos-y-pisos\/199\">Apartamento de lujo de 1 dormitorio con vistas monta\u00f1a y terraza privada, Milla de Oro Marbella<\/a>\n\t\t<\/h4>\n\t\t\t<\/div>\n<\/article>\t\t\t\t\t\t<article class=\"f-carousel__slide card col position-relative flex-column\">\n\t<figure class=\"position-relative w-100 mb-2\">\n\t\t<a class=\"card-portfolio position-absolute\" data-pfl-id=\"484845\" data-pfl-filter=\"rent-short\" href=\"#\">\n\t\t\t<svg width=\"20\" fill=\"currentColor\" viewBox=\"0 0 512 512\">\n\t\t\t\t<use href=\"https:\/\/www.homewatch.es\/wp-content\/themes\/inmobasolidbase\/dist\/src\/images\/icons.svg#svgPortfolio\"\/>\n\t\t\t<\/svg>\n\t\t\t<svg class=\"d-none\" width=\"20\" fill=\"currentColor\" viewBox=\"0 0 512 512\">\n\t\t\t\t<use href=\"https:\/\/www.homewatch.es\/wp-content\/themes\/inmobasolidbase\/dist\/src\/images\/icons.svg#svgPortfolioIn\"\/>\n\t\t\t<\/svg>\n\t\t<\/a>\n\t\t<picture class=\"ratio ratio-4x3\"><source width=\"1920\" height=\"1080\" srcset=\"https:\/\/media.inmobalia.com\/imgV1\/B8vEv5Xh_VThvnEqMx4G0YtA8lAADdw1sBC5uN5pSX6~ImMWYg0nYa_EPSP~fBpYtvgHs5QKecPwE1~j5DU_pylbu6cBdu0PgVunDxnkMoeY79Gll7Nv5AHhYwCGots7LHLh2UghiHpQB1bbdrAxFjPufsKzIRqwpbpiAZ0zYawcM14LVKyVtofw67cKh1dk.jpg 1920w,https:\/\/media.inmobalia.com\/imgV1\/B8vEv5Xh_Vjzl4qKP9bJW21eHCmW9PWrQV6IDk9EjA79dASSMmDBrXf04FgH6wp0ylU42MWPePEey7rkY1j3kMIGs3YrRSP6UhHPWG1enKzuplcdy8f~NYm7bTbKkeM5EmP_gXlmDqfuK3U8hHTFfxqxoj94SCkUbrgEaubrp0kUJzDEcIq8fs9BCGxoE5E-.jpg 1580w,https:\/\/media.inmobalia.com\/imgV1\/B8vEv5Xh~9eLgpFkvD55S4O4_vRpfi7Zj~8WTFZMGThfizi~_Y~NgoiVzdN9MsuXYCpgHq7NOfhSSsV~~CvXOR8biNDSQCuIy3z~JafSwduxBEndespnQYPOGloQON4~nZJx~MATRJMXbulBU5G_kmzkzxlSX9cPdRfp1SG7ZqdU17KrZBm48j8YUJJk8A--.jpg 774w\" type=\"image\/webp\"><img loading=\"lazy\" decoding=\"async\" class=\"image-fit\" alt=\"Alquiler vacacional primera l\u00ednea playa Marbella con 4 dormitorios, vistas mar en Puerto Ban\u00fas\" width=\"1920\" height=\"1080\" src=\"https:\/\/media.inmobalia.com\/imgV1\/B8vEv5Xh_VThvnEqMx4G0ZxU~~H0Ar_8Bn_AfAx~4dnt796zQ9QIPwzdr9PkzIdRpbeOYktBAPFfTt23HPhndt5b7cRr2vg76pmKvptCGz41lr5j~5EAmPAzP7BN3vyiY6Zl1fK~KkwoPx8IYYQW8CMIoDso2JQteom_9V9pCk8-.jpg\"><\/picture>\t\t\t<\/figure>\n\t<div class=\"h-100 d-flex flex-column\">\n\t\t<span class=\"d-block card-area\">\n\t\t\tMarbella - Puerto Banus\t\t<\/span>\n\t\t\n\n\t\t\t<div class=\"card-price d-flex flex-column\">\n\t\t<strong class=\"me-1\">Desde <span data-original-price=\"153\">153\u00a0\u20ac<\/span><span data-period> por dia <\/span><\/strong>\t\t<\/div>\n\t\n\t\t<ul class=\"card-features list-unstyled d-flex flex-wrap align-items-center mb-0\">\n\t\t\t\t\t\t\t<li class=\"d-flex align-items-center me-3\">\n\t\t\t\t\t4 dormitorios\t\t\t\t<\/li>\n\t\t\t\t\t\t\t<li class=\"d-flex align-items-center me-3\">\n\t\t\t\t\t3 ba\u00f1os\t\t\t\t<\/li>\n\t\t\t\t\t\t\t<li class=\"d-flex align-items-center me-3\">\n\t\t\t\t\t252 m&sup2; construido\t\t\t\t<\/li>\n\t\t\t\t\t<\/ul>\n\t\t<h4 class=\"card-title mb-0\">\n\t\t\t<a class=\"stretched-link\" href=\"\/alquiler\/playas-del-duque\/apartamentos-planta-baja\/178\">Alquiler vacacional primera l\u00ednea playa Marbella con 4 dormitorios, vistas mar en Puerto Ban\u00fas<\/a>\n\t\t<\/h4>\n\t\t\t<\/div>\n<\/article>\t\t\t\t\t\t<article class=\"f-carousel__slide card col position-relative flex-column\">\n\t<figure class=\"position-relative w-100 mb-2\">\n\t\t<a class=\"card-portfolio position-absolute\" data-pfl-id=\"480704\" data-pfl-filter=\"rent-short\" href=\"#\">\n\t\t\t<svg width=\"20\" fill=\"currentColor\" viewBox=\"0 0 512 512\">\n\t\t\t\t<use href=\"https:\/\/www.homewatch.es\/wp-content\/themes\/inmobasolidbase\/dist\/src\/images\/icons.svg#svgPortfolio\"\/>\n\t\t\t<\/svg>\n\t\t\t<svg class=\"d-none\" width=\"20\" fill=\"currentColor\" viewBox=\"0 0 512 512\">\n\t\t\t\t<use href=\"https:\/\/www.homewatch.es\/wp-content\/themes\/inmobasolidbase\/dist\/src\/images\/icons.svg#svgPortfolioIn\"\/>\n\t\t\t<\/svg>\n\t\t<\/a>\n\t\t<picture class=\"ratio ratio-4x3\"><source width=\"1920\" height=\"1080\" srcset=\"https:\/\/media.inmobalia.com\/imgV1\/B8vEv5Xh_VThvnEqMx4G0YtA8lAADdw1sBC5uN5pSX6~ImMWYg0nYa_EPSP~fBpYtvgHs5QKecPwE1~j5DU_pylbu6cBdu0PgVunDxnkMoeY79Gll7Nv5AHhYwCGots7LHLh2UgrTsUX1r7qyKcjCjjxUmOVGfl8B4kfTvMkeAxu3FHyqZVI4FcgWQrR8MJE.jpg 1920w,https:\/\/media.inmobalia.com\/imgV1\/B8vEv5Xh_Vjzl4qKP9bJW21eHCmW9PWrQV6IDk9EjA79dASSMmDBrXf04FgH6wp0ylU42MWPePEey7rkY1j3kMIGs3YrRSP6UhHPWG1enKzuplcdy8f~NYm7bTbKkeM5EmP_gXNy2rycirkccZEzx6CYTqv3mjFq_WLramd3vtXQvmmxCirnarcmEU6XmrE-.jpg 1580w,https:\/\/media.inmobalia.com\/imgV1\/B8vEv5Xh~9eLgpFkvD55S4O4_vRpfi7Zj~8WTFZMGThfizi~_Y~NgoiVzdN9MsuXYCpgHq7NOfhSSsV~~CvXOR8biNDSQCuIy3z~JafSwduxBEndespnQYPOGloQON4~nZJx9pkG1R_2Z5zhfTz0sfl8_CUm9wXql4brJB8XV2_HrfZ8HidjKB1YcA6i1Q--.jpg 774w\" type=\"image\/webp\"><img loading=\"lazy\" decoding=\"async\" class=\"image-fit\" alt=\"Apartamento vacacional junto a la playa con terraza soleada, Costabella Marbella\" width=\"1920\" height=\"1080\" src=\"https:\/\/media.inmobalia.com\/imgV1\/B8vEv5Xh_VThvnEqMx4G0ZxU~~H0Ar_8Bn_AfAx~4dnt796zQ9QIPwzdr9PkzIdRpbeOYktBAPFfTt23HPhndt5b7cRr2vg76pmKvptCGz41lr5j~5tqWfof3_RhfT_PnHMUszXVLsh51HWBZP0JW8GN7auFEKYAG4RNpdyfriY-.jpg\"><\/picture>\t\t\t<\/figure>\n\t<div class=\"h-100 d-flex flex-column\">\n\t\t<span class=\"d-block card-area\">\n\t\t\tMarbella Este\t\t<\/span>\n\t\t\n\n\t\t\t<div class=\"card-price d-flex flex-column\">\n\t\t<strong class=\"me-1\">Desde <span data-original-price=\"82\">82\u00a0\u20ac<\/span><span data-period> por dia <\/span><\/strong><strong class=\"me-1\"><span data-original-price=\"1500\">1.500\u00a0\u20ac<\/span><span data-period> montly rental (November-March)<\/span><\/strong>\t\t<\/div>\n\t\n\t\t<ul class=\"card-features list-unstyled d-flex flex-wrap align-items-center mb-0\">\n\t\t\t\t\t\t\t<li class=\"d-flex align-items-center me-3\">\n\t\t\t\t\t1 dormitorio\t\t\t\t<\/li>\n\t\t\t\t\t\t\t<li class=\"d-flex align-items-center me-3\">\n\t\t\t\t\t1 ba\u00f1o\t\t\t\t<\/li>\n\t\t\t\t\t\t\t<li class=\"d-flex align-items-center me-3\">\n\t\t\t\t\t72 m&sup2; construido\t\t\t\t<\/li>\n\t\t\t\t\t<\/ul>\n\t\t<h4 class=\"card-title mb-0\">\n\t\t\t<a class=\"stretched-link\" href=\"\/alquiler\/costabella\/casas\/126\">Apartamento vacacional junto a la playa con terraza soleada, Costabella Marbella<\/a>\n\t\t<\/h4>\n\t\t\t<\/div>\n<\/article>\t\t\t\t\t\t<article class=\"f-carousel__slide card col position-relative flex-column\">\n\t<figure class=\"position-relative w-100 mb-2\">\n\t\t<a class=\"card-portfolio position-absolute\" data-pfl-id=\"480005\" data-pfl-filter=\"rent-short\" href=\"#\">\n\t\t\t<svg width=\"20\" fill=\"currentColor\" viewBox=\"0 0 512 512\">\n\t\t\t\t<use href=\"https:\/\/www.homewatch.es\/wp-content\/themes\/inmobasolidbase\/dist\/src\/images\/icons.svg#svgPortfolio\"\/>\n\t\t\t<\/svg>\n\t\t\t<svg class=\"d-none\" width=\"20\" fill=\"currentColor\" viewBox=\"0 0 512 512\">\n\t\t\t\t<use href=\"https:\/\/www.homewatch.es\/wp-content\/themes\/inmobasolidbase\/dist\/src\/images\/icons.svg#svgPortfolioIn\"\/>\n\t\t\t<\/svg>\n\t\t<\/a>\n\t\t<picture class=\"ratio ratio-4x3\"><source width=\"1920\" height=\"1080\" srcset=\"https:\/\/media.inmobalia.com\/imgV1\/B8vEv5Xh_VThvnEqMx4G0YtA8lAADdw1sBC5uN5pSX6~ImMWYg0nYa_EPSP~fBpYtvgHs5QKecPwE1~j5DU_pylbu6cBdu0PgVunDxnkMoeY79Gll7Nv5AHhYwCGots7LHLh2Ugo5_1GwBvQuXtFryFwrA8QWUfnSmqnOjXyvbaTmOJIXpWh1~Vb7LfI8jCJ.jpg 1920w,https:\/\/media.inmobalia.com\/imgV1\/B8vEv5Xh_Vjzl4qKP9bJW21eHCmW9PWrQV6IDk9EjA79dASSMmDBrXf04FgH6wp0ylU42MWPePEey7rkY1j3kMIGs3YrRSP6UhHPWG1enKzuplcdy8f~NYm7bTbKkeM5EmP_gXCegnZU3TfrMKaJqAMHp5ylQNsG00HYcYM_XB6qnxh0jh6Oz~VlIi6DkfU-.jpg 1580w,https:\/\/media.inmobalia.com\/imgV1\/B8vEv5Xh~9eLgpFkvD55S4O4_vRpfi7Zj~8WTFZMGThfizi~_Y~NgoiVzdN9MsuXYCpgHq7NOfhSSsV~~CvXOR8biNDSQCuIy3z~JafSwduxBEndespnQYPOGloQON4~nZJx9XkH34AEFGI0BY0DfPg8~Mov5w_tO07zXXAnG68jLphd01EDPe21Y1Qcsg--.jpg 774w\" type=\"image\/webp\"><img loading=\"lazy\" decoding=\"async\" class=\"image-fit\" alt=\"Apartamento vacacional de 2 dormitorios en Marbella Este con piscina comunitaria en Elviria\" width=\"1920\" height=\"1080\" src=\"https:\/\/media.inmobalia.com\/imgV1\/B8vEv5Xh_VThvnEqMx4G0ZxU~~H0Ar_8Bn_AfAx~4dnt796zQ9QIPwzdr9PkzIdRpbeOYktBAPFfTt23HPhndt5b7cRr2vg76pmKvptCGz41lr5j~5jHmZAHgWnjJvv2kAi32ZDo1A8f8ZeBw_Uo2qRhCFyTREswfDsriqrqRjE-.jpg\"><\/picture>\t\t\t<\/figure>\n\t<div class=\"h-100 d-flex flex-column\">\n\t\t<span class=\"d-block card-area\">\n\t\t\tMarbella Este\t\t<\/span>\n\t\t\n\n\t\t\t<div class=\"card-price d-flex flex-column\">\n\t\t<strong class=\"me-1\">Desde <span data-original-price=\"68\">68\u00a0\u20ac<\/span><span data-period> por dia <\/span><\/strong><strong class=\"me-1\"><span data-original-price=\"1600\">1.600\u00a0\u20ac<\/span><span data-period> montly rental (November-March)<\/span><\/strong>\t\t<\/div>\n\t\n\t\t<ul class=\"card-features list-unstyled d-flex flex-wrap align-items-center mb-0\">\n\t\t\t\t\t\t\t<li class=\"d-flex align-items-center me-3\">\n\t\t\t\t\t2 dormitorios\t\t\t\t<\/li>\n\t\t\t\t\t\t\t<li class=\"d-flex align-items-center me-3\">\n\t\t\t\t\t2 ba\u00f1os\t\t\t\t<\/li>\n\t\t\t\t\t\t\t<li class=\"d-flex align-items-center me-3\">\n\t\t\t\t\t78 m&sup2; construido\t\t\t\t<\/li>\n\t\t\t\t\t<\/ul>\n\t\t<h4 class=\"card-title mb-0\">\n\t\t\t<a class=\"stretched-link\" href=\"\/alquiler\/elviria\/apartamentos-y-pisos\/169\">Apartamento vacacional de 2 dormitorios en Marbella Este con piscina comunitaria en Elviria<\/a>\n\t\t<\/h4>\n\t\t\t<\/div>\n<\/article>\t\t\t\t\t\t<article class=\"f-carousel__slide card col position-relative flex-column\">\n\t<figure class=\"position-relative w-100 mb-2\">\n\t\t<a class=\"card-portfolio position-absolute\" data-pfl-id=\"479644\" data-pfl-filter=\"rent-short\" href=\"#\">\n\t\t\t<svg width=\"20\" fill=\"currentColor\" viewBox=\"0 0 512 512\">\n\t\t\t\t<use href=\"https:\/\/www.homewatch.es\/wp-content\/themes\/inmobasolidbase\/dist\/src\/images\/icons.svg#svgPortfolio\"\/>\n\t\t\t<\/svg>\n\t\t\t<svg class=\"d-none\" width=\"20\" fill=\"currentColor\" viewBox=\"0 0 512 512\">\n\t\t\t\t<use href=\"https:\/\/www.homewatch.es\/wp-content\/themes\/inmobasolidbase\/dist\/src\/images\/icons.svg#svgPortfolioIn\"\/>\n\t\t\t<\/svg>\n\t\t<\/a>\n\t\t<picture class=\"ratio ratio-4x3\"><source width=\"1920\" height=\"1080\" srcset=\"https:\/\/media.inmobalia.com\/imgV1\/B8vEv5Xh_VThvnEqMx4G0YtA8lAADdw1sBC5uN5pSX6~ImMWYg0nYa_EPSP~fBpYtvgHs5QKecPwE1~j5DU_pylbu6cBdu0PgVunDxnkMoeY79Gll7Nv5AHhYwCGots7LHLh2Ugpl~U3d3LMSigjhum7FU8HSmN_Xn_wyUQ~5KDcOB4jJ7MO7YwpgYv0MvuD.jpg 1920w,https:\/\/media.inmobalia.com\/imgV1\/B8vEv5Xh_Vjzl4qKP9bJW21eHCmW9PWrQV6IDk9EjA79dASSMmDBrXf04FgH6wp0ylU42MWPePEey7rkY1j3kMIGs3YrRSP6UhHPWG1enKzuplcdy8f~NYm7bTbKkeM5EmP_gXGodyYeGAq2~UPyelmHUlETntYaUWcSFagJoDLm0KYOO7wD~2N~~rPJoMs-.jpg 1580w,https:\/\/media.inmobalia.com\/imgV1\/B8vEv5Xh~9eLgpFkvD55S4O4_vRpfi7Zj~8WTFZMGThfizi~_Y~NgoiVzdN9MsuXYCpgHq7NOfhSSsV~~CvXOR8biNDSQCuIy3z~JafSwduxBEndespnQYPOGloQON4~nZJx9ArD~dxSg8FBsmbyExLj31XVCLYg89wJzURoFvhM5Xj8nK8pk3INT~o0Pw--.jpg 774w\" type=\"image\/webp\"><img loading=\"lazy\" decoding=\"async\" class=\"image-fit\" alt=\"\u00c1tico de lujo primera l\u00ednea playa con 3 dormitorios en Bah\u00eda Marbella\" width=\"1920\" height=\"1080\" src=\"https:\/\/media.inmobalia.com\/imgV1\/B8vEv5Xh_VThvnEqMx4G0ZxU~~H0Ar_8Bn_AfAx~4dnt796zQ9QIPwzdr9PkzIdRpbeOYktBAPFfTt23HPhndt5b7cRr2vg76pmKvptCGz41lr5j~5nLZe5AFFQ4HNsX5vFQumpvvGYGvYQAiLoBXC9~PEa1RqaYRfota3iKpWM-.jpg\"><\/picture>\t\t\t<\/figure>\n\t<div class=\"h-100 d-flex flex-column\">\n\t\t<span class=\"d-block card-area\">\n\t\t\tMarbella Este\t\t<\/span>\n\t\t\n\n\t\t\t<div class=\"card-price d-flex flex-column\">\n\t\t<strong class=\"me-1\">Desde <span data-original-price=\"132\">132\u00a0\u20ac<\/span><span data-period> por dia <\/span><\/strong><strong class=\"me-1\"><span data-original-price=\"3100\">3.100\u00a0\u20ac<\/span><span data-period> montly rental (November-March)<\/span><\/strong>\t\t<\/div>\n\t\n\t\t<ul class=\"card-features list-unstyled d-flex flex-wrap align-items-center mb-0\">\n\t\t\t\t\t\t\t<li class=\"d-flex align-items-center me-3\">\n\t\t\t\t\t3 dormitorios\t\t\t\t<\/li>\n\t\t\t\t\t\t\t<li class=\"d-flex align-items-center me-3\">\n\t\t\t\t\t4 ba\u00f1os\t\t\t\t<\/li>\n\t\t\t\t\t\t\t<li class=\"d-flex align-items-center me-3\">\n\t\t\t\t\t260 m&sup2; construido\t\t\t\t<\/li>\n\t\t\t\t\t<\/ul>\n\t\t<h4 class=\"card-title mb-0\">\n\t\t\t<a class=\"stretched-link\" href=\"\/alquiler\/bahia-de-marbella\/casas\/171\">\u00c1tico de lujo primera l\u00ednea playa con 3 dormitorios en Bah\u00eda Marbella<\/a>\n\t\t<\/h4>\n\t\t\t<\/div>\n<\/article>\t\t\t\t\t\t<article class=\"f-carousel__slide card col position-relative flex-column\">\n\t<figure class=\"position-relative w-100 mb-2\">\n\t\t<a class=\"card-portfolio position-absolute\" data-pfl-id=\"473156\" data-pfl-filter=\"rent-short\" href=\"#\">\n\t\t\t<svg width=\"20\" fill=\"currentColor\" viewBox=\"0 0 512 512\">\n\t\t\t\t<use href=\"https:\/\/www.homewatch.es\/wp-content\/themes\/inmobasolidbase\/dist\/src\/images\/icons.svg#svgPortfolio\"\/>\n\t\t\t<\/svg>\n\t\t\t<svg class=\"d-none\" width=\"20\" fill=\"currentColor\" viewBox=\"0 0 512 512\">\n\t\t\t\t<use href=\"https:\/\/www.homewatch.es\/wp-content\/themes\/inmobasolidbase\/dist\/src\/images\/icons.svg#svgPortfolioIn\"\/>\n\t\t\t<\/svg>\n\t\t<\/a>\n\t\t<picture class=\"ratio ratio-4x3\"><source width=\"1920\" height=\"1080\" srcset=\"https:\/\/media.inmobalia.com\/imgV1\/B8vEv5Xh_VThvnEqMx4G0YtA8lAADdw1sBC5uN5pSX6~ImMWYg0nYa_EPSP~fBpYtvgHs5QKecPwE1~j5DU_pylbu6cBdu0PgVunDxnkMoeY79Gll7Nv5AHhYwCGots7LHLh2UnwdJqmo4ysT85gqvJaqjHBx3uMKdEdjtzMwxqDENYejYxgAHBdkBA0ewLw.jpg 1920w,https:\/\/media.inmobalia.com\/imgV1\/B8vEv5Xh_Vjzl4qKP9bJW21eHCmW9PWrQV6IDk9EjA79dASSMmDBrXf04FgH6wp0ylU42MWPePEey7rkY1j3kMIGs3YrRSP6UhHPWG1enKzuplcdy8f~NYm7bTbKkeM5EmP_gAdR4YP95cF~wY_tPPzw58ndfNKbB4oXx29HWsPaVCe9wqR10wV2dj45lyk-.jpg 1580w,https:\/\/media.inmobalia.com\/imgV1\/B8vEv5Xh~9eLgpFkvD55S4O4_vRpfi7Zj~8WTFZMGThfizi~_Y~NgoiVzdN9MsuXYCpgHq7NOfhSSsV~~CvXOR8biNDSQCuIy3z~JafSwduxBEndespnQYPOGloQON4~nZJwRUYEYmGQ4UtNxo93eD2j5Up5SWrd1izDR_LkbB_UnhmGR7_QONels6WZDw--.jpg 774w\" type=\"image\/webp\"><img loading=\"lazy\" decoding=\"async\" class=\"image-fit\" alt=\"Apartamento vacacional junto a la playa en Puerto Ban\u00fas con parking\" width=\"1920\" height=\"1080\" src=\"https:\/\/media.inmobalia.com\/imgV1\/B8vEv5Xh_VThvnEqMx4G0ZxU~~H0Ar_8Bn_AfAx~4dnt796zQ9QIPwzdr9PkzIdRpbeOYktBAPFfTt23HPhndt5b7cRr2vg76pmKvptCGz41lr5j~ug5IbIGwBCv7PScXFNenXcMps6USxx0pQ6tratNpMEQM21U2_DFGVCu2iI-.jpg\"><\/picture>\t\t\t<\/figure>\n\t<div class=\"h-100 d-flex flex-column\">\n\t\t<span class=\"d-block card-area\">\n\t\t\tMarbella - Puerto Banus\t\t<\/span>\n\t\t\n\n\t\t\t<div class=\"card-price d-flex flex-column\">\n\t\t<strong class=\"me-1\">Desde <span data-original-price=\"107\">107\u00a0\u20ac<\/span><span data-period> por dia <\/span><\/strong><strong class=\"me-1\"><span data-original-price=\"1750\">1.750\u00a0\u20ac<\/span><span data-period> montly rental (November-March)<\/span><\/strong>\t\t<\/div>\n\t\n\t\t<ul class=\"card-features list-unstyled d-flex flex-wrap align-items-center mb-0\">\n\t\t\t\t\t\t\t<li class=\"d-flex align-items-center me-3\">\n\t\t\t\t\t2 dormitorios\t\t\t\t<\/li>\n\t\t\t\t\t\t\t<li class=\"d-flex align-items-center me-3\">\n\t\t\t\t\t1 ba\u00f1o\t\t\t\t<\/li>\n\t\t\t\t\t\t\t<li class=\"d-flex align-items-center me-3\">\n\t\t\t\t\t101 m&sup2; construido\t\t\t\t<\/li>\n\t\t\t\t\t<\/ul>\n\t\t<h4 class=\"card-title mb-0\">\n\t\t\t<a class=\"stretched-link\" href=\"\/alquiler\/marbella-puerto-banus\/apartamentos-y-pisos\/149\">Apartamento vacacional junto a la playa en Puerto Ban\u00fas con parking<\/a>\n\t\t<\/h4>\n\t\t\t<\/div>\n<\/article>\t\t\t\t\t\t<article class=\"f-carousel__slide card col position-relative flex-column\">\n\t<figure class=\"position-relative w-100 mb-2\">\n\t\t<a class=\"card-portfolio position-absolute\" data-pfl-id=\"473038\" data-pfl-filter=\"rent-short\" href=\"#\">\n\t\t\t<svg width=\"20\" fill=\"currentColor\" viewBox=\"0 0 512 512\">\n\t\t\t\t<use href=\"https:\/\/www.homewatch.es\/wp-content\/themes\/inmobasolidbase\/dist\/src\/images\/icons.svg#svgPortfolio\"\/>\n\t\t\t<\/svg>\n\t\t\t<svg class=\"d-none\" width=\"20\" fill=\"currentColor\" viewBox=\"0 0 512 512\">\n\t\t\t\t<use href=\"https:\/\/www.homewatch.es\/wp-content\/themes\/inmobasolidbase\/dist\/src\/images\/icons.svg#svgPortfolioIn\"\/>\n\t\t\t<\/svg>\n\t\t<\/a>\n\t\t<picture class=\"ratio ratio-4x3\"><source width=\"1920\" height=\"1080\" srcset=\"https:\/\/media.inmobalia.com\/imgV1\/B8vEv5Xh_VThvnEqMx4G0YtA8lAADdw1sBC5uN5pSX6~ImMWYg0nYa_EPSP~fBpYtvgHs5QKecPwE1~j5DU_pylbu6cBdu0PgVunDxnkMoeY79Gll7Nv5AHhYwCGots7LHLh2UnzHjEyLjgfn90QfOjxGPcBV5X9oaxr3nf5nWjSlCV7XQYUMFtTZhfTr6Wn.jpg 1920w,https:\/\/media.inmobalia.com\/imgV1\/B8vEv5Xh_Vjzl4qKP9bJW21eHCmW9PWrQV6IDk9EjA79dASSMmDBrXf04FgH6wp0ylU42MWPePEey7rkY1j3kMIGs3YrRSP6UhHPWG1enKzuplcdy8f~NYm7bTbKkeM5EmP_gATdtB7ZJmGLT2OmRavMLSuXZue6ELzJ~bNWwirLwJ8bDuJOudBZwGm~6U8-.jpg 1580w,https:\/\/media.inmobalia.com\/imgV1\/B8vEv5Xh~9eLgpFkvD55S4O4_vRpfi7Zj~8WTFZMGThfizi~_Y~NgoiVzdN9MsuXYCpgHq7NOfhSSsV~~CvXOR8biNDSQCuIy3z~JafSwduxBEndespnQYPOGloQON4~nZJwRuNCFV1OC3RezqG9ZoiqAQrz5hZtCyeX3adN9Na9lYia0zTUEGMQmBsy1A--.jpg 774w\" type=\"image\/webp\"><img loading=\"lazy\" decoding=\"async\" class=\"image-fit\" alt=\"Apartamento de lujo en primera l\u00ednea de playa Puerto Ban\u00fas con vistas al mar\" width=\"1920\" height=\"1080\" src=\"https:\/\/media.inmobalia.com\/imgV1\/B8vEv5Xh_VThvnEqMx4G0ZxU~~H0Ar_8Bn_AfAx~4dnt796zQ9QIPwzdr9PkzIdRpbeOYktBAPFfTt23HPhndt5b7cRr2vg76pmKvptCGz41lr5j~utX0pwAavBixbEV5bLh51R689OTooID0r_IZVf9LV2PShxp5xc0uVBV488-.jpg\"><\/picture>\t\t\t<\/figure>\n\t<div class=\"h-100 d-flex flex-column\">\n\t\t<span class=\"d-block card-area\">\n\t\t\tMarbella - Puerto Banus\t\t<\/span>\n\t\t\n\n\t\t\t<div class=\"card-price d-flex flex-column\">\n\t\t<strong class=\"me-1\">Desde <span data-original-price=\"105\">105\u00a0\u20ac<\/span><span data-period> por dia <\/span><\/strong><strong class=\"me-1\"><span data-original-price=\"1900\">1.900\u00a0\u20ac<\/span><span data-period> montly rental (November-March)<\/span><\/strong>\t\t<\/div>\n\t\n\t\t<ul class=\"card-features list-unstyled d-flex flex-wrap align-items-center mb-0\">\n\t\t\t\t\t\t\t<li class=\"d-flex align-items-center me-3\">\n\t\t\t\t\t2 dormitorios\t\t\t\t<\/li>\n\t\t\t\t\t\t\t<li class=\"d-flex align-items-center me-3\">\n\t\t\t\t\t2 ba\u00f1os\t\t\t\t<\/li>\n\t\t\t\t\t\t\t<li class=\"d-flex align-items-center me-3\">\n\t\t\t\t\t107 m&sup2; construido\t\t\t\t<\/li>\n\t\t\t\t\t<\/ul>\n\t\t<h4 class=\"card-title mb-0\">\n\t\t\t<a class=\"stretched-link\" href=\"\/alquiler\/marbella-puerto-banus\/apartamentos-y-pisos\/150\">Apartamento de lujo en primera l\u00ednea de playa Puerto Ban\u00fas con vistas al mar<\/a>\n\t\t<\/h4>\n\t\t\t<\/div>\n<\/article>\t\t\t\t\t\t<article class=\"f-carousel__slide card col position-relative flex-column\">\n\t<figure class=\"position-relative w-100 mb-2\">\n\t\t<a class=\"card-portfolio position-absolute\" data-pfl-id=\"470428\" data-pfl-filter=\"rent-short\" href=\"#\">\n\t\t\t<svg width=\"20\" fill=\"currentColor\" viewBox=\"0 0 512 512\">\n\t\t\t\t<use href=\"https:\/\/www.homewatch.es\/wp-content\/themes\/inmobasolidbase\/dist\/src\/images\/icons.svg#svgPortfolio\"\/>\n\t\t\t<\/svg>\n\t\t\t<svg class=\"d-none\" width=\"20\" fill=\"currentColor\" viewBox=\"0 0 512 512\">\n\t\t\t\t<use href=\"https:\/\/www.homewatch.es\/wp-content\/themes\/inmobasolidbase\/dist\/src\/images\/icons.svg#svgPortfolioIn\"\/>\n\t\t\t<\/svg>\n\t\t<\/a>\n\t\t<picture class=\"ratio ratio-4x3\"><source width=\"1920\" height=\"1080\" srcset=\"https:\/\/media.inmobalia.com\/imgV1\/B8vEv5Xh_VThvnEqMx4G0YtA8lAADdw1sBC5uN5pSX6~ImMWYg0nYa_EPSP~fBpYtvgHs5QKecPwE1~j5DU_pylbu6cBdu0PgVunDxnkMoeY79Gll7Nv5AHhYwCGots7LHLh2Un0fO9jyvr9vkGtdrHoT6ZYzOqg5g~RWo1NS2CzGZrqtQ8OUv44H4vJ4SRP.jpg 1920w,https:\/\/media.inmobalia.com\/imgV1\/B8vEv5Xh_Vjzl4qKP9bJW21eHCmW9PWrQV6IDk9EjA79dASSMmDBrXf04FgH6wp0ylU42MWPePEey7rkY1j3kMIGs3YrRSP6UhHPWG1enKzuplcdy8f~NYm7bTbKkeM5EmP_gAOa9BzLZgZ9g5v3djyqPayrPkBmeorXvjqpleCxG0A1vG8pXPlxBMGLQaI-.jpg 1580w,https:\/\/media.inmobalia.com\/imgV1\/B8vEv5Xh~9eLgpFkvD55S4O4_vRpfi7Zj~8WTFZMGThfizi~_Y~NgoiVzdN9MsuXYCpgHq7NOfhSSsV~~CvXOR8biNDSQCuIy3z~JafSwduxBEndespnQYPOGloQON4~nZJwQerqYtXSbWMIp8SAtcIFq1450_bG00JFML3J0kwzooHkx2aWv3uVCrTphg--.jpg 774w\" type=\"image\/webp\"><img loading=\"lazy\" decoding=\"async\" class=\"image-fit\" alt=\"Apartamento vacacional 2 dormitorios Golden Mile con piscina comunitaria\" width=\"1920\" height=\"1080\" src=\"https:\/\/media.inmobalia.com\/imgV1\/B8vEv5Xh_VThvnEqMx4G0ZxU~~H0Ar_8Bn_AfAx~4dnt796zQ9QIPwzdr9PkzIdRpbeOYktBAPFfTt23HPhndt5b7cRr2vg76pmKvptCGz41lr5j~uyClyZOCAOk2AXQrLod3LqSc2D7Iia7xonKzNdmAVBapdByCxoEKycIOLQ-.jpg\"><\/picture>\t\t\t<\/figure>\n\t<div class=\"h-100 d-flex flex-column\">\n\t\t<span class=\"d-block card-area\">\n\t\t\tMarbella Golden Mile\t\t<\/span>\n\t\t\n\n\t\t\t<div class=\"card-price d-flex flex-column\">\n\t\t<strong class=\"me-1\">Desde <span data-original-price=\"68\">68\u00a0\u20ac<\/span><span data-period> por dia <\/span><\/strong><strong class=\"me-1\"><span data-original-price=\"1500\">1.500\u00a0\u20ac<\/span><span data-period> montly rental (November-March)<\/span><\/strong>\t\t<\/div>\n\t\n\t\t<ul class=\"card-features list-unstyled d-flex flex-wrap align-items-center mb-0\">\n\t\t\t\t\t\t\t<li class=\"d-flex align-items-center me-3\">\n\t\t\t\t\t2 dormitorios\t\t\t\t<\/li>\n\t\t\t\t\t\t\t<li class=\"d-flex align-items-center me-3\">\n\t\t\t\t\t1 ba\u00f1o\t\t\t\t<\/li>\n\t\t\t\t\t\t\t<li class=\"d-flex align-items-center me-3\">\n\t\t\t\t\t81 m&sup2; construido\t\t\t\t<\/li>\n\t\t\t\t\t<\/ul>\n\t\t<h4 class=\"card-title mb-0\">\n\t\t\t<a class=\"stretched-link\" href=\"\/alquiler\/sierra-blanca\/apartamentos-y-pisos\/160\">Apartamento vacacional 2 dormitorios Golden Mile con piscina comunitaria<\/a>\n\t\t<\/h4>\n\t\t\t<\/div>\n<\/article>\t\t\t\t\t\t<article class=\"f-carousel__slide card col position-relative flex-column\">\n\t<figure class=\"position-relative w-100 mb-2\">\n\t\t<a class=\"card-portfolio position-absolute\" data-pfl-id=\"464059\" data-pfl-filter=\"rent-short\" href=\"#\">\n\t\t\t<svg width=\"20\" fill=\"currentColor\" viewBox=\"0 0 512 512\">\n\t\t\t\t<use href=\"https:\/\/www.homewatch.es\/wp-content\/themes\/inmobasolidbase\/dist\/src\/images\/icons.svg#svgPortfolio\"\/>\n\t\t\t<\/svg>\n\t\t\t<svg class=\"d-none\" width=\"20\" fill=\"currentColor\" viewBox=\"0 0 512 512\">\n\t\t\t\t<use href=\"https:\/\/www.homewatch.es\/wp-content\/themes\/inmobasolidbase\/dist\/src\/images\/icons.svg#svgPortfolioIn\"\/>\n\t\t\t<\/svg>\n\t\t<\/a>\n\t\t<picture class=\"ratio ratio-4x3\"><source width=\"1920\" height=\"1080\" srcset=\"https:\/\/media.inmobalia.com\/imgV1\/B8vEv5Xh_VThvnEqMx4G0YtA8lAADdw1sBC5uN5pSX6~ImMWYg0nYa_EPSP~fBpYtvgHs5QKecPwE1~j5DU_pylbu6cBdu0PgVunDxnkMoeY79Gll7Nv5AHhYwCGots7LHLh2UpVKxFPYpTWX1i4dpWwBrw0A3MVxEcWHdp6qwdYqgVLA9DkZmq~VXAjMD~r.jpg 1920w,https:\/\/media.inmobalia.com\/imgV1\/B8vEv5Xh_Vjzl4qKP9bJW21eHCmW9PWrQV6IDk9EjA79dASSMmDBrXf04FgH6wp0ylU42MWPePEey7rkY1j3kMIGs3YrRSP6UhHPWG1enKzuplcdy8f~NYm7bTbKkeM5EmP_gw~eqL2ejNnyDs4oy6vohcV9N6IgYZyxPjH8q4b9CnE0gnE9GGQUWUdHn_c-.jpg 1580w,https:\/\/media.inmobalia.com\/imgV1\/B8vEv5Xh~9eLgpFkvD55S4O4_vRpfi7Zj~8WTFZMGThfizi~_Y~NgoiVzdN9MsuXYCpgHq7NOfhSSsV~~CvXOR8biNDSQCuIy3z~JafSwduxBEndespnQYPOGloQON4~nZJz1VMO7VdLjhzS_9aQn5ru4jrqVOCLyEuWr0R172PdEUrqgYEcXl2JSySWnw--.jpg 774w\" type=\"image\/webp\"><img loading=\"lazy\" decoding=\"async\" class=\"image-fit\" alt=\"Villa d\u00faplex de lujo con 4 dormitorios, piscina privada y vistas a la monta\u00f1a en Marbella Este\" width=\"1920\" height=\"1080\" src=\"https:\/\/media.inmobalia.com\/imgV1\/B8vEv5Xh_VThvnEqMx4G0ZxU~~H0Ar_8Bn_AfAx~4dnt796zQ9QIPwzdr9PkzIdRpbeOYktBAPFfTt23HPhndt5b7cRr2vg76pmKvptCGz41lr5j~drogommnQtYByH2eo8svmt~OpB3pmnkIFGtNbW_gxeFrbZT9pNMjotQxg0-.jpg\"><\/picture>\t\t\t<\/figure>\n\t<div class=\"h-100 d-flex flex-column\">\n\t\t<span class=\"d-block card-area\">\n\t\t\tMarbella Este\t\t<\/span>\n\t\t\n\n\t\t\t<div class=\"card-price d-flex flex-column\">\n\t\t<strong class=\"me-1\">Desde <span data-original-price=\"623\">623\u00a0\u20ac<\/span><span data-period> por dia <\/span><\/strong>\t\t<\/div>\n\t\n\t\t<ul class=\"card-features list-unstyled d-flex flex-wrap align-items-center mb-0\">\n\t\t\t\t\t\t\t<li class=\"d-flex align-items-center me-3\">\n\t\t\t\t\t4 dormitorios\t\t\t\t<\/li>\n\t\t\t\t\t\t\t<li class=\"d-flex align-items-center me-3\">\n\t\t\t\t\t4 ba\u00f1os\t\t\t\t<\/li>\n\t\t\t\t\t\t\t<li class=\"d-flex align-items-center me-3\">\n\t\t\t\t\t406.3 m&sup2; construido\t\t\t\t<\/li>\n\t\t\t\t\t\t\t<li class=\"d-flex align-items-center me-3\">\n\t\t\t\t\t2000 m&sup2; parcela\t\t\t\t<\/li>\n\t\t\t\t\t<\/ul>\n\t\t<h4 class=\"card-title mb-0\">\n\t\t\t<a class=\"stretched-link\" href=\"\/alquiler\/la-mairena\/villas-y-chalets\/155\">Villa d\u00faplex de lujo con 4 dormitorios, piscina privada y vistas a la monta\u00f1a en Marbella Este<\/a>\n\t\t<\/h4>\n\t\t\t<\/div>\n<\/article>\t\t\t\t\t\t<article class=\"f-carousel__slide card col position-relative flex-column\">\n\t<figure class=\"position-relative w-100 mb-2\">\n\t\t<a class=\"card-portfolio position-absolute\" data-pfl-id=\"459640\" data-pfl-filter=\"rent-short\" href=\"#\">\n\t\t\t<svg width=\"20\" fill=\"currentColor\" viewBox=\"0 0 512 512\">\n\t\t\t\t<use href=\"https:\/\/www.homewatch.es\/wp-content\/themes\/inmobasolidbase\/dist\/src\/images\/icons.svg#svgPortfolio\"\/>\n\t\t\t<\/svg>\n\t\t\t<svg class=\"d-none\" width=\"20\" fill=\"currentColor\" viewBox=\"0 0 512 512\">\n\t\t\t\t<use href=\"https:\/\/www.homewatch.es\/wp-content\/themes\/inmobasolidbase\/dist\/src\/images\/icons.svg#svgPortfolioIn\"\/>\n\t\t\t<\/svg>\n\t\t<\/a>\n\t\t<picture class=\"ratio ratio-4x3\"><source width=\"1920\" height=\"1080\" srcset=\"https:\/\/media.inmobalia.com\/imgV1\/B8vEv5Xh_VThvnEqMx4G0YtA8lAADdw1sBC5uN5pSX6~ImMWYg0nYa_EPSP~fBpYtvgHs5QKecPwE1~j5DU_pylbu6cBdu0PgVunDxnkMoeY79Gll7Nv5AHhYwCGots7LHLh2UpQ8HVrwWPR3f17EMfNX4C_WuNTDh2jAOeqVKdgFMq1XGSF7G8_~oUPwUJh.jpg 1920w,https:\/\/media.inmobalia.com\/imgV1\/B8vEv5Xh_Vjzl4qKP9bJW21eHCmW9PWrQV6IDk9EjA79dASSMmDBrXf04FgH6wp0ylU42MWPePEey7rkY1j3kMIGs3YrRSP6UhHPWG1enKzuplcdy8f~NYm7bTbKkeM5EmP_gwpGQjYzcZ2m_cb2Z6YoCuobBjBcIqsHbKQ1VKPbXD8RNI12tBctKRzb29E-.jpg 1580w,https:\/\/media.inmobalia.com\/imgV1\/B8vEv5Xh~9eLgpFkvD55S4O4_vRpfi7Zj~8WTFZMGThfizi~_Y~NgoiVzdN9MsuXYCpgHq7NOfhSSsV~~CvXOR8biNDSQCuIy3z~JafSwduxBEndespnQYPOGloQON4~nZJz0B30t17nzFp304G9FAlMI0rilrMdV_0LUdtxO3k4wXORJ~1cr8DSL~~eVg--.jpg 774w\" type=\"image\/webp\"><img loading=\"lazy\" decoding=\"async\" class=\"image-fit\" alt=\"Apartamento de lujo de 1 dormitorio en primera l\u00ednea de playa Puerto Ban\u00fas\" width=\"1920\" height=\"1080\" src=\"https:\/\/media.inmobalia.com\/imgV1\/B8vEv5Xh_VThvnEqMx4G0ZxU~~H0Ar_8Bn_AfAx~4dnt796zQ9QIPwzdr9PkzIdRpbeOYktBAPFfTt23HPhndt5b7cRr2vg76pmKvptCGz41lr5j~d_MwE6Ov0ESTkKds_vBeJjCDPqRTNmQwMeXisQoHZwofFMj9rhse0tGCWc-.jpg\"><\/picture>\t\t\t<\/figure>\n\t<div class=\"h-100 d-flex flex-column\">\n\t\t<span class=\"d-block card-area\">\n\t\t\tMarbella - Puerto Banus\t\t<\/span>\n\t\t\n\n\t\t\t<div class=\"card-price d-flex flex-column\">\n\t\t<strong class=\"me-1\">Desde <span data-original-price=\"97\">97\u00a0\u20ac<\/span><span data-period> por dia <\/span><\/strong><strong class=\"me-1\"><span data-original-price=\"1950\">1.950\u00a0\u20ac<\/span><span data-period> montly rental (November-March)<\/span><\/strong>\t\t<\/div>\n\t\n\t\t<ul class=\"card-features list-unstyled d-flex flex-wrap align-items-center mb-0\">\n\t\t\t\t\t\t\t<li class=\"d-flex align-items-center me-3\">\n\t\t\t\t\t1 dormitorio\t\t\t\t<\/li>\n\t\t\t\t\t\t\t<li class=\"d-flex align-items-center me-3\">\n\t\t\t\t\t1 ba\u00f1o\t\t\t\t<\/li>\n\t\t\t\t\t\t\t<li class=\"d-flex align-items-center me-3\">\n\t\t\t\t\t144 m&sup2; construido\t\t\t\t<\/li>\n\t\t\t\t\t<\/ul>\n\t\t<h4 class=\"card-title mb-0\">\n\t\t\t<a class=\"stretched-link\" href=\"\/alquiler\/marbella-puerto-banus\/apartamentos-y-pisos\/147\">Apartamento de lujo de 1 dormitorio en primera l\u00ednea de playa Puerto Ban\u00fas<\/a>\n\t\t<\/h4>\n\t\t\t<\/div>\n<\/article>\t\t\t\t\t\t<article class=\"f-carousel__slide card col position-relative flex-column\">\n\t<figure class=\"position-relative w-100 mb-2\">\n\t\t<a class=\"card-portfolio position-absolute\" data-pfl-id=\"458847\" data-pfl-filter=\"rent-short\" href=\"#\">\n\t\t\t<svg width=\"20\" fill=\"currentColor\" viewBox=\"0 0 512 512\">\n\t\t\t\t<use href=\"https:\/\/www.homewatch.es\/wp-content\/themes\/inmobasolidbase\/dist\/src\/images\/icons.svg#svgPortfolio\"\/>\n\t\t\t<\/svg>\n\t\t\t<svg class=\"d-none\" width=\"20\" fill=\"currentColor\" viewBox=\"0 0 512 512\">\n\t\t\t\t<use href=\"https:\/\/www.homewatch.es\/wp-content\/themes\/inmobasolidbase\/dist\/src\/images\/icons.svg#svgPortfolioIn\"\/>\n\t\t\t<\/svg>\n\t\t<\/a>\n\t\t<picture class=\"ratio ratio-4x3\"><source width=\"1920\" height=\"1080\" srcset=\"https:\/\/media.inmobalia.com\/imgV1\/B8vEv5Xh_VThvnEqMx4G0YtA8lAADdw1sBC5uN5pSX6~ImMWYg0nYa_EPSP~fBpYtvgHs5QKecPwE1~j5DU_pylbu6cBdu0PgVunDxnkMoeY79Gll7Nv5AHhYwCGots7LHLh2UpRAwofM_HTWTTW9pkKJHiEu8noeskB5yluDNNh~RF44r5mFRL47knGA1Mx.jpg 1920w,https:\/\/media.inmobalia.com\/imgV1\/B8vEv5Xh_Vjzl4qKP9bJW21eHCmW9PWrQV6IDk9EjA79dASSMmDBrXf04FgH6wp0ylU42MWPePEey7rkY1j3kMIGs3YrRSP6UhHPWG1enKzuplcdy8f~NYm7bTbKkeM5EmP_gwvjK6GJQr0IXnLWFtr0XSYx~Gp55QTevkIEQtxkCR2kQKWbbVGBqgB3O9M-.jpg 1580w,https:\/\/media.inmobalia.com\/imgV1\/B8vEv5Xh~9eLgpFkvD55S4O4_vRpfi7Zj~8WTFZMGThfizi~_Y~NgoiVzdN9MsuXYCpgHq7NOfhSSsV~~CvXOR8biNDSQCuIy3z~JafSwduxBEndespnQYPOGloQON4~nZJz0YOquqyxRdtYL5SnB1cNEmmvM4CWxbn8Vx7oY1n6yLrObdvf~W8mm7C9hA--.jpg 774w\" type=\"image\/webp\"><img loading=\"lazy\" decoding=\"async\" class=\"image-fit\" alt=\"Apartamento vacacional de 2 dormitorios en primera l\u00ednea de playa en Marbella Este\" width=\"1920\" height=\"1080\" src=\"https:\/\/media.inmobalia.com\/imgV1\/B8vEv5Xh_VThvnEqMx4G0ZxU~~H0Ar_8Bn_AfAx~4dnt796zQ9QIPwzdr9PkzIdRpbeOYktBAPFfTt23HPhndt5b7cRr2vg76pmKvptCGz41lr5j~d5~22SdnMIIbDQKXUiy8ippWAvl6igWRhaXBMURwhk3xh~h~vlA~G~I6SU-.jpg\"><\/picture>\t\t\t<\/figure>\n\t<div class=\"h-100 d-flex flex-column\">\n\t\t<span class=\"d-block card-area\">\n\t\t\tMarbella Este\t\t<\/span>\n\t\t\n\n\t\t\t<div class=\"card-price d-flex flex-column\">\n\t\t<strong class=\"me-1\">Desde <span data-original-price=\"98\">98\u00a0\u20ac<\/span><span data-period> por dia <\/span><\/strong><strong class=\"me-1\"><span data-original-price=\"2000\">2.000\u00a0\u20ac<\/span><span data-period> montly rental (November-March)<\/span><\/strong>\t\t<\/div>\n\t\n\t\t<ul class=\"card-features list-unstyled d-flex flex-wrap align-items-center mb-0\">\n\t\t\t\t\t\t\t<li class=\"d-flex align-items-center me-3\">\n\t\t\t\t\t2 dormitorios\t\t\t\t<\/li>\n\t\t\t\t\t\t\t<li class=\"d-flex align-items-center me-3\">\n\t\t\t\t\t2 ba\u00f1os\t\t\t\t<\/li>\n\t\t\t\t\t\t\t<li class=\"d-flex align-items-center me-3\">\n\t\t\t\t\t110 m&sup2; construido\t\t\t\t<\/li>\n\t\t\t\t\t<\/ul>\n\t\t<h4 class=\"card-title mb-0\">\n\t\t\t<a class=\"stretched-link\" href=\"\/alquiler\/bahia-de-marbella\/apartamentos-y-pisos\/152\">Apartamento vacacional de 2 dormitorios en primera l\u00ednea de playa en Marbella Este<\/a>\n\t\t<\/h4>\n\t\t\t<\/div>\n<\/article>\t\t\t\t\t\t<article class=\"f-carousel__slide card col position-relative flex-column\">\n\t<figure class=\"position-relative w-100 mb-2\">\n\t\t<a class=\"card-portfolio position-absolute\" data-pfl-id=\"458571\" data-pfl-filter=\"rent-short\" href=\"#\">\n\t\t\t<svg width=\"20\" fill=\"currentColor\" viewBox=\"0 0 512 512\">\n\t\t\t\t<use href=\"https:\/\/www.homewatch.es\/wp-content\/themes\/inmobasolidbase\/dist\/src\/images\/icons.svg#svgPortfolio\"\/>\n\t\t\t<\/svg>\n\t\t\t<svg class=\"d-none\" width=\"20\" fill=\"currentColor\" viewBox=\"0 0 512 512\">\n\t\t\t\t<use href=\"https:\/\/www.homewatch.es\/wp-content\/themes\/inmobasolidbase\/dist\/src\/images\/icons.svg#svgPortfolioIn\"\/>\n\t\t\t<\/svg>\n\t\t<\/a>\n\t\t<picture class=\"ratio ratio-4x3\"><source width=\"1920\" height=\"1080\" srcset=\"https:\/\/media.inmobalia.com\/imgV1\/B8vEv5Xh_VThvnEqMx4G0YtA8lAADdw1sBC5uN5pSX6~ImMWYg0nYa_EPSP~fBpYtvgHs5QKecPwE1~j5DU_pylbu6cBdu0PgVunDxnkMoeY79Gll7Nv5AHhYwCGots7LHLh2Utd64jHiIaL64pGmyqo9Aa8OcgMeqWY~UF5MiSZuec_7wU0rN3SRB8jjzvp.jpg 1920w,https:\/\/media.inmobalia.com\/imgV1\/B8vEv5Xh_Vjzl4qKP9bJW21eHCmW9PWrQV6IDk9EjA79dASSMmDBrXf04FgH6wp0ylU42MWPePEey7rkY1j3kMIGs3YrRSP6UhHPWG1enKzuplcdy8f~NYm7bTbKkeM5EmP_giaBccrrx2hk93jTdCjHu77i0HtWmWLK5iHeF3hs9eTkm32Hc~JhjAKRjRc-.jpg 1580w,https:\/\/media.inmobalia.com\/imgV1\/B8vEv5Xh~9eLgpFkvD55S4O4_vRpfi7Zj~8WTFZMGThfizi~_Y~NgoiVzdN9MsuXYCpgHq7NOfhSSsV~~CvXOR8biNDSQCuIy3z~JafSwduxBEndespnQYPOGloQON4~nZJyLcRuvrkQEBGJHTxnSyFRtw88fA5fic27vBr5uK_X1IiWgajIUcnEGQnXKw--.jpg 774w\" type=\"image\/webp\"><img loading=\"lazy\" decoding=\"async\" class=\"image-fit\" alt=\"Apartamento en primera l\u00ednea con vistas al mar en Puerto Ban\u00fas - 2 dormitorios\" width=\"1920\" height=\"1080\" src=\"https:\/\/media.inmobalia.com\/imgV1\/B8vEv5Xh_VThvnEqMx4G0ZxU~~H0Ar_8Bn_AfAx~4dnt796zQ9QIPwzdr9PkzIdRpbeOYktBAPFfTt23HPhndt5b7cRr2vg76pmKvptCGz41lr5j~JWV~BWMYVxE_zWRU1EgN4puCAO5Zyyn~7KmivQ~WHVVnVhzATRRzaeYDUw-.jpg\"><\/picture>\t\t\t<\/figure>\n\t<div class=\"h-100 d-flex flex-column\">\n\t\t<span class=\"d-block card-area\">\n\t\t\tMarbella - Puerto Banus\t\t<\/span>\n\t\t\n\n\t\t\t<div class=\"card-price d-flex flex-column\">\n\t\t<strong class=\"me-1\">Desde <span data-original-price=\"153\">153\u00a0\u20ac<\/span><span data-period> por dia <\/span><\/strong><strong class=\"me-1\"><span data-original-price=\"1900\">1.900\u00a0\u20ac<\/span><span data-period> montly rental (November-March)<\/span><\/strong>\t\t<\/div>\n\t\n\t\t<ul class=\"card-features list-unstyled d-flex flex-wrap align-items-center mb-0\">\n\t\t\t\t\t\t\t<li class=\"d-flex align-items-center me-3\">\n\t\t\t\t\t2 dormitorios\t\t\t\t<\/li>\n\t\t\t\t\t\t\t<li class=\"d-flex align-items-center me-3\">\n\t\t\t\t\t1 ba\u00f1o\t\t\t\t<\/li>\n\t\t\t\t\t\t\t<li class=\"d-flex align-items-center me-3\">\n\t\t\t\t\t115 m&sup2; construido\t\t\t\t<\/li>\n\t\t\t\t\t<\/ul>\n\t\t<h4 class=\"card-title mb-0\">\n\t\t\t<a class=\"stretched-link\" href=\"\/alquiler\/marbella-puerto-banus\/apartamentos-y-pisos\/148\">Apartamento en primera l\u00ednea con vistas al mar en Puerto Ban\u00fas - 2 dormitorios<\/a>\n\t\t<\/h4>\n\t\t\t<\/div>\n<\/article>\t\t\t\t\t\t<article class=\"f-carousel__slide card col position-relative flex-column\">\n\t<figure class=\"position-relative w-100 mb-2\">\n\t\t<a class=\"card-portfolio position-absolute\" data-pfl-id=\"458355\" data-pfl-filter=\"rent-short\" href=\"#\">\n\t\t\t<svg width=\"20\" fill=\"currentColor\" viewBox=\"0 0 512 512\">\n\t\t\t\t<use href=\"https:\/\/www.homewatch.es\/wp-content\/themes\/inmobasolidbase\/dist\/src\/images\/icons.svg#svgPortfolio\"\/>\n\t\t\t<\/svg>\n\t\t\t<svg class=\"d-none\" width=\"20\" fill=\"currentColor\" viewBox=\"0 0 512 512\">\n\t\t\t\t<use href=\"https:\/\/www.homewatch.es\/wp-content\/themes\/inmobasolidbase\/dist\/src\/images\/icons.svg#svgPortfolioIn\"\/>\n\t\t\t<\/svg>\n\t\t<\/a>\n\t\t<picture class=\"ratio ratio-4x3\"><source width=\"1920\" height=\"1080\" srcset=\"https:\/\/media.inmobalia.com\/imgV1\/B8vEv5Xh_VThvnEqMx4G0YtA8lAADdw1sBC5uN5pSX6~ImMWYg0nYa_EPSP~fBpYtvgHs5QKecPwE1~j5DU_pylbu6cBdu0PgVunDxnkMoeY79Gll7Nv5AHhYwCGots7LHLh2UtcN4s5FVsHFqDohEg1jyajkPK~KPw5K6tsHmU7_QEyGUMRfM3cio8mSc3h.jpg 1920w,https:\/\/media.inmobalia.com\/imgV1\/B8vEv5Xh_Vjzl4qKP9bJW21eHCmW9PWrQV6IDk9EjA79dASSMmDBrXf04FgH6wp0ylU42MWPePEey7rkY1j3kMIGs3YrRSP6UhHPWG1enKzuplcdy8f~NYm7bTbKkeM5EmP_gidfIzRmrs5IeTaCqkoXbeHdUGHYIUo6Vg8i03qgbPsmlf0mySEHZRkSlCM-.jpg 1580w,https:\/\/media.inmobalia.com\/imgV1\/B8vEv5Xh~9eLgpFkvD55S4O4_vRpfi7Zj~8WTFZMGThfizi~_Y~NgoiVzdN9MsuXYCpgHq7NOfhSSsV~~CvXOR8biNDSQCuIy3z~JafSwduxBEndespnQYPOGloQON4~nZJyLDqKXZnn9K~sQAvTztJm53Sa6EOhQAF4ScojQHf70AxD39xkgA58jayXpA--.jpg 774w\" type=\"image\/webp\"><img loading=\"lazy\" decoding=\"async\" class=\"image-fit\" alt=\"Casa adosada de 2 dormitorios frente al mar en Marbella con vistas al mar y garaje privado\" width=\"1920\" height=\"1080\" src=\"https:\/\/media.inmobalia.com\/imgV1\/B8vEv5Xh_VThvnEqMx4G0ZxU~~H0Ar_8Bn_AfAx~4dnt796zQ9QIPwzdr9PkzIdRpbeOYktBAPFfTt23HPhndt5b7cRr2vg76pmKvptCGz41lr5j~JQtDKcGVLURV62RE6JZrzkZBkmLzt_P~y9QwwL8wfUeqe0Osr1OABdo_ok-.jpg\"><\/picture>\t\t\t<\/figure>\n\t<div class=\"h-100 d-flex flex-column\">\n\t\t<span class=\"d-block card-area\">\n\t\t\tMarbella - Puerto Banus\t\t<\/span>\n\t\t\n\n\t\t\t<div class=\"card-price d-flex flex-column\">\n\t\t<strong class=\"me-1\">Desde <span data-original-price=\"116\">116\u00a0\u20ac<\/span><span data-period> por dia <\/span><\/strong><strong class=\"me-1\"><span data-original-price=\"1950\">1.950\u00a0\u20ac<\/span><span data-period> montly rental (November-March)<\/span><\/strong>\t\t<\/div>\n\t\n\t\t<ul class=\"card-features list-unstyled d-flex flex-wrap align-items-center mb-0\">\n\t\t\t\t\t\t\t<li class=\"d-flex align-items-center me-3\">\n\t\t\t\t\t2 dormitorios\t\t\t\t<\/li>\n\t\t\t\t\t\t\t<li class=\"d-flex align-items-center me-3\">\n\t\t\t\t\t2 ba\u00f1os\t\t\t\t<\/li>\n\t\t\t\t\t\t\t<li class=\"d-flex align-items-center me-3\">\n\t\t\t\t\t191 m&sup2; construido\t\t\t\t<\/li>\n\t\t\t\t\t<\/ul>\n\t\t<h4 class=\"card-title mb-0\">\n\t\t\t<a class=\"stretched-link\" href=\"\/alquiler\/marbella-puerto-banus\/aticos\/146\">Casa adosada de 2 dormitorios frente al mar en Marbella con vistas al mar y garaje privado<\/a>\n\t\t<\/h4>\n\t\t\t<\/div>\n<\/article>\t\t\t\t\t\t<article class=\"f-carousel__slide card col position-relative flex-column\">\n\t<figure class=\"position-relative w-100 mb-2\">\n\t\t<a class=\"card-portfolio position-absolute\" data-pfl-id=\"453123\" data-pfl-filter=\"rent-short\" href=\"#\">\n\t\t\t<svg width=\"20\" fill=\"currentColor\" viewBox=\"0 0 512 512\">\n\t\t\t\t<use href=\"https:\/\/www.homewatch.es\/wp-content\/themes\/inmobasolidbase\/dist\/src\/images\/icons.svg#svgPortfolio\"\/>\n\t\t\t<\/svg>\n\t\t\t<svg class=\"d-none\" width=\"20\" fill=\"currentColor\" viewBox=\"0 0 512 512\">\n\t\t\t\t<use href=\"https:\/\/www.homewatch.es\/wp-content\/themes\/inmobasolidbase\/dist\/src\/images\/icons.svg#svgPortfolioIn\"\/>\n\t\t\t<\/svg>\n\t\t<\/a>\n\t\t<picture class=\"ratio ratio-4x3\"><source width=\"1920\" height=\"1080\" srcset=\"https:\/\/media.inmobalia.com\/imgV1\/B8vEv5Xh_VThvnEqMx4G0YtA8lAADdw1sBC5uN5pSX6~ImMWYg0nYa_EPSP~fBpYtvgHs5QKecPwE1~j5DU_pylbu6cBdu0PgVunDxnkMoeY79Gll7Nv5AHhYwCGots7LHLh2UtQnluFaNsztJcdfD_OLiqrsTFYeWieHHjBxkSSrHoEIsrwAABTsRDFjJkd.jpg 1920w,https:\/\/media.inmobalia.com\/imgV1\/B8vEv5Xh_Vjzl4qKP9bJW21eHCmW9PWrQV6IDk9EjA79dASSMmDBrXf04FgH6wp0ylU42MWPePEey7rkY1j3kMIGs3YrRSP6UhHPWG1enKzuplcdy8f~NYm7bTbKkeM5EmP_gitTEqSXlQ9p9yTb2c~lcz8LEdsMculJgfGAQwoXDQwiwodjEDEg6qDPT_o-.jpg 1580w,https:\/\/media.inmobalia.com\/imgV1\/B8vEv5Xh~9eLgpFkvD55S4O4_vRpfi7Zj~8WTFZMGThfizi~_Y~NgoiVzdN9MsuXYCpgHq7NOfhSSsV~~CvXOR8biNDSQCuIy3z~JafSwduxBEndespnQYPOGloQON4~nZJyICwhR~6Ho6qr08Usw_c2XunglcNSEm27dmswWvmMFU8JYSQB3Jn1fux7Wg--.jpg 774w\" type=\"image\/webp\"><img loading=\"lazy\" decoding=\"async\" class=\"image-fit\" alt=\"Apartamento vacacional 2 dormitorios con terraza y piscina comunitaria en Coto Real, Milla de Oro\" width=\"1920\" height=\"1080\" src=\"https:\/\/media.inmobalia.com\/imgV1\/B8vEv5Xh_VThvnEqMx4G0ZxU~~H0Ar_8Bn_AfAx~4dnt796zQ9QIPwzdr9PkzIdRpbeOYktBAPFfTt23HPhndt5b7cRr2vg76pmKvptCGz41lr5j~JhmhpsQXrWV_wM6bodf49msZkXMowaeJZbIui0AK_1cwKMd4_bVBT8YHkw-.jpg\"><\/picture>\t\t\t<\/figure>\n\t<div class=\"h-100 d-flex flex-column\">\n\t\t<span class=\"d-block card-area\">\n\t\t\tMarbella Golden Mile\t\t<\/span>\n\t\t\n\n\t\t\t<div class=\"card-price d-flex flex-column\">\n\t\tPrecio en la Solicitud<strong class=\"me-1\"><span data-original-price=\"1600\">1.600\u00a0\u20ac<\/span><span data-period> montly rental (November-March)<\/span><\/strong>\t\t<\/div>\n\t\n\t\t<ul class=\"card-features list-unstyled d-flex flex-wrap align-items-center mb-0\">\n\t\t\t\t\t\t\t<li class=\"d-flex align-items-center me-3\">\n\t\t\t\t\t2 dormitorios\t\t\t\t<\/li>\n\t\t\t\t\t\t\t<li class=\"d-flex align-items-center me-3\">\n\t\t\t\t\t2 ba\u00f1os\t\t\t\t<\/li>\n\t\t\t\t\t\t\t<li class=\"d-flex align-items-center me-3\">\n\t\t\t\t\t102 m&sup2; construido\t\t\t\t<\/li>\n\t\t\t\t\t<\/ul>\n\t\t<h4 class=\"card-title mb-0\">\n\t\t\t<a class=\"stretched-link\" href=\"\/alquiler\/coto-real-ii\/apartamentos-y-pisos\/144LT\">Apartamento vacacional 2 dormitorios con terraza y piscina comunitaria en Coto Real, Milla de Oro<\/a>\n\t\t<\/h4>\n\t\t\t<\/div>\n<\/article>\t\t\t\t\t\t<article class=\"f-carousel__slide card col position-relative flex-column\">\n\t<figure class=\"position-relative w-100 mb-2\">\n\t\t<a class=\"card-portfolio position-absolute\" data-pfl-id=\"443106\" data-pfl-filter=\"rent-short\" href=\"#\">\n\t\t\t<svg width=\"20\" fill=\"currentColor\" viewBox=\"0 0 512 512\">\n\t\t\t\t<use href=\"https:\/\/www.homewatch.es\/wp-content\/themes\/inmobasolidbase\/dist\/src\/images\/icons.svg#svgPortfolio\"\/>\n\t\t\t<\/svg>\n\t\t\t<svg class=\"d-none\" width=\"20\" fill=\"currentColor\" viewBox=\"0 0 512 512\">\n\t\t\t\t<use href=\"https:\/\/www.homewatch.es\/wp-content\/themes\/inmobasolidbase\/dist\/src\/images\/icons.svg#svgPortfolioIn\"\/>\n\t\t\t<\/svg>\n\t\t<\/a>\n\t\t<picture class=\"ratio ratio-4x3\"><source width=\"1920\" height=\"1080\" srcset=\"https:\/\/media.inmobalia.com\/imgV1\/B8vEv5Xh_VThvnEqMx4G0YtA8lAADdw1sBC5uN5pSX6~ImMWYg0nYa_EPSP~fBpYtvgHs5QKecPwE1~j5DU_pylbu6cBdu0PgVunDxnkMoeY79Gll7Nv5AHhYwCGots7LHLh2UxYUSW4pRc65knGBY30PNUCWIVLtIr9LT0We8XK8wVF0781bFkpHulC8xQF.jpg 1920w,https:\/\/media.inmobalia.com\/imgV1\/B8vEv5Xh_Vjzl4qKP9bJW21eHCmW9PWrQV6IDk9EjA79dASSMmDBrXf04FgH6wp0ylU42MWPePEey7rkY1j3kMIGs3YrRSP6UhHPWG1enKzuplcdy8f~NYm7bTbKkeM5EmP_haS4fFFM2VCwnWpvWkTLcP7h1PL6FQhS8chYwm9TvQ541nbh0tApZ7muKCo-.jpg 1580w,https:\/\/media.inmobalia.com\/imgV1\/B8vEv5Xh~9eLgpFkvD55S4O4_vRpfi7Zj~8WTFZMGThfizi~_Y~NgoiVzdN9MsuXYCpgHq7NOfhSSsV~~CvXOR8biNDSQCuIy3z~JafSwduxBEndespnQYPOGloQON4~nZJ19A9vnFZ06BTcPKnGuQD1t~QqGPZuJOFCgmbRuooaiAYSWohhjIQcBOmOjA--.jpg 774w\" type=\"image\/webp\"><img loading=\"lazy\" decoding=\"async\" class=\"image-fit\" alt=\"Apartamento de 2 dormitorios en el centro de Marbella con parking privado\" width=\"1920\" height=\"1080\" src=\"https:\/\/media.inmobalia.com\/imgV1\/B8vEv5Xh_VThvnEqMx4G0ZxU~~H0Ar_8Bn_AfAx~4dnt796zQ9QIPwzdr9PkzIdRpbeOYktBAPFfTt23HPhndt5b7cRr2vg76pmKvptCGz41lr5j_~higLG9UNPgPfsMRyPWP_E7liBirMOtkHgTpce76OOGgxw~lkw9BuxakkY-.jpg\"><\/picture>\t\t\t<\/figure>\n\t<div class=\"h-100 d-flex flex-column\">\n\t\t<span class=\"d-block card-area\">\n\t\t\tMarbella Ciudad\t\t<\/span>\n\t\t\n\n\t\t\t<div class=\"card-price d-flex flex-column\">\n\t\t<strong class=\"me-1\">Desde <span data-original-price=\"102\">102\u00a0\u20ac<\/span><span data-period> por dia <\/span><\/strong>\t\t<\/div>\n\t\n\t\t<ul class=\"card-features list-unstyled d-flex flex-wrap align-items-center mb-0\">\n\t\t\t\t\t\t\t<li class=\"d-flex align-items-center me-3\">\n\t\t\t\t\t2 dormitorios\t\t\t\t<\/li>\n\t\t\t\t\t\t\t<li class=\"d-flex align-items-center me-3\">\n\t\t\t\t\t2 ba\u00f1os\t\t\t\t<\/li>\n\t\t\t\t\t\t\t<li class=\"d-flex align-items-center me-3\">\n\t\t\t\t\t86 m&sup2; construido\t\t\t\t<\/li>\n\t\t\t\t\t<\/ul>\n\t\t<h4 class=\"card-title mb-0\">\n\t\t\t<a class=\"stretched-link\" href=\"\/alquiler\/marbella-centro\/apartamentos-y-pisos\/128\">Apartamento de 2 dormitorios en el centro de Marbella con parking privado<\/a>\n\t\t<\/h4>\n\t\t\t<\/div>\n<\/article>\t\t\t\t\t\t<article class=\"f-carousel__slide card col position-relative flex-column\">\n\t<figure class=\"position-relative w-100 mb-2\">\n\t\t<a class=\"card-portfolio position-absolute\" data-pfl-id=\"438685\" data-pfl-filter=\"rent-short\" href=\"#\">\n\t\t\t<svg width=\"20\" fill=\"currentColor\" viewBox=\"0 0 512 512\">\n\t\t\t\t<use href=\"https:\/\/www.homewatch.es\/wp-content\/themes\/inmobasolidbase\/dist\/src\/images\/icons.svg#svgPortfolio\"\/>\n\t\t\t<\/svg>\n\t\t\t<svg class=\"d-none\" width=\"20\" fill=\"currentColor\" viewBox=\"0 0 512 512\">\n\t\t\t\t<use href=\"https:\/\/www.homewatch.es\/wp-content\/themes\/inmobasolidbase\/dist\/src\/images\/icons.svg#svgPortfolioIn\"\/>\n\t\t\t<\/svg>\n\t\t<\/a>\n\t\t<picture class=\"ratio ratio-4x3\"><source width=\"1920\" height=\"1080\" srcset=\"https:\/\/media.inmobalia.com\/imgV1\/B8vEv5Xh_VThvnEqMx4G0YtA8lAADdw1sBC5uN5pSX6~ImMWYg0nYa_EPSP~fBpYtvgHs5QKecPwE1~j5DU_pylbu6cBdu0PgVunDxnkMoeY79Gll7Nv5AHhYwCGots7LHLh2UxczxcqDuj2ylwbEGGtonym89jJNCACeg7NGMmRtYTYjJ0g0UdjJ4_bDSUq.jpg 1920w,https:\/\/media.inmobalia.com\/imgV1\/B8vEv5Xh_Vjzl4qKP9bJW21eHCmW9PWrQV6IDk9EjA79dASSMmDBrXf04FgH6wp0ylU42MWPePEey7rkY1j3kMIGs3YrRSP6UhHPWG1enKzuplcdy8f~NYm7bTbKkeM5EmP_haCzzRqH5E6frfI72wecSciOw6MSIiqbIOuznkIVfGmFqSaYCPi2_RLjzHw-.jpg 1580w,https:\/\/media.inmobalia.com\/imgV1\/B8vEv5Xh~9eLgpFkvD55S4O4_vRpfi7Zj~8WTFZMGThfizi~_Y~NgoiVzdN9MsuXYCpgHq7NOfhSSsV~~CvXOR8biNDSQCuIy3z~JafSwduxBEndespnQYPOGloQON4~nZJ18PmT0aE3TuxpLUCIMXs2DNC0zKdHZ~WMd0QAup9ceeKXtczBjlSjJ6og2g--.jpg 774w\" type=\"image\/webp\"><img loading=\"lazy\" decoding=\"async\" class=\"image-fit\" alt=\"Apartamento vacacional de 3 dormitorios con vistas al mar en Bah\u00eda de Marbella, Costa del Sol\" width=\"1920\" height=\"1080\" src=\"https:\/\/media.inmobalia.com\/imgV1\/B8vEv5Xh_VThvnEqMx4G0ZxU~~H0Ar_8Bn_AfAx~4dnt796zQ9QIPwzdr9PkzIdRpbeOYktBAPFfTt23HPhndt5b7cRr2vg76pmKvptCGz41lr5j_~x1_7FFO1ls5cFswiBQwuQFCXDUEQewBBcEeu9NXIXR3aHVkTgsL8XkV7s-.jpg\"><\/picture>\t\t\t<\/figure>\n\t<div class=\"h-100 d-flex flex-column\">\n\t\t<span class=\"d-block card-area\">\n\t\t\tMarbella Este\t\t<\/span>\n\t\t\n\n\t\t\t<div class=\"card-price d-flex flex-column\">\n\t\t<strong class=\"me-1\">Desde <span data-original-price=\"128\">128\u00a0\u20ac<\/span><span data-period> por dia <\/span><\/strong><strong class=\"me-1\"><span data-original-price=\"1700\">1.700\u00a0\u20ac<\/span><span data-period> montly rental (November-March)<\/span><\/strong>\t\t<\/div>\n\t\n\t\t<ul class=\"card-features list-unstyled d-flex flex-wrap align-items-center mb-0\">\n\t\t\t\t\t\t\t<li class=\"d-flex align-items-center me-3\">\n\t\t\t\t\t3 dormitorios\t\t\t\t<\/li>\n\t\t\t\t\t\t\t<li class=\"d-flex align-items-center me-3\">\n\t\t\t\t\t2 ba\u00f1os\t\t\t\t<\/li>\n\t\t\t\t\t\t\t<li class=\"d-flex align-items-center me-3\">\n\t\t\t\t\t129 m&sup2; construido\t\t\t\t<\/li>\n\t\t\t\t\t<\/ul>\n\t\t<h4 class=\"card-title mb-0\">\n\t\t\t<a class=\"stretched-link\" href=\"\/alquiler\/bahia-de-marbella\/apartamentos-y-pisos\/127\">Apartamento vacacional de 3 dormitorios con vistas al mar en Bah\u00eda de Marbella, Costa del Sol<\/a>\n\t\t<\/h4>\n\t\t\t<\/div>\n<\/article>\t\t\t\t\t\t<article class=\"f-carousel__slide card col position-relative flex-column\">\n\t<figure class=\"position-relative w-100 mb-2\">\n\t\t<a class=\"card-portfolio position-absolute\" data-pfl-id=\"437757\" data-pfl-filter=\"rent-short\" href=\"#\">\n\t\t\t<svg width=\"20\" fill=\"currentColor\" viewBox=\"0 0 512 512\">\n\t\t\t\t<use href=\"https:\/\/www.homewatch.es\/wp-content\/themes\/inmobasolidbase\/dist\/src\/images\/icons.svg#svgPortfolio\"\/>\n\t\t\t<\/svg>\n\t\t\t<svg class=\"d-none\" width=\"20\" fill=\"currentColor\" viewBox=\"0 0 512 512\">\n\t\t\t\t<use href=\"https:\/\/www.homewatch.es\/wp-content\/themes\/inmobasolidbase\/dist\/src\/images\/icons.svg#svgPortfolioIn\"\/>\n\t\t\t<\/svg>\n\t\t<\/a>\n\t\t<picture class=\"ratio ratio-4x3\"><source width=\"1920\" height=\"1080\" srcset=\"https:\/\/media.inmobalia.com\/imgV1\/B8vEv5Xh_VThvnEqMx4G0YtA8lAADdw1sBC5uN5pSX6~ImMWYg0nYa_EPSP~fBpYtvgHs5QKecPwE1~j5DU_pylbu6cBdu0PgVunDxnkMoeY79Gll7Nv5AHhYwCGots7LHLh2UxdjoeC0gsie2OK6PTxkzZf_uufmmj~hcq7jkBJAq0gUNSgQ2_dNwKrIiTH.jpg 1920w,https:\/\/media.inmobalia.com\/imgV1\/B8vEv5Xh_Vjzl4qKP9bJW21eHCmW9PWrQV6IDk9EjA79dASSMmDBrXf04FgH6wp0ylU42MWPePEey7rkY1j3kMIGs3YrRSP6UhHPWG1enKzuplcdy8f~NYm7bTbKkeM5EmP_haFUc~4qzgSEGlINH41xzeTDpMAJWLsvlW82RxHIGa11EDRuH70aaIglHjU-.jpg 1580w,https:\/\/media.inmobalia.com\/imgV1\/B8vEv5Xh~9eLgpFkvD55S4O4_vRpfi7Zj~8WTFZMGThfizi~_Y~NgoiVzdN9MsuXYCpgHq7NOfhSSsV~~CvXOR8biNDSQCuIy3z~JafSwduxBEndespnQYPOGloQON4~nZJ18SajhoUCWF_tyjCGV4NAVIg748M_BDhT9DxZMf_lRq4wTRW4yui~MlB6fA--.jpg 774w\" type=\"image\/webp\"><img loading=\"lazy\" decoding=\"async\" class=\"image-fit\" alt=\"Apartamento con piscina y terraza privada con vistas al mar en Elviria\" width=\"1920\" height=\"1080\" src=\"https:\/\/media.inmobalia.com\/imgV1\/B8vEv5Xh_VThvnEqMx4G0ZxU~~H0Ar_8Bn_AfAx~4dnt796zQ9QIPwzdr9PkzIdRpbeOYktBAPFfTt23HPhndt5b7cRr2vg76pmKvptCGz41lr5j_~22weR3l2Md0CQCL3zSBYcw2Zh7kojVCshPgg1fJItSqqanF_ytLoBnCgs-.jpg\"><\/picture>\t\t\t<\/figure>\n\t<div class=\"h-100 d-flex flex-column\">\n\t\t<span class=\"d-block card-area\">\n\t\t\tMarbella Este\t\t<\/span>\n\t\t\n\n\t\t\t<div class=\"card-price d-flex flex-column\">\n\t\t<strong class=\"me-1\">Desde <span data-original-price=\"79\">79\u00a0\u20ac<\/span><span data-period> por dia <\/span><\/strong>\t\t<\/div>\n\t\n\t\t<ul class=\"card-features list-unstyled d-flex flex-wrap align-items-center mb-0\">\n\t\t\t\t\t\t\t<li class=\"d-flex align-items-center me-3\">\n\t\t\t\t\t3 dormitorios\t\t\t\t<\/li>\n\t\t\t\t\t\t\t<li class=\"d-flex align-items-center me-3\">\n\t\t\t\t\t2 ba\u00f1os\t\t\t\t<\/li>\n\t\t\t\t\t\t\t<li class=\"d-flex align-items-center me-3\">\n\t\t\t\t\t198 m&sup2; construido\t\t\t\t<\/li>\n\t\t\t\t\t<\/ul>\n\t\t<h4 class=\"card-title mb-0\">\n\t\t\t<a class=\"stretched-link\" href=\"\/alquiler\/elviria\/apartamentos-y-pisos\/119\">Apartamento con piscina y terraza privada con vistas al mar en Elviria<\/a>\n\t\t<\/h4>\n\t\t\t<\/div>\n<\/article>\t\t\t\t\t\t<article class=\"f-carousel__slide card col position-relative flex-column\">\n\t<figure class=\"position-relative w-100 mb-2\">\n\t\t<a class=\"card-portfolio position-absolute\" data-pfl-id=\"433341\" data-pfl-filter=\"rent-short\" href=\"#\">\n\t\t\t<svg width=\"20\" fill=\"currentColor\" viewBox=\"0 0 512 512\">\n\t\t\t\t<use href=\"https:\/\/www.homewatch.es\/wp-content\/themes\/inmobasolidbase\/dist\/src\/images\/icons.svg#svgPortfolio\"\/>\n\t\t\t<\/svg>\n\t\t\t<svg class=\"d-none\" width=\"20\" fill=\"currentColor\" viewBox=\"0 0 512 512\">\n\t\t\t\t<use href=\"https:\/\/www.homewatch.es\/wp-content\/themes\/inmobasolidbase\/dist\/src\/images\/icons.svg#svgPortfolioIn\"\/>\n\t\t\t<\/svg>\n\t\t<\/a>\n\t\t<picture class=\"ratio ratio-4x3\"><source width=\"1920\" height=\"1080\" srcset=\"https:\/\/media.inmobalia.com\/imgV1\/B8vEv5Xh_VThvnEqMx4G0YtA8lAADdw1sBC5uN5pSX6~ImMWYg0nYa_EPSP~fBpYtvgHs5QKecPwE1~j5DU_pylbu6cBdu0PgVunDxnkMoeY79Gll7Nv5AHhYwCGots7LHLh2UxflNu63_aaHgBoQKNm4BTdj73JOHFGL4AuXk4VUD9xNqpBD9M7VmYlOSyy.jpg 1920w,https:\/\/media.inmobalia.com\/imgV1\/B8vEv5Xh_Vjzl4qKP9bJW21eHCmW9PWrQV6IDk9EjA79dASSMmDBrXf04FgH6wp0ylU42MWPePEey7rkY1j3kMIGs3YrRSP6UhHPWG1enKzuplcdy8f~NYm7bTbKkeM5EmP_haOxPfoYLsbW7lWBo~C8cF5wo_9TOBQKNfd~gv5F45KFBdemXt5YFjliFxg-.jpg 1580w,https:\/\/media.inmobalia.com\/imgV1\/B8vEv5Xh~9eLgpFkvD55S4O4_vRpfi7Zj~8WTFZMGThfizi~_Y~NgoiVzdN9MsuXYCpgHq7NOfhSSsV~~CvXOR8biNDSQCuIy3z~JafSwduxBEndespnQYPOGloQON4~nZJ180pmoEVpBBsy0IDmoopox4nc3MD7KHI6smaICWozyoIVQWETh_ZrypzzRA--.jpg 774w\" type=\"image\/webp\"><img loading=\"lazy\" decoding=\"async\" class=\"image-fit\" alt=\"Apartamento a pie de playa con terraza, piscina y pistas de tenis en Costabella, Marbella Este\" width=\"1920\" height=\"1080\" src=\"https:\/\/media.inmobalia.com\/imgV1\/B8vEv5Xh_VThvnEqMx4G0ZxU~~H0Ar_8Bn_AfAx~4dnt796zQ9QIPwzdr9PkzIdRpbeOYktBAPFfTt23HPhndt5b7cRr2vg76pmKvptCGz41lr5j_~~kwnGClQzkapyI5W~xZzjlEoJ4l_1P0dYB7jtXXvKRcF1f9OnsE7Z4MWc-.jpg\"><\/picture>\t\t\t<\/figure>\n\t<div class=\"h-100 d-flex flex-column\">\n\t\t<span class=\"d-block card-area\">\n\t\t\tMarbella Este\t\t<\/span>\n\t\t\n\n\t\t\t<div class=\"card-price d-flex flex-column\">\n\t\t<strong class=\"me-1\">Desde <span data-original-price=\"82\">82\u00a0\u20ac<\/span><span data-period> por dia <\/span><\/strong><strong class=\"me-1\"><span data-original-price=\"1350\">1.350\u00a0\u20ac<\/span><span data-period> montly rental (November-March)<\/span><\/strong>\t\t<\/div>\n\t\n\t\t<ul class=\"card-features list-unstyled d-flex flex-wrap align-items-center mb-0\">\n\t\t\t\t\t\t\t<li class=\"d-flex align-items-center me-3\">\n\t\t\t\t\t2 dormitorios\t\t\t\t<\/li>\n\t\t\t\t\t\t\t<li class=\"d-flex align-items-center me-3\">\n\t\t\t\t\t2 ba\u00f1os\t\t\t\t<\/li>\n\t\t\t\t\t\t\t<li class=\"d-flex align-items-center me-3\">\n\t\t\t\t\t87 m&sup2; construido\t\t\t\t<\/li>\n\t\t\t\t\t<\/ul>\n\t\t<h4 class=\"card-title mb-0\">\n\t\t\t<a class=\"stretched-link\" href=\"\/alquiler\/costabella\/apartamentos-y-pisos\/118\">Apartamento a pie de playa con terraza, piscina y pistas de tenis en Costabella, Marbella Este<\/a>\n\t\t<\/h4>\n\t\t\t<\/div>\n<\/article>\t\t\t\t\t\t<article class=\"f-carousel__slide card col position-relative flex-column\">\n\t<figure class=\"position-relative w-100 mb-2\">\n\t\t<a class=\"card-portfolio position-absolute\" data-pfl-id=\"432240\" data-pfl-filter=\"rent-short\" href=\"#\">\n\t\t\t<svg width=\"20\" fill=\"currentColor\" viewBox=\"0 0 512 512\">\n\t\t\t\t<use href=\"https:\/\/www.homewatch.es\/wp-content\/themes\/inmobasolidbase\/dist\/src\/images\/icons.svg#svgPortfolio\"\/>\n\t\t\t<\/svg>\n\t\t\t<svg class=\"d-none\" width=\"20\" fill=\"currentColor\" viewBox=\"0 0 512 512\">\n\t\t\t\t<use href=\"https:\/\/www.homewatch.es\/wp-content\/themes\/inmobasolidbase\/dist\/src\/images\/icons.svg#svgPortfolioIn\"\/>\n\t\t\t<\/svg>\n\t\t<\/a>\n\t\t<picture class=\"ratio ratio-4x3\"><source width=\"1920\" height=\"1080\" srcset=\"https:\/\/media.inmobalia.com\/imgV1\/B8vEv5Xh_VThvnEqMx4G0YtA8lAADdw1sBC5uN5pSX6~ImMWYg0nYa_EPSP~fBpYtvgHs5QKecPwE1~j5DU_pylbu6cBdu0PgVunDxnkMoeY79Gll7Nv5AHhYwCGots7LHLh2U0ZWyLNUzgYBz~8OErfV0DP8oa2LYEaSizBVuuIp9VNxme3g88nvFfGlDLW.jpg 1920w,https:\/\/media.inmobalia.com\/imgV1\/B8vEv5Xh_Vjzl4qKP9bJW21eHCmW9PWrQV6IDk9EjA79dASSMmDBrXf04FgH6wp0ylU42MWPePEey7rkY1j3kMIGs3YrRSP6UhHPWG1enKzuplcdy8f~NYm7bTbKkeM5EmP_hI7PCagVoq6fzmGRzsfFA9X79obibPXgRy8JGVcWWNIvq~jMvbK9PNQWYuE-.jpg 1580w,https:\/\/media.inmobalia.com\/imgV1\/B8vEv5Xh~9eLgpFkvD55S4O4_vRpfi7Zj~8WTFZMGThfizi~_Y~NgoiVzdN9MsuXYCpgHq7NOfhSSsV~~CvXOR8biNDSQCuIy3z~JafSwduxBEndespnQYPOGloQON4~nZJ0N2Uue~dpMnq9YX29DjTeNSP_ih6~~lgGec4HLMyGmKVSbuZ3tpsdPaSTow--.jpg 774w\" type=\"image\/webp\"><img loading=\"lazy\" decoding=\"async\" class=\"image-fit\" alt=\"Villa Pi\u00f1a: Un refugio entre palmeras, con piscina privada climatizable y barbacoa en Elviria, Marbella\" width=\"1920\" height=\"1080\" src=\"https:\/\/media.inmobalia.com\/imgV1\/B8vEv5Xh_VThvnEqMx4G0ZxU~~H0Ar_8Bn_AfAx~4dnt796zQ9QIPwzdr9PkzIdRpbeOYktBAPFfTt23HPhndt5b7cRr2vg76pmKvptCGz41lr5j_usRbzaYTjwW5iJ~9VRsWWMWHWVVaf~9YZxQ7QQXatFU8aNZhUAZ~x0BTxg-.jpg\"><\/picture>\t\t\t<\/figure>\n\t<div class=\"h-100 d-flex flex-column\">\n\t\t<span class=\"d-block card-area\">\n\t\t\tMarbella Este\t\t<\/span>\n\t\t\n\n\t\t\t<div class=\"card-price d-flex flex-column\">\n\t\t<strong class=\"me-1\">Desde <span data-original-price=\"205\">205\u00a0\u20ac<\/span><span data-period> por dia <\/span><\/strong>\t\t<\/div>\n\t\n\t\t<ul class=\"card-features list-unstyled d-flex flex-wrap align-items-center mb-0\">\n\t\t\t\t\t\t\t<li class=\"d-flex align-items-center me-3\">\n\t\t\t\t\t3 dormitorios\t\t\t\t<\/li>\n\t\t\t\t\t\t\t<li class=\"d-flex align-items-center me-3\">\n\t\t\t\t\t2 ba\u00f1os\t\t\t\t<\/li>\n\t\t\t\t\t\t\t<li class=\"d-flex align-items-center me-3\">\n\t\t\t\t\t232 m&sup2; construido\t\t\t\t<\/li>\n\t\t\t\t\t\t\t<li class=\"d-flex align-items-center me-3\">\n\t\t\t\t\t232 m&sup2; parcela\t\t\t\t<\/li>\n\t\t\t\t\t<\/ul>\n\t\t<h4 class=\"card-title mb-0\">\n\t\t\t<a class=\"stretched-link\" href=\"\/alquiler\/elviria\/villas-y-chalets\/114\">Villa Pi\u00f1a: Un refugio entre palmeras, con piscina privada climatizable y barbacoa en Elviria, Marbella<\/a>\n\t\t<\/h4>\n\t\t\t<\/div>\n<\/article>\t\t\t\t\t\t<article class=\"f-carousel__slide card col position-relative flex-column\">\n\t<figure class=\"position-relative w-100 mb-2\">\n\t\t<a class=\"card-portfolio position-absolute\" data-pfl-id=\"430605\" data-pfl-filter=\"rent-short\" href=\"#\">\n\t\t\t<svg width=\"20\" fill=\"currentColor\" viewBox=\"0 0 512 512\">\n\t\t\t\t<use href=\"https:\/\/www.homewatch.es\/wp-content\/themes\/inmobasolidbase\/dist\/src\/images\/icons.svg#svgPortfolio\"\/>\n\t\t\t<\/svg>\n\t\t\t<svg class=\"d-none\" width=\"20\" fill=\"currentColor\" viewBox=\"0 0 512 512\">\n\t\t\t\t<use href=\"https:\/\/www.homewatch.es\/wp-content\/themes\/inmobasolidbase\/dist\/src\/images\/icons.svg#svgPortfolioIn\"\/>\n\t\t\t<\/svg>\n\t\t<\/a>\n\t\t<picture class=\"ratio ratio-4x3\"><source width=\"1920\" height=\"1080\" srcset=\"https:\/\/media.inmobalia.com\/imgV1\/B8vEv5Xh_VThvnEqMx4G0YtA8lAADdw1sBC5uN5pSX6~ImMWYg0nYa_EPSP~fBpYtvgHs5QKecPwE1~j5DU_pylbu6cBdu0PgVunDxnkMoeY79Gll7Nv5AHhYwCGots7LHLh2U0Y2N_gKSujy9DaU~hmPs1EV8NeM1VWPGEXnSCzz59xNLcCJ1NqCPLVr3PN.jpg 1920w,https:\/\/media.inmobalia.com\/imgV1\/B8vEv5Xh_Vjzl4qKP9bJW21eHCmW9PWrQV6IDk9EjA79dASSMmDBrXf04FgH6wp0ylU42MWPePEey7rkY1j3kMIGs3YrRSP6UhHPWG1enKzuplcdy8f~NYm7bTbKkeM5EmP_hI~d5uDx0q4a0bdise12AF~I0~xpERV2PbziL~o2RHiaUCt5QFuc7jZeFfE-.jpg 1580w,https:\/\/media.inmobalia.com\/imgV1\/B8vEv5Xh~9eLgpFkvD55S4O4_vRpfi7Zj~8WTFZMGThfizi~_Y~NgoiVzdN9MsuXYCpgHq7NOfhSSsV~~CvXOR8biNDSQCuIy3z~JafSwduxBEndespnQYPOGloQON4~nZJ0NrIDu9FklqDhqVn~8Wns8Znf1kGLjc7fC6cfb6DwRY~Dxtf~GvjX9ATeYA--.jpg 774w\" type=\"image\/webp\"><img loading=\"lazy\" decoding=\"async\" class=\"image-fit\" alt=\"Apartamento vacacional moderno de 2 dormitorios en Cancelada, Costa del Sol con piscina\" width=\"1920\" height=\"1080\" src=\"https:\/\/media.inmobalia.com\/imgV1\/B8vEv5Xh_VThvnEqMx4G0ZxU~~H0Ar_8Bn_AfAx~4dnt796zQ9QIPwzdr9PkzIdRpbeOYktBAPFfTt23HPhndt5b7cRr2vg76pmKvptCGz41lr5j_urLEDAqsaJuGz4qfivEX6ym11w3kv6OBjXiJq3KkjdDFDwW0RYSZppOlyE-.jpg\"><\/picture>\t\t\t<\/figure>\n\t<div class=\"h-100 d-flex flex-column\">\n\t\t<span class=\"d-block card-area\">\n\t\t\tNueva Andalucia\t\t<\/span>\n\t\t\n\n\t\t\t<div class=\"card-price d-flex flex-column\">\n\t\t<strong class=\"me-1\">Desde <span data-original-price=\"2500\">2.500\u00a0\u20ac<\/span><span data-period> por mes <\/span><\/strong><strong class=\"me-1\"><span data-original-price=\"1650\">1.650\u00a0\u20ac<\/span><span data-period> montly rental (November-March)<\/span><\/strong>\t\t<\/div>\n\t\n\t\t<ul class=\"card-features list-unstyled d-flex flex-wrap align-items-center mb-0\">\n\t\t\t\t\t\t\t<li class=\"d-flex align-items-center me-3\">\n\t\t\t\t\t2 dormitorios\t\t\t\t<\/li>\n\t\t\t\t\t\t\t<li class=\"d-flex align-items-center me-3\">\n\t\t\t\t\t2 ba\u00f1os\t\t\t\t<\/li>\n\t\t\t\t\t\t\t<li class=\"d-flex align-items-center me-3\">\n\t\t\t\t\t88 m&sup2; construido\t\t\t\t<\/li>\n\t\t\t\t\t<\/ul>\n\t\t<h4 class=\"card-title mb-0\">\n\t\t\t<a class=\"stretched-link\" href=\"\/alquiler\/la-campana\/apartamentos-y-pisos\/245\">Apartamento vacacional moderno de 2 dormitorios en Cancelada, Costa del Sol con piscina<\/a>\n\t\t<\/h4>\n\t\t\t<\/div>\n<\/article>\t\t\t\t\t\t<article class=\"f-carousel__slide card col position-relative flex-column\">\n\t<figure class=\"position-relative w-100 mb-2\">\n\t\t<a class=\"card-portfolio position-absolute\" data-pfl-id=\"419339\" data-pfl-filter=\"rent-short\" href=\"#\">\n\t\t\t<svg width=\"20\" fill=\"currentColor\" viewBox=\"0 0 512 512\">\n\t\t\t\t<use href=\"https:\/\/www.homewatch.es\/wp-content\/themes\/inmobasolidbase\/dist\/src\/images\/icons.svg#svgPortfolio\"\/>\n\t\t\t<\/svg>\n\t\t\t<svg class=\"d-none\" width=\"20\" fill=\"currentColor\" viewBox=\"0 0 512 512\">\n\t\t\t\t<use href=\"https:\/\/www.homewatch.es\/wp-content\/themes\/inmobasolidbase\/dist\/src\/images\/icons.svg#svgPortfolioIn\"\/>\n\t\t\t<\/svg>\n\t\t<\/a>\n\t\t<picture class=\"ratio ratio-4x3\"><source width=\"1920\" height=\"1080\" srcset=\"https:\/\/media.inmobalia.com\/imgV1\/B8vEv5Xh_VThvnEqMx4G0YtA8lAADdw1sBC5uN5pSX6~ImMWYg0nYa_EPSP~fBpYtvgHs5QKecPwE1~j5DU_pylbu6cBdu0PgVunDxnkMoeY79Gll7Nv5AHhYwCGots7LHLh2U0UQuBiaknEZqXk~T12uh78SfXhNgsJC45alMtAECU0gFVmVZgMZz_s5Tnw.jpg 1920w,https:\/\/media.inmobalia.com\/imgV1\/B8vEv5Xh_Vjzl4qKP9bJW21eHCmW9PWrQV6IDk9EjA79dASSMmDBrXf04FgH6wp0ylU42MWPePEey7rkY1j3kMIGs3YrRSP6UhHPWG1enKzuplcdy8f~NYm7bTbKkeM5EmP_hIOVVxAFrhZXPDPSA2KDbt5QBJgdUT8kgLGmD7MjA~WgP9dAuEbcxpt06Lg-.jpg 1580w,https:\/\/media.inmobalia.com\/imgV1\/B8vEv5Xh~9eLgpFkvD55S4O4_vRpfi7Zj~8WTFZMGThfizi~_Y~NgoiVzdN9MsuXYCpgHq7NOfhSSsV~~CvXOR8biNDSQCuIy3z~JafSwduxBEndespnQYPOGloQON4~nZJ0OtVgmEYEwHQAbvH5raw5HV4wpZIXxjSdMDMKmMdeZW0upm_VHHyFWdz9EA--.jpg 774w\" type=\"image\/webp\"><img loading=\"lazy\" decoding=\"async\" class=\"image-fit\" alt=\"Apartamento con terraza y piscina cerca de la playa, Dunes Beach\" width=\"1920\" height=\"1080\" src=\"https:\/\/media.inmobalia.com\/imgV1\/B8vEv5Xh_VThvnEqMx4G0ZxU~~H0Ar_8Bn_AfAx~4dnt796zQ9QIPwzdr9PkzIdRpbeOYktBAPFfTt23HPhndt5b7cRr2vg76pmKvptCGz41lr5j_ubC75rlnwhi7~CBCtspX6rdNBlRAxsmnUj3BOh1BHtPDaRHGab30iD2wmE-.jpg\"><\/picture>\t\t\t<\/figure>\n\t<div class=\"h-100 d-flex flex-column\">\n\t\t<span class=\"d-block card-area\">\n\t\t\tMarbella Este\t\t<\/span>\n\t\t\n\n\t\t\t<div class=\"card-price d-flex flex-column\">\n\t\t<strong class=\"me-1\">Desde <span data-original-price=\"110\">110\u00a0\u20ac<\/span><span data-period> por dia <\/span><\/strong><strong class=\"me-1\"><span data-original-price=\"2000\">2.000\u00a0\u20ac<\/span><span data-period> montly rental (November-March)<\/span><\/strong>\t\t<\/div>\n\t\n\t\t<ul class=\"card-features list-unstyled d-flex flex-wrap align-items-center mb-0\">\n\t\t\t\t\t\t\t<li class=\"d-flex align-items-center me-3\">\n\t\t\t\t\t2 dormitorios\t\t\t\t<\/li>\n\t\t\t\t\t\t\t<li class=\"d-flex align-items-center me-3\">\n\t\t\t\t\t2 ba\u00f1os\t\t\t\t<\/li>\n\t\t\t\t\t\t\t<li class=\"d-flex align-items-center me-3\">\n\t\t\t\t\t80 m&sup2; construido\t\t\t\t<\/li>\n\t\t\t\t\t<\/ul>\n\t\t<h4 class=\"card-title mb-0\">\n\t\t\t<a class=\"stretched-link\" href=\"\/alquiler\/carib-playa\/apartamentos-y-pisos\/108\">Apartamento con terraza y piscina cerca de la playa, Dunes Beach<\/a>\n\t\t<\/h4>\n\t\t\t<\/div>\n<\/article>\t\t\t\t\t\t<article class=\"f-carousel__slide card col position-relative flex-column\">\n\t<figure class=\"position-relative w-100 mb-2\">\n\t\t<a class=\"card-portfolio position-absolute\" data-pfl-id=\"406283\" data-pfl-filter=\"rent-short\" href=\"#\">\n\t\t\t<svg width=\"20\" fill=\"currentColor\" viewBox=\"0 0 512 512\">\n\t\t\t\t<use href=\"https:\/\/www.homewatch.es\/wp-content\/themes\/inmobasolidbase\/dist\/src\/images\/icons.svg#svgPortfolio\"\/>\n\t\t\t<\/svg>\n\t\t\t<svg class=\"d-none\" width=\"20\" fill=\"currentColor\" viewBox=\"0 0 512 512\">\n\t\t\t\t<use href=\"https:\/\/www.homewatch.es\/wp-content\/themes\/inmobasolidbase\/dist\/src\/images\/icons.svg#svgPortfolioIn\"\/>\n\t\t\t<\/svg>\n\t\t<\/a>\n\t\t<picture class=\"ratio ratio-4x3\"><source width=\"1920\" height=\"1080\" srcset=\"https:\/\/media.inmobalia.com\/imgV1\/B8vEv5Xh_VThvnEqMx4G0YtA8lAADdw1sBC5uN5pSX6~ImMWYg0nYa_EPSP~fBpYtvgHs5QKecPwE1~j5DU_pylbu6cBdu0PgVunDxnkMoeY79Gll7Nv5AHhYwCGots7LHLh2U4q9~IGIe5Bej4phvFgGOZLeOvPU8RuOuRy4rdwCt1t4i~8xW89pNa7LjyH.jpg 1920w,https:\/\/media.inmobalia.com\/imgV1\/B8vEv5Xh_Vjzl4qKP9bJW21eHCmW9PWrQV6IDk9EjA79dASSMmDBrXf04FgH6wp0ylU42MWPePEey7rkY1j3kMIGs3YrRSP6UhHPWG1enKzuplcdy8f~NYm7bTbKkeM5EmP_h~MD0AsPjmAvDhD_6y74k1FV4HshYrGJ5kUAdNqSJghA4rcSB~0mHYn3scI-.jpg 1580w,https:\/\/media.inmobalia.com\/imgV1\/B8vEv5Xh~9eLgpFkvD55S4O4_vRpfi7Zj~8WTFZMGThfizi~_Y~NgoiVzdN9MsuXYCpgHq7NOfhSSsV~~CvXOR8biNDSQCuIy3z~JafSwduxBEndespnQYPOGloQON4~nZJ3pL60o43QXKIVksuA2Szl7IO~Udn_esGK4EsQFXvDKDLc9KUaKnzj4icdQw--.jpg 774w\" type=\"image\/webp\"><img loading=\"lazy\" decoding=\"async\" class=\"image-fit\" alt=\"Apartamento de golf de 2 dormitorios en Elviria Hills con piscina comunitaria\" width=\"1920\" height=\"1080\" src=\"https:\/\/media.inmobalia.com\/imgV1\/B8vEv5Xh_VThvnEqMx4G0ZxU~~H0Ar_8Bn_AfAx~4dnt796zQ9QIPwzdr9PkzIdRpbeOYktBAPFfTt23HPhndt5b7cRr2vg76pmKvptCGz41lr5j_cZ0PwgqfugHnT6QRB5L~cz7G~PSlT9TkO4EVPazkVAxUdmfESL0nFZ8o1I-.jpg\"><\/picture>\t\t\t<\/figure>\n\t<div class=\"h-100 d-flex flex-column\">\n\t\t<span class=\"d-block card-area\">\n\t\t\tMarbella Este\t\t<\/span>\n\t\t\n\n\t\t\t<div class=\"card-price d-flex flex-column\">\n\t\t<strong class=\"me-1\">Desde <span data-original-price=\"181\">181\u00a0\u20ac<\/span><span data-period> por dia <\/span><\/strong><strong class=\"me-1\"><span data-original-price=\"2200\">2.200\u00a0\u20ac<\/span><span data-period> montly rental (November-March)<\/span><\/strong>\t\t<\/div>\n\t\n\t\t<ul class=\"card-features list-unstyled d-flex flex-wrap align-items-center mb-0\">\n\t\t\t\t\t\t\t<li class=\"d-flex align-items-center me-3\">\n\t\t\t\t\t2 dormitorios\t\t\t\t<\/li>\n\t\t\t\t\t\t\t<li class=\"d-flex align-items-center me-3\">\n\t\t\t\t\t2 ba\u00f1os\t\t\t\t<\/li>\n\t\t\t\t\t\t\t<li class=\"d-flex align-items-center me-3\">\n\t\t\t\t\t110 m&sup2; construido\t\t\t\t<\/li>\n\t\t\t\t\t<\/ul>\n\t\t<h4 class=\"card-title mb-0\">\n\t\t\t<a class=\"stretched-link\" href=\"\/alquiler\/elviria\/apartamentos-y-pisos\/95\">Apartamento de golf de 2 dormitorios en Elviria Hills con piscina comunitaria<\/a>\n\t\t<\/h4>\n\t\t\t<\/div>\n<\/article>\t\t\t\t\t\t<article class=\"f-carousel__slide card col position-relative flex-column\">\n\t<figure class=\"position-relative w-100 mb-2\">\n\t\t<a class=\"card-portfolio position-absolute\" data-pfl-id=\"402876\" data-pfl-filter=\"rent-short\" href=\"#\">\n\t\t\t<svg width=\"20\" fill=\"currentColor\" viewBox=\"0 0 512 512\">\n\t\t\t\t<use href=\"https:\/\/www.homewatch.es\/wp-content\/themes\/inmobasolidbase\/dist\/src\/images\/icons.svg#svgPortfolio\"\/>\n\t\t\t<\/svg>\n\t\t\t<svg class=\"d-none\" width=\"20\" fill=\"currentColor\" viewBox=\"0 0 512 512\">\n\t\t\t\t<use href=\"https:\/\/www.homewatch.es\/wp-content\/themes\/inmobasolidbase\/dist\/src\/images\/icons.svg#svgPortfolioIn\"\/>\n\t\t\t<\/svg>\n\t\t<\/a>\n\t\t<picture class=\"ratio ratio-4x3\"><source width=\"1920\" height=\"1080\" srcset=\"https:\/\/media.inmobalia.com\/imgV1\/B8vEv5Xh_VThvnEqMx4G0YtA8lAADdw1sBC5uN5pSX6~ImMWYg0nYa_EPSP~fBpYtvgHs5QKecPwE1~j5DU_pylbu6cBdu0PgVunDxnkMoeY79Gll7Nv5AHhYwCGots7LHLh2U9bN7G54~W1TNYzfXp04fHBuTmLSCO45F0F3jaCVYfypuPPbjSyK8TSgDM9.jpg 1920w,https:\/\/media.inmobalia.com\/imgV1\/B8vEv5Xh_Vjzl4qKP9bJW21eHCmW9PWrQV6IDk9EjA79dASSMmDBrXf04FgH6wp0ylU42MWPePEey7rkY1j3kMIGs3YrRSP6UhHPWG1enKzuplcdy8f~NYm7bTbKkeM5EmP_htEjVRdVIZRvQNZ_7DW_NFDUFK~7Ejgj55HA8qiv~7WHllgJqdDqhSHeZJU-.jpg 1580w,https:\/\/media.inmobalia.com\/imgV1\/B8vEv5Xh~9eLgpFkvD55S4O4_vRpfi7Zj~8WTFZMGThfizi~_Y~NgoiVzdN9MsuXYCpgHq7NOfhSSsV~~CvXOR8biNDSQCuIy3z~JafSwduxBEndespnQYPOGloQON4~nZJ2N4IIVHqfmXreKEi_S4CPZIXMM48N1PCmXKSPGwa4MHd2fSTL0cTAPTEabg--.jpg 774w\" type=\"image\/webp\"><img loading=\"lazy\" decoding=\"async\" class=\"image-fit\" alt=\"Villa de lujo primera l\u00ednea 3 dormitorios con vistas al mar en Marbella Este\" width=\"1920\" height=\"1080\" src=\"https:\/\/media.inmobalia.com\/imgV1\/B8vEv5Xh_VThvnEqMx4G0ZxU~~H0Ar_8Bn_AfAx~4dnt796zQ9QIPwzdr9PkzIdRpbeOYktBAPFfTt23HPhndt5b7cRr2vg76pmKvptCGz41lr5j_PDul1nm7PruQp~tCXSOSxOEunuZArSrr2Mq3FucOrELuKCacE0VSaNCPDE-.jpg\"><\/picture>\t\t\t<\/figure>\n\t<div class=\"h-100 d-flex flex-column\">\n\t\t<span class=\"d-block card-area\">\n\t\t\tMarbella Este\t\t<\/span>\n\t\t\n\n\t\t\t<div class=\"card-price d-flex flex-column\">\n\t\t<strong class=\"me-1\">Desde <span data-original-price=\"246\">246\u00a0\u20ac<\/span><span data-period> por dia <\/span><\/strong><strong class=\"me-1\"><span data-original-price=\"4000\">4.000\u00a0\u20ac<\/span><span data-period> montly rental (November-March)<\/span><\/strong>\t\t<\/div>\n\t\n\t\t<ul class=\"card-features list-unstyled d-flex flex-wrap align-items-center mb-0\">\n\t\t\t\t\t\t\t<li class=\"d-flex align-items-center me-3\">\n\t\t\t\t\t3 dormitorios\t\t\t\t<\/li>\n\t\t\t\t\t\t\t<li class=\"d-flex align-items-center me-3\">\n\t\t\t\t\t2 ba\u00f1os\t\t\t\t<\/li>\n\t\t\t\t\t\t\t<li class=\"d-flex align-items-center me-3\">\n\t\t\t\t\t190 m&sup2; construido\t\t\t\t<\/li>\n\t\t\t\t\t\t\t<li class=\"d-flex align-items-center me-3\">\n\t\t\t\t\t30 m&sup2; parcela\t\t\t\t<\/li>\n\t\t\t\t\t<\/ul>\n\t\t<h4 class=\"card-title mb-0\">\n\t\t\t<a class=\"stretched-link\" href=\"\/alquiler\/bahia-de-marbella\/casas\/94\">Villa de lujo primera l\u00ednea 3 dormitorios con vistas al mar en Marbella Este<\/a>\n\t\t<\/h4>\n\t\t\t<\/div>\n<\/article>\t\t\t\t\t\t<article class=\"f-carousel__slide card col position-relative flex-column\">\n\t<figure class=\"position-relative w-100 mb-2\">\n\t\t<a class=\"card-portfolio position-absolute\" data-pfl-id=\"397781\" data-pfl-filter=\"rent-short\" href=\"#\">\n\t\t\t<svg width=\"20\" fill=\"currentColor\" viewBox=\"0 0 512 512\">\n\t\t\t\t<use href=\"https:\/\/www.homewatch.es\/wp-content\/themes\/inmobasolidbase\/dist\/src\/images\/icons.svg#svgPortfolio\"\/>\n\t\t\t<\/svg>\n\t\t\t<svg class=\"d-none\" width=\"20\" fill=\"currentColor\" viewBox=\"0 0 512 512\">\n\t\t\t\t<use href=\"https:\/\/www.homewatch.es\/wp-content\/themes\/inmobasolidbase\/dist\/src\/images\/icons.svg#svgPortfolioIn\"\/>\n\t\t\t<\/svg>\n\t\t<\/a>\n\t\t<picture class=\"ratio ratio-4x3\"><source width=\"1920\" height=\"1080\" srcset=\"https:\/\/media.inmobalia.com\/imgV1\/B8vEv5Xh_VThvnEqMx4G0YtA8lAADdw1sBC5uN5pSX6~ImMWYg0nYa_EPSP~fBpYtvgHs5QKecPwE1~j5DU_pylbu6cBdu0PgVunDxnkMoeY79Gll7Nv5AHhYwCGots7LHLh2U9XayB1939lW6sZisXKZQXKtcOLqu4a~mHvWZACz6BY93_FHHLcfCbFUP_V.jpg 1920w,https:\/\/media.inmobalia.com\/imgV1\/B8vEv5Xh_Vjzl4qKP9bJW21eHCmW9PWrQV6IDk9EjA79dASSMmDBrXf04FgH6wp0ylU42MWPePEey7rkY1j3kMIGs3YrRSP6UhHPWG1enKzuplcdy8f~NYm7bTbKkeM5EmP_ht0Uly3wBJFm7Nd9xhVR~6xf9J2FVmWc0IPVO5TpJ84HSi3kZzXkOQ8T_6g-.jpg 1580w,https:\/\/media.inmobalia.com\/imgV1\/B8vEv5Xh~9eLgpFkvD55S4O4_vRpfi7Zj~8WTFZMGThfizi~_Y~NgoiVzdN9MsuXYCpgHq7NOfhSSsV~~CvXOR8biNDSQCuIy3z~JafSwduxBEndespnQYPOGloQON4~nZJ2O7q6nG2IZ_~yPoSVlIgm34v90YUKtBr5Fqijc1uTe4MZq294W_OKFor33g--.jpg 774w\" type=\"image\/webp\"><img loading=\"lazy\" decoding=\"async\" class=\"image-fit\" alt=\"\u00c1tico de 3 dormitorios con vistas al mar en Nueva Andaluc\u00eda, Marbella\" width=\"1920\" height=\"1080\" src=\"https:\/\/media.inmobalia.com\/imgV1\/B8vEv5Xh_VThvnEqMx4G0ZxU~~H0Ar_8Bn_AfAx~4dnt796zQ9QIPwzdr9PkzIdRpbeOYktBAPFfTt23HPhndt5b7cRr2vg76pmKvptCGz41lr5j_Py2NZbj2EMfCFdEAyZ4sVkQk8YZrP4FlvcwAxRVw5u2Z9dYxWkl8ytjnVQ-.jpg\"><\/picture>\t\t\t<\/figure>\n\t<div class=\"h-100 d-flex flex-column\">\n\t\t<span class=\"d-block card-area\">\n\t\t\tNueva Andalucia\t\t<\/span>\n\t\t\n\n\t\t\t<div class=\"card-price d-flex flex-column\">\n\t\t<strong class=\"me-1\">Desde <span data-original-price=\"98\">98\u00a0\u20ac<\/span><span data-period> por dia <\/span><\/strong><strong class=\"me-1\"><span data-original-price=\"2950\">2.950\u00a0\u20ac<\/span><span data-period> montly rental (November-March)<\/span><\/strong>\t\t<\/div>\n\t\n\t\t<ul class=\"card-features list-unstyled d-flex flex-wrap align-items-center mb-0\">\n\t\t\t\t\t\t\t<li class=\"d-flex align-items-center me-3\">\n\t\t\t\t\t3 dormitorios\t\t\t\t<\/li>\n\t\t\t\t\t\t\t<li class=\"d-flex align-items-center me-3\">\n\t\t\t\t\t3 ba\u00f1os\t\t\t\t<\/li>\n\t\t\t\t\t\t\t<li class=\"d-flex align-items-center me-3\">\n\t\t\t\t\t160 m&sup2; construido\t\t\t\t<\/li>\n\t\t\t\t\t<\/ul>\n\t\t<h4 class=\"card-title mb-0\">\n\t\t\t<a class=\"stretched-link\" href=\"\/alquiler\/vista-real\/aticos\/90\">\u00c1tico de 3 dormitorios con vistas al mar en Nueva Andaluc\u00eda, Marbella<\/a>\n\t\t<\/h4>\n\t\t\t<\/div>\n<\/article>\t\t\t\t\t\t<article class=\"f-carousel__slide card col position-relative flex-column\">\n\t<figure class=\"position-relative w-100 mb-2\">\n\t\t<a class=\"card-portfolio position-absolute\" data-pfl-id=\"395896\" data-pfl-filter=\"rent-short\" href=\"#\">\n\t\t\t<svg width=\"20\" fill=\"currentColor\" viewBox=\"0 0 512 512\">\n\t\t\t\t<use href=\"https:\/\/www.homewatch.es\/wp-content\/themes\/inmobasolidbase\/dist\/src\/images\/icons.svg#svgPortfolio\"\/>\n\t\t\t<\/svg>\n\t\t\t<svg class=\"d-none\" width=\"20\" fill=\"currentColor\" viewBox=\"0 0 512 512\">\n\t\t\t\t<use href=\"https:\/\/www.homewatch.es\/wp-content\/themes\/inmobasolidbase\/dist\/src\/images\/icons.svg#svgPortfolioIn\"\/>\n\t\t\t<\/svg>\n\t\t<\/a>\n\t\t<picture class=\"ratio ratio-4x3\"><source width=\"1920\" height=\"1080\" srcset=\"https:\/\/media.inmobalia.com\/imgV1\/B8vEv5Xh_VThvnEqMx4G0YtA8lAADdw1sBC5uN5pSX6~ImMWYg0nYa_EPSP~fBpYtvgHs5QKecPwE1~j5DU_pylbu6cBdu0PgVunDxnkMoeY79Gll7Nv5AHhYwCGots7LHLh2U9WMuhRk1R7xtx0vkSweDJBiIRYzWIKjz4GyD~QjU1KVpZNq7kz9n58bE3s.jpg 1920w,https:\/\/media.inmobalia.com\/imgV1\/B8vEv5Xh_Vjzl4qKP9bJW21eHCmW9PWrQV6IDk9EjA79dASSMmDBrXf04FgH6wp0ylU42MWPePEey7rkY1j3kMIGs3YrRSP6UhHPWG1enKzuplcdy8f~NYm7bTbKkeM5EmP_htyuVLc7x423SVRWe0oVrZWBDVgda4UJsk5W2Qv7FPsxdXDP48jEaZWSELo-.jpg 1580w,https:\/\/media.inmobalia.com\/imgV1\/B8vEv5Xh~9eLgpFkvD55S4O4_vRpfi7Zj~8WTFZMGThfizi~_Y~NgoiVzdN9MsuXYCpgHq7NOfhSSsV~~CvXOR8biNDSQCuIy3z~JafSwduxBEndespnQYPOGloQON4~nZJ2On5sauvIAUeWLLpv48YIvdolBVUpgHrsUsPfIVVPJEbVLWoS6ZDqkvfAYw--.jpg 774w\" type=\"image\/webp\"><img loading=\"lazy\" decoding=\"async\" class=\"image-fit\" alt=\"Casa adosada de 3 dormitorios con vistas al mar en Sotogrande Costa del Sol\" width=\"1920\" height=\"1080\" src=\"https:\/\/media.inmobalia.com\/imgV1\/B8vEv5Xh_VThvnEqMx4G0ZxU~~H0Ar_8Bn_AfAx~4dnt796zQ9QIPwzdr9PkzIdRpbeOYktBAPFfTt23HPhndt5b7cRr2vg76pmKvptCGz41lr5j_P0Mc3rluvRm5bvOSvSQHutHsIgHL72sC~WP9KPaH8GLsmje2jNjSyViNSc-.jpg\"><\/picture>\t\t\t<\/figure>\n\t<div class=\"h-100 d-flex flex-column\">\n\t\t<span class=\"d-block card-area\">\n\t\t\tNueva Andalucia\t\t<\/span>\n\t\t\n\n\t\t\t<div class=\"card-price d-flex flex-column\">\n\t\t<strong class=\"me-1\">Desde <span data-original-price=\"105\">105\u00a0\u20ac<\/span><span data-period> por dia <\/span><\/strong><strong class=\"me-1\"><span data-original-price=\"3100\">3.100\u00a0\u20ac<\/span><span data-period> montly rental (November-March)<\/span><\/strong>\t\t<\/div>\n\t\n\t\t<ul class=\"card-features list-unstyled d-flex flex-wrap align-items-center mb-0\">\n\t\t\t\t\t\t\t<li class=\"d-flex align-items-center me-3\">\n\t\t\t\t\t3 dormitorios\t\t\t\t<\/li>\n\t\t\t\t\t\t\t<li class=\"d-flex align-items-center me-3\">\n\t\t\t\t\t2 ba\u00f1os\t\t\t\t<\/li>\n\t\t\t\t\t\t\t<li class=\"d-flex align-items-center me-3\">\n\t\t\t\t\t190 m&sup2; construido\t\t\t\t<\/li>\n\t\t\t\t\t<\/ul>\n\t\t<h4 class=\"card-title mb-0\">\n\t\t\t<a class=\"stretched-link\" href=\"\/alquiler\/vista-real\/aticos\/88\">Casa adosada de 3 dormitorios con vistas al mar en Sotogrande Costa del Sol<\/a>\n\t\t<\/h4>\n\t\t\t<\/div>\n<\/article>\t\t\t\t\t\t<article class=\"f-carousel__slide card col position-relative flex-column\">\n\t<figure class=\"position-relative w-100 mb-2\">\n\t\t<a class=\"card-portfolio position-absolute\" data-pfl-id=\"395881\" data-pfl-filter=\"rent-short\" href=\"#\">\n\t\t\t<svg width=\"20\" fill=\"currentColor\" viewBox=\"0 0 512 512\">\n\t\t\t\t<use href=\"https:\/\/www.homewatch.es\/wp-content\/themes\/inmobasolidbase\/dist\/src\/images\/icons.svg#svgPortfolio\"\/>\n\t\t\t<\/svg>\n\t\t\t<svg class=\"d-none\" width=\"20\" fill=\"currentColor\" viewBox=\"0 0 512 512\">\n\t\t\t\t<use href=\"https:\/\/www.homewatch.es\/wp-content\/themes\/inmobasolidbase\/dist\/src\/images\/icons.svg#svgPortfolioIn\"\/>\n\t\t\t<\/svg>\n\t\t<\/a>\n\t\t<picture class=\"ratio ratio-4x3\"><source width=\"1920\" height=\"1080\" srcset=\"https:\/\/media.inmobalia.com\/imgV1\/B8vEv5Xh_VThvnEqMx4G0YtA8lAADdw1sBC5uN5pSX6~ImMWYg0nYa_EPSP~fBpYtvgHs5QKecPwE1~j5DU_pylbu6cBdu0PgVunDxnkMoeY79Gll7Nv5AHhYwCGots7LHLh2U9RsKvX98oha1_jJ3lPH3nLM3djCqn66iRpee3HaORW~VkkLk0gr_mALOXB.jpg 1920w,https:\/\/media.inmobalia.com\/imgV1\/B8vEv5Xh_Vjzl4qKP9bJW21eHCmW9PWrQV6IDk9EjA79dASSMmDBrXf04FgH6wp0ylU42MWPePEey7rkY1j3kMIGs3YrRSP6UhHPWG1enKzuplcdy8f~NYm7bTbKkeM5EmP_htvrSwmB_Z6rPtK7mjGFZTHvreS1Zd0wlci2PG4qykec85lzhbjsPQK~_Ig-.jpg 1580w,https:\/\/media.inmobalia.com\/imgV1\/B8vEv5Xh~9eLgpFkvD55S4O4_vRpfi7Zj~8WTFZMGThfizi~_Y~NgoiVzdN9MsuXYCpgHq7NOfhSSsV~~CvXOR8biNDSQCuIy3z~JafSwduxBEndespnQYPOGloQON4~nZJ2PVX353b34DuUv7u_QqgWB8koF~mK6VaJ2QQ8aqrrvA~_9pRMhsFx67PrSA--.jpg 774w\" type=\"image\/webp\"><img loading=\"lazy\" decoding=\"async\" class=\"image-fit\" alt=\"Casa adosada de 3 dormitorios con vistas al mar en Sotogrande Costa del Sol\" width=\"1920\" height=\"1080\" src=\"https:\/\/media.inmobalia.com\/imgV1\/B8vEv5Xh_VThvnEqMx4G0ZxU~~H0Ar_8Bn_AfAx~4dnt796zQ9QIPwzdr9PkzIdRpbeOYktBAPFfTt23HPhndt5b7cRr2vg76pmKvptCGz41lr5j_PqdOYjKw0LJyTQaDDxs36I2jMmFaErpUQl2~kokrW_uhTJR3rR_CRIG91E-.jpg\"><\/picture>\t\t\t<\/figure>\n\t<div class=\"h-100 d-flex flex-column\">\n\t\t<span class=\"d-block card-area\">\n\t\t\tNueva Andalucia\t\t<\/span>\n\t\t\n\n\t\t\t<div class=\"card-price d-flex flex-column\">\n\t\t<strong class=\"me-1\">Desde <span data-original-price=\"98\">98\u00a0\u20ac<\/span><span data-period> por dia <\/span><\/strong><strong class=\"me-1\"><span data-original-price=\"3500\">3.500\u00a0\u20ac<\/span><span data-period> montly rental (November-March)<\/span><\/strong>\t\t<\/div>\n\t\n\t\t<ul class=\"card-features list-unstyled d-flex flex-wrap align-items-center mb-0\">\n\t\t\t\t\t\t\t<li class=\"d-flex align-items-center me-3\">\n\t\t\t\t\t3 dormitorios\t\t\t\t<\/li>\n\t\t\t\t\t\t\t<li class=\"d-flex align-items-center me-3\">\n\t\t\t\t\t2 ba\u00f1os\t\t\t\t<\/li>\n\t\t\t\t\t\t\t<li class=\"d-flex align-items-center me-3\">\n\t\t\t\t\t259 m&sup2; construido\t\t\t\t<\/li>\n\t\t\t\t\t<\/ul>\n\t\t<h4 class=\"card-title mb-0\">\n\t\t\t<a class=\"stretched-link\" href=\"\/alquiler\/vista-real\/aticos\/89\">Casa adosada de 3 dormitorios con vistas al mar en Sotogrande Costa del Sol<\/a>\n\t\t<\/h4>\n\t\t\t<\/div>\n<\/article>\t\t\t\t\t\t<article class=\"f-carousel__slide card col position-relative flex-column\">\n\t<figure class=\"position-relative w-100 mb-2\">\n\t\t<a class=\"card-portfolio position-absolute\" data-pfl-id=\"395850\" data-pfl-filter=\"rent-short\" href=\"#\">\n\t\t\t<svg width=\"20\" fill=\"currentColor\" viewBox=\"0 0 512 512\">\n\t\t\t\t<use href=\"https:\/\/www.homewatch.es\/wp-content\/themes\/inmobasolidbase\/dist\/src\/images\/icons.svg#svgPortfolio\"\/>\n\t\t\t<\/svg>\n\t\t\t<svg class=\"d-none\" width=\"20\" fill=\"currentColor\" viewBox=\"0 0 512 512\">\n\t\t\t\t<use href=\"https:\/\/www.homewatch.es\/wp-content\/themes\/inmobasolidbase\/dist\/src\/images\/icons.svg#svgPortfolioIn\"\/>\n\t\t\t<\/svg>\n\t\t<\/a>\n\t\t<picture class=\"ratio ratio-4x3\"><source width=\"1920\" height=\"1080\" srcset=\"https:\/\/media.inmobalia.com\/imgV1\/B8vEv5Xh_VThvnEqMx4G0YtA8lAADdw1sBC5uN5pSX6~ImMWYg0nYa_EPSP~fBpYtvgHs5QKecPwE1~j5DU_pylbu6cBdu0PgVunDxnkMoeY79Gll7Nv5AHhYwCGots7LHLh2U9QVWnwUdaPKQ7GTb4eR7HNRZwm5mOG5kKRpv9sSvYZ~P~DByfdYUmXPqIH.jpg 1920w,https:\/\/media.inmobalia.com\/imgV1\/B8vEv5Xh_Vjzl4qKP9bJW21eHCmW9PWrQV6IDk9EjA79dASSMmDBrXf04FgH6wp0ylU42MWPePEey7rkY1j3kMIGs3YrRSP6UhHPWG1enKzuplcdy8f~NYm7bTbKkeM5EmP_htqchwObGUIELaU1KThatuBqBNkMpOy2edBGWgtkwUBfJgYzpYxIZhlRhiI-.jpg 1580w,https:\/\/media.inmobalia.com\/imgV1\/B8vEv5Xh~9eLgpFkvD55S4O4_vRpfi7Zj~8WTFZMGThfizi~_Y~NgoiVzdN9MsuXYCpgHq7NOfhSSsV~~CvXOR8biNDSQCuIy3z~JafSwduxBEndespnQYPOGloQON4~nZJ2PM8B3jLZO0NaX~OUX7R5TyCSrNdeEViw_u8CJhcamOwOUpTDPNHg8i8NQw--.jpg 774w\" type=\"image\/webp\"><img loading=\"lazy\" decoding=\"async\" class=\"image-fit\" alt=\"D\u00faplex de 4 dormitorios junto a la playa con piscina privada en Marbella Este\" width=\"1920\" height=\"1080\" src=\"https:\/\/media.inmobalia.com\/imgV1\/B8vEv5Xh_VThvnEqMx4G0ZxU~~H0Ar_8Bn_AfAx~4dnt796zQ9QIPwzdr9PkzIdRpbeOYktBAPFfTt23HPhndt5b7cRr2vg76pmKvptCGz41lr5j_PsHnwqnfwNYRG1hQeZTYZEr5uSxW06sZ73rXLLTNaWxU5vk~V188ja6t3U-.jpg\"><\/picture>\t\t\t<\/figure>\n\t<div class=\"h-100 d-flex flex-column\">\n\t\t<span class=\"d-block card-area\">\n\t\t\tMarbella Este\t\t<\/span>\n\t\t\n\n\t\t\t<div class=\"card-price d-flex flex-column\">\n\t\t<strong class=\"me-1\">Desde <span data-original-price=\"334\">334\u00a0\u20ac<\/span><span data-period> por dia <\/span><\/strong><strong class=\"me-1\"><span data-original-price=\"3800\">3.800\u00a0\u20ac<\/span><span data-period> montly rental (November-March)<\/span><\/strong>\t\t<\/div>\n\t\n\t\t<ul class=\"card-features list-unstyled d-flex flex-wrap align-items-center mb-0\">\n\t\t\t\t\t\t\t<li class=\"d-flex align-items-center me-3\">\n\t\t\t\t\t4 dormitorios\t\t\t\t<\/li>\n\t\t\t\t\t\t\t<li class=\"d-flex align-items-center me-3\">\n\t\t\t\t\t3 ba\u00f1os\t\t\t\t<\/li>\n\t\t\t\t\t\t\t<li class=\"d-flex align-items-center me-3\">\n\t\t\t\t\t245 m&sup2; construido\t\t\t\t<\/li>\n\t\t\t\t\t\t\t<li class=\"d-flex align-items-center me-3\">\n\t\t\t\t\t1000 m&sup2; parcela\t\t\t\t<\/li>\n\t\t\t\t\t<\/ul>\n\t\t<h4 class=\"card-title mb-0\">\n\t\t\t<a class=\"stretched-link\" href=\"\/alquiler\/las-chapas\/villas-y-chalets\/87\">D\u00faplex de 4 dormitorios junto a la playa con piscina privada en Marbella Este<\/a>\n\t\t<\/h4>\n\t\t\t<\/div>\n<\/article>\t\t\t\t\t\t<article class=\"f-carousel__slide card col position-relative flex-column\">\n\t<figure class=\"position-relative w-100 mb-2\">\n\t\t<a class=\"card-portfolio position-absolute\" data-pfl-id=\"385798\" data-pfl-filter=\"rent-short\" href=\"#\">\n\t\t\t<svg width=\"20\" fill=\"currentColor\" viewBox=\"0 0 512 512\">\n\t\t\t\t<use href=\"https:\/\/www.homewatch.es\/wp-content\/themes\/inmobasolidbase\/dist\/src\/images\/icons.svg#svgPortfolio\"\/>\n\t\t\t<\/svg>\n\t\t\t<svg class=\"d-none\" width=\"20\" fill=\"currentColor\" viewBox=\"0 0 512 512\">\n\t\t\t\t<use href=\"https:\/\/www.homewatch.es\/wp-content\/themes\/inmobasolidbase\/dist\/src\/images\/icons.svg#svgPortfolioIn\"\/>\n\t\t\t<\/svg>\n\t\t<\/a>\n\t\t<picture class=\"ratio ratio-4x3\"><source width=\"1920\" height=\"1080\" srcset=\"https:\/\/media.inmobalia.com\/imgV1\/B8vEv5Xh_VThvnEqMx4G0YtA8lAADdw1sBC5uN5pSX6~ImMWYg0nYa_EPSP~fBpYtvgHs5QKecPwE1~j5DU_pylbu6cBdu0PgVunDxnkMoeY79Gll7Nv5AHhYwCGots7LHLh2DuW3kcyqGmrbZCtbRmzmewW2v3ORza45W8WUNqL1pPRoVRD04OLLdpMOQ5B.jpg 1920w,https:\/\/media.inmobalia.com\/imgV1\/B8vEv5Xh_Vjzl4qKP9bJW21eHCmW9PWrQV6IDk9EjA79dASSMmDBrXf04FgH6wp0ylU42MWPePEey7rkY1j3kMIGs3YrRSP6UhHPWG1enKzuplcdy8f~NYm7bTbKkeM5EmP~DT0Iwyy9TyxNNknmsJMlR6g1lwgIFmlUufX2~gAxe2IsU2OMZAVigT6688o-.jpg 1580w,https:\/\/media.inmobalia.com\/imgV1\/B8vEv5Xh~9eLgpFkvD55S4O4_vRpfi7Zj~8WTFZMGThfizi~_Y~NgoiVzdN9MsuXYCpgHq7NOfhSSsV~~CvXOR8biNDSQCuIy3z~JafSwduxBEndespnQYPOGloQON4~nZO7rq109mDACpr0QOR4bhO71kYULMR_vECFc2N1mY7pVXG2ll1GhhW90G5UtQ--.jpg 774w\" type=\"image\/webp\"><img loading=\"lazy\" decoding=\"async\" class=\"image-fit\" alt=\"Exclusiva Moderna Villa con Piscina Salada y Vistas al Mar en Los Monteros\" width=\"1920\" height=\"1080\" src=\"https:\/\/media.inmobalia.com\/imgV1\/B8vEv5Xh_VThvnEqMx4G0ZxU~~H0Ar_8Bn_AfAx~4dnt796zQ9QIPwzdr9PkzIdRpbeOYktBAPFfTt23HPhndt5b7cRr2vg76pmKvptCGz41lr5iKqGNIqqNZStY8Nn~4SBwTDrSgyWM8QlMHlBRFzOhjJKAuuksPI3i62dM8_s-.jpg\"><\/picture>\t\t\t<\/figure>\n\t<div class=\"h-100 d-flex flex-column\">\n\t\t<span class=\"d-block card-area\">\n\t\t\tMarbella Este\t\t<\/span>\n\t\t\n\n\t\t\t<div class=\"card-price d-flex flex-column\">\n\t\t<strong class=\"me-1\">Desde <span data-original-price=\"3929\">3.929\u00a0\u20ac<\/span><span data-period> por dia <\/span><\/strong>\t\t<\/div>\n\t\n\t\t<ul class=\"card-features list-unstyled d-flex flex-wrap align-items-center mb-0\">\n\t\t\t\t\t\t\t<li class=\"d-flex align-items-center me-3\">\n\t\t\t\t\t7 dormitorios\t\t\t\t<\/li>\n\t\t\t\t\t\t\t<li class=\"d-flex align-items-center me-3\">\n\t\t\t\t\t7 ba\u00f1os\t\t\t\t<\/li>\n\t\t\t\t\t\t\t<li class=\"d-flex align-items-center me-3\">\n\t\t\t\t\t400 m&sup2; construido\t\t\t\t<\/li>\n\t\t\t\t\t\t\t<li class=\"d-flex align-items-center me-3\">\n\t\t\t\t\t800 m&sup2; parcela\t\t\t\t<\/li>\n\t\t\t\t\t<\/ul>\n\t\t<h4 class=\"card-title mb-0\">\n\t\t\t<a class=\"stretched-link\" href=\"\/alquiler\/los-monteros\/villas-y-chalets\/HW319\">Exclusiva Moderna Villa con Piscina Salada y Vistas al Mar en Los Monteros<\/a>\n\t\t<\/h4>\n\t\t\t<\/div>\n<\/article>\t\t\t\t\t\t<article class=\"f-carousel__slide card col position-relative flex-column\">\n\t<figure class=\"position-relative w-100 mb-2\">\n\t\t<a class=\"card-portfolio position-absolute\" data-pfl-id=\"309143\" data-pfl-filter=\"rent-short\" href=\"#\">\n\t\t\t<svg width=\"20\" fill=\"currentColor\" viewBox=\"0 0 512 512\">\n\t\t\t\t<use href=\"https:\/\/www.homewatch.es\/wp-content\/themes\/inmobasolidbase\/dist\/src\/images\/icons.svg#svgPortfolio\"\/>\n\t\t\t<\/svg>\n\t\t\t<svg class=\"d-none\" width=\"20\" fill=\"currentColor\" viewBox=\"0 0 512 512\">\n\t\t\t\t<use href=\"https:\/\/www.homewatch.es\/wp-content\/themes\/inmobasolidbase\/dist\/src\/images\/icons.svg#svgPortfolioIn\"\/>\n\t\t\t<\/svg>\n\t\t<\/a>\n\t\t<picture class=\"ratio ratio-4x3\"><source width=\"1920\" height=\"1080\" srcset=\"https:\/\/media.inmobalia.com\/imgV1\/B8vEv5Xh_VThvnEqMx4G0YtA8lAADdw1sBC5uN5pSX6~ImMWYg0nYa_EPSP~fBpYtvgHs5QKecPwE1~j5DU_pylbu6cBdu0PgVunDxnkMoeY79Gll7Nv5AHhYwCGots7LHLh2DM7TBqYtv~20rmw~quwmXumrM~Supvo0EKgdmGT4V302ZdcSeo3TQwzEKnB.jpg 1920w,https:\/\/media.inmobalia.com\/imgV1\/B8vEv5Xh_Vjzl4qKP9bJW21eHCmW9PWrQV6IDk9EjA79dASSMmDBrXf04FgH6wp0ylU42MWPePEey7rkY1j3kMIGs3YrRSP6UhHPWG1enKzuplcdy8f~NYm7bTbKkeM5EmP~BVJkKuHR265Yf7p4sAUoe7KiAW1YWDKfUdXb3JqCtP308Y2qh_ammMwDlSo-.jpg 1580w,https:\/\/media.inmobalia.com\/imgV1\/B8vEv5Xh~9eLgpFkvD55S4O4_vRpfi7Zj~8WTFZMGThfizi~_Y~NgoiVzdN9MsuXYCpgHq7NOfhSSsV~~CvXOR8biNDSQCuIy3z~JafSwduxBEndespnQYPOGloQON4~nZOzYV4J5CHOQ5bDA3CmsJEq656uXyD068DvTgMxA9Qds6P5NJu2HsSJD6B88g--.jpg 774w\" type=\"image\/webp\"><img loading=\"lazy\" decoding=\"async\" class=\"image-fit\" alt=\"Apartamento de lujo 3 dormitorios Marbella Este con vistas al mar y campo de golf\" width=\"1920\" height=\"1080\" src=\"https:\/\/media.inmobalia.com\/imgV1\/B8vEv5Xh_VThvnEqMx4G0ZxU~~H0Ar_8Bn_AfAx~4dnt796zQ9QIPwzdr9PkzIdRpbeOYktBAPFfTt23HPhndt5b7cRr2vg76pmKvptCGz41lr5iIqssTSElRSPFI_UhXQJxcUkvO~_WNuDSRVKGNs5vmSqJlSwwD1QGuNRJleM-.jpg\"><\/picture>\t\t\t<\/figure>\n\t<div class=\"h-100 d-flex flex-column\">\n\t\t<span class=\"d-block card-area\">\n\t\t\tMarbella Este\t\t<\/span>\n\t\t\n\n\t\t\t<div class=\"card-price d-flex flex-column\">\n\t\t<strong class=\"me-1\">Desde <span data-original-price=\"143\">143\u00a0\u20ac<\/span><span data-period> por dia <\/span><\/strong><strong class=\"me-1\"><span data-original-price=\"2500\">2.500\u00a0\u20ac<\/span><span data-period> montly rental (November-March)<\/span><\/strong>\t\t<\/div>\n\t\n\t\t<ul class=\"card-features list-unstyled d-flex flex-wrap align-items-center mb-0\">\n\t\t\t\t\t\t\t<li class=\"d-flex align-items-center me-3\">\n\t\t\t\t\t3 dormitorios\t\t\t\t<\/li>\n\t\t\t\t\t\t\t<li class=\"d-flex align-items-center me-3\">\n\t\t\t\t\t2 ba\u00f1os\t\t\t\t<\/li>\n\t\t\t\t\t\t\t<li class=\"d-flex align-items-center me-3\">\n\t\t\t\t\t140 m&sup2; construido\t\t\t\t<\/li>\n\t\t\t\t\t<\/ul>\n\t\t<h4 class=\"card-title mb-0\">\n\t\t\t<a class=\"stretched-link\" href=\"\/alquiler\/elviria\/apartamentos-y-pisos\/39\">Apartamento de lujo 3 dormitorios Marbella Este con vistas al mar y campo de golf<\/a>\n\t\t<\/h4>\n\t\t\t<\/div>\n<\/article>\t\t\t\t\t\t<article class=\"f-carousel__slide card col position-relative flex-column\">\n\t<figure class=\"position-relative w-100 mb-2\">\n\t\t<a class=\"card-portfolio position-absolute\" data-pfl-id=\"306202\" data-pfl-filter=\"rent-short\" href=\"#\">\n\t\t\t<svg width=\"20\" fill=\"currentColor\" viewBox=\"0 0 512 512\">\n\t\t\t\t<use href=\"https:\/\/www.homewatch.es\/wp-content\/themes\/inmobasolidbase\/dist\/src\/images\/icons.svg#svgPortfolio\"\/>\n\t\t\t<\/svg>\n\t\t\t<svg class=\"d-none\" width=\"20\" fill=\"currentColor\" viewBox=\"0 0 512 512\">\n\t\t\t\t<use href=\"https:\/\/www.homewatch.es\/wp-content\/themes\/inmobasolidbase\/dist\/src\/images\/icons.svg#svgPortfolioIn\"\/>\n\t\t\t<\/svg>\n\t\t<\/a>\n\t\t<picture class=\"ratio ratio-4x3\"><source width=\"1920\" height=\"1080\" srcset=\"https:\/\/media.inmobalia.com\/imgV1\/B8vEv5Xh_VThvnEqMx4G0YtA8lAADdw1sBC5uN5pSX6~ImMWYg0nYa_EPSP~fBpYtvgHs5QKecPwE1~j5DU_pylbu6cBdu0PgVunDxnkMoeY79Gll7Nv5AHhYwCGots7LHLh2DI5xcVFtQb8afNSG380nQA3qYsfNB0HhGNeOj4Z07apqFiNorRAqKEGsYzI.jpg 1920w,https:\/\/media.inmobalia.com\/imgV1\/B8vEv5Xh_Vjzl4qKP9bJW21eHCmW9PWrQV6IDk9EjA79dASSMmDBrXf04FgH6wp0ylU42MWPePEey7rkY1j3kMIGs3YrRSP6UhHPWG1enKzuplcdy8f~NYm7bTbKkeM5EmP~BJfYx3fY_rTABXXnvF1RoNsabWDmRpfHluYJamRj5leNDIY8GkYpESq1578-.jpg 1580w,https:\/\/media.inmobalia.com\/imgV1\/B8vEv5Xh~9eLgpFkvD55S4O4_vRpfi7Zj~8WTFZMGThfizi~_Y~NgoiVzdN9MsuXYCpgHq7NOfhSSsV~~CvXOR8biNDSQCuIy3z~JafSwduxBEndespnQYPOGloQON4~nZOyd~vf_mSVmk~Ep7Q4cs2y0tBZzJnGDihAVnnalKUIjFwLw0Zx2C3em5M9cA--.jpg 774w\" type=\"image\/webp\"><img loading=\"lazy\" decoding=\"async\" class=\"image-fit\" alt=\"D\u00faplex moderno de 2 dormitorios con piscina privada, vistas al mar y jard\u00edn en Marbella Este\" width=\"1920\" height=\"1080\" src=\"https:\/\/media.inmobalia.com\/imgV1\/B8vEv5Xh_VThvnEqMx4G0ZxU~~H0Ar_8Bn_AfAx~4dnt796zQ9QIPwzdr9PkzIdRpbeOYktBAPFfTt23HPhndt5b7cRr2vg76pmKvptCGz41lr5iIyQDIDKk~XP_ioHNtwL3gxRVgHX_VbeLKOr~rVGpMpVbr7MW0iC_pRYajAQ-.jpg\"><\/picture>\t\t\t<\/figure>\n\t<div class=\"h-100 d-flex flex-column\">\n\t\t<span class=\"d-block card-area\">\n\t\t\tMarbella Este\t\t<\/span>\n\t\t\n\n\t\t\t<div class=\"card-price d-flex flex-column\">\n\t\t<strong class=\"me-1\">Desde <span data-original-price=\"300\">300\u00a0\u20ac<\/span><span data-period> por dia <\/span><\/strong><strong class=\"me-1\"><span data-original-price=\"3900\">3.900\u00a0\u20ac<\/span><span data-period> montly rental (November-March)<\/span><\/strong>\t\t<\/div>\n\t\n\t\t<ul class=\"card-features list-unstyled d-flex flex-wrap align-items-center mb-0\">\n\t\t\t\t\t\t\t<li class=\"d-flex align-items-center me-3\">\n\t\t\t\t\t2 dormitorios\t\t\t\t<\/li>\n\t\t\t\t\t\t\t<li class=\"d-flex align-items-center me-3\">\n\t\t\t\t\t3 ba\u00f1os\t\t\t\t<\/li>\n\t\t\t\t\t\t\t<li class=\"d-flex align-items-center me-3\">\n\t\t\t\t\t190 m&sup2; construido\t\t\t\t<\/li>\n\t\t\t\t\t\t\t<li class=\"d-flex align-items-center me-3\">\n\t\t\t\t\t1000 m&sup2; parcela\t\t\t\t<\/li>\n\t\t\t\t\t<\/ul>\n\t\t<h4 class=\"card-title mb-0\">\n\t\t\t<a class=\"stretched-link\" href=\"\/alquiler\/las-chapas\/villas-y-chalets\/250\">D\u00faplex moderno de 2 dormitorios con piscina privada, vistas al mar y jard\u00edn en Marbella Este<\/a>\n\t\t<\/h4>\n\t\t\t<\/div>\n<\/article>\t\t\t\t\t\t<article class=\"f-carousel__slide card col position-relative flex-column\">\n\t<figure class=\"position-relative w-100 mb-2\">\n\t\t<a class=\"card-portfolio position-absolute\" data-pfl-id=\"296887\" data-pfl-filter=\"rent-short\" href=\"#\">\n\t\t\t<svg width=\"20\" fill=\"currentColor\" viewBox=\"0 0 512 512\">\n\t\t\t\t<use href=\"https:\/\/www.homewatch.es\/wp-content\/themes\/inmobasolidbase\/dist\/src\/images\/icons.svg#svgPortfolio\"\/>\n\t\t\t<\/svg>\n\t\t\t<svg class=\"d-none\" width=\"20\" fill=\"currentColor\" viewBox=\"0 0 512 512\">\n\t\t\t\t<use href=\"https:\/\/www.homewatch.es\/wp-content\/themes\/inmobasolidbase\/dist\/src\/images\/icons.svg#svgPortfolioIn\"\/>\n\t\t\t<\/svg>\n\t\t<\/a>\n\t\t<picture class=\"ratio ratio-4x3\"><source width=\"1920\" height=\"1080\" srcset=\"https:\/\/media.inmobalia.com\/imgV1\/B8vEv5Xh_VThvnEqMx4G0YtA8lAADdw1sBC5uN5pSX6~ImMWYg0nYa_EPSP~fBpYtvgHs5QKecPwE1~j5DU_pylbu6cBdu0PgVunDxnkMoeY79Gll7Nv5AHhYwCGots7LHLh28MPoqA8Xn6QyQVRbEYWo0k8TqOEVWL6g5lujbc8TDWXQdgxjSTaop6weaKq.jpg 1920w,https:\/\/media.inmobalia.com\/imgV1\/B8vEv5Xh_Vjzl4qKP9bJW21eHCmW9PWrQV6IDk9EjA79dASSMmDBrXf04FgH6wp0ylU42MWPePEey7rkY1j3kMIGs3YrRSP6UhHPWG1enKzuplcdy8f~NYm7bTbKkeM5EmP8y7hU5zOWNz8NRe8C7G1nxZKgvh6LIFApyqYTzdJu1g022e_TzVqh_wDnros-.jpg 1580w,https:\/\/media.inmobalia.com\/imgV1\/B8vEv5Xh~9eLgpFkvD55S4O4_vRpfi7Zj~8WTFZMGThfizi~_Y~NgoiVzdN9MsuXYCpgHq7NOfhSSsV~~CvXOR8biNDSQCuIy3z~JafSwduxBEndespnQYPOGloQON4~nZBykMaJ~VmbfTfuS76GzoztOFsnLp5Ii4uzpRJFwnhTg6CrsnLcjunBRqbncQ--.jpg 774w\" type=\"image\/webp\"><img loading=\"lazy\" decoding=\"async\" class=\"image-fit\" alt=\"Villa al lado de la playa con piscina privada en Los Monteros, Marbella\" width=\"1920\" height=\"1080\" src=\"https:\/\/media.inmobalia.com\/imgV1\/B8vEv5Xh_VThvnEqMx4G0ZxU~~H0Ar_8Bn_AfAx~4dnt796zQ9QIPwzdr9PkzIdRpbeOYktBAPFfTt23HPhndt5b7cRr2vg76pmKvptCGz41lr5hWIljy6LFQ2atCqjtvbtxEb0htagIJs1N9OlU5N6qFT0VJE_Y8F26XG~WEEE-.jpg\"><\/picture>\t\t\t<\/figure>\n\t<div class=\"h-100 d-flex flex-column\">\n\t\t<span class=\"d-block card-area\">\n\t\t\tMarbella Este\t\t<\/span>\n\t\t\n\n\t\t\t<div class=\"card-price d-flex flex-column\">\n\t\t<strong class=\"me-1\">Desde <span data-original-price=\"2100\">2.100\u00a0\u20ac<\/span><span data-period> por dia <\/span><\/strong><strong class=\"me-1\"><span data-original-price=\"20000\">20.000\u00a0\u20ac<\/span><span data-period> montly rental (November-March)<\/span><\/strong>\t\t<\/div>\n\t\n\t\t<ul class=\"card-features list-unstyled d-flex flex-wrap align-items-center mb-0\">\n\t\t\t\t\t\t\t<li class=\"d-flex align-items-center me-3\">\n\t\t\t\t\t5 dormitorios\t\t\t\t<\/li>\n\t\t\t\t\t\t\t<li class=\"d-flex align-items-center me-3\">\n\t\t\t\t\t5 ba\u00f1os\t\t\t\t<\/li>\n\t\t\t\t\t\t\t<li class=\"d-flex align-items-center me-3\">\n\t\t\t\t\t574.64 m&sup2; construido\t\t\t\t<\/li>\n\t\t\t\t\t\t\t<li class=\"d-flex align-items-center me-3\">\n\t\t\t\t\t936.35 m&sup2; parcela\t\t\t\t<\/li>\n\t\t\t\t\t<\/ul>\n\t\t<h4 class=\"card-title mb-0\">\n\t\t\t<a class=\"stretched-link\" href=\"\/alquiler\/los-monteros-playa\/villas-y-chalets\/HW220\">Villa al lado de la playa con piscina privada en Los Monteros, Marbella<\/a>\n\t\t<\/h4>\n\t\t\t<\/div>\n<\/article>\t\t\t\t\t\t<article class=\"f-carousel__slide card col position-relative flex-column\">\n\t<figure class=\"position-relative w-100 mb-2\">\n\t\t<a class=\"card-portfolio position-absolute\" data-pfl-id=\"269628\" data-pfl-filter=\"rent-short\" href=\"#\">\n\t\t\t<svg width=\"20\" fill=\"currentColor\" viewBox=\"0 0 512 512\">\n\t\t\t\t<use href=\"https:\/\/www.homewatch.es\/wp-content\/themes\/inmobasolidbase\/dist\/src\/images\/icons.svg#svgPortfolio\"\/>\n\t\t\t<\/svg>\n\t\t\t<svg class=\"d-none\" width=\"20\" fill=\"currentColor\" viewBox=\"0 0 512 512\">\n\t\t\t\t<use href=\"https:\/\/www.homewatch.es\/wp-content\/themes\/inmobasolidbase\/dist\/src\/images\/icons.svg#svgPortfolioIn\"\/>\n\t\t\t<\/svg>\n\t\t<\/a>\n\t\t<picture class=\"ratio ratio-4x3\"><source width=\"1920\" height=\"1080\" srcset=\"https:\/\/media.inmobalia.com\/imgV1\/B8vEv5Xh_VThvnEqMx4G0YtA8lAADdw1sBC5uN5pSX6~ImMWYg0nYa_EPSP~fBpYtvgHs5QKecPwE1~j5DU_pylbu6cBdu0PgVunDxnkMoeY79Gll7Nv5AHhYwCGots7LHLh2s_qhjyxPKkkUSOb7RMJuuQkZktHg895XI5vIsoBDTL_FZ1MrPKIagUXIomn.jpg 1920w,https:\/\/media.inmobalia.com\/imgV1\/B8vEv5Xh_Vjzl4qKP9bJW21eHCmW9PWrQV6IDk9EjA79dASSMmDBrXf04FgH6wp0ylU42MWPePEey7rkY1j3kMIGs3YrRSP6UhHPWG1enKzuplcdy8f~NYm7bTbKkeM5EmP99h08etF~hxPHSdWMAke83~z4EbtDl9B6FarsaTgcgZgb4Vl2Bypdl1OCoD0-.jpg 1580w,https:\/\/media.inmobalia.com\/imgV1\/B8vEv5Xh~9eLgpFkvD55S4O4_vRpfi7Zj~8WTFZMGThfizi~_Y~NgoiVzdN9MsuXYCpgHq7NOfhSSsV~~CvXOR8biNDSQCuIy3z~JafSwduxBEndespnQYPOGloQON4~nZExY~20McLRHyEgw7CWLesb44EtgbZUp_Z_EhhhPel80AkhXMdZ4sPijwnlUA--.jpg 774w\" type=\"image\/webp\"><img loading=\"lazy\" decoding=\"async\" class=\"image-fit\" alt=\"Apartamento de lujo 2 dormitorios Marbella Este con vistas al mar y piscina\" width=\"1920\" height=\"1080\" src=\"https:\/\/media.inmobalia.com\/imgV1\/B8vEv5Xh_VThvnEqMx4G0ZxU~~H0Ar_8Bn_AfAx~4dnt796zQ9QIPwzdr9PkzIdRpbeOYktBAPFfTt23HPhndt5b7cRr2vg76pmKvptCGz41lr5gCWobYZp87YzGx1FoCmax8diCBAdqNOvr6mcPEsnlvRUGt9zM77EqSXVYrvE-.jpg\"><\/picture>\t\t\t<\/figure>\n\t<div class=\"h-100 d-flex flex-column\">\n\t\t<span class=\"d-block card-area\">\n\t\t\tMarbella Este\t\t<\/span>\n\t\t\n\n\t\t\t<div class=\"card-price d-flex flex-column\">\n\t\t<strong class=\"me-1\">Desde <span data-original-price=\"80\">80\u00a0\u20ac<\/span><span data-period> por dia <\/span><\/strong>\t\t<\/div>\n\t\n\t\t<ul class=\"card-features list-unstyled d-flex flex-wrap align-items-center mb-0\">\n\t\t\t\t\t\t\t<li class=\"d-flex align-items-center me-3\">\n\t\t\t\t\t2 dormitorios\t\t\t\t<\/li>\n\t\t\t\t\t\t\t<li class=\"d-flex align-items-center me-3\">\n\t\t\t\t\t2 ba\u00f1os\t\t\t\t<\/li>\n\t\t\t\t\t\t\t<li class=\"d-flex align-items-center me-3\">\n\t\t\t\t\t90 m&sup2; construido\t\t\t\t<\/li>\n\t\t\t\t\t\t\t<li class=\"d-flex align-items-center me-3\">\n\t\t\t\t\t100 m&sup2; parcela\t\t\t\t<\/li>\n\t\t\t\t\t<\/ul>\n\t\t<h4 class=\"card-title mb-0\">\n\t\t\t<a class=\"stretched-link\" href=\"\/alquiler\/samara\/apartamentos-y-pisos\/54\">Apartamento de lujo 2 dormitorios Marbella Este con vistas al mar y piscina<\/a>\n\t\t<\/h4>\n\t\t\t<\/div>\n<\/article>\t\t\t\t\t\t<article class=\"f-carousel__slide card col position-relative flex-column\">\n\t<figure class=\"position-relative w-100 mb-2\">\n\t\t<a class=\"card-portfolio position-absolute\" data-pfl-id=\"269318\" data-pfl-filter=\"rent-short\" href=\"#\">\n\t\t\t<svg width=\"20\" fill=\"currentColor\" viewBox=\"0 0 512 512\">\n\t\t\t\t<use href=\"https:\/\/www.homewatch.es\/wp-content\/themes\/inmobasolidbase\/dist\/src\/images\/icons.svg#svgPortfolio\"\/>\n\t\t\t<\/svg>\n\t\t\t<svg class=\"d-none\" width=\"20\" fill=\"currentColor\" viewBox=\"0 0 512 512\">\n\t\t\t\t<use href=\"https:\/\/www.homewatch.es\/wp-content\/themes\/inmobasolidbase\/dist\/src\/images\/icons.svg#svgPortfolioIn\"\/>\n\t\t\t<\/svg>\n\t\t<\/a>\n\t\t<picture class=\"ratio ratio-4x3\"><source width=\"1920\" height=\"1080\" srcset=\"https:\/\/media.inmobalia.com\/imgV1\/B8vEv5Xh_VThvnEqMx4G0YtA8lAADdw1sBC5uN5pSX6~ImMWYg0nYa_EPSP~fBpYtvgHs5QKecPwE1~j5DU_pylbu6cBdu0PgVunDxnkMoeY79Gll7Nv5AHhYwCGots7LHLh2sBq8iSA4imbcWMIxpDNu2uau~Uyuf34Gh~rmx3Ebw6KvxFdDZshr_Vfet7V.jpg 1920w,https:\/\/media.inmobalia.com\/imgV1\/B8vEv5Xh_Vjzl4qKP9bJW21eHCmW9PWrQV6IDk9EjA79dASSMmDBrXf04FgH6wp0ylU42MWPePEey7rkY1j3kMIGs3YrRSP6UhHPWG1enKzuplcdy8f~NYm7bTbKkeM5EmP9_f4PK1Un_ASU_EWmuV1hus~5ebd1zSsoNn9Y6~k8cV9Z5bzmnSF6MMg1w_8-.jpg 1580w,https:\/\/media.inmobalia.com\/imgV1\/B8vEv5Xh~9eLgpFkvD55S4O4_vRpfi7Zj~8WTFZMGThfizi~_Y~NgoiVzdN9MsuXYCpgHq7NOfhSSsV~~CvXOR8biNDSQCuIy3z~JafSwduxBEndespnQYPOGloQON4~nZE_HqcoCRO1iD6daMrT_QaZ95t_e8v80jgf6XHPMZSzC793LsGX1pODL9wnVg--.jpg 774w\" type=\"image\/webp\"><img loading=\"lazy\" decoding=\"async\" class=\"image-fit\" alt=\"Apartamento de lujo en primera l\u00ednea con jard\u00edn privado y acceso directo a la playa\" width=\"1920\" height=\"1080\" src=\"https:\/\/media.inmobalia.com\/imgV1\/B8vEv5Xh_VThvnEqMx4G0ZxU~~H0Ar_8Bn_AfAx~4dnt796zQ9QIPwzdr9PkzIdRpbeOYktBAPFfTt23HPhndt5b7cRr2vg76pmKvptCGz41lr5gBrJPHrmen~4b0V6GB9EhhlWz4JLnqak~NWhHxWYMAqotoXF9S2S53dfBvHw-.jpg\"><\/picture>\t\t\t<\/figure>\n\t<div class=\"h-100 d-flex flex-column\">\n\t\t<span class=\"d-block card-area\">\n\t\t\tMarbella Este\t\t<\/span>\n\t\t\n\n\t\t\t<div class=\"card-price d-flex flex-column\">\n\t\t<strong class=\"me-1\">Desde <span data-original-price=\"145\">145\u00a0\u20ac<\/span><span data-period> por dia <\/span><\/strong><strong class=\"me-1\"><span data-original-price=\"2500\">2.500\u00a0\u20ac<\/span><span data-period> montly rental (November-March)<\/span><\/strong>\t\t<\/div>\n\t\n\t\t<ul class=\"card-features list-unstyled d-flex flex-wrap align-items-center mb-0\">\n\t\t\t\t\t\t\t<li class=\"d-flex align-items-center me-3\">\n\t\t\t\t\t1 dormitorio\t\t\t\t<\/li>\n\t\t\t\t\t\t\t<li class=\"d-flex align-items-center me-3\">\n\t\t\t\t\t1 ba\u00f1o\t\t\t\t<\/li>\n\t\t\t\t\t\t\t<li class=\"d-flex align-items-center me-3\">\n\t\t\t\t\t90 m&sup2; construido\t\t\t\t<\/li>\n\t\t\t\t\t\t\t<li class=\"d-flex align-items-center me-3\">\n\t\t\t\t\t100 m&sup2; parcela\t\t\t\t<\/li>\n\t\t\t\t\t<\/ul>\n\t\t<h4 class=\"card-title mb-0\">\n\t\t\t<a class=\"stretched-link\" href=\"\/alquiler\/bahia-de-marbella\/apartamentos-planta-baja\/47\">Apartamento de lujo en primera l\u00ednea con jard\u00edn privado y acceso directo a la playa<\/a>\n\t\t<\/h4>\n\t\t\t<\/div>\n<\/article>\t\t\t\t\t\t<article class=\"f-carousel__slide card col position-relative flex-column\">\n\t<figure class=\"position-relative w-100 mb-2\">\n\t\t<a class=\"card-portfolio position-absolute\" data-pfl-id=\"269303\" data-pfl-filter=\"rent-short\" href=\"#\">\n\t\t\t<svg width=\"20\" fill=\"currentColor\" viewBox=\"0 0 512 512\">\n\t\t\t\t<use href=\"https:\/\/www.homewatch.es\/wp-content\/themes\/inmobasolidbase\/dist\/src\/images\/icons.svg#svgPortfolio\"\/>\n\t\t\t<\/svg>\n\t\t\t<svg class=\"d-none\" width=\"20\" fill=\"currentColor\" viewBox=\"0 0 512 512\">\n\t\t\t\t<use href=\"https:\/\/www.homewatch.es\/wp-content\/themes\/inmobasolidbase\/dist\/src\/images\/icons.svg#svgPortfolioIn\"\/>\n\t\t\t<\/svg>\n\t\t<\/a>\n\t\t<picture class=\"ratio ratio-4x3\"><source width=\"1920\" height=\"1080\" srcset=\"https:\/\/media.inmobalia.com\/imgV1\/B8vEv5Xh_VThvnEqMx4G0YtA8lAADdw1sBC5uN5pSX6~ImMWYg0nYa_EPSP~fBpYtvgHs5QKecPwE1~j5DU_pylbu6cBdu0PgVunDxnkMoeY79Gll7Nv5AHhYwCGots7LHLh2sBuVZVkLf6ZlUXqYdcd4czLuC3DUWztWOrEWskboJlgQM3awQgrOBqThK7f.jpg 1920w,https:\/\/media.inmobalia.com\/imgV1\/B8vEv5Xh_Vjzl4qKP9bJW21eHCmW9PWrQV6IDk9EjA79dASSMmDBrXf04FgH6wp0ylU42MWPePEey7rkY1j3kMIGs3YrRSP6UhHPWG1enKzuplcdy8f~NYm7bTbKkeM5EmP9_fr6VrlcZTOqyjF91_tG~DvFamxBXqI1gDb6oQC4e0qvvsLQfC9W8AcApes-.jpg 1580w,https:\/\/media.inmobalia.com\/imgV1\/B8vEv5Xh~9eLgpFkvD55S4O4_vRpfi7Zj~8WTFZMGThfizi~_Y~NgoiVzdN9MsuXYCpgHq7NOfhSSsV~~CvXOR8biNDSQCuIy3z~JafSwduxBEndespnQYPOGloQON4~nZE_GmoaJ4bSqdCEpZEUQ8fIo2gf31i3hINpZjDFl8Pv441Zp48~GwskZ_FE4w--.jpg 774w\" type=\"image\/webp\"><img loading=\"lazy\" decoding=\"async\" class=\"image-fit\" alt=\"Casa vacacional de 2 dormitorios junto a la playa con jard\u00edn privado en Costabella, Marbella Este\" width=\"1920\" height=\"1080\" src=\"https:\/\/media.inmobalia.com\/imgV1\/B8vEv5Xh_VThvnEqMx4G0ZxU~~H0Ar_8Bn_AfAx~4dnt796zQ9QIPwzdr9PkzIdRpbeOYktBAPFfTt23HPhndt5b7cRr2vg76pmKvptCGz41lr5gBrYvo6PxyP6JQ35~SWYf1mbJAt00kBm9rq6VjckOJGcALqhvJ5mllt~ghaI-.jpg\"><\/picture>\t\t\t<\/figure>\n\t<div class=\"h-100 d-flex flex-column\">\n\t\t<span class=\"d-block card-area\">\n\t\t\tMarbella Este\t\t<\/span>\n\t\t\n\n\t\t\t<div class=\"card-price d-flex flex-column\">\n\t\t<strong class=\"me-1\">Desde <span data-original-price=\"107\">107\u00a0\u20ac<\/span><span data-period> por dia <\/span><\/strong><strong class=\"me-1\"><span data-original-price=\"1600\">1.600\u00a0\u20ac<\/span><span data-period> montly rental (November-March)<\/span><\/strong>\t\t<\/div>\n\t\n\t\t<ul class=\"card-features list-unstyled d-flex flex-wrap align-items-center mb-0\">\n\t\t\t\t\t\t\t<li class=\"d-flex align-items-center me-3\">\n\t\t\t\t\t2 dormitorios\t\t\t\t<\/li>\n\t\t\t\t\t\t\t<li class=\"d-flex align-items-center me-3\">\n\t\t\t\t\t1 ba\u00f1o\t\t\t\t<\/li>\n\t\t\t\t\t\t\t<li class=\"d-flex align-items-center me-3\">\n\t\t\t\t\t76 m&sup2; construido\t\t\t\t<\/li>\n\t\t\t\t\t\t\t<li class=\"d-flex align-items-center me-3\">\n\t\t\t\t\t120 m&sup2; parcela\t\t\t\t<\/li>\n\t\t\t\t\t<\/ul>\n\t\t<h4 class=\"card-title mb-0\">\n\t\t\t<a class=\"stretched-link\" href=\"\/alquiler\/costabella\/casas\/65\">Casa vacacional de 2 dormitorios junto a la playa con jard\u00edn privado en Costabella, Marbella Este<\/a>\n\t\t<\/h4>\n\t\t\t<\/div>\n<\/article>\t\t\t\t\t\t<article class=\"f-carousel__slide card col position-relative flex-column\">\n\t<figure class=\"position-relative w-100 mb-2\">\n\t\t<a class=\"card-portfolio position-absolute\" data-pfl-id=\"262125\" data-pfl-filter=\"rent-short\" href=\"#\">\n\t\t\t<svg width=\"20\" fill=\"currentColor\" viewBox=\"0 0 512 512\">\n\t\t\t\t<use href=\"https:\/\/www.homewatch.es\/wp-content\/themes\/inmobasolidbase\/dist\/src\/images\/icons.svg#svgPortfolio\"\/>\n\t\t\t<\/svg>\n\t\t\t<svg class=\"d-none\" width=\"20\" fill=\"currentColor\" viewBox=\"0 0 512 512\">\n\t\t\t\t<use href=\"https:\/\/www.homewatch.es\/wp-content\/themes\/inmobasolidbase\/dist\/src\/images\/icons.svg#svgPortfolioIn\"\/>\n\t\t\t<\/svg>\n\t\t<\/a>\n\t\t<picture class=\"ratio ratio-4x3\"><source width=\"1920\" height=\"1080\" srcset=\"https:\/\/media.inmobalia.com\/imgV1\/B8vEv5Xh_VThvnEqMx4G0YtA8lAADdw1sBC5uN5pSX6~ImMWYg0nYa_EPSP~fBpYtvgHs5QKecPwE1~j5DU_pylbu6cBdu0PgVunDxnkMoeY79Gll7Nv5AHhYwCGots7LBBVxhdfhSOF~iJ3vaW5nO7~84dfwYrZxiAyKIP~~ZT8WKktfmxIviNYbLqr5vP_s4Q-.jpg 1920w,https:\/\/media.inmobalia.com\/imgV1\/B8vEv5Xh_Vjzl4qKP9bJW21eHCmW9PWrQV6IDk9EjA79dASSMmDBrXf04FgH6wp0ylU42MWPePEey7rkY1j3kMIGs3YrRSP6UhHPWG1enKzuplcdy8f~NYm7bTbKkeM5cMglbCsisSvaraDdp~R4KF_Mv9VXNYD3aRXxvVr~irdVoo_IcjOz75t_2GWXUN~rjw--.jpg 1580w,https:\/\/media.inmobalia.com\/imgV1\/B8vEv5Xh~9eLgpFkvD55S4O4_vRpfi7Zj~8WTFZMGThfizi~_Y~NgoiVzdN9MsuXYCpgHq7NOfhSSsV~~CvXOR8biNDSQCuIy3z~JafSwduxBEndespnQYPOGloQON5dAePH3Eyghh4iGfA08TQ~boTBLS4d9Hc_r3079~rrCbjx8E6QWytCkdvQEbCFe3Ta.jpg 774w\" type=\"image\/webp\"><img loading=\"lazy\" decoding=\"async\" class=\"image-fit\" alt=\"Apartamento vacacional de 1 dormitorio en Sotogrande con vistas al golf\" width=\"1920\" height=\"1080\" src=\"https:\/\/media.inmobalia.com\/imgV1\/B8vEv5Xh_VThvnEqMx4G0ZxU~~H0Ar_8Bn_AfAx~4dnt796zQ9QIPwzdr9PkzIdRpbeOYktBAPFfTt23HPhndt5b7cRr2vg76pmKvptCGz419CddFWmhb76SPrrDGJagFjQWYGm89jk8HNDUP1pxBsJXYV63QP7XOMhoRJSv6KSbrQ--.jpg\"><\/picture>\t\t\t<\/figure>\n\t<div class=\"h-100 d-flex flex-column\">\n\t\t<span class=\"d-block card-area\">\n\t\t\tNueva Andalucia\t\t<\/span>\n\t\t\n\n\t\t\t<div class=\"card-price d-flex flex-column\">\n\t\t<strong class=\"me-1\">Desde <span data-original-price=\"69\">69\u00a0\u20ac<\/span><span data-period> por dia <\/span><\/strong><strong class=\"me-1\"><span data-original-price=\"1450\">1.450\u00a0\u20ac<\/span><span data-period> montly rental (November-March)<\/span><\/strong>\t\t<\/div>\n\t\n\t\t<ul class=\"card-features list-unstyled d-flex flex-wrap align-items-center mb-0\">\n\t\t\t\t\t\t\t<li class=\"d-flex align-items-center me-3\">\n\t\t\t\t\t1 dormitorio\t\t\t\t<\/li>\n\t\t\t\t\t\t\t<li class=\"d-flex align-items-center me-3\">\n\t\t\t\t\t2 ba\u00f1os\t\t\t\t<\/li>\n\t\t\t\t\t\t\t<li class=\"d-flex align-items-center me-3\">\n\t\t\t\t\t80 m&sup2; construido\t\t\t\t<\/li>\n\t\t\t\t\t<\/ul>\n\t\t<h4 class=\"card-title mb-0\">\n\t\t\t<a class=\"stretched-link\" href=\"\/alquiler\/la-dama-de-noche\/apartamentos-planta-baja\/35\">Apartamento vacacional de 1 dormitorio en Sotogrande con vistas al golf<\/a>\n\t\t<\/h4>\n\t\t\t<\/div>\n<\/article>\t\t\t\t\t\t<article class=\"f-carousel__slide card col position-relative flex-column\">\n\t<figure class=\"position-relative w-100 mb-2\">\n\t\t<a class=\"card-portfolio position-absolute\" data-pfl-id=\"262094\" data-pfl-filter=\"rent-short\" href=\"#\">\n\t\t\t<svg width=\"20\" fill=\"currentColor\" viewBox=\"0 0 512 512\">\n\t\t\t\t<use href=\"https:\/\/www.homewatch.es\/wp-content\/themes\/inmobasolidbase\/dist\/src\/images\/icons.svg#svgPortfolio\"\/>\n\t\t\t<\/svg>\n\t\t\t<svg class=\"d-none\" width=\"20\" fill=\"currentColor\" viewBox=\"0 0 512 512\">\n\t\t\t\t<use href=\"https:\/\/www.homewatch.es\/wp-content\/themes\/inmobasolidbase\/dist\/src\/images\/icons.svg#svgPortfolioIn\"\/>\n\t\t\t<\/svg>\n\t\t<\/a>\n\t\t<picture class=\"ratio ratio-4x3\"><source width=\"1920\" height=\"1080\" srcset=\"https:\/\/media.inmobalia.com\/imgV1\/B8vEv5Xh_VThvnEqMx4G0YtA8lAADdw1sBC5uN5pSX6~ImMWYg0nYa_EPSP~fBpYtvgHs5QKecPwE1~j5DU_pylbu6cBdu0PgVunDxnkMoeY79Gll7Nv5AHhYwCGots7LBBVx9MG7e72eD7BZ7IScgZjaAignfDjAqZqupUJ5G2NXQZQH0~7ww_KvL6u_uyTMQk-.jpg 1920w,https:\/\/media.inmobalia.com\/imgV1\/B8vEv5Xh_Vjzl4qKP9bJW21eHCmW9PWrQV6IDk9EjA79dASSMmDBrXf04FgH6wp0ylU42MWPePEey7rkY1j3kMIGs3YrRSP6UhHPWG1enKzuplcdy8f~NYm7bTbKkeM5cMgkdAj1uYXMDDJuofoDR2GtcSvtIlJpzXXo463_9MyYU7SJSD0le5WM2USLVgqZNA--.jpg 1580w,https:\/\/media.inmobalia.com\/imgV1\/B8vEv5Xh~9eLgpFkvD55S4O4_vRpfi7Zj~8WTFZMGThfizi~_Y~NgoiVzdN9MsuXYCpgHq7NOfhSSsV~~CvXOR8biNDSQCuIy3z~JafSwduxBEndespnQYPOGloQON5dAeI1SGxaufRuf8bPtIGd9Cigh5Q4Z1FugQGV3je5Ufa5LW45D1tGDDlhDK77QxYW.jpg 774w\" type=\"image\/webp\"><img loading=\"lazy\" decoding=\"async\" class=\"image-fit\" alt=\"\u00c1tico de 4 dormitorios junto a la playa con vistas al mar en Costabella, Marbella Este\" width=\"1920\" height=\"1080\" src=\"https:\/\/media.inmobalia.com\/imgV1\/B8vEv5Xh_VThvnEqMx4G0ZxU~~H0Ar_8Bn_AfAx~4dnt796zQ9QIPwzdr9PkzIdRpbeOYktBAPFfTt23HPhndt5b7cRr2vg76pmKvptCGz419Cdc~gtRjANZPcMNLbjVLFQxV~vewk8ex0BGFVrEBSqW1H3uJdGmSPpmieFszNUH2A--.jpg\"><\/picture>\t\t\t<\/figure>\n\t<div class=\"h-100 d-flex flex-column\">\n\t\t<span class=\"d-block card-area\">\n\t\t\tMarbella Este\t\t<\/span>\n\t\t\n\n\t\t\t<div class=\"card-price d-flex flex-column\">\n\t\t<strong class=\"me-1\">Desde <span data-original-price=\"112\">112\u00a0\u20ac<\/span><span data-period> por dia <\/span><\/strong><strong class=\"me-1\"><span data-original-price=\"1900\">1.900\u00a0\u20ac<\/span><span data-period> montly rental (November-March)<\/span><\/strong>\t\t<\/div>\n\t\n\t\t<ul class=\"card-features list-unstyled d-flex flex-wrap align-items-center mb-0\">\n\t\t\t\t\t\t\t<li class=\"d-flex align-items-center me-3\">\n\t\t\t\t\t4 dormitorios\t\t\t\t<\/li>\n\t\t\t\t\t\t\t<li class=\"d-flex align-items-center me-3\">\n\t\t\t\t\t3 ba\u00f1os\t\t\t\t<\/li>\n\t\t\t\t\t\t\t<li class=\"d-flex align-items-center me-3\">\n\t\t\t\t\t160 m&sup2; construido\t\t\t\t<\/li>\n\t\t\t\t\t\t\t<li class=\"d-flex align-items-center me-3\">\n\t\t\t\t\t360 m&sup2; parcela\t\t\t\t<\/li>\n\t\t\t\t\t<\/ul>\n\t\t<h4 class=\"card-title mb-0\">\n\t\t\t<a class=\"stretched-link\" href=\"\/alquiler\/costabella\/casas\/66\">\u00c1tico de 4 dormitorios junto a la playa con vistas al mar en Costabella, Marbella Este<\/a>\n\t\t<\/h4>\n\t\t\t<\/div>\n<\/article>\t\t\t\t\t\t<article class=\"f-carousel__slide card col position-relative flex-column\">\n\t<figure class=\"position-relative w-100 mb-2\">\n\t\t<a class=\"card-portfolio position-absolute\" data-pfl-id=\"262092\" data-pfl-filter=\"rent-short\" href=\"#\">\n\t\t\t<svg width=\"20\" fill=\"currentColor\" viewBox=\"0 0 512 512\">\n\t\t\t\t<use href=\"https:\/\/www.homewatch.es\/wp-content\/themes\/inmobasolidbase\/dist\/src\/images\/icons.svg#svgPortfolio\"\/>\n\t\t\t<\/svg>\n\t\t\t<svg class=\"d-none\" width=\"20\" fill=\"currentColor\" viewBox=\"0 0 512 512\">\n\t\t\t\t<use href=\"https:\/\/www.homewatch.es\/wp-content\/themes\/inmobasolidbase\/dist\/src\/images\/icons.svg#svgPortfolioIn\"\/>\n\t\t\t<\/svg>\n\t\t<\/a>\n\t\t<picture class=\"ratio ratio-4x3\"><source width=\"1200\" height=\"675\" srcset=\"https:\/\/media.inmobalia.com\/imgV1\/B8vEv5Xh_V8qnoSVk7qSFqTF0IzVRRA8CyHfYqz7g6KcTAfPL7sV7GC77J1A~r1lroa84n0sHf~T0C8yK2phPLP5TcJCWe_smz9HMKAViul8S4X0eVk8DGrTR67M_VBe~Sa6ajO_4eAJonDf97cA~WdAcVvMZzmeqA_wpq3kJLaSxd43c6Nxe7Y991si.jpg 1200w,https:\/\/media.inmobalia.com\/imgV1\/B8vEv5Xh_V8qnoSVk7lzWYOK4ddJYMQONEMpHDBLdBNbXMygBHW86n2cwMIHM5bIfbq4MPlGB66hOI7zKIU2Tp4hBFoOd5y8_onF9k5NzaKnzNvqz~JMdLVe7IiziFAhx8KMOn06qPjoqGjZfa7724T7_bTp2Cs0nLXhOCVT4LYHbFbPmEyVUwmDAehQ.jpg 1200w,https:\/\/media.inmobalia.com\/imgV1\/B8vEv5Xh~9eLgpFkvD55S4O4_vRpfi7Zj~8WTFZMGThfizi~_Y~NgoiVzdN9MsuXYCpgHq7NOfhSSsV~~CvXOR8biNDSQCuIy3z~JafSwduxBEndespnQYPOGloQON5dAeI3~oEGIk391tzPGZleQW1zYEH7LUXjRiHSRae6kJbxBvBbugml5c13~wk-.jpg 774w\" type=\"image\/webp\"><img loading=\"lazy\" decoding=\"async\" class=\"image-fit\" alt=\"Villa d\u00faplex de lujo 6 dormitorios Milla de Oro con piscina privada, vistas al mar y monta\u00f1a\" width=\"1200\" height=\"675\" src=\"https:\/\/media.inmobalia.com\/imgV1\/B8vEv5Xh_V8qnoSVk7qSASjn74Cba02xOISAE9lNaqraa5CpOMK9Nt2JTrsYUiL2RjMMKGoLqNGD1J0sjvO5HdNAAyfvs0isScKXuAfksxjLn5MWrjf4lcoRqJqFs~hLNNms0C5Veqhj3~wutavRQvhE9UodUuYl3_Gbtsc-.jpg\"><\/picture>\t\t\t<\/figure>\n\t<div class=\"h-100 d-flex flex-column\">\n\t\t<span class=\"d-block card-area\">\n\t\t\tMarbella Golden Mile\t\t<\/span>\n\t\t\n\n\t\t\t<div class=\"card-price d-flex flex-column\">\n\t\t<strong class=\"me-1\">Desde <span data-original-price=\"2143\">2.143\u00a0\u20ac<\/span><span data-period> por dia <\/span><\/strong>\t\t<\/div>\n\t\n\t\t<ul class=\"card-features list-unstyled d-flex flex-wrap align-items-center mb-0\">\n\t\t\t\t\t\t\t<li class=\"d-flex align-items-center me-3\">\n\t\t\t\t\t6 dormitorios\t\t\t\t<\/li>\n\t\t\t\t\t\t\t<li class=\"d-flex align-items-center me-3\">\n\t\t\t\t\t5 ba\u00f1os\t\t\t\t<\/li>\n\t\t\t\t\t\t\t<li class=\"d-flex align-items-center me-3\">\n\t\t\t\t\t500 m&sup2; construido\t\t\t\t<\/li>\n\t\t\t\t\t\t\t<li class=\"d-flex align-items-center me-3\">\n\t\t\t\t\t1000 m&sup2; parcela\t\t\t\t<\/li>\n\t\t\t\t\t<\/ul>\n\t\t<h4 class=\"card-title mb-0\">\n\t\t\t<a class=\"stretched-link\" href=\"\/alquiler\/cascada-de-camojan\/villas-y-chalets\/R3204793\">Villa d\u00faplex de lujo 6 dormitorios Milla de Oro con piscina privada, vistas al mar y monta\u00f1a<\/a>\n\t\t<\/h4>\n\t\t\t<\/div>\n<\/article>\t\t\t\t\t\t<article class=\"f-carousel__slide card col position-relative flex-column\">\n\t<figure class=\"position-relative w-100 mb-2\">\n\t\t<a class=\"card-portfolio position-absolute\" data-pfl-id=\"262089\" data-pfl-filter=\"rent-short\" href=\"#\">\n\t\t\t<svg width=\"20\" fill=\"currentColor\" viewBox=\"0 0 512 512\">\n\t\t\t\t<use href=\"https:\/\/www.homewatch.es\/wp-content\/themes\/inmobasolidbase\/dist\/src\/images\/icons.svg#svgPortfolio\"\/>\n\t\t\t<\/svg>\n\t\t\t<svg class=\"d-none\" width=\"20\" fill=\"currentColor\" viewBox=\"0 0 512 512\">\n\t\t\t\t<use href=\"https:\/\/www.homewatch.es\/wp-content\/themes\/inmobasolidbase\/dist\/src\/images\/icons.svg#svgPortfolioIn\"\/>\n\t\t\t<\/svg>\n\t\t<\/a>\n\t\t<picture class=\"ratio ratio-4x3\"><source width=\"1920\" height=\"1080\" srcset=\"https:\/\/media.inmobalia.com\/imgV1\/B8vEv5Xh_VThvnEqMx4G0YtA8lAADdw1sBC5uN5pSX6~ImMWYg0nYa_EPSP~fBpYtvgHs5QKecPwE1~j5DU_pylbu6cBdu0PgVunDxnkMoeY79Gll7Nv5AHhYwCGots7LBBVxBgmwq~gMhho0daZ0IQ5wlC1ZdAsa0JPRXaYHDpg2FWDmFTt3a8ysoGXS8nKjMg-.jpg 1920w,https:\/\/media.inmobalia.com\/imgV1\/B8vEv5Xh_Vjzl4qKP9bJW21eHCmW9PWrQV6IDk9EjA79dASSMmDBrXf04FgH6wp0ylU42MWPePEey7rkY1j3kMIGs3YrRSP6UhHPWG1enKzuplcdy8f~NYm7bTbKkeM5cMgnQKo7qQwr6t~XlBnZO7omCPVfcykbhgn7KowBPGnzc_ItVWgGT5rVVNpVqShDEg--.jpg 1580w,https:\/\/media.inmobalia.com\/imgV1\/B8vEv5Xh~9eLgpFkvD55S4O4_vRpfi7Zj~8WTFZMGThfizi~_Y~NgoiVzdN9MsuXYCpgHq7NOfhSSsV~~CvXOR8biNDSQCuIy3z~JafSwduxBEndespnQYPOGloQON5dAeHlTGVcfrL1MWqNL4ozVVGTbQFZMvb2slCoouMokp0OqWNu5dLjeYy4egCcz7us.jpg 774w\" type=\"image\/webp\"><img loading=\"lazy\" decoding=\"async\" class=\"image-fit\" alt=\"Lujoso \u00e1tico de 3 dormitorios con vistas al mar en primera l\u00ednea Marbella Este\" width=\"1920\" height=\"1080\" src=\"https:\/\/media.inmobalia.com\/imgV1\/B8vEv5Xh_VThvnEqMx4G0ZxU~~H0Ar_8Bn_AfAx~4dnt796zQ9QIPwzdr9PkzIdRpbeOYktBAPFfTt23HPhndt5b7cRr2vg76pmKvptCGz419CdfnCBxswb1iMzMy6dKYUM~~BhwyjPVQ6DbIDyfoeBhlTSttwGkqdgh4c50TV43ZA--.jpg\"><\/picture>\t\t\t<\/figure>\n\t<div class=\"h-100 d-flex flex-column\">\n\t\t<span class=\"d-block card-area\">\n\t\t\tMarbella Este\t\t<\/span>\n\t\t\n\n\t\t\t<div class=\"card-price d-flex flex-column\">\n\t\t<strong class=\"me-1\">Desde <span data-original-price=\"184\">184\u00a0\u20ac<\/span><span data-period> por dia <\/span><\/strong><strong class=\"me-1\"><span data-original-price=\"3000\">3.000\u00a0\u20ac<\/span><span data-period> montly rental (November-March)<\/span><\/strong>\t\t<\/div>\n\t\n\t\t<ul class=\"card-features list-unstyled d-flex flex-wrap align-items-center mb-0\">\n\t\t\t\t\t\t\t<li class=\"d-flex align-items-center me-3\">\n\t\t\t\t\t3 dormitorios\t\t\t\t<\/li>\n\t\t\t\t\t\t\t<li class=\"d-flex align-items-center me-3\">\n\t\t\t\t\t4 ba\u00f1os\t\t\t\t<\/li>\n\t\t\t\t\t\t\t<li class=\"d-flex align-items-center me-3\">\n\t\t\t\t\t200 m&sup2; construido\t\t\t\t<\/li>\n\t\t\t\t\t<\/ul>\n\t\t<h4 class=\"card-title mb-0\">\n\t\t\t<a class=\"stretched-link\" href=\"\/alquiler\/bahia-de-marbella\/casas\/68\">Lujoso \u00e1tico de 3 dormitorios con vistas al mar en primera l\u00ednea Marbella Este<\/a>\n\t\t<\/h4>\n\t\t\t<\/div>\n<\/article>\t\t\t\t\t\t<article class=\"f-carousel__slide card col position-relative flex-column\">\n\t<figure class=\"position-relative w-100 mb-2\">\n\t\t<a class=\"card-portfolio position-absolute\" data-pfl-id=\"262087\" data-pfl-filter=\"rent-short\" href=\"#\">\n\t\t\t<svg width=\"20\" fill=\"currentColor\" viewBox=\"0 0 512 512\">\n\t\t\t\t<use href=\"https:\/\/www.homewatch.es\/wp-content\/themes\/inmobasolidbase\/dist\/src\/images\/icons.svg#svgPortfolio\"\/>\n\t\t\t<\/svg>\n\t\t\t<svg class=\"d-none\" width=\"20\" fill=\"currentColor\" viewBox=\"0 0 512 512\">\n\t\t\t\t<use href=\"https:\/\/www.homewatch.es\/wp-content\/themes\/inmobasolidbase\/dist\/src\/images\/icons.svg#svgPortfolioIn\"\/>\n\t\t\t<\/svg>\n\t\t<\/a>\n\t\t<picture class=\"ratio ratio-4x3\"><source width=\"1920\" height=\"1080\" srcset=\"https:\/\/media.inmobalia.com\/imgV1\/B8vEv5Xh_VThvnEqMx4G0YtA8lAADdw1sBC5uN5pSX6~ImMWYg0nYa_EPSP~fBpYtvgHs5QKecPwE1~j5DU_pylbu6cBdu0PgVunDxnkMoeY79Gll7Nv5AHhYwCGots7LBBVxBZVgEfVONlXQTZ4L1eh7eNUCjGDGM4s0iS~n0jjjPttUbmlfJlV6L0Ei2JhYnQ-.jpg 1920w,https:\/\/media.inmobalia.com\/imgV1\/B8vEv5Xh_Vjzl4qKP9bJW21eHCmW9PWrQV6IDk9EjA79dASSMmDBrXf04FgH6wp0ylU42MWPePEey7rkY1j3kMIGs3YrRSP6UhHPWG1enKzuplcdy8f~NYm7bTbKkeM5cMgnTivvcpfb6ozarazyNbr7T3IRJv5x7NTyRmG~ittSXOc1ghkbQb1Zgw62V9LQWA--.jpg 1580w,https:\/\/media.inmobalia.com\/imgV1\/B8vEv5Xh~9eLgpFkvD55S4O4_vRpfi7Zj~8WTFZMGThfizi~_Y~NgoiVzdN9MsuXYCpgHq7NOfhSSsV~~CvXOR8biNDSQCuIy3z~JafSwduxBEndespnQYPOGloQON5dAeHrR48NKBte7RRoXPcqBqtyMTJWA1XH9tasQsdJjRAcQRqHBSnz2imwLCTOfHOA.jpg 774w\" type=\"image\/webp\"><img loading=\"lazy\" decoding=\"async\" class=\"image-fit\" alt=\"Apartamento d\u00faplex de 3 dormitorios junto a la playa con vistas al mar en Costabella\" width=\"1920\" height=\"1080\" src=\"https:\/\/media.inmobalia.com\/imgV1\/B8vEv5Xh_VThvnEqMx4G0ZxU~~H0Ar_8Bn_AfAx~4dnt796zQ9QIPwzdr9PkzIdRpbeOYktBAPFfTt23HPhndt5b7cRr2vg76pmKvptCGz419CdfktXTAGexGBvvNOQup7h2DS_XyOQ120xaU~AX8nv6nXmryJ9uZweecfWDP4cKtw--.jpg\"><\/picture>\t\t\t<\/figure>\n\t<div class=\"h-100 d-flex flex-column\">\n\t\t<span class=\"d-block card-area\">\n\t\t\tMarbella Este\t\t<\/span>\n\t\t\n\n\t\t\t<div class=\"card-price d-flex flex-column\">\n\t\t<strong class=\"me-1\">Desde <span data-original-price=\"123\">123\u00a0\u20ac<\/span><span data-period> por dia <\/span><\/strong><strong class=\"me-1\"><span data-original-price=\"1900\">1.900\u00a0\u20ac<\/span><span data-period> montly rental (November-March)<\/span><\/strong>\t\t<\/div>\n\t\n\t\t<ul class=\"card-features list-unstyled d-flex flex-wrap align-items-center mb-0\">\n\t\t\t\t\t\t\t<li class=\"d-flex align-items-center me-3\">\n\t\t\t\t\t3 dormitorios\t\t\t\t<\/li>\n\t\t\t\t\t\t\t<li class=\"d-flex align-items-center me-3\">\n\t\t\t\t\t2 ba\u00f1os\t\t\t\t<\/li>\n\t\t\t\t\t\t\t<li class=\"d-flex align-items-center me-3\">\n\t\t\t\t\t130 m&sup2; construido\t\t\t\t<\/li>\n\t\t\t\t\t<\/ul>\n\t\t<h4 class=\"card-title mb-0\">\n\t\t\t<a class=\"stretched-link\" href=\"\/alquiler\/costabella\/aticos\/56\">Apartamento d\u00faplex de 3 dormitorios junto a la playa con vistas al mar en Costabella<\/a>\n\t\t<\/h4>\n\t\t\t<\/div>\n<\/article>\t\t\t\t\t\t<article class=\"f-carousel__slide card col position-relative flex-column\">\n\t<figure class=\"position-relative w-100 mb-2\">\n\t\t<a class=\"card-portfolio position-absolute\" data-pfl-id=\"262086\" data-pfl-filter=\"rent-short\" href=\"#\">\n\t\t\t<svg width=\"20\" fill=\"currentColor\" viewBox=\"0 0 512 512\">\n\t\t\t\t<use href=\"https:\/\/www.homewatch.es\/wp-content\/themes\/inmobasolidbase\/dist\/src\/images\/icons.svg#svgPortfolio\"\/>\n\t\t\t<\/svg>\n\t\t\t<svg class=\"d-none\" width=\"20\" fill=\"currentColor\" viewBox=\"0 0 512 512\">\n\t\t\t\t<use href=\"https:\/\/www.homewatch.es\/wp-content\/themes\/inmobasolidbase\/dist\/src\/images\/icons.svg#svgPortfolioIn\"\/>\n\t\t\t<\/svg>\n\t\t<\/a>\n\t\t<picture class=\"ratio ratio-4x3\"><source width=\"1920\" height=\"1080\" srcset=\"https:\/\/media.inmobalia.com\/imgV1\/B8vEv5Xh_VThvnEqMx4G0YtA8lAADdw1sBC5uN5pSX6~ImMWYg0nYa_EPSP~fBpYtvgHs5QKecPwE1~j5DU_pylbu6cBdu0PgVunDxnkMoeY79Gll7Nv5AHhYwCGots7LBBVxBZVgEWC7QSYbBCBHKAcaSq4UatwyLdd5ZZe1604gZvqX8NSy4_gUfJxMEz6b_Y-.jpg 1920w,https:\/\/media.inmobalia.com\/imgV1\/B8vEv5Xh_Vjzl4qKP9bJW21eHCmW9PWrQV6IDk9EjA79dASSMmDBrXf04FgH6wp0ylU42MWPePEey7rkY1j3kMIGs3YrRSP6UhHPWG1enKzuplcdy8f~NYm7bTbKkeM5cMgnTivvcH5b9QRI1TDIgoEFwFlL2Qe6cjmk5MGfSlipD_E5dbc7SM73FOdXnO2a0Q--.jpg 1580w,https:\/\/media.inmobalia.com\/imgV1\/B8vEv5Xh~9eLgpFkvD55S4O4_vRpfi7Zj~8WTFZMGThfizi~_Y~NgoiVzdN9MsuXYCpgHq7NOfhSSsV~~CvXOR8biNDSQCuIy3z~JafSwduxBEndespnQYPOGloQON5dAeHrR48PL3mDg41C2m~O5V23GZGBPzm2UuqaaY_eTY_KkAF0g3xHRGEXln_3jLdX.jpg 774w\" type=\"image\/webp\"><img loading=\"lazy\" decoding=\"async\" class=\"image-fit\" alt=\"Casa adosada moderna de 1 dormitorio junto a la playa con vistas al mar en Marbella Este\" width=\"1920\" height=\"1080\" src=\"https:\/\/media.inmobalia.com\/imgV1\/B8vEv5Xh_VThvnEqMx4G0ZxU~~H0Ar_8Bn_AfAx~4dnt796zQ9QIPwzdr9PkzIdRpbeOYktBAPFfTt23HPhndt5b7cRr2vg76pmKvptCGz419CdfktXTApJaWslwiwZBsrIXMFE~EH49Uz7lAOOHVhpXKMX_yEp9G_734iPWs9nsOA--.jpg\"><\/picture>\t\t\t<\/figure>\n\t<div class=\"h-100 d-flex flex-column\">\n\t\t<span class=\"d-block card-area\">\n\t\t\tMarbella Este\t\t<\/span>\n\t\t\n\n\t\t\t<div class=\"card-price d-flex flex-column\">\n\t\t<strong class=\"me-1\">Desde <span data-original-price=\"115\">115\u00a0\u20ac<\/span><span data-period> por dia <\/span><\/strong>\t\t<\/div>\n\t\n\t\t<ul class=\"card-features list-unstyled d-flex flex-wrap align-items-center mb-0\">\n\t\t\t\t\t\t\t<li class=\"d-flex align-items-center me-3\">\n\t\t\t\t\t1 dormitorio\t\t\t\t<\/li>\n\t\t\t\t\t\t\t<li class=\"d-flex align-items-center me-3\">\n\t\t\t\t\t1 ba\u00f1o\t\t\t\t<\/li>\n\t\t\t\t\t\t\t<li class=\"d-flex align-items-center me-3\">\n\t\t\t\t\t75 m&sup2; construido\t\t\t\t<\/li>\n\t\t\t\t\t<\/ul>\n\t\t<h4 class=\"card-title mb-0\">\n\t\t\t<a class=\"stretched-link\" href=\"\/alquiler\/costabella\/aticos\/57\">Casa adosada moderna de 1 dormitorio junto a la playa con vistas al mar en Marbella Este<\/a>\n\t\t<\/h4>\n\t\t\t<\/div>\n<\/article>\t\t\t\t\t\t<article class=\"f-carousel__slide card col position-relative flex-column\">\n\t<figure class=\"position-relative w-100 mb-2\">\n\t\t<a class=\"card-portfolio position-absolute\" data-pfl-id=\"262085\" data-pfl-filter=\"rent-short\" href=\"#\">\n\t\t\t<svg width=\"20\" fill=\"currentColor\" viewBox=\"0 0 512 512\">\n\t\t\t\t<use href=\"https:\/\/www.homewatch.es\/wp-content\/themes\/inmobasolidbase\/dist\/src\/images\/icons.svg#svgPortfolio\"\/>\n\t\t\t<\/svg>\n\t\t\t<svg class=\"d-none\" width=\"20\" fill=\"currentColor\" viewBox=\"0 0 512 512\">\n\t\t\t\t<use href=\"https:\/\/www.homewatch.es\/wp-content\/themes\/inmobasolidbase\/dist\/src\/images\/icons.svg#svgPortfolioIn\"\/>\n\t\t\t<\/svg>\n\t\t<\/a>\n\t\t<picture class=\"ratio ratio-4x3\"><source width=\"1200\" height=\"675\" srcset=\"https:\/\/media.inmobalia.com\/imgV1\/B8vEv5Xh_V8qnoSVk7qSFqTF0IzVRRA8CyHfYqz7g6KcTAfPL7sV7GC77J1A~r1lroa84n0sHf~T0C8yK2phPLP5TcJCWe_smz9HMKAViul8S4X0eVk8DGrTR67M_VBe~Sa5Wfg8w3ibPi_bZZ0WLJ4Wd7b7~JtIDeQoCH7gX5Ce2fsuHMEO2W0wsJ6I.jpg 1200w,https:\/\/media.inmobalia.com\/imgV1\/B8vEv5Xh_V8qnoSVk7lzWYOK4ddJYMQONEMpHDBLdBNbXMygBHW86n2cwMIHM5bIfbq4MPlGB66hOI7zKIU2Tp4hBFoOd5y8_onF9k5NzaKnzNvqz~JMdLVe7IiziFAhx8KPAeX5r2GFPVgIJFxPFHhoXvbut1pEL62m_521o3lxSQER8Ffi4YQJ6Ti_.jpg 1200w,https:\/\/media.inmobalia.com\/imgV1\/B8vEv5Xh~9eLgpFkvD55S4O4_vRpfi7Zj~8WTFZMGThfizi~_Y~NgoiVzdN9MsuXYCpgHq7NOfhSSsV~~CvXOR8biNDSQCuIy3z~JafSwduxBEndespnQYPOGloQON5dAeHrR48LlVB2eXtYhY9I_KOplEG23hl3cyBLGLp44KJ51nwJUkKABkfz17k-.jpg 774w\" type=\"image\/webp\"><img loading=\"lazy\" decoding=\"async\" class=\"image-fit\" alt=\"Apartamento vacacional 2 dormitorios primera l\u00ednea playa Marbella Este\" width=\"1200\" height=\"675\" src=\"https:\/\/media.inmobalia.com\/imgV1\/B8vEv5Xh_V8qnoSVk7qSASjn74Cba02xOISAE9lNaqraa5CpOMK9Nt2JTrsYUiL2RjMMKGoLqNGD1J0sjvO5HdNAAyfvs0isScKXuAfksxjLn5D16ZiR~zxuYWZJ6nPZJo81S9qg3fyhAGIvJvMeVEOL_eO_YvqV2upY7gk-.jpg\"><\/picture>\t\t\t<\/figure>\n\t<div class=\"h-100 d-flex flex-column\">\n\t\t<span class=\"d-block card-area\">\n\t\t\tMarbella Este\t\t<\/span>\n\t\t\n\n\t\t\t<div class=\"card-price d-flex flex-column\">\n\t\t<strong class=\"me-1\">Desde <span data-original-price=\"101\">101\u00a0\u20ac<\/span><span data-period> por dia <\/span><\/strong><strong class=\"me-1\"><span data-original-price=\"1450\">1.450\u00a0\u20ac<\/span><span data-period> montly rental (November-March)<\/span><\/strong>\t\t<\/div>\n\t\n\t\t<ul class=\"card-features list-unstyled d-flex flex-wrap align-items-center mb-0\">\n\t\t\t\t\t\t\t<li class=\"d-flex align-items-center me-3\">\n\t\t\t\t\t2 dormitorios\t\t\t\t<\/li>\n\t\t\t\t\t\t\t<li class=\"d-flex align-items-center me-3\">\n\t\t\t\t\t2 ba\u00f1os\t\t\t\t<\/li>\n\t\t\t\t\t\t\t<li class=\"d-flex align-items-center me-3\">\n\t\t\t\t\t90 m&sup2; construido\t\t\t\t<\/li>\n\t\t\t\t\t<\/ul>\n\t\t<h4 class=\"card-title mb-0\">\n\t\t\t<a class=\"stretched-link\" href=\"\/alquiler\/costabella\/apartamentos-y-pisos\/23\">Apartamento vacacional 2 dormitorios primera l\u00ednea playa Marbella Este<\/a>\n\t\t<\/h4>\n\t\t\t<\/div>\n<\/article>\t\t\t\t\t\t<article class=\"f-carousel__slide card col position-relative flex-column\">\n\t<figure class=\"position-relative w-100 mb-2\">\n\t\t<a class=\"card-portfolio position-absolute\" data-pfl-id=\"262081\" data-pfl-filter=\"rent-short\" href=\"#\">\n\t\t\t<svg width=\"20\" fill=\"currentColor\" viewBox=\"0 0 512 512\">\n\t\t\t\t<use href=\"https:\/\/www.homewatch.es\/wp-content\/themes\/inmobasolidbase\/dist\/src\/images\/icons.svg#svgPortfolio\"\/>\n\t\t\t<\/svg>\n\t\t\t<svg class=\"d-none\" width=\"20\" fill=\"currentColor\" viewBox=\"0 0 512 512\">\n\t\t\t\t<use href=\"https:\/\/www.homewatch.es\/wp-content\/themes\/inmobasolidbase\/dist\/src\/images\/icons.svg#svgPortfolioIn\"\/>\n\t\t\t<\/svg>\n\t\t<\/a>\n\t\t<picture class=\"ratio ratio-4x3\"><source width=\"1920\" height=\"1080\" srcset=\"https:\/\/media.inmobalia.com\/imgV1\/B8vEv5Xh_VThvnEqMx4G0YtA8lAADdw1sBC5uN5pSX6~ImMWYg0nYa_EPSP~fBpYtvgHs5QKecPwE1~j5DU_pylbu6cBdu0PgVunDxnkMoeY79Gll7Nv5AHhYwCGots7LBBVxX6EQnX5qGfzgglMr7L3mhsP5GJeeCeeYTn~lrEqjEMIr0Wp0O671WxgTrUkxkQ-.jpg 1920w,https:\/\/media.inmobalia.com\/imgV1\/B8vEv5Xh_Vjzl4qKP9bJW21eHCmW9PWrQV6IDk9EjA79dASSMmDBrXf04FgH6wp0ylU42MWPePEey7rkY1j3kMIGs3YrRSP6UhHPWG1enKzuplcdy8f~NYm7bTbKkeM5cMgmtVXqDDB7t~L7LY5V4VkwwKGGOlcmevnoHrRwJQe5unKgttMFpLbRVQrVVP~jxQ--.jpg 1580w,https:\/\/media.inmobalia.com\/imgV1\/B8vEv5Xh~9eLgpFkvD55S4O4_vRpfi7Zj~8WTFZMGThfizi~_Y~NgoiVzdN9MsuXYCpgHq7NOfhSSsV~~CvXOR8biNDSQCuIy3z~JafSwduxBEndespnQYPOGloQON5dAeCJAI_JrJHzQwsGkHdWTNF036OjNUUXRIWSFVYPsWxTV48xR_iNK0~jK~XNS~6e.jpg 774w\" type=\"image\/webp\"><img loading=\"lazy\" decoding=\"async\" class=\"image-fit\" alt=\"Alquiler vacacional 3 dormitorios con piscina privada climatizable y vistas al mar en La Mairena, Marbella Este\" width=\"1920\" height=\"1080\" src=\"https:\/\/media.inmobalia.com\/imgV1\/B8vEv5Xh_VThvnEqMx4G0ZxU~~H0Ar_8Bn_AfAx~4dnt796zQ9QIPwzdr9PkzIdRpbeOYktBAPFfTt23HPhndt5b7cRr2vg76pmKvptCGz419CdewfI1yC_GJ_98Wzol6z0s58CGWER4wN~ooEcfeefbfm7klzQfJtzcCAAfXg1WpA--.jpg\"><\/picture>\t\t\t<\/figure>\n\t<div class=\"h-100 d-flex flex-column\">\n\t\t<span class=\"d-block card-area\">\n\t\t\tMarbella Este\t\t<\/span>\n\t\t\n\n\t\t\t<div class=\"card-price d-flex flex-column\">\n\t\t<strong class=\"me-1\">Desde <span data-original-price=\"208\">208\u00a0\u20ac<\/span><span data-period> por dia <\/span><\/strong><strong class=\"me-1\"><span data-original-price=\"3000\">3.000\u00a0\u20ac<\/span><span data-period> montly rental (November-March)<\/span><\/strong>\t\t<\/div>\n\t\n\t\t<ul class=\"card-features list-unstyled d-flex flex-wrap align-items-center mb-0\">\n\t\t\t\t\t\t\t<li class=\"d-flex align-items-center me-3\">\n\t\t\t\t\t3 dormitorios\t\t\t\t<\/li>\n\t\t\t\t\t\t\t<li class=\"d-flex align-items-center me-3\">\n\t\t\t\t\t3 ba\u00f1os\t\t\t\t<\/li>\n\t\t\t\t\t\t\t<li class=\"d-flex align-items-center me-3\">\n\t\t\t\t\t180 m&sup2; construido\t\t\t\t<\/li>\n\t\t\t\t\t\t\t<li class=\"d-flex align-items-center me-3\">\n\t\t\t\t\t80 m&sup2; parcela\t\t\t\t<\/li>\n\t\t\t\t\t<\/ul>\n\t\t<h4 class=\"card-title mb-0\">\n\t\t\t<a class=\"stretched-link\" href=\"\/alquiler\/la-mairena\/apartamentos-planta-baja\/46\">Alquiler vacacional 3 dormitorios con piscina privada climatizable y vistas al mar en La Mairena, Marbella Este<\/a>\n\t\t<\/h4>\n\t\t\t<\/div>\n<\/article>\t\t\t\t\t\t<article class=\"f-carousel__slide card col position-relative flex-column\">\n\t<figure class=\"position-relative w-100 mb-2\">\n\t\t<a class=\"card-portfolio position-absolute\" data-pfl-id=\"262075\" data-pfl-filter=\"rent-short\" href=\"#\">\n\t\t\t<svg width=\"20\" fill=\"currentColor\" viewBox=\"0 0 512 512\">\n\t\t\t\t<use href=\"https:\/\/www.homewatch.es\/wp-content\/themes\/inmobasolidbase\/dist\/src\/images\/icons.svg#svgPortfolio\"\/>\n\t\t\t<\/svg>\n\t\t\t<svg class=\"d-none\" width=\"20\" fill=\"currentColor\" viewBox=\"0 0 512 512\">\n\t\t\t\t<use href=\"https:\/\/www.homewatch.es\/wp-content\/themes\/inmobasolidbase\/dist\/src\/images\/icons.svg#svgPortfolioIn\"\/>\n\t\t\t<\/svg>\n\t\t<\/a>\n\t\t<picture class=\"ratio ratio-4x3\"><source width=\"1920\" height=\"1080\" srcset=\"https:\/\/media.inmobalia.com\/imgV1\/B8vEv5Xh_VThvnEqMx4G0YtA8lAADdw1sBC5uN5pSX6~ImMWYg0nYa_EPSP~fBpYtvgHs5QKecPwE1~j5DU_pylbu6cBdu0PgVunDxnkMoeY79Gll7Nv5AHhYwCGots7LBBU9oyP_8JRbMspNj~TD~vpasiQCWoDgtG22yNviLfZVhVClpMg2a739xmjpirVL0E-.jpg 1920w,https:\/\/media.inmobalia.com\/imgV1\/B8vEv5Xh_Vjzl4qKP9bJW21eHCmW9PWrQV6IDk9EjA79dASSMmDBrXf04FgH6wp0ylU42MWPePEey7rkY1j3kMIGs3YrRSP6UhHPWG1enKzuplcdy8f~NYm7bTbKkeM5cMmKitrBBgtglHF5iskx7PR9VJF4fTlOnaXpHPns3e1hLT4GwIYsgaFK_HJF1xP8xw--.jpg 1580w,https:\/\/media.inmobalia.com\/imgV1\/B8vEv5Xh~9eLgpFkvD55S4O4_vRpfi7Zj~8WTFZMGThfizi~_Y~NgoiVzdN9MsuXYCpgHq7NOfhSSsV~~CvXOR8biNDSQCuIy3z~JafSwduxBEndespnQYPOGloQON5dAFcCj5Wuv_5fFN2OLl4fuHJZgRK9G81raqe7BH48JePwE7UvUfPVYq966qN~NO_F.jpg 774w\" type=\"image\/webp\"><img loading=\"lazy\" decoding=\"async\" class=\"image-fit\" alt=\"Villa de 4 dormitorios en primera l\u00ednea de playa con jard\u00edn privado en Costabella, Marbella Este\" width=\"1920\" height=\"1080\" src=\"https:\/\/media.inmobalia.com\/imgV1\/B8vEv5Xh_VThvnEqMx4G0ZxU~~H0Ar_8Bn_AfAx~4dnt796zQ9QIPwzdr9PkzIdRpbeOYktBAPFfTt23HPhndt5b7cRr2vg76pmKvptCGz419CbI43yqDWbAZJN~~zKZmGIQ_uOjZAIhVF4wmeIq~3iEnhljLSz0dL4WzIVLMfwgEA--.jpg\"><\/picture>\t\t\t<\/figure>\n\t<div class=\"h-100 d-flex flex-column\">\n\t\t<span class=\"d-block card-area\">\n\t\t\tMarbella Este\t\t<\/span>\n\t\t\n\n\t\t\t<div class=\"card-price d-flex flex-column\">\n\t\t<strong class=\"me-1\">Desde <span data-original-price=\"164\">164\u00a0\u20ac<\/span><span data-period> por dia <\/span><\/strong>\t\t<\/div>\n\t\n\t\t<ul class=\"card-features list-unstyled d-flex flex-wrap align-items-center mb-0\">\n\t\t\t\t\t\t\t<li class=\"d-flex align-items-center me-3\">\n\t\t\t\t\t4 dormitorios\t\t\t\t<\/li>\n\t\t\t\t\t\t\t<li class=\"d-flex align-items-center me-3\">\n\t\t\t\t\t3 ba\u00f1os\t\t\t\t<\/li>\n\t\t\t\t\t\t\t<li class=\"d-flex align-items-center me-3\">\n\t\t\t\t\t262 m&sup2; construido\t\t\t\t<\/li>\n\t\t\t\t\t\t\t<li class=\"d-flex align-items-center me-3\">\n\t\t\t\t\t626 m&sup2; parcela\t\t\t\t<\/li>\n\t\t\t\t\t<\/ul>\n\t\t<h4 class=\"card-title mb-0\">\n\t\t\t<a class=\"stretched-link\" href=\"\/alquiler\/costabella\/casas\/67\">Villa de 4 dormitorios en primera l\u00ednea de playa con jard\u00edn privado en Costabella, Marbella Este<\/a>\n\t\t<\/h4>\n\t\t\t<\/div>\n<\/article>\t\t\t\t\t\t<article class=\"f-carousel__slide card col position-relative flex-column\">\n\t<figure class=\"position-relative w-100 mb-2\">\n\t\t<a class=\"card-portfolio position-absolute\" data-pfl-id=\"262030\" data-pfl-filter=\"rent-short\" href=\"#\">\n\t\t\t<svg width=\"20\" fill=\"currentColor\" viewBox=\"0 0 512 512\">\n\t\t\t\t<use href=\"https:\/\/www.homewatch.es\/wp-content\/themes\/inmobasolidbase\/dist\/src\/images\/icons.svg#svgPortfolio\"\/>\n\t\t\t<\/svg>\n\t\t\t<svg class=\"d-none\" width=\"20\" fill=\"currentColor\" viewBox=\"0 0 512 512\">\n\t\t\t\t<use href=\"https:\/\/www.homewatch.es\/wp-content\/themes\/inmobasolidbase\/dist\/src\/images\/icons.svg#svgPortfolioIn\"\/>\n\t\t\t<\/svg>\n\t\t<\/a>\n\t\t<picture class=\"ratio ratio-4x3\"><source width=\"1920\" height=\"1080\" srcset=\"https:\/\/media.inmobalia.com\/imgV1\/B8vEv5Xh_VThvnEqMx4G0YtA8lAADdw1sBC5uN5pSX6~ImMWYg0nYa_EPSP~fBpYtvgHs5QKecPwE1~j5DU_pylbu6cBdu0PgVunDxnkMoeY79Gll7Nv5AHhYwCGots7LBBU~NEbsFLPNjNTM6wZ~9EjSPXbyU9uYoDPBf9xDr6PhHKmGEwVYBJUVyKiGq0roKA-.jpg 1920w,https:\/\/media.inmobalia.com\/imgV1\/B8vEv5Xh_Vjzl4qKP9bJW21eHCmW9PWrQV6IDk9EjA79dASSMmDBrXf04FgH6wp0ylU42MWPePEey7rkY1j3kMIGs3YrRSP6UhHPWG1enKzuplcdy8f~NYm7bTbKkeM5cMmAtjV07NIqX7MdJt5q9j_w0wKUeJB4dgXtFXbb8pGaK9t~2KjQcyhlJFgDh_xmkA--.jpg 1580w,https:\/\/media.inmobalia.com\/imgV1\/B8vEv5Xh~9eLgpFkvD55S4O4_vRpfi7Zj~8WTFZMGThfizi~_Y~NgoiVzdN9MsuXYCpgHq7NOfhSSsV~~CvXOR8biNDSQCuIy3z~JafSwduxBEndespnQYPOGloQON5dAF01tB4NjxrT9DtMGjm_P56nHk7FzDg6FL044dGLUs6f9qfWeXGtPHw7MpDtTWz3.jpg 774w\" type=\"image\/webp\"><img loading=\"lazy\" decoding=\"async\" class=\"image-fit\" alt=\"Villa d\u00faplex de lujo con 6 dormitorios, piscina climatizada privada y vistas al mar en Andasol, Marbella Este\" width=\"1920\" height=\"1080\" src=\"https:\/\/media.inmobalia.com\/imgV1\/B8vEv5Xh_VThvnEqMx4G0ZxU~~H0Ar_8Bn_AfAx~4dnt796zQ9QIPwzdr9PkzIdRpbeOYktBAPFfTt23HPhndt5b7cRr2vg76pmKvptCGz419CbCbYVQuFqK9xR9B9gWzo30toUmLfhWO_Rve18~hdZdGgGbOHEsvbkHvHpCpJ4wPQ--.jpg\"><\/picture>\t\t\t<\/figure>\n\t<div class=\"h-100 d-flex flex-column\">\n\t\t<span class=\"d-block card-area\">\n\t\t\tMarbella Este\t\t<\/span>\n\t\t\n\n\t\t\t<div class=\"card-price d-flex flex-column\">\n\t\t<strong class=\"me-1\">Desde <span data-original-price=\"500\">500\u00a0\u20ac<\/span><span data-period> por dia <\/span><\/strong><strong class=\"me-1\"><span data-original-price=\"7000\">7.000\u00a0\u20ac<\/span><span data-period> montly rental (November-March)<\/span><\/strong>\t\t<\/div>\n\t\n\t\t<ul class=\"card-features list-unstyled d-flex flex-wrap align-items-center mb-0\">\n\t\t\t\t\t\t\t<li class=\"d-flex align-items-center me-3\">\n\t\t\t\t\t6 dormitorios\t\t\t\t<\/li>\n\t\t\t\t\t\t\t<li class=\"d-flex align-items-center me-3\">\n\t\t\t\t\t6 ba\u00f1os\t\t\t\t<\/li>\n\t\t\t\t\t\t\t<li class=\"d-flex align-items-center me-3\">\n\t\t\t\t\t450 m&sup2; construido\t\t\t\t<\/li>\n\t\t\t\t\t\t\t<li class=\"d-flex align-items-center me-3\">\n\t\t\t\t\t1000 m&sup2; parcela\t\t\t\t<\/li>\n\t\t\t\t\t<\/ul>\n\t\t<h4 class=\"card-title mb-0\">\n\t\t\t<a class=\"stretched-link\" href=\"\/alquiler\/costabella\/villas-y-chalets\/61\">Villa d\u00faplex de lujo con 6 dormitorios, piscina climatizada privada y vistas al mar en Andasol, Marbella Este<\/a>\n\t\t<\/h4>\n\t\t\t<\/div>\n<\/article>\t\t\t\t\t\t\t\t\t\t\t<\/div>\n\t\t\t\t\t\t\t\t\t\t\t<a class=\"btn btn-inm mt-2 mt-lg-5\" href=\"https:\/\/www.homewatch.es\/inmbuscar?l=es&amp;o=dateCreated+DESC&amp;f=rent-short&amp;curr=EUR&amp;c%5B%5D=c24&amp;a%5B%5D=&amp;t%5B%5D=&amp;dr=&amp;gu=&amp;r=\">\u00a1Alquila ya!<\/a>\n\t\t\t\t\t\t\t\t\t<\/div>\n\t\t\t<\/section>\n\t\t","protected":false},"excerpt":{"rendered":"<p>Marbella es sin\u00f3nimo de sol, mar y estilo de vida mediterr\u00e1neo. Situada en plena Costa del Sol, esta ciudad combina la tradici\u00f3n andaluza de su encantador casco antiguo con la sofisticaci\u00f3n de sus modernos puertos deportivos, campos de golf y restaurantes de renombre. Con m\u00e1s de 300 d\u00edas de sol al a\u00f1o y un clima&#8230;<\/p>\n","protected":false},"author":7,"featured_media":6758,"comment_status":"closed","ping_status":"0","sticky":false,"template":"","format":"standard","meta":{"_acf_changed":false,"footnotes":""},"categories":[26,202],"tags":[264,1431,178,32,1430,36,708,219,1429,1432,221],"class_list":["post-6590","post","type-post","status-publish","format-standard","has-post-thumbnail","hentry","category-guia-de-zonas","category-marbella-es","tag-alquiler-de-apartamentos","tag-andalucia-2","tag-beachclubs-es","tag-costa-del-sol-es","tag-gastronomia-3","tag-marbella-es","tag-playa","tag-propietarios","tag-sol","tag-vacaciones","tag-vendedores"],"acf":[],"_links":{"self":[{"href":"https:\/\/www.homewatch.es\/es\/wp-json\/wp\/v2\/posts\/6590","targetHints":{"allow":["GET"]}}],"collection":[{"href":"https:\/\/www.homewatch.es\/es\/wp-json\/wp\/v2\/posts"}],"about":[{"href":"https:\/\/www.homewatch.es\/es\/wp-json\/wp\/v2\/types\/post"}],"author":[{"embeddable":true,"href":"https:\/\/www.homewatch.es\/es\/wp-json\/wp\/v2\/users\/7"}],"replies":[{"embeddable":true,"href":"https:\/\/www.homewatch.es\/es\/wp-json\/wp\/v2\/comments?post=6590"}],"version-history":[{"count":0,"href":"https:\/\/www.homewatch.es\/es\/wp-json\/wp\/v2\/posts\/6590\/revisions"}],"wp:featuredmedia":[{"embeddable":true,"href":"https:\/\/www.homewatch.es\/es\/wp-json\/wp\/v2\/media\/6758"}],"wp:attachment":[{"href":"https:\/\/www.homewatch.es\/es\/wp-json\/wp\/v2\/media?parent=6590"}],"wp:term":[{"taxonomy":"category","embeddable":true,"href":"https:\/\/www.homewatch.es\/es\/wp-json\/wp\/v2\/categories?post=6590"},{"taxonomy":"post_tag","embeddable":true,"href":"https:\/\/www.homewatch.es\/es\/wp-json\/wp\/v2\/tags?post=6590"}],"curies":[{"name":"wp","href":"https:\/\/api.w.org\/{rel}","templated":true}]}}