{"id":6515,"date":"2025-08-27T11:52:21","date_gmt":"2025-08-27T09:52:21","guid":{"rendered":"https:\/\/www.homewatch.es\/?p=6515"},"modified":"2025-10-29T13:07:53","modified_gmt":"2025-10-29T12:07:53","slug":"istan-un-lugar-perfecto-para-vivir","status":"publish","type":"post","link":"https:\/\/www.homewatch.es\/es\/6515-istan-un-lugar-perfecto-para-vivir","title":{"rendered":"Ist\u00e1n, la joya escondida de la Costa del Sol"},"content":{"rendered":"\n<figure class=\"wp-caption aligncenter\">\n<picture><source width=\"1480\" srcset=\"https:\/\/media.inmobalia.com\/imgV1\/B98Le8~d7M9pwOKhCJcJLIfglZOtvyX13f98gUEkry2AXpxxwVVUW6beaB1ZRkIVKNxBR51u39BkZ2QySePdWLcQCD9XnC9JBdzNhrlkLp1nv5Ungkt68Pa1fikH6gijDkaSkaJVHACtbYV3htG07Nd_BTCghIAQ8d4rDuwbuxCklpE_dIOfsI1emJ_gxXFE_4_wtSn1Y8INu0wmW_TTMWhJyA6P0Z8yXhs3MagL2T2xC6gv8REFATtHhyrhbRtT2Go3Toe9Sn2BBZgKZOSuGU_ZDslmJAiyVHlcv33mHh2ZT7SW~rY0gtmmr8wR5i_4gmgByNnkd0Q-.jpg 1480w\" type=\"image\/webp\"><img decoding=\"async\" class=\"img-fluid \" width=\"1480\" src=\"https:\/\/media.inmobalia.com\/imgV1\/B98Le8~d7M9pwOKhH98twCJY8~z6ePCZX6v4ZExqTG6Ml5IQlnJmWZ1hIUTiCGHmY4iCjLqq~9i8dBo3mh4uIAFOnQVcz4L3e~Q1n5YoKdzO6bEgr5V6viy0TH_7kWTGgeO62d44xNVK5wfWpRRECtE1jvd6PYbJtkP7sVCmFgAuFaYcc5dqtVc_NvthX1E4juPNrC_F1RB8OEiGXe~_E9boJ0_eGlwEN20pBTL9OFCxfzbnKfB7~uwNgr6sGenPvMEKlRsUG7VY3QHCGYNbeQo3CTr592RjQUuTx0hmUUUI~EGTSm5WhQ--.jpg\"><\/picture>\n<figcaption class=\"wp-caption-text\"><\/figcaption>\n<\/figure>\n\n\n\n<p>Ist\u00e1n es un encantador pueblo blanco enclavado en pleno Parque Natural de la Sierra de las Nieves, declarado Reserva de la Biosfera por la UNESCO. Conocido como \u201cEl Manantial de la Costa del Sol\u201d, este rinc\u00f3n andaluz combina naturaleza, tradici\u00f3n y autenticidad a solo 15 kil\u00f3metros de Marbella, lo que lo convierte en un lugar perfecto tanto para escapadas de vacaciones como para quienes buscan un estilo de vida tranquilo y en contacto con la naturaleza.<\/p><div id=\"ez-toc-container\" class=\"ez-toc-v2_0_82_2 counter-hierarchy ez-toc-counter ez-toc-custom ez-toc-container-direction\">\n<div class=\"ez-toc-title-container\">\n<p class=\"ez-toc-title\" style=\"cursor:inherit\">Table of Contents<\/p>\n<span class=\"ez-toc-title-toggle\"><a href=\"#\" class=\"ez-toc-pull-right ez-toc-btn ez-toc-btn-xs ez-toc-btn-default ez-toc-toggle\" aria-label=\"Alternar tabla de contenidos\"><span class=\"ez-toc-js-icon-con\"><span class=\"\"><span class=\"eztoc-hide\" style=\"display:none;\">Toggle<\/span><span class=\"ez-toc-icon-toggle-span\"><svg style=\"fill: #0a0a0a;color:#0a0a0a\" xmlns=\"http:\/\/www.w3.org\/2000\/svg\" class=\"list-377408\" width=\"20px\" height=\"20px\" viewBox=\"0 0 24 24\" fill=\"none\"><path d=\"M6 6H4v2h2V6zm14 0H8v2h12V6zM4 11h2v2H4v-2zm16 0H8v2h12v-2zM4 16h2v2H4v-2zm16 0H8v2h12v-2z\" fill=\"currentColor\"><\/path><\/svg><svg style=\"fill: #0a0a0a;color:#0a0a0a\" class=\"arrow-unsorted-368013\" xmlns=\"http:\/\/www.w3.org\/2000\/svg\" width=\"10px\" height=\"10px\" viewBox=\"0 0 24 24\" version=\"1.2\" baseProfile=\"tiny\"><path d=\"M18.2 9.3l-6.2-6.3-6.2 6.3c-.2.2-.3.4-.3.7s.1.5.3.7c.2.2.4.3.7.3h11c.3 0 .5-.1.7-.3.2-.2.3-.5.3-.7s-.1-.5-.3-.7zM5.8 14.7l6.2 6.3 6.2-6.3c.2-.2.3-.5.3-.7s-.1-.5-.3-.7c-.2-.2-.4-.3-.7-.3h-11c-.3 0-.5.1-.7.3-.2.2-.3.5-.3.7s.1.5.3.7z\"\/><\/svg><\/span><\/span><\/span><\/a><\/span><\/div>\n<nav><ul class='ez-toc-list ez-toc-list-level-1 ' ><li class='ez-toc-page-1 ez-toc-heading-level-2'><a class=\"ez-toc-link ez-toc-heading-1\" href=\"https:\/\/www.homewatch.es\/es\/6515-istan-un-lugar-perfecto-para-vivir\/#%C2%BFDonde_esta_Istan\" >\u00bfD\u00f3nde est\u00e1 Ist\u00e1n?<\/a><\/li><li class='ez-toc-page-1 ez-toc-heading-level-2'><a class=\"ez-toc-link ez-toc-heading-2\" href=\"https:\/\/www.homewatch.es\/es\/6515-istan-un-lugar-perfecto-para-vivir\/#Istan_raices_moriscas_y_esencia_serrana\" >Ist\u00e1n: ra\u00edces moriscas y esencia serrana<\/a><\/li><li class='ez-toc-page-1 ez-toc-heading-level-2'><a class=\"ez-toc-link ez-toc-heading-3\" href=\"https:\/\/www.homewatch.es\/es\/6515-istan-un-lugar-perfecto-para-vivir\/#Tu_estancia_en_Istan\" >Tu estancia en Ist\u00e1n<\/a><\/li><li class='ez-toc-page-1 ez-toc-heading-level-2'><a class=\"ez-toc-link ez-toc-heading-4\" href=\"https:\/\/www.homewatch.es\/es\/6515-istan-un-lugar-perfecto-para-vivir\/#Todo_lo_esencial_en_el_corazon_de_Istan\" >Todo lo esencial en el coraz\u00f3n de Ist\u00e1n<\/a><\/li><li class='ez-toc-page-1 ez-toc-heading-level-2'><a class=\"ez-toc-link ez-toc-heading-5\" href=\"https:\/\/www.homewatch.es\/es\/6515-istan-un-lugar-perfecto-para-vivir\/#Cultura_y_tradicion_en_Istan\" >Cultura y tradici\u00f3n en Ist\u00e1n<\/a><\/li><li class='ez-toc-page-1 ez-toc-heading-level-2'><a class=\"ez-toc-link ez-toc-heading-6\" href=\"https:\/\/www.homewatch.es\/es\/6515-istan-un-lugar-perfecto-para-vivir\/#Que_el_transporte_no_sea_un_problema\" >Que el transporte no sea un problema<\/a><\/li><li class='ez-toc-page-1 ez-toc-heading-level-2'><a class=\"ez-toc-link ez-toc-heading-7\" href=\"https:\/\/www.homewatch.es\/es\/6515-istan-un-lugar-perfecto-para-vivir\/#Un_lugar_para_disfrutar\" >Un lugar para disfrutar<\/a><\/li><li class='ez-toc-page-1 ez-toc-heading-level-2'><a class=\"ez-toc-link ez-toc-heading-8\" href=\"https:\/\/www.homewatch.es\/es\/6515-istan-un-lugar-perfecto-para-vivir\/#Propiedades_en_alquiler_en_Istan_Todas_las_propiedades_en_alquiler_Istan\" >Propiedades en alquiler en Ist\u00e1n\n\t\t\t\t\t\t\t\t\t\t\t\t\t\t\t\tTodas las propiedades en alquiler \/ Ist\u00e1n<\/a><\/li><\/ul><\/nav><\/div>\n\n\n\n\n<figure class=\"position-relative my-5\"><a class=\"position-relative\" href=\"https:\/\/youtu.be\/enJyKXuIi6c\" data-fancybox=\"video\" target=\"_blank\" rel=\"noopener\"><svg class=\"position-absolute top-50 start-50 translate-middle\" width=\"80\" fill=\"#fff\" viewBox=\"0 0 512 512\"><use href=\"https:\/\/www.homewatch.es\/wp-content\/themes\/inmobasolidbase\/dist\/src\/images\/icons.svg#svgPlay\"><\/use><\/svg><picture><source width=\"1920\" srcset=\"https:\/\/media.inmobalia.com\/imgV1\/B98Le8~d7M9k3Degnasou4SeXs2jeTR_PiwwSeLqOqIC4907UpvQnFtJljAkioC7kuEr6Z~ulrAsl79hYMCSS3FSYuQcbaBYNrqllzdqp2BgN7~PFlJGOrpr8kc-.jpg 1920w\" type=\"image\/webp\"><img decoding=\"async\" loading=\"lazy\" class=\"img-fluid d-block w-100 my-4\" alt=\"Ist\u00e1n, la joya escondida de la Costa del Sol\" width=\"1920\" src=\"https:\/\/media.inmobalia.com\/imgV1\/B98Le8~d7M9k3DegigWijpPHfi0CkGBxNjyvwawbHYBfRTOjZB3vLkbI1XjyP3_ABocML9kUhzu8iGvpfnGQ60knD74SUGQNuQodAQ--.jpg\"><\/picture><\/a><script type=\"application\/ld+json\">\n\t\t\t{\n\t\t\t\t\"@context\": \"https:\/\/schema.org\",\n\t\t\t\t\"@type\": \"VideoObject\",\n\t\t\t\t\"name\": \"Ist\u00e1n, la joya escondida de la Costa del Sol\",\n\t\t\t\t\"description\": \"Ist\u00e1n es un encantador pueblo blanco enclavado en pleno Parque Natural de la Sierra de las Nieves, declarado Reserva de...\",\n\t\t\t\t\"thumbnailUrl\": \"https:\/\/img.youtube.com\/vi\/enJyKXuIi6c\/maxresdefault.jpg\",\n\t\t\t\t\"uploadDate\": \"2025-08-27T11:52:21+0200\", \"embedUrl\": \"https:\/\/youtu.be\/enJyKXuIi6c\"\t\t\t\n\t\t\t}\n\t\t\t<\/script><\/figure>\n\n\n<ul class=\"list-unstyled p-4 pb-5 border border-light\"><li class=\"text-black text-uppercase fw-bold mb-3\">\u00cdndice<\/li><li><a href=\"#donde+esta+istan\">\u00bfD\u00f3nde est\u00e1 Ist\u00e1n?<\/a><\/li>\n<li><a href=\"#istan+raices+moriscas+y+esencia+serrana\">Ist\u00e1n: ra\u00edces moriscas y esencia serrana<\/a><\/li>\n<li><a href=\"#tu+estancia+en+istan\">Tu estancia en Ist\u00e1n<\/a><\/li>\n<li><a href=\"#todo+lo+esencial+en+el+corazon+de+istan\">Todo lo esencial en el coraz\u00f3n de Ist\u00e1n<\/a><\/li>\n<li><a href=\"#cultura+y+tradicion+en+istan\">Cultura y tradici\u00f3n en Ist\u00e1n<\/a><\/li>\n<li><a href=\"#que+el+transporte+no+sea+un+problema\">Que el transporte no sea un problema<\/a><\/li>\n<li><a href=\"#un+lugar+para+disfrutar\">Un lugar para disfrutar<\/a><\/li><\/ul>\n\n\n\n<h2 class=\"wp-block-heading\"><span class=\"ez-toc-section\" id=\"%C2%BFDonde_esta_Istan\"><\/span><strong>\u00bfD\u00f3nde est\u00e1 Ist\u00e1n?<\/strong><span class=\"ez-toc-section-end\"><\/span><\/h2>\n\n\n\n<p>Ist\u00e1n es uno de los pueblos blancos m\u00e1s pintorescos de la Costa del Sol, conocido como \u201cEl Manantial de la Costa del Sol\u201d por la pureza de sus aguas y la riqueza natural que lo rodea. Situado en el coraz\u00f3n del <strong>Parque Natural de la Sierra de las Nieves<\/strong>, declarado Reserva de la Biosfera por la UNESCO, ofrece un entorno \u00fanico de monta\u00f1as, bosques y r\u00edos cristalinos que lo convierten en un destino privilegiado para quienes buscan tranquilidad, naturaleza y autenticidad andaluza a solo unos minutos de Marbella.<br><br>A pesar de su ambiente rural y sereno, Ist\u00e1n se encuentra estrat\u00e9gicamente ubicado a <strong>15 km del centro de Marbella<\/strong> y a escasos minutos de la autov\u00eda A-7, lo que garantiza un acceso r\u00e1pido a la costa, al aeropuerto de M\u00e1laga y a otros destinos de la provincia. Esto lo convierte en una opci\u00f3n ideal para quienes desean disfrutar de lo mejor de dos mundos: la paz de la monta\u00f1a y la vitalidad del Mediterr\u00e1neo.<br><br>El pueblo se extiende en las laderas que descienden hacia el <strong>Embalse de la Concepci\u00f3n<\/strong> y el valle del R\u00edo Verde, regalando a sus visitantes y residentes vistas panor\u00e1micas incomparables. Calles estrechas, casas encaladas, fuentes hist\u00f3ricas y rincones llenos de tradici\u00f3n hacen de Ist\u00e1n un lugar aut\u00e9ntico, con un estilo de vida marcado por la naturaleza y la hospitalidad de sus gentes.<\/p>\n\n\n\n<h4 class=\"wp-block-heading\"><br><strong>Distancias desde Ist\u00e1n a puntos clave de la Costa del Sol:<\/strong><\/h4>\n\n\n\n<ul class=\"wp-block-list\">\n<li>Marbella Centro: 15 km \u2013 20 min en coche<\/li>\n\n\n\n<li>Puerto Ban\u00fas: 19 km \u2013 25 min en coche<\/li>\n\n\n\n<li>Milla de Oro: 18 km \u2013 22 min en coche<\/li>\n\n\n\n<li>Nueva Andaluc\u00eda: 18 km \u2013 23 min en coche<\/li>\n\n\n\n<li>San Pedro Alc\u00e1ntara: 22 km \u2013 25 min en coche<\/li>\n\n\n\n<li>Oj\u00e9n: 21 km \u2013 25 min en coche<\/li>\n\n\n\n<li>Aeropuerto de M\u00e1laga: 67 km \u2013 50 min en coche<\/li>\n\n\n\n<li>Gibraltar: 85 km \u2013 1h 10 min en coche<\/li>\n<\/ul>\n\n\n\n<h2 class=\"wp-block-heading\"><span class=\"ez-toc-section\" id=\"Istan_raices_moriscas_y_esencia_serrana\"><\/span><strong>Ist\u00e1n: ra\u00edces moriscas y esencia serrana<\/strong><span class=\"ez-toc-section-end\"><\/span><\/h2>\n\n\n\n<p>A solo 15 kil\u00f3metros de Marbella, Ist\u00e1n se alza como un aut\u00e9ntico pueblo blanco andaluz en plena Sierra de las Nieves. Fundado en el siglo XV como fortaleza musulmana, conserva en su trazado urbano, en sus fuentes y en sus acequias la huella andalus\u00ed que marc\u00f3 su identidad. Tras la Reconquista pas\u00f3 a manos cristianas, pero su esencia morisca sigue viva en las estrechas calles encaladas y en monumentos emblem\u00e1ticos como la <strong>Torre de Escalante<\/strong> y la <strong>Iglesia de San Miguel<\/strong>.<br><br>El agua ha sido siempre protagonista en la historia del pueblo. Durante siglos, molinos movidos por manantiales impulsaron la vida agr\u00edcola y comercial de la zona, convirtiendo a Ist\u00e1n en un enclave vital para los alrededores. Esa herencia sigue presente hoy, no solo en su cultura y tradiciones, sino tambi\u00e9n en la forma en que los vecinos valoran su entorno natural.<br><br>En la actualidad, Ist\u00e1n ha sabido mantener su autenticidad mientras se abre a un turismo respetuoso y a nuevos proyectos residenciales. Combina la calma de la monta\u00f1a con la cercan\u00eda al dinamismo de Marbella, ofreciendo un equilibrio \u00fanico entre pasado, presente y futuro.<\/p>\n\n\n\n<h2 class=\"wp-block-heading\"><span class=\"ez-toc-section\" id=\"Tu_estancia_en_Istan\"><\/span><br><strong>Tu estancia en Ist\u00e1n<\/strong><span class=\"ez-toc-section-end\"><\/span><\/h2>\n\n\n\n<p>Visitar Ist\u00e1n es adentrarse en un lugar donde el tiempo parece ir m\u00e1s despacio. Entre casas encaladas, plazas tranquilas y vistas infinitas a la sierra, cada paseo se convierte en una experiencia aut\u00e9ntica. El murmullo de las fuentes, la hospitalidad de sus gentes y la cercan\u00eda de la naturaleza hacen de este pueblo un rinc\u00f3n perfecto para desconectar, dejarse llevar y descubrir la esencia m\u00e1s pura de la Costa del Sol.<br><\/p>\n\n\n\n<h3 class=\"wp-block-heading\"><strong>Los sabores de Ist\u00e1n: tradici\u00f3n, car\u00e1cter y esencia local<\/strong><br><\/h3>\n\n\n\n<p>En Ist\u00e1n, la gastronom\u00eda forma parte de la experiencia tanto como sus paisajes y sus senderos. Este pueblo blanco esconde rincones donde se respira autenticidad y se disfruta de una cocina que combina ra\u00edces andaluzas con toques de modernidad. Entre calles estrechas, plazas con encanto y vistas a la sierra, encontramos algunos de los lugares imprescindibles para saborear la esencia local.<\/p>\n\n\n\n<h4 class=\"wp-block-heading\"><br><strong><a href=\"https:\/\/raicesrestaurante.es\/\" target=\"_blank\" rel=\"noopener\">Restaurante Ra\u00edces<\/a><\/strong><\/h4>\n\n\n\n<p>Entrar en <strong>Ra\u00edces<\/strong> es descubrir una propuesta gastron\u00f3mica que fusiona la tradici\u00f3n local con un toque de autor. Con un ambiente \u00edntimo y acogedor, es ideal para una cena rom\u00e1ntica o para reponer fuerzas tras una jornada activa en la naturaleza. Su <a href=\"https:\/\/drive.google.com\/drive\/folders\/1LIV9kK3W4zmInxCpU_eVDzBJ4j543t_o\" target=\"_blank\" rel=\"noopener\">carta<\/a> destaca por reinterpretar los sabores de la sierra con creatividad, ofreciendo una experiencia culinaria diferente pero fiel al car\u00e1cter del pueblo. <br><br>Adem\u00e1s, su ubicaci\u00f3n es inmejorable: est\u00e1 situado junto a la piscina municipal, a la que podr\u00e1s acceder, con grandes cristaleras y vistas espectaculares a la sierra.<\/p>\n\n\n\n<ul class=\"wp-block-list\">\n<li><strong><a href=\"http:\/\/google.com\/maps?hl=es&amp;gl=es&amp;um=1&amp;ie=UTF-8&amp;fb=1&amp;sa=X&amp;ftid=0xd72d717155da0ad:0x3277f5e88cc21c00\" target=\"_blank\" rel=\"noopener\">DIRECCI\u00d3N<\/a>:<\/strong> Instalaciones deportivas, Camino del Nacimiento s\/n, 29611 Ist\u00e1n<\/li>\n\n\n\n<li><strong>TEL\u00c9FONO:<\/strong> +34 722 79 80 93<\/li>\n\n\n\n<li><strong>HORARIO: Martes y Mi\u00e9rcoles 13:00 - 16:00 , Jueves y Viernes 13:00- 16:00 y 20:00 - 23:00 , S\u00e1bado y Domingo 13:00- 17:00 y 20:00 - 23:00<\/strong><\/li>\n\n\n\n<li><strong>INTERVALO DE PRECIOS: &nbsp;\u20ac\u20ac - \u20ac\u20ac\u20ac<\/strong><\/li>\n<\/ul>\n\n\n\n<h4 class=\"wp-block-heading\"><br><strong>Restaurante El Bar\u00f3n<\/strong><\/h4>\n\n\n\n<p>Situado en una antigua casa cerca de la plaza principal, <strong>El Bar\u00f3n<\/strong> es un cl\u00e1sico de Ist\u00e1n. Su propuesta se centra en la cocina andaluza m\u00e1s aut\u00e9ntica, con platos de cuchara, guisos caseros y carnes preparadas al estilo tradicional. El ambiente r\u00fastico y familiar invita a saborear la experiencia con calma, como si se estuviera comiendo en la mesa de siempre.<\/p>\n\n\n\n<ul class=\"wp-block-list\">\n<li><strong><a href=\"https:\/\/www.google.com\/maps\/place\/\/data=!4m2!3m1!1s0xd72d6c5edf2a19b:0x5ae9d2caffb95930?sa=X&amp;ved=1t:8290&amp;ictx=111\" target=\"_blank\" rel=\"noopener\">DIRECCI\u00d3N<\/a>:<\/strong> <strong>&nbsp;<\/strong>C. Marbella, 8, 29611 Ist\u00e1n, M\u00e1laga<\/li>\n\n\n\n<li><strong>TEL\u00c9FONO:<\/strong> <a href=\"https:\/\/www.google.com\/search?q=Restaurante+El+Bar%C3%B3n%0D%0A&amp;sca_esv=e27c33830ba3d43f&amp;rlz=1C5CHFA_enES1173ES1173&amp;sxsrf=AE3TifOHJ330HNOohJvFMskH27UqZhhHOQ%3A1756216604347&amp;ei=HL2taKf4FNf5kdUPyKHkgQ4&amp;ved=0ahUKEwin9ubW0KiPAxXXfKQEHcgQOeAQ4dUDCBA&amp;uact=5&amp;oq=Restaurante+El+Bar%C3%B3n%0D%0A&amp;gs_lp=Egxnd3Mtd2l6LXNlcnAiFlJlc3RhdXJhbnRlIEVsIEJhcsOzbgoyBxAjGCcY6gIyBxAjGCcY6gIyBxAjGCcY6gIyBxAjGCcY6gIyBxAjGCcY6gIyBxAjGCcY6gIyBxAjGCcY6gIyBxAjGCcY6gIyBxAjGCcY6gIyBxAjGCcY6gJIpApQyQdYyQdwAXgAkAEAmAEAoAEAqgEAuAEDyAEA-AEB-AECmAIBoAIIqAIKmAMI8QWSlNMNLI5bMJIHATGgBwCyBwC4BwDCBwMyLTHIBwY&amp;sclient=gws-wiz-serp#\" target=\"_blank\" rel=\"noopener\">637 45 56 27<\/a><\/li>\n\n\n\n<li><strong>HORARIO:<\/strong> Martes - Domingo&nbsp; 11:00 - 17:00&nbsp;<\/li>\n\n\n\n<li><strong>INTERVALO DE PRECIOS: &nbsp;\u20ac - \u20ac\u20ac<\/strong><\/li>\n<\/ul>\n\n\n\n<h4 class=\"wp-block-heading\">&nbsp;<br><strong><a href=\"https:\/\/barelcalvario.webador.es\/\" target=\"_blank\" rel=\"noopener\">Bar El Calvario<\/a> <\/strong><\/h4>\n\n\n\n<p><strong>El Calvario<\/strong> representa la esencia de los bares de pueblo: cercano, sencillo y aut\u00e9ntico. Es el lugar donde vecinos y visitantes se re\u00fanen para compartir tapas, vinos locales y largas conversaciones en un ambiente distendido. Un punto de encuentro imprescindible para sentir el pulso de la vida cotidiana de Ist\u00e1n. Aqu\u00ed puedes echarle un vistazo a la <a href=\"https:\/\/barelcalvario.webador.es\/carta\" target=\"_blank\" rel=\"noopener\">carta<\/a>. <\/p>\n\n\n\n<ul class=\"wp-block-list\">\n<li><strong><a href=\"https:\/\/www.google.com\/maps\/place\/\/data=!4m2!3m1!1s0xd72d74047166f01:0xf2fd1b08c9a35dbc?sa=X&amp;ved=1t:8290&amp;ictx=111\" target=\"_blank\" rel=\"noopener\">DIRECCI\u00d3N<\/a>:<\/strong> Calle Calvario,32,&nbsp; 29611 Ist\u00e1n <\/li>\n\n\n\n<li><strong>TEL\u00c9FONO:<\/strong> <a href=\"https:\/\/www.google.com\/search?q=Restaurante+El+Calvario+&amp;sca_esv=e27c33830ba3d43f&amp;rlz=1C5CHFA_enES1173ES1173&amp;sxsrf=AE3TifOlYcIBu42YqB4V46l6DMa6kxKxZg%3A1756216928817&amp;ei=YL6taO3NMaPxi-gPsdTdaQ&amp;ved=0ahUKEwjt_cLx0aiPAxWj-AIHHTFqNw0Q4dUDCBA&amp;uact=5&amp;oq=Restaurante+El+Calvario+&amp;gs_lp=Egxnd3Mtd2l6LXNlcnAiGFJlc3RhdXJhbnRlIEVsIENhbHZhcmlvIDIFEAAYgAQyBRAAGIAEMgUQABiABDIFEAAYgAQyBRAAGIAEMgUQABiABDIFEAAYgAQyBhAAGBYYHjIGEAAYFhgeMgYQABgWGB5IhjlQyiJY6zdwBXgAkAEDmAGtAaABrw-qAQQyLjEzuAEDyAEA-AEBmAIQoAK6C8ICChAAGLADGNYEGEfCAg0QABiABBiwAxhDGIoFwgIKECMYgAQYJxiKBcICChAAGIAEGEMYigXCAgsQLhiABBjHARivAcICEBAuGIAEGEMYxwEYigUYrwHCAg4QLhiABBjHARiOBRivAcICCBAAGIAEGMsBmAMAiAYBkAYKkgcENi4xMKAHtOQBsgcEMS4xMLgHpAvCBwYwLjEuMTXIB0E&amp;sclient=gws-wiz-serp#\" target=\"_blank\" rel=\"noopener\">626 01 81 21<\/a><\/li>\n\n\n\n<li><strong>HORARIO:<\/strong>   Viernes y S\u00e1bado 10:00h - 23:30h, Domingo 10:00 - 23:00. En OTO\u00d1O-INVIERNO-PRIMAVERA los Domingos 10:00 - 19:00 <\/li>\n\n\n\n<li><strong>INTERVALO DE PRECIOS: &nbsp;\u20ac - \u20ac\u20ac<\/strong><\/li>\n<\/ul>\n\n\n\n<h3 class=\"wp-block-heading\"><strong>Aqu\u00ed el deporte se vive en plena naturaleza<\/strong><\/h3>\n\n\n\n<p>Ist\u00e1n es el destino ideal para quienes disfrutan de un estilo de vida activo rodeado de monta\u00f1a y aire puro. Su enclave privilegiado en el Parque Nacional de la Sierra de las Nieves convierte cada actividad en una experiencia \u00fanica, ya sea practicando deporte en sus instalaciones municipales o recorriendo senderos que conducen a rincones espectaculares.<\/p>\n\n\n\n<h4 class=\"wp-block-heading\"><a href=\"https:\/\/manolosantana.es\/en\/home\/?gad_source=1&amp;gad_campaignid=22471579342&amp;gbraid=0AAAAABjOshuMoo_jTLfQUxcM-zIDM9Fg9&amp;gclid=CjwKCAjwtrXFBhBiEiwAEKen12Oe4UdUpM_QS3soXaXAGqkpZeJyVpoc-lQWJvGTdI2UtCkQdSJUNxoCjyEQAvD_BwE\" target=\"_blank\" rel=\"noopener\">Manolo Santana Racquets Club<\/a><\/h4>\n\n\n\n<p>El <strong>Manolo Santana Racquets Club<\/strong> es uno de los centros deportivos m\u00e1s emblem\u00e1ticos de Marbella, fundado por la leyenda del tenis espa\u00f1ol que le da nombre. Con una clara vocaci\u00f3n internacional, combina instalaciones de primer nivel con un ambiente familiar y acogedor.<\/p>\n\n\n\n<p>Sus instalaciones incluyen varias pistas de tenis de tierra batida y superficie dura, pistas de p\u00e1del de \u00faltima generaci\u00f3n, piscina, gimnasio y un completo programa de actividades para todas las edades. Adem\u00e1s, el club ofrece escuela de tenis y p\u00e1del con entrenadores profesionales, ideal tanto para quienes quieren iniciarse como para jugadores que buscan perfeccionar su t\u00e9cnica.<\/p>\n\n\n\n<p>El complejo tambi\u00e9n cuenta con restaurante y terraza, creando un punto de encuentro perfecto para combinar deporte, ocio y gastronom\u00eda en un entorno \u00fanico en Marbella.<\/p>\n\n\n\n<figure class=\"wp-caption aligncenter\">\n<picture><source width=\"1480\" srcset=\"https:\/\/media.inmobalia.com\/imgV1\/B98Le8~d7M9pwOKhCJcJLIfglZOtvyX13f98gUEkry2AXpxxwVVUW6beaB1ZRkIVKNxBR51u39BkZ2QySePdWLcQCD9XnC9JBdzNhrlkLp1nv5UngkgPT9LEFB5MZzCn_flf1OEoGQtnrBIDITyOOHWl9hY7Nzi~aEfmoaM~Btfb50opaLm3rhB67w2~GE1mWhW3BCsLHZYnIH_KftgD__BmVabHO17bG7mS_eJwEuVegY2ZlHJ_DJaMw5785v_cGx227fuuXo0oxfvm6__XQog7JXyJ6bUBUmYDSlKJH_SoAcKm~A1~6DgAsAoZxE5WMo~Hc_7QUSE-.jpg 1480w\" type=\"image\/webp\"><img decoding=\"async\" class=\"img-fluid \" width=\"1480\" src=\"https:\/\/media.inmobalia.com\/imgV1\/B98Le8~d7M9pwOKhH98twCJY8~z6ePCZX6v4ZExqTG6Ml5IQlnJmWZ1hIUTiCGHmY4iCjLqq~9i8dBo3mh4uIAFOnQVczE8S_qHX~fX3v_bLnbRJDCP1ORnIrgL45n9pzf3ku6fcNaiqUMd7kqgPWLX1hyGs~pu2sr4SIu1vTUvocXdF3DCewpKcEawEsgoZx3XsWnm1dk596nSyftKcKilIzIY8UqcGy3k7_2Iuh5hP8_LuyOczwyHfloJe~OXPmKuIlG6EGdJU1aPC~u12Zp9m~AKHPcgjmapT1RIH3stgJj3yh9AkjA--.jpg\"><\/picture>\n<figcaption class=\"wp-caption-text\"><\/figcaption>\n<\/figure>\n\n\n\n<ul class=\"wp-block-list\">\n<li><strong><a href=\"https:\/\/www.google.com\/maps?rlz=1C5CHFA_enES1173ES1173&amp;gs_lcrp=EgZjaHJvbWUyBggAEEUYOTIHCAEQIRigATIHCAIQIRigATIHCAMQIRigAdIBCDUxNzVqMGo3qAIAsAIA&amp;um=1&amp;ie=UTF-8&amp;fb=1&amp;gl=es&amp;sa=X&amp;geocode=KY_W0xDWKXMNMVUrxM9Mi9Ya&amp;daddr=Carr.+Ist%C3%A1n,+km+2,+29602+Marbella,+M%C3%A1laga\" target=\"_blank\" rel=\"noopener\">DIRECCI\u00d3N<\/a>:<\/strong> Ctra. Ist\u00e1n, Km 2, 29602 Marbella, M\u00e1laga<\/li>\n\n\n\n<li><strong>TEL\u00c9FONO:<\/strong><a href=\"https:\/\/www.google.com\/search?gs_ssp=eJzj4tFP1zc0KkwvMEivKDZgtFIxqEgxNzayTDEzNEgxTjGzSLMyqDBMBDKSTJKT05JNjJJMTb1kchPz8nPyFYoT80oS8xIVihKTC0tTS4oVknNKkwDyehog&amp;q=manolo+santana+racquets+club&amp;rlz=1C5CHFA_enES1173ES1173&amp;oq=MANOLO+SANTANA+RAQUETS+&amp;gs_lcrp=EgZjaHJvbWUqEggBEC4YDRivARjHARiABBiOBTIGCAAQRRg5MhIIARAuGA0YrwEYxwEYgAQYjgUyCAgCEAAYDRgeMggIAxAAGA0YHjIICAQQABgNGB4yCAgFEAAYDRgeMggIBhAAGA0YHjIICAcQABgNGB4yCAgIEAAYDRge0gEINTkyN2owajeoAgCwAgA&amp;sourceid=chrome&amp;ie=UTF-8#\" target=\"_blank\" rel=\"noopener\"> 952 77 85 80<\/a><\/li>\n\n\n\n<li><strong>HORARIO:<\/strong> Lunes \u2013 S\u00e1bado 08:00 \u2013 23:00, Domingo 09:00 - 17:00 <\/li>\n<\/ul>\n\n\n\n<h4 class=\"wp-block-heading\"><strong>Polideportivo Municipal de Ist\u00e1n<\/strong><\/h4>\n\n\n\n<p>El <strong>Polideportivo Municipal<\/strong> es el coraz\u00f3n deportivo del pueblo. Sus instalaciones permiten practicar f\u00fatbol sala, baloncesto, tenis o artes marciales, adem\u00e1s de contar con un gimnasio b\u00e1sico para entrenar fuerza y cardio. Es tambi\u00e9n sede de actividades comunitarias como clases de batuka, karate o full contact, con un ambiente cercano y familiar.<\/p>\n\n\n\n<figure class=\"wp-caption aligncenter\">\n<picture><source width=\"1480\" srcset=\"https:\/\/media.inmobalia.com\/imgV1\/B98Le8~d7M9pwOKhCJcJLIfglZOtvyX13f98gUEkry2AXpxxwVVUW6beaB1ZRkIVKNxBR51u39BkZ2QySePdWLcQCD9XnC9JBdzNhrlkLp1nv5Ungkg2e3GrYQyoqcP6Bf3Y09CQJf7qaoffLKy35QZzQUtokDZ~xtAIBvVEubN4MujjoZPX0rtP_as7YL~mV2vdUflrXAqd7MES4ItntLgro67vSjSQJsD~UPUXjk8fSazKVQxfTkjBJBUM2nhEy77LeydESSzYygcAZ~LevMQVMtSOpqU9bIN~_iBLRVCH~hTJV6C_AN0LTkBmPDMiEi3iFQr9.jpg 1480w\" type=\"image\/webp\"><img decoding=\"async\" class=\"img-fluid \" width=\"1480\" src=\"https:\/\/media.inmobalia.com\/imgV1\/B98Le8~d7M9pwOKhH98twCJY8~z6ePCZX6v4ZExqTG6Ml5IQlnJmWZ1hIUTiCGHmY4iCjLqq~9i8dBo3mh4uIAFOnQVczHbY_zm6B7uMQkymG4Iv5p9bXIoWY1Ct0cUYTyguBlXnAtHL~2X1LEDmc_phw8iKyMUwBLwL8KKpObyAGY9TXzbogwB6XAziYIl5z6ETQ1tPcr5QVNiYrPqFA~vVGzVq3IESJkijqupPkBlUoiShJ4N9E6pMmONDbBK2rhyi3ZkI6drPe1bf5uYYlfnSt238HfM0X~n4WTKoakHwRwXUtOM-.jpg\"><\/picture>\n<figcaption class=\"wp-caption-text\"><\/figcaption>\n<\/figure>\n\n\n\n<ul class=\"wp-block-list\">\n<li><strong><a href=\"https:\/\/www.google.com\/maps\/place\/Instalaciones+Deportivas+Municipales+Ayto+Ist%C3%A1n\/@36.5798545,-4.9560296,15z\/data=!4m10!1m2!2m1!1sPolideportivo+Municipal+de+Ist%C3%A1n!3m6!1s0xd72d6dad5882a29:0xe2174820a17c741d!8m2!3d36.5799256!4d-4.9452684!15sCiFQb2xpZGVwb3J0aXZvIE11bmljaXBhbCBkZSBJc3TDoW6SAQ5zcG9ydHNfY29tcGxleKoBaBABKhsiF3BvbGlkZXBvcnRpdm8gbXVuaWNpcGFsKA4yIBABIhwYQB9kd9t5VsewpFuwPAY1ASARCbnzz0KeEekhMiUQAiIhcG9saWRlcG9ydGl2byBtdW5pY2lwYWwgZGUgaXN0w6Fu4AEA!16s%2Fg%2F11j4t7mw2d?entry=ttu&amp;g_ep=EgoyMDI1MDgxOS4wIKXMDSoASAFQAw%3D%3D\" target=\"_blank\" rel=\"noopener\">DIRECCI\u00d3N<\/a>:<\/strong> Av. Juan Carlos I, 3, 29611 Ist\u00e1n <\/li>\n\n\n\n<li><strong>TEL\u00c9FONO:<\/strong> +34 952 86 97 40<\/li>\n\n\n\n<li><strong>HORARIO:<\/strong> Lunes - viernes 16:00 \u2013 22:00<\/li>\n<\/ul>\n\n\n\n<h4 class=\"wp-block-heading\"><strong>Piscina Municipal<\/strong><\/h4>\n\n\n\n<p>Durante los meses de verano, la <strong>Piscina Municipal<\/strong> es un punto de encuentro muy popular, tanto para nadar como para relajarse en familia. Ofrece un espacio cuidado y accesible, perfecto para refrescarse tras una jornada de senderismo o simplemente disfrutar del sol en un ambiente tranquilo a precios muy asequibles.<\/p>\n\n\n\n<ul class=\"wp-block-list\">\n<li><strong><a href=\"https:\/\/www.google.com\/maps\/place\/Piscina+Municipal+Istan\/@36.5798545,-4.9560296,15z\/data=!4m10!1m2!2m1!1sPolideportivo+Municipal+de+Ist%C3%A1n!3m6!1s0xd72d6dad507a759:0x21f8ec41933389aa!8m2!3d36.5797843!4d-4.9461913!15sCiFQb2xpZGVwb3J0aXZvIE11bmljaXBhbCBkZSBJc3TDoW5aIyIhcG9saWRlcG9ydGl2byBtdW5pY2lwYWwgZGUgaXN0w6FukgENc3dpbW1pbmdfcG9vbJoBI0NoWkRTVWhOTUc5blMwVkpRMEZuU1VSMWJHWk1TV0ozRUFFqgFoEAEqGyIXcG9saWRlcG9ydGl2byBtdW5pY2lwYWwoDjIgEAEiHBhAH2R323lWx7CkW7A8BjUBIBEJufPPQp4R6SEyJRACIiFwb2xpZGVwb3J0aXZvIG11bmljaXBhbCBkZSBpc3TDoW7gAQD6AQUIvQEQQA!16s%2Fg%2F11c1n6c2fh?entry=ttu&amp;g_ep=EgoyMDI1MDgxOS4wIKXMDSoASAFQAw%3D%3D\" target=\"_blank\" rel=\"noopener\">DIRECCI\u00d3N<\/a>:<\/strong> C. Calvario, 161, 29611 Ist\u00e1n <\/li>\n\n\n\n<li><strong>HORARIO VERANO:<\/strong> Lunes a viernes 10:00 \u2013 13:00 y 16:00 \u2013 22:00; s\u00e1bados 10:00 \u2013 13:00 y 16:00 \u2013 19:00; domingos cerrado<\/li>\n<\/ul>\n\n\n\n<h4 class=\"wp-block-heading\"><strong>Rutas guiadas gratuitas \u2013 Oficina de Turismo<\/strong><\/h4>\n\n\n\n<p>La <strong>Oficina de Turismo de Ist\u00e1n<\/strong> organiza visitas guiadas gratuitas que permiten descubrir el patrimonio natural y cultural del pueblo. Entre las m\u00e1s destacadas se encuentran las rutas de las <strong>Acequias Moriscas<\/strong>, el paraje de <strong>El Coto<\/strong> y el <strong>Museo del Agua<\/strong>, todas pensadas para acercar a los visitantes a la historia y riqueza medioambiental de Ist\u00e1n.<\/p>\n\n\n\n<ul class=\"wp-block-list\">\n<li><strong><a href=\"http:\/\/google.com\/maps?rlz=1C5CHFA_enES1173ES1173&amp;gs_lcrp=EgZjaHJvbWUyCggAEEUYFhgeGDkyCggBEAAYgAQYogQyCggCEAAYgAQYogQyCggDEAAYgAQYogQyBwgEEAAY7wUyBggFEEUYPNIBCDQ0NjVqMGo3qAIAsAIA&amp;um=1&amp;ie=UTF-8&amp;fb=1&amp;gl=es&amp;sa=X&amp;geocode=KfVOFZbF1nINMVypDMIZR-mw&amp;daddr=C.+Marbella,+33,+29611+Ist\u00e1n,+M\u00e1laga\" target=\"_blank\" rel=\"noopener\">DIRECCI\u00d3N<\/a>:<\/strong> Calle Marbella, entrada al pueblo<\/li>\n\n\n\n<li><strong>TEL\u00c9FONOS:<\/strong> +34 952 86 96 03 \/ +34 952 86 97 53<\/li>\n\n\n\n<li><strong>EMAIL:<\/strong> <a href=\"mailto:turismo@istan.es\">turismo@istan.es<\/a><\/li>\n<\/ul>\n\n\n\n<h4 class=\"wp-block-heading\"><strong>Rutas de senderismo imprescindibles<\/strong><\/h4>\n\n\n\n<h5 class=\"wp-block-heading\"><strong>PR-A-280 Ist\u00e1n \u2013 Charco del Canal\u00f3n<\/strong><\/h5>\n\n\n\n<p>Ruta muy popular que conduce a uno de los rincones m\u00e1s bellos del municipio, con charcos y cascadas naturales perfectos para darse un ba\u00f1o en verano.<br><strong>DIFICULTAD: Moderada<\/strong><\/p>\n\n\n\n<h5 class=\"wp-block-heading\"><strong>Vado de Bornoque \u2013 Charco del Canal\u00f3n<\/strong><\/h5>\n\n\n\n<p>Recorrido circular de 5,8\u20136,2 km que combina pistas, senderos y cauce del r\u00edo, con pozas profundas y un entorno espectacular.<br><strong>DIFICULTAD: Moderada<\/strong><\/p>\n\n\n\n<h5 class=\"wp-block-heading\"><strong>Ruta R\u00edo Verde (variante semiacu\u00e1tica)<\/strong><\/h5>\n\n\n\n<p>Descenso por el r\u00edo con tramos en el cauce, ideal para d\u00edas calurosos. Recomendada para familias con precauci\u00f3n.<br><strong>DIFICULTAD: Moderada<\/strong><br><\/p>\n\n\n\n<h5 class=\"wp-block-heading\"><strong>Pico La Concha desde Ist\u00e1n<\/strong><\/h5>\n\n\n\n<p>Ascensi\u00f3n exigente hasta las cumbres de Sierra Blanca, con vistas panor\u00e1micas \u00fanicas hacia la costa y la monta\u00f1a.<br><strong>DIFICULTAD: Alta<\/strong><\/p>\n\n\n\n<h5 class=\"wp-block-heading\"><strong>Ist\u00e1n \u2013 Puerto de los Barrancones<\/strong><\/h5>\n\n\n\n<p>Itinerario circular de 8,5 km que comienza junto al polideportivo y atraviesa bosques de alcornoques y paisajes naturales del valle del R\u00edo Verde.<br><strong>DIFICULTAD: Moderada<\/strong><br><\/p>\n\n\n\n<p>Adem\u00e1s de recorrerlas por libre, existen empresas que organizan excursiones guiadas por estas rutas, lo que permite disfrutar de la experiencia con mayor seguridad y con explicaciones culturales y naturales del entorno. Una de las opciones m\u00e1s recomendadas es reservar a trav\u00e9s de plataformas como<a href=\"https:\/\/www.tiqets.com\/es\/atracciones-istan-c169579\/entradas-para-tour-de-senderismo-por-istan-p1007145\/?selected_variant_language=eng\" target=\"_blank\" rel=\"noopener\"> Tiqets<\/a>, que ofrece tours de senderismo por Ist\u00e1n con gu\u00edas especializados.<\/p>\n\n\n\n<h2 class=\"wp-block-heading\"><span class=\"ez-toc-section\" id=\"Todo_lo_esencial_en_el_corazon_de_Istan\"><\/span><strong>Todo lo esencial en el coraz\u00f3n de Ist\u00e1n<\/strong><span class=\"ez-toc-section-end\"><\/span><\/h2>\n\n\n\n<p>Aunque peque\u00f1o y rodeado de naturaleza, Ist\u00e1n ofrece todo lo necesario para el d\u00eda a d\u00eda sin perder su car\u00e1cter de pueblo blanco. En sus calles encontrar\u00e1s una <strong>farmacia de confianza<\/strong>, un <strong>supermercado local<\/strong> y un <strong>consultorio m\u00e9dico<\/strong> que garantiza atenci\u00f3n cercana a residentes y visitantes.&nbsp;<br><br>Ist\u00e1n demuestra que no hace falta renunciar a la comodidad para vivir rodeado de naturaleza. Un lugar donde lo esencial siempre est\u00e1 a mano, con el valor a\u00f1adido de la cercan\u00eda y la hospitalidad de su gente.<\/p>\n\n\n\n<figure class=\"wp-caption aligncenter\">\n<picture><source width=\"1480\" srcset=\"https:\/\/media.inmobalia.com\/imgV1\/B98Le8~d7M9pwOKhCJcJLIfglZOtvyX13f98gUEkry2AXpxxwVVUW6beaB1ZRkIVKNxBR51u39BkZ2QySePdWLcQCD9XnC9JBdzNhrlkLp1nv5Ungk7yhQCYjDyRmPmDt621UyRguuqQFxyMSTy7EUwFfVHyIfl2NIacjktqau6ltQJcCIQiMbr88YfsL84V7WRv1xG_ilfo5MttcNlmal1JrMX1F1twIUjro_HYXQPr0rwSRUKPzMcQbbOlFHzzvVcEYUkZ6fMPhwT_XfIcBEtj4ilpcZ_uQJ5keWvUNJ42T8xuODYYdho_epsZ4BAP2Xkc0eToEWg-.jpg 1480w\" type=\"image\/webp\"><img decoding=\"async\" class=\"img-fluid \" width=\"1480\" src=\"https:\/\/media.inmobalia.com\/imgV1\/B98Le8~d7M9pwOKhH98twCJY8~z6ePCZX6v4ZExqTG6Ml5IQlnJmWZ1hIUTiCGHmY4iCjLqq~9i8dBo3mh4uIAFOnQVcymrsMTaxfRkBcg1PAjp5bTl4CP~SO_Bz3X9oKynApk4viraC9wCJqfl5R8c07_1gHR_lvsl8C4tY5NZWWvajL2ghYDFIpCqQdrSQ_DSrptoBCXsGdhdOpTFTublSpF44Pg_~FN3U0RCHCrA5_bB7QTnGDZBTkjiRpbGmA_apCeaierP4VRwK8iV5KAjfErIq6vv4l_902Kkjov64Mk_b7JbBlw--.jpg\"><\/picture>\n<figcaption class=\"wp-caption-text\"><\/figcaption>\n<\/figure>\n\n\n\n<h4 class=\"wp-block-heading\"><strong>Supermercado San Miguel<\/strong><\/h4>\n\n\n\n<p>El peque\u00f1o pero completo supermercado del pueblo, perfecto para abastecerse de productos b\u00e1sicos y frescos durante la estancia en Ist\u00e1n. Su proximidad lo convierte en un recurso c\u00f3modo y pr\u00e1ctico, ideal para resolver cualquier compra sin complicaciones.<\/p>\n\n\n\n<ul class=\"wp-block-list\">\n<li><strong><a href=\"https:\/\/www.google.com\/maps\/place\/Supermercado+San+Miguel\/@36.8703651,-8.6653287,7z\/data=!4m10!1m2!2m1!1sSupermercado+San+Miguel!3m6!1s0xd72d7000b719715:0xebac2d992f273236!8m2!3d36.5821327!4d-4.9492704!15sChdTdXBlcm1lcmNhZG8gU2FuIE1pZ3VlbJIBDWdyb2Nlcnlfc3RvcmWqAUAQATIfEAEiGy9wnjhCfHYwrQ-qq7LgQ4KLvlbWsU9mZlGZBjIbEAIiF3N1cGVybWVyY2FkbyBzYW4gbWlndWVs4AEA!16s%2Fg%2F11w7kvlbg6?entry=ttu&amp;g_ep=EgoyMDI1MDgxOS4wIKXMDSoASAFQAw%3D%3D\" target=\"_blank\" rel=\"noopener\">DIRECCI\u00d3N<\/a>:<\/strong> C\/ Chorro, 25, 29611 Ist\u00e1n<\/li>\n<\/ul>\n\n\n\n<h4 class=\"wp-block-heading\"><strong>Farmacia Fernando Andr\u00e9s Garc\u00eda Dom\u00ednguez<\/strong><\/h4>\n\n\n\n<p>La farmacia local de Ist\u00e1n ofrece un servicio cercano y de confianza, con atenci\u00f3n personalizada a residentes y visitantes. Es el lugar de referencia para cualquier necesidad relacionada con la salud, con la ventaja de encontrarse en pleno centro del pueblo.<\/p>\n\n\n\n<ul class=\"wp-block-list\">\n<li><strong><a href=\"https:\/\/www.google.com\/maps\/place\/FARMACIA+Ist%C3%A1n+-+Julia+del+Pozo+Plaschka\/@36.8119681,-8.6655112,7z\/data=!4m10!1m2!2m1!1sFarmacia+Fernando+Andr%C3%A9s+Garc%C3%ADa+Dom%C3%ADnguez!3m6!1s0xd72d6cf781fce15:0x5007900dc23154d4!8m2!3d36.5834774!4d-4.9483974!15sCixGYXJtYWNpYSBGZXJuYW5kbyBBbmRyw6lzIEdhcmPDrWEgRG9tw61uZ3VlepIBCHBoYXJtYWN5qgGIARABKjAiLGZhcm1hY2lhIGZlcm5hbmRvIGFuZHLDqXMgZ2FyY8OtYSBkb23DrW5ndWV6KA4yIBABIhzYxFqC-BWqEjHRGtAF3PtfBXhmmCJRKZzUG8WYMjAQAiIsZmFybWFjaWEgZmVybmFuZG8gYW5kcsOpcyBnYXJjw61hIGRvbcOtbmd1ZXrgAQA!16s%2Fg%2F11y6yn136?entry=ttu&amp;g_ep=EgoyMDI1MDgxOS4wIKXMDSoASAFQAw%3D%3D\" target=\"_blank\" rel=\"noopener\">DIRECCI\u00d3N<\/a>:<\/strong> C\/ Azufaifo, 21, 29611 Ist\u00e1n <\/li>\n\n\n\n<li><strong>TEL\u00c9FONO:<\/strong> +34 952 86 98 78<\/li>\n\n\n\n<li><strong>HORARIO:<\/strong> Lunes - S\u00e1bado 09:30 - 13:30 y 18:30 - 20:30&nbsp;<\/li>\n<\/ul>\n\n\n\n<h4 class=\"wp-block-heading\"><strong>Consultorio Local de Ist\u00e1n<\/strong><\/h4>\n\n\n\n<p>El centro m\u00e9dico del pueblo garantiza atenci\u00f3n primaria a trav\u00e9s del Servicio Andaluz de Salud. Adem\u00e1s de consultas programadas, cuenta con servicio de urgencias y acceso a cita previa mediante la app <em>Salud Andaluc\u00eda<\/em> o la plataforma <em><a href=\"https:\/\/www.sspa.juntadeandalucia.es\/servicioandaluzdesalud\/clicsalud\/\" target=\"_blank\" rel=\"noopener\">ClicSalud+<\/a><\/em>. <\/p>\n\n\n\n<ul class=\"wp-block-list\">\n<li><strong><a href=\"https:\/\/www.google.com\/maps\/place\/Centro+de+Salud\/@36.5833525,-4.9586562,15z\/data=!4m10!1m2!2m1!1sConsultorio+Local+de+Ist%C3%A1n!3m6!1s0xd72d6cf76e23155:0xa880bdc3605e135e!8m2!3d36.5833604!4d-4.9484135!15sChtDb25zdWx0b3JpbyBMb2NhbCBkZSBJc3TDoW6SARVwdWJsaWNfbWVkaWNhbF9jZW50ZXKqAVwQASoVIhFjb25zdWx0b3JpbyBsb2NhbCgOMiAQASIckM8W0kLEid6n8Vd8HL8lU5KV3FukVp3JiioozjIfEAIiG2NvbnN1bHRvcmlvIGxvY2FsIGRlIGlzdMOhbuABAA!16s%2Fg%2F11c616020y?entry=ttu&amp;g_ep=EgoyMDI1MDgxOS4wIKXMDSoASAFQAw%3D%3D\" target=\"_blank\" rel=\"noopener\">DIRECCI\u00d3N<\/a>:<\/strong> C\/ Azufaifo, 12, 29611 Ist\u00e1n <\/li>\n\n\n\n<li><strong>TEL\u00c9FONO:<\/strong> 951 27 06 82 | <strong>Urgencias:<\/strong> 951 03 14 37<\/li>\n<\/ul>\n\n\n\n<h2 class=\"wp-block-heading\"><span class=\"ez-toc-section\" id=\"Cultura_y_tradicion_en_Istan\"><\/span><strong>Cultura y tradici\u00f3n en Ist\u00e1n<\/strong><span class=\"ez-toc-section-end\"><\/span><\/h2>\n\n\n\n<p>En Ist\u00e1n la tradici\u00f3n se entrelaza con el d\u00eda a d\u00eda. El pueblo conserva la huella de su pasado andalus\u00ed en el trazado de sus calles y en su arquitectura popular, mientras que sus fiestas, monumentos y costumbres transmiten la esencia de una comunidad que ha sabido mantener vivas sus ra\u00edces a lo largo del tiempo.<\/p>\n\n\n\n<h4 class=\"wp-block-heading\"><strong>Monumentos y lugares de inter\u00e9s<\/strong><\/h4>\n\n\n\n<p>El monumento m\u00e1s antiguo del pueblo es la <strong>Torre de Escalante<\/strong>, del siglo XVI, que recuerda la funci\u00f3n defensiva de Ist\u00e1n en tiempos pasados. Otro de sus puntos emblem\u00e1ticos es la <strong>Iglesia de San Miguel<\/strong>, el edificio religioso m\u00e1s relevante del municipio, situado en pleno casco hist\u00f3rico y rodeado de casas blancas con balcones floridos. Pasear por la <strong>calle San Miguel<\/strong> o por las plazas del centro es viajar en el tiempo, descubriendo la huella andalus\u00ed que todav\u00eda marca el car\u00e1cter del pueblo.<br><br>A las afueras, la naturaleza se convierte en patrimonio: el <strong>valle del R\u00edo Verde<\/strong>, sus fuentes y manantiales, el <strong>Embalse de la Concepci\u00f3n<\/strong> y los diferentes miradores ofrecen postales \u00fanicas de la sierra y el mar. El propio <strong>casco antiguo<\/strong>, con sus calles laber\u00ednticas, es en s\u00ed mismo un monumento a la tradici\u00f3n y al modo de vida serrano.<\/p>\n\n\n\n<figure class=\"wp-caption aligncenter\">\n<picture><source width=\"1480\" srcset=\"https:\/\/media.inmobalia.com\/imgV1\/B98Le8~d7M9pwOKhCJcJLIfglZOtvyX13f98gUEkry2AXpxxwVVUW6beaB1ZRkIVKNxBR51u39BkZ2QySePdWLcQCD9XnC9JBdzNhrlkLp1nv5UngktoBTv6BOHSwBY7YJSI73npTzM6eHqmmzwSOEhdSdYhYfHISDP0p1319vFTgRH1ddonMXJhIvSX0EMpJt4Kpix2hfw~5o3yVTug5iXb_kWmwizQ1jBfZ3Q~4PGzzkBc0SpmgwUcUhOEJYNEdKowPpzw2E3nbT43byyXMmncbo~LsZ46pSbE0MiO1xVu~xBiC0ar5CjZ1t47o94ROzFpOOgQK0U-.jpg 1480w\" type=\"image\/webp\"><img decoding=\"async\" class=\"img-fluid \" width=\"1480\" src=\"https:\/\/media.inmobalia.com\/imgV1\/B98Le8~d7M9pwOKhH98twCJY8~z6ePCZX6v4ZExqTG6Ml5IQlnJmWZ1hIUTiCGHmY4iCjLqq~9i8dBo3mh4uIAFOnQVcz5C8Im0MGLXphiI1pK70RRT3LpkZFKobghomSZmlwafWTkzEHSeJ8_hc~8WD3uHN9fSPyPEAytscICcrboYdvOUl~FLEXKVHc3ARg1swsJWOC8~~B3Elj4jA2568o4rW6XS05Rj8Se2EMjWuFa0vboX4RCMp26DwWu9~~dfPFE1pgkjB2iNKr8694MsobXim4H3_LVq_kyopISUeX39bd~OAaA--.jpg\"><\/picture>\n<figcaption class=\"wp-caption-text\"><\/figcaption>\n<\/figure>\n\n\n\n<h4 class=\"wp-block-heading\"><br><strong>Cultura viva<\/strong><\/h4>\n\n\n\n<p>El agua ha sido siempre el motor de Ist\u00e1n, y su importancia queda reflejada en el <strong>Centro de Interpretaci\u00f3n del Agua<\/strong>, un museo que pone en valor este recurso vital y la historia de los molinos que en su d\u00eda movieron la econom\u00eda local. A finales del siglo XIX exist\u00edan cerca de veinte molinos hidr\u00e1ulicos en el pueblo, dedicados a moler trigo y ma\u00edz, y a\u00fan hoy se recuerda esa \u00e9poca como parte de la identidad colectiva.<\/p>\n\n\n\n<p>El calendario festivo de Ist\u00e1n es uno de sus mayores atractivos. Entre los m\u00e1s destacados se encuentra la <strong>Muestra Gastron\u00f3mica<\/strong>, que cada primavera invita a degustar platos t\u00edpicos de la zona, y el <strong>D\u00eda de la Naranja<\/strong>, donde se reparten zumos naturales y pan de ma\u00edz como s\u00edmbolo de hospitalidad. La <strong>Ruta de la Tapa<\/strong> y el <strong>Carnaval<\/strong> aportan color y sabor a la vida del pueblo, mientras que en Semana Santa tiene lugar <em>El Paso<\/em>, una representaci\u00f3n popular con or\u00edgenes en el siglo XVII, declarada de inter\u00e9s tur\u00edstico nacional por su car\u00e1cter \u00fanico y su arraigo en la comunidad.<\/p>\n\n\n\n<p>Otras citas importantes son la <strong>Romer\u00eda de San Miguel<\/strong>, que une tradici\u00f3n religiosa y convivencia popular; la <strong>Feria de Ist\u00e1n<\/strong>, que llena el municipio de m\u00fasica, luces y atracciones; y encuentros de <strong>flamenco y rock<\/strong>, que muestran la diversidad cultural de este peque\u00f1o pueblo de monta\u00f1a.<\/p>\n\n\n\n<h2 class=\"wp-block-heading\"><span class=\"ez-toc-section\" id=\"Que_el_transporte_no_sea_un_problema\"><\/span><strong>Que el transporte no sea un problema<\/strong><span class=\"ez-toc-section-end\"><\/span><\/h2>\n\n\n\n<p>Moverse desde Ist\u00e1n es sencillo en coche, ya que el pueblo se conecta directamente con la carretera A-7176, que baja hacia Marbella. Desde all\u00ed, en apenas unos minutos puedes estar en el centro de Marbella, en Puerto Ban\u00fas o incluso enlazar con la autov\u00eda A-7 hacia otros destinos de la Costa del Sol.<\/p>\n\n\n\n<figure class=\"wp-caption aligncenter\">\n<picture><source width=\"1480\" srcset=\"https:\/\/media.inmobalia.com\/imgV1\/B98Le8~d7M9pwOKhCJcJLIfglZOtvyX13f98gUEkry2AXpxxwVVUW6beaB1ZRkIVKNxBR51u39BkZ2QySePdWLcQCD9XnC9JBdzNhrlkLp1nv5Ungk70tBBHiXl~kaWmWG5snFYTQbx8kpKe~Y2lhh3FD5VrVHgAjWnzm~Vkz2_aqG1br4mf79nQ3KbTzLY36BoMpQ9CfGmjhIx13jxsmynzw~ecd7r88C0UUboARzhOouWPDXMvrRLqkYRFe8LoCdNwh3GQdJGKbBESKHtrXnM~tmmNweJS0dd547YDK4D7SlDSVJQbD4zULM8n6tARgRKAwA_lY3s-.jpg 1480w\" type=\"image\/webp\"><img decoding=\"async\" class=\"img-fluid \" width=\"1480\" src=\"https:\/\/media.inmobalia.com\/imgV1\/B98Le8~d7M9pwOKhH98twCJY8~z6ePCZX6v4ZExqTG6Ml5IQlnJmWZ1hIUTiCGHmY4iCjLqq~9i8dBo3mh4uIAFOnQVcymwlOV8L26arHCftx70NqlMqlH5Ue6R7JP~wPwH6aoZpxOH22Sz9TB~grPnSk_tw0GcNy0AED_hGkb560e9CROVdRBkC~gz3_R~g10EKIrNojjPSqmnauiIzYmu4n3JybBm~YPvlnfJlYU1PW5EHQ1zIzx8P9K8oMwV25HTPNhX8D0rTiUzy2unCaXuGucU9f_gqEvVhlVsI8Zlu1NC4RDibEg--.jpg\"><\/picture>\n<figcaption class=\"wp-caption-text\"><\/figcaption>\n<\/figure>\n\n\n\n<h4 class=\"wp-block-heading\"><strong>Gasolineras cercanas<\/strong><\/h4>\n\n\n\n<p>No hay estaciones de servicio dentro del propio Ist\u00e1n, pero las m\u00e1s cercanas se encuentran en la zona norte de Marbella (carretera A-7), a unos 15-20 minutos en coche. All\u00ed encontrar\u00e1s estaciones Repsol y Cepsa abiertas todos los d\u00edas con servicio completo de combustible y tienda.<\/p>\n\n\n\n<h4 class=\"wp-block-heading\"><strong>Autobuses<\/strong><\/h4>\n\n\n\n<p>El servicio de autob\u00fas conecta Ist\u00e1n con Marbella en trayectos regulares, lo que permite desplazarse sin necesidad de veh\u00edculo propio. El trayecto es c\u00f3modo y ofrece una alternativa econ\u00f3mica para moverse entre ambos municipios.<\/p>\n\n\n\n<h4 class=\"wp-block-heading\"><strong>Taxi y transporte privado<\/strong><\/h4>\n\n\n\n<p>En el propio pueblo se puede pedir taxi local, aunque la opci\u00f3n m\u00e1s pr\u00e1ctica suele ser solicitarlo desde Marbella o a trav\u00e9s de servicios como:<br><\/p>\n\n\n\n<ul class=\"wp-block-list\">\n<li><a href=\"https:\/\/www.uber.com\/es\/en\/ride\/?ad_id=623050559222&amp;adg_id=148286515864&amp;campaign_id=18388070762&amp;cre=623050559222&amp;dev=c&amp;dev_m=&amp;fi_id=&amp;gad_source=1&amp;gclid=CjwKCAjwnOipBhBQEiwACyGLuhwLin2fKKxMza4DmfP0rFH54wHydpVO0DLFwL6tzuHwWATqZsuLsRoCNDgQAvD_BwE&amp;gclsrc=aw.ds&amp;kw=uber&amp;kwid=kwd-12633382&amp;match=b&amp;net=g&amp;placement=&amp;tar=&amp;utm_campaign=CM2215725-search-google-brand_162_-99_ES-National_r_web_acq_cpc_es_T1_Generic_BM_uber_kwd-12633382_623050559222_148286515864_b_c&amp;utm_source=AdWords_Brand\" target=\"_blank\" rel=\"noopener\">Uber<\/a>: Ya le hablamos antes de Uber Eats, para la entrega de su comida a domicilio, pues bien, la empresa Uber tambi\u00e9n cuenta con un excelente servicio de transporte que le permitir\u00e1 desplazarse por Marbella Este y por otras zonas de Marbella, \u00bfc\u00f3mo? Pues es muy sencillo, tan solo tiene que pedir un Uber descarg\u00e1ndote su app, disponible tanto en <a href=\"https:\/\/play.google.com\/store\/apps\/details?id=com.ubercab&amp;hl=es_419&amp;gl=US\" target=\"_blank\" rel=\"noopener\">Android<\/a> como en <a href=\"https:\/\/apps.apple.com\/es\/app\/uber-viajes-asequibles\/id368677368\" target=\"_blank\" rel=\"noopener\">iOS<\/a>.&nbsp;<\/li>\n\n\n\n<li><a href=\"https:\/\/bolt.eu\/es-es\/?utm_source=googleadwords_int&amp;utm_medium=cpc&amp;utm_campaign=es_brand_search&amp;utm_source=google&amp;utm_medium=ads&amp;utm_campaign=14577844312&amp;gclid=CjwKCAjwnOipBhBQEiwACyGLumgVFHdc68Dqi6PTvJLXCR_r40NOtyqqM3AwCJW6b7aLzzQDCVuAPhoC9XsQAvD_BwE\" target=\"_blank\" rel=\"noopener\">Bolt<\/a>: Conocida anteriormente como Taxify, se trata de una plataforma muy similar a Uber, tan solo desc\u00e1rgate su app, disponible para todos los sistemas operativos: <a href=\"https:\/\/play.google.com\/store\/apps\/details?id=ee.mtakso.client&amp;hl=es_419&amp;gl=US\" target=\"_blank\" rel=\"noopener\">Andorid<\/a> e <a href=\"https:\/\/apps.apple.com\/es\/app\/bolt-solicita-viajes-24-7\/id675033630\" target=\"_blank\" rel=\"noopener\">iOS<\/a>, y mu\u00e9vase donde quiera desde Costabella.&nbsp;<\/li>\n\n\n\n<li><a href=\"https:\/\/cabify.com\/es\" target=\"_blank\" rel=\"noopener\">Cabify<\/a>: Esta empresa espa\u00f1ola a ido ganando popularidad poco a poco, \u00bfsu funcionamiento? Igual que las dos anteriores, descarga la app y pide un cabify, \u00a1tan sencillo como eso!: <a href=\"https:\/\/play.google.com\/store\/apps\/details?id=com.cabify.rider&amp;hl=es&amp;gl=US\" target=\"_blank\" rel=\"noopener\">Google Play<\/a> y <a href=\"https:\/\/apps.apple.com\/es\/app\/cabify\/id476087442\" target=\"_blank\" rel=\"noopener\">Apple Store<\/a><\/li>\n<\/ul>\n\n\n\n<h4 class=\"wp-block-heading\"><strong>Coche de alquiler<\/strong><\/h4>\n\n\n\n<p>Si ha decidido viajar a Ist\u00e1n sin su propio veh\u00edculo y desea explorar la Costa del Sol a su ritmo, lo m\u00e1s recomendable es alquilar un coche. De esta forma podr\u00e1 moverse con total libertad no solo entre Ist\u00e1n y Marbella \u2014a tan solo 15 minutos en coche\u2014, sino tambi\u00e9n hacia otros destinos de la Costa del Sol como la Milla de Oro, Puerto Ban\u00fas, San Pedro Alc\u00e1ntara, Mijas o Benahav\u00eds. A continuaci\u00f3n, le facilitamos informaci\u00f3n sobre algunas de las principales empresas de alquiler de coches disponibles en el Aeropuerto de M\u00e1laga y en Marbella, los puntos m\u00e1s pr\u00e1cticos para recoger y devolver su veh\u00edculo.<\/p>\n\n\n\n<ul class=\"wp-block-list\">\n<li><a href=\"https:\/\/www.goldcar.es\/?gclsrc=aw.ds&amp;gad_source=1&amp;gclid=CjwKCAjwv-2pBhB-EiwAtsQZFF77M_jxmmWLwp8kMYd1IH_M7G5AgodPlcYvnSG63DhvruXUgb6cbxoCKD4QAvD_BwE&amp;gclsrc=aw.ds\" target=\"_blank\" rel=\"noopener\">Goldcar<\/a> (918 341 400): Conocida por sus tarifas asequibles, Goldcar es una opci\u00f3n popular entre los turistas que buscan alquilar un veh\u00edculo sin gastar demasiado. Tienen una amplia variedad de modelos de coches, desde compactos, ideales para la ciudad, hasta veh\u00edculos m\u00e1s grandes para familias o grupos. Adem\u00e1s son una opci\u00f3n muy recurrente para aquellos que vienen a pasar sus vacaciones a la Costa del Sol, y es que, entre sus m\u00faltiples sedes, una de ellas est\u00e1 <a href=\"https:\/\/www.google.com\/maps\/place\/Goldcar+Malaga+Airport\/@36.5909725,-5.0085478,10z\/data=!4m20!1m13!4m12!1m4!2m2!1d-4.8910806!2d36.5103971!4e1!1m6!1m2!1s0xd72fa3d9e7990e5:0x5798a16bbb994fff!2sgoldacr+aeropouetrot+de+malaga!2m2!1d-4.4888756!2d36.6755064!3m5!1s0xd72fa3d9e7990e5:0x5798a16bbb994fff!8m2!3d36.6755064!4d-4.4888756!16s%2Fg%2F1tdb1130?entry=ttu\" target=\"_blank\" rel=\"noopener\">localizada en Aeropuerto de M\u00e1laga<\/a> (Av. del Comandante Garc\u00eda Morato, 48, 29004 M\u00e1laga), y brinda sus servicios de lunes a domingo, de 07:00 a 23:01, y otra est\u00e1 <a href=\"https:\/\/www.google.com\/maps\/place\/Goldcar+Gibraltar+-+La+L%C3%ADnea\/@36.3406568,-5.4441295,10z\/data=!4m20!1m13!4m12!1m4!2m2!1d-4.891099!2d36.5104055!4e1!1m6!1m2!1s0xd0cc08917f39f81:0x9dd91116b42c9dc6!2sgoldcar+gribrlatar!2m2!1d-5.3483234!2d36.1571587!3m5!1s0xd0cc08917f39f81:0x9dd91116b42c9dc6!8m2!3d36.1571587!4d-5.3483234!16s%2Fg%2F11btysk2ct?entry=ttu\" target=\"_blank\" rel=\"noopener\">localizada en Gibraltar - La L\u00ednea<\/a> (La L\u00ednea de la Concepci\u00f3n), y brinda sus servicios de lunes a domingo, de 09:00 a 19:59; \u00bfnuestra recomendaci\u00f3n? Que alquiler su veh\u00edculo en el aeropuerto de M\u00e1laga, tras bajarse del avi\u00f3n, y se olvide de preocupaciones, en relaci\u00f3n con el transporte, durante su estancia en Ist\u00e1n, y que reserve su veh\u00edculo, con tiempo, desde la web.<\/li>\n\n\n\n<li><a href=\"https:\/\/www.avis.es\/?cid=pp_site-GOOGLE_camp-18320326037_adgroup-140837266523_target-kwd-13402896_creative-621382492707_device-c_feed-&amp;gad_source=1&amp;gclid=CjwKCAjwv-2pBhB-EiwAtsQZFF7XlJkWcMVcT7EKC0Gn7Kp76IGOYsUbi8POqPDsiHVkXEiLk3HVShoCCG0QAvD_BwE&amp;gclsrc=aw.ds\" target=\"_blank\" rel=\"noopener\">Avis<\/a> (951 32 40 60): Si busca una experiencia de alquiler m\u00e1s premium, Avis podr\u00eda ser la opci\u00f3n adecuada para usted. Esta empresa destaca, seg\u00fan los usuarios, por su r\u00e1pido servicio al cliente, de tipo Quick Pass, y por ofrecer veh\u00edculos, tanto coches como furgonetas, de alta gama. Su <a href=\"https:\/\/www.google.com\/maps\/place\/Avis+Alquiler+de+coches+-+Marbella\/@36.5057311,-4.961481,13z\/data=!4m20!1m13!4m12!1m4!2m2!1d-4.8910923!2d36.5103981!4e1!1m6!1m2!1s0xd72d6269c8d3b2b:0x6ed31778fe9deb8!2savis!2m2!1d-4.9508844!2d36.4936557!3m5!1s0xd72d6269c8d3b2b:0x6ed31778fe9deb8!8m2!3d36.4936557!4d-4.9508844!16s%2Fg%2F11bbwyrs4d?entry=ttu\" target=\"_blank\" rel=\"noopener\">ubicaci\u00f3n<\/a> es Autov\u00eda del Mediterr\u00e1neo, 340, km 175, 29660 Marbella, M\u00e1laga, y su horario es de lunes a viernes, de 9:00 a 13:45 y de 15:30 a 17:45, y s\u00e1bados, de 10:00 a 13:00; domingos cerrado. Le recomendamos, tambi\u00e9n, reservar con tiempo su veh\u00edculo desde la web para garantizarse el mismo.<\/li>\n\n\n\n<li><a href=\"https:\/\/www.yellowcar.com\/\" target=\"_blank\" rel=\"noopener\">Yellow Car<\/a> (952 83 14 92): Se trata de una empresa local de alquiler de coches nacida en 1972 y que, a lo largo de los a\u00f1os, ha expandido su presencia, contando con oficinas en lugares estrat\u00e9gicos de la Costa del Sol como: el <a href=\"https:\/\/www.google.com\/maps\/place\/Yellow+Car\/@36.5909725,-5.0085478,10z\/data=!3m1!5s0xd72fa22634a684b:0x1a1c54a06d8292fb!4m20!1m13!4m12!1m4!2m2!1d-4.8910686!2d36.5103977!4e1!1m6!1m2!1s0xd72fa22637f83e7:0x4d03a9505ebbce94!2sYellow+Car,+Av.+del+Comandante+Garc%C3%ADa+Morato,+53,+29004+M%C3%A1laga!2m2!1d-4.4874662!2d36.6755131!3m5!1s0xd72fa22637f83e7:0x4d03a9505ebbce94!8m2!3d36.6755131!4d-4.4874662!16s%2Fg%2F11b5plrwp1?entry=ttu\" target=\"_blank\" rel=\"noopener\">Aeropuerto de M\u00e1laga<\/a> (Av. del Comandante Garc\u00eda Morato, 53, 29004; Planta 0), abierta todos los d\u00edas, durante las 24 horas, la Cala de Mijas y, por supuesto, en <a href=\"https:\/\/www.google.com\/maps\/place\/Yellow+Car\/@36.5054291,-4.8182583,15.06z\/data=!3m1!5s0xd7320ace3f82899:0x72319a1d00cd5356!4m20!1m13!4m12!1m4!2m2!1d-4.8910088!2d36.5103958!4e1!1m6!1m2!1s0xd72fa22637f83e7:0xf962868fcd390272!2sYellow+Car,+Urb.+El+Rosario,+C.+los+Limoneros,+29604+Marbella,+M%C3%A1laga!2m2!1d-4.8087341!2d36.5047822!3m5!1s0xd72fa22637f83e7:0xf962868fcd390272!8m2!3d36.5047822!4d-4.8087341!16s%2Fg%2F1ttpcngv?entry=ttu\" target=\"_blank\" rel=\"noopener\">Marbella<\/a>, abierta de lunes a domingo, de 9:00 a 14:00 y de 16:00 a 19:00. Adem\u00e1s, precisamente, su sede en Marbella se ubica en la zona Marbella Este, en El Rosario (C. Los Limoneros, 29604 Marbella, M\u00e1laga). Al igual que en Goldcar o Avis, tambi\u00e9n le recomendamos reservar con antelaci\u00f3n.<\/li>\n<\/ul>\n\n\n\n<p>Es esencial que, al alquilar un veh\u00edculo, revise todos los t\u00e9rminos y condiciones, incluidos los seguros y las pol\u00edticas de combustible.<\/p>\n\n\n\n<h2 class=\"wp-block-heading\"><span class=\"ez-toc-section\" id=\"Un_lugar_para_disfrutar\"><\/span><strong>Un lugar para disfrutar<\/strong><span class=\"ez-toc-section-end\"><\/span><\/h2>\n\n\n\n<p>Ist\u00e1n combina la tranquilidad de un aut\u00e9ntico pueblo blanco con el atractivo de una inversi\u00f3n segura. Su entorno natural y las vistas al embalse y a la bah\u00eda de Marbella lo convierten en un lugar \u00fanico para desconectar, mientras que nuevos proyectos como <strong>Almazara Hills<\/strong>, <strong>Almazara Forest<\/strong> y <strong>Almazara Views<\/strong> aportan dise\u00f1o moderno y comodidad.<\/p>\n\n\n\n<p>A solo 15 minutos de Marbella, Ist\u00e1n es ideal tanto para quienes buscan una segunda residencia en plena naturaleza como para inversores interesados en el creciente mercado de alquiler vacacional.<\/p>\n\n\n\n<p>En <a href=\"https:\/\/www.homewatch.es\/es\">Homewatch<\/a> ponemos a tu disposici\u00f3n alquileres vacacionales, de temporada y propiedades en venta en Ist\u00e1n y sus alrededores, acompa\u00f1\u00e1ndote en todo el proceso para que encuentres la opci\u00f3n que mejor se adapte a ti. Descubre Ist\u00e1n con nosotros y enam\u00f3rate de un estilo de vida \u00fanico en plena Sierra de las Nieves.<\/p>\n\n\n\t\t\t<section class=\"selection-wrapper mt-5 mt-lg-7 mt-xxl-10 wp-block-acf-propertyselection\">\n\t\t\t\t<div class=\"container-fluid max-width d-flex flex-column align-items-start align-items-lg-center\">\n\t\t\t\t\t<div class=\"col-xl-6 mb-4 mb-lg-5\">\n\t\t\t\t\t\t\t\t\t\t\t\t\t<h2 class=\"h1 text-md-center mb-4\"><span class=\"ez-toc-section\" id=\"Propiedades_en_alquiler_en_Istan_Todas_las_propiedades_en_alquiler_Istan\"><\/span>\n\t\t\t\t\t\t\t\t\t\t\t\t\t\t\t\t\t<span class=\"htitle\">Propiedades en alquiler en Ist\u00e1n<\/span>\n\t\t\t\t\t\t\t\t\t\t\t\t\t\t\t\tTodas las propiedades en alquiler \/ Ist\u00e1n\t\t\t\t\t\t\t<span class=\"ez-toc-section-end\"><\/span><\/h2>\n\t\t\t\t\t\t\t\t\t\t\t\t<p class=\"text-md-center mb-0 mx-auto\">Encontradas 6 propiedades en alquiler en Ist\u00e1n.<\/p>\n\t\t\t\t\t<\/div>\n\t\t\t\t\t<div id=\"cardsFancyCarousel\" class=\"offcanvas-carousel w-100 four-items\">\n\t\t\t\t\t\t<article class=\"f-carousel__slide card col position-relative flex-column\">\n\t<figure class=\"position-relative w-100 mb-2\">\n\t\t<a class=\"card-portfolio position-absolute\" data-pfl-id=\"615577\" data-pfl-filter=\"rent-short\" href=\"#\">\n\t\t\t<svg width=\"20\" fill=\"currentColor\" viewBox=\"0 0 512 512\">\n\t\t\t\t<use href=\"https:\/\/www.homewatch.es\/wp-content\/themes\/inmobasolidbase\/dist\/src\/images\/icons.svg#svgPortfolio\"\/>\n\t\t\t<\/svg>\n\t\t\t<svg class=\"d-none\" width=\"20\" fill=\"currentColor\" viewBox=\"0 0 512 512\">\n\t\t\t\t<use href=\"https:\/\/www.homewatch.es\/wp-content\/themes\/inmobasolidbase\/dist\/src\/images\/icons.svg#svgPortfolioIn\"\/>\n\t\t\t<\/svg>\n\t\t<\/a>\n\t\t<picture class=\"ratio ratio-4x3\"><source width=\"1920\" height=\"1080\" srcset=\"https:\/\/media.inmobalia.com\/imgV1\/B8vEv5Xh_VThvnEqMx4G0YtA8lAADdw1sBC5uN5pSX6~ImMWYg0nYa_EPSP~fBpYtvgHs5QKecPwE1~j5DU_pylbu6cBdu0PgVunDxnkMoeY79Gll7Nv5AHhYwCGots7LHLh3gA4o6TwjKbDnuTJsFIsBH1aMJAUTMKuDn6XUvpFn_97jRi85DNYwzuzPRVR.jpg 1920w,https:\/\/media.inmobalia.com\/imgV1\/B8vEv5Xh_Vjzl4qKP9bJW21eHCmW9PWrQV6IDk9EjA79dASSMmDBrXf04FgH6wp0ylU42MWPePEey7rkY1j3kMIGs3YrRSP6UhHPWG1enKzuplcdy8f~NYm7bTbKkeM5EmP5XtFCogFsT7G_T89XiHbRHdJZ6Cr4ZOypyLxgkSbsfejE7HR3OxCBeaFBzvQ-.jpg 1580w,https:\/\/media.inmobalia.com\/imgV1\/B8vEv5Xh~9eLgpFkvD55S4O4_vRpfi7Zj~8WTFZMGThfizi~_Y~NgoiVzdN9MsuXYCpgHq7NOfhSSsV~~CvXOR8biNDSQCuIy3z~JafSwduxBEndespnQYPOGloQON4~nZWmFdK8hqiaFo4qB_HOBc2wXoskeDBBeywfrK8IL_uqFPSpMP1OmnZTBjMXfg--.jpg 774w\" type=\"image\/webp\"><img fetchpriority=\"high\" decoding=\"async\" class=\"image-fit\" alt=\"\u00c1tico moderno de 3 dormitorios con jacuzzi y vistas al mar en Almazara Hills, Ist\u00e1n\" width=\"1920\" height=\"1080\" src=\"https:\/\/media.inmobalia.com\/imgV1\/B8vEv5Xh_VThvnEqMx4G0ZxU~~H0Ar_8Bn_AfAx~4dnt796zQ9QIPwzdr9PkzIdRpbeOYktBAPFfTt23HPhndt5b7cRr2vg76pmKvptCGz41lr5kQhePvqUJasjt_8WvfpsKyarc~Oo5NjBhxE5MWhgqe4y6ZF9B3mMr3ZIV4SI-.jpg\"><\/picture>\t\t\t<\/figure>\n\t<div class=\"h-100 d-flex flex-column\">\n\t\t<span class=\"d-block card-area\">\n\t\t\tCerros del Lago\t\t<\/span>\n\t\t\n\n\t\t\t<div class=\"card-price d-flex flex-column\">\n\t\t<strong class=\"me-1\">Desde <span data-original-price=\"3000\">3.000\u00a0\u20ac<\/span><span data-period> por mes <\/span><\/strong><strong class=\"me-1\"><span data-original-price=\"2950\">2.950\u00a0\u20ac<\/span><span data-period> montly rental (November-March)<\/span><\/strong>\t\t<\/div>\n\t\n\t\t<ul class=\"card-features list-unstyled d-flex flex-wrap align-items-center mb-0\">\n\t\t\t\t\t\t\t<li class=\"d-flex align-items-center me-3\">\n\t\t\t\t\t3 dormitorios\t\t\t\t<\/li>\n\t\t\t\t\t\t\t<li class=\"d-flex align-items-center me-3\">\n\t\t\t\t\t2 ba\u00f1os\t\t\t\t<\/li>\n\t\t\t\t\t\t\t<li class=\"d-flex align-items-center me-3\">\n\t\t\t\t\t250 m&sup2; construido\t\t\t\t<\/li>\n\t\t\t\t\t<\/ul>\n\t\t<h4 class=\"card-title mb-0\">\n\t\t\t<a class=\"stretched-link\" href=\"\/alquiler\/cerros-del-lago\/aticos\/232\">\u00c1tico moderno de 3 dormitorios con jacuzzi y vistas al mar en Almazara Hills, Ist\u00e1n<\/a>\n\t\t<\/h4>\n\t\t\t<\/div>\n<\/article>\t\t\t\t\t\t<article class=\"f-carousel__slide card col position-relative flex-column\">\n\t<figure class=\"position-relative w-100 mb-2\">\n\t\t<a class=\"card-portfolio position-absolute\" data-pfl-id=\"562518\" data-pfl-filter=\"rent-short\" href=\"#\">\n\t\t\t<svg width=\"20\" fill=\"currentColor\" viewBox=\"0 0 512 512\">\n\t\t\t\t<use href=\"https:\/\/www.homewatch.es\/wp-content\/themes\/inmobasolidbase\/dist\/src\/images\/icons.svg#svgPortfolio\"\/>\n\t\t\t<\/svg>\n\t\t\t<svg class=\"d-none\" width=\"20\" fill=\"currentColor\" viewBox=\"0 0 512 512\">\n\t\t\t\t<use href=\"https:\/\/www.homewatch.es\/wp-content\/themes\/inmobasolidbase\/dist\/src\/images\/icons.svg#svgPortfolioIn\"\/>\n\t\t\t<\/svg>\n\t\t<\/a>\n\t\t<picture class=\"ratio ratio-4x3\"><source width=\"1920\" height=\"1080\" srcset=\"https:\/\/media.inmobalia.com\/imgV1\/B8vEv5Xh_VThvnEqMx4G0YtA8lAADdw1sBC5uN5pSX6~ImMWYg0nYa_EPSP~fBpYtvgHs5QKecPwE1~j5DU_pylbu6cBdu0PgVunDxnkMoeY79Gll7Nv5AHhYwCGots7LHLh3gTvUK~FiNUF37aeNonbEgJtM18ijZ8VomN0eD4ZoAKjMQCmkMNBJ9BCB4oD.jpg 1920w,https:\/\/media.inmobalia.com\/imgV1\/B8vEv5Xh_Vjzl4qKP9bJW21eHCmW9PWrQV6IDk9EjA79dASSMmDBrXf04FgH6wp0ylU42MWPePEey7rkY1j3kMIGs3YrRSP6UhHPWG1enKzuplcdy8f~NYm7bTbKkeM5EmP5WvvgyE8x_sTl65B2sAETW0VnCZAiiA6iHmogxs3P6zt9gMGkO7klh2Uet_E-.jpg 1580w,https:\/\/media.inmobalia.com\/imgV1\/B8vEv5Xh~9eLgpFkvD55S4O4_vRpfi7Zj~8WTFZMGThfizi~_Y~NgoiVzdN9MsuXYCpgHq7NOfhSSsV~~CvXOR8biNDSQCuIy3z~JafSwduxBEndespnQYPOGloQON4~nZWibXIVE4UaMhZKiYoADoqMBOHR3rq7p5ccFegEAj6G8rf1ef2kVnovVfHCQg--.jpg 774w\" type=\"image\/webp\"><img decoding=\"async\" class=\"image-fit\" alt=\"Apartamento vacacional 2 dormitorios con vistas panor\u00e1micas al mar, Ist\u00e1n Costa del Sol\" width=\"1920\" height=\"1080\" src=\"https:\/\/media.inmobalia.com\/imgV1\/B8vEv5Xh_VThvnEqMx4G0ZxU~~H0Ar_8Bn_AfAx~4dnt796zQ9QIPwzdr9PkzIdRpbeOYktBAPFfTt23HPhndt5b7cRr2vg76pmKvptCGz41lr5kRpobs5V3wWNVa5T3DMv8ufklo7yOeLQWyX1~Vy4wd_2MszNVndNwwIVRkbg-.jpg\"><\/picture>\t\t\t<\/figure>\n\t<div class=\"h-100 d-flex flex-column\">\n\t\t<span class=\"d-block card-area\">\n\t\t\tBalcones del Lago\t\t<\/span>\n\t\t\n\n\t\t\t<div class=\"card-price d-flex flex-column\">\n\t\t<strong class=\"me-1\">Desde <span data-original-price=\"60\">60\u00a0\u20ac<\/span><span data-period> por dia <\/span><\/strong>\t\t<\/div>\n\t\n\t\t<ul class=\"card-features list-unstyled d-flex flex-wrap align-items-center mb-0\">\n\t\t\t\t\t\t\t<li class=\"d-flex align-items-center me-3\">\n\t\t\t\t\t2 dormitorios\t\t\t\t<\/li>\n\t\t\t\t\t\t\t<li class=\"d-flex align-items-center me-3\">\n\t\t\t\t\t1 ba\u00f1o\t\t\t\t<\/li>\n\t\t\t\t\t\t\t<li class=\"d-flex align-items-center me-3\">\n\t\t\t\t\t186 m&sup2; construido\t\t\t\t<\/li>\n\t\t\t\t\t<\/ul>\n\t\t<h4 class=\"card-title mb-0\">\n\t\t\t<a class=\"stretched-link\" href=\"\/alquiler\/balcones-del-lago\/apartamentos-planta-baja\/215\">Apartamento vacacional 2 dormitorios con vistas panor\u00e1micas al mar, Ist\u00e1n Costa del Sol<\/a>\n\t\t<\/h4>\n\t\t\t<\/div>\n<\/article>\t\t\t\t\t\t<article class=\"f-carousel__slide card col position-relative flex-column\">\n\t<figure class=\"position-relative w-100 mb-2\">\n\t\t<a class=\"card-portfolio position-absolute\" data-pfl-id=\"529273\" data-pfl-filter=\"rent-short\" href=\"#\">\n\t\t\t<svg width=\"20\" fill=\"currentColor\" viewBox=\"0 0 512 512\">\n\t\t\t\t<use href=\"https:\/\/www.homewatch.es\/wp-content\/themes\/inmobasolidbase\/dist\/src\/images\/icons.svg#svgPortfolio\"\/>\n\t\t\t<\/svg>\n\t\t\t<svg class=\"d-none\" width=\"20\" fill=\"currentColor\" viewBox=\"0 0 512 512\">\n\t\t\t\t<use href=\"https:\/\/www.homewatch.es\/wp-content\/themes\/inmobasolidbase\/dist\/src\/images\/icons.svg#svgPortfolioIn\"\/>\n\t\t\t<\/svg>\n\t\t<\/a>\n\t\t<picture class=\"ratio ratio-4x3\"><source width=\"1920\" height=\"1080\" srcset=\"https:\/\/media.inmobalia.com\/imgV1\/B8vEv5Xh_VThvnEqMx4G0YtA8lAADdw1sBC5uN5pSX6~ImMWYg0nYa_EPSP~fBpYtvgHs5QKecPwE1~j5DU_pylbu6cBdu0PgVunDxnkMoeY79Gll7Nv5AHhYwCGots7LHLh2Ub~jD3V5_p9dQz3ZcpSXSSZjkBD0NHxY6wKWU~7azeASQ7TnWy2_oDeqQ7F.jpg 1920w,https:\/\/media.inmobalia.com\/imgV1\/B8vEv5Xh_Vjzl4qKP9bJW21eHCmW9PWrQV6IDk9EjA79dASSMmDBrXf04FgH6wp0ylU42MWPePEey7rkY1j3kMIGs3YrRSP6UhHPWG1enKzuplcdy8f~NYm7bTbKkeM5EmP_j~rxCzyH6uq~hz35AOr1_bCI0aGTiSSGkS~bgHlfbm6lG1FZGFNjZXNTZKc-.jpg 1580w,https:\/\/media.inmobalia.com\/imgV1\/B8vEv5Xh~9eLgpFkvD55S4O4_vRpfi7Zj~8WTFZMGThfizi~_Y~NgoiVzdN9MsuXYCpgHq7NOfhSSsV~~CvXOR8biNDSQCuIy3z~JafSwduxBEndespnQYPOGloQON4~nZJ~JpcyTdmpFJmxcUvpEqQXCrG9_WFyTzpliJ5wrvUby67M5SFJJ04_cqtIkA--.jpg 774w\" type=\"image\/webp\"><img decoding=\"async\" class=\"image-fit\" alt=\"\u00c1tico de lujo 3 dormitorios Almazara Hills con vistas al mar Costa del Sol\" width=\"1920\" height=\"1080\" src=\"https:\/\/media.inmobalia.com\/imgV1\/B8vEv5Xh_VThvnEqMx4G0ZxU~~H0Ar_8Bn_AfAx~4dnt796zQ9QIPwzdr9PkzIdRpbeOYktBAPFfTt23HPhndt5b7cRr2vg76pmKvptCGz41lr5j8fR7G~BfoY4QHVFawoLY0ZkymBOxDdGoz5RVWm3qsWHTs_gFcAQvf_195y8-.jpg\"><\/picture>\t\t\t<\/figure>\n\t<div class=\"h-100 d-flex flex-column\">\n\t\t<span class=\"d-block card-area\">\n\t\t\tCerros del Lago\t\t<\/span>\n\t\t\n\n\t\t\t<div class=\"card-price d-flex flex-column\">\n\t\t<strong class=\"me-1\">Desde <span data-original-price=\"190\">190\u00a0\u20ac<\/span><span data-period> por dia <\/span><\/strong>\t\t<\/div>\n\t\n\t\t<ul class=\"card-features list-unstyled d-flex flex-wrap align-items-center mb-0\">\n\t\t\t\t\t\t\t<li class=\"d-flex align-items-center me-3\">\n\t\t\t\t\t3 dormitorios\t\t\t\t<\/li>\n\t\t\t\t\t\t\t<li class=\"d-flex align-items-center me-3\">\n\t\t\t\t\t2 ba\u00f1os\t\t\t\t<\/li>\n\t\t\t\t\t\t\t<li class=\"d-flex align-items-center me-3\">\n\t\t\t\t\t281 m&sup2; construido\t\t\t\t<\/li>\n\t\t\t\t\t<\/ul>\n\t\t<h4 class=\"card-title mb-0\">\n\t\t\t<a class=\"stretched-link\" href=\"\/alquiler\/cerros-del-lago\/aticos\/194\">\u00c1tico de lujo 3 dormitorios Almazara Hills con vistas al mar Costa del Sol<\/a>\n\t\t<\/h4>\n\t\t\t<\/div>\n<\/article>\t\t\t\t\t\t<article class=\"f-carousel__slide card col position-relative flex-column\">\n\t<figure class=\"position-relative w-100 mb-2\">\n\t\t<a class=\"card-portfolio position-absolute\" data-pfl-id=\"262079\" data-pfl-filter=\"rent-short\" href=\"#\">\n\t\t\t<svg width=\"20\" fill=\"currentColor\" viewBox=\"0 0 512 512\">\n\t\t\t\t<use href=\"https:\/\/www.homewatch.es\/wp-content\/themes\/inmobasolidbase\/dist\/src\/images\/icons.svg#svgPortfolio\"\/>\n\t\t\t<\/svg>\n\t\t\t<svg class=\"d-none\" width=\"20\" fill=\"currentColor\" viewBox=\"0 0 512 512\">\n\t\t\t\t<use href=\"https:\/\/www.homewatch.es\/wp-content\/themes\/inmobasolidbase\/dist\/src\/images\/icons.svg#svgPortfolioIn\"\/>\n\t\t\t<\/svg>\n\t\t<\/a>\n\t\t<picture class=\"ratio ratio-4x3\"><source width=\"1920\" height=\"1080\" srcset=\"https:\/\/media.inmobalia.com\/imgV1\/B8vEv5Xh_VThvnEqMx4G0YtA8lAADdw1sBC5uN5pSX6~ImMWYg0nYa_EPSP~fBpYtvgHs5QKecPwE1~j5DU_pylbu6cBdu0PgVunDxnkMoeY79Gll7Nv5AHhYwCGots7LBBVxX6EQnLC1zR15~qx_XlbUDhsBpiVvHJYitwW6t1waNNqavMZbVF~rhfFE~HLGCM-.jpg 1920w,https:\/\/media.inmobalia.com\/imgV1\/B8vEv5Xh_Vjzl4qKP9bJW21eHCmW9PWrQV6IDk9EjA79dASSMmDBrXf04FgH6wp0ylU42MWPePEey7rkY1j3kMIGs3YrRSP6UhHPWG1enKzuplcdy8f~NYm7bTbKkeM5cMgmtVXqCy9J8ItOFsyu6xABR9gCwHawxJCpNuDJ2hXGtxFWYBR8mZb7iyb2t_HH9g--.jpg 1580w,https:\/\/media.inmobalia.com\/imgV1\/B8vEv5Xh~9eLgpFkvD55S4O4_vRpfi7Zj~8WTFZMGThfizi~_Y~NgoiVzdN9MsuXYCpgHq7NOfhSSsV~~CvXOR8biNDSQCuIy3z~JafSwduxBEndespnQYPOGloQON5dAeCJAI_OeHGExyqdpSadj1W4vvE14C5BpwpUqK8AsOwdh1dEBgt3stWCQeB5Q~b7.jpg 774w\" type=\"image\/webp\"><img loading=\"lazy\" decoding=\"async\" class=\"image-fit\" alt=\"Apartamento de lujo de 2 dormitorios con vistas al mar en Ist\u00e1n, Costa del Sol\" width=\"1920\" height=\"1080\" src=\"https:\/\/media.inmobalia.com\/imgV1\/B8vEv5Xh_VThvnEqMx4G0ZxU~~H0Ar_8Bn_AfAx~4dnt796zQ9QIPwzdr9PkzIdRpbeOYktBAPFfTt23HPhndt5b7cRr2vg76pmKvptCGz419CdewfI1z7hjVIyRxoIxYiHCrBxeWqea5mokuqjm7r3E3j7tMqRH6ycMB5U29bPBug--.jpg\"><\/picture>\t\t\t<\/figure>\n\t<div class=\"h-100 d-flex flex-column\">\n\t\t<span class=\"d-block card-area\">\n\t\t\tBalcones del Lago\t\t<\/span>\n\t\t\n\n\t\t\t<div class=\"card-price d-flex flex-column\">\n\t\t<strong class=\"me-1\">Desde <span data-original-price=\"60\">60\u00a0\u20ac<\/span><span data-period> por dia <\/span><\/strong>\t\t<\/div>\n\t\n\t\t<ul class=\"card-features list-unstyled d-flex flex-wrap align-items-center mb-0\">\n\t\t\t\t\t\t\t<li class=\"d-flex align-items-center me-3\">\n\t\t\t\t\t2 dormitorios\t\t\t\t<\/li>\n\t\t\t\t\t\t\t<li class=\"d-flex align-items-center me-3\">\n\t\t\t\t\t2 ba\u00f1os\t\t\t\t<\/li>\n\t\t\t\t\t\t\t<li class=\"d-flex align-items-center me-3\">\n\t\t\t\t\t110 m&sup2; construido\t\t\t\t<\/li>\n\t\t\t\t\t<\/ul>\n\t\t<h4 class=\"card-title mb-0\">\n\t\t\t<a class=\"stretched-link\" href=\"\/alquiler\/balcones-del-lago\/apartamentos-planta-baja\/43\">Apartamento de lujo de 2 dormitorios con vistas al mar en Ist\u00e1n, Costa del Sol<\/a>\n\t\t<\/h4>\n\t\t\t<\/div>\n<\/article>\t\t\t\t\t\t<article class=\"f-carousel__slide card col position-relative flex-column\">\n\t<figure class=\"position-relative w-100 mb-2\">\n\t\t<a class=\"card-portfolio position-absolute\" data-pfl-id=\"262053\" data-pfl-filter=\"rent-short\" href=\"#\">\n\t\t\t<svg width=\"20\" fill=\"currentColor\" viewBox=\"0 0 512 512\">\n\t\t\t\t<use href=\"https:\/\/www.homewatch.es\/wp-content\/themes\/inmobasolidbase\/dist\/src\/images\/icons.svg#svgPortfolio\"\/>\n\t\t\t<\/svg>\n\t\t\t<svg class=\"d-none\" width=\"20\" fill=\"currentColor\" viewBox=\"0 0 512 512\">\n\t\t\t\t<use href=\"https:\/\/www.homewatch.es\/wp-content\/themes\/inmobasolidbase\/dist\/src\/images\/icons.svg#svgPortfolioIn\"\/>\n\t\t\t<\/svg>\n\t\t<\/a>\n\t\t<picture class=\"ratio ratio-4x3\"><source width=\"1920\" height=\"1080\" srcset=\"https:\/\/media.inmobalia.com\/imgV1\/B8vEv5Xh_VThvnEqMx4G0YtA8lAADdw1sBC5uN5pSX6~ImMWYg0nYa_EPSP~fBpYtvgHs5QKecPwE1~j5DU_pylbu6cBdu0PgVunDxnkMoeY79Gll7Nv5AHhYwCGots7LBBU_qtk_BoODeooJ~9j04VBVF1RbyqV5KKHDlyu52wWaR8WjWSWCI_fQEwx8UoY5mM-.jpg 1920w,https:\/\/media.inmobalia.com\/imgV1\/B8vEv5Xh_Vjzl4qKP9bJW21eHCmW9PWrQV6IDk9EjA79dASSMmDBrXf04FgH6wp0ylU42MWPePEey7rkY1j3kMIGs3YrRSP6UhHPWG1enKzuplcdy8f~NYm7bTbKkeM5cMmGx_Bjk2bh1w5EWin3B_392fl_HtXwfo8LW9_TxM3jNlFUmZMR8k8ARwQw_EidnQ--.jpg 1580w,https:\/\/media.inmobalia.com\/imgV1\/B8vEv5Xh~9eLgpFkvD55S4O4_vRpfi7Zj~8WTFZMGThfizi~_Y~NgoiVzdN9MsuXYCpgHq7NOfhSSsV~~CvXOR8biNDSQCuIy3z~JafSwduxBEndespnQYPOGloQON5dAFueaE9wSfU8ZX3FwX58EwQTGKnH0Kl4EC4z7QZkRGT~ejr8MPt27WUIqX_rbYHM.jpg 774w\" type=\"image\/webp\"><img loading=\"lazy\" decoding=\"async\" class=\"image-fit\" alt=\"Apartamento de lujo 2 dormitorios con vistas al mar y jacuzzi privado en Balcones del Lago\" width=\"1920\" height=\"1080\" src=\"https:\/\/media.inmobalia.com\/imgV1\/B8vEv5Xh_VThvnEqMx4G0ZxU~~H0Ar_8Bn_AfAx~4dnt796zQ9QIPwzdr9PkzIdRpbeOYktBAPFfTt23HPhndt5b7cRr2vg76pmKvptCGz419CbEd8WmwJHEtg~15hQUHyQ6gs6k6wSavRjKWYwzVtyAg0CRIH1uoHYPCZvXIliFZg--.jpg\"><\/picture>\t\t\t<\/figure>\n\t<div class=\"h-100 d-flex flex-column\">\n\t\t<span class=\"d-block card-area\">\n\t\t\tBalcones del Lago\t\t<\/span>\n\t\t\n\n\t\t\t<div class=\"card-price d-flex flex-column\">\n\t\t<strong class=\"me-1\">Desde <span data-original-price=\"60\">60\u00a0\u20ac<\/span><span data-period> por dia <\/span><\/strong><strong class=\"me-1\"><span data-original-price=\"1600\">1.600\u00a0\u20ac<\/span><span data-period> montly rental (November-March)<\/span><\/strong>\t\t<\/div>\n\t\n\t\t<ul class=\"card-features list-unstyled d-flex flex-wrap align-items-center mb-0\">\n\t\t\t\t\t\t\t<li class=\"d-flex align-items-center me-3\">\n\t\t\t\t\t2 dormitorios\t\t\t\t<\/li>\n\t\t\t\t\t\t\t<li class=\"d-flex align-items-center me-3\">\n\t\t\t\t\t2 ba\u00f1os\t\t\t\t<\/li>\n\t\t\t\t\t\t\t<li class=\"d-flex align-items-center me-3\">\n\t\t\t\t\t110 m&sup2; construido\t\t\t\t<\/li>\n\t\t\t\t\t<\/ul>\n\t\t<h4 class=\"card-title mb-0\">\n\t\t\t<a class=\"stretched-link\" href=\"\/alquiler\/balcones-del-lago\/apartamentos-planta-baja\/42\">Apartamento de lujo 2 dormitorios con vistas al mar y jacuzzi privado en Balcones del Lago<\/a>\n\t\t<\/h4>\n\t\t\t<\/div>\n<\/article>\t\t\t\t\t\t<article class=\"f-carousel__slide card col position-relative flex-column\">\n\t<figure class=\"position-relative w-100 mb-2\">\n\t\t<a class=\"card-portfolio position-absolute\" data-pfl-id=\"262045\" data-pfl-filter=\"rent-short\" href=\"#\">\n\t\t\t<svg width=\"20\" fill=\"currentColor\" viewBox=\"0 0 512 512\">\n\t\t\t\t<use href=\"https:\/\/www.homewatch.es\/wp-content\/themes\/inmobasolidbase\/dist\/src\/images\/icons.svg#svgPortfolio\"\/>\n\t\t\t<\/svg>\n\t\t\t<svg class=\"d-none\" width=\"20\" fill=\"currentColor\" viewBox=\"0 0 512 512\">\n\t\t\t\t<use href=\"https:\/\/www.homewatch.es\/wp-content\/themes\/inmobasolidbase\/dist\/src\/images\/icons.svg#svgPortfolioIn\"\/>\n\t\t\t<\/svg>\n\t\t<\/a>\n\t\t<picture class=\"ratio ratio-4x3\"><source width=\"1920\" height=\"1080\" srcset=\"https:\/\/media.inmobalia.com\/imgV1\/B8vEv5Xh_VThvnEqMx4G0YtA8lAADdw1sBC5uN5pSX6~ImMWYg0nYa_EPSP~fBpYtvgHs5QKecPwE1~j5DU_pylbu6cBdu0PgVunDxnkMoeY79Gll7Nv5AHhYwCGots7LBBU_0NqaNbgXoBTZS0Rbg2tjtxzJaBhSjqq85wNZLnkn3tN52StDSB8LqTrWll1nIs-.jpg 1920w,https:\/\/media.inmobalia.com\/imgV1\/B8vEv5Xh_Vjzl4qKP9bJW21eHCmW9PWrQV6IDk9EjA79dASSMmDBrXf04FgH6wp0ylU42MWPePEey7rkY1j3kMIGs3YrRSP6UhHPWG1enKzuplcdy8f~NYm7bTbKkeM5cMmHIaFsNxLsD5WXw4V2GKljpQbBsSnqBi2yqVo8vjgLkd1QwobZhUg6f0TGEWckRg--.jpg 1580w,https:\/\/media.inmobalia.com\/imgV1\/B8vEv5Xh~9eLgpFkvD55S4O4_vRpfi7Zj~8WTFZMGThfizi~_Y~NgoiVzdN9MsuXYCpgHq7NOfhSSsV~~CvXOR8biNDSQCuIy3z~JafSwduxBEndespnQYPOGloQON5dAFrGmBXeiOUTA_J7lnUjje6O4RWjpjpiO5yKQs1xF80dTaNl1bSXdAF6fOMh1n3L.jpg 774w\" type=\"image\/webp\"><img loading=\"lazy\" decoding=\"async\" class=\"image-fit\" alt=\"Casa adosada d\u00faplex de 2 dormitorios con vistas al mar y jacuzzi en Ist\u00e1n, Costa del Sol\" width=\"1920\" height=\"1080\" src=\"https:\/\/media.inmobalia.com\/imgV1\/B8vEv5Xh_VThvnEqMx4G0ZxU~~H0Ar_8Bn_AfAx~4dnt796zQ9QIPwzdr9PkzIdRpbeOYktBAPFfTt23HPhndt5b7cRr2vg76pmKvptCGz419CbFlf1aD2x~O0Uwhyv4MADva6GYw_illYuSBwwbqx342u6zDe~di2OLDv1~m5WOSA--.jpg\"><\/picture>\t\t\t<\/figure>\n\t<div class=\"h-100 d-flex flex-column\">\n\t\t<span class=\"d-block card-area\">\n\t\t\tBalcones del Lago\t\t<\/span>\n\t\t\n\n\t\t\t<div class=\"card-price d-flex flex-column\">\n\t\t<strong class=\"me-1\">Desde <span data-original-price=\"72\">72\u00a0\u20ac<\/span><span data-period> por dia <\/span><\/strong>\t\t<\/div>\n\t\n\t\t<ul class=\"card-features list-unstyled d-flex flex-wrap align-items-center mb-0\">\n\t\t\t\t\t\t\t<li class=\"d-flex align-items-center me-3\">\n\t\t\t\t\t2 dormitorios\t\t\t\t<\/li>\n\t\t\t\t\t\t\t<li class=\"d-flex align-items-center me-3\">\n\t\t\t\t\t2 ba\u00f1os\t\t\t\t<\/li>\n\t\t\t\t\t\t\t<li class=\"d-flex align-items-center me-3\">\n\t\t\t\t\t155 m&sup2; construido\t\t\t\t<\/li>\n\t\t\t\t\t<\/ul>\n\t\t<h4 class=\"card-title mb-0\">\n\t\t\t<a class=\"stretched-link\" href=\"\/alquiler\/balcones-del-lago\/aticos\/44\">Casa adosada d\u00faplex de 2 dormitorios con vistas al mar y jacuzzi en Ist\u00e1n, Costa del Sol<\/a>\n\t\t<\/h4>\n\t\t\t<\/div>\n<\/article>\t\t\t\t\t\t\t\t\t\t\t<\/div>\n\t\t\t\t\t\t\t\t\t\t\t<a class=\"btn btn-inm mt-2 mt-lg-5\" href=\"https:\/\/www.homewatch.es\/alquiler\/istan\">\u00a1Alquila ya!<\/a>\n\t\t\t\t\t\t\t\t\t<\/div>\n\t\t\t<\/section>\n\t\t","protected":false},"excerpt":{"rendered":"<p>Ist\u00e1n es un encantador pueblo blanco enclavado en pleno Parque Natural de la Sierra de las Nieves, declarado Reserva de la Biosfera por la UNESCO. Conocido como \u201cEl Manantial de la Costa del Sol\u201d, este rinc\u00f3n andaluz combina naturaleza, tradici\u00f3n y autenticidad a solo 15 kil\u00f3metros de Marbella, lo que lo convierte en un lugar&#8230;<\/p>\n","protected":false},"author":11,"featured_media":6517,"comment_status":"closed","ping_status":"0","sticky":false,"template":"","format":"standard","meta":{"_acf_changed":false,"footnotes":""},"categories":[26,1182],"tags":[264,190,32,1184,36,192,1261,219,1259,839,1260],"class_list":["post-6515","post","type-post","status-publish","format-standard","has-post-thumbnail","hentry","category-guia-de-zonas","category-istan","tag-alquiler-de-apartamentos","tag-bienes-raices","tag-costa-del-sol-es","tag-istan-3","tag-marbella-es","tag-mercado-inmobiliario","tag-naturaleza","tag-propietarios","tag-pueblo","tag-restaurantes","tag-rutas-senderismo"],"acf":[],"_links":{"self":[{"href":"https:\/\/www.homewatch.es\/es\/wp-json\/wp\/v2\/posts\/6515","targetHints":{"allow":["GET"]}}],"collection":[{"href":"https:\/\/www.homewatch.es\/es\/wp-json\/wp\/v2\/posts"}],"about":[{"href":"https:\/\/www.homewatch.es\/es\/wp-json\/wp\/v2\/types\/post"}],"author":[{"embeddable":true,"href":"https:\/\/www.homewatch.es\/es\/wp-json\/wp\/v2\/users\/11"}],"replies":[{"embeddable":true,"href":"https:\/\/www.homewatch.es\/es\/wp-json\/wp\/v2\/comments?post=6515"}],"version-history":[{"count":0,"href":"https:\/\/www.homewatch.es\/es\/wp-json\/wp\/v2\/posts\/6515\/revisions"}],"wp:featuredmedia":[{"embeddable":true,"href":"https:\/\/www.homewatch.es\/es\/wp-json\/wp\/v2\/media\/6517"}],"wp:attachment":[{"href":"https:\/\/www.homewatch.es\/es\/wp-json\/wp\/v2\/media?parent=6515"}],"wp:term":[{"taxonomy":"category","embeddable":true,"href":"https:\/\/www.homewatch.es\/es\/wp-json\/wp\/v2\/categories?post=6515"},{"taxonomy":"post_tag","embeddable":true,"href":"https:\/\/www.homewatch.es\/es\/wp-json\/wp\/v2\/tags?post=6515"}],"curies":[{"name":"wp","href":"https:\/\/api.w.org\/{rel}","templated":true}]}}