{"id":6025,"date":"2025-02-21T13:40:47","date_gmt":"2025-02-21T12:40:47","guid":{"rendered":"https:\/\/www.homewatch.es\/?p=6025"},"modified":"2025-03-19T11:00:15","modified_gmt":"2025-03-19T10:00:15","slug":"elegancia-mediterraneo-nueva-andalucia","status":"publish","type":"post","link":"https:\/\/www.homewatch.es\/es\/6025-elegancia-mediterraneo-nueva-andalucia","title":{"rendered":"La elegancia del Mediterr\u00e1neo en Marbella: Nueva Andaluc\u00eda"},"content":{"rendered":"\n<p>\u00a1Bienvenidos a Nueva Andaluc\u00eda! Una de las zonas m\u00e1s exclusivas y codiciadas de Marbella, situada en el norte de Puerto Ban\u00fas. Si est\u00e1s buscando tranquilidad y naturaleza, \u00e9ste es tu sitio. Y si est\u00e1s buscando ocio, actividades y vida nocturna, este tambi\u00e9n es tu sitio.&nbsp;<\/p><div id=\"ez-toc-container\" class=\"ez-toc-v2_0_82_2 counter-hierarchy ez-toc-counter ez-toc-custom ez-toc-container-direction\">\n<div class=\"ez-toc-title-container\">\n<p class=\"ez-toc-title\" style=\"cursor:inherit\">Table of Contents<\/p>\n<span class=\"ez-toc-title-toggle\"><a href=\"#\" class=\"ez-toc-pull-right ez-toc-btn ez-toc-btn-xs ez-toc-btn-default ez-toc-toggle\" aria-label=\"Alternar tabla de contenidos\"><span class=\"ez-toc-js-icon-con\"><span class=\"\"><span class=\"eztoc-hide\" style=\"display:none;\">Toggle<\/span><span class=\"ez-toc-icon-toggle-span\"><svg style=\"fill: #0a0a0a;color:#0a0a0a\" xmlns=\"http:\/\/www.w3.org\/2000\/svg\" class=\"list-377408\" width=\"20px\" height=\"20px\" viewBox=\"0 0 24 24\" fill=\"none\"><path d=\"M6 6H4v2h2V6zm14 0H8v2h12V6zM4 11h2v2H4v-2zm16 0H8v2h12v-2zM4 16h2v2H4v-2zm16 0H8v2h12v-2z\" fill=\"currentColor\"><\/path><\/svg><svg style=\"fill: #0a0a0a;color:#0a0a0a\" class=\"arrow-unsorted-368013\" xmlns=\"http:\/\/www.w3.org\/2000\/svg\" width=\"10px\" height=\"10px\" viewBox=\"0 0 24 24\" version=\"1.2\" baseProfile=\"tiny\"><path d=\"M18.2 9.3l-6.2-6.3-6.2 6.3c-.2.2-.3.4-.3.7s.1.5.3.7c.2.2.4.3.7.3h11c.3 0 .5-.1.7-.3.2-.2.3-.5.3-.7s-.1-.5-.3-.7zM5.8 14.7l6.2 6.3 6.2-6.3c.2-.2.3-.5.3-.7s-.1-.5-.3-.7c-.2-.2-.4-.3-.7-.3h-11c-.3 0-.5.1-.7.3-.2.2-.3.5-.3.7s.1.5.3.7z\"\/><\/svg><\/span><\/span><\/span><\/a><\/span><\/div>\n<nav><ul class='ez-toc-list ez-toc-list-level-1 ' ><li class='ez-toc-page-1 ez-toc-heading-level-2'><a class=\"ez-toc-link ez-toc-heading-1\" href=\"https:\/\/www.homewatch.es\/es\/6025-elegancia-mediterraneo-nueva-andalucia\/#Nueva_Andalucia_en_el_mapa_%C2%BFDonde_nos_encontramos\" >Nueva Andaluc\u00eda en el mapa: \u00bfD\u00f3nde nos encontramos?<\/a><\/li><li class='ez-toc-page-1 ez-toc-heading-level-2'><a class=\"ez-toc-link ez-toc-heading-2\" href=\"https:\/\/www.homewatch.es\/es\/6025-elegancia-mediterraneo-nueva-andalucia\/#Las_raices_de_Nueva_Andalucia_De_campos_andaluces_a_epicentro_del_lujo\" >Las ra\u00edces de Nueva Andaluc\u00eda: De campos andaluces a epicentro del lujo<\/a><\/li><li class='ez-toc-page-1 ez-toc-heading-level-2'><a class=\"ez-toc-link ez-toc-heading-3\" href=\"https:\/\/www.homewatch.es\/es\/6025-elegancia-mediterraneo-nueva-andalucia\/#Un_dia_con_nosotros_Nuestros_lugares_favoritos_en_Nueva_Andalucia\" >Un d\u00eda con nosotros: Nuestros lugares favoritos en Nueva Andaluc\u00eda<\/a><\/li><li class='ez-toc-page-1 ez-toc-heading-level-2'><a class=\"ez-toc-link ez-toc-heading-4\" href=\"https:\/\/www.homewatch.es\/es\/6025-elegancia-mediterraneo-nueva-andalucia\/#Cultura_y_deportes_en_Nueva_Andalucia\" >Cultura y deportes en Nueva Andaluc\u00eda<\/a><\/li><li class='ez-toc-page-1 ez-toc-heading-level-2'><a class=\"ez-toc-link ez-toc-heading-5\" href=\"https:\/\/www.homewatch.es\/es\/6025-elegancia-mediterraneo-nueva-andalucia\/#Nueva_Andalucia_para_el_dia_a_dia_y_para_disfrutar_en_familia\" >Nueva Andaluc\u00eda para el d\u00eda a d\u00eda y para disfrutar en familia<\/a><\/li><li class='ez-toc-page-1 ez-toc-heading-level-2'><a class=\"ez-toc-link ez-toc-heading-6\" href=\"https:\/\/www.homewatch.es\/es\/6025-elegancia-mediterraneo-nueva-andalucia\/#Envio_a_domicilio_para_los_dias_de_relax_en_casa\" >Env\u00edo a domicilio, para los d\u00edas de relax en casa<\/a><\/li><li class='ez-toc-page-1 ez-toc-heading-level-2'><a class=\"ez-toc-link ez-toc-heading-7\" href=\"https:\/\/www.homewatch.es\/es\/6025-elegancia-mediterraneo-nueva-andalucia\/#Servicios_de_transporte_La_distancia_para_nosotros_no_es_un_problema\" >Servicios de transporte: La distancia para nosotros, no es un problema<\/a><\/li><li class='ez-toc-page-1 ez-toc-heading-level-2'><a class=\"ez-toc-link ez-toc-heading-8\" href=\"https:\/\/www.homewatch.es\/es\/6025-elegancia-mediterraneo-nueva-andalucia\/#Conoce_los_alrededores_Mas_alla_de_Nueva_Andalucia\" >Conoce los alrededores: M\u00e1s all\u00e1 de Nueva Andaluc\u00eda<\/a><\/li><li class='ez-toc-page-1 ez-toc-heading-level-2'><a class=\"ez-toc-link ez-toc-heading-9\" href=\"https:\/\/www.homewatch.es\/es\/6025-elegancia-mediterraneo-nueva-andalucia\/#Nueva_Andalucia_El_lugar_para_construir_tu_siguiente_historia_%C2%BFTe_apuntas\" >Nueva Andaluc\u00eda: El lugar para construir tu siguiente historia, \u00bfTe apuntas?<\/a><\/li><li class='ez-toc-page-1 ez-toc-heading-level-2'><a class=\"ez-toc-link ez-toc-heading-10\" href=\"https:\/\/www.homewatch.es\/es\/6025-elegancia-mediterraneo-nueva-andalucia\/#Propiedades_en_alquiler_en_Nueva_Andalucia_Marbella_Todas_las_propiedades_en_alquiler_Marbella_Nueva_Andalucia\" >Propiedades en alquiler en Nueva Andaluc\u00eda, Marbella\n\t\t\t\t\t\t\t\t\t\t\t\t\t\t\t\tTodas las propiedades en alquiler \/ Marbella \/ Nueva Andaluc\u00eda<\/a><\/li><li class='ez-toc-page-1 ez-toc-heading-level-2'><a class=\"ez-toc-link ez-toc-heading-11\" href=\"https:\/\/www.homewatch.es\/es\/6025-elegancia-mediterraneo-nueva-andalucia\/#Propiedades_en_venta_en_Nueva_Andalucia_Marbella_Todas_las_propiedades_en_venta_Marbella_Nueva_Andalucia\" >Propiedades en venta en Nueva Andaluc\u00eda, Marbella\n\t\t\t\t\t\t\t\t\t\t\t\t\t\t\t\tTodas las propiedades en venta \/ Marbella \/ Nueva Andaluc\u00eda<\/a><\/li><\/ul><\/nav><\/div>\n\n\n\n\n<p>Nueva Andaluc\u00eda es el lugar en el que paz y ocio se fusionan, el lugar donde se encuentra la elegancia, villas de lujo, y grandes campos de golf.<\/p>\n\n\n\n<p>Estuvimos pasando el d\u00eda por Nueva Andaluc\u00eda, e hicimos una lista de nuestras recomendaciones para disfrutar de esta zona. \u00bfListos para descubrir las joyas de Nueva Andaluc\u00eda? \u00a1Comencemos!<\/p>\n\n\n\n<figure class=\"position-relative my-5\"><a class=\"position-relative\" href=\"https:\/\/youtu.be\/TU-cX8cgHxk\" data-fancybox=\"video\" target=\"_blank\" rel=\"noopener\"><svg class=\"position-absolute top-50 start-50 translate-middle\" width=\"80\" fill=\"#fff\" viewBox=\"0 0 512 512\"><use href=\"https:\/\/www.homewatch.es\/wp-content\/themes\/inmobasolidbase\/dist\/src\/images\/icons.svg#svgPlay\"><\/use><\/svg><picture><source width=\"1920\" srcset=\"https:\/\/media.inmobalia.com\/imgV1\/B98Le8~d7M9k3Degnasou4SeXs2jeTR_PiwwSeLqOqIC4907UpvQnFtJljAkioC7kuEr6Z~ulrAsl79hYMCSerb1tM1x3htL6qH_qosaj8IKJQiNi48H09AhANk-.jpg 1920w\" type=\"image\/webp\"><img decoding=\"async\" class=\"img-fluid d-block w-100 my-4\" alt=\"La elegancia del Mediterr\u00e1neo en Marbella: Nueva Andaluc\u00eda\" width=\"1920\" src=\"https:\/\/media.inmobalia.com\/imgV1\/B98Le8~d7M9k3DegigWijpPHfi0CkGBxNjyvwawbHYBfRTOjZB3vLkbI1XjyP3_xQamnK8n4XnU52hpBPUbyOTmWCaToAXSLv8TpKg--.jpg\"><\/picture><\/a><script type=\"application\/ld+json\">\n\t\t\t{\n\t\t\t\t\"@context\": \"https:\/\/schema.org\",\n\t\t\t\t\"@type\": \"VideoObject\",\n\t\t\t\t\"name\": \"La elegancia del Mediterr\u00e1neo en Marbella: Nueva Andaluc\u00eda\",\n\t\t\t\t\"description\": \"\u00a1Bienvenidos a Nueva Andaluc\u00eda! Una de las zonas m\u00e1s exclusivas y codiciadas de Marbella, situada en el norte de Puerto...\",\n\t\t\t\t\"thumbnailUrl\": \"https:\/\/img.youtube.com\/vi\/TU-cX8cgHxk\/maxresdefault.jpg\",\n\t\t\t\t\"uploadDate\": \"2025-02-21T13:40:47+0100\", \"embedUrl\": \"https:\/\/youtu.be\/TU-cX8cgHxk\"\t\t\t\n\t\t\t}\n\t\t\t<\/script><\/figure>\n\n\n<ul class=\"list-unstyled p-4 pb-5 border border-light\"><li class=\"text-black text-uppercase fw-bold mb-3\">\u00cdndice<\/li><li><a href=\"#nueva+andalucia+en+el+mapa+donde+nos+encontramos\">Nueva Andaluc\u00eda en el mapa: \u00bfD\u00f3nde nos encontramos?<\/a><\/li>\n<li><a href=\"#las+raices+de+nueva+andalucia+de+campos+andaluces+a+epicentro+del+lujo\">Las ra\u00edces de Nueva Andaluc\u00eda: De campos andaluces a epicentro del lujo<\/a><\/li>\n<li><a href=\"#un+dia+con+nosotros+nuestros+lugares+favoritos+en+nueva+andalucia\">Un d\u00eda con nosotros: Nuestros lugares favoritos en Nueva Andaluc\u00eda<\/a><\/li>\n<li><a href=\"#cultura+y+deportes+en+nueva+andalucia\">Cultura y deportes en Nueva Andaluc\u00eda<\/a><\/li>\n<li><a href=\"#nueva+andalucia+para+el+dia+a+dia+y+para+disfrutar+en+familia\">Nueva Andaluc\u00eda para el d\u00eda a d\u00eda y para disfrutar en familia<\/a><\/li>\n<li><a href=\"#envio+a+domicilio+para+los+dias+de+relax+en+casa\">Env\u00edo a domicilio, para los d\u00edas de relax en casa<\/a><\/li>\n<li><a href=\"#servicios+de+transporte+la+distancia+para+nosotros+no+es+un+problema\">Servicios de transporte: La distancia para nosotros, no es un problema<\/a><\/li>\n<li><a href=\"#conoce+los+alrededores+mas+alla+de+nueva+andalucia\">Conoce los alrededores: M\u00e1s all\u00e1 de Nueva Andaluc\u00eda<\/a><\/li>\n<li><a href=\"#nueva+andalucia+el+lugar+para+construir+tu+siguiente+historia+te+apuntas\">Nueva Andaluc\u00eda: El lugar para construir tu siguiente historia, \u00bfTe apuntas?<\/a><\/li><\/ul>\n\n\n\n<h2 class=\"wp-block-heading has-large-font-size\"><span class=\"ez-toc-section\" id=\"Nueva_Andalucia_en_el_mapa_%C2%BFDonde_nos_encontramos\"><\/span><br><strong>Nueva Andaluc\u00eda en el mapa: \u00bfD\u00f3nde nos encontramos?<\/strong><span class=\"ez-toc-section-end\"><\/span><\/h2>\n\n\n\n<p>Nueva Andaluc\u00eda es una de las zonas residenciales m\u00e1s exclusivas y codiciadas de Marbella. Situada al noroeste de Puerto Ban\u00fas, esta urbanizaci\u00f3n de lujo es conocida por su ambiente sofisticado, su seguridad y su oferta de servicios de alta gama.&nbsp;<\/p>\n\n\n\n<p>Popular entre residentes y visitantes internacionales, Nueva Andaluc\u00eda combina la tranquilidad de una zona residencial con la cercan\u00eda a la vibrante vida social de la Costa del Sol.&nbsp;<\/p>\n\n\n\n<p>Su atractivo radica en su entorno de colinas suaves con vistas panor\u00e1micas al mar Mediterr\u00e1neo y la monta\u00f1a de La Concha, su excelente infraestructura y su proximidad a algunos de los mejores campos de golf de Espa\u00f1a, gan\u00e1ndose el apodo de \"Valle del Golf\".<\/p>\n\n\n\n<figure class=\"wp-caption aligncenter\">\n<picture><source width=\"1480\" srcset=\"https:\/\/media.inmobalia.com\/imgV1\/B98Le8~d7M9pwOKhCJcJLIfglZOtvyX13f98gUEkry2AXpxxwVVUW6beaB1CbHQXGOhTMxPEWoq2vSWoPxT0dWUFVpFov6NwmlNzq3qwzpnpHLdKCVvTJlkNmoNvb~EzIlcOTwymeG_FFt8Dir2TlpCZgS3jFOy1Vc3SmXK3ZQwwVVX6CKiS.png 1480w\" type=\"image\/webp\"><img decoding=\"async\" class=\"img-fluid \" width=\"1480\" src=\"https:\/\/media.inmobalia.com\/imgV1\/B98Le8~d7M9pwOKhCJcJLIN6jO1ByKD5uSZnq8Rqc8B6DMmmO7kOR4N0IvO6OvVh01P_J9~uLWOHBEWUQE3T~C5cLDWerHLR1PrO6NIclHXLyQ5pAxDD~ksaurP6tUuQ~GdhYz59oOzEgiGuVBDq31RaI8ki2R43SUGlsmsjhxQ-.png\"><\/picture>\n<figcaption class=\"wp-caption-text\"><\/figcaption>\n<\/figure>\n\n\n\n<p><br>Nueva Andaluc\u00eda goza de una ubicaci\u00f3n estrat\u00e9gica con excelentes conexiones por carretera. Se encuentra a pocos minutos de la autopista AP-7 y la carretera nacional N-340\/A-7, que recorren toda la Costa del Sol, permitiendo un acceso \u00e1gil a diferentes puntos de inter\u00e9s.<\/p>\n\n\n\n<ul class=\"wp-block-list\">\n<li><strong>Aeropuerto m\u00e1s cercano:<\/strong> El Aeropuerto de M\u00e1laga-Costa del Sol est\u00e1 a unos <strong>45 minutos en coche<\/strong> (60 km) a trav\u00e9s de la AP-7, la principal v\u00eda de acceso que conecta la zona con el resto de Andaluc\u00eda y con el aeropuerto internacional.<br><\/li>\n\n\n\n<li><strong>Autopistas y carreteras:<\/strong> La AP-7 (autopista de peaje) permite un acceso r\u00e1pido a M\u00e1laga y Gibraltar, mientras que la N-340\/A-7 ofrece una opci\u00f3n sin peaje con m\u00faltiples accesos a las localidades costeras.<\/li>\n<\/ul>\n\n\n\n<p><br>Te ense\u00f1amos las distancias desde Nueva Andaluc\u00eda, a otros lugares de inter\u00e9s:<\/p>\n\n\n\n<p class=\"has-medium-font-size\"><strong>Puerto Ban\u00fas \u2013 5 minutos (2 km)<\/strong><\/p>\n\n\n\n<p>El ic\u00f3nico Puerto Ban\u00fas, famoso por sus yates de lujo, boutiques exclusivas y vida nocturna, est\u00e1 a solo 5 minutos en coche. Tambi\u00e9n se puede acceder a pie en un paseo de unos 20 minutos.<\/p>\n\n\n\n<p class=\"has-medium-font-size\"><strong>Marbella Centro \u2013 10 minutos (7 km)<\/strong><\/p>\n\n\n\n<p>El casco antiguo de Marbella, con sus calles adoquinadas, la Plaza de los Naranjos y una gran oferta de restaurantes y tiendas, se encuentra a unos 10 minutos en coche.<\/p>\n\n\n\n<p class=\"has-medium-font-size\"><strong>San Pedro Alc\u00e1ntara \u2013 5 minutos (4 km)<\/strong><\/p>\n\n\n\n<p>Este encantador pueblo costero ofrece un ambiente m\u00e1s relajado, con un bonito paseo mar\u00edtimo, restaurantes locales y un mercado tradicional.<\/p>\n\n\n\n<p class=\"has-medium-font-size\"><strong>Aeropuerto de M\u00e1laga \u2013 45 minutos (60 km)<\/strong><\/p>\n\n\n\n<p>Con vuelos nacionales e internacionales, el Aeropuerto de M\u00e1laga-Costa del Sol es la principal puerta de entrada para quienes visitan Nueva Andaluc\u00eda y la Costa del Sol.<\/p>\n\n\n\n<p class=\"has-medium-font-size\"><strong>Gibraltar \u2013 1 hora (70 km)<\/strong><\/p>\n\n\n\n<p>El Pe\u00f1\u00f3n de Gibraltar es una excursi\u00f3n popular desde Nueva Andaluc\u00eda, con su ic\u00f3nica reserva natural, tiendas libres de impuestos y su peculiar fusi\u00f3n de cultura brit\u00e1nica y andaluza.<\/p>\n\n\n\n<p class=\"has-medium-font-size\"><strong>Campos de Golf \u2013 Entre 3 y 10 minutos<\/strong><\/p>\n\n\n\n<p>Nueva Andaluc\u00eda alberga algunos de los mejores campos de golf de la Costa del Sol, conocidos por su calidad y paisajes espectaculares:<\/p>\n\n\n\n<ul class=\"wp-block-list\">\n<li><strong>Los Naranjos Golf Club<\/strong> \u2013 3 minutos (1 km)<\/li>\n\n\n\n<li><strong>Aloha Golf Club<\/strong> \u2013 5 minutos (2 km)<\/li>\n\n\n\n<li><strong>Las Brisas Golf Club<\/strong> \u2013 6 minutos (3 km)<\/li>\n\n\n\n<li><strong>La Quinta Golf &amp; Country Club<\/strong> \u2013 10 minutos (6 km)<\/li>\n<\/ul>\n\n\n\n<p class=\"has-medium-font-size\"><strong>Playas de la Costa del Sol \u2013 Entre 5 y 15 minutos<\/strong><\/p>\n\n\n\n<ul class=\"wp-block-list\">\n<li><strong>Playa de Puerto Ban\u00fas<\/strong> \u2013 5 minutos (2 km)<\/li>\n\n\n\n<li><strong>Playa de San Pedro<\/strong> \u2013 10 minutos (5 km)<\/li>\n\n\n\n<li><strong>Playa de Nag\u00fceles (Golden Mile)<\/strong> \u2013 12 minutos (8 km)<br><\/li>\n<\/ul>\n\n\n\n<p class=\"has-medium-font-size\"><strong>Sierra Blanca y La Concha \u2013 30 minutos (15 km)<\/strong><\/p>\n\n\n\n<p>Para los amantes de la naturaleza, la Sierra Blanca y la monta\u00f1a de La Concha ofrecen rutas de senderismo con vistas impresionantes de la Costa del Sol.<\/p>\n\n\n\n<h2 class=\"wp-block-heading\"><span class=\"ez-toc-section\" id=\"Las_raices_de_Nueva_Andalucia_De_campos_andaluces_a_epicentro_del_lujo\"><\/span><br>Las ra\u00edces de Nueva Andaluc\u00eda: De campos andaluces a epicentro del lujo<span class=\"ez-toc-section-end\"><\/span><\/h2>\n\n\n\n<p>Si hoy en d\u00eda Nueva Andaluc\u00eda es sin\u00f3nimo de lujo, exclusividad y estilo de vida sofisticado, no siempre fue as\u00ed. Antes de convertirse en un para\u00edso para golfistas y amantes de la alta gama, esta zona de Marbella era un paisaje rural de campos de cultivo y fincas andaluzas. Su transformaci\u00f3n es una historia de visi\u00f3n, ambici\u00f3n y un toque de glamour.<\/p>\n\n\n\n<p>Imag\u00ednate Nueva Andaluc\u00eda hace un siglo: extensas tierras de olivos, vi\u00f1edos y huertas, atravesadas por caminos de tierra y rodeadas de monta\u00f1as. En aquel entonces, Marbella no era m\u00e1s que un tranquilo pueblo pesquero y agr\u00edcola, lejos de los flashes y los yates de hoy.<\/p>\n\n\n\n<p>A finales de los a\u00f1os 60, el empresario <strong>Jos\u00e9 Ban\u00fas<\/strong> compr\u00f3 una enorme extensi\u00f3n de terreno al noroeste de Marbella. Su idea era ambiciosa: dise\u00f1ar una urbanizaci\u00f3n de lujo con casas espaciosas, calles amplias, campos de golf de primer nivel y un puerto deportivo que hiciera historia.<\/p>\n\n\n\n<p>As\u00ed naci\u00f3 <strong>Nueva Andaluc\u00eda<\/strong>, un enclave residencial de alto standing que combinaba la arquitectura t\u00edpica andaluza con comodidades de vanguardia. Y en 1970, el gran hito: la inauguraci\u00f3n de <strong>Puerto Ban\u00fas<\/strong>, un puerto deportivo que no tard\u00f3 en convertirse en un icono internacional, atrayendo a la \u00e9lite de todo el mundo. Con \u00e9l, Nueva Andaluc\u00eda se posicion\u00f3 como la joya de la Costa del Sol.<\/p>\n\n\n\n<p>Hoy, Nueva Andaluc\u00eda sigue evolucionando sin perder su esencia. Es un rinc\u00f3n donde la tranquilidad y la sofisticaci\u00f3n se dan la mano, con propiedades que enamoran, restaurantes de primer nivel y un estilo de vida que mezcla el encanto andaluz con el glamour internacional.<\/p>\n\n\n\n<p>Y lo mejor de todo es que, pese a los a\u00f1os, sigue siendo el lugar donde muchos sue\u00f1an con vivir.<\/p>\n\n\n\n<h2 class=\"wp-block-heading\"><span class=\"ez-toc-section\" id=\"Un_dia_con_nosotros_Nuestros_lugares_favoritos_en_Nueva_Andalucia\"><\/span><br>Un d\u00eda con nosotros: Nuestros lugares favoritos en Nueva Andaluc\u00eda<span class=\"ez-toc-section-end\"><\/span><\/h2>\n\n\n\n<p>Pasamos el d\u00eda en Nueva Andaluc\u00eda en la b\u00fasqueda de las mejores recomendaciones para vosotros.<\/p>\n\n\n\n<p>En Nueva Andaluc\u00eda, la oferta gastron\u00f3mica es tan diversa como exquisita. Desde cafeter\u00edas acogedoras hasta restaurantes con vistas impresionantes, aqu\u00ed la buena mesa es parte de la experiencia de vida. Queremos compartir algunos de nuestros lugares favoritos, donde la calidad, el ambiente y el servicio nos han conquistado.<\/p>\n\n\n\n<h4 class=\"wp-block-heading\"><a href=\"https:\/\/www.facebook.com\/p\/Vasari-caf%C3%A9-100047699061526\/?locale=es_ES\" data-type=\"link\" data-id=\"https:\/\/www.facebook.com\/p\/Vasari-caf%C3%A9-100047699061526\/?locale=es_ES\" target=\"_blank\" rel=\"noopener\">Vasari Caf\u00e9<\/a><\/h4>\n\n\n\n<figure class=\"wp-caption aligncenter\">\n<picture><source width=\"1480\" srcset=\"https:\/\/media.inmobalia.com\/imgV1\/B98Le8~d7M9pwOKhCJcJLIfglZOtvyX13f98gUEkry2AXpxxwVVUW6beaB1CbHQXGOhTMxPEWoq2vSWoPxT0dWUFVpFov6NwmlNzq3qwzpnpHLdKCVvTJg~OaLtH.png 1480w\" type=\"image\/webp\"><img decoding=\"async\" class=\"img-fluid \" width=\"1480\" src=\"https:\/\/media.inmobalia.com\/imgV1\/B98Le8~d7M9pwOKhCJcJLIN6jO1ByKD5uSZnq8Rqc8B6DMmmO7kOR4N0IvO6OvVh01P_J9~uLWOHBEWUQE3T~C5cLDWerHLR1PrO6NIclHXLnxJg1gc-.png\"><\/picture>\n<figcaption class=\"wp-caption-text\"><\/figcaption>\n<\/figure>\n\n\n\n<p>Ubicado en el coraz\u00f3n de <strong>Vasari Resort<\/strong>, <strong>Vasari Caf\u00e9<\/strong> es un peque\u00f1o para\u00edso para quienes buscan disfrutar de desayunos tranquilos, almuerzos caseros y meriendas irresistibles. Desde el primer momento, este acogedor caf\u00e9 nos atrap\u00f3 con su ambiente relajado y su atenci\u00f3n cercana.<\/p>\n\n\n\n<p>Pero si hay un d\u00eda especial en Vasari Caf\u00e9, es sin duda el <strong>viernes<\/strong>, cuando preparan su <strong>cous-cous casero<\/strong>, una aut\u00e9ntica delicia que no pudimos dejar escapar la oportunidad de probar. La combinaci\u00f3n de especias, texturas y sabores nos dej\u00f3 encantados, y la experiencia se complet\u00f3 con su selecci\u00f3n de <strong>tartas caseras<\/strong> que son simplemente espectaculares.<\/p>\n\n\n\n<figure class=\"wp-caption aligncenter\">\n<picture><source width=\"1480\" srcset=\"https:\/\/media.inmobalia.com\/imgV1\/B98Le8~d7M9pwOKhCJcJLIfglZOtvyX13f98gUEkry2AXpxxwVVUW6beaB1CbHQXGOhTMxPEWoq2vSWoPxT0dWUFVpFov6NwmlNzq3qwzpnpHLdKCVvTJg48E3zO.png 1480w\" type=\"image\/webp\"><img decoding=\"async\" class=\"img-fluid \" width=\"1480\" src=\"https:\/\/media.inmobalia.com\/imgV1\/B98Le8~d7M9pwOKhCJcJLIN6jO1ByKD5uSZnq8Rqc8B6DMmmO7kOR4N0IvO6OvVh01P_J9~uLWOHBEWUQE3T~C5cLDWerHLR1PrO6NIclHXLnppvl4M-.png\"><\/picture>\n<figcaption class=\"wp-caption-text\"><\/figcaption>\n<\/figure>\n\n\n\n<p>El m\u00e9rito de esta experiencia no solo es de la cocina, sino tambi\u00e9n de <strong>Sergio<\/strong>, el alma del lugar, quien con su calidez y pasi\u00f3n ha convertido este caf\u00e9 en un punto de referencia en la zona. Su carta ofrece opciones variadas, desde <strong>tostadas y bowls de frutas<\/strong> para empezar el d\u00eda, hasta ensaladas frescas y platos caseros para el almuerzo. Y si buscas un caf\u00e9 perfecto para una merienda relajada, aqu\u00ed lo encontrar\u00e1s.<\/p>\n\n\n\n<ul class=\"wp-block-list\">\n<li>PRECIO: 10 - 20 \u20ac , por persona<\/li>\n\n\n\n<li>HORARIO: De lunes a viernes, de 8:00 a 18:00.<\/li>\n\n\n\n<li><a href=\"https:\/\/www.google.es\/maps\/place\/Vasari+Caf%C3%A9\/@36.4959228,-4.9556979,1628m\/data=!3m3!1e3!4b1!5s0xd7329c215984bf3:0xafbdfc37a07963ad!4m6!3m5!1s0xd7329c32ae3e9ff:0x33e8e7571fe7056c!8m2!3d36.4959185!4d-4.953123!16s%2Fg%2F1tkp13zt?hl=es&amp;entry=ttu&amp;g_ep=EgoyMDI1MDIxMi4wIKXMDSoASAFQAw%3D%3D\" data-type=\"link\" data-id=\"https:\/\/www.google.es\/maps\/place\/Vasari+Caf%C3%A9\/@36.4959228,-4.9556979,1628m\/data=!3m3!1e3!4b1!5s0xd7329c215984bf3:0xafbdfc37a07963ad!4m6!3m5!1s0xd7329c32ae3e9ff:0x33e8e7571fe7056c!8m2!3d36.4959185!4d-4.953123!16s%2Fg%2F1tkp13zt?hl=es&amp;entry=ttu&amp;g_ep=EgoyMDI1MDIxMi4wIKXMDSoASAFQAw%3D%3D\" target=\"_blank\" rel=\"noopener\">DIRECCI\u00d3N<\/a>: Urbanizaci\u00f3n La Alzambra, Edificio Vasari Center, Nueva Andaluc\u00eda, 29660 Marbella, M\u00e1laga<\/li>\n\n\n\n<li>ENTREGA: Hay entrega a domicilio y tambi\u00e9n para llevar.<\/li>\n\n\n\n<li>TEL\u00c9FONO: 951 31 97 26<\/li>\n<\/ul>\n\n\n\n<h4 class=\"wp-block-heading\"><br><a href=\"https:\/\/divot.es\/\" data-type=\"link\" data-id=\"https:\/\/divot.es\/\" target=\"_blank\" rel=\"noopener\">Divot Gastro Grill<\/a><\/h4>\n\n\n\n<p>Si hay un lugar en Nueva Andaluc\u00eda donde la tranquilidad, la belleza y la buena comida se encuentran, ese es <strong>Divot Gastro Grill<\/strong>. <\/p>\n\n\n\n<figure class=\"wp-caption aligncenter\">\n<picture><source width=\"1480\" srcset=\"https:\/\/media.inmobalia.com\/imgV1\/B98Le8~d7M9pwOKhCJcJLIfglZOtvyX13f98gUEkry2AXpxxwVVUW6beaB1CbHQXGOhTMxPEWoq2vSWoPxT0dWUFVpFov6NwmlNzq3qwzpnpHLdKCVvTJg1jdBN0.png 1480w\" type=\"image\/webp\"><img decoding=\"async\" class=\"img-fluid \" width=\"1480\" src=\"https:\/\/media.inmobalia.com\/imgV1\/B98Le8~d7M9pwOKhCJcJLIN6jO1ByKD5uSZnq8Rqc8B6DMmmO7kOR4N0IvO6OvVh01P_J9~uLWOHBEWUQE3T~C5cLDWerHLR1PrO6NIclHXLnfKS14A-.png\"><\/picture>\n<figcaption class=\"wp-caption-text\"><\/figcaption>\n<\/figure>\n\n\n\n<p>Rodeado de jardines espectaculares, estanques y fuentes, este restaurante ofrece un ambiente id\u00edlico para un almuerzo al aire libre. La paz que se respira en su terraza, acompa\u00f1ada de vistas preciosas y la inesperada compa\u00f1\u00eda de tortugas, hizo que nuestra visita fuera una experiencia \u00fanica.<\/p>\n\n\n\n<p>Pero si el entorno es incre\u00edble, su <a href=\"https:\/\/www.thefork.es\/restaurante\/divot-gastro-grill-r584639\/menu\" data-type=\"link\" data-id=\"https:\/\/www.thefork.es\/restaurante\/divot-gastro-grill-r584639\/menu\" target=\"_blank\" rel=\"noopener\">men\u00fa<\/a> gastron\u00f3mica lo es a\u00fan m\u00e1s. Especializados en carnes, en Divot Gastro Grill saben c\u00f3mo tratar cada corte a la perfecci\u00f3n. Desde jugosos solomillos y entrecots hasta espectaculares chuletones, cada plato es una celebraci\u00f3n para los amantes de la buena carne. Tambi\u00e9n ofrecen opciones de pescado y platos mediterr\u00e1neos, pero sin duda, su fuerte es la brasa.<\/p>\n\n\n\n<figure class=\"wp-caption aligncenter\">\n<picture><source width=\"1480\" srcset=\"https:\/\/media.inmobalia.com\/imgV1\/B98Le8~d7M9pwOKhCJcJLIfglZOtvyX13f98gUEkry2AXpxxwVVUW6beaB1CbHQXGOhTMxPEWoq2vSWoPxT0dWUFVpFov6NwmlNzq3qwzpnpHLdKCVvTJgy4p7r_.png 1480w\" type=\"image\/webp\"><img decoding=\"async\" class=\"img-fluid \" width=\"1480\" src=\"https:\/\/media.inmobalia.com\/imgV1\/B98Le8~d7M9pwOKhCJcJLIN6jO1ByKD5uSZnq8Rqc8B6DMmmO7kOR4N0IvO6OvVh01P_J9~uLWOHBEWUQE3T~C5cLDWerHLR1PrO6NIclHXLnIaekVY-.png\"><\/picture>\n<figcaption class=\"wp-caption-text\"><\/figcaption>\n<\/figure>\n\n\n\n<p>El servicio es impecable, con un equipo atento y amable que nos hizo sentir como en casa. Aqu\u00ed no solo se viene a comer bien, sino a disfrutar de una experiencia completa, donde cada detalle suma para que la visita sea inolvidable.<\/p>\n\n\n\n<ul class=\"wp-block-list\">\n<li>PRECIO: 30 - 60 \u20ac , por persona<\/li>\n\n\n\n<li>HORARIO: Todos los d\u00edas, de 13:00 a 23:30<\/li>\n\n\n\n<li><a href=\"https:\/\/www.google.es\/maps\/place\/DIVOT+Gastro+Grill\/@36.503598,-4.9520204,814m\/data=!3m2!1e3!4b1!4m6!3m5!1s0xd7329dc3b521e85:0xed98d88632b5bfa6!8m2!3d36.5035937!4d-4.9494455!16s%2Fg%2F11fmf4393j?hl=es&amp;entry=ttu&amp;g_ep=EgoyMDI1MDIxMi4wIKXMDSoASAFQAw%3D%3D\" data-type=\"link\" data-id=\"https:\/\/www.google.es\/maps\/place\/DIVOT+Gastro+Grill\/@36.503598,-4.9520204,814m\/data=!3m2!1e3!4b1!4m6!3m5!1s0xd7329dc3b521e85:0xed98d88632b5bfa6!8m2!3d36.5035937!4d-4.9494455!16s%2Fg%2F11fmf4393j?hl=es&amp;entry=ttu&amp;g_ep=EgoyMDI1MDIxMi4wIKXMDSoASAFQAw%3D%3D\" target=\"_blank\" rel=\"noopener\">DIRECCI\u00d3N<\/a>: Ban\u00fas Executive Golf, Cam. del \u00c1ngel, s\/n, Nueva Andaluc\u00eda, 29660 Marbella, M\u00e1laga<\/li>\n\n\n\n<li>ENTREGA: No hay entrega a domicilio, s\u00ed para llevar.<\/li>\n\n\n\n<li>TEL\u00c9FONO: 951 56 61 72<\/li>\n<\/ul>\n\n\n\n<h4 class=\"wp-block-heading\"><br><a href=\"https:\/\/alabarderobeach.es\/en\/home\/\" data-type=\"link\" data-id=\"https:\/\/alabarderobeach.es\/en\/home\/\" target=\"_blank\" rel=\"noopener\">Alabardero Beach Club<\/a><\/h4>\n\n\n\n<figure class=\"wp-caption aligncenter\">\n<picture><source width=\"1480\" srcset=\"https:\/\/media.inmobalia.com\/imgV1\/B98Le8~d7M9pwOKhCJcJLIfglZOtvyX13f98gUEkry2AXpxxwVVUW6beaB1CbHQXGOhTMxPEWoq2vSWoPxT0dWUFVpFov6NwmlNzq3qwzpnpHLdKCVvTJgLEHZgt.png 1480w\" type=\"image\/webp\"><img decoding=\"async\" class=\"img-fluid \" width=\"1480\" src=\"https:\/\/media.inmobalia.com\/imgV1\/B98Le8~d7M9pwOKhCJcJLIN6jO1ByKD5uSZnq8Rqc8B6DMmmO7kOR4N0IvO6OvVh01P_J9~uLWOHBEWUQE3T~C5cLDWerHLR1PrO6NIclHXLkkgKgQU-.png\"><\/picture>\n<figcaption class=\"wp-caption-text\"><\/figcaption>\n<\/figure>\n\n\n\n<p>Buen ambiente, buena carta y mucha diversi\u00f3n. Desde el primer momento, nos cautiv\u00f3 la energ\u00eda del lugar, con un equipo de <strong>personal amable y divertido<\/strong> que convirti\u00f3 nuestra tarde en una experiencia inolvidable.<\/p>\n\n\n\n<p>Su <strong><a href=\"http:\/\/chrome-extension:\/\/efaidnbmnnnibpcajpcglclefindmkaj\/https:\/\/alabarderobeach.es\/wp-content\/uploads\/2025\/02\/Carta-Alabardero-Beach-Club-Marbella.pdf\" data-type=\"link\" data-id=\"chrome-extension:\/\/efaidnbmnnnibpcajpcglclefindmkaj\/https:\/\/alabarderobeach.es\/wp-content\/uploads\/2025\/02\/Carta-Alabardero-Beach-Club-Marbella.pdf\">carta<\/a> es amplia y variada<\/strong>, con opciones que van desde pescados y arroces hasta carnes y tapas gourmet. Pero lo mejor fue la combinaci\u00f3n de gastronom\u00eda y entretenimiento, ya que disfrutamos de <strong>m\u00fasica en directo y c\u00f3cteles creativos<\/strong>, preparados con esmero y servidos con una presentaci\u00f3n impecable.<\/p>\n\n\n\n<p>El <strong>Alabardero Beach Club<\/strong> no solo es reconocido por su oferta gastron\u00f3mica, sino tambi\u00e9n por sus instalaciones. Cuenta con una terraza al aire libre con vistas panor\u00e1micas al mar, una zona ajardinada con piscina y un \u00e1rea chill out en el paseo mar\u00edtimo, ideal para relajarse mientras se disfruta de un c\u00f3ctel o una copa de vino. Este ambiente lo convierte en un lugar id\u00f3neo para celebraciones, eventos especiales o simplemente para disfrutar de una comida en familia o con amigos.<\/p>\n\n\n\n<ul class=\"wp-block-list\">\n<li>PRECIO: 10 - 60 \u20ac , por persona<\/li>\n\n\n\n<li>HORARIO: Todos los d\u00edas, de 9:00 a 23:00<\/li>\n\n\n\n<li><a href=\"https:\/\/www.google.es\/maps\/place\/Alabardero+Beach+Club+Marbella\/@36.4785314,-4.9770904,1629m\/data=!3m2!1e3!4b1!4m6!3m5!1s0xd732a20ac761c01:0xbd5eeecfbe4a3f41!8m2!3d36.4785314!4d-4.9770904!16s%2Fg%2F12qf57bq7?hl=es&amp;entry=ttu&amp;g_ep=EgoyMDI1MDIxMi4wIKXMDSoASAFQAw%3D%3D\" data-type=\"link\" data-id=\"https:\/\/www.google.es\/maps\/place\/Alabardero+Beach+Club+Marbella\/@36.4785314,-4.9770904,1629m\/data=!3m2!1e3!4b1!4m6!3m5!1s0xd732a20ac761c01:0xbd5eeecfbe4a3f41!8m2!3d36.4785314!4d-4.9770904!16s%2Fg%2F12qf57bq7?hl=es&amp;entry=ttu&amp;g_ep=EgoyMDI1MDIxMi4wIKXMDSoASAFQAw%3D%3D\" target=\"_blank\" rel=\"noopener\">DIRECCI\u00d3N<\/a>: Urb. Castiglione, s\/n, 29670 Marbella, M\u00e1laga<\/li>\n\n\n\n<li>ENTREGA: Hay entrega a domicilio, y <a href=\"https:\/\/alabarderobeach.es\/para-llevar\/\" data-type=\"link\" data-id=\"https:\/\/alabarderobeach.es\/para-llevar\/\" target=\"_blank\" rel=\"noopener\">servicio para llevar.<\/a><\/li>\n\n\n\n<li>TEL\u00c9FONO: 952 78 05 52<\/li>\n<\/ul>\n\n\n\n<h4 class=\"wp-block-heading\"><br><a href=\"https:\/\/ammomarbella.com\/\" data-type=\"link\" data-id=\"https:\/\/ammomarbella.com\/\" target=\"_blank\" rel=\"noopener\">\u00c1mmo Beach Club<\/a><\/h4>\n\n\n\n<figure class=\"wp-caption aligncenter\">\n<picture><source width=\"1480\" srcset=\"https:\/\/media.inmobalia.com\/imgV1\/B98Le8~d7M9pwOKhCJcJLIfglZOtvyX13f98gUEkry2AXpxxwVVUW6beaB1CbHQXGOhTMxPEWoq2vSWoPxT0dWUFVpFov6NwmlNzq3qwzpnpHLdKCVvTJgMSI74~.png 1480w\" type=\"image\/webp\"><img decoding=\"async\" class=\"img-fluid \" width=\"1480\" src=\"https:\/\/media.inmobalia.com\/imgV1\/B98Le8~d7M9pwOKhCJcJLIN6jO1ByKD5uSZnq8Rqc8B6DMmmO7kOR4N0IvO6OvVh01P_J9~uLWOHBEWUQE3T~C5cLDWerHLR1PrO6NIclHXLkzHRmq4-.png\"><\/picture>\n<figcaption class=\"wp-caption-text\"><\/figcaption>\n<\/figure>\n\n\n\n<p>Siguiendo en el Grupo Lezama, al lado de Alabardero Beach Club descubrimos Ammo. Su <a href=\"http:\/\/chrome-extension:\/\/efaidnbmnnnibpcajpcglclefindmkaj\/https:\/\/ammomarbella.com\/wp-content\/uploads\/2024\/03\/Carta-comida-bebida-esp.pdf\" data-type=\"link\" data-id=\"chrome-extension:\/\/efaidnbmnnnibpcajpcglclefindmkaj\/https:\/\/ammomarbella.com\/wp-content\/uploads\/2024\/03\/Carta-comida-bebida-esp.pdf\">men\u00fa<\/a> se centra en platos frescos y aut\u00e9nticos, destacando especialmente sus <strong>paellas<\/strong> y el tradicional <strong>pesca\u00edto frito<\/strong>. Los comensales pueden elegir entre paellas de marisco, pollo o verduras, todas elaboradas con ingredientes de alta calidad.&nbsp;<\/p>\n\n\n\n<p>Adem\u00e1s de su oferta gastron\u00f3mica, \u00c1mmo es reconocido por su <a href=\"http:\/\/chrome-extension:\/\/efaidnbmnnnibpcajpcglclefindmkaj\/https:\/\/ammomarbella.com\/wp-content\/uploads\/2024\/03\/Carta-Cocktails-Ammo-esp.pdf\" data-type=\"link\" data-id=\"chrome-extension:\/\/efaidnbmnnnibpcajpcglclefindmkaj\/https:\/\/ammomarbella.com\/wp-content\/uploads\/2024\/03\/Carta-Cocktails-Ammo-esp.pdf\"><strong>cocktail bar<\/strong>, <\/a>donde mix\u00f3logos expertos preparan desde cl\u00e1sicos como mojitos hasta creaciones exclusivas, ideales para disfrutar mientras se relaja en sus c\u00f3modas hamacas o junto a la piscina.<\/p>\n\n\n\n<p>La piscina, rodeada de arena fina tra\u00edda de las costas de C\u00e1diz, a\u00f1ade un toque especial, permitiendo a los visitantes disfrutar de una aut\u00e9ntica experiencia playera sin salir del recinto. Puedes <a href=\"http:\/\/chrome-extension:\/\/efaidnbmnnnibpcajpcglclefindmkaj\/https:\/\/ammomarbella.com\/wp-content\/uploads\/2025\/02\/precio-hamacas-2025-esp-temp-baja.pdf\" data-type=\"link\" data-id=\"chrome-extension:\/\/efaidnbmnnnibpcajpcglclefindmkaj\/https:\/\/ammomarbella.com\/wp-content\/uploads\/2025\/02\/precio-hamacas-2025-esp-temp-baja.pdf\">reservar una hamaca <\/a>y perfeccionar toda esta experiencia.<\/p>\n\n\n\n<p>Para aquellos interesados en eventos privados, \u00c1mmo ofrece servicios personalizados, adapt\u00e1ndose a las necesidades de cada ocasi\u00f3n, ya sea un brunch, una fiesta en la piscina o una reuni\u00f3n en su restaurante con vistas al mar.<\/p>\n\n\n\n<ul class=\"wp-block-list\">\n<li>PRECIO: 10 - 60 \u20ac , por persona. Alquiler de hamacas: 30\u20ac por d\u00eda, aprox.<\/li>\n\n\n\n<li>HORARIO: Lunes a viernes, de 9:00 a 21:00. Fines de semana, 9:00 a 22:00.<\/li>\n\n\n\n<li><a href=\"https:\/\/www.google.com\/maps\/place\/Dune+Beach+Marbella\/@36.4986449,-4.8118783,17z\/data=!4m6!3m5!1s0xd7327bb507b8631:0x1c4877b18e1a7290!8m2!3d36.4986449!4d-4.8118783!16s%2Fg%2F11v00bsc2w?entry=ttu\" target=\"_blank\" rel=\"noopener\">DIRECCI\u00d3N<\/a>: Urb. Castiglione, s\/n, 29670 Marbella, M\u00e1laga<\/li>\n\n\n\n<li>ENTREGA: No hay entrega a domicilio, no hay servicio para llevar.<\/li>\n\n\n\n<li>TEL\u00c9FONO: 638 03 83 69<\/li>\n<\/ul>\n\n\n\n<h4 class=\"wp-block-heading\"><a href=\"https:\/\/solowine.es\/?srsltid=AfmBOooetkvl4mC67hhhzb6kHNjyhaeTPeo4MKVfdDLHckhSTw5qCqni\" data-type=\"link\" data-id=\"https:\/\/solowine.es\/?srsltid=AfmBOooetkvl4mC67hhhzb6kHNjyhaeTPeo4MKVfdDLHckhSTw5qCqni\" target=\"_blank\" rel=\"noopener\">Solo Wine<\/a><\/h4>\n\n\n\n<figure class=\"wp-caption aligncenter\">\n<picture><source width=\"1480\" srcset=\"https:\/\/media.inmobalia.com\/imgV1\/B98Le8~d7M9pwOKhCJcJLIfglZOtvyX13f98gUEkry2AXpxxwVVUW6beaB1CbHQXGOhTMxPEWoq2vSWoPxT0dWUFVpFov6NwmlNzq3qwzpnpHLdKCVvTJgkgXvWv.png 1480w\" type=\"image\/webp\"><img decoding=\"async\" class=\"img-fluid \" width=\"1480\" src=\"https:\/\/media.inmobalia.com\/imgV1\/B98Le8~d7M9pwOKhCJcJLIN6jO1ByKD5uSZnq8Rqc8B6DMmmO7kOR4N0IvO6OvVh01P_J9~uLWOHBEWUQE3T~C5cLDWerHLR1PrO6NIclHXLmVomiz0-.png\"><\/picture>\n<figcaption class=\"wp-caption-text\"><\/figcaption>\n<\/figure>\n\n\n\n<p>Si eres amante del buen vino, entrar en <strong>Solo Wine<\/strong> en Nueva Andaluc\u00eda es como descubrir un rinc\u00f3n exclusivo donde cada botella cuenta una historia. <\/p>\n\n\n\n<p>Nada m\u00e1s cruzar la puerta, el aroma a madera y uva te envuelve, mientras estanter\u00edas cuidadosamente organizadas exhiben vinos de todo el mundo. <\/p>\n\n\n\n<p>Los expertos del lugar te reciben con una sonrisa, listos para recomendarte el maridaje perfecto o ese vino especial que sorprender\u00e1 en tu pr\u00f3xima cena. <\/p>\n\n\n\n<p>Es m\u00e1s que una tienda; es una experiencia sensorial para los que saben disfrutar de los peque\u00f1os placeres de la vida.<\/p>\n\n\n\n<ul class=\"wp-block-list\">\n<li>HORARIO: Lunes a viernes, de 9:00 a 20:00. Fines de semana, 10:30 a 15:30.<\/li>\n\n\n\n<li><a href=\"https:\/\/www.google.es\/maps\/place\/Solo+Wine\/@36.5043095,-4.9802351,814m\/data=!3m2!1e3!4b1!4m6!3m5!1s0xd732b9ecc7848dd:0xd629721767eaa714!8m2!3d36.5043052!4d-4.9776602!16s%2Fg%2F11vk10dwj5?hl=es&amp;entry=ttu&amp;g_ep=EgoyMDI1MDIxMi4wIKXMDSoASAFQAw%3D%3D\" target=\"_blank\" rel=\"noopener\">DIRECCI\u00d3N<\/a>: Pol. Ind. Nueva Campana, Nave, 80, Nueva Andaluc\u00eda, 29660 Marbella, M\u00e1laga<\/li>\n\n\n\n<li>ENTREGA: Hay entrega a domicilio, hay servicio para llevar.<\/li>\n\n\n\n<li>TEL\u00c9FONO: 952 00 29 99<\/li>\n<\/ul>\n\n\n\n<h2 class=\"wp-block-heading\"><span class=\"ez-toc-section\" id=\"Cultura_y_deportes_en_Nueva_Andalucia\"><\/span><br>Cultura y deportes en Nueva Andaluc\u00eda<span class=\"ez-toc-section-end\"><\/span><\/h2>\n\n\n\n<h4 class=\"wp-block-heading\"><strong><a href=\"https:\/\/losnaranjos.com\/?_gl=1*1mrzzry*_up*MQ..*_gs*MQ..&amp;gclid=Cj0KCQiA_NC9BhCkARIsABSnSTYh8ITexdLHm3TbZFaN5ZyVxo-gVC5urZOOgEWbLkkA9Wnx9lqYIBgaAouVEALw_wcB\" data-type=\"link\" data-id=\"https:\/\/losnaranjos.com\/?_gl=1*1mrzzry*_up*MQ..*_gs*MQ..&amp;gclid=Cj0KCQiA_NC9BhCkARIsABSnSTYh8ITexdLHm3TbZFaN5ZyVxo-gVC5urZOOgEWbLkkA9Wnx9lqYIBgaAouVEALw_wcB\" target=\"_blank\" rel=\"noopener\">Club de Golf Los Naranjos<\/a><\/strong><\/h4>\n\n\n\n<p>Dise\u00f1ado por el renombrado arquitecto Robert Trent Jones Sr., el <strong>Club de Golf Los Naranjos<\/strong> es considerado uno de los mejores campos de golf de Espa\u00f1a. <\/p>\n\n\n\n<p>Inaugurado en 1977, este campo de 18 hoyos y casi 6.500 metros desde los tees profesionales presenta amplias calles, obst\u00e1culos estrat\u00e9gicamente ubicados y grandes greens ondulados, ofreciendo un desaf\u00edo emocionante para golfistas de todos los niveles.<\/p>\n\n\n\n<figure class=\"wp-caption aligncenter\">\n<picture><source width=\"1480\" srcset=\"https:\/\/media.inmobalia.com\/imgV1\/B98Le8~d7M9pwOKhCJcJLIfglZOtvyX13f98gUEkry2AXpxxwVVUW6beaB1CbHQXGOhTMxPEWoq2vSWoPxT0dWUFVpFov6NwmlNzq3qwzpnpHLdKCVvTJgqb4P5mbMqYqMiwcNGPEeOBXdFuXJoHuliTnS1rgcKjIcUfHTmmr7d7o1xcZQ--.jpg 1480w\" type=\"image\/webp\"><img decoding=\"async\" class=\"img-fluid \" width=\"1480\" src=\"https:\/\/media.inmobalia.com\/imgV1\/B98Le8~d7M9pwOKhH98twCJY8~z6ePCZX6v4ZFfOvduhBdeVCpC563TEl9~Gba~ZsCNLt5CSrqfb7qaISBEVv0QdM3KPO8HQv22IID58kuxGq4kXFnUhM8ZhmlOnRtz7W2gXK_224bzuNxZVlPQM7u0KXdUo.jpg\"><\/picture>\n<figcaption class=\"wp-caption-text\"><\/figcaption>\n<\/figure>\n\n\n\n<p>Adem\u00e1s del campo de golf, Los Naranjos ofrece una variedad de instalaciones y servicios para enriquecer la experiencia de sus visitantes:<\/p>\n\n\n\n<ul class=\"wp-block-list\">\n<li><strong>Restaurante y Terraza<\/strong>: Un punto de encuentro natural donde los jugadores pueden relajarse y disfrutar de una amplia oferta gastron\u00f3mica en un ambiente acogedor.&nbsp;<\/li>\n\n\n\n<li><a href=\"https:\/\/losnaranjos.com\/academia-de-golf\/?_gl=1*v7qp2v*_up*MQ..*_gs*MQ..&amp;gclid=Cj0KCQiA_NC9BhCkARIsABSnSTYh8ITexdLHm3TbZFaN5ZyVxo-gVC5urZOOgEWbLkkA9Wnx9lqYIBgaAouVEALw_wcB\" data-type=\"link\" data-id=\"https:\/\/losnaranjos.com\/academia-de-golf\/?_gl=1*v7qp2v*_up*MQ..*_gs*MQ..&amp;gclid=Cj0KCQiA_NC9BhCkARIsABSnSTYh8ITexdLHm3TbZFaN5ZyVxo-gVC5urZOOgEWbLkkA9Wnx9lqYIBgaAouVEALw_wcB\" target=\"_blank\" rel=\"noopener\"><strong>Academia de Golf<\/strong>:<\/a> Ofrece programas de entrenamiento para jugadores de todos los niveles, impartidos por profesionales experimentados.&nbsp;<\/li>\n\n\n\n<li><a href=\"https:\/\/losnaranjospadel.com\/\" data-type=\"link\" data-id=\"https:\/\/losnaranjospadel.com\/\" target=\"_blank\" rel=\"noopener\"><strong>Club de P\u00e1del<\/strong>:<\/a> Para aquellos interesados en otros deportes de raqueta, el club cuenta con instalaciones de p\u00e1del de alta calidad.&nbsp;<\/li>\n\n\n\n<li><strong>Pro Shop<\/strong>: Tienda especializada donde los jugadores pueden adquirir equipamiento y accesorios de golf de las mejores marcas.&nbsp;<\/li>\n\n\n\n<li><strong>Servicios Adicionales<\/strong>: Incluyen alquiler de palos de golf, caddies y toallas fr\u00edas durante el recorrido, todo ello complementado por un personal altamente cualificado que garantiza una atenci\u00f3n excepcional.<br><\/li>\n<\/ul>\n\n\n\n<h4 class=\"wp-block-heading\"><strong><a href=\"https:\/\/yours.space\/?lang=es\" data-type=\"link\" data-id=\"https:\/\/yours.space\/?lang=es\" target=\"_blank\" rel=\"noopener\">YOURS Marbella<\/a><\/strong><\/h4>\n\n\n\n<p><strong>YOURS Marbella<\/strong> es m\u00e1s que un gimnasio; es un movimiento global dedicado al bienestar, la creatividad y la inclusi\u00f3n. Este estudio se centra en conectar a personas con ideas afines a trav\u00e9s de los beneficios revitalizantes del fitness, fomentando una comunidad que inspira el descubrimiento del verdadero potencial y promueve el crecimiento colectivo.<\/p>\n\n\n\n<p>Entre los servicios destacados de YOURS Marbella se encuentran:<\/p>\n\n\n\n<ul class=\"wp-block-list\">\n<li><strong>Clases de Reformer Pilates<\/strong>: Sesiones dise\u00f1adas para mejorar la flexibilidad, fuerza y postura, adecuadas para todos los niveles de habilidad.&nbsp;<\/li>\n\n\n\n<li><strong>Entrenamiento Personalizado<\/strong>: Programas adaptados a las necesidades individuales de cada cliente, con el objetivo de alcanzar metas espec\u00edficas de salud y fitness.&nbsp;<\/li>\n\n\n\n<li><strong>Eventos y Talleres<\/strong>: Actividades peri\u00f3dicas que promueven la creatividad, el bienestar y la conexi\u00f3n entre los miembros de la comunidad.<br><\/li>\n\n\n\n<li><strong>Espacios Modernos y Acogedores<\/strong>: Instalaciones dise\u00f1adas para proporcionar un ambiente c\u00f3modo y motivador, facilitando una experiencia de entrenamiento \u00f3ptima.<br><\/li>\n<\/ul>\n\n\n\n<h3 class=\"wp-block-heading\"><strong>Centro Comercial Centro Plaza<\/strong><\/h3>\n\n\n\n<p>Ubicado en el coraz\u00f3n de Nueva Andaluc\u00eda, <strong>Centro Plaza<\/strong> es un centro comercial que combina elegancia y comodidad, con vistas privilegiadas a la monta\u00f1a de La Concha y el mar Mediterr\u00e1neo. Es un lugar ideal para compras exclusivas, con boutiques de moda, tiendas de decoraci\u00f3n y una selecci\u00f3n de restaurantes y cafeter\u00edas perfectas para una pausa con estilo. <\/p>\n\n\n\n<p>Adem\u00e1s, cada s\u00e1bado alberga el famoso <strong>mercadillo de Nueva Andaluc\u00eda<\/strong>, un punto de encuentro para quienes buscan antig\u00fcedades, moda y productos artesanales. Su ambiente relajado y su ubicaci\u00f3n estrat\u00e9gica lo convierten en un destino imprescindible para quienes buscan disfrutar de una experiencia de compras en Marbella con un toque de exclusividad.<\/p>\n\n\n\n<figure class=\"wp-caption aligncenter\">\n<picture><source width=\"1480\" srcset=\"https:\/\/media.inmobalia.com\/imgV1\/B98Le8~d7M9pwOKhCJcJLIfglZOtvyX13f98gUEkry2AXpxxwVVUW6beaB1CbHQXGOhTMxPEWoq2vSWoPxT0dWUFVpFov6NwmlNzq3qwzpnpHLdKCVvTJggdBH~c.png 1480w\" type=\"image\/webp\"><img decoding=\"async\" class=\"img-fluid \" width=\"1480\" src=\"https:\/\/media.inmobalia.com\/imgV1\/B98Le8~d7M9pwOKhCJcJLIN6jO1ByKD5uSZnq8Rqc8B6DMmmO7kOR4N0IvO6OvVh01P_J9~uLWOHBEWUQE3T~C5cLDWerHLR1PrO6NIclHXLmERPbZw-.png\"><\/picture>\n<figcaption class=\"wp-caption-text\"><\/figcaption>\n<\/figure>\n\n\n\n<h3 class=\"wp-block-heading\">Marbella Arena<\/h3>\n\n\n\n<p>El <strong>Marbella Arena<\/strong>, ubicado en la antigua plaza de toros de Nueva Andaluc\u00eda, es un moderno anfiteatro al aire libre que acoge conciertos, teatro, cine y eventos privados. Su dise\u00f1o innovador y capacidad para miles de espectadores lo convierten en un referente cultural en la Costa del Sol. <\/p>\n\n\n\n<p>Con una programaci\u00f3n variada y una ubicaci\u00f3n estrat\u00e9gica cerca de Puerto Ban\u00fas, ofrece una experiencia de entretenimiento \u00fanica en Marbella.<\/p>\n\n\n\n<figure class=\"wp-caption aligncenter\">\n<picture><source width=\"1480\" srcset=\"https:\/\/media.inmobalia.com\/imgV1\/B98Le8~d7M9pwOKhCJcJLIfglZOtvyX13f98gUEkry2AXpxxwVVUW6beaB1CbHQXGOhTMxPEWoq2vSWoPxT0dWUFVpFov6NwmlNzq3qwzpnpHLdKCVvTJlQLcC6brPz90Q86ly05wwQlVT0~4MYdZTwzMkTS4RbupvRd_PwvIwcVpBSKfexse7kFAxYBmeaRJBwsQkTSRGjDy6w-.png 1480w\" type=\"image\/webp\"><img decoding=\"async\" class=\"img-fluid \" width=\"1480\" src=\"https:\/\/media.inmobalia.com\/imgV1\/B98Le8~d7M9pwOKhCJcJLIN6jO1ByKD5uSZnq8Rqc8B6DMmmO7kOR4N0IvO6OvVh01P_J9~uLWOHBEWUQE3T~C5cLDWerHLR1PrO6NIclHXLxFsUL02RfQVhxqERseYTUM8M28_wjM2eU9vD8gkfYtbqu0FNADTjmdAjLpfXzWMWULW_8ETqt_befBXaB0XCS9vj_g--.png\"><\/picture>\n<figcaption class=\"wp-caption-text\"><\/figcaption>\n<\/figure>\n\n\n\n<h2 class=\"wp-block-heading\"><span class=\"ez-toc-section\" id=\"Nueva_Andalucia_para_el_dia_a_dia_y_para_disfrutar_en_familia\"><\/span><br>Nueva Andaluc\u00eda para el d\u00eda a d\u00eda y para disfrutar en familia<span class=\"ez-toc-section-end\"><\/span><\/h2>\n\n\n\n<p><br>M\u00e1s all\u00e1 de su exclusividad y su vibrante vida social, <strong>Nueva Andaluc\u00eda<\/strong> es una zona que destaca por su comodidad para el d\u00eda a d\u00eda. Con una amplia oferta de <strong>supermercados, farmacias, hospitales y servicios esenciales<\/strong>, esta zona residencial est\u00e1 dise\u00f1ada para ofrecer <strong>todo lo que necesitas a pocos minutos de casa<\/strong>.<\/p>\n\n\n\n<h3 class=\"wp-block-heading\"><br><strong>Servicios para el d\u00eda a d\u00eda<\/strong><\/h3>\n\n\n\n<h4 class=\"wp-block-heading\"><br><strong>Supermercados<\/strong><\/h4>\n\n\n\n<p>Vivir en Nueva Andaluc\u00eda significa tener una gran variedad de supermercados a pocos minutos de casa, lo que facilita las compras diarias. Entre los m\u00e1s destacados encontramos:<\/p>\n\n\n\n<h5 class=\"wp-block-heading\"><strong>Mercadona<\/strong><\/h5>\n\n\n\n<p>Situado en el coraz\u00f3n de Nueva Andaluc\u00eda, este supermercado es una opci\u00f3n ideal para compras completas con una excelente relaci\u00f3n calidad-precio.<\/p>\n\n\n\n<ul class=\"wp-block-list\">\n<li>HORARIO: Todos los d\u00edas, de 9:00 a 21:30<\/li>\n\n\n\n<li><a href=\"https:\/\/www.google.es\/maps\/place\/Mercadona\/@36.5073606,-4.950483,814m\/data=!3m2!1e3!4b1!4m6!3m5!1s0xd72d62759f76891:0xd032345693452fe6!8m2!3d36.5073606!4d-4.950483!16s%2Fg%2F11bbx0f1lb?hl=es&amp;entry=ttu&amp;g_ep=EgoyMDI1MDIxMi4wIKXMDSoASAFQAw%3D%3D\" target=\"_blank\" rel=\"noopener\">DIRECCI\u00d3N<\/a>: Urb. Los Naranjos de Marbella, Nueva Andaluc\u00eda, 29660 Marbella, M\u00e1laga<\/li>\n\n\n\n<li>ENTREGA A DOMICILIO: Servicio a domicilio y de recogida<\/li>\n\n\n\n<li>TEL\u00c9FONO: 952 90 69 72<\/li>\n<\/ul>\n\n\n\n<h5 class=\"wp-block-heading\"><strong>Supersol <\/strong><\/h5>\n\n\n\n<p>Otras opciones accesibles con una buena selecci\u00f3n de productos frescos y b\u00e1sicos.<\/p>\n\n\n\n<ul class=\"wp-block-list\">\n<li>HORARIO: Todos los d\u00edas, de 9:00 a 22:00<\/li>\n\n\n\n<li><a href=\"https:\/\/www.google.com\/maps\/place\/Organic+Market+%26+Food+Marbella\/@36.5070783,-4.9197667,17z\/data=!3m2!4b1!5s0xd7328274c1dfdc5:0xd3b4781a3d366edb!4m6!3m5!1s0xd7328274a643f71:0x746213c34a98b74d!8m2!3d36.5070783!4d-4.9197667!16s%2Fg%2F11b8_qvl9g?entry=ttu&amp;g_ep=EgoyMDI1MDIxMi4wIKXMDSoASAFQAw%3D%3D\" data-type=\"link\" data-id=\"https:\/\/www.google.com\/maps\/place\/Organic+Market+%26+Food+Marbella\/@36.5070783,-4.9197667,17z\/data=!3m2!4b1!5s0xd7328274c1dfdc5:0xd3b4781a3d366edb!4m6!3m5!1s0xd7328274a643f71:0x746213c34a98b74d!8m2!3d36.5070783!4d-4.9197667!16s%2Fg%2F11b8_qvl9g?entry=ttu&amp;g_ep=EgoyMDI1MDIxMi4wIKXMDSoASAFQAw%3D%3D\" target=\"_blank\" rel=\"noopener\">DIRECCI\u00d3N<\/a>: Centro Comercial Expo 14, Av. Bulevar Pr\u00edncipe Alfonso de Hohenlohe, s\/n, 29602 Marbella, M\u00e1laga<\/li>\n\n\n\n<li>ENTREGA A DOMICILIO: Servicio a domicilio y de recogida<\/li>\n\n\n\n<li>TEL\u00c9FONO: 952 81 73 52<\/li>\n<\/ul>\n\n\n\n<p><strong>Organic Market &amp; Food<\/strong>: Para quienes buscan opciones ecol\u00f3gicas y gourmet, este mercado ofrece productos org\u00e1nicos y saludables.<\/p>\n\n\n\n<ul class=\"wp-block-list\">\n<li>HORARIO: Todos los d\u00edas, de 9:00 a 18:00<\/li>\n\n\n\n<li><a href=\"https:\/\/www.google.com\/maps\/place\/Supercor+Expres\/@36.5000791,-4.8041739,18z\/data=!4m23!1m16!4m15!1m6!1m2!1s0xd7320b18b2b8591:0x7951bb3974c1203f!2sUrbanizaci%C3%B3n+Costabella,+Marbella!2m2!1d-4.8052337!2d36.5007203!1m6!1m2!1s0xd7320ba9a1522a9:0xdd236f79d102955c!2sSupercor+Expres,+Marbella!2m2!1d-4.800632!2d36.500576!3e2!3m5!1s0xd7320ba9a1522a9:0xdd236f79d102955c!8m2!3d36.500576!4d-4.800632!16s%2Fg%2F11b6n_l50h?entry=ttu\" target=\"_blank\" rel=\"noopener\">DIRECCI\u00d3N<\/a>: Nac.340, km 189, 29604 Marbella, M\u00e1laga; a 550 m, 8 min a pie<\/li>\n\n\n\n<li>ENTREGA A DOMICILIO: Servicio a domicilio y de recogida<\/li>\n\n\n\n<li>TEL\u00c9FONO: 667 61 43 84<\/li>\n<\/ul>\n\n\n\n<h3 class=\"wp-block-heading\">Farmacias y Centros de Salud<\/h3>\n\n\n\n<h4 class=\"wp-block-heading\">Farmacia Aloha<\/h4>\n\n\n\n<p>\u00c9sta farmacia ubicada en la zona de Aloha ofrece una amplia gama de productos de salud, dermocosm\u00e9tica y bienestar, con asesoramiento personalizado. Tambi\u00e9n tienen servicio de entrega a domicilio, consulta las tarifas del servicio a trav\u00e9s de contactar con ellos en su <a href=\"https:\/\/alohafarmacia.com\/\" data-type=\"link\" data-id=\"https:\/\/alohafarmacia.com\/\" target=\"_blank\" rel=\"noopener\">web<\/a>.<\/p>\n\n\n\n<figure class=\"wp-caption aligncenter\">\n<picture><source width=\"1480\" srcset=\"https:\/\/media.inmobalia.com\/imgV1\/B98Le8~d7M9pwOKhCJcJLIfglZOtvyX13f98gUEkry2AXpxxwVVUW6beaB1CbHQXGOhTMxPEWoq2vSWoPxT0dWUFVpFov6NwmlNzq3qwzpnpHLdKCVvTJlQLcC6brPz90Q86ly05wwQlVT0~4MYdZTwzMkTS4RbupvRd_PwvIwcVpBSKfexse7kFAxYBmeaRJBwsQkTSRw1ALTw-.png 1480w\" type=\"image\/webp\"><img decoding=\"async\" class=\"img-fluid \" width=\"1480\" src=\"https:\/\/media.inmobalia.com\/imgV1\/B98Le8~d7M9pwOKhCJcJLIN6jO1ByKD5uSZnq8Rqc8B6DMmmO7kOR4N0IvO6OvVh01P_J9~uLWOHBEWUQE3T~C5cLDWerHLR1PrO6NIclHXLxFsUL02RfQVhxqERseYTUM8M28_wjM2eU9vD8gkfYtbqu0FNADTjmdAjLpfXzWMWULW_8ETqt_befBXaB0XByC2Tug--.png\"><\/picture>\n<figcaption class=\"wp-caption-text\"><\/figcaption>\n<\/figure>\n\n\n\n<ul class=\"wp-block-list\">\n<li>HORARIO: De lunes a s\u00e1bado: 9:00 a 21:00 domingos, cerrado<\/li>\n\n\n\n<li><a href=\"https:\/\/www.google.es\/maps\/place\/Farmacia+Aloha\/@36.4985907,-4.9633802,1628m\/data=!3m2!1e3!4b1!4m6!3m5!1s0xd7329e5e8b1caab:0xfdda608875f8548b!8m2!3d36.4985907!4d-4.9633802!16s%2Fg%2F1z44c2xmm?hl=es&amp;entry=ttu&amp;g_ep=EgoyMDI1MDIxMi4wIKXMDSoASAFQAw%3D%3D\" target=\"_blank\" rel=\"noopener\">DIRECCI\u00d3N<\/a>: Calle el Califa, C. Real, esquina, 29660 Marbella, M\u00e1laga<\/li>\n\n\n\n<li>ENTREGA A DOMICILIO: Servicio a domicilio y para recogida.<\/li>\n\n\n\n<li>TEL\u00c9FONO: 620 77 77 86<\/li>\n<\/ul>\n\n\n\n<h4 class=\"wp-block-heading\"><strong>Farmacia Nueva Andaluc\u00eda<\/strong><\/h4>\n\n\n\n<p>Esta farmacia es reconocida por su atenci\u00f3n profesional y una amplia variedad de productos farmac\u00e9uticos. La Farmacia Nueva Andaluc\u00eda tambi\u00e9n ofrece servicio de entrega a domicilio, facilitando el acceso a sus productos sin necesidad de desplazarse, consulta las tarifas del servicio a trav\u00e9s de contactar con ellos en su <a href=\"https:\/\/www.farmacianuevaandalucia.com\/\" data-type=\"link\" data-id=\"https:\/\/www.farmacianuevaandalucia.com\/\" target=\"_blank\" rel=\"noopener\">web<\/a>.<\/p>\n\n\n\n<ul class=\"wp-block-list\">\n<li>HORARIO: De lunes a s\u00e1bado: 9:00 a 21:00 domingos, de 10:00 a 14:00<\/li>\n\n\n\n<li><a href=\"https:\/\/www.google.es\/maps\/place\/Farmacia+Nueva+Andalucia\/@36.4990662,-4.9736981,1628m\/data=!3m2!1e3!4b1!4m6!3m5!1s0xd7329fbdbdfa4c1:0x22ad08f160e192d8!8m2!3d36.4990619!4d-4.9711232!16s%2Fg%2F1hcb3csgt?hl=es&amp;entry=ttu&amp;g_ep=EgoyMDI1MDIxMi4wIKXMDSoASAFQAw%3D%3D\" target=\"_blank\" rel=\"noopener\">DIRECCI\u00d3N<\/a>: Av. Miguel de Cervantes, 8, Nueva Andaluc\u00eda, 29660 Marbella, M\u00e1laga<\/li>\n\n\n\n<li>ENTREGA A DOMICILIO: Servicio a domicilio y para recogida.<\/li>\n\n\n\n<li>TEL\u00c9FONO: 951 51 87 96<\/li>\n<\/ul>\n\n\n\n<h4 class=\"wp-block-heading\"><strong>Hospital Ochoa<\/strong> <\/h4>\n\n\n\n<p>Centro m\u00e9dico privado con especialistas en diversas \u00e1reas.<\/p>\n\n\n\n<ul class=\"wp-block-list\">\n<li>HORARIO: Abierto 24 horas<\/li>\n\n\n\n<li><a href=\"https:\/\/www.google.com\/maps\/place\/Medhelp+Centro+Medico+El+Rosario\/@36.5000791,-4.8039843,18z\/data=!4m23!1m16!4m15!1m6!1m2!1s0xd7320b18b2b8591:0x7951bb3974c1203f!2sUrbanizaci%C3%B3n+Costabella,+Marbella!2m2!1d-4.8052337!2d36.5007203!1m6!1m2!1s0xd732167df6b8ccb:0x238553581e50bb21!2sMedhelp+Centro+Medico+El+Rosario,+local+6,+Marbella!2m2!1d-4.8001982!2d36.5005639!3e2!3m5!1s0xd732167df6b8ccb:0x238553581e50bb21!8m2!3d36.5005639!4d-4.8001982!16s%2Fg%2F11gmjbbc_9?entry=ttu\" target=\"_blank\" rel=\"noopener\">DIRECCI\u00d3N<\/a>: P.\u00ba Alfonso Ca\u00f1as Nogueras, 29603 Marbella, M\u00e1laga<\/li>\n\n\n\n<li>TEL\u00c9FONO: 952 86 14 00<\/li>\n<\/ul>\n\n\n\n<h4 class=\"wp-block-heading\"><strong>Hospital Costa del Sol<\/strong><\/h4>\n\n\n\n<p>Uno de los hospitales p\u00fablicos m\u00e1s importantes de la regi\u00f3n.<\/p>\n\n\n\n<ul class=\"wp-block-list\">\n<li>HORARIO: Todos los d\u00edas, durante las 24 horas<\/li>\n\n\n\n<li><a href=\"https:\/\/www.google.com\/maps\/place\/Hospital+Universitario+Costa+del+Sol\/@36.5079369,-4.9101461,12z\/data=!3m1!5s0xd732763c14f5b17:0xa7d1fb8b17bdc7d9!4m19!1m12!4m11!1m3!2m2!1d-4.8284353!2d36.5079369!1m6!1m2!1s0xd73275e8ce1b8d7:0x726a0fde3896f31f!2sA-7,+Km+187,+29603+Marbella,+M%C3%A1laga!2m2!1d-4.827745!2d36.5079652!3m5!1s0xd73275e8ce1b8d7:0x726a0fde3896f31f!8m2!3d36.5079652!4d-4.827745!16s%2Fg%2F120t9g2r?entry=ttu\" target=\"_blank\" rel=\"noopener\">DIRECCI\u00d3N<\/a>: A-7, Km 187, 29603 Marbella, M\u00e1laga; a 3,5 km, 6 min en coche<\/li>\n\n\n\n<li>TEL\u00c9FONO: 951 97 66 69<\/li>\n<\/ul>\n\n\n\n<h3 class=\"wp-block-heading\">Para disfrutar en familia<\/h3>\n\n\n\n<h4 class=\"wp-block-heading\"><strong>Lago de las Tortugas: Un Remanso de Paz en la Naturaleza<\/strong><\/h4>\n\n\n\n<figure class=\"wp-caption aligncenter\">\n<picture><source width=\"1480\" srcset=\"https:\/\/media.inmobalia.com\/imgV1\/B98Le8~d7M9pwOKhCJcJLIfglZOtvyX13f98gUEkry2AXpxxwVVUW6beaB1CbHQXGOhTMxPEWoq2vSWoPxT0dWUFVpFov6NwmlNzq3qwzpnpHLdKCVvTJguh2G0y.png 1480w\" type=\"image\/webp\"><img decoding=\"async\" class=\"img-fluid \" width=\"1480\" src=\"https:\/\/media.inmobalia.com\/imgV1\/B98Le8~d7M9pwOKhCJcJLIN6jO1ByKD5uSZnq8Rqc8B6DMmmO7kOR4N0IvO6OvVh01P_J9~uLWOHBEWUQE3T~C5cLDWerHLR1PrO6NIclHXLm3WLrG4-.png\"><\/picture>\n<figcaption class=\"wp-caption-text\"><\/figcaption>\n<\/figure>\n\n\n\n<p>Uno de los secretos mejor guardados de Nueva Andaluc\u00eda es el <strong>Lago de las Tortugas<\/strong>. A solo unos minutos en coche desde el centro de la urbanizaci\u00f3n, este lago es un lugar perfecto para desconectar del bullicio y disfrutar de la naturaleza.<\/p>\n\n\n\n<p>El entorno es ideal para pasear en familia o con mascotas en sus senderos naturales, para observar tortugas y patos en su h\u00e1bitat natural, para hacer picnics en un ambiente tranquilo y alejado del tr\u00e1fico o para disfrutar de la fotograf\u00eda y la paz del lugar, especialmente al atardecer.<\/p>\n\n\n\n<p>Si buscas m\u00e1s espacios para relajarte o para que los ni\u00f1os disfruten, hay varias opciones en los alrededores:<\/p>\n\n\n\n<ul class=\"wp-block-list\">\n<li><strong><a href=\"https:\/\/www.google.es\/maps\/place\/Parque+Forestal+Los+Tres+Jardines\/@36.4956157,-4.9936958,814m\/data=!3m2!1e3!4b1!4m6!3m5!1s0xd732a0e5cf864b5:0x34a635fd262b2288!8m2!3d36.4956114!4d-4.9911209!16s%2Fg%2F11bxc5xqw1?hl=es&amp;entry=ttu&amp;g_ep=EgoyMDI1MDIxMi4wIKXMDSoASAFQAw%3D%3D\" data-type=\"link\" data-id=\"https:\/\/www.google.es\/maps\/place\/Parque+Forestal+Los+Tres+Jardines\/@36.4956157,-4.9936958,814m\/data=!3m2!1e3!4b1!4m6!3m5!1s0xd732a0e5cf864b5:0x34a635fd262b2288!8m2!3d36.4956114!4d-4.9911209!16s%2Fg%2F11bxc5xqw1?hl=es&amp;entry=ttu&amp;g_ep=EgoyMDI1MDIxMi4wIKXMDSoASAFQAw%3D%3D\" target=\"_blank\" rel=\"noopener\">Parque de los Tres Jardines<\/a> (San Pedro Alc\u00e1ntara)<\/strong>: Un gran parque con \u00e1reas de picnic, zonas de juego y rutas para caminar.<br><\/li>\n\n\n\n<li><strong>Senderos de La Concha<\/strong>: Para los m\u00e1s aventureros, Nueva Andaluc\u00eda ofrece acceso a rutas de senderismo con vistas impresionantes a Marbella.<\/li>\n<\/ul>\n\n\n\n<h2 class=\"wp-block-heading\"><span class=\"ez-toc-section\" id=\"Envio_a_domicilio_para_los_dias_de_relax_en_casa\"><\/span><br>Env\u00edo a domicilio, para los d\u00edas de relax en casa<span class=\"ez-toc-section-end\"><\/span><\/h2>\n\n\n\n<p>Disfrutar de la comodidad de tu apartamento en <strong>Nueva Andaluc\u00eda<\/strong> no significa renunciar a la facilidad de recibir todo lo que necesitas sin moverte de casa. La zona cuenta con una excelente oferta de <strong>servicios de entrega a domicilio<\/strong>, desde supermercados y restaurantes hasta farmacias y tiendas especializadas, asegurando que tengas acceso a productos y alimentos de calidad sin complicaciones.<\/p>\n\n\n\n<ul class=\"wp-block-list\">\n<li><a href=\"https:\/\/glovoapp.com\/es\/es\/?utm_source=google&amp;utm_medium=cpc&amp;utm_campaign=google_search_brandprotection_newusers_ES_Exact_digitalbudget_spanish&amp;utm_campaignid=12168399560&amp;utm_adgroupid=115796730454&amp;utm_term=glovo&amp;utm_matchtype=e&amp;utm_device=c&amp;gclid=CjwKCAjwnOipBhBQEiwACyGLumRyLDhgxwsK3AhYCuVx2s46tO_DNrwBGHXRPAChnPU42QlLg30JexoCRq0QAvD_BwE\" target=\"_blank\" rel=\"noopener\">Glovo<\/a>: No solo es un recurso esencial para aquellos que buscan una deliciosa comida entregada en la puerta de su alojamiento, sino que tambi\u00e9n ha diversificado su cartera para abarcar entregas de productos farmac\u00e9uticos y de supermercados.<\/li>\n\n\n\n<li><a href=\"https:\/\/www.ubereats.com\/es?utm_source=AdWords_Brand&amp;utm_campaign=CM2225035-search-google-brand_162_-99_ES-National_e_web_acq_cpc_es-ES_T1_Generic_BM_uber%20eats_kwd-111378724137_639006252462_150940917024_b_c&amp;campaign_id=19130929568&amp;adg_id=150940917024&amp;fi_id=&amp;match=b&amp;net=g&amp;dev=c&amp;dev_m=&amp;ad_id=639006252462&amp;cre=639006252462&amp;kwid=kwd-111378724137&amp;kw=uber%20eats&amp;placement=&amp;tar=&amp;gclsrc=aw.ds&amp;gclid=CjwKCAjwnOipBhBQEiwACyGLusNNZ6zjCtVFmItzBgqF-8k4UjaDaZvqdpMWuzj073vhrtkc_QKeJxoCwtkQAvD_BwE\" target=\"_blank\" rel=\"noopener\">Uber Eats<\/a>: Con una reputaci\u00f3n robusta respaldada por su contraparte en el mundo del transporte, Uber Eats ha centrado su mirada en la entrega de alimentos, prometiendo una experiencia eficiente y r\u00e1pida. Con una amplia selecci\u00f3n de restaurantes asociados garantiza opciones gastron\u00f3micas para satisfacer todos los gustos.<\/li>\n\n\n\n<li><a href=\"https:\/\/www.just-eat.es\/?adj_tracker=84l7irb_rx4f7ic&amp;adj_campaign=6480637097&amp;campaignname=CM_S_G_ESP_ES_%5BBRAND%5D_%5BENGM%5D_Just%20Eat_Root_National&amp;gad_source=1&amp;gclid=CjwKCAjwnOipBhBQEiwACyGLumHhIQN0YVM3-lHYtXl4gtq0q578W-bDhFJdnjCZe3Ys5qFrSulYwxoCwqMQAvD_BwE&amp;gclsrc=aw.ds\" target=\"_blank\" rel=\"noopener\">Just Eat<\/a>: Con una presencia notable en el escenario internacional, es la soluci\u00f3n para aquellos que desean explorar una mayor diversidad culinaria, ya sea comida r\u00e1pida o platos m\u00e1s sofisticados.<\/li>\n\n\n\n<li><a href=\"https:\/\/www.amazon.es\/amazonprime\" target=\"_blank\" rel=\"noopener\">Amazon Prime<\/a>: Para atender a casi cualquier necesidad que pueda surgirle durante su estancia: desde comprar un libro hasta llenar la nevera con productos frescos, pues cuenta con todo catalogo de Amazon. Eso si, ser\u00e1 necesario que tenga una suscripci\u00f3n, de 49,90 \u20ac\/a\u00f1o, para que los pedidos le lleguen de la manera m\u00e1s r\u00e1pida, aunque tambi\u00e9n dispone de 30 d\u00edas de prueba gratuita.<\/li>\n\n\n\n<li><a href=\"https:\/\/deliveroo.co.uk\/\" target=\"_blank\" rel=\"noopener\">Deliveroo<\/a>: Si lo que buscas es una experiencia gastron\u00f3mica de un calibre superior, Deliveroo es tu aliado perfecto. Especializ\u00e1ndose en la entrega de platos de alta calidad procedentes de restaurantes locales selectos, Deliveroo satisface los paladares m\u00e1s exigentes sin tener que moverse.<\/li>\n<\/ul>\n\n\n\n<h2 class=\"wp-block-heading\"><span class=\"ez-toc-section\" id=\"Servicios_de_transporte_La_distancia_para_nosotros_no_es_un_problema\"><\/span><br>Servicios de transporte: La distancia para nosotros, no es un problema<span class=\"ez-toc-section-end\"><\/span><\/h2>\n\n\n\n<h3 class=\"wp-block-heading\"><strong>Gasolineras<\/strong><\/h3>\n\n\n\n<p><strong>Para moverse por Nueva Andaluc\u00eda, Marbella y la Costa del Sol<\/strong><\/p>\n\n\n\n<h3 class=\"wp-block-heading\"><strong>Estaci\u00f3n de Servicio Repsol - Nueva Andaluc\u00eda<\/strong><\/h3>\n\n\n\n<p>Si decides alquilar una de nuestras propiedades en <strong>Nueva Andaluc\u00eda<\/strong> y optas por explorar otras zonas cercanas, como <strong>Puerto Ban\u00fas, la Milla de Oro o San Pedro Alc\u00e1ntara<\/strong>, o aventurarte a descubrir otros destinos emblem\u00e1ticos de la <strong>Costa del Sol<\/strong>, como <strong>Oj\u00e9n (15,9 km, entre 20 y 26 min en coche por A-7), Ist\u00e1n (27,4 km, entre 35 y 45 min por A-7176), La Cala de Mijas (27,5 km, entre 20 y 28 min por A-7 y AP-7), Benahav\u00eds (29,6 km, entre 26 y 35 min por A-7) o Estepona (40,5 km, entre 28 y 40 min por AP-7)<\/strong>, te resultar\u00e1 \u00fatil conocer la <strong>Estaci\u00f3n de Servicio Repsol en Nueva Andaluc\u00eda<\/strong>, donde podr\u00e1s repostar con facilidad.<\/p>\n\n\n\n<p><strong>Nota:<\/strong> Esta gasolinera cuenta con combustible <strong>di\u00e9sel<\/strong>.<\/p>\n\n\n\n<ul class=\"wp-block-list\">\n<li><strong>HORARIO:<\/strong> Abierto todos los d\u00edas, 24 horas.<\/li>\n\n\n\n<li><strong>DIRECCI\u00d3N:<\/strong> Urb. La Alzambra, Nueva Andaluc\u00eda, 29660 Marbella, M\u00e1laga.<\/li>\n\n\n\n<li><strong>TEL\u00c9FONO:<\/strong> 952 81 81 45.<\/li>\n<\/ul>\n\n\n\n<h3 class=\"wp-block-heading\"><strong>Autob\u00fas Urbano<\/strong><\/h3>\n\n\n\n<p><em>Para viajar por Nueva Andaluc\u00eda y Marbella<\/em><\/p>\n\n\n\n<h4 class=\"wp-block-heading\"><strong>Avanza<\/strong><\/h4>\n\n\n\n<p>Si decides dejar tu coche en casa o prefieres evitar el tr\u00e1fico, <strong>Nueva Andaluc\u00eda<\/strong> cuenta con <strong>l\u00edneas de autob\u00fas urbano<\/strong> operadas por <strong>Avanza<\/strong>, una de las principales compa\u00f1\u00edas de transporte en Espa\u00f1a. A trav\u00e9s de estas l\u00edneas podr\u00e1s desplazarte f\u00e1cilmente a <strong>Puerto Ban\u00fas, San Pedro Alc\u00e1ntara, el centro de Marbella y otras zonas clave de la ciudad<\/strong>.<\/p>\n\n\n\n<p>Puedes consultar las <strong>l\u00edneas y horarios actualizados<\/strong> en la <strong>app \"Avanza - Costa del Sol\"<\/strong>, disponible tanto para <strong><a href=\"https:\/\/play.google.com\/store\/apps\/details?id=com.geoactio.portilloavanza&amp;hl=es&amp;gl=US&amp;pli=1\" data-type=\"link\" data-id=\"https:\/\/play.google.com\/store\/apps\/details?id=com.geoactio.portilloavanza&amp;hl=es&amp;gl=US&amp;pli=1\" target=\"_blank\" rel=\"noopener\">Android<\/a><\/strong> como para <strong><a href=\"https:\/\/apps.apple.com\/es\/app\/avanza-costa-del-sol\/id1270146915\" data-type=\"link\" data-id=\"https:\/\/apps.apple.com\/es\/app\/avanza-costa-del-sol\/id1270146915\" target=\"_blank\" rel=\"noopener\">iOS<\/a><\/strong>. <strong>Precio del billete:<\/strong> Desde <strong>1,18 \u20ac<\/strong>.<\/p>\n\n\n\n<p><strong>Taxis y Otros Servicios de Transporte<\/strong><\/p>\n\n\n\n<p>Si necesitas un servicio r\u00e1pido y c\u00f3modo, los <strong>taxis<\/strong> y las <strong>apps de transporte privado<\/strong> como <strong>Uber, Bolt o Cabify<\/strong> est\u00e1n ampliamente disponibles en Nueva Andaluc\u00eda.<\/p>\n\n\n\n<ul class=\"wp-block-list\">\n<li><strong>Taxi:<\/strong> Si prefieres un transporte tradicional, en Marbella operan varias compa\u00f1\u00edas de taxis, entre ellas: <strong><a href=\"https:\/\/www.taxisolmarbella.com\/\" data-type=\"link\" data-id=\"https:\/\/www.taxisolmarbella.com\/\" target=\"_blank\" rel=\"noopener\">Taxisol<\/a><\/strong> (952 77 44 88) y <strong>Taxi Marbella<\/strong> (618 34 89 24)<\/li>\n\n\n\n<li><strong><a href=\"https:\/\/www.uber.com\/es\/en\/ride\/?ad_id=623050559222&amp;adg_id=148286515864&amp;campaign_id=18388070762&amp;cre=623050559222&amp;dev=c&amp;dev_m=&amp;fi_id=&amp;gad_source=1&amp;gclid=CjwKCAjwnOipBhBQEiwACyGLuhwLin2fKKxMza4DmfP0rFH54wHydpVO0DLFwL6tzuHwWATqZsuLsRoCNDgQAvD_BwE&amp;gclsrc=aw.ds&amp;kw=uber&amp;kwid=kwd-12633382&amp;match=b&amp;net=g&amp;placement=&amp;tar=&amp;utm_campaign=CM2215725-search-google-brand_162_-99_ES-National_r_web_acq_cpc_es_T1_Generic_BM_uber_kwd-12633382_623050559222_148286515864_b_c&amp;utm_source=AdWords_Brand\" data-type=\"link\" data-id=\"https:\/\/www.uber.com\/es\/en\/ride\/?ad_id=623050559222&amp;adg_id=148286515864&amp;campaign_id=18388070762&amp;cre=623050559222&amp;dev=c&amp;dev_m=&amp;fi_id=&amp;gad_source=1&amp;gclid=CjwKCAjwnOipBhBQEiwACyGLuhwLin2fKKxMza4DmfP0rFH54wHydpVO0DLFwL6tzuHwWATqZsuLsRoCNDgQAvD_BwE&amp;gclsrc=aw.ds&amp;kw=uber&amp;kwid=kwd-12633382&amp;match=b&amp;net=g&amp;placement=&amp;tar=&amp;utm_campaign=CM2215725-search-google-brand_162_-99_ES-National_r_web_acq_cpc_es_T1_Generic_BM_uber_kwd-12633382_623050559222_148286515864_b_c&amp;utm_source=AdWords_Brand\" target=\"_blank\" rel=\"noopener\">Uber<\/a>:<\/strong> Uber ofrece un servicio c\u00f3modo y eficiente para moverte por <strong>Nueva Andaluc\u00eda y otras zonas de Marbella<\/strong>. Solo tienes que descargar su <strong>app<\/strong> en <strong><a href=\"https:\/\/play.google.com\/store\/apps\/details?id=com.ubercab&amp;hl=es_419&amp;gl=US\" data-type=\"link\" data-id=\"https:\/\/play.google.com\/store\/apps\/details?id=com.ubercab&amp;hl=es_419&amp;gl=US\" target=\"_blank\" rel=\"noopener\">Android<\/a><\/strong> o <strong><a href=\"https:\/\/apps.apple.com\/es\/app\/uber-viajes-asequibles\/id368677368\" data-type=\"link\" data-id=\"https:\/\/apps.apple.com\/es\/app\/uber-viajes-asequibles\/id368677368\" target=\"_blank\" rel=\"noopener\">iOS<\/a><\/strong> y solicitar un coche en pocos minutos.<\/li>\n\n\n\n<li><strong><a href=\"https:\/\/bolt.eu\/es-es\/?utm_source=googleadwords_int&amp;utm_medium=cpc&amp;utm_campaign=es_brand_search&amp;utm_source=google&amp;utm_medium=ads&amp;utm_campaign=14577844312&amp;gclid=CjwKCAjwnOipBhBQEiwACyGLumgVFHdc68Dqi6PTvJLXCR_r40NOtyqqM3AwCJW6b7aLzzQDCVuAPhoC9XsQAvD_BwE\" data-type=\"link\" data-id=\"https:\/\/bolt.eu\/es-es\/?utm_source=googleadwords_int&amp;utm_medium=cpc&amp;utm_campaign=es_brand_search&amp;utm_source=google&amp;utm_medium=ads&amp;utm_campaign=14577844312&amp;gclid=CjwKCAjwnOipBhBQEiwACyGLumgVFHdc68Dqi6PTvJLXCR_r40NOtyqqM3AwCJW6b7aLzzQDCVuAPhoC9XsQAvD_BwE\" target=\"_blank\" rel=\"noopener\">Bolt<\/a>:<\/strong> Plataforma similar a Uber, f\u00e1cil de usar y con tarifas competitivas. Descarga la <strong>app<\/strong> en cualquier sistema operativo en <a href=\"https:\/\/play.google.com\/store\/apps\/details?id=ee.mtakso.client&amp;hl=es_419&amp;gl=US\" data-type=\"link\" data-id=\"https:\/\/play.google.com\/store\/apps\/details?id=ee.mtakso.client&amp;hl=es_419&amp;gl=US\" target=\"_blank\" rel=\"noopener\">Android<\/a> o <a href=\"https:\/\/apps.apple.com\/es\/app\/bolt-solicita-viajes-24-7\/id675033630\" data-type=\"link\" data-id=\"https:\/\/apps.apple.com\/es\/app\/bolt-solicita-viajes-24-7\/id675033630\" target=\"_blank\" rel=\"noopener\">iOS<\/a> y mu\u00e9vete sin complicaciones por Nueva Andaluc\u00eda.<\/li>\n\n\n\n<li><strong><a href=\"https:\/\/cabify.com\/es\" data-type=\"link\" data-id=\"https:\/\/cabify.com\/es\" target=\"_blank\" rel=\"noopener\">Cabify<\/a>:<\/strong> Esta empresa espa\u00f1ola ha ido ganando popularidad gracias a su servicio premium y tarifas claras. Disponible en <strong><a href=\"https:\/\/play.google.com\/store\/apps\/details?id=com.cabify.rider&amp;hl=es&amp;gl=US\" data-type=\"link\" data-id=\"https:\/\/play.google.com\/store\/apps\/details?id=com.cabify.rider&amp;hl=es&amp;gl=US\" target=\"_blank\" rel=\"noopener\">Google Play<\/a><\/strong> y <strong><a href=\"https:\/\/apps.apple.com\/es\/app\/cabify\/id476087442\" data-type=\"link\" data-id=\"https:\/\/apps.apple.com\/es\/app\/cabify\/id476087442\" target=\"_blank\" rel=\"noopener\">Apple Store<\/a><\/strong>.<\/li>\n<\/ul>\n\n\n\n<h3 class=\"wp-block-heading\"><strong>Alquiler de Coches<\/strong><\/h3>\n\n\n\n<p><em>Para descubrir Nueva Andaluc\u00eda, Marbella y la Costa del Sol<\/em><\/p>\n\n\n\n<p>Si has llegado a Marbella sin veh\u00edculo y deseas recorrer la Costa del Sol a tu ritmo, hay diversas opciones de <strong>alquiler de coches<\/strong> en la zona.<\/p>\n\n\n\n<p><strong><a href=\"https:\/\/www.goldcar.es\/?gclsrc=aw.ds&amp;gad_source=1&amp;gclid=CjwKCAjwv-2pBhB-EiwAtsQZFF77M_jxmmWLwp8kMYd1IH_M7G5AgodPlcYvnSG63DhvruXUgb6cbxoCKD4QAvD_BwE&amp;gclsrc=aw.ds\" data-type=\"link\" data-id=\"https:\/\/www.goldcar.es\/?gclsrc=aw.ds&amp;gad_source=1&amp;gclid=CjwKCAjwv-2pBhB-EiwAtsQZFF77M_jxmmWLwp8kMYd1IH_M7G5AgodPlcYvnSG63DhvruXUgb6cbxoCKD4QAvD_BwE&amp;gclsrc=aw.ds\" target=\"_blank\" rel=\"noopener\">Goldcar <\/a>\u2013&nbsp; 918 341 400<\/strong><\/p>\n\n\n\n<ul class=\"wp-block-list\">\n<li>Ideal para quienes buscan una opci\u00f3n econ\u00f3mica.<\/li>\n\n\n\n<li>Amplia variedad de veh\u00edculos, desde compactos hasta familiares.<\/li>\n\n\n\n<li>Oficinas en <strong><a href=\"https:\/\/www.google.com\/maps\/place\/Goldcar+Malaga+Airport\/@36.5909725,-5.0085478,10z\/data=!4m20!1m13!4m12!1m4!2m2!1d-4.8910806!2d36.5103971!4e1!1m6!1m2!1s0xd72fa3d9e7990e5:0x5798a16bbb994fff!2sgoldacr+aeropouetrot+de+malaga!2m2!1d-4.4888756!2d36.6755064!3m5!1s0xd72fa3d9e7990e5:0x5798a16bbb994fff!8m2!3d36.6755064!4d-4.4888756!16s%2Fg%2F1tdb1130?entry=ttu\" data-type=\"link\" data-id=\"https:\/\/www.google.com\/maps\/place\/Goldcar+Malaga+Airport\/@36.5909725,-5.0085478,10z\/data=!4m20!1m13!4m12!1m4!2m2!1d-4.8910806!2d36.5103971!4e1!1m6!1m2!1s0xd72fa3d9e7990e5:0x5798a16bbb994fff!2sgoldacr+aeropouetrot+de+malaga!2m2!1d-4.4888756!2d36.6755064!3m5!1s0xd72fa3d9e7990e5:0x5798a16bbb994fff!8m2!3d36.6755064!4d-4.4888756!16s%2Fg%2F1tdb1130?entry=ttu\" target=\"_blank\" rel=\"noopener\">Aeropuerto de M\u00e1laga<\/a><\/strong> y <a href=\"https:\/\/www.google.com\/maps\/place\/Goldcar+Gibraltar+-+La+L%C3%ADnea\/@36.3406568,-5.4441295,10z\/data=!4m20!1m13!4m12!1m4!2m2!1d-4.891099!2d36.5104055!4e1!1m6!1m2!1s0xd0cc08917f39f81:0x9dd91116b42c9dc6!2sgoldcar+gribrlatar!2m2!1d-5.3483234!2d36.1571587!3m5!1s0xd0cc08917f39f81:0x9dd91116b42c9dc6!8m2!3d36.1571587!4d-5.3483234!16s%2Fg%2F11btysk2ct?entry=ttu\" data-type=\"link\" data-id=\"https:\/\/www.google.com\/maps\/place\/Goldcar+Gibraltar+-+La+L%C3%ADnea\/@36.3406568,-5.4441295,10z\/data=!4m20!1m13!4m12!1m4!2m2!1d-4.891099!2d36.5104055!4e1!1m6!1m2!1s0xd0cc08917f39f81:0x9dd91116b42c9dc6!2sgoldcar+gribrlatar!2m2!1d-5.3483234!2d36.1571587!3m5!1s0xd0cc08917f39f81:0x9dd91116b42c9dc6!8m2!3d36.1571587!4d-5.3483234!16s%2Fg%2F11btysk2ct?entry=ttu\" target=\"_blank\" rel=\"noopener\"><strong>Gibraltar - La L\u00ednea<\/strong>.<\/a><\/li>\n<\/ul>\n\n\n\n<p><strong><a href=\"https:\/\/www.avis.es\/?cid=pp_site-GOOGLE_camp-18320326037_adgroup-140837266523_target-kwd-13402896_creative-621382492707_device-c_feed-&amp;gad_source=1&amp;gclid=CjwKCAjwv-2pBhB-EiwAtsQZFF7XlJkWcMVcT7EKC0Gn7Kp76IGOYsUbi8POqPDsiHVkXEiLk3HVShoCCG0QAvD_BwE&amp;gclsrc=aw.ds\" data-type=\"link\" data-id=\"https:\/\/www.avis.es\/?cid=pp_site-GOOGLE_camp-18320326037_adgroup-140837266523_target-kwd-13402896_creative-621382492707_device-c_feed-&amp;gad_source=1&amp;gclid=CjwKCAjwv-2pBhB-EiwAtsQZFF7XlJkWcMVcT7EKC0Gn7Kp76IGOYsUbi8POqPDsiHVkXEiLk3HVShoCCG0QAvD_BwE&amp;gclsrc=aw.ds\" target=\"_blank\" rel=\"noopener\">Avis<\/a> \u2013&nbsp; 951 32 40 60<\/strong><\/p>\n\n\n\n<ul class=\"wp-block-list\">\n<li>Opci\u00f3n premium con servicio <strong>Quick Pass<\/strong>.<\/li>\n\n\n\n<li>Coches de alta gama y furgonetas.<\/li>\n\n\n\n<li>Ubicaci\u00f3n en <a href=\"https:\/\/www.google.com\/maps\/place\/Avis+Alquiler+de+coches+-+Marbella\/@36.5057311,-4.961481,13z\/data=!4m20!1m13!4m12!1m4!2m2!1d-4.8910923!2d36.5103981!4e1!1m6!1m2!1s0xd72d6269c8d3b2b:0x6ed31778fe9deb8!2savis!2m2!1d-4.9508844!2d36.4936557!3m5!1s0xd72d6269c8d3b2b:0x6ed31778fe9deb8!8m2!3d36.4936557!4d-4.9508844!16s%2Fg%2F11bbwyrs4d?entry=ttu\" data-type=\"link\" data-id=\"https:\/\/www.google.com\/maps\/place\/Avis+Alquiler+de+coches+-+Marbella\/@36.5057311,-4.961481,13z\/data=!4m20!1m13!4m12!1m4!2m2!1d-4.8910923!2d36.5103981!4e1!1m6!1m2!1s0xd72d6269c8d3b2b:0x6ed31778fe9deb8!2savis!2m2!1d-4.9508844!2d36.4936557!3m5!1s0xd72d6269c8d3b2b:0x6ed31778fe9deb8!8m2!3d36.4936557!4d-4.9508844!16s%2Fg%2F11bbwyrs4d?entry=ttu\" target=\"_blank\" rel=\"noopener\"><strong>Autov\u00eda del Mediterr\u00e1neo, 340, km 175, 29660 Marbella<\/strong>.<\/a><\/li>\n<\/ul>\n\n\n\n<p><strong><a href=\"https:\/\/www.yellowcar.com\/\" data-type=\"link\" data-id=\"https:\/\/www.yellowcar.com\/\" target=\"_blank\" rel=\"noopener\">Yellow Car<\/a> \u2013&nbsp; 952 83 14 92<\/strong><\/p>\n\n\n\n<ul class=\"wp-block-list\">\n<li>Empresa local con d\u00e9cadas de experiencia.<\/li>\n\n\n\n<li>Oficinas en <strong><a href=\"https:\/\/www.google.com\/maps\/place\/Yellow+Car\/@36.5909725,-5.0085478,10z\/data=!3m1!5s0xd72fa22634a684b:0x1a1c54a06d8292fb!4m20!1m13!4m12!1m4!2m2!1d-4.8910686!2d36.5103977!4e1!1m6!1m2!1s0xd72fa22637f83e7:0x4d03a9505ebbce94!2sYellow+Car,+Av.+del+Comandante+Garc%C3%ADa+Morato,+53,+29004+M%C3%A1laga!2m2!1d-4.4874662!2d36.6755131!3m5!1s0xd72fa22637f83e7:0x4d03a9505ebbce94!8m2!3d36.6755131!4d-4.4874662!16s%2Fg%2F11b5plrwp1?entry=ttu\" data-type=\"link\" data-id=\"https:\/\/www.google.com\/maps\/place\/Yellow+Car\/@36.5909725,-5.0085478,10z\/data=!3m1!5s0xd72fa22634a684b:0x1a1c54a06d8292fb!4m20!1m13!4m12!1m4!2m2!1d-4.8910686!2d36.5103977!4e1!1m6!1m2!1s0xd72fa22637f83e7:0x4d03a9505ebbce94!2sYellow+Car,+Av.+del+Comandante+Garc%C3%ADa+Morato,+53,+29004+M%C3%A1laga!2m2!1d-4.4874662!2d36.6755131!3m5!1s0xd72fa22637f83e7:0x4d03a9505ebbce94!8m2!3d36.6755131!4d-4.4874662!16s%2Fg%2F11b5plrwp1?entry=ttu\" target=\"_blank\" rel=\"noopener\">Aeropuerto de M\u00e1laga<\/a>, La Cala de Mijas y <a href=\"https:\/\/www.google.com\/maps\/place\/Yellow+Car\/@36.5054291,-4.8182583,15.06z\/data=!3m1!5s0xd7320ace3f82899:0x72319a1d00cd5356!4m20!1m13!4m12!1m4!2m2!1d-4.8910088!2d36.5103958!4e1!1m6!1m2!1s0xd72fa22637f83e7:0xf962868fcd390272!2sYellow+Car,+Urb.+El+Rosario,+C.+los+Limoneros,+29604+Marbella,+M%C3%A1laga!2m2!1d-4.8087341!2d36.5047822!3m5!1s0xd72fa22637f83e7:0xf962868fcd390272!8m2!3d36.5047822!4d-4.8087341!16s%2Fg%2F1ttpcngv?entry=ttu\" data-type=\"link\" data-id=\"https:\/\/www.google.com\/maps\/place\/Yellow+Car\/@36.5054291,-4.8182583,15.06z\/data=!3m1!5s0xd7320ace3f82899:0x72319a1d00cd5356!4m20!1m13!4m12!1m4!2m2!1d-4.8910088!2d36.5103958!4e1!1m6!1m2!1s0xd72fa22637f83e7:0xf962868fcd390272!2sYellow+Car,+Urb.+El+Rosario,+C.+los+Limoneros,+29604+Marbella,+M%C3%A1laga!2m2!1d-4.8087341!2d36.5047822!3m5!1s0xd72fa22637f83e7:0xf962868fcd390272!8m2!3d36.5047822!4d-4.8087341!16s%2Fg%2F1ttpcngv?entry=ttu\" target=\"_blank\" rel=\"noopener\">Marbella<\/a><\/strong>.<\/li>\n<\/ul>\n\n\n\n<p><strong>Recomendaci\u00f3n:<\/strong> Para asegurar disponibilidad y mejores precios, se recomienda <strong>reservar con antelaci\u00f3n<\/strong> a trav\u00e9s de la web de cada empresa.<\/p>\n\n\n\n<h2 class=\"wp-block-heading\"><span class=\"ez-toc-section\" id=\"Conoce_los_alrededores_Mas_alla_de_Nueva_Andalucia\"><\/span><br>Conoce los alrededores: M\u00e1s all\u00e1 de Nueva Andaluc\u00eda<span class=\"ez-toc-section-end\"><\/span><\/h2>\n\n\n\n<h3 class=\"wp-block-heading\"><br><strong>Puerto Ban\u00fas<\/strong><\/h3>\n\n\n\n<p>A menos de <strong>5 minutos<\/strong> en coche de Nueva Andaluc\u00eda, <strong>Puerto Ban\u00fas<\/strong> es uno de los lugares m\u00e1s ic\u00f3nicos de Marbella. Este puerto deportivo es un destino de referencia para quienes buscan un ambiente exclusivo, con <strong>yates de lujo, boutiques de dise\u00f1adores internacionales como Louis Vuitton y Gucci, restaurantes gourmet y una animada vida nocturna<\/strong>. Adem\u00e1s, su paseo mar\u00edtimo es ideal para una caminata con vistas al Mediterr\u00e1neo.<\/p>\n\n\n\n<figure class=\"wp-caption aligncenter\">\n<picture><source width=\"1480\" srcset=\"https:\/\/media.inmobalia.com\/imgV1\/B98Le8~d7M9pwOKhCJcJLIfglZOtvyX13f98gUEkry2AXpxxwVVUW6beaB1CbHQXGOhTMxPEWoq2vSWoPxT0dWUFVpFov6NwmlNzq3qwzpnpHLdKCVvTJlQLcC6brPz90Q86ly05wwQlVT0~4MYdZTwzMkTS4RbupvRd_PwvIwcVpBSKfexse7kFAxYBmeaRJBwsQkTSQQ15o~w-.png 1480w\" type=\"image\/webp\"><img decoding=\"async\" class=\"img-fluid \" width=\"1480\" src=\"https:\/\/media.inmobalia.com\/imgV1\/B98Le8~d7M9pwOKhCJcJLIN6jO1ByKD5uSZnq8Rqc8B6DMmmO7kOR4N0IvO6OvVh01P_J9~uLWOHBEWUQE3T~C5cLDWerHLR1PrO6NIclHXLxFsUL02RfQVhxqERseYTUM8M28_wjM2eU9vD8gkfYtbqu0FNADTjmdAjLpfXzWMWULW_8ETqt_befBXaB0XHByNnAQ--.png\"><\/picture>\n<figcaption class=\"wp-caption-text\"><\/figcaption>\n<\/figure>\n\n\n\n<h3 class=\"wp-block-heading\"><strong>Marbella C<\/strong>asco Hist\u00f3rico<\/h3>\n\n\n\n<figure class=\"wp-caption aligncenter\">\n<picture><source width=\"1480\" srcset=\"https:\/\/media.inmobalia.com\/imgV1\/B98Le8~d7M9pwOKhCJcJLIfglZOtvyX13f98gUEkry2AXpxxwVVUW6beaB1CbHQXGOhTMxPEWoq2vSWoPxT0dWUFVpFov6NwmlNzq3qwzpnpHLdKCVvTJlkNmoNvb~EzIlcOTwymeG_FFt8Dir2TlpCZgS3jFOy1Vc3SmXK3Z5BIUM8IRIwH.png 1480w\" type=\"image\/webp\"><img decoding=\"async\" class=\"img-fluid \" width=\"1480\" src=\"https:\/\/media.inmobalia.com\/imgV1\/B98Le8~d7M9pwOKhCJcJLIN6jO1ByKD5uSZnq8Rqc8B6DMmmO7kOR4N0IvO6OvVh01P_J9~uLWOHBEWUQE3T~C5cLDWerHLR1PrO6NIclHXLyQ5pAxDD~ksaurP6tUuQ~GdhYz59oOzEgiGuVBDq31RaI8ki2R41Q8S~cvM341Q-.png\"><\/picture>\n<figcaption class=\"wp-caption-text\"><\/figcaption>\n<\/figure>\n\n\n\n<p>\"Yo vuelvo por mis alas, dejadme volver. Quiero morirme siendo, siendo amanecer\", de Federico Garcia Lorca, es una de las muchas citas literarias que podr\u00e1 encontrar en los rincones del Casco Hist\u00f3rico de Marbella.<\/p>\n\n\n\n<p>A solo <strong>10 minutos<\/strong>, el <strong>casco antiguo de Marbella<\/strong> ofrece un contraste perfecto con el glamour de Puerto Ban\u00fas. Aqu\u00ed, las calles empedradas, los patios andaluces llenos de flores y la hist\u00f3rica <strong>Plaza de los Naranjos<\/strong> crean un ambiente aut\u00e9ntico. Es el lugar ideal para descubrir <strong>restaurantes tradicionales, tiendas de artesan\u00eda y edificios hist\u00f3ricos<\/strong>, adem\u00e1s de disfrutar de una jornada de compras o un caf\u00e9 en alguna de sus terrazas con encanto.<\/p>\n\n\n\n<figure class=\"wp-caption aligncenter\">\n<picture><source width=\"1480\" srcset=\"https:\/\/media.inmobalia.com\/imgV1\/B98Le8~d7M9pwOKhCJcJLIfglZOtvyX13f98gUEkry2AXpxxwVVUW6beaB1CbHQXGOhTMxPEWoq2vSWoPxT0dWUFVpFov6NwmlNzq3qwzpnpHLdKCVvTJlkNmoNvb~EzIlcOTwymeG_FFt8Dir2TlpCZgS3jFOy1Vc3SmXK3Z5BIVv4_EpOr.png 1480w\" type=\"image\/webp\"><img decoding=\"async\" class=\"img-fluid \" width=\"1480\" src=\"https:\/\/media.inmobalia.com\/imgV1\/B98Le8~d7M9pwOKhCJcJLIN6jO1ByKD5uSZnq8Rqc8B6DMmmO7kOR4N0IvO6OvVh01P_J9~uLWOHBEWUQE3T~C5cLDWerHLR1PrO6NIclHXLyQ5pAxDD~ksaurP6tUuQ~GdhYz59oOzEgiGuVBDq31RaI8ki2R41Q8S5n2mJMlk-.png\"><\/picture>\n<figcaption class=\"wp-caption-text\"><\/figcaption>\n<\/figure>\n\n\n\n<h3 class=\"wp-block-heading\">Marbella Centro<\/h3>\n\n\n\n<figure class=\"wp-caption aligncenter\">\n<picture><source width=\"1480\" srcset=\"https:\/\/media.inmobalia.com\/imgV1\/B98Le8~d7M9pwOKhCJcJLIfglZOtvyX13f98gUEkry2AXpxxwVVUW6beaB1CbHQXGOhTMxPEWoq2vSWoPxT0dWUFVpFov6NwmlNzq3qwzpnpHLdKCVvTJgu8OuwkQA--.png 1480w\" type=\"image\/webp\"><img decoding=\"async\" class=\"img-fluid \" width=\"1480\" src=\"https:\/\/media.inmobalia.com\/imgV1\/B98Le8~d7M9pwOKhCJcJLIN6jO1ByKD5uSZnq8Rqc8B6DMmmO7kOR4N0IvO6OvVh01P_J9~uLWOHBEWUQE3T~C5cLDWerHLR1PrO6NIclHXLm2htrVbt.png\"><\/picture>\n<figcaption class=\"wp-caption-text\"><\/figcaption>\n<\/figure>\n\n\n\n<p>El centro de Marbella destaca como un punto de confluencia entre la tradici\u00f3n andaluza y el cosmopolitismo. Sus calles empedradas y edificios encalados contrastan con avenidas modernas y espaciosos parques urbanos. La <strong>playa de Venus<\/strong>, la <strong>playa de La Fontanilla<\/strong> y la <strong>playa de La Bajadilla,<\/strong> entre otras, bordean el centro, brindando variadas experiencias costeras. Es imprescindible mencionar el <strong>Puente Romano<\/strong>, vestigio hist\u00f3rico que evoca la rica historia de la ciudad.<\/p>\n\n\n\n<figure class=\"wp-caption aligncenter\">\n<picture><source width=\"1480\" srcset=\"https:\/\/media.inmobalia.com\/imgV1\/B98Le8~d7M9pwOKhCJcJLIfglZOtvyX13f98gUEkry2AXpxxwVVUW6beaB1CbHQXGOhTMxPEWoq2vSWoPxT0dWUFVpFov6NwmlNzq3qwzpnpHLdKCVvTJgu7S7o5fw--.png 1480w\" type=\"image\/webp\"><img decoding=\"async\" class=\"img-fluid \" width=\"1480\" src=\"https:\/\/media.inmobalia.com\/imgV1\/B98Le8~d7M9pwOKhCJcJLIN6jO1ByKD5uSZnq8Rqc8B6DMmmO7kOR4N0IvO6OvVh01P_J9~uLWOHBEWUQE3T~C5cLDWerHLR1PrO6NIclHXLm28PjC3N.png\"><\/picture>\n<figcaption class=\"wp-caption-text\"><\/figcaption>\n<\/figure>\n\n\n\n<h2 class=\"wp-block-heading\"><span class=\"ez-toc-section\" id=\"Nueva_Andalucia_El_lugar_para_construir_tu_siguiente_historia_%C2%BFTe_apuntas\"><\/span><br>Nueva Andaluc\u00eda: El lugar para construir tu siguiente historia, \u00bfTe apuntas?<span class=\"ez-toc-section-end\"><\/span><\/h2>\n\n\n\n<p>Un hogar donde criar a sus hijos, rodeado de algunos de los <strong>mejores colegios de Marbella<\/strong>, parques infantiles y zonas seguras para el disfrute en familia. <\/p>\n\n\n\n<p>Un lugar donde cada d\u00eda puede convertirse en una experiencia, ya sea con una <strong>cena sofisticada en restaurantes como Divot Gastro Grill<\/strong>, un <strong>c\u00f3ctel al atardecer en los exclusivos beach clubs<\/strong> de la zona, <strong>como Alabardero y \u00c1mmo Beach Club<\/strong> o simplemente relaj\u00e1ndose en una de sus <strong>tranquilas terrazas con vistas al mar<\/strong>. Aqu\u00ed, la calidad de vida se siente en cada rinc\u00f3n: <strong>Los Naranjos Golf Club<\/strong>, donde con cada swing, los problemas parecen desvanecerse con el horizonte del Mediterr\u00e1neo. Y si lo que busca es explorar, Nueva Andaluc\u00eda es el punto de partida perfecto para descubrir <strong>todo lo que Marbella y la Costa del Sol tienen por ofrecer<\/strong>.<\/p>\n\n\n\n<p>En <strong>Homewatch<\/strong>, queremos ser parte de esta experiencia, ofreci\u00e9ndole una amplia selecci\u00f3n de <strong>propiedades de alquiler y venta en Nueva Andaluc\u00eda: <\/strong>Vista Real, Los Pinos de Aloha, Urbanizaci\u00f3n Condes de Iza, Magna Marbella, Mimosa Beach\u2026 <\/p>\n\n\n\n<p>Porque, al igual que nosotros, sabemos que quien descubre <strong>Nueva Andaluc\u00eda,<\/strong> no tarda en llamarla hogar. \u00a1No hay mejor lugar para vivir, y sobre todo, para disfrutar de la vida en su mejor versi\u00f3n!<\/p>\n\n\n\t\t\t<section class=\"selection-wrapper mt-5 mt-lg-7 mt-xxl-10 wp-block-acf-propertyselection\">\n\t\t\t\t<div class=\"container-fluid max-width d-flex flex-column align-items-start align-items-lg-center\">\n\t\t\t\t\t<div class=\"col-xl-6 mb-4 mb-lg-5\">\n\t\t\t\t\t\t\t\t\t\t\t\t\t<h2 class=\"h1 text-md-center mb-4\"><span class=\"ez-toc-section\" id=\"Propiedades_en_alquiler_en_Nueva_Andalucia_Marbella_Todas_las_propiedades_en_alquiler_Marbella_Nueva_Andalucia\"><\/span>\n\t\t\t\t\t\t\t\t\t\t\t\t\t\t\t\t\t<span class=\"htitle\">Propiedades en alquiler en Nueva Andaluc\u00eda, Marbella<\/span>\n\t\t\t\t\t\t\t\t\t\t\t\t\t\t\t\tTodas las propiedades en alquiler \/ Marbella \/ Nueva Andaluc\u00eda\t\t\t\t\t\t\t<span class=\"ez-toc-section-end\"><\/span><\/h2>\n\t\t\t\t\t\t\t\t\t\t\t\t<p class=\"text-md-center mb-0 mx-auto\">Encontradas 9 propiedades en alquiler en Nueva andaluc\u00eda, Marbella<\/p>\n\t\t\t\t\t<\/div>\n\t\t\t\t\t<div id=\"cardsFancyCarousel\" class=\"offcanvas-carousel w-100 four-items\">\n\t\t\t\t\t\t<article class=\"f-carousel__slide card col position-relative flex-column\">\n\t<figure class=\"position-relative w-100 mb-2\">\n\t\t<a class=\"card-portfolio position-absolute\" data-pfl-id=\"694968\" data-pfl-filter=\"rent-short\" href=\"#\">\n\t\t\t<svg width=\"20\" fill=\"currentColor\" viewBox=\"0 0 512 512\">\n\t\t\t\t<use href=\"https:\/\/www.homewatch.es\/wp-content\/themes\/inmobasolidbase\/dist\/src\/images\/icons.svg#svgPortfolio\"\/>\n\t\t\t<\/svg>\n\t\t\t<svg class=\"d-none\" width=\"20\" fill=\"currentColor\" viewBox=\"0 0 512 512\">\n\t\t\t\t<use href=\"https:\/\/www.homewatch.es\/wp-content\/themes\/inmobasolidbase\/dist\/src\/images\/icons.svg#svgPortfolioIn\"\/>\n\t\t\t<\/svg>\n\t\t<\/a>\n\t\t<picture class=\"ratio ratio-4x3\"><source width=\"1310\" height=\"737\" srcset=\"https:\/\/media.inmobalia.com\/imgV1\/B8vEv5Xh_V7LwqmA7MsEzyiu2rJZnyi1cQR2VJg~6f4Oh1Du4KAGTYXDE8C4DRkPf1CBJ93oAaBEpqucynqp9NerpA3zG4FWyQuhQJbP4mLQ1u35fHU5~IWHURT9i2NiY5ChYxrJd7IXbnddIdE9VhGZJwydLGrJKRWQa8zSwM14Kptm5ar~CJisOHN0QMk-.jpg 1310w,https:\/\/media.inmobalia.com\/imgV1\/B8vEv5Xh_V7LwqmA7MRMuLIubsbpwUehA5MIxMy7ZJHKpJ9yGVL7f2Q27c9zxkVcn17l2blE6vQAMcv51R0g_I3I_0rjueeF~vtjAiir8ZZcYXble_2Z64~z1Tl0h0jHQlxMrEPktyOXCFLo6CwZnmw0Ml6lgn2oR56QEXZOKLtu90tkAMLgwDBAVEgxepo-.jpg 1310w,https:\/\/media.inmobalia.com\/imgV1\/B8vEv5Xh~9eLgpFkvD55S4O4_vRpfi7Zj~8WTFZMGThfizi~_Y~NgoiVzdN9MsuXYCpgHq7NOfhSSsV~~CvXOR8biNDSQCuIy3z~JafSwduxBEndespnQYPOGloQON4~nZQttRhWlyNB6nHsT6I8fBXkmdyezf52fB4~1HUqh~ILvksOD09lqSav_zuv3w--.jpg 774w\" type=\"image\/webp\"><img fetchpriority=\"high\" decoding=\"async\" class=\"image-fit\" alt=\"Villa 4 dormitorios con piscina privada, jard\u00edn y vistas al golf en Nueva Andaluc\u00eda. A minutos de Puerto Ban\u00fas. Homewatch 24\/7.\" width=\"1310\" height=\"737\" src=\"https:\/\/media.inmobalia.com\/imgV1\/B8vEv5Xh_V7LwqmA7MsE2MSoMmSw1ck4jNnQaUtOC3Ic4c8oEsneXQYFVCW9st5aU7DI8Vy1pS_AMSuStDIqCzlJ2qBHsZkxYWIuRW3ww_uRVlbkhxyMRdkkt2DF3HvBNTJIVHr4Ug5ngX9VXez4IWmV_oC1OEijx_7xxUc0jQ--.jpg\"><\/picture>\t\t\t<\/figure>\n\t<div class=\"h-100 d-flex flex-column\">\n\t\t<span class=\"d-block card-area\">\n\t\t\tNueva Andalucia\t\t<\/span>\n\t\t\n\n\t\t\t<div class=\"card-price d-flex flex-column\">\n\t\t<strong class=\"me-1\">Desde <span data-original-price=\"450\">450\u00a0\u20ac<\/span><span data-period> por dia <\/span><\/strong><strong class=\"me-1\"><span data-original-price=\"6500\">6.500\u00a0\u20ac<\/span><span data-period> montly rental (November-March)<\/span><\/strong>\t\t<\/div>\n\t\n\t\t<ul class=\"card-features list-unstyled d-flex flex-wrap align-items-center mb-0\">\n\t\t\t\t\t\t\t<li class=\"d-flex align-items-center me-3\">\n\t\t\t\t\t4 dormitorios\t\t\t\t<\/li>\n\t\t\t\t\t\t\t<li class=\"d-flex align-items-center me-3\">\n\t\t\t\t\t4 ba\u00f1os\t\t\t\t<\/li>\n\t\t\t\t\t\t\t<li class=\"d-flex align-items-center me-3\">\n\t\t\t\t\t295 m&sup2; construido\t\t\t\t<\/li>\n\t\t\t\t\t\t\t<li class=\"d-flex align-items-center me-3\">\n\t\t\t\t\t1000 m&sup2; parcela\t\t\t\t<\/li>\n\t\t\t\t\t<\/ul>\n\t\t<h4 class=\"card-title mb-0\">\n\t\t\t<a class=\"stretched-link\" href=\"\/alquiler\/nueva-andalucia\/villas-y-chalets\/249\">Villa 4 dormitorios con piscina privada, jard\u00edn y vistas al golf en Nueva Andaluc\u00eda. A minutos de Puerto Ban\u00fas. Homewatch 24\/7.<\/a>\n\t\t<\/h4>\n\t\t\t<\/div>\n<\/article>\t\t\t\t\t\t<article class=\"f-carousel__slide card col position-relative flex-column\">\n\t<figure class=\"position-relative w-100 mb-2\">\n\t\t<a class=\"card-portfolio position-absolute\" data-pfl-id=\"657602\" data-pfl-filter=\"rent-short\" href=\"#\">\n\t\t\t<svg width=\"20\" fill=\"currentColor\" viewBox=\"0 0 512 512\">\n\t\t\t\t<use href=\"https:\/\/www.homewatch.es\/wp-content\/themes\/inmobasolidbase\/dist\/src\/images\/icons.svg#svgPortfolio\"\/>\n\t\t\t<\/svg>\n\t\t\t<svg class=\"d-none\" width=\"20\" fill=\"currentColor\" viewBox=\"0 0 512 512\">\n\t\t\t\t<use href=\"https:\/\/www.homewatch.es\/wp-content\/themes\/inmobasolidbase\/dist\/src\/images\/icons.svg#svgPortfolioIn\"\/>\n\t\t\t<\/svg>\n\t\t<\/a>\n\t\t<picture class=\"ratio ratio-4x3\"><source width=\"1920\" height=\"1080\" srcset=\"https:\/\/media.inmobalia.com\/imgV1\/B8vEv5Xh_VThvnEqMx4G0YtA8lAADdw1sBC5uN5pSX6~ImMWYg0nYa_EPSP~fBpYtvgHs5QKecPwE1~j5DU_pylbu6cBdu0PgVunDxnkMoeY79Gll7Nv5AHhYwCGots7LHLh3gLnoLABqUVhVjw9AxYOlCVN0o4kvvdgH9GO6zN9uyIN3Wg3iTofqy~XYeW1.jpg 1920w,https:\/\/media.inmobalia.com\/imgV1\/B8vEv5Xh_Vjzl4qKP9bJW21eHCmW9PWrQV6IDk9EjA79dASSMmDBrXf04FgH6wp0ylU42MWPePEey7rkY1j3kMIGs3YrRSP6UhHPWG1enKzuplcdy8f~NYm7bTbKkeM5EmP5XIh0SzLedk_dmuu6UhFDziBEGWBa7kSt6Q~S0jK0adUc5jJAzgoUHzdddvQ-.jpg 1580w,https:\/\/media.inmobalia.com\/imgV1\/B8vEv5Xh~9eLgpFkvD55S4O4_vRpfi7Zj~8WTFZMGThfizi~_Y~NgoiVzdN9MsuXYCpgHq7NOfhSSsV~~CvXOR8biNDSQCuIy3z~JafSwduxBEndespnQYPOGloQON4~nZWk1S8PfeO1RWSbs83PqNjsDjqa4YWGUGN~5iY5a3lkeudZPWb2DYR9kQDU0A--.jpg 774w\" type=\"image\/webp\"><img decoding=\"async\" class=\"image-fit\" alt=\"Exclusivo \u00e1tico d\u00faplex EN VENTA con gran terraza privada y vistas panor\u00e1micas al mar, en Vista Real, Nueva Andaluc\u00eda\" width=\"1920\" height=\"1080\" src=\"https:\/\/media.inmobalia.com\/imgV1\/B8vEv5Xh_VThvnEqMx4G0ZxU~~H0Ar_8Bn_AfAx~4dnt796zQ9QIPwzdr9PkzIdRpbeOYktBAPFfTt23HPhndt5b7cRr2vg76pmKvptCGz41lr5kQABDDfaOJLwLMMYriQOxQ9MkvWDGcBdsLAVogVVyWrVK0GNmyZwMDNIEtEc-.jpg\"><\/picture>\t\t\t<\/figure>\n\t<div class=\"h-100 d-flex flex-column\">\n\t\t<span class=\"d-block card-area\">\n\t\t\tNueva Andalucia\t\t<\/span>\n\t\t\n\n\t\t\t<div class=\"card-price d-flex flex-column\">\n\t\tPrecio en la Solicitud\t\t<\/div>\n\t\n\t\t<ul class=\"card-features list-unstyled d-flex flex-wrap align-items-center mb-0\">\n\t\t\t\t\t\t\t<li class=\"d-flex align-items-center me-3\">\n\t\t\t\t\t3 dormitorios\t\t\t\t<\/li>\n\t\t\t\t\t\t\t<li class=\"d-flex align-items-center me-3\">\n\t\t\t\t\t2 ba\u00f1os\t\t\t\t<\/li>\n\t\t\t\t\t\t\t<li class=\"d-flex align-items-center me-3\">\n\t\t\t\t\t259 m&sup2; construido\t\t\t\t<\/li>\n\t\t\t\t\t<\/ul>\n\t\t<h4 class=\"card-title mb-0\">\n\t\t\t<a class=\"stretched-link\" href=\"\/alquiler\/vista-real\/aticos\/HW428\">Exclusivo \u00e1tico d\u00faplex EN VENTA con gran terraza privada y vistas panor\u00e1micas al mar, en Vista Real, Nueva Andaluc\u00eda<\/a>\n\t\t<\/h4>\n\t\t\t<\/div>\n<\/article>\t\t\t\t\t\t<article class=\"f-carousel__slide card col position-relative flex-column\">\n\t<figure class=\"position-relative w-100 mb-2\">\n\t\t<a class=\"card-portfolio position-absolute\" data-pfl-id=\"622539\" data-pfl-filter=\"rent-short\" href=\"#\">\n\t\t\t<svg width=\"20\" fill=\"currentColor\" viewBox=\"0 0 512 512\">\n\t\t\t\t<use href=\"https:\/\/www.homewatch.es\/wp-content\/themes\/inmobasolidbase\/dist\/src\/images\/icons.svg#svgPortfolio\"\/>\n\t\t\t<\/svg>\n\t\t\t<svg class=\"d-none\" width=\"20\" fill=\"currentColor\" viewBox=\"0 0 512 512\">\n\t\t\t\t<use href=\"https:\/\/www.homewatch.es\/wp-content\/themes\/inmobasolidbase\/dist\/src\/images\/icons.svg#svgPortfolioIn\"\/>\n\t\t\t<\/svg>\n\t\t<\/a>\n\t\t<picture class=\"ratio ratio-4x3\"><source width=\"1920\" height=\"1080\" srcset=\"https:\/\/media.inmobalia.com\/imgV1\/B8vEv5Xh_VThvnEqMx4G0YtA8lAADdw1sBC5uN5pSX6~ImMWYg0nYa_EPSP~fBpYtvgHs5QKecPwE1~j5DU_pylbu6cBdu0PgVunDxnkMoeY79Gll7Nv5AHhYwCGots7LHLh3gF7miFPH7gl8_dj1U561s~RGpuMtzMAur8hhXaSTkJVrzSDHF7T5i7kHR0N.jpg 1920w,https:\/\/media.inmobalia.com\/imgV1\/B8vEv5Xh_Vjzl4qKP9bJW21eHCmW9PWrQV6IDk9EjA79dASSMmDBrXf04FgH6wp0ylU42MWPePEey7rkY1j3kMIGs3YrRSP6UhHPWG1enKzuplcdy8f~NYm7bTbKkeM5EmP5X4YoABNq6mpWQPz3a2kLHpwqGmQhov_QrU1jJeEP1s2QJMKLzNce3vgNcWo-.jpg 1580w,https:\/\/media.inmobalia.com\/imgV1\/B8vEv5Xh~9eLgpFkvD55S4O4_vRpfi7Zj~8WTFZMGThfizi~_Y~NgoiVzdN9MsuXYCpgHq7NOfhSSsV~~CvXOR8biNDSQCuIy3z~JafSwduxBEndespnQYPOGloQON4~nZWnI1WkpxHiYSm4nlIOMXikfAh6D5YAFcNmDKRK0BfE3vo65~aIVXAolI2cXw--.jpg 774w\" type=\"image\/webp\"><img decoding=\"async\" class=\"image-fit\" alt=\"Apartamento vacacional moderno de 2 dormitorios Nueva Andalucia con terraza privada y piscina\" width=\"1920\" height=\"1080\" src=\"https:\/\/media.inmobalia.com\/imgV1\/B8vEv5Xh_VThvnEqMx4G0ZxU~~H0Ar_8Bn_AfAx~4dnt796zQ9QIPwzdr9PkzIdRpbeOYktBAPFfTt23HPhndt5b7cRr2vg76pmKvptCGz41lr5kQ1Kfz~O~bUnNoXnkB8oxwQvhL7HJQoNgnPOw90iZ3LmGmUO~rMDzZmYw~wU-.jpg\"><\/picture>\t\t\t<\/figure>\n\t<div class=\"h-100 d-flex flex-column\">\n\t\t<span class=\"d-block card-area\">\n\t\t\tNueva Andalucia\t\t<\/span>\n\t\t\n\n\t\t\t<div class=\"card-price d-flex flex-column\">\n\t\t<strong class=\"me-1\">Desde <span data-original-price=\"165\">165\u00a0\u20ac<\/span><span data-period> por dia <\/span><\/strong>\t\t<\/div>\n\t\n\t\t<ul class=\"card-features list-unstyled d-flex flex-wrap align-items-center mb-0\">\n\t\t\t\t\t\t\t<li class=\"d-flex align-items-center me-3\">\n\t\t\t\t\t2 dormitorios\t\t\t\t<\/li>\n\t\t\t\t\t\t\t<li class=\"d-flex align-items-center me-3\">\n\t\t\t\t\t2 ba\u00f1os\t\t\t\t<\/li>\n\t\t\t\t\t\t\t<li class=\"d-flex align-items-center me-3\">\n\t\t\t\t\t164 m&sup2; construido\t\t\t\t<\/li>\n\t\t\t\t\t<\/ul>\n\t\t<h4 class=\"card-title mb-0\">\n\t\t\t<a class=\"stretched-link\" href=\"\/alquiler\/alminar-de-marbella\/apartamentos-y-pisos\/241\">Apartamento vacacional moderno de 2 dormitorios Nueva Andalucia con terraza privada y piscina<\/a>\n\t\t<\/h4>\n\t\t\t<\/div>\n<\/article>\t\t\t\t\t\t<article class=\"f-carousel__slide card col position-relative flex-column\">\n\t<figure class=\"position-relative w-100 mb-2\">\n\t\t<a class=\"card-portfolio position-absolute\" data-pfl-id=\"599531\" data-pfl-filter=\"rent-short\" href=\"#\">\n\t\t\t<svg width=\"20\" fill=\"currentColor\" viewBox=\"0 0 512 512\">\n\t\t\t\t<use href=\"https:\/\/www.homewatch.es\/wp-content\/themes\/inmobasolidbase\/dist\/src\/images\/icons.svg#svgPortfolio\"\/>\n\t\t\t<\/svg>\n\t\t\t<svg class=\"d-none\" width=\"20\" fill=\"currentColor\" viewBox=\"0 0 512 512\">\n\t\t\t\t<use href=\"https:\/\/www.homewatch.es\/wp-content\/themes\/inmobasolidbase\/dist\/src\/images\/icons.svg#svgPortfolioIn\"\/>\n\t\t\t<\/svg>\n\t\t<\/a>\n\t\t<picture class=\"ratio ratio-4x3\"><source width=\"1920\" height=\"1080\" srcset=\"https:\/\/media.inmobalia.com\/imgV1\/B8vEv5Xh_VThvnEqMx4G0YtA8lAADdw1sBC5uN5pSX6~ImMWYg0nYa_EPSP~fBpYtvgHs5QKecPwE1~j5DU_pylbu6cBdu0PgVunDxnkMoeY79Gll7Nv5AHhYwCGots7LHLh3gczFcXAgmhR4Uf6V6WxyZIL26xs_CNm4tzuitsgQzZ1ZnQTxlAdtIQxfFlT.jpg 1920w,https:\/\/media.inmobalia.com\/imgV1\/B8vEv5Xh_Vjzl4qKP9bJW21eHCmW9PWrQV6IDk9EjA79dASSMmDBrXf04FgH6wp0ylU42MWPePEey7rkY1j3kMIGs3YrRSP6UhHPWG1enKzuplcdy8f~NYm7bTbKkeM5EmP5WdCKlgHLZULWcVCyql2qSTZI0~uhTh8siq8Z21CPX9sTI1R70ZridqQ1N_E-.jpg 1580w,https:\/\/media.inmobalia.com\/imgV1\/B8vEv5Xh~9eLgpFkvD55S4O4_vRpfi7Zj~8WTFZMGThfizi~_Y~NgoiVzdN9MsuXYCpgHq7NOfhSSsV~~CvXOR8biNDSQCuIy3z~JafSwduxBEndespnQYPOGloQON4~nZWh6t5wa5pQBYvCCNV0dFcqP1GgpKORrr5BYveYix1FPBgXrqrE1aEIEntZ5w--.jpg 774w\" type=\"image\/webp\"><img loading=\"lazy\" decoding=\"async\" class=\"image-fit\" alt=\"Apartamento de lujo de 2 dormitorios Nueva Andaluc\u00eda con jard\u00edn privado y piscina comunitaria\" width=\"1920\" height=\"1080\" src=\"https:\/\/media.inmobalia.com\/imgV1\/B8vEv5Xh_VThvnEqMx4G0ZxU~~H0Ar_8Bn_AfAx~4dnt796zQ9QIPwzdr9PkzIdRpbeOYktBAPFfTt23HPhndt5b7cRr2vg76pmKvptCGz41lr5kRfhKqKt6a~g9Sy1nMAEtBAN3hMOaUwBgwtvbTnGXsuUbTWTOXvPV6cnYNt4-.jpg\"><\/picture>\t\t\t<\/figure>\n\t<div class=\"h-100 d-flex flex-column\">\n\t\t<span class=\"d-block card-area\">\n\t\t\tNueva Andalucia\t\t<\/span>\n\t\t\n\n\t\t\t<div class=\"card-price d-flex flex-column\">\n\t\t<strong class=\"me-1\">Desde <span data-original-price=\"90\">90\u00a0\u20ac<\/span><span data-period> por dia <\/span><\/strong><strong class=\"me-1\"><span data-original-price=\"3500\">3.500\u00a0\u20ac<\/span><span data-period> montly rental (November-March)<\/span><\/strong>\t\t<\/div>\n\t\n\t\t<ul class=\"card-features list-unstyled d-flex flex-wrap align-items-center mb-0\">\n\t\t\t\t\t\t\t<li class=\"d-flex align-items-center me-3\">\n\t\t\t\t\t2 dormitorios\t\t\t\t<\/li>\n\t\t\t\t\t\t\t<li class=\"d-flex align-items-center me-3\">\n\t\t\t\t\t2 ba\u00f1os\t\t\t\t<\/li>\n\t\t\t\t\t\t\t<li class=\"d-flex align-items-center me-3\">\n\t\t\t\t\t96 m&sup2; construido\t\t\t\t<\/li>\n\t\t\t\t\t\t\t<li class=\"d-flex align-items-center me-3\">\n\t\t\t\t\t64 m&sup2; parcela\t\t\t\t<\/li>\n\t\t\t\t\t<\/ul>\n\t\t<h4 class=\"card-title mb-0\">\n\t\t\t<a class=\"stretched-link\" href=\"\/alquiler\/los-pinos-de-aloha\/apartamentos-planta-baja\/228\">Apartamento de lujo de 2 dormitorios Nueva Andaluc\u00eda con jard\u00edn privado y piscina comunitaria<\/a>\n\t\t<\/h4>\n\t\t\t<\/div>\n<\/article>\t\t\t\t\t\t<article class=\"f-carousel__slide card col position-relative flex-column\">\n\t<figure class=\"position-relative w-100 mb-2\">\n\t\t<a class=\"card-portfolio position-absolute\" data-pfl-id=\"538229\" data-pfl-filter=\"rent-short\" href=\"#\">\n\t\t\t<svg width=\"20\" fill=\"currentColor\" viewBox=\"0 0 512 512\">\n\t\t\t\t<use href=\"https:\/\/www.homewatch.es\/wp-content\/themes\/inmobasolidbase\/dist\/src\/images\/icons.svg#svgPortfolio\"\/>\n\t\t\t<\/svg>\n\t\t\t<svg class=\"d-none\" width=\"20\" fill=\"currentColor\" viewBox=\"0 0 512 512\">\n\t\t\t\t<use href=\"https:\/\/www.homewatch.es\/wp-content\/themes\/inmobasolidbase\/dist\/src\/images\/icons.svg#svgPortfolioIn\"\/>\n\t\t\t<\/svg>\n\t\t<\/a>\n\t\t<picture class=\"ratio ratio-4x3\"><source width=\"1920\" height=\"1080\" srcset=\"https:\/\/media.inmobalia.com\/imgV1\/B8vEv5Xh_VThvnEqMx4G0YtA8lAADdw1sBC5uN5pSX6~ImMWYg0nYa_EPSP~fBpYtvgHs5QKecPwE1~j5DU_pylbu6cBdu0PgVunDxnkMoeY79Gll7Nv5AHhYwCGots7LHLh2Ub6wWZ2XgOve5f2P41IUAeArgcPPuoGhqKgq3LyiPzAV9XRkxCBPsiz~HJg.jpg 1920w,https:\/\/media.inmobalia.com\/imgV1\/B8vEv5Xh_Vjzl4qKP9bJW21eHCmW9PWrQV6IDk9EjA79dASSMmDBrXf04FgH6wp0ylU42MWPePEey7rkY1j3kMIGs3YrRSP6UhHPWG1enKzuplcdy8f~NYm7bTbKkeM5EmP_j~_RxUprBBQ5TZ20T8TvOpAwKpO32fnR6HzIDgLJuCTIZtH38fQR3GX2V0o-.jpg 1580w,https:\/\/media.inmobalia.com\/imgV1\/B8vEv5Xh~9eLgpFkvD55S4O4_vRpfi7Zj~8WTFZMGThfizi~_Y~NgoiVzdN9MsuXYCpgHq7NOfhSSsV~~CvXOR8biNDSQCuIy3z~JafSwduxBEndespnQYPOGloQON4~nZJ~I6yPZTsBhR33h~ZaMDmg6Gf4Zlvwe8N9~69Qewhkvj4iwM5dZCo92L13qQ--.jpg 774w\" type=\"image\/webp\"><img loading=\"lazy\" decoding=\"async\" class=\"image-fit\" alt=\"Moderno apartamento vacacional 3 dormitorios Marbella cerca golf y Puerto Ban\u00fas\" width=\"1920\" height=\"1080\" src=\"https:\/\/media.inmobalia.com\/imgV1\/B8vEv5Xh_VThvnEqMx4G0ZxU~~H0Ar_8Bn_AfAx~4dnt796zQ9QIPwzdr9PkzIdRpbeOYktBAPFfTt23HPhndt5b7cRr2vg76pmKvptCGz41lr5j8fG7b_9P0JiqWj3rS43xIoMjCPZR9gyXVykDKtzZhyjcBwHxeND6CECpTkQ-.jpg\"><\/picture>\t\t\t<\/figure>\n\t<div class=\"h-100 d-flex flex-column\">\n\t\t<span class=\"d-block card-area\">\n\t\t\tNueva Andalucia\t\t<\/span>\n\t\t\n\n\t\t\t<div class=\"card-price d-flex flex-column\">\n\t\t<strong class=\"me-1\">Desde <span data-original-price=\"150\">150\u00a0\u20ac<\/span><span data-period> por dia <\/span><\/strong><strong class=\"me-1\"><span data-original-price=\"3000\">3.000\u00a0\u20ac<\/span><span data-period> montly rental (November-March)<\/span><\/strong>\t\t<\/div>\n\t\n\t\t<ul class=\"card-features list-unstyled d-flex flex-wrap align-items-center mb-0\">\n\t\t\t\t\t\t\t<li class=\"d-flex align-items-center me-3\">\n\t\t\t\t\t3 dormitorios\t\t\t\t<\/li>\n\t\t\t\t\t\t\t<li class=\"d-flex align-items-center me-3\">\n\t\t\t\t\t2 ba\u00f1os\t\t\t\t<\/li>\n\t\t\t\t\t\t\t<li class=\"d-flex align-items-center me-3\">\n\t\t\t\t\t100 m&sup2; construido\t\t\t\t<\/li>\n\t\t\t\t\t<\/ul>\n\t\t<h4 class=\"card-title mb-0\">\n\t\t\t<a class=\"stretched-link\" href=\"\/alquiler\/los-naranjos-de-marbella\/apartamentos-planta-baja\/168\">Moderno apartamento vacacional 3 dormitorios Marbella cerca golf y Puerto Ban\u00fas<\/a>\n\t\t<\/h4>\n\t\t\t<\/div>\n<\/article>\t\t\t\t\t\t<article class=\"f-carousel__slide card col position-relative flex-column\">\n\t<figure class=\"position-relative w-100 mb-2\">\n\t\t<a class=\"card-portfolio position-absolute\" data-pfl-id=\"430605\" data-pfl-filter=\"rent-short\" href=\"#\">\n\t\t\t<svg width=\"20\" fill=\"currentColor\" viewBox=\"0 0 512 512\">\n\t\t\t\t<use href=\"https:\/\/www.homewatch.es\/wp-content\/themes\/inmobasolidbase\/dist\/src\/images\/icons.svg#svgPortfolio\"\/>\n\t\t\t<\/svg>\n\t\t\t<svg class=\"d-none\" width=\"20\" fill=\"currentColor\" viewBox=\"0 0 512 512\">\n\t\t\t\t<use href=\"https:\/\/www.homewatch.es\/wp-content\/themes\/inmobasolidbase\/dist\/src\/images\/icons.svg#svgPortfolioIn\"\/>\n\t\t\t<\/svg>\n\t\t<\/a>\n\t\t<picture class=\"ratio ratio-4x3\"><source width=\"1920\" height=\"1080\" srcset=\"https:\/\/media.inmobalia.com\/imgV1\/B8vEv5Xh_VThvnEqMx4G0YtA8lAADdw1sBC5uN5pSX6~ImMWYg0nYa_EPSP~fBpYtvgHs5QKecPwE1~j5DU_pylbu6cBdu0PgVunDxnkMoeY79Gll7Nv5AHhYwCGots7LHLh2U0Y2N_gKSujy9DaU~hmPs1EV8NeM1VWPGEXnSCzz59xNLcCJ1NqCPLVr3PN.jpg 1920w,https:\/\/media.inmobalia.com\/imgV1\/B8vEv5Xh_Vjzl4qKP9bJW21eHCmW9PWrQV6IDk9EjA79dASSMmDBrXf04FgH6wp0ylU42MWPePEey7rkY1j3kMIGs3YrRSP6UhHPWG1enKzuplcdy8f~NYm7bTbKkeM5EmP_hI~d5uDx0q4a0bdise12AF~I0~xpERV2PbziL~o2RHiaUCt5QFuc7jZeFfE-.jpg 1580w,https:\/\/media.inmobalia.com\/imgV1\/B8vEv5Xh~9eLgpFkvD55S4O4_vRpfi7Zj~8WTFZMGThfizi~_Y~NgoiVzdN9MsuXYCpgHq7NOfhSSsV~~CvXOR8biNDSQCuIy3z~JafSwduxBEndespnQYPOGloQON4~nZJ0NrIDu9FklqDhqVn~8Wns8Znf1kGLjc7fC6cfb6DwRY~Dxtf~GvjX9ATeYA--.jpg 774w\" type=\"image\/webp\"><img loading=\"lazy\" decoding=\"async\" class=\"image-fit\" alt=\"Apartamento vacacional moderno de 2 dormitorios en Cancelada, Costa del Sol con piscina\" width=\"1920\" height=\"1080\" src=\"https:\/\/media.inmobalia.com\/imgV1\/B8vEv5Xh_VThvnEqMx4G0ZxU~~H0Ar_8Bn_AfAx~4dnt796zQ9QIPwzdr9PkzIdRpbeOYktBAPFfTt23HPhndt5b7cRr2vg76pmKvptCGz41lr5j_urLEDAqsaJuGz4qfivEX6ym11w3kv6OBjXiJq3KkjdDFDwW0RYSZppOlyE-.jpg\"><\/picture>\t\t\t<\/figure>\n\t<div class=\"h-100 d-flex flex-column\">\n\t\t<span class=\"d-block card-area\">\n\t\t\tNueva Andalucia\t\t<\/span>\n\t\t\n\n\t\t\t<div class=\"card-price d-flex flex-column\">\n\t\t<strong class=\"me-1\">Desde <span data-original-price=\"2500\">2.500\u00a0\u20ac<\/span><span data-period> por mes <\/span><\/strong><strong class=\"me-1\"><span data-original-price=\"1650\">1.650\u00a0\u20ac<\/span><span data-period> montly rental (November-March)<\/span><\/strong>\t\t<\/div>\n\t\n\t\t<ul class=\"card-features list-unstyled d-flex flex-wrap align-items-center mb-0\">\n\t\t\t\t\t\t\t<li class=\"d-flex align-items-center me-3\">\n\t\t\t\t\t2 dormitorios\t\t\t\t<\/li>\n\t\t\t\t\t\t\t<li class=\"d-flex align-items-center me-3\">\n\t\t\t\t\t2 ba\u00f1os\t\t\t\t<\/li>\n\t\t\t\t\t\t\t<li class=\"d-flex align-items-center me-3\">\n\t\t\t\t\t88 m&sup2; construido\t\t\t\t<\/li>\n\t\t\t\t\t<\/ul>\n\t\t<h4 class=\"card-title mb-0\">\n\t\t\t<a class=\"stretched-link\" href=\"\/alquiler\/la-campana\/apartamentos-y-pisos\/245\">Apartamento vacacional moderno de 2 dormitorios en Cancelada, Costa del Sol con piscina<\/a>\n\t\t<\/h4>\n\t\t\t<\/div>\n<\/article>\t\t\t\t\t\t<article class=\"f-carousel__slide card col position-relative flex-column\">\n\t<figure class=\"position-relative w-100 mb-2\">\n\t\t<a class=\"card-portfolio position-absolute\" data-pfl-id=\"397781\" data-pfl-filter=\"rent-short\" href=\"#\">\n\t\t\t<svg width=\"20\" fill=\"currentColor\" viewBox=\"0 0 512 512\">\n\t\t\t\t<use href=\"https:\/\/www.homewatch.es\/wp-content\/themes\/inmobasolidbase\/dist\/src\/images\/icons.svg#svgPortfolio\"\/>\n\t\t\t<\/svg>\n\t\t\t<svg class=\"d-none\" width=\"20\" fill=\"currentColor\" viewBox=\"0 0 512 512\">\n\t\t\t\t<use href=\"https:\/\/www.homewatch.es\/wp-content\/themes\/inmobasolidbase\/dist\/src\/images\/icons.svg#svgPortfolioIn\"\/>\n\t\t\t<\/svg>\n\t\t<\/a>\n\t\t<picture class=\"ratio ratio-4x3\"><source width=\"1920\" height=\"1080\" srcset=\"https:\/\/media.inmobalia.com\/imgV1\/B8vEv5Xh_VThvnEqMx4G0YtA8lAADdw1sBC5uN5pSX6~ImMWYg0nYa_EPSP~fBpYtvgHs5QKecPwE1~j5DU_pylbu6cBdu0PgVunDxnkMoeY79Gll7Nv5AHhYwCGots7LHLh2U9XayB1939lW6sZisXKZQXKtcOLqu4a~mHvWZACz6BY93_FHHLcfCbFUP_V.jpg 1920w,https:\/\/media.inmobalia.com\/imgV1\/B8vEv5Xh_Vjzl4qKP9bJW21eHCmW9PWrQV6IDk9EjA79dASSMmDBrXf04FgH6wp0ylU42MWPePEey7rkY1j3kMIGs3YrRSP6UhHPWG1enKzuplcdy8f~NYm7bTbKkeM5EmP_ht0Uly3wBJFm7Nd9xhVR~6xf9J2FVmWc0IPVO5TpJ84HSi3kZzXkOQ8T_6g-.jpg 1580w,https:\/\/media.inmobalia.com\/imgV1\/B8vEv5Xh~9eLgpFkvD55S4O4_vRpfi7Zj~8WTFZMGThfizi~_Y~NgoiVzdN9MsuXYCpgHq7NOfhSSsV~~CvXOR8biNDSQCuIy3z~JafSwduxBEndespnQYPOGloQON4~nZJ2O7q6nG2IZ_~yPoSVlIgm34v90YUKtBr5Fqijc1uTe4MZq294W_OKFor33g--.jpg 774w\" type=\"image\/webp\"><img loading=\"lazy\" decoding=\"async\" class=\"image-fit\" alt=\"\u00c1tico de 3 dormitorios con vistas al mar en Nueva Andaluc\u00eda, Marbella\" width=\"1920\" height=\"1080\" src=\"https:\/\/media.inmobalia.com\/imgV1\/B8vEv5Xh_VThvnEqMx4G0ZxU~~H0Ar_8Bn_AfAx~4dnt796zQ9QIPwzdr9PkzIdRpbeOYktBAPFfTt23HPhndt5b7cRr2vg76pmKvptCGz41lr5j_Py2NZbj2EMfCFdEAyZ4sVkQk8YZrP4FlvcwAxRVw5u2Z9dYxWkl8ytjnVQ-.jpg\"><\/picture>\t\t\t<\/figure>\n\t<div class=\"h-100 d-flex flex-column\">\n\t\t<span class=\"d-block card-area\">\n\t\t\tNueva Andalucia\t\t<\/span>\n\t\t\n\n\t\t\t<div class=\"card-price d-flex flex-column\">\n\t\t<strong class=\"me-1\">Desde <span data-original-price=\"98\">98\u00a0\u20ac<\/span><span data-period> por dia <\/span><\/strong><strong class=\"me-1\"><span data-original-price=\"2950\">2.950\u00a0\u20ac<\/span><span data-period> montly rental (November-March)<\/span><\/strong>\t\t<\/div>\n\t\n\t\t<ul class=\"card-features list-unstyled d-flex flex-wrap align-items-center mb-0\">\n\t\t\t\t\t\t\t<li class=\"d-flex align-items-center me-3\">\n\t\t\t\t\t3 dormitorios\t\t\t\t<\/li>\n\t\t\t\t\t\t\t<li class=\"d-flex align-items-center me-3\">\n\t\t\t\t\t3 ba\u00f1os\t\t\t\t<\/li>\n\t\t\t\t\t\t\t<li class=\"d-flex align-items-center me-3\">\n\t\t\t\t\t160 m&sup2; construido\t\t\t\t<\/li>\n\t\t\t\t\t<\/ul>\n\t\t<h4 class=\"card-title mb-0\">\n\t\t\t<a class=\"stretched-link\" href=\"\/alquiler\/vista-real\/aticos\/90\">\u00c1tico de 3 dormitorios con vistas al mar en Nueva Andaluc\u00eda, Marbella<\/a>\n\t\t<\/h4>\n\t\t\t<\/div>\n<\/article>\t\t\t\t\t\t<article class=\"f-carousel__slide card col position-relative flex-column\">\n\t<figure class=\"position-relative w-100 mb-2\">\n\t\t<a class=\"card-portfolio position-absolute\" data-pfl-id=\"395896\" data-pfl-filter=\"rent-short\" href=\"#\">\n\t\t\t<svg width=\"20\" fill=\"currentColor\" viewBox=\"0 0 512 512\">\n\t\t\t\t<use href=\"https:\/\/www.homewatch.es\/wp-content\/themes\/inmobasolidbase\/dist\/src\/images\/icons.svg#svgPortfolio\"\/>\n\t\t\t<\/svg>\n\t\t\t<svg class=\"d-none\" width=\"20\" fill=\"currentColor\" viewBox=\"0 0 512 512\">\n\t\t\t\t<use href=\"https:\/\/www.homewatch.es\/wp-content\/themes\/inmobasolidbase\/dist\/src\/images\/icons.svg#svgPortfolioIn\"\/>\n\t\t\t<\/svg>\n\t\t<\/a>\n\t\t<picture class=\"ratio ratio-4x3\"><source width=\"1920\" height=\"1080\" srcset=\"https:\/\/media.inmobalia.com\/imgV1\/B8vEv5Xh_VThvnEqMx4G0YtA8lAADdw1sBC5uN5pSX6~ImMWYg0nYa_EPSP~fBpYtvgHs5QKecPwE1~j5DU_pylbu6cBdu0PgVunDxnkMoeY79Gll7Nv5AHhYwCGots7LHLh2U9WMuhRk1R7xtx0vkSweDJBiIRYzWIKjz4GyD~QjU1KVpZNq7kz9n58bE3s.jpg 1920w,https:\/\/media.inmobalia.com\/imgV1\/B8vEv5Xh_Vjzl4qKP9bJW21eHCmW9PWrQV6IDk9EjA79dASSMmDBrXf04FgH6wp0ylU42MWPePEey7rkY1j3kMIGs3YrRSP6UhHPWG1enKzuplcdy8f~NYm7bTbKkeM5EmP_htyuVLc7x423SVRWe0oVrZWBDVgda4UJsk5W2Qv7FPsxdXDP48jEaZWSELo-.jpg 1580w,https:\/\/media.inmobalia.com\/imgV1\/B8vEv5Xh~9eLgpFkvD55S4O4_vRpfi7Zj~8WTFZMGThfizi~_Y~NgoiVzdN9MsuXYCpgHq7NOfhSSsV~~CvXOR8biNDSQCuIy3z~JafSwduxBEndespnQYPOGloQON4~nZJ2On5sauvIAUeWLLpv48YIvdolBVUpgHrsUsPfIVVPJEbVLWoS6ZDqkvfAYw--.jpg 774w\" type=\"image\/webp\"><img loading=\"lazy\" decoding=\"async\" class=\"image-fit\" alt=\"Casa adosada de 3 dormitorios con vistas al mar en Sotogrande Costa del Sol\" width=\"1920\" height=\"1080\" src=\"https:\/\/media.inmobalia.com\/imgV1\/B8vEv5Xh_VThvnEqMx4G0ZxU~~H0Ar_8Bn_AfAx~4dnt796zQ9QIPwzdr9PkzIdRpbeOYktBAPFfTt23HPhndt5b7cRr2vg76pmKvptCGz41lr5j_P0Mc3rluvRm5bvOSvSQHutHsIgHL72sC~WP9KPaH8GLsmje2jNjSyViNSc-.jpg\"><\/picture>\t\t\t<\/figure>\n\t<div class=\"h-100 d-flex flex-column\">\n\t\t<span class=\"d-block card-area\">\n\t\t\tNueva Andalucia\t\t<\/span>\n\t\t\n\n\t\t\t<div class=\"card-price d-flex flex-column\">\n\t\t<strong class=\"me-1\">Desde <span data-original-price=\"105\">105\u00a0\u20ac<\/span><span data-period> por dia <\/span><\/strong><strong class=\"me-1\"><span data-original-price=\"3100\">3.100\u00a0\u20ac<\/span><span data-period> montly rental (November-March)<\/span><\/strong>\t\t<\/div>\n\t\n\t\t<ul class=\"card-features list-unstyled d-flex flex-wrap align-items-center mb-0\">\n\t\t\t\t\t\t\t<li class=\"d-flex align-items-center me-3\">\n\t\t\t\t\t3 dormitorios\t\t\t\t<\/li>\n\t\t\t\t\t\t\t<li class=\"d-flex align-items-center me-3\">\n\t\t\t\t\t2 ba\u00f1os\t\t\t\t<\/li>\n\t\t\t\t\t\t\t<li class=\"d-flex align-items-center me-3\">\n\t\t\t\t\t190 m&sup2; construido\t\t\t\t<\/li>\n\t\t\t\t\t<\/ul>\n\t\t<h4 class=\"card-title mb-0\">\n\t\t\t<a class=\"stretched-link\" href=\"\/alquiler\/vista-real\/aticos\/88\">Casa adosada de 3 dormitorios con vistas al mar en Sotogrande Costa del Sol<\/a>\n\t\t<\/h4>\n\t\t\t<\/div>\n<\/article>\t\t\t\t\t\t<article class=\"f-carousel__slide card col position-relative flex-column\">\n\t<figure class=\"position-relative w-100 mb-2\">\n\t\t<a class=\"card-portfolio position-absolute\" data-pfl-id=\"395881\" data-pfl-filter=\"rent-short\" href=\"#\">\n\t\t\t<svg width=\"20\" fill=\"currentColor\" viewBox=\"0 0 512 512\">\n\t\t\t\t<use href=\"https:\/\/www.homewatch.es\/wp-content\/themes\/inmobasolidbase\/dist\/src\/images\/icons.svg#svgPortfolio\"\/>\n\t\t\t<\/svg>\n\t\t\t<svg class=\"d-none\" width=\"20\" fill=\"currentColor\" viewBox=\"0 0 512 512\">\n\t\t\t\t<use href=\"https:\/\/www.homewatch.es\/wp-content\/themes\/inmobasolidbase\/dist\/src\/images\/icons.svg#svgPortfolioIn\"\/>\n\t\t\t<\/svg>\n\t\t<\/a>\n\t\t<picture class=\"ratio ratio-4x3\"><source width=\"1920\" height=\"1080\" srcset=\"https:\/\/media.inmobalia.com\/imgV1\/B8vEv5Xh_VThvnEqMx4G0YtA8lAADdw1sBC5uN5pSX6~ImMWYg0nYa_EPSP~fBpYtvgHs5QKecPwE1~j5DU_pylbu6cBdu0PgVunDxnkMoeY79Gll7Nv5AHhYwCGots7LHLh2U9RsKvX98oha1_jJ3lPH3nLM3djCqn66iRpee3HaORW~VkkLk0gr_mALOXB.jpg 1920w,https:\/\/media.inmobalia.com\/imgV1\/B8vEv5Xh_Vjzl4qKP9bJW21eHCmW9PWrQV6IDk9EjA79dASSMmDBrXf04FgH6wp0ylU42MWPePEey7rkY1j3kMIGs3YrRSP6UhHPWG1enKzuplcdy8f~NYm7bTbKkeM5EmP_htvrSwmB_Z6rPtK7mjGFZTHvreS1Zd0wlci2PG4qykec85lzhbjsPQK~_Ig-.jpg 1580w,https:\/\/media.inmobalia.com\/imgV1\/B8vEv5Xh~9eLgpFkvD55S4O4_vRpfi7Zj~8WTFZMGThfizi~_Y~NgoiVzdN9MsuXYCpgHq7NOfhSSsV~~CvXOR8biNDSQCuIy3z~JafSwduxBEndespnQYPOGloQON4~nZJ2PVX353b34DuUv7u_QqgWB8koF~mK6VaJ2QQ8aqrrvA~_9pRMhsFx67PrSA--.jpg 774w\" type=\"image\/webp\"><img loading=\"lazy\" decoding=\"async\" class=\"image-fit\" alt=\"Casa adosada de 3 dormitorios con vistas al mar en Sotogrande Costa del Sol\" width=\"1920\" height=\"1080\" src=\"https:\/\/media.inmobalia.com\/imgV1\/B8vEv5Xh_VThvnEqMx4G0ZxU~~H0Ar_8Bn_AfAx~4dnt796zQ9QIPwzdr9PkzIdRpbeOYktBAPFfTt23HPhndt5b7cRr2vg76pmKvptCGz41lr5j_PqdOYjKw0LJyTQaDDxs36I2jMmFaErpUQl2~kokrW_uhTJR3rR_CRIG91E-.jpg\"><\/picture>\t\t\t<\/figure>\n\t<div class=\"h-100 d-flex flex-column\">\n\t\t<span class=\"d-block card-area\">\n\t\t\tNueva Andalucia\t\t<\/span>\n\t\t\n\n\t\t\t<div class=\"card-price d-flex flex-column\">\n\t\t<strong class=\"me-1\">Desde <span data-original-price=\"98\">98\u00a0\u20ac<\/span><span data-period> por dia <\/span><\/strong><strong class=\"me-1\"><span data-original-price=\"3500\">3.500\u00a0\u20ac<\/span><span data-period> montly rental (November-March)<\/span><\/strong>\t\t<\/div>\n\t\n\t\t<ul class=\"card-features list-unstyled d-flex flex-wrap align-items-center mb-0\">\n\t\t\t\t\t\t\t<li class=\"d-flex align-items-center me-3\">\n\t\t\t\t\t3 dormitorios\t\t\t\t<\/li>\n\t\t\t\t\t\t\t<li class=\"d-flex align-items-center me-3\">\n\t\t\t\t\t2 ba\u00f1os\t\t\t\t<\/li>\n\t\t\t\t\t\t\t<li class=\"d-flex align-items-center me-3\">\n\t\t\t\t\t259 m&sup2; construido\t\t\t\t<\/li>\n\t\t\t\t\t<\/ul>\n\t\t<h4 class=\"card-title mb-0\">\n\t\t\t<a class=\"stretched-link\" href=\"\/alquiler\/vista-real\/aticos\/89\">Casa adosada de 3 dormitorios con vistas al mar en Sotogrande Costa del Sol<\/a>\n\t\t<\/h4>\n\t\t\t<\/div>\n<\/article>\t\t\t\t\t\t\t\t\t\t\t<\/div>\n\t\t\t\t\t\t\t\t\t\t\t<a class=\"btn btn-inm mt-2 mt-lg-5\" href=\"https:\/\/www.homewatch.es\/inmbuscar?l=es&amp;o=dateCreated+DESC&amp;f=rent-short&amp;curr=EUR&amp;c%5B%5D=a51&amp;a%5B%5D=&amp;t%5B%5D=&amp;dr=&amp;gu=&amp;r=\">\u00a1Alquila ya!<\/a>\n\t\t\t\t\t\t\t\t\t<\/div>\n\t\t\t<\/section>\n\t\t\n\n\t\t\t<section class=\"selection-wrapper mt-5 mt-lg-7 mt-xxl-10 wp-block-acf-propertyselection\">\n\t\t\t\t<div class=\"container-fluid max-width d-flex flex-column align-items-start align-items-lg-center\">\n\t\t\t\t\t<div class=\"col-xl-6 mb-4 mb-lg-5\">\n\t\t\t\t\t\t\t\t\t\t\t\t\t<h2 class=\"h1 text-md-center mb-4\"><span class=\"ez-toc-section\" id=\"Propiedades_en_venta_en_Nueva_Andalucia_Marbella_Todas_las_propiedades_en_venta_Marbella_Nueva_Andalucia\"><\/span>\n\t\t\t\t\t\t\t\t\t\t\t\t\t\t\t\t\t<span class=\"htitle\">Propiedades en venta en Nueva Andaluc\u00eda, Marbella<\/span>\n\t\t\t\t\t\t\t\t\t\t\t\t\t\t\t\tTodas las propiedades en venta \/ Marbella \/ Nueva Andaluc\u00eda\t\t\t\t\t\t\t<span class=\"ez-toc-section-end\"><\/span><\/h2>\n\t\t\t\t\t\t\t\t\t\t\t\t<p class=\"text-md-center mb-0 mx-auto\">Encontradas 7 propiedades en venta en Nueva Andaluc\u00eda, Marbella<\/p>\n\t\t\t\t\t<\/div>\n\t\t\t\t\t<div id=\"cardsFancyCarousel\" class=\"offcanvas-carousel w-100 four-items\">\n\t\t\t\t\t\t<article class=\"f-carousel__slide card col position-relative flex-column\">\n\t<figure class=\"position-relative w-100 mb-2\">\n\t\t<a class=\"card-portfolio position-absolute\" data-pfl-id=\"686087\" data-pfl-filter=\"sale\" href=\"#\">\n\t\t\t<svg width=\"20\" fill=\"currentColor\" viewBox=\"0 0 512 512\">\n\t\t\t\t<use href=\"https:\/\/www.homewatch.es\/wp-content\/themes\/inmobasolidbase\/dist\/src\/images\/icons.svg#svgPortfolio\"\/>\n\t\t\t<\/svg>\n\t\t\t<svg class=\"d-none\" width=\"20\" fill=\"currentColor\" viewBox=\"0 0 512 512\">\n\t\t\t\t<use href=\"https:\/\/www.homewatch.es\/wp-content\/themes\/inmobasolidbase\/dist\/src\/images\/icons.svg#svgPortfolioIn\"\/>\n\t\t\t<\/svg>\n\t\t<\/a>\n\t\t<picture class=\"ratio ratio-4x3\"><source width=\"1920\" height=\"1080\" srcset=\"https:\/\/media.inmobalia.com\/imgV1\/B8vEv5Xh_VThvnEqMx4G0YtA8lAADdw1sBC5uN5pSX6~ImMWYg0nYa_EPSP~fBpYtvgHs5QKecPwE1~j5DU_pylbu6cBdu0PgVunDxnkMoeY79Gll7Nv5AHhYwCGots7LHLh38TbGLG4wIOSMVOWlTYPMkblzC9wX2dwpS3McRljNtxocy8WreyxLk9CUkD1.jpg 1920w,https:\/\/media.inmobalia.com\/imgV1\/B8vEv5Xh_Vjzl4qKP9bJW21eHCmW9PWrQV6IDk9EjA79dASSMmDBrXf04FgH6wp0ylU42MWPePEey7rkY1j3kMIGs3YrRSP6UhHPWG1enKzuplcdy8f~NYm7bTbKkeM5EmP4EWnjSeQ8nuze7NHvThW4Lud4Pfv~GepWe5bRTFfbg0kc2uZX0y_TCAW58os-.jpg 1580w,https:\/\/media.inmobalia.com\/imgV1\/B8vEv5Xh~9eLgpFkvD55S4O4_vRpfi7Zj~8WTFZMGThfizi~_Y~NgoiVzdN9MsuXYCpgHq7NOfhSSsV~~CvXOR8biNDSQCuIy3z~JafSwduxBEndespnQYPOGloQON4~nZQpIRz5XxcpgpUXBX8y_5tdGFa9jKQoLKDV8r5tdO5fdxEIy_HebtU3IyI0Eg--.jpg 774w\" type=\"image\/webp\"><img loading=\"lazy\" decoding=\"async\" class=\"image-fit\" alt=\"Villa \u00c8lan - Nueva construcci\u00f3n de lujo en Nueva Andaluc\u00eda por NMobe\" width=\"1920\" height=\"1080\" src=\"https:\/\/media.inmobalia.com\/imgV1\/B8vEv5Xh_VThvnEqMx4G0ZxU~~H0Ar_8Bn_AfAx~4dnt796zQ9QIPwzdr9PkzIdRpbeOYktBAPFfTt23HPhndt5b7cRr2vg76pmKvptCGz41lr5l9aQvoUu2FwDExhvUe2XXFbdvnYM1Ly~WoiOWVsp937R5qG3WJaDyGCubHpM-.jpg\"><\/picture>\t\t\t<\/figure>\n\t<div class=\"h-100 d-flex flex-column\">\n\t\t<span class=\"d-block card-area\">\n\t\t\tNueva Andalucia\t\t<\/span>\n\t\t\n<div class=\"card-price d-flex flex-column\">\n\t\t\t\t\t\t\t\t<strong class=\"card-price\"><span data-original-price=\"6500000\">6.500.000\u00a0\u20ac<\/span><\/strong>\n\t\t\t\t\t\t\n\t\t\t\n\t\t\t\t<\/div>\n\t\t<ul class=\"card-features list-unstyled d-flex flex-wrap align-items-center mb-0\">\n\t\t\t\t\t\t\t<li class=\"d-flex align-items-center me-3\">\n\t\t\t\t\t7 dormitorios\t\t\t\t<\/li>\n\t\t\t\t\t\t\t<li class=\"d-flex align-items-center me-3\">\n\t\t\t\t\t7 ba\u00f1os\t\t\t\t<\/li>\n\t\t\t\t\t\t\t<li class=\"d-flex align-items-center me-3\">\n\t\t\t\t\t558 m&sup2; construido\t\t\t\t<\/li>\n\t\t\t\t\t\t\t<li class=\"d-flex align-items-center me-3\">\n\t\t\t\t\t1795 m&sup2; parcela\t\t\t\t<\/li>\n\t\t\t\t\t<\/ul>\n\t\t<h4 class=\"card-title mb-0\">\n\t\t\t<a class=\"stretched-link\" href=\"\/venta\/nueva-andalucia\/villas-y-chalets\/HW424\">Villa \u00c8lan - Nueva construcci\u00f3n de lujo en Nueva Andaluc\u00eda por NMobe<\/a>\n\t\t<\/h4>\n\t\t\t<\/div>\n<\/article>\t\t\t\t\t\t<article class=\"f-carousel__slide card col position-relative flex-column\">\n\t<figure class=\"position-relative w-100 mb-2\">\n\t\t<a class=\"card-portfolio position-absolute\" data-pfl-id=\"686078\" data-pfl-filter=\"sale\" href=\"#\">\n\t\t\t<svg width=\"20\" fill=\"currentColor\" viewBox=\"0 0 512 512\">\n\t\t\t\t<use href=\"https:\/\/www.homewatch.es\/wp-content\/themes\/inmobasolidbase\/dist\/src\/images\/icons.svg#svgPortfolio\"\/>\n\t\t\t<\/svg>\n\t\t\t<svg class=\"d-none\" width=\"20\" fill=\"currentColor\" viewBox=\"0 0 512 512\">\n\t\t\t\t<use href=\"https:\/\/www.homewatch.es\/wp-content\/themes\/inmobasolidbase\/dist\/src\/images\/icons.svg#svgPortfolioIn\"\/>\n\t\t\t<\/svg>\n\t\t<\/a>\n\t\t<picture class=\"ratio ratio-4x3\"><source width=\"1920\" height=\"1080\" srcset=\"https:\/\/media.inmobalia.com\/imgV1\/B8vEv5Xh_VThvnEqMx4G0YtA8lAADdw1sBC5uN5pSX6~ImMWYg0nYa_EPSP~fBpYtvgHs5QKecPwE1~j5DU_pylbu6cBdu0PgVunDxnkMoeY79Gll7Nv5AHhYwCGots7LHLh38Ta7c2Gzwx6QnxZWr_650~rFNwDpZvjq2~wSED8CC3sBXVg5lHXXU3WqPPS.jpg 1920w,https:\/\/media.inmobalia.com\/imgV1\/B8vEv5Xh_Vjzl4qKP9bJW21eHCmW9PWrQV6IDk9EjA79dASSMmDBrXf04FgH6wp0ylU42MWPePEey7rkY1j3kMIGs3YrRSP6UhHPWG1enKzuplcdy8f~NYm7bTbKkeM5EmP4EWie7M15S11UovKMTJnOPj94TYCsa~yYYntomGO1J2znGlHSmc4p~CcYuqM-.jpg 1580w,https:\/\/media.inmobalia.com\/imgV1\/B8vEv5Xh~9eLgpFkvD55S4O4_vRpfi7Zj~8WTFZMGThfizi~_Y~NgoiVzdN9MsuXYCpgHq7NOfhSSsV~~CvXOR8biNDSQCuIy3z~JafSwduxBEndespnQYPOGloQON4~nZQpIDvX7tGscNY2KKC7ffqnE1imLRQ33KK2t95ZEk9lPMPXcpVRwlIJqytKFg--.jpg 774w\" type=\"image\/webp\"><img loading=\"lazy\" decoding=\"async\" class=\"image-fit\" alt=\"Villa Solstice | Villa de 7 dormitorios en primera l\u00ednea de golf | Las Brisas, Nueva Andaluc\u00eda | \u20ac19.500.000\" width=\"1920\" height=\"1080\" src=\"https:\/\/media.inmobalia.com\/imgV1\/B8vEv5Xh_VThvnEqMx4G0ZxU~~H0Ar_8Bn_AfAx~4dnt796zQ9QIPwzdr9PkzIdRpbeOYktBAPFfTt23HPhndt5b7cRr2vg76pmKvptCGz41lr5l9aXvX1iQz19ufVrRBz8r8U_b_JtTY9JbTYf_LYGvT6Gjyr0ErdNnAm8zmGU-.jpg\"><\/picture>\t\t\t<\/figure>\n\t<div class=\"h-100 d-flex flex-column\">\n\t\t<span class=\"d-block card-area\">\n\t\t\tNueva Andalucia\t\t<\/span>\n\t\t\n<div class=\"card-price d-flex flex-column\">\n\t\t\t\t\t\t\t\t<strong class=\"card-price\"><span data-original-price=\"19500000\">19.500.000\u00a0\u20ac<\/span><\/strong>\n\t\t\t\t\t\t\n\t\t\t\n\t\t\t\t<\/div>\n\t\t<ul class=\"card-features list-unstyled d-flex flex-wrap align-items-center mb-0\">\n\t\t\t\t\t\t\t<li class=\"d-flex align-items-center me-3\">\n\t\t\t\t\t7 dormitorios\t\t\t\t<\/li>\n\t\t\t\t\t\t\t<li class=\"d-flex align-items-center me-3\">\n\t\t\t\t\t7 ba\u00f1os\t\t\t\t<\/li>\n\t\t\t\t\t\t\t<li class=\"d-flex align-items-center me-3\">\n\t\t\t\t\t1636 m&sup2; construido\t\t\t\t<\/li>\n\t\t\t\t\t\t\t<li class=\"d-flex align-items-center me-3\">\n\t\t\t\t\t2742 m&sup2; parcela\t\t\t\t<\/li>\n\t\t\t\t\t<\/ul>\n\t\t<h4 class=\"card-title mb-0\">\n\t\t\t<a class=\"stretched-link\" href=\"\/venta\/nueva-andalucia\/villas-y-chalets\/HW423\">Villa Solstice | Villa de 7 dormitorios en primera l\u00ednea de golf | Las Brisas, Nueva Andaluc\u00eda | \u20ac19.500.000<\/a>\n\t\t<\/h4>\n\t\t\t<\/div>\n<\/article>\t\t\t\t\t\t<article class=\"f-carousel__slide card col position-relative flex-column\">\n\t<figure class=\"position-relative w-100 mb-2\">\n\t\t<a class=\"card-portfolio position-absolute\" data-pfl-id=\"686074\" data-pfl-filter=\"sale\" href=\"#\">\n\t\t\t<svg width=\"20\" fill=\"currentColor\" viewBox=\"0 0 512 512\">\n\t\t\t\t<use href=\"https:\/\/www.homewatch.es\/wp-content\/themes\/inmobasolidbase\/dist\/src\/images\/icons.svg#svgPortfolio\"\/>\n\t\t\t<\/svg>\n\t\t\t<svg class=\"d-none\" width=\"20\" fill=\"currentColor\" viewBox=\"0 0 512 512\">\n\t\t\t\t<use href=\"https:\/\/www.homewatch.es\/wp-content\/themes\/inmobasolidbase\/dist\/src\/images\/icons.svg#svgPortfolioIn\"\/>\n\t\t\t<\/svg>\n\t\t<\/a>\n\t\t<picture class=\"ratio ratio-4x3\"><source width=\"1920\" height=\"1080\" srcset=\"https:\/\/media.inmobalia.com\/imgV1\/B8vEv5Xh_VThvnEqMx4G0YtA8lAADdw1sBC5uN5pSX6~ImMWYg0nYa_EPSP~fBpYtvgHs5QKecPwE1~j5DU_pylbu6cBdu0PgVunDxnkMoeY79Gll7Nv5AHhYwCGots7LHLh38TXkPZJHZn7UU~B5xJgXJOItzWvbcByKTURFNOAPMFztfFstp3iLeMe8A~s.jpg 1920w,https:\/\/media.inmobalia.com\/imgV1\/B8vEv5Xh_Vjzl4qKP9bJW21eHCmW9PWrQV6IDk9EjA79dASSMmDBrXf04FgH6wp0ylU42MWPePEey7rkY1j3kMIGs3YrRSP6UhHPWG1enKzuplcdy8f~NYm7bTbKkeM5EmP4EWV0wkEGa0KFxsWLE5_Vc7lGSEqAtFtS7Y1DuRH4L2MDnxlrh004fuqDw2g-.jpg 1580w,https:\/\/media.inmobalia.com\/imgV1\/B8vEv5Xh~9eLgpFkvD55S4O4_vRpfi7Zj~8WTFZMGThfizi~_Y~NgoiVzdN9MsuXYCpgHq7NOfhSSsV~~CvXOR8biNDSQCuIy3z~JafSwduxBEndespnQYPOGloQON4~nZQpLfF6K8zSPQ3tspzGj_jHlCLBogeVs~bAcbG3Y8gD9XYLgID3YjCtj9YW_g--.jpg 774w\" type=\"image\/webp\"><img loading=\"lazy\" decoding=\"async\" class=\"image-fit\" alt=\"Villa en venta de 5 dormitorios | La Cerquilla, Nueva Andaluc\u00eda | Vistas al golf, piscina privada\" width=\"1920\" height=\"1080\" src=\"https:\/\/media.inmobalia.com\/imgV1\/B8vEv5Xh_VThvnEqMx4G0ZxU~~H0Ar_8Bn_AfAx~4dnt796zQ9QIPwzdr9PkzIdRpbeOYktBAPFfTt23HPhndt5b7cRr2vg76pmKvptCGz41lr5l9agYk8jQFdoBs5Hb0vl8G341dEuR29ayCO01lvOGkDETEPx3WQ85mVKyaQ8-.jpg\"><\/picture>\t\t\t<\/figure>\n\t<div class=\"h-100 d-flex flex-column\">\n\t\t<span class=\"d-block card-area\">\n\t\t\tNueva Andalucia\t\t<\/span>\n\t\t\n<div class=\"card-price d-flex flex-column\">\n\t\t\t\t\t\t\t\t<strong class=\"card-price\"><span data-original-price=\"6995000\">6.995.000\u00a0\u20ac<\/span><\/strong>\n\t\t\t\t\t\t\n\t\t\t\n\t\t\t\t<\/div>\n\t\t<ul class=\"card-features list-unstyled d-flex flex-wrap align-items-center mb-0\">\n\t\t\t\t\t\t\t<li class=\"d-flex align-items-center me-3\">\n\t\t\t\t\t5 dormitorios\t\t\t\t<\/li>\n\t\t\t\t\t\t\t<li class=\"d-flex align-items-center me-3\">\n\t\t\t\t\t5 ba\u00f1os\t\t\t\t<\/li>\n\t\t\t\t\t\t\t<li class=\"d-flex align-items-center me-3\">\n\t\t\t\t\t722 m&sup2; construido\t\t\t\t<\/li>\n\t\t\t\t\t\t\t<li class=\"d-flex align-items-center me-3\">\n\t\t\t\t\t3081 m&sup2; parcela\t\t\t\t<\/li>\n\t\t\t\t\t<\/ul>\n\t\t<h4 class=\"card-title mb-0\">\n\t\t\t<a class=\"stretched-link\" href=\"\/venta\/nueva-andalucia\/villas-y-chalets\/HW420\">Villa en venta de 5 dormitorios | La Cerquilla, Nueva Andaluc\u00eda | Vistas al golf, piscina privada<\/a>\n\t\t<\/h4>\n\t\t\t<\/div>\n<\/article>\t\t\t\t\t\t<article class=\"f-carousel__slide card col position-relative flex-column\">\n\t<figure class=\"position-relative w-100 mb-2\">\n\t\t<a class=\"card-portfolio position-absolute\" data-pfl-id=\"686073\" data-pfl-filter=\"sale\" href=\"#\">\n\t\t\t<svg width=\"20\" fill=\"currentColor\" viewBox=\"0 0 512 512\">\n\t\t\t\t<use href=\"https:\/\/www.homewatch.es\/wp-content\/themes\/inmobasolidbase\/dist\/src\/images\/icons.svg#svgPortfolio\"\/>\n\t\t\t<\/svg>\n\t\t\t<svg class=\"d-none\" width=\"20\" fill=\"currentColor\" viewBox=\"0 0 512 512\">\n\t\t\t\t<use href=\"https:\/\/www.homewatch.es\/wp-content\/themes\/inmobasolidbase\/dist\/src\/images\/icons.svg#svgPortfolioIn\"\/>\n\t\t\t<\/svg>\n\t\t<\/a>\n\t\t<picture class=\"ratio ratio-4x3\"><source width=\"1920\" height=\"1080\" srcset=\"https:\/\/media.inmobalia.com\/imgV1\/B8vEv5Xh_VThvnEqMx4G0YtA8lAADdw1sBC5uN5pSX6~ImMWYg0nYa_EPSP~fBpYtvgHs5QKecPwE1~j5DU_pylbu6cBdu0PgVunDxnkMoeY79Gll7Nv5AHhYwCGots7LHLh38TW~FP225DtDYUV66CWb9M_7U9_AUQUascJSTAWVjmSZ~82ZYonCSr4Eqja.jpg 1920w,https:\/\/media.inmobalia.com\/imgV1\/B8vEv5Xh_Vjzl4qKP9bJW21eHCmW9PWrQV6IDk9EjA79dASSMmDBrXf04FgH6wp0ylU42MWPePEey7rkY1j3kMIGs3YrRSP6UhHPWG1enKzuplcdy8f~NYm7bTbKkeM5EmP4EWRCYhkjQQYeUQ9kqgQLJybLbV88f080VuoBSjc4aWfVyUxlKsjloGMmvV0-.jpg 1580w,https:\/\/media.inmobalia.com\/imgV1\/B8vEv5Xh~9eLgpFkvD55S4O4_vRpfi7Zj~8WTFZMGThfizi~_Y~NgoiVzdN9MsuXYCpgHq7NOfhSSsV~~CvXOR8biNDSQCuIy3z~JafSwduxBEndespnQYPOGloQON4~nZQpLKRlZzc5wwdhg5PlW9SWya9_12vy1eWLfbJzulFBBGPEvVDs2XzOFfTSGQ--.jpg 774w\" type=\"image\/webp\"><img loading=\"lazy\" decoding=\"async\" class=\"image-fit\" alt=\"Villa Olivia | Villa de 6 dormitorios en primera l\u00ednea de golf | Golf Valley, Nueva Andaluc\u00eda | Vistas al mar\" width=\"1920\" height=\"1080\" src=\"https:\/\/media.inmobalia.com\/imgV1\/B8vEv5Xh_VThvnEqMx4G0ZxU~~H0Ar_8Bn_AfAx~4dnt796zQ9QIPwzdr9PkzIdRpbeOYktBAPFfTt23HPhndt5b7cRr2vg76pmKvptCGz41lr5l9akNDgGeg2I8O6snW38A4cxC6pLy6c5NeWD0zik~f4_rS5Z0WeJshcGyuEg-.jpg\"><\/picture>\t\t\t<\/figure>\n\t<div class=\"h-100 d-flex flex-column\">\n\t\t<span class=\"d-block card-area\">\n\t\t\tNueva Andalucia\t\t<\/span>\n\t\t\n<div class=\"card-price d-flex flex-column\">\n\t\t\t\t\t\t\t\t<strong class=\"card-price\"><span data-original-price=\"10950000\">10.950.000\u00a0\u20ac<\/span><\/strong>\n\t\t\t\t\t\t\n\t\t\t\n\t\t\t\t<\/div>\n\t\t<ul class=\"card-features list-unstyled d-flex flex-wrap align-items-center mb-0\">\n\t\t\t\t\t\t\t<li class=\"d-flex align-items-center me-3\">\n\t\t\t\t\t6 dormitorios\t\t\t\t<\/li>\n\t\t\t\t\t\t\t<li class=\"d-flex align-items-center me-3\">\n\t\t\t\t\t7 ba\u00f1os\t\t\t\t<\/li>\n\t\t\t\t\t\t\t<li class=\"d-flex align-items-center me-3\">\n\t\t\t\t\t854 m&sup2; construido\t\t\t\t<\/li>\n\t\t\t\t\t\t\t<li class=\"d-flex align-items-center me-3\">\n\t\t\t\t\t1543 m&sup2; parcela\t\t\t\t<\/li>\n\t\t\t\t\t<\/ul>\n\t\t<h4 class=\"card-title mb-0\">\n\t\t\t<a class=\"stretched-link\" href=\"\/venta\/nueva-andalucia\/villas-y-chalets\/HW419\">Villa Olivia | Villa de 6 dormitorios en primera l\u00ednea de golf | Golf Valley, Nueva Andaluc\u00eda | Vistas al mar<\/a>\n\t\t<\/h4>\n\t\t\t<\/div>\n<\/article>\t\t\t\t\t\t<article class=\"f-carousel__slide card col position-relative flex-column\">\n\t<figure class=\"position-relative w-100 mb-2\">\n\t\t<a class=\"card-portfolio position-absolute\" data-pfl-id=\"686070\" data-pfl-filter=\"sale\" href=\"#\">\n\t\t\t<svg width=\"20\" fill=\"currentColor\" viewBox=\"0 0 512 512\">\n\t\t\t\t<use href=\"https:\/\/www.homewatch.es\/wp-content\/themes\/inmobasolidbase\/dist\/src\/images\/icons.svg#svgPortfolio\"\/>\n\t\t\t<\/svg>\n\t\t\t<svg class=\"d-none\" width=\"20\" fill=\"currentColor\" viewBox=\"0 0 512 512\">\n\t\t\t\t<use href=\"https:\/\/www.homewatch.es\/wp-content\/themes\/inmobasolidbase\/dist\/src\/images\/icons.svg#svgPortfolioIn\"\/>\n\t\t\t<\/svg>\n\t\t<\/a>\n\t\t<picture class=\"ratio ratio-4x3\"><source width=\"1920\" height=\"1080\" srcset=\"https:\/\/media.inmobalia.com\/imgV1\/B8vEv5Xh_VThvnEqMx4G0YtA8lAADdw1sBC5uN5pSX6~ImMWYg0nYa_EPSP~fBpYtvgHs5QKecPwE1~j5DU_pylbu6cBdu0PgVunDxnkMoeY79Gll7Nv5AHhYwCGots7LHLh38TQGfCC339uJHIuUqohjlUjRzAVWZRusuFTGShGGb_F5KevNhyrTV_l8nhd.jpg 1920w,https:\/\/media.inmobalia.com\/imgV1\/B8vEv5Xh_Vjzl4qKP9bJW21eHCmW9PWrQV6IDk9EjA79dASSMmDBrXf04FgH6wp0ylU42MWPePEey7rkY1j3kMIGs3YrRSP6UhHPWG1enKzuplcdy8f~NYm7bTbKkeM5EmP4EWKnBqK64giT46xa2CxA3N6hrQgc0fIW04zzJNmUt9Bc05oVpVe5x26irHs-.jpg 1580w,https:\/\/media.inmobalia.com\/imgV1\/B8vEv5Xh~9eLgpFkvD55S4O4_vRpfi7Zj~8WTFZMGThfizi~_Y~NgoiVzdN9MsuXYCpgHq7NOfhSSsV~~CvXOR8biNDSQCuIy3z~JafSwduxBEndespnQYPOGloQON4~nZQpKtozeCINCecJw7befIAdWK4lNryvdXtvU~4OlEwLRUPCzCMgu5BMOShuqg--.jpg 774w\" type=\"image\/webp\"><img loading=\"lazy\" decoding=\"async\" class=\"image-fit\" alt=\"Villa La Perla | Villa de 4 dormitorios en venta | Haza del Conde, Nueva Andaluc\u00eda | Piscina privada, Valle del Golf\" width=\"1920\" height=\"1080\" src=\"https:\/\/media.inmobalia.com\/imgV1\/B8vEv5Xh_VThvnEqMx4G0ZxU~~H0Ar_8Bn_AfAx~4dnt796zQ9QIPwzdr9PkzIdRpbeOYktBAPFfTt23HPhndt5b7cRr2vg76pmKvptCGz41lr5l9a84bcLe~h2r1PV1YMwFCQX0BzOpC5KBgnTN9jw0EHipe0nxJaDr2Vse4R4-.jpg\"><\/picture>\t\t\t<\/figure>\n\t<div class=\"h-100 d-flex flex-column\">\n\t\t<span class=\"d-block card-area\">\n\t\t\tNueva Andalucia\t\t<\/span>\n\t\t\n<div class=\"card-price d-flex flex-column\">\n\t\t\t\t\t\t\t\t<strong class=\"card-price\"><span data-original-price=\"4390000\">4.390.000\u00a0\u20ac<\/span><\/strong>\n\t\t\t\t\t\t\n\t\t\t\n\t\t\t\t<\/div>\n\t\t<ul class=\"card-features list-unstyled d-flex flex-wrap align-items-center mb-0\">\n\t\t\t\t\t\t\t<li class=\"d-flex align-items-center me-3\">\n\t\t\t\t\t4 dormitorios\t\t\t\t<\/li>\n\t\t\t\t\t\t\t<li class=\"d-flex align-items-center me-3\">\n\t\t\t\t\t4 ba\u00f1os\t\t\t\t<\/li>\n\t\t\t\t\t\t\t<li class=\"d-flex align-items-center me-3\">\n\t\t\t\t\t248 m&sup2; construido\t\t\t\t<\/li>\n\t\t\t\t\t\t\t<li class=\"d-flex align-items-center me-3\">\n\t\t\t\t\t1265 m&sup2; parcela\t\t\t\t<\/li>\n\t\t\t\t\t<\/ul>\n\t\t<h4 class=\"card-title mb-0\">\n\t\t\t<a class=\"stretched-link\" href=\"\/venta\/nueva-andalucia\/villas-y-chalets\/HW417\">Villa La Perla | Villa de 4 dormitorios en venta | Haza del Conde, Nueva Andaluc\u00eda | Piscina privada, Valle del Golf<\/a>\n\t\t<\/h4>\n\t\t\t<\/div>\n<\/article>\t\t\t\t\t\t<article class=\"f-carousel__slide card col position-relative flex-column\">\n\t<figure class=\"position-relative w-100 mb-2\">\n\t\t<a class=\"card-portfolio position-absolute\" data-pfl-id=\"686069\" data-pfl-filter=\"sale\" href=\"#\">\n\t\t\t<svg width=\"20\" fill=\"currentColor\" viewBox=\"0 0 512 512\">\n\t\t\t\t<use href=\"https:\/\/www.homewatch.es\/wp-content\/themes\/inmobasolidbase\/dist\/src\/images\/icons.svg#svgPortfolio\"\/>\n\t\t\t<\/svg>\n\t\t\t<svg class=\"d-none\" width=\"20\" fill=\"currentColor\" viewBox=\"0 0 512 512\">\n\t\t\t\t<use href=\"https:\/\/www.homewatch.es\/wp-content\/themes\/inmobasolidbase\/dist\/src\/images\/icons.svg#svgPortfolioIn\"\/>\n\t\t\t<\/svg>\n\t\t<\/a>\n\t\t<picture class=\"ratio ratio-4x3\"><source width=\"1920\" height=\"1080\" srcset=\"https:\/\/media.inmobalia.com\/imgV1\/B8vEv5Xh_VThvnEqMx4G0YtA8lAADdw1sBC5uN5pSX6~ImMWYg0nYa_EPSP~fBpYtvgHs5QKecPwE1~j5DU_pylbu6cBdu0PgVunDxnkMoeY79Gll7Nv5AHhYwCGots7LHLh38TTf2~2s0oXItHerP9ZQL1AnWqIEiY62Z5CA~8cN5TmIbjVY824jkO9owPU.jpg 1920w,https:\/\/media.inmobalia.com\/imgV1\/B8vEv5Xh_Vjzl4qKP9bJW21eHCmW9PWrQV6IDk9EjA79dASSMmDBrXf04FgH6wp0ylU42MWPePEey7rkY1j3kMIGs3YrRSP6UhHPWG1enKzuplcdy8f~NYm7bTbKkeM5EmP4EWH4NcSYfzrzYBd1mBGYYM9IY_8mMFtu1zzEFTicE0_Jr2gtdaM8iM_~Tj8-.jpg 1580w,https:\/\/media.inmobalia.com\/imgV1\/B8vEv5Xh~9eLgpFkvD55S4O4_vRpfi7Zj~8WTFZMGThfizi~_Y~NgoiVzdN9MsuXYCpgHq7NOfhSSsV~~CvXOR8biNDSQCuIy3z~JafSwduxBEndespnQYPOGloQON4~nZQpKXELOf29KtbeLG1wJy~SQyPPqTVLp3yxX0~KsR_Y7TSRlmR7ThqNQ22ogg--.jpg 774w\" type=\"image\/webp\"><img loading=\"lazy\" decoding=\"async\" class=\"image-fit\" alt=\"Villa Karina | Villa de 5 dormitorios en venta | Valle del Golf Nueva Andaluc\u00eda, Marbella | Piscina privada, cine, gimnasio\" width=\"1920\" height=\"1080\" src=\"https:\/\/media.inmobalia.com\/imgV1\/B8vEv5Xh_VThvnEqMx4G0ZxU~~H0Ar_8Bn_AfAx~4dnt796zQ9QIPwzdr9PkzIdRpbeOYktBAPFfTt23HPhndt5b7cRr2vg76pmKvptCGz41lr5l9awnx7H7JFe_0o_mBCVGNIC2WYTabfwYKEitqZZA4cc3vnYKK6yyNiu_fy4-.jpg\"><\/picture>\t\t\t<\/figure>\n\t<div class=\"h-100 d-flex flex-column\">\n\t\t<span class=\"d-block card-area\">\n\t\t\tNueva Andalucia\t\t<\/span>\n\t\t\n<div class=\"card-price d-flex flex-column\">\n\t\t\t\t\t\t\t\t<strong class=\"card-price\"><span data-original-price=\"8295000\">8.295.000\u00a0\u20ac<\/span><\/strong>\n\t\t\t\t\t\t\n\t\t\t\n\t\t\t\t<\/div>\n\t\t<ul class=\"card-features list-unstyled d-flex flex-wrap align-items-center mb-0\">\n\t\t\t\t\t\t\t<li class=\"d-flex align-items-center me-3\">\n\t\t\t\t\t5 dormitorios\t\t\t\t<\/li>\n\t\t\t\t\t\t\t<li class=\"d-flex align-items-center me-3\">\n\t\t\t\t\t6 ba\u00f1os\t\t\t\t<\/li>\n\t\t\t\t\t\t\t<li class=\"d-flex align-items-center me-3\">\n\t\t\t\t\t722 m&sup2; construido\t\t\t\t<\/li>\n\t\t\t\t\t\t\t<li class=\"d-flex align-items-center me-3\">\n\t\t\t\t\t1959 m&sup2; parcela\t\t\t\t<\/li>\n\t\t\t\t\t<\/ul>\n\t\t<h4 class=\"card-title mb-0\">\n\t\t\t<a class=\"stretched-link\" href=\"\/venta\/nueva-andalucia\/villas-y-chalets\/HW416\">Villa Karina | Villa de 5 dormitorios en venta | Valle del Golf Nueva Andaluc\u00eda, Marbella | Piscina privada, cine, gimnasio<\/a>\n\t\t<\/h4>\n\t\t\t<\/div>\n<\/article>\t\t\t\t\t\t<article class=\"f-carousel__slide card col position-relative flex-column\">\n\t<figure class=\"position-relative w-100 mb-2\">\n\t\t<a class=\"card-portfolio position-absolute\" data-pfl-id=\"686066\" data-pfl-filter=\"sale\" href=\"#\">\n\t\t\t<svg width=\"20\" fill=\"currentColor\" viewBox=\"0 0 512 512\">\n\t\t\t\t<use href=\"https:\/\/www.homewatch.es\/wp-content\/themes\/inmobasolidbase\/dist\/src\/images\/icons.svg#svgPortfolio\"\/>\n\t\t\t<\/svg>\n\t\t\t<svg class=\"d-none\" width=\"20\" fill=\"currentColor\" viewBox=\"0 0 512 512\">\n\t\t\t\t<use href=\"https:\/\/www.homewatch.es\/wp-content\/themes\/inmobasolidbase\/dist\/src\/images\/icons.svg#svgPortfolioIn\"\/>\n\t\t\t<\/svg>\n\t\t<\/a>\n\t\t<picture class=\"ratio ratio-4x3\"><source width=\"1920\" height=\"1080\" srcset=\"https:\/\/media.inmobalia.com\/imgV1\/B8vEv5Xh_VThvnEqMx4G0YtA8lAADdw1sBC5uN5pSX6~ImMWYg0nYa_EPSP~fBpYtvgHs5QKecPwE1~j5DU_pylbu6cBdu0PgVunDxnkMoeY79Gll7Nv5AHhYwCGots7LHLh38TSDkCjlPacFDzanKb8SCybHBUynJ4NTrqsMcie9PKLD4tW8__B0iT2XRYi.jpg 1920w,https:\/\/media.inmobalia.com\/imgV1\/B8vEv5Xh_Vjzl4qKP9bJW21eHCmW9PWrQV6IDk9EjA79dASSMmDBrXf04FgH6wp0ylU42MWPePEey7rkY1j3kMIGs3YrRSP6UhHPWG1enKzuplcdy8f~NYm7bTbKkeM5EmP4EWDK7LWiDqSnEayacfgnRNXEfDVOt~P3NI77LHspxS479PfhvCJoGUispBY-.jpg 1580w,https:\/\/media.inmobalia.com\/imgV1\/B8vEv5Xh~9eLgpFkvD55S4O4_vRpfi7Zj~8WTFZMGThfizi~_Y~NgoiVzdN9MsuXYCpgHq7NOfhSSsV~~CvXOR8biNDSQCuIy3z~JafSwduxBEndespnQYPOGloQON4~nZQpKM4NiaLS7jc6f6XsneD9tKItL2318cKT30xW4aV4Jk7T4O8snFe4xdTQjg--.jpg 774w\" type=\"image\/webp\"><img loading=\"lazy\" decoding=\"async\" class=\"image-fit\" alt=\"Villa Jard\u00edn | Villa Moderna de 5 Dormitorios en Venta | Valle del Golf Nueva Andaluc\u00eda, Marbella | Cinema Privado, Jacuzzi Azotea\" width=\"1920\" height=\"1080\" src=\"https:\/\/media.inmobalia.com\/imgV1\/B8vEv5Xh_VThvnEqMx4G0ZxU~~H0Ar_8Bn_AfAx~4dnt796zQ9QIPwzdr9PkzIdRpbeOYktBAPFfTt23HPhndt5b7cRr2vg76pmKvptCGz41lr5l9a1B4ZlJIA5Hnc0nM7prHA6Ca_2Ep436SBDulybco~kN7gPA53GZKYnENkc-.jpg\"><\/picture>\t\t\t<\/figure>\n\t<div class=\"h-100 d-flex flex-column\">\n\t\t<span class=\"d-block card-area\">\n\t\t\tNueva Andalucia\t\t<\/span>\n\t\t\n<div class=\"card-price d-flex flex-column\">\n\t\t\t\t\t\t\t\t<strong class=\"card-price\"><span data-original-price=\"4895000\">4.895.000\u00a0\u20ac<\/span><\/strong>\n\t\t\t\t\t\t\n\t\t\t\n\t\t\t\t<\/div>\n\t\t<ul class=\"card-features list-unstyled d-flex flex-wrap align-items-center mb-0\">\n\t\t\t\t\t\t\t<li class=\"d-flex align-items-center me-3\">\n\t\t\t\t\t5 dormitorios\t\t\t\t<\/li>\n\t\t\t\t\t\t\t<li class=\"d-flex align-items-center me-3\">\n\t\t\t\t\t5 ba\u00f1os\t\t\t\t<\/li>\n\t\t\t\t\t\t\t<li class=\"d-flex align-items-center me-3\">\n\t\t\t\t\t517 m&sup2; construido\t\t\t\t<\/li>\n\t\t\t\t\t\t\t<li class=\"d-flex align-items-center me-3\">\n\t\t\t\t\t999 m&sup2; parcela\t\t\t\t<\/li>\n\t\t\t\t\t<\/ul>\n\t\t<h4 class=\"card-title mb-0\">\n\t\t\t<a class=\"stretched-link\" href=\"\/venta\/nueva-andalucia\/villas-y-chalets\/HW415\">Villa Jard\u00edn | Villa Moderna de 5 Dormitorios en Venta | Valle del Golf Nueva Andaluc\u00eda, Marbella | Cinema Privado, Jacuzzi Azotea<\/a>\n\t\t<\/h4>\n\t\t\t<\/div>\n<\/article>\t\t\t\t\t\t\t\t\t\t\t<\/div>\n\t\t\t\t\t\t\t\t\t<\/div>\n\t\t\t<\/section>\n\t\t\n\n\n<p><\/p>\n","protected":false},"excerpt":{"rendered":"<p>\u00a1Bienvenidos a Nueva Andaluc\u00eda! Una de las zonas m\u00e1s exclusivas y codiciadas de Marbella, situada en el norte de Puerto Ban\u00fas. Si est\u00e1s buscando tranquilidad y naturaleza, \u00e9ste es tu sitio. Y si est\u00e1s buscando ocio, actividades y vida nocturna, este tambi\u00e9n es tu sitio.&nbsp; Nueva Andaluc\u00eda es el lugar en el que paz y&#8230;<\/p>\n","protected":false},"author":6,"featured_media":6084,"comment_status":"closed","ping_status":"0","sticky":false,"template":"","format":"standard","meta":{"_acf_changed":false,"footnotes":""},"categories":[202,26,1,1215],"tags":[271,264,1230,190,32,557,1229,325,36,192,219,221,1228],"class_list":["post-6025","post","type-post","status-publish","format-standard","has-post-thumbnail","hentry","category-marbella-es","category-guia-de-zonas","category-news","category-nueva-andalucia-marbella-es","tag-agente-de-bienes-raices","tag-alquiler-de-apartamentos","tag-alquilerdeverano","tag-bienes-raices","tag-costa-del-sol-es","tag-desarrollos","tag-familia","tag-garantias","tag-marbella-es","tag-mercado-inmobiliario","tag-propietarios","tag-vendedores","tag-verano"],"acf":[],"_links":{"self":[{"href":"https:\/\/www.homewatch.es\/es\/wp-json\/wp\/v2\/posts\/6025","targetHints":{"allow":["GET"]}}],"collection":[{"href":"https:\/\/www.homewatch.es\/es\/wp-json\/wp\/v2\/posts"}],"about":[{"href":"https:\/\/www.homewatch.es\/es\/wp-json\/wp\/v2\/types\/post"}],"author":[{"embeddable":true,"href":"https:\/\/www.homewatch.es\/es\/wp-json\/wp\/v2\/users\/6"}],"replies":[{"embeddable":true,"href":"https:\/\/www.homewatch.es\/es\/wp-json\/wp\/v2\/comments?post=6025"}],"version-history":[{"count":0,"href":"https:\/\/www.homewatch.es\/es\/wp-json\/wp\/v2\/posts\/6025\/revisions"}],"wp:featuredmedia":[{"embeddable":true,"href":"https:\/\/www.homewatch.es\/es\/wp-json\/wp\/v2\/media\/6084"}],"wp:attachment":[{"href":"https:\/\/www.homewatch.es\/es\/wp-json\/wp\/v2\/media?parent=6025"}],"wp:term":[{"taxonomy":"category","embeddable":true,"href":"https:\/\/www.homewatch.es\/es\/wp-json\/wp\/v2\/categories?post=6025"},{"taxonomy":"post_tag","embeddable":true,"href":"https:\/\/www.homewatch.es\/es\/wp-json\/wp\/v2\/tags?post=6025"}],"curies":[{"name":"wp","href":"https:\/\/api.w.org\/{rel}","templated":true}]}}