{"id":4468,"date":"2024-01-31T12:02:54","date_gmt":"2024-01-31T11:02:54","guid":{"rendered":"https:\/\/www.homewatch.es\/?p=4468"},"modified":"2024-03-25T12:44:27","modified_gmt":"2024-03-25T11:44:27","slug":"marbella-puerto-banus","status":"publish","type":"post","link":"https:\/\/www.homewatch.es\/es\/4468-marbella-puerto-banus","title":{"rendered":"Puerto Ban\u00fas, el gran atractivo tur\u00edstico marbell\u00ed"},"content":{"rendered":"\n<p>No es de extra\u00f1ar que cuando alguien piensa en Marbella se le venga a la cabeza su gran atractivo tur\u00edstico <strong>Puerto Ban\u00fas<\/strong>, y es que, si algo tiene esta zona es que, aunque su propio nombre lo indique, es mucho m\u00e1s que un simple puerto deportivo cualquiera. <strong>Puerto Ban\u00fas<\/strong>, una joya incrustada en el coraz\u00f3n de Marbella, que es todo un escaparate de sofisticaci\u00f3n, glamour y la exclusividad que brinda la Costa del Sol.<\/p><div id=\"ez-toc-container\" class=\"ez-toc-v2_0_82_2 counter-hierarchy ez-toc-counter ez-toc-custom ez-toc-container-direction\">\n<div class=\"ez-toc-title-container\">\n<p class=\"ez-toc-title\" style=\"cursor:inherit\">Table of Contents<\/p>\n<span class=\"ez-toc-title-toggle\"><a href=\"#\" class=\"ez-toc-pull-right ez-toc-btn ez-toc-btn-xs ez-toc-btn-default ez-toc-toggle\" aria-label=\"Alternar tabla de contenidos\"><span class=\"ez-toc-js-icon-con\"><span class=\"\"><span class=\"eztoc-hide\" style=\"display:none;\">Toggle<\/span><span class=\"ez-toc-icon-toggle-span\"><svg style=\"fill: #0a0a0a;color:#0a0a0a\" xmlns=\"http:\/\/www.w3.org\/2000\/svg\" class=\"list-377408\" width=\"20px\" height=\"20px\" viewBox=\"0 0 24 24\" fill=\"none\"><path d=\"M6 6H4v2h2V6zm14 0H8v2h12V6zM4 11h2v2H4v-2zm16 0H8v2h12v-2zM4 16h2v2H4v-2zm16 0H8v2h12v-2z\" fill=\"currentColor\"><\/path><\/svg><svg style=\"fill: #0a0a0a;color:#0a0a0a\" class=\"arrow-unsorted-368013\" xmlns=\"http:\/\/www.w3.org\/2000\/svg\" width=\"10px\" height=\"10px\" viewBox=\"0 0 24 24\" version=\"1.2\" baseProfile=\"tiny\"><path d=\"M18.2 9.3l-6.2-6.3-6.2 6.3c-.2.2-.3.4-.3.7s.1.5.3.7c.2.2.4.3.7.3h11c.3 0 .5-.1.7-.3.2-.2.3-.5.3-.7s-.1-.5-.3-.7zM5.8 14.7l6.2 6.3 6.2-6.3c.2-.2.3-.5.3-.7s-.1-.5-.3-.7c-.2-.2-.4-.3-.7-.3h-11c-.3 0-.5.1-.7.3-.2.2-.3.5-.3.7s.1.5.3.7z\"\/><\/svg><\/span><\/span><\/span><\/a><\/span><\/div>\n<nav><ul class='ez-toc-list ez-toc-list-level-1 ' ><li class='ez-toc-page-1 ez-toc-heading-level-2'><a class=\"ez-toc-link ez-toc-heading-1\" href=\"https:\/\/www.homewatch.es\/es\/4468-marbella-puerto-banus\/#El_antes_y_el_despues_de_Puerto_Banus\" >El antes y el despu\u00e9s de Puerto Ban\u00fas<\/a><\/li><li class='ez-toc-page-1 ez-toc-heading-level-2'><a class=\"ez-toc-link ez-toc-heading-2\" href=\"https:\/\/www.homewatch.es\/es\/4468-marbella-puerto-banus\/#%C2%BFDonde_esta_Puerto_Banus\" >\u00bfD\u00f3nde est\u00e1 Puerto Ban\u00fas?<\/a><\/li><li class='ez-toc-page-1 ez-toc-heading-level-2'><a class=\"ez-toc-link ez-toc-heading-3\" href=\"https:\/\/www.homewatch.es\/es\/4468-marbella-puerto-banus\/#Transporte_desde_Puerto_Banus\" >Transporte desde Puerto Ban\u00fas<\/a><\/li><li class='ez-toc-page-1 ez-toc-heading-level-2'><a class=\"ez-toc-link ez-toc-heading-4\" href=\"https:\/\/www.homewatch.es\/es\/4468-marbella-puerto-banus\/#Pasar_un_dia_en_Puerto_Banus\" >Pasar un d\u00eda en Puerto Ban\u00fas<\/a><\/li><li class='ez-toc-page-1 ez-toc-heading-level-2'><a class=\"ez-toc-link ez-toc-heading-5\" href=\"https:\/\/www.homewatch.es\/es\/4468-marbella-puerto-banus\/#Propiedades_en_alquiler_en_Puerto_Banus_Todas_las_propiedades_en_alquiler_Marbella_Puerto_Banus\" >Propiedades en alquiler en Puerto Ban\u00fas\n\t\t\t\t\t\t\t\t\t\t\t\t\t\t\t\tTodas las propiedades en alquiler \/ Marbella \/ Puerto Ban\u00fas<\/a><\/li><\/ul><\/nav><\/div>\n\n\n\n\n<p>Acomp\u00e1\u00f1anos en este area guide donde le contaremos todo y m\u00e1s acerca de este puerto deportivo de lujo de Marbella.<\/p>\n\n\n\n<figure class=\"wp-caption aligncenter\">\n<picture><source width=\"1480\" srcset=\"https:\/\/media.inmobalia.com\/imgV1\/B98Le8~d7M9pwOKhCJcJLIfglZOtvyX13f98gUEkry2AXpxxwVVUW6beaB1CbHQXGOhTMxPEWoq2vSWoPxT0dWUFVpFov6NwmlNzq3qwzpnpHLdLIbYR7kAt7kdxTSy7F3Y6dt4K9m2i.jpg 1480w\" type=\"image\/webp\"><img decoding=\"async\" class=\"img-fluid \" width=\"1480\" src=\"https:\/\/media.inmobalia.com\/imgV1\/B98Le8~d7M9pwOKhH98twCJY8~z6ePCZX6v4ZFfOvduhBdeVCpC563TEl9~Gba~ZsCNLt5CSrqfb7qaISBEVv0QdM3N8LXX9lSPXj4JYN1PSX8cNNG0Rsqk-.jpg\"><\/picture>\n<figcaption class=\"wp-caption-text\"><\/figcaption>\n<\/figure>\n\n\n<ul class=\"list-unstyled p-4 pb-5 border border-light\"><li class=\"text-black text-uppercase fw-bold mb-3\">\u00cdndice<\/li><li><a href=\"#el+antes+y+el+despues+de+puerto+banus\">El antes y el despu\u00e9s de Puerto Ban\u00fas<\/a><\/li>\n<li><a href=\"#donde+esta+puerto+banus\">\u00bfD\u00f3nde est\u00e1 Puerto Ban\u00fas?<\/a><\/li>\n<li><a href=\"#transporte+desde+puerto+banus\">Transporte desde Puerto Ban\u00fas<\/a><\/li>\n<li><a href=\"#pasar+un+dia+en+puerto+banus\">Pasar un d\u00eda en Puerto Ban\u00fas<\/a><\/li><\/ul>\n\n\n\n<h2 class=\"wp-block-heading\"><span class=\"ez-toc-section\" id=\"El_antes_y_el_despues_de_Puerto_Banus\"><\/span>El antes y el despu\u00e9s de Puerto Ban\u00fas<span class=\"ez-toc-section-end\"><\/span><\/h2>\n\n\n\n<p>Concebido en la d\u00e9cada de 1960 por el visionario empresario local Jos\u00e9 Ban\u00fas, este puerto no fue inaugurado hasta 1970; una inauguraci\u00f3n que cont\u00f3 con la presencia de personalidades de renombre como los pr\u00edncipes de Espa\u00f1a y famosos de la talla del empresario estadounidense Hugh Hefner, el dise\u00f1ador Christian Dior, cuyas tiendas abundan en la zona, o la actriz estadounidense Grace Kelly.<\/p>\n\n\n\n<p>Dise\u00f1ado originalmente como un complejo de apartamentos de lujo con un peque\u00f1o puerto deportivo y un centro comercial, <strong>Puerto Ban\u00fas<\/strong> evolucion\u00f3 para convertirse en un destino de renombre mundial; siendo, a d\u00eda de hoy, no solo un puerto con m\u00e1s de 900 amarres, sino mucho m\u00e1s que eso: un entorno de tiendas de lujo, restaurante, playas y entretenimiento, tanto nocturno como diurno, donde la jet set internacional, e incluso las personas m\u00e1s de a pie se sienten cada vez m\u00e1s atra\u00eddas, llegando as\u00ed a convertirse en uno de los centros neur\u00e1lgicos del turismo de m\u00e1s alto nivel en toda Europa.<\/p>\n\n\n\n<h2 class=\"wp-block-heading\"><span class=\"ez-toc-section\" id=\"%C2%BFDonde_esta_Puerto_Banus\"><\/span>\u00bfD\u00f3nde est\u00e1 Puerto Ban\u00fas?<span class=\"ez-toc-section-end\"><\/span><\/h2>\n\n\n\n<p>Ubicado al este de Nueva Andaluc\u00eda y al oeste de el otro gran atractivo tur\u00edstico marbell\u00ed, la Milla de Oro, <strong>Puerto Ban\u00fas<\/strong> se extiende, hacia el sur, hacia el vasto mar Mediterr\u00e1neo, capaz de encandilar con su encanto a todo aquel que visita esta zona, y hacia el norte a la robusta monta\u00f1a de La Concha. <\/p>\n\n\n\n<figure class=\"wp-caption aligncenter\">\n<picture><source width=\"1480\" srcset=\"https:\/\/media.inmobalia.com\/imgV1\/B98Le8~d7M9pwOKhCJcJLIfglZOtvyX13f98gUEkry2AXpxxwVVUW6beaB1CbHQXGOhTMxPEWoq2vSWoPxT0dWUFVpFov6NwmlNzq3qwzpnpHLdLIbYR7kAt7kdxTSy7F3Y6dt8UgC_M.jpg 1480w\" type=\"image\/webp\"><img decoding=\"async\" class=\"img-fluid \" width=\"1480\" src=\"https:\/\/media.inmobalia.com\/imgV1\/B98Le8~d7M9pwOKhH98twCJY8~z6ePCZX6v4ZFfOvduhBdeVCpC563TEl9~Gba~ZsCNLt5CSrqfb7qaISBEVv0QdM3N8LXX9lSPXj4JYN1PSX8cNNRiTHC0-.jpg\"><\/picture>\n<figcaption class=\"wp-caption-text\"><\/figcaption>\n<\/figure>\n\n\n\n<p>La zona de <strong>Puerto Ban\u00fas<\/strong> es f\u00e1cilmente accesible desde el Aeropuerto de M\u00e1laga, conectada por la autopista AP-7 o la carretera nacional N-340, ofreciendo un viaje pintoresco y c\u00f3modo para los visitantes. Las avenidas que conducen a esta joya de la Costa del Sol est\u00e1n flanqueadas por tiendas de dise\u00f1adores, restaurantes de alta cocina y clubs exclusivos, reflejando la elegancia y el lujo que caracterizan a esta \u00e1rea.<\/p>\n\n\n\n<h2 class=\"wp-block-heading\"><span class=\"ez-toc-section\" id=\"Transporte_desde_Puerto_Banus\"><\/span>Transporte desde Puerto Ban\u00fas<span class=\"ez-toc-section-end\"><\/span><\/h2>\n\n\n\n<figure class=\"wp-caption aligncenter\">\n<picture><source width=\"1480\" srcset=\"https:\/\/media.inmobalia.com\/imgV1\/B98Le8~d7M9pwOKhCJcJLIfglZOtvyX13f98gUEkry2AXpxxwVVUW6beaB1CbHQXGOhTMxPEWoq2vSWoPxT0dWUFVpFov6NwmlNzq3qwzpnpHLdLIbYR7kAt7kdxTSy7F3Y6eX0l298U.jpg 1480w\" type=\"image\/webp\"><img decoding=\"async\" class=\"img-fluid \" width=\"1480\" src=\"https:\/\/media.inmobalia.com\/imgV1\/B98Le8~d7M9pwOKhH98twCJY8~z6ePCZX6v4ZFfOvduhBdeVCpC563TEl9~Gba~ZsCNLt5CSrqfb7qaISBEVv0QdM3N8LXX9lSPXj4JYN1PSX8cCM1uRVPE-.jpg\"><\/picture>\n<figcaption class=\"wp-caption-text\"><\/figcaption>\n<\/figure>\n\n\n\n<p>Por otro lado, la conectividad con otros puntos clave de la Costa del Sol, como ser\u00edan otras zonas de Marbella como Nag\u00fceles o Marbella Este, o las pintorescas localidades de Benahav\u00eds u Estepona, entre otras, es excelente, ofreciendo opciones de transporte variadas como autob\u00fas urbano, taxi o empresas de taxi, como <a href=\"https:\/\/www.uber.com\/es\/es-es\/\" target=\"_blank\" rel=\"noopener\">Uber<\/a> o <a href=\"https:\/\/cabify.com\/es\" target=\"_blank\" rel=\"noopener\">Cabify<\/a>, o alquiler de coches, en agencias como: <a href=\"https:\/\/www.cohencars.com\/es\/\" target=\"_blank\" rel=\"noopener\">Cohen &amp; Cars<\/a>, cuya sede se encuentra en el Centro Comercial Cristamar, o <a href=\"https:\/\/www.goldcar.es\/?gclsrc=aw.ds&amp;gad_source=1&amp;gclid=CjwKCAiAtt2tBhBDEiwALZuhACPqhv0VP1PZsgg8U2_lSak_MEuoNZTnSe8acWe4wNlM1a0FtiJ7IRoCRzcQAvD_BwE&amp;gclsrc=aw.ds\" target=\"_blank\" rel=\"noopener\">Goldcar<\/a>, con sede en el Aeropuerto de M\u00e1laga. <\/p>\n\n\n\n<p>Sitios de inter\u00e9s tur\u00edstico cercanos a <strong>Puerto Ban\u00fas:<\/strong><\/p>\n\n\n\n<ul class=\"wp-block-list\">\n<li>Marbella Casco Hist\u00f3rico - a 10,6 km, 15 min en coche, por Autov\u00eda del Mediterr\u00e1neo\/A-7 y AP-7, y 39 min en bus, por l\u00edneas 13 o L-79 o l\u00ednea 3<\/li>\n\n\n\n<li>Marbella Center - a 8,6 km, 17 min en coche, por N-340, y 33 min en bus, por l\u00ednea 13 o l\u00ednea 3<\/li>\n\n\n\n<li>Nagueles - a 8,6 km, 13 min en coche, por Autov\u00eda del Mediterr\u00e1neo\/A-7 o N-340, y 45 min en bus, por l\u00ednea 3<\/li>\n\n\n\n<li>San Pedro Alc\u00e1ntara - a 5,8 km, 12 min en coche, por Av. Miguel de Cervantes o Autov\u00eda del Mediterr\u00e1neo\/A-7, y 30 min en bus, por l\u00ednea 4 o l\u00edneas L-79\/13<\/li>\n\n\n\n<li>Ist\u00e1n - a 16,4 km, 27 min en coche, por Carr.Ist\u00e1n\/A-7176, <\/li>\n\n\n\n<li>Estepona - a 22,6 km, 25 min en coche, por Autov\u00eda del Mediterr\u00e1neo\/A-7 o AP-7<\/li>\n\n\n\n<li>Benahav\u00eds - a 13,1 km, 18 min en coche, por Autov\u00eda del Mediterr\u00e1neo\/A-7, A-7175 o Av Calder\u00f3n de la Barca<\/li>\n\n\n\n<li>Mijas - a 41,9 km, 31 min en coche, por AP-7 o A-7, y 1 h y 44 min en bus, por l\u00edneas Avanza L-304 y M-221\/M-122<\/li>\n\n\n\n<li>Ronda - a 53,3 km, 1 h y 4 min en coche, por A-397, y 1 h y 45 min en bus, por l\u00ednea Avanza L-304 o l\u00edneas 13\/-L-79 y Avanza L-525<\/li>\n<\/ul>\n\n\n\n<h2 class=\"wp-block-heading\"><span class=\"ez-toc-section\" id=\"Pasar_un_dia_en_Puerto_Banus\"><\/span>Pasar un d\u00eda en Puerto Ban\u00fas<span class=\"ez-toc-section-end\"><\/span><\/h2>\n\n\n\n<p><strong>Puerto Ban\u00fas<\/strong> es un lugar \u00fanico, y es que en este puerto durante el d\u00eda podr\u00e1 recorrer el muelle, ya sea paseando o en bicicleta, haciendo uso de empresas de alquiler como: <a href=\"https:\/\/costadeluxe.es\/\" target=\"_blank\" rel=\"noopener\"><strong>Costa Deluxe<\/strong> Bike Rental Marbella<\/a>, quedando cautivados por la impresionante vista de veh\u00edculos y embarcaciones de lujo, as\u00ed como por sus tiendas donde las marcas m\u00e1s emblem\u00e1ticas y lujosas convergen en sus paseos; sin embargo, al caer la noche, Puerto Ban\u00fas se transforma, adoptando un ambiente festivo lleno de vitalidad, donde la elegancia de sus terrazas y restaurantes se fusiona con el bullicio de sus clubes nocturnos. <\/p>\n\n\n\n<p>Ah, y que no se le olvide pasar por por Avenida Jos\u00e9 Ban\u00fas, donde podr\u00e1 encontrar estrellas de famosos como la Sergio Ramos o Julio Iglesias e incluso puede que se encuentre con alguno de ellos, pues es muy habitual que modelos, actores o cantantes vengan a disfrutar de este puerto exclusivo.<\/p>\n\n\n\n<h3 class=\"wp-block-heading\">Moda y lujo<\/h3>\n\n\n\n<p><strong>Puerto Ban\u00fas<\/strong> es la zona donde se encuentra el mayor n\u00famero de marcas de lujo, por metro cuadrado, de toda Europa, incluida las conocidas como las tres V: Versace, Valentino y Louis Vuitton.<\/p>\n\n\n\n<figure class=\"wp-caption aligncenter\">\n<picture><source width=\"1480\" srcset=\"https:\/\/media.inmobalia.com\/imgV1\/B98Le8~d7M9pwOKhCJcJLIfglZOtvyX13f98gUEkry2AXpxxwVVUW6beaB1CbHQXGOhTMxPEWoq2vSWoPxT0dWUFVpFov6NwmlNzq3qwzpnpHLdLIbYR7kAt7kdxTSy7F3Y6eXspGzRO.jpg 1480w\" type=\"image\/webp\"><img decoding=\"async\" class=\"img-fluid \" width=\"1480\" src=\"https:\/\/media.inmobalia.com\/imgV1\/B98Le8~d7M9pwOKhH98twCJY8~z6ePCZX6v4ZFfOvduhBdeVCpC563TEl9~Gba~ZsCNLt5CSrqfb7qaISBEVv0QdM3N8LXX9lSPXj4JYN1PSX8cCNQX6WqU-.jpg\"><\/picture>\n<figcaption class=\"wp-caption-text\"><\/figcaption>\n<\/figure>\n\n\n\n<p>Ir de compras en el exclusivo <strong>Puerto Ban\u00fas<\/strong> dista mucho de comprar en otro lugares de Marbella, c\u00f3mo podr\u00edan ser un centro comercial al uso, y es que si le gusta la moda est\u00e1, sin lugar a dudas, en el sitio correcto. Loewe, Dolce &amp; Gabbana, Bulgari, Fendi, Versace, Dior, <strong>Louis Vuitton,<\/strong> <strong>Gucci<\/strong> o <strong><strong>Swarovski<\/strong><\/strong> son solo algunas de las marcas que podr\u00e1 encontrar en este lugar, pero no son solo las tiendas, sino el servicio exclusivo brindado, en la mayor\u00eda de ellas, por uno o varios <em>personal shoppers<\/em>, lo que har\u00e1n que ir de compras en <strong>Puerto Ban\u00fas<\/strong> se convierta en algo exclusivo y \u00fanico.<\/p>\n\n\n\n<figure class=\"wp-caption aligncenter\">\n<picture><source width=\"1480\" srcset=\"https:\/\/media.inmobalia.com\/imgV1\/B98Le8~d7M9pwOKhCJcJLIfglZOtvyX13f98gUEkry2AXpxxwVVUW6beaB1CbHQXGOhTMxPEWoq2vSWoPxT0dWUFVpFov6NwmlNzq3qwzpnpHLdLIbYR7kAt7kdxTSy7F3Y6eInl_44J.jpg 1480w\" type=\"image\/webp\"><img decoding=\"async\" class=\"img-fluid \" width=\"1480\" src=\"https:\/\/media.inmobalia.com\/imgV1\/B98Le8~d7M9pwOKhH98twCJY8~z6ePCZX6v4ZFfOvduhBdeVCpC563TEl9~Gba~ZsCNLt5CSrqfb7qaISBEVv0QdM3N8LXX9lSPXj4JYN1PSX8cDVvbXYNI-.jpg\"><\/picture>\n<figcaption class=\"wp-caption-text\"><\/figcaption>\n<\/figure>\n\n\n\n<p>Pero, no son solo estas primeras marcas las opciones de compra que usted podr\u00e1 encontrar en <strong>Puerto Ban\u00fas<\/strong>, si se va al <a href=\"https:\/\/www.elcorteingles.es\/centroscomerciales\/es\/eci\/centros\/centro-comercial-costa-marbella\" target=\"_blank\" rel=\"noopener\">Corte Ingl\u00e9s Marbella<\/a> o al <a href=\"https:\/\/www.marinabanus.com\/\" target=\"_blank\" rel=\"noopener\">Centro Comercial Marina Ban\u00fas<\/a> tendr\u00e1 muchas m\u00e1s marcas disponibles, las cuales podr\u00e1 consultar en su web, de manera que se asegure que esta la que usted busca.<\/p>\n\n\n\n<figure class=\"wp-caption aligncenter\">\n<picture><source width=\"1480\" srcset=\"https:\/\/media.inmobalia.com\/imgV1\/B98Le8~d7M9pwOKhCJcJLIfglZOtvyX13f98gUEkry2AXpxxwVVUW6beaB1CbHQXGOhTMxPEWoq2vSWoPxT0dWUFVpFov6NwmlNzq3qwzpnpHLdLIbYR7kAt7kdxTSy7F3Y6eI25Wp4hWxE-.jpg 1480w\" type=\"image\/webp\"><img decoding=\"async\" class=\"img-fluid \" width=\"1480\" src=\"https:\/\/media.inmobalia.com\/imgV1\/B98Le8~d7M9pwOKhH98twCJY8~z6ePCZX6v4ZFfOvduhBdeVCpC563TEl9~Gba~ZsCNLt5CSrqfb7qaISBEVv0QdM3N8LXX9lSPXj4JYN1PSX8cDUoagtpAKlQ--.jpg\"><\/picture>\n<figcaption class=\"wp-caption-text\"><\/figcaption>\n<\/figure>\n\n\n\n<h3 class=\"wp-block-heading\">Restaurantes <\/h3>\n\n\n\n<p>Las opciones de restaurantes en <strong>Puerto Ban\u00fas<\/strong> son muchas, opciones donde podr\u00e1 encontrar desde <strong>cocina mediterr\u00e1nea y andaluza, hasta cocina libanesa, italiana o japonesa, <\/strong>entre otras. Aqu\u00ed le queremos hablar sobre alguno de nuestros favoritos de la zona, aunque solo tiene que dar un paseo por el puerto o por sus alrededores para ver la multitud de restaurantes que tiene a su disposici\u00f3n, como: La Sala Ban\u00fas<\/p>\n\n\n\n<figure class=\"wp-caption aligncenter\">\n<picture><source width=\"1480\" srcset=\"https:\/\/media.inmobalia.com\/imgV1\/B98Le8~d7M9pwOKhCJcJLIfglZOtvyX13f98gUEkry2AXpxxwVVUW6beaB1CbHQXGOhTMxPEWoq2vSWoPxT0dWUFVpFov6NwmlNzq3qwzpnpHLdLIbYR7kAt7kdxTSy7F3Y6eX6Zsgme.jpg 1480w\" type=\"image\/webp\"><img decoding=\"async\" class=\"img-fluid \" width=\"1480\" src=\"https:\/\/media.inmobalia.com\/imgV1\/B98Le8~d7M9pwOKhH98twCJY8~z6ePCZX6v4ZFfOvduhBdeVCpC563TEl9~Gba~ZsCNLt5CSrqfb7qaISBEVv0QdM3N8LXX9lSPXj4JYN1PSX8cCMLl5ack-.jpg\"><\/picture>\n<figcaption class=\"wp-caption-text\"><\/figcaption>\n<\/figure>\n\n\n\n<h4 class=\"wp-block-heading\"><strong>Restaurante Los Bandidos<\/strong><\/h4>\n\n\n\n<p>\"Platos internacionales con toques escandinavos en un acogedor local con paredes cubiertas de fotograf\u00edas de cine\", as\u00ed se podr\u00eda describir la esencia del Restaurante Los Bandidos en <strong>Puerto Ban\u00fas<\/strong>. Este emblem\u00e1tico restaurante, con mas de 35 a\u00f1os de historia en la exclusiva marina de <strong>Puerto Ban\u00fas<\/strong>, se ha ganado el coraz\u00f3n de locales y visitantes por su ambiente \u00fanico y su exquisita cocina. El lugar es peque\u00f1o pero acogedor y muy bien decorado, con fotograf\u00edas de escenas de cine y actores y actrices, internacionales y nacionales, en sus paredes, y un jard\u00edn colgante en su techo que crea un ambiente \u00fanico.<\/p>\n\n\n\n<p>En cuanto a su oferta culinaria fundadora, Jill Lindberg, ha impregnado el <a href=\"https:\/\/www.losbandidos.es\/es\/menu\/\" target=\"_blank\" rel=\"noopener\">men\u00fa<\/a> de su pasi\u00f3n por la cocina, ofreciendo una mezcla magistral de recetas cl\u00e1sicas con presentaciones innovadoras que, a\u00fan con un precio que puede resultar algo elevado, merece la pena pagar, seg\u00fan la mayor\u00eda de sus comensales . El equipo de 8 chefs en la cocina se esmera en cada detalle y su servicio en mesa suele ser alabado, por la mayor\u00eda de sus clientes, por su amabilidad. <\/p>\n\n\n\n<p>Este restaurante, debido a su gran popularidad, requiere de reserva anticipada. <\/p>\n\n\n\n<ul class=\"wp-block-list\">\n<li><strong>PRECIO<\/strong>: \u20ac\u20ac\u20ac<\/li>\n\n\n\n<li><strong>HORARIO<\/strong>: De lunes a domingo, de 19:00 a 1:00<\/li>\n\n\n\n<li><a href=\"https:\/\/www.google.es\/maps\/place\/Los+Bandidos\/@36.4874458,-4.9540686,18z\/data=!4m23!1m16!4m15!1m6!1m2!1s0xd7329c0f3c27dd5:0xc208325ccef80ed2!2sPuerto+Ban%C3%BAs.+Puerto+Deportivo+de+Lujo+en+Marbella,+Muelle+de+Honor+%E2%80%93+Torre+de+Control+Marbella+M%C3%A1laga+ES+29660,+29660+Marbella,+M%C3%A1laga!2m2!1d-4.9550324!2d36.4861426!1m6!1m2!1s0xd7329c6cd6f9533:0x4a5dfcd28e58f18e!2sLos+Bandidos,+Muelle+Ribera,+Marbella!2m2!1d-4.9505838!2d36.488796!3e3!3m5!1s0xd7329c6cd6f9533:0x4a5dfcd28e58f18e!8m2!3d36.488796!4d-4.9505838!16s%2Fg%2F1tv3q0r_?entry=ttu\" target=\"_blank\" rel=\"noopener\"><strong>DIRECCI\u00d3N<\/strong><\/a>: Muelle Ribera, 35, Nueva Andaluc\u00eda, 29660 Marbella, M\u00e1laga<\/li>\n\n\n\n<li><strong>ENTREGA<\/strong>: Comer all\u00ed - No hay entrega a domicilio<\/li>\n\n\n\n<li><strong>TEL\u00c9FONO<\/strong>: 952 81 59 15<\/li>\n<\/ul>\n\n\n\n<h4 class=\"wp-block-heading\"><a href=\"https:\/\/www.eatinimitable.com\/\" target=\"_blank\" rel=\"noopener\">INIMITABLE<\/a><\/h4>\n\n\n\n<p><em>Restaurante de cocina contempor\u00e1nea europea<\/em><\/p>\n\n\n\n<p>Un restaurante conocido por un ambiente elegante a la par que acogedor que nada m\u00e1s entrar en el hace que te transportes a un mundo de lujo y sofisticaci\u00f3n; con terraza y detalles muy buen cuidados, desde la presentaci\u00f3n de sus platos hasta la calidad del servicio, lo que lo convierten en el sitio ideal para una cena especia. <\/p>\n\n\n\n<p>Pero lo que realmente destaca del restaurante INIMITABLE es su men\u00fa. Un men\u00fa innovador que combina cocina internacional, europea, contempor\u00e1nea y fusi\u00f3n, a manos del chef Eric, reflejando as\u00ed una mezcla armoniosa de sabores y t\u00e9cnicas de todo el mundo; desde entrantes delicadamente preparados hasta platos principales con combinaciones y texturas que se notan que est\u00e1n muy estudiadas, entre los cuales destacamos su ceviche, sus raviolis de foie con trufa o su tartar, el cual es una prueba de su buen dominio del at\u00fan, y sus postres innovadores, todo ello a una buena calidad precio. <\/p>\n\n\n\n<p>Adem\u00e1s, la selecci\u00f3n de vinos y bebidas est\u00e1 cuidadosamente curada para complementar la experiencia gastron\u00f3mica. Entre nuestras recomendaciones tambi\u00e9n est\u00e1 la de probar su men\u00fa degustaci\u00f3n para no perderse ninguno de sus platos principales.<\/p>\n\n\n\n<p>Siempre es recomendable <a href=\"https:\/\/www.thefork.es\/restaurante\/inimitable-r520031#booking=\" target=\"_blank\" rel=\"noopener\">reservar una mesa<\/a> para poder asegurar su sitio y disfrutar de esta experiencia culinaria en <strong>Puerto Ban\u00fas<\/strong>. <\/p>\n\n\n\n<ul class=\"wp-block-list\">\n<li><strong>HORARIO<\/strong>: De martes a domingo, de 13:00 a 15:30 y de 19:00 a 24:00<\/li>\n\n\n\n<li><a href=\"https:\/\/www.google.es\/maps\/place\/INIMITABLE\/@36.4884488,-4.9530568,17.94z\/data=!3m1!5s0xd7329c1204d08e7:0xcefcaf041e83c4aa!4m6!3m5!1s0xd73294f4b3b4b25:0x7ec414640acba110!8m2!3d36.4884354!4d-4.9518831!16s%2Fg%2F11hzlz6wxt?entry=ttu\" target=\"_blank\" rel=\"noopener\"><strong>DIRECCI\u00d3N<\/strong><\/a>: C. Ribera, 10, Nueva Andaluc\u00eda, 29660 Marbella, M\u00e1laga<\/li>\n\n\n\n<li><strong>ENTREGA<\/strong>: Comer all\u00ed - No hay entrega a domicilio<\/li>\n\n\n\n<li><strong>TEL\u00c9FONO<\/strong>: 622 44 10 20<\/li>\n<\/ul>\n\n\n\n<h4 class=\"wp-block-heading\"><a href=\"https:\/\/www.breathe.life\/blog\/es\/\" target=\"_blank\" rel=\"noopener\">Breathe - Restaurante en Puerto Banus | Gastrobar &amp; Garden<\/a><\/h4>\n\n\n\n<p>A Breathe el nombre le viene como anillo al dedo, y es que seg\u00fan algunos de sus clientes m\u00e1s fieles este sitio es un respiro. Un refugio gastron\u00f3mico que ofrece una experiencia culinaria \u00fanica en uno de los destinos m\u00e1s exclusivos de Marbella. Este establecimiento combina con maestr\u00eda el concepto de gastrobar y jard\u00edn, creando un espacio donde la comida, el dise\u00f1o y la naturaleza se entrelazan armoniosamente.<\/p>\n\n\n\n<p>El <a href=\"https:\/\/www.breathe.life\/blog\/es\/breathe\/menu-breathe\/\" target=\"_blank\" rel=\"noopener\">men\u00fa <\/a>de Breathe es una fusi\u00f3n de sabores mediterr\u00e1neos y europeos, presentados con un toque contempor\u00e1neo. El men\u00fa est\u00e1 dise\u00f1ado para sorprender y deleitar, ofreciendo platos que son tanto visualmente impresionantes como exquisitamente sabrosos. Desde entrantes ligeros y refrescantes hasta platos principales robustos, como la lubina con risotto, la cual le recomendamos probar, postres innovadores y excelentes cocteles. Adem\u00e1s, el compromiso de Breathe con la sostenibilidad y el respeto por el medio ambiente se refleja en su elecci\u00f3n de ingredientes locales y de temporada, asegurando no solo la frescura sino tambi\u00e9n el apoyo a los proveedores locales. Tambi\u00e9n destacar de este peculiar restaurante que cuenta con opciones veganas, vegetarianas y sin gluten. <\/p>\n\n\n\n<p>Pero, lo que realmente distingue a Breathe es su atm\u00f3sfera \u00fanica. El restaurante presenta un dise\u00f1o interior elegante y moderno, complementado por un hermoso jard\u00edn exterior que invita a los comensales a relajarse en un entorno natural tranquilo. La combinaci\u00f3n de espacios interiores y exteriores hace de Breathe el lugar perfecto para disfrutar de una comida en cualquier \u00e9poca del a\u00f1o, con detalles como la iluminaci\u00f3n, la temperatura, el menaje, la decoraci\u00f3n, la atenci\u00f3n de los <em>managers<\/em> o la m\u00fasica tan bien cuidados que har\u00e1n que quieras volver m\u00e1s de una vez. <\/p>\n\n\n\n<p>Puede reservar una mesa en Beathe, de manera sencilla, pinchando aqu\u00ed: <a href=\"https:\/\/www.breathe.life\/blog\/breathebookings-2\/\" target=\"_blank\" rel=\"noopener\">enlace de reserva<\/a>.<\/p>\n\n\n\n<ul class=\"wp-block-list\">\n<li><strong>HORARIO<\/strong>: De lunes a domingo, de 18:00 a 1:00<\/li>\n\n\n\n<li><a href=\"https:\/\/www.google.es\/maps\/place\/Breathe+-+Restaurante+en+Puerto+Banus+%7C+Gastrobar+%26+Garden\/@36.4907786,-4.9612531,16.68z\/data=!4m6!3m5!1s0xd73292664a2a029:0x69fee95ecf65074b!8m2!3d36.4901831!4d-4.9579368!16s%2Fg%2F11gjt15pbw?entry=ttu\" target=\"_blank\" rel=\"noopener\"><strong>DIRECCI\u00d3N<\/strong><\/a>: C. los Lirios, Nueva Andaluc\u00eda, 29660 Marbella, M\u00e1laga<\/li>\n\n\n\n<li><strong>ENTREGA<\/strong>: Comer all\u00ed - Para llevar - A domicilio<\/li>\n\n\n\n<li><strong>TEL\u00c9FONO<\/strong>: 952 03 64 94<\/li>\n<\/ul>\n\n\n\n<h4 class=\"wp-block-heading\"><a href=\"https:\/\/chimumarbella.com\/\" target=\"_blank\" rel=\"noopener\">Chim\u00fa Puerto Ban\u00fas<\/a><\/h4>\n\n\n\n<p>Este establecimiento es conocido por su impresionante fusi\u00f3n de sabores, combinando la cocina peruana, latina, internacional y con de sushi. La experiencia en Chim\u00fa es una inmersi\u00f3n en un mundo gastron\u00f3mico donde las tradiciones culinarias peruanas se encuentran con influencias globales contempor\u00e1neas, creando platos \u00fanicos y memorables, todo ello en un entorno con un dise\u00f1o y una decoraci\u00f3n preciosas inspiradas en Peru.<\/p>\n\n\n\n<p>El restaurante se caracteriza por su ambiente moderno y elegante, que invita a los comensales a disfrutar de una experiencia culinaria relajada pero sofisticada. El <a href=\"https:\/\/chimumarbella.com\/wp-content\/uploads\/2022\/12\/CHIMU-MENU.pdf\" target=\"_blank\" rel=\"noopener\">men\u00fa<\/a> de platos de Chim\u00fa son reconocidos por su presentaci\u00f3n art\u00edstica y su equilibrio de sabores, donde los ingredientes frescos y de alta calidad juegan un papel principal. La carta incluye una variedad de ceviches, platos a base de mariscos, carnes y opciones vegetarianas, cada uno con el toque especial que define a la cocina peruana. La relaci\u00f3n calidad es buena, seg\u00fan sus algunos clientes, aunque el precio puede pecar de ser algo elevado, aunque es concorde al resto de sitios de <strong>Puerto Ban\u00fas<\/strong>.<\/p>\n\n\n\n<p>Chim\u00fa tambi\u00e9n ofrece una selecci\u00f3n cuidadosamente curada de vinos y c\u00f3cteles, dise\u00f1ados para complementar perfectamente su men\u00fa. Este restaurante es una opci\u00f3n ideal para aquellos que buscan una experiencia gastron\u00f3mica \u00fanica en <strong>Puerto Ban\u00fas<\/strong>, donde la innovaci\u00f3n culinaria se encuentra con el lujo y el estilo.<\/p>\n\n\n\n<ul class=\"wp-block-list\">\n<li><strong>HORARIO<\/strong>: De martes a s\u00e1bado, de 18:00 a 24:00, domingos, de 18:00 a 3:00<\/li>\n\n\n\n<li><strong><a href=\"https:\/\/www.google.es\/maps\/place\/Chim%C3%BA+Puerto+Banus\/@36.4898415,-4.9510389,17z\/data=!4m15!1m8!3m7!1s0xd7329dc583fd325:0x8340525c0f3d8691!2sChim%C3%BA+Puerto+Banus!8m2!3d36.4898415!4d-4.9510389!10e5!16s%2Fg%2F11pz8scdqx!3m5!1s0xd7329dc583fd325:0x8340525c0f3d8691!8m2!3d36.4898415!4d-4.9510389!16s%2Fg%2F11pz8scdqx?entry=ttu\" target=\"_blank\" rel=\"noopener\">DIRECCI\u00d3N<\/a><\/strong>: C. los Lirios, Nueva Andaluc\u00eda, 29660 Marbella, M\u00e1laga<\/li>\n\n\n\n<li><strong>ENTREGA<\/strong>: Comer all\u00ed - Para llevar - A domicilio (Uber \/ Glovo)<\/li>\n\n\n\n<li><strong>TEL\u00c9FONO<\/strong>: 604 40 52 17<\/li>\n<\/ul>\n\n\n\n<h3 class=\"wp-block-heading\">Cafeter\u00edas y <em>brunch<\/em><\/h3>\n\n\n\n<p>Al igual que restaurantes, si por otra cosa destaca <strong>Puerto Ban\u00fas<\/strong> es por sus cafeter\u00edas o sitios donde tomar un buen <em>brunch<\/em>.<\/p>\n\n\n\n<h4 class=\"wp-block-heading\">Box Kitchen Marbella<\/h4>\n\n\n\n<p>Dentro del Centro Comercial Marina Ban\u00fas.<\/p>\n\n\n\n<p>Conocida por su excelente men\u00fa de desayuno, esta cafeter\u00eda tambi\u00e9n es popular por sus opciones saludables y batidos de prote\u00ednas. Este establecimiento atrae tanto a locales como a visitantes con su ambiente relajado y moderno, ideal para empezar el d\u00eda con energ\u00eda. Su compromiso con la calidad y la frescura de los ingredientes lo convierte en el lugar perfecto para disfrutar de una comida nutritiva y deliciosa, desde temprano por la ma\u00f1ana hasta la hora del almuerzo, en un entorno agradable y acogedor.<\/p>\n\n\n\n<ul class=\"wp-block-list\">\n<li><strong>HORARIO<\/strong>: De martes a s\u00e1bado, de 18:00 a 24:00, domingos, de 18:00 a 3:00<\/li>\n\n\n\n<li><a href=\"https:\/\/www.google.es\/maps\/place\/Box+Kitchen+Marbella\/@36.4900538,-4.9520883,17.42z\/data=!3m1!5s0xd7329c15d0d70e1:0x20f4de1cb8983882!4m14!1m7!3m6!1s0xd7329b866781e1b:0xe7f684b32e7f0819!2sBox+Kitchen+Marbella!8m2!3d36.4905882!4d-4.9504417!16s%2Fg%2F11rk25wg0m!3m5!1s0xd7329b866781e1b:0xe7f684b32e7f0819!8m2!3d36.4905882!4d-4.9504417!16s%2Fg%2F11rk25wg0m?entry=ttu\" target=\"_blank\" rel=\"noopener\"><strong>DIRECCI\u00d3N<\/strong><\/a>: 65\/66 Lugar Centro Comercial Cristamar, 127, 29660 Marbella, M\u00e1laga | Planta G - Centro Comercial Marina Ban\u00fas<\/li>\n\n\n\n<li><strong>ENTREGA<\/strong>: Comer all\u00ed - Para llevar - A domicilio (Glovo)<\/li>\n\n\n\n<li><strong>TEL\u00c9FONO<\/strong>: 722 65 51 59<\/li>\n<\/ul>\n\n\n\n<h4 class=\"wp-block-heading\"><a href=\"https:\/\/www.rosas.cafe\/es\/\" target=\"_blank\" rel=\"noopener\">Rosas Caf\u00e9<\/a><\/h4>\n\n\n\n<p>Rosas Caf\u00e9, situado en el coraz\u00f3n de <strong>Puerto Ban\u00fas<\/strong>, es uno de los establecimientos m\u00e1s <em>instagrameables<\/em> de toda Marbella. Conocido por su decoraci\u00f3n, todo lleno de rosas, y su <a href=\"https:\/\/www.rosas.cafe\/es\/breakfast-menu\/\" target=\"_blank\" rel=\"noopener\">men\u00fa<\/a> de deliciosos desayunos y brunches, ofreciendo una selecci\u00f3n de excelentes caf\u00e9s, t\u00e9s, huevos royal con un zumo de naranja y pasteles de todo tipo, adem\u00e1s de platos ligeros y sabrosos. Con su decoraci\u00f3n moderna y elegante, a la par que diferente, Rosas Caf\u00e9 se ha convertido en un punto de encuentro favorito tanto para locales como para visitantes, destacando por su amable servicio y su ubicaci\u00f3n conveniente en una de las zonas m\u00e1s animadas de la ciudad, donde desayunar.<\/p>\n\n\n\n<ul class=\"wp-block-list\">\n<li><strong>HORARIO<\/strong>: De lunes a domingo, de 9:00 a 17:00<\/li>\n\n\n\n<li><a href=\"https:\/\/www.google.es\/maps\/place\/Rosas+cafe\/@36.4861122,-4.9588014,16.8z\/data=!4m15!1m8!3m7!1s0xd7329b501f61203:0x7f0e91b30eef59e2!2sRosas+cafe!8m2!3d36.4884584!4d-4.9570945!10e5!16s%2Fg%2F11f6md5794!3m5!1s0xd7329b501f61203:0x7f0e91b30eef59e2!8m2!3d36.4884584!4d-4.9570945!16s%2Fg%2F11f6md5794?entry=ttu\" target=\"_blank\" rel=\"noopener\"><strong>DIRECCI\u00d3N<\/strong><\/a>: Gaviotas IV, Av. Playas del Duque, Local 3, 29660 Marbella, M\u00e1laga<\/li>\n\n\n\n<li><strong>ENTREGA<\/strong>: Comer all\u00ed - Para llevar - A domicilio (Just Eat \/ Glovo)<\/li>\n\n\n\n<li><strong>TEL\u00c9FONO<\/strong>: 633 55 35 82<\/li>\n<\/ul>\n\n\n\n<h3 class=\"wp-block-heading\">Para los deportistas<\/h3>\n\n\n\n<h4 class=\"wp-block-heading\"><a href=\"https:\/\/www.marbellafootballcenter.com\/es\/\" target=\"_blank\" rel=\"noopener\">Ban\u00fas Football Center<\/a><\/h4>\n\n\n\n<p class=\"undefined\">Ban\u00fas Football Center en Marbella destaca como un centro deportivo excepcional, dedicado al f\u00fatbol y situado cerca de la famosa <strong>Puerto Ban\u00fas<\/strong>. Este centro es reconocido por su calidad y es considerado por muchos aficionados y jugadores como uno de los mejores lugares para practicar y disfrutar del f\u00fatbol en la Costa del Sol.<\/p>\n\n\n\n<p class=\"undefined\">Las instalaciones del Ban\u00fas Football Center est\u00e1n meticulosamente cuidadas, proporcionando campos amplios y en perfecto estado para jugadores de todas las edades y niveles. Adem\u00e1s de ofrecer espacios para jugar, el centro tambi\u00e9n brinda la oportunidad de participar en clases de entrenamiento de f\u00fatbol, lo que lo hace ideal tanto para jugadores experimentados como para aquellos que reci\u00e9n comienzan o quieren mejorar. <\/p>\n\n\n\n<ul class=\"wp-block-list\">\n<li><strong>HORARIO<\/strong>: De lunes a domingo, de 10:00 a 17:00<\/li>\n\n\n\n<li><strong><a href=\"https:\/\/www.google.es\/maps\/place\/Ban%C3%BAs+Football+Center\/@36.5017125,-4.9499951,17z\/data=!4m15!1m8!3m7!1s0xd7329a307bb9d51:0x503548b94df3eeb4!2sBan%C3%BAs+Football+Center!8m2!3d36.5016078!4d-4.9492894!10e5!16s%2Fg%2F11hyp9c0fw!3m5!1s0xd7329a307bb9d51:0x503548b94df3eeb4!8m2!3d36.5016078!4d-4.9492894!16s%2Fg%2F11hyp9c0fw?entry=ttu\" target=\"_blank\" rel=\"noopener\">DIRECCI\u00d3N<\/a><\/strong>: Lugar Conjunto la Dama de Noche, 0 S\/N Bl 2, 29660 Marbella, M\u00e1laga<\/li>\n\n\n\n<li><strong>TEL\u00c9FONO<\/strong>: 952 79 94 64<\/li>\n<\/ul>\n\n\n\n<h4 class=\"wp-block-heading\"><a href=\"https:\/\/banus.golf\/\" target=\"_blank\" rel=\"noopener\">Ban\u00fas Executive Golf<\/a><\/h4>\n\n\n\n<p class=\"undefined\"><br>Ban\u00fas Executive Golf, ubicado cerca de gran atractivo tur\u00edstico <strong>Puerto Ban\u00fas<\/strong>, en Marbella, es un campo de golf de renombre conocido por su belleza excepcional y su dise\u00f1o desafiante. Este campo es aclamado por jugadores regulares y expertos de golf como uno de los campos m\u00e1s atractivos y t\u00e9cnicamente interesantes de la Costa del Sol.<\/p>\n\n\n\n<p class=\"undefined\">Los fairways, de hoyos cortos, serpentean a trav\u00e9s de un paisaje natural impresionante, combinando h\u00e1bilmente elementos de agua y vegetaci\u00f3n para crear un recorrido que es tanto desafiante como visualmente impresionante. La proximidad al mar Mediterr\u00e1neo asegura una brisa constante, a\u00f1adiendo un elemento adicional al juego. Adem\u00e1s tiene la mejor calidad precio de la zona, en lo que se refiere al juego, siendo su precio, para 9 hoyos, en la zona de mayores de 24 euros y en la zona de mejores de 12 euros.<\/p>\n\n\n\n<p class=\"undefined\">M\u00e1s all\u00e1 del juego, Ban\u00fas Executive Golf es tambi\u00e9n un lugar para la socializaci\u00f3n y la relajaci\u00f3n. Su club house es un punto de encuentro perfecto para los golfistas, ofreciendo un ambiente elegante y acogedor. El restaurante del club, aunque puede pecar de tener un precio algo elevado, lo que es com\u00fan en este tipo de restaurantes, es tambi\u00e9n conocido por su buena gastronom\u00eda, siendo el lugar ideal para disfrutar de una comida o un caf\u00e9, ya sea en el interior o en su terraza, con vistas panor\u00e1micas al campo de golf. Adem\u00e1s tambi\u00e9n cuenta con una peque\u00f1a tienda. <\/p>\n\n\n\n<ul class=\"wp-block-list\">\n<li><strong>HORARIO<\/strong>: De lunes a domingo, de 8:30 a 18:30<\/li>\n\n\n\n<li><strong><a href=\"https:\/\/www.google.es\/maps\/place\/Ban%C3%BAs+Executive+Golf\/@36.5028744,-4.9520201,17z\/data=!3m1!4b1!4m6!3m5!1s0xd73292ed57a925f:0x130782b76c787310!8m2!3d36.5028744!4d-4.9494452!16s%2Fg%2F11h4zqtxx_?entry=ttu\" target=\"_blank\" rel=\"noopener\">DIRECCI\u00d3N<\/a><\/strong>: Cam. del \u00c1ngel, s\/n, 29660 Marbella, M\u00e1laga<\/li>\n\n\n\n<li><strong>TEL\u00c9FONO<\/strong>: 951 56 09 72<\/li>\n\n\n\n<li>APARCAMIENTO: Muy c\u00f3modo para aparcar<\/li>\n<\/ul>\n\n\n\n<h3 class=\"wp-block-heading\">Casino Marbella<\/h3>\n\n\n\n<figure class=\"wp-caption aligncenter\">\n<picture><source width=\"1480\" srcset=\"https:\/\/media.inmobalia.com\/imgV1\/B98Le8~d7M9pwOKhCJcJLIfglZOtvyX13f98gUEkry2AXpxxwVVUW6beaB1CbHQXGOhTMxPEWoq2vSWoPxT0dWUFVpFov6NwmlNzq3qwzpnpHLdLIbYR7kAt7kdxTSy7F3Y5~WCSGreoIzk-.jpg 1480w\" type=\"image\/webp\"><img decoding=\"async\" class=\"img-fluid \" width=\"1480\" src=\"https:\/\/media.inmobalia.com\/imgV1\/B98Le8~d7M9pwOKhH98twCJY8~z6ePCZX6v4ZFfOvduhBdeVCpC563TEl9~Gba~ZsCNLt5CSrqfb7qaISBEVv0QdM3N8LXX9lSPXj4JYN1PSX8RzPC2u1LpVbg--.jpg\"><\/picture>\n<figcaption class=\"wp-caption-text\"><\/figcaption>\n<\/figure>\n\n\n\n<p class=\"undefined\"><br>M\u00e1quinas tragaperras y juegos de mesa en un casino flanqueado por palmeras que cuenta con un bar restaurante chic: as\u00ed es el Casino Marbella, un destino emblem\u00e1tico para el entretenimiento y el juego en la Costa del Sol. Situado en el coraz\u00f3n de <strong>Puerto Ban\u00fas<\/strong>, este casino no solo ofrece una amplia gama de juegos, incluyendo populares tragaperras, blackjack, ruleta y p\u00f3ker, sino que tambi\u00e9n se distingue por su elegante dise\u00f1o y su ambiente exclusivo.<\/p>\n\n\n\n<p class=\"undefined\">El Casino Marbella es m\u00e1s que un lugar para apostar; es un espacio de ocio completo. El bar restaurante del casino es conocido por su ambiente chic y sofisticado, ofreciendo una variedad de platos exquisitos y una selecci\u00f3n de bebidas para disfrutar en un entorno relajado. Es el lugar perfecto para una velada de entretenimiento, ya sea para disfrutar de una cena elegante o para tomar una copa despu\u00e9s de probar suerte en los juegos.<\/p>\n\n\n\n<p class=\"undefined\">El casino tambi\u00e9n alberga eventos regulares, torneos de p\u00f3ker y actividades especiales. <\/p>\n\n\n\n<ul class=\"wp-block-list\">\n<li><strong>HORARIO<\/strong>: De lunes a domingo, de 11:00 a 4:00; cena de 20:00 a 2:00<\/li>\n\n\n\n<li><strong><a href=\"https:\/\/www.google.es\/maps\/place\/Casino+Marbella\/@36.4888991,-4.9623157,17z\/data=!4m15!1m8!3m7!1s0xd72d81c2a79afc1:0x7bdc03a519ef83af!2sCasino+Marbella!8m2!3d36.4889687!4d-4.9618863!10e5!16s%2Fg%2F1tg9jxqh!3m5!1s0xd72d81c2a79afc1:0x7bdc03a519ef83af!8m2!3d36.4889687!4d-4.9618863!16s%2Fg%2F1tg9jxqh?entry=ttu\" target=\"_blank\" rel=\"noopener\">DIRECCI\u00d3N<\/a><\/strong>: Carretera Nacional 340, K174, 29660 Marbella, M\u00e1laga<\/li>\n\n\n\n<li><strong>TEL\u00c9FONO<\/strong>: 952 81 40 00<\/li>\n<\/ul>\n\n\n\n<h3 class=\"wp-block-heading\">Playa Puerto Ban\u00fas<\/h3>\n\n\n\n<figure class=\"wp-caption aligncenter\">\n<picture><source width=\"1480\" srcset=\"https:\/\/media.inmobalia.com\/imgV1\/B98Le8~d7M9pwOKhCJcJLIfglZOtvyX13f98gUEkry2AXpxxwVVUW6beaB1CbHQXGOhTMxPEWoq2vSWoPxT0dWUFVpFov6NwmlNzq3qwzpnpHLdLIbYR7kbEomIJOqxIB~0Q4gAwtzxdUh_DqWH4Zuw-.jpg 1480w\" type=\"image\/webp\"><img decoding=\"async\" class=\"img-fluid \" width=\"1480\" src=\"https:\/\/media.inmobalia.com\/imgV1\/B98Le8~d7M9pwOKhH98twCJY8~z6ePCZX6v4ZFfOvduhBdeVCpC563TEl9~Gba~ZsCNLt5CSrqfb7qaISBEVv0QdM3N8LXX9k3wwFwyLq1oN6W2fbliy9s50nLf2IPh1sA--.jpg\"><\/picture>\n<figcaption class=\"wp-caption-text\"><\/figcaption>\n<\/figure>\n\n\n\n<p>Justo al lado del emblem\u00e1tico muelle de <strong>Puerto Ban\u00fas<\/strong> se extiende la magn\u00edfica Playa de <strong>Puerto Ban\u00fas<\/strong>, una joya en la Costa del Sol que cautiva a los amantes del sol y el mar. Esta playa se destaca por su hermosa arena dorada y aguas cristalinas, ideales para un d\u00eda de relajaci\u00f3n y disfrute. Adem\u00e1s, su vibrante vida de beach clubs atrae a quienes buscan un ambiente m\u00e1s sofisticado y lujoso. Entre estos, destacan:<\/p>\n\n\n\n<ul class=\"wp-block-list\">\n<li><strong><a href=\"https:\/\/www.google.es\/maps\/place\/Paradise+Beach+Banus\/@36.4906556,-4.9480944,19.33z\/data=!4m15!1m8!3m7!1s0xd7329b501f61203:0x7f0e91b30eef59e2!2sRosas+cafe!8m2!3d36.4884584!4d-4.9570945!10e5!16s%2Fg%2F11f6md5794!3m5!1s0xd7329b0e38f5323:0x1d770d44a3e88a9f!8m2!3d36.490595!4d-4.9486984!16s%2Fg%2F11t9b6fy7z?entry=ttu\" target=\"_blank\" rel=\"noopener\">Paradise Beach Club<\/a><\/strong>: Un refugio de lujo con elegantes camas balinesas, perfecto para disfrutar del sol en un ambiente exclusivo, ofreciendo tambi\u00e9n una selecci\u00f3n exquisita de comida y bebidas.<\/li>\n<\/ul>\n\n\n\n<ul class=\"wp-block-list\">\n<li><strong><a href=\"https:\/\/www.google.es\/maps\/place\/Aurora+Beach\/@36.4914245,-4.9475192,19.33z\/data=!4m15!1m8!3m7!1s0xd7329b501f61203:0x7f0e91b30eef59e2!2sRosas+cafe!8m2!3d36.4884584!4d-4.9570945!10e5!16s%2Fg%2F11f6md5794!3m5!1s0xd7329c42cda72d1:0xcf4a95d863d3aaab!8m2!3d36.4919154!4d-4.9471725!16s%2Fg%2F11bbrp345p?entry=ttu\" target=\"_blank\" rel=\"noopener\">Aurora Beach Ban\u00fas<\/a><\/strong>: Conocido por su ambiente relajado y vistas impresionantes, este club es ideal para quienes buscan desconectar mientras disfrutan de una gastronom\u00eda de alta calidad y c\u00f3cteles innovadores.<\/li>\n\n\n\n<li><strong><a href=\"https:\/\/www.google.es\/maps\/place\/Chiringuito+Asucar+Beach\/@36.4924771,-4.9463748,19.33z\/data=!4m15!1m8!3m7!1s0xd7329b501f61203:0x7f0e91b30eef59e2!2sRosas+cafe!8m2!3d36.4884584!4d-4.9570945!10e5!16s%2Fg%2F11f6md5794!3m5!1s0xd7329c5be355661:0xe3eac9b0c6242f13!8m2!3d36.4926531!4d-4.9462176!16s%2Fg%2F11c46hdkcg?entry=ttu\" target=\"_blank\" rel=\"noopener\">Chiringuito Asucar Beach<\/a><\/strong>: Ofrece una experiencia m\u00e1s tradicional y relajada, con deliciosos platos locales y una atm\u00f3sfera acogedora que invita a disfrutar de largas jornadas frente al mar.<\/li>\n\n\n\n<li><a href=\"https:\/\/www.google.es\/maps\/place\/LEVANTE+BEACH\/@36.4890655,-4.94951,19z\/data=!4m15!1m8!3m7!1s0xd73291cfc6f8c79:0x334f05dfec4cd40f!2sLEVANTE+BEACH!8m2!3d36.4889578!4d-4.9488631!10e5!16s%2Fg%2F11fq08dzqp!3m5!1s0xd7329c6c2306f7f:0xc53847287727f6f6!8m2!3d36.4890655!4d-4.94951!16s%2Fg%2F1tx8vkpc?entry=ttu\" target=\"_blank\" rel=\"noopener\">LEVANTE BEACH<\/a>: Este <em>beach club<\/em> se distingue por su elegante dise\u00f1o y su ambiente sereno, ideal para aquellos que buscan relajarse bajo el sol mediterr\u00e1neo. Con una oferta de c\u00f3modas tumbonas, una piscina refrescante y un men\u00fa de delicias culinarias, Levante Beach es el lugar perfecto para desconectar y disfrutar de un d\u00eda de puro placer. Su atm\u00f3sfera exclusiva y vistas al mar lo convierten en un destino imprescindible para los amantes del estilo y el confort en la Costa del Sol.<\/li>\n<\/ul>\n\n\n\n<figure class=\"wp-caption aligncenter\">\n<picture><source width=\"1480\" srcset=\"https:\/\/media.inmobalia.com\/imgV1\/B98Le8~d7M9pwOKhCJcJLIfglZOtvyX13f98gUEkry2AXpxxwVVUW6beaB1CbHQXGOhTMxPEWoq2vSWoPxT0dWUFVpFov6NwmlNzq3qwzpnpHLdLIbYR7kAt7kdxTSy7F3Y6dxCyEVGp.jpg 1480w\" type=\"image\/webp\"><img decoding=\"async\" class=\"img-fluid \" width=\"1480\" src=\"https:\/\/media.inmobalia.com\/imgV1\/B98Le8~d7M9pwOKhH98twCJY8~z6ePCZX6v4ZFfOvduhBdeVCpC563TEl9~Gba~ZsCNLt5CSrqfb7qaISBEVv0QdM3N8LXX9lSPXj4JYN1PSX8cMVVpYS40-.jpg\"><\/picture>\n<figcaption class=\"wp-caption-text\"><\/figcaption>\n<\/figure>\n\n\n\n<p>Adem\u00e1s de disfrutar del sol y la playa, los visitantes pueden sumergirse en una amplia gama de actividades y entretenimientos, desde un buen masaje, con vistas al mar, en las camas balinesas de <a href=\"https:\/\/www.google.es\/maps\/place\/OM+EQUILIBRIUM+BEACH\/@36.4926216,-4.9462957,19.33z\/data=!4m15!1m8!3m7!1s0xd7329b501f61203:0x7f0e91b30eef59e2!2sRosas+cafe!8m2!3d36.4884584!4d-4.9570945!10e5!16s%2Fg%2F11f6md5794!3m5!1s0xd73294a9c7c376b:0xb772609dc748ac7e!8m2!3d36.4931308!4d-4.9457427!16s%2Fg%2F11t8h43v2h?entry=ttu\" target=\"_blank\" rel=\"noopener\">OM EQUILIBRIUM BEACH<\/a> o <a href=\"https:\/\/www.google.es\/maps\/place\/Quirowellness\/@36.4917996,-4.9471843,17.71z\/data=!4m14!1m7!3m6!1s0xd7329c0f3c27dd5:0xc208325ccef80ed2!2sPuerto+Ban%C3%BAs.+Puerto+Deportivo+de+Lujo+en+Marbella!8m2!3d36.4861426!4d-4.9550324!16s%2Fg%2F11b807rjlv!3m5!1s0xd7329c5ceb86f39:0x33c70e079f5c12d9!8m2!3d36.4916689!4d-4.9475387!16s%2Fg%2F11c509vwf5?entry=ttu\" target=\"_blank\" rel=\"noopener\">Quirowellness<\/a> o de deportes acu\u00e1ticos, como jet-ski o paddle surf, hasta opciones m\u00e1s seguras y divertidas para ni\u00f1os, con los servicios de <a href=\"https:\/\/www.google.es\/maps\/place\/WATER+SPORTS+BAN%C3%9AS\/@36.4919209,-4.9470662,17.71z\/data=!4m14!1m7!3m6!1s0xd7329c0f3c27dd5:0xc208325ccef80ed2!2sPuerto+Ban%C3%BAs.+Puerto+Deportivo+de+Lujo+en+Marbella!8m2!3d36.4861426!4d-4.9550324!16s%2Fg%2F11b807rjlv!3m5!1s0xd7329c586e8c267:0x7080d3f551cc2ba6!8m2!3d36.492721!4d-4.945531!16s%2Fg%2F11b77k5gpj?entry=ttu\" target=\"_blank\" rel=\"noopener\">WATER SPORTS BAN\u00daS<\/a>. <\/p>\n\n\n\n<h3 class=\"wp-block-heading\">Vida nocturna en Puerto Ban\u00fas<\/h3>\n\n\n\n<p><strong>Puerto Ban\u00fas<\/strong> no solo es un destino diurno de lujo; su vida nocturna es igualmente vibrante y exclusiva, convirti\u00e9ndolo en el epicentro del entretenimiento en la Costa del Sol. Para aquellos que buscan diversi\u00f3n despu\u00e9s del atardecer, la oferta de ocio nocturno en P<strong>uerto Ban\u00fas<\/strong> es simplemente inigualable.<\/p>\n\n\n\n<p>Algunos de los lugares m\u00e1s emblem\u00e1ticos en la noche de Ban\u00fas son:<\/p>\n\n\n\n<ul class=\"wp-block-list\">\n<li><strong><a href=\"https:\/\/www.google.es\/maps\/place\/Seven+Puerto+Ban%C3%BAs\/@36.488869,-4.9535039,17z\/data=!3m1!4b1!4m6!3m5!1s0xd7329c6ca3f8079:0x6e34c69a06182041!8m2!3d36.488869!4d-4.950929!16s%2Fg%2F11bzsfk4g1?entry=ttu\" target=\"_blank\" rel=\"noopener\">Seven Puerto Ban\u00fas<\/a><\/strong>: Este club ofrece una experiencia nocturna llena de glamour y sofisticaci\u00f3n, perfecta para disfrutar de la esencia de la noche marbell\u00ed.<\/li>\n\n\n\n<li><strong><a href=\"https:\/\/www.google.es\/maps\/place\/La+Habana+de+Hemingway\/@36.488799,-4.9525978,17z\/data=!3m1!4b1!4m6!3m5!1s0xd7329c6fd6c403b:0x91c0b4a7e18ead45!8m2!3d36.488799!4d-4.9500229!16s%2Fg%2F12qf7n9n_?entry=ttu\" target=\"_blank\" rel=\"noopener\">La Habana de Hemingway<\/a><\/strong>: Un lugar que captura la esencia cubana, ideal para quienes disfrutan de ritmos latinos y un ambiente c\u00e1lido y acogedor.<\/li>\n\n\n\n<li><strong><a href=\"https:\/\/www.google.es\/maps\/place\/Dreamers+Marbella\/@36.4953827,-4.9550928,17z\/data=!3m1!4b1!4m6!3m5!1s0xd7329c3301df3ff:0x74bc22d15b581c7f!8m2!3d36.4953827!4d-4.9525179!16s%2Fg%2F11f57jz5qy?entry=ttu\" target=\"_blank\" rel=\"noopener\">Dreamers Marbella<\/a><\/strong>: Conocido por ser un punto de encuentro para amantes de la m\u00fasica electr\u00f3nica, este club es un referente en la escena nocturna de Marbella.<\/li>\n\n\n\n<li><strong><a href=\"https:\/\/www.google.es\/maps\/place\/Funky+Buddha+Puerto+Ban%C3%BAs\/@36.4883956,-4.9544691,17z\/data=!3m1!4b1!4m6!3m5!1s0xd7329c1188d8571:0x105ad7267964e59a!8m2!3d36.4883956!4d-4.9518942!16s%2Fg%2F11fx6gxt29?entry=ttu\" target=\"_blank\" rel=\"noopener\">Funky Buddha<\/a><\/strong>: Un espacio donde el estilo oriental se fusiona con la modernidad, ofreciendo noches \u00fanicas llenas de misticismo y diversi\u00f3n.<\/li>\n\n\n\n<li><strong><a href=\"https:\/\/www.google.es\/maps\/place\/Pangea\/@36.4845797,-4.9563052,17z\/data=!3m2!4b1!5s0xd7329bf84dee1d7:0xd3f62fa118a7a5c7!4m6!3m5!1s0xd7329bf85264735:0xfd52264e0d9933bc!8m2!3d36.4845797!4d-4.9537303!16s%2Fg%2F11ymjb2ny?entry=ttu\" target=\"_blank\" rel=\"noopener\">Pangea<\/a><\/strong>: Famoso por acoger a la jet set internacional, este club destaca por sus fiestas sofisticadas y sus impresionantes vistas panor\u00e1micas al estrecho de Gibraltar y al mar Mediterr\u00e1neo.<\/li>\n<\/ul>\n\n\n\n<p>Cada uno de estos lugares aporta su propio car\u00e1cter y estilo a la vibrante vida nocturna de <strong>Puerto Ban\u00fas<\/strong>, haciendo de cada noche una experiencia inolvidable. <\/p>\n\n\n\n<figure class=\"wp-caption is-resized\">\n<picture><source width=\"1480\" srcset=\"https:\/\/media.inmobalia.com\/imgV1\/B98Le8~d7M9pwOKhCJcJLIfglZOtvyX13f98gUEkry2AXpxxwVVUW6beaB1CbHQXGOhTMxPEWoq2vSWoPxT0dWUFVpFov6NwmlNzq3qwzpnpHLdLIbYR7kb9~oNWZEB~SpMLd5uoZpvt2P4-.jpg 1480w\" type=\"image\/webp\"><img decoding=\"async\" class=\"img-fluid is-resized\" width=\"1480\" src=\"https:\/\/media.inmobalia.com\/imgV1\/B98Le8~d7M9pwOKhH98twCJY8~z6ePCZX6v4ZFfOvduhBdeVCpC563TEl9~Gba~ZsCNLt5CSrqfb7qaISBEVv0QdM3N8LXX9k0U2KOl7qOPMGGJq~P68cGItrA--.jpg\"><\/picture>\n<figcaption class=\"wp-caption-text\"><\/figcaption>\n<\/figure>\n\n\n\t\t\t<section class=\"selection-wrapper mt-5 mt-lg-7 mt-xxl-10 wp-block-acf-propertyselection\">\n\t\t\t\t<div class=\"container-fluid max-width d-flex flex-column align-items-start align-items-lg-center\">\n\t\t\t\t\t<div class=\"col-xl-6 mb-4 mb-lg-5\">\n\t\t\t\t\t\t\t\t\t\t\t\t\t<h2 class=\"h1 text-md-center mb-4\"><span class=\"ez-toc-section\" id=\"Propiedades_en_alquiler_en_Puerto_Banus_Todas_las_propiedades_en_alquiler_Marbella_Puerto_Banus\"><\/span>\n\t\t\t\t\t\t\t\t\t\t\t\t\t\t\t\t\t<span class=\"htitle\">Propiedades en alquiler en Puerto Ban\u00fas<\/span>\n\t\t\t\t\t\t\t\t\t\t\t\t\t\t\t\tTodas las propiedades en alquiler \/ Marbella \/ Puerto Ban\u00fas\t\t\t\t\t\t\t<span class=\"ez-toc-section-end\"><\/span><\/h2>\n\t\t\t\t\t\t\t\t\t\t\t\t<p class=\"text-md-center mb-0 mx-auto\">Encontradas 7 propiedades en alquiler en Puerto Ban\u00fas, Marbella.<\/p>\n\t\t\t\t\t<\/div>\n\t\t\t\t\t<div id=\"cardsFancyCarousel\" class=\"offcanvas-carousel w-100 four-items\">\n\t\t\t\t\t\t<article class=\"f-carousel__slide card col position-relative flex-column\">\n\t<figure class=\"position-relative w-100 mb-2\">\n\t\t<a class=\"card-portfolio position-absolute\" data-pfl-id=\"694964\" data-pfl-filter=\"rent-short\" href=\"#\">\n\t\t\t<svg width=\"20\" fill=\"currentColor\" viewBox=\"0 0 512 512\">\n\t\t\t\t<use href=\"https:\/\/www.homewatch.es\/wp-content\/themes\/inmobasolidbase\/dist\/src\/images\/icons.svg#svgPortfolio\"\/>\n\t\t\t<\/svg>\n\t\t\t<svg class=\"d-none\" width=\"20\" fill=\"currentColor\" viewBox=\"0 0 512 512\">\n\t\t\t\t<use href=\"https:\/\/www.homewatch.es\/wp-content\/themes\/inmobasolidbase\/dist\/src\/images\/icons.svg#svgPortfolioIn\"\/>\n\t\t\t<\/svg>\n\t\t<\/a>\n\t\t<picture class=\"ratio ratio-4x3\"><source width=\"1920\" height=\"1080\" srcset=\"https:\/\/media.inmobalia.com\/imgV1\/B8vEv5Xh_VThvnEqMx4G0YtA8lAADdw1sBC5uN5pSX6~ImMWYg0nYa_EPSP~fBpYtvgHs5QKecPwE1~j5DU_pylbu6cBdu0PgVunDxnkMoeY79Gll7Nv5AHhYwCGots7LHLh38DFBJbu67RVjWZshsabQtwGi0w1TYNOl4_tZdb~tJYsp55C4Pg61I5tnP2o.jpg 1920w,https:\/\/media.inmobalia.com\/imgV1\/B8vEv5Xh_Vjzl4qKP9bJW21eHCmW9PWrQV6IDk9EjA79dASSMmDBrXf04FgH6wp0ylU42MWPePEey7rkY1j3kMIGs3YrRSP6UhHPWG1enKzuplcdy8f~NYm7bTbKkeM5EmP4FXqUMM8t336_vehdVCU7syEuRDpdFAPEtu6m9ulhqop7uFoYHQYnYBkoi54-.jpg 1580w,https:\/\/media.inmobalia.com\/imgV1\/B8vEv5Xh~9eLgpFkvD55S4O4_vRpfi7Zj~8WTFZMGThfizi~_Y~NgoiVzdN9MsuXYCpgHq7NOfhSSsV~~CvXOR8biNDSQCuIy3z~JafSwduxBEndespnQYPOGloQON4~nZQttLTklHCQBe9raPQQEueV92P7zRq5ikA4Piu2oNzCJ7r5z4VMmJahdhrgsw--.jpg 774w\" type=\"image\/webp\"><img fetchpriority=\"high\" decoding=\"async\" class=\"image-fit\" alt=\"Amplio apartamento de 3 dormitorios en plena Marina de Puerto Ban\u00fas\" width=\"1920\" height=\"1080\" src=\"https:\/\/media.inmobalia.com\/imgV1\/B8vEv5Xh_VThvnEqMx4G0ZxU~~H0Ar_8Bn_AfAx~4dnt796zQ9QIPwzdr9PkzIdRpbeOYktBAPFfTt23HPhndt5b7cRr2vg76pmKvptCGz41lr5l8etJCIONYgkk2Jng9EaoZn0sCgbsVyxlqR7Dn5gdfc7ocnVp_8KvY2S3Puc-.jpg\"><\/picture>\t\t\t<\/figure>\n\t<div class=\"h-100 d-flex flex-column\">\n\t\t<span class=\"d-block card-area\">\n\t\t\tMarbella - Puerto Banus\t\t<\/span>\n\t\t\n\n\t\t\t<div class=\"card-price d-flex flex-column\">\n\t\t<strong class=\"me-1\">Desde <span data-original-price=\"150\">150\u00a0\u20ac<\/span><span data-period> por dia <\/span><\/strong><strong class=\"me-1\"><span data-original-price=\"2800\">2.800\u00a0\u20ac<\/span><span data-period> montly rental (November-March)<\/span><\/strong>\t\t<\/div>\n\t\n\t\t<ul class=\"card-features list-unstyled d-flex flex-wrap align-items-center mb-0\">\n\t\t\t\t\t\t\t<li class=\"d-flex align-items-center me-3\">\n\t\t\t\t\t3 dormitorios\t\t\t\t<\/li>\n\t\t\t\t\t\t\t<li class=\"d-flex align-items-center me-3\">\n\t\t\t\t\t2 ba\u00f1os\t\t\t\t<\/li>\n\t\t\t\t\t\t\t<li class=\"d-flex align-items-center me-3\">\n\t\t\t\t\t132 m&sup2; construido\t\t\t\t<\/li>\n\t\t\t\t\t<\/ul>\n\t\t<h4 class=\"card-title mb-0\">\n\t\t\t<a class=\"stretched-link\" href=\"\/alquiler\/puerto\/apartamentos-y-pisos\/HW430\">Amplio apartamento de 3 dormitorios en plena Marina de Puerto Ban\u00fas<\/a>\n\t\t<\/h4>\n\t\t\t<\/div>\n<\/article>\t\t\t\t\t\t<article class=\"f-carousel__slide card col position-relative flex-column\">\n\t<figure class=\"position-relative w-100 mb-2\">\n\t\t<a class=\"card-portfolio position-absolute\" data-pfl-id=\"548093\" data-pfl-filter=\"rent-short\" href=\"#\">\n\t\t\t<svg width=\"20\" fill=\"currentColor\" viewBox=\"0 0 512 512\">\n\t\t\t\t<use href=\"https:\/\/www.homewatch.es\/wp-content\/themes\/inmobasolidbase\/dist\/src\/images\/icons.svg#svgPortfolio\"\/>\n\t\t\t<\/svg>\n\t\t\t<svg class=\"d-none\" width=\"20\" fill=\"currentColor\" viewBox=\"0 0 512 512\">\n\t\t\t\t<use href=\"https:\/\/www.homewatch.es\/wp-content\/themes\/inmobasolidbase\/dist\/src\/images\/icons.svg#svgPortfolioIn\"\/>\n\t\t\t<\/svg>\n\t\t<\/a>\n\t\t<picture class=\"ratio ratio-4x3\"><source width=\"1920\" height=\"1080\" srcset=\"https:\/\/media.inmobalia.com\/imgV1\/B8vEv5Xh_VThvnEqMx4G0YtA8lAADdw1sBC5uN5pSX6~ImMWYg0nYa_EPSP~fBpYtvgHs5QKecPwE1~j5DU_pylbu6cBdu0PgVunDxnkMoeY79Gll7Nv5AHhYwCGots7LHLh3gTmr2wSPSddCvmXYlDjOlyB9u5C2NeniXBPGPKYcPa1vHEziqBIB_Lnr01T.jpg 1920w,https:\/\/media.inmobalia.com\/imgV1\/B8vEv5Xh_Vjzl4qKP9bJW21eHCmW9PWrQV6IDk9EjA79dASSMmDBrXf04FgH6wp0ylU42MWPePEey7rkY1j3kMIGs3YrRSP6UhHPWG1enKzuplcdy8f~NYm7bTbKkeM5EmP5WvL2kuXZBY5C7qcO3c_PizC9xAqhJvw~SavesZFgile4Lvqkpf8vP_budrU-.jpg 1580w,https:\/\/media.inmobalia.com\/imgV1\/B8vEv5Xh~9eLgpFkvD55S4O4_vRpfi7Zj~8WTFZMGThfizi~_Y~NgoiVzdN9MsuXYCpgHq7NOfhSSsV~~CvXOR8biNDSQCuIy3z~JafSwduxBEndespnQYPOGloQON4~nZWiZN5g~gn6nF8iEtFxokgGEtvC8CYjbYi~6nJZdDGslsI23a~P6gQ24GHzog--.jpg 774w\" type=\"image\/webp\"><img decoding=\"async\" class=\"image-fit\" alt=\"Apartamento vacacional de 3 dormitorios en Puerto Ban\u00fas, primera l\u00ednea con jard\u00edn privado - Marbella\" width=\"1920\" height=\"1080\" src=\"https:\/\/media.inmobalia.com\/imgV1\/B8vEv5Xh_VThvnEqMx4G0ZxU~~H0Ar_8Bn_AfAx~4dnt796zQ9QIPwzdr9PkzIdRpbeOYktBAPFfTt23HPhndt5b7cRr2vg76pmKvptCGz41lr5kRpPMohFRM22jIdHXacl2WniSFs0MHyr8kej5_rZK1scdeegmRk21jbgtATs-.jpg\"><\/picture>\t\t\t<\/figure>\n\t<div class=\"h-100 d-flex flex-column\">\n\t\t<span class=\"d-block card-area\">\n\t\t\tMarbella - Puerto Banus\t\t<\/span>\n\t\t\n\n\t\t\t<div class=\"card-price d-flex flex-column\">\n\t\t<strong class=\"me-1\">Desde <span data-original-price=\"220\">220\u00a0\u20ac<\/span><span data-period> por dia <\/span><\/strong><strong class=\"me-1\"><span data-original-price=\"3500\">3.500\u00a0\u20ac<\/span><span data-period> montly rental (November-March)<\/span><\/strong>\t\t<\/div>\n\t\n\t\t<ul class=\"card-features list-unstyled d-flex flex-wrap align-items-center mb-0\">\n\t\t\t\t\t\t\t<li class=\"d-flex align-items-center me-3\">\n\t\t\t\t\t3 dormitorios\t\t\t\t<\/li>\n\t\t\t\t\t\t\t<li class=\"d-flex align-items-center me-3\">\n\t\t\t\t\t2 ba\u00f1os\t\t\t\t<\/li>\n\t\t\t\t\t\t\t<li class=\"d-flex align-items-center me-3\">\n\t\t\t\t\t220 m&sup2; construido\t\t\t\t<\/li>\n\t\t\t\t\t<\/ul>\n\t\t<h4 class=\"card-title mb-0\">\n\t\t\t<a class=\"stretched-link\" href=\"\/alquiler\/las-mimosas\/apartamentos-planta-baja\/203\">Apartamento vacacional de 3 dormitorios en Puerto Ban\u00fas, primera l\u00ednea con jard\u00edn privado - Marbella<\/a>\n\t\t<\/h4>\n\t\t\t<\/div>\n<\/article>\t\t\t\t\t\t<article class=\"f-carousel__slide card col position-relative flex-column\">\n\t<figure class=\"position-relative w-100 mb-2\">\n\t\t<a class=\"card-portfolio position-absolute\" data-pfl-id=\"484845\" data-pfl-filter=\"rent-short\" href=\"#\">\n\t\t\t<svg width=\"20\" fill=\"currentColor\" viewBox=\"0 0 512 512\">\n\t\t\t\t<use href=\"https:\/\/www.homewatch.es\/wp-content\/themes\/inmobasolidbase\/dist\/src\/images\/icons.svg#svgPortfolio\"\/>\n\t\t\t<\/svg>\n\t\t\t<svg class=\"d-none\" width=\"20\" fill=\"currentColor\" viewBox=\"0 0 512 512\">\n\t\t\t\t<use href=\"https:\/\/www.homewatch.es\/wp-content\/themes\/inmobasolidbase\/dist\/src\/images\/icons.svg#svgPortfolioIn\"\/>\n\t\t\t<\/svg>\n\t\t<\/a>\n\t\t<picture class=\"ratio ratio-4x3\"><source width=\"1920\" height=\"1080\" srcset=\"https:\/\/media.inmobalia.com\/imgV1\/B8vEv5Xh_VThvnEqMx4G0YtA8lAADdw1sBC5uN5pSX6~ImMWYg0nYa_EPSP~fBpYtvgHs5QKecPwE1~j5DU_pylbu6cBdu0PgVunDxnkMoeY79Gll7Nv5AHhYwCGots7LHLh2UghiHpQB1bbdrAxFjPufsKzIRqwpbpiAZ0zYawcM14LVKyVtofw67cKh1dk.jpg 1920w,https:\/\/media.inmobalia.com\/imgV1\/B8vEv5Xh_Vjzl4qKP9bJW21eHCmW9PWrQV6IDk9EjA79dASSMmDBrXf04FgH6wp0ylU42MWPePEey7rkY1j3kMIGs3YrRSP6UhHPWG1enKzuplcdy8f~NYm7bTbKkeM5EmP_gXlmDqfuK3U8hHTFfxqxoj94SCkUbrgEaubrp0kUJzDEcIq8fs9BCGxoE5E-.jpg 1580w,https:\/\/media.inmobalia.com\/imgV1\/B8vEv5Xh~9eLgpFkvD55S4O4_vRpfi7Zj~8WTFZMGThfizi~_Y~NgoiVzdN9MsuXYCpgHq7NOfhSSsV~~CvXOR8biNDSQCuIy3z~JafSwduxBEndespnQYPOGloQON4~nZJx~MATRJMXbulBU5G_kmzkzxlSX9cPdRfp1SG7ZqdU17KrZBm48j8YUJJk8A--.jpg 774w\" type=\"image\/webp\"><img decoding=\"async\" class=\"image-fit\" alt=\"Alquiler vacacional primera l\u00ednea playa Marbella con 4 dormitorios, vistas mar en Puerto Ban\u00fas\" width=\"1920\" height=\"1080\" src=\"https:\/\/media.inmobalia.com\/imgV1\/B8vEv5Xh_VThvnEqMx4G0ZxU~~H0Ar_8Bn_AfAx~4dnt796zQ9QIPwzdr9PkzIdRpbeOYktBAPFfTt23HPhndt5b7cRr2vg76pmKvptCGz41lr5j~5EAmPAzP7BN3vyiY6Zl1fK~KkwoPx8IYYQW8CMIoDso2JQteom_9V9pCk8-.jpg\"><\/picture>\t\t\t<\/figure>\n\t<div class=\"h-100 d-flex flex-column\">\n\t\t<span class=\"d-block card-area\">\n\t\t\tMarbella - Puerto Banus\t\t<\/span>\n\t\t\n\n\t\t\t<div class=\"card-price d-flex flex-column\">\n\t\t<strong class=\"me-1\">Desde <span data-original-price=\"153\">153\u00a0\u20ac<\/span><span data-period> por dia <\/span><\/strong>\t\t<\/div>\n\t\n\t\t<ul class=\"card-features list-unstyled d-flex flex-wrap align-items-center mb-0\">\n\t\t\t\t\t\t\t<li class=\"d-flex align-items-center me-3\">\n\t\t\t\t\t4 dormitorios\t\t\t\t<\/li>\n\t\t\t\t\t\t\t<li class=\"d-flex align-items-center me-3\">\n\t\t\t\t\t3 ba\u00f1os\t\t\t\t<\/li>\n\t\t\t\t\t\t\t<li class=\"d-flex align-items-center me-3\">\n\t\t\t\t\t252 m&sup2; construido\t\t\t\t<\/li>\n\t\t\t\t\t<\/ul>\n\t\t<h4 class=\"card-title mb-0\">\n\t\t\t<a class=\"stretched-link\" href=\"\/alquiler\/playas-del-duque\/apartamentos-planta-baja\/178\">Alquiler vacacional primera l\u00ednea playa Marbella con 4 dormitorios, vistas mar en Puerto Ban\u00fas<\/a>\n\t\t<\/h4>\n\t\t\t<\/div>\n<\/article>\t\t\t\t\t\t<article class=\"f-carousel__slide card col position-relative flex-column\">\n\t<figure class=\"position-relative w-100 mb-2\">\n\t\t<a class=\"card-portfolio position-absolute\" data-pfl-id=\"473156\" data-pfl-filter=\"rent-short\" href=\"#\">\n\t\t\t<svg width=\"20\" fill=\"currentColor\" viewBox=\"0 0 512 512\">\n\t\t\t\t<use href=\"https:\/\/www.homewatch.es\/wp-content\/themes\/inmobasolidbase\/dist\/src\/images\/icons.svg#svgPortfolio\"\/>\n\t\t\t<\/svg>\n\t\t\t<svg class=\"d-none\" width=\"20\" fill=\"currentColor\" viewBox=\"0 0 512 512\">\n\t\t\t\t<use href=\"https:\/\/www.homewatch.es\/wp-content\/themes\/inmobasolidbase\/dist\/src\/images\/icons.svg#svgPortfolioIn\"\/>\n\t\t\t<\/svg>\n\t\t<\/a>\n\t\t<picture class=\"ratio ratio-4x3\"><source width=\"1920\" height=\"1080\" srcset=\"https:\/\/media.inmobalia.com\/imgV1\/B8vEv5Xh_VThvnEqMx4G0YtA8lAADdw1sBC5uN5pSX6~ImMWYg0nYa_EPSP~fBpYtvgHs5QKecPwE1~j5DU_pylbu6cBdu0PgVunDxnkMoeY79Gll7Nv5AHhYwCGots7LHLh2UnwdJqmo4ysT85gqvJaqjHBx3uMKdEdjtzMwxqDENYejYxgAHBdkBA0ewLw.jpg 1920w,https:\/\/media.inmobalia.com\/imgV1\/B8vEv5Xh_Vjzl4qKP9bJW21eHCmW9PWrQV6IDk9EjA79dASSMmDBrXf04FgH6wp0ylU42MWPePEey7rkY1j3kMIGs3YrRSP6UhHPWG1enKzuplcdy8f~NYm7bTbKkeM5EmP_gAdR4YP95cF~wY_tPPzw58ndfNKbB4oXx29HWsPaVCe9wqR10wV2dj45lyk-.jpg 1580w,https:\/\/media.inmobalia.com\/imgV1\/B8vEv5Xh~9eLgpFkvD55S4O4_vRpfi7Zj~8WTFZMGThfizi~_Y~NgoiVzdN9MsuXYCpgHq7NOfhSSsV~~CvXOR8biNDSQCuIy3z~JafSwduxBEndespnQYPOGloQON4~nZJwRUYEYmGQ4UtNxo93eD2j5Up5SWrd1izDR_LkbB_UnhmGR7_QONels6WZDw--.jpg 774w\" type=\"image\/webp\"><img loading=\"lazy\" decoding=\"async\" class=\"image-fit\" alt=\"Apartamento vacacional junto a la playa en Puerto Ban\u00fas con parking\" width=\"1920\" height=\"1080\" src=\"https:\/\/media.inmobalia.com\/imgV1\/B8vEv5Xh_VThvnEqMx4G0ZxU~~H0Ar_8Bn_AfAx~4dnt796zQ9QIPwzdr9PkzIdRpbeOYktBAPFfTt23HPhndt5b7cRr2vg76pmKvptCGz41lr5j~ug5IbIGwBCv7PScXFNenXcMps6USxx0pQ6tratNpMEQM21U2_DFGVCu2iI-.jpg\"><\/picture>\t\t\t<\/figure>\n\t<div class=\"h-100 d-flex flex-column\">\n\t\t<span class=\"d-block card-area\">\n\t\t\tMarbella - Puerto Banus\t\t<\/span>\n\t\t\n\n\t\t\t<div class=\"card-price d-flex flex-column\">\n\t\t<strong class=\"me-1\">Desde <span data-original-price=\"107\">107\u00a0\u20ac<\/span><span data-period> por dia <\/span><\/strong><strong class=\"me-1\"><span data-original-price=\"1750\">1.750\u00a0\u20ac<\/span><span data-period> montly rental (November-March)<\/span><\/strong>\t\t<\/div>\n\t\n\t\t<ul class=\"card-features list-unstyled d-flex flex-wrap align-items-center mb-0\">\n\t\t\t\t\t\t\t<li class=\"d-flex align-items-center me-3\">\n\t\t\t\t\t2 dormitorios\t\t\t\t<\/li>\n\t\t\t\t\t\t\t<li class=\"d-flex align-items-center me-3\">\n\t\t\t\t\t1 ba\u00f1o\t\t\t\t<\/li>\n\t\t\t\t\t\t\t<li class=\"d-flex align-items-center me-3\">\n\t\t\t\t\t101 m&sup2; construido\t\t\t\t<\/li>\n\t\t\t\t\t<\/ul>\n\t\t<h4 class=\"card-title mb-0\">\n\t\t\t<a class=\"stretched-link\" href=\"\/alquiler\/marbella-puerto-banus\/apartamentos-y-pisos\/149\">Apartamento vacacional junto a la playa en Puerto Ban\u00fas con parking<\/a>\n\t\t<\/h4>\n\t\t\t<\/div>\n<\/article>\t\t\t\t\t\t<article class=\"f-carousel__slide card col position-relative flex-column\">\n\t<figure class=\"position-relative w-100 mb-2\">\n\t\t<a class=\"card-portfolio position-absolute\" data-pfl-id=\"473038\" data-pfl-filter=\"rent-short\" href=\"#\">\n\t\t\t<svg width=\"20\" fill=\"currentColor\" viewBox=\"0 0 512 512\">\n\t\t\t\t<use href=\"https:\/\/www.homewatch.es\/wp-content\/themes\/inmobasolidbase\/dist\/src\/images\/icons.svg#svgPortfolio\"\/>\n\t\t\t<\/svg>\n\t\t\t<svg class=\"d-none\" width=\"20\" fill=\"currentColor\" viewBox=\"0 0 512 512\">\n\t\t\t\t<use href=\"https:\/\/www.homewatch.es\/wp-content\/themes\/inmobasolidbase\/dist\/src\/images\/icons.svg#svgPortfolioIn\"\/>\n\t\t\t<\/svg>\n\t\t<\/a>\n\t\t<picture class=\"ratio ratio-4x3\"><source width=\"1920\" height=\"1080\" srcset=\"https:\/\/media.inmobalia.com\/imgV1\/B8vEv5Xh_VThvnEqMx4G0YtA8lAADdw1sBC5uN5pSX6~ImMWYg0nYa_EPSP~fBpYtvgHs5QKecPwE1~j5DU_pylbu6cBdu0PgVunDxnkMoeY79Gll7Nv5AHhYwCGots7LHLh2UnzHjEyLjgfn90QfOjxGPcBV5X9oaxr3nf5nWjSlCV7XQYUMFtTZhfTr6Wn.jpg 1920w,https:\/\/media.inmobalia.com\/imgV1\/B8vEv5Xh_Vjzl4qKP9bJW21eHCmW9PWrQV6IDk9EjA79dASSMmDBrXf04FgH6wp0ylU42MWPePEey7rkY1j3kMIGs3YrRSP6UhHPWG1enKzuplcdy8f~NYm7bTbKkeM5EmP_gATdtB7ZJmGLT2OmRavMLSuXZue6ELzJ~bNWwirLwJ8bDuJOudBZwGm~6U8-.jpg 1580w,https:\/\/media.inmobalia.com\/imgV1\/B8vEv5Xh~9eLgpFkvD55S4O4_vRpfi7Zj~8WTFZMGThfizi~_Y~NgoiVzdN9MsuXYCpgHq7NOfhSSsV~~CvXOR8biNDSQCuIy3z~JafSwduxBEndespnQYPOGloQON4~nZJwRuNCFV1OC3RezqG9ZoiqAQrz5hZtCyeX3adN9Na9lYia0zTUEGMQmBsy1A--.jpg 774w\" type=\"image\/webp\"><img loading=\"lazy\" decoding=\"async\" class=\"image-fit\" alt=\"Apartamento de lujo en primera l\u00ednea de playa Puerto Ban\u00fas con vistas al mar\" width=\"1920\" height=\"1080\" src=\"https:\/\/media.inmobalia.com\/imgV1\/B8vEv5Xh_VThvnEqMx4G0ZxU~~H0Ar_8Bn_AfAx~4dnt796zQ9QIPwzdr9PkzIdRpbeOYktBAPFfTt23HPhndt5b7cRr2vg76pmKvptCGz41lr5j~utX0pwAavBixbEV5bLh51R689OTooID0r_IZVf9LV2PShxp5xc0uVBV488-.jpg\"><\/picture>\t\t\t<\/figure>\n\t<div class=\"h-100 d-flex flex-column\">\n\t\t<span class=\"d-block card-area\">\n\t\t\tMarbella - Puerto Banus\t\t<\/span>\n\t\t\n\n\t\t\t<div class=\"card-price d-flex flex-column\">\n\t\t<strong class=\"me-1\">Desde <span data-original-price=\"105\">105\u00a0\u20ac<\/span><span data-period> por dia <\/span><\/strong><strong class=\"me-1\"><span data-original-price=\"1900\">1.900\u00a0\u20ac<\/span><span data-period> montly rental (November-March)<\/span><\/strong>\t\t<\/div>\n\t\n\t\t<ul class=\"card-features list-unstyled d-flex flex-wrap align-items-center mb-0\">\n\t\t\t\t\t\t\t<li class=\"d-flex align-items-center me-3\">\n\t\t\t\t\t2 dormitorios\t\t\t\t<\/li>\n\t\t\t\t\t\t\t<li class=\"d-flex align-items-center me-3\">\n\t\t\t\t\t2 ba\u00f1os\t\t\t\t<\/li>\n\t\t\t\t\t\t\t<li class=\"d-flex align-items-center me-3\">\n\t\t\t\t\t107 m&sup2; construido\t\t\t\t<\/li>\n\t\t\t\t\t<\/ul>\n\t\t<h4 class=\"card-title mb-0\">\n\t\t\t<a class=\"stretched-link\" href=\"\/alquiler\/marbella-puerto-banus\/apartamentos-y-pisos\/150\">Apartamento de lujo en primera l\u00ednea de playa Puerto Ban\u00fas con vistas al mar<\/a>\n\t\t<\/h4>\n\t\t\t<\/div>\n<\/article>\t\t\t\t\t\t<article class=\"f-carousel__slide card col position-relative flex-column\">\n\t<figure class=\"position-relative w-100 mb-2\">\n\t\t<a class=\"card-portfolio position-absolute\" data-pfl-id=\"459640\" data-pfl-filter=\"rent-short\" href=\"#\">\n\t\t\t<svg width=\"20\" fill=\"currentColor\" viewBox=\"0 0 512 512\">\n\t\t\t\t<use href=\"https:\/\/www.homewatch.es\/wp-content\/themes\/inmobasolidbase\/dist\/src\/images\/icons.svg#svgPortfolio\"\/>\n\t\t\t<\/svg>\n\t\t\t<svg class=\"d-none\" width=\"20\" fill=\"currentColor\" viewBox=\"0 0 512 512\">\n\t\t\t\t<use href=\"https:\/\/www.homewatch.es\/wp-content\/themes\/inmobasolidbase\/dist\/src\/images\/icons.svg#svgPortfolioIn\"\/>\n\t\t\t<\/svg>\n\t\t<\/a>\n\t\t<picture class=\"ratio ratio-4x3\"><source width=\"1920\" height=\"1080\" srcset=\"https:\/\/media.inmobalia.com\/imgV1\/B8vEv5Xh_VThvnEqMx4G0YtA8lAADdw1sBC5uN5pSX6~ImMWYg0nYa_EPSP~fBpYtvgHs5QKecPwE1~j5DU_pylbu6cBdu0PgVunDxnkMoeY79Gll7Nv5AHhYwCGots7LHLh2UpQ8HVrwWPR3f17EMfNX4C_WuNTDh2jAOeqVKdgFMq1XGSF7G8_~oUPwUJh.jpg 1920w,https:\/\/media.inmobalia.com\/imgV1\/B8vEv5Xh_Vjzl4qKP9bJW21eHCmW9PWrQV6IDk9EjA79dASSMmDBrXf04FgH6wp0ylU42MWPePEey7rkY1j3kMIGs3YrRSP6UhHPWG1enKzuplcdy8f~NYm7bTbKkeM5EmP_gwpGQjYzcZ2m_cb2Z6YoCuobBjBcIqsHbKQ1VKPbXD8RNI12tBctKRzb29E-.jpg 1580w,https:\/\/media.inmobalia.com\/imgV1\/B8vEv5Xh~9eLgpFkvD55S4O4_vRpfi7Zj~8WTFZMGThfizi~_Y~NgoiVzdN9MsuXYCpgHq7NOfhSSsV~~CvXOR8biNDSQCuIy3z~JafSwduxBEndespnQYPOGloQON4~nZJz0B30t17nzFp304G9FAlMI0rilrMdV_0LUdtxO3k4wXORJ~1cr8DSL~~eVg--.jpg 774w\" type=\"image\/webp\"><img loading=\"lazy\" decoding=\"async\" class=\"image-fit\" alt=\"Apartamento de lujo de 1 dormitorio en primera l\u00ednea de playa Puerto Ban\u00fas\" width=\"1920\" height=\"1080\" src=\"https:\/\/media.inmobalia.com\/imgV1\/B8vEv5Xh_VThvnEqMx4G0ZxU~~H0Ar_8Bn_AfAx~4dnt796zQ9QIPwzdr9PkzIdRpbeOYktBAPFfTt23HPhndt5b7cRr2vg76pmKvptCGz41lr5j~d_MwE6Ov0ESTkKds_vBeJjCDPqRTNmQwMeXisQoHZwofFMj9rhse0tGCWc-.jpg\"><\/picture>\t\t\t<\/figure>\n\t<div class=\"h-100 d-flex flex-column\">\n\t\t<span class=\"d-block card-area\">\n\t\t\tMarbella - Puerto Banus\t\t<\/span>\n\t\t\n\n\t\t\t<div class=\"card-price d-flex flex-column\">\n\t\t<strong class=\"me-1\">Desde <span data-original-price=\"97\">97\u00a0\u20ac<\/span><span data-period> por dia <\/span><\/strong><strong class=\"me-1\"><span data-original-price=\"1950\">1.950\u00a0\u20ac<\/span><span data-period> montly rental (November-March)<\/span><\/strong>\t\t<\/div>\n\t\n\t\t<ul class=\"card-features list-unstyled d-flex flex-wrap align-items-center mb-0\">\n\t\t\t\t\t\t\t<li class=\"d-flex align-items-center me-3\">\n\t\t\t\t\t1 dormitorio\t\t\t\t<\/li>\n\t\t\t\t\t\t\t<li class=\"d-flex align-items-center me-3\">\n\t\t\t\t\t1 ba\u00f1o\t\t\t\t<\/li>\n\t\t\t\t\t\t\t<li class=\"d-flex align-items-center me-3\">\n\t\t\t\t\t144 m&sup2; construido\t\t\t\t<\/li>\n\t\t\t\t\t<\/ul>\n\t\t<h4 class=\"card-title mb-0\">\n\t\t\t<a class=\"stretched-link\" href=\"\/alquiler\/marbella-puerto-banus\/apartamentos-y-pisos\/147\">Apartamento de lujo de 1 dormitorio en primera l\u00ednea de playa Puerto Ban\u00fas<\/a>\n\t\t<\/h4>\n\t\t\t<\/div>\n<\/article>\t\t\t\t\t\t<article class=\"f-carousel__slide card col position-relative flex-column\">\n\t<figure class=\"position-relative w-100 mb-2\">\n\t\t<a class=\"card-portfolio position-absolute\" data-pfl-id=\"458571\" data-pfl-filter=\"rent-short\" href=\"#\">\n\t\t\t<svg width=\"20\" fill=\"currentColor\" viewBox=\"0 0 512 512\">\n\t\t\t\t<use href=\"https:\/\/www.homewatch.es\/wp-content\/themes\/inmobasolidbase\/dist\/src\/images\/icons.svg#svgPortfolio\"\/>\n\t\t\t<\/svg>\n\t\t\t<svg class=\"d-none\" width=\"20\" fill=\"currentColor\" viewBox=\"0 0 512 512\">\n\t\t\t\t<use href=\"https:\/\/www.homewatch.es\/wp-content\/themes\/inmobasolidbase\/dist\/src\/images\/icons.svg#svgPortfolioIn\"\/>\n\t\t\t<\/svg>\n\t\t<\/a>\n\t\t<picture class=\"ratio ratio-4x3\"><source width=\"1920\" height=\"1080\" srcset=\"https:\/\/media.inmobalia.com\/imgV1\/B8vEv5Xh_VThvnEqMx4G0YtA8lAADdw1sBC5uN5pSX6~ImMWYg0nYa_EPSP~fBpYtvgHs5QKecPwE1~j5DU_pylbu6cBdu0PgVunDxnkMoeY79Gll7Nv5AHhYwCGots7LHLh2Utd64jHiIaL64pGmyqo9Aa8OcgMeqWY~UF5MiSZuec_7wU0rN3SRB8jjzvp.jpg 1920w,https:\/\/media.inmobalia.com\/imgV1\/B8vEv5Xh_Vjzl4qKP9bJW21eHCmW9PWrQV6IDk9EjA79dASSMmDBrXf04FgH6wp0ylU42MWPePEey7rkY1j3kMIGs3YrRSP6UhHPWG1enKzuplcdy8f~NYm7bTbKkeM5EmP_giaBccrrx2hk93jTdCjHu77i0HtWmWLK5iHeF3hs9eTkm32Hc~JhjAKRjRc-.jpg 1580w,https:\/\/media.inmobalia.com\/imgV1\/B8vEv5Xh~9eLgpFkvD55S4O4_vRpfi7Zj~8WTFZMGThfizi~_Y~NgoiVzdN9MsuXYCpgHq7NOfhSSsV~~CvXOR8biNDSQCuIy3z~JafSwduxBEndespnQYPOGloQON4~nZJyLcRuvrkQEBGJHTxnSyFRtw88fA5fic27vBr5uK_X1IiWgajIUcnEGQnXKw--.jpg 774w\" type=\"image\/webp\"><img loading=\"lazy\" decoding=\"async\" class=\"image-fit\" alt=\"Apartamento en primera l\u00ednea con vistas al mar en Puerto Ban\u00fas - 2 dormitorios\" width=\"1920\" height=\"1080\" src=\"https:\/\/media.inmobalia.com\/imgV1\/B8vEv5Xh_VThvnEqMx4G0ZxU~~H0Ar_8Bn_AfAx~4dnt796zQ9QIPwzdr9PkzIdRpbeOYktBAPFfTt23HPhndt5b7cRr2vg76pmKvptCGz41lr5j~JWV~BWMYVxE_zWRU1EgN4puCAO5Zyyn~7KmivQ~WHVVnVhzATRRzaeYDUw-.jpg\"><\/picture>\t\t\t<\/figure>\n\t<div class=\"h-100 d-flex flex-column\">\n\t\t<span class=\"d-block card-area\">\n\t\t\tMarbella - Puerto Banus\t\t<\/span>\n\t\t\n\n\t\t\t<div class=\"card-price d-flex flex-column\">\n\t\t<strong class=\"me-1\">Desde <span data-original-price=\"153\">153\u00a0\u20ac<\/span><span data-period> por dia <\/span><\/strong><strong class=\"me-1\"><span data-original-price=\"1900\">1.900\u00a0\u20ac<\/span><span data-period> montly rental (November-March)<\/span><\/strong>\t\t<\/div>\n\t\n\t\t<ul class=\"card-features list-unstyled d-flex flex-wrap align-items-center mb-0\">\n\t\t\t\t\t\t\t<li class=\"d-flex align-items-center me-3\">\n\t\t\t\t\t2 dormitorios\t\t\t\t<\/li>\n\t\t\t\t\t\t\t<li class=\"d-flex align-items-center me-3\">\n\t\t\t\t\t1 ba\u00f1o\t\t\t\t<\/li>\n\t\t\t\t\t\t\t<li class=\"d-flex align-items-center me-3\">\n\t\t\t\t\t115 m&sup2; construido\t\t\t\t<\/li>\n\t\t\t\t\t<\/ul>\n\t\t<h4 class=\"card-title mb-0\">\n\t\t\t<a class=\"stretched-link\" href=\"\/alquiler\/marbella-puerto-banus\/apartamentos-y-pisos\/148\">Apartamento en primera l\u00ednea con vistas al mar en Puerto Ban\u00fas - 2 dormitorios<\/a>\n\t\t<\/h4>\n\t\t\t<\/div>\n<\/article>\t\t\t\t\t\t\t\t\t\t\t<\/div>\n\t\t\t\t\t\t\t\t\t\t\t<a class=\"btn btn-inm mt-2 mt-lg-5\" href=\"https:\/\/www.homewatch.es\/alquiler\/marbella-puerto-banus\">\u00a1Alquila ya!<\/a>\n\t\t\t\t\t\t\t\t\t<\/div>\n\t\t\t<\/section>\n\t\t","protected":false},"excerpt":{"rendered":"<p>No es de extra\u00f1ar que cuando alguien piensa en Marbella se le venga a la cabeza su gran atractivo tur\u00edstico Puerto Ban\u00fas, y es que, si algo tiene esta zona es que, aunque su propio nombre lo indique, es mucho m\u00e1s que un simple puerto deportivo cualquiera. Puerto Ban\u00fas, una joya incrustada en el coraz\u00f3n&#8230;<\/p>\n","protected":false},"author":6,"featured_media":4623,"comment_status":"closed","ping_status":"0","sticky":false,"template":"","format":"standard","meta":{"_acf_changed":false,"footnotes":""},"categories":[26,202],"tags":[32,967,36,966],"class_list":["post-4468","post","type-post","status-publish","format-standard","has-post-thumbnail","hentry","category-guia-de-zonas","category-marbella-es","tag-costa-del-sol-es","tag-guias-de-zonas-2","tag-marbella-es","tag-puerto-banus-3"],"acf":[],"_links":{"self":[{"href":"https:\/\/www.homewatch.es\/es\/wp-json\/wp\/v2\/posts\/4468","targetHints":{"allow":["GET"]}}],"collection":[{"href":"https:\/\/www.homewatch.es\/es\/wp-json\/wp\/v2\/posts"}],"about":[{"href":"https:\/\/www.homewatch.es\/es\/wp-json\/wp\/v2\/types\/post"}],"author":[{"embeddable":true,"href":"https:\/\/www.homewatch.es\/es\/wp-json\/wp\/v2\/users\/6"}],"replies":[{"embeddable":true,"href":"https:\/\/www.homewatch.es\/es\/wp-json\/wp\/v2\/comments?post=4468"}],"version-history":[{"count":0,"href":"https:\/\/www.homewatch.es\/es\/wp-json\/wp\/v2\/posts\/4468\/revisions"}],"wp:featuredmedia":[{"embeddable":true,"href":"https:\/\/www.homewatch.es\/es\/wp-json\/wp\/v2\/media\/4623"}],"wp:attachment":[{"href":"https:\/\/www.homewatch.es\/es\/wp-json\/wp\/v2\/media?parent=4468"}],"wp:term":[{"taxonomy":"category","embeddable":true,"href":"https:\/\/www.homewatch.es\/es\/wp-json\/wp\/v2\/categories?post=4468"},{"taxonomy":"post_tag","embeddable":true,"href":"https:\/\/www.homewatch.es\/es\/wp-json\/wp\/v2\/tags?post=4468"}],"curies":[{"name":"wp","href":"https:\/\/api.w.org\/{rel}","templated":true}]}}