{"id":4114,"date":"2023-12-07T17:47:50","date_gmt":"2023-12-07T16:47:50","guid":{"rendered":"https:\/\/www.homewatch.es\/?p=4114"},"modified":"2024-03-06T12:53:44","modified_gmt":"2024-03-06T11:53:44","slug":"marbella-marbella-este-bahia-de-marbella","status":"publish","type":"post","link":"https:\/\/www.homewatch.es\/es\/4114-marbella-marbella-este-bahia-de-marbella","title":{"rendered":"Bah\u00eda de Marbella, el para\u00edso de Marbella Este"},"content":{"rendered":"\n<p class=\"has-medium-font-size\">La definici\u00f3n de bah\u00eda es \"la entrada de un mar, oc\u00e9ano o lago rodeada por tierra\", y es que, si esta zona se conoce como <strong>Bah\u00eda de Marbella<\/strong> es porque en ella tierra y mar <em>fluyen<\/em> en perfecta armon\u00eda. Son sus playas, campos de golf, beach clubs, entre otros muchos atractivos, lo que hacen a esta sub area de <strong>Marbella Este<\/strong> especial y te las contamos, una por una, en este area guide, \u00bfnos acompa\u00f1a?<\/p><div id=\"ez-toc-container\" class=\"ez-toc-v2_0_82_2 counter-hierarchy ez-toc-counter ez-toc-custom ez-toc-container-direction\">\n<div class=\"ez-toc-title-container\">\n<p class=\"ez-toc-title\" style=\"cursor:inherit\">Table of Contents<\/p>\n<span class=\"ez-toc-title-toggle\"><a href=\"#\" class=\"ez-toc-pull-right ez-toc-btn ez-toc-btn-xs ez-toc-btn-default ez-toc-toggle\" aria-label=\"Alternar tabla de contenidos\"><span class=\"ez-toc-js-icon-con\"><span class=\"\"><span class=\"eztoc-hide\" style=\"display:none;\">Toggle<\/span><span class=\"ez-toc-icon-toggle-span\"><svg style=\"fill: #0a0a0a;color:#0a0a0a\" xmlns=\"http:\/\/www.w3.org\/2000\/svg\" class=\"list-377408\" width=\"20px\" height=\"20px\" viewBox=\"0 0 24 24\" fill=\"none\"><path d=\"M6 6H4v2h2V6zm14 0H8v2h12V6zM4 11h2v2H4v-2zm16 0H8v2h12v-2zM4 16h2v2H4v-2zm16 0H8v2h12v-2z\" fill=\"currentColor\"><\/path><\/svg><svg style=\"fill: #0a0a0a;color:#0a0a0a\" class=\"arrow-unsorted-368013\" xmlns=\"http:\/\/www.w3.org\/2000\/svg\" width=\"10px\" height=\"10px\" viewBox=\"0 0 24 24\" version=\"1.2\" baseProfile=\"tiny\"><path d=\"M18.2 9.3l-6.2-6.3-6.2 6.3c-.2.2-.3.4-.3.7s.1.5.3.7c.2.2.4.3.7.3h11c.3 0 .5-.1.7-.3.2-.2.3-.5.3-.7s-.1-.5-.3-.7zM5.8 14.7l6.2 6.3 6.2-6.3c.2-.2.3-.5.3-.7s-.1-.5-.3-.7c-.2-.2-.4-.3-.7-.3h-11c-.3 0-.5.1-.7.3-.2.2-.3.5-.3.7s.1.5.3.7z\"\/><\/svg><\/span><\/span><\/span><\/a><\/span><\/div>\n<nav><ul class='ez-toc-list ez-toc-list-level-1 ' ><li class='ez-toc-page-1 ez-toc-heading-level-2'><a class=\"ez-toc-link ez-toc-heading-1\" href=\"https:\/\/www.homewatch.es\/es\/4114-marbella-marbella-este-bahia-de-marbella\/#Una_ubicacion_privilegiada\" >Una ubicaci\u00f3n privilegiada<\/a><\/li><li class='ez-toc-page-1 ez-toc-heading-level-2'><a class=\"ez-toc-link ez-toc-heading-2\" href=\"https:\/\/www.homewatch.es\/es\/4114-marbella-marbella-este-bahia-de-marbella\/#La_historia_de_una_Urb\" >La historia de una Urb.<\/a><\/li><li class='ez-toc-page-1 ez-toc-heading-level-2'><a class=\"ez-toc-link ez-toc-heading-3\" href=\"https:\/\/www.homewatch.es\/es\/4114-marbella-marbella-este-bahia-de-marbella\/#Los_atractivos_de_la_bahia\" >Los atractivos de la bah\u00eda<\/a><\/li><li class='ez-toc-page-1 ez-toc-heading-level-2'><a class=\"ez-toc-link ez-toc-heading-4\" href=\"https:\/\/www.homewatch.es\/es\/4114-marbella-marbella-este-bahia-de-marbella\/#Lo_esencial_mano_a_mano\" >Lo esencial mano a mano<\/a><\/li><li class='ez-toc-page-1 ez-toc-heading-level-2'><a class=\"ez-toc-link ez-toc-heading-5\" href=\"https:\/\/www.homewatch.es\/es\/4114-marbella-marbella-este-bahia-de-marbella\/#Ninos_felices_igual_a_familia_feliz\" >Ni\u00f1os felices igual a familia feliz<\/a><\/li><li class='ez-toc-page-1 ez-toc-heading-level-2'><a class=\"ez-toc-link ez-toc-heading-6\" href=\"https:\/\/www.homewatch.es\/es\/4114-marbella-marbella-este-bahia-de-marbella\/#Envio_a_domicilio_para_que_no_se_mueva_y_tan_solo_disfrute\" >Env\u00edo a domicilio, para que no se mueva y tan solo disfrute<\/a><\/li><li class='ez-toc-page-1 ez-toc-heading-level-2'><a class=\"ez-toc-link ez-toc-heading-7\" href=\"https:\/\/www.homewatch.es\/es\/4114-marbella-marbella-este-bahia-de-marbella\/#Que_el_transporte_no_sea_un_problema\" >Que el transporte no sea un problema<\/a><\/li><li class='ez-toc-page-1 ez-toc-heading-level-2'><a class=\"ez-toc-link ez-toc-heading-8\" href=\"https:\/\/www.homewatch.es\/es\/4114-marbella-marbella-este-bahia-de-marbella\/#Mas_alla_de_Bahia_de_Marbella_Marbella_Este\" >M\u00e1s all\u00e1 de Bah\u00eda de Marbella: Marbella Este<\/a><\/li><li class='ez-toc-page-1 ez-toc-heading-level-2'><a class=\"ez-toc-link ez-toc-heading-9\" href=\"https:\/\/www.homewatch.es\/es\/4114-marbella-marbella-este-bahia-de-marbella\/#Mas_alla_de_Marbella_Este_Marbella_Centro_Marbella_Casco_Historico_y_Puerto_Banus\" >M\u00e1s all\u00e1 de Marbella Este: Marbella Centro, Marbella Casco Hist\u00f3rico y Puerto Ban\u00fas<\/a><\/li><li class='ez-toc-page-1 ez-toc-heading-level-2'><a class=\"ez-toc-link ez-toc-heading-10\" href=\"https:\/\/www.homewatch.es\/es\/4114-marbella-marbella-este-bahia-de-marbella\/#Propiedades_en_alquiler_en_Bahia_de_Marbella_Marbella_Este_Todas_las_propiedades_en_alquiler_Marbella_Marbella_Este_Bahia_de_Marbella\" >Propiedades en alquiler en Bah\u00eda de Marbella, Marbella Este\n\t\t\t\t\t\t\t\t\t\t\t\t\t\t\t\tTodas las propiedades en alquiler \/ Marbella \/ Marbella Este \/ Bah\u00eda de Marbella<\/a><\/li><\/ul><\/nav><\/div>\n\n\n\n\n<figure class=\"position-relative my-5\"><a class=\"position-relative\" href=\"https:\/\/youtu.be\/Km3EekKLsVI\" data-fancybox=\"video\" target=\"_blank\" rel=\"noopener\"><svg class=\"position-absolute top-50 start-50 translate-middle\" width=\"80\" fill=\"#fff\" viewBox=\"0 0 512 512\"><use href=\"https:\/\/www.homewatch.es\/wp-content\/themes\/inmobasolidbase\/dist\/src\/images\/icons.svg#svgPlay\"><\/use><\/svg><picture><source width=\"1920\" srcset=\"https:\/\/media.inmobalia.com\/imgV1\/B98Le8~d7M9k3Degnasou4SeXs2jeTR_PiwwSeLqOqIC4907UpvQnFtJljAkioC7kuEr6Z~ulrAsl79hYMCSZSclVu4iyL8qDyzU6s0rantJWdj8q7hXPxqyhi0-.jpg 1920w\" type=\"image\/webp\"><img decoding=\"async\" class=\"img-fluid d-block w-100 my-4\" alt=\"Bah\u00eda de Marbella, el para\u00edso de Marbella Este\" width=\"1920\" src=\"https:\/\/media.inmobalia.com\/imgV1\/B98Le8~d7M9k3DegigWijpPHfi0CkGBxNjyvwawbHYBfRTOjZB3vLkbI1XjyP3_uMpCnUElLxjqzipy1yaNQvUj3dBU3gl2IwSZAnw--.jpg\"><\/picture><\/a><script type=\"application\/ld+json\">\n\t\t\t{\n\t\t\t\t\"@context\": \"https:\/\/schema.org\",\n\t\t\t\t\"@type\": \"VideoObject\",\n\t\t\t\t\"name\": \"Bah\u00eda de Marbella, el para\u00edso de Marbella Este\",\n\t\t\t\t\"description\": \"La definici\u00f3n de bah\u00eda es &quot;la entrada de un mar, oc\u00e9ano o lago rodeada por tierra&quot;, y es que, si...\",\n\t\t\t\t\"thumbnailUrl\": \"https:\/\/img.youtube.com\/vi\/Km3EekKLsVI\/maxresdefault.jpg\",\n\t\t\t\t\"uploadDate\": \"2023-12-07T17:47:50+0100\", \"embedUrl\": \"https:\/\/youtu.be\/Km3EekKLsVI\"\t\t\t\n\t\t\t}\n\t\t\t<\/script><\/figure>\n\n\n<ul class=\"list-unstyled p-4 pb-5 border border-light\"><li class=\"text-black text-uppercase fw-bold mb-3\">\u00cdndice<\/li><li><a href=\"#una+ubicacion+privilegiada\">Una ubicaci\u00f3n privilegiada<\/a><\/li>\n<li><a href=\"#la+historia+de+una+urb+\">La historia de una Urb. <\/a><\/li>\n<li><a href=\"#los+atractivos+de+la+bahia\">Los atractivos de la bah\u00eda<\/a><\/li>\n<li><a href=\"#lo+esencial+mano+a+mano\">Lo esencial mano a mano<\/a><\/li>\n<li><a href=\"#ninos+felices+igual+a+familia+feliz\">Ni\u00f1os felices igual a familia feliz<\/a><\/li>\n<li><a href=\"#envio+a+domicilio+para+que+no+se+mueva+y+tan+solo+disfrute\">Env\u00edo a domicilio, para que no se mueva y tan solo disfrute<\/a><\/li>\n<li><a href=\"#que+el+transporte+no+sea+un+problema\">Que el transporte no sea un problema<\/a><\/li>\n<li><a href=\"#mas+alla+de+bahia+de+marbella+marbella+este\">M\u00e1s all\u00e1 de Bah\u00eda de Marbella: Marbella Este<\/a><\/li>\n<li><a href=\"#mas+alla+de+marbella+este+marbella+centro+marbella+casco+historico+y+puerto+banus\">M\u00e1s all\u00e1 de Marbella Este: Marbella Centro, Marbella Casco Hist\u00f3rico y Puerto Ban\u00fas<\/a><\/li><\/ul>\n\n\n\n<h2 class=\"wp-block-heading\"><span class=\"ez-toc-section\" id=\"Una_ubicacion_privilegiada\"><\/span>Una ubicaci\u00f3n privilegiada<span class=\"ez-toc-section-end\"><\/span><\/h2>\n\n\n\n<p class=\"undefined\"><strong>Bah\u00eda de Marbella<\/strong>, situada en la prestigiosa <strong>Marbella Este<\/strong>, comenz\u00f3 a destacarse como un \u00e1rea de inter\u00e9s en la d\u00e9cada de los 90, cuando Marbella vivi\u00f3 su mayor expansi\u00f3n en cuanto a urbanizaciones, campos de golf y otros servicios de alta gama. Nacida del sue\u00f1o mediterr\u00e1neo, sus primeras residencias de lujo y villas empezaron a adornar su paisaje costero. Durante esta \u00e9poca, la urbanizaci\u00f3n se convirti\u00f3 en sin\u00f3nimo de exclusividad y elegancia. Fue la visi\u00f3n de desarrolladores pioneros lo que le otorg\u00f3 a<strong> Bah\u00eda de Marbella <\/strong>su caracter\u00edstico encanto: una fusi\u00f3n de modernidad y tradici\u00f3n andaluza que dio lugar a un equilibrio ha estado enamorando a sus visitantes y residentes desde entonces. <\/p>\n\n\n\n<p class=\"undefined\">Con un acceso privilegiado a algunas de las mejores playas de la Costa del Sol, junto con una infraestructura de alta calidad y una atm\u00f3sfera de tranquilidad, <strong>Bah\u00eda de Marbella<\/strong> no es solo un lugar para vivir o pasar unas agradables vacaciones, sino un sitio donde disfrutar de la vida en su m\u00e1xima expresi\u00f3n.<\/p>\n\n\n\n<p class=\"undefined\">La zona se extiende a lo largo de la A-7, la carretera principal que recorre la Costa del Sol. Esta v\u00eda no solo asegura una conexi\u00f3n fluida con el aeropuerto de M\u00e1laga, sino que sirve como la principal arteria hacia otros puntos destacados de la costa. Para aquellos que prefieran una ruta alternativa, la AP-7 ofrece un trayecto r\u00e1pido y c\u00f3modo, especialmente para quienes viajan desde el aeropuerto de Gibraltar, aunque tambi\u00e9n est\u00e1 la opci\u00f3n de la carretera N-340 para una experiencia m\u00e1s pintoresca.<\/p>\n\n\n\n<p class=\"undefined\">Adem\u00e1s desde <strong>Bah\u00eda de Marbella<\/strong>, la conectividad con otras \u00e1reas de <strong>Marbella Este<\/strong>, Marbella y la Costa del Sol son excelentes, facilitando as\u00ed el acceso, en coche propio o en transporte urbano, a m\u00faltiples puntos de inter\u00e9s; igualmente, si usted viene sin su veh\u00edculo y no existe opci\u00f3n de autob\u00fas, hay otras muchas opciones de transporte, las cuales podr\u00e1 encontrar en <em>Que el transporte no sea un problema<\/em>.<\/p>\n\n\n\n<ul class=\"wp-block-list\">\n<li>El Rosario - a 3,5 km, 6 min en coche, por A-7 y Av. del Rosario<\/li>\n\n\n\n<li>Los Monteros - a 1,4 km, 3 min en coche, por A-7, y 9 min en bus, por l\u00ednea 6<\/li>\n\n\n\n<li>Costabella - a 2,9 km, 4 min en coche, por A-7, y 13 min en bus, por l\u00ednea 6 <\/li>\n\n\n\n<li>Cerrado de Elviria - a 5,8 km, 7 min en coche, por A-7, y 27 min en bus, por l\u00ednea 6<\/li>\n\n\n\n<li>Marbesa - a 8,2 km, 9 min en coche, por A-7<\/li>\n\n\n\n<li>Cabopino - a 9,0 km, 9 min en coche, por A-7, y 30 min en bus, por Avanza L-302<\/li>\n\n\n\n<li>R\u00edo Real Golf - a 2,4 km, 5 min en coche, por Av. de la Alcudia, y 30 min en bus, por l\u00edneas 13 y 12<\/li>\n<\/ul>\n\n\n\n<ul class=\"wp-block-list\">\n<li>Marbella Centro - a 4,7 km, 10 min en coche, por A-7, y 14 min en bus, por l\u00edneas 12 y 13<\/li>\n\n\n\n<li>La Mairena - a 11,1 km, 14 min en coche, por A-7 y Av de Espa\u00f1a<\/li>\n\n\n\n<li>Marbella Casco Hist\u00f3rico - a 8,2 km, 13 min en coche, por A-7, y 19 min en bus, por l\u00edneas 12 y 13<\/li>\n\n\n\n<li>Nag\u00fceles - a 10,9 km, 13 min en coche, por A-7 y AP-7<\/li>\n\n\n\n<li>Nueva Andaluc\u00eda - a 14,3 km, 13 min en coche, por A-7 y AP-7<\/li>\n\n\n\n<li>Puerto Ban\u00fas - a 15,2 km, 15 min en coche, por A-7, AP-7 y Autov\u00eda del Mediterr\u00e1neo\/A-7<\/li>\n\n\n\n<li>Golden Mile - a 15,4 km, 15 min en coche, por A-7, AP-7 y Autov\u00eda del Mediterr\u00e1neo\/A-7<\/li>\n<\/ul>\n\n\n\n<figure class=\"wp-caption aligncenter\">\n<picture><source width=\"1480\" srcset=\"https:\/\/media.inmobalia.com\/imgV1\/B98Le8~d7M9pwOKhCJcJLIfglZOtvyX13f98gUEkry2AXpxxwVVUW6beaB1CbHQXGOhTMxPEWoq2vSWoPxT0dWUFVpFov6NwmlNzq3qwzpnpHLdM7rEnUz9Q1M3zHkeSo_NtbkrWnlBC0JptLsQ7MC9S2eFwHz0g96V9wrv5Zw--.jpg 1480w\" type=\"image\/webp\"><img decoding=\"async\" class=\"img-fluid \" width=\"1480\" src=\"https:\/\/media.inmobalia.com\/imgV1\/B98Le8~d7M9pwOKhH98twCJY8~z6ePCZX6v4ZFfOvduhBdeVCpC563TEl9~Gba~ZsCNLt5CSrqfb7qaISBEVv0QdM3Qn_hAlNygvYLlkv_dZemIaM5yz21omssiwLcK058d0u4h88URcaa8S_OzY.jpg\"><\/picture>\n<figcaption class=\"wp-caption-text\"><\/figcaption>\n<\/figure>\n\n\n\n<h2 class=\"wp-block-heading\"><span class=\"ez-toc-section\" id=\"La_historia_de_una_Urb\"><\/span>La historia de una Urb. <span class=\"ez-toc-section-end\"><\/span><\/h2>\n\n\n\n<p class=\"undefined\">Marbella, un nombre que resuena con lujo y sofisticaci\u00f3n en la Costa del Sol, brilla no solo por su fama mundial, sino tambi\u00e9n por ser un epicentro de encanto y belleza en esta codiciada franja costera. Rodeando la ciudad de Marbella, encontramos destinos igualmente encantadores como Mijas, Benahav\u00eds, Ist\u00e1n, Estepona, Oj\u00e9n y la vibrante M\u00e1laga. Sin embargo, Marbella tiene un brillo \u00fanico, una mezcla de glamour y tradici\u00f3n que la hace inigualable.<\/p>\n\n\n\n<p class=\"undefined\">Dentro de este glamuroso contexto, se encuentra <strong>Marbella Este<\/strong>, un \u00e1rea que destila distinci\u00f3n y alberga varias subzonas que encapsulan lo mejor del lujo y la exclusividad. <strong>Bah\u00eda de Marbella<\/strong>, junto a Costabella, Elviria, Los Monteros y Cabopino, resalta como una joya en esta corona de opulencia.<\/p>\n\n\n\n<p class=\"undefined\"><strong>Bah\u00eda de Marbella<\/strong> es m\u00e1s que una direcci\u00f3n; es un destino en s\u00ed mismo. Ubicada estrat\u00e9gicamente en la parte oriental de Marbella, esta urbanizaci\u00f3n ofrece un acceso inmejorable a playas de arena dorada y aguas cristalinas del Mediterr\u00e1neo. Con vistas al mar por un lado y la imponente Sierra Blanca por el otro<strong>, Bah\u00eda de Marbella<\/strong> proporciona una ubicaci\u00f3n excepcional para disfrutar de unas vacaciones de ensue\u00f1o o una vida cotidiana de lujo y confort a partes iguales. <\/p>\n\n\n\n<h2 class=\"wp-block-heading\"><span class=\"ez-toc-section\" id=\"Los_atractivos_de_la_bahia\"><\/span>Los atractivos de la bah\u00eda<span class=\"ez-toc-section-end\"><\/span><\/h2>\n\n\n\n<p class=\"undefined\">Esta zona, conocida por sus playas id\u00edlicas, es tambi\u00e9n un destino predilecto para los aficionados al deporte, gracias a sus campos de golf de renombre, club de rugby y modernas instalaciones deportivas. Adem\u00e1s, <strong>Bah\u00eda de Marbella<\/strong> ofrece una animada escena gastron\u00f3mica, con una variedad de beach clubs y restaurantes a p\u00ede de playa. Y, por si fuese poco, sus supermercados, farmacias y hospitales son tambi\u00e9n un plus de tranquilidad. Y por s\u00ed viene con ni\u00f1os parques y colegios. <\/p>\n\n\n\n<h3 class=\"wp-block-heading\">Playas donde fluir, <em>como el agua<\/em><\/h3>\n\n\n\n<p class=\"undefined\">La sub area de <strong>Bah\u00eda de Marbella<\/strong> recibe este nombre por uni\u00f3n de mar y tierra; sus playas de aguas cristalinas no solo coexisten sino que se fusionan con los vibrantes beach clubs, creando un equilibrio perfecto entre relajaci\u00f3n y diversi\u00f3n. En Bah\u00eda de Marbella, cada momento es una invitaci\u00f3n a disfrutar de dos mundos: la tranquilidad de un retiro costero y el dinamismo de un destino lleno de vida.<\/p>\n\n\n\n<h4 class=\"wp-block-heading\">Playa de Bah\u00eda de Marbella<\/h4>\n\n\n\n<p class=\"undefined\">Cuando le hablamos de la <strong>playa de Bah\u00eda de Marbella<\/strong> (a tan solo 1,0 km, lo que supone un paseo de 10 min desde su propiedad), no nos referimos a una playa com\u00fan. Lo que la hace sobresalir es su belleza incomparable y su variedad de chiringuitos, elementos que la convierten en una de las perlas de la Costa del Sol. <\/p>\n\n\n\n<figure class=\"wp-caption is-resized\">\n<picture><source width=\"1480\" srcset=\"https:\/\/media.inmobalia.com\/imgV1\/B98Le8~d7M9pwOKhCJcJLIfglZOtvyX13f98gUEkry2AXpxxwVVUW6beaB1CbHQXGOhTMxPEWoq2vSWoPxT0dWUFVpFov6NwmlNzq3qwzpnpHLdM7rEnUyIEwSe8x4uWQYWi7B9hSOtOMJ96iUzURs7gV6yNuhCTQalOVEC3oAoLG~zj_DGQDHk-.jpg 1480w\" type=\"image\/webp\"><img decoding=\"async\" class=\"img-fluid is-resized\" width=\"1480\" src=\"https:\/\/media.inmobalia.com\/imgV1\/B98Le8~d7M9pwOKhH98twCJY8~z6ePCZX6v4ZFfOvduhBdeVCpC563TEl9~Gba~ZsCNLt5CSrqfb7qaISBEVv0QdM3Qn_hAlKktRUy1TjKcGTfBY7cTWfCKh7ibC4RVZ4~MwJtmKhj85cXoCBswEgt9kKFEj4pDycg--.jpg\"><\/picture>\n<figcaption class=\"wp-caption-text\"><\/figcaption>\n<\/figure>\n\n\n\n<figure class=\"wp-caption aligncenter\">\n<picture><source width=\"1480\" srcset=\"https:\/\/media.inmobalia.com\/imgV1\/B98Le8~d7M9pwOKhCJcJLIfglZOtvyX13f98gUEkry2AXpxxwVVUW6beaB1CbHQXGOhTMxPEWoq2vSWoPxT0dWUFVpFov6NwmlNzq3qwzpnpHLdM7rEnUyIJcg4iQS3QN~bXE_1WOJZg05qQ6UoynmLJ58u~j2ExlejPGt9qYs6eeQ--.jpg 1480w\" type=\"image\/webp\"><img decoding=\"async\" class=\"img-fluid \" width=\"1480\" src=\"https:\/\/media.inmobalia.com\/imgV1\/B98Le8~d7M9pwOKhH98twCJY8~z6ePCZX6v4ZFfOvduhBdeVCpC563TEl9~Gba~ZsCNLt5CSrqfb7qaISBEVv0QdM3Qn_hAlKkYzNv66o7duhhAsDk~QTajcMC23LaCl~HUsG5KUozpkUzL~P351j0aO.jpg\"><\/picture>\n<figcaption class=\"wp-caption-text\"><\/figcaption>\n<\/figure>\n\n\n\n<h5 class=\"wp-block-heading\"><a href=\"https:\/\/elmangaleta.com\/\" target=\"_blank\" rel=\"noopener\">Restaurante El Mangaleta<\/a><\/h5>\n\n\n\n<p class=\"undefined\">El Restaurante El Mangaleta es una joya en la orilla del mar Mediterr\u00e1neo. Este establecimiento, con su aut\u00e9ntico estilo andaluz: mesas con mantel blanco en un luminoso comedor, es un destino impecable para los amantes de la buena comida. Al entrar, se encontrar\u00e1 con una espaciosa terraza, con cristaleras directas al mar y un acogedor interior, que todo junto da lugar a el chiringuito m\u00e1s casero de toda Marbella, seg\u00fan sus clientes m\u00e1s habituales. <\/p>\n\n\n\n<p class=\"undefined\">El Mangaleta no solo es conocido por su ubicaci\u00f3n excepcional, sino tambi\u00e9n por su men\u00fa, y es que este restaurante est\u00e1 especializado en pescados, mariscos y platos mediterr\u00e1neos, con raciones variadas y abundantes; siendo nuestra recomendaci\u00f3n estrella su arroz negro, un plato que combina sabores intensos y texturas suaves. Como plus: su servicio de hamacas y sombrillas. Adem\u00e1s es espectacular para  venir con ni\u00f1os, pues no hay ning\u00fan peligro alrededor. Eso s\u00ed, si va en fin de semana o festivos, le recomendamos reservar, llamando por tel\u00e9fono, para asegurar su mesa, pues tiende a llenarse. <\/p>\n\n\n\n<figure class=\"wp-caption aligncenter\">\n<picture><source width=\"1480\" srcset=\"https:\/\/media.inmobalia.com\/imgV1\/B98Le8~d7M9pwOKhCJcJLIfglZOtvyX13f98gUEkry2AXpxxwVVUW6beaB1CbHQXGOhTMxPEWoq2vSWoPxT0dWUFVpFov6NwmlNzq3qwzpnpHLdM7rEnUzN8oErh_LewwtsJ_UovRFsXbP0mNjPI_KGqRfCPwT9RbezWJus-.jpg 1480w\" type=\"image\/webp\"><img decoding=\"async\" class=\"img-fluid \" width=\"1480\" src=\"https:\/\/media.inmobalia.com\/imgV1\/B98Le8~d7M9pwOKhH98twCJY8~z6ePCZX6v4ZFfOvduhBdeVCpC563TEl9~Gba~ZsCNLt5CSrqfb7qaISBEVv0QdM3Qn_hAlO7Jz2zo~D0XqlXErgbWv8mDFP893kRFBY~kaO77ooF2Q3YVR0Q--.jpg\"><\/picture>\n<figcaption class=\"wp-caption-text\"><\/figcaption>\n<\/figure>\n\n\n\n<ul class=\"wp-block-list\">\n<li>PRECIO: \u20ac\u20ac<\/li>\n\n\n\n<li>HORARIO: Todos los d\u00edas, de 12:00 a 23:00 <\/li>\n\n\n\n<li><a href=\"https:\/\/www.google.es\/maps\/place\/Restaurante+El+Mangaleta\/@36.5005737,-4.8228297,551m\/data=!3m1!1e3!4m23!1m16!4m15!1m6!1m2!1s0xd7327674ee89dc9:0xb26bdb9f9d1a8eea!2sUrbanizaci%C3%B3n+Bah%C3%ADa+de+Marbella,+29603,+Alameda+de+Levante,+6,+29603+Marbella,+M%C3%A1laga!2m2!1d-4.831958!2d36.5057291!1m6!1m2!1s0xd7327679e749199:0xd6532d3d42f5027c!2sRestaurante+El+Mangaleta,+Urbanizaci%C3%B3n+Bah%C3%ADa+de+Marbella,+Marbella!2m2!1d-4.8334213!2d36.5018478!3e0!3m5!1s0xd7327679e749199:0xd6532d3d42f5027c!8m2!3d36.5018206!4d-4.8332858!16s%2Fg%2F1tfqbl25?entry=ttu\" target=\"_blank\" rel=\"noopener\">DIRECCI\u00d3N<\/a>: Urbanizaci\u00f3n <strong>Bah\u00eda de Marbella<\/strong>, s\/n, 29604 Marbella, M\u00e1laga<\/li>\n\n\n\n<li>ENTREGA: Comer all\u00ed - No hay entrega a domicilio<\/li>\n\n\n\n<li>TEL\u00c9FONO: 952 82 28 72<\/li>\n<\/ul>\n\n\n\n<h5 class=\"wp-block-heading\"><a href=\"https:\/\/lacabanemarbella.com\/\" target=\"_blank\" rel=\"noopener\">La Cabane Marbella<\/a> <\/h5>\n\n\n\n<p class=\"undefined\">Grupo Mosh (establecimiento) - Grupo Dani Garc\u00eda (comida) - Dolce &amp; Gabbana (decoraci\u00f3n)<\/p>\n\n\n\n<p class=\"undefined\">De la mano de los mejores, la Cabane Marbella es mas que un club de playa privado, es toda una experiencia de lujo en la costa. Al cruzar sus puertas, se descubre un oasis de elegancia y sofisticaci\u00f3n, con una impresionante piscina, restaurante, tumbonas y camas balinesas, frente al vasto mar mediterr\u00e1neo, pues se encuentra en primer\u00edsima l\u00ednea de playa y, adem\u00e1s, tiene acceso directo a la misma, y todo ello con DJ\u00b4s como acompa\u00f1amiento.<\/p>\n\n\n\n<p class=\"undefined\">Su terraza, espaciosa y elegante, es el lugar perfecto para relajarse bajo el sol, con vistas al mar Mediterr\u00e1neo. El club ofrece una <a href=\"https:\/\/grupodanigarcia.com\/lacabane\/\" target=\"_blank\" rel=\"noopener\">carta<\/a>, de cocteles y platos, excepcional, con una selecci\u00f3n de platos que combinan la cocina mediterr\u00e1nea con toques internacionales; no puede dejar de probar sus especialidades en mariscos y pescados frescos, platos que capturan la esencia del mar en cada bocado. <\/p>\n\n\n\n<p class=\"undefined\">Pero lo que realmente distingue a La Cabane es su atm\u00f3sfera exclusiva: aqu\u00ed el servicio es impecable, con un personal atento que se asegura de que cada momento sea especial. Es el lugar ideal para quienes buscan disfrutar de un d\u00eda de lujo y relajaci\u00f3n, con ya sea con una buena comida o un coctel. Como plus, la espectacular tienda de D&amp;G, dentro del recinto. <\/p>\n\n\n\n<ul class=\"wp-block-list\">\n<li>PRECIO: \u20ac\u20ac\u20ac\u20ac<\/li>\n\n\n\n<li>HORARIO: De martes a domingo, de 12:00 a 22:00; lunes cerrado. Solo abre en temporada alta. <\/li>\n\n\n\n<li><a href=\"https:\/\/www.google.es\/maps\/place\/La+Cabane+Marbella\/@36.500087,-4.8259979,896m\/data=!3m1!1e3!4m15!1m8!3m7!1s0xd73203f04a47a93:0xefad91077af00cf1!2sLa+Cabane+Marbella!8m2!3d36.500087!4d-4.823423!10e1!16s%2Fg%2F1tg3cg22!3m5!1s0xd73203f04a47a93:0xefad91077af00cf1!8m2!3d36.500087!4d-4.823423!16s%2Fg%2F1tg3cg22?entry=ttu\" target=\"_blank\" rel=\"noopener\">DIRECCI\u00d3N<\/a>: C. Jabal\u00ed, 29603 Marbella, M\u00e1laga<\/li>\n\n\n\n<li>TEL\u00c9FONO: 951 55 22 16<\/li>\n<\/ul>\n\n\n\n<h4 class=\"wp-block-heading\">Playa del Alicate<\/h4>\n\n\n\n<p class=\"undefined\">La Playa del Alicate, aunque se encuentra en la sub area de Las Chapas, destaca por su cercan\u00eda a <strong>Bah\u00eda de Marbella<\/strong>, pues ambas sub zonas se encuentran en <strong>Marbella Este<\/strong>. Dicha playa, al igual que la Playa de <strong>Bah\u00eda de Marbella<\/strong>, es reconocible tambi\u00e9n por sus m\u00faltiples beach clubs y restaurantes a p\u00ede de playa, \u00a1le recomendamos algunos!<\/p>\n\n\n\n<h5 class=\"wp-block-heading\"><a href=\"https:\/\/www.lossardinales.com\/\" target=\"_blank\" rel=\"noopener\">Restaurante Los Sardinales<\/a><\/h5>\n\n\n\n<p class=\"undefined\">Imagine sentarse en una terraza justo sobre la arena, con el mar frente a usted, eso es exactamente lo que ofrece el Restaurante Los Sardinales. Se trata de un lugar donde el marisco, los calamares y, por supuesto, las sardinas de espeto, \u00a1su plato estrella!, son de primer\u00edsima calidad, y no solo destaca por su men\u00fa de platos, con pescados de todo tipo, pues sus porciones y su precio tambi\u00e9n son bastante generosos.<\/p>\n\n\n\n<p class=\"undefined\"> Adem\u00e1s este emblem\u00e1tico restaurante es conocido no solo por su cocina, sino tambi\u00e9n por su ambiente c\u00e1lido y acogedor, en un comedor <em>de los de toda la vida<\/em>. Ya sea que est\u00e9 disfrutando de una comida casual durante el d\u00eda o una cena \u00edntima al atardecer, no se va a arrepentir de hacerle una visita. Posdata: a parte de sus pescados tambi\u00e9n le recomendamos probar sus arroces, sus pimientos fritos y sus ricos postres caseros.<\/p>\n\n\n\n<figure class=\"wp-caption aligncenter\">\n<picture><source width=\"1480\" srcset=\"https:\/\/media.inmobalia.com\/imgV1\/B98Le8~d7M9pwOKhCJcJLIfglZOtvyX13f98gUEkry2AXpxxwVVUW6beaB1CbHQXGOhTMxPEWoq2vSWoPxT0dWUFVpFov6NwmlNzq3qwzpnpHLdM7rEnUyBY20rxgunzeJwloFQz2RKIU7wThjm3_vfuOhHlmZPYFyHprk6dMa4-.jpg 1480w\" type=\"image\/webp\"><img decoding=\"async\" class=\"img-fluid \" width=\"1480\" src=\"https:\/\/media.inmobalia.com\/imgV1\/B98Le8~d7M9pwOKhH98twCJY8~z6ePCZX6v4ZFfOvduhBdeVCpC563TEl9~Gba~ZsCNLt5CSrqfb7qaISBEVv0QdM3Qn_hAlKIC8Mc2Ykp10cOZWX0cSsbHosAtTHQMMGp7QQHSgUhDYpg2~HPF3Sg--.jpg\"><\/picture>\n<figcaption class=\"wp-caption-text\"><\/figcaption>\n<\/figure>\n\n\n\n<ul class=\"wp-block-list\">\n<li>PRECIO: \u20ac\u20ac<\/li>\n\n\n\n<li>HORARIO: Todos los d\u00edas, de 13:00 a 22:00<\/li>\n\n\n\n<li><a href=\"https:\/\/www.google.es\/maps\/place\/Restaurante+Los+Sardinales\/@36.4994684,-4.822289,17z\/data=!3m1!4b1!4m6!3m5!1s0xd73274fa3e8cfa3:0x1fea11b45c6ff739!8m2!3d36.4994684!4d-4.8197141!16s%2Fg%2F1hhj922zv?entry=ttu\" target=\"_blank\" rel=\"noopener\">DIRECCI\u00d3N<\/a>: Urbanizacion Alicate Playa s\/n, Av. del Gaviero, 29604 Marbella, M\u00e1laga; a 2,6 km desde <strong>Bah\u00eda de Marbella<\/strong><\/li>\n\n\n\n<li>ENTREGA: Comer all\u00ed - Para llevar - No hay entrega a domicilio<\/li>\n\n\n\n<li>TEL\u00c9FONO: 952 83 70 12<\/li>\n<\/ul>\n\n\n\n<h5 class=\"wp-block-heading\"><a href=\"https:\/\/oyanabeach.com\/es\/\" target=\"_blank\" rel=\"noopener\">Oyana Beach Restaurant<\/a><\/h5>\n\n\n\n<p class=\"undefined\">Al entrar en Oyana le recibe un espacio elegante y relajado, donde la luz natural resalta la belleza de su dise\u00f1o interior. La terraza, un verdadero balc\u00f3n al Mediterr\u00e1neo, es el escenario perfecto para degustar platos exquisitos mientras se observa la vida de la playa. El men\u00fa en Oyana es una exploraci\u00f3n de los sabores del Mediterr\u00e1neo, con \u00e9nfasis en parrilladas llenas de sabor, arroces, preparados con maestr\u00eda, y todo tipo de pescados: calamares, boquerones al lim\u00f3n, sardinas, pulpo, etc., y todo ello a un precio razonable, y tambi\u00e9n con opciones gluten free. Le recomendamos <a href=\"https:\/\/oyanabeach.com\/es\/reservar\/\" target=\"_blank\" rel=\"noopener\">reservar una mesa<\/a>.<\/p>\n\n\n\n<figure class=\"wp-caption aligncenter\">\n<picture><source width=\"1480\" srcset=\"https:\/\/media.inmobalia.com\/imgV1\/B98Le8~d7M9pwOKhCJcJLIfglZOtvyX13f98gUEkry2AXpxxwVVUW6beaB1CbHQXGOhTMxPEWoq2vSWoPxT0dWUFVpFov6NwmlNzq3qwzpnpHLdM7rEnUz1JoCczaA92zHZbJjH6aQhb~JPP~2t61hkH01_Wm3a__gjqlA--.jpg 1480w\" type=\"image\/webp\"><img decoding=\"async\" class=\"img-fluid \" width=\"1480\" src=\"https:\/\/media.inmobalia.com\/imgV1\/B98Le8~d7M9pwOKhH98twCJY8~z6ePCZX6v4ZFfOvduhBdeVCpC563TEl9~Gba~ZsCNLt5CSrqfb7qaISBEVv0QdM3Qn_hAlNdSLnEIhLVJPy_3Vj2G2IX_jcme~ovWXyZD9JugMc7VaXXzu.jpg\"><\/picture>\n<figcaption class=\"wp-caption-text\"><\/figcaption>\n<\/figure>\n\n\n\n<ul class=\"wp-block-list\">\n<li>PRECIO: \u20ac\u20ac<\/li>\n\n\n\n<li>HORARIO: Todos los d\u00edas, de 11:00 a 21:00 <\/li>\n\n\n\n<li><a href=\"https:\/\/www.google.es\/maps\/place\/Oyana+Beach+Restaurant\/@36.5024453,-4.8269954,1506m\/data=!3m1!1e3!4m23!1m16!4m15!1m6!1m2!1s0xd7327674ee89dc9:0xb26bdb9f9d1a8eea!2sUrbanizaci%C3%B3n+Bah%C3%ADa+de+Marbella,+Alameda+de+Levante,+Marbella!2m2!1d-4.831958!2d36.5057291!1m6!1m2!1s0xd7320ad2a50e571:0xa44b539a5568bc3e!2sOyana+Beach+Restaurant,+Marbella!2m2!1d-4.8180603!2d36.4994385!3e0!3m5!1s0xd7320ad2a50e571:0xa44b539a5568bc3e!8m2!3d36.4994385!4d-4.8180603!16s%2Fg%2F1tj4jdmj?entry=ttu\" target=\"_blank\" rel=\"noopener\">DIRECCI\u00d3N<\/a>: Urbanizaci\u00f3n las Chapas, s\/n, 29604 Marbella, M\u00e1laga; a 2,8 km desde <strong>Bah\u00eda de Marbella<\/strong><\/li>\n\n\n\n<li>ENTREGA: Comer all\u00ed - Para llevar - No hay entrega a domicilio<\/li>\n\n\n\n<li>TEL\u00c9FONO: 621 35 95 85<\/li>\n<\/ul>\n\n\n\n<figure class=\"wp-caption aligncenter\">\n<picture><source width=\"1480\" srcset=\"https:\/\/media.inmobalia.com\/imgV1\/B98Le8~d7M9pwOKhCJcJLIfglZOtvyX13f98gUEkry2AXpxxwVVUW6beaB1CbHQXGOhTMxPEWoq2vSWoPxT0dWUFVpFov6NwmlNzq3qwzpnpHLdM7rEnUz1JoCczaA92zHZbJjH6bkx_oet5zW8C3258Glo7dweO40_ChVHE.jpg 1480w\" type=\"image\/webp\"><img decoding=\"async\" class=\"img-fluid \" width=\"1480\" src=\"https:\/\/media.inmobalia.com\/imgV1\/B98Le8~d7M9pwOKhH98twCJY8~z6ePCZX6v4ZFfOvduhBdeVCpC563TEl9~Gba~ZsCNLt5CSrqfb7qaISBEVv0QdM3Qn_hAlNdSLnEIhLVJPy_3Vj2Gxj1TgWfubdzngAtJirmPfgi2anyI~T5s-.jpg\"><\/picture>\n<figcaption class=\"wp-caption-text\"><\/figcaption>\n<\/figure>\n\n\n\n<h3 class=\"wp-block-heading\">Deporte a raudales<\/h3>\n\n\n\n<h4 class=\"wp-block-heading\">Campos de golf, donde hacer el swing perfecto<\/h4>\n\n\n\n<p class=\"undefined\">Otra de las grandes ventajas de Marbella, y de la zona de <strong>Marbella Este<\/strong> en concreto, es la gran cantidad de campos de golf, de primer nivel, que se pueden encontrar en ella; y es que es por algo que a la Costa del sol tambi\u00e9n se la conoce como la Costa del Golf. A continuaci\u00f3n le hablamos de algunos de ellos. <\/p>\n\n\n\n<h5 class=\"wp-block-heading\"><a href=\"https:\/\/www.marbellagolf.com\/es\/\" target=\"_blank\" rel=\"noopener\">Marbella Golf Country Club<\/a><\/h5>\n\n\n\n<p class=\"undefined\">En el coraz\u00f3n de la Costa del Sol, y muy cerca de <strong>Costabella<\/strong>, dise\u00f1ado por el renombrado Robert Trent Jones, el Marbella Golf Country Club es solo un campo de golf donde la exclusividad premia, llegando a ser considerado, por Tripadvisor, como el mejor campo de golf de todo Marbella. Sus 18 hoyos, todos ellos con vistas al vasto mar, ofrecen una experiencia golf\u00edstica que desaf\u00eda tanto la habilidad t\u00e9cnica como la estrat\u00e9gica del jugador. Los primeros 9 hoyos, con sus trayectorias m\u00e1s estrechas y con varios desniveles exigen una meticulosa planificaci\u00f3n y una elecci\u00f3n de palo acertada; en cambio, los segundos 9 resultan m\u00e1s asequibles y abiertos, siendo ideales para principiantes. <\/p>\n\n\n\n<figure class=\"wp-caption is-resized\">\n<picture><source width=\"1480\" srcset=\"https:\/\/media.inmobalia.com\/imgV1\/B98Le8~d7M9pwOKhCJcJLIfglZOtvyX13f98gUEkry2AXpxxwVVUW6beaB1CbHQXGOhTMxPEWoq2vSWoPxT0dWUFVpFov6NwmlNzq3qwzpnpHLdM7rEnUz9Q1ukmbK_l0BbjQdRj1uxJJTB~quG~pHPum6~zxkB0Yy_58vOfXpABUQ--.jpg 1480w\" type=\"image\/webp\"><img decoding=\"async\" class=\"img-fluid is-resized\" width=\"1480\" src=\"https:\/\/media.inmobalia.com\/imgV1\/B98Le8~d7M9pwOKhH98twCJY8~z6ePCZX6v4ZFfOvduhBdeVCpC563TEl9~Gba~ZsCNLt5CSrqfb7qaISBEVv0QdM3Qn_hAlNygto~s8nlgL~9jQ_2cBUOHyvrNv8Q6M7vQB3H4I5Jsod7X3BsWMiwTF.jpg\"><\/picture>\n<figcaption class=\"wp-caption-text\"><\/figcaption>\n<\/figure>\n\n\n\n<figure class=\"wp-caption aligncenter\">\n<picture><source width=\"1480\" srcset=\"https:\/\/media.inmobalia.com\/imgV1\/B98Le8~d7M9pwOKhCJcJLIfglZOtvyX13f98gUEkry2AXpxxwVVUW6beaB1CbHQXGOhTMxPEWoq2vSWoPxT0dWUFVpFov6NwmlNzq3qwzpnpHLdM7rEnUz9Q1ukmbK_l0BbjQdRj1uxJJTB~quG~pHPum6zlXOpiKFMjPZnj44Y-.jpg 1480w\" type=\"image\/webp\"><img decoding=\"async\" class=\"img-fluid \" width=\"1480\" src=\"https:\/\/media.inmobalia.com\/imgV1\/B98Le8~d7M9pwOKhH98twCJY8~z6ePCZX6v4ZFfOvduhBdeVCpC563TEl9~Gba~ZsCNLt5CSrqfb7qaISBEVv0QdM3Qn_hAlNygto~s8nlgL~9jQ_2cBUOHyvrNv8Q6M7vQB30KMxKWbwu9uTx62Lw--.jpg\"><\/picture>\n<figcaption class=\"wp-caption-text\"><\/figcaption>\n<\/figure>\n\n\n\n<p class=\"undefined\">Como extra, su bonita casa club ofrece un ambiente acogedor con una terraza, tambi\u00e9n con excelentes vistas, en las que disfrutar de un aperitivo tras el juego. Por si fuera poco, el complejo tambi\u00e9n alberga el sofisticado restaurante:<strong> El Olivo<\/strong>, que promete deleitar a los comensales con su <a href=\"https:\/\/www.marbellagolf.com\/es\/golf\/menu-restaurante-el-olivo\/\" target=\"_blank\" rel=\"noopener\">menu<\/a> de alta gastronom\u00eda. <\/p>\n\n\n\n<figure class=\"wp-caption aligncenter\">\n<picture><source width=\"1480\" srcset=\"https:\/\/media.inmobalia.com\/imgV1\/B98Le8~d7M9pwOKhCJcJLIfglZOtvyX13f98gUEkry2AXpxxwVVUW6beaB1CbHQXGOhTMxPEWoq2vSWoPxT0dWUFVpFov6NwmlNzq3qwzpnpHLdM7rEnUzdlqDpo1F~ieslR3~TJasPevJe0nS8-.jpg 1480w\" type=\"image\/webp\"><img decoding=\"async\" class=\"img-fluid \" width=\"1480\" src=\"https:\/\/media.inmobalia.com\/imgV1\/B98Le8~d7M9pwOKhH98twCJY8~z6ePCZX6v4ZFfOvduhBdeVCpC563TEl9~Gba~ZsCNLt5CSrqfb7qaISBEVv0QdM3Qn_hAlP2RaDjLM2jbrxyjyxZMU2efls~3dow--.jpg\"><\/picture>\n<figcaption class=\"wp-caption-text\"><\/figcaption>\n<\/figure>\n\n\n\n<ul class=\"wp-block-list\">\n<li>HORARIO: Todos los d\u00edas, de 7:30 a 20:30<\/li>\n\n\n\n<li><a href=\"https:\/\/www.google.com\/maps\/place\/Marbella+Golf+Country+Club\/@36.5133186,-4.8128807,17z\/data=!4m6!3m5!1s0xd732754e61ab541:0x695c8db49e5e66fd!8m2!3d36.5133186!4d-4.8128807!16s%2Fg%2F1tfdftsk?entry=ttu\" target=\"_blank\" rel=\"noopener\">DIRECCI\u00d3N<\/a>: N-340, Km.188, 29604 Marbella, M\u00e1laga; a 2,5 km desde<strong> Bah\u00eda de Marbella<\/strong><\/li>\n\n\n\n<li>TEL\u00c9FONO: 952 83 05 00<\/li>\n<\/ul>\n\n\n\n<h5 class=\"wp-block-heading\"><a href=\"https:\/\/rioreal.com\/golf\/\" target=\"_blank\" rel=\"noopener\">R\u00edo Real Golf Marbella<\/a>&nbsp;<\/h5>\n\n\n\n<p class=\"undefined\">Este prestigioso campo, considerado por la Federaci\u00f3n de Golf Espa\u00f1ola como uno de los mejores campos de golf de de toda Espa\u00f1a y por sus clientes habituales como uno de los m\u00e1s bonitos de la Costa del Sol, y dise\u00f1ado por el legendario Javier Arana, es conocido por su elegante integraci\u00f3n en el paisaje mediterr\u00e1neo, ofreciendo una experiencia de golf \u00fanica en la Costa del Sol. Al jugar en R\u00edo Real, te sumerges en un entorno donde cada uno de sus 18 hoyos, todos ellos con vista al R\u00edo Real, de ah\u00ed el nombre del club, presenta un nuevo desaf\u00edo, combinando t\u00e9cnicamente la dificultad con vistas espectaculares. <\/p>\n\n\n\n<p class=\"undefined\">Los <em>fairways<\/em> se extienden entre \u00e1rboles y lagos, creando un juego interesante para golfistas de todos los niveles. Y con la brisa del mar siempre presente. Pero el R\u00edo Real Golf no es solo un lugar para jugar. Su club house es un espacio de encuentro y relajaci\u00f3n, donde puedes disfrutar de una comida, un refrigerio o un buen caf\u00e9 en su restaurante, <strong>El Club Restaurant<\/strong>, ya sea dentro o en su terraza con vistas panor\u00e1micas al campo. \u00a1<a href=\"https:\/\/reservas-golf.rioreal.com\/reserva\" target=\"_blank\" rel=\"noopener\">Reserve aqu\u00ed<\/a>!<\/p>\n\n\n\n<ul class=\"wp-block-list\">\n<li>HORARIO: Todos los d\u00edas, de 8:00 a 22:00<\/li>\n\n\n\n<li><a href=\"https:\/\/www.google.es\/maps\/place\/R%C3%ADo+Real+Golf+Marbella\/@36.5122303,-4.8471165,17z\/data=!3m1!4b1!4m6!3m5!1s0xd72d9995f014033:0xbb2998308c1e80e3!8m2!3d36.5122303!4d-4.8445416!16s%2Fg%2F11hf83gdms?entry=ttu\" target=\"_blank\" rel=\"noopener\">DIRECCI\u00d3N<\/a>: Urb. Golf R\u00edo Real, s\/n, 29603 Marbella, M\u00e1laga; a 2,4 km desde <strong>Bah\u00eda de Marbella<\/strong><\/li>\n\n\n\n<li>TEL\u00c9FONO: 952 76 57 33<\/li>\n<\/ul>\n\n\n\n<h4 class=\"wp-block-heading\">Para los amantes del bal\u00f3n <\/h4>\n\n\n\n<h5 class=\"wp-block-heading\"><a href=\"https:\/\/marbellarugby.com\/\" target=\"_blank\" rel=\"noopener\">Marbella Rugby Club<\/a><\/h5>\n\n\n\n<p class=\"undefined\">Los campos de f\u00fatbol son algo muy com\u00fan en Espa\u00f1a, pero si por algo destaca Marbella es por saber marcar la diferencia. Y es por ello que en esta area guide le queremos recomendar el Marbella Rugby Club, un club de rugby situado justo en la sub area de <strong>Bah\u00eda de Marbella<\/strong> y considerado por muchos aficionados y jugadores como uno de los clubes de rugby m\u00e1s destacados de Espa\u00f1a y uno de los m\u00e1s encantadores de la Costa del Sol. <\/p>\n\n\n\n<p class=\"undefined\">Sus campos, muy amplios est\u00e1n meticulosamente cuidados, proporcionando el escenario perfecto para jugadores de todas las edades y niveles, adem\u00e1s tambi\u00e9n tendr\u00e1 la opci\u00f3n de realizar clases de formaci\u00f3n en rugby. Y para aquellos que prefieren disfrutar del juego con un caf\u00e9, hay un bar en el interior, perfecto para observar la acci\u00f3n en un ambiente relajado, adem\u00e1s este tambi\u00e9n cuenta con buffet. Su filosof\u00eda es educar en valores mediante el rugby, llev\u00e1ndolo mas all\u00e1 de un simple deporte. <\/p>\n\n\n\n<ul class=\"wp-block-list\">\n<li>HORARIO: De lunes a jueves, de 18:00 a 21:30; s\u00e1bados, de 11:00 a 16:30; domingos, de 10:00 a 14:00 <\/li>\n\n\n\n<li><a href=\"https:\/\/www.google.es\/maps\/place\/Marbella+Rugby+Club\/@36.5065985,-4.8372084,17z\/data=!3m1!4b1!4m6!3m5!1s0xd7320af67da724d:0x3869eddddf47b39!8m2!3d36.5065985!4d-4.8346335!16s%2Fg%2F11bwm4k1vs?entry=ttu\" target=\"_blank\" rel=\"noopener\">DIRECCI\u00d3N<\/a>: C. de los Cipreses, s\/n, 29603 Marbella, M\u00e1laga; a 5,2 km desde <strong>Bah\u00eda de Marbella<\/strong><\/li>\n\n\n\n<li>TEL\u00c9FONO: 666 42 36 78<\/li>\n<\/ul>\n\n\n\n<h4 class=\"wp-block-heading\">M\u00e1s que gimnasios, templos fitness<\/h4>\n\n\n\n<h5 class=\"wp-block-heading\"><a href=\"https:\/\/royaltennisclub.com\/es\/\" target=\"_blank\" rel=\"noopener\">Royal Tennis Club Marbella<\/a><\/h5>\n\n\n\n<p class=\"undefined\">Royal Tennis Club de Marbella es un distinguido enclave deportivo situado en El Rosario, a 2,5 km de <strong>Bah\u00eda de Marbella<\/strong>. El renombre de este club se basa, principalmente, en sus nueve pistas de tenis, ocho de tierra batida al aire libre y una de tierra dura, y todas dotadas con un sistema de iluminaci\u00f3n de \u00faltima generaci\u00f3n, ideal para jugar de noche. Adem\u00e1s, cuenta con clases de tenis durante todo el a\u00f1o, tanto para ni\u00f1os como para adultos, en las que es posible recibir formaci\u00f3n de la mano de entrenadores altamente cualificados.<\/p>\n\n\n\n<p class=\"undefined\">Aunque, a pesar de que pueda parecerlo por su nombre, este club no se limita \u00fanicamente al tenis, sino que ofrece un abanico amplio de actividades. En su interior, descubrir\u00e1 dos pistas de p\u00e1del de cristal, tambi\u00e9n equipadas con iluminaci\u00f3n de alta calidad para partidos nocturnos, y opciones para recibir clases, tanto individuales como grupales. Su imponente piscina al aire libre, de 25 metros de longitud y 10 de ancho, es el lugar perfecto para refrescarse o practicar nataci\u00f3n, de manera individual o con clases guiadas, para todas las edades y durante el verano. Por otro lado, los aficionados al ping-pong podr\u00e1n disfrutar de cuatro mesas profesionales, ideales para competencias amistosas o clases grupales.<\/p>\n\n\n\n<p class=\"undefined\">Para aquellos que buscan ejercitarse con maquinas de gimnasio tambi\u00e9n encontrar\u00e1n, dentro de este club, el <strong>GYM Royal Tennis Club<\/strong>, el cual les permitir\u00e1 llevar al experiencia de entrenar a otro nivel, pues dicho gimnasio est\u00e1 provisto de equipos de \u00faltima generaci\u00f3n, donde el peso de la maquina que se usa no lo establece una pesa si no el propio entrenador, con su cuerpo y en base a las condiciones fisicas de la persona y de los resultados que esta est\u00e9 buscando. Adem\u00e1s, cuenta con distintas clases: Power Tonificaci\u00f3n, Estiramientos, Body Sculpting y Aer\u00f3bic.<\/p>\n\n\n\n<figure class=\"wp-caption aligncenter\">\n<picture><source width=\"1480\" srcset=\"https:\/\/media.inmobalia.com\/imgV1\/B98Le8~d7M9pwOKhCJcJLIfglZOtvyX13f98gUEkry2AXpxxwVVUW6beaB1CbHQXGOhTMxPEWoq2vSWoPxT0dWUFVpFov6NwmlNzq3qwzpnpHLdM7rElqf_4SdhyqTQboZOp5pGFNUtP0PZHIeMS1KcPi4GrTw0-.jpg 1480w\" type=\"image\/webp\"><img decoding=\"async\" class=\"img-fluid \" width=\"1480\" src=\"https:\/\/media.inmobalia.com\/imgV1\/B98Le8~d7M9pwOKhH98twCJY8~z6ePCZX6v4ZFfOvduhBdeVCpC563TEl9~Gba~ZsCNLt5CSrqfb7qaISBEVv0QdM3Qn_hKW3zaXokMV7bmGgEyNXp_xbo5bwKEgQoLgFx5iMVN0aA--.jpg\"><\/picture>\n<figcaption class=\"wp-caption-text\"><\/figcaption>\n<\/figure>\n\n\n\n<p class=\"undefined\">Como colof\u00f3n a un d\u00eda, o una ma\u00f1ana, repleta de actividad, el <strong>Restaurante La Veranda Verde<\/strong> le invita a deleitarse con un excelente desayuno, siempre con opciones de zumos para recuperar fuerzas tras el entreno, o de una comida conformada por platos de alta gastronom\u00eda. Adem\u00e1s este restaurante tambi\u00e9n resulta ideal para realizar eventos, tales como: comidas de empresa, banquetes, bodas, fiestas infantiles o cualquier otro tipo de celebraci\u00f3n; pues cuenta con un amplio abanico de programas de entretenimiento, como: bailaores flamencos, espect\u00e1culos de ballet, m\u00fasica en vivo, magos, animadores infantiles o, incluso, un karaoke; as\u00ed como retransmisiones en directo de f\u00fatbol, tenis y otros torneos deportivos. <\/p>\n\n\n\n<p class=\"undefined\">En resumen, en el Royal Tennis Club, la pasi\u00f3n deportiva y el placer se fusionan en perfecta armon\u00eda.<\/p>\n\n\n\n<ul class=\"wp-block-list\">\n<li>HORARIO: Todos los d\u00edas, de 8:00 a 22:00<\/li>\n\n\n\n<li><a href=\"https:\/\/www.google.com\/maps\/place\/Royal+Tennis+Club+Marbella\/@36.502951,-4.8106298,17z\/data=!3m1!5s0xd7320ad0046c317:0x6e83c7028da1119!4m26!1m16!4m15!1m6!1m2!1s0xd7320b18b2b8591:0x7951bb3974c1203f!2sUrbanizaci%C3%B3n+Costabella,+Marbella!2m2!1d-4.8052337!2d36.5007203!1m6!1m2!1s0xd7320ada86c63d5:0x429229707ec64d5!2sRoyal+Tennis+Club+Marbella,+BAJO,+Marbella!2m2!1d-4.808106!2d36.5045578!3e0!3m8!1s0xd7320ada86c63d5:0x429229707ec64d5!5m2!4m1!1i2!8m2!3d36.5045578!4d-4.808106!16s%2Fg%2F124yn5z69?entry=ttu\" target=\"_blank\" rel=\"noopener\">DIRECCI\u00d3N<\/a>: Carretera CADIZ (ELVIRIA), 188, BAJO, 29604 Marbella, M\u00e1laga; a 2,5 km desde <strong>Bah\u00eda de Marbella<\/strong><\/li>\n\n\n\n<li>TEL\u00c9FONO: 687 66 50 84<\/li>\n<\/ul>\n\n\n\n<h2 class=\"wp-block-heading\"><span class=\"ez-toc-section\" id=\"Lo_esencial_mano_a_mano\"><\/span>Lo esencial <em>mano a mano<\/em><span class=\"ez-toc-section-end\"><\/span><\/h2>\n\n\n\n<p class=\"undefined\">Si por algo destaca la sub area de <strong>Bah\u00eda de Marbella<\/strong> es porque en ella, adem\u00e1s de m\u00faltiples chiringuitos, campos de golf y de rugby y magn\u00edficas playas tambi\u00e9n podr\u00e1 encontrar todo tipo de servicios que le har\u00e1n su vida m\u00e1s sencilla mientras que se encuentra en la misma; desde supermercados donde hacer la compra del d\u00eda hasta farmacias y hospitales para cualquier tipo de percance o colegios y parques para sus ni\u00f1os si usted viaja en familia. <\/p>\n\n\n\n<h3 class=\"wp-block-heading\">La compra semanal<\/h3>\n\n\n\n<h4 class=\"wp-block-heading\"><a href=\"https:\/\/www.aldi.es\/\" target=\"_blank\" rel=\"noopener\">ALDI<\/a><\/h4>\n\n\n\n<p class=\"undefined\">El ALDI es uno de los supermercados mas cercanos que va a encontrar, pues su distancia a <strong>Bah\u00eda de Marbella<\/strong> no supera los 350 m. Un supermercado con una amplia variedad de productos agr\u00edcolas, carnes y l\u00e1cteos, adem\u00e1s de, por lo general, m\u00faltiples descuentos. Seg\u00fan sus clientes mas habituales buenos precios y gran calidad de sus productos. Siempre hay plaza de parking para que pueda dejar su coche mientras compra. <\/p>\n\n\n\n<figure class=\"wp-caption aligncenter\">\n<picture><source width=\"1480\" srcset=\"https:\/\/media.inmobalia.com\/imgV1\/B98Le8~d7M9pwOKhCJcJLIfglZOtvyX13f98gUEkry2AXpxxwVVUW6beaB1CbHQXGOhTMxPEWoq2vSWoPxT0dWUFVpFov6NwmlNzq3qwzpnpHLdM7rEnUzNeJY_VJ2kouYpq4oUX8WKLrSIr.jpg 1480w\" type=\"image\/webp\"><img decoding=\"async\" class=\"img-fluid \" width=\"1480\" src=\"https:\/\/media.inmobalia.com\/imgV1\/B98Le8~d7M9pwOKhH98twCJY8~z6ePCZX6v4ZFfOvduhBdeVCpC563TEl9~Gba~ZsCNLt5CSrqfb7qaISBEVv0QdM3Qn_hAlO5CIa~fjzY0CfwnuhWPSTkDmxFU-.jpg\"><\/picture>\n<figcaption class=\"wp-caption-text\"><\/figcaption>\n<\/figure>\n\n\n\n<ul class=\"wp-block-list\">\n<li>HORARIO: Todos los d\u00edas, de 9:00 a 21:30<\/li>\n\n\n\n<li><a href=\"https:\/\/www.google.es\/maps\/place\/ALDI\/@36.508298,-4.8354514,17z\/data=!3m1!4b1!4m6!3m5!1s0xd7327580edab4eb:0xdfd7a5382f811d6d!8m2!3d36.508298!4d-4.8328765!16s%2Fg%2F11c20t0zn6?entry=ttu\" target=\"_blank\" rel=\"noopener\">DIRECCI\u00d3N:<\/a> Rotonda Golf Santa Clara, C. Bogey, 29603 Marbella, M\u00e1laga<\/li>\n\n\n\n<li>TEL\u00c9FONO: 900 90 24 66<\/li>\n<\/ul>\n\n\n\n<h4 class=\"wp-block-heading\"><a href=\"https:\/\/www.supercor.es\/\" target=\"_blank\" rel=\"noopener\">Supercor Expr\u00e9s<\/a><\/h4>\n\n\n\n<p class=\"undefined\">\u00bfSe va a alojar en una de nuestras mejores villas y desea pasar el m\u00e1ximo tiempo posible en ella? Lo entendemos perfectamente. Es por ello que queremos recomendarle el Supercor Expr\u00e9s, no solo por su cercan\u00eda a <strong>Bah\u00eda de Marbella<\/strong>, sino porque en \u00e9l podr\u00e1 encontrar alimentaci\u00f3n, panader\u00eda, droguer\u00eda, perfumer\u00eda, prensa, ocio y regalos. Adem\u00e1s este supermercado cuenta con la gran ventaja de estar abierto todos los d\u00edas, incluido los domingos, durante 18 horas, pues no cierra hasta las 1:00 de la ma\u00f1ana. Aparcamiento disponible en la calle. <\/p>\n\n\n\n<ul class=\"wp-block-list\">\n<li>HORARIO: Todos los d\u00edas, de 7:00 a 1:00<\/li>\n\n\n\n<li><a href=\"https:\/\/www.google.es\/maps\/place\/Supercor+Expres\/@36.5204861,-4.9140857,13z\/data=!4m10!1m2!2m1!1sSupercor+Expres!3m6!1s0xd7320ba9a1522a9:0xdd236f79d102955c!8m2!3d36.500576!4d-4.800632!15sCg9TdXBlcmNvciBFeHByZXMiA4gBAVoRIg9zdXBlcmNvciBleHByZXOSAQtzdXBlcm1hcmtldOABAA!16s%2Fg%2F11b6n_l50h?entry=ttu\" target=\"_blank\" rel=\"noopener\">DIRECCI\u00d3N<\/a>: Nac.340, km 189, 29604 Marbella, M\u00e1laga; a 3,1 km, 4 min en coche desde <strong>Bah\u00eda de Marbella<\/strong>. <\/li>\n\n\n\n<li>ENTREGA A DOMICILIO: No, solo en tienda<\/li>\n\n\n\n<li>TEL\u00c9FONO: 952 83 95 72<\/li>\n<\/ul>\n\n\n\n<h4 class=\"wp-block-heading\"><a href=\"https:\/\/www.carrefour.es\/tiendas-carrefour\/supermercados\/carrefour-market\/el-rosario-marbella-s.aspx\" target=\"_blank\" rel=\"noopener\">Carrefour Market<\/a><\/h4>\n\n\n\n<p class=\"undefined\">En este establecimiento podr\u00e1 encontrar tanto alimentos como productos de higiene y limpieza a un buen precio. Si decide optar por el alquiler de larga temporada, o si simplemente prefiere tener a mano una gama diversa de art\u00edculos, en <strong>Bah\u00eda de Marbella<\/strong>, este supermercado le ofrece una experiencia de compra completa. <\/p>\n\n\n\n<ul class=\"wp-block-list\">\n<li>HORARIO: De lunes a s\u00e1bado, de 9:00 a 21:30; domingos, cerrado<\/li>\n\n\n\n<li><a href=\"https:\/\/www.google.es\/maps\/place\/Carrefour+Market\/@36.5044021,-4.8285565,15z\/data=!4m10!1m2!2m1!1sCarrefour+Market,+Autov%C3%ADa+del+Mediterr%C3%A1neo,+Km.+188,+29603+Marbella,+M%C3%A1laga!3m6!1s0xd7320ad21519a1d:0x11ca4bf7d2133bc2!8m2!3d36.5044021!4d-4.8095021!15sCk5DYXJyZWZvdXIgTWFya2V0LCBBdXRvdsOtYSBkZWwgTWVkaXRlcnLDoW5lbywgS20uIDE4OCwgMjk2MDMgTWFyYmVsbGEsIE3DoWxhZ2EiA4gBAVpLIkljYXJyZWZvdXIgbWFya2V0IGF1dG92w61hIGRlbCBtZWRpdGVycsOhbmVvIGttIDE4OCAyOTYwMyBtYXJiZWxsYSBtw6FsYWdhkgELc3VwZXJtYXJrZXTgAQA!16s%2Fg%2F1q2wc6jrz?entry=ttu\" target=\"_blank\" rel=\"noopener\">DIRECCI\u00d3N<\/a>: Autov\u00eda del Mediterr\u00e1neo, Km. 188, 29603 Marbella, M\u00e1laga; a 2,5 km desde <strong>Bah\u00eda de Marbella<\/strong><\/li>\n\n\n\n<li>ENTREGA A DOMICILIO: S\u00ed, + info en <em>Env\u00edo a domicilio<\/em>, para que no se mueva y tan solo disfrute<\/li>\n\n\n\n<li>TEL\u00c9FONO: 665 28 00 25<\/li>\n<\/ul>\n\n\n\n<h3 class=\"wp-block-heading\"><strong>La salud es (la) prioridad para su bienestar&nbsp;<\/strong><\/h3>\n\n\n\n<h4 class=\"wp-block-heading\"><a href=\"https:\/\/farmaciapinomar.es\/\" target=\"_blank\" rel=\"noopener\">Farmacia Pinomar<\/a><\/h4>\n\n\n\n<p class=\"undefined\">La Farmacia Pinomar, estrat\u00e9gicamente ubicada en las inmediaciones de <strong>Bah\u00eda de Marbella<\/strong>, se ha consolidado como un punto esencial de atenci\u00f3n y servicio para la comunidad de esta zona. No s\u00f3lo medicamentos, sino tambi\u00e9n un asesoramiento profesional y personalizado para garantizar el bienestar de sus clientes.<\/p>\n\n\n\n<figure class=\"wp-caption aligncenter\">\n<picture><source width=\"1480\" srcset=\"https:\/\/media.inmobalia.com\/imgV1\/B98Le8~d7M9pwOKhCJcJLIfglZOtvyX13f98gUEkry2AXpxxwVVUW6beaB1CbHQXGOhTMxPEWoq2vSWoPxT0dWUFVpFov6NwmlNzq3qwzpnpHLdM7rElqesLVsqL3s~EoJvIC~meblwnEhNlZmsDJsnHjYM~Bw--.jpg 1480w\" type=\"image\/webp\"><img decoding=\"async\" class=\"img-fluid \" width=\"1480\" src=\"https:\/\/media.inmobalia.com\/imgV1\/B98Le8~d7M9pwOKhH98twCJY8~z6ePCZX6v4ZFfOvduhBdeVCpC563TEl9~Gba~ZsCNLt5CSrqfb7qaISBEVv0QdM3Qn_hKWy6QbsrR7UuKhAbtQbsbV6cZsZWPJiHoda5_KLpEN.jpg\"><\/picture>\n<figcaption class=\"wp-caption-text\"><\/figcaption>\n<\/figure>\n\n\n\n<ul class=\"wp-block-list\">\n<li>HORARIO: De lunes a viernes, de 9:30 a 20:30, y s\u00e1bados, de 9:30 a 13:30; domingos, cerrado<\/li>\n\n\n\n<li><a href=\"https:\/\/www.google.es\/maps\/place\/Farmacia+Pinomar\/@36.500313,-4.8017353,17z\/data=!3m1!4b1!4m6!3m5!1s0xd7320b6d6c9666f:0x324df94acc91f03e!8m2!3d36.5003087!4d-4.7991604!16s%2Fg%2F1q5bmwp1w?entry=ttu\" target=\"_blank\" rel=\"noopener\">DIRECCI\u00d3N<\/a>: Carretera National N-340 Urbanizaci\u00f3n Pinomar - Junto Gasolinera Repsol. Km 189, 29601 Marbella, M\u00e1laga; a 3,3 km desde <strong>Bah\u00eda de Marbella<\/strong><\/li>\n\n\n\n<li>ENTREGA A DOMICILIO: S\u00ed, + info en <em>Env\u00edo a domicilio<\/em>, para que no se mueva y tan solo disfrute<\/li>\n\n\n\n<li>TEL\u00c9FONO: 952 83 10 44<\/li>\n<\/ul>\n\n\n\n<figure class=\"wp-caption aligncenter\">\n<picture><source width=\"1480\" srcset=\"https:\/\/media.inmobalia.com\/imgV1\/B98Le8~d7M9pwOKhCJcJLIfglZOtvyX13f98gUEkry2AXpxxwVVUW6beaB1CbHQXGOhTMxPEWoq2vSWoPxT0dWUFVpFov6NwmlNzq3qwzpnpHLdM7rElqesLVsqL3s~EoJvIC~meblwnEXniWE6NWSbzZAgdSKBg.jpg 1480w\" type=\"image\/webp\"><img decoding=\"async\" class=\"img-fluid \" width=\"1480\" src=\"https:\/\/media.inmobalia.com\/imgV1\/B98Le8~d7M9pwOKhH98twCJY8~z6ePCZX6v4ZFfOvduhBdeVCpC563TEl9~Gba~ZsCNLt5CSrqfb7qaISBEVv0QdM3Qn_hKWy6QbsrR7UuKhAbtQbsbV6cZvxhozY5woyRcZYL~S4jk-.jpg\"><\/picture>\n<figcaption class=\"wp-caption-text\"><\/figcaption>\n<\/figure>\n\n\n\n<h4 class=\"wp-block-heading\">Farmacia Artola<\/h4>\n\n\n\n<p class=\"undefined\">La Farmacia Artola, aunque se sit\u00faa un poco m\u00e1s distante de <strong>Bah\u00eda de Marbella<\/strong>, est\u00e1 igualmente cerca si se desplaza en coche y cuenta con la gran ventaja de tener disponibilidad 24 h y durante los 7 d\u00edas de la semana. Este establecimiento destaca no s\u00f3lo por su amplia variedad de productos a precios competitivos, sino tambi\u00e9n por la excelencia en el servicio al cliente. Siempre que se requiere consejo, uno o dos farmac\u00e9uticos est\u00e1n disponibles para ofrecer soluciones, abordando incluso cuestiones b\u00e1sicas de veterinaria. <\/p>\n\n\n\n<figure class=\"wp-caption aligncenter\">\n<picture><source width=\"1480\" srcset=\"https:\/\/media.inmobalia.com\/imgV1\/B98Le8~d7M9pwOKhCJcJLIfglZOtvyX13f98gUEkry2AXpxxwVVUW6beaB1CbHQXGOhTMxPEWoq2vSWoPxT0dWUFVpFov6NwmlNzq3qwzpnpHLdM7rElqesLVsqL3s~EoIojRpE8Y6PifIHOjLFxGEB4aVbx.jpg 1480w\" type=\"image\/webp\"><img decoding=\"async\" class=\"img-fluid \" width=\"1480\" src=\"https:\/\/media.inmobalia.com\/imgV1\/B98Le8~d7M9pwOKhH98twCJY8~z6ePCZX6v4ZFfOvduhBdeVCpC563TEl9~Gba~ZsCNLt5CSrqfb7qaISBEVv0QdM3Qn_hKWy6QbsrR7UuKhECjHVsEieoCpV41Hf0IpVtV3y7o-.jpg\"><\/picture>\n<figcaption class=\"wp-caption-text\"><\/figcaption>\n<\/figure>\n\n\n\n<ul class=\"wp-block-list\">\n<li>HORARIO: Todos los d\u00edas, durante las 24 horas<\/li>\n\n\n\n<li><a href=\"https:\/\/www.google.es\/maps\/place\/Farmacia+Artola\/@36.4904705,-4.7509855,17z\/data=!3m1!4b1!4m6!3m5!1s0xd73204081dd2de1:0x4a3f52d2b1bc04af!8m2!3d36.4904662!4d-4.7484106!16s%2Fg%2F1hc2lxgbq?entry=ttu\" target=\"_blank\" rel=\"noopener\">DIRECCI\u00d3N<\/a>: km 194.4, N-340, 29604 Marbella, M\u00e1laga; a 8,2 km desde <strong>Bah\u00eda de Marbella<\/strong><\/li>\n\n\n\n<li>ENTREGA A DOMICILIO: S\u00ed, + info en <em>Env\u00edo a domicilio<\/em>, para que no se mueva y tan solo disfrute<\/li>\n\n\n\n<li>TEL\u00c9FONO: 952 83 25 89<\/li>\n<\/ul>\n\n\n\n<h4 class=\"wp-block-heading\">Medhelp Centro M\u00e9dico El Rosario<\/h4>\n\n\n\n<p class=\"undefined\">Ubicado a poca distancia de <strong>Bah\u00eda de Marbella<\/strong>, concretamente en El Rosario, este centro m\u00e9dico se ha consolidado como un referente de salud en toda la zona de <strong>Marbella Este<\/strong>. No s\u00f3lo se lo recomendamos por su proximidad sino tambi\u00e9n por la calidad de su atenci\u00f3n m\u00e9dica. En Medhelp Centro M\u00e9dico El Rosario se hallan distinguidos profesionales comprometidos con brindar una atenci\u00f3n de primer nivel, avalada por una extensa trayectoria y pericia en m\u00faltiples ramas de la medicina: desde la traumatolog\u00eda y la neurolog\u00eda hasta la psicolog\u00eda, la radiolog\u00eda o la fisioterapia.<\/p>\n\n\n\n<p class=\"undefined\">Uno de los aspectos m\u00e1s destacables de este centro es la atenci\u00f3n cuidadosa y personalizada que ofrece cada miembro del equipo a cada paciente. Cuenta con varios seguros m\u00e9dicos privados: Sanitas, DKV y Medicat. <\/p>\n\n\n\n<ul class=\"wp-block-list\">\n<li>HORARIO: De lunes a viernes, de 9:30 a 14:30, y lunes y jueves, adicionalmente, de 16:00 a 20:00; s\u00e1bados y domingos cerrado. <\/li>\n\n\n\n<li><a href=\"https:\/\/www.google.es\/maps\/place\/Medhelp+Centro+Medico+El+Rosario\/@36.5005639,-4.8027731,17z\/data=!3m1!4b1!4m6!3m5!1s0xd732167df6b8ccb:0x238553581e50bb21!8m2!3d36.5005639!4d-4.8001982!16s%2Fg%2F11gmjbbc_9?entry=ttu\" target=\"_blank\" rel=\"noopener\">DIRECCI\u00d3N<\/a>: Centro comercial Andasol Km 187 N-340, local 6; a 3,2 km desde <strong>Bah\u00eda de Marbella<\/strong><\/li>\n\n\n\n<li>TEL\u00c9FONO: 689 36 73 51<\/li>\n<\/ul>\n\n\n\n<h4 class=\"wp-block-heading\">Hospital Universitario Costa del Sol<\/h4>\n\n\n\n<p class=\"undefined\">El Hospital Universitario Costa del Sol es un hospital p\u00fablico gestionado por la Consejer\u00eda de Salud de la Junta de Andaluc\u00eda. Situado al este de la ciudad espa\u00f1ola de Marbella, justo al lado de la autov\u00eda A-7, es el principal hospital de la comarca Costa del Sol. <\/p>\n\n\n\n<p class=\"undefined\">Este centro hospitalario ofrece una amplia gama de servicios sanitarios, los cuales abarcan desde la medicina general hasta la cardiolog\u00eda o la traumatolog\u00eda, e incluso especialidades m\u00e1s especificas como la oncolog\u00eda, la pediatr\u00eda y la neurolog\u00eda; todo esto, junto con su servicio de urgencias que brinda una atenci\u00f3n durante las 24 horas del d\u00eda, los 7 d\u00edas de la semana, lo convierten en un referente en la atenci\u00f3n m\u00e9dica de la regi\u00f3n costera.<\/p>\n\n\n\n<ul class=\"wp-block-list\">\n<li>HORARIO: Todos los d\u00edas, durante las 24 horas<\/li>\n\n\n\n<li><a href=\"https:\/\/www.google.com\/maps\/place\/Hospital+Universitario+Costa+del+Sol\/@36.5079369,-4.9101461,12z\/data=!3m1!5s0xd732763c14f5b17:0xa7d1fb8b17bdc7d9!4m19!1m12!4m11!1m3!2m2!1d-4.8284353!2d36.5079369!1m6!1m2!1s0xd73275e8ce1b8d7:0x726a0fde3896f31f!2sA-7,+Km+187,+29603+Marbella,+M%C3%A1laga!2m2!1d-4.827745!2d36.5079652!3m5!1s0xd73275e8ce1b8d7:0x726a0fde3896f31f!8m2!3d36.5079652!4d-4.827745!16s%2Fg%2F120t9g2r?entry=ttu\" target=\"_blank\" rel=\"noopener\">DIRECCI\u00d3N<\/a>: A-7, Km 187, 29603 Marbella, M\u00e1laga; a 800 m desde <strong>Bah\u00eda de Marbella<\/strong><\/li>\n\n\n\n<li>TEL\u00c9FONO: 951 97 66 69<\/li>\n<\/ul>\n\n\n\n<h4 class=\"wp-block-heading\"><a href=\"https:\/\/www.quironsalud.com\/marbella\" target=\"_blank\" rel=\"noopener\">Hospital Quir\u00f3nsalud Marbella<\/a><\/h4>\n\n\n\n<p class=\"undefined\">El Hospital Quir\u00f3nsalud Marbella es un destacado centro hospitalario privado situado en el coraz\u00f3n de Marbella. Con sus m\u00e1s de 46 a\u00f1os de historia forma parte del renombrado grupo Quir\u00f3nsalud, l\u00edder en atenci\u00f3n sanitaria en Espa\u00f1a. Se distingue por ofrecer servicios especializados, adem\u00e1s de otros tratamientos m\u00e1s avanzados como cirug\u00eda o dermatolog\u00eda; teniendo un total de 75 especialidades cl\u00ednicas distintas. Con un equipo m\u00e9dico altamente cualificado, tecnolog\u00eda de vanguardia y una solida infraestructura hospitalaria, en primera l\u00ednea de playa y con vistas panor\u00e1micas al mar en la mayor\u00eda de sus habitaciones, Quir\u00f3nsalud Marbella garantiza una atenci\u00f3n m\u00e9dica excepcional y personalizada. Le recomendamos <a href=\"https:\/\/www.quironsalud.com\/marbella\/es\/cita-medica?utm_source=google&amp;utm_medium=organic&amp;utm_campaign=cita_gmb\" target=\"_blank\" rel=\"noopener\">pedir cita<\/a> de manera online. <\/p>\n\n\n\n<figure class=\"wp-caption aligncenter\">\n<picture><source width=\"1480\" srcset=\"https:\/\/media.inmobalia.com\/imgV1\/B98Le8~d7M9pwOKhCJcJLIfglZOtvyX13f98gUEkry2AXpxxwVVUW6beaB1CbHQXGOhTMxPEWoq2vSWoPxT0dWUFVpFov6NwmlNzq3qwzpnpHLdM7rElqeWMOJJoNdHmAtObKPd0Jc~XYTWbT6yljAEwU3ugBfF~1Sg-.jpg 1480w\" type=\"image\/webp\"><img decoding=\"async\" class=\"img-fluid \" width=\"1480\" src=\"https:\/\/media.inmobalia.com\/imgV1\/B98Le8~d7M9pwOKhH98twCJY8~z6ePCZX6v4ZFfOvduhBdeVCpC563TEl9~Gba~ZsCNLt5CSrqfb7qaISBEVv0QdM3Qn_hKWxfWzU0cj~0IuhgVOcjbWGrMCeqkar6Bj4nhle2tbDV8ZIw--.jpg\"><\/picture>\n<figcaption class=\"wp-caption-text\"><\/figcaption>\n<\/figure>\n\n\n\n<ul class=\"wp-block-list\">\n<li>HORARIO: Todos los d\u00edas, durante las 24 horas<\/li>\n\n\n\n<li><a href=\"https:\/\/www.google.es\/maps\/place\/Hospital+Quir%C3%B3nsalud+Marbella\/@36.5088634,-4.8767904,17z\/data=!3m2!4b1!5s0xd7327f514acd563:0xbae7e7e697729fdd!4m6!3m5!1s0xd7327f56a789fef:0x8d369e1ac3757566!8m2!3d36.5088591!4d-4.8742155!16s%2Fg%2F1tv25hfl?entry=ttu\" target=\"_blank\" rel=\"noopener\">DIRECCI\u00d3N<\/a>: Av. Severo Ochoa, 20, 29603 Marbella, M\u00e1laga; a 4,5 km desde <strong>Bah\u00eda de Marbella<\/strong><\/li>\n\n\n\n<li>TEL\u00c9FONO: 952 77 42 00<\/li>\n<\/ul>\n\n\n\n<h2 class=\"wp-block-heading\"><span class=\"ez-toc-section\" id=\"Ninos_felices_igual_a_familia_feliz\"><\/span>Ni\u00f1os felices igual a familia feliz<span class=\"ez-toc-section-end\"><\/span><\/h2>\n\n\n\n<h3 class=\"wp-block-heading\">Colegios<\/h3>\n\n\n\n<h4 class=\"wp-block-heading\"><a href=\"https:\/\/attendis.com\/colegios-marbella\/\" target=\"_blank\" rel=\"noopener\">Colegio Biling\u00fce Las Chapas<\/a><\/h4>\n\n\n\n<p class=\"undefined\">El Colegio Biling\u00fce Las Chapas, emplazado cerca de <strong>Bah\u00eda de Marbella<\/strong>, representa un destacado centro educativo privado fundado en 1985. A lo largo de los a\u00f1os ha demostrado ser una instituci\u00f3n sobresaliente al ofrecer educaci\u00f3n de alta calidad a estudiantes que abarcan desde los 0 hasta los 18 a\u00f1os. <\/p>\n\n\n\n<p class=\"undefined\">Integrado al prestigioso Grupo Educativo Attendis, que ostenta una trayectoria y experiencia de 50 a\u00f1os en el \u00e1mbito educativo, Las Chapas no solamente es reconocido por su educaci\u00f3n acad\u00e9mica biling\u00fce, espa\u00f1ola e inglesa, y su atenci\u00f3n individualizada, sino tambi\u00e9n por el \u00e9nfasis que deposita en la familia dentro del proceso educativo, su b\u00fasqueda de la excelencia acad\u00e9mica y su educaci\u00f3n en valores. Asimismo, mencionar que el colegio se rige bajo el Bachillerato Internacional (IB) y est\u00e1 autorizado en el Programa de la Escuela Primaria (PEP).<\/p>\n\n\n\n<ul class=\"wp-block-list\">\n<li>HORARIO: De lunes a viernes, de 8:15 a 17:00; s\u00e1bados y domingos, cerrados<\/li>\n\n\n\n<li><a href=\"https:\/\/www.google.es\/maps\/place\/Colegio+Biling%C3%BCe+Las+Chapas\/@36.5034133,-4.8133229,17z\/data=!3m1!4b1!4m6!3m5!1s0xd732752e17d5b8f:0xcf4a9db0342dacd5!8m2!3d36.503409!4d-4.810748!16s%2Fg%2F12qgh_85z?entry=ttu\" target=\"_blank\" rel=\"noopener\">DIRECCI\u00d3N<\/a>: Urb. Hacienda las Chapas, s\/n, 29604 Marbella, M\u00e1laga; a 2,2 km desde<strong> Bah\u00eda de Marbella<\/strong><\/li>\n\n\n\n<li>TEL\u00c9FONO: 952 83 16 16<\/li>\n<\/ul>\n\n\n\n<h4 class=\"wp-block-heading\"><a href=\"https:\/\/colegioalboran.es\/\" target=\"_blank\" rel=\"noopener\">Colegio Albor\u00e1n<\/a><\/h4>\n\n\n\n<p class=\"undefined\">El Colegio Albor\u00e1n se distingue como un renombrado centro educativo, privado y biling\u00fce, de ingl\u00e9s y espa\u00f1ol, que abarca desde la Educaci\u00f3n Infantil hasta el Bachillerato. El establecimiento se enorgullece de su comedor que posee cocina propia, ofreciendo men\u00fas saludables y prestando atenci\u00f3n a aquellos alumnos con alergias o intolerancias. <\/p>\n\n\n\n<p class=\"undefined\">Adicionalmente, el colegio potencia su propuesta educativa con un departamento especializado en orientaci\u00f3n y atenci\u00f3n a la diversidad. Es digno de mencionar que los alumnos demuestran notables resultados en selectividad. Las instalaciones del colegio disponen de un espl\u00e9ndido patio y una amplia gama de actividades extraescolares, entre las que destacan la escuela de doma cl\u00e1sica y de m\u00fasica. Aunque su ubicaci\u00f3n se encuentra m\u00e1s alejada de <strong>Costabella<\/strong>, en comparaci\u00f3n con el Colegio Biling\u00fce Las Chapas, en coche esta distancia se cubre con facilidad. <\/p>\n\n\n\n<figure class=\"wp-caption aligncenter\">\n<picture><source width=\"1480\" srcset=\"https:\/\/media.inmobalia.com\/imgV1\/B98Le8~d7M9pwOKhCJcJLIfglZOtvyX13f98gUEkry2AXpxxwVVUW6beaB1CbHQXGOhTMxPEWoq2vSWoPxT0dWUFVpFov6NwmlNzq3qwzpnpHLdM7rElqe7BbCohs_v335R~na2YDKFsbDGQ2hltR6JwAmRyC83DIM8hBwx3JIzFz8o-.jpg 1480w\" type=\"image\/webp\"><img decoding=\"async\" class=\"img-fluid \" width=\"1480\" src=\"https:\/\/media.inmobalia.com\/imgV1\/B98Le8~d7M9pwOKhH98twCJY8~z6ePCZX6v4ZFfOvduhBdeVCpC563TEl9~Gba~ZsCNLt5CSrqfb7qaISBEVv0QdM3Qn_hKWzoF247ohWIuY3fPhYV0OihnEnIaGREHL5AWz0m_rsTyr84YPdHHn6_YfeA--.jpg\"><\/picture>\n<figcaption class=\"wp-caption-text\"><\/figcaption>\n<\/figure>\n\n\n\n<ul class=\"wp-block-list\">\n<li>HORARIO: De lunes a viernes, de 9:30 a 17:00; s\u00e1bados y domingos, cerrado<\/li>\n\n\n\n<li><a href=\"https:\/\/www.google.es\/maps\/place\/Colegio+Albor%C3%A1n\/@36.5055003,-4.8017439,17z\/data=!3m1!4b1!4m6!3m5!1s0xd7320bb50bc11ff:0xe3da0a2fa45e537e!8m2!3d36.505496!4d-4.799169!16s%2Fg%2F12qg467jr?entry=ttu\" target=\"_blank\" rel=\"noopener\">DIRECCI\u00d3N<\/a>: Lugar Urbanizaci\u00f3n Ricmar, s\/n, 29604 Marbella, M\u00e1laga; a 5,8 km desde <strong>Bah\u00eda de Marbella<\/strong><\/li>\n\n\n\n<li>TEL\u00c9FONO: 952 83 96 45<\/li>\n<\/ul>\n\n\n\n<h4 class=\"wp-block-heading\"><a href=\"https:\/\/www.dsmalaga.com\/es\/inicio\/\" target=\"_blank\" rel=\"noopener\">Colegio Alem\u00e1n de M\u00e1laga<\/a><\/h4>\n\n\n\n<p class=\"undefined\">\u00bfLe gustar\u00eda que sus hijos dominaran tanto el espa\u00f1ol como el alem\u00e1n? El Colegio Alem\u00e1n de M\u00e1laga se erige como un referente en la educaci\u00f3n biling\u00fce de la regi\u00f3n, otorgando al alem\u00e1n el prestigio que merece, teniendo en cuenta que es uno de los 20 idiomas m\u00e1s hablados en el mundo. Este centro no solo sobresale por su propuesta acad\u00e9mica cimentada en est\u00e1ndares alemanes, sino tambi\u00e9n por su enfoque pedag\u00f3gico de vanguardia. <\/p>\n\n\n\n<p class=\"undefined\">Los docentes, de alta cualificaci\u00f3n, recurren a metodolog\u00edas innovadoras, tales como la inmersi\u00f3n cultural y la adopci\u00f3n de tecnolog\u00eda punta. Asimismo, el colegio propicia los intercambios culturales, concediendo a los alumnos la ocasi\u00f3n de aplicar el alem\u00e1n en contextos aut\u00e9nticos y proporcion\u00e1ndoles una mirada universal. Y, todo ello, a escasos 15 minutos, en coche, desde la subzona de <strong>Bah\u00eda de Marbella<\/strong>, en <strong>Marbella Este<\/strong>.<\/p>\n\n\n\n<ul class=\"wp-block-list\">\n<li>HORARIO: De lunes a jueves, de 9:00 a 16:30, y viernes, de 9:00 a 15:30; s\u00e1bado y domingo cerrado<\/li>\n\n\n\n<li><a href=\"https:\/\/www.google.es\/maps\/place\/Colegio+Alem%C3%A1n+de+M%C3%A1laga\/@36.5296887,-4.7564655,17z\/data=!3m1!4b1!4m6!3m5!1s0xd732062b6c2cf29:0x9a0a3dbeebf8c608!8m2!3d36.5296887!4d-4.7538906!16s%2Fg%2F11btlqhb7y?entry=ttu\" target=\"_blank\" rel=\"noopener\">DIRECCI\u00d3N<\/a>: C. Velazquez, 3, 29612 Oj\u00e9n, M\u00e1laga; a 11,1 km desde <strong>Bah\u00eda de Marbella<\/strong><\/li>\n\n\n\n<li>TEL\u00c9FONO: 951 04 15 20<\/li>\n<\/ul>\n\n\n\n<h2 class=\"wp-block-heading\"><span class=\"ez-toc-section\" id=\"Envio_a_domicilio_para_que_no_se_mueva_y_tan_solo_disfrute\"><\/span>Env\u00edo a domicilio, para que no se mueva y tan solo disfrute<span class=\"ez-toc-section-end\"><\/span><\/h2>\n\n\n\n<p class=\"undefined\">Una de las grandes ventajas de pasar sus vacaciones en una vivienda es el poder sentirse como en casa, al perder la frialdad que genera, por ejemplo, una habitaci\u00f3n de hotel. \u00bfY qu\u00e9 mejor manera de intensificar esa sensaci\u00f3n que teniendo todo lo que se necesita al alcance de la mano? Sin moverse del inmueble alquilado. A continuaci\u00f3n, se presentan algunas opciones de entrega a domicilio que le permitir\u00e1n disfrutar al m\u00e1ximo de sus d\u00edas de descanso, atendiendo a sus antojos y necesidades sin tener que levantarse de la hamaca o salir de la piscina. <\/p>\n\n\n\n<ul class=\"wp-block-list\">\n<li><strong><a href=\"https:\/\/glovoapp.com\/es\/es\/?utm_source=google&amp;utm_medium=cpc&amp;utm_campaign=google_search_brandprotection_newusers_ES_Exact_digitalbudget_spanish&amp;utm_campaignid=12168399560&amp;utm_adgroupid=115796730454&amp;utm_term=glovo&amp;utm_matchtype=e&amp;utm_device=c&amp;gclid=CjwKCAjwnOipBhBQEiwACyGLumRyLDhgxwsK3AhYCuVx2s46tO_DNrwBGHXRPAChnPU42QlLg30JexoCRq0QAvD_BwE\" target=\"_blank\" rel=\"noopener\">Glovo<\/a><\/strong>: No solo es un recurso esencial para aquellos que buscan una deliciosa comida entregada en la puerta de su alojamiento, sino que tambi\u00e9n ha diversificado su cartera para abarcar entregas de productos farmac\u00e9uticos y de supermercados. <\/li>\n\n\n\n<li><strong><a href=\"https:\/\/www.ubereats.com\/es?utm_source=AdWords_Brand&amp;utm_campaign=CM2225035-search-google-brand_162_-99_ES-National_e_web_acq_cpc_es-ES_T1_Generic_BM_uber%20eats_kwd-111378724137_639006252462_150940917024_b_c&amp;campaign_id=19130929568&amp;adg_id=150940917024&amp;fi_id=&amp;match=b&amp;net=g&amp;dev=c&amp;dev_m=&amp;ad_id=639006252462&amp;cre=639006252462&amp;kwid=kwd-111378724137&amp;kw=uber%20eats&amp;placement=&amp;tar=&amp;gclsrc=aw.ds&amp;gclid=CjwKCAjwnOipBhBQEiwACyGLusNNZ6zjCtVFmItzBgqF-8k4UjaDaZvqdpMWuzj073vhrtkc_QKeJxoCwtkQAvD_BwE\" target=\"_blank\" rel=\"noopener\">Uber Eats<\/a><\/strong>: Con una reputaci\u00f3n robusta respaldada por su contraparte en el mundo del transporte, Uber Eats ha centrado su mirada en la entrega de alimentos, prometiendo una experiencia eficiente y r\u00e1pida. Con una amplia selecci\u00f3n de restaurantes asociados garantiza opciones gastron\u00f3micas para satisfacer todos los gustos. <\/li>\n\n\n\n<li><strong><a href=\"https:\/\/www.just-eat.es\/?adj_tracker=84l7irb_rx4f7ic&amp;adj_campaign=6480637097&amp;campaignname=CM_S_G_ESP_ES_%5BBRAND%5D_%5BENGM%5D_Just%20Eat_Root_National&amp;gad_source=1&amp;gclid=CjwKCAjwnOipBhBQEiwACyGLumHhIQN0YVM3-lHYtXl4gtq0q578W-bDhFJdnjCZe3Ys5qFrSulYwxoCwqMQAvD_BwE&amp;gclsrc=aw.ds\" target=\"_blank\" rel=\"noopener\">Just Eat<\/a><\/strong>: Con una presencia notable en el escenario internacional, es la soluci\u00f3n para aquellos que desean explorar una mayor diversidad culinaria, ya sea comida r\u00e1pida o platos m\u00e1s sofisticados. <\/li>\n\n\n\n<li><strong><a href=\"https:\/\/www.amazon.es\/amazonprime\" target=\"_blank\" rel=\"noopener\">Amazon Prime<\/a><\/strong>: Para atender a casi cualquier necesidad que pueda surgirle durante su estancia: desde comprar un libro hasta llenar la nevera con productos frescos, pues cuenta con todo catalogo de Amazon. Eso si, ser\u00e1 necesario que tenga una suscripci\u00f3n, de 49,90 \u20ac\/a\u00f1o, para que los pedidos le lleguen de la manera m\u00e1s r\u00e1pida, aunque tambi\u00e9n dispone de 30 d\u00edas de prueba gratuita.<\/li>\n\n\n\n<li><strong><a href=\"https:\/\/deliveroo.co.uk\/\" target=\"_blank\" rel=\"noopener\">Deliveroo<\/a><\/strong>: Si lo que buscas es una experiencia gastron\u00f3mica de un calibre superior, Deliveroo es tu aliado perfecto. Especializ\u00e1ndose en la entrega de platos de alta calidad procedentes de restaurantes locales selectos, Deliveroo satisface los paladares m\u00e1s exigentes sin tener que moverse. <\/li>\n<\/ul>\n\n\n\n<h2 class=\"wp-block-heading\"><span class=\"ez-toc-section\" id=\"Que_el_transporte_no_sea_un_problema\"><\/span>Que el transporte no sea un problema<span class=\"ez-toc-section-end\"><\/span><\/h2>\n\n\n\n<h3 class=\"wp-block-heading\">Gasolineras<\/h3>\n\n\n\n<p class=\"undefined\"><em>Para moverse por Marbella Este, por Marbella y por la Costa del Sol <\/em><\/p>\n\n\n\n<h4 class=\"wp-block-heading\">Estaci\u00f3n de Servicio Madese - Repsol<\/h4>\n\n\n\n<p class=\"undefined\">Si decide alquilar una de nuestras propiedades y opta por explorar, con su veh\u00edculo, otras de las subzonas que conforman <strong>Marbella Este<\/strong>, como <strong>Bah\u00eda de Marbella<\/strong> o Elviria (m\u00e1s informaci\u00f3n, sobre las distancias, en: <em>Nos ubicamos, \u00bfd\u00f3nde est\u00e1 Costabella?<\/em>), o, incluso ir m\u00e1s all\u00e1 y visitar otras zonas de Marbella, como Puerto Ban\u00fas o Nueva Andaluc\u00eda, u otros de los maravillosos municipios que conforman la Costa del Sol, como: Oj\u00e9n (a 15,9 km, entre 20 y 26 min en coche por A-7), Ist\u00e1n (a 27,4 km, entre 35 y 45 min en coche por Carr. Ist\u00e1n\/A-7176), La Cala de Mijas (a 27,5 km, entre 20 y 28 min en coche por A-7 y AP-7), Benahavis (a 29,6 km, entre 26 y 35 min en coche por Autov\u00eda del Mediterraneo\/A7) o Estepona (a 40,5 km, entre 28 y 40 min en coche por AP-7), seguro que agradece la cercan\u00eda de la Estaci\u00f3n de Servicio Madese - Repsol, la cual se encuentra en Costabella, y por lo tanto muy cerca de <strong>Bah\u00eda de Marbella<\/strong>. Nota: esta gasolinera cuenta con combustible di\u00e9sel. <\/p>\n\n\n\n<ul class=\"wp-block-list\">\n<li>HORARIO: Todos los d\u00edas, durante las 24 horas. <\/li>\n\n\n\n<li><a href=\"https:\/\/www.google.es\/maps\/place\/Estaci%C3%B3n+de+Servicio+Madese+-+Repsol\/@36.5000876,-4.8014627,428m\/data=!3m1!1e3!4m15!1m8!3m7!1s0xd7320b18b2b8591:0x7951bb3974c1203f!2sUrb.+Costabella,+29604+Marbella,+M%C3%A1laga!3b1!8m2!3d36.5007203!4d-4.8052337!16s%2Fg%2F11btx7l5lc!3m5!1s0xd7320baf2c01c2f:0x9c40d6cd93435c1a!8m2!3d36.500227!4d-4.798858!16s%2Fg%2F12qfljl5p?entry=ttu\" target=\"_blank\" rel=\"noopener\">DIRECCI\u00d3N<\/a>: N-340, 29600 Marbella, M\u00e1laga<\/li>\n\n\n\n<li>TEL\u00c9FONO: 952 83 48 83<\/li>\n<\/ul>\n\n\n\n<h3 class=\"wp-block-heading\">Autob\u00fas urbano <\/h3>\n\n\n\n<p class=\"undefined\"><em>Para moverse por Marbella Este<\/em><\/p>\n\n\n\n<h4 class=\"wp-block-heading\">Avanza<\/h4>\n\n\n\n<p class=\"undefined\">En el caso de que tome la decisi\u00f3n de dejar su coche en casa, no se preocupe porque tendr\u00e1 la opci\u00f3n de desplazarse, por otras de las subzonas que conforman <strong>Marbella Este<\/strong>, como Elviria, Costabella o Cabopino, a trav\u00e9s de los autobuses urbanos que brinda la compa\u00f1\u00eda Avanza, una de los principales operadores de transporte de nuestro pa\u00eds, Espa\u00f1a (+ info sobre l\u00edneas en: <em>Una ubicaci\u00f3n privilegiada<\/em>); cuyos horarios podr\u00e1 consultar a trav\u00e9s de su app: Avanza - Costa del Sol, disponible tanto para <a href=\"https:\/\/play.google.com\/store\/apps\/details?id=com.geoactio.portilloavanza&amp;hl=es&amp;gl=US&amp;pli=1\" target=\"_blank\" rel=\"noopener\">Android<\/a> como para <a href=\"https:\/\/apps.apple.com\/es\/app\/avanza-costa-del-sol\/id1270146915\" target=\"_blank\" rel=\"noopener\">iOS<\/a>. El coste del autob\u00fas es de, tan solo, 1,18&nbsp;\u20ac. <\/p>\n\n\n\n<h3 class=\"wp-block-heading\">Taxi y otros servicios de transporte<\/h3>\n\n\n\n<p class=\"undefined\"><em>Para moverse por Marbella Este o por Marbella&nbsp;<\/em><\/p>\n\n\n\n<p class=\"undefined\">Los taxis, o los servicios de transporte privado, como Uber o Bolt, son perfectos para trayectos cortos dentro de <strong>Marbella Este<\/strong> o incluso dentro Marbella; ya que si nos vamos m\u00e1s all\u00e1 de Marbella, hacia otros municipios de la Costa del Sol, como Mijas o Benahav\u00eds, el precio se podr\u00eda resultar m\u00e1s elevado.<\/p>\n\n\n\n<ul class=\"wp-block-list\">\n<li><strong>Taxi<\/strong>: Para aquellos que buscan una opci\u00f3n m\u00e1s directa y privada los taxis est\u00e1n ampliamente disponibles en Marbella. Entre los servicios de taxis m\u00e1s comunes de Marbella encontramos dos compa\u00f1\u00edas: <a href=\"https:\/\/www.taxisolmarbella.com\/\" target=\"_blank\" rel=\"noopener\"><strong>Taxisol<\/strong><\/a> (952 77 44 88) y <strong>Taxi Marbella<\/strong> (618 34 89 24). <\/li>\n\n\n\n<li><strong><a href=\"https:\/\/www.uber.com\/es\/en\/ride\/?ad_id=623050559222&amp;adg_id=148286515864&amp;campaign_id=18388070762&amp;cre=623050559222&amp;dev=c&amp;dev_m=&amp;fi_id=&amp;gad_source=1&amp;gclid=CjwKCAjwnOipBhBQEiwACyGLuhwLin2fKKxMza4DmfP0rFH54wHydpVO0DLFwL6tzuHwWATqZsuLsRoCNDgQAvD_BwE&amp;gclsrc=aw.ds&amp;kw=uber&amp;kwid=kwd-12633382&amp;match=b&amp;net=g&amp;placement=&amp;tar=&amp;utm_campaign=CM2215725-search-google-brand_162_-99_ES-National_r_web_acq_cpc_es_T1_Generic_BM_uber_kwd-12633382_623050559222_148286515864_b_c&amp;utm_source=AdWords_Brand\" target=\"_blank\" rel=\"noopener\">Uber<\/a><\/strong>: Ya le hablamos antes de Uber Eats, para la entrega de su comida a domicilio, pues bien, la empresa Uber tambi\u00e9n cuenta con un excelente servicio de transporte que le permitir\u00e1 desplazarse por <strong>Marbella Este<\/strong> y por otras zonas de Marbella, \u00bfc\u00f3mo? Pues es muy sencillo, tan solo tiene que pedir un Uber descarg\u00e1ndote su app, disponible tanto en <a href=\"https:\/\/play.google.com\/store\/apps\/details?id=com.ubercab&amp;hl=es_419&amp;gl=US\" target=\"_blank\" rel=\"noopener\">Android<\/a> como en <a href=\"https:\/\/apps.apple.com\/es\/app\/uber-viajes-asequibles\/id368677368\" target=\"_blank\" rel=\"noopener\">iOS<\/a>.&nbsp;<\/li>\n\n\n\n<li><a href=\"https:\/\/bolt.eu\/es-es\/?utm_source=googleadwords_int&amp;utm_medium=cpc&amp;utm_campaign=es_brand_search&amp;utm_source=google&amp;utm_medium=ads&amp;utm_campaign=14577844312&amp;gclid=CjwKCAjwnOipBhBQEiwACyGLumgVFHdc68Dqi6PTvJLXCR_r40NOtyqqM3AwCJW6b7aLzzQDCVuAPhoC9XsQAvD_BwE\" target=\"_blank\" rel=\"noopener\"><strong>Bolt<\/strong><\/a>: Conocida anteriormente como Taxify, se trata de una plataforma muy similar a Uber, tan solo desc\u00e1rgate su app, disponible para todos los sistemas operativos: <a href=\"https:\/\/play.google.com\/store\/apps\/details?id=ee.mtakso.client&amp;hl=es_419&amp;gl=US\" target=\"_blank\" rel=\"noopener\">Andorid<\/a> e <a href=\"https:\/\/apps.apple.com\/es\/app\/bolt-solicita-viajes-24-7\/id675033630\" target=\"_blank\" rel=\"noopener\">iOS<\/a>, y mu\u00e9vase donde quiera desde <strong>Costabella<\/strong>.&nbsp;<\/li>\n\n\n\n<li><a href=\"https:\/\/cabify.com\/es\" target=\"_blank\" rel=\"noopener\"><strong>Cabify<\/strong><\/a>: Esta empresa espa\u00f1ola a ido ganando popularidad poco a poco, \u00bfsu funcionamiento? Igual que las dos anteriores, descarga la app y pide un cabify, \u00a1tan sencillo como eso!: <a href=\"https:\/\/play.google.com\/store\/apps\/details?id=com.cabify.rider&amp;hl=es&amp;gl=US\" target=\"_blank\" rel=\"noopener\">Google Play<\/a> y <a href=\"https:\/\/apps.apple.com\/es\/app\/cabify\/id476087442\" target=\"_blank\" rel=\"noopener\">Apple Store<\/a><\/li>\n<\/ul>\n\n\n\n<h3 class=\"wp-block-heading\">Coche de alquiler <\/h3>\n\n\n\n<p class=\"undefined\"><em>Para moverse por Marbella Este, por Marbella y por la Costa del Sol<\/em><\/p>\n\n\n\n<p class=\"undefined\">Si ha decidido viajar a Marbella sin su veh\u00edculo y tiene la intenci\u00f3n de explorar la Costa del Sol a su ritmo, ya sea las subzonas que abarca la zona de <strong>Marbella Este<\/strong>, otras zonas de Marbella, como la magn\u00edfica Golden Mile o Puerto Ban\u00fas, u otros municipios de la Costa del Sol, como Mijas o Benahavis, queremos facilitarle informaci\u00f3n sobre algunas de las principales empresas de alquiler de coches. <\/p>\n\n\n\n<ul class=\"wp-block-list\">\n<li><strong><a href=\"https:\/\/www.goldcar.es\/?gclsrc=aw.ds&amp;gad_source=1&amp;gclid=CjwKCAjwv-2pBhB-EiwAtsQZFF77M_jxmmWLwp8kMYd1IH_M7G5AgodPlcYvnSG63DhvruXUgb6cbxoCKD4QAvD_BwE&amp;gclsrc=aw.ds\" target=\"_blank\" rel=\"noopener\">Goldcar<\/a><\/strong> (918 341 400): Conocida por sus tarifas asequibles, Goldcar es una opci\u00f3n popular entre los turistas que buscan alquilar un veh\u00edculo sin gastar demasiado. Tienen una amplia variedad de modelos de coches, desde compactos, ideales para la ciudad, hasta veh\u00edculos m\u00e1s grandes para familias o grupos. Adem\u00e1s son una opci\u00f3n muy recurrente para aquellos que vienen a pasar sus vacaciones a la Costa del Sol, y es que, entre sus m\u00faltiples sedes, una de ellas est\u00e1<a href=\"https:\/\/www.google.es\/maps\/place\/Goldcar+Malaga+Airport\/@36.6755064,-4.4914505,17z\/data=!3m1!4b1!4m6!3m5!1s0xd72fa3d9e7990e5:0x5798a16bbb994fff!8m2!3d36.6755064!4d-4.4888756!16s%2Fg%2F1tdb1130?entry=ttu\" target=\"_blank\" rel=\"noopener\"> localizada en Aeropuerto de M\u00e1laga <\/a>(Av. del Comandante Garc\u00eda Morato, 48, 29004 M\u00e1laga), y brinda sus servicios de lunes a domingo, de 07:00 a 23:01, y otra est\u00e1 <a href=\"https:\/\/www.google.es\/maps\/place\/Goldcar+Gibraltar+-+La+L%C3%ADnea\/@36.1571587,-5.3508983,17z\/data=!3m1!4b1!4m6!3m5!1s0xd0cc08917f39f81:0x9dd91116b42c9dc6!8m2!3d36.1571587!4d-5.3483234!16s%2Fg%2F11btysk2ct?entry=ttu\" target=\"_blank\" rel=\"noopener\">localizada en Gibraltar - La L\u00ednea<\/a> (La L\u00ednea de la Concepci\u00f3n), y brinda sus servicios de lunes a domingo, de 09:00 a 19:59; \u00bfnuestra recomendaci\u00f3n? Que alquiler su veh\u00edculo en el aeropuerto de M\u00e1laga, tras bajarse del avi\u00f3n, y se olvide de preocupaciones, en relaci\u00f3n con el transporte, durante su estancia en <strong>Costabella<\/strong>, y que reserve su veh\u00edculo, con tiempo, desde la web. <\/li>\n\n\n\n<li><strong><a href=\"https:\/\/www.avis.es\/?cid=pp_site-GOOGLE_camp-18320326037_adgroup-140837266523_target-kwd-13402896_creative-621382492707_device-c_feed-&amp;gad_source=1&amp;gclid=CjwKCAjwv-2pBhB-EiwAtsQZFF7XlJkWcMVcT7EKC0Gn7Kp76IGOYsUbi8POqPDsiHVkXEiLk3HVShoCCG0QAvD_BwE&amp;gclsrc=aw.ds\" target=\"_blank\" rel=\"noopener\">Avis<\/a><\/strong> (951 32 40 60): Si busca una experiencia de alquiler m\u00e1s premium, Avis podr\u00eda ser la opci\u00f3n adecuada para usted. Esta empresa destaca, seg\u00fan los usuarios, por su r\u00e1pido servicio al cliente, de tipo Quick Pass, y por ofrecer veh\u00edculos, tanto coches como furgonetas, de alta gama. Su <a href=\"https:\/\/www.google.es\/maps\/place\/Avis+Alquiler+de+coches+-+Marbella\/@36.4936557,-4.9534593,17z\/data=!3m1!4b1!4m6!3m5!1s0xd72d6269c8d3b2b:0x6ed31778fe9deb8!8m2!3d36.4936557!4d-4.9508844!16s%2Fg%2F11bbwyrs4d?entry=ttu\" target=\"_blank\" rel=\"noopener\">ubicaci\u00f3n<\/a> es Autov\u00eda del Mediterr\u00e1neo, 340, km 175, 29660 Marbella, M\u00e1laga, y su horario es de lunes a viernes, de 9:00 a 13:45 y de 15:30 a 17:45, y s\u00e1bados, de 10:00 a 13:00; domingos cerrado. Le recomendamos, tambi\u00e9n, reservar con tiempo su veh\u00edculo desde la web para garantizarse el mismo. <\/li>\n\n\n\n<li><strong><a href=\"https:\/\/www.yellowcar.com\/\" target=\"_blank\" rel=\"noopener\">Yellow Car<\/a><\/strong> (952 83 14 92): Se trata de una empresa local de alquiler de coches nacida en 1972 y que, a lo largo de los a\u00f1os, ha expandido su presencia, contando con oficinas en lugares estrat\u00e9gicos de la Costa del Sol como: el <a href=\"https:\/\/www.google.es\/maps\/place\/Yellow+Car\/@36.6755131,-4.4900411,17z\/data=!3m2!4b1!5s0xd72fa22634a684b:0x1a1c54a06d8292fb!4m6!3m5!1s0xd72fa22637f83e7:0x4d03a9505ebbce94!8m2!3d36.6755131!4d-4.4874662!16s%2Fg%2F11b5plrwp1?entry=ttu\" target=\"_blank\" rel=\"noopener\">Aeropuerto de M\u00e1laga<\/a> (Av. del Comandante Garc\u00eda Morato, 53, 29004; Planta 0), abierta todos los d\u00edas, durante las 24 horas, la Cala de Mijas y, por supuesto, en <a href=\"https:\/\/www.google.es\/maps\/place\/Yellow+Car\/@36.5047822,-4.9611694,12z\/data=!3m1!5s0xd7320ace3f82899:0x72319a1d00cd5356!4m10!1m2!2m1!1syellow+car!3m6!1s0xd72fa22637f83e7:0xf962868fcd390272!8m2!3d36.5047822!4d-4.8087341!15sCgp5ZWxsb3cgY2FykgERY2FyX3JlbnRhbF9hZ2VuY3ngAQA!16s%2Fg%2F1ttpcngv?entry=ttu\" target=\"_blank\" rel=\"noopener\">Marbella<\/a>, abierta de lunes a domingo, de 9:00 a 14:00 y de 16:00 a 19:00. Adem\u00e1s, precisamente, su sede en Marbella se ubica en la zona <strong>Marbella Este<\/strong>, en en El Rosario (C. Los Limoneros, 29604 Marbella, M\u00e1laga), donde tambi\u00e9n se encuentra, como ya hemos repetido en m\u00faltiples ocasiones en este <em>post<\/em>, <strong>Bah\u00eda de Marbella<\/strong>. Al igual que en Goldcar o Avis, tambi\u00e9n le recomendamos reservar con antelaci\u00f3n. <\/li>\n<\/ul>\n\n\n\n<p class=\"undefined\">Es esencial que, al alquilar un veh\u00edculo, revise todos los t\u00e9rminos y condiciones, incluidos los seguros y las pol\u00edticas de combustible.<\/p>\n\n\n\n<h2 class=\"wp-block-heading\"><span class=\"ez-toc-section\" id=\"Mas_alla_de_Bahia_de_Marbella_Marbella_Este\"><\/span>M\u00e1s all\u00e1 de Bah\u00eda de Marbella: Marbella Este<span class=\"ez-toc-section-end\"><\/span><\/h2>\n\n\n\n<p class=\"undefined\"><strong>Bah\u00eda de Marbella<\/strong>, con su encanto y servicios, es un destacado punto de partida para que usted explore otras maravillas de <strong>Marbella Este<\/strong>. Como ya habr\u00e1 visto, esta subzona ya ofrece pr\u00e1cticamente todo lo que un visitante podr\u00eda desear, sin embargo, siempre podr\u00e1 ir m\u00e1s all\u00e1, usando la informaci\u00f3n tan detallada que le hemos ofrecido en<em> Que el transporte no sea un problema<\/em>, y descubrir todos los privilegios que la zona de <strong>Marbella Este<\/strong> tiene para ofrecerle. <\/p>\n\n\n\n<p class=\"undefined\">Un ejemplo de esto ser\u00eda Costabella, cuya playa alberga tambi\u00e9n multitud de beach clubs y restaurantes de gran calibre, tales como: el Dune Beach Marbella, el Chiringuito El Chiri Marbella, el Bono Beach Marbella, o, los tambi\u00e9n a pie de playa, restaurantes Restaurante Da Sergio, Restaurante Las Flores o Restaurante Luuma Beach Marbella; todos ellos lugares con encanto donde disfrutar de una rica comida o de un buen coctel. <\/p>\n\n\n\n<figure class=\"wp-caption aligncenter\">\n<picture><source width=\"1480\" srcset=\"https:\/\/media.inmobalia.com\/imgV1\/B98Le8~d7M9pwOKhCJcJLIfglZOtvyX13f98gUEkry2AXpxxwVVUW6beaB1CbHQXGOhTMxPEWoq2vSWoPxT0dWUFVpFov6NwmlNzq3qwzpnpHLdM7rElqemoY7wGnCHfYCWM~3pVr6wGDzx6qq3ELRNy_Yt_30czMI3R.jpg 1480w\" type=\"image\/webp\"><img decoding=\"async\" class=\"img-fluid \" width=\"1480\" src=\"https:\/\/media.inmobalia.com\/imgV1\/B98Le8~d7M9pwOKhH98twCJY8~z6ePCZX6v4ZFfOvduhBdeVCpC563TEl9~Gba~ZsCNLt5CSrqfb7qaISBEVv0QdM3Qn_hKWyYbYCOzLwCWutMoGcJcHC0QmAE4iJYJFsvq~APurAWOrxek-.jpg\"><\/picture>\n<figcaption class=\"wp-caption-text\"><\/figcaption>\n<\/figure>\n\n\n\n<figure class=\"wp-caption aligncenter\">\n<picture><source width=\"1480\" srcset=\"https:\/\/media.inmobalia.com\/imgV1\/B98Le8~d7M9pwOKhCJcJLIfglZOtvyX13f98gUEkry2AXpxxwVVUW6beaB1CbHQXGOhTMxPEWoq2vSWoPxT0dWUFVpFov6NwmlNzq3qwzpnpHLdM7rElqf_yAtVIKpsRRcNoF_f4T~1CaE_WCRY1aeOiD8BPVWLdWxaIRk8-.jpg 1480w\" type=\"image\/webp\"><img decoding=\"async\" class=\"img-fluid \" width=\"1480\" src=\"https:\/\/media.inmobalia.com\/imgV1\/B98Le8~d7M9pwOKhH98twCJY8~z6ePCZX6v4ZFfOvduhBdeVCpC563TEl9~Gba~ZsCNLt5CSrqfb7qaISBEVv0QdM3Qn_hKW3zzGh4IPgVo6PiZRLbAL4kElqt5YEATN~bbburOEA0Luop_ukw--.jpg\"><\/picture>\n<figcaption class=\"wp-caption-text\"><\/figcaption>\n<\/figure>\n\n\n\n<p class=\"undefined\">Siguiendo nuestro recorrido, encontramos, adem\u00e1s de Costabella, un refugio de tranquilidad, Cabopino, cuyo mayor atractivo es la pintoresca Playa de Cabopino, El Rosario, Marbesa, R\u00edo Real Golf, La Mairena o Los Monteros; completando as\u00ed la lista de subzonas cercanas a <strong>Bah\u00eda de Marbella<\/strong>, en Marbella Este, que ofrecen una combinaci\u00f3n de naturaleza, deporte, gastronom\u00eda y playas de gran nivel. <\/p>\n\n\n\n<h2 class=\"wp-block-heading\"><span class=\"ez-toc-section\" id=\"Mas_alla_de_Marbella_Este_Marbella_Centro_Marbella_Casco_Historico_y_Puerto_Banus\"><\/span><strong>M\u00e1s all\u00e1 de Marbella Este: Marbella Centro, Marbella Casco Hist\u00f3rico y Puerto Ban\u00fas<\/strong><span class=\"ez-toc-section-end\"><\/span><\/h2>\n\n\n\n<p class=\"undefined\">Por otro lado, es muy probable que se decante por salir de <strong>Marbella Este<\/strong> y visitar otras de las muchas zonas que conforma Marbella, como podr\u00edan ser <strong>Marbella Centro<\/strong>, <strong>Marbella Casco Hist\u00f3rico<\/strong> o, el gran atractivo tur\u00edstico, <strong>Puerto Ban\u00fas<\/strong> (la informaci\u00f3n acerca de la distancia a estos lugares la podr\u00e1 encontrar en el apartado: <em>Una ubicaci\u00f3n privilegiada<\/em>); y es por ello que en los siguientes p\u00e1rrafos queremos hablarle, de una manera m\u00e1s detallada, de cada uno de estos lugares. <\/p>\n\n\n\n<h3 class=\"wp-block-heading\">Marbella Casco Hist\u00f3rico<\/h3>\n\n\n\n<p class=\"undefined\">\"Yo vuelvo por mis alas, dejadme volver. Quiero morirme siendo, siendo amanecer\", de Federico Garcia Lorca, es una de las muchas citas literarias que podr\u00e1 encontrar en los rincones del Casco Hist\u00f3rico de Marbella; y es que <strong>Marbella<\/strong> es eso, un lugar donde querr\u00e1 volver, siempre que pueda, para enamorarse de sus amaneceres y atardeceres, de sus paredes encaladas y suelos adoquinados que relatan historias de siglos pasados o de lugares emblem\u00e1ticos, como la <strong>Plaza de los Naranjos<\/strong> o la <strong>Iglesia de Nuestra Se\u00f1ora de la Encarnaci\u00f3n<\/strong>, como ese adolescente que conoce el amor por primera vez. <\/p>\n\n\n\n<figure class=\"wp-caption aligncenter\">\n<picture><source width=\"1480\" srcset=\"https:\/\/media.inmobalia.com\/imgV1\/B98Le8~d7M9pwOKhCJcJLIfglZOtvyX13f98gUEkry2AXpxxwVVUW6beaB1CbHQXGOhTMxPEWoq2vSWoPxT0dWUFVpFov6NwmlNzq3qwzpnpHLdM7rElqeCihT5PHFnGjoSWw3iSa9ttyYhxlumd8m9gTfZQtsCZ8xFV~8SL.jpg 1480w\" type=\"image\/webp\"><img decoding=\"async\" class=\"img-fluid \" width=\"1480\" src=\"https:\/\/media.inmobalia.com\/imgV1\/B98Le8~d7M9pwOKhH98twCJY8~z6ePCZX6v4ZFfOvduhBdeVCpC563TEl9~Gba~ZsCNLt5CSrqfb7qaISBEVv0QdM3Qn_hKWwGw_tCjkPzlbOn63MCuTU~sveNnAy3tKyNd5dRJ6cHl6c_PFfG4-.jpg\"><\/picture>\n<figcaption class=\"wp-caption-text\"><\/figcaption>\n<\/figure>\n\n\n\n<p class=\"undefined\">El coraz\u00f3n de <strong>Marbella<\/strong> es un rinc\u00f3n vibrante donde los aromas florales y de comida local se entremezclan con los sonidos de las risas, las conversaciones y la m\u00fasica en directo tocada por m\u00fasicos callejeros. Caf\u00e9s con terraza, restaurantes tradicionales, boutiques exclusivas, rincones decorados con flores y citas literarias y peque\u00f1as tiendas locales ofrecen una mezcla encantadora de historia y modernidad. El casco antiguo es un punto de encuentro donde las tradiciones antiguas coexisten con las comodidades modernas, brindando a los visitantes una experiencia \u00fanica y atemporal. Sin duda, es un lugar que cautivar\u00e1 a quienes desean conocer la verdadera esencia marbell\u00ed y la belleza andaluza m\u00e1s pura. <\/p>\n\n\n\n<figure class=\"wp-caption aligncenter\">\n<picture><source width=\"1480\" srcset=\"https:\/\/media.inmobalia.com\/imgV1\/B98Le8~d7M9pwOKhCJcJLIfglZOtvyX13f98gUEkry2AXpxxwVVUW6beaB1CbHQXGOhTMxPEWoq2vSWoPxT0dWUFVpFov6NwmlNzq3qwzpnpHLdM7rElqeCihT5PHFnGjoSWw3iSa9ttyYhxlumd8m9j4e~kSnjydfdwbGJtHkI-.jpg 1480w\" type=\"image\/webp\"><img decoding=\"async\" class=\"img-fluid \" width=\"1480\" src=\"https:\/\/media.inmobalia.com\/imgV1\/B98Le8~d7M9pwOKhH98twCJY8~z6ePCZX6v4ZFfOvduhBdeVCpC563TEl9~Gba~ZsCNLt5CSrqfb7qaISBEVv0QdM3Qn_hKWwGw_tCjkPzlbOn63MCuTU~sveNnAy3tKyNSA7Wv0yWXcbfPRnjVuTg--.jpg\"><\/picture>\n<figcaption class=\"wp-caption-text\"><\/figcaption>\n<\/figure>\n\n\n\n<h3 class=\"wp-block-heading\">Marbella Centro<\/h3>\n\n\n\n<p class=\"undefined\">A tan solo 8 minutos, en coche, de <strong>Bah\u00eda de Marbella<\/strong>, el centro de Marbella destaca como un punto de confluencia entre la tradici\u00f3n andaluza y el cosmopolitismo. Sus calles empedradas y edificios encalados contrastan con avenidas modernas y espaciosos parques urbanos. La <strong>playa de Venus<\/strong>, la <strong>playa de La Fontanilla<\/strong> y la <strong>playa de La Bajadilla,<\/strong> entre otras, bordean el centro, brindando variadas experiencias costeras. Es imprescindible mencionar el <strong>Puente Romano<\/strong>, vestigio hist\u00f3rico que evoca la rica historia de la ciudad.<\/p>\n\n\n\n<p class=\"undefined\">Adem\u00e1s, para quienes aprecien las compras en tiendas de marcas de renombre, tales como Adolfo Dominguez en moda; Swarovski en joyer\u00edas y bisuter\u00eda; Calzedonia en complementos y zapater\u00eda; Apple Store en tecnolog\u00eda y ocio; Solaris en \u00f3ptica; Kiko en perfumer\u00eda y est\u00e9tica; e Imaginarium en jugueter\u00eda, el centro comercial La Ca\u00f1ada resulta ser una parada obligatoria. Asimismo, aquellos que prefieran una experiencia gastron\u00f3mica en restaurantes franquiciados, como Foster's Hollywood, encontrar\u00e1n en <strong><a href=\"https:\/\/www.google.es\/maps\/place\/La+Ca%C3%B1ada+Shopping+Center\/@36.5212264,-4.8771054,17z\/data=!4m14!1m7!3m6!1s0xd72d81287a0dcd1:0x14c315d3b184eeba!2sLa+Ca%C3%B1ada+Shopping+Center!8m2!3d36.5212264!4d-4.8745305!16s%2Fg%2F11bwhb9j9b!3m5!1s0xd72d81287a0dcd1:0x14c315d3b184eeba!8m2!3d36.5212264!4d-4.8745305!16s%2Fg%2F11bwhb9j9b?entry=ttu\" target=\"_blank\" rel=\"noopener\">La Ca\u00f1ada Shopping Center<\/a><\/strong> una excelente opci\u00f3n.<\/p>\n\n\n\n<p class=\"undefined\">En resumen, el centro de Marbella simboliza una armoniosa combinaci\u00f3n de cultura, comercio y costa.<\/p>\n\n\n\n<h3 class=\"wp-block-heading\">Puerto Ban\u00fas<\/h3>\n\n\n\n<p class=\"undefined\">Puerto Ban\u00fas, situado a escasos 15 minutos, en coche, de <strong>Costabella<\/strong>, es el s\u00edmbolo indiscutible del lujo en Marbella. Este enclave opulento es un despliegue de yates majestuosos y boutiques exclusivas, con marcas ic\u00f3nicas como Loewe, Dolce &amp; Gabbana, Bulgari, Fendi, Versace y Dior bordeando sus paseos. <\/p>\n\n\n\n<figure class=\"wp-caption aligncenter\">\n<picture><source width=\"1480\" srcset=\"https:\/\/media.inmobalia.com\/imgV1\/B98Le8~d7M9pwOKhCJcJLIfglZOtvyX13f98gUEkry2AXpxxwVVUW6beaB1CbHQXGOhTMxPEWoq2vSWoPxT0dWUFVpFov6NwmlNzq3qwzpnpHLdM7rElqf2o4iubHCwL6r5ulYCVsSLNr_HTpPJKnxDe.jpg 1480w\" type=\"image\/webp\"><img decoding=\"async\" class=\"img-fluid \" width=\"1480\" src=\"https:\/\/media.inmobalia.com\/imgV1\/B98Le8~d7M9pwOKhH98twCJY8~z6ePCZX6v4ZFfOvduhBdeVCpC563TEl9~Gba~ZsCNLt5CSrqfb7qaISBEVv0QdM3Qn_hKW3aFCROuRfRiRDqvatZxQsxmxiaR1uAqJYoI-.jpg\"><\/picture>\n<figcaption class=\"wp-caption-text\"><\/figcaption>\n<\/figure>\n\n\n\n<p class=\"undefined\">Durante el d\u00eda, los visitantes pueden recorrer el muelle, quedando cautivados por la impresionante vista de veh\u00edculos y embarcaciones de lujo. Al caer la noche, Puerto Ban\u00fas se transforma, adoptando un ambiente festivo lleno de vitalidad, donde la elegancia de sus terrazas y restaurantes se fusiona con el bullicio de sus clubes nocturnos. Es el lugar donde la \u00e9lite converge con aquellos que buscan un toque de sofisticaci\u00f3n y glamuroso. Le recomendamos venir, aunque sea, para hacer una visita a uno de los lugares m\u00e1s emblem\u00e1ticos de la Costa del Sol, \u00a1no se arrepentir\u00e1!&nbsp;<\/p>\n\n\n\n<figure class=\"wp-caption is-resized\">\n<picture><source width=\"1480\" srcset=\"https:\/\/media.inmobalia.com\/imgV1\/B98Le8~d7M9pwOKhCJcJLIfglZOtvyX13f98gUEkry2AXpxxwVVUW6beaB1CbHQXGOhTMxPEWoq2vSWoPxT0dWUFVpFov6NwmlNzq3qwzpnpHLdM7rElqf2o4iubHCwL6r5ulYCWv2fU83CrVPTGPC8dpOU-.jpg 1480w\" type=\"image\/webp\"><img decoding=\"async\" class=\"img-fluid is-resized\" width=\"1480\" src=\"https:\/\/media.inmobalia.com\/imgV1\/B98Le8~d7M9pwOKhH98twCJY8~z6ePCZX6v4ZFfOvduhBdeVCpC563TEl9~Gba~ZsCNLt5CSrqfb7qaISBEVv0QdM3Qn_hKW3aFCROuRfRiRDqvatZ93eQ08VWbhzpGKhVHLrg--.jpg\"><\/picture>\n<figcaption class=\"wp-caption-text\"><\/figcaption>\n<\/figure>\n\n\n\t\t\t<section class=\"selection-wrapper mt-5 mt-lg-7 mt-xxl-10 wp-block-acf-propertyselection\">\n\t\t\t\t<div class=\"container-fluid max-width d-flex flex-column align-items-start align-items-lg-center\">\n\t\t\t\t\t<div class=\"col-xl-6 mb-4 mb-lg-5\">\n\t\t\t\t\t\t\t\t\t\t\t\t\t<h2 class=\"h1 text-md-center mb-4\"><span class=\"ez-toc-section\" id=\"Propiedades_en_alquiler_en_Bahia_de_Marbella_Marbella_Este_Todas_las_propiedades_en_alquiler_Marbella_Marbella_Este_Bahia_de_Marbella\"><\/span>\n\t\t\t\t\t\t\t\t\t\t\t\t\t\t\t\t\t<span class=\"htitle\">Propiedades en alquiler en Bah\u00eda de Marbella, Marbella Este<\/span>\n\t\t\t\t\t\t\t\t\t\t\t\t\t\t\t\tTodas las propiedades en alquiler \/ Marbella \/ Marbella Este \/ Bah\u00eda de Marbella\t\t\t\t\t\t\t<span class=\"ez-toc-section-end\"><\/span><\/h2>\n\t\t\t\t\t\t\t\t\t\t\t\t<p class=\"text-md-center mb-0 mx-auto\">Encontradas 13 propiedades en alquiler en Bah\u00eda de Marbella, Marbella Este.<\/p>\n\t\t\t\t\t<\/div>\n\t\t\t\t\t<div id=\"cardsFancyCarousel\" class=\"offcanvas-carousel w-100 four-items\">\n\t\t\t\t\t\t<article class=\"f-carousel__slide card col position-relative flex-column\">\n\t<figure class=\"position-relative w-100 mb-2\">\n\t\t<a class=\"card-portfolio position-absolute\" data-pfl-id=\"621392\" data-pfl-filter=\"rent-short\" href=\"#\">\n\t\t\t<svg width=\"20\" fill=\"currentColor\" viewBox=\"0 0 512 512\">\n\t\t\t\t<use href=\"https:\/\/www.homewatch.es\/wp-content\/themes\/inmobasolidbase\/dist\/src\/images\/icons.svg#svgPortfolio\"\/>\n\t\t\t<\/svg>\n\t\t\t<svg class=\"d-none\" width=\"20\" fill=\"currentColor\" viewBox=\"0 0 512 512\">\n\t\t\t\t<use href=\"https:\/\/www.homewatch.es\/wp-content\/themes\/inmobasolidbase\/dist\/src\/images\/icons.svg#svgPortfolioIn\"\/>\n\t\t\t<\/svg>\n\t\t<\/a>\n\t\t<picture class=\"ratio ratio-4x3\"><source width=\"1920\" height=\"1080\" srcset=\"https:\/\/media.inmobalia.com\/imgV1\/B8vEv5Xh_VThvnEqMx4G0YtA8lAADdw1sBC5uN5pSX6~ImMWYg0nYa_EPSP~fBpYtvgHs5QKecPwE1~j5DU_pylbu6cBdu0PgVunDxnkMoeY79Gll7Nv5AHhYwCGots7LHLh3gF6~yvYRLoh8pho_iVY0VXSpVRQwYtd0ijx0j5OQCHZJRSpoDt7_S6sS3Wh.jpg 1920w,https:\/\/media.inmobalia.com\/imgV1\/B8vEv5Xh_Vjzl4qKP9bJW21eHCmW9PWrQV6IDk9EjA79dASSMmDBrXf04FgH6wp0ylU42MWPePEey7rkY1j3kMIGs3YrRSP6UhHPWG1enKzuplcdy8f~NYm7bTbKkeM5EmP5X4fxggOdttwr1H4jQVNHa6M_F6T7uD6SJwUYe3S_0ux2nZyM7bdp35qj8fM-.jpg 1580w,https:\/\/media.inmobalia.com\/imgV1\/B8vEv5Xh~9eLgpFkvD55S4O4_vRpfi7Zj~8WTFZMGThfizi~_Y~NgoiVzdN9MsuXYCpgHq7NOfhSSsV~~CvXOR8biNDSQCuIy3z~JafSwduxBEndespnQYPOGloQON4~nZWnImXyT6r40kT2QAV6Eh~Ue44VBK0yevWwHqnaQBtqJPVS4pi9_xxpIf469g--.jpg 774w\" type=\"image\/webp\"><img fetchpriority=\"high\" decoding=\"async\" class=\"image-fit\" alt=\"Apartamento vacacional junto a la playa en Marbella Este con 2 dormitorios, piscinas comunitarias\" width=\"1920\" height=\"1080\" src=\"https:\/\/media.inmobalia.com\/imgV1\/B8vEv5Xh_VThvnEqMx4G0ZxU~~H0Ar_8Bn_AfAx~4dnt796zQ9QIPwzdr9PkzIdRpbeOYktBAPFfTt23HPhndt5b7cRr2vg76pmKvptCGz41lr5kQ1MHlxAzoZTXNjAgBvsBhx0JehvyzQ1U4sdQt~cQ5lExGP1~EKsL3zN2euI-.jpg\"><\/picture>\t\t\t<\/figure>\n\t<div class=\"h-100 d-flex flex-column\">\n\t\t<span class=\"d-block card-area\">\n\t\t\tMarbella Este\t\t<\/span>\n\t\t\n\n\t\t\t<div class=\"card-price d-flex flex-column\">\n\t\t<strong class=\"me-1\">Desde <span data-original-price=\"210\">210\u00a0\u20ac<\/span><span data-period> por dia <\/span><\/strong>\t\t<\/div>\n\t\n\t\t<ul class=\"card-features list-unstyled d-flex flex-wrap align-items-center mb-0\">\n\t\t\t\t\t\t\t<li class=\"d-flex align-items-center me-3\">\n\t\t\t\t\t2 dormitorios\t\t\t\t<\/li>\n\t\t\t\t\t\t\t<li class=\"d-flex align-items-center me-3\">\n\t\t\t\t\t2 ba\u00f1os\t\t\t\t<\/li>\n\t\t\t\t\t\t\t<li class=\"d-flex align-items-center me-3\">\n\t\t\t\t\t129 m&sup2; construido\t\t\t\t<\/li>\n\t\t\t\t\t<\/ul>\n\t\t<h4 class=\"card-title mb-0\">\n\t\t\t<a class=\"stretched-link\" href=\"\/alquiler\/bahia-de-marbella\/apartamentos-y-pisos\/233\">Apartamento vacacional junto a la playa en Marbella Este con 2 dormitorios, piscinas comunitarias<\/a>\n\t\t<\/h4>\n\t\t\t<\/div>\n<\/article>\t\t\t\t\t\t<article class=\"f-carousel__slide card col position-relative flex-column\">\n\t<figure class=\"position-relative w-100 mb-2\">\n\t\t<a class=\"card-portfolio position-absolute\" data-pfl-id=\"479644\" data-pfl-filter=\"rent-short\" href=\"#\">\n\t\t\t<svg width=\"20\" fill=\"currentColor\" viewBox=\"0 0 512 512\">\n\t\t\t\t<use href=\"https:\/\/www.homewatch.es\/wp-content\/themes\/inmobasolidbase\/dist\/src\/images\/icons.svg#svgPortfolio\"\/>\n\t\t\t<\/svg>\n\t\t\t<svg class=\"d-none\" width=\"20\" fill=\"currentColor\" viewBox=\"0 0 512 512\">\n\t\t\t\t<use href=\"https:\/\/www.homewatch.es\/wp-content\/themes\/inmobasolidbase\/dist\/src\/images\/icons.svg#svgPortfolioIn\"\/>\n\t\t\t<\/svg>\n\t\t<\/a>\n\t\t<picture class=\"ratio ratio-4x3\"><source width=\"1920\" height=\"1080\" srcset=\"https:\/\/media.inmobalia.com\/imgV1\/B8vEv5Xh_VThvnEqMx4G0YtA8lAADdw1sBC5uN5pSX6~ImMWYg0nYa_EPSP~fBpYtvgHs5QKecPwE1~j5DU_pylbu6cBdu0PgVunDxnkMoeY79Gll7Nv5AHhYwCGots7LHLh2Ugpl~U3d3LMSigjhum7FU8HSmN_Xn_wyUQ~5KDcOB4jJ7MO7YwpgYv0MvuD.jpg 1920w,https:\/\/media.inmobalia.com\/imgV1\/B8vEv5Xh_Vjzl4qKP9bJW21eHCmW9PWrQV6IDk9EjA79dASSMmDBrXf04FgH6wp0ylU42MWPePEey7rkY1j3kMIGs3YrRSP6UhHPWG1enKzuplcdy8f~NYm7bTbKkeM5EmP_gXGodyYeGAq2~UPyelmHUlETntYaUWcSFagJoDLm0KYOO7wD~2N~~rPJoMs-.jpg 1580w,https:\/\/media.inmobalia.com\/imgV1\/B8vEv5Xh~9eLgpFkvD55S4O4_vRpfi7Zj~8WTFZMGThfizi~_Y~NgoiVzdN9MsuXYCpgHq7NOfhSSsV~~CvXOR8biNDSQCuIy3z~JafSwduxBEndespnQYPOGloQON4~nZJx9ArD~dxSg8FBsmbyExLj31XVCLYg89wJzURoFvhM5Xj8nK8pk3INT~o0Pw--.jpg 774w\" type=\"image\/webp\"><img decoding=\"async\" class=\"image-fit\" alt=\"\u00c1tico de lujo primera l\u00ednea playa con 3 dormitorios en Bah\u00eda Marbella\" width=\"1920\" height=\"1080\" src=\"https:\/\/media.inmobalia.com\/imgV1\/B8vEv5Xh_VThvnEqMx4G0ZxU~~H0Ar_8Bn_AfAx~4dnt796zQ9QIPwzdr9PkzIdRpbeOYktBAPFfTt23HPhndt5b7cRr2vg76pmKvptCGz41lr5j~5nLZe5AFFQ4HNsX5vFQumpvvGYGvYQAiLoBXC9~PEa1RqaYRfota3iKpWM-.jpg\"><\/picture>\t\t\t<\/figure>\n\t<div class=\"h-100 d-flex flex-column\">\n\t\t<span class=\"d-block card-area\">\n\t\t\tMarbella Este\t\t<\/span>\n\t\t\n\n\t\t\t<div class=\"card-price d-flex flex-column\">\n\t\t<strong class=\"me-1\">Desde <span data-original-price=\"132\">132\u00a0\u20ac<\/span><span data-period> por dia <\/span><\/strong><strong class=\"me-1\"><span data-original-price=\"3100\">3.100\u00a0\u20ac<\/span><span data-period> montly rental (November-March)<\/span><\/strong>\t\t<\/div>\n\t\n\t\t<ul class=\"card-features list-unstyled d-flex flex-wrap align-items-center mb-0\">\n\t\t\t\t\t\t\t<li class=\"d-flex align-items-center me-3\">\n\t\t\t\t\t3 dormitorios\t\t\t\t<\/li>\n\t\t\t\t\t\t\t<li class=\"d-flex align-items-center me-3\">\n\t\t\t\t\t4 ba\u00f1os\t\t\t\t<\/li>\n\t\t\t\t\t\t\t<li class=\"d-flex align-items-center me-3\">\n\t\t\t\t\t260 m&sup2; construido\t\t\t\t<\/li>\n\t\t\t\t\t<\/ul>\n\t\t<h4 class=\"card-title mb-0\">\n\t\t\t<a class=\"stretched-link\" href=\"\/alquiler\/bahia-de-marbella\/casas\/171\">\u00c1tico de lujo primera l\u00ednea playa con 3 dormitorios en Bah\u00eda Marbella<\/a>\n\t\t<\/h4>\n\t\t\t<\/div>\n<\/article>\t\t\t\t\t\t<article class=\"f-carousel__slide card col position-relative flex-column\">\n\t<figure class=\"position-relative w-100 mb-2\">\n\t\t<a class=\"card-portfolio position-absolute\" data-pfl-id=\"458847\" data-pfl-filter=\"rent-short\" href=\"#\">\n\t\t\t<svg width=\"20\" fill=\"currentColor\" viewBox=\"0 0 512 512\">\n\t\t\t\t<use href=\"https:\/\/www.homewatch.es\/wp-content\/themes\/inmobasolidbase\/dist\/src\/images\/icons.svg#svgPortfolio\"\/>\n\t\t\t<\/svg>\n\t\t\t<svg class=\"d-none\" width=\"20\" fill=\"currentColor\" viewBox=\"0 0 512 512\">\n\t\t\t\t<use href=\"https:\/\/www.homewatch.es\/wp-content\/themes\/inmobasolidbase\/dist\/src\/images\/icons.svg#svgPortfolioIn\"\/>\n\t\t\t<\/svg>\n\t\t<\/a>\n\t\t<picture class=\"ratio ratio-4x3\"><source width=\"1920\" height=\"1080\" srcset=\"https:\/\/media.inmobalia.com\/imgV1\/B8vEv5Xh_VThvnEqMx4G0YtA8lAADdw1sBC5uN5pSX6~ImMWYg0nYa_EPSP~fBpYtvgHs5QKecPwE1~j5DU_pylbu6cBdu0PgVunDxnkMoeY79Gll7Nv5AHhYwCGots7LHLh2UpRAwofM_HTWTTW9pkKJHiEu8noeskB5yluDNNh~RF44r5mFRL47knGA1Mx.jpg 1920w,https:\/\/media.inmobalia.com\/imgV1\/B8vEv5Xh_Vjzl4qKP9bJW21eHCmW9PWrQV6IDk9EjA79dASSMmDBrXf04FgH6wp0ylU42MWPePEey7rkY1j3kMIGs3YrRSP6UhHPWG1enKzuplcdy8f~NYm7bTbKkeM5EmP_gwvjK6GJQr0IXnLWFtr0XSYx~Gp55QTevkIEQtxkCR2kQKWbbVGBqgB3O9M-.jpg 1580w,https:\/\/media.inmobalia.com\/imgV1\/B8vEv5Xh~9eLgpFkvD55S4O4_vRpfi7Zj~8WTFZMGThfizi~_Y~NgoiVzdN9MsuXYCpgHq7NOfhSSsV~~CvXOR8biNDSQCuIy3z~JafSwduxBEndespnQYPOGloQON4~nZJz0YOquqyxRdtYL5SnB1cNEmmvM4CWxbn8Vx7oY1n6yLrObdvf~W8mm7C9hA--.jpg 774w\" type=\"image\/webp\"><img decoding=\"async\" class=\"image-fit\" alt=\"Apartamento vacacional de 2 dormitorios en primera l\u00ednea de playa en Marbella Este\" width=\"1920\" height=\"1080\" src=\"https:\/\/media.inmobalia.com\/imgV1\/B8vEv5Xh_VThvnEqMx4G0ZxU~~H0Ar_8Bn_AfAx~4dnt796zQ9QIPwzdr9PkzIdRpbeOYktBAPFfTt23HPhndt5b7cRr2vg76pmKvptCGz41lr5j~d5~22SdnMIIbDQKXUiy8ippWAvl6igWRhaXBMURwhk3xh~h~vlA~G~I6SU-.jpg\"><\/picture>\t\t\t<\/figure>\n\t<div class=\"h-100 d-flex flex-column\">\n\t\t<span class=\"d-block card-area\">\n\t\t\tMarbella Este\t\t<\/span>\n\t\t\n\n\t\t\t<div class=\"card-price d-flex flex-column\">\n\t\t<strong class=\"me-1\">Desde <span data-original-price=\"98\">98\u00a0\u20ac<\/span><span data-period> por dia <\/span><\/strong><strong class=\"me-1\"><span data-original-price=\"2000\">2.000\u00a0\u20ac<\/span><span data-period> montly rental (November-March)<\/span><\/strong>\t\t<\/div>\n\t\n\t\t<ul class=\"card-features list-unstyled d-flex flex-wrap align-items-center mb-0\">\n\t\t\t\t\t\t\t<li class=\"d-flex align-items-center me-3\">\n\t\t\t\t\t2 dormitorios\t\t\t\t<\/li>\n\t\t\t\t\t\t\t<li class=\"d-flex align-items-center me-3\">\n\t\t\t\t\t2 ba\u00f1os\t\t\t\t<\/li>\n\t\t\t\t\t\t\t<li class=\"d-flex align-items-center me-3\">\n\t\t\t\t\t110 m&sup2; construido\t\t\t\t<\/li>\n\t\t\t\t\t<\/ul>\n\t\t<h4 class=\"card-title mb-0\">\n\t\t\t<a class=\"stretched-link\" href=\"\/alquiler\/bahia-de-marbella\/apartamentos-y-pisos\/152\">Apartamento vacacional de 2 dormitorios en primera l\u00ednea de playa en Marbella Este<\/a>\n\t\t<\/h4>\n\t\t\t<\/div>\n<\/article>\t\t\t\t\t\t<article class=\"f-carousel__slide card col position-relative flex-column\">\n\t<figure class=\"position-relative w-100 mb-2\">\n\t\t<a class=\"card-portfolio position-absolute\" data-pfl-id=\"438685\" data-pfl-filter=\"rent-short\" href=\"#\">\n\t\t\t<svg width=\"20\" fill=\"currentColor\" viewBox=\"0 0 512 512\">\n\t\t\t\t<use href=\"https:\/\/www.homewatch.es\/wp-content\/themes\/inmobasolidbase\/dist\/src\/images\/icons.svg#svgPortfolio\"\/>\n\t\t\t<\/svg>\n\t\t\t<svg class=\"d-none\" width=\"20\" fill=\"currentColor\" viewBox=\"0 0 512 512\">\n\t\t\t\t<use href=\"https:\/\/www.homewatch.es\/wp-content\/themes\/inmobasolidbase\/dist\/src\/images\/icons.svg#svgPortfolioIn\"\/>\n\t\t\t<\/svg>\n\t\t<\/a>\n\t\t<picture class=\"ratio ratio-4x3\"><source width=\"1920\" height=\"1080\" srcset=\"https:\/\/media.inmobalia.com\/imgV1\/B8vEv5Xh_VThvnEqMx4G0YtA8lAADdw1sBC5uN5pSX6~ImMWYg0nYa_EPSP~fBpYtvgHs5QKecPwE1~j5DU_pylbu6cBdu0PgVunDxnkMoeY79Gll7Nv5AHhYwCGots7LHLh2UxczxcqDuj2ylwbEGGtonym89jJNCACeg7NGMmRtYTYjJ0g0UdjJ4_bDSUq.jpg 1920w,https:\/\/media.inmobalia.com\/imgV1\/B8vEv5Xh_Vjzl4qKP9bJW21eHCmW9PWrQV6IDk9EjA79dASSMmDBrXf04FgH6wp0ylU42MWPePEey7rkY1j3kMIGs3YrRSP6UhHPWG1enKzuplcdy8f~NYm7bTbKkeM5EmP_haCzzRqH5E6frfI72wecSciOw6MSIiqbIOuznkIVfGmFqSaYCPi2_RLjzHw-.jpg 1580w,https:\/\/media.inmobalia.com\/imgV1\/B8vEv5Xh~9eLgpFkvD55S4O4_vRpfi7Zj~8WTFZMGThfizi~_Y~NgoiVzdN9MsuXYCpgHq7NOfhSSsV~~CvXOR8biNDSQCuIy3z~JafSwduxBEndespnQYPOGloQON4~nZJ18PmT0aE3TuxpLUCIMXs2DNC0zKdHZ~WMd0QAup9ceeKXtczBjlSjJ6og2g--.jpg 774w\" type=\"image\/webp\"><img loading=\"lazy\" decoding=\"async\" class=\"image-fit\" alt=\"Apartamento vacacional de 3 dormitorios con vistas al mar en Bah\u00eda de Marbella, Costa del Sol\" width=\"1920\" height=\"1080\" src=\"https:\/\/media.inmobalia.com\/imgV1\/B8vEv5Xh_VThvnEqMx4G0ZxU~~H0Ar_8Bn_AfAx~4dnt796zQ9QIPwzdr9PkzIdRpbeOYktBAPFfTt23HPhndt5b7cRr2vg76pmKvptCGz41lr5j_~x1_7FFO1ls5cFswiBQwuQFCXDUEQewBBcEeu9NXIXR3aHVkTgsL8XkV7s-.jpg\"><\/picture>\t\t\t<\/figure>\n\t<div class=\"h-100 d-flex flex-column\">\n\t\t<span class=\"d-block card-area\">\n\t\t\tMarbella Este\t\t<\/span>\n\t\t\n\n\t\t\t<div class=\"card-price d-flex flex-column\">\n\t\t<strong class=\"me-1\">Desde <span data-original-price=\"128\">128\u00a0\u20ac<\/span><span data-period> por dia <\/span><\/strong><strong class=\"me-1\"><span data-original-price=\"1700\">1.700\u00a0\u20ac<\/span><span data-period> montly rental (November-March)<\/span><\/strong>\t\t<\/div>\n\t\n\t\t<ul class=\"card-features list-unstyled d-flex flex-wrap align-items-center mb-0\">\n\t\t\t\t\t\t\t<li class=\"d-flex align-items-center me-3\">\n\t\t\t\t\t3 dormitorios\t\t\t\t<\/li>\n\t\t\t\t\t\t\t<li class=\"d-flex align-items-center me-3\">\n\t\t\t\t\t2 ba\u00f1os\t\t\t\t<\/li>\n\t\t\t\t\t\t\t<li class=\"d-flex align-items-center me-3\">\n\t\t\t\t\t129 m&sup2; construido\t\t\t\t<\/li>\n\t\t\t\t\t<\/ul>\n\t\t<h4 class=\"card-title mb-0\">\n\t\t\t<a class=\"stretched-link\" href=\"\/alquiler\/bahia-de-marbella\/apartamentos-y-pisos\/127\">Apartamento vacacional de 3 dormitorios con vistas al mar en Bah\u00eda de Marbella, Costa del Sol<\/a>\n\t\t<\/h4>\n\t\t\t<\/div>\n<\/article>\t\t\t\t\t\t<article class=\"f-carousel__slide card col position-relative flex-column\">\n\t<figure class=\"position-relative w-100 mb-2\">\n\t\t<a class=\"card-portfolio position-absolute\" data-pfl-id=\"402876\" data-pfl-filter=\"rent-short\" href=\"#\">\n\t\t\t<svg width=\"20\" fill=\"currentColor\" viewBox=\"0 0 512 512\">\n\t\t\t\t<use href=\"https:\/\/www.homewatch.es\/wp-content\/themes\/inmobasolidbase\/dist\/src\/images\/icons.svg#svgPortfolio\"\/>\n\t\t\t<\/svg>\n\t\t\t<svg class=\"d-none\" width=\"20\" fill=\"currentColor\" viewBox=\"0 0 512 512\">\n\t\t\t\t<use href=\"https:\/\/www.homewatch.es\/wp-content\/themes\/inmobasolidbase\/dist\/src\/images\/icons.svg#svgPortfolioIn\"\/>\n\t\t\t<\/svg>\n\t\t<\/a>\n\t\t<picture class=\"ratio ratio-4x3\"><source width=\"1920\" height=\"1080\" srcset=\"https:\/\/media.inmobalia.com\/imgV1\/B8vEv5Xh_VThvnEqMx4G0YtA8lAADdw1sBC5uN5pSX6~ImMWYg0nYa_EPSP~fBpYtvgHs5QKecPwE1~j5DU_pylbu6cBdu0PgVunDxnkMoeY79Gll7Nv5AHhYwCGots7LHLh2U9bN7G54~W1TNYzfXp04fHBuTmLSCO45F0F3jaCVYfypuPPbjSyK8TSgDM9.jpg 1920w,https:\/\/media.inmobalia.com\/imgV1\/B8vEv5Xh_Vjzl4qKP9bJW21eHCmW9PWrQV6IDk9EjA79dASSMmDBrXf04FgH6wp0ylU42MWPePEey7rkY1j3kMIGs3YrRSP6UhHPWG1enKzuplcdy8f~NYm7bTbKkeM5EmP_htEjVRdVIZRvQNZ_7DW_NFDUFK~7Ejgj55HA8qiv~7WHllgJqdDqhSHeZJU-.jpg 1580w,https:\/\/media.inmobalia.com\/imgV1\/B8vEv5Xh~9eLgpFkvD55S4O4_vRpfi7Zj~8WTFZMGThfizi~_Y~NgoiVzdN9MsuXYCpgHq7NOfhSSsV~~CvXOR8biNDSQCuIy3z~JafSwduxBEndespnQYPOGloQON4~nZJ2N4IIVHqfmXreKEi_S4CPZIXMM48N1PCmXKSPGwa4MHd2fSTL0cTAPTEabg--.jpg 774w\" type=\"image\/webp\"><img loading=\"lazy\" decoding=\"async\" class=\"image-fit\" alt=\"Villa de lujo primera l\u00ednea 3 dormitorios con vistas al mar en Marbella Este\" width=\"1920\" height=\"1080\" src=\"https:\/\/media.inmobalia.com\/imgV1\/B8vEv5Xh_VThvnEqMx4G0ZxU~~H0Ar_8Bn_AfAx~4dnt796zQ9QIPwzdr9PkzIdRpbeOYktBAPFfTt23HPhndt5b7cRr2vg76pmKvptCGz41lr5j_PDul1nm7PruQp~tCXSOSxOEunuZArSrr2Mq3FucOrELuKCacE0VSaNCPDE-.jpg\"><\/picture>\t\t\t<\/figure>\n\t<div class=\"h-100 d-flex flex-column\">\n\t\t<span class=\"d-block card-area\">\n\t\t\tMarbella Este\t\t<\/span>\n\t\t\n\n\t\t\t<div class=\"card-price d-flex flex-column\">\n\t\t<strong class=\"me-1\">Desde <span data-original-price=\"246\">246\u00a0\u20ac<\/span><span data-period> por dia <\/span><\/strong><strong class=\"me-1\"><span data-original-price=\"4000\">4.000\u00a0\u20ac<\/span><span data-period> montly rental (November-March)<\/span><\/strong>\t\t<\/div>\n\t\n\t\t<ul class=\"card-features list-unstyled d-flex flex-wrap align-items-center mb-0\">\n\t\t\t\t\t\t\t<li class=\"d-flex align-items-center me-3\">\n\t\t\t\t\t3 dormitorios\t\t\t\t<\/li>\n\t\t\t\t\t\t\t<li class=\"d-flex align-items-center me-3\">\n\t\t\t\t\t2 ba\u00f1os\t\t\t\t<\/li>\n\t\t\t\t\t\t\t<li class=\"d-flex align-items-center me-3\">\n\t\t\t\t\t190 m&sup2; construido\t\t\t\t<\/li>\n\t\t\t\t\t\t\t<li class=\"d-flex align-items-center me-3\">\n\t\t\t\t\t30 m&sup2; parcela\t\t\t\t<\/li>\n\t\t\t\t\t<\/ul>\n\t\t<h4 class=\"card-title mb-0\">\n\t\t\t<a class=\"stretched-link\" href=\"\/alquiler\/bahia-de-marbella\/casas\/94\">Villa de lujo primera l\u00ednea 3 dormitorios con vistas al mar en Marbella Este<\/a>\n\t\t<\/h4>\n\t\t\t<\/div>\n<\/article>\t\t\t\t\t\t<article class=\"f-carousel__slide card col position-relative flex-column\">\n\t<figure class=\"position-relative w-100 mb-2\">\n\t\t<a class=\"card-portfolio position-absolute\" data-pfl-id=\"269318\" data-pfl-filter=\"rent-short\" href=\"#\">\n\t\t\t<svg width=\"20\" fill=\"currentColor\" viewBox=\"0 0 512 512\">\n\t\t\t\t<use href=\"https:\/\/www.homewatch.es\/wp-content\/themes\/inmobasolidbase\/dist\/src\/images\/icons.svg#svgPortfolio\"\/>\n\t\t\t<\/svg>\n\t\t\t<svg class=\"d-none\" width=\"20\" fill=\"currentColor\" viewBox=\"0 0 512 512\">\n\t\t\t\t<use href=\"https:\/\/www.homewatch.es\/wp-content\/themes\/inmobasolidbase\/dist\/src\/images\/icons.svg#svgPortfolioIn\"\/>\n\t\t\t<\/svg>\n\t\t<\/a>\n\t\t<picture class=\"ratio ratio-4x3\"><source width=\"1920\" height=\"1080\" srcset=\"https:\/\/media.inmobalia.com\/imgV1\/B8vEv5Xh_VThvnEqMx4G0YtA8lAADdw1sBC5uN5pSX6~ImMWYg0nYa_EPSP~fBpYtvgHs5QKecPwE1~j5DU_pylbu6cBdu0PgVunDxnkMoeY79Gll7Nv5AHhYwCGots7LHLh2sBq8iSA4imbcWMIxpDNu2uau~Uyuf34Gh~rmx3Ebw6KvxFdDZshr_Vfet7V.jpg 1920w,https:\/\/media.inmobalia.com\/imgV1\/B8vEv5Xh_Vjzl4qKP9bJW21eHCmW9PWrQV6IDk9EjA79dASSMmDBrXf04FgH6wp0ylU42MWPePEey7rkY1j3kMIGs3YrRSP6UhHPWG1enKzuplcdy8f~NYm7bTbKkeM5EmP9_f4PK1Un_ASU_EWmuV1hus~5ebd1zSsoNn9Y6~k8cV9Z5bzmnSF6MMg1w_8-.jpg 1580w,https:\/\/media.inmobalia.com\/imgV1\/B8vEv5Xh~9eLgpFkvD55S4O4_vRpfi7Zj~8WTFZMGThfizi~_Y~NgoiVzdN9MsuXYCpgHq7NOfhSSsV~~CvXOR8biNDSQCuIy3z~JafSwduxBEndespnQYPOGloQON4~nZE_HqcoCRO1iD6daMrT_QaZ95t_e8v80jgf6XHPMZSzC793LsGX1pODL9wnVg--.jpg 774w\" type=\"image\/webp\"><img loading=\"lazy\" decoding=\"async\" class=\"image-fit\" alt=\"Apartamento de lujo en primera l\u00ednea con jard\u00edn privado y acceso directo a la playa\" width=\"1920\" height=\"1080\" src=\"https:\/\/media.inmobalia.com\/imgV1\/B8vEv5Xh_VThvnEqMx4G0ZxU~~H0Ar_8Bn_AfAx~4dnt796zQ9QIPwzdr9PkzIdRpbeOYktBAPFfTt23HPhndt5b7cRr2vg76pmKvptCGz41lr5gBrJPHrmen~4b0V6GB9EhhlWz4JLnqak~NWhHxWYMAqotoXF9S2S53dfBvHw-.jpg\"><\/picture>\t\t\t<\/figure>\n\t<div class=\"h-100 d-flex flex-column\">\n\t\t<span class=\"d-block card-area\">\n\t\t\tMarbella Este\t\t<\/span>\n\t\t\n\n\t\t\t<div class=\"card-price d-flex flex-column\">\n\t\t<strong class=\"me-1\">Desde <span data-original-price=\"145\">145\u00a0\u20ac<\/span><span data-period> por dia <\/span><\/strong><strong class=\"me-1\"><span data-original-price=\"2500\">2.500\u00a0\u20ac<\/span><span data-period> montly rental (November-March)<\/span><\/strong>\t\t<\/div>\n\t\n\t\t<ul class=\"card-features list-unstyled d-flex flex-wrap align-items-center mb-0\">\n\t\t\t\t\t\t\t<li class=\"d-flex align-items-center me-3\">\n\t\t\t\t\t1 dormitorio\t\t\t\t<\/li>\n\t\t\t\t\t\t\t<li class=\"d-flex align-items-center me-3\">\n\t\t\t\t\t1 ba\u00f1o\t\t\t\t<\/li>\n\t\t\t\t\t\t\t<li class=\"d-flex align-items-center me-3\">\n\t\t\t\t\t90 m&sup2; construido\t\t\t\t<\/li>\n\t\t\t\t\t\t\t<li class=\"d-flex align-items-center me-3\">\n\t\t\t\t\t100 m&sup2; parcela\t\t\t\t<\/li>\n\t\t\t\t\t<\/ul>\n\t\t<h4 class=\"card-title mb-0\">\n\t\t\t<a class=\"stretched-link\" href=\"\/alquiler\/bahia-de-marbella\/apartamentos-planta-baja\/47\">Apartamento de lujo en primera l\u00ednea con jard\u00edn privado y acceso directo a la playa<\/a>\n\t\t<\/h4>\n\t\t\t<\/div>\n<\/article>\t\t\t\t\t\t<article class=\"f-carousel__slide card col position-relative flex-column\">\n\t<figure class=\"position-relative w-100 mb-2\">\n\t\t<a class=\"card-portfolio position-absolute\" data-pfl-id=\"262089\" data-pfl-filter=\"rent-short\" href=\"#\">\n\t\t\t<svg width=\"20\" fill=\"currentColor\" viewBox=\"0 0 512 512\">\n\t\t\t\t<use href=\"https:\/\/www.homewatch.es\/wp-content\/themes\/inmobasolidbase\/dist\/src\/images\/icons.svg#svgPortfolio\"\/>\n\t\t\t<\/svg>\n\t\t\t<svg class=\"d-none\" width=\"20\" fill=\"currentColor\" viewBox=\"0 0 512 512\">\n\t\t\t\t<use href=\"https:\/\/www.homewatch.es\/wp-content\/themes\/inmobasolidbase\/dist\/src\/images\/icons.svg#svgPortfolioIn\"\/>\n\t\t\t<\/svg>\n\t\t<\/a>\n\t\t<picture class=\"ratio ratio-4x3\"><source width=\"1920\" height=\"1080\" srcset=\"https:\/\/media.inmobalia.com\/imgV1\/B8vEv5Xh_VThvnEqMx4G0YtA8lAADdw1sBC5uN5pSX6~ImMWYg0nYa_EPSP~fBpYtvgHs5QKecPwE1~j5DU_pylbu6cBdu0PgVunDxnkMoeY79Gll7Nv5AHhYwCGots7LBBVxBgmwq~gMhho0daZ0IQ5wlC1ZdAsa0JPRXaYHDpg2FWDmFTt3a8ysoGXS8nKjMg-.jpg 1920w,https:\/\/media.inmobalia.com\/imgV1\/B8vEv5Xh_Vjzl4qKP9bJW21eHCmW9PWrQV6IDk9EjA79dASSMmDBrXf04FgH6wp0ylU42MWPePEey7rkY1j3kMIGs3YrRSP6UhHPWG1enKzuplcdy8f~NYm7bTbKkeM5cMgnQKo7qQwr6t~XlBnZO7omCPVfcykbhgn7KowBPGnzc_ItVWgGT5rVVNpVqShDEg--.jpg 1580w,https:\/\/media.inmobalia.com\/imgV1\/B8vEv5Xh~9eLgpFkvD55S4O4_vRpfi7Zj~8WTFZMGThfizi~_Y~NgoiVzdN9MsuXYCpgHq7NOfhSSsV~~CvXOR8biNDSQCuIy3z~JafSwduxBEndespnQYPOGloQON5dAeHlTGVcfrL1MWqNL4ozVVGTbQFZMvb2slCoouMokp0OqWNu5dLjeYy4egCcz7us.jpg 774w\" type=\"image\/webp\"><img loading=\"lazy\" decoding=\"async\" class=\"image-fit\" alt=\"Lujoso \u00e1tico de 3 dormitorios con vistas al mar en primera l\u00ednea Marbella Este\" width=\"1920\" height=\"1080\" src=\"https:\/\/media.inmobalia.com\/imgV1\/B8vEv5Xh_VThvnEqMx4G0ZxU~~H0Ar_8Bn_AfAx~4dnt796zQ9QIPwzdr9PkzIdRpbeOYktBAPFfTt23HPhndt5b7cRr2vg76pmKvptCGz419CdfnCBxswb1iMzMy6dKYUM~~BhwyjPVQ6DbIDyfoeBhlTSttwGkqdgh4c50TV43ZA--.jpg\"><\/picture>\t\t\t<\/figure>\n\t<div class=\"h-100 d-flex flex-column\">\n\t\t<span class=\"d-block card-area\">\n\t\t\tMarbella Este\t\t<\/span>\n\t\t\n\n\t\t\t<div class=\"card-price d-flex flex-column\">\n\t\t<strong class=\"me-1\">Desde <span data-original-price=\"184\">184\u00a0\u20ac<\/span><span data-period> por dia <\/span><\/strong><strong class=\"me-1\"><span data-original-price=\"3000\">3.000\u00a0\u20ac<\/span><span data-period> montly rental (November-March)<\/span><\/strong>\t\t<\/div>\n\t\n\t\t<ul class=\"card-features list-unstyled d-flex flex-wrap align-items-center mb-0\">\n\t\t\t\t\t\t\t<li class=\"d-flex align-items-center me-3\">\n\t\t\t\t\t3 dormitorios\t\t\t\t<\/li>\n\t\t\t\t\t\t\t<li class=\"d-flex align-items-center me-3\">\n\t\t\t\t\t4 ba\u00f1os\t\t\t\t<\/li>\n\t\t\t\t\t\t\t<li class=\"d-flex align-items-center me-3\">\n\t\t\t\t\t200 m&sup2; construido\t\t\t\t<\/li>\n\t\t\t\t\t<\/ul>\n\t\t<h4 class=\"card-title mb-0\">\n\t\t\t<a class=\"stretched-link\" href=\"\/alquiler\/bahia-de-marbella\/casas\/68\">Lujoso \u00e1tico de 3 dormitorios con vistas al mar en primera l\u00ednea Marbella Este<\/a>\n\t\t<\/h4>\n\t\t\t<\/div>\n<\/article>\t\t\t\t\t\t\t\t\t\t\t<\/div>\n\t\t\t\t\t\t\t\t\t\t\t<a class=\"btn btn-inm mt-2 mt-lg-5\" href=\"https:\/\/www.homewatch.es\/alquiler\/bahia-de-marbella\">\u00a1Alquila ya!<\/a>\n\t\t\t\t\t\t\t\t\t<\/div>\n\t\t\t<\/section>\n\t\t","protected":false},"excerpt":{"rendered":"<p>La definici\u00f3n de bah\u00eda es \u00abla entrada de un mar, oc\u00e9ano o lago rodeada por tierra\u00bb, y es que, si esta zona se conoce como Bah\u00eda de Marbella es porque en ella tierra y mar fluyen en perfecta armon\u00eda. Son sus playas, campos de golf, beach clubs, entre otros muchos atractivos, lo que hacen a&#8230;<\/p>\n","protected":false},"author":6,"featured_media":4293,"comment_status":"closed","ping_status":"0","sticky":false,"template":"","format":"standard","meta":{"_acf_changed":false,"footnotes":""},"categories":[26,202],"tags":[817,32,36,810],"class_list":["post-4114","post","type-post","status-publish","format-standard","has-post-thumbnail","hentry","category-guia-de-zonas","category-marbella-es","tag-bahia-de-marbella","tag-costa-del-sol-es","tag-marbella-es","tag-marbella-este"],"acf":[],"_links":{"self":[{"href":"https:\/\/www.homewatch.es\/es\/wp-json\/wp\/v2\/posts\/4114","targetHints":{"allow":["GET"]}}],"collection":[{"href":"https:\/\/www.homewatch.es\/es\/wp-json\/wp\/v2\/posts"}],"about":[{"href":"https:\/\/www.homewatch.es\/es\/wp-json\/wp\/v2\/types\/post"}],"author":[{"embeddable":true,"href":"https:\/\/www.homewatch.es\/es\/wp-json\/wp\/v2\/users\/6"}],"replies":[{"embeddable":true,"href":"https:\/\/www.homewatch.es\/es\/wp-json\/wp\/v2\/comments?post=4114"}],"version-history":[{"count":0,"href":"https:\/\/www.homewatch.es\/es\/wp-json\/wp\/v2\/posts\/4114\/revisions"}],"wp:featuredmedia":[{"embeddable":true,"href":"https:\/\/www.homewatch.es\/es\/wp-json\/wp\/v2\/media\/4293"}],"wp:attachment":[{"href":"https:\/\/www.homewatch.es\/es\/wp-json\/wp\/v2\/media?parent=4114"}],"wp:term":[{"taxonomy":"category","embeddable":true,"href":"https:\/\/www.homewatch.es\/es\/wp-json\/wp\/v2\/categories?post=4114"},{"taxonomy":"post_tag","embeddable":true,"href":"https:\/\/www.homewatch.es\/es\/wp-json\/wp\/v2\/tags?post=4114"}],"curies":[{"name":"wp","href":"https:\/\/api.w.org\/{rel}","templated":true}]}}