{"id":3844,"date":"2023-10-27T12:57:27","date_gmt":"2023-10-27T10:57:27","guid":{"rendered":"https:\/\/www.homewatch.es\/?p=3844"},"modified":"2024-03-06T14:04:57","modified_gmt":"2024-03-06T13:04:57","slug":"marbella-marbella-este-costabella","status":"publish","type":"post","link":"https:\/\/www.homewatch.es\/es\/3844-marbella-marbella-este-costabella","title":{"rendered":"Marbella Este, Costabella"},"content":{"rendered":"\n<p class=\"has-medium-font-size\">Cuando se piensa en Marbella, lo primero que viene a la mente son lujosas villas, yates relucientes y tiendas de alta gama. Sin embargo, hay un rinc\u00f3n en Marbella donde la aut\u00e9ntica esencia de la Costa del Sol brilla con luz propia: <strong>Costabella<\/strong>. Este oasis de tranquilidad, con su arena dorada y aguas azul turquesa, ofrece un retiro id\u00edlico lejos del ajetreo tur\u00edstico. Si est\u00e1 dispuesto a descubrir una Marbella m\u00e1s \u00edntima y genuina, siga leyendo. <\/p><div id=\"ez-toc-container\" class=\"ez-toc-v2_0_82_2 counter-hierarchy ez-toc-counter ez-toc-custom ez-toc-container-direction\">\n<div class=\"ez-toc-title-container\">\n<p class=\"ez-toc-title\" style=\"cursor:inherit\">Table of Contents<\/p>\n<span class=\"ez-toc-title-toggle\"><a href=\"#\" class=\"ez-toc-pull-right ez-toc-btn ez-toc-btn-xs ez-toc-btn-default ez-toc-toggle\" aria-label=\"Alternar tabla de contenidos\"><span class=\"ez-toc-js-icon-con\"><span class=\"\"><span class=\"eztoc-hide\" style=\"display:none;\">Toggle<\/span><span class=\"ez-toc-icon-toggle-span\"><svg style=\"fill: #0a0a0a;color:#0a0a0a\" xmlns=\"http:\/\/www.w3.org\/2000\/svg\" class=\"list-377408\" width=\"20px\" height=\"20px\" viewBox=\"0 0 24 24\" fill=\"none\"><path d=\"M6 6H4v2h2V6zm14 0H8v2h12V6zM4 11h2v2H4v-2zm16 0H8v2h12v-2zM4 16h2v2H4v-2zm16 0H8v2h12v-2z\" fill=\"currentColor\"><\/path><\/svg><svg style=\"fill: #0a0a0a;color:#0a0a0a\" class=\"arrow-unsorted-368013\" xmlns=\"http:\/\/www.w3.org\/2000\/svg\" width=\"10px\" height=\"10px\" viewBox=\"0 0 24 24\" version=\"1.2\" baseProfile=\"tiny\"><path d=\"M18.2 9.3l-6.2-6.3-6.2 6.3c-.2.2-.3.4-.3.7s.1.5.3.7c.2.2.4.3.7.3h11c.3 0 .5-.1.7-.3.2-.2.3-.5.3-.7s-.1-.5-.3-.7zM5.8 14.7l6.2 6.3 6.2-6.3c.2-.2.3-.5.3-.7s-.1-.5-.3-.7c-.2-.2-.4-.3-.7-.3h-11c-.3 0-.5.1-.7.3-.2.2-.3.5-.3.7s.1.5.3.7z\"\/><\/svg><\/span><\/span><\/span><\/a><\/span><\/div>\n<nav><ul class='ez-toc-list ez-toc-list-level-1 ' ><li class='ez-toc-page-1 ez-toc-heading-level-2'><a class=\"ez-toc-link ez-toc-heading-1\" href=\"https:\/\/www.homewatch.es\/es\/3844-marbella-marbella-este-costabella\/#Nos_ubicamos_%C2%BFdonde_esta_Costabella\" >Nos ubicamos, \u00bfd\u00f3nde est\u00e1 Costabella?<\/a><\/li><li class='ez-toc-page-1 ez-toc-heading-level-2'><a class=\"ez-toc-link ez-toc-heading-2\" href=\"https:\/\/www.homewatch.es\/es\/3844-marbella-marbella-este-costabella\/#Una_urbanizacion_con_una_historia_que_contar_y_por_vivir\" >Una urbanizaci\u00f3n con una historia que contar y por vivir<\/a><\/li><li class='ez-toc-page-1 ez-toc-heading-level-2'><a class=\"ez-toc-link ez-toc-heading-3\" href=\"https:\/\/www.homewatch.es\/es\/3844-marbella-marbella-este-costabella\/#%C2%BFPor_que_elegir_Costabella_Sus_principales_atractivos\" >\u00bfPor qu\u00e9 elegir Costabella? Sus principales atractivos<\/a><\/li><li class='ez-toc-page-1 ez-toc-heading-level-2'><a class=\"ez-toc-link ez-toc-heading-4\" href=\"https:\/\/www.homewatch.es\/es\/3844-marbella-marbella-este-costabella\/#Donde_el_deporte_y_el_confort_se_dan_la_mano\" >Donde el deporte y el confort se dan la mano<\/a><\/li><li class='ez-toc-page-1 ez-toc-heading-level-2'><a class=\"ez-toc-link ez-toc-heading-5\" href=\"https:\/\/www.homewatch.es\/es\/3844-marbella-marbella-este-costabella\/#Costabella_se_lo_pone_facil_los_utiles_mas_accesibles\" >Costabella se lo pone f\u00e1cil: los \u00fatiles m\u00e1s accesibles<\/a><\/li><li class='ez-toc-page-1 ez-toc-heading-level-2'><a class=\"ez-toc-link ez-toc-heading-6\" href=\"https:\/\/www.homewatch.es\/es\/3844-marbella-marbella-este-costabella\/#Ninos_felices_igual_a_familia_feliz\" >Ni\u00f1os felices igual a familia feliz<\/a><\/li><li class='ez-toc-page-1 ez-toc-heading-level-2'><a class=\"ez-toc-link ez-toc-heading-7\" href=\"https:\/\/www.homewatch.es\/es\/3844-marbella-marbella-este-costabella\/#Envio_a_domicilio_para_que_no_se_mueva_y_tan_solo_disfrute\" >Env\u00edo a domicilio, para que no se mueva y tan solo disfrute<\/a><\/li><li class='ez-toc-page-1 ez-toc-heading-level-2'><a class=\"ez-toc-link ez-toc-heading-8\" href=\"https:\/\/www.homewatch.es\/es\/3844-marbella-marbella-este-costabella\/#Que_el_transporte_no_sea_un_problema\" >Que el transporte no sea un problema<\/a><\/li><li class='ez-toc-page-1 ez-toc-heading-level-2'><a class=\"ez-toc-link ez-toc-heading-9\" href=\"https:\/\/www.homewatch.es\/es\/3844-marbella-marbella-este-costabella\/#Mas_alla_de_Costabella_Marbella_Este\" >M\u00e1s all\u00e1 de Costabella: Marbella Este<\/a><\/li><li class='ez-toc-page-1 ez-toc-heading-level-2'><a class=\"ez-toc-link ez-toc-heading-10\" href=\"https:\/\/www.homewatch.es\/es\/3844-marbella-marbella-este-costabella\/#Mas_alla_de_Marbella_Este_Marbella_Centro_Marbella_Casco_Historico_y_Puerto_Banus\" >M\u00e1s all\u00e1 de Marbella Este: Marbella Centro, Marbella Casco Hist\u00f3rico y Puerto Ban\u00fas<\/a><\/li><li class='ez-toc-page-1 ez-toc-heading-level-2'><a class=\"ez-toc-link ez-toc-heading-11\" href=\"https:\/\/www.homewatch.es\/es\/3844-marbella-marbella-este-costabella\/#Un_lugar_donde_ser\" >Un lugar donde ser<\/a><\/li><li class='ez-toc-page-1 ez-toc-heading-level-2'><a class=\"ez-toc-link ez-toc-heading-12\" href=\"https:\/\/www.homewatch.es\/es\/3844-marbella-marbella-este-costabella\/#Propiedades_en_alquiler_en_Costabella_Marbella_Este_Todas_las_propiedades_en_alquiler_Marbella_Marbella_Este_Costabella\" >Propiedades en alquiler en Costabella, Marbella Este\n\t\t\t\t\t\t\t\t\t\t\t\t\t\t\t\tTodas las propiedades en alquiler \/ Marbella \/ Marbella Este \/ Costabella<\/a><\/li><\/ul><\/nav><\/div>\n\n\n\n\n<figure class=\"position-relative my-5\"><a class=\"position-relative\" href=\"https:\/\/youtu.be\/G5j_9gB4k7A\" data-fancybox=\"video\" target=\"_blank\" rel=\"noopener\"><svg class=\"position-absolute top-50 start-50 translate-middle\" width=\"80\" fill=\"#fff\" viewBox=\"0 0 512 512\"><use href=\"https:\/\/www.homewatch.es\/wp-content\/themes\/inmobasolidbase\/dist\/src\/images\/icons.svg#svgPlay\"><\/use><\/svg><picture><source width=\"1920\" srcset=\"https:\/\/media.inmobalia.com\/imgV1\/B98Le8~d7M9k3Degnasou4SeXs2jeTR_PiwwSeLqOqIC4907UpvQnFtJljAkioC7kuEr6Z~ulrAsl79hYMCSafGIPd0QC45Pq8T9cZl7GPlm25~1vijWmykITB0-.jpg 1920w\" type=\"image\/webp\"><img decoding=\"async\" class=\"img-fluid d-block w-100 my-4\" alt=\"Marbella Este, Costabella\" width=\"1920\" src=\"https:\/\/media.inmobalia.com\/imgV1\/B98Le8~d7M9k3DegigWijpPHfi0CkGBxNjyvwawbHYBfRTOjZB3vLkbI1XjyP3_iHd1OuyyNN30PNEbUT8XtgF7N8hTWgnO3r4ny7Q--.jpg\"><\/picture><\/a><script type=\"application\/ld+json\">\n\t\t\t{\n\t\t\t\t\"@context\": \"https:\/\/schema.org\",\n\t\t\t\t\"@type\": \"VideoObject\",\n\t\t\t\t\"name\": \"Marbella Este, Costabella\",\n\t\t\t\t\"description\": \"Cuando se piensa en Marbella, lo primero que viene a la mente son lujosas villas, yates relucientes y tiendas de...\",\n\t\t\t\t\"thumbnailUrl\": \"https:\/\/img.youtube.com\/vi\/G5j_9gB4k7A\/maxresdefault.jpg\",\n\t\t\t\t\"uploadDate\": \"2023-10-27T12:57:27+0200\", \"embedUrl\": \"https:\/\/youtu.be\/G5j_9gB4k7A\"\t\t\t\n\t\t\t}\n\t\t\t<\/script><\/figure>\n\n\n<ul class=\"list-unstyled p-4 pb-5 border border-light\"><li class=\"text-black text-uppercase fw-bold mb-3\">\u00cdndice<\/li><li><a href=\"#nos+ubicamos+donde+esta+costabella\">Nos ubicamos, \u00bfd\u00f3nde est\u00e1 Costabella?<\/a><\/li>\n<li><a href=\"#una+urbanizacion+con+una+historia+que+contar+y+por+vivir\">Una urbanizaci\u00f3n con una historia que contar y por vivir<\/a><\/li>\n<li><a href=\"#por+que+elegir+costabella+sus+principales+atractivos\">\u00bfPor qu\u00e9 elegir Costabella? Sus principales atractivos<\/a><\/li>\n<li><a href=\"#donde+el+deporte+y+el+confort+se+dan+la+mano\">Donde el deporte y el confort se dan la mano<\/a><\/li>\n<li><a href=\"#costabella+se+lo+pone+facil+los+utiles+mas+accesibles\">Costabella se lo pone f\u00e1cil: los \u00fatiles m\u00e1s accesibles<\/a><\/li>\n<li><a href=\"#ninos+felices+igual+a+familia+feliz\">Ni\u00f1os felices igual a familia feliz<\/a><\/li>\n<li><a href=\"#envio+a+domicilio+para+que+no+se+mueva+y+tan+solo+disfrute\">Env\u00edo a domicilio, para que no se mueva y tan solo disfrute<\/a><\/li>\n<li><a href=\"#que+el+transporte+no+sea+un+problema\">Que el transporte no sea un problema<\/a><\/li>\n<li><a href=\"#mas+alla+de+costabella+marbella+este\">M\u00e1s all\u00e1 de Costabella: Marbella Este<\/a><\/li>\n<li><a href=\"#mas+alla+de+marbella+este+marbella+centro+marbella+casco+historico+y+puerto+banus\">M\u00e1s all\u00e1 de Marbella Este: Marbella Centro, Marbella Casco Hist\u00f3rico y Puerto Ban\u00fas<\/a><\/li>\n<li><a href=\"#un+lugar+donde+ser\">Un lugar donde ser<\/a><\/li><\/ul>\n\n\n\n<h2 class=\"wp-block-heading\"><span class=\"ez-toc-section\" id=\"Nos_ubicamos_%C2%BFdonde_esta_Costabella\"><\/span><strong>Nos ubicamos, \u00bfd\u00f3nde est\u00e1 Costabella?<\/strong><span class=\"ez-toc-section-end\"><\/span><\/h2>\n\n\n\n<p class=\"undefined\">Marbella, uno de los nombres m\u00e1s ic\u00f3nicos de la Costa del Sol, no solo brilla por su reconocida reputaci\u00f3n de lujo y elegancia, sino tambi\u00e9n por ser una de las ciudades m\u00e1s emblem\u00e1ticas de esta preciada franja costera. Junto a Marbella, en la Costa del Sol y ba\u00f1ada por el c\u00e1lido mar Mediterr\u00e1neo, se encuentran otros destinos encantadores como Mijas, Benahav\u00eds, Ist\u00e1n, Estepona, Oj\u00e9n y, la capital, M\u00e1laga. Pero, entre todas estas joyas, Marbella resplandece con un brillo especial y \u00fanico. <\/p>\n\n\n\n<p class=\"undefined\">Es en este escenario glamuroso, de la ciudad de Marbella, es donde surge <strong>Marbella Este<\/strong>, una zona distinguida que alberga, a su vez, no solo una, sino varias subzonas que capturan la esencia del lujo y la exclusividad: <strong>Costabella<\/strong>, Bah\u00eda de Marbella, Elviria, Los Monteros o Cabopino son solo algunas de ellas. <\/p>\n\n\n\n<p class=\"undefined\">Pero, centr\u00e1ndonos en <strong>Costabella<\/strong>, esta no es solo una direcci\u00f3n, es un destino ideal. Enclavada en el tramo oriental de Marbella, esta urbanizaci\u00f3n est\u00e1 estrat\u00e9gicamente situada cerca de las playas de arena dorada que caracterizan este segmento de la costa, como la propia playa de <strong>Costabella<\/strong>. Con el azul intenso del mar Mediterr\u00e1neo a su frente y la majestuosa monta\u00f1a andaluza de La Concha como tel\u00f3n de fondo, <strong>Costabella<\/strong> ofrece una ubicaci\u00f3n simplemente insuperable para sus vacaciones. <\/p>\n\n\n\n<figure class=\"wp-caption aligncenter\">\n<picture><source width=\"1480\" srcset=\"https:\/\/media.inmobalia.com\/imgV1\/B98Le8~d7M9pwOKhCJcJLIfglZOtvyX13f98gUEkry2AXpxxwVVUW6beaB1CbHQXGOhTMxPEWoq2vSWoPxT0dWUFVpFov6NwmlNzq3qwzpnpHLdM7rElqeCih3MNxSrZ0e9sSC2qKzzG1TOC.jpg 1480w\" type=\"image\/webp\"><img decoding=\"async\" class=\"img-fluid \" width=\"1480\" src=\"https:\/\/media.inmobalia.com\/imgV1\/B98Le8~d7M9pwOKhH98twCJY8~z6ePCZX6v4ZFfOvduhBdeVCpC563TEl9~Gba~ZsCNLt5CSrqfb7qaISBEVv0QdM3Qn_hKWwGw8Uvsp9aueaTYtFsNvoWCpRpQ-.jpg\"><\/picture>\n<figcaption class=\"wp-caption-text\"><\/figcaption>\n<\/figure>\n\n\n\n<p class=\"undefined\"><strong>Costabella<\/strong> se despliega a lo largo de la A-7, la arteria que serpentea porla Costa del Sol. Esta v\u00eda no solo ofrece un tr\u00e1nsito fluido hacia el aeropuerto de M\u00e1laga, sino que se convierte en la principal conexi\u00f3n con el entramado costero. No lejos de all\u00ed, la AP-7 emerge como una opci\u00f3n para quienes buscan un trayecto alternativo, arrancando su recorrido despu\u00e9s de la zona de El Rosario. Ambas rutas, A-7 y AP-7, tejen un puente entre el interior de Espa\u00f1a y sus costas, facilitando el acceso a aeropuertos estrat\u00e9gicos como el de M\u00e1laga y Gibraltar.<\/p>\n\n\n\n<p class=\"undefined\">Aunque, en el caso de que venga de este \u00faltimo, tambi\u00e9n tendr\u00e1 la opci\u00f3n de recorrer otra carretera para llegar a <strong>Costabella<\/strong>: la carretera N-340, la cual cruza por Marbella, eso si, le recomendamos la primera opci\u00f3n, ya que con ella llegar\u00e1, de una manera m\u00e1s rapida, a su destino. <\/p>\n\n\n\n<p class=\"undefined\">Distancias, desde <strong>Costabella<\/strong>, a otros lugares de inter\u00e9s en<strong> Marbella Este<\/strong>, en Marbella y en la Costa del Sol:<\/p>\n\n\n\n<ul class=\"wp-block-list\">\n<li>El Rosario - a 2,2 km, 5 min en coche por Av. del Rosario <\/li>\n\n\n\n<li>Los Monteros - a 2,7 km, 6 min en coche por A-7<\/li>\n\n\n\n<li>Bah\u00eda de Marbella - a 3,2 km, 5 min en coche por A-7<\/li>\n\n\n\n<li>Cerrado de Elviria - a 3,5 km, 6 min en coche por A-7, y 25 min en autob\u00fas, l\u00ednea 6<\/li>\n\n\n\n<li>Marbesa - a 5,9 km, 7 min en coche por A-7<\/li>\n\n\n\n<li>Cabopino - a 6,8 km, 9 min en coche por A-7<\/li>\n\n\n\n<li>R\u00edo Real Golf - a 7,0 km, 10 min en coche por A-7<\/li>\n\n\n\n<li>Marbella Centro - a 7,4 km, 10 min en coche por A-7<\/li>\n\n\n\n<li>La Mairena - a 8,7 km, 12 min en coche por A-7 y Av de Espa\u00f1a<\/li>\n\n\n\n<li>Marbella Casco Hist\u00f3rico - a 10,9 km, entre 14 y 20 min en coche por A-7<\/li>\n\n\n\n<li>Nag\u00fceles -  a 13,5 km, entre 14 y 20 min en coche por A-7 <\/li>\n\n\n\n<li>Nueva Andaluc\u00eda - a 16,9 km, entre 14 y 20 min en coche por A-7 y AP-7<\/li>\n\n\n\n<li>Puerto Ban\u00fas - a 17,8 km, 17 min en coche por A-7 y AP-7<\/li>\n\n\n\n<li>Golden Mile - a 18,0 km, 18 min en coche por A-7 y AP-7<\/li>\n<\/ul>\n\n\n\n<h2 class=\"wp-block-heading\"><span class=\"ez-toc-section\" id=\"Una_urbanizacion_con_una_historia_que_contar_y_por_vivir\"><\/span><strong>Una urbanizaci\u00f3n con una historia que contar y por vivir<\/strong><span class=\"ez-toc-section-end\"><\/span><\/h2>\n\n\n\n<p class=\"undefined\"><strong>Costabella<\/strong>, un para\u00edso escondido en <strong>Marbella Este<\/strong>, comenz\u00f3 a forjar su identidad durante la d\u00e9cada de los 80. Inspirado en la esencia mediterr\u00e1nea, las primeras villas y residencias de lujo comenzaron a perfilarse en su paisaje. Fue en los a\u00f1os 90 cuando su popularidad y crecimiento realmente despegaron. El visionario promotor Luis Garc\u00eda fue el art\u00edfice de las avenidas bordeadas de palmeras que le daban a <strong>Costabella<\/strong> ese aire exclusivo, y tambi\u00e9n de esas casas que combinan el dise\u00f1o moderno con el tradicional encanto andaluz, que siguen capturando corazones hasta el d\u00eda de hoy.<\/p>\n\n\n\n<p class=\"undefined\">Pero esto es solo el comienzo de la historia de <strong>Costabella<\/strong>. En los \u00faltimos a\u00f1os la urbanizaci\u00f3n ha visto una renovada ola de inter\u00e9s y desarrollo. Entre los proyectos m\u00e1s destacados, que est\u00e1n marcando el futuro de la zona, destacamos el proyecto residencial <strong>Dunique Marbella<\/strong>, que cuenta ya con villas, apartamentos y chalets en otras zonas de Marbella como el barrio residencial de las Chapas. <\/p>\n\n\n\n<p class=\"undefined\">Este proyecto no solo se define por su dise\u00f1o contempor\u00e1neo y vanguardista, sino tambi\u00e9n por sus espaciosos interiores, jardines paisaj\u00edsticos y piscinas infinitas que ofrecen vistas panor\u00e1micas al mar Mediterr\u00e1neo. <\/p>\n\n\n\n<p class=\"undefined\">Adem\u00e1s, <strong>Dunique Marbella<\/strong> incluye tecnolog\u00edas inteligentes de hogar, acabados de alta calidad y sistemas de seguridad de \u00faltima generaci\u00f3n. La arquitectura de sus propiedades, que fusiona lo moderno con el ambiente costero de Marbella, junto con amenidades de primer nivel, disponibles en su <em>social club<\/em>, al cual tienen acceso todos y cada uno de sus residentes, como un gimnasio de \u00faltima tecnolog\u00eda, spa, zonas de coworking, terrazas con piscinas tipo \u00abinfinity\u00bb y zonas chill-out, hacen de <strong>Dunique Marbella<\/strong> una propuesta inigualable para aquellos que buscan una vida de opulencia en el coraz\u00f3n de la Costa del Sol.<\/p>\n\n\n\n<p class=\"undefined\">Sin duda, <strong>Costabella<\/strong> no solo es un reflejo del pasado lujoso de Marbella, sino tambi\u00e9n del prometedor futuro que le espera, en definitiva, se trata de una subzona con mucha historia por contar y otra mucha aun vivir.&nbsp;<\/p>\n\n\n\n<h2 class=\"wp-block-heading\"><span class=\"ez-toc-section\" id=\"%C2%BFPor_que_elegir_Costabella_Sus_principales_atractivos\"><\/span><strong>\u00bfPor qu\u00e9 elegir Costabella? Sus principales atractivos<\/strong><span class=\"ez-toc-section-end\"><\/span><\/h2>\n\n\n\n<p class=\"undefined\">En el coraz\u00f3n de la Costa del Sol, <strong>Costabella<\/strong> se presenta como un refugio donde el lujo, la tranquilidad y la recreaci\u00f3n se dan la mano, consiguiendo la fusi\u00f3n perfecta. Pero, m\u00e1s all\u00e1 de sus playas, esta zona es un para\u00edso para los amantes del deporte, con sus campos de golf de primer nivel y modernos gimnasios. A ello se suma una vibrante escena gastron\u00f3mica, compuesta por chiringuitos, restaurantes y cafeter\u00edas. Sum\u00e9rgete, con nosotros, en la esencia de <strong>Costabella<\/strong> y descubre sus principales atractivos, \u00a1se los contamos!<\/p>\n\n\n\n<h3 class=\"wp-block-heading\"><strong>La playa m\u00e1s bella y el para\u00edso de los beach clubs<\/strong><\/h3>\n\n\n\n<p class=\"undefined\">Cuando le hablamos de la Playa de <strong>Costabella<\/strong> (a 750 m, 9 min a p\u00ede, desde su propiedad) no le hablamos de una playa cualquiera. Es su belleza inigualable y sus m\u00faltiples chiringuitos lo que la convierten en una de las joyas playeras de la Costa del Sol; y es que, si esta zona se conoce como costa-bella es por varias razones, y la belleza de su playa podr\u00eda ser perfectamente una de ellas.&nbsp;<\/p>\n\n\n\n<figure class=\"wp-caption aligncenter is-resized\">\n<picture><source width=\"1480\" srcset=\"https:\/\/media.inmobalia.com\/imgV1\/B98Le8~d7M9pwOKhCJcJLIfglZOtvyX13f98gUEkry2AXpxxwVVUW6beaB1CbHQXGOhTMxPEWoq2vSWoPxT0dWUFVpFov6NwmlNzq3qwzpnpHLdM7rElqf2xujh7v7WG2V~oYK6YymNjpfeu9QHP.jpg 1480w\" type=\"image\/webp\"><img decoding=\"async\" class=\"img-fluid aligncenter is-resized\" width=\"1480\" src=\"https:\/\/media.inmobalia.com\/imgV1\/B98Le8~d7M9pwOKhH98twCJY8~z6ePCZX6v4ZFfOvduhBdeVCpC563TEl9~Gba~ZsCNLt5CSrqfb7qaISBEVv0QdM3Qn_hKW3bhbBgEi_l_eDWaFKARTIBC1mdkdQfY-.jpg\"><\/picture>\n<figcaption class=\"wp-caption-text\"><\/figcaption>\n<\/figure>\n\n\n\n<h4 class=\"wp-block-heading\"><a href=\"https:\/\/dunebeachmarbella.com\/es\/inicio\/\" target=\"_blank\" rel=\"noopener\">Dune Beach Marbella<\/a><\/h4>\n\n\n\n<p class=\"undefined\">Imag\u00ednelo: relaj\u00e1ndose con un refrescante c\u00f3ctel en mano, mientras la brisa marina acaricia su rostro desde una exclusiva terraza. Sus tumbonas, las cuales se recomiendan <a href=\"https:\/\/dunebeachmarbella.com\/es\/reservas\/\" target=\"_blank\" rel=\"noopener\">reservar<\/a> con anticipaci\u00f3n, pues suelen estar llenas, sobre todo en temporada alta, se complementan con un ambiente relajado pero sofisticado, que se siente desde el momento en que cruza su entrada y oye la m\u00fasica en off que resuena. <\/p>\n\n\n\n<p class=\"undefined\">Por supuesto, su <a href=\"https:\/\/dunebeachmarbella.com\/wp-content\/uploads\/2023\/08\/Dune-Menu-30.07-.pdf\" target=\"_blank\" rel=\"noopener\">men\u00fa<\/a> es esencial: platos elaborados y diferentes, con los ingredientes m\u00e1s frescos, y servidos por parte de un personal atento, amable y veloz, de ah\u00ed que el mantra de este restaurante de playa, operado por los creadores del renombrado Ocean Club Marbella, sea: \"Descubre la combinaci\u00f3n perfecta entre un <em>beach club<\/em> y una experiencia gastron\u00f3mica exclusiva\". Adem\u00e1s, su terraza acristalada garantiza que, independientemente del clima, las impresionantes vistas al mar de la playa de <strong>Costabella<\/strong> siempre est\u00e9n presentes.<\/p>\n\n\n\n<figure class=\"wp-caption aligncenter\">\n<picture><source width=\"1480\" srcset=\"https:\/\/media.inmobalia.com\/imgV1\/B98Le8~d7M9pwOKhCJcJLIfglZOtvyX13f98gUEkry2AXpxxwVVUW6beaB1CbHQXGOhTMxPEWoq2vSWoPxT0dWUFVpFov6NwmlNzq3qwzpnpHLdM7rElqemoY7wGnCHfYCWM~3pVr6wGDzx6qq7Mm9A-.jpg 1480w\" type=\"image\/webp\"><img decoding=\"async\" class=\"img-fluid \" width=\"1480\" src=\"https:\/\/media.inmobalia.com\/imgV1\/B98Le8~d7M9pwOKhH98twCJY8~z6ePCZX6v4ZFfOvduhBdeVCpC563TEl9~Gba~ZsCNLt5CSrqfb7qaISBEVv0QdM3Qn_hKWyYbYCOzLwCWutMoGcJcHC0QmAE4iJnCiYw--.jpg\"><\/picture>\n<figcaption class=\"wp-caption-text\"><\/figcaption>\n<\/figure>\n\n\n\n<ul class=\"wp-block-list\">\n<li>PRECIO: 20-40&nbsp;\u20ac, por persona<\/li>\n\n\n\n<li>HORARIO: Todos los d\u00edas, de 11:00 a 19:00. <\/li>\n\n\n\n<li><a href=\"https:\/\/www.google.com\/maps\/place\/Dune+Beach+Marbella\/@36.4986449,-4.8118783,17z\/data=!4m6!3m5!1s0xd7327bb507b8631:0x1c4877b18e1a7290!8m2!3d36.4986449!4d-4.8118783!16s%2Fg%2F11v00bsc2w?entry=ttu\" target=\"_blank\" rel=\"noopener\">DIRECCI\u00d3N<\/a>: Av. Cervantes, S\/N, 29604 Marbella, M\u00e1laga;  a 750 m, desde la propiedad, 10 min a pie<\/li>\n\n\n\n<li>ENTREGA: No hay ni entrega a domicilio ni para llevar<\/li>\n\n\n\n<li>TEL\u00c9FONO: 951 61 52 13<\/li>\n<\/ul>\n\n\n\n<h4 class=\"wp-block-heading\">Chiringuito El Chiri Marbella<\/h4>\n\n\n\n<p class=\"undefined\">Entra en un espacio donde los sonidos del Mediterr\u00e1neo se fusionan con risas y conversaciones animadas. La esencia de Marbella se refleja en cada plato que sirven, desde sus deliciosos pescados, de todo tipo: desde pulpo, el cual le recomendamos, hasta marisco, sardinas o mejillones, hasta sus tradicionales paellas que evocan la aut\u00e9ntica cocina andaluza, y de postre, nuestra especial recomendaci\u00f3n: su tarta de zanahoria, \u00a1y todo ello a un precio asequible! Y mientras se deleita con estas exquisiteces, la cordialidad del personal le har\u00e1 sentir como en casa, siempre atentos a cada detalle. Pero El Chiri, en <strong>Costabella<\/strong>, no es solo su comida: es toda una experiencia cultural en un entorno cercano y familiar, con m\u00fasica de fondo, a partir de las 17:00, porque s\u00ed, adem\u00e1s de su <a href=\"https:\/\/traemelacarta.com\/elchirimarbella\/\" target=\"_blank\" rel=\"noopener\">men\u00fa<\/a> gastron\u00f3mico tambi\u00e9n sirven copas y c\u00f3cteles, por si quiere alargar su visita tras la comida. <\/p>\n\n\n\n<ul class=\"wp-block-list\">\n<li>PRECIO: 10-50&nbsp;\u20ac, por persona<\/li>\n\n\n\n<li>HORARIO: De martes a domingo, de 12:00 a 22:00; lunes cerrado. <\/li>\n\n\n\n<li><a href=\"https:\/\/www.google.com\/maps\/place\/Chiringuito+El+Chiri+Marbella\/@36.4966828,-4.8041153,17z\/data=!4m6!3m5!1s0xd7320b14a0737b9:0x5db960b1aa312bd9!8m2!3d36.4966828!4d-4.8041153!16s%2Fg%2F11bvt421bx?entry=ttu\" target=\"_blank\" rel=\"noopener\">DIRECCI\u00d3N<\/a>: Av. Andasol, s\/n, 29604 Marbella, M\u00e1laga; a 700 m desde la propiedad, 9 min a pie<\/li>\n\n\n\n<li>ENTREGA: No hay entrega a domicilio, pero si para llevar<\/li>\n\n\n\n<li>TEL\u00c9FONO: 952 83 75 86<\/li>\n<\/ul>\n\n\n\n<h4 class=\"wp-block-heading\"><a href=\"https:\/\/chiringuitolasflores.es\/\" target=\"_blank\" rel=\"noopener\">Restaurante Las Flores<\/a> <\/h4>\n\n\n\n<p class=\"undefined\">Su decoraci\u00f3n, con toques florales, manteles cl\u00e1sicos en las mesas y una atm\u00f3sfera c\u00e1lida, representa el estilo m\u00e1s puro de lo que supone un restaurante andaluz. La <a href=\"https:\/\/chiringuitolasflores.es\/menus-las-flores\/#eluid0efaa466\" target=\"_blank\" rel=\"noopener\">carta<\/a> es un reflejo de la pasi\u00f3n por la cocina mediterr\u00e1nea, con una delicada mezcla de sabores locales e ingredientes de calidad, adem\u00e1s de unas raciones generosas y que, si le gusta el pescado o los arroces, \u00a1le encantar\u00e1!, pues siempre tiene disponible alg\u00fan plato con estos en su men\u00fa. Ya sea para una cena rom\u00e1ntica a la luz de las velas o una celebraci\u00f3n especial con seres queridos, el Restaurante Las Flores promete una experiencia que le recordar\u00e1 en todo momento que se encuentra en Andaluc\u00eda. <\/p>\n\n\n\n<ul class=\"wp-block-list\">\n<li>PRECIO: 8-28&nbsp;\u20ac, por persona <\/li>\n\n\n\n<li>HORARIO: De martes a domingo, de 12:00 a 22:00. <\/li>\n\n\n\n<li><a href=\"https:\/\/www.google.com\/maps\/place\/Restaurante+Las+Flores\/@36.4987378,-4.8130414,17z\/data=!4m6!3m5!1s0xd73274cfedb93d1:0x3ff3f1ae18e163!8m2!3d36.4987378!4d-4.8130414!16s%2Fg%2F1tj7xr44?entry=ttu\" target=\"_blank\" rel=\"noopener\">DIRECCI\u00d3N<\/a>: Av. Playas Andaluzas, 1, 29604 Marbella, M\u00e1laga; a 1,0 km desde la propiedad, 14 min a pie<\/li>\n\n\n\n<li>ENTREGA: No hay entrega a domicilio, pero si para llevar <\/li>\n\n\n\n<li>TEL\u00c9FONO: 952 83 22 38<\/li>\n<\/ul>\n\n\n\n<h4 class=\"wp-block-heading\"><a href=\"https:\/\/es.bonobeachmarbella.com\/\" target=\"_blank\" rel=\"noopener\">Bono Beach Marbella<\/a><\/h4>\n\n\n\n<p class=\"undefined\">Bono Beach Marbella, votado como el mejor club de playa por la revista LuxLife, representa un rinc\u00f3n \u00fanico donde la Playa de <strong>Costabella<\/strong> adquiere un toque especial. Al llegar uno no puede evitar notar sus bancos y mesas blancas dispuestas directamente sobre la arena de la playa, creando un ambiente donde el lujo se fusiona con lo natural, permiti\u00e9ndole sentir la suavidad de la arena bajo sus pies mientras disfruta de su comida. Imag\u00edneselo: la brisa fresca del mar acariciando su piel, y frente a usted, un <a href=\"https:\/\/es.bonobeachmarbella.com\/_files\/ugd\/decd00_187a92231657464b95d22844d91597f1.pdf\" target=\"_blank\" rel=\"noopener\">men\u00fa<\/a> que invita al placer culinario con una variedad de platos de cocina internacional, complementados con una selecci\u00f3n de c\u00f3cteles refrescantes que son el acompa\u00f1ante perfecto. Deguste su amplia variedad de mariscos y, por supuesto, no deje de probar su aclamado rissotto de trufa, \u00a1nuestro plato favorito de la carta!, una aut\u00e9ntica delicia para el paladar. Todo ello en un lugar relajado, \u00a1y reci\u00e9n reformado!, que invita a prolongar la estancia y sumergirse en la esencia de Marbella. Le recomendamos <a href=\"https:\/\/www.google.com\/maps\/reserve\/v\/dine\/c\/fWAPzcKu6Sw?source=pa&amp;hl=es-ES&amp;gei=Cys5ZaigMJaZkdUPkZyS8AM&amp;sourceurl=https:\/\/www.google.com\/search?q%3Dbono%2Bbeach%2Bmabrell%25C3%25B1a%26rlz%3D1C5CHFA_enES1056ES1057%26oq%3Dbono%2Bbeach%2Bmabrell%25C3%25B1a%26gs_lcrp%3DEgZjaHJvbWUyBggAEEUYOTIPCAEQLhgNGK8BGMcBGIAEMgkIAhAAGA0YgAQyCQgDEAAYDRiABDIICAQQABgNGB4yCAgFEAAYDRgeMggIBhAAGA0YHjIICAcQABgNGB4yCggIEAAYBRgNGB7SAQgyNTYzajBqN6gCALACAA%26sourceid%3Dchrome%26ie%3DUTF-8\" target=\"_blank\" rel=\"noopener\">reservar mesa<\/a>. <\/p>\n\n\n\n<figure class=\"wp-caption aligncenter\">\n<picture><source width=\"1480\" srcset=\"https:\/\/media.inmobalia.com\/imgV1\/B98Le8~d7M9pwOKhCJcJLIfglZOtvyX13f98gUEkry2AXpxxwVVUW6beaB1CbHQXGOhTMxPEWoq2vSWoPxT0dWUFVpFov6NwmlNzq3qwzpnpHLdM7rElqe83L8ibtJPdAvrib7~MpTNdTO4OxSRp.jpg 1480w\" type=\"image\/webp\"><img decoding=\"async\" class=\"img-fluid \" width=\"1480\" src=\"https:\/\/media.inmobalia.com\/imgV1\/B98Le8~d7M9pwOKhH98twCJY8~z6ePCZX6v4ZFfOvduhBdeVCpC563TEl9~Gba~ZsCNLt5CSrqfb7qaISBEVv0QdM3Qn_hKWz3ngxxsdGdefuNxWw1B37BfHRZfSlkU-.jpg\"><\/picture>\n<figcaption class=\"wp-caption-text\"><\/figcaption>\n<\/figure>\n\n\n\n<ul class=\"wp-block-list\">\n<li>PRECIO: 20-60&nbsp;\u20ac, por persona<\/li>\n\n\n\n<li>HORARIO: Todos los d\u00edas, de 11:00 a 18:30. <\/li>\n\n\n\n<li><a href=\"https:\/\/www.google.com\/maps\/place\/Bono+Beach+Marbella\/@36.498384,-4.810995,17z\/data=!4m6!3m5!1s0xd73274ccea69ba3:0xab4b58e73adc47df!8m2!3d36.498384!4d-4.810995!16s%2Fg%2F1tvs01_f?entry=ttu\" target=\"_blank\" rel=\"noopener\">DIRECCI\u00d3N<\/a>: Avenida Cervantes s\/n Urb. Costa Bella, 29604 Marbella, M\u00e1laga; a 650 m desde la propiedad, 9 min a pie<\/li>\n\n\n\n<li>ENTREGA: No hay entrega a domicilio, pero si para llevar<\/li>\n\n\n\n<li>TEL\u00c9FONO: 952 83 92 36<\/li>\n<\/ul>\n\n\n\n<h4 class=\"wp-block-heading\"><a href=\"https:\/\/restaurantedasergio.com\/\" target=\"_blank\" rel=\"noopener\">Restaurante Da Sergio<\/a><\/h4>\n\n\n\n<p class=\"undefined\">El Restaurante Da Sergio, tambi\u00e9n conocido como Restaurante Miguel y Mar\u00eda, en <strong>Costabella<\/strong> tiene una <a href=\"https:\/\/restaurantedasergio.com\/wp-content\/uploads\/2023\/09\/Da-Sergio-Carta-de-Comidas-Web.pdf\" target=\"_blank\" rel=\"noopener\">carta<\/a> que es un aut\u00e9ntico tributo a la fusi\u00f3n de las cocinas de dos pa\u00edses que son muy distintos pero, a la vez, muy parecidos: Italia y Espa\u00f1a, todo ello envuelto en una atm\u00f3sfera mediterr\u00e1nea c\u00e1lida y acogedora en primera l\u00ednea de playa. Desde sus arroces, carnes y pescados hasta sus pastas y pizzas cl\u00e1sicas, todos sus platos con ingredientes de calidad, con un servicio personalizado que brindan con cari\u00f1o. Y tambi\u00e9n una gran variedad de c\u00f3cteles, los cuales podr\u00e1 tomar en sus hamacas que se encuentran directamente en la arena, al igual que algunas de sus mesas. \u00a1Buen provecho! Y, en este caso, tambi\u00e9n le decimos, bon app\u00e9tit! \u00a1Ah!, y no se olvide de reservar su mesa, por tel\u00e9fono, sobre todo si viene en temporada alta, donde tiende a llenarse. <\/p>\n\n\n\n<figure class=\"wp-caption aligncenter\">\n<picture><source width=\"1480\" srcset=\"https:\/\/media.inmobalia.com\/imgV1\/B98Le8~d7M9pwOKhCJcJLIfglZOtvyX13f98gUEkry2AXpxxwVVUW6beaB1CbHQXGOhTMxPEWoq2vSWoPxT0dWUFVpFov6NwmlNzq3qwzpnpHLdM7rElqf_yAtVIKpsRRcNoF_f4T~1CaE_WCRY1ars2gQ--.jpg 1480w\" type=\"image\/webp\"><img decoding=\"async\" class=\"img-fluid \" width=\"1480\" src=\"https:\/\/media.inmobalia.com\/imgV1\/B98Le8~d7M9pwOKhH98twCJY8~z6ePCZX6v4ZFfOvduhBdeVCpC563TEl9~Gba~ZsCNLt5CSrqfb7qaISBEVv0QdM3Qn_hKW3zzGh4IPgVo6PiZRLbAL4kElqt5YEATOqCBA.jpg\"><\/picture>\n<figcaption class=\"wp-caption-text\"><\/figcaption>\n<\/figure>\n\n\n\n<ul class=\"wp-block-list\">\n<li>PRECIO: 8-38&nbsp;\u20ac, por persona<\/li>\n\n\n\n<li>HORARIO: Todos los d\u00edas, de 10:00 a 24:00. <\/li>\n\n\n\n<li><a href=\"https:\/\/www.google.com\/maps\/place\/Restaurante+Da+Sergio\/@36.4969161,-4.8050169,17z\/data=!4m6!3m5!1s0xd7320b152d72599:0x7c3f4c9bb5eaec99!8m2!3d36.4969161!4d-4.8050169!16s%2Fg%2F1q660m4r8?entry=ttu\" target=\"_blank\" rel=\"noopener\">DIRECCI\u00d3N<\/a>: Avenida Andasol, Urb. Andasol, s\/n, 29604 Playa, M\u00e1laga; a 600 m desde la propiedad, 8 min a pie<\/li>\n\n\n\n<li>ENTREGA: No hay entrega a domicilio, pero si para llevar<\/li>\n\n\n\n<li>TEL\u00c9FONO: 623 13 23 00<\/li>\n<\/ul>\n\n\n\n<h4 class=\"wp-block-heading\"><a href=\"https:\/\/www.luumabeach.com\/\" target=\"_blank\" rel=\"noopener\">Restaurante Luuma Beach Marbella<\/a><\/h4>\n\n\n\n<p class=\"undefined\">Luuma situado en la playa de Costabella, presenta a Marbella una experiencia gastron\u00f3mica \u00fanica e inesperada. Lo que diferencia a Luuma no es solo su <a href=\"https:\/\/www.luumabeach.com\/wp-content\/uploads\/2023\/09\/Food-Menu-Luuma-Autumn-2023.pdf\" target=\"_blank\" rel=\"noopener\">propuesta culinaria<\/a>, que fusiona h\u00e1bilmente los sabores asi\u00e1ticos con la rica tradici\u00f3n de la cocina andaluza, sino tambi\u00e9n su atm\u00f3sfera. Se encontrar\u00e1 en un espacio bellamente decorado, con un estilo tarife\u00f1o, con plantas, terrazas tapadas con paja, m\u00faltiples sombrillas y luces de<em> chill-out<\/em>, donde el personal, siempre cort\u00e9s y atento, tiene como principal misi\u00f3n convertir su estancia en un recuerdo imborrable. <\/p>\n\n\n\n<p class=\"undefined\">Es, sin duda, un refugio donde la excelencia y el buen gusto convergen en armon\u00eda. Y, por supuesto, le recomendamos que no deje pasar la oportunidad de degustar sus exquisitos c\u00f3cteles, entre los cuales le recomendamos su smoothie Summer Time, con fresa, mango, naranja y un distintivo toque de menta. <\/p>\n\n\n\n<ul class=\"wp-block-list\">\n<li>PRECIO: 20-40&nbsp;\u20ac, por persona<\/li>\n\n\n\n<li>HORARIO: Todos los d\u00edas, de 11:00 a 24:00. <\/li>\n\n\n\n<li><a href=\"https:\/\/www.google.com\/maps\/place\/Restaurante+Luuma+Beach+Marbella\/@36.4975635,-4.8079775,17z\/data=!4m6!3m5!1s0xd7320b39e0801fb:0x22e1fdec558a5fcf!8m2!3d36.4975635!4d-4.8079775!16s%2Fg%2F11b8v9t_dp?entry=ttu\" target=\"_blank\" rel=\"noopener\">DIRECCI\u00d3N<\/a>: C. Playa Hermosa, 204, 29604 Marbella, M\u00e1laga; a 650 m desde la propiedad, 8 min a pie <\/li>\n\n\n\n<li>ENTREGA: No hay entrega a domicilio, pero si para llevar<\/li>\n\n\n\n<li>TEL\u00c9FONO: 690 84 81 82<\/li>\n<\/ul>\n\n\n\n<h3 class=\"wp-block-heading\">Cafeter\u00edas y restaurantes<\/h3>\n\n\n\n<h4 class=\"wp-block-heading\"><a href=\"https:\/\/mamaseatdrinkchill.com\/\" target=\"_blank\" rel=\"noopener\">Mama\u00b4s Bakery<\/a> <\/h4>\n\n\n\n<p class=\"undefined\">\u00bfEn busca de un desayuno delicioso cerca de <strong>Costabella<\/strong>? Mama's Bakery es su parada ideal. En este rinc\u00f3n, le espera un jugo de naranja reci\u00e9n exprimido y un caf\u00e9, acompa\u00f1ados de pan crujiente y croissants al estilo americano. Pero Mama's Bakery es m\u00e1s que un sitio con ricos desayunos; se perfila como el lugar perfecto para quienes optan por el teletrabajo, dada su ambientaci\u00f3n con buena m\u00fasica, un entorno relajado, suficientes puntos de conexi\u00f3n para dispositivos y un Wi-Fi de alta velocidad, adem\u00e1s de camareros simp\u00e1ticos que le har\u00e1n sentir a gusto en todo momento. <\/p>\n\n\n\n<p class=\"undefined\">Aunque est\u00e1 ubicado en la la subzona de El Rosario, es uno de los establecimientos m\u00e1s pr\u00f3ximos a <strong>Costabella<\/strong>, pues, al estar tambi\u00e9n en <strong>Marbella Este<\/strong>, se encuentra a unos escasos 15 min a pie y 3 min en coche. Adem\u00e1s tambi\u00e9n disponen de comida en su men\u00fa, pero en este caso se lo recomendamos m\u00e1s para desayunos, pues su precio puede pecar de ser un poco elevado, y, por otro lado, en la puerta tienen una zona azul para aparcar cuyo precio varia seg\u00fan el tiempo. <\/p>\n\n\n\n<figure class=\"wp-caption aligncenter\">\n<picture><source width=\"1480\" srcset=\"https:\/\/media.inmobalia.com\/imgV1\/B98Le8~d7M9pwOKhCJcJLIfglZOtvyX13f98gUEkry2AXpxxwVVUW6beaB1CbHQXGOhTMxPEWoq2vSWoPxT0dWUFVpFov6NwmlNzq3qwzpnpHLdM7rElqeCimqNwlOonVOesj_pXU8TFlm8_.jpg 1480w\" type=\"image\/webp\"><img decoding=\"async\" class=\"img-fluid \" width=\"1480\" src=\"https:\/\/media.inmobalia.com\/imgV1\/B98Le8~d7M9pwOKhH98twCJY8~z6ePCZX6v4ZFfOvduhBdeVCpC563TEl9~Gba~ZsCNLt5CSrqfb7qaISBEVv0QdM3Qn_hKWwGwhhgfFTF851M2E49V_Dn3WKZM-.jpg\"><\/picture>\n<figcaption class=\"wp-caption-text\"><\/figcaption>\n<\/figure>\n\n\n\n<ul class=\"wp-block-list\">\n<li>HORARIO: De lunes a s\u00e1bado, de 8:30 a 16:30; domingos, cerrado<\/li>\n\n\n\n<li><a href=\"https:\/\/www.google.com\/maps\/place\/Mama&#039;s+Bakery\/@36.5047436,-4.8097552,17z\/data=!4m6!3m5!1s0xd7320acd846e8a7:0xe9d9b6e4248687bb!8m2!3d36.5047436!4d-4.8097552!16s%2Fg%2F11bccgs21j?entry=ttu\" target=\"_blank\" rel=\"noopener\">DIRECCI\u00d3N<\/a>: Edif. Vidared, Urb. el Rosario, s\/n, Local 1B, 29604 Marbella, M\u00e1laga. <\/li>\n\n\n\n<li>ENTREGA: No hay entrega a domicilio, pero si para llevar<\/li>\n<\/ul>\n\n\n\n<ul class=\"wp-block-list\">\n<li>TEL\u00c9FONO: 952 83 15 29<\/li>\n<\/ul>\n\n\n\n<h4 class=\"wp-block-heading\"><a href=\"https:\/\/restaurantedq.es\/es\/\" target=\"_blank\" rel=\"noopener\">Don Quijote Restaurante<\/a><\/h4>\n\n\n\n<p class=\"undefined\">\u00bfDesea una experiencia culinaria inolvidable cerca de <strong>Costabella<\/strong>? El Restaurante Don Quijote en Marbella es el lugar ideal. Su decoraci\u00f3n, inspirada en el ic\u00f3nico personaje de Don Quijote de la Mancha, uno de los m\u00e1s reconocidos de la literatura espa\u00f1ola, transporta a sus visitantes a un universo lleno de encanto y sabor. Ubicado en El Rosario y a tan solo 1,2 km de <strong>Costabella<\/strong>, este lugar destila encanto en cada rinc\u00f3n, tanto en su interior como en su terraza. <\/p>\n\n\n\n<p class=\"undefined\">La calidad gastron\u00f3mica de su <a href=\"https:\/\/restaurantedq.es\/wp-content\/uploads\/2023\/09\/menu.pdf\" target=\"_blank\" rel=\"noopener\">men\u00fa<\/a> es innegable, con platos que sorprenden por su sabor y presentaci\u00f3n. Destacan sobre todo sus carnes y, sin duda alguna, sus excepcionales postres. Pero lo que realmente diferencia al Restaurante Don Quijote es su atenci\u00f3n detallada al cliente, siempre buscando brindar un servicio excepcional. \u00a1No olvide <a href=\"https:\/\/www.covermanager.com\/reserve\/module_restaurant\/restaurante-don-quijote\/english?source=instagram\" target=\"_blank\" rel=\"noopener\">reservar<\/a> para asegurar su sitio! <\/p>\n\n\n\n<figure class=\"wp-caption aligncenter\">\n<picture><source width=\"1480\" srcset=\"https:\/\/media.inmobalia.com\/imgV1\/B98Le8~d7M9pwOKhCJcJLIfglZOtvyX13f98gUEkry2AXpxxwVVUW6beaB1CbHQXGOhTMxPEWoq2vSWoPxT0dWUFVpFov6NwmlNzq3qwzpnpHLdM7rElqemyhhM8G4MtdSk8QgiiJqlvVNd7e7kkqrqH~A--.jpg 1480w\" type=\"image\/webp\"><img decoding=\"async\" class=\"img-fluid \" width=\"1480\" src=\"https:\/\/media.inmobalia.com\/imgV1\/B98Le8~d7M9pwOKhH98twCJY8~z6ePCZX6v4ZFfOvduhBdeVCpC563TEl9~Gba~ZsCNLt5CSrqfb7qaISBEVv0QdM3Qn_hKWyZxIo0KFSnqd8iAflPLo9UE2P3HnevcooYwF.jpg\"><\/picture>\n<figcaption class=\"wp-caption-text\"><\/figcaption>\n<\/figure>\n\n\n\n<ul class=\"wp-block-list\">\n<li>PRECIO: 25-40&nbsp;\u20ac, por persona<\/li>\n\n\n\n<li>HORARIO: De lunes a s\u00e1bado, de 18:00 a 23:00; domingos, cerrado <\/li>\n\n\n\n<li><a href=\"https:\/\/www.google.com\/maps\/place\/Don+Quijote+Restaurante+%7C+Marbella\/@36.5044126,-4.8090977,17z\/data=!4m6!3m5!1s0xd7320ad1c71c5e7:0x2b2fad20d398fc27!8m2!3d36.5044126!4d-4.8090977!16s%2Fg%2F11b7rn85fm?entry=ttu\" target=\"_blank\" rel=\"noopener\">DIRECCI\u00d3N<\/a>: Urb. el Rosario, 8, 29604 Marbella, M\u00e1laga<\/li>\n\n\n\n<li>ENTREGA: No hay entrega a domicilio, pero si para llevar<\/li>\n\n\n\n<li>TEL\u00c9FONO: 952 83 47 48<\/li>\n<\/ul>\n\n\n\n<h2 class=\"wp-block-heading\"><span class=\"ez-toc-section\" id=\"Donde_el_deporte_y_el_confort_se_dan_la_mano\"><\/span><strong>Donde el deporte y el <em>confort<\/em> se dan la mano<\/strong><span class=\"ez-toc-section-end\"><\/span><\/h2>\n\n\n\n<p class=\"undefined\">\u00bfQui\u00e9n dijo que el deporte y el relax no pod\u00edan bailar al un\u00edsono? <strong>Costabella<\/strong>, con su atm\u00f3sfera sofisticada y tranquila, se despliega como el escenario perfecto donde ambas pasiones se entrelazan. Desde campos de golf de clase mundial que desaf\u00edan y deleitan a los entusiastas, hasta gimnasios de vanguardia que ofrecen una experiencia rejuvenecedora. Si busca el equilibrio perfecto entre la actividad f\u00edsica que puede ejercer en el gimnasio y los momentos de serenidad y relax que le brinda el golf, no hay duda de que <strong>Costabella<\/strong> tiene exactamente lo que necesita.<\/p>\n\n\n\n<h3 class=\"wp-block-heading\">La Costa del Golf<\/h3>\n\n\n\n<figure class=\"wp-caption aligncenter\">\n<picture><source width=\"1480\" srcset=\"https:\/\/media.inmobalia.com\/imgV1\/B98Le8~d7M9pwOKhCJcJLIfglZOtvyX13f98gUEkry2AXpxxwVVUW6beaB1CbHQXGOhTMxPEWoq2vSWoPxT0dWUFVpFov6NwmlNzq3qwzpnpHLdM7rElqerXjd0i1Mkz.jpg 1480w\" type=\"image\/webp\"><img decoding=\"async\" class=\"img-fluid \" width=\"1480\" src=\"https:\/\/media.inmobalia.com\/imgV1\/B98Le8~d7M9pwOKhH98twCJY8~z6ePCZX6v4ZFfOvduhBdeVCpC563TEl9~Gba~ZsCNLt5CSrqfb7qaISBEVv0QdM3Qn_hKWyggCWx9qk6k-.jpg\"><\/picture>\n<figcaption class=\"wp-caption-text\"><\/figcaption>\n<\/figure>\n\n\n\n<h4 class=\"wp-block-heading\"><a href=\"https:\/\/santaclaragolfmarbella.com\/\" target=\"_blank\" rel=\"noopener\">Santa Clara Golf Marbella<\/a> <\/h4>\n\n\n\n<p class=\"undefined\">El Santa Clara Golf Marbella se destaca en la Costa del Sol como un para\u00edso para los entusiastas del golf, pr\u00f3ximo a <strong>Costabella<\/strong>. El campo, compuesto por 18 hoyos, y par 71, de 5.878 metros, desaf\u00eda incluso a los jugadores m\u00e1s experimentados y brinda la posibilidad de impartir lecciones para todos los niveles, desde novatos ansiosos por aprender hasta profesionales que buscan afinar su juego. M\u00e1s all\u00e1 del deporte, el club social invita a relajarse y disfrutar de una deliciosa comida en su restaurante, <strong>Kayena Marbella Kitchen And Lounge<\/strong>, donde le recomendamos probar el pescado fresco y la pasta con bovagante todo en un ambiente de elegancia y confort.<\/p>\n\n\n\n<p class=\"undefined\">Pero uno de los mayores encantos del Santa Clara Golf Marbella son las panor\u00e1micas que ofrece: vistas ininterrumpidas hacia el vasto mar Mediterraneo y la monta\u00f1a de La Concha que se eleva en el horizonte, los cuales podr\u00e1 vislumbrar mientras se desplaza de un campo a otro en uno de sus <em>buggies<\/em> o jugando en uno de ellos. \u00bfConseguir\u00e1 realizar el <em>swing<\/em> perfecto?<\/p>\n\n\n\n<ul class=\"wp-block-list\">\n<li>HORARIO: Todos los d\u00edas, de 8:00 a 20:00<\/li>\n\n\n\n<li><a href=\"https:\/\/www.google.com\/maps\/place\/Santa+Clara+Golf+Marbella\/@36.5083962,-4.8165478,17z\/data=!4m6!3m5!1s0xd732758ee932d65:0xc3b3302211d70327!8m2!3d36.5083962!4d-4.8165478!16s%2Fg%2F1tzl_9s8?entry=ttu\" target=\"_blank\" rel=\"noopener\">DIRECCI\u00d3N<\/a>: Ctra. N-340, Autov\u00eda del Mediterr\u00e1neo, Km 180, 3, 29603 M\u00e1laga; a 1,8 km, 4 min en coche<\/li>\n\n\n\n<li>TEL\u00c9FONO: 952 85 01 11<\/li>\n<\/ul>\n\n\n\n<figure class=\"wp-caption aligncenter\">\n<picture><source width=\"1480\" srcset=\"https:\/\/media.inmobalia.com\/imgV1\/B98Le8~d7M9pwOKhCJcJLIfglZOtvyX13f98gUEkry2AXpxxwVVUW6beaB1CbHQXGOhTMxPEWoq2vSWoPxT0dWUFVpFov6NwmlNzq3qwzpnpHLdM7rElqf5kY~x1KbWPPvc29XQPRPIZg9fLGWGW07sQMOTt.jpg 1480w\" type=\"image\/webp\"><img decoding=\"async\" class=\"img-fluid \" width=\"1480\" src=\"https:\/\/media.inmobalia.com\/imgV1\/B98Le8~d7M9pwOKhH98twCJY8~z6ePCZX6v4ZFfOvduhBdeVCpC563TEl9~Gba~ZsCNLt5CSrqfb7qaISBEVv0QdM3Qn_hKW3ocvg8G6frjfaFKDbF~RFmoQIXsqaXlORf4aOVE-.jpg\"><\/picture>\n<figcaption class=\"wp-caption-text\"><\/figcaption>\n<\/figure>\n\n\n\n<h4 class=\"wp-block-heading\"><a href=\"https:\/\/www.marbellagolf.com\/es\/\" target=\"_blank\" rel=\"noopener\">Marbella Golf Country Club<\/a> <\/h4>\n\n\n\n<p class=\"undefined\">En el coraz\u00f3n de la Costa del Sol, y muy cerca de <strong>Costabella<\/strong>, dise\u00f1ado por el renombrado Robert Trent Jones, el Marbella Golf Country Club es solo un campo de golf donde la exclusividad premia, llegando a ser considerado, por Tripadvisor, como el mejor campo de golf de todo Marbella. Sus 18 hoyos, todos ellos con vistas al vasto mar, ofrecen una experiencia golf\u00edstica que desaf\u00eda tanto la habilidad t\u00e9cnica como la estrat\u00e9gica del jugador.<\/p>\n\n\n\n<p class=\"undefined\">Los primeros 9 hoyos, con sus trayectorias m\u00e1s estrechas y con varios desniveles exigen una meticulosa planificaci\u00f3n y una elecci\u00f3n de palo acertada; en cambio, los segundos 9 resultan m\u00e1s asequibles y abiertos, siendo ideales para principiantes. Como extra, su bonita casa club ofrece un ambiente acogedor con una terraza, tambi\u00e9n con excelentes vistas, en las que disfrutar de un aperitivo tras el juego. Por si fuera poco, el complejo tambi\u00e9n alberga el sofisticado restaurante:<strong> El Olivo<\/strong>, que promete deleitar a los comensales con su alta gastronom\u00eda.<\/p>\n\n\n\n<ul class=\"wp-block-list\">\n<li>HORARIO: Todos los d\u00edas, de 7:30 a 20:30<\/li>\n\n\n\n<li><a href=\"https:\/\/www.google.com\/maps\/place\/Marbella+Golf+Country+Club\/@36.5133186,-4.8128807,17z\/data=!4m6!3m5!1s0xd732754e61ab541:0x695c8db49e5e66fd!8m2!3d36.5133186!4d-4.8128807!16s%2Fg%2F1tfdftsk?entry=ttu\" target=\"_blank\" rel=\"noopener\">DIRECCI\u00d3N<\/a>: N-340, Km.188, 29604 Marbella, M\u00e1laga; a 2,5 km, 6 min en coche<\/li>\n\n\n\n<li>TEL\u00c9FONO: 952 83 05 00<\/li>\n<\/ul>\n\n\n\n<h3 class=\"wp-block-heading\"><strong>M\u00e1s que gimnasios, templos fitness<\/strong><\/h3>\n\n\n\n<h4 class=\"wp-block-heading\"><a href=\"https:\/\/royaltennisclub.com\/es\/\" target=\"_blank\" rel=\"noopener\">Royal Tennis Club Marbella<\/a><\/h4>\n\n\n\n<p class=\"undefined\">Royal Tennis Club de Marbella es un distinguido enclave deportivo situado a tan solo 1.6 km de la playa de <strong>Costabella<\/strong>. El renombre de este club se basa, principalmente, en sus nueve pistas de tenis, ocho de tierra batida al aire libre y una de tierra dura, y todas dotadas con un sistema de iluminaci\u00f3n de \u00faltima generaci\u00f3n, ideal para jugar de noche. Adem\u00e1s, cuenta con clases de tenis durante todo el a\u00f1o, tanto para ni\u00f1os como para adultos, en las que es posible recibir formaci\u00f3n de la mano de entrenadores altamente cualificados.<\/p>\n\n\n\n<p class=\"undefined\">Aunque, a pesar de que pueda parecerlo por su nombre, este club no se limita \u00fanicamente al tenis, sino que ofrece un abanico amplio de actividades. En su interior, descubrir\u00e1 dos pistas de p\u00e1del de cristal, tambi\u00e9n equipadas con iluminaci\u00f3n de alta calidad para partidos nocturnos, y opciones para recibir clases, tanto individuales como grupales. Su imponente piscina al aire libre, de 25 metros de longitud y 10 de ancho, es el lugar perfecto para refrescarse o practicar nataci\u00f3n, de manera individual o con clases guiadas, para todas las edades y durante el verano. Por otro lado, los aficionados al ping-pong podr\u00e1n disfrutar de cuatro mesas profesionales, ideales para competencias amistosas o clases grupales.<\/p>\n\n\n\n<p class=\"undefined\">Para aquellos que buscan ejercitarse con maquinas de gimnasio tambi\u00e9n encontrar\u00e1n, dentro de este club, el <strong>GYM Royal Tennis Club<\/strong>, el cual les permitir\u00e1 llevar al experiencia de entrenar a otro nivel, pues dicho gimnasio est\u00e1 provisto de equipos de \u00faltima generaci\u00f3n, donde el peso de la maquina que se usa no lo establece una pesa si no el propio entrenador, con su cuerpo y en base a las condiciones fisicas de la persona y de los resultados que esta est\u00e9 buscando. Adem\u00e1s, cuenta con distintas clases: Power Tonificaci\u00f3n, Estiramientos, Body Sculpting y Aer\u00f3bic.<\/p>\n\n\n\n<figure class=\"wp-caption aligncenter\">\n<picture><source width=\"1480\" srcset=\"https:\/\/media.inmobalia.com\/imgV1\/B98Le8~d7M9pwOKhCJcJLIfglZOtvyX13f98gUEkry2AXpxxwVVUW6beaB1CbHQXGOhTMxPEWoq2vSWoPxT0dWUFVpFov6NwmlNzq3qwzpnpHLdM7rElqf_4SdhyqTQboZOp5pGFNUtP0whz6Q--.jpg 1480w\" type=\"image\/webp\"><img decoding=\"async\" class=\"img-fluid \" width=\"1480\" src=\"https:\/\/media.inmobalia.com\/imgV1\/B98Le8~d7M9pwOKhH98twCJY8~z6ePCZX6v4ZFfOvduhBdeVCpC563TEl9~Gba~ZsCNLt5CSrqfb7qaISBEVv0QdM3Qn_hKW3zaXokMV7bmGgEyNXp_xbo5Y7cl~.jpg\"><\/picture>\n<figcaption class=\"wp-caption-text\"><\/figcaption>\n<\/figure>\n\n\n\n<p class=\"undefined\">Como colof\u00f3n a un d\u00eda, o una ma\u00f1ana, repleta de actividad, el <strong>Restaurante La Veranda Verde<\/strong> le invita a deleitarse con un excelente desayuno, siempre con opciones de zumos para recuperar fuerzas tras el entreno, o de una comida conformada por platos de alta gastronom\u00eda. Adem\u00e1s este restaurante tambi\u00e9n resulta ideal para realizar eventos, tales como: comidas de empresa, banquetes, bodas, fiestas infantiles o cualquier otro tipo de celebraci\u00f3n; pues cuenta con un amplio abanico de programas de entretenimiento, como: bailaores flamencos, espect\u00e1culos de ballet, m\u00fasica en vivo, magos, animadores infantiles o, incluso, un karaoke; as\u00ed como retransmisiones en directo de f\u00fatbol, tenis y otros torneos deportivos. <\/p>\n\n\n\n<p class=\"undefined\">En resumen, en el Royal Tennis Club, la pasi\u00f3n deportiva y el placer se fusionan en perfecta armon\u00eda.<\/p>\n\n\n\n<ul class=\"wp-block-list\">\n<li>HORARIO: Todos los d\u00edas, de 8:00 a 22:00<\/li>\n\n\n\n<li><a href=\"https:\/\/www.google.com\/maps\/place\/Royal+Tennis+Club+Marbella\/@36.502951,-4.8106298,17z\/data=!3m1!5s0xd7320ad0046c317:0x6e83c7028da1119!4m26!1m16!4m15!1m6!1m2!1s0xd7320b18b2b8591:0x7951bb3974c1203f!2sUrbanizaci%C3%B3n+Costabella,+Marbella!2m2!1d-4.8052337!2d36.5007203!1m6!1m2!1s0xd7320ada86c63d5:0x429229707ec64d5!2sRoyal+Tennis+Club+Marbella,+BAJO,+Marbella!2m2!1d-4.808106!2d36.5045578!3e0!3m8!1s0xd7320ada86c63d5:0x429229707ec64d5!5m2!4m1!1i2!8m2!3d36.5045578!4d-4.808106!16s%2Fg%2F124yn5z69?entry=ttu\" target=\"_blank\" rel=\"noopener\">DIRECCI\u00d3N<\/a>: Carretera CADIZ (ELVIRIA), 188, BAJO, 29604 Marbella, M\u00e1laga<\/li>\n\n\n\n<li>TEL\u00c9FONO: 687 66 50 84<\/li>\n<\/ul>\n\n\n\n<h2 class=\"wp-block-heading\"><span class=\"ez-toc-section\" id=\"Costabella_se_lo_pone_facil_los_utiles_mas_accesibles\"><\/span><strong>Costabella se lo pone f\u00e1cil: los \u00fatiles m\u00e1s accesibles<\/strong><span class=\"ez-toc-section-end\"><\/span><\/h2>\n\n\n\n<p class=\"undefined\"><strong>Costabella<\/strong> no es solo reconocida por sus impresionantes playas, con sus m\u00faltiples <em>beach clubs<\/em>, sus restaurantes y sus campos de golf, sino tambi\u00e9n por la abundancia y la calidad de sus servicios esenciales. Desde supermercados, bien abastecidos con productos frescos y de calidad, hasta farmacias, que atienden tanto a residentes como a visitantes con eficiencia, centros de salud y hospitales de vanguardia; esta zona se ha esforzado en garantizar que todas las necesidades b\u00e1sicas y m\u00e9dicas de su comunidad est\u00e9n cubiertas y consideramos que lo ha conseguido.<\/p>\n\n\n\n<h3 class=\"wp-block-heading\">Donde hacer la compra<\/h3>\n\n\n\n<h4 class=\"wp-block-heading\">Supercor Expr\u00e9s<\/h4>\n\n\n\n<p class=\"undefined\">\u00bfSe va a alojar en una de nuestras mejores villas y desea pasar el m\u00e1ximo tiempo posible en ella? Lo entendemos perfectamente. Es por ello que queremos recomendarle el Supercor Expr\u00e9s, no solo por su cercan\u00eda a <strong>Costabella<\/strong>, sino porque en \u00e9l podr\u00e1 encontrar alimentaci\u00f3n, panader\u00eda, droguer\u00eda, perfumer\u00eda, prensa, ocio y regalos. Adem\u00e1s este supermercado cuenta con la gran ventaja de estar abierto todos los d\u00edas, incluido los domingos, durante 18 horas, pues no cierra hasta las 1:00 de la ma\u00f1ana. Aparcamiento disponible en la calle. <\/p>\n\n\n\n<figure class=\"wp-caption aligncenter\">\n<picture><source width=\"1480\" srcset=\"https:\/\/media.inmobalia.com\/imgV1\/B98Le8~d7M9pwOKhCJcJLIfglZOtvyX13f98gUEkry2AXpxxwVVUW6beaB1CbHQXGOhTMxPEWoq2vSWoPxT0dWUFVpFov6NwmlNzq3qwzpnpHLdM7rElqcQJLDbIBZ7zajM-.jpeg 1480w\" type=\"image\/webp\"><img decoding=\"async\" class=\"img-fluid \" width=\"1480\" src=\"https:\/\/media.inmobalia.com\/imgV1\/B98Le8~d7M9pwOKhH98twCJY8~z6ePCZX6v4ZFfOvduhBdeVCpC563TEl9~Gba~ZsCNLt5CSrqfb7qaISBEVv0QdM3Qn_hKW5LyqK6NDY_os5w--.jpeg\"><\/picture>\n<figcaption class=\"wp-caption-text\"><\/figcaption>\n<\/figure>\n\n\n\n<ul class=\"wp-block-list\">\n<li>HORARIO: Todos los d\u00edas, de 7:00 a 1:00<\/li>\n\n\n\n<li><a href=\"https:\/\/www.google.com\/maps\/place\/Supercor+Expres\/@36.5000791,-4.8041739,18z\/data=!4m23!1m16!4m15!1m6!1m2!1s0xd7320b18b2b8591:0x7951bb3974c1203f!2sUrbanizaci%C3%B3n+Costabella,+Marbella!2m2!1d-4.8052337!2d36.5007203!1m6!1m2!1s0xd7320ba9a1522a9:0xdd236f79d102955c!2sSupercor+Expres,+Marbella!2m2!1d-4.800632!2d36.500576!3e2!3m5!1s0xd7320ba9a1522a9:0xdd236f79d102955c!8m2!3d36.500576!4d-4.800632!16s%2Fg%2F11b6n_l50h?entry=ttu\" target=\"_blank\" rel=\"noopener\">DIRECCI\u00d3N<\/a>: Nac.340, km 189, 29604 Marbella, M\u00e1laga; a 550 m, 8 min a pie<\/li>\n\n\n\n<li>ENTREGA A DOMICILIO: No, solo en tienda<\/li>\n\n\n\n<li>TEL\u00c9FONO: 952 83 95 72<\/li>\n<\/ul>\n\n\n\n<h4 class=\"wp-block-heading\">Carrefour Market<\/h4>\n\n\n\n<p class=\"undefined\">Muy cerca de la cafeter\u00eda Mama\u00b4s Bakery, de la cual ya le hemos informado, se ubica un Carrefour Market. En este establecimiento podr\u00e1 encontrar tanto alimentos como productos de higiene y limpieza a un buen precio. Si decide optar por el alquiler de larga temporada, o si simplemente prefiere tener a mano una gama diversa de art\u00edculos, en <strong>Costabella<\/strong>, este supermercado le ofrece una experiencia de compra completa. <\/p>\n\n\n\n<ul class=\"wp-block-list\">\n<li>HORARIO: De lunes a s\u00e1bado, de 9:00 a 21:30; domingos, cerrado<\/li>\n\n\n\n<li><a href=\"https:\/\/www.google.com\/maps\/place\/Carrefour+Market\/@36.502951,-4.8106298,17z\/data=!3m1!5s0xd7320ad0046c317:0x6e83c7028da1119!4m23!1m16!4m15!1m6!1m2!1s0xd7320b18b2b8591:0x7951bb3974c1203f!2sUrbanizaci%C3%B3n+Costabella,+Marbella!2m2!1d-4.8052337!2d36.5007203!1m6!1m2!1s0xd7320ad21519a1d:0x11ca4bf7d2133bc2!2sCarrefour+Market,+Autov%C3%ADa+del+Mediterr%C3%A1neo,+Marbella!2m2!1d-4.8095021!2d36.5044021!3e2!3m5!1s0xd7320ad21519a1d:0x11ca4bf7d2133bc2!8m2!3d36.5044021!4d-4.8095021!16s%2Fg%2F1q2wc6jrz?entry=ttu\" target=\"_blank\" rel=\"noopener\">DIRECCI\u00d3N<\/a>: Autov\u00eda del Mediterr\u00e1neo, Km. 188, 29603 Marbella, M\u00e1laga; a 1,2 km, 16 min a pie<\/li>\n\n\n\n<li>ENTREGA A DOMICILIO: S\u00ed, + info en <em>Env\u00edo a domicilio, para que no se mueva y tan solo disfrute<\/em><\/li>\n\n\n\n<li>TEL\u00c9FONO: 665 28 00 25<\/li>\n<\/ul>\n\n\n\n<h3 class=\"wp-block-heading\"><strong>La salud es (la) prioridad para su bienestar&nbsp;<\/strong><\/h3>\n\n\n\n<h4 class=\"wp-block-heading\">Farmacia Pinomar<\/h4>\n\n\n\n<p class=\"undefined\">La Farmacia Pinomar, estrat\u00e9gicamente ubicada en las inmediaciones de <strong>Costabella<\/strong>, se ha consolidado como un punto esencial de atenci\u00f3n y servicio para la comunidad de esta zona. No s\u00f3lo medicamentos, sino tambi\u00e9n un asesoramiento profesional y personalizado para garantizar el bienestar de sus clientes. <\/p>\n\n\n\n<figure class=\"wp-caption aligncenter\">\n<picture><source width=\"1480\" srcset=\"https:\/\/media.inmobalia.com\/imgV1\/B98Le8~d7M9pwOKhCJcJLIfglZOtvyX13f98gUEkry2AXpxxwVVUW6beaB1CbHQXGOhTMxPEWoq2vSWoPxT0dWUFVpFov6NwmlNzq3qwzpnpHLdM7rElqesLVsqL3s~EoJvIC~meblwkteyC.jpg 1480w\" type=\"image\/webp\"><img decoding=\"async\" class=\"img-fluid \" width=\"1480\" src=\"https:\/\/media.inmobalia.com\/imgV1\/B98Le8~d7M9pwOKhH98twCJY8~z6ePCZX6v4ZFfOvduhBdeVCpC563TEl9~Gba~ZsCNLt5CSrqfb7qaISBEVv0QdM3Qn_hKWy6QbsrR7UuKhAbtQbsbV6cU0giI-.jpg\"><\/picture>\n<figcaption class=\"wp-caption-text\"><\/figcaption>\n<\/figure>\n\n\n\n<ul class=\"wp-block-list\">\n<li>HORARIO: De lunes a viernes, de 9:30 a 20:30, y s\u00e1bados, de 9:30 a 13:30; domingos, cerrado<\/li>\n\n\n\n<li><a href=\"https:\/\/www.google.com\/maps\/place\/Farmacia+Pinomar\/@36.5000791,-4.803447,18z\/data=!4m23!1m16!4m15!1m6!1m2!1s0xd7320b18b2b8591:0x7951bb3974c1203f!2sUrbanizaci%C3%B3n+Costabella,+Marbella!2m2!1d-4.8052337!2d36.5007203!1m6!1m2!1s0xd7320b6d6c9666f:0x324df94acc91f03e!2sFarmacia+Pinomar,+Marbella!2m2!1d-4.7991289!2d36.5003386!3e2!3m5!1s0xd7320b6d6c9666f:0x324df94acc91f03e!8m2!3d36.5003087!4d-4.7991604!16s%2Fg%2F1q5bmwp1w?entry=ttu\" target=\"_blank\" rel=\"noopener\">DIRECCI\u00d3N<\/a>: Carretera National N-340 Urbanizaci\u00f3n Pinomar - Junto Gasolinera Repsol. Km 189, 29601 Marbella, M\u00e1laga; a 700 m, 10 min a pie<\/li>\n\n\n\n<li>ENTREGA A DOMICILIO: S\u00ed, + info en <em>Env\u00edo a domicilio, para que no se mueva y tan solo disfrute<\/em><\/li>\n\n\n\n<li>TEL\u00c9FONO: 952 83 10 44<\/li>\n<\/ul>\n\n\n\n<figure class=\"wp-caption aligncenter\">\n<picture><source width=\"1480\" srcset=\"https:\/\/media.inmobalia.com\/imgV1\/B98Le8~d7M9pwOKhCJcJLIfglZOtvyX13f98gUEkry2AXpxxwVVUW6beaB1CbHQXGOhTMxPEWoq2vSWoPxT0dWUFVpFov6NwmlNzq3qwzpnpHLdM7rElqesLVsqL3s~EoJvIC~meblwnEXomqjE-.jpg 1480w\" type=\"image\/webp\"><img decoding=\"async\" class=\"img-fluid \" width=\"1480\" src=\"https:\/\/media.inmobalia.com\/imgV1\/B98Le8~d7M9pwOKhH98twCJY8~z6ePCZX6v4ZFfOvduhBdeVCpC563TEl9~Gba~ZsCNLt5CSrqfb7qaISBEVv0QdM3Qn_hKWy6QbsrR7UuKhAbtQbsbV6cZvxfIG0A--.jpg\"><\/picture>\n<figcaption class=\"wp-caption-text\"><\/figcaption>\n<\/figure>\n\n\n\n<h4 class=\"wp-block-heading\">Farmacia Artola<\/h4>\n\n\n\n<p class=\"undefined\">La Farmacia Artola, aunque se sit\u00faa un poco m\u00e1s distante de <strong>Costabella<\/strong>, est\u00e1 igualmente cerca si se desplaza en coche y cuenta con la gran ventaja de tener disponibilidad 24 h y durante los 7 d\u00edas de la semana. Este establecimiento destaca no s\u00f3lo por su amplia variedad de productos a precios competitivos, sino tambi\u00e9n por la excelencia en el servicio al cliente. Siempre que se requiere consejo, uno o dos farmac\u00e9uticos est\u00e1n disponibles para ofrecer soluciones, abordando incluso cuestiones b\u00e1sicas de veterinaria. <\/p>\n\n\n\n<figure class=\"wp-caption aligncenter\">\n<picture><source width=\"1480\" srcset=\"https:\/\/media.inmobalia.com\/imgV1\/B98Le8~d7M9pwOKhCJcJLIfglZOtvyX13f98gUEkry2AXpxxwVVUW6beaB1CbHQXGOhTMxPEWoq2vSWoPxT0dWUFVpFov6NwmlNzq3qwzpnpHLdM7rElqesLVsqL3s~EoIojRpE8Y6DKxzA-.jpg 1480w\" type=\"image\/webp\"><img decoding=\"async\" class=\"img-fluid \" width=\"1480\" src=\"https:\/\/media.inmobalia.com\/imgV1\/B98Le8~d7M9pwOKhH98twCJY8~z6ePCZX6v4ZFfOvduhBdeVCpC563TEl9~Gba~ZsCNLt5CSrqfb7qaISBEVv0QdM3Qn_hKWy6QbsrR7UuKhECjHVsEieaVvyQ--.jpg\"><\/picture>\n<figcaption class=\"wp-caption-text\"><\/figcaption>\n<\/figure>\n\n\n\n<ul class=\"wp-block-list\">\n<li>HORARIO: Todos los d\u00edas, durante las 24 horas<\/li>\n\n\n\n<li><a href=\"https:\/\/www.google.com\/maps\/place\/Farmacia+Artola\/@36.4962182,-4.7979086,14z\/data=!4m23!1m16!4m15!1m6!1m2!1s0xd7320b18b2b8591:0x7951bb3974c1203f!2sUrbanizaci%C3%B3n+Costabella,+Marbella!2m2!1d-4.8052337!2d36.5007203!1m6!1m2!1s0xd73204081dd2de1:0x4a3f52d2b1bc04af!2sFarmacia+Artola,+N-340,+Marbella!2m2!1d-4.7484106!2d36.4904662!3e0!3m5!1s0xd73204081dd2de1:0x4a3f52d2b1bc04af!8m2!3d36.4904662!4d-4.7484106!16s%2Fg%2F1hc2lxgbq?entry=ttu\" target=\"_blank\" rel=\"noopener\">DIRECCI\u00d3N<\/a>: km 194.4, N-340, 29604 Marbella, M\u00e1laga; a 5,8 km, 7 min en coche<\/li>\n\n\n\n<li>ENTREGA A DOMICILIO: S\u00ed, + info en <em>Env\u00edo a domicilio, para que no se mueva y tan solo disfrute<\/em><\/li>\n\n\n\n<li>TEL\u00c9FONO: 952 83 25 89<\/li>\n<\/ul>\n\n\n\n<h4 class=\"wp-block-heading\">Medhelp Centro M\u00e9dico El Rosario<\/h4>\n\n\n\n<p class=\"undefined\">Ubicado a poca distancia de <strong>Costabella<\/strong>, concretamente en El Rosario, este centro m\u00e9dico se ha consolidado como un referente de salud en toda la zona de <strong>Marbella Este<\/strong>. No s\u00f3lo se lo recomendamos por su proximidad sino tambi\u00e9n por la calidad de su atenci\u00f3n m\u00e9dica. <\/p>\n\n\n\n<p class=\"undefined\">En Medhelp Centro M\u00e9dico El Rosario se hallan distinguidos profesionales comprometidos con brindar una atenci\u00f3n de primer nivel, avalada por una extensa trayectoria y pericia en m\u00faltiples ramas de la medicina: desde la traumatolog\u00eda y la neurolog\u00eda hasta la psicolog\u00eda, la radiolog\u00eda o la fisioterapia. Uno de los aspectos m\u00e1s destacables de este centro es la atenci\u00f3n cuidadosa y personalizada que ofrece cada miembro del equipo a cada paciente. Cuenta con varios seguros m\u00e9dicos privados: Sanitas, DKV y Medicat. <\/p>\n\n\n\n<ul class=\"wp-block-list\">\n<li>HORARIO: De lunes a viernes, de 9:30 a 14:30, y lunes y jueves, adicionalmente, de 16:00 a 20:00; s\u00e1bados y domingos cerrado. <\/li>\n\n\n\n<li><a href=\"https:\/\/www.google.com\/maps\/place\/Medhelp+Centro+Medico+El+Rosario\/@36.5000791,-4.8039843,18z\/data=!4m23!1m16!4m15!1m6!1m2!1s0xd7320b18b2b8591:0x7951bb3974c1203f!2sUrbanizaci%C3%B3n+Costabella,+Marbella!2m2!1d-4.8052337!2d36.5007203!1m6!1m2!1s0xd732167df6b8ccb:0x238553581e50bb21!2sMedhelp+Centro+Medico+El+Rosario,+local+6,+Marbella!2m2!1d-4.8001982!2d36.5005639!3e2!3m5!1s0xd732167df6b8ccb:0x238553581e50bb21!8m2!3d36.5005639!4d-4.8001982!16s%2Fg%2F11gmjbbc_9?entry=ttu\" target=\"_blank\" rel=\"noopener\">DIRECCI\u00d3N<\/a>: Centro comercial Andasol Km 187 N-340, local 6; a 600 m, 8 min a pie<\/li>\n\n\n\n<li>TEL\u00c9FONO: 689 36 73 51<\/li>\n<\/ul>\n\n\n\n<h4 class=\"wp-block-heading\">Hospital Universitario Costa del Sol<\/h4>\n\n\n\n<p class=\"undefined\">El Hospital Universitario Costa del Sol es un hospital p\u00fablico gestionado por la Consejer\u00eda de Salud de la Junta de Andaluc\u00eda. Situado a unos 7 km, al este de la ciudad espa\u00f1ola de Marbella, justo al lado de la autov\u00eda A-7, es el principal hospital de la comarca Costa del Sol. <\/p>\n\n\n\n<p class=\"undefined\">Este centro hospitalario ofrece una amplia gama de servicios sanitarios, los cuales abarcan desde la medicina general hasta la cardiolog\u00eda o la traumatolog\u00eda, e incluso especialidades m\u00e1s especificas como la oncolog\u00eda, la pediatr\u00eda y la neurolog\u00eda; todo esto, junto con su servicio de urgencias que brinda una atenci\u00f3n durante las 24 horas del d\u00eda, los 7 d\u00edas de la semana, lo convierten en un referente en la atenci\u00f3n m\u00e9dica de la regi\u00f3n costera.<\/p>\n\n\n\n<ul class=\"wp-block-list\">\n<li>HORARIO: Todos los d\u00edas, durante las 24 horas<\/li>\n\n\n\n<li><a href=\"https:\/\/www.google.com\/maps\/place\/Hospital+Universitario+Costa+del+Sol\/@36.5079369,-4.9101461,12z\/data=!3m1!5s0xd732763c14f5b17:0xa7d1fb8b17bdc7d9!4m19!1m12!4m11!1m3!2m2!1d-4.8284353!2d36.5079369!1m6!1m2!1s0xd73275e8ce1b8d7:0x726a0fde3896f31f!2sA-7,+Km+187,+29603+Marbella,+M%C3%A1laga!2m2!1d-4.827745!2d36.5079652!3m5!1s0xd73275e8ce1b8d7:0x726a0fde3896f31f!8m2!3d36.5079652!4d-4.827745!16s%2Fg%2F120t9g2r?entry=ttu\" target=\"_blank\" rel=\"noopener\">DIRECCI\u00d3N<\/a>: A-7, Km 187, 29603 Marbella, M\u00e1laga; a 3,5 km, 6 min en coche<\/li>\n\n\n\n<li>TEL\u00c9FONO: 951 97 66 69<\/li>\n<\/ul>\n\n\n\n<h4 class=\"wp-block-heading\">Hospital Quir\u00f3nsalud Marbella<\/h4>\n\n\n\n<p class=\"undefined\">El Hospital Quir\u00f3nsalud Marbella es un destacado centro hospitalario privado situado en el coraz\u00f3n de Marbella. Con sus m\u00e1s de 46 a\u00f1os de historia forma parte del renombrado grupo Quir\u00f3nsalud, l\u00edder en atenci\u00f3n sanitaria en Espa\u00f1a. Se distingue por ofrecer servicios especializados, adem\u00e1s de otros tratamientos m\u00e1s avanzados como cirug\u00eda o dermatolog\u00eda; teniendo un total de 75 especialidades cl\u00ednicas distintas. Con un equipo m\u00e9dico altamente cualificado, tecnolog\u00eda de vanguardia y una solida infraestructura hospitalaria, en primera l\u00ednea de playa y con vistas panor\u00e1micas al mar en la mayor\u00eda de sus habitaciones, Quir\u00f3nsalud Marbella garantiza una atenci\u00f3n m\u00e9dica excepcional y personalizada. Le recomendamos <a href=\"https:\/\/www.quironsalud.com\/marbella\/es\/cita-medica?utm_source=google&amp;utm_medium=organic&amp;utm_campaign=cita_gmb\" target=\"_blank\" rel=\"noopener\">pedir cita<\/a> de manera online. <\/p>\n\n\n\n<figure class=\"wp-caption aligncenter\">\n<picture><source width=\"1480\" srcset=\"https:\/\/media.inmobalia.com\/imgV1\/B98Le8~d7M9pwOKhCJcJLIfglZOtvyX13f98gUEkry2AXpxxwVVUW6beaB1CbHQXGOhTMxPEWoq2vSWoPxT0dWUFVpFov6NwmlNzq3qwzpnpHLdM7rElqeWMOJJoNdHmAtObKPd0Jc~XYTWbTPOEBw--.jpg 1480w\" type=\"image\/webp\"><img decoding=\"async\" class=\"img-fluid \" width=\"1480\" src=\"https:\/\/media.inmobalia.com\/imgV1\/B98Le8~d7M9pwOKhH98twCJY8~z6ePCZX6v4ZFfOvduhBdeVCpC563TEl9~Gba~ZsCNLt5CSrqfb7qaISBEVv0QdM3Qn_hKWxfWzU0cj~0IuhgVOcjbWGrMCeqkZoaJ1.jpg\"><\/picture>\n<figcaption class=\"wp-caption-text\"><\/figcaption>\n<\/figure>\n\n\n\n<ul class=\"wp-block-list\">\n<li>HORARIO: Todos los d\u00edas, durante las 24 horas<\/li>\n\n\n\n<li><a href=\"https:\/\/www.google.com\/maps\/place\/Hospital+Quir%C3%B3nsalud+Marbella\/@36.5052006,-4.8610156,14z\/data=!3m1!5s0xd7327f514acd563:0xbae7e7e697729fdd!4m23!1m16!4m15!1m6!1m2!1s0xd7320b18b2b8591:0x7951bb3974c1203f!2sUrbanizaci%C3%B3n+Costabella,+Marbella!2m2!1d-4.8052337!2d36.5007203!1m6!1m2!1s0xd7327f56a789fef:0x8d369e1ac3757566!2sHospital+Quir%C3%B3nsalud+Marbella,+Avenida+Severo+Ochoa,+Marbella!2m2!1d-4.8742577!2d36.5088083!3e0!3m5!1s0xd7327f56a789fef:0x8d369e1ac3757566!8m2!3d36.5088083!4d-4.8742577!16s%2Fg%2F1tv25hfl?entry=ttu\" target=\"_blank\" rel=\"noopener\">DIRECCI\u00d3N<\/a>: Av. Severo Ochoa, 20, 29603 Marbella, M\u00e1laga; a 7,1 km, 10 min en coche<\/li>\n\n\n\n<li>TEL\u00c9FONO: 952 77 42 00<\/li>\n<\/ul>\n\n\n\n<h2 class=\"wp-block-heading\"><span class=\"ez-toc-section\" id=\"Ninos_felices_igual_a_familia_feliz\"><\/span>Ni\u00f1os felices igual a familia feliz<span class=\"ez-toc-section-end\"><\/span><\/h2>\n\n\n\n<h3 class=\"wp-block-heading\">De colegios<\/h3>\n\n\n\n<h4 class=\"wp-block-heading\"><a href=\"https:\/\/attendis.com\/colegios-marbella\/\" target=\"_blank\" rel=\"noopener\">Colegio Biling\u00fce Las Chapas<\/a><\/h4>\n\n\n\n<p class=\"undefined\">El Colegio Biling\u00fce Las Chapas, emplazado cerca de <strong>Costabella<\/strong>, representa un destacado centro educativo privado fundado en 1985. A lo largo de los a\u00f1os ha demostrado ser una instituci\u00f3n sobresaliente al ofrecer educaci\u00f3n de alta calidad a estudiantes que abarcan desde los 0 hasta los 18 a\u00f1os. Integrado al prestigioso Grupo Educativo Attendis, que ostenta una trayectoria y experiencia de 50 a\u00f1os en el \u00e1mbito educativo, Las Chapas no solamente es reconocido por su educaci\u00f3n acad\u00e9mica biling\u00fce, espa\u00f1ola e inglesa, y su atenci\u00f3n individualizada, sino tambi\u00e9n por el \u00e9nfasis que deposita en la familia dentro del proceso educativo, su b\u00fasqueda de la excelencia acad\u00e9mica y su educaci\u00f3n en valores. <\/p>\n\n\n\n<p class=\"undefined\">Asimismo, mencionar que el colegio se rige bajo el Bachillerato Internacional (IB) y est\u00e1 autorizado en el Programa de la Escuela Primaria (PEP).<\/p>\n\n\n\n<ul class=\"wp-block-list\">\n<li>HORARIO: De lunes a viernes, de 8:15 a 17:00; s\u00e1bados y domingos, cerrados<\/li>\n\n\n\n<li><a href=\"https:\/\/www.google.com\/maps\/place\/Colegio+Biling%C3%BCe+Las+Chapas\/@36.5022196,-4.8092709,18z\/data=!3m1!5s0xd732763c14f5b17:0xa7d1fb8b17bdc7d9!4m23!1m16!4m15!1m6!1m2!1s0xd7320b18b2b8591:0x7951bb3974c1203f!2sUrbanizaci%C3%B3n+Costabella,+Marbella!2m2!1d-4.8052337!2d36.5007203!1m6!1m2!1s0xd732752e17d5b8f:0xcf4a9db0342dacd5!2sColegio+Biling%C3%BCe+Las+Chapas,+Urbanizaci%C3%B3n+Hacienda+las+Chapas,+Marbella!2m2!1d-4.810748!2d36.503409!3e0!3m5!1s0xd732752e17d5b8f:0xcf4a9db0342dacd5!8m2!3d36.503409!4d-4.810748!16s%2Fg%2F12qgh_85z?entry=ttu\" target=\"_blank\" rel=\"noopener\">DIRECCI\u00d3N<\/a>: Urb. Hacienda las Chapas, s\/n, 29604 Marbella, M\u00e1laga; a 700 m, 10 min a pie<\/li>\n\n\n\n<li>TEL\u00c9FONO: 952 83 16 16<\/li>\n<\/ul>\n\n\n\n<h4 class=\"wp-block-heading\"><a href=\"https:\/\/colegioalboran.es\/\" target=\"_blank\" rel=\"noopener\">Colegio Albor\u00e1n<\/a><\/h4>\n\n\n\n<p class=\"undefined\">El Colegio Albor\u00e1n se distingue como un renombrado centro educativo, privado y biling\u00fce, de ingl\u00e9s y espa\u00f1ol, que abarca desde la Educaci\u00f3n Infantil hasta el Bachillerato. El establecimiento se enorgullece de su comedor que posee cocina propia, ofreciendo men\u00fas saludables y prestando atenci\u00f3n a aquellos alumnos con alergias o intolerancias. Adicionalmente, el colegio potencia su propuesta educativa con un departamento especializado en orientaci\u00f3n y atenci\u00f3n a la diversidad. <\/p>\n\n\n\n<p class=\"undefined\">Es digno de mencionar que los alumnos demuestran notables resultados en selectividad. Las instalaciones del colegio disponen de un espl\u00e9ndido patio y una amplia gama de actividades extraescolares, entre las que destacan la escuela de doma cl\u00e1sica y de m\u00fasica. Aunque su ubicaci\u00f3n se encuentra m\u00e1s alejada de <strong>Costabella<\/strong>, en comparaci\u00f3n con el Colegio Biling\u00fce Las Chapas, en coche esta distancia se cubre con facilidad. <\/p>\n\n\n\n<figure class=\"wp-caption aligncenter\">\n<picture><source width=\"1480\" srcset=\"https:\/\/media.inmobalia.com\/imgV1\/B98Le8~d7M9pwOKhCJcJLIfglZOtvyX13f98gUEkry2AXpxxwVVUW6beaB1CbHQXGOhTMxPEWoq2vSWoPxT0dWUFVpFov6NwmlNzq3qwzpnpHLdM7rElqe7BbCohs_v335R~na2YDKFsbDGQ2hltR6JwAmRyCPpShg--.jpg 1480w\" type=\"image\/webp\"><img decoding=\"async\" class=\"img-fluid \" width=\"1480\" src=\"https:\/\/media.inmobalia.com\/imgV1\/B98Le8~d7M9pwOKhH98twCJY8~z6ePCZX6v4ZFfOvduhBdeVCpC563TEl9~Gba~ZsCNLt5CSrqfb7qaISBEVv0QdM3Qn_hKWzoF247ohWIuY3fPhYV0OihnEnIaGREHL5AWz0m_ol9ZE.jpg\"><\/picture>\n<figcaption class=\"wp-caption-text\"><\/figcaption>\n<\/figure>\n\n\n\n<ul class=\"wp-block-list\">\n<li>HORARIO: De lunes a viernes, de 9:30 a 17:00; s\u00e1bados y domingos, cerrado<\/li>\n\n\n\n<li><a href=\"https:\/\/www.google.com\/maps\/place\/Colegio+Albor%C3%A1n\/@36.5050137,-4.8135144,14z\/data=!4m23!1m16!4m15!1m6!1m2!1s0xd7320b18b2b8591:0x7951bb3974c1203f!2sUrbanizaci%C3%B3n+Costabella,+Marbella!2m2!1d-4.8052337!2d36.5007203!1m6!1m2!1s0xd7320bb50bc11ff:0xe3da0a2fa45e537e!2sColegio+Albor%C3%A1n,+Marbella!2m2!1d-4.799169!2d36.505496!3e0!3m5!1s0xd7320bb50bc11ff:0xe3da0a2fa45e537e!8m2!3d36.505496!4d-4.799169!16s%2Fg%2F12qg467jr?entry=ttu\" target=\"_blank\" rel=\"noopener\">DIRECCI\u00d3N<\/a>: Lugar Urbanizaci\u00f3n Ricmar, s\/n, 29604 Marbella, M\u00e1laga; a 5,0 km, 8 min en coche<\/li>\n\n\n\n<li>TEL\u00c9FONO: 952 83 96 45<\/li>\n<\/ul>\n\n\n\n<h4 class=\"wp-block-heading\"><a href=\"https:\/\/www.dsmalaga.com\/es\/inicio\/\" target=\"_blank\" rel=\"noopener\">Colegio Alem\u00e1n de M\u00e1laga<\/a><\/h4>\n\n\n\n<p class=\"undefined\">\u00bfLe gustar\u00eda que sus hijos dominaran tanto el espa\u00f1ol como el alem\u00e1n? El Colegio Alem\u00e1n de M\u00e1laga se erige como un referente en la educaci\u00f3n biling\u00fce de la regi\u00f3n, otorgando al alem\u00e1n el prestigio que merece, teniendo en cuenta que es uno de los 20 idiomas m\u00e1s hablados en el mundo. <\/p>\n\n\n\n<p class=\"undefined\">Este centro no solo sobresale por su propuesta acad\u00e9mica cimentada en est\u00e1ndares alemanes, sino tambi\u00e9n por su enfoque pedag\u00f3gico de vanguardia. Los docentes, de alta cualificaci\u00f3n, recurren a metodolog\u00edas innovadoras, tales como la inmersi\u00f3n cultural y la adopci\u00f3n de tecnolog\u00eda punta. Asimismo, el colegio propicia los intercambios culturales, concediendo a los alumnos la ocasi\u00f3n de aplicar el alem\u00e1n en contextos aut\u00e9nticos y proporcion\u00e1ndoles una mirada universal. Y, todo ello, a escasos 15 minutos, en coche, desde la subzona de <strong>Costabella<\/strong>, en <strong>Marbella Este<\/strong>.<\/p>\n\n\n\n<ul class=\"wp-block-list\">\n<li>HORARIO: De lunes a jueves, de 9:00 a 16:30, y viernes, de 9:00 a 15:30; s\u00e1bado y domingo cerrado<\/li>\n\n\n\n<li><a href=\"https:\/\/www.google.com\/maps\/place\/Colegio+Alem%C3%A1n+de+M%C3%A1laga\/@36.5118123,-4.800945,14z\/data=!4m23!1m16!4m15!1m6!1m2!1s0xd7320b18b2b8591:0x7951bb3974c1203f!2sUrbanizaci%C3%B3n+Costabella,+Marbella!2m2!1d-4.8052337!2d36.5007203!1m6!1m2!1s0xd732062b6c2cf29:0x9a0a3dbeebf8c608!2sColegio+Alem%C3%A1n+de+M%C3%A1laga,+Calle+Velazquez,+Oj%C3%A9n!2m2!1d-4.7538906!2d36.5296887!3e0!3m5!1s0xd732062b6c2cf29:0x9a0a3dbeebf8c608!8m2!3d36.5296887!4d-4.7538906!16s%2Fg%2F11btlqhb7y?entry=ttu\" target=\"_blank\" rel=\"noopener\">DIRECCI\u00d3N<\/a>: Par; a 8,8 km, 12 min en coche<\/li>\n\n\n\n<li>TEL\u00c9FONO: 951 04 15 20<\/li>\n<\/ul>\n\n\n\n<h3 class=\"wp-block-heading\">A parques<\/h3>\n\n\n\n<h4 class=\"wp-block-heading\">Parque Infantil de Costabella<\/h4>\n\n\n\n<p class=\"undefined\">No todo va a ser estudiar, \u00a1queremos que sus hijos se diviertan c\u00f3mo nunca! Y le aseguramos que en <strong>Costabella<\/strong> van a hacerlo, pues aparte de los entretenimientos y m\u00faltiples actividades que podr\u00e1n realizar en la playa de Costabella, mientas que usted y su pareja disfrutan de un coctel en alguno de los <em>beach clubs<\/em> que le hemos recomendado anteriormente, tambi\u00e9n podr\u00e1 llevarlos al Parque Infantil de <strong>Costabella<\/strong>, y es que, \u00bfqu\u00e9 ni\u00f1o no disfruta de unos columpios? <\/p>\n\n\n\n<p class=\"undefined\">Adem\u00e1s este parque infantil se encuentra situado justo al lado del restaurante <strong>Picassa<\/strong>, por lo que nuestra recomendaci\u00f3n es que: vaya disfrutar de una buena pizza, hecha en su horno de le\u00f1a, mientras sus hijos disfrutan de la manera m\u00e1s cl\u00e1sica posible: en un buen parque. <\/p>\n\n\n\n<h2 class=\"wp-block-heading\"><span class=\"ez-toc-section\" id=\"Envio_a_domicilio_para_que_no_se_mueva_y_tan_solo_disfrute\"><\/span>Env\u00edo a domicilio, para que no se mueva y tan solo disfrute<span class=\"ez-toc-section-end\"><\/span><\/h2>\n\n\n\n<p class=\"undefined\">Una de las grandes ventajas de pasar sus vacaciones en una vivienda es el poder sentirse como en casa, al perder la frialdad que genera, por ejemplo, una habitaci\u00f3n de hotel. \u00bfY qu\u00e9 mejor manera de intensificar esa sensaci\u00f3n que teniendo todo lo que se necesita al alcance de la mano? Sin moverse del inmueble alquilado. A continuaci\u00f3n, se presentan algunas opciones de entrega a domicilio que le permitir\u00e1n disfrutar al m\u00e1ximo de sus d\u00edas de descanso, atendiendo a sus antojos y necesidades sin tener que levantarse de la hamaca o salir de la piscina. <\/p>\n\n\n\n<ul class=\"wp-block-list\">\n<li><strong><a href=\"https:\/\/glovoapp.com\/es\/es\/?utm_source=google&amp;utm_medium=cpc&amp;utm_campaign=google_search_brandprotection_newusers_ES_Exact_digitalbudget_spanish&amp;utm_campaignid=12168399560&amp;utm_adgroupid=115796730454&amp;utm_term=glovo&amp;utm_matchtype=e&amp;utm_device=c&amp;gclid=CjwKCAjwnOipBhBQEiwACyGLumRyLDhgxwsK3AhYCuVx2s46tO_DNrwBGHXRPAChnPU42QlLg30JexoCRq0QAvD_BwE\" target=\"_blank\" rel=\"noopener\">Glovo<\/a><\/strong>: No solo es un recurso esencial para aquellos que buscan una deliciosa comida entregada en la puerta de su alojamiento, sino que tambi\u00e9n ha diversificado su cartera para abarcar entregas de productos farmac\u00e9uticos y de supermercados. <\/li>\n\n\n\n<li><strong><a href=\"https:\/\/www.ubereats.com\/es?utm_source=AdWords_Brand&amp;utm_campaign=CM2225035-search-google-brand_162_-99_ES-National_e_web_acq_cpc_es-ES_T1_Generic_BM_uber%20eats_kwd-111378724137_639006252462_150940917024_b_c&amp;campaign_id=19130929568&amp;adg_id=150940917024&amp;fi_id=&amp;match=b&amp;net=g&amp;dev=c&amp;dev_m=&amp;ad_id=639006252462&amp;cre=639006252462&amp;kwid=kwd-111378724137&amp;kw=uber%20eats&amp;placement=&amp;tar=&amp;gclsrc=aw.ds&amp;gclid=CjwKCAjwnOipBhBQEiwACyGLusNNZ6zjCtVFmItzBgqF-8k4UjaDaZvqdpMWuzj073vhrtkc_QKeJxoCwtkQAvD_BwE\" target=\"_blank\" rel=\"noopener\">Uber Eats<\/a><\/strong>: Con una reputaci\u00f3n robusta respaldada por su contraparte en el mundo del transporte, Uber Eats ha centrado su mirada en la entrega de alimentos, prometiendo una experiencia eficiente y r\u00e1pida. Con una amplia selecci\u00f3n de restaurantes asociados garantiza opciones gastron\u00f3micas para satisfacer todos los gustos. <\/li>\n\n\n\n<li><strong><a href=\"https:\/\/www.just-eat.es\/?adj_tracker=84l7irb_rx4f7ic&amp;adj_campaign=6480637097&amp;campaignname=CM_S_G_ESP_ES_%5BBRAND%5D_%5BENGM%5D_Just%20Eat_Root_National&amp;gad_source=1&amp;gclid=CjwKCAjwnOipBhBQEiwACyGLumHhIQN0YVM3-lHYtXl4gtq0q578W-bDhFJdnjCZe3Ys5qFrSulYwxoCwqMQAvD_BwE&amp;gclsrc=aw.ds\" target=\"_blank\" rel=\"noopener\">Just Eat<\/a><\/strong>: Con una presencia notable en el escenario internacional, es la soluci\u00f3n para aquellos que desean explorar una mayor diversidad culinaria, ya sea comida r\u00e1pida o platos m\u00e1s sofisticados. <\/li>\n\n\n\n<li><strong><a href=\"https:\/\/www.amazon.es\/amazonprime\" target=\"_blank\" rel=\"noopener\">Amazon Prime<\/a><\/strong>: Para atender a casi cualquier necesidad que pueda surgirle durante su estancia: desde comprar un libro hasta llenar la nevera con productos frescos, pues cuenta con todo catalogo de Amazon. Eso si, ser\u00e1 necesario que tenga una suscripci\u00f3n, de 49,90 \u20ac\/a\u00f1o, para que los pedidos le lleguen de la manera m\u00e1s r\u00e1pida, aunque tambi\u00e9n dispone de 30 d\u00edas de prueba gratuita.<\/li>\n\n\n\n<li><strong><a href=\"https:\/\/deliveroo.co.uk\/\" target=\"_blank\" rel=\"noopener\">Deliveroo<\/a><\/strong>: Si lo que buscas es una experiencia gastron\u00f3mica de un calibre superior, Deliveroo es tu aliado perfecto. Especializ\u00e1ndose en la entrega de platos de alta calidad procedentes de restaurantes locales selectos, Deliveroo satisface los paladares m\u00e1s exigentes sin tener que moverse. <\/li>\n<\/ul>\n\n\n\n<h2 class=\"wp-block-heading\"><span class=\"ez-toc-section\" id=\"Que_el_transporte_no_sea_un_problema\"><\/span>Que el transporte no sea un problema<span class=\"ez-toc-section-end\"><\/span><\/h2>\n\n\n\n<h3 class=\"wp-block-heading\">Gasolineras<\/h3>\n\n\n\n<p class=\"undefined\"><em>Para moverse por Marbella Este, por Marbella y por la Costa del Sol <\/em><\/p>\n\n\n\n<h4 class=\"wp-block-heading\">Estaci\u00f3n de Servicio Madese - Repsol<\/h4>\n\n\n\n<p class=\"undefined\">Si decide alquilar una de nuestras propiedades y opta por explorar, con su veh\u00edculo, otras de las subzonas que conforman <strong>Marbella Este<\/strong>, como Bah\u00eda de Marbella o Elviria (m\u00e1s informaci\u00f3n, sobre las distancias, en: <em>Nos ubicamos, \u00bfd\u00f3nde est\u00e1 Costabella?<\/em>), o, incluso ir m\u00e1s all\u00e1 y visitar otras zonas de Marbella, como Puerto Ban\u00fas o Nueva Andaluc\u00eda, u otros de los maravillosos municipios que conforman la Costa del Sol, como: Oj\u00e9n (a 15,9 km, entre 20 y 26 min en coche por A-7), Ist\u00e1n (a 27,4 km, entre 35 y 45 min en coche por Carr. Ist\u00e1n\/A-7176), La Cala de Mijas (a 27,5 km, entre 20 y 28 min en coche por A-7 y AP-7), Benahavis (a 29,6 km, entre 26 y 35 min en coche por Autov\u00eda del Mediterraneo\/A7) o Estepona (a 40,5 km, entre 28 y 40 min en coche por AP-7), seguro que agradece la cercan\u00eda de la Estaci\u00f3n de Servicio Madese - Repsol, la cual se encuentra en <strong>Costabella<\/strong>. <\/p>\n\n\n\n<p class=\"undefined\">Nota: esta gasolinera cuenta con combustible di\u00e9sel. <\/p>\n\n\n\n<ul class=\"wp-block-list\">\n<li>HORARIO: Todos los d\u00edas, durante las 24 horas. <\/li>\n\n\n\n<li><a href=\"https:\/\/www.google.es\/maps\/place\/Estaci%C3%B3n+de+Servicio+Madese+-+Repsol\/@36.5000876,-4.8014627,428m\/data=!3m1!1e3!4m15!1m8!3m7!1s0xd7320b18b2b8591:0x7951bb3974c1203f!2sUrb.+Costabella,+29604+Marbella,+M%C3%A1laga!3b1!8m2!3d36.5007203!4d-4.8052337!16s%2Fg%2F11btx7l5lc!3m5!1s0xd7320baf2c01c2f:0x9c40d6cd93435c1a!8m2!3d36.500227!4d-4.798858!16s%2Fg%2F12qfljl5p?entry=ttu\" target=\"_blank\" rel=\"noopener\">DIRECCI\u00d3N<\/a>: N-340, 29600 Marbella, M\u00e1laga<\/li>\n\n\n\n<li>TEL\u00c9FONO: 952 83 48 83<\/li>\n<\/ul>\n\n\n\n<h3 class=\"wp-block-heading\">Autob\u00fas urbano <\/h3>\n\n\n\n<p class=\"undefined\"><em>Para moverse por Marbella Este<\/em><\/p>\n\n\n\n<h4 class=\"wp-block-heading\">Avanza<\/h4>\n\n\n\n<p class=\"undefined\">En el caso de que tome la decisi\u00f3n de dejar su coche en casa, no se preocupe porque tendr\u00e1 la opci\u00f3n de desplazarse, por otras de las subzonas que conforman <strong>Marbella Este<\/strong>, como Elviria, Bah\u00eda de Marbella o Cabopino, a trav\u00e9s de los autobuses urbanos que brinda la compa\u00f1\u00eda Avanza, una de los principales operadores de transporte de nuestro pa\u00eds, Espa\u00f1a (+ info sobre l\u00edneas en: <em>Nos ubicamos: \u00bfdonde est\u00e1 Costabella?<\/em>); cuyos horarios podr\u00e1 consultar a trav\u00e9s de su app: Avanza - Costa del Sol, disponible tanto para <a href=\"https:\/\/play.google.com\/store\/apps\/details?id=com.geoactio.portilloavanza&amp;hl=es&amp;gl=US&amp;pli=1\" target=\"_blank\" rel=\"noopener\">Android<\/a> como para <a href=\"https:\/\/apps.apple.com\/es\/app\/avanza-costa-del-sol\/id1270146915\" target=\"_blank\" rel=\"noopener\">iOS<\/a>. El coste del autob\u00fas es de, tan solo, 1,18&nbsp;\u20ac. <\/p>\n\n\n\n<h3 class=\"wp-block-heading\">Taxi y otros servicios de transporte<\/h3>\n\n\n\n<p class=\"undefined\"><em>Para moverse por Marbella Este o por Marbella&nbsp;<\/em><\/p>\n\n\n\n<p class=\"undefined\">Los taxis, o los servicios de transporte privado, como Uber o Bolt, son perfectos para trayectos cortos dentro de <strong>Marbella Este<\/strong> o incluso dentro Marbella; ya que si nos vamos m\u00e1s all\u00e1 de Marbella, hacia otros municipios de la Costa del Sol, como Mijas o Benahav\u00eds, el precio se podr\u00eda resultar m\u00e1s elevado.<\/p>\n\n\n\n<ul class=\"wp-block-list\">\n<li><strong>Taxi<\/strong>: Para aquellos que buscan una opci\u00f3n m\u00e1s directa y privada los taxis est\u00e1n ampliamente disponibles en Marbella. Entre los servicios de taxis m\u00e1s comunes de Marbella encontramos dos compa\u00f1\u00edas: <a href=\"https:\/\/www.taxisolmarbella.com\/\" target=\"_blank\" rel=\"noopener\"><strong>Taxisol<\/strong><\/a> (952 77 44 88) y <strong>Taxi Marbella<\/strong> (618 34 89 24). <\/li>\n\n\n\n<li><strong><a href=\"https:\/\/www.uber.com\/es\/en\/ride\/?ad_id=623050559222&amp;adg_id=148286515864&amp;campaign_id=18388070762&amp;cre=623050559222&amp;dev=c&amp;dev_m=&amp;fi_id=&amp;gad_source=1&amp;gclid=CjwKCAjwnOipBhBQEiwACyGLuhwLin2fKKxMza4DmfP0rFH54wHydpVO0DLFwL6tzuHwWATqZsuLsRoCNDgQAvD_BwE&amp;gclsrc=aw.ds&amp;kw=uber&amp;kwid=kwd-12633382&amp;match=b&amp;net=g&amp;placement=&amp;tar=&amp;utm_campaign=CM2215725-search-google-brand_162_-99_ES-National_r_web_acq_cpc_es_T1_Generic_BM_uber_kwd-12633382_623050559222_148286515864_b_c&amp;utm_source=AdWords_Brand\" target=\"_blank\" rel=\"noopener\">Uber<\/a><\/strong>: Ya le hablamos antes de Uber Eats, para la entrega de su comida a domicilio, pues bien, la empresa Uber tambi\u00e9n cuenta con un excelente servicio de transporte que le permitir\u00e1 desplazarse por <strong>Marbella Este<\/strong> y por otras zonas de Marbella, \u00bfc\u00f3mo? Pues es muy sencillo, tan solo tiene que pedir un Uber descarg\u00e1ndote su app, disponible tanto en <a href=\"https:\/\/play.google.com\/store\/apps\/details?id=com.ubercab&amp;hl=es_419&amp;gl=US\" target=\"_blank\" rel=\"noopener\">Android<\/a> como en <a href=\"https:\/\/apps.apple.com\/es\/app\/uber-viajes-asequibles\/id368677368\" target=\"_blank\" rel=\"noopener\">iOS<\/a>.&nbsp;<\/li>\n\n\n\n<li><a href=\"https:\/\/bolt.eu\/es-es\/?utm_source=googleadwords_int&amp;utm_medium=cpc&amp;utm_campaign=es_brand_search&amp;utm_source=google&amp;utm_medium=ads&amp;utm_campaign=14577844312&amp;gclid=CjwKCAjwnOipBhBQEiwACyGLumgVFHdc68Dqi6PTvJLXCR_r40NOtyqqM3AwCJW6b7aLzzQDCVuAPhoC9XsQAvD_BwE\" target=\"_blank\" rel=\"noopener\"><strong>Bolt<\/strong><\/a>: Conocida anteriormente como Taxify, se trata de una plataforma muy similar a Uber, tan solo desc\u00e1rgate su app, disponible para todos los sistemas operativos: <a href=\"https:\/\/play.google.com\/store\/apps\/details?id=ee.mtakso.client&amp;hl=es_419&amp;gl=US\" target=\"_blank\" rel=\"noopener\">Andorid<\/a> e <a href=\"https:\/\/apps.apple.com\/es\/app\/bolt-solicita-viajes-24-7\/id675033630\" target=\"_blank\" rel=\"noopener\">iOS<\/a>, y mu\u00e9vase donde quiera desde <strong>Costabella<\/strong>.&nbsp;<\/li>\n\n\n\n<li><a href=\"https:\/\/cabify.com\/es\" target=\"_blank\" rel=\"noopener\"><strong>Cabify<\/strong><\/a>: Esta empresa espa\u00f1ola a ido ganando popularidad poco a poco, \u00bfsu funcionamiento? Igual que las dos anteriores, descarga la app y pide un cabify, \u00a1tan sencillo como eso!: <a href=\"https:\/\/play.google.com\/store\/apps\/details?id=com.cabify.rider&amp;hl=es&amp;gl=US\" target=\"_blank\" rel=\"noopener\">Google Play<\/a> y <a href=\"https:\/\/apps.apple.com\/es\/app\/cabify\/id476087442\" target=\"_blank\" rel=\"noopener\">Apple Store<\/a><\/li>\n<\/ul>\n\n\n\n<h3 class=\"wp-block-heading\">Coche de alquiler <\/h3>\n\n\n\n<p class=\"undefined\"><em>Para moverse por Marbella Este, por Marbella y por la Costa del Sol<\/em><\/p>\n\n\n\n<p class=\"undefined\">Si ha decidido viajar a Marbella sin su veh\u00edculo y tiene la intenci\u00f3n de explorar la Costa del Sol a su ritmo, ya sea las subzonas que abarca la zona de <strong>Marbella Este<\/strong>, otras zonas de Marbella, como la magn\u00edfica Golden Mile o Puerto Ban\u00fas, u otros municipios de la Costa del Sol, como Mijas o Benahavis, queremos facilitarle informaci\u00f3n sobre algunas de las principales empresas de alquiler de coches. <\/p>\n\n\n\n<ul class=\"wp-block-list\">\n<li><strong><a href=\"https:\/\/www.goldcar.es\/?gclsrc=aw.ds&amp;gad_source=1&amp;gclid=CjwKCAjwv-2pBhB-EiwAtsQZFF77M_jxmmWLwp8kMYd1IH_M7G5AgodPlcYvnSG63DhvruXUgb6cbxoCKD4QAvD_BwE&amp;gclsrc=aw.ds\" target=\"_blank\" rel=\"noopener\">Goldcar<\/a><\/strong> (918 341 400): Conocida por sus tarifas asequibles, Goldcar es una opci\u00f3n popular entre los turistas que buscan alquilar un veh\u00edculo sin gastar demasiado. Tienen una amplia variedad de modelos de coches, desde compactos, ideales para la ciudad, hasta veh\u00edculos m\u00e1s grandes para familias o grupos. Adem\u00e1s son una opci\u00f3n muy recurrente para aquellos que vienen a pasar sus vacaciones a la Costa del Sol, y es que, entre sus m\u00faltiples sedes, una de ellas est\u00e1 <a href=\"https:\/\/www.google.com\/maps\/place\/Goldcar+Malaga+Airport\/@36.5909725,-5.0085478,10z\/data=!4m20!1m13!4m12!1m4!2m2!1d-4.8910806!2d36.5103971!4e1!1m6!1m2!1s0xd72fa3d9e7990e5:0x5798a16bbb994fff!2sgoldacr+aeropouetrot+de+malaga!2m2!1d-4.4888756!2d36.6755064!3m5!1s0xd72fa3d9e7990e5:0x5798a16bbb994fff!8m2!3d36.6755064!4d-4.4888756!16s%2Fg%2F1tdb1130?entry=ttu\" target=\"_blank\" rel=\"noopener\">localizada en Aeropuerto de M\u00e1laga<\/a> (Av. del Comandante Garc\u00eda Morato, 48, 29004 M\u00e1laga), y brinda sus servicios de lunes a domingo, de 07:00 a 23:01, y otra est\u00e1 <a href=\"https:\/\/www.google.com\/maps\/place\/Goldcar+Gibraltar+-+La+L%C3%ADnea\/@36.3406568,-5.4441295,10z\/data=!4m20!1m13!4m12!1m4!2m2!1d-4.891099!2d36.5104055!4e1!1m6!1m2!1s0xd0cc08917f39f81:0x9dd91116b42c9dc6!2sgoldcar+gribrlatar!2m2!1d-5.3483234!2d36.1571587!3m5!1s0xd0cc08917f39f81:0x9dd91116b42c9dc6!8m2!3d36.1571587!4d-5.3483234!16s%2Fg%2F11btysk2ct?entry=ttu\" target=\"_blank\" rel=\"noopener\">localizada en Gibraltar - La L\u00ednea<\/a> (La L\u00ednea de la Concepci\u00f3n), y brinda sus servicios de lunes a domingo, de 09:00 a 19:59; \u00bfnuestra recomendaci\u00f3n? Que alquiler su veh\u00edculo en el aeropuerto de M\u00e1laga, tras bajarse del avi\u00f3n, y se olvide de preocupaciones, en relaci\u00f3n con el transporte, durante su estancia en <strong>Costabella<\/strong>, y que reserve su veh\u00edculo, con tiempo, desde la web. <\/li>\n\n\n\n<li><strong><a href=\"https:\/\/www.avis.es\/?cid=pp_site-GOOGLE_camp-18320326037_adgroup-140837266523_target-kwd-13402896_creative-621382492707_device-c_feed-&amp;gad_source=1&amp;gclid=CjwKCAjwv-2pBhB-EiwAtsQZFF7XlJkWcMVcT7EKC0Gn7Kp76IGOYsUbi8POqPDsiHVkXEiLk3HVShoCCG0QAvD_BwE&amp;gclsrc=aw.ds\" target=\"_blank\" rel=\"noopener\">Avis<\/a><\/strong> (951 32 40 60): Si busca una experiencia de alquiler m\u00e1s premium, Avis podr\u00eda ser la opci\u00f3n adecuada para usted. Esta empresa destaca, seg\u00fan los usuarios, por su r\u00e1pido servicio al cliente, de tipo Quick Pass, y por ofrecer veh\u00edculos, tanto coches como furgonetas, de alta gama. Su <a href=\"https:\/\/www.google.com\/maps\/place\/Avis+Alquiler+de+coches+-+Marbella\/@36.5057311,-4.961481,13z\/data=!4m20!1m13!4m12!1m4!2m2!1d-4.8910923!2d36.5103981!4e1!1m6!1m2!1s0xd72d6269c8d3b2b:0x6ed31778fe9deb8!2savis!2m2!1d-4.9508844!2d36.4936557!3m5!1s0xd72d6269c8d3b2b:0x6ed31778fe9deb8!8m2!3d36.4936557!4d-4.9508844!16s%2Fg%2F11bbwyrs4d?entry=ttu\" target=\"_blank\" rel=\"noopener\">ubicaci\u00f3n<\/a> es Autov\u00eda del Mediterr\u00e1neo, 340, km 175, 29660 Marbella, M\u00e1laga, y su horario es de lunes a viernes, de 9:00 a 13:45 y de 15:30 a 17:45, y s\u00e1bados, de 10:00 a 13:00; domingos cerrado. Le recomendamos, tambi\u00e9n, reservar con tiempo su veh\u00edculo desde la web para garantizarse el mismo. <\/li>\n\n\n\n<li><strong><a href=\"https:\/\/www.yellowcar.com\/\" target=\"_blank\" rel=\"noopener\">Yellow Car<\/a><\/strong> (952 83 14 92): Se trata de una empresa local de alquiler de coches nacida en 1972 y que, a lo largo de los a\u00f1os, ha expandido su presencia, contando con oficinas en lugares estrat\u00e9gicos de la Costa del Sol como: el <a href=\"https:\/\/www.google.com\/maps\/place\/Yellow+Car\/@36.5909725,-5.0085478,10z\/data=!3m1!5s0xd72fa22634a684b:0x1a1c54a06d8292fb!4m20!1m13!4m12!1m4!2m2!1d-4.8910686!2d36.5103977!4e1!1m6!1m2!1s0xd72fa22637f83e7:0x4d03a9505ebbce94!2sYellow+Car,+Av.+del+Comandante+Garc%C3%ADa+Morato,+53,+29004+M%C3%A1laga!2m2!1d-4.4874662!2d36.6755131!3m5!1s0xd72fa22637f83e7:0x4d03a9505ebbce94!8m2!3d36.6755131!4d-4.4874662!16s%2Fg%2F11b5plrwp1?entry=ttu\" target=\"_blank\" rel=\"noopener\">Aeropuerto de M\u00e1laga<\/a> (Av. del Comandante Garc\u00eda Morato, 53, 29004; Planta 0), abierta todos los d\u00edas, durante las 24 horas, la Cala de Mijas y, por supuesto, en <a href=\"https:\/\/www.google.com\/maps\/place\/Yellow+Car\/@36.5054291,-4.8182583,15.06z\/data=!3m1!5s0xd7320ace3f82899:0x72319a1d00cd5356!4m20!1m13!4m12!1m4!2m2!1d-4.8910088!2d36.5103958!4e1!1m6!1m2!1s0xd72fa22637f83e7:0xf962868fcd390272!2sYellow+Car,+Urb.+El+Rosario,+C.+los+Limoneros,+29604+Marbella,+M%C3%A1laga!2m2!1d-4.8087341!2d36.5047822!3m5!1s0xd72fa22637f83e7:0xf962868fcd390272!8m2!3d36.5047822!4d-4.8087341!16s%2Fg%2F1ttpcngv?entry=ttu\" target=\"_blank\" rel=\"noopener\">Marbella<\/a>, abierta de lunes a domingo, de 9:00 a 14:00 y de 16:00 a 19:00. Adem\u00e1s, precisamente, su sede en Marbella se ubica en la zona <strong>Marbella Este<\/strong>, en en El Rosario (C. Los Limoneros, 29604 Marbella, M\u00e1laga), donde tambi\u00e9n se encuentra <strong>Costabella<\/strong>. Al igual que en Goldcar o Avis, tambi\u00e9n le recomendamos reservar con antelaci\u00f3n. <\/li>\n<\/ul>\n\n\n\n<p class=\"undefined\">Es esencial que, al alquilar un veh\u00edculo, revise todos los t\u00e9rminos y condiciones, incluidos los seguros y las pol\u00edticas de combustible.<\/p>\n\n\n\n<h2 class=\"wp-block-heading\"><span class=\"ez-toc-section\" id=\"Mas_alla_de_Costabella_Marbella_Este\"><\/span>M\u00e1s all\u00e1 de Costabella: Marbella Este<span class=\"ez-toc-section-end\"><\/span><\/h2>\n\n\n\n<p class=\"undefined\"><strong>Costabella<\/strong>, con su encanto y servicios, es un destacado punto de partida para que usted explore otras maravillas de <strong>Marbella Este<\/strong>. Como ya habr\u00e1 visto, esta subzona ya ofrece pr\u00e1cticamente todo lo que un visitante podr\u00eda desear, sin embargo, siempre podr\u00e1 ir m\u00e1s all\u00e1, usando la informaci\u00f3n tan detallada que le hemos ofrecido en<em> Que el transporte no sea un problema<\/em>, y descubrir todos los privilegios que la zona de <strong>Marbella Este<\/strong> tiene para ofrecerle. <\/p>\n\n\n\n<p class=\"undefined\">Elviria es un excelente ejemplo, conocida por su emblem\u00e1tica Playa de Elviria. All\u00ed, los amantes de las emociones fuertes tienen la oportunidad de disfrutar de actividades acu\u00e1ticas en Moto N\u00e1utica Marbella o Waterfun Marbella, as\u00ed co; de excelentes beach clubs como el Aqu\u00ed Te Quiero Ver o el Siroko Beach.<\/p>\n\n\n\n<figure class=\"wp-caption aligncenter\">\n<picture><source width=\"1480\" srcset=\"https:\/\/media.inmobalia.com\/imgV1\/B98Le8~d7M9pwOKhCJcJLIfglZOtvyX13f98gUEkry2AXpxxwVVUW6beaB1CbHQXGOhTMxPEWoq2vSWoPxT0dWUFVpFov6NwmlNzq3qwzpnpHLdM7rElqeCsXD2h1BF968hiuGxPApWQyW6~oohQWvI-.jpg 1480w\" type=\"image\/webp\"><img decoding=\"async\" class=\"img-fluid \" width=\"1480\" src=\"https:\/\/media.inmobalia.com\/imgV1\/B98Le8~d7M9pwOKhH98twCJY8~z6ePCZX6v4ZFfOvduhBdeVCpC563TEl9~Gba~ZsCNLt5CSrqfb7qaISBEVv0QdM3Qn_hKWwGIiVBFawmVfLBYeJ1vcV7sE3HeSg9YMng--.jpg\"><\/picture>\n<figcaption class=\"wp-caption-text\"><\/figcaption>\n<\/figure>\n\n\n\n<p class=\"undefined\">Por su parte, Los Monteros alberga la serena Playa del Alicate, que es hogar de destinos como NOSSO Summer Club Marbella, Hipop\u00f3tamos Beach, Restaurante Los Sardinales y Oyana Beach. No muy lejos, la Playa Los Monteros invita a los visitantes a descubrir El Kiosco Kite Surf Marbella y el sofisticado Trocadero Arena.<\/p>\n\n\n\n<figure class=\"wp-caption aligncenter\">\n<picture><source width=\"1480\" srcset=\"https:\/\/media.inmobalia.com\/imgV1\/B98Le8~d7M9pwOKhCJcJLIfglZOtvyX13f98gUEkry2AXpxxwVVUW6beaB1CbHQXGOhTMxPEWoq2vSWoPxT0dWUFVpFov6NwmlNzq3qwzpnpHLdM7rElqfl5iocmRLqyWDLB3KZE7vceqUo-.jpg 1480w\" type=\"image\/webp\"><img decoding=\"async\" class=\"img-fluid \" width=\"1480\" src=\"https:\/\/media.inmobalia.com\/imgV1\/B98Le8~d7M9pwOKhH98twCJY8~z6ePCZX6v4ZFfOvduhBdeVCpC563TEl9~Gba~ZsCNLt5CSrqfb7qaISBEVv0QdM3Qn_hKW2ZcLH1Zt4iDWftyazxZFJRnujQ--.jpg\"><\/picture>\n<figcaption class=\"wp-caption-text\"><\/figcaption>\n<\/figure>\n\n\n\n<p class=\"undefined\">Siguiendo nuestro recorrido, encontramos Bah\u00eda de Marbella, un refugio de tranquilidad, y Cabopino, cuyo mayor atractivo es la pintoresca Playa de Cabopino. El Rosario, Marbesa, R\u00edo Real Golf y La Mairena completan la lista de subzonas cercanas a <strong>Costabella<\/strong>, en Marbella Este, que ofrecen una combinaci\u00f3n de naturaleza, deporte, gastronom\u00eda y playas de nivel. <\/p>\n\n\n\n<h2 class=\"wp-block-heading\"><span class=\"ez-toc-section\" id=\"Mas_alla_de_Marbella_Este_Marbella_Centro_Marbella_Casco_Historico_y_Puerto_Banus\"><\/span><strong>M\u00e1s all\u00e1 de Marbella Este: Marbella Centro, Marbella Casco Hist\u00f3rico y Puerto Ban\u00fas<\/strong><span class=\"ez-toc-section-end\"><\/span><\/h2>\n\n\n\n<p class=\"undefined\">Por otro lado, es muy probable que se decante por salir de <strong>Marbella Este<\/strong> y visitar otras de las muchas zonas que conforma Marbella, como podr\u00edan ser <strong>Marbella Centro<\/strong>, <strong>Marbella Casco Hist\u00f3rico<\/strong> o, el gran atractivo tur\u00edstico, <strong>Puerto Ban\u00fas<\/strong> (la informaci\u00f3n acerca de la distancia a estos lugares la podr\u00e1 encontrar en el apartado: <em>Nos ubicamos, \u00bfd\u00f3nde est\u00e1 Costabella?<\/em>); y es por ello que en los siguientes p\u00e1rrafos queremos hablarle, de una manera m\u00e1s detallada, de cada uno de estos lugares. <\/p>\n\n\n\n<h3 class=\"wp-block-heading\">Marbella Casco Hist\u00f3rico<\/h3>\n\n\n\n<p class=\"undefined\">\"Yo vuelvo por mis alas, dejadme volver. Quiero morirme siendo, siendo amanecer\", de Federico Garcia Lorca, es una de las muchas citas literarias que podr\u00e1 encontrar en los rincones del Casco Hist\u00f3rico de Marbella; y es que <strong>Marbella<\/strong> es eso, un lugar donde querr\u00e1 volver, siempre que pueda, para enamorarse de sus amaneceres y atardeceres, de sus paredes encaladas y suelos adoquinados que relatan historias de siglos pasados o de lugares emblem\u00e1ticos, como la <strong>Plaza de los Naranjos<\/strong> o la <strong>Iglesia de Nuestra Se\u00f1ora de la Encarnaci\u00f3n<\/strong>, como ese adolescente que conoce el amor por primera vez. <\/p>\n\n\n\n<figure class=\"wp-caption aligncenter\">\n<picture><source width=\"1480\" srcset=\"https:\/\/media.inmobalia.com\/imgV1\/B98Le8~d7M9pwOKhCJcJLIfglZOtvyX13f98gUEkry2AXpxxwVVUW6beaB1CbHQXGOhTMxPEWoq2vSWoPxT0dWUFVpFov6NwmlNzq3qwzpnpHLdM7rElqeCihT5PHFnGjoSWw3iSa9ttyYhxlumd8mxtiEc-.jpg 1480w\" type=\"image\/webp\"><img decoding=\"async\" class=\"img-fluid \" width=\"1480\" src=\"https:\/\/media.inmobalia.com\/imgV1\/B98Le8~d7M9pwOKhH98twCJY8~z6ePCZX6v4ZFfOvduhBdeVCpC563TEl9~Gba~ZsCNLt5CSrqfb7qaISBEVv0QdM3Qn_hKWwGw_tCjkPzlbOn63MCuTU~sveNnAy3tKy9uGcg--.jpg\"><\/picture>\n<figcaption class=\"wp-caption-text\"><\/figcaption>\n<\/figure>\n\n\n\n<p class=\"undefined\">El coraz\u00f3n de <strong>Marbella<\/strong> es un rinc\u00f3n vibrante donde los aromas florales y de comida local se entremezclan con los sonidos de las risas, las conversaciones y la m\u00fasica en directo tocada por m\u00fasicos callejeros. Caf\u00e9s con terraza, restaurantes tradicionales, boutiques exclusivas, rincones decorados con flores y citas literarias y peque\u00f1as tiendas locales ofrecen una mezcla encantadora de historia y modernidad. El casco antiguo es un punto de encuentro donde las tradiciones antiguas coexisten con las comodidades modernas, brindando a los visitantes una experiencia \u00fanica y atemporal. Sin duda, es un lugar que cautivar\u00e1 a quienes desean conocer la verdadera esencia marbell\u00ed y la belleza andaluza m\u00e1s pura. <\/p>\n\n\n\n<figure class=\"wp-caption aligncenter\">\n<picture><source width=\"1480\" srcset=\"https:\/\/media.inmobalia.com\/imgV1\/B98Le8~d7M9pwOKhCJcJLIfglZOtvyX13f98gUEkry2AXpxxwVVUW6beaB1CbHQXGOhTMxPEWoq2vSWoPxT0dWUFVpFov6NwmlNzq3qwzpnpHLdM7rElqeCihT5PHFnGjoSWw3iSa9ttyYhxlumd8m9j4tXj6Q--.jpg 1480w\" type=\"image\/webp\"><img decoding=\"async\" class=\"img-fluid \" width=\"1480\" src=\"https:\/\/media.inmobalia.com\/imgV1\/B98Le8~d7M9pwOKhH98twCJY8~z6ePCZX6v4ZFfOvduhBdeVCpC563TEl9~Gba~ZsCNLt5CSrqfb7qaISBEVv0QdM3Qn_hKWwGw_tCjkPzlbOn63MCuTU~sveNnAy3tKyNSDVLBx.jpg\"><\/picture>\n<figcaption class=\"wp-caption-text\"><\/figcaption>\n<\/figure>\n\n\n\n<h3 class=\"wp-block-heading\">Marbella Centro<\/h3>\n\n\n\n<p class=\"undefined\">A tan solo 10 minutos, en coche, de <strong>Costabella<\/strong>, el centro de Marbella destaca como un punto de confluencia entre la tradici\u00f3n andaluza y el cosmopolitismo. Sus calles empedradas y edificios encalados contrastan con avenidas modernas y espaciosos parques urbanos. La <strong>playa de Venus<\/strong>, la <strong>playa de La Fontanilla<\/strong> y la <strong>playa de La Bajadilla,<\/strong> entre otras, bordean el centro, brindando variadas experiencias costeras. Es imprescindible mencionar el <strong>Puente Romano<\/strong>, vestigio hist\u00f3rico que evoca la rica historia de la ciudad.<\/p>\n\n\n\n<figure class=\"wp-caption aligncenter\">\n<picture><source width=\"1480\" srcset=\"https:\/\/media.inmobalia.com\/imgV1\/B98Le8~d7M9pwOKhCJcJLIfglZOtvyX13f98gUEkry2AXpxxwVVUW6beaB1CbHQXGOhTMxPEWoq2vSWoPxT0dWUFVpFov6NwmlNzq3qwzpnpHLdM7rElqeCihT5PHFnGjoSSWcGRCl6B_uQ-.jpg 1480w\" type=\"image\/webp\"><img decoding=\"async\" class=\"img-fluid \" width=\"1480\" src=\"https:\/\/media.inmobalia.com\/imgV1\/B98Le8~d7M9pwOKhH98twCJY8~z6ePCZX6v4ZFfOvduhBdeVCpC563TEl9~Gba~ZsCNLt5CSrqfb7qaISBEVv0QdM3Qn_hKWwGw_tCjkPzlbOnrdd0pntiQ3Lw--.jpg\"><\/picture>\n<figcaption class=\"wp-caption-text\"><\/figcaption>\n<\/figure>\n\n\n\n<p class=\"undefined\">Adem\u00e1s, para quienes aprecien las compras en tiendas de marcas de renombre, tales como Adolfo Dominguez en moda; Swarovski en joyer\u00edas y bisuter\u00eda; Calzedonia en complementos y zapater\u00eda; Apple Store en tecnolog\u00eda y ocio; Solaris en \u00f3ptica; Kiko en perfumer\u00eda y est\u00e9tica; e Imaginarium en jugueter\u00eda, el centro comercial La Ca\u00f1ada resulta ser una parada obligatoria. Asimismo, aquellos que prefieran una experiencia gastron\u00f3mica en restaurantes franquiciados, como Foster's Hollywood, encontrar\u00e1n en <strong><a href=\"https:\/\/www.google.es\/maps\/place\/La+Ca%C3%B1ada+Shopping+Center\/@36.5212264,-4.8771054,17z\/data=!4m14!1m7!3m6!1s0xd72d81287a0dcd1:0x14c315d3b184eeba!2sLa+Ca%C3%B1ada+Shopping+Center!8m2!3d36.5212264!4d-4.8745305!16s%2Fg%2F11bwhb9j9b!3m5!1s0xd72d81287a0dcd1:0x14c315d3b184eeba!8m2!3d36.5212264!4d-4.8745305!16s%2Fg%2F11bwhb9j9b?entry=ttu\" target=\"_blank\" rel=\"noopener\">La Ca\u00f1ada Shopping Center<\/a><\/strong> una excelente opci\u00f3n.<\/p>\n\n\n\n<p class=\"undefined\">En resumen, el centro de Marbella simboliza una armoniosa combinaci\u00f3n de cultura, comercio y costa.<\/p>\n\n\n\n<h3 class=\"wp-block-heading\">Puerto Ban\u00fas<\/h3>\n\n\n\n<p class=\"undefined\">Puerto Ban\u00fas, situado a escasos 15 minutos, en coche, de <strong>Costabella<\/strong>, es el s\u00edmbolo indiscutible del lujo en Marbella. Este enclave opulento es un despliegue de yates majestuosos y boutiques exclusivas, con marcas ic\u00f3nicas como Loewe, Dolce &amp; Gabbana, Bulgari, Fendi, Versace y Dior bordeando sus paseos. <\/p>\n\n\n\n<figure class=\"wp-caption aligncenter\">\n<picture><source width=\"1480\" srcset=\"https:\/\/media.inmobalia.com\/imgV1\/B98Le8~d7M9pwOKhCJcJLIfglZOtvyX13f98gUEkry2AXpxxwVVUW6beaB1CbHQXGOhTMxPEWoq2vSWoPxT0dWUFVpFov6NwmlNzq3qwzpnpHLdM7rElqf2o4iubHCwL6r5ulYMs1PA-.jpg 1480w\" type=\"image\/webp\"><img decoding=\"async\" class=\"img-fluid \" width=\"1480\" src=\"https:\/\/media.inmobalia.com\/imgV1\/B98Le8~d7M9pwOKhH98twCJY8~z6ePCZX6v4ZFfOvduhBdeVCpC563TEl9~Gba~ZsCNLt5CSrqfb7qaISBEVv0QdM3Qn_hKW3aFCROuRfRiRDqvatq2kMg--.jpg\"><\/picture>\n<figcaption class=\"wp-caption-text\"><\/figcaption>\n<\/figure>\n\n\n\n<p class=\"undefined\">Durante el d\u00eda, los visitantes pueden recorrer el muelle, quedando cautivados por la impresionante vista de veh\u00edculos y embarcaciones de lujo.Al caer la noche, Puerto Ban\u00fas se transforma, adoptando un ambiente festivo lleno de vitalidad, donde la elegancia de sus terrazas y restaurantes se fusiona con el bullicio de sus clubes nocturnos. Es el lugar donde la \u00e9lite converge con aquellos que buscan un toque de sofisticaci\u00f3n y glamuroso. <\/p>\n\n\n\n<figure class=\"wp-caption aligncenter\">\n<picture><source width=\"1480\" srcset=\"https:\/\/media.inmobalia.com\/imgV1\/B98Le8~d7M9pwOKhCJcJLIfglZOtvyX13f98gUEkry2AXpxxwVVUW6beaB1CbHQXGOhTMxPEWoq2vSWoPxT0dWUFVpFov6NwmlNzq3qwzpnpHLdM7rElqf2o4iubHCwL6r5ulYCWvAlmhg--.jpg 1480w\" type=\"image\/webp\"><img decoding=\"async\" class=\"img-fluid \" width=\"1480\" src=\"https:\/\/media.inmobalia.com\/imgV1\/B98Le8~d7M9pwOKhH98twCJY8~z6ePCZX6v4ZFfOvduhBdeVCpC563TEl9~Gba~ZsCNLt5CSrqfb7qaISBEVv0QdM3Qn_hKW3aFCROuRfRiRDqvatZ909Hti.jpg\"><\/picture>\n<figcaption class=\"wp-caption-text\"><\/figcaption>\n<\/figure>\n\n\n\n<p class=\"undefined\">Le recomendamos venir, aunque sea, para hacer una visita a uno de los lugares m\u00e1s emblem\u00e1ticos de la Costa del Sol, \u00a1no se arrepentir\u00e1!&nbsp;<\/p>\n\n\n\n<h2 class=\"wp-block-heading\"><span class=\"ez-toc-section\" id=\"Un_lugar_donde_ser\"><\/span>Un lugar donde ser<span class=\"ez-toc-section-end\"><\/span><\/h2>\n\n\n\n<p class=\"undefined\">Dicen que no somos de d\u00f3nde nacemos sino de donde pacemos. Nuestra CEO, Vivienne Thoennessen es de origen Alem\u00e1n, aunque ha crecido, junto a su hermana, Felicitas Thoennessen, COO, y su madre, Brigitte Thoennessen, CO-Founder de Homewatch, en <strong>Costabella<\/strong>, y considera esta zona como su hogar. <\/p>\n\n\n\n<p class=\"undefined\">Un hogar donde criar a sus hijos, pues dispone de los mejores colegios de todo Marbella, as\u00ed como de parques infantiles; donde disfrutar de un buen coctel, en sus m\u00faltiples chiringuitos, o de una cena glamurosa, en el Don Quijote Restaurante; de una partida de p\u00e1del, con amigos o en familia, en el Royal Tennis Club Marbella, o de partida de golf, donde los problemas parecen desvanecerse en un <em>swing<\/em> dirigido hacia el extenso mar Mediterr\u00e1neo; o, incluso, donde ir m\u00e1s all\u00e1 y visitar todo lo que Marbella tiene para ense\u00f1arle. En definitiva, un lugar donde vivir y, sobre todo, vivir siendo la mejor versi\u00f3n de ti mismo. <\/p>\n\n\n\n<p class=\"undefined\">Desde <strong>Homewatch<\/strong> queremos ayudarte a ello, dejando a tu disposici\u00f3n nuestras multitud de propiedades de alquiler, de corta y larga temporada, y algunas tambi\u00e9n de venta, en <strong>Costabella<\/strong>: Adosado Escandinavia, Alvarito Playa, Casa Julia, Casa Sonja, El Arenal, Semarango Penthouse, Villa Keka o Villa Vista; porque, al igual que nosotros nos hemos encontrado con esta zona y la hemos convertido en nuestro hogar, queremos que usted viva lo mismo que nos hizo enamorarnos de la que podr\u00eda se considerada, sin lugar a duda y como su propio nombre indica, la zona m\u00e1s de <em>bella<\/em> de la <em>costa<\/em>, que no es poco.<\/p>\n\n\n\t\t\t<section class=\"selection-wrapper mt-5 mt-lg-7 mt-xxl-10 wp-block-acf-propertyselection\">\n\t\t\t\t<div class=\"container-fluid max-width d-flex flex-column align-items-start align-items-lg-center\">\n\t\t\t\t\t<div class=\"col-xl-6 mb-4 mb-lg-5\">\n\t\t\t\t\t\t\t\t\t\t\t\t\t<h2 class=\"h1 text-md-center mb-4\"><span class=\"ez-toc-section\" id=\"Propiedades_en_alquiler_en_Costabella_Marbella_Este_Todas_las_propiedades_en_alquiler_Marbella_Marbella_Este_Costabella\"><\/span>\n\t\t\t\t\t\t\t\t\t\t\t\t\t\t\t\t\t<span class=\"htitle\">Propiedades en alquiler en Costabella, Marbella Este<\/span>\n\t\t\t\t\t\t\t\t\t\t\t\t\t\t\t\tTodas las propiedades en alquiler \/ Marbella \/ Marbella Este \/ Costabella\t\t\t\t\t\t\t<span class=\"ez-toc-section-end\"><\/span><\/h2>\n\t\t\t\t\t\t\t\t\t\t\t\t<p class=\"text-md-center mb-0 mx-auto\">Encontradas 13 propiedades en alquiler en Costabella, Marbella Este.<\/p>\n\t\t\t\t\t<\/div>\n\t\t\t\t\t<div id=\"cardsFancyCarousel\" class=\"offcanvas-carousel w-100 four-items\">\n\t\t\t\t\t\t<article class=\"f-carousel__slide card col position-relative flex-column\">\n\t<figure class=\"position-relative w-100 mb-2\">\n\t\t<a class=\"card-portfolio position-absolute\" data-pfl-id=\"656523\" data-pfl-filter=\"rent-short\" href=\"#\">\n\t\t\t<svg width=\"20\" fill=\"currentColor\" viewBox=\"0 0 512 512\">\n\t\t\t\t<use href=\"https:\/\/www.homewatch.es\/wp-content\/themes\/inmobasolidbase\/dist\/src\/images\/icons.svg#svgPortfolio\"\/>\n\t\t\t<\/svg>\n\t\t\t<svg class=\"d-none\" width=\"20\" fill=\"currentColor\" viewBox=\"0 0 512 512\">\n\t\t\t\t<use href=\"https:\/\/www.homewatch.es\/wp-content\/themes\/inmobasolidbase\/dist\/src\/images\/icons.svg#svgPortfolioIn\"\/>\n\t\t\t<\/svg>\n\t\t<\/a>\n\t\t<picture class=\"ratio ratio-4x3\"><source width=\"1920\" height=\"1080\" srcset=\"https:\/\/media.inmobalia.com\/imgV1\/B8vEv5Xh_VThvnEqMx4G0YtA8lAADdw1sBC5uN5pSX6~ImMWYg0nYa_EPSP~fBpYtvgHs5QKecPwE1~j5DU_pylbu6cBdu0PgVunDxnkMoeY79Gll7Nv5AHhYwCGots7LHLh3gFwIeMQECBtOZ68lDfxmoLWy2sWrV~YHmzcGbRzMfLWesDXb4ih~OfWh9PI.jpg 1920w,https:\/\/media.inmobalia.com\/imgV1\/B8vEv5Xh_Vjzl4qKP9bJW21eHCmW9PWrQV6IDk9EjA79dASSMmDBrXf04FgH6wp0ylU42MWPePEey7rkY1j3kMIGs3YrRSP6UhHPWG1enKzuplcdy8f~NYm7bTbKkeM5EmP5X42gv9HGInYIWg8VAEa3~IyJV1HjopPjf0hx8sGPr700G5poN9ry1v65VJE-.jpg 1580w,https:\/\/media.inmobalia.com\/imgV1\/B8vEv5Xh~9eLgpFkvD55S4O4_vRpfi7Zj~8WTFZMGThfizi~_Y~NgoiVzdN9MsuXYCpgHq7NOfhSSsV~~CvXOR8biNDSQCuIy3z~JafSwduxBEndespnQYPOGloQON4~nZWnKD0e6n_M8DSIs8CjDWyHD5EHXP0G7KGd8EXRgY40DFQbGUnXGwPzsoYHUg--.jpg 774w\" type=\"image\/webp\"><img fetchpriority=\"high\" decoding=\"async\" class=\"image-fit\" alt=\"Casa adosada de 2 dormitorios con piscina privada climatizada en Marbella Este\" width=\"1920\" height=\"1080\" src=\"https:\/\/media.inmobalia.com\/imgV1\/B8vEv5Xh_VThvnEqMx4G0ZxU~~H0Ar_8Bn_AfAx~4dnt796zQ9QIPwzdr9PkzIdRpbeOYktBAPFfTt23HPhndt5b7cRr2vg76pmKvptCGz41lr5kQ1mG_pSJVL5HI7gurvLQBE4_Uf3uGPF2OAzZ_iahuy1hxa3DB7R7qvvgwq8-.jpg\"><\/picture>\t\t\t<\/figure>\n\t<div class=\"h-100 d-flex flex-column\">\n\t\t<span class=\"d-block card-area\">\n\t\t\tMarbella Este\t\t<\/span>\n\t\t\n\n\t\t\t<div class=\"card-price d-flex flex-column\">\n\t\t<strong class=\"me-1\">Desde <span data-original-price=\"245\">245\u00a0\u20ac<\/span><span data-period> por dia <\/span><\/strong><strong class=\"me-1\"><span data-original-price=\"4000\">4.000\u00a0\u20ac<\/span><span data-period> montly rental (November-March)<\/span><\/strong>\t\t<\/div>\n\t\n\t\t<ul class=\"card-features list-unstyled d-flex flex-wrap align-items-center mb-0\">\n\t\t\t\t\t\t\t<li class=\"d-flex align-items-center me-3\">\n\t\t\t\t\t2 dormitorios\t\t\t\t<\/li>\n\t\t\t\t\t\t\t<li class=\"d-flex align-items-center me-3\">\n\t\t\t\t\t2 ba\u00f1os\t\t\t\t<\/li>\n\t\t\t\t\t\t\t<li class=\"d-flex align-items-center me-3\">\n\t\t\t\t\t132 m&sup2; construido\t\t\t\t<\/li>\n\t\t\t\t\t\t\t<li class=\"d-flex align-items-center me-3\">\n\t\t\t\t\t164 m&sup2; parcela\t\t\t\t<\/li>\n\t\t\t\t\t<\/ul>\n\t\t<h4 class=\"card-title mb-0\">\n\t\t\t<a class=\"stretched-link\" href=\"\/alquiler\/artola\/aticos\/244\">Casa adosada de 2 dormitorios con piscina privada climatizada en Marbella Este<\/a>\n\t\t<\/h4>\n\t\t\t<\/div>\n<\/article>\t\t\t\t\t\t<article class=\"f-carousel__slide card col position-relative flex-column\">\n\t<figure class=\"position-relative w-100 mb-2\">\n\t\t<a class=\"card-portfolio position-absolute\" data-pfl-id=\"626435\" data-pfl-filter=\"rent-short\" href=\"#\">\n\t\t\t<svg width=\"20\" fill=\"currentColor\" viewBox=\"0 0 512 512\">\n\t\t\t\t<use href=\"https:\/\/www.homewatch.es\/wp-content\/themes\/inmobasolidbase\/dist\/src\/images\/icons.svg#svgPortfolio\"\/>\n\t\t\t<\/svg>\n\t\t\t<svg class=\"d-none\" width=\"20\" fill=\"currentColor\" viewBox=\"0 0 512 512\">\n\t\t\t\t<use href=\"https:\/\/www.homewatch.es\/wp-content\/themes\/inmobasolidbase\/dist\/src\/images\/icons.svg#svgPortfolioIn\"\/>\n\t\t\t<\/svg>\n\t\t<\/a>\n\t\t<picture class=\"ratio ratio-4x3\"><source width=\"1920\" height=\"1080\" srcset=\"https:\/\/media.inmobalia.com\/imgV1\/B8vEv5Xh_VThvnEqMx4G0YtA8lAADdw1sBC5uN5pSX6~ImMWYg0nYa_EPSP~fBpYtvgHs5QKecPwE1~j5DU_pylbu6cBdu0PgVunDxnkMoeY79Gll7Nv5AHhYwCGots7LHLh3gF9CvBG~chYEqYeeZDBAbPy8y7YKpOLzslxNS5UeBvCvzTsWKmc33LYktZz.jpg 1920w,https:\/\/media.inmobalia.com\/imgV1\/B8vEv5Xh_Vjzl4qKP9bJW21eHCmW9PWrQV6IDk9EjA79dASSMmDBrXf04FgH6wp0ylU42MWPePEey7rkY1j3kMIGs3YrRSP6UhHPWG1enKzuplcdy8f~NYm7bTbKkeM5EmP5X4BpqL8ZH3zJ_xL0LWcEQQUwd3aLP7KN3GAUy3V01owGfkDRcpW6jV0jkBw-.jpg 1580w,https:\/\/media.inmobalia.com\/imgV1\/B8vEv5Xh~9eLgpFkvD55S4O4_vRpfi7Zj~8WTFZMGThfizi~_Y~NgoiVzdN9MsuXYCpgHq7NOfhSSsV~~CvXOR8biNDSQCuIy3z~JafSwduxBEndespnQYPOGloQON4~nZWnJanUK8klv8aRDHctXLTsTGfKC9XaW6LYSLbs92Q1O3Q7XTMwgYpAuV5zEw--.jpg 774w\" type=\"image\/webp\"><img decoding=\"async\" class=\"image-fit\" alt=\"\u00c1tico de lujo de 2 dormitorios con vistas al mar en Los Iris, Marbella Este\" width=\"1920\" height=\"1080\" src=\"https:\/\/media.inmobalia.com\/imgV1\/B8vEv5Xh_VThvnEqMx4G0ZxU~~H0Ar_8Bn_AfAx~4dnt796zQ9QIPwzdr9PkzIdRpbeOYktBAPFfTt23HPhndt5b7cRr2vg76pmKvptCGz41lr5kQ1RlydMfsCnatXLCLHQsBSQffRvhJkCjhSb8qTIhsZS_iJkCG_9U0USMHjc-.jpg\"><\/picture>\t\t\t<\/figure>\n\t<div class=\"h-100 d-flex flex-column\">\n\t\t<span class=\"d-block card-area\">\n\t\t\tMarbella Este\t\t<\/span>\n\t\t\n\n\t\t\t<div class=\"card-price d-flex flex-column\">\n\t\t<strong class=\"me-1\">Desde <span data-original-price=\"158\">158\u00a0\u20ac<\/span><span data-period> por dia <\/span><\/strong>\t\t<\/div>\n\t\n\t\t<ul class=\"card-features list-unstyled d-flex flex-wrap align-items-center mb-0\">\n\t\t\t\t\t\t\t<li class=\"d-flex align-items-center me-3\">\n\t\t\t\t\t2 dormitorios\t\t\t\t<\/li>\n\t\t\t\t\t\t\t<li class=\"d-flex align-items-center me-3\">\n\t\t\t\t\t2 ba\u00f1os\t\t\t\t<\/li>\n\t\t\t\t\t\t\t<li class=\"d-flex align-items-center me-3\">\n\t\t\t\t\t153 m&sup2; construido\t\t\t\t<\/li>\n\t\t\t\t\t<\/ul>\n\t\t<h4 class=\"card-title mb-0\">\n\t\t\t<a class=\"stretched-link\" href=\"\/alquiler\/cerrado-de-elviria\/casas\/239\">\u00c1tico de lujo de 2 dormitorios con vistas al mar en Los Iris, Marbella Este<\/a>\n\t\t<\/h4>\n\t\t\t<\/div>\n<\/article>\t\t\t\t\t\t<article class=\"f-carousel__slide card col position-relative flex-column\">\n\t<figure class=\"position-relative w-100 mb-2\">\n\t\t<a class=\"card-portfolio position-absolute\" data-pfl-id=\"621392\" data-pfl-filter=\"rent-short\" href=\"#\">\n\t\t\t<svg width=\"20\" fill=\"currentColor\" viewBox=\"0 0 512 512\">\n\t\t\t\t<use href=\"https:\/\/www.homewatch.es\/wp-content\/themes\/inmobasolidbase\/dist\/src\/images\/icons.svg#svgPortfolio\"\/>\n\t\t\t<\/svg>\n\t\t\t<svg class=\"d-none\" width=\"20\" fill=\"currentColor\" viewBox=\"0 0 512 512\">\n\t\t\t\t<use href=\"https:\/\/www.homewatch.es\/wp-content\/themes\/inmobasolidbase\/dist\/src\/images\/icons.svg#svgPortfolioIn\"\/>\n\t\t\t<\/svg>\n\t\t<\/a>\n\t\t<picture class=\"ratio ratio-4x3\"><source width=\"1920\" height=\"1080\" srcset=\"https:\/\/media.inmobalia.com\/imgV1\/B8vEv5Xh_VThvnEqMx4G0YtA8lAADdw1sBC5uN5pSX6~ImMWYg0nYa_EPSP~fBpYtvgHs5QKecPwE1~j5DU_pylbu6cBdu0PgVunDxnkMoeY79Gll7Nv5AHhYwCGots7LHLh3gF6~yvYRLoh8pho_iVY0VXSpVRQwYtd0ijx0j5OQCHZJRSpoDt7_S6sS3Wh.jpg 1920w,https:\/\/media.inmobalia.com\/imgV1\/B8vEv5Xh_Vjzl4qKP9bJW21eHCmW9PWrQV6IDk9EjA79dASSMmDBrXf04FgH6wp0ylU42MWPePEey7rkY1j3kMIGs3YrRSP6UhHPWG1enKzuplcdy8f~NYm7bTbKkeM5EmP5X4fxggOdttwr1H4jQVNHa6M_F6T7uD6SJwUYe3S_0ux2nZyM7bdp35qj8fM-.jpg 1580w,https:\/\/media.inmobalia.com\/imgV1\/B8vEv5Xh~9eLgpFkvD55S4O4_vRpfi7Zj~8WTFZMGThfizi~_Y~NgoiVzdN9MsuXYCpgHq7NOfhSSsV~~CvXOR8biNDSQCuIy3z~JafSwduxBEndespnQYPOGloQON4~nZWnImXyT6r40kT2QAV6Eh~Ue44VBK0yevWwHqnaQBtqJPVS4pi9_xxpIf469g--.jpg 774w\" type=\"image\/webp\"><img decoding=\"async\" class=\"image-fit\" alt=\"Apartamento vacacional junto a la playa en Marbella Este con 2 dormitorios, piscinas comunitarias\" width=\"1920\" height=\"1080\" src=\"https:\/\/media.inmobalia.com\/imgV1\/B8vEv5Xh_VThvnEqMx4G0ZxU~~H0Ar_8Bn_AfAx~4dnt796zQ9QIPwzdr9PkzIdRpbeOYktBAPFfTt23HPhndt5b7cRr2vg76pmKvptCGz41lr5kQ1MHlxAzoZTXNjAgBvsBhx0JehvyzQ1U4sdQt~cQ5lExGP1~EKsL3zN2euI-.jpg\"><\/picture>\t\t\t<\/figure>\n\t<div class=\"h-100 d-flex flex-column\">\n\t\t<span class=\"d-block card-area\">\n\t\t\tMarbella Este\t\t<\/span>\n\t\t\n\n\t\t\t<div class=\"card-price d-flex flex-column\">\n\t\t<strong class=\"me-1\">Desde <span data-original-price=\"210\">210\u00a0\u20ac<\/span><span data-period> por dia <\/span><\/strong>\t\t<\/div>\n\t\n\t\t<ul class=\"card-features list-unstyled d-flex flex-wrap align-items-center mb-0\">\n\t\t\t\t\t\t\t<li class=\"d-flex align-items-center me-3\">\n\t\t\t\t\t2 dormitorios\t\t\t\t<\/li>\n\t\t\t\t\t\t\t<li class=\"d-flex align-items-center me-3\">\n\t\t\t\t\t2 ba\u00f1os\t\t\t\t<\/li>\n\t\t\t\t\t\t\t<li class=\"d-flex align-items-center me-3\">\n\t\t\t\t\t129 m&sup2; construido\t\t\t\t<\/li>\n\t\t\t\t\t<\/ul>\n\t\t<h4 class=\"card-title mb-0\">\n\t\t\t<a class=\"stretched-link\" href=\"\/alquiler\/bahia-de-marbella\/apartamentos-y-pisos\/233\">Apartamento vacacional junto a la playa en Marbella Este con 2 dormitorios, piscinas comunitarias<\/a>\n\t\t<\/h4>\n\t\t\t<\/div>\n<\/article>\t\t\t\t\t\t<article class=\"f-carousel__slide card col position-relative flex-column\">\n\t<figure class=\"position-relative w-100 mb-2\">\n\t\t<a class=\"card-portfolio position-absolute\" data-pfl-id=\"618707\" data-pfl-filter=\"rent-short\" href=\"#\">\n\t\t\t<svg width=\"20\" fill=\"currentColor\" viewBox=\"0 0 512 512\">\n\t\t\t\t<use href=\"https:\/\/www.homewatch.es\/wp-content\/themes\/inmobasolidbase\/dist\/src\/images\/icons.svg#svgPortfolio\"\/>\n\t\t\t<\/svg>\n\t\t\t<svg class=\"d-none\" width=\"20\" fill=\"currentColor\" viewBox=\"0 0 512 512\">\n\t\t\t\t<use href=\"https:\/\/www.homewatch.es\/wp-content\/themes\/inmobasolidbase\/dist\/src\/images\/icons.svg#svgPortfolioIn\"\/>\n\t\t\t<\/svg>\n\t\t<\/a>\n\t\t<picture class=\"ratio ratio-4x3\"><source width=\"1920\" height=\"1080\" srcset=\"https:\/\/media.inmobalia.com\/imgV1\/B8vEv5Xh_VThvnEqMx4G0YtA8lAADdw1sBC5uN5pSX6~ImMWYg0nYa_EPSP~fBpYtvgHs5QKecPwE1~j5DU_pylbu6cBdu0PgVunDxnkMoeY79Gll7Nv5AHhYwCGots7LHLh3gF53qLxS_JqsgYDavSP5bHbtgoD_vwRfZeKjRr~4zSyMWHqMtOwgxjpPJsd.jpg 1920w,https:\/\/media.inmobalia.com\/imgV1\/B8vEv5Xh_Vjzl4qKP9bJW21eHCmW9PWrQV6IDk9EjA79dASSMmDBrXf04FgH6wp0ylU42MWPePEey7rkY1j3kMIGs3YrRSP6UhHPWG1enKzuplcdy8f~NYm7bTbKkeM5EmP5X4T7SlMQRNC13QBqSDFyBDiOIG_hVdPYi6QYm7g93PHA2ZSWc2YqyYbsUns-.jpg 1580w,https:\/\/media.inmobalia.com\/imgV1\/B8vEv5Xh~9eLgpFkvD55S4O4_vRpfi7Zj~8WTFZMGThfizi~_Y~NgoiVzdN9MsuXYCpgHq7NOfhSSsV~~CvXOR8biNDSQCuIy3z~JafSwduxBEndespnQYPOGloQON4~nZWnIdorf_hflCHGFubwoh3mZXbo59P0MYyf8ODA6o9LgjKmnPW3qJJmT0ak1Q--.jpg 774w\" type=\"image\/webp\"><img loading=\"lazy\" decoding=\"async\" class=\"image-fit\" alt=\"Exclusivo apartamento, EN VENTA, con gran terraza privada y vistas panor\u00e1micas al mar, en primera l\u00ednea de golf, en Elviria Hills, Marbella\" width=\"1920\" height=\"1080\" src=\"https:\/\/media.inmobalia.com\/imgV1\/B8vEv5Xh_VThvnEqMx4G0ZxU~~H0Ar_8Bn_AfAx~4dnt796zQ9QIPwzdr9PkzIdRpbeOYktBAPFfTt23HPhndt5b7cRr2vg76pmKvptCGz41lr5kQ1BM0HoK~26~RG07aisTa7zk5Ev7wx2mpL6miinocax76tY4ZZK0tm5jnDo-.jpg\"><\/picture>\t\t\t<\/figure>\n\t<div class=\"h-100 d-flex flex-column\">\n\t\t<span class=\"d-block card-area\">\n\t\t\tMarbella Este\t\t<\/span>\n\t\t\n\n\t\t\t<div class=\"card-price d-flex flex-column\">\n\t\t<strong class=\"me-1\">Desde <span data-original-price=\"500\">500\u00a0\u20ac<\/span><span data-period> por dia <\/span><\/strong>\t\t<\/div>\n\t\n\t\t<ul class=\"card-features list-unstyled d-flex flex-wrap align-items-center mb-0\">\n\t\t\t\t\t\t\t<li class=\"d-flex align-items-center me-3\">\n\t\t\t\t\t3 dormitorios\t\t\t\t<\/li>\n\t\t\t\t\t\t\t<li class=\"d-flex align-items-center me-3\">\n\t\t\t\t\t2 ba\u00f1os\t\t\t\t<\/li>\n\t\t\t\t\t\t\t<li class=\"d-flex align-items-center me-3\">\n\t\t\t\t\t188 m&sup2; construido\t\t\t\t<\/li>\n\t\t\t\t\t\t\t<li class=\"d-flex align-items-center me-3\">\n\t\t\t\t\t188 m&sup2; parcela\t\t\t\t<\/li>\n\t\t\t\t\t<\/ul>\n\t\t<h4 class=\"card-title mb-0\">\n\t\t\t<a class=\"stretched-link\" href=\"\/alquiler\/elviria-hills\/apartamentos-y-pisos\/HW426\">Exclusivo apartamento, EN VENTA, con gran terraza privada y vistas panor\u00e1micas al mar, en primera l\u00ednea de golf, en Elviria Hills, Marbella<\/a>\n\t\t<\/h4>\n\t\t\t<\/div>\n<\/article>\t\t\t\t\t\t<article class=\"f-carousel__slide card col position-relative flex-column\">\n\t<figure class=\"position-relative w-100 mb-2\">\n\t\t<a class=\"card-portfolio position-absolute\" data-pfl-id=\"605029\" data-pfl-filter=\"rent-short\" href=\"#\">\n\t\t\t<svg width=\"20\" fill=\"currentColor\" viewBox=\"0 0 512 512\">\n\t\t\t\t<use href=\"https:\/\/www.homewatch.es\/wp-content\/themes\/inmobasolidbase\/dist\/src\/images\/icons.svg#svgPortfolio\"\/>\n\t\t\t<\/svg>\n\t\t\t<svg class=\"d-none\" width=\"20\" fill=\"currentColor\" viewBox=\"0 0 512 512\">\n\t\t\t\t<use href=\"https:\/\/www.homewatch.es\/wp-content\/themes\/inmobasolidbase\/dist\/src\/images\/icons.svg#svgPortfolioIn\"\/>\n\t\t\t<\/svg>\n\t\t<\/a>\n\t\t<picture class=\"ratio ratio-4x3\"><source width=\"1920\" height=\"1080\" srcset=\"https:\/\/media.inmobalia.com\/imgV1\/B8vEv5Xh_VThvnEqMx4G0YtA8lAADdw1sBC5uN5pSX6~ImMWYg0nYa_EPSP~fBpYtvgHs5QKecPwE1~j5DU_pylbu6cBdu0PgVunDxnkMoeY79Gll7Nv5AHhYwCGots7LHLh3gc21R8iMBe1yqfZ_FUpx7co9eGd51po65Njkotj4iuOT1c6GSOpg~vSgf2g.jpg 1920w,https:\/\/media.inmobalia.com\/imgV1\/B8vEv5Xh_Vjzl4qKP9bJW21eHCmW9PWrQV6IDk9EjA79dASSMmDBrXf04FgH6wp0ylU42MWPePEey7rkY1j3kMIGs3YrRSP6UhHPWG1enKzuplcdy8f~NYm7bTbKkeM5EmP5WdUQc9jcifPemBQWC2oUvsmzCKIRg1jt6AgJ1CN_tgjhm7PIGjAu0gfrycQ-.jpg 1580w,https:\/\/media.inmobalia.com\/imgV1\/B8vEv5Xh~9eLgpFkvD55S4O4_vRpfi7Zj~8WTFZMGThfizi~_Y~NgoiVzdN9MsuXYCpgHq7NOfhSSsV~~CvXOR8biNDSQCuIy3z~JafSwduxBEndespnQYPOGloQON4~nZWh789d5ggmC1lZcEOPASpKYWJ9tXhZNOfol2I1loomjJjp6cFIWYaKiM6YiA--.jpg 774w\" type=\"image\/webp\"><img loading=\"lazy\" decoding=\"async\" class=\"image-fit\" alt=\"Apartamento de lujo de 3 dormitorios con vistas al mar, Elviria Hills, Marbella Este\" width=\"1920\" height=\"1080\" src=\"https:\/\/media.inmobalia.com\/imgV1\/B8vEv5Xh_VThvnEqMx4G0ZxU~~H0Ar_8Bn_AfAx~4dnt796zQ9QIPwzdr9PkzIdRpbeOYktBAPFfTt23HPhndt5b7cRr2vg76pmKvptCGz41lr5kRf2dx7SzHVKek6kl2MM_6rGNH7ViiLq65WapmLvuckhVF3LYK43qGj4~Yt4-.jpg\"><\/picture>\t\t\t<\/figure>\n\t<div class=\"h-100 d-flex flex-column\">\n\t\t<span class=\"d-block card-area\">\n\t\t\tMarbella Este\t\t<\/span>\n\t\t\n\n\t\t\t<div class=\"card-price d-flex flex-column\">\n\t\t<strong class=\"me-1\">Desde <span data-original-price=\"150\">150\u00a0\u20ac<\/span><span data-period> por dia <\/span><\/strong>\t\t<\/div>\n\t\n\t\t<ul class=\"card-features list-unstyled d-flex flex-wrap align-items-center mb-0\">\n\t\t\t\t\t\t\t<li class=\"d-flex align-items-center me-3\">\n\t\t\t\t\t3 dormitorios\t\t\t\t<\/li>\n\t\t\t\t\t\t\t<li class=\"d-flex align-items-center me-3\">\n\t\t\t\t\t2 ba\u00f1os\t\t\t\t<\/li>\n\t\t\t\t\t\t\t<li class=\"d-flex align-items-center me-3\">\n\t\t\t\t\t188 m&sup2; construido\t\t\t\t<\/li>\n\t\t\t\t\t\t\t<li class=\"d-flex align-items-center me-3\">\n\t\t\t\t\t188 m&sup2; parcela\t\t\t\t<\/li>\n\t\t\t\t\t<\/ul>\n\t\t<h4 class=\"card-title mb-0\">\n\t\t\t<a class=\"stretched-link\" href=\"\/alquiler\/elviria-hills\/apartamentos-y-pisos\/222\">Apartamento de lujo de 3 dormitorios con vistas al mar, Elviria Hills, Marbella Este<\/a>\n\t\t<\/h4>\n\t\t\t<\/div>\n<\/article>\t\t\t\t\t\t<article class=\"f-carousel__slide card col position-relative flex-column\">\n\t<figure class=\"position-relative w-100 mb-2\">\n\t\t<a class=\"card-portfolio position-absolute\" data-pfl-id=\"585125\" data-pfl-filter=\"rent-short\" href=\"#\">\n\t\t\t<svg width=\"20\" fill=\"currentColor\" viewBox=\"0 0 512 512\">\n\t\t\t\t<use href=\"https:\/\/www.homewatch.es\/wp-content\/themes\/inmobasolidbase\/dist\/src\/images\/icons.svg#svgPortfolio\"\/>\n\t\t\t<\/svg>\n\t\t\t<svg class=\"d-none\" width=\"20\" fill=\"currentColor\" viewBox=\"0 0 512 512\">\n\t\t\t\t<use href=\"https:\/\/www.homewatch.es\/wp-content\/themes\/inmobasolidbase\/dist\/src\/images\/icons.svg#svgPortfolioIn\"\/>\n\t\t\t<\/svg>\n\t\t<\/a>\n\t\t<picture class=\"ratio ratio-4x3\"><source width=\"1920\" height=\"1080\" srcset=\"https:\/\/media.inmobalia.com\/imgV1\/B8vEv5Xh_VThvnEqMx4G0YtA8lAADdw1sBC5uN5pSX6~ImMWYg0nYa_EPSP~fBpYtvgHs5QKecPwE1~j5DU_pylbu6cBdu0PgVunDxnkMoeY79Gll7Nv5AHhYwCGots7LHLh3gYw6S2yqZ5EmD76Dz7SInhv17dLZRTFpXrq0aoKv8uO_yn6O~eyQSA~EsXv.jpg 1920w,https:\/\/media.inmobalia.com\/imgV1\/B8vEv5Xh_Vjzl4qKP9bJW21eHCmW9PWrQV6IDk9EjA79dASSMmDBrXf04FgH6wp0ylU42MWPePEey7rkY1j3kMIGs3YrRSP6UhHPWG1enKzuplcdy8f~NYm7bTbKkeM5EmP5WHiobJSCjWuheuDz8dpr4~Ot5OoWmGdDxkQ~v9rrKzAJZgmHGZY~gruqDNI-.jpg 1580w,https:\/\/media.inmobalia.com\/imgV1\/B8vEv5Xh~9eLgpFkvD55S4O4_vRpfi7Zj~8WTFZMGThfizi~_Y~NgoiVzdN9MsuXYCpgHq7NOfhSSsV~~CvXOR8biNDSQCuIy3z~JafSwduxBEndespnQYPOGloQON4~nZWgJ7dxX7drHaHWiYXplFp1ciigtfWJ5mc_TO7SEXEK7QuHeGBx85GoH9ERsg--.jpg 774w\" type=\"image\/webp\"><img loading=\"lazy\" decoding=\"async\" class=\"image-fit\" alt=\"\u00c1tico de lujo 4 dormitorios Marbella Este con vistas al mar y acceso playa\" width=\"1920\" height=\"1080\" src=\"https:\/\/media.inmobalia.com\/imgV1\/B8vEv5Xh_VThvnEqMx4G0ZxU~~H0Ar_8Bn_AfAx~4dnt796zQ9QIPwzdr9PkzIdRpbeOYktBAPFfTt23HPhndt5b7cRr2vg76pmKvptCGz41lr5kRIDvlvYWtb40VJtRxcsfhYqAlJJAKJCA7koBQBla6XsK6ntIjupXxZ4mqYY-.jpg\"><\/picture>\t\t\t<\/figure>\n\t<div class=\"h-100 d-flex flex-column\">\n\t\t<span class=\"d-block card-area\">\n\t\t\tMarbella Este\t\t<\/span>\n\t\t\n\n\t\t\t<div class=\"card-price d-flex flex-column\">\n\t\t<strong class=\"me-1\">Desde <span data-original-price=\"200\">200\u00a0\u20ac<\/span><span data-period> por dia <\/span><\/strong><strong class=\"me-1\"><span data-original-price=\"3500\">3.500\u00a0\u20ac<\/span><span data-period> montly rental (November-March)<\/span><\/strong>\t\t<\/div>\n\t\n\t\t<ul class=\"card-features list-unstyled d-flex flex-wrap align-items-center mb-0\">\n\t\t\t\t\t\t\t<li class=\"d-flex align-items-center me-3\">\n\t\t\t\t\t4 dormitorios\t\t\t\t<\/li>\n\t\t\t\t\t\t\t<li class=\"d-flex align-items-center me-3\">\n\t\t\t\t\t4 ba\u00f1os\t\t\t\t<\/li>\n\t\t\t\t\t\t\t<li class=\"d-flex align-items-center me-3\">\n\t\t\t\t\t267 m&sup2; construido\t\t\t\t<\/li>\n\t\t\t\t\t<\/ul>\n\t\t<h4 class=\"card-title mb-0\">\n\t\t\t<a class=\"stretched-link\" href=\"\/alquiler\/costabella\/casas\/220\">\u00c1tico de lujo 4 dormitorios Marbella Este con vistas al mar y acceso playa<\/a>\n\t\t<\/h4>\n\t\t\t<\/div>\n<\/article>\t\t\t\t\t\t<article class=\"f-carousel__slide card col position-relative flex-column\">\n\t<figure class=\"position-relative w-100 mb-2\">\n\t\t<a class=\"card-portfolio position-absolute\" data-pfl-id=\"559340\" data-pfl-filter=\"rent-short\" href=\"#\">\n\t\t\t<svg width=\"20\" fill=\"currentColor\" viewBox=\"0 0 512 512\">\n\t\t\t\t<use href=\"https:\/\/www.homewatch.es\/wp-content\/themes\/inmobasolidbase\/dist\/src\/images\/icons.svg#svgPortfolio\"\/>\n\t\t\t<\/svg>\n\t\t\t<svg class=\"d-none\" width=\"20\" fill=\"currentColor\" viewBox=\"0 0 512 512\">\n\t\t\t\t<use href=\"https:\/\/www.homewatch.es\/wp-content\/themes\/inmobasolidbase\/dist\/src\/images\/icons.svg#svgPortfolioIn\"\/>\n\t\t\t<\/svg>\n\t\t<\/a>\n\t\t<picture class=\"ratio ratio-4x3\"><source width=\"1920\" height=\"1080\" srcset=\"https:\/\/media.inmobalia.com\/imgV1\/B8vEv5Xh_VThvnEqMx4G0YtA8lAADdw1sBC5uN5pSX6~ImMWYg0nYa_EPSP~fBpYtvgHs5QKecPwE1~j5DU_pylbu6cBdu0PgVunDxnkMoeY79Gll7Nv5AHhYwCGots7LHLh3gTudIUuwBymv5Pelf_TF1ra5FD3k29R2JIv_5grrA5jaJjFJPIL7GwsMOov.jpg 1920w,https:\/\/media.inmobalia.com\/imgV1\/B8vEv5Xh_Vjzl4qKP9bJW21eHCmW9PWrQV6IDk9EjA79dASSMmDBrXf04FgH6wp0ylU42MWPePEey7rkY1j3kMIGs3YrRSP6UhHPWG1enKzuplcdy8f~NYm7bTbKkeM5EmP5WvpSQ5mdZ8uFkfs13yTFdoyrkjFPbfou4Wb8wK6CzOS1XoKxJCpVvHdCRXY-.jpg 1580w,https:\/\/media.inmobalia.com\/imgV1\/B8vEv5Xh~9eLgpFkvD55S4O4_vRpfi7Zj~8WTFZMGThfizi~_Y~NgoiVzdN9MsuXYCpgHq7NOfhSSsV~~CvXOR8biNDSQCuIy3z~JafSwduxBEndespnQYPOGloQON4~nZWibGIgJ8b12t9AIMM3qezyly5W3esWtvrOtA9hc_70oqaSbO0mhUetwzXHUw--.jpg 774w\" type=\"image\/webp\"><img loading=\"lazy\" decoding=\"async\" class=\"image-fit\" alt=\"Apartamento de 2 dormitorios junto a la playa en Elviria, Marbella Este con piscina comunitaria\" width=\"1920\" height=\"1080\" src=\"https:\/\/media.inmobalia.com\/imgV1\/B8vEv5Xh_VThvnEqMx4G0ZxU~~H0Ar_8Bn_AfAx~4dnt796zQ9QIPwzdr9PkzIdRpbeOYktBAPFfTt23HPhndt5b7cRr2vg76pmKvptCGz41lr5kRpssbI71_TTjPfV4qRaxZvWqBGXbcFQ6YPVYOn6~hNpqB8xI6Z3oLalraEA-.jpg\"><\/picture>\t\t\t<\/figure>\n\t<div class=\"h-100 d-flex flex-column\">\n\t\t<span class=\"d-block card-area\">\n\t\t\tMarbella Este\t\t<\/span>\n\t\t\n\n\t\t\t<div class=\"card-price d-flex flex-column\">\n\t\t<strong class=\"me-1\">Desde <span data-original-price=\"350\">350\u00a0\u20ac<\/span><span data-period> por dia <\/span><\/strong>\t\t<\/div>\n\t\n\t\t<ul class=\"card-features list-unstyled d-flex flex-wrap align-items-center mb-0\">\n\t\t\t\t\t\t\t<li class=\"d-flex align-items-center me-3\">\n\t\t\t\t\t2 dormitorios\t\t\t\t<\/li>\n\t\t\t\t\t\t\t<li class=\"d-flex align-items-center me-3\">\n\t\t\t\t\t2 ba\u00f1os\t\t\t\t<\/li>\n\t\t\t\t\t\t\t<li class=\"d-flex align-items-center me-3\">\n\t\t\t\t\t96 m&sup2; construido\t\t\t\t<\/li>\n\t\t\t\t\t<\/ul>\n\t\t<h4 class=\"card-title mb-0\">\n\t\t\t<a class=\"stretched-link\" href=\"\/alquiler\/elviria-playa\/apartamentos-planta-baja\/212\">Apartamento de 2 dormitorios junto a la playa en Elviria, Marbella Este con piscina comunitaria<\/a>\n\t\t<\/h4>\n\t\t\t<\/div>\n<\/article>\t\t\t\t\t\t<article class=\"f-carousel__slide card col position-relative flex-column\">\n\t<figure class=\"position-relative w-100 mb-2\">\n\t\t<a class=\"card-portfolio position-absolute\" data-pfl-id=\"480704\" data-pfl-filter=\"rent-short\" href=\"#\">\n\t\t\t<svg width=\"20\" fill=\"currentColor\" viewBox=\"0 0 512 512\">\n\t\t\t\t<use href=\"https:\/\/www.homewatch.es\/wp-content\/themes\/inmobasolidbase\/dist\/src\/images\/icons.svg#svgPortfolio\"\/>\n\t\t\t<\/svg>\n\t\t\t<svg class=\"d-none\" width=\"20\" fill=\"currentColor\" viewBox=\"0 0 512 512\">\n\t\t\t\t<use href=\"https:\/\/www.homewatch.es\/wp-content\/themes\/inmobasolidbase\/dist\/src\/images\/icons.svg#svgPortfolioIn\"\/>\n\t\t\t<\/svg>\n\t\t<\/a>\n\t\t<picture class=\"ratio ratio-4x3\"><source width=\"1920\" height=\"1080\" srcset=\"https:\/\/media.inmobalia.com\/imgV1\/B8vEv5Xh_VThvnEqMx4G0YtA8lAADdw1sBC5uN5pSX6~ImMWYg0nYa_EPSP~fBpYtvgHs5QKecPwE1~j5DU_pylbu6cBdu0PgVunDxnkMoeY79Gll7Nv5AHhYwCGots7LHLh2UgrTsUX1r7qyKcjCjjxUmOVGfl8B4kfTvMkeAxu3FHyqZVI4FcgWQrR8MJE.jpg 1920w,https:\/\/media.inmobalia.com\/imgV1\/B8vEv5Xh_Vjzl4qKP9bJW21eHCmW9PWrQV6IDk9EjA79dASSMmDBrXf04FgH6wp0ylU42MWPePEey7rkY1j3kMIGs3YrRSP6UhHPWG1enKzuplcdy8f~NYm7bTbKkeM5EmP_gXNy2rycirkccZEzx6CYTqv3mjFq_WLramd3vtXQvmmxCirnarcmEU6XmrE-.jpg 1580w,https:\/\/media.inmobalia.com\/imgV1\/B8vEv5Xh~9eLgpFkvD55S4O4_vRpfi7Zj~8WTFZMGThfizi~_Y~NgoiVzdN9MsuXYCpgHq7NOfhSSsV~~CvXOR8biNDSQCuIy3z~JafSwduxBEndespnQYPOGloQON4~nZJx9pkG1R_2Z5zhfTz0sfl8_CUm9wXql4brJB8XV2_HrfZ8HidjKB1YcA6i1Q--.jpg 774w\" type=\"image\/webp\"><img loading=\"lazy\" decoding=\"async\" class=\"image-fit\" alt=\"Apartamento vacacional junto a la playa con terraza soleada, Costabella Marbella\" width=\"1920\" height=\"1080\" src=\"https:\/\/media.inmobalia.com\/imgV1\/B8vEv5Xh_VThvnEqMx4G0ZxU~~H0Ar_8Bn_AfAx~4dnt796zQ9QIPwzdr9PkzIdRpbeOYktBAPFfTt23HPhndt5b7cRr2vg76pmKvptCGz41lr5j~5tqWfof3_RhfT_PnHMUszXVLsh51HWBZP0JW8GN7auFEKYAG4RNpdyfriY-.jpg\"><\/picture>\t\t\t<\/figure>\n\t<div class=\"h-100 d-flex flex-column\">\n\t\t<span class=\"d-block card-area\">\n\t\t\tMarbella Este\t\t<\/span>\n\t\t\n\n\t\t\t<div class=\"card-price d-flex flex-column\">\n\t\t<strong class=\"me-1\">Desde <span data-original-price=\"82\">82\u00a0\u20ac<\/span><span data-period> por dia <\/span><\/strong><strong class=\"me-1\"><span data-original-price=\"1500\">1.500\u00a0\u20ac<\/span><span data-period> montly rental (November-March)<\/span><\/strong>\t\t<\/div>\n\t\n\t\t<ul class=\"card-features list-unstyled d-flex flex-wrap align-items-center mb-0\">\n\t\t\t\t\t\t\t<li class=\"d-flex align-items-center me-3\">\n\t\t\t\t\t1 dormitorio\t\t\t\t<\/li>\n\t\t\t\t\t\t\t<li class=\"d-flex align-items-center me-3\">\n\t\t\t\t\t1 ba\u00f1o\t\t\t\t<\/li>\n\t\t\t\t\t\t\t<li class=\"d-flex align-items-center me-3\">\n\t\t\t\t\t72 m&sup2; construido\t\t\t\t<\/li>\n\t\t\t\t\t<\/ul>\n\t\t<h4 class=\"card-title mb-0\">\n\t\t\t<a class=\"stretched-link\" href=\"\/alquiler\/costabella\/casas\/126\">Apartamento vacacional junto a la playa con terraza soleada, Costabella Marbella<\/a>\n\t\t<\/h4>\n\t\t\t<\/div>\n<\/article>\t\t\t\t\t\t<article class=\"f-carousel__slide card col position-relative flex-column\">\n\t<figure class=\"position-relative w-100 mb-2\">\n\t\t<a class=\"card-portfolio position-absolute\" data-pfl-id=\"480005\" data-pfl-filter=\"rent-short\" href=\"#\">\n\t\t\t<svg width=\"20\" fill=\"currentColor\" viewBox=\"0 0 512 512\">\n\t\t\t\t<use href=\"https:\/\/www.homewatch.es\/wp-content\/themes\/inmobasolidbase\/dist\/src\/images\/icons.svg#svgPortfolio\"\/>\n\t\t\t<\/svg>\n\t\t\t<svg class=\"d-none\" width=\"20\" fill=\"currentColor\" viewBox=\"0 0 512 512\">\n\t\t\t\t<use href=\"https:\/\/www.homewatch.es\/wp-content\/themes\/inmobasolidbase\/dist\/src\/images\/icons.svg#svgPortfolioIn\"\/>\n\t\t\t<\/svg>\n\t\t<\/a>\n\t\t<picture class=\"ratio ratio-4x3\"><source width=\"1920\" height=\"1080\" srcset=\"https:\/\/media.inmobalia.com\/imgV1\/B8vEv5Xh_VThvnEqMx4G0YtA8lAADdw1sBC5uN5pSX6~ImMWYg0nYa_EPSP~fBpYtvgHs5QKecPwE1~j5DU_pylbu6cBdu0PgVunDxnkMoeY79Gll7Nv5AHhYwCGots7LHLh2Ugo5_1GwBvQuXtFryFwrA8QWUfnSmqnOjXyvbaTmOJIXpWh1~Vb7LfI8jCJ.jpg 1920w,https:\/\/media.inmobalia.com\/imgV1\/B8vEv5Xh_Vjzl4qKP9bJW21eHCmW9PWrQV6IDk9EjA79dASSMmDBrXf04FgH6wp0ylU42MWPePEey7rkY1j3kMIGs3YrRSP6UhHPWG1enKzuplcdy8f~NYm7bTbKkeM5EmP_gXCegnZU3TfrMKaJqAMHp5ylQNsG00HYcYM_XB6qnxh0jh6Oz~VlIi6DkfU-.jpg 1580w,https:\/\/media.inmobalia.com\/imgV1\/B8vEv5Xh~9eLgpFkvD55S4O4_vRpfi7Zj~8WTFZMGThfizi~_Y~NgoiVzdN9MsuXYCpgHq7NOfhSSsV~~CvXOR8biNDSQCuIy3z~JafSwduxBEndespnQYPOGloQON4~nZJx9XkH34AEFGI0BY0DfPg8~Mov5w_tO07zXXAnG68jLphd01EDPe21Y1Qcsg--.jpg 774w\" type=\"image\/webp\"><img loading=\"lazy\" decoding=\"async\" class=\"image-fit\" alt=\"Apartamento vacacional de 2 dormitorios en Marbella Este con piscina comunitaria en Elviria\" width=\"1920\" height=\"1080\" src=\"https:\/\/media.inmobalia.com\/imgV1\/B8vEv5Xh_VThvnEqMx4G0ZxU~~H0Ar_8Bn_AfAx~4dnt796zQ9QIPwzdr9PkzIdRpbeOYktBAPFfTt23HPhndt5b7cRr2vg76pmKvptCGz41lr5j~5jHmZAHgWnjJvv2kAi32ZDo1A8f8ZeBw_Uo2qRhCFyTREswfDsriqrqRjE-.jpg\"><\/picture>\t\t\t<\/figure>\n\t<div class=\"h-100 d-flex flex-column\">\n\t\t<span class=\"d-block card-area\">\n\t\t\tMarbella Este\t\t<\/span>\n\t\t\n\n\t\t\t<div class=\"card-price d-flex flex-column\">\n\t\t<strong class=\"me-1\">Desde <span data-original-price=\"68\">68\u00a0\u20ac<\/span><span data-period> por dia <\/span><\/strong><strong class=\"me-1\"><span data-original-price=\"1600\">1.600\u00a0\u20ac<\/span><span data-period> montly rental (November-March)<\/span><\/strong>\t\t<\/div>\n\t\n\t\t<ul class=\"card-features list-unstyled d-flex flex-wrap align-items-center mb-0\">\n\t\t\t\t\t\t\t<li class=\"d-flex align-items-center me-3\">\n\t\t\t\t\t2 dormitorios\t\t\t\t<\/li>\n\t\t\t\t\t\t\t<li class=\"d-flex align-items-center me-3\">\n\t\t\t\t\t2 ba\u00f1os\t\t\t\t<\/li>\n\t\t\t\t\t\t\t<li class=\"d-flex align-items-center me-3\">\n\t\t\t\t\t78 m&sup2; construido\t\t\t\t<\/li>\n\t\t\t\t\t<\/ul>\n\t\t<h4 class=\"card-title mb-0\">\n\t\t\t<a class=\"stretched-link\" href=\"\/alquiler\/elviria\/apartamentos-y-pisos\/169\">Apartamento vacacional de 2 dormitorios en Marbella Este con piscina comunitaria en Elviria<\/a>\n\t\t<\/h4>\n\t\t\t<\/div>\n<\/article>\t\t\t\t\t\t<article class=\"f-carousel__slide card col position-relative flex-column\">\n\t<figure class=\"position-relative w-100 mb-2\">\n\t\t<a class=\"card-portfolio position-absolute\" data-pfl-id=\"479644\" data-pfl-filter=\"rent-short\" href=\"#\">\n\t\t\t<svg width=\"20\" fill=\"currentColor\" viewBox=\"0 0 512 512\">\n\t\t\t\t<use href=\"https:\/\/www.homewatch.es\/wp-content\/themes\/inmobasolidbase\/dist\/src\/images\/icons.svg#svgPortfolio\"\/>\n\t\t\t<\/svg>\n\t\t\t<svg class=\"d-none\" width=\"20\" fill=\"currentColor\" viewBox=\"0 0 512 512\">\n\t\t\t\t<use href=\"https:\/\/www.homewatch.es\/wp-content\/themes\/inmobasolidbase\/dist\/src\/images\/icons.svg#svgPortfolioIn\"\/>\n\t\t\t<\/svg>\n\t\t<\/a>\n\t\t<picture class=\"ratio ratio-4x3\"><source width=\"1920\" height=\"1080\" srcset=\"https:\/\/media.inmobalia.com\/imgV1\/B8vEv5Xh_VThvnEqMx4G0YtA8lAADdw1sBC5uN5pSX6~ImMWYg0nYa_EPSP~fBpYtvgHs5QKecPwE1~j5DU_pylbu6cBdu0PgVunDxnkMoeY79Gll7Nv5AHhYwCGots7LHLh2Ugpl~U3d3LMSigjhum7FU8HSmN_Xn_wyUQ~5KDcOB4jJ7MO7YwpgYv0MvuD.jpg 1920w,https:\/\/media.inmobalia.com\/imgV1\/B8vEv5Xh_Vjzl4qKP9bJW21eHCmW9PWrQV6IDk9EjA79dASSMmDBrXf04FgH6wp0ylU42MWPePEey7rkY1j3kMIGs3YrRSP6UhHPWG1enKzuplcdy8f~NYm7bTbKkeM5EmP_gXGodyYeGAq2~UPyelmHUlETntYaUWcSFagJoDLm0KYOO7wD~2N~~rPJoMs-.jpg 1580w,https:\/\/media.inmobalia.com\/imgV1\/B8vEv5Xh~9eLgpFkvD55S4O4_vRpfi7Zj~8WTFZMGThfizi~_Y~NgoiVzdN9MsuXYCpgHq7NOfhSSsV~~CvXOR8biNDSQCuIy3z~JafSwduxBEndespnQYPOGloQON4~nZJx9ArD~dxSg8FBsmbyExLj31XVCLYg89wJzURoFvhM5Xj8nK8pk3INT~o0Pw--.jpg 774w\" type=\"image\/webp\"><img loading=\"lazy\" decoding=\"async\" class=\"image-fit\" alt=\"\u00c1tico de lujo primera l\u00ednea playa con 3 dormitorios en Bah\u00eda Marbella\" width=\"1920\" height=\"1080\" src=\"https:\/\/media.inmobalia.com\/imgV1\/B8vEv5Xh_VThvnEqMx4G0ZxU~~H0Ar_8Bn_AfAx~4dnt796zQ9QIPwzdr9PkzIdRpbeOYktBAPFfTt23HPhndt5b7cRr2vg76pmKvptCGz41lr5j~5nLZe5AFFQ4HNsX5vFQumpvvGYGvYQAiLoBXC9~PEa1RqaYRfota3iKpWM-.jpg\"><\/picture>\t\t\t<\/figure>\n\t<div class=\"h-100 d-flex flex-column\">\n\t\t<span class=\"d-block card-area\">\n\t\t\tMarbella Este\t\t<\/span>\n\t\t\n\n\t\t\t<div class=\"card-price d-flex flex-column\">\n\t\t<strong class=\"me-1\">Desde <span data-original-price=\"132\">132\u00a0\u20ac<\/span><span data-period> por dia <\/span><\/strong><strong class=\"me-1\"><span data-original-price=\"3100\">3.100\u00a0\u20ac<\/span><span data-period> montly rental (November-March)<\/span><\/strong>\t\t<\/div>\n\t\n\t\t<ul class=\"card-features list-unstyled d-flex flex-wrap align-items-center mb-0\">\n\t\t\t\t\t\t\t<li class=\"d-flex align-items-center me-3\">\n\t\t\t\t\t3 dormitorios\t\t\t\t<\/li>\n\t\t\t\t\t\t\t<li class=\"d-flex align-items-center me-3\">\n\t\t\t\t\t4 ba\u00f1os\t\t\t\t<\/li>\n\t\t\t\t\t\t\t<li class=\"d-flex align-items-center me-3\">\n\t\t\t\t\t260 m&sup2; construido\t\t\t\t<\/li>\n\t\t\t\t\t<\/ul>\n\t\t<h4 class=\"card-title mb-0\">\n\t\t\t<a class=\"stretched-link\" href=\"\/alquiler\/bahia-de-marbella\/casas\/171\">\u00c1tico de lujo primera l\u00ednea playa con 3 dormitorios en Bah\u00eda Marbella<\/a>\n\t\t<\/h4>\n\t\t\t<\/div>\n<\/article>\t\t\t\t\t\t<article class=\"f-carousel__slide card col position-relative flex-column\">\n\t<figure class=\"position-relative w-100 mb-2\">\n\t\t<a class=\"card-portfolio position-absolute\" data-pfl-id=\"464059\" data-pfl-filter=\"rent-short\" href=\"#\">\n\t\t\t<svg width=\"20\" fill=\"currentColor\" viewBox=\"0 0 512 512\">\n\t\t\t\t<use href=\"https:\/\/www.homewatch.es\/wp-content\/themes\/inmobasolidbase\/dist\/src\/images\/icons.svg#svgPortfolio\"\/>\n\t\t\t<\/svg>\n\t\t\t<svg class=\"d-none\" width=\"20\" fill=\"currentColor\" viewBox=\"0 0 512 512\">\n\t\t\t\t<use href=\"https:\/\/www.homewatch.es\/wp-content\/themes\/inmobasolidbase\/dist\/src\/images\/icons.svg#svgPortfolioIn\"\/>\n\t\t\t<\/svg>\n\t\t<\/a>\n\t\t<picture class=\"ratio ratio-4x3\"><source width=\"1920\" height=\"1080\" srcset=\"https:\/\/media.inmobalia.com\/imgV1\/B8vEv5Xh_VThvnEqMx4G0YtA8lAADdw1sBC5uN5pSX6~ImMWYg0nYa_EPSP~fBpYtvgHs5QKecPwE1~j5DU_pylbu6cBdu0PgVunDxnkMoeY79Gll7Nv5AHhYwCGots7LHLh2UpVKxFPYpTWX1i4dpWwBrw0A3MVxEcWHdp6qwdYqgVLA9DkZmq~VXAjMD~r.jpg 1920w,https:\/\/media.inmobalia.com\/imgV1\/B8vEv5Xh_Vjzl4qKP9bJW21eHCmW9PWrQV6IDk9EjA79dASSMmDBrXf04FgH6wp0ylU42MWPePEey7rkY1j3kMIGs3YrRSP6UhHPWG1enKzuplcdy8f~NYm7bTbKkeM5EmP_gw~eqL2ejNnyDs4oy6vohcV9N6IgYZyxPjH8q4b9CnE0gnE9GGQUWUdHn_c-.jpg 1580w,https:\/\/media.inmobalia.com\/imgV1\/B8vEv5Xh~9eLgpFkvD55S4O4_vRpfi7Zj~8WTFZMGThfizi~_Y~NgoiVzdN9MsuXYCpgHq7NOfhSSsV~~CvXOR8biNDSQCuIy3z~JafSwduxBEndespnQYPOGloQON4~nZJz1VMO7VdLjhzS_9aQn5ru4jrqVOCLyEuWr0R172PdEUrqgYEcXl2JSySWnw--.jpg 774w\" type=\"image\/webp\"><img loading=\"lazy\" decoding=\"async\" class=\"image-fit\" alt=\"Villa d\u00faplex de lujo con 4 dormitorios, piscina privada y vistas a la monta\u00f1a en Marbella Este\" width=\"1920\" height=\"1080\" src=\"https:\/\/media.inmobalia.com\/imgV1\/B8vEv5Xh_VThvnEqMx4G0ZxU~~H0Ar_8Bn_AfAx~4dnt796zQ9QIPwzdr9PkzIdRpbeOYktBAPFfTt23HPhndt5b7cRr2vg76pmKvptCGz41lr5j~drogommnQtYByH2eo8svmt~OpB3pmnkIFGtNbW_gxeFrbZT9pNMjotQxg0-.jpg\"><\/picture>\t\t\t<\/figure>\n\t<div class=\"h-100 d-flex flex-column\">\n\t\t<span class=\"d-block card-area\">\n\t\t\tMarbella Este\t\t<\/span>\n\t\t\n\n\t\t\t<div class=\"card-price d-flex flex-column\">\n\t\t<strong class=\"me-1\">Desde <span data-original-price=\"623\">623\u00a0\u20ac<\/span><span data-period> por dia <\/span><\/strong>\t\t<\/div>\n\t\n\t\t<ul class=\"card-features list-unstyled d-flex flex-wrap align-items-center mb-0\">\n\t\t\t\t\t\t\t<li class=\"d-flex align-items-center me-3\">\n\t\t\t\t\t4 dormitorios\t\t\t\t<\/li>\n\t\t\t\t\t\t\t<li class=\"d-flex align-items-center me-3\">\n\t\t\t\t\t4 ba\u00f1os\t\t\t\t<\/li>\n\t\t\t\t\t\t\t<li class=\"d-flex align-items-center me-3\">\n\t\t\t\t\t406.3 m&sup2; construido\t\t\t\t<\/li>\n\t\t\t\t\t\t\t<li class=\"d-flex align-items-center me-3\">\n\t\t\t\t\t2000 m&sup2; parcela\t\t\t\t<\/li>\n\t\t\t\t\t<\/ul>\n\t\t<h4 class=\"card-title mb-0\">\n\t\t\t<a class=\"stretched-link\" href=\"\/alquiler\/la-mairena\/villas-y-chalets\/155\">Villa d\u00faplex de lujo con 4 dormitorios, piscina privada y vistas a la monta\u00f1a en Marbella Este<\/a>\n\t\t<\/h4>\n\t\t\t<\/div>\n<\/article>\t\t\t\t\t\t<article class=\"f-carousel__slide card col position-relative flex-column\">\n\t<figure class=\"position-relative w-100 mb-2\">\n\t\t<a class=\"card-portfolio position-absolute\" data-pfl-id=\"458847\" data-pfl-filter=\"rent-short\" href=\"#\">\n\t\t\t<svg width=\"20\" fill=\"currentColor\" viewBox=\"0 0 512 512\">\n\t\t\t\t<use href=\"https:\/\/www.homewatch.es\/wp-content\/themes\/inmobasolidbase\/dist\/src\/images\/icons.svg#svgPortfolio\"\/>\n\t\t\t<\/svg>\n\t\t\t<svg class=\"d-none\" width=\"20\" fill=\"currentColor\" viewBox=\"0 0 512 512\">\n\t\t\t\t<use href=\"https:\/\/www.homewatch.es\/wp-content\/themes\/inmobasolidbase\/dist\/src\/images\/icons.svg#svgPortfolioIn\"\/>\n\t\t\t<\/svg>\n\t\t<\/a>\n\t\t<picture class=\"ratio ratio-4x3\"><source width=\"1920\" height=\"1080\" srcset=\"https:\/\/media.inmobalia.com\/imgV1\/B8vEv5Xh_VThvnEqMx4G0YtA8lAADdw1sBC5uN5pSX6~ImMWYg0nYa_EPSP~fBpYtvgHs5QKecPwE1~j5DU_pylbu6cBdu0PgVunDxnkMoeY79Gll7Nv5AHhYwCGots7LHLh2UpRAwofM_HTWTTW9pkKJHiEu8noeskB5yluDNNh~RF44r5mFRL47knGA1Mx.jpg 1920w,https:\/\/media.inmobalia.com\/imgV1\/B8vEv5Xh_Vjzl4qKP9bJW21eHCmW9PWrQV6IDk9EjA79dASSMmDBrXf04FgH6wp0ylU42MWPePEey7rkY1j3kMIGs3YrRSP6UhHPWG1enKzuplcdy8f~NYm7bTbKkeM5EmP_gwvjK6GJQr0IXnLWFtr0XSYx~Gp55QTevkIEQtxkCR2kQKWbbVGBqgB3O9M-.jpg 1580w,https:\/\/media.inmobalia.com\/imgV1\/B8vEv5Xh~9eLgpFkvD55S4O4_vRpfi7Zj~8WTFZMGThfizi~_Y~NgoiVzdN9MsuXYCpgHq7NOfhSSsV~~CvXOR8biNDSQCuIy3z~JafSwduxBEndespnQYPOGloQON4~nZJz0YOquqyxRdtYL5SnB1cNEmmvM4CWxbn8Vx7oY1n6yLrObdvf~W8mm7C9hA--.jpg 774w\" type=\"image\/webp\"><img loading=\"lazy\" decoding=\"async\" class=\"image-fit\" alt=\"Apartamento vacacional de 2 dormitorios en primera l\u00ednea de playa en Marbella Este\" width=\"1920\" height=\"1080\" src=\"https:\/\/media.inmobalia.com\/imgV1\/B8vEv5Xh_VThvnEqMx4G0ZxU~~H0Ar_8Bn_AfAx~4dnt796zQ9QIPwzdr9PkzIdRpbeOYktBAPFfTt23HPhndt5b7cRr2vg76pmKvptCGz41lr5j~d5~22SdnMIIbDQKXUiy8ippWAvl6igWRhaXBMURwhk3xh~h~vlA~G~I6SU-.jpg\"><\/picture>\t\t\t<\/figure>\n\t<div class=\"h-100 d-flex flex-column\">\n\t\t<span class=\"d-block card-area\">\n\t\t\tMarbella Este\t\t<\/span>\n\t\t\n\n\t\t\t<div class=\"card-price d-flex flex-column\">\n\t\t<strong class=\"me-1\">Desde <span data-original-price=\"98\">98\u00a0\u20ac<\/span><span data-period> por dia <\/span><\/strong><strong class=\"me-1\"><span data-original-price=\"2000\">2.000\u00a0\u20ac<\/span><span data-period> montly rental (November-March)<\/span><\/strong>\t\t<\/div>\n\t\n\t\t<ul class=\"card-features list-unstyled d-flex flex-wrap align-items-center mb-0\">\n\t\t\t\t\t\t\t<li class=\"d-flex align-items-center me-3\">\n\t\t\t\t\t2 dormitorios\t\t\t\t<\/li>\n\t\t\t\t\t\t\t<li class=\"d-flex align-items-center me-3\">\n\t\t\t\t\t2 ba\u00f1os\t\t\t\t<\/li>\n\t\t\t\t\t\t\t<li class=\"d-flex align-items-center me-3\">\n\t\t\t\t\t110 m&sup2; construido\t\t\t\t<\/li>\n\t\t\t\t\t<\/ul>\n\t\t<h4 class=\"card-title mb-0\">\n\t\t\t<a class=\"stretched-link\" href=\"\/alquiler\/bahia-de-marbella\/apartamentos-y-pisos\/152\">Apartamento vacacional de 2 dormitorios en primera l\u00ednea de playa en Marbella Este<\/a>\n\t\t<\/h4>\n\t\t\t<\/div>\n<\/article>\t\t\t\t\t\t<article class=\"f-carousel__slide card col position-relative flex-column\">\n\t<figure class=\"position-relative w-100 mb-2\">\n\t\t<a class=\"card-portfolio position-absolute\" data-pfl-id=\"438685\" data-pfl-filter=\"rent-short\" href=\"#\">\n\t\t\t<svg width=\"20\" fill=\"currentColor\" viewBox=\"0 0 512 512\">\n\t\t\t\t<use href=\"https:\/\/www.homewatch.es\/wp-content\/themes\/inmobasolidbase\/dist\/src\/images\/icons.svg#svgPortfolio\"\/>\n\t\t\t<\/svg>\n\t\t\t<svg class=\"d-none\" width=\"20\" fill=\"currentColor\" viewBox=\"0 0 512 512\">\n\t\t\t\t<use href=\"https:\/\/www.homewatch.es\/wp-content\/themes\/inmobasolidbase\/dist\/src\/images\/icons.svg#svgPortfolioIn\"\/>\n\t\t\t<\/svg>\n\t\t<\/a>\n\t\t<picture class=\"ratio ratio-4x3\"><source width=\"1920\" height=\"1080\" srcset=\"https:\/\/media.inmobalia.com\/imgV1\/B8vEv5Xh_VThvnEqMx4G0YtA8lAADdw1sBC5uN5pSX6~ImMWYg0nYa_EPSP~fBpYtvgHs5QKecPwE1~j5DU_pylbu6cBdu0PgVunDxnkMoeY79Gll7Nv5AHhYwCGots7LHLh2UxczxcqDuj2ylwbEGGtonym89jJNCACeg7NGMmRtYTYjJ0g0UdjJ4_bDSUq.jpg 1920w,https:\/\/media.inmobalia.com\/imgV1\/B8vEv5Xh_Vjzl4qKP9bJW21eHCmW9PWrQV6IDk9EjA79dASSMmDBrXf04FgH6wp0ylU42MWPePEey7rkY1j3kMIGs3YrRSP6UhHPWG1enKzuplcdy8f~NYm7bTbKkeM5EmP_haCzzRqH5E6frfI72wecSciOw6MSIiqbIOuznkIVfGmFqSaYCPi2_RLjzHw-.jpg 1580w,https:\/\/media.inmobalia.com\/imgV1\/B8vEv5Xh~9eLgpFkvD55S4O4_vRpfi7Zj~8WTFZMGThfizi~_Y~NgoiVzdN9MsuXYCpgHq7NOfhSSsV~~CvXOR8biNDSQCuIy3z~JafSwduxBEndespnQYPOGloQON4~nZJ18PmT0aE3TuxpLUCIMXs2DNC0zKdHZ~WMd0QAup9ceeKXtczBjlSjJ6og2g--.jpg 774w\" type=\"image\/webp\"><img loading=\"lazy\" decoding=\"async\" class=\"image-fit\" alt=\"Apartamento vacacional de 3 dormitorios con vistas al mar en Bah\u00eda de Marbella, Costa del Sol\" width=\"1920\" height=\"1080\" src=\"https:\/\/media.inmobalia.com\/imgV1\/B8vEv5Xh_VThvnEqMx4G0ZxU~~H0Ar_8Bn_AfAx~4dnt796zQ9QIPwzdr9PkzIdRpbeOYktBAPFfTt23HPhndt5b7cRr2vg76pmKvptCGz41lr5j_~x1_7FFO1ls5cFswiBQwuQFCXDUEQewBBcEeu9NXIXR3aHVkTgsL8XkV7s-.jpg\"><\/picture>\t\t\t<\/figure>\n\t<div class=\"h-100 d-flex flex-column\">\n\t\t<span class=\"d-block card-area\">\n\t\t\tMarbella Este\t\t<\/span>\n\t\t\n\n\t\t\t<div class=\"card-price d-flex flex-column\">\n\t\t<strong class=\"me-1\">Desde <span data-original-price=\"128\">128\u00a0\u20ac<\/span><span data-period> por dia <\/span><\/strong><strong class=\"me-1\"><span data-original-price=\"1700\">1.700\u00a0\u20ac<\/span><span data-period> montly rental (November-March)<\/span><\/strong>\t\t<\/div>\n\t\n\t\t<ul class=\"card-features list-unstyled d-flex flex-wrap align-items-center mb-0\">\n\t\t\t\t\t\t\t<li class=\"d-flex align-items-center me-3\">\n\t\t\t\t\t3 dormitorios\t\t\t\t<\/li>\n\t\t\t\t\t\t\t<li class=\"d-flex align-items-center me-3\">\n\t\t\t\t\t2 ba\u00f1os\t\t\t\t<\/li>\n\t\t\t\t\t\t\t<li class=\"d-flex align-items-center me-3\">\n\t\t\t\t\t129 m&sup2; construido\t\t\t\t<\/li>\n\t\t\t\t\t<\/ul>\n\t\t<h4 class=\"card-title mb-0\">\n\t\t\t<a class=\"stretched-link\" href=\"\/alquiler\/bahia-de-marbella\/apartamentos-y-pisos\/127\">Apartamento vacacional de 3 dormitorios con vistas al mar en Bah\u00eda de Marbella, Costa del Sol<\/a>\n\t\t<\/h4>\n\t\t\t<\/div>\n<\/article>\t\t\t\t\t\t\t\t\t\t\t<\/div>\n\t\t\t\t\t\t\t\t\t\t\t<a class=\"btn btn-inm mt-2 mt-lg-5\" href=\"https:\/\/www.homewatch.es\/alquiler\/marbella-este\">\u00a1Alquila ya!<\/a>\n\t\t\t\t\t\t\t\t\t<\/div>\n\t\t\t<\/section>\n\t\t","protected":false},"excerpt":{"rendered":"<p>Cuando se piensa en Marbella, lo primero que viene a la mente son lujosas villas, yates relucientes y tiendas de alta gama. Sin embargo, hay un rinc\u00f3n en Marbella donde la aut\u00e9ntica esencia de la Costa del Sol brilla con luz propia: Costabella. Este oasis de tranquilidad, con su arena dorada y aguas azul turquesa,&#8230;<\/p>\n","protected":false},"author":6,"featured_media":4096,"comment_status":"closed","ping_status":"0","sticky":false,"template":"","format":"standard","meta":{"_acf_changed":false,"footnotes":""},"categories":[26,202],"tags":[836,840,205,858,834,832,860,861,859,856,32,674,842,833,852,851,850,846,713,829,848,855,854,857,209,841,36,810,821,853,862,831,830,837,849,835,838,839,847,843,844,863],"class_list":["post-3844","post","type-post","status-publish","format-standard","has-post-thumbnail","hentry","category-guia-de-zonas","category-marbella-es","tag-bono-beach-marbella","tag-cafeterias","tag-campos-de-golf","tag-centros-de-salud","tag-chiringuito-el-chiri-marbella","tag-chiringuitos","tag-colegio-alboran","tag-colegio-aleman-de-malaga","tag-colegio-bilingue-las-chapas","tag-colegios","tag-costa-del-sol-es","tag-costabella-es","tag-don-quijote-restaurante","tag-dune-beach-marbella","tag-farmacia-artola","tag-farmacia-pinomar","tag-farmacias","tag-gimnasios","tag-golf","tag-guias-de-zonas","tag-gym-royal-tennis-club","tag-hospital-quironsalud-marbella","tag-hospital-universitario-costa-del-sol","tag-hospitales","tag-lujo","tag-mamas-bakery","tag-marbella-es","tag-marbella-este","tag-marbella-golf-country-club","tag-medhelp-centro-medico-el-rosario","tag-parques","tag-playa-de-costabella","tag-playas","tag-restaurante-da-sergio","tag-restaurante-la-varanda-verde","tag-restaurante-las-flores","tag-restaurante-luuma-beach-marbella","tag-restaurantes","tag-royal-tennis-club-marbella","tag-santa-clara-golf-marbella","tag-tenis","tag-transporte"],"acf":[],"_links":{"self":[{"href":"https:\/\/www.homewatch.es\/es\/wp-json\/wp\/v2\/posts\/3844","targetHints":{"allow":["GET"]}}],"collection":[{"href":"https:\/\/www.homewatch.es\/es\/wp-json\/wp\/v2\/posts"}],"about":[{"href":"https:\/\/www.homewatch.es\/es\/wp-json\/wp\/v2\/types\/post"}],"author":[{"embeddable":true,"href":"https:\/\/www.homewatch.es\/es\/wp-json\/wp\/v2\/users\/6"}],"replies":[{"embeddable":true,"href":"https:\/\/www.homewatch.es\/es\/wp-json\/wp\/v2\/comments?post=3844"}],"version-history":[{"count":0,"href":"https:\/\/www.homewatch.es\/es\/wp-json\/wp\/v2\/posts\/3844\/revisions"}],"wp:featuredmedia":[{"embeddable":true,"href":"https:\/\/www.homewatch.es\/es\/wp-json\/wp\/v2\/media\/4096"}],"wp:attachment":[{"href":"https:\/\/www.homewatch.es\/es\/wp-json\/wp\/v2\/media?parent=3844"}],"wp:term":[{"taxonomy":"category","embeddable":true,"href":"https:\/\/www.homewatch.es\/es\/wp-json\/wp\/v2\/categories?post=3844"},{"taxonomy":"post_tag","embeddable":true,"href":"https:\/\/www.homewatch.es\/es\/wp-json\/wp\/v2\/tags?post=3844"}],"curies":[{"name":"wp","href":"https:\/\/api.w.org\/{rel}","templated":true}]}}