{"id":6628,"date":"2025-09-09T13:51:57","date_gmt":"2025-09-09T11:51:57","guid":{"rendered":"https:\/\/www.homewatch.es\/?p=6628"},"modified":"2025-09-09T14:08:29","modified_gmt":"2025-09-09T12:08:29","slug":"benahavis-tradicion-andaluza-y-lujo-moderno-entre-montanas","status":"publish","type":"post","link":"https:\/\/www.homewatch.es\/de\/6628-benahavis-tradicion-andaluza-y-lujo-moderno-entre-montanas","title":{"rendered":"Benahav\u00eds: Andalusische Tradition und moderner Luxus in den Bergen"},"content":{"rendered":"\n<figure class=\"wp-caption aligncenter\">\n<picture><source width=\"1480\" srcset=\"https:\/\/media.inmobalia.com\/imgV1\/B98Le8~d7M9pwOKhCJcJLIfglZOtvyX13f98gUEkry2AXpxxwVVUW6beaB1CbHQXGOhTMxPEWoq2vSWoPxT0dWUFVpFov6NwmlNzq3qwzpnpHLdKCVvYT8kODJRikA--.jpg 1480w\" type=\"image\/webp\"><img decoding=\"async\" class=\"img-fluid \" width=\"1480\" src=\"https:\/\/media.inmobalia.com\/imgV1\/B98Le8~d7M9pwOKhH98twCJY8~z6ePCZX6v4ZFfOvduhBdeVCpC563TEl9~Gba~ZsCNLt5CSrqfb7qaISBEVv0QdM3KPO8r3doXg1_cK.jpg\"><\/picture>\n<figcaption class=\"wp-caption-text\"><\/figcaption>\n<\/figure>\n\n\n<ul class=\"list-unstyled p-4 pb-5 border border-light\"><li class=\"text-black text-uppercase fw-bold mb-3\">Inhaltsverzeichnis<\/li><li><a href=\"#wo+liegt+benahavis\">Wo liegt Benahav\u00eds?<\/a><\/li>\n<li><a href=\"#benahavis+und+sein+historisches+erbe\">Benahav\u00eds und sein historisches Erbe<\/a><\/li>\n<li><a href=\"#alles+was+benahavis+zu+bieten+hat\">Alles, was Benahav\u00eds zu bieten hat<\/a><\/li>\n<li><a href=\"#sport+und+natur\">Sport und Natur<\/a><\/li>\n<li><a href=\"#lieferung+nach+hause+damit+sie+sich+nicht+bewegen+mussen+und+einfach+geniessen+konnen\">Lieferung nach Hause, damit Sie sich nicht bewegen m\u00fcssen und einfach genie\u00dfen k\u00f6nnen<\/a><\/li>\n<li><a href=\"#transport+sollte+kein+problem+sein\">Transport sollte kein Problem sein<\/a><\/li>\n<li><a href=\"#jenseits+von+benahavis\">Jenseits von Benahav\u00eds<\/a><\/li>\n<li><a href=\"#ein+ort+an+den+man+immer+wieder+zuruckkehren+mochte\">Ein Ort, an den man immer wieder zur\u00fcckkehren m\u00f6chte<\/a><\/li><\/ul>\n\n\n\n<p>Zwischen Bergen und gr\u00fcnen T\u00e4lern, nur wenige Minuten von Marbella und Estepona entfernt, liegt Benahav\u00eds ein andalusisches \"Pueblo Blanco\u201c, das wie kaum ein anderer Ort die Authentizit\u00e4t der Tradition mit dem Komfort modernen Luxus verbindet. Als kulinarische Hochburg der Costa del Sol etabliert, zeichnet sich dieser Ort zudem durch exklusive Wohnanlagen, ein breites Sportangebot und eine privilegierte Natur aus, die Fl\u00fcsse, Berge und einzigartige Wanderwege umfasst.<\/p><div id=\"ez-toc-container\" class=\"ez-toc-v2_0_82_2 counter-hierarchy ez-toc-counter ez-toc-custom ez-toc-container-direction\">\n<div class=\"ez-toc-title-container\">\n<p class=\"ez-toc-title\" style=\"cursor:inherit\">Table of Contents<\/p>\n<span class=\"ez-toc-title-toggle\"><a href=\"#\" class=\"ez-toc-pull-right ez-toc-btn ez-toc-btn-xs ez-toc-btn-default ez-toc-toggle\" aria-label=\"Toggle Table of Content\"><span class=\"ez-toc-js-icon-con\"><span class=\"\"><span class=\"eztoc-hide\" style=\"display:none;\">Toggle<\/span><span class=\"ez-toc-icon-toggle-span\"><svg style=\"fill: #0a0a0a;color:#0a0a0a\" xmlns=\"http:\/\/www.w3.org\/2000\/svg\" class=\"list-377408\" width=\"20px\" height=\"20px\" viewBox=\"0 0 24 24\" fill=\"none\"><path d=\"M6 6H4v2h2V6zm14 0H8v2h12V6zM4 11h2v2H4v-2zm16 0H8v2h12v-2zM4 16h2v2H4v-2zm16 0H8v2h12v-2z\" fill=\"currentColor\"><\/path><\/svg><svg style=\"fill: #0a0a0a;color:#0a0a0a\" class=\"arrow-unsorted-368013\" xmlns=\"http:\/\/www.w3.org\/2000\/svg\" width=\"10px\" height=\"10px\" viewBox=\"0 0 24 24\" version=\"1.2\" baseProfile=\"tiny\"><path d=\"M18.2 9.3l-6.2-6.3-6.2 6.3c-.2.2-.3.4-.3.7s.1.5.3.7c.2.2.4.3.7.3h11c.3 0 .5-.1.7-.3.2-.2.3-.5.3-.7s-.1-.5-.3-.7zM5.8 14.7l6.2 6.3 6.2-6.3c.2-.2.3-.5.3-.7s-.1-.5-.3-.7c-.2-.2-.4-.3-.7-.3h-11c-.3 0-.5.1-.7.3-.2.2-.3.5-.3.7s.1.5.3.7z\"\/><\/svg><\/span><\/span><\/span><\/a><\/span><\/div>\n<nav><ul class='ez-toc-list ez-toc-list-level-1 ' ><li class='ez-toc-page-1 ez-toc-heading-level-2'><a class=\"ez-toc-link ez-toc-heading-1\" href=\"https:\/\/www.homewatch.es\/de\/6628-benahavis-tradicion-andaluza-y-lujo-moderno-entre-montanas\/#Wo_liegt_Benahavis\" >Wo liegt Benahav\u00eds?<\/a><\/li><li class='ez-toc-page-1 ez-toc-heading-level-2'><a class=\"ez-toc-link ez-toc-heading-2\" href=\"https:\/\/www.homewatch.es\/de\/6628-benahavis-tradicion-andaluza-y-lujo-moderno-entre-montanas\/#Benahavis_und_sein_historisches_Erbe\" >Benahav\u00eds und sein historisches Erbe<\/a><\/li><li class='ez-toc-page-1 ez-toc-heading-level-2'><a class=\"ez-toc-link ez-toc-heading-3\" href=\"https:\/\/www.homewatch.es\/de\/6628-benahavis-tradicion-andaluza-y-lujo-moderno-entre-montanas\/#Alles_was_Benahavis_zu_bieten_hat\" >Alles, was Benahav\u00eds zu bieten hat<\/a><\/li><li class='ez-toc-page-1 ez-toc-heading-level-2'><a class=\"ez-toc-link ez-toc-heading-4\" href=\"https:\/\/www.homewatch.es\/de\/6628-benahavis-tradicion-andaluza-y-lujo-moderno-entre-montanas\/#Sport_und_Natur\" >Sport und Natur<\/a><\/li><li class='ez-toc-page-1 ez-toc-heading-level-2'><a class=\"ez-toc-link ez-toc-heading-5\" href=\"https:\/\/www.homewatch.es\/de\/6628-benahavis-tradicion-andaluza-y-lujo-moderno-entre-montanas\/#Lieferung_nach_Hause_damit_Sie_sich_nicht_bewegen_muessen_und_einfach_geniessen_koennen\" >Lieferung nach Hause, damit Sie sich nicht bewegen m\u00fcssen und einfach genie\u00dfen k\u00f6nnen<\/a><\/li><li class='ez-toc-page-1 ez-toc-heading-level-2'><a class=\"ez-toc-link ez-toc-heading-6\" href=\"https:\/\/www.homewatch.es\/de\/6628-benahavis-tradicion-andaluza-y-lujo-moderno-entre-montanas\/#Transport_sollte_kein_Problem_sein\" >Transport sollte kein Problem sein<\/a><\/li><li class='ez-toc-page-1 ez-toc-heading-level-2'><a class=\"ez-toc-link ez-toc-heading-7\" href=\"https:\/\/www.homewatch.es\/de\/6628-benahavis-tradicion-andaluza-y-lujo-moderno-entre-montanas\/#Jenseits_von_Benahavis\" >Jenseits von Benahav\u00eds<\/a><\/li><li class='ez-toc-page-1 ez-toc-heading-level-2'><a class=\"ez-toc-link ez-toc-heading-8\" href=\"https:\/\/www.homewatch.es\/de\/6628-benahavis-tradicion-andaluza-y-lujo-moderno-entre-montanas\/#Ein_Ort_an_den_man_immer_wieder_zurueckkehren_moechte\" >Ein Ort, an den man immer wieder zur\u00fcckkehren m\u00f6chte<\/a><\/li><li class='ez-toc-page-1 ez-toc-heading-level-2'><a class=\"ez-toc-link ez-toc-heading-9\" href=\"https:\/\/www.homewatch.es\/de\/6628-benahavis-tradicion-andaluza-y-lujo-moderno-entre-montanas\/#Mietobjekte_in_Benahavis_Alle_Mietobjekte_Benahavis\" >Mietobjekte in Benahav\u00eds\n\t\t\t\t\t\t\t\t\t\t\t\t\t\t\t\tAlle Mietobjekte \/ Benahav\u00eds<\/a><\/li><\/ul><\/nav><\/div>\n\n\n\n\n<h2 class=\"wp-block-heading\"><span class=\"ez-toc-section\" id=\"Wo_liegt_Benahavis\"><\/span>Wo liegt Benahav\u00eds?<span class=\"ez-toc-section-end\"><\/span><\/h2>\n\n\n\n<p>Benahav\u00eds, eines der bezauberndsten wei\u00dfen D\u00f6rfer an der westlichen Costa del Sol, liegt an den S\u00fcdh\u00e4ngen der Serran\u00eda de Ronda, nur 7 Kilometer vom Meer entfernt. Strategisch zwischen Marbella, Estepona und Ronda gelegen, erhebt sich dieser malerische Ort wie ein nat\u00fcrlicher Aussichtspunkt, von dem man an klaren Tagen \u00fcber 100 Kilometer K\u00fcste und sogar Nordafrika sehen kann.<\/p>\n\n\n\n<p>Drei Fl\u00fcsse \u2013 der Guadalmina, der Guadaiza und der Guadalmansa \u2013 durchqueren die Gemeinde und formen eine gr\u00fcne, lebendige Landschaft, die zu Outdoor-Aktivit\u00e4ten und unmittelbaren Naturerlebnissen einl\u00e4dt. Pinien, Kork- und Steineichen verweben sich mit den wei\u00dfget\u00fcnchten H\u00e4usern und den maurisch gepr\u00e4gten Gassen und schaffen so eine authentische und zugleich ruhige Atmosph\u00e4re, in der Tradition und Moderne harmonisch zusammenleben.<\/p>\n\n\n\n<p>Benahav\u00eds besticht zudem durch seine hervorragende Verkehrsanbindung: Die Landstra\u00dfe A-7175 verbindet den Ort in wenigen Minuten mit der A-7 und der AP-7, sodass Marbella, Estepona und der Flughafen M\u00e1laga schnell erreichbar sind. Diese privilegierte Lage erm\u00f6glicht es Bewohnern und Besuchern, gleicherma\u00dfen die Ruhe der Berge und die Lebendigkeit des Mittelmeers zu genie\u00dfen.<\/p>\n\n\n\n<figure class=\"wp-caption aligncenter\">\n<picture><source width=\"1480\" srcset=\"https:\/\/media.inmobalia.com\/imgV1\/B98Le8~d7M9pwOKhCJcJLIfglZOtvyX13f98gUEkry2AXpxxwVVUW6beaB1CbHQXGOhTMxPEWoq2vSWoPxT0dWUFVpFov6NwmlNzq3qwzpnpHLdKCVvYT51MqCPJxc4CAVyasB2QvxXktqfd0btUdQ--.png 1480w\" type=\"image\/webp\"><img decoding=\"async\" class=\"img-fluid \" width=\"1480\" src=\"https:\/\/media.inmobalia.com\/imgV1\/B98Le8~d7M9pwOKhCJcJLIN6jO1ByKD5uSZnq8Rqc8B6DMmmO7kOR4N0IvO6OvVh01P_J9~uLWOHBEWUQE3T~C5cLDWerHLR1PrO6NIclH6WC~GKJrAzlS92Iq1wsxyNhvxTkxsimC00.png\"><\/picture>\n<figcaption class=\"wp-caption-text\"><\/figcaption>\n<\/figure>\n\n\n\n<h4 class=\"wp-block-heading\">Entfernungen von Benahav\u00eds zu wichtigen Orten der Costa del Sol<\/h4>\n\n\n\n<ul class=\"wp-block-list\">\n<li>Marbella Zentrum: 20 km \u2013 25 Min. mit dem Auto<\/li>\n\n\n\n<li>Puerto Ban\u00fas: 10 km \u2013 15 Min. mit dem Auto<\/li>\n\n\n\n<li>Goldene Meile: 12 km \u2013 18 Min. mit dem Auto<\/li>\n\n\n\n<li>Nueva Andaluc\u00eda: 9 km \u2013 15 Min. mit dem Auto<\/li>\n\n\n\n<li>San Pedro de Alc\u00e1ntara: 7 km \u2013 12 Min. mit dem Auto<\/li>\n\n\n\n<li>Estepona: 20 km \u2013 20 Min. mit dem Auto<\/li>\n\n\n\n<li>Oj\u00e9n: 30 km \u2013 35 Min. mit dem Auto<\/li>\n\n\n\n<li>Flughafen M\u00e1laga: 70 km \u2013 50 Min. mit dem Auto<\/li>\n\n\n\n<li>Gibraltar: 75 km \u2013 1 Std. mit dem Auto<\/li>\n<\/ul>\n\n\n\n<h2 class=\"wp-block-heading\"><span class=\"ez-toc-section\" id=\"Benahavis_und_sein_historisches_Erbe\"><\/span>Benahav\u00eds und sein historisches Erbe<span class=\"ez-toc-section-end\"><\/span><\/h2>\n\n\n\n<p>Die Geschichte von Benahav\u00eds ist tief von seinem arabischen Erbe gepr\u00e4gt. Gegr\u00fcndet im 11. Jahrhundert nach dem Bau der Burg Montemayor, entstand das Dorf als strategischer Standort zur \u00dcberwachung der K\u00fcste und des Hinterlandes. Spuren dieser Vergangenheit sind noch heute im Verlauf der engen Gassen und in den Wacht\u00fcrmen sichtbar, die in der Umgebung erhalten geblieben sind. Mit den Jahrhunderten entwickelte sich Benahav\u00eds von einer Wehrburg zu einem friedlichen wei\u00dfen andalusischen Dorf, das heute Architektur und Kultur auf nat\u00fcrliche Weise mit Wohnluxus und kulinarischer Exzellenz verbindet.<\/p>\n\n\n\n<p>Nach der Reconquista wurde Benahav\u00eds Teil des K\u00f6nigreichs Kastilien und behielt seine Bedeutung als l\u00e4ndliches Zentrum mit Landwirtschaft und Viehzucht. Im Laufe der Zeit entwickelte sich das Dorf zu einem renommierten touristischen und Wohnstandort, ohne jemals seine andalusische Essenz oder den Charme seines historischen Zentrums zu verlieren. Heute verbindet es arabisches Erbe mit moderner Identit\u00e4t und z\u00e4hlt zu den au\u00dfergew\u00f6hnlichsten Destinationen an der Costa del Sol.<\/p>\n\n\n\n<h2 class=\"wp-block-heading\"><span class=\"ez-toc-section\" id=\"Alles_was_Benahavis_zu_bieten_hat\"><\/span>Alles, was Benahav\u00eds zu bieten hat<span class=\"ez-toc-section-end\"><\/span><\/h2>\n\n\n\n<p>In Benahav\u00eds findest du eine gro\u00dfe Auswahl an Restaurants mit regionaler und internationaler K\u00fcche, Freizeitangebote f\u00fcr alle Altersgruppen sowie Outdoor Aktivit\u00e4ten, die jeden Tag zu einem besonderen Erlebnis machen. Von entspannten Momenten bis zu aktiven Abenteuern, hier ist alles darauf ausgerichtet, einen einzigartigen und umfassenden Lebensstil zu genie\u00dfen.<\/p>\n\n\n\n<h3 class=\"wp-block-heading\">Eine kulinarische Reise zwischen Bergen<\/h3>\n\n\n\n<p>Die kulinarische Vielfalt ist einer der gr\u00f6\u00dften Vorz\u00fcge von Benahav\u00eds. Das Dorf hat sich zu einer echten gastronomischen Referenz an der Costa del Sol entwickelt, von traditionell andalusischen Gerichten bis hin zu internationalen Spitzenk\u00fcchen.<\/p>\n\n\n\n<h4 class=\"wp-block-heading\">Los Abanicos<\/h4>\n\n\n\n<p>Eines der bekanntesten Restaurants in Benahav\u00eds. Ber\u00fchmt f\u00fcr seine umfangreiche und erlesene Weinkarte, bietet es eine K\u00fcche, die Tradition, Qualit\u00e4t und Gastfreundschaft vereint. Die warme Atmosph\u00e4re macht es zum perfekten Ort f\u00fcr Familientreffen ebenso wie f\u00fcr besondere Anl\u00e4sse.<\/p>\n\n\n\n<ul class=\"wp-block-list\">\n<li><a href=\"http:\/\/google.com\/maps\/place\/\/data=!4m2!3m1!1s0xd732a179e835e43:0xe44e74316855e429?sa=X&amp;ved=1t:8290&amp;ictx=111\" target=\"_blank\" rel=\"noopener\">ADRESSE<\/a><strong>:<\/strong> Calle M\u00e1laga, 15, 29679 Benahav\u00eds, M\u00e1laga<\/li>\n\n\n\n<li><strong><strong>TELEFON<\/strong>:<\/strong> +34 952 85 50 26<\/li>\n\n\n\n<li><strong><strong><strong>\u00d6FFNUNGSZEITEN<\/strong><\/strong>:<\/strong> Mi\u00e9rcoles - Domingo 13:00 - 16:00 \/ 19:00 - 23:00<\/li>\n\n\n\n<li><strong>PREISSPANNE: &nbsp;\u20ac\u20ac - \u20ac\u20ac\u20ac<\/strong><\/li>\n<\/ul>\n\n\n\n<h4 class=\"wp-block-heading\">Restaurante Sabor<\/h4>\n\n\n\n<p>Ein modernes, gem\u00fctliches Restaurant, das sich als \u201everborgene Perle\u201c von Benahav\u00eds etabliert hat. Hier werden traditionelle Aromen mit einem zeitgen\u00f6ssischen Ansatz kombiniert, frische Zutaten und ein aufmerksamer Service machen jeden Besuch zu einem besonderen Erlebnis.<\/p>\n\n\n\n<ul class=\"wp-block-list\">\n<li><a href=\"https:\/\/www.google.com\/maps?hl=es&amp;gl=es&amp;um=1&amp;ie=UTF-8&amp;fb=1&amp;sa=X&amp;ftid=0xd72d5dc60daecc1:0x3b7480c50348c64e\" target=\"_blank\" rel=\"noopener\">ADRESSE<\/a><strong>:<\/strong> Plaza de la Iglesia, 4, 29679 Benahav\u00eds, M\u00e1laga<\/li>\n\n\n\n<li><strong>TELEFON:<\/strong> +34 951 55 52 46<\/li>\n\n\n\n<li><strong><strong>\u00d6FFNUNGSZEITEN<\/strong>:<\/strong> Lunes \u2013 Domingo 18:00 \u2013 24:00<\/li>\n\n\n\n<li><strong><strong>PREISSPANNE<\/strong>: &nbsp;\u20ac\u20ac - \u20ac\u20ac\u20ac<\/strong><\/li>\n<\/ul>\n\n\n\n<h4 class=\"wp-block-heading\">Venta Los Almendros<\/h4>\n\n\n\n<p>Ein Klassiker der Region, in dem andalusische Tradition in jedem Gericht sp\u00fcrbar ist. Inmitten einer privilegierten Natur gelegen, mit Terrasse und Blick aufs Mittelmeer, eignet es sich hervorragend f\u00fcr Grillgerichte, Hausmannskost und lokale Spezialit\u00e4ten in entspannter Atmosph\u00e4re.<\/p>\n\n\n\n<figure class=\"wp-caption aligncenter\">\n<picture><source width=\"1480\" srcset=\"https:\/\/media.inmobalia.com\/imgV1\/B98Le8~d7M9pwOKhCJcJLIfglZOtvyX13f98gUEkry2AXpxxwVVUW6beaB1CbHQXGOhTMxPEWoq2vSWoPxT0dWUFVpFov6NwmlNzq3qwzpnpHLdKCVvYT8i5uw8stg--.jpg 1480w\" type=\"image\/webp\"><img decoding=\"async\" class=\"img-fluid \" width=\"1480\" src=\"https:\/\/media.inmobalia.com\/imgV1\/B98Le8~d7M9pwOKhH98twCJY8~z6ePCZX6v4ZFfOvduhBdeVCpC563TEl9~Gba~ZsCNLt5CSrqfb7qaISBEVv0QdM3KPO8r3d4URGfLl.jpg\"><\/picture>\n<figcaption class=\"wp-caption-text\"><\/figcaption>\n<\/figure>\n\n\n\n<ul class=\"wp-block-list\">\n<li><a href=\"https:\/\/www.google.com\/maps\/place\/\/data=!4m2!3m1!1s0xd72d5b8fa5ad95b:0xe5096bf08bc21d0e?sa=X&amp;ved=1t:8290&amp;ictx=111\" target=\"_blank\" rel=\"noopener\">ADRESSE<\/a>: Urbanizaci\u00f3n Puerto de los Almendros, 3C, 29679, M\u00e1laga<\/li>\n\n\n\n<li><strong>TELEFON:<\/strong> +34 697 99 43 52<\/li>\n\n\n\n<li><strong><strong>\u00d6FFNUNGSZEITEN<\/strong>:<\/strong> Lunes \u2013 Viernes 9:00 \u2013 24:00 , S\u00e1bado 13:00 - 24:00<\/li>\n\n\n\n<li><strong><strong><strong>PREISSPANNE<\/strong><\/strong>: &nbsp;\u20ac\u20ac - \u20ac\u20ac\u20ac<\/strong><\/li>\n<\/ul>\n\n\n\n<h3 class=\"wp-block-heading\">Freizeit und Unterhaltung: Angebote f\u00fcr alle<\/h3>\n\n\n\n<p>Obwohl Benahav\u00eds ein ruhiges Dorf ist, \u00fcberrascht es mit vielf\u00e4ltigen Freizeitm\u00f6glichkeiten  ideal, um Zeit zu zweit, mit Freunden oder mit der Familie zu genie\u00dfen.<\/p>\n\n\n\n<h4 class=\"wp-block-heading\"><a href=\"https:\/\/allin1cafe.com\/\" target=\"_blank\" rel=\"noopener\">All in 1 Caf\u00e9<\/a><\/h4>\n\n\n\n<p>Ein modernes, vielseitiges Caf\u00e9, in dem Fr\u00fchst\u00fcck, Cocktails und ein lebendiges soziales Leben aufeinandertreffen. Die von Vegetation umgebenen Terrassen und das internationale Flair haben es zu einem beliebten Treffpunkt f\u00fcr Einheimische und Besucher gemacht. Die <a href=\"https:\/\/allin1cafe.com\/All%20in%20One%20Menu%20English.pdf\" target=\"_blank\" rel=\"noopener\">Karte<\/a> reicht von leichten Tagesgerichten bis hin zu kreativen Cocktails f\u00fcr die lebendigeren Abende.<\/p>\n\n\n\n<ul class=\"wp-block-list\">\n<li><a href=\"https:\/\/www.google.com\/maps\/place\/\/data=!4m2!3m1!1s0xd72d58f7c3c6fe5:0xfc65c92bd33c568c?sa=X&amp;ved=1t:8290&amp;ictx=111\" target=\"_blank\" rel=\"noopener\">ADRESSE<\/a><strong>:<\/strong> Centro Comercial Los Halcones, A-397, Km. 166, 29679 Benahav\u00eds, M\u00e1laga<\/li>\n\n\n\n<li><strong>TELEFON:<\/strong> +34 952 78 93 15<\/li>\n\n\n\n<li><strong><strong><strong>\u00d6FFNUNGSZEITEN<\/strong><\/strong>:<\/strong> Montag \u2013 Sonntag 09:00 \u2013 01:00, K\u00fcche bis 24:00 ge\u00f6ffnet<\/li>\n\n\n\n<li><strong><strong><strong><strong>PREISSPANNE<\/strong><\/strong><\/strong>: &nbsp;\u20ac - \u20ac\u20ac<\/strong><\/li>\n<\/ul>\n\n\n\n<h4 class=\"wp-block-heading\"><a href=\"https:\/\/losarquerosbowling.com\/\" target=\"_blank\" rel=\"noopener\">Sports Bar Los Arqueros<\/a><\/h4>\n\n\n\n<p>Innerhalb des Los Arqueros Golf gelegen, verbindet diese Bar sportliche Atmosph\u00e4re mit Live-\u00dcbertragungen, Bowling und Billard. Eine ideale Option, um einen unterhaltsamen Moment zu verbringen oder nach einer Runde Golf oder einer Wanderung etwas zu essen.<\/p>\n\n\n\n<figure class=\"wp-caption aligncenter\">\n<picture><source width=\"1480\" srcset=\"https:\/\/media.inmobalia.com\/imgV1\/B98Le8~d7M9pwOKhCJcJLIfglZOtvyX13f98gUEkry2AXpxxwVVUW6beaB1CbHQXGOhTMxPEWoq2vSWoPxT0dWUFVpFov6NwmlNzq3qwzpnpHLdKCVvYT8kCHw8zWQ--.jpg 1480w\" type=\"image\/webp\"><img decoding=\"async\" class=\"img-fluid \" width=\"1480\" src=\"https:\/\/media.inmobalia.com\/imgV1\/B98Le8~d7M9pwOKhH98twCJY8~z6ePCZX6v4ZFfOvduhBdeVCpC563TEl9~Gba~ZsCNLt5CSrqfb7qaISBEVv0QdM3KPO8r3dolUHZwK.jpg\"><\/picture>\n<figcaption class=\"wp-caption-text\"><\/figcaption>\n<\/figure>\n\n\n\n<ul class=\"wp-block-list\">\n<li><a href=\"https:\/\/www.google.com\/maps\/place\/\/data=!4m2!3m1!1s0xd72d5f48b433ed9:0x76255363e243f297?sa=X&amp;ved=1t:8290&amp;ictx=111\" target=\"_blank\" rel=\"noopener\">ADRESSE<\/a><strong>:<\/strong> Los Arqueros Golf &amp; Country Club, Planta 1, 105, 29679 Benahav\u00eds, M\u00e1laga<\/li>\n\n\n\n<li><strong>TELEFON:<\/strong> +34 952 90 79 51<\/li>\n\n\n\n<li><strong><strong><strong><strong>\u00d6FFNUNGSZEITEN<\/strong><\/strong><\/strong>:<\/strong> Montag \u2013 Freitag 18:00 \u2013 23:00, Samstag und Sonntag 15:00 \u2013 24:00<\/li>\n<\/ul>\n\n\n\n<h4 class=\"wp-block-heading\"><a href=\"https:\/\/invinic.com\/\" target=\"_blank\" rel=\"noopener\">INVINIC Wine Collection Boutique<\/a><\/h4>\n\n\n\n<p>Ein exklusiver Ort f\u00fcr Weinliebhaber. Die INVINIC Wine Collection Boutique bietet eine sorgf\u00e4ltig ausgew\u00e4hlte Sammlung nationaler und internationaler Weine von historischen Weing\u00fctern bis hin zu limitierten Jahrg\u00e4ngen. Mehr als nur ein Gesch\u00e4ft: ein Ort zum Entdecken, Lernen und Staunen, stets begleitet von der Expertise eines leidenschaftlichen Teams.<\/p>\n\n\n\n<figure class=\"wp-caption aligncenter\">\n<picture><source width=\"1480\" srcset=\"https:\/\/media.inmobalia.com\/imgV1\/B98Le8~d7M9pwOKhCJcJLIfglZOtvyX13f98gUEkry2AXpxxwVVUW6beaB1CbHQXGOhTMxPEWoq2vSWoPxT0dWUFVpFov6NwmlNzq3qwzpnpHLdKCVvYT8i4ypMQWg--.jpg 1480w\" type=\"image\/webp\"><img decoding=\"async\" class=\"img-fluid \" width=\"1480\" src=\"https:\/\/media.inmobalia.com\/imgV1\/B98Le8~d7M9pwOKhH98twCJY8~z6ePCZX6v4ZFfOvduhBdeVCpC563TEl9~Gba~ZsCNLt5CSrqfb7qaISBEVv0QdM3KPO8r3d4QDRj2S.jpg\"><\/picture>\n<figcaption class=\"wp-caption-text\"><\/figcaption>\n<\/figure>\n\n\n\n<ul class=\"wp-block-list\">\n<li><a href=\"https:\/\/www.google.com\/maps\/place\/INVINIC+Wine+Collection+Boutique\/@36.5028784,-5.0037841,17z\/data=!3m1!4b1!4m6!3m5!1s0xd732b007cef5363:0xff7fcc29fceddb2f!8m2!3d36.5028784!4d-5.0037841!16s%2Fg%2F11w2y2ztvm?hl=es&amp;entry=ttu&amp;g_ep=EgoyMDI1MDkwMy4wIKXMDSoASAFQAw%3D%3D\" target=\"_blank\" rel=\"noopener\">ADRESSE<\/a><strong>:<\/strong> C. Cam. del Higueral, 25, 29679 Benahav\u00eds, M\u00e1laga<\/li>\n\n\n\n<li><strong>TELEFON:<\/strong> +34 638 97 19 00<\/li>\n\n\n\n<li><strong><strong><strong><strong><strong>\u00d6FFNUNGSZEITEN<\/strong><\/strong><\/strong><\/strong>:<\/strong> Dienstag \u2013 Donnerstag 13:00 \u2013 21:00, Freitag und Samstag 12:00 \u2013 22:00<\/li>\n<\/ul>\n\n\n\n<h2 class=\"wp-block-heading\"><span class=\"ez-toc-section\" id=\"Sport_und_Natur\"><\/span>Sport und Natur<span class=\"ez-toc-section-end\"><\/span><\/h2>\n\n\n\n<h3 class=\"wp-block-heading\">Ein sportliches und nat\u00fcrliches Paradies<\/h3>\n\n\n\n<p>In Benahav\u00eds ist Sport nicht nur eine Aktivit\u00e4t, sondern Teil des Lebensstils. Obwohl Golf durch die Vielzahl erstklassiger Pl\u00e4tze besonders hervorsticht, l\u00e4dt die Umgebung dazu ein, zahlreiche weitere Sportarten inmitten einer privilegierten Natur unter mehr als 320 Sonnentagen im Jahr auszu\u00fcben.<\/p>\n\n\n\n<h4 class=\"wp-block-heading\"><a href=\"https:\/\/www.losarquerosgolf.com\/\" target=\"_blank\" rel=\"noopener\">Los Arqueros Golf &amp; Country Club<\/a><\/h4>\n\n\n\n<p>Entworfen von Severiano Ballesteros, z\u00e4hlt dieser 18-Loch-Golfplatz zu den renommiertesten an der Costa del Sol. Neben seinem anspruchsvollen und attraktiven Parcours bietet er ein Restaurant, Fitnessstudio, Bowlingbahnen und gesellschaftliche Bereiche, die jeden Besuch zu einem ganzheitlichen Erlebnis machen.<\/p>\n\n\n\n<figure class=\"wp-caption aligncenter\">\n<picture><source width=\"1480\" srcset=\"https:\/\/media.inmobalia.com\/imgV1\/B98Le8~d7M9pwOKhCJcJLIfglZOtvyX13f98gUEkry2AXpxxwVVUW6beaB1CbHQXGOhTMxPEWoq2vSWoPxT0dWUFVpFov6NwmlNzq3qwzpnpHLdKCVvYT8i6hxlJKg--.jpg 1480w\" type=\"image\/webp\"><img decoding=\"async\" class=\"img-fluid \" width=\"1480\" src=\"https:\/\/media.inmobalia.com\/imgV1\/B98Le8~d7M9pwOKhH98twCJY8~z6ePCZX6v4ZFfOvduhBdeVCpC563TEl9~Gba~ZsCNLt5CSrqfb7qaISBEVv0QdM3KPO8r3d4YLwWoD.jpg\"><\/picture>\n<figcaption class=\"wp-caption-text\"><\/figcaption>\n<\/figure>\n\n\n\n<ul class=\"wp-block-list\">\n<li><a href=\"https:\/\/www.google.com\/maps\/place\/\/data=!4m2!3m1!1s0xd72d59ae9063ae9:0x4c2f1af167d8d07d?sa=X&amp;ved=1t:8290&amp;ictx=111\" target=\"_blank\" rel=\"noopener\">ADRESSE<\/a><strong>:<\/strong> Los Arqueros Golf &amp; Country Club, Planta 1, 101, 29678 Benahav\u00eds, M\u00e1laga<\/li>\n\n\n\n<li><strong>TELEFON:<\/strong> +34 952 78 46 00<\/li>\n\n\n\n<li><strong><strong><strong><strong><strong>\u00d6FFNUNGSZEITEN<\/strong><\/strong><\/strong><\/strong>:<\/strong> Montag \u2013 Freitag 07:45 \u2013 20:00, Samstag und Sonntag 07:00 \u2013 19:00<\/li>\n<\/ul>\n\n\n\n<h4 class=\"wp-block-heading\">Gemeindesportzentrum<\/h4>\n\n\n\n<p>Das Gemeindesportzentrum ist einer der wichtigsten Treffpunkte der Gemeinschaft. Die modernen Einrichtungen erm\u00f6glichen eine Vielzahl von Disziplinen von Fu\u00dfball und Basketball bis hin zu Padel, Tennis oder Schwimmen. Mit Aktivit\u00e4ten f\u00fcr alle Altersgruppen, Trainingsprogrammen und Sportveranstaltungen das ganze Jahr \u00fcber spiegelt dieser Ort den aktiven und gesunden Geist wider, der Benahav\u00eds auszeichnet.<\/p>\n\n\n\n<figure class=\"wp-caption aligncenter\">\n<picture><source width=\"1480\" srcset=\"https:\/\/media.inmobalia.com\/imgV1\/B98Le8~d7M9pwOKhCJcJLIfglZOtvyX13f98gUEkry2AXpxxwVVUW6beaB1CbHQXGOhTMxPEWoq2vSWoPxT0dWUFVpFov6NwmlNzq3qwzpnpHLdKCVvYT8kDj3rftQ--.jpg 1480w\" type=\"image\/webp\"><img decoding=\"async\" class=\"img-fluid \" width=\"1480\" src=\"https:\/\/media.inmobalia.com\/imgV1\/B98Le8~d7M9pwOKhH98twCJY8~z6ePCZX6v4ZFfOvduhBdeVCpC563TEl9~Gba~ZsCNLt5CSrqfb7qaISBEVv0QdM3KPO8r3doisOTcK.jpg\"><\/picture>\n<figcaption class=\"wp-caption-text\"><\/figcaption>\n<\/figure>\n\n\n\n<h4 class=\"wp-block-heading\">Wander und Abenteuerrouten<\/h4>\n\n\n\n<p>Naturliebhaber finden hier Wanderwege und Aktivit\u00e4ten, die Bewegung mit unvergesslichen Landschaften verbinden:<\/p>\n\n\n\n<ul class=\"wp-block-list\">\n<li><strong>Acequia del Guadalmina (SL-A 274):<\/strong> Ein einfacher Rundweg entlang der Wasserkan\u00e4le, ideal f\u00fcr Familien.<br><\/li>\n\n\n\n<li><strong>Benahav\u00eds \u2013 Castillo de Montemayor (PR-A 168):<\/strong> Ein Aufstieg zu den Ruinen der Festung mit spektakul\u00e4ren Ausblicken auf K\u00fcste und Inland.<br><\/li>\n\n\n\n<li><strong>Ruta de las Angosturas del Guadalmina:<\/strong> Die beliebteste und abenteuerlichste Route, die Wanderungen mit Wasserabschnitten, Naturpools und Canyoning kombiniert.<br><\/li>\n\n\n\n<li><strong>Ca\u00f1ada de Juan Min\u00e1 (SL-A 252):<\/strong> Ein moderater Rundweg, der die botanische Vielfalt der Region offenbart.<\/li>\n<\/ul>\n\n\n\n<p>Neben Wandern bietet Benahav\u00eds auch Reitausfl\u00fcge, Mountainbiking, Motocross und 4x4-Abenteuer. F\u00fcr die Mutigsten ist das Schluchtabenteuer im Guadalmina eine Erfahrung, die Sport, Adrenalin und pure Natur vereint.<\/p>\n\n\n\n<h4 class=\"wp-block-heading\">Parque Torre Leonera<\/h4>\n\n\n\n<p>Im Herzen des Dorfes liegt der Parque Torre Leonera eine gr\u00fcne Oase, perfekt f\u00fcr Erholung und Familienleben. Beherrscht von dem Wachturm, der dem Ort seinen Namen gibt, verbindet er gepflegte G\u00e4rten, Teiche, Wasserf\u00e4lle, ein Freiluft-Amphitheater und Spielpl\u00e4tze. Der ideale Platz f\u00fcr einen entspannten Spaziergang, zum Lesen im Schatten oder f\u00fcr einen Nachmittag mit Kindern ein Ort, an dem Geschichte und Natur harmonisch verschmelzen.<\/p>\n\n\n\n<ul class=\"wp-block-list\">\n<li><a href=\"https:\/\/www.google.com\/maps\/place\/\/data=!4m2!3m1!1s0xd72d543f10bb3c3:0xd1edf03da0625a9a?sa=X&amp;ved=1t:8290&amp;ictx=111\" target=\"_blank\" rel=\"noopener\">ADRESSE<\/a>: <strong>&nbsp;<\/strong>29679 Benahav\u00eds, M\u00e1laga<\/li>\n\n\n\n<li><strong><strong><strong><strong><strong>\u00d6FFNUNGSZEITEN<\/strong><\/strong><\/strong><\/strong><\/strong>: Montag \u2013 Sonntag 08:00 \u2013 21:00<\/li>\n<\/ul>\n\n\n\n<h3 class=\"wp-block-heading\">Wichtige Dienstleistungen f\u00fcr den Alltag<\/h3>\n\n\n\n<p>\u00dcber seinen Ruf als gastronomisches und exklusives Wohnziel hinaus bietet Benahav\u00eds auch die Sicherheit, \u00fcber praktische Dienstleistungen f\u00fcr das t\u00e4gliche Leben zu verf\u00fcgen. Vertrauensw\u00fcrdige Apotheken, kleine Gesch\u00e4fte und Superm\u00e4rkte, eine \u00f6ffentliche Schule und ein Gesundheitszentrum stellen sicher, dass alle Bed\u00fcrfnisse unkompliziert gedeckt werden.<\/p>\n\n\n\n<p>Die N\u00e4he zu Marbella und San Pedro de Alc\u00e1ntara erg\u00e4nzt dieses Angebot um Krankenh\u00e4user, internationale Schulen und gro\u00dfe Einkaufszentren und macht Benahav\u00eds zu einem Ort, an dem man die Natur genie\u00dft, ohne auf Komfort zu verzichten.<\/p>\n\n\n\n<h4 class=\"wp-block-heading\"><a href=\"https:\/\/www.facebook.com\/farmaciabenahavis\" target=\"_blank\" rel=\"noopener\">Farmacia Benahav\u00eds CB<\/a><\/h4>\n\n\n\n<p>Im Zentrum des Dorfes gelegen, ist sie bekannt f\u00fcr ihre pers\u00f6nliche und professionelle Betreuung. Hier findet man sowohl Medikamente als auch Produkte f\u00fcr die pers\u00f6nliche Pflege.<\/p>\n\n\n\n<ul class=\"wp-block-list\">\n<li><a href=\"https:\/\/www.google.com\/maps\/place\/\/data=!4m2!3m1!1s0xd72d5476c0b4fe5:0x367d0184eb08bc3?sa=X&amp;ved=1t:8290&amp;ictx=111\" target=\"_blank\" rel=\"noopener\">ADRESSE<\/a><strong>:<\/strong> <strong>&nbsp;<\/strong>Av. de Andalucia, 4, 29679 Benahav\u00eds, M\u00e1laga<\/li>\n\n\n\n<li><strong>TELEFON:<\/strong> +34 952 85 55 90<\/li>\n\n\n\n<li><strong><strong><strong><strong><strong><strong>\u00d6FFNUNGSZEITEN<\/strong><\/strong><\/strong><\/strong><\/strong>:<\/strong> Montag \u2013 Freitag 09:00 \u2013 14:00, 17:30 \u2013 20:30, Samstag 10:00 \u2013 14:00<\/li>\n<\/ul>\n\n\n\n<h4 class=\"wp-block-heading\"><a href=\"https:\/\/www.carrefour.es\/tiendas-carrefour\/supermercados\/carrefour-express\/estepona-benahavis-malaga-s.aspx\" target=\"_blank\" rel=\"noopener\">Carrefour express<\/a><\/h4>\n\n\n\n<p>F\u00fcr den t\u00e4glichen Einkauf ist der Carrefour Express in Benahav\u00eds die bequemste und schnellste Option. Er bietet eine gro\u00dfe Auswahl an frischen Produkten, Lebensmitteln, Getr\u00e4nken und Artikeln des t\u00e4glichen Bedarfs und das mit erweiterten \u00d6ffnungszeiten, die Eink\u00e4ufe jederzeit erleichtern. Ein praktischer Service, der perfekt zum ruhigen und exklusiven Lebensstil der Gemeinde passt.<\/p>\n\n\n\n<ul class=\"wp-block-list\">\n<li><a href=\"https:\/\/www.google.com\/maps\/place\/Carrefour+Express\/@36.5240174,-5.0464299,17z\/data=!3m1!4b1!4m6!3m5!1s0xd72d5056052b78d:0x2d9ca84f9b7eaf81!8m2!3d36.5240174!4d-5.0464299!16s%2Fg%2F11pk9x5vvx?hl=es&amp;entry=ttu&amp;g_ep=EgoyMDI1MDkwMy4wIKXMDSoASAFQAw%3D%3D\" target=\"_blank\" rel=\"noopener\">ADRESSE<\/a><strong>:<\/strong> <strong>&nbsp;<\/strong>C. Estepona, 2, 29679 Benahav\u00eds, M\u00e1laga<\/li>\n\n\n\n<li><strong>TELEFON:<\/strong> +34 914 90 89 00<\/li>\n\n\n\n<li><strong><strong><strong><strong><strong><strong>\u00d6FFNUNGSZEITEN<\/strong><\/strong><\/strong><\/strong><\/strong>:<\/strong> Montag \u2013 Sonntag 09:00 \u2013 22:30<\/li>\n<\/ul>\n\n\n\n<h4 class=\"wp-block-heading\">Servicios m\u00e9dicos<\/h4>\n\n\n\n<p>Die Gemeinde verf\u00fcgt \u00fcber ein Gesundheitszentrum direkt im Ort, das eine Basisversorgung f\u00fcr Bewohner und Besucher sicherstellt. F\u00fcr spezialisierte Behandlungen und Krankenhausaufenthalte stehen in Marbella renommierte Privatkliniken und \u00f6ffentliche Krankenh\u00e4user nur 15 Autominuten entfernt zur Verf\u00fcgung.<\/p>\n\n\n\n<h5 class=\"wp-block-heading\"><strong>Hospital Universitario Costa del Sol<\/strong><\/h5>\n\n\n\n<p>Ein \u00f6ffentliches Krankenhaus, das von der andalusischen Gesundheitsbeh\u00f6rde betrieben wird. Nur 7 km \u00f6stlich von Marbella an der A-7 gelegen, ist es das wichtigste Krankenhaus an der Costa del Sol. Es bietet eine breite Palette medizinischer Dienstleistungen \u2013 von Allgemeinmedizin bis Kardiologie, Traumatologie, Onkologie, P\u00e4diatrie und Neurologie  und verf\u00fcgt \u00fcber eine 24-Stunden-Notaufnahme an allen Tagen der Woche.<\/p>\n\n\n\n<ul class=\"wp-block-list\">\n<li><a href=\"https:\/\/www.google.com\/maps\/place\/Hospital+Universitario+Costa+del+Sol\/@36.5079369,-4.9101461,12z\/data=!3m1!5s0xd732763c14f5b17:0xa7d1fb8b17bdc7d9!4m19!1m12!4m11!1m3!2m2!1d-4.8284353!2d36.5079369!1m6!1m2!1s0xd73275e8ce1b8d7:0x726a0fde3896f31f!2sA-7,+Km+187,+29603+Marbella,+M%C3%A1laga!2m2!1d-4.827745!2d36.5079652!3m5!1s0xd73275e8ce1b8d7:0x726a0fde3896f31f!8m2!3d36.5079652!4d-4.827745!16s%2Fg%2F120t9g2r?entry=ttu\" target=\"_blank\" rel=\"noreferrer noopener\">ADRESSE<\/a>: A-7, Km 187, 29603 Marbella, M\u00e1laga<\/li>\n\n\n\n<li>TELEFON: 951 97 66 69<\/li>\n\n\n\n<li><strong><strong><strong><strong><strong>\u00d6FFNUNGSZEITEN<\/strong><\/strong><\/strong><\/strong><\/strong>: T\u00e4glich, rund um die Uhr<\/li>\n<\/ul>\n\n\n\n<h5 class=\"wp-block-heading\"><strong>Hospital Quir\u00f3nsalud Marbella<\/strong><\/h5>\n\n\n\n<p>Ein angesehenes privates Krankenhaus im Zentrum von Marbella, das Teil der renommierten Quir\u00f3nsalud-Gruppe ist. Mit \u00fcber 46 Jahren Erfahrung bietet es spezialisierte medizinische Dienste, darunter auch komplexe Behandlungen wie Chirurgie oder Dermatologie, und deckt insgesamt 75 Fachgebiete ab. Die hochqualifizierten \u00c4rzte, modernste Technologie und eine hervorragende Infrastruktur, oft mit Meerblick aus den Patientenzimmern,  garantieren eine exzellente und pers\u00f6nliche Versorgung.<\/p>\n\n\n\n<figure class=\"wp-caption aligncenter\">\n<picture><source width=\"1480\" srcset=\"https:\/\/media.inmobalia.com\/imgV1\/B98Le8~d7M9pwOKhCJcJLIfglZOtvyX13f98gUEkry2AXpxxwVVUW6beaB1YYM4dzgQkzNn878gfW173F_wvnTZpqOA6ZLcCL1lQNeCgRvmJRwi8ZfiO8I5O3h20PsXAoNMO1ekQwt2PVeOvX_CvvWNJJO_ix1R9wpJMFcgmju47YJqLCa0cI5e24h_SNhc6eqDrANjeJBpjboY1H9FDis0d4mfH4p0labaQYMo5hmRpyIgh80TIL4gWoJ3xmrjZrbzUcHSki53s~fLpPayckwmYORF4jH36UjjDpL6J6KKD4BIq1d3sjrFc_uEievqYZpBGq_NbIlLOu~i5qEs72swEiUiRVqp~xHh2dmbOPxQaVqVsL1rIZV26hctwCcV70vITNnOYy1Rg0yEK5JCkX9SwzqbYHHqJApeOuXvfdUp7zA--.jpg 1480w\" type=\"image\/webp\"><img decoding=\"async\" class=\"img-fluid \" width=\"1480\" src=\"https:\/\/media.inmobalia.com\/imgV1\/B98Le8~d7M9pwOKhH98twCJY8~z6ePCZX6v4ZE2G2VesjxxVm_npGyYM3q8kWfCh57GdLQhVQHQ7YqHxPjKkUqK5IVg7d2TcLeY3eQlVz_3hLK4rfyZaFvZzNcY00YoCC4uKApzr9SAuoum8o0OmtMWLuL_X9PLTtcb1dj_PHOXMXE2aawe6KS9e49NzTqFluuRfaWaxa82pZV_EWQAZ1ggWbcYkyzQVsRpLxDJtzsnZk6zMhftlWsgL7IG9S4fydBL4uaTmCiGOFl0pryGXojGOW2JEoStl_szetkZtGKXEP~te7jGnrs44zSYgNsqoRI_scx9mrVfXgoLFXZDjC92~lWWqzxNByZZqqLZmmfzpLjyu4rFK5NAyf7RLGyenRer5xff1LLVX1s2FbqbNv1Nr.jpg\"><\/picture>\n<figcaption class=\"wp-caption-text\"><\/figcaption>\n<\/figure>\n\n\n\n<ul class=\"wp-block-list\">\n<li><a href=\"https:\/\/www.google.com\/maps\/place\/Hospital+Quir%C3%B3nsalud+Marbella\/@36.5052006,-4.8610156,14z\/data=!3m1!5s0xd7327f514acd563:0xbae7e7e697729fdd!4m23!1m16!4m15!1m6!1m2!1s0xd7320b18b2b8591:0x7951bb3974c1203f!2sUrbanizaci%C3%B3n+Costabella,+Marbella!2m2!1d-4.8052337!2d36.5007203!1m6!1m2!1s0xd7327f56a789fef:0x8d369e1ac3757566!2sHospital+Quir%C3%B3nsalud+Marbella,+Avenida+Severo+Ochoa,+Marbella!2m2!1d-4.8742577!2d36.5088083!3e0!3m5!1s0xd7327f56a789fef:0x8d369e1ac3757566!8m2!3d36.5088083!4d-4.8742577!16s%2Fg%2F1tv25hfl?entry=ttu\" target=\"_blank\" rel=\"noreferrer noopener\">DIRECCI\u00d3N<\/a>: Av. Severo Ochoa, 20, 29603 Marbella, M\u00e1laga<\/li>\n\n\n\n<li>TEL\u00c9FONO: 952 77 42 00<\/li>\n\n\n\n<li><strong><strong><strong><strong><strong>\u00d6FFNUNGSZEITEN<\/strong><\/strong><\/strong><\/strong><\/strong>: Todos los d\u00edas, durante las 24 horas<\/li>\n<\/ul>\n\n\n\n<h4 class=\"wp-block-heading\">Bildung<\/h4>\n\n\n\n<p>Benahav\u00eds verf\u00fcgt \u00fcber eine \u00f6ffentliche Schule im Ortskern, w\u00e4hrend sich in Marbella und Estepona einige der renommiertesten internationalen Schulen der Costa del Sol befinden ideal f\u00fcr Familien, die eine hochwertige, mehrsprachige Ausbildung f\u00fcr ihre Kinder suchen.<\/p>\n\n\n\n<h5 class=\"wp-block-heading\"><a href=\"https:\/\/www.dsmalaga.com\/\" target=\"_blank\" rel=\"noreferrer noopener\">Deutsche Schule M\u00e1laga<\/a><\/h5>\n\n\n\n<p>M\u00f6chten Sie, dass Ihre Kinder sowohl Spanisch als auch Deutsch perfekt beherrschen? Die&nbsp;<strong>Deutsche Schule M\u00e1laga<\/strong>&nbsp;hat sich als eine der f\u00fchrenden bilingualen Bildungseinrichtungen der Region etabliert und verleiht der deutschen Sprache den Stellenwert, den sie verdient schlie\u00dflich geh\u00f6rt sie zu den 20 meistgesprochenen Sprachen der Welt.<\/p>\n\n\n\n<p>Diese Institution \u00fcberzeugt nicht nur durch ihr akademisches Programm, das sich an deutschen Standards orientiert, sondern auch durch ihren innovativen p\u00e4dagogischen Ansatz. Hochqualifizierte Lehrkr\u00e4fte setzen auf modernste Methoden, darunter kulturelle Immersion und den Einsatz neuester Technologien. Dar\u00fcber hinaus f\u00f6rdert die Schule den interkulturellen Austausch, sodass die Sch\u00fcler die Sprache in authentischen Kontexten anwenden und gleichzeitig eine globale Perspektive entwickeln k\u00f6nnen.<\/p>\n\n\n\n<ul class=\"wp-block-list\">\n<li><strong><a href=\"https:\/\/www.google.com\/maps\/dir\/Urb.+Cerrado+de+Elviria,+29604+Marbella,+M%C3%A1laga\/Carr.+de+Cadiz,+Km.+189,+5+(A7,+29604+M%C3%A1laga\/@36.4999988,-4.7948934,16z\/data=!3m1!4b1!4m13!4m12!1m5!1m1!1s0xd732091b3ef2d0d:0x1053bd54dc8f518a!2m2!1d-4.7869369!2d36.5013788!1m5!1m1!1s0xd73203f7c12cbf9:0xba0ddf9e820cffba!2m2!1d-4.7971589!2d36.5006431?entry=ttu&amp;g_ep=EgoyMDI1MDgxOS4wIKXMDSoASAFQAw%3D%3D\" target=\"_blank\" rel=\"noreferrer noopener\">ADRESSE<\/a>:<\/strong>&nbsp;C. Velazquez, 3, 29612 Oj\u00e9n, M\u00e1laga<\/li>\n\n\n\n<li><strong>TELEFON:<\/strong>&nbsp;+34 951 04 15 20<\/li>\n\n\n\n<li><strong>\u00d6FFNUNGSZEITEN:<\/strong>&nbsp;Montag\u2013Donnerstag 09:00\u201316:30; Freitag 09:00\u201315:30; Samstag\u2013Sonntag geschlossen<\/li>\n<\/ul>\n\n\n\n<h4 class=\"wp-block-heading\"><a href=\"https:\/\/eicmarbella.org\/\" target=\"_blank\" rel=\"noreferrer noopener\">English International College (EIC)<\/a><\/h4>\n\n\n\n<p>Das&nbsp;<strong>English International College (EIC)<\/strong>&nbsp;geh\u00f6rt zu den renommiertesten Bildungseinrichtungen an der Costa del Sol und genie\u00dft internationales Ansehen f\u00fcr seine akademische Exzellenz. Mit einem Lehrplan nach britischem System garantiert die Schule nicht nur eine solide schulische Ausbildung, sondern auch ein multikulturelles Umfeld, das die pers\u00f6nliche und soziale Entwicklung jedes Sch\u00fclers f\u00f6rdert.<\/p>\n\n\n\n<p>Das hochqualifizierte Lehrerkollegium setzt auf dynamische und innovative Lehrmethoden, w\u00e4hrend die modernen Einrichtungen speziell darauf ausgelegt sind, Lernen und Kreativit\u00e4t gleicherma\u00dfen zu unterst\u00fctzen. <\/p>\n\n\n\n<ul class=\"wp-block-list\">\n<li><strong><a href=\"https:\/\/www.google.com\/maps\/place\/Colegio+Alem%C3%A1n+de+M%C3%A1laga\/@36.5118123,-4.800945,14z\/data=!4m23!1m16!4m15!1m6!1m2!1s0xd7320b18b2b8591:0x7951bb3974c1203f!2sUrbanizaci%C3%B3n+Costabella,+Marbella!2m2!1d-4.8052337!2d36.5007203!1m6!1m2!1s0xd732062b6c2cf29:0x9a0a3dbeebf8c608!2sColegio+Alem%C3%A1n+de+M%C3%A1laga,+Calle+Velazquez,+Oj%C3%A9n!2m2!1d-4.7538906!2d36.5296887!3e0!3m5!1s0xd732062b6c2cf29:0x9a0a3dbeebf8c608!8m2!3d36.5296887!4d-4.7538906!16s%2Fg%2F11btlqhb7y?entry=ttu\" target=\"_blank\" rel=\"noreferrer noopener\">ADRESSE<\/a>:<\/strong>&nbsp;Carretera de C\u00e1diz, Km. 189,5 (A7), 29604 M\u00e1laga<\/li>\n\n\n\n<li><strong>TELEFON:<\/strong>&nbsp;+34 952 83 12 36<\/li>\n\n\n\n<li><strong>\u00d6FFNUNGSZEITEN:<\/strong>&nbsp;Montag\u2013Freitag 08:30\u201316:00<\/li>\n<\/ul>\n\n\n\n<h2 class=\"wp-block-heading\"><span class=\"ez-toc-section\" id=\"Lieferung_nach_Hause_damit_Sie_sich_nicht_bewegen_muessen_und_einfach_geniessen_koennen\"><\/span>Lieferung nach Hause, damit Sie sich nicht bewegen m\u00fcssen und einfach genie\u00dfen k\u00f6nnen<span class=\"ez-toc-section-end\"><\/span><\/h2>\n\n\n\n<p>Einer der gro\u00dfen Vorteile eines Aufenthalts in Benahav\u00eds ist das Gef\u00fchl, sich wie zu Hause zu f\u00fchlen mit allen Annehmlichkeiten in Reichweite. Um dieses Erlebnis noch zu steigern, sind die wichtigsten Lieferservices in der Region verf\u00fcgbar und erm\u00f6glichen es, von einem Gourmet Dinner bis hin zu Apotheken  oder Supermarktprodukten alles direkt an die Haust\u00fcr geliefert zu bekommen.<\/p>\n\n\n\n<ul class=\"wp-block-list\">\n<li><strong><a href=\"https:\/\/glovoapp.com\/es\/en\/?utm_source=google&amp;utm_medium=cpc&amp;utm_campaign=google_search_brandprotection_newusers_ES_Exact_digitalbudget_spanish&amp;utm_campaignid=12168399560&amp;utm_adgroupid=115796730454&amp;utm_term=glovo&amp;utm_matchtype=e&amp;utm_device=c&amp;gclid=CjwKCAjwnOipBhBQEiwACyGLumRyLDhgxwsK3AhYCuVx2s46tO_DNrwBGHXRPAChnPU42QlLg30JexoCRq0QAvD_BwE\" target=\"_blank\" rel=\"noreferrer noopener\">Glovo<\/a><\/strong>: Nicht nur eine wichtige Ressource f\u00fcr diejenigen, die leckeres Essen an ihre Unterkunftst\u00fcr geliefert haben m\u00f6chten, sondern hat auch sein Portfolio diversifiziert, um Lieferungen von Arzneimitteln und Lebensmitteln abzudecken.<\/li>\n\n\n\n<li><strong><a href=\"https:\/\/www.ubereats.com\/es?utm_source=AdWords_Brand&amp;utm_campaign=CM2225035-search-google-brand_162_-99_ES-National_e_web_acq_cpc_es-ES_T1_Generic_BM_uber%20eats_kwd-111378724137_639006252462_150940917024_b_c&amp;campaign_id=19130929568&amp;adg_id=150940917024&amp;fi_id=&amp;match=b&amp;net=g&amp;dev=c&amp;dev_m=&amp;ad_id=639006252462&amp;cre=639006252462&amp;kwid=kwd-111378724137&amp;kw=uber%20eats&amp;placement=&amp;tar=&amp;gclsrc=aw.ds&amp;gclid=CjwKCAjwnOipBhBQEiwACyGLusNNZ6zjCtVFmItzBgqF-8k4UjaDaZvqdpMWuzj073vhrtkc_QKeJxoCwtkQAvD_BwE\" target=\"_blank\" rel=\"noreferrer noopener\">Uber Eats<\/a><\/strong>: Mit einem starken Ruf, gest\u00fctzt von seinem Pendant in der Transportwelt, hat Uber Eats seinen Fokus auf die Lebensmittellieferung gelegt und verspricht ein effizientes und schnelles Erlebnis. Mit einer breiten Auswahl an Partnerrestaurants bietet es gastronomische Optionen, um jeden Geschmack zu befriedigen.<\/li>\n\n\n\n<li><strong><a href=\"https:\/\/www.lieferando.de\/\" target=\"_blank\" rel=\"noreferrer noopener\">Just Eat<\/a><\/strong>: Mit einer bemerkenswerten internationalen Pr\u00e4senz ist es die L\u00f6sung f\u00fcr diejenigen, die eine gr\u00f6\u00dfere kulinarische Vielfalt erkunden m\u00f6chten, sei es Fast Food oder anspruchsvollere Gerichte.<\/li>\n\n\n\n<li><strong><a href=\"https:\/\/www.amazon.es\/amazonprime\" target=\"_blank\" rel=\"noreferrer noopener\">Amazon Prime<\/a><\/strong>: Um fast alle Bed\u00fcrfnisse w\u00e4hrend Ihres Aufenthalts zu erf\u00fcllen, von B\u00fccherkauf bis zum Auff\u00fcllen des K\u00fchlschranks mit frischen Lebensmitteln, da es das gesamte Amazon-Sortiment hat. Eine Mitgliedschaft von 49,90 \u20ac\/Jahr ist jedoch erforderlich, damit Bestellungen schnellstm\u00f6glich bei Ihnen ankommen, obwohl es auch eine kostenlose 30-t\u00e4gige Testversion gibt.<\/li>\n\n\n\n<li><strong><a href=\"https:\/\/deliveroo.co.uk\/\" target=\"_blank\" rel=\"noreferrer noopener\">Deliveroo<\/a><\/strong>: Wenn Sie ein kulinarisches Erlebnis h\u00f6chster Qualit\u00e4t suchen, ist Deliveroo Ihr perfekter Partner. Es hat sich auf die Lieferung hochwertiger Gerichte aus ausgew\u00e4hlten \u00f6rtlichen Restaurants spezialisiert und erf\u00fcllt die anspruchsvollsten Gaumen, ohne dass Sie sich bewegen m\u00fcssen. los paladares m\u00e1s exigentes sin tener que moverse.<\/li>\n<\/ul>\n\n\n\n<h2 class=\"wp-block-heading\"><span class=\"ez-toc-section\" id=\"Transport_sollte_kein_Problem_sein\"><\/span>Transport sollte kein Problem sein<span class=\"ez-toc-section-end\"><\/span><\/h2>\n\n\n\n<h3 class=\"wp-block-heading\">Tankstellen<\/h3>\n\n\n\n<p><em><em>Um sich in Marbella fortzubewegen<\/em><\/em><\/p>\n\n\n\n<p>Taxen oder private Fahrdienste wie Uber oder Bolt sind perfekt f\u00fcr kurze Fahrten innerhalb von Marbella Ost oder sogar innerhalb von Marbella geeignet. Wenn Sie jedoch \u00fcber Marbella hinaus in andere Gemeinden an der Costa del Sol wie Mijas fahren m\u00f6chten, k\u00f6nnte der Preis h\u00f6her ausfallen.<\/p>\n\n\n\n<ul class=\"wp-block-list\">\n<li><strong>Taxi<\/strong>: F\u00fcr diejenigen, die eine direktere und private Option suchen, stehen Taxis in Marbella weit verbreitet zur Verf\u00fcgung. Zu den g\u00e4ngigsten Taxiunternehmen in Marbella geh\u00f6ren zwei Unternehmen:&nbsp;<strong><a href=\"https:\/\/www.taxisolmarbella.com\/en\/\" target=\"_blank\" rel=\"noreferrer noopener\">Taxisol<\/a><\/strong>&nbsp;(952 77 44 88) und<strong>&nbsp;Taxi Marbella<\/strong>&nbsp;(618 34 89 24).<\/li>\n\n\n\n<li><strong><a href=\"https:\/\/www.uber.com\/es\/en\/ride\/?ad_id=623050559222&amp;adg_id=148286515864&amp;campaign_id=18388070762&amp;cre=623050559222&amp;dev=c&amp;dev_m=&amp;fi_id=&amp;gad_source=1&amp;gclid=CjwKCAjwnOipBhBQEiwACyGLuhwLin2fKKxMza4DmfP0rFH54wHydpVO0DLFwL6tzuHwWATqZsuLsRoCNDgQAvD_BwE&amp;gclsrc=aw.ds&amp;kw=uber&amp;kwid=kwd-12633382&amp;match=b&amp;net=g&amp;placement=&amp;tar=&amp;utm_campaign=CM2215725-search-google-brand_162_-99_ES-National_r_web_acq_cpc_es_T1_Generic_BM_uber_kwd-12633382_623050559222_148286515864_b_c&amp;utm_source=AdWords_Brand\" target=\"_blank\" rel=\"noreferrer noopener\">Uber<\/a><\/strong>: Wir haben bereits \u00fcber Uber Eats gesprochen, um Ihr Essen nach Hause zu liefern. Das Unternehmen Uber bietet auch einen ausgezeichneten Transportdienst, mit dem Sie sich in&nbsp;<strong>Marbella Este<\/strong>&nbsp;und anderen Gebieten von Marbella fortbewegen k\u00f6nnen. Wie? Ganz einfach, Sie m\u00fcssen nur ein Uber bestellen, indem Sie die App herunterladen, die sowohl f\u00fcr&nbsp;<a href=\"https:\/\/play.google.com\/store\/apps\/details?id=com.ubercab&amp;hl=es_419&amp;gl=US\" target=\"_blank\" rel=\"noreferrer noopener\">Android<\/a>&nbsp;als auch f\u00fcr&nbsp;<a href=\"https:\/\/apps.apple.com\/es\/app\/uber-viajes-asequibles\/id368677368\" target=\"_blank\" rel=\"noreferrer noopener\">iOS<\/a>&nbsp;verf\u00fcgbar ist.<\/li>\n\n\n\n<li><strong><a href=\"https:\/\/bolt.eu\/en-es\/?utm_source=googleadwords_int&amp;utm_medium=cpc&amp;utm_campaign=es_brand_search&amp;utm_source=google&amp;utm_medium=ads&amp;utm_campaign=14577844312&amp;gclid=CjwKCAjwnOipBhBQEiwACyGLumgVFHdc68Dqi6PTvJLXCR_r40NOtyqqM3AwCJW6b7aLzzQDCVuAPhoC9XsQAvD_BwE\" target=\"_blank\" rel=\"noreferrer noopener\">Bolt<\/a><\/strong>: Fr\u00fcher als Taxify bekannt, ist es eine Plattform, die Uber sehr \u00e4hnlich ist. Laden Sie einfach die App herunter, die f\u00fcr alle Betriebssysteme verf\u00fcgbar ist:&nbsp;<a href=\"https:\/\/play.google.com\/store\/apps\/details?id=ee.mtakso.client&amp;hl=es_419&amp;gl=US\" target=\"_blank\" rel=\"noreferrer noopener\">Android<\/a>&nbsp;und&nbsp;<a href=\"https:\/\/apps.apple.com\/es\/app\/bolt-solicita-viajes-24-7\/id675033630\" target=\"_blank\" rel=\"noreferrer noopener\">iOS<\/a>, und bewegen Sie sich von&nbsp;<strong>Costabella<\/strong>&nbsp;aus.<\/li>\n\n\n\n<li><strong><a href=\"https:\/\/cabify.com\/es\" target=\"_blank\" rel=\"noreferrer noopener\">Cabify<\/a><\/strong>: Dieses spanische Unternehmen hat nach und nach an Popularit\u00e4t gewonnen. Wie funktioniert es? Genau wie die beiden vorherigen, laden Sie die App herunter und bestellen Sie ein Cabify, so einfach ist das!:&nbsp;<a href=\"https:\/\/play.google.com\/store\/apps\/details?id=com.cabify.rider&amp;hl=es&amp;gl=US\" target=\"_blank\" rel=\"noreferrer noopener\">Google Play<\/a>&nbsp;und&nbsp;<a href=\"https:\/\/apps.apple.com\/es\/app\/cabify\/id476087442\" target=\"_blank\" rel=\"noreferrer noopener\">Apple Store<\/a>.                                 <\/li>\n<\/ul>\n\n\n\n<h3 class=\"wp-block-heading\">Auto mieten<\/h3>\n\n\n\n<p><em><em>Um sich in Marbella und an der Costa del Sol fortzubewegen<\/em><\/em><\/p>\n\n\n\n<p>Wenn Sie sich entschieden haben, nach Marbella zu reisen, ohne Ihr Auto mitzunehmen, und die Costa del Sol in Ihrem eigenen Tempo erkunden m\u00f6chten, sei es die Untergebiete von&nbsp;Marbella wie die wundervolle Goldene Meile oder Puerto Ban\u00fas oder andere Gemeinden an der Costa del Sol, m\u00f6chten wir Ihnen Informationen \u00fcber einige der wichtigsten Autovermietungsunternehmen zur Verf\u00fcgung stellen.<\/p>\n\n\n\n<ul class=\"wp-block-list\">\n<li><strong><a href=\"https:\/\/www.goldcar.es\/de\/\" target=\"_blank\" rel=\"noreferrer noopener\">Goldcar<\/a><\/strong>&nbsp;(918 341 400): Bekannt f\u00fcr ihre erschwinglichen Preise ist Goldcar eine beliebte Option f\u00fcr Touristen, die ein Auto mieten m\u00f6chten, ohne zu viel auszugeben. Sie bieten eine breite Palette von Automodellen, von Kompaktwagen, die ideal f\u00fcr die Stadt sind, bis hin zu gr\u00f6\u00dferen Fahrzeugen f\u00fcr Familien oder Gruppen. Sie sind auch eine h\u00e4ufige Wahl f\u00fcr diejenigen, die ihren Urlaub an der Costa del Sol verbringen. Eine ihrer Niederlassungen&nbsp;<a href=\"https:\/\/www.google.com\/maps\/place\/Goldcar+Malaga+Airport\/@36.5909725,-5.0085478,10z\/data=!4m20!1m13!4m12!1m4!2m2!1d-4.8910806!2d36.5103971!4e1!1m6!1m2!1s0xd72fa3d9e7990e5:0x5798a16bbb994fff!2sgoldacr+aeropouetrot+de+malaga!2m2!1d-4.4888756!2d36.6755064!3m5!1s0xd72fa3d9e7990e5:0x5798a16bbb994fff!8m2!3d36.6755064!4d-4.4888756!16s%2Fg%2F1tdb1130?entry=ttu\" target=\"_blank\" rel=\"noreferrer noopener\">befindet sich am Flughafen Malaga<\/a>&nbsp;(Av. del Comandante Garc\u00eda Morato, 48, 29004 M\u00e1laga) und bietet ihre Dienste von Montag bis Sonntag von 07:00 bis 23:01 Uhr an. Eine weitere&nbsp;<a href=\"https:\/\/www.google.com\/maps\/place\/Goldcar+Gibraltar+-+La+L%C3%ADnea\/@36.3406568,-5.4441295,10z\/data=!4m20!1m13!4m12!1m4!2m2!1d-4.891099!2d36.5104055!4e1!1m6!1m2!1s0xd0cc08917f39f81:0x9dd91116b42c9dc6!2sgoldcar+gribrlatar!2m2!1d-5.3483234!2d36.1571587!3m5!1s0xd0cc08917f39f81:0x9dd91116b42c9dc6!8m2!3d36.1571587!4d-5.3483234!16s%2Fg%2F11btysk2ct?entry=ttu\" target=\"_blank\" rel=\"noreferrer noopener\">befindet sich in Gibraltar - La L\u00ednea<\/a>&nbsp;(La L\u00ednea de la Concepci\u00f3n) und bietet ihre Dienste von Montag bis Sonntag von 09:00 bis 19:59 Uhr an. Unsere Empfehlung? Mieten Sie Ihr Fahrzeug am Flughafen Malaga, steigen Sie aus dem Flugzeug aus und vergessen Sie w\u00e4hrend Ihres Aufenthalts in&nbsp;Benahav\u00eds alle Transportprobleme. Buchen Sie Ihr Fahrzeug rechtzeitig im Voraus auf der Website.<\/li>\n\n\n\n<li><strong><a href=\"https:\/\/www.avis.es\/?cid=pp_site-GOOGLE_camp-18320326037_adgroup-140837266523_target-kwd-13402896_creative-621382492707_device-c_feed-&amp;gad_source=1&amp;gclid=CjwKCAjwv-2pBhB-EiwAtsQZFF7XlJkWcMVcT7EKC0Gn7Kp76IGOYsUbi8POqPDsiHVkXEiLk3HVShoCCG0QAvD_BwE&amp;gclsrc=aw.ds\" target=\"_blank\" rel=\"noreferrer noopener\">Avis<\/a><\/strong>&nbsp;(951 32 40 60): Wenn Sie ein Premium-Mieterlebnis suchen, k\u00f6nnte Avis die richtige Wahl f\u00fcr Sie sein. Dieses Unternehmen zeichnet sich nach Benutzerberichten durch seinen schnellen Kundenservice vom Typ Quick Pass und durch die Bereitstellung von Premium-Fahrzeugen, sowohl Pkw als auch Lieferwagen, aus. Der&nbsp;<a href=\"https:\/\/www.google.com\/maps\/place\/Avis+Alquiler+de+coches+-+Marbella\/@36.5057311,-4.961481,13z\/data=!4m20!1m13!4m12!1m4!2m2!1d-4.8910923!2d36.5103981!4e1!1m6!1m2!1s0xd72d6269c8d3b2b:0x6ed31778fe9deb8!2savis!2m2!1d-4.9514904!2d36.4943349!3m5!1s0xd72d6269c8d3b2b:0x6ed31778fe9deb8!8m2!3d36.4943349!4d-4.9514904!16s%2Fg%2F11bbwyrs4d?entry=ttu\" target=\"_blank\" rel=\"noreferrer noopener\">Standort<\/a>&nbsp;ist Autov\u00eda del Mediterr\u00e1neo, 340, km 175, 29660 Marbella, M\u00e1laga, und die \u00d6ffnungszeiten sind von Montag bis Freitag von 9:00 bis 13:45 Uhr und von 15:30 bis 17:45 Uhr sowie samstags von 10:00 bis 13:00 Uhr; sonntags geschlossen. Wir empfehlen Ihnen auch, Ihr Fahrzeug rechtzeitig auf der Website zu reservieren.<\/li>\n\n\n\n<li><strong><a href=\"https:\/\/www.yellowcar.com\/\" target=\"_blank\" rel=\"noreferrer noopener\">Yellow Car<\/a><\/strong>&nbsp;(952 83 14 92): Dies ist ein lokales Autovermietungsunternehmen, das 1972 gegr\u00fcndet wurde und im Laufe der Jahre seine Pr\u00e4senz erweitert hat, indem es B\u00fcros an strategischen Orten an der Costa del Sol er\u00f6ffnet hat, darunter der&nbsp;<a href=\"https:\/\/www.google.com\/maps\/place\/Yellow+Car\/@36.5909725,-5.0085478,10z\/data=!3m1!5s0xd72fa22634a684b:0x1a1c54a06d8292fb!4m20!1m13!4m12!1m4!2m2!1d-4.8910686!2d36.5103977!4e1!1m6!1m2!1s0xd72fa22637f83e7:0x4d03a9505ebbce94!2sYellow+Car,+Av.+del+Comandante+Garc%C3%ADa+Morato,+53,+29004+M%C3%A1laga!2m2!1d-4.4874662!2d36.6755131!3m5!1s0xd72fa22637f83e7:0x4d03a9505ebbce94!8m2!3d36.6755131!4d-4.4874662!16s%2Fg%2F11b5plrwp1?entry=ttu\" target=\"_blank\" rel=\"noreferrer noopener\">Flughafen Malaga<\/a>&nbsp;(Av. del Comandante Garc\u00eda Morato, 53, 29004; Planta 0), der t\u00e4glich rund um die Uhr ge\u00f6ffnet ist, und La Cala de Mijas sowie nat\u00fcrlich&nbsp;<a href=\"https:\/\/www.google.com\/maps\/place\/Yellow+Car\/@36.5054291,-4.8182583,15z\/data=!3m1!5s0xd7320ace3f82899:0x72319a1d00cd5356!4m20!1m13!4m12!1m4!2m2!1d-4.8910088!2d36.5103958!4e1!1m6!1m2!1s0xd72fa22637f83e7:0xf962868fcd390272!2sYellow+Car,+Urb.+El+Rosario,+C.+los+Limoneros,+29604+Marbella,+M%C3%A1laga!2m2!1d-4.8087341!2d36.5047822!3m5!1s0xd72fa22637f83e7:0xf962868fcd390272!8m2!3d36.5047822!4d-4.8087341!16s%2Fg%2F1ttpcngv?entry=ttu\" target=\"_blank\" rel=\"noreferrer noopener\">Marbella<\/a>, der von Montag bis Sonntag von 9:00 bis 14:00 und von 16:00 bis 19:00.<\/li>\n<\/ul>\n\n\n\n<p>Es ist wichtig, dass Sie bei der Anmietung eines Fahrzeugs alle Gesch\u00e4ftsbedingungen \u00fcberpr\u00fcfen, einschlie\u00dflich der Versicherungen und Kraftstoffrichtlinien.<\/p>\n\n\n\n<h2 class=\"wp-block-heading\"><span class=\"ez-toc-section\" id=\"Jenseits_von_Benahavis\"><\/span>Jenseits von Benahav\u00eds<span class=\"ez-toc-section-end\"><\/span><\/h2>\n\n\n\n<p>Die Lage von Benahav\u00eds ist perfekt f\u00fcr alle, die die Ruhe der Berge genie\u00dfen m\u00f6chten, ohne auf die Lebendigkeit des Mittelmeers zu verzichten. In nur wenigen Autominuten erreicht man einige der sch\u00f6nsten Str\u00e4nde, exklusivsten Beach Clubs und charmantesten Orte an der Costa del Sol.<\/p>\n\n\n\n<h3 class=\"wp-block-heading\">Beach clubs <\/h3>\n\n\n\n<h4 class=\"wp-block-heading\"><a href=\"https:\/\/www.bonobeachmarbella.com\/\" target=\"_blank\" rel=\"noreferrer noopener\">Bono Beach Marbella<\/a><\/h4>\n\n\n\n<p>Bono Beach Marbella, von der Zeitschrift LuxLife zum besten Beachclub gew\u00e4hlt, ist ein einzigartiger Ort, an dem der Strand von&nbsp;<strong>Costabella<\/strong>&nbsp;einen besonderen Touch erh\u00e4lt. Beim Betreten fallen sofort die wei\u00dfen B\u00e4nke und Tische auf, die direkt am Strand aufgestellt sind und eine Atmosph\u00e4re schaffen, in der Luxus mit der Natur verschmilzt und Sie den Sand unter Ihren F\u00fc\u00dfen sp\u00fcren k\u00f6nnen, w\u00e4hrend Sie Ihr Essen genie\u00dfen. Stellen Sie sich vor: Die frische Meeresbrise streichelt Ihre Haut, und vor Ihnen liegt eine&nbsp;<a href=\"https:\/\/es.bonobeachmarbella.com\/_files\/ugd\/decd00_187a92231657464b95d22844d91597f1.pdf\" target=\"_blank\" rel=\"noreferrer noopener\">Speisekarte<\/a>, die zum kulinarischen Genuss einl\u00e4dt, mit einer Vielzahl von internationalen Gerichten, begleitet von einer Auswahl erfrischender Cocktails, die die perfekte Erg\u00e4nzung sind. Kosten Sie ihre breite Auswahl an Meeresfr\u00fcchten und vergessen Sie auf keinen Fall, ihr gefeiertes Tr\u00fcffelrisotto zu probieren, unser Lieblingsgericht auf der Speisekarte! Eine wahre Gaumenfreude. All dies in einem entspannten und k\u00fcrzlich renovierten Ort, der zum Verweilen einl\u00e4dt und Sie in die Essenz von Marbella eintauchen l\u00e4sst.<\/p>\n\n\n\n<p>Wir empfehlen, einen&nbsp;<a href=\"https:\/\/www.google.com\/maps\/reserve\/v\/dine\/c\/fWAPzcKu6Sw?source=pa&amp;hl=es-ES&amp;gei=Cys5ZaigMJaZkdUPkZyS8AM&amp;sourceurl=https:\/\/www.google.com\/search?q%3Dbono%2Bbeach%2Bmabrell%25C3%25B1a%26rlz%3D1C5CHFA_enES1056ES1057%26oq%3Dbono%2Bbeach%2Bmabrell%25C3%25B1a%26gs_lcrp%3DEgZjaHJvbWUyBggAEEUYOTIPCAEQLhgNGK8BGMcBGIAEMgkIAhAAGA0YgAQyCQgDEAAYDRiABDIICAQQABgNGB4yCAgFEAAYDRgeMggIBhAAGA0YHjIICAcQABgNGB4yCggIEAAYBRgNGB7SAQgyNTYzajBqN6gCALACAA%26sourceid%3Dchrome%26ie%3DUTF-8\" target=\"_blank\" rel=\"noreferrer noopener\">Tisch zu reservieren<\/a>.<\/p>\n\n\n\n<figure class=\"wp-caption aligncenter\">\n<picture><source width=\"1480\" srcset=\"https:\/\/media.inmobalia.com\/imgV1\/B98Le8~d7M9pwOKhCJcJLIfglZOtvyX13f98gUEkry2AXpxxwVVUW6beaB1YYM4dzgQkzNn878gfW173F_wvnTZpqOA6ZLcCL1lQNeCgRvmJRwi8ZfiO8I5O3h20PsXAoNMO1ekQwt2PVeOsQ_uE2F5HsQ3CSqTFLPFDPVJpt469OJagxphcjYirBz77cki_dB7AuBXoyUhhpDK5ThB~R7nd9ra0uh1aQBnfQAG2I~w_nXzqITGgHO1YoVc_INeK4imQtLkKciTdYQ--.jpg 1480w\" type=\"image\/webp\"><img decoding=\"async\" class=\"img-fluid \" width=\"1480\" src=\"https:\/\/media.inmobalia.com\/imgV1\/B98Le8~d7M9pwOKhH98twCJY8~z6ePCZX6v4ZE2G2VesjxxVm_npGyYM3q8kWfCh57GdLQhVQHQ7YqHxPjKkUqK5IVg7d2TcLeY3eQlVz_3hLK4rfyZaFvZzNcVDSOlbPJP9N2FhhYyUMLsAVMLD5mNdkByx3emrm1p1Zwm_Zw5ydOApr709TFHuf_ZZa7dEYpzNBSqy2sunPguK5DV3sKkgSPXMIJJCYyDFGxiFlvIrNh5QvczuzARP.jpg\"><\/picture>\n<figcaption class=\"wp-caption-text\"><\/figcaption>\n<\/figure>\n\n\n\n<ul class=\"wp-block-list\">\n<li><a href=\"https:\/\/www.google.com\/maps\/place\/Bono+Beach+Marbella\/@36.498384,-4.810995,17z\/data=!4m6!3m5!1s0xd73274ccea69ba3:0xab4b58e73adc47df!8m2!3d36.498384!4d-4.810995!16s%2Fg%2F1tvs01_f?entry=ttu\" target=\"_blank\" rel=\"noreferrer noopener\">ADRESSE<\/a>: Avenida Cervantes s\/n Urb. Costa Bella, 29604 Marbella, M\u00e1laga<\/li>\n\n\n\n<li>TELEFON: 952 83 92 36<\/li>\n\n\n\n<li><strong><strong><strong><strong><strong>\u00d6FFNUNGSZEITEN<\/strong><\/strong><\/strong><\/strong><\/strong>: Todos los d\u00edas, de 11:00 a 18:30.<\/li>\n<\/ul>\n\n\n\n<h4 class=\"wp-block-heading\"><a href=\"https:\/\/nikkibeach.com\/de\/marbella\/\" target=\"_blank\" rel=\"noreferrer noopener\">Nikki Beach Marbella<\/a><\/h4>\n\n\n\n<p>Ein Besuch im Nikki Beach bedeutet, in eine der ikonischsten Strandclubs der Welt einzutauchen. Hier verschmelzen Luxus und mediterraner Stil in einer vibrierenden Atmosph\u00e4re voller Themenpartys, Live-Musik und internationaler DJs.\u00a0<a href=\"https:\/\/nikkibeach.com\/de\/marbella\/menus\/\" target=\"_blank\" rel=\"noreferrer noopener\">Die Speisekarte<\/a>\u00a0kombiniert internationale Aromen mit einer raffinierten Pr\u00e4sentation ideal f\u00fcr einen Champagner, Brunch oder einen unvergesslichen Sonnenuntergang. Ein Ort, an dem Gastronomie, Unterhaltung und Exklusivit\u00e4t in perfekter Harmonie zusammenkommen.<\/p>\n\n\n\n<figure class=\"wp-caption aligncenter\">\n<picture><source width=\"1480\" srcset=\"https:\/\/media.inmobalia.com\/imgV1\/B98Le8~d7M9pwOKhCJcJLIfglZOtvyX13f98gUEkry2AXpxxwVVUW6beaB1YYM4dzgQkzNn878gfW173F_wvnTZpqOA6ZLcCL1lQNeCgRvmJRwi8ZfiO8I5O3h20PsXAoNMO1ekQwt2PVeOvFVMcEe2E4_sX22rPPEZLgb0a0TDqml_UPddmYl9hRqCrSE36LQ46C7zkrQFMOlPZhN3ESPMqnm6epkSDNb1JBxk5aVEdKM82WlNPdQMUUwTxVlvxFZT4P8F3IxY5nyvaFWBlk4dHbgU7kR_bFT_Wv32b5J19n~BZeQMB6EtrtNfe5t3p8tqO6VDj8ujoALBQMA7Ur11AWh8kgKXLDrl4Yvq1QDCH0vCg77O3T4RqdA7KVGXrHygvw3wFpC8MA7LFLikqq3hs_BwHL0xonVvFPGuZgmjpppn5hPbaLqfp8HNSCjkEZXXbYjfzOiTWaRTOKOn2RNWZOlpik5JnUEsw0O1MtZzbvxOtj_ME~DFVb3k55nVrZVo-.jpg 1480w\" type=\"image\/webp\"><img decoding=\"async\" class=\"img-fluid \" width=\"1480\" src=\"https:\/\/media.inmobalia.com\/imgV1\/B98Le8~d7M9pwOKhH98twCJY8~z6ePCZX6v4ZE2G2VesjxxVm_npGyYM3q8kWfCh57GdLQhVQHQ7YqHxPjKkUqK5IVg7d2TcLeY3eQlVz_3hLK4rfyZaFvZzNcZ_j7M7UH5RLMWOKeK6SMz~jbNO79n_6ytO7IX2nqKPWSzjdMP2CdtflSONCLb_jxcYmoVnom27ltGrw_IcYCWeZJt0V4BW5u39vZgGuK0pXnjcdjijEzcq9ZsXIZF~wvAupWbGCVkH0dZB~NhRMDC0yPHJgaR8i8aHKsRSBoXt~L4hF8EtUE_ZcA6yzpDIgBI_5nmHqsiKqSxfdWv11jacJr5saM7uMzCPI~Y5xg7~r89fjAj0eubckeXCx1JtntJV5dj_VJMuUAp5W9NQJmpnYxNO6NAd6Jl~stjacAs_UUJNU3Ac5nG4u~Acb6kyzuXKl9itCediTLvBFuDOKquwulr33SUuenVT0oCZ4Zj6EZEM1hnipA--.jpg\"><\/picture>\n<figcaption class=\"wp-caption-text\"><\/figcaption>\n<\/figure>\n\n\n\n<ul class=\"wp-block-list\">\n<li><a href=\"https:\/\/www.google.com\/maps\/place\/Nikki+Beach+Marbella\/@36.4896473,-4.7834832,15z\/data=!3m1!4b1!4m6!3m5!1s0xd72d809aeb69377:0xdacbf4710b5976a1!8m2!3d36.4896477!4d-4.7731835!16s%2Fg%2F1hc1spjsl?entry=ttu&amp;g_ep=EgoyMDI1MDgxOS4wIKXMDSoASAFQAw%3D%3D\" target=\"_blank\" rel=\"noreferrer noopener\">DIRECCI\u00d3N<\/a>: Hotel Don Carlos, Ctra. de C\u00e1diz km 192, Marbella<\/li>\n\n\n\n<li>TEL\u00c9FONO: +34 952 83 62 39<\/li>\n\n\n\n<li><strong><strong><strong><strong><strong>\u00d6FFNUNGSZEITEN<\/strong><\/strong><\/strong><\/strong><\/strong>: 12:00 \u2013 19:00 (seg\u00fan temporada)<\/li>\n<\/ul>\n\n\n\n<h4 class=\"wp-block-heading\"><a href=\"https:\/\/malvabeach.es\/\" target=\"_blank\" rel=\"noopener\">Malva beach<\/a><\/h4>\n\n\n\n<p>Einer der ikonischsten Beach Clubs der Welt. Hier verschmelzen Luxus und mediterraner Stil mit Live-Musik, internationalen DJs und thematischen Events. Die Speisekarte kombiniert internationale Aromen mit raffinierter Pr\u00e4sentation perfekt f\u00fcr einen Champagner, Brunch oder einen unvergesslichen Sonnenuntergang.<\/p>\n\n\n\n<figure class=\"wp-caption aligncenter\">\n<picture><source width=\"1480\" srcset=\"https:\/\/media.inmobalia.com\/imgV1\/B98Le8~d7M9pwOKhCJcJLIfglZOtvyX13f98gUEkry2AXpxxwVVUW6beaB1CbHQXGOhTMxPEWoq2vSWoPxT0dWUFVpFov6NwmlNzq3qwzpnpHLdKCVvYT8kNSpXyQQ--.jpg 1480w\" type=\"image\/webp\"><img decoding=\"async\" class=\"img-fluid \" width=\"1480\" src=\"https:\/\/media.inmobalia.com\/imgV1\/B98Le8~d7M9pwOKhH98twCJY8~z6ePCZX6v4ZFfOvduhBdeVCpC563TEl9~Gba~ZsCNLt5CSrqfb7qaISBEVv0QdM3KPO8r3doYgSThw.jpg\"><\/picture>\n<figcaption class=\"wp-caption-text\"><\/figcaption>\n<\/figure>\n\n\n\n<ul class=\"wp-block-list\">\n<li><a href=\"https:\/\/www.google.com\/maps\/place\/\/data=!4m2!3m1!1s0xd0cd509d653deff:0x427ec99801196188?sa=X&amp;ved=1t:8290&amp;ictx=111\" target=\"_blank\" rel=\"noreferrer noopener\">ADRESSE<\/a>: Av. Espa\u00f1a, 2, 29680 Estepona, M\u00e1laga<\/li>\n\n\n\n<li>TELEFON: +34 952 11 35 56<\/li>\n\n\n\n<li><strong><strong><strong><strong><strong>\u00d6FFNUNGSZEITEN<\/strong><\/strong><\/strong><\/strong><\/strong>: Lunes - Domingo 10:00 - 23:00<\/li>\n<\/ul>\n\n\n\n<h3 class=\"wp-block-heading\">Weitere Highlights an der Costa del Sol<\/h3>\n\n\n\n<h4 class=\"wp-block-heading\">Historisches Zentrum Marbella<\/h4>\n\n\n\n<p>\"Yo vuelvo por mis alas, dejadme volver. Quiero morirme siendo, siendo amanecer\" (Ich kehre f\u00fcr meine Fl\u00fcgel zur\u00fcck, lasst mich zur\u00fcckkehren. Ich m\u00f6chte sterben, indem ich, indem ich aufwache) - Federico Garcia Lorca, ist eines der vielen literarischen Zitate, die Sie in den Ecken der Altstadt von&nbsp;<strong>Marbella<\/strong>&nbsp;finden k\u00f6nnen. Denn&nbsp;<strong>Marbella<\/strong>&nbsp;ist genau das, ein Ort, an den Sie immer wieder zur\u00fcckkehren m\u00f6chten, um sich in seine Sonnenauf- und Sonnenunterg\u00e4nge, in seine gekalkten W\u00e4nde und gepflasterten Stra\u00dfen zu verlieben, die Geschichten aus vergangenen Jahrhunderten erz\u00e4hlen, oder in bekannte Orte wie den&nbsp;<strong>Plaza de los Naranjos<\/strong>&nbsp;oder die&nbsp;<strong>Iglesia de Nuestra Se\u00f1ora de la Encarnaci\u00f3n<\/strong>, so wie ein Jugendlicher, der zum ersten Mal die Liebe erf\u00e4hrt.<\/p>\n\n\n\n<figure class=\"wp-caption aligncenter\">\n<picture><source width=\"1480\" srcset=\"https:\/\/media.inmobalia.com\/imgV1\/B98Le8~d7M9pwOKhCJcJLIfglZOtvyX13f98gUEkry2AXpxxwVVUW6beaB1YYM4dzgQkzNn878gfW173F_wvnTZpqOA6ZLcCL1lQNeCgRvmJRwi8ZfiO8I5O3h20PsXAoNMO1ekQwt2PVeOsQ_uE2F5HsQ3CSqTFLPFDPVJpt469OJagxphcjYirBz77cki_dB7AuBXoyUhhpDK5ThB~R7nd9ra0uhCix5MCKQlWbI4g7mIqa_Y7OyXXWrg74ybZZLE9KUm4foCmn8O00fuYFciC.jpg 1480w\" type=\"image\/webp\"><img decoding=\"async\" class=\"img-fluid \" width=\"1480\" src=\"https:\/\/media.inmobalia.com\/imgV1\/B98Le8~d7M9pwOKhH98twCJY8~z6ePCZX6v4ZE2G2VesjxxVm_npGyYM3q8kWfCh57GdLQhVQHQ7YqHxPjKkUqK5IVg7d2TcLeY3eQlVz_3hLK4rfyZaFvZzNcVDSOlbPJP9N2FhhYyUMLsAVMLD5mNdkByx3emrm1p1Zwm_Zw5ydOApr709TFHuf_ZZa7dEYpzNBSqy1yOQpoLwq3XUWSn7djKSc3T_XLailjp5IvtuZGx0OCyShFKoqJvG_zMYxMI-.jpg\"><\/picture>\n<figcaption class=\"wp-caption-text\"><\/figcaption>\n<\/figure>\n\n\n\n<p>Das Herz von&nbsp;<strong>Marbella<\/strong>&nbsp;ist ein lebendiger Ort, an dem die D\u00fcfte von Blumen und lokalen Speisen mit den Ger\u00e4uschen des Lachens, Gespr\u00e4chen und Live-Musik von Stra\u00dfenmusikern verschmelzen. Caf\u00e9s mit Au\u00dfenterrassen, traditionelle Restaurants, exklusive Boutiquen, blumengeschm\u00fcckte Ecken, literarische Zitate und kleine lokale Gesch\u00e4fte bieten eine charmante Mischung aus Geschichte und Moderne. Die Altstadt ist ein Treffpunkt, an dem alte Traditionen mit modernem Komfort koexistieren und den Besuchern ein einzigartiges und zeitloses Erlebnis bieten. Zweifellos ist es ein Ort, der diejenigen begeistern wird, die die wahre Essenz von&nbsp;<strong>Marbella<\/strong>&nbsp;und die reinste andalusische Sch\u00f6nheit entdecken m\u00f6chten.<\/p>\n\n\n\n<figure class=\"wp-caption aligncenter\">\n<picture><source width=\"1480\" srcset=\"https:\/\/media.inmobalia.com\/imgV1\/B98Le8~d7M9pwOKhCJcJLIfglZOtvyX13f98gUEkry2AXpxxwVVUW6beaB1YYM4dzgQkzNn878gfW173F_wvnTZpqOA6ZLcCL1lQNeCgRvmJRwi8ZfiO8I5O3h20PsXAoNMO1ekQwt2PVeOsQ_uE2F5HsQ3CSqTFLPFDPVJpt469OJagxphcjYirBz77cki_dB7AuBXoyUhhpDK5ThB~R7nd9ra0uhCix5MCKQlWbI4g7mIqa_Y7OyXXWrg74ybZZLE9KUm4fvf1ZD1tei8BvCPv.jpg 1480w\" type=\"image\/webp\"><img decoding=\"async\" class=\"img-fluid \" width=\"1480\" src=\"https:\/\/media.inmobalia.com\/imgV1\/B98Le8~d7M9pwOKhH98twCJY8~z6ePCZX6v4ZE2G2VesjxxVm_npGyYM3q8kWfCh57GdLQhVQHQ7YqHxPjKkUqK5IVg7d2TcLeY3eQlVz_3hLK4rfyZaFvZzNcVDSOlbPJP9N2FhhYyUMLsAVMLD5mNdkByx3emrm1p1Zwm_Zw5ydOApr709TFHuf_ZZa7dEYpzNBSqy1yOQpoLwq3XUWSn7djKSc3T_XLailjp5IvtuZGx0OCyS81pfrkoFAPN48mE-.jpg\"><\/picture>\n<figcaption class=\"wp-caption-text\"><\/figcaption>\n<\/figure>\n\n\n\n<h4 class=\"wp-block-heading\">Marbella Centro<\/h4>\n\n\n\n<p>Nur 25 Minuten mit dem Auto von&nbsp;Benahav\u00eds entfernt, zeichnet sich das Zentrum von Marbella als ein Treffpunkt zwischen andalusischer Tradition und Kosmopolitismus aus. Die gepflasterten Stra\u00dfen und wei\u00df get\u00fcnchten Geb\u00e4ude stehen im Kontrast zu modernen Alleen und gro\u00dfz\u00fcgigen Stadtparks. Die&nbsp;<strong>playa de Venus<\/strong>, die&nbsp;<strong>playa de La Fontanilla<\/strong>&nbsp;und die&nbsp;<strong>playa de La Bajadilla<\/strong>, unter anderen, umgeben das Zentrum und bieten vielf\u00e4ltige K\u00fcstenerlebnisse. Erw\u00e4hnenswert ist die&nbsp;<strong>Puente Romano<\/strong>, ein historisches Relikt, das die reiche Geschichte der Stadt hervorruft.<\/p>\n\n\n\n<figure class=\"wp-caption aligncenter\">\n<picture><source width=\"1480\" srcset=\"https:\/\/media.inmobalia.com\/imgV1\/B98Le8~d7M9pwOKhCJcJLIfglZOtvyX13f98gUEkry2AXpxxwVVUW6beaB1YYM4dzgQkzNn878gfW173F_wvnTZpqOA6ZLcCL1lQNeCgRvmJRwi8ZfiO8I5O3h20PsXAoNMO1ekQwt2PVeOsQ_uE2F5HsQ3CSqTFLPFDPVJpt469OJagxphcjYirBz77cki_dB7AuBXoyUhhpDK5ThB~R7nd9ra0uhCix5MCKQlWbI4g7mIqL6hCL5xshnRvl5bljN1ovPvK.jpg 1480w\" type=\"image\/webp\"><img decoding=\"async\" class=\"img-fluid \" width=\"1480\" src=\"https:\/\/media.inmobalia.com\/imgV1\/B98Le8~d7M9pwOKhH98twCJY8~z6ePCZX6v4ZE2G2VesjxxVm_npGyYM3q8kWfCh57GdLQhVQHQ7YqHxPjKkUqK5IVg7d2TcLeY3eQlVz_3hLK4rfyZaFvZzNcVDSOlbPJP9N2FhhYyUMLsAVMLD5mNdkByx3emrm1p1Zwm_Zw5ydOApr709TFHuf_ZZa7dEYpzNBSqy1yOQpoLwq3XUWSn7djLWe0GAyZ5xfTzR8LQXdX7SVPU-.jpg\"><\/picture>\n<figcaption class=\"wp-caption-text\"><\/figcaption>\n<\/figure>\n\n\n\n<p>Au\u00dferdem ist das Zentrum von Marbella ein Paradies f\u00fcr Shopping-Enthusiasten, die renommierte Marken wie Adolfo Dominguez in Mode, Swarovski in Schmuck und Bijouterie, Calzedonia in Accessoires und Schuhen, Apple Store in Technologie und Unterhaltung, Solaris in Optik, Kiko in Parf\u00fcmerie und Sch\u00f6nheitspflege sowie Imaginarium in Spielzeug sch\u00e4tzen. Das Einkaufszentrum La Ca\u00f1ada ist ein Muss f\u00fcr sie. Dar\u00fcber hinaus finden diejenigen, die lieber ein kulinarisches Erlebnis in Franchise-Restaurants wie Foster's Hollywood bevorzugen, im&nbsp;<strong><a href=\"https:\/\/www.google.es\/maps\/place\/La+Ca%C3%B1ada+Shopping+Center\/@36.5212264,-4.8771054,17z\/data=!3m1!4b1!4m14!1m7!3m6!1s0xd72d81287a0dcd1:0x14c315d3b184eeba!2sLa+Ca%C3%B1ada+Shopping+Center!8m2!3d36.5212264!4d-4.8745305!16s%2Fg%2F11bwhb9j9b!3m5!1s0xd72d81287a0dcd1:0x14c315d3b184eeba!8m2!3d36.5212264!4d-4.8745305!16s%2Fg%2F11bwhb9j9b?entry=ttu\" target=\"_blank\" rel=\"noreferrer noopener\">La Ca\u00f1ada Shopping Center<\/a><\/strong>&nbsp;eine hervorragende Option.<\/p>\n\n\n\n<p>Zusammenfassend symbolisiert das Zentrum von Marbella eine harmonische Mischung aus Kultur, Handel und K\u00fcste.<\/p>\n\n\n\n<h4 class=\"wp-block-heading\">Puerto Ban\u00fas<\/h4>\n\n\n\n<p>Puerto Ban\u00fas, der sich nur 15 Autominuten von&nbsp;Benahav\u00eds entfernt befindet, ist zweifellos das Symbol f\u00fcr Luxus in Marbella. Dieser opulente Ort beeindruckt mit majest\u00e4tischen Yachten und exklusiven Boutiquen, darunter ikonische Marken wie Loewe, Dolce &amp; Gabbana, Bulgari, Fendi, Versace und Dior entlang seiner Promenaden.<\/p>\n\n\n\n<figure class=\"wp-caption aligncenter\">\n<picture><source width=\"1480\" srcset=\"https:\/\/media.inmobalia.com\/imgV1\/B98Le8~d7M9pwOKhCJcJLIfglZOtvyX13f98gUEkry2AXpxxwVVUW6beaB1YYM4dzgQkzNn878gfW173F_wvnTZpqOA6ZLcCL1lQNeCgRvmJRwi8ZfiO8I5O3h20PsXAoNMO1ekQwt2PVeOsQ_uE2F5HsQ3CSqTFLPFDPVJpt469OJagxphcjYirBz77cki_dB7AuBXoyUhhpDK5ThB~R7nd9ra0ulQkSp3hALnFyM4euPL6KPVJeSL4uISBjYDQK1A-.jpg 1480w\" type=\"image\/webp\"><img decoding=\"async\" class=\"img-fluid \" width=\"1480\" src=\"https:\/\/media.inmobalia.com\/imgV1\/B98Le8~d7M9pwOKhH98twCJY8~z6ePCZX6v4ZE2G2VesjxxVm_npGyYM3q8kWfCh57GdLQhVQHQ7YqHxPjKkUqK5IVg7d2TcLeY3eQlVz_3hLK4rfyZaFvZzNcVDSOlbPJP9N2FhhYyUMLsAVMLD5mNdkByx3emrm1p1Zwm_Zw5ydOApr709TFHuf_ZZa7dEYpzNBSqyk05dUlYTEWm0PdYE2LDBl14xkZ99EhFAA5Yv5w--.jpg\"><\/picture>\n<figcaption class=\"wp-caption-text\"><\/figcaption>\n<\/figure>\n\n\n\n<p>W\u00e4hrend des Tages k\u00f6nnen Besucher entlang des Hafens spazieren und von der beeindruckenden Aussicht auf Luxusautos und -boote verzaubert werden. Wenn die Nacht hereinbricht, verwandelt sich Puerto Ban\u00fas in eine lebendige Partystimmung, in der die Eleganz der Terrassen und Restaurants mit dem Trubel der Nachtclubs verschmilzt. Hier treffen sich die Elite und diejenigen, die einen Hauch von Raffinesse und Glamour suchen.<\/p>\n\n\n\n<figure class=\"wp-caption aligncenter\">\n<picture><source width=\"1480\" srcset=\"https:\/\/media.inmobalia.com\/imgV1\/B98Le8~d7M9pwOKhCJcJLIfglZOtvyX13f98gUEkry2AXpxxwVVUW6beaB1YYM4dzgQkzNn878gfW173F_wvnTZpqOA6ZLcCL1lQNeCgRvmJRwi8ZfiO8I5O3h20PsXAoNMO1ekQwt2PVeOsQ_uE2F5HsQ3CSqTFLPFDPVJpt469OJagxphcjYirBz77cki_dB7AuBXoyUhhpDK5ThB~R7nd9ra0ulQkSp3hALnFyM4euPL6KPVJUsHHxygIxMjUTVo-.jpg 1480w\" type=\"image\/webp\"><img decoding=\"async\" class=\"img-fluid \" width=\"1480\" src=\"https:\/\/media.inmobalia.com\/imgV1\/B98Le8~d7M9pwOKhH98twCJY8~z6ePCZX6v4ZE2G2VesjxxVm_npGyYM3q8kWfCh57GdLQhVQHQ7YqHxPjKkUqK5IVg7d2TcLeY3eQlVz_3hLK4rfyZaFvZzNcVDSOlbPJP9N2FhhYyUMLsAVMLD5mNdkByx3emrm1p1Zwm_Zw5ydOApr709TFHuf_ZZa7dEYpzNBSqyk05dUlYTEWm0PdYE2LDBl14a1psehr6UdLZvCw--.jpg\"><\/picture>\n<figcaption class=\"wp-caption-text\"><\/figcaption>\n<\/figure>\n\n\n\n<p>Wir empfehlen Ihnen dringend, zumindest einen Besuch an einem der emblematischsten Orte an der Costa del Sol zu machen. Sie werden es nicht bereuen!<\/p>\n\n\n\n<h2 class=\"wp-block-heading\"><span class=\"ez-toc-section\" id=\"Ein_Ort_an_den_man_immer_wieder_zurueckkehren_moechte\"><\/span>Ein Ort, an den man immer wieder zur\u00fcckkehren m\u00f6chte<span class=\"ez-toc-section-end\"><\/span><\/h2>\n\n\n\n<p>Benahav\u00eds ist ein Ort, an dem Natur, Gastronomie und Exklusivit\u00e4t zusammenkommen, um einen unvergleichlichen Lebensstil zu schaffen. Eingebettet zwischen Bergen und nur wenige Schritte vom Mittelmeer entfernt, l\u00e4dt dieses wei\u00dfe Dorf dazu ein, jeden Moment mit Ruhe, Authentizit\u00e4t und Eleganz zu genie\u00dfen.<\/p>\n\n\n\n<p>Bei <a href=\"https:\/\/www.homewatch.es\/de\"><strong>Homewatch<\/strong> <\/a>bieten wir Ihnen Ferienunterk\u00fcnfte, saisonale Aufenthalte und Immobilien zum Kauf in Benahav\u00eds und Umgebung. Wir begleiten Sie w\u00e4hrend des gesamten Prozesses, damit Sie die Option finden, die am besten zu Ihnen passt. Entdecken Sie Benahav\u00eds mit uns und erleben Sie einen einzigartigen Lebensstil zwischen Bergen und Mittelmeer.<\/p>\n\n\n\t\t\t<section class=\"selection-wrapper mt-5 mt-lg-7 mt-xxl-10 wp-block-acf-propertyselection\">\n\t\t\t\t<div class=\"container-fluid max-width d-flex flex-column align-items-start align-items-lg-center\">\n\t\t\t\t\t<div class=\"col-xl-6 mb-4 mb-lg-5\">\n\t\t\t\t\t\t\t\t\t\t\t\t\t<h2 class=\"h1 text-md-center mb-4\"><span class=\"ez-toc-section\" id=\"Mietobjekte_in_Benahavis_Alle_Mietobjekte_Benahavis\"><\/span>\n\t\t\t\t\t\t\t\t\t\t\t\t\t\t\t\t\t<span class=\"htitle\">Mietobjekte in Benahav\u00eds<\/span>\n\t\t\t\t\t\t\t\t\t\t\t\t\t\t\t\tAlle Mietobjekte \/ Benahav\u00eds\t\t\t\t\t\t\t<span class=\"ez-toc-section-end\"><\/span><\/h2>\n\t\t\t\t\t\t\t\t\t\t\t\t<p class=\"text-md-center mb-0 mx-auto\">8 Immobilien zur Miete in Benahav\u00eds<\/p>\n<p class=\"text-md-center mb-0 mx-auto\">&nbsp;<\/p>\n\t\t\t\t\t<\/div>\n\t\t\t\t\t<div id=\"cardsFancyCarousel\" class=\"offcanvas-carousel w-100 four-items\">\n\t\t\t\t\t\t<article class=\"f-carousel__slide card col position-relative flex-column\">\n\t<figure class=\"position-relative w-100 mb-2\">\n\t\t<a class=\"card-portfolio position-absolute\" data-pfl-id=\"600309\" data-pfl-filter=\"rent-short\" href=\"#\">\n\t\t\t<svg width=\"20\" fill=\"currentColor\" viewBox=\"0 0 512 512\">\n\t\t\t\t<use href=\"https:\/\/www.homewatch.es\/wp-content\/themes\/inmobasolidbase\/dist\/src\/images\/icons.svg#svgPortfolio\"\/>\n\t\t\t<\/svg>\n\t\t\t<svg class=\"d-none\" width=\"20\" fill=\"currentColor\" viewBox=\"0 0 512 512\">\n\t\t\t\t<use href=\"https:\/\/www.homewatch.es\/wp-content\/themes\/inmobasolidbase\/dist\/src\/images\/icons.svg#svgPortfolioIn\"\/>\n\t\t\t<\/svg>\n\t\t<\/a>\n\t\t<picture class=\"ratio ratio-4x3\"><source width=\"1920\" height=\"1080\" srcset=\"https:\/\/media.inmobalia.com\/imgV1\/B8vEv5Xh_VThvnEqMx4G0YtA8lAADdw1sBC5uN5pSX6~ImMWYg0nYa_EPSP~fBpYtvgHs5QKecPwE1~j5DU_pylbu6cBdu0PgVunDxnkMoeY79Gll7Nv5AHhYwCGots7LHLh3gc0OHE1UHbGSLfqheW0ffQedqSkqEp7iG~SFiKsrvW8yJIGYHQf0O2INvvG.jpg 1920w,https:\/\/media.inmobalia.com\/imgV1\/B8vEv5Xh_Vjzl4qKP9bJW21eHCmW9PWrQV6IDk9EjA79dASSMmDBrXf04FgH6wp0ylU42MWPePEey7rkY1j3kMIGs3YrRSP6UhHPWG1enKzuplcdy8f~NYm7bTbKkeM5EmP5WdfTD8QN_vVSvdOf4eS7aIOhWwZIP2rPkHkbdghK2AgC4cELcyeRKxtaD3w-.jpg 1580w,https:\/\/media.inmobalia.com\/imgV1\/B8vEv5Xh~9eLgpFkvD55S4O4_vRpfi7Zj~8WTFZMGThfizi~_Y~NgoiVzdN9MsuXYCpgHq7NOfhSSsV~~CvXOR8biNDSQCuIy3z~JafSwduxBEndespnQYPOGloQON4~nZWh7TJhI8hr7QvmDWnw9Ky6JJ8eBQOLCpf~QWIzHe6xYYl6hx0uojvqrmSD9w--.jpg 774w\" type=\"image\/webp\"><img fetchpriority=\"high\" decoding=\"async\" class=\"image-fit\" alt=\"Luxus-Duplex-Villa mit 6 Schlafzimmern, privatem Pool und Golfblick in La Zagaleta\" width=\"1920\" height=\"1080\" src=\"https:\/\/media.inmobalia.com\/imgV1\/B8vEv5Xh_VThvnEqMx4G0ZxU~~H0Ar_8Bn_AfAx~4dnt796zQ9QIPwzdr9PkzIdRpbeOYktBAPFfTt23HPhndt5b7cRr2vg76pmKvptCGz41lr5kRf8CUnU7NTdsR45H0i1FeH9Afij8iF9jmBRqMieOd6yOhO7UFmwkBCgle7I-.jpg\"><\/picture>\t\t\t<\/figure>\n\t<div class=\"h-100 d-flex flex-column\">\n\t\t<span class=\"d-block card-area\">\n\t\t\tLa Zagaleta\t\t<\/span>\n\t\t\n\n\t\t\t<div class=\"card-price d-flex flex-column\">\n\t\t<strong class=\"me-1\">Von <span data-original-price=\"1100\">1.100\u00a0\u20ac<\/span><span data-period> pro tag <\/span><\/strong>\t\t<\/div>\n\t\n\t\t<ul class=\"card-features list-unstyled d-flex flex-wrap align-items-center mb-0\">\n\t\t\t\t\t\t\t<li class=\"d-flex align-items-center me-3\">\n\t\t\t\t\t6 Schlafzimmer\t\t\t\t<\/li>\n\t\t\t\t\t\t\t<li class=\"d-flex align-items-center me-3\">\n\t\t\t\t\t6 Badezimmer\t\t\t\t<\/li>\n\t\t\t\t\t\t\t<li class=\"d-flex align-items-center me-3\">\n\t\t\t\t\t1519 m&sup2; gebaut\t\t\t\t<\/li>\n\t\t\t\t\t\t\t<li class=\"d-flex align-items-center me-3\">\n\t\t\t\t\t5840 m&sup2; Grundst\u00fcck\t\t\t\t<\/li>\n\t\t\t\t\t<\/ul>\n\t\t<h4 class=\"card-title mb-0\">\n\t\t\t<a class=\"stretched-link\" href=\"\/vermietungen\/la-zagaleta\/villen\/229\">Luxus-Duplex-Villa mit 6 Schlafzimmern, privatem Pool und Golfblick in La Zagaleta<\/a>\n\t\t<\/h4>\n\t\t\t<\/div>\n<\/article>\t\t\t\t\t\t<article class=\"f-carousel__slide card col position-relative flex-column\">\n\t<figure class=\"position-relative w-100 mb-2\">\n\t\t<a class=\"card-portfolio position-absolute\" data-pfl-id=\"578408\" data-pfl-filter=\"rent-short\" href=\"#\">\n\t\t\t<svg width=\"20\" fill=\"currentColor\" viewBox=\"0 0 512 512\">\n\t\t\t\t<use href=\"https:\/\/www.homewatch.es\/wp-content\/themes\/inmobasolidbase\/dist\/src\/images\/icons.svg#svgPortfolio\"\/>\n\t\t\t<\/svg>\n\t\t\t<svg class=\"d-none\" width=\"20\" fill=\"currentColor\" viewBox=\"0 0 512 512\">\n\t\t\t\t<use href=\"https:\/\/www.homewatch.es\/wp-content\/themes\/inmobasolidbase\/dist\/src\/images\/icons.svg#svgPortfolioIn\"\/>\n\t\t\t<\/svg>\n\t\t<\/a>\n\t\t<picture class=\"ratio ratio-4x3\"><source width=\"1920\" height=\"1080\" srcset=\"https:\/\/media.inmobalia.com\/imgV1\/B8vEv5Xh_VThvnEqMx4G0YtA8lAADdw1sBC5uN5pSX6~ImMWYg0nYa_EPSP~fBpYtvgHs5QKecPwE1~j5DU_pylbu6cBdu0PgVunDxnkMoeY79Gll7Nv5AHhYwCGots7LHLh3gY1eKvLSzp96Vq5vin~Si3vXZX8oIZwqHr2mKUtIwf8veZhZ_yZnj3UoRRs.jpg 1920w,https:\/\/media.inmobalia.com\/imgV1\/B8vEv5Xh_Vjzl4qKP9bJW21eHCmW9PWrQV6IDk9EjA79dASSMmDBrXf04FgH6wp0ylU42MWPePEey7rkY1j3kMIGs3YrRSP6UhHPWG1enKzuplcdy8f~NYm7bTbKkeM5EmP5WH0t9Lk2F0E7I93mVvjNEOfXtRs2gfrtsXHTz9c3vmFhuEsMIlbn21fhzSk-.jpg 1580w,https:\/\/media.inmobalia.com\/imgV1\/B8vEv5Xh~9eLgpFkvD55S4O4_vRpfi7Zj~8WTFZMGThfizi~_Y~NgoiVzdN9MsuXYCpgHq7NOfhSSsV~~CvXOR8biNDSQCuIy3z~JafSwduxBEndespnQYPOGloQON4~nZWgIqeZwY0ei210hLG3hG1e3IvUhYAlicjtjD24ZhbADG5gIKzqtEmbCFi28A--.jpg 774w\" type=\"image\/webp\"><img decoding=\"async\" class=\"image-fit\" alt=\"Luxuswohnung mit 3 Schlafzimmern und Golfblick in Benahav\u00eds Costa del Sol\" width=\"1920\" height=\"1080\" src=\"https:\/\/media.inmobalia.com\/imgV1\/B8vEv5Xh_VThvnEqMx4G0ZxU~~H0Ar_8Bn_AfAx~4dnt796zQ9QIPwzdr9PkzIdRpbeOYktBAPFfTt23HPhndt5b7cRr2vg76pmKvptCGz41lr5kRIUUSCTleyTOQEVW_tKZrfN5j8YmUSbrwkdWl6gaZsc7Kp9mD~UkX0VOj2o-.jpg\"><\/picture>\t\t\t<\/figure>\n\t<div class=\"h-100 d-flex flex-column\">\n\t\t<span class=\"d-block card-area\">\n\t\t\tLos Arqueros\t\t<\/span>\n\t\t\n\n\t\t\t<div class=\"card-price d-flex flex-column\">\n\t\t<strong class=\"me-1\">Von <span data-original-price=\"180\">180\u00a0\u20ac<\/span><span data-period> pro tag <\/span><\/strong><strong class=\"me-1\"><span data-original-price=\"3400\">3.400\u00a0\u20ac<\/span><span data-period> montly rental (November-March)<\/span><\/strong>\t\t<\/div>\n\t\n\t\t<ul class=\"card-features list-unstyled d-flex flex-wrap align-items-center mb-0\">\n\t\t\t\t\t\t\t<li class=\"d-flex align-items-center me-3\">\n\t\t\t\t\t3 Schlafzimmer\t\t\t\t<\/li>\n\t\t\t\t\t\t\t<li class=\"d-flex align-items-center me-3\">\n\t\t\t\t\t2 Badezimmer\t\t\t\t<\/li>\n\t\t\t\t\t\t\t<li class=\"d-flex align-items-center me-3\">\n\t\t\t\t\t212 m&sup2; gebaut\t\t\t\t<\/li>\n\t\t\t\t\t\t\t<li class=\"d-flex align-items-center me-3\">\n\t\t\t\t\t21583 m&sup2; Grundst\u00fcck\t\t\t\t<\/li>\n\t\t\t\t\t<\/ul>\n\t\t<h4 class=\"card-title mb-0\">\n\t\t\t<a class=\"stretched-link\" href=\"\/vermietungen\/los-arqueros\/wohnungen\/223\">Luxuswohnung mit 3 Schlafzimmern und Golfblick in Benahav\u00eds Costa del Sol<\/a>\n\t\t<\/h4>\n\t\t\t<\/div>\n<\/article>\t\t\t\t\t\t<article class=\"f-carousel__slide card col position-relative flex-column\">\n\t<figure class=\"position-relative w-100 mb-2\">\n\t\t<a class=\"card-portfolio position-absolute\" data-pfl-id=\"550995\" data-pfl-filter=\"rent-short\" href=\"#\">\n\t\t\t<svg width=\"20\" fill=\"currentColor\" viewBox=\"0 0 512 512\">\n\t\t\t\t<use href=\"https:\/\/www.homewatch.es\/wp-content\/themes\/inmobasolidbase\/dist\/src\/images\/icons.svg#svgPortfolio\"\/>\n\t\t\t<\/svg>\n\t\t\t<svg class=\"d-none\" width=\"20\" fill=\"currentColor\" viewBox=\"0 0 512 512\">\n\t\t\t\t<use href=\"https:\/\/www.homewatch.es\/wp-content\/themes\/inmobasolidbase\/dist\/src\/images\/icons.svg#svgPortfolioIn\"\/>\n\t\t\t<\/svg>\n\t\t<\/a>\n\t\t<picture class=\"ratio ratio-4x3\"><source width=\"1920\" height=\"1080\" srcset=\"https:\/\/media.inmobalia.com\/imgV1\/B8vEv5Xh_VThvnEqMx4G0YtA8lAADdw1sBC5uN5pSX6~ImMWYg0nYa_EPSP~fBpYtvgHs5QKecPwE1~j5DU_pylbu6cBdu0PgVunDxnkMoeY79Gll7Nv5AHhYwCGots7LHLh3gTlw1r9GBtH6Ogr1FOHMYD34r5eeOwrI3QjZWgo7LuE312vHMojih4CpXLP.jpg 1920w,https:\/\/media.inmobalia.com\/imgV1\/B8vEv5Xh_Vjzl4qKP9bJW21eHCmW9PWrQV6IDk9EjA79dASSMmDBrXf04FgH6wp0ylU42MWPePEey7rkY1j3kMIGs3YrRSP6UhHPWG1enKzuplcdy8f~NYm7bTbKkeM5EmP5WvFMvopbgOtt87EhTbpED83T3o9d0aRxodlocJvmgpKExSh5kiq10mrgGpg-.jpg 1580w,https:\/\/media.inmobalia.com\/imgV1\/B8vEv5Xh~9eLgpFkvD55S4O4_vRpfi7Zj~8WTFZMGThfizi~_Y~NgoiVzdN9MsuXYCpgHq7NOfhSSsV~~CvXOR8biNDSQCuIy3z~JafSwduxBEndespnQYPOGloQON4~nZWiZzdar~lkJPwDljYcY88ZyHyxCdW7eeFb4l1SqiLhyiEyIItZct9MQ2m0Yg--.jpg 774w\" type=\"image\/webp\"><img decoding=\"async\" class=\"image-fit\" alt=\"Luxus-Apartment mit 3 Schlafzimmern, Meerblick &amp; privater Terrasse in Benahavis\" width=\"1920\" height=\"1080\" src=\"https:\/\/media.inmobalia.com\/imgV1\/B8vEv5Xh_VThvnEqMx4G0ZxU~~H0Ar_8Bn_AfAx~4dnt796zQ9QIPwzdr9PkzIdRpbeOYktBAPFfTt23HPhndt5b7cRr2vg76pmKvptCGz41lr5kRpBrcIuX9Fb2aGaMDxuNdYHyKTUNP2FlC_MUZ96aEead~O0KGO2cB4EnDuc-.jpg\"><\/picture>\t\t\t<\/figure>\n\t<div class=\"h-100 d-flex flex-column\">\n\t\t<span class=\"d-block card-area\">\n\t\t\tBenahavis\t\t<\/span>\n\t\t\n\n\t\t\t<div class=\"card-price d-flex flex-column\">\n\t\t<strong class=\"me-1\">Von <span data-original-price=\"150\">150\u00a0\u20ac<\/span><span data-period> pro tag <\/span><\/strong><strong class=\"me-1\"><span data-original-price=\"3000\">3.000\u00a0\u20ac<\/span><span data-period> montly rental (November-March)<\/span><\/strong>\t\t<\/div>\n\t\n\t\t<ul class=\"card-features list-unstyled d-flex flex-wrap align-items-center mb-0\">\n\t\t\t\t\t\t\t<li class=\"d-flex align-items-center me-3\">\n\t\t\t\t\t3 Schlafzimmer\t\t\t\t<\/li>\n\t\t\t\t\t\t\t<li class=\"d-flex align-items-center me-3\">\n\t\t\t\t\t2 Badezimmer\t\t\t\t<\/li>\n\t\t\t\t\t\t\t<li class=\"d-flex align-items-center me-3\">\n\t\t\t\t\t235 m&sup2; gebaut\t\t\t\t<\/li>\n\t\t\t\t\t<\/ul>\n\t\t<h4 class=\"card-title mb-0\">\n\t\t\t<a class=\"stretched-link\" href=\"\/vermietungen\/benahavis\/wohnungen\/207\">Luxus-Apartment mit 3 Schlafzimmern, Meerblick &amp; privater Terrasse in Benahavis<\/a>\n\t\t<\/h4>\n\t\t\t<\/div>\n<\/article>\t\t\t\t\t\t<article class=\"f-carousel__slide card col position-relative flex-column\">\n\t<figure class=\"position-relative w-100 mb-2\">\n\t\t<a class=\"card-portfolio position-absolute\" data-pfl-id=\"466778\" data-pfl-filter=\"rent-short\" href=\"#\">\n\t\t\t<svg width=\"20\" fill=\"currentColor\" viewBox=\"0 0 512 512\">\n\t\t\t\t<use href=\"https:\/\/www.homewatch.es\/wp-content\/themes\/inmobasolidbase\/dist\/src\/images\/icons.svg#svgPortfolio\"\/>\n\t\t\t<\/svg>\n\t\t\t<svg class=\"d-none\" width=\"20\" fill=\"currentColor\" viewBox=\"0 0 512 512\">\n\t\t\t\t<use href=\"https:\/\/www.homewatch.es\/wp-content\/themes\/inmobasolidbase\/dist\/src\/images\/icons.svg#svgPortfolioIn\"\/>\n\t\t\t<\/svg>\n\t\t<\/a>\n\t\t<picture class=\"ratio ratio-4x3\"><source width=\"1920\" height=\"1080\" srcset=\"https:\/\/media.inmobalia.com\/imgV1\/B8vEv5Xh_VThvnEqMx4G0YtA8lAADdw1sBC5uN5pSX6~ImMWYg0nYa_EPSP~fBpYtvgHs5QKecPwE1~j5DU_pylbu6cBdu0PgVunDxnkMoeY79Gll7Nv5AHhYwCGots7LHLh2UpYgmh8NZhhdw7QeFTu6A~n2E4tQQwVn1A12_2Bfw6ChsggcuX_mg9tjH3M.jpg 1920w,https:\/\/media.inmobalia.com\/imgV1\/B8vEv5Xh_Vjzl4qKP9bJW21eHCmW9PWrQV6IDk9EjA79dASSMmDBrXf04FgH6wp0ylU42MWPePEey7rkY1j3kMIGs3YrRSP6UhHPWG1enKzuplcdy8f~NYm7bTbKkeM5EmP_gwIPYvTKa79LghZkFg4otyt9E7R_Y8CLVeveRdUMvm0cuJ~DBYKldHyWeME-.jpg 1580w,https:\/\/media.inmobalia.com\/imgV1\/B8vEv5Xh~9eLgpFkvD55S4O4_vRpfi7Zj~8WTFZMGThfizi~_Y~NgoiVzdN9MsuXYCpgHq7NOfhSSsV~~CvXOR8biNDSQCuIy3z~JafSwduxBEndespnQYPOGloQON4~nZJz2NrA5I1fh7JznQvdU2xQB_TivW0N9HdA0uT1sjvIllxFHehwhKRq~1zzew--.jpg 774w\" type=\"image\/webp\"><img loading=\"lazy\" decoding=\"async\" class=\"image-fit\" alt=\"2-Schlafzimmer Luxus-Apartment mit Meerblick in Benahavis, Costa del Sol\" width=\"1920\" height=\"1080\" src=\"https:\/\/media.inmobalia.com\/imgV1\/B8vEv5Xh_VThvnEqMx4G0ZxU~~H0Ar_8Bn_AfAx~4dnt796zQ9QIPwzdr9PkzIdRpbeOYktBAPFfTt23HPhndt5b7cRr2vg76pmKvptCGz41lr5j~dfn529OURwI40z6~Q8ND56fXKe0NqNIQHGnWlNaC6YobJR~waH1DR0M9eA-.jpg\"><\/picture>\t\t\t<\/figure>\n\t<div class=\"h-100 d-flex flex-column\">\n\t\t<span class=\"d-block card-area\">\n\t\t\tHacienda del Se\u00f1orio de Cifuentes\t\t<\/span>\n\t\t\n\n\t\t\t<div class=\"card-price d-flex flex-column\">\n\t\t<strong class=\"me-1\">Von <span data-original-price=\"100\">100\u00a0\u20ac<\/span><span data-period> pro tag <\/span><\/strong>\t\t<\/div>\n\t\n\t\t<ul class=\"card-features list-unstyled d-flex flex-wrap align-items-center mb-0\">\n\t\t\t\t\t\t\t<li class=\"d-flex align-items-center me-3\">\n\t\t\t\t\t2 Schlafzimmer\t\t\t\t<\/li>\n\t\t\t\t\t\t\t<li class=\"d-flex align-items-center me-3\">\n\t\t\t\t\t2 Badezimmer\t\t\t\t<\/li>\n\t\t\t\t\t\t\t<li class=\"d-flex align-items-center me-3\">\n\t\t\t\t\t132 m&sup2; gebaut\t\t\t\t<\/li>\n\t\t\t\t\t<\/ul>\n\t\t<h4 class=\"card-title mb-0\">\n\t\t\t<a class=\"stretched-link\" href=\"\/vermietungen\/hacienda-del-senorio-de-cifuentes\/wohnungen\/158\">2-Schlafzimmer Luxus-Apartment mit Meerblick in Benahavis, Costa del Sol<\/a>\n\t\t<\/h4>\n\t\t\t<\/div>\n<\/article>\t\t\t\t\t\t<article class=\"f-carousel__slide card col position-relative flex-column\">\n\t<figure class=\"position-relative w-100 mb-2\">\n\t\t<a class=\"card-portfolio position-absolute\" data-pfl-id=\"402853\" data-pfl-filter=\"rent-short\" href=\"#\">\n\t\t\t<svg width=\"20\" fill=\"currentColor\" viewBox=\"0 0 512 512\">\n\t\t\t\t<use href=\"https:\/\/www.homewatch.es\/wp-content\/themes\/inmobasolidbase\/dist\/src\/images\/icons.svg#svgPortfolio\"\/>\n\t\t\t<\/svg>\n\t\t\t<svg class=\"d-none\" width=\"20\" fill=\"currentColor\" viewBox=\"0 0 512 512\">\n\t\t\t\t<use href=\"https:\/\/www.homewatch.es\/wp-content\/themes\/inmobasolidbase\/dist\/src\/images\/icons.svg#svgPortfolioIn\"\/>\n\t\t\t<\/svg>\n\t\t<\/a>\n\t\t<picture class=\"ratio ratio-4x3\"><source width=\"1920\" height=\"1080\" srcset=\"https:\/\/media.inmobalia.com\/imgV1\/B8vEv5Xh_VThvnEqMx4G0YtA8lAADdw1sBC5uN5pSX6~ImMWYg0nYa_EPSP~fBpYtvgHs5QKecPwE1~j5DU_pylbu6cBdu0PgVunDxnkMoeY79Gll7Nv5AHhYwCGots7LHLh2U9aGJuubBMW2yBXTN_Qmv2ii2zWm63cEJetuoXD6ri~gPQPybvF3Y2aFGvM.jpg 1920w,https:\/\/media.inmobalia.com\/imgV1\/B8vEv5Xh_Vjzl4qKP9bJW21eHCmW9PWrQV6IDk9EjA79dASSMmDBrXf04FgH6wp0ylU42MWPePEey7rkY1j3kMIGs3YrRSP6UhHPWG1enKzuplcdy8f~NYm7bTbKkeM5EmP_htBXbDLXljlvZaVgtBijmfMgXGXEAVOVuJgJfcNzqQcGeV43Or2r~3BH3qg-.jpg 1580w,https:\/\/media.inmobalia.com\/imgV1\/B8vEv5Xh~9eLgpFkvD55S4O4_vRpfi7Zj~8WTFZMGThfizi~_Y~NgoiVzdN9MsuXYCpgHq7NOfhSSsV~~CvXOR8biNDSQCuIy3z~JafSwduxBEndespnQYPOGloQON4~nZJ2NgmUFU4goZrQMRecxmOoJPIsWOotSQs87ivhjnVw~k_s6_xuTCXGRhSrQA--.jpg 774w\" type=\"image\/webp\"><img loading=\"lazy\" decoding=\"async\" class=\"image-fit\" alt=\"Luxus 2-Zimmer Apartment mit Meerblick in Benahav\u00eds Costa del Sol\" width=\"1920\" height=\"1080\" src=\"https:\/\/media.inmobalia.com\/imgV1\/B8vEv5Xh_VThvnEqMx4G0ZxU~~H0Ar_8Bn_AfAx~4dnt796zQ9QIPwzdr9PkzIdRpbeOYktBAPFfTt23HPhndt5b7cRr2vg76pmKvptCGz41lr5j_PFlWJ2NOeS2fjABmDH5nZSCKzF~w111iRIA1Obse6YJicz~bMeaNABXtLI-.jpg\"><\/picture>\t\t\t<\/figure>\n\t<div class=\"h-100 d-flex flex-column\">\n\t\t<span class=\"d-block card-area\">\n\t\t\tHacienda del Se\u00f1orio de Cifuentes\t\t<\/span>\n\t\t\n\n\t\t\t<div class=\"card-price d-flex flex-column\">\n\t\t<strong class=\"me-1\">Von <span data-original-price=\"112\">112\u00a0\u20ac<\/span><span data-period> pro tag <\/span><\/strong>\t\t<\/div>\n\t\n\t\t<ul class=\"card-features list-unstyled d-flex flex-wrap align-items-center mb-0\">\n\t\t\t\t\t\t\t<li class=\"d-flex align-items-center me-3\">\n\t\t\t\t\t2 Schlafzimmer\t\t\t\t<\/li>\n\t\t\t\t\t\t\t<li class=\"d-flex align-items-center me-3\">\n\t\t\t\t\t2 Badezimmer\t\t\t\t<\/li>\n\t\t\t\t\t\t\t<li class=\"d-flex align-items-center me-3\">\n\t\t\t\t\t186 m&sup2; gebaut\t\t\t\t<\/li>\n\t\t\t\t\t<\/ul>\n\t\t<h4 class=\"card-title mb-0\">\n\t\t\t<a class=\"stretched-link\" href=\"\/vermietungen\/hacienda-del-senorio-de-cifuentes\/wohnungen\/97\">Luxus 2-Zimmer Apartment mit Meerblick in Benahav\u00eds Costa del Sol<\/a>\n\t\t<\/h4>\n\t\t\t<\/div>\n<\/article>\t\t\t\t\t\t<article class=\"f-carousel__slide card col position-relative flex-column\">\n\t<figure class=\"position-relative w-100 mb-2\">\n\t\t<a class=\"card-portfolio position-absolute\" data-pfl-id=\"382413\" data-pfl-filter=\"rent-short\" href=\"#\">\n\t\t\t<svg width=\"20\" fill=\"currentColor\" viewBox=\"0 0 512 512\">\n\t\t\t\t<use href=\"https:\/\/www.homewatch.es\/wp-content\/themes\/inmobasolidbase\/dist\/src\/images\/icons.svg#svgPortfolio\"\/>\n\t\t\t<\/svg>\n\t\t\t<svg class=\"d-none\" width=\"20\" fill=\"currentColor\" viewBox=\"0 0 512 512\">\n\t\t\t\t<use href=\"https:\/\/www.homewatch.es\/wp-content\/themes\/inmobasolidbase\/dist\/src\/images\/icons.svg#svgPortfolioIn\"\/>\n\t\t\t<\/svg>\n\t\t<\/a>\n\t\t<picture class=\"ratio ratio-4x3\"><source width=\"1920\" height=\"1080\" srcset=\"https:\/\/media.inmobalia.com\/imgV1\/B8vEv5Xh_VThvnEqMx4G0YtA8lAADdw1sBC5uN5pSX6~ImMWYg0nYa_EPSP~fBpYtvgHs5QKecPwE1~j5DU_pylbu6cBdu0PgVunDxnkMoeY79Gll7Nv5AHhYwCGots7LHLh2DrDTC5CheUvn8oZH~yC04yMSvmBxWvzMaiF5TcRbvcQ6O7hA3p991cTxQ0d.jpg 1920w,https:\/\/media.inmobalia.com\/imgV1\/B8vEv5Xh_Vjzl4qKP9bJW21eHCmW9PWrQV6IDk9EjA79dASSMmDBrXf04FgH6wp0ylU42MWPePEey7rkY1j3kMIGs3YrRSP6UhHPWG1enKzuplcdy8f~NYm7bTbKkeM5EmP~DBRxsvY5rIxzpuD8EJRC5XyD3gHTVaGx9CwsporYH7XtOxtd3Eu9sQpCPkA-.jpg 1580w,https:\/\/media.inmobalia.com\/imgV1\/B8vEv5Xh~9eLgpFkvD55S4O4_vRpfi7Zj~8WTFZMGThfizi~_Y~NgoiVzdN9MsuXYCpgHq7NOfhSSsV~~CvXOR8biNDSQCuIy3z~JafSwduxBEndespnQYPOGloQON4~nZO6VpeIuHzbtOjsJitPfegdQbma0rdrvGht3rBZ4GYere017CjgWNfiS6khFA--.jpg 774w\" type=\"image\/webp\"><img loading=\"lazy\" decoding=\"async\" class=\"image-fit\" alt=\"Luxuri\u00f6se 3-Schlafzimmer Ferienwohnung in Marbella Club Hills mit Meerblick und privatem Garten\" width=\"1920\" height=\"1080\" src=\"https:\/\/media.inmobalia.com\/imgV1\/B8vEv5Xh_VThvnEqMx4G0ZxU~~H0Ar_8Bn_AfAx~4dnt796zQ9QIPwzdr9PkzIdRpbeOYktBAPFfTt23HPhndt5b7cRr2vg76pmKvptCGz41lr5iK2fckcdI9_3FbDL_EZoE2RwlM_78tudEhAY0OjmZaDjtH2~4nDUdW~tWLsc-.jpg\"><\/picture>\t\t\t<\/figure>\n\t<div class=\"h-100 d-flex flex-column\">\n\t\t<span class=\"d-block card-area\">\n\t\t\tMarbella Club Hills\t\t<\/span>\n\t\t\n\n\t\t\t<div class=\"card-price d-flex flex-column\">\n\t\t<strong class=\"me-1\">Von <span data-original-price=\"219\">219\u00a0\u20ac<\/span><span data-period> pro tag <\/span><\/strong>\t\t<\/div>\n\t\n\t\t<ul class=\"card-features list-unstyled d-flex flex-wrap align-items-center mb-0\">\n\t\t\t\t\t\t\t<li class=\"d-flex align-items-center me-3\">\n\t\t\t\t\t3 Schlafzimmer\t\t\t\t<\/li>\n\t\t\t\t\t\t\t<li class=\"d-flex align-items-center me-3\">\n\t\t\t\t\t3 Badezimmer\t\t\t\t<\/li>\n\t\t\t\t\t\t\t<li class=\"d-flex align-items-center me-3\">\n\t\t\t\t\t180.31 m&sup2; gebaut\t\t\t\t<\/li>\n\t\t\t\t\t<\/ul>\n\t\t<h4 class=\"card-title mb-0\">\n\t\t\t<a class=\"stretched-link\" href=\"\/vermietungen\/marbella-club-hills\/erdgeschosswohnungen\/74\">Luxuri\u00f6se 3-Schlafzimmer Ferienwohnung in Marbella Club Hills mit Meerblick und privatem Garten<\/a>\n\t\t<\/h4>\n\t\t\t<\/div>\n<\/article>\t\t\t\t\t\t<article class=\"f-carousel__slide card col position-relative flex-column\">\n\t<figure class=\"position-relative w-100 mb-2\">\n\t\t<a class=\"card-portfolio position-absolute\" data-pfl-id=\"309756\" data-pfl-filter=\"rent-short\" href=\"#\">\n\t\t\t<svg width=\"20\" fill=\"currentColor\" viewBox=\"0 0 512 512\">\n\t\t\t\t<use href=\"https:\/\/www.homewatch.es\/wp-content\/themes\/inmobasolidbase\/dist\/src\/images\/icons.svg#svgPortfolio\"\/>\n\t\t\t<\/svg>\n\t\t\t<svg class=\"d-none\" width=\"20\" fill=\"currentColor\" viewBox=\"0 0 512 512\">\n\t\t\t\t<use href=\"https:\/\/www.homewatch.es\/wp-content\/themes\/inmobasolidbase\/dist\/src\/images\/icons.svg#svgPortfolioIn\"\/>\n\t\t\t<\/svg>\n\t\t<\/a>\n\t\t<picture class=\"ratio ratio-4x3\"><source width=\"1920\" height=\"1080\" srcset=\"https:\/\/media.inmobalia.com\/imgV1\/B8vEv5Xh_VThvnEqMx4G0YtA8lAADdw1sBC5uN5pSX6~ImMWYg0nYa_EPSP~fBpYtvgHs5QKecPwE1~j5DU_pylbu6cBdu0PgVunDxnkMoeY79Gll7Nv5AHhYwCGots7LHLh2DM0ekhGPfMPwUDYQvowefojnbHtsiTKgB8EQiqj~ZAqi07DnAyMS4tmxEUZ.jpg 1920w,https:\/\/media.inmobalia.com\/imgV1\/B8vEv5Xh_Vjzl4qKP9bJW21eHCmW9PWrQV6IDk9EjA79dASSMmDBrXf04FgH6wp0ylU42MWPePEey7rkY1j3kMIGs3YrRSP6UhHPWG1enKzuplcdy8f~NYm7bTbKkeM5EmP~BV1ePX2rPSkR5neHoCbvuMwUXBwfstpET1Z5Ka_HLOu_qwKJWBKOx5Kgh3A-.jpg 1580w,https:\/\/media.inmobalia.com\/imgV1\/B8vEv5Xh~9eLgpFkvD55S4O4_vRpfi7Zj~8WTFZMGThfizi~_Y~NgoiVzdN9MsuXYCpgHq7NOfhSSsV~~CvXOR8biNDSQCuIy3z~JafSwduxBEndespnQYPOGloQON4~nZOzbu4VgL0VTT5tYFRWx79BTlmFLhGMWtFlvT5MlhhO_DWej02oaz8gSZlRwA--.jpg 774w\" type=\"image\/webp\"><img loading=\"lazy\" decoding=\"async\" class=\"image-fit\" alt=\"Luxus-Duplex-Villa mit 3 Schlafzimmern, privatem Pool und Bergblick im exklusiven La Zagaleta\" width=\"1920\" height=\"1080\" src=\"https:\/\/media.inmobalia.com\/imgV1\/B8vEv5Xh_VThvnEqMx4G0ZxU~~H0Ar_8Bn_AfAx~4dnt796zQ9QIPwzdr9PkzIdRpbeOYktBAPFfTt23HPhndt5b7cRr2vg76pmKvptCGz41lr5iIqTczQLnN3g54S6cqq3KugYDHbPkRsWn~MqeIE~vH~fJNOvesyPEeiIX4P0-.jpg\"><\/picture>\t\t\t<\/figure>\n\t<div class=\"h-100 d-flex flex-column\">\n\t\t<span class=\"d-block card-area\">\n\t\t\tLa Zagaleta\t\t<\/span>\n\t\t\n\n\t\t\t<div class=\"card-price d-flex flex-column\">\n\t\t<strong class=\"me-1\">Von <span data-original-price=\"440\">440\u00a0\u20ac<\/span><span data-period> pro tag <\/span><\/strong>\t\t<\/div>\n\t\n\t\t<ul class=\"card-features list-unstyled d-flex flex-wrap align-items-center mb-0\">\n\t\t\t\t\t\t\t<li class=\"d-flex align-items-center me-3\">\n\t\t\t\t\t3 Schlafzimmer\t\t\t\t<\/li>\n\t\t\t\t\t\t\t<li class=\"d-flex align-items-center me-3\">\n\t\t\t\t\t3 Badezimmer\t\t\t\t<\/li>\n\t\t\t\t\t\t\t<li class=\"d-flex align-items-center me-3\">\n\t\t\t\t\t534 m&sup2; gebaut\t\t\t\t<\/li>\n\t\t\t\t\t\t\t<li class=\"d-flex align-items-center me-3\">\n\t\t\t\t\t3000 m&sup2; Grundst\u00fcck\t\t\t\t<\/li>\n\t\t\t\t\t<\/ul>\n\t\t<h4 class=\"card-title mb-0\">\n\t\t\t<a class=\"stretched-link\" href=\"\/vermietungen\/la-zagaleta\/villen\/62\">Luxus-Duplex-Villa mit 3 Schlafzimmern, privatem Pool und Bergblick im exklusiven La Zagaleta<\/a>\n\t\t<\/h4>\n\t\t\t<\/div>\n<\/article>\t\t\t\t\t\t\t\t\t\t\t<\/div>\n\t\t\t\t\t\t\t\t\t<\/div>\n\t\t\t<\/section>\n\t\t","protected":false},"excerpt":{"rendered":"<p>Zwischen Bergen und gr\u00fcnen T\u00e4lern, nur wenige Minuten von Marbella und Estepona entfernt, liegt Benahav\u00eds ein andalusisches &#8222;Pueblo Blanco\u201c, das wie kaum ein anderer Ort die Authentizit\u00e4t der Tradition mit dem Komfort modernen Luxus verbindet. Als kulinarische Hochburg der Costa del Sol etabliert, zeichnet sich dieser Ort zudem durch exklusive Wohnanlagen, ein breites Sportangebot und&#8230;<\/p>\n","protected":false},"author":11,"featured_media":6632,"comment_status":"closed","ping_status":"closed","sticky":false,"template":"","format":"standard","meta":{"_acf_changed":true,"footnotes":""},"categories":[591,1368],"tags":[774,961,1369,1389,673,1385,1386,1370,1383,1388,1371,672,1372,980,1373,1052,1384,1117,1387,1374,1375],"class_list":["post-6628","post","type-post","status-publish","format-standard","has-post-thumbnail","hentry","category-schluesselbereiche","category-benahavis-de","tag-andalucia-de","tag-benahavis-2","tag-benahavis-3-de","tag-bildung","tag-costa-del-sol-de","tag-dorf","tag-freizeit","tag-gastronomia-de","tag-gastronomie","tag-grundversorgung","tag-guia-2-de","tag-marbella-de","tag-ocio-de","tag-owners-de","tag-pueblo-de","tag-real-estate-market-de","tag-reisefuehrer","tag-renting-property-de","tag-restaurant-2","tag-restaurantes-de","tag-servicios-basicos-de"],"acf":[],"_links":{"self":[{"href":"https:\/\/www.homewatch.es\/de\/wp-json\/wp\/v2\/posts\/6628","targetHints":{"allow":["GET"]}}],"collection":[{"href":"https:\/\/www.homewatch.es\/de\/wp-json\/wp\/v2\/posts"}],"about":[{"href":"https:\/\/www.homewatch.es\/de\/wp-json\/wp\/v2\/types\/post"}],"author":[{"embeddable":true,"href":"https:\/\/www.homewatch.es\/de\/wp-json\/wp\/v2\/users\/11"}],"replies":[{"embeddable":true,"href":"https:\/\/www.homewatch.es\/de\/wp-json\/wp\/v2\/comments?post=6628"}],"version-history":[{"count":0,"href":"https:\/\/www.homewatch.es\/de\/wp-json\/wp\/v2\/posts\/6628\/revisions"}],"wp:featuredmedia":[{"embeddable":true,"href":"https:\/\/www.homewatch.es\/de\/wp-json\/wp\/v2\/media\/6632"}],"wp:attachment":[{"href":"https:\/\/www.homewatch.es\/de\/wp-json\/wp\/v2\/media?parent=6628"}],"wp:term":[{"taxonomy":"category","embeddable":true,"href":"https:\/\/www.homewatch.es\/de\/wp-json\/wp\/v2\/categories?post=6628"},{"taxonomy":"post_tag","embeddable":true,"href":"https:\/\/www.homewatch.es\/de\/wp-json\/wp\/v2\/tags?post=6628"}],"curies":[{"name":"wp","href":"https:\/\/api.w.org\/{rel}","templated":true}]}}