{"id":6522,"date":"2025-08-27T11:52:21","date_gmt":"2025-08-27T09:52:21","guid":{"rendered":"https:\/\/www.homewatch.es\/?p=6522"},"modified":"2025-08-27T11:59:41","modified_gmt":"2025-08-27T09:59:41","slug":"istan-the-hidden-gem-of-the-costa-del-sol","status":"publish","type":"post","link":"https:\/\/www.homewatch.es\/de\/6522-istan-the-hidden-gem-of-the-costa-del-sol","title":{"rendered":"Ist\u00e1n, das verborgene Juwel der Costa del Sol"},"content":{"rendered":"\n<figure class=\"wp-caption aligncenter\">\n<picture><source width=\"1480\" srcset=\"https:\/\/media.inmobalia.com\/imgV1\/B98Le8~d7M9pwOKhCJcJLIfglZOtvyX13f98gUEkry2AXpxxwVVUW6beaB1ZRkIVKNxBR51u39BkZ2QySePdWLcQCD9XnC9JBdzNhrlkLp1nv5Ungkt68Pa1fikH6gijDkaSkaJVHACtbYV3htG07Nd_BTCghIAQ8d4rDuwbuxCklpE_dIOfsI1emJ_gxXFE_4_wtSn1Y8INu0wmW_TTMWhJyA6P0Z8yXhs3MagL2T2xC6gv8REFATtHhyrhbRtT2Go3Toe9Sn2BBZgKZOSuGU_ZDslmJAiyVHlcv33mHh2ZT7SW~rY0gtmmr8wR5i_4gmgByNnkd0Q-.jpg 1480w\" type=\"image\/webp\"><img decoding=\"async\" class=\"img-fluid \" width=\"1480\" src=\"https:\/\/media.inmobalia.com\/imgV1\/B98Le8~d7M9pwOKhH98twCJY8~z6ePCZX6v4ZExqTG6Ml5IQlnJmWZ1hIUTiCGHmY4iCjLqq~9i8dBo3mh4uIAFOnQVcz4L3e~Q1n5YoKdzO6bEgr5V6viy0TH_7kWTGgeO62d44xNVK5wfWpRRECtE1jvd6PYbJtkP7sVCmFgAuFaYcc5dqtVc_NvthX1E4juPNrC_F1RB8OEiGXe~_E9boJ0_eGlwEN20pBTL9OFCxfzbnKfB7~uwNgr6sGenPvMEKlRsUG7VY3QHCGYNbeQo3CTr592RjQUuTx0hmUUUI~EGTSm5WhQ--.jpg\"><\/picture>\n<figcaption class=\"wp-caption-text\"><\/figcaption>\n<\/figure>\n\n\n\n<p>Ist\u00e1n ist ein charmantes wei\u00df get\u00fcnchtes Dorf im Herzen des Naturparks <em>Sierra de las Nieves<\/em>, der von der UNESCO zum Biosph\u00e4renreservat erkl\u00e4rt wurde. Bekannt als <em>\"Die Quelle der Costa del Sol<\/em>\" verbindet dieser andalusische Ort Natur, Tradition und Authentizit\u00e4t \u2013 nur 15 Kilometer von Marbella entfernt. Damit ist er das perfekte Ziel sowohl f\u00fcr Urlaubsaufenthalte als auch f\u00fcr alle, die einen ruhigen Lebensstil in enger Verbindung mit der Natur suchen.<\/p><div id=\"ez-toc-container\" class=\"ez-toc-v2_0_82_2 counter-hierarchy ez-toc-counter ez-toc-custom ez-toc-container-direction\">\n<div class=\"ez-toc-title-container\">\n<p class=\"ez-toc-title\" style=\"cursor:inherit\">Table of Contents<\/p>\n<span class=\"ez-toc-title-toggle\"><a href=\"#\" class=\"ez-toc-pull-right ez-toc-btn ez-toc-btn-xs ez-toc-btn-default ez-toc-toggle\" aria-label=\"Toggle Table of Content\"><span class=\"ez-toc-js-icon-con\"><span class=\"\"><span class=\"eztoc-hide\" style=\"display:none;\">Toggle<\/span><span class=\"ez-toc-icon-toggle-span\"><svg style=\"fill: #0a0a0a;color:#0a0a0a\" xmlns=\"http:\/\/www.w3.org\/2000\/svg\" class=\"list-377408\" width=\"20px\" height=\"20px\" viewBox=\"0 0 24 24\" fill=\"none\"><path d=\"M6 6H4v2h2V6zm14 0H8v2h12V6zM4 11h2v2H4v-2zm16 0H8v2h12v-2zM4 16h2v2H4v-2zm16 0H8v2h12v-2z\" fill=\"currentColor\"><\/path><\/svg><svg style=\"fill: #0a0a0a;color:#0a0a0a\" class=\"arrow-unsorted-368013\" xmlns=\"http:\/\/www.w3.org\/2000\/svg\" width=\"10px\" height=\"10px\" viewBox=\"0 0 24 24\" version=\"1.2\" baseProfile=\"tiny\"><path d=\"M18.2 9.3l-6.2-6.3-6.2 6.3c-.2.2-.3.4-.3.7s.1.5.3.7c.2.2.4.3.7.3h11c.3 0 .5-.1.7-.3.2-.2.3-.5.3-.7s-.1-.5-.3-.7zM5.8 14.7l6.2 6.3 6.2-6.3c.2-.2.3-.5.3-.7s-.1-.5-.3-.7c-.2-.2-.4-.3-.7-.3h-11c-.3 0-.5.1-.7.3-.2.2-.3.5-.3.7s.1.5.3.7z\"\/><\/svg><\/span><\/span><\/span><\/a><\/span><\/div>\n<nav><ul class='ez-toc-list ez-toc-list-level-1 ' ><li class='ez-toc-page-1 ez-toc-heading-level-2'><a class=\"ez-toc-link ez-toc-heading-1\" href=\"https:\/\/www.homewatch.es\/de\/6522-istan-the-hidden-gem-of-the-costa-del-sol\/#Wo_liegt_Istan\" >Wo liegt Ist\u00e1n?<\/a><\/li><li class='ez-toc-page-1 ez-toc-heading-level-2'><a class=\"ez-toc-link ez-toc-heading-2\" href=\"https:\/\/www.homewatch.es\/de\/6522-istan-the-hidden-gem-of-the-costa-del-sol\/#Istan_Maurische_Wurzeln_und_Berggeist\" >Ist\u00e1n: Maurische Wurzeln und Berggeist<\/a><\/li><li class='ez-toc-page-1 ez-toc-heading-level-2'><a class=\"ez-toc-link ez-toc-heading-3\" href=\"https:\/\/www.homewatch.es\/de\/6522-istan-the-hidden-gem-of-the-costa-del-sol\/#Ihr_Aufenthalt_in_Istan\" >Ihr Aufenthalt in Ist\u00e1n<\/a><\/li><li class='ez-toc-page-1 ez-toc-heading-level-2'><a class=\"ez-toc-link ez-toc-heading-4\" href=\"https:\/\/www.homewatch.es\/de\/6522-istan-the-hidden-gem-of-the-costa-del-sol\/#Alles_Wesentliche_im_Herzen_von_Istan\" >Alles Wesentliche im Herzen von Ist\u00e1n<\/a><\/li><li class='ez-toc-page-1 ez-toc-heading-level-2'><a class=\"ez-toc-link ez-toc-heading-5\" href=\"https:\/\/www.homewatch.es\/de\/6522-istan-the-hidden-gem-of-the-costa-del-sol\/#Kultur_und_Tradition_in_Istan\" >Kultur und Tradition in Ist\u00e1n<\/a><\/li><li class='ez-toc-page-1 ez-toc-heading-level-2'><a class=\"ez-toc-link ez-toc-heading-6\" href=\"https:\/\/www.homewatch.es\/de\/6522-istan-the-hidden-gem-of-the-costa-del-sol\/#Mobilitaet\" >Mobilit\u00e4t<\/a><\/li><li class='ez-toc-page-1 ez-toc-heading-level-2'><a class=\"ez-toc-link ez-toc-heading-7\" href=\"https:\/\/www.homewatch.es\/de\/6522-istan-the-hidden-gem-of-the-costa-del-sol\/#Ein_Ort_zum_Geniessen\" >Ein Ort zum Genie\u00dfen<\/a><\/li><li class='ez-toc-page-1 ez-toc-heading-level-2'><a class=\"ez-toc-link ez-toc-heading-8\" href=\"https:\/\/www.homewatch.es\/de\/6522-istan-the-hidden-gem-of-the-costa-del-sol\/#Mietobjekte_in_Istan_Alle_Mietobjekte_Istan\" >Mietobjekte in Ist\u00e1n\n\t\t\t\t\t\t\t\t\t\t\t\t\t\t\t\tAlle Mietobjekte \/ Ist\u00e1n<\/a><\/li><\/ul><\/nav><\/div>\n\n\n\n\n<figure class=\"position-relative my-5\"><a class=\"position-relative\" href=\"https:\/\/youtu.be\/enJyKXuIi6c\" data-fancybox=\"video\" target=\"_blank\" rel=\"noopener\"><svg class=\"position-absolute top-50 start-50 translate-middle\" width=\"80\" fill=\"#fff\" viewBox=\"0 0 512 512\"><use href=\"https:\/\/www.homewatch.es\/wp-content\/themes\/inmobasolidbase\/dist\/src\/images\/icons.svg#svgPlay\"><\/use><\/svg><picture><source width=\"1920\" srcset=\"https:\/\/media.inmobalia.com\/imgV1\/B98Le8~d7M9k3Degnasou4SeXs2jeTR_PiwwSeLqOqIC4907UpvQnFtJljAkioC7kuEr6Z~ulrAsl79hYMCSS3FSYuQcbaBYNrqllzdqp2BgN7~PFlJGOrpr8kc-.jpg 1920w\" type=\"image\/webp\"><img decoding=\"async\" loading=\"lazy\" class=\"img-fluid d-block w-100 my-4\" alt=\"Ist\u00e1n, das verborgene Juwel der Costa del Sol\" width=\"1920\" src=\"https:\/\/media.inmobalia.com\/imgV1\/B98Le8~d7M9k3DegigWijpPHfi0CkGBxNjyvwawbHYBfRTOjZB3vLkbI1XjyP3_ABocML9kUhzu8iGvpfnGQ60knD74SUGQNuQodAQ--.jpg\"><\/picture><\/a><script type=\"application\/ld+json\">\n\t\t\t{\n\t\t\t\t\"@context\": \"https:\/\/schema.org\",\n\t\t\t\t\"@type\": \"VideoObject\",\n\t\t\t\t\"name\": \"Ist\u00e1n, das verborgene Juwel der Costa del Sol\",\n\t\t\t\t\"description\": \"Ist\u00e1n ist ein charmantes wei\u00df get\u00fcnchtes Dorf im Herzen des Naturparks Sierra de las Nieves, der von der UNESCO zum...\",\n\t\t\t\t\"thumbnailUrl\": \"https:\/\/img.youtube.com\/vi\/enJyKXuIi6c\/maxresdefault.jpg\",\n\t\t\t\t\"uploadDate\": \"2025-08-27T11:52:21+0200\", \"embedUrl\": \"https:\/\/youtu.be\/enJyKXuIi6c\"\t\t\t\n\t\t\t}\n\t\t\t<\/script><\/figure>\n\n\n<ul class=\"list-unstyled p-4 pb-5 border border-light\"><li class=\"text-black text-uppercase fw-bold mb-3\">Inhaltsverzeichnis<\/li><li><a href=\"#wo+liegt+istan\">Wo liegt Ist\u00e1n?<\/a><\/li>\n<li><a href=\"#istan+maurische+wurzeln+und+berggeist\">Ist\u00e1n: Maurische Wurzeln und Berggeist<\/a><\/li>\n<li><a href=\"#ihr+aufenthalt+in+istan\">Ihr Aufenthalt in Ist\u00e1n<\/a><\/li>\n<li><a href=\"#alles+wesentliche+im+herzen+von+istan\">Alles Wesentliche im Herzen von Ist\u00e1n<\/a><\/li>\n<li><a href=\"#kultur+und+tradition+in+istan\">Kultur und Tradition in Ist\u00e1n<\/a><\/li>\n<li><a href=\"#mobilitat\">Mobilit\u00e4t<\/a><\/li>\n<li><a href=\"#ein+ort+zum+geniessen\">Ein Ort zum Genie\u00dfen<\/a><\/li><\/ul>\n\n\n\n<h2 class=\"wp-block-heading\"><span class=\"ez-toc-section\" id=\"Wo_liegt_Istan\"><\/span>Wo liegt Ist\u00e1n?<span class=\"ez-toc-section-end\"><\/span><\/h2>\n\n\n\n<p>Ist\u00e1n ist eines der malerischsten wei\u00dfen D\u00f6rfer an der Costa del Sol und tr\u00e4gt den Beinamen <em>\u201eDie Quelle der Costa del Sol\u201c<\/em>, aufgrund der Reinheit seines Wassers und der nat\u00fcrlichen Vielfalt, die es umgibt. Mitten im Naturpark <em>Sierra de las Nieves<\/em>, einem UNESCO-Biosph\u00e4renreservat, gelegen, bietet es eine einzigartige Kulisse aus Bergen, W\u00e4ldern und kristallklaren Fl\u00fcssen \u2013 ein privilegiertes Reiseziel f\u00fcr alle, die Ruhe, Natur und authentischen andalusischen Charme suchen, nur wenige Minuten von Marbella entfernt.<\/p>\n\n\n\n<p>Trotz seiner l\u00e4ndlichen und friedlichen Atmosph\u00e4re liegt Ist\u00e1n strategisch g\u00fcnstig: nur 15 km vom Zentrum Marbellas und wenige Minuten von der Autobahn A-7 entfernt. So erreicht man schnell die K\u00fcste, den Flughafen M\u00e1laga und andere Ziele der Provinz. Damit ist der Ort ideal f\u00fcr alle, die das Beste aus beiden Welten genie\u00dfen m\u00f6chten: die Ruhe der Berge und die Lebendigkeit des Mittelmeers.<\/p>\n\n\n\n<p>Das Dorf erstreckt sich \u00fcber die H\u00e4nge hinunter zum <em>Embalse de la Concepci\u00f3n<\/em> und ins Tal des <em>R\u00edo Verde<\/em> und bietet Besuchern und Bewohnern unvergleichliche Panoramablicke. Enge Gassen, wei\u00df get\u00fcnchte H\u00e4user, historische Brunnen und von Tradition gepr\u00e4gte Ecken machen Ist\u00e1n zu einem wirklich authentischen Ort, mit einem Lebensstil, der von Natur und Gastfreundschaft gepr\u00e4gt ist.<\/p>\n\n\n\n<h4 class=\"wp-block-heading\"><strong>Entfernungen von Ist\u00e1n zu wichtigen Punkten der Costa del Sol:<\/strong><\/h4>\n\n\n\n<ul class=\"wp-block-list\">\n<li>Marbella Zentrum: 15 km \u2013 20 Min. mit dem Auto<\/li>\n\n\n\n<li>Puerto Ban\u00fas: 19 km \u2013 25 Min. mit dem Auto<\/li>\n\n\n\n<li>Goldene Meile: 18 km \u2013 22 Min. mit dem Auto<\/li>\n\n\n\n<li>Nueva Andaluc\u00eda: 18 km \u2013 23 Min. mit dem Auto<\/li>\n\n\n\n<li>San Pedro Alc\u00e1ntara: 22 km \u2013 25 Min. mit dem Auto<\/li>\n\n\n\n<li>Oj\u00e9n: 21 km \u2013 25 Min. mit dem Auto<\/li>\n\n\n\n<li>Flughafen M\u00e1laga: 67 km \u2013 50 Min. mit dem Auto<\/li>\n\n\n\n<li>Gibraltar: 85 km \u2013 1 Std. 10 Min. mit dem Auto<\/li>\n<\/ul>\n\n\n\n<h2 class=\"wp-block-heading\"><span class=\"ez-toc-section\" id=\"Istan_Maurische_Wurzeln_und_Berggeist\"><\/span><strong>Ist\u00e1n: Maurische Wurzeln und Berggeist<\/strong><span class=\"ez-toc-section-end\"><\/span><\/h2>\n\n\n\n<p>Nur 15 Kilometer von Marbella entfernt erhebt sich Ist\u00e1n als echtes andalusisches Wei\u00dfdorf inmitten der Sierra de las Nieves. Gegr\u00fcndet im 15. Jahrhundert als muslimische Festung, bewahrt es noch heute in seinem Stadtgrundriss, in seinen Brunnen und Bew\u00e4sserungskan\u00e4len das andalusische Erbe, das seine Identit\u00e4t gepr\u00e4gt hat. Nach der <em>Reconquista<\/em> ging es in christliche H\u00e4nde \u00fcber, doch sein maurisches Wesen lebt weiter in den engen, wei\u00df get\u00fcnchten Gassen und in Wahrzeichen wie dem <strong>Torre de Escalante<\/strong> und der <strong>Iglesia de San Miguel<\/strong>.<\/p>\n\n\n\n<p>Das Wasser spielte schon immer eine Hauptrolle in der Geschichte des Dorfes. Jahrhunderte lang trieben Quellen die M\u00fchlen an, die das landwirtschaftliche und kommerzielle Leben der Region bestimmten, und machten Ist\u00e1n zu einem wichtigen Knotenpunkt f\u00fcr die Umgebung. Dieses Erbe ist auch heute noch sp\u00fcrbar \u2013 nicht nur in Kultur und Traditionen, sondern auch in der Art, wie die Einwohner ihre Natur wertsch\u00e4tzen.<\/p>\n\n\n\n<p>Heute hat Ist\u00e1n seine Authentizit\u00e4t bewahrt und \u00f6ffnet sich zugleich einem nachhaltigen Tourismus und neuen Wohnprojekten. Es vereint die Ruhe der Berge mit der N\u00e4he zur Dynamik Marbellas und bietet so eine einzigartige Balance zwischen Vergangenheit, Gegenwart und Zukunft.<\/p>\n\n\n\n<h2 class=\"wp-block-heading\"><span class=\"ez-toc-section\" id=\"Ihr_Aufenthalt_in_Istan\"><\/span>Ihr Aufenthalt in Ist\u00e1n<span class=\"ez-toc-section-end\"><\/span><\/h2>\n\n\n\n<p>Ein Besuch in Ist\u00e1n ist wie das Eintreten in einen Ort, an dem die Zeit langsamer vergeht. Zwischen wei\u00df get\u00fcnchten H\u00e4usern, ruhigen Pl\u00e4tzen und endlosen Ausblicken auf die Berge wird jeder Spaziergang zu einem authentischen Erlebnis. Das Pl\u00e4tschern der Brunnen, die Gastfreundschaft der Menschen und die N\u00e4he zur Natur machen dieses Dorf zu einem perfekten Ort, um abzuschalten, loszulassen und das reinste Wesen der Costa del Sol zu entdecken.<\/p>\n\n\n\n<h3 class=\"wp-block-heading\">Die Aromen von Ist\u00e1n: Tradition, Charakter und lokale Essenz<\/h3>\n\n\n\n<p>In Ist\u00e1n geh\u00f6rt die Gastronomie ebenso zur Erfahrung wie seine Landschaften und Wanderwege. Das Wei\u00dfdorf verbirgt Orte, in denen Authentizit\u00e4t sp\u00fcrbar ist und eine K\u00fcche genossen werden kann, die andalusische Wurzeln mit einem Hauch von Moderne verbindet. Zwischen engen Gassen, charmanten Pl\u00e4tzen und Bergblicken findet man einige der besten Adressen, um die lokale Essenz zu erleben.<\/p>\n\n\n\n<h4 class=\"wp-block-heading\"><strong><strong><a href=\"https:\/\/raicesrestaurante.es\/\" target=\"_blank\" rel=\"noopener\">Restaurante Ra\u00edces<\/a><\/strong><\/strong><\/h4>\n\n\n\n<p>Ein Besuch im Ra\u00edces bedeutet, eine gastronomische Erfahrung zu entdecken, die lokale Tradition mit moderner Kreativit\u00e4t verbindet. Mit seiner intimen und gem\u00fctlichen Atmosph\u00e4re ist es ideal f\u00fcr ein romantisches Abendessen oder um nach einem Tag voller Outdoor-Aktivit\u00e4ten neue Energie zu tanken. Die Speisekarte zeichnet sich dadurch aus, die Aromen der Berge kreativ neu zu interpretieren \u2013 ein kulinarisches Erlebnis, das anders ist, aber dennoch dem Charakter des Dorfes treu bleibt.<br><br>Besonders attraktiv ist die Lage: direkt neben dem st\u00e4dtischen Schwimmbad, mit gro\u00dfen Glasfronten und spektakul\u00e4rem Bergblick.<\/p>\n\n\n\n<ul class=\"wp-block-list\">\n<li><strong><a href=\"http:\/\/google.com\/maps?hl=es&amp;gl=es&amp;um=1&amp;ie=UTF-8&amp;fb=1&amp;sa=X&amp;ftid=0xd72d717155da0ad:0x3277f5e88cc21c00\" target=\"_blank\" rel=\"noopener\">ADRESSE<\/a>:<\/strong> Sportanlagen, Camino del Nacimiento s\/n, 29611 Ist\u00e1n<\/li>\n\n\n\n<li><strong>TELEFON:<\/strong> +34 722 79 80 93<\/li>\n\n\n\n<li><strong>\u00d6FFNUNGSZEITEN:<\/strong> Di &amp; Mi 13:00\u201316:00; Do &amp; Fr 13:00\u201316:00 &amp; 20:00\u201323:00; Sa &amp; So 13:00\u201317:00 &amp; 20:00\u201323:00<\/li>\n\n\n\n<li><strong>PREISSPANNE:<\/strong> \u20ac\u20ac \u2013 \u20ac\u20ac\u20ac<\/li>\n<\/ul>\n\n\n\n<h4 class=\"wp-block-heading\"><strong>Restaurante El Bar\u00f3n<\/strong><\/h4>\n\n\n\n<p>Untergebracht in einem alten Haus nahe des Hauptplatzes ist El Bar\u00f3n ein Klassiker in Ist\u00e1n. Die Speisekarte konzentriert sich auf die authentischste andalusische K\u00fcche, mit kr\u00e4ftigen Eint\u00f6pfen, Hausmannskost und Fleischgerichten nach traditioneller Art. Das rustikale, famili\u00e4re Ambiente l\u00e4dt dazu ein, das Essen in Ruhe zu genie\u00dfen \u2013 fast wie am Familientisch.<\/p>\n\n\n\n<ul class=\"wp-block-list\">\n<li><strong><a href=\"https:\/\/www.google.com\/maps\/place\/\/data=!4m2!3m1!1s0xd72d6c5edf2a19b:0x5ae9d2caffb95930?sa=X&amp;ved=1t:8290&amp;ictx=111\" target=\"_blank\" rel=\"noopener\">ADRESSE<\/a>:<\/strong> C. Marbella, 8, 29611 Ist\u00e1n, M\u00e1laga<\/li>\n\n\n\n<li><strong>TELEFON:<\/strong> 637 45 56 27<\/li>\n\n\n\n<li><strong>\u00d6FFNUNGSZEITEN:<\/strong> Di \u2013 So 11:00\u201317:00<\/li>\n\n\n\n<li><strong>PREISSPANNE:<\/strong> \u20ac \u2013 \u20ac\u20ac<\/li>\n<\/ul>\n\n\n\n<h4 class=\"wp-block-heading\"><strong><strong><a href=\"https:\/\/barelcalvario.webador.es\/\" target=\"_blank\" rel=\"noopener\">Bar El Calvario<\/a> <\/strong><\/strong><\/h4>\n\n\n\n<p>El Calvario verk\u00f6rpert die Essenz einer echten Dorfbar: freundlich, schlicht und authentisch. Hier treffen sich Einheimische und Besucher, um Tapas, lokale Weine und lange Gespr\u00e4che in entspannter Atmosph\u00e4re zu genie\u00dfen. Ein Muss, um den Pulsschlag des t\u00e4glichen Lebens in Ist\u00e1n zu sp\u00fcren. Die Speisekarte ist hier ebenfalls einsehbar.<\/p>\n\n\n\n<ul class=\"wp-block-list\">\n<li><strong><a href=\"https:\/\/www.google.com\/maps\/place\/\/data=!4m2!3m1!1s0xd72d74047166f01:0xf2fd1b08c9a35dbc?sa=X&amp;ved=1t:8290&amp;ictx=111\" target=\"_blank\" rel=\"noopener\">ADRESSE<\/a>:<\/strong> Calle Calvario, 32, 29611 Ist\u00e1n<\/li>\n\n\n\n<li><strong>TELEFON:<\/strong> 626 01 81 21<\/li>\n\n\n\n<li><strong>\u00d6FFNUNGSZEITEN:<\/strong> Fr &amp; Sa 10:00\u201323:30; So 10:00\u201323:00 (Herbst\u2013Fr\u00fchjahr So 10:00\u201319:00)<\/li>\n\n\n\n<li><strong>PREISSPANNE:<\/strong> \u20ac \u2013 \u20ac\u20ac<\/li>\n<\/ul>\n\n\n\n<h3 class=\"wp-block-heading\">Hier wird Sport mitten in der Natur gelebt<\/h3>\n\n\n\n<p>Ist\u00e1n ist das ideale Ziel f\u00fcr alle, die einen aktiven Lebensstil inmitten von Bergen und frischer Luft genie\u00dfen m\u00f6chten. Die privilegierte Lage im Nationalpark <em>Sierra de las Nieves<\/em> macht jede Aktivit\u00e4t zu einem besonderen Erlebnis \u2013 sei es beim Sport in den kommunalen Einrichtungen oder beim Wandern auf Wegen, die zu spektakul\u00e4ren Pl\u00e4tzen f\u00fchren.<\/p>\n\n\n\n<h4 class=\"wp-block-heading\"><a href=\"https:\/\/manolosantana.es\/en\/home\/?gad_source=1&amp;gad_campaignid=22471579342&amp;gbraid=0AAAAABjOshuMoo_jTLfQUxcM-zIDM9Fg9&amp;gclid=CjwKCAjwtrXFBhBiEiwAEKen12Oe4UdUpM_QS3soXaXAGqkpZeJyVpoc-lQWJvGTdI2UtCkQdSJUNxoCjyEQAvD_BwE\" target=\"_blank\" rel=\"noopener\">Manolo Santana Racquets Club<\/a><\/h4>\n\n\n\n<p>Der <strong>Manolo Santana Racquets Club<\/strong> ist eines der bekanntesten Sportzentren Marbellas, gegr\u00fcndet von der spanischen Tennislegende, die dem Club seinen Namen verlieh. Mit einer klar internationalen Ausrichtung verbindet er erstklassige Einrichtungen mit einer warmen, famili\u00e4ren Atmosph\u00e4re.<\/p>\n\n\n\n<p>Die Anlage umfasst mehrere Tennispl\u00e4tze aus Sand und Hartbelag, modernste Padelpl\u00e4tze, ein Schwimmbad, ein Fitnessstudio sowie ein umfassendes Aktivit\u00e4tsprogramm f\u00fcr alle Altersgruppen. Au\u00dferdem bietet der Club eine Tennis- und Padel-Akademie mit professionellen Trainern \u2013 ideal sowohl f\u00fcr Anf\u00e4nger als auch f\u00fcr Spieler, die ihre Technik verbessern m\u00f6chten.<\/p>\n\n\n\n<p>Das Clubgel\u00e4nde verf\u00fcgt zudem \u00fcber ein Restaurant mit Terrasse und ist damit der perfekte Treffpunkt, um Sport, Freizeit und Gastronomie in einer einzigartigen Umgebung Marbellas zu vereinen.<\/p>\n\n\n\n<figure class=\"wp-caption aligncenter\">\n<picture><source width=\"1480\" srcset=\"https:\/\/media.inmobalia.com\/imgV1\/B98Le8~d7M9pwOKhCJcJLIfglZOtvyX13f98gUEkry2AXpxxwVVUW6beaB1ZRkIVKNxBR51u39BkZ2QySePdWLcQCD9XnC9JBdzNhrlkLp1nv5UngkgPT9LEFB5MZzCn_flf1OEoGQtnrBIDITyOOHWl9hY7Nzi~aEfmoaM~Btfb50opaLm3rhB67w2~GE1mWhW3BCsLHZYnIH_KftgD__BmVabHO17bG7mS_eJwEuVegY2ZlHJ_DJaMw5785v_cGx227fuuXo0oxfvm6__XQog7JXyJ6bUBUmYDSlKJH_SoAcKm~A1~6DgAsAoZxE5WMo~Hc_7QUSE-.jpg 1480w\" type=\"image\/webp\"><img decoding=\"async\" class=\"img-fluid \" width=\"1480\" src=\"https:\/\/media.inmobalia.com\/imgV1\/B98Le8~d7M9pwOKhH98twCJY8~z6ePCZX6v4ZExqTG6Ml5IQlnJmWZ1hIUTiCGHmY4iCjLqq~9i8dBo3mh4uIAFOnQVczE8S_qHX~fX3v_bLnbRJDCP1ORnIrgL45n9pzf3ku6fcNaiqUMd7kqgPWLX1hyGs~pu2sr4SIu1vTUvocXdF3DCewpKcEawEsgoZx3XsWnm1dk596nSyftKcKilIzIY8UqcGy3k7_2Iuh5hP8_LuyOczwyHfloJe~OXPmKuIlG6EGdJU1aPC~u12Zp9m~AKHPcgjmapT1RIH3stgJj3yh9AkjA--.jpg\"><\/picture>\n<figcaption class=\"wp-caption-text\"><\/figcaption>\n<\/figure>\n\n\n\n<ul class=\"wp-block-list\">\n<li><strong><a href=\"https:\/\/www.google.com\/maps?rlz=1C5CHFA_enES1173ES1173&amp;gs_lcrp=EgZjaHJvbWUyBggAEEUYOTIHCAEQIRigATIHCAIQIRigATIHCAMQIRigAdIBCDUxNzVqMGo3qAIAsAIA&amp;um=1&amp;ie=UTF-8&amp;fb=1&amp;gl=es&amp;sa=X&amp;geocode=KY_W0xDWKXMNMVUrxM9Mi9Ya&amp;daddr=Carr.+Ist%C3%A1n,+km+2,+29602+Marbella,+M%C3%A1laga\" target=\"_blank\" rel=\"noopener\">ADRESSE<\/a>:<\/strong> Ctra. Ist\u00e1n, Km 2, 29602 Marbella, M\u00e1laga<br><strong>TELEFON:<\/strong> +34 952 77 85 80<br><strong>\u00d6FFNUNGSZEITEN:<\/strong> Mo \u2013 Sa 08:00\u201323:00, So 09:00\u201317:00<\/li>\n<\/ul>\n\n\n\n<h4 class=\"wp-block-heading\"><strong><strong>Kommunales Sportzentrum Ist\u00e1n<\/strong><\/strong><\/h4>\n\n\n\n<p>Das kommunale Sportzentrum ist das sportliche Herz des Dorfes. Hier k\u00f6nnen Hallenfu\u00dfball, Basketball, Tennis oder Kampfsportarten ausge\u00fcbt werden. Zudem gibt es ein kleines Fitnessstudio f\u00fcr Kraft- und Cardiotraining. Auch Gemeinschaftsaktivit\u00e4ten wie Batuka-, Karate- oder Full-Contact-Kurse finden hier in einer freundlichen, famili\u00e4ren Atmosph\u00e4re statt.<\/p>\n\n\n\n<figure class=\"wp-caption aligncenter\">\n<picture><source width=\"1480\" srcset=\"https:\/\/media.inmobalia.com\/imgV1\/B98Le8~d7M9pwOKhCJcJLIfglZOtvyX13f98gUEkry2AXpxxwVVUW6beaB1ZRkIVKNxBR51u39BkZ2QySePdWLcQCD9XnC9JBdzNhrlkLp1nv5Ungkg2e3GrYQyoqcP6Bf3Y09CQJf7qaoffLKy35QZzQUtokDZ~xtAIBvVEubN4MujjoZPX0rtP_as7YL~mV2vdUflrXAqd7MES4ItntLgro67vSjSQJsD~UPUXjk8fSazKVQxfTkjBJBUM2nhEy77LeydESSzYygcAZ~LevMQVMtSOpqU9bIN~_iBLRVCH~hTJV6C_AN0LTkBmPDMiEi3iFQr9.jpg 1480w\" type=\"image\/webp\"><img decoding=\"async\" class=\"img-fluid \" width=\"1480\" src=\"https:\/\/media.inmobalia.com\/imgV1\/B98Le8~d7M9pwOKhH98twCJY8~z6ePCZX6v4ZExqTG6Ml5IQlnJmWZ1hIUTiCGHmY4iCjLqq~9i8dBo3mh4uIAFOnQVczHbY_zm6B7uMQkymG4Iv5p9bXIoWY1Ct0cUYTyguBlXnAtHL~2X1LEDmc_phw8iKyMUwBLwL8KKpObyAGY9TXzbogwB6XAziYIl5z6ETQ1tPcr5QVNiYrPqFA~vVGzVq3IESJkijqupPkBlUoiShJ4N9E6pMmONDbBK2rhyi3ZkI6drPe1bf5uYYlfnSt238HfM0X~n4WTKoakHwRwXUtOM-.jpg\"><\/picture>\n<figcaption class=\"wp-caption-text\"><\/figcaption>\n<\/figure>\n\n\n\n<ul class=\"wp-block-list\">\n<li><strong><strong><a href=\"https:\/\/www.google.com\/maps\/place\/Instalaciones+Deportivas+Municipales+Ayto+Ist%C3%A1n\/@36.5798545,-4.9560296,15z\/data=!4m10!1m2!2m1!1sPolideportivo+Municipal+de+Ist%C3%A1n!3m6!1s0xd72d6dad5882a29:0xe2174820a17c741d!8m2!3d36.5799256!4d-4.9452684!15sCiFQb2xpZGVwb3J0aXZvIE11bmljaXBhbCBkZSBJc3TDoW6SAQ5zcG9ydHNfY29tcGxleKoBaBABKhsiF3BvbGlkZXBvcnRpdm8gbXVuaWNpcGFsKA4yIBABIhwYQB9kd9t5VsewpFuwPAY1ASARCbnzz0KeEekhMiUQAiIhcG9saWRlcG9ydGl2byBtdW5pY2lwYWwgZGUgaXN0w6Fu4AEA!16s%2Fg%2F11j4t7mw2d?entry=ttu&amp;g_ep=EgoyMDI1MDgxOS4wIKXMDSoASAFQAw%3D%3D\" target=\"_blank\" rel=\"noopener\">ADRESSE<\/a>:<\/strong> Av. Juan Carlos I, 3, 29611 Ist\u00e1n<\/strong><\/li>\n\n\n\n<li><strong><strong>TELEFON:<\/strong> +34 952 86 97 40<\/strong><\/li>\n\n\n\n<li><strong><strong>\u00d6FFNUNGSZEITEN:<\/strong> Mo \u2013 Fr 16:00\u201322:00<\/strong><\/li>\n<\/ul>\n\n\n\n<h4 class=\"wp-block-heading\"><strong><strong>Kommunales Schwimmbad<\/strong><\/strong><\/h4>\n\n\n\n<p>Im Sommer ist das kommunale Schwimmbad ein beliebter Treffpunkt \u2013 sowohl zum Schwimmen als auch zum Entspannen mit der Familie. Es ist gepflegt, leicht zug\u00e4nglich und ideal, um sich nach einer Wanderung zu erfrischen oder einfach die Sonne in ruhiger Atmosph\u00e4re zu genie\u00dfen \u2013 und das zu sehr erschwinglichen Preisen.<\/p>\n\n\n\n<ul class=\"wp-block-list\">\n<li><strong><a href=\"https:\/\/www.google.com\/maps\/place\/Piscina+Municipal+Istan\/@36.5798545,-4.9560296,15z\/data=!4m10!1m2!2m1!1sPolideportivo+Municipal+de+Ist%C3%A1n!3m6!1s0xd72d6dad507a759:0x21f8ec41933389aa!8m2!3d36.5797843!4d-4.9461913!15sCiFQb2xpZGVwb3J0aXZvIE11bmljaXBhbCBkZSBJc3TDoW5aIyIhcG9saWRlcG9ydGl2byBtdW5pY2lwYWwgZGUgaXN0w6FukgENc3dpbW1pbmdfcG9vbJoBI0NoWkRTVWhOTUc5blMwVkpRMEZuU1VSMWJHWk1TV0ozRUFFqgFoEAEqGyIXcG9saWRlcG9ydGl2byBtdW5pY2lwYWwoDjIgEAEiHBhAH2R323lWx7CkW7A8BjUBIBEJufPPQp4R6SEyJRACIiFwb2xpZGVwb3J0aXZvIG11bmljaXBhbCBkZSBpc3TDoW7gAQD6AQUIvQEQQA!16s%2Fg%2F11c1n6c2fh?entry=ttu&amp;g_ep=EgoyMDI1MDgxOS4wIKXMDSoASAFQAw%3D%3D\" target=\"_blank\" rel=\"noopener\">ADRESSE<\/a>:<\/strong> C. Calvario, 161, 29611 Ist\u00e1n<\/li>\n\n\n\n<li><strong>SOMMERZEITEN:<\/strong> Mo \u2013 Fr 10:00\u201313:00 &amp; 16:00\u201322:00; Sa 10:00\u201313:00 &amp; 16:00\u201319:00; So geschlossen<\/li>\n<\/ul>\n\n\n\n<h4 class=\"wp-block-heading\"><strong>Kostenlose F\u00fchrungen \u2013 Tourismusb\u00fcro<\/strong><\/h4>\n\n\n\n<p>Das <strong>Fremdenverkehrsb\u00fcro von Ist\u00e1n<\/strong> organisiert kostenlose F\u00fchrungen, die das nat\u00fcrliche und kulturelle Erbe des Dorfes zeigen. Zu den H\u00f6hepunkten z\u00e4hlen die Route der maurischen Bew\u00e4sserungskan\u00e4le, das Gebiet <em>El Coto<\/em> und das <strong>Wassermuseum<\/strong> \u2013 allesamt Erlebnisse, die den Besuchern Geschichte und Umweltreichtum von Ist\u00e1n n\u00e4herbringen.<\/p>\n\n\n\n<ul class=\"wp-block-list\">\n<li><strong><a href=\"http:\/\/google.com\/maps?rlz=1C5CHFA_enES1173ES1173&amp;gs_lcrp=EgZjaHJvbWUyCggAEEUYFhgeGDkyCggBEAAYgAQYogQyCggCEAAYgAQYogQyCggDEAAYgAQYogQyBwgEEAAY7wUyBggFEEUYPNIBCDQ0NjVqMGo3qAIAsAIA&amp;um=1&amp;ie=UTF-8&amp;fb=1&amp;gl=es&amp;sa=X&amp;geocode=KfVOFZbF1nINMVypDMIZR-mw&amp;daddr=C.+Marbella,+33,+29611+Ist\u00e1n,+M\u00e1laga\" target=\"_blank\" rel=\"noopener\">ADRESSE<\/a>:<\/strong> Calle Marbella, Eingang des Dorfes<\/li>\n\n\n\n<li><strong>TELEFON:<\/strong> +34 952 86 96 03 \/ +34 952 86 97 53<\/li>\n\n\n\n<li><strong>EMAIL:<\/strong> <a>turismo@istan.es<\/a><\/li>\n<\/ul>\n\n\n\n<h4 class=\"wp-block-heading\">Unverzichtbare Wanderrouten<\/h4>\n\n\n\n<h5 class=\"wp-block-heading\"><strong>PR-A-280 Ist\u00e1n \u2013 Charco del Canal\u00f3n<\/strong><\/h5>\n\n\n\n<p>Ein sehr beliebter Wanderweg, der zu einem der sch\u00f6nsten Orte der Gemeinde f\u00fchrt \u2013 mit Naturpools und Wasserf\u00e4llen, die sich perfekt f\u00fcr ein Bad im Sommer eignen.<br><strong>SCHWIERIGKEIT: Mittel<\/strong><\/p>\n\n\n\n<h5 class=\"wp-block-heading\"><strong>Vado de Bornoque \u2013 Charco del Canal\u00f3n<\/strong><\/h5>\n\n\n\n<p>Ein Rundweg von 5,8\u20136,2 km, der Wege, Pfade und Flussbett kombiniert, mit tiefen Becken und spektakul\u00e4rer Umgebung.<br><strong>SCHWIERIGKEIT: Mittel<\/strong><\/p>\n\n\n\n<h5 class=\"wp-block-heading\"><strong>R\u00edo Verde Route (semi-aquatic variant)<\/strong><\/h5>\n\n\n\n<p>Ein Abstieg entlang des Flusses mit Abschnitten direkt im Wasser \u2013 ideal an hei\u00dfen Tagen. Mit Vorsicht auch f\u00fcr Familien geeignet.<br><strong>SCHWIERIGKEIT: Mittel<\/strong><\/p>\n\n\n\n<h5 class=\"wp-block-heading\"><strong>Pico La Concha from Ist\u00e1n<\/strong><\/h5>\n\n\n\n<p>Ein anspruchsvoller Aufstieg zu den markanten Gipfeln der Sierra Blanca \u2013 mit einzigartigen Panoramablicken auf K\u00fcste und Berge.<br><strong>SCHWIERIGKEIT: Hoch<\/strong><\/p>\n\n\n\n<h5 class=\"wp-block-heading\"><strong>Ist\u00e1n \u2013 Puerto de los Barrancones Route<\/strong><\/h5>\n\n\n\n<p>Ein 8,5 km langer Rundweg, der am Sportzentrum beginnt und durch Korkeichenw\u00e4lder sowie die Natur des R\u00edo Verde-Tals f\u00fchrt.<br><strong>SCHWIERIGKEIT: Mittel<\/strong><\/p>\n\n\n\n<p>Neben individuellen Wanderungen gibt es Unternehmen, die gef\u00fchrte Touren auf diesen Routen organisieren \u2013 mit mehr Sicherheit und kulturellen wie naturkundlichen Erkl\u00e4rungen. Eine besonders empfohlene M\u00f6glichkeit ist die Buchung \u00fcber Plattformen wie <strong><a href=\"https:\/\/www.tiqets.com\/es\/atracciones-istan-c169579\/entradas-para-tour-de-senderismo-por-istan-p1007145\/?selected_variant_language=eng\" target=\"_blank\" rel=\"noopener\">Tiqets<\/a><\/strong>, die gef\u00fchrte Wandertouren in Ist\u00e1n mit erfahrenen Guides anbieten.<\/p>\n\n\n\n<h2 class=\"wp-block-heading\"><span class=\"ez-toc-section\" id=\"Alles_Wesentliche_im_Herzen_von_Istan\"><\/span>Alles Wesentliche im Herzen von Ist\u00e1n<span class=\"ez-toc-section-end\"><\/span><\/h2>\n\n\n\n<p>So klein und naturverbunden Ist\u00e1n auch ist \u2013 das Dorf bietet alles, was man f\u00fcr den Alltag braucht, ohne seinen Charakter als wei\u00dfes Dorf zu verlieren. In den Stra\u00dfen finden Sie eine verl\u00e4ssliche Apotheke, einen lokalen Supermarkt und ein Gesundheitszentrum, das sowohl Bewohnern als auch Besuchern eine pers\u00f6nliche und aufmerksame Betreuung bietet.<\/p>\n\n\n\n<p>Ist\u00e1n beweist, dass man auf Komfort nicht verzichten muss, um inmitten der Natur zu leben. Hier ist alles Wesentliche stets in Reichweite \u2013 erg\u00e4nzt durch die N\u00e4he und Gastfreundschaft seiner Menschen.<\/p>\n\n\n\n<figure class=\"wp-caption aligncenter\">\n<picture><source width=\"1480\" srcset=\"https:\/\/media.inmobalia.com\/imgV1\/B98Le8~d7M9pwOKhCJcJLIfglZOtvyX13f98gUEkry2AXpxxwVVUW6beaB1ZRkIVKNxBR51u39BkZ2QySePdWLcQCD9XnC9JBdzNhrlkLp1nv5Ungk7yhQCYjDyRmPmDt621UyRguuqQFxyMSTy7EUwFfVHyIfl2NIacjktqau6ltQJcCIQiMbr88YfsL84V7WRv1xG_ilfo5MttcNlmal1JrMX1F1twIUjro_HYXQPr0rwSRUKPzMcQbbOlFHzzvVcEYUkZ6fMPhwT_XfIcBEtj4ilpcZ_uQJ5keWvUNJ42T8xuODYYdho_epsZ4BAP2Xkc0eToEWg-.jpg 1480w\" type=\"image\/webp\"><img decoding=\"async\" class=\"img-fluid \" width=\"1480\" src=\"https:\/\/media.inmobalia.com\/imgV1\/B98Le8~d7M9pwOKhH98twCJY8~z6ePCZX6v4ZExqTG6Ml5IQlnJmWZ1hIUTiCGHmY4iCjLqq~9i8dBo3mh4uIAFOnQVcymrsMTaxfRkBcg1PAjp5bTl4CP~SO_Bz3X9oKynApk4viraC9wCJqfl5R8c07_1gHR_lvsl8C4tY5NZWWvajL2ghYDFIpCqQdrSQ_DSrptoBCXsGdhdOpTFTublSpF44Pg_~FN3U0RCHCrA5_bB7QTnGDZBTkjiRpbGmA_apCeaierP4VRwK8iV5KAjfErIq6vv4l_902Kkjov64Mk_b7JbBlw--.jpg\"><\/picture>\n<figcaption class=\"wp-caption-text\"><\/figcaption>\n<\/figure>\n\n\n\n<h4 class=\"wp-block-heading\"><strong>Supermercado San Miguel<\/strong><\/h4>\n\n\n\n<p>Der kleine, aber gut sortierte Dorfsupermarkt \u2013 ideal, um sich mit frischen Produkten und Grundnahrungsmitteln w\u00e4hrend des Aufenthalts einzudecken. Dank seiner zentralen Lage ist er praktisch und bequem f\u00fcr Eink\u00e4ufe aller Art.<\/p>\n\n\n\n<ul class=\"wp-block-list\">\n<li><a href=\"https:\/\/www.google.com\/maps\/place\/Supermercado+San+Miguel\/@36.8703651,-8.6653287,7z\/data=!4m10!1m2!2m1!1sSupermercado+San+Miguel!3m6!1s0xd72d7000b719715:0xebac2d992f273236!8m2!3d36.5821327!4d-4.9492704!15sChdTdXBlcm1lcmNhZG8gU2FuIE1pZ3VlbJIBDWdyb2Nlcnlfc3RvcmWqAUAQATIfEAEiGy9wnjhCfHYwrQ-qq7LgQ4KLvlbWsU9mZlGZBjIbEAIiF3N1cGVybWVyY2FkbyBzYW4gbWlndWVs4AEA!16s%2Fg%2F11w7kvlbg6?entry=ttu&amp;g_ep=EgoyMDI1MDgxOS4wIKXMDSoASAFQAw%3D%3D\" target=\"_blank\" rel=\"noopener\">ADRESSE:<\/a><strong>:<\/strong> C\/ Chorro, 25, 29611 Ist\u00e1n<\/li>\n<\/ul>\n\n\n\n<h4 class=\"wp-block-heading\"><strong>Farmacia Fernando Andr\u00e9s Garc\u00eda Dom\u00ednguez<\/strong><\/h4>\n\n\n\n<p>Die \u00f6rtliche Apotheke von Ist\u00e1n bietet eine pers\u00f6nliche und verl\u00e4ssliche Betreuung \u2013 sowohl f\u00fcr Einwohner als auch f\u00fcr Besucher. Der zentrale Standort macht sie zum wichtigsten Anlaufpunkt f\u00fcr alle Gesundheitsfragen.<\/p>\n\n\n\n<ul class=\"wp-block-list\">\n<li><strong><a href=\"https:\/\/www.google.com\/maps\/place\/FARMACIA+Ist%C3%A1n+-+Julia+del+Pozo+Plaschka\/@36.8119681,-8.6655112,7z\/data=!4m10!1m2!2m1!1sFarmacia+Fernando+Andr%C3%A9s+Garc%C3%ADa+Dom%C3%ADnguez!3m6!1s0xd72d6cf781fce15:0x5007900dc23154d4!8m2!3d36.5834774!4d-4.9483974!15sCixGYXJtYWNpYSBGZXJuYW5kbyBBbmRyw6lzIEdhcmPDrWEgRG9tw61uZ3VlepIBCHBoYXJtYWN5qgGIARABKjAiLGZhcm1hY2lhIGZlcm5hbmRvIGFuZHLDqXMgZ2FyY8OtYSBkb23DrW5ndWV6KA4yIBABIhzYxFqC-BWqEjHRGtAF3PtfBXhmmCJRKZzUG8WYMjAQAiIsZmFybWFjaWEgZmVybmFuZG8gYW5kcsOpcyBnYXJjw61hIGRvbcOtbmd1ZXrgAQA!16s%2Fg%2F11y6yn136?entry=ttu&amp;g_ep=EgoyMDI1MDgxOS4wIKXMDSoASAFQAw%3D%3D\" target=\"_blank\" rel=\"noopener\">ADDRESS<\/a>:<\/strong> C\/ Azufaifo, 21, 29611 Ist\u00e1n<\/li>\n\n\n\n<li><strong>PHONE:<\/strong> +34 952 86 98 78<\/li>\n\n\n\n<li><strong>HOURS:<\/strong> Mon \u2013 Sat 09:30\u201313:30 &amp; 18:30\u201320:30<\/li>\n<\/ul>\n\n\n\n<h4 class=\"wp-block-heading\"><strong>Ist\u00e1n Medical Center<\/strong><\/h4>\n\n\n\n<p>Das kommunale Gesundheitszentrum garantiert eine Grundversorgung durch den Andalusischen Gesundheitsdienst. Neben regul\u00e4ren Terminen stehen auch ein Notfalldienst sowie die Online-Buchung von Terminen \u00fcber die App <em>Salud Andaluc\u00eda<\/em> oder die Plattform <em><a href=\"https:\/\/www.sspa.juntadeandalucia.es\/servicioandaluzdesalud\/clicsalud\/\" target=\"_blank\" rel=\"noopener\">ClicSalud+<\/a><\/em> zur Verf\u00fcgung.<\/p>\n\n\n\n<ul class=\"wp-block-list\">\n<li><a href=\"https:\/\/www.google.com\/maps\/place\/Centro+de+Salud\/@36.5833525,-4.9586562,15z\/data=!4m10!1m2!2m1!1sConsultorio+Local+de+Ist%C3%A1n!3m6!1s0xd72d6cf76e23155:0xa880bdc3605e135e!8m2!3d36.5833604!4d-4.9484135!15sChtDb25zdWx0b3JpbyBMb2NhbCBkZSBJc3TDoW6SARVwdWJsaWNfbWVkaWNhbF9jZW50ZXKqAVwQASoVIhFjb25zdWx0b3JpbyBsb2NhbCgOMiAQASIckM8W0kLEid6n8Vd8HL8lU5KV3FukVp3JiioozjIfEAIiG2NvbnN1bHRvcmlvIGxvY2FsIGRlIGlzdMOhbuABAA!16s%2Fg%2F11c616020y?entry=ttu&amp;g_ep=EgoyMDI1MDgxOS4wIKXMDSoASAFQAw%3D%3D\" target=\"_blank\" rel=\"noopener\">ADRESSE <\/a><strong>:<\/strong> C\/ Azufaifo, 12, 29611 Ist\u00e1n<\/li>\n\n\n\n<li><strong>PHONE:<\/strong> 951 27 06 82 | <strong>Emergencies:<\/strong> 951 03 14 37<\/li>\n<\/ul>\n\n\n\n<h2 class=\"wp-block-heading\"><span class=\"ez-toc-section\" id=\"Kultur_und_Tradition_in_Istan\"><\/span>Kultur und Tradition in Ist\u00e1n<span class=\"ez-toc-section-end\"><\/span><\/h2>\n\n\n\n<p>In Ist\u00e1n verschmelzen Tradition und Alltag nahtlos miteinander. Das Dorf bewahrt die Spuren seiner andalusischen Vergangenheit in Architektur und Stra\u00dfenbild, w\u00e4hrend Feste, Monumente und Br\u00e4uche die Essenz einer Gemeinschaft ausdr\u00fccken, die ihre Wurzeln \u00fcber Jahrhunderte hinweg lebendig gehalten hat.<\/p>\n\n\n\n<h4 class=\"wp-block-heading\"><strong>Sehensw\u00fcrdigkeiten und Wahrzeichen<\/strong><\/h4>\n\n\n\n<p>Das \u00e4lteste Bauwerk ist der <strong>Torre de Escalante<\/strong> aus dem 16. Jahrhundert, der an die Verteidigungsfunktion des Dorfes erinnert. Ein weiteres bedeutendes Wahrzeichen ist die <strong>Iglesia de San Miguel<\/strong>, die wichtigste Kirche des Ortes, im historischen Zentrum gelegen und umgeben von wei\u00df get\u00fcnchten H\u00e4usern mit blumengeschm\u00fcckten Balkonen. Ein Spaziergang durch die Calle San Miguel oder \u00fcber die zentralen Pl\u00e4tze ist wie eine Zeitreise, bei der man die maurischen Einfl\u00fcsse noch heute sp\u00fcrt.<\/p>\n\n\n\n<p>Am Ortsrand wird die Natur selbst zum Kulturerbe: Das <strong>Tal des R\u00edo Verde<\/strong>, seine Quellen und Brunnen, das <strong>Embalse de la Concepci\u00f3n<\/strong> sowie zahlreiche Aussichtspunkte bieten Postkartenmotive mit Blick auf Berge und Meer.<\/p>\n\n\n\n<figure class=\"wp-caption aligncenter\">\n<picture><source width=\"1480\" srcset=\"https:\/\/media.inmobalia.com\/imgV1\/B98Le8~d7M9pwOKhCJcJLIfglZOtvyX13f98gUEkry2AXpxxwVVUW6beaB1ZRkIVKNxBR51u39BkZ2QySePdWLcQCD9XnC9JBdzNhrlkLp1nv5UngktoBTv6BOHSwBY7YJSI73npTzM6eHqmmzwSOEhdSdYhYfHISDP0p1319vFTgRH1ddonMXJhIvSX0EMpJt4Kpix2hfw~5o3yVTug5iXb_kWmwizQ1jBfZ3Q~4PGzzkBc0SpmgwUcUhOEJYNEdKowPpzw2E3nbT43byyXMmncbo~LsZ46pSbE0MiO1xVu~xBiC0ar5CjZ1t47o94ROzFpOOgQK0U-.jpg 1480w\" type=\"image\/webp\"><img decoding=\"async\" class=\"img-fluid \" width=\"1480\" src=\"https:\/\/media.inmobalia.com\/imgV1\/B98Le8~d7M9pwOKhH98twCJY8~z6ePCZX6v4ZExqTG6Ml5IQlnJmWZ1hIUTiCGHmY4iCjLqq~9i8dBo3mh4uIAFOnQVcz5C8Im0MGLXphiI1pK70RRT3LpkZFKobghomSZmlwafWTkzEHSeJ8_hc~8WD3uHN9fSPyPEAytscICcrboYdvOUl~FLEXKVHc3ARg1swsJWOC8~~B3Elj4jA2568o4rW6XS05Rj8Se2EMjWuFa0vboX4RCMp26DwWu9~~dfPFE1pgkjB2iNKr8694MsobXim4H3_LVq_kyopISUeX39bd~OAaA--.jpg\"><\/picture>\n<figcaption class=\"wp-caption-text\"><\/figcaption>\n<\/figure>\n\n\n\n<h4 class=\"wp-block-heading\"><strong>Lebendige Kultur<\/strong><\/h4>\n\n\n\n<p>Wasser war schon immer die treibende Kraft Ist\u00e1ns, und seine Bedeutung spiegelt sich im <strong>Wasser-Interpretationszentrum<\/strong> wider \u2013 einem Museum, das diese lebenswichtige Ressource und die Geschichte der M\u00fchlen hervorhebt, die einst die lokale Wirtschaft trugen. Ende des 19. Jahrhunderts gab es im Dorf fast zwanzig Wasserm\u00fchlen, in denen Weizen und Mais gemahlen wurden \u2013 ein Erbe, das bis heute als Teil der kollektiven Identit\u00e4t in Erinnerung bleibt.<\/p>\n\n\n\n<p>Der <strong>Festkalender von Ist\u00e1n<\/strong> ist eine seiner gr\u00f6\u00dften Attraktionen. Zu den H\u00f6hepunkten z\u00e4hlen die <strong>Gastronomische Messe<\/strong>, die jeden Fr\u00fchling typische lokale Gerichte pr\u00e4sentiert, der <strong>Tag der Orange<\/strong>, an dem frischer Saft und Maisbrot mit allen geteilt werden, sowie die <strong>Tapas-Route<\/strong> und der <strong>Karneval<\/strong>, die dem Dorf Farbe und Geschmack verleihen. W\u00e4hrend der Karwoche findet au\u00dferdem <strong>El Paso<\/strong> statt \u2013 eine einzigartige Volksdarstellung aus dem 17. Jahrhundert, die aufgrund ihrer Originalit\u00e4t und tiefen lokalen Verwurzelung als Fest von nationalem touristischem Interesse anerkannt ist.<\/p>\n\n\n\n<p>Weitere wichtige Feierlichkeiten sind die <strong>Romer\u00eda de San Miguel<\/strong>, die religi\u00f6se Tradition mit Gemeinschaftsgeist verbindet, die <strong>Feria de Ist\u00e1n<\/strong>, die das Dorf mit Musik, Fahrgesch\u00e4ften und Festlichkeiten erf\u00fcllt, sowie <strong>Flamenco- und Rockfestivals<\/strong>, die die kulturelle Vielfalt dieses kleinen Bergdorfes widerspiegeln.<\/p>\n\n\n\n<h2 class=\"wp-block-heading\"><span class=\"ez-toc-section\" id=\"Mobilitaet\"><\/span>Mobilit\u00e4t<span class=\"ez-toc-section-end\"><\/span><\/h2>\n\n\n\n<p>Die Fortbewegung von Ist\u00e1n aus ist mit dem Auto einfach, da das Dorf direkt mit der Landstra\u00dfe <strong>A-7176<\/strong> verbunden ist, die nach Marbella f\u00fchrt. Von dort aus erreicht man in wenigen Minuten das Zentrum von Marbella, <strong>Puerto Ban\u00fas<\/strong> oder die Autobahn <strong>A-7<\/strong>, um den Rest der Costa del Sol zu erkunden.<br><\/p>\n\n\n\n<figure class=\"wp-caption aligncenter\">\n<picture><source width=\"1480\" srcset=\"https:\/\/media.inmobalia.com\/imgV1\/B98Le8~d7M9pwOKhCJcJLIfglZOtvyX13f98gUEkry2AXpxxwVVUW6beaB1ZRkIVKNxBR51u39BkZ2QySePdWLcQCD9XnC9JBdzNhrlkLp1nv5Ungk70tBBHiXl~kaWmWG5snFYTQbx8kpKe~Y2lhh3FD5VrVHgAjWnzm~Vkz2_aqG1br4mf79nQ3KbTzLY36BoMpQ9CfGmjhIx13jxsmynzw~ecd7r88C0UUboARzhOouWPDXMvrRLqkYRFe8LoCdNwh3GQdJGKbBESKHtrXnM~tmmNweJS0dd547YDK4D7SlDSVJQbD4zULM8n6tARgRKAwA_lY3s-.jpg 1480w\" type=\"image\/webp\"><img decoding=\"async\" class=\"img-fluid \" width=\"1480\" src=\"https:\/\/media.inmobalia.com\/imgV1\/B98Le8~d7M9pwOKhH98twCJY8~z6ePCZX6v4ZExqTG6Ml5IQlnJmWZ1hIUTiCGHmY4iCjLqq~9i8dBo3mh4uIAFOnQVcymwlOV8L26arHCftx70NqlMqlH5Ue6R7JP~wPwH6aoZpxOH22Sz9TB~grPnSk_tw0GcNy0AED_hGkb560e9CROVdRBkC~gz3_R~g10EKIrNojjPSqmnauiIzYmu4n3JybBm~YPvlnfJlYU1PW5EHQ1zIzx8P9K8oMwV25HTPNhX8D0rTiUzy2unCaXuGucU9f_gqEvVhlVsI8Zlu1NC4RDibEg--.jpg\"><\/picture>\n<figcaption class=\"wp-caption-text\"><\/figcaption>\n<\/figure>\n\n\n\n<h4 class=\"wp-block-heading\"><strong>Nahegelegene Tankstellen<\/strong><\/h4>\n\n\n\n<p>In Ist\u00e1n selbst gibt es keine Tankstellen, aber die n\u00e4chsten befinden sich etwa 15\u201320 Minuten entfernt im Norden von Marbella (an der A-7), wo <strong>Repsol<\/strong>- und <strong>Cepsa<\/strong>-Stationen t\u00e4glich ge\u00f6ffnet sind und vollst\u00e4ndigen Kraftstoff- und Shop-Service anbieten.<\/p>\n\n\n\n<h4 class=\"wp-block-heading\"><strong>Busse<\/strong><\/h4>\n\n\n\n<p>Ein regelm\u00e4\u00dfiger <strong>Busservice<\/strong> verbindet Ist\u00e1n mit Marbella. Die Fahrt ist komfortabel und bietet eine g\u00fcnstige Alternative, um zwischen den beiden Orten zu reisen.<\/p>\n\n\n\n<h4 class=\"wp-block-heading\"><strong>Taxis und privater Transport<\/strong><\/h4>\n\n\n\n<p>In Ist\u00e1n k\u00f6nnen Taxis bestellt werden, doch oft ist es praktischer, ein Taxi aus Marbella zu rufen oder Dienste wie diese zu nutzen:<\/p>\n\n\n\n<ul class=\"wp-block-list\">\n<li><strong><a href=\"https:\/\/www.uber.com\/es\/en\/ride\/?ad_id=623050559222&amp;adg_id=148286515864&amp;campaign_id=18388070762&amp;cre=623050559222&amp;dev=c&amp;dev_m=&amp;fi_id=&amp;gad_source=1&amp;gclid=CjwKCAjwnOipBhBQEiwACyGLuhwLin2fKKxMza4DmfP0rFH54wHydpVO0DLFwL6tzuHwWATqZsuLsRoCNDgQAvD_BwE&amp;gclsrc=aw.ds&amp;kw=uber&amp;kwid=kwd-12633382&amp;match=b&amp;net=g&amp;placement=&amp;tar=&amp;utm_campaign=CM2215725-search-google-brand_162_-99_ES-National_r_web_acq_cpc_es_T1_Generic_BM_uber_kwd-12633382_623050559222_148286515864_b_c&amp;utm_source=AdWords_Brand\" target=\"_blank\" rel=\"noreferrer noopener\">Uber<\/a><\/strong>: Wir haben bereits \u00fcber Uber Eats gesprochen, um Ihr Essen nach Hause zu liefern. Das Unternehmen Uber bietet auch einen ausgezeichneten Transportdienst, mit dem Sie sich in&nbsp;<strong>Marbella Este<\/strong>&nbsp;und anderen Gebieten von Marbella fortbewegen k\u00f6nnen. Wie? Ganz einfach, Sie m\u00fcssen nur ein Uber bestellen, indem Sie die App herunterladen, die sowohl f\u00fcr&nbsp;<a href=\"https:\/\/play.google.com\/store\/apps\/details?id=com.ubercab&amp;hl=es_419&amp;gl=US\" target=\"_blank\" rel=\"noreferrer noopener\">Android<\/a>&nbsp;als auch f\u00fcr&nbsp;<a href=\"https:\/\/apps.apple.com\/es\/app\/uber-viajes-asequibles\/id368677368\" target=\"_blank\" rel=\"noreferrer noopener\">iOS<\/a>&nbsp;verf\u00fcgbar ist.<\/li>\n\n\n\n<li><strong><a href=\"https:\/\/bolt.eu\/en-es\/?utm_source=googleadwords_int&amp;utm_medium=cpc&amp;utm_campaign=es_brand_search&amp;utm_source=google&amp;utm_medium=ads&amp;utm_campaign=14577844312&amp;gclid=CjwKCAjwnOipBhBQEiwACyGLumgVFHdc68Dqi6PTvJLXCR_r40NOtyqqM3AwCJW6b7aLzzQDCVuAPhoC9XsQAvD_BwE\" target=\"_blank\" rel=\"noreferrer noopener\">Bolt<\/a><\/strong>: Fr\u00fcher als Taxify bekannt, ist es eine Plattform, die Uber sehr \u00e4hnlich ist. Laden Sie einfach die App herunter, die f\u00fcr alle Betriebssysteme verf\u00fcgbar ist:&nbsp;<a href=\"https:\/\/play.google.com\/store\/apps\/details?id=ee.mtakso.client&amp;hl=es_419&amp;gl=US\" target=\"_blank\" rel=\"noreferrer noopener\">Android<\/a>&nbsp;und&nbsp;<a href=\"https:\/\/apps.apple.com\/es\/app\/bolt-solicita-viajes-24-7\/id675033630\" target=\"_blank\" rel=\"noreferrer noopener\">iOS<\/a>, und bewegen Sie sich von&nbsp;<strong>Costabella<\/strong>&nbsp;aus.<\/li>\n\n\n\n<li><strong><a href=\"https:\/\/cabify.com\/es\" target=\"_blank\" rel=\"noreferrer noopener\">Cabify<\/a><\/strong>: Dieses spanische Unternehmen hat nach und nach an Popularit\u00e4t gewonnen. Wie funktioniert es? Genau wie die beiden vorherigen, laden Sie die App herunter und bestellen Sie ein Cabify, so einfach ist das!:&nbsp;<a href=\"https:\/\/play.google.com\/store\/apps\/details?id=com.cabify.rider&amp;hl=es&amp;gl=US\" target=\"_blank\" rel=\"noreferrer noopener\">Google Play<\/a>&nbsp;und&nbsp;<a href=\"https:\/\/apps.apple.com\/es\/app\/cabify\/id476087442\" target=\"_blank\" rel=\"noreferrer noopener\">Apple Store<\/a>.<\/li>\n<\/ul>\n\n\n\n<h4 class=\"wp-block-heading\"><strong>Mietwagen<\/strong><\/h4>\n\n\n\n<p>Wenn Sie ohne eigenes Fahrzeug nach Ist\u00e1n reisen und die Costa del Sol in Ihrem eigenen Tempo erkunden m\u00f6chten, ist die <strong>Mietwagen-Option<\/strong> ideal. So genie\u00dfen Sie v\u00f6llige Freiheit \u2013 nicht nur zwischen Ist\u00e1n und Marbella (nur 15 Minuten entfernt), sondern auch zu Zielen wie der <strong>Goldenen Meile<\/strong>, <strong>Puerto Ban\u00fas<\/strong>, <strong>San Pedro Alc\u00e1ntara<\/strong>, <strong>Mijas<\/strong> oder <strong>Benahav\u00eds<\/strong>.<\/p>\n\n\n\n<ul class=\"wp-block-list\">\n<li><strong><a href=\"https:\/\/www.goldcar.es\/de\/\" target=\"_blank\" rel=\"noreferrer noopener\">Goldcar<\/a><\/strong>&nbsp;(918 341 400): Bekannt f\u00fcr ihre erschwinglichen Preise ist Goldcar eine beliebte Option f\u00fcr Touristen, die ein Auto mieten m\u00f6chten, ohne zu viel auszugeben. Sie bieten eine breite Palette von Automodellen, von Kompaktwagen, die ideal f\u00fcr die Stadt sind, bis hin zu gr\u00f6\u00dferen Fahrzeugen f\u00fcr Familien oder Gruppen. Sie sind auch eine h\u00e4ufige Wahl f\u00fcr diejenigen, die ihren Urlaub an der Costa del Sol verbringen. Eine ihrer Niederlassungen&nbsp;<a href=\"https:\/\/www.google.com\/maps\/place\/Goldcar+Malaga+Airport\/@36.5909725,-5.0085478,10z\/data=!4m20!1m13!4m12!1m4!2m2!1d-4.8910806!2d36.5103971!4e1!1m6!1m2!1s0xd72fa3d9e7990e5:0x5798a16bbb994fff!2sgoldacr+aeropouetrot+de+malaga!2m2!1d-4.4888756!2d36.6755064!3m5!1s0xd72fa3d9e7990e5:0x5798a16bbb994fff!8m2!3d36.6755064!4d-4.4888756!16s%2Fg%2F1tdb1130?entry=ttu\" target=\"_blank\" rel=\"noreferrer noopener\">befindet sich am Flughafen Malaga<\/a>&nbsp;(Av. del Comandante Garc\u00eda Morato, 48, 29004 M\u00e1laga) und bietet ihre Dienste von Montag bis Sonntag von 07:00 bis 23:01 Uhr an. Eine weitere&nbsp;<a href=\"https:\/\/www.google.com\/maps\/place\/Goldcar+Gibraltar+-+La+L%C3%ADnea\/@36.3406568,-5.4441295,10z\/data=!4m20!1m13!4m12!1m4!2m2!1d-4.891099!2d36.5104055!4e1!1m6!1m2!1s0xd0cc08917f39f81:0x9dd91116b42c9dc6!2sgoldcar+gribrlatar!2m2!1d-5.3483234!2d36.1571587!3m5!1s0xd0cc08917f39f81:0x9dd91116b42c9dc6!8m2!3d36.1571587!4d-5.3483234!16s%2Fg%2F11btysk2ct?entry=ttu\" target=\"_blank\" rel=\"noreferrer noopener\">befindet sich in Gibraltar - La L\u00ednea<\/a>&nbsp;(La L\u00ednea de la Concepci\u00f3n) und bietet ihre Dienste von Montag bis Sonntag von 09:00 bis 19:59 Uhr an. Unsere Empfehlung? Mieten Sie Ihr Fahrzeug am Flughafen Malaga, steigen Sie aus dem Flugzeug aus und vergessen Sie w\u00e4hrend Ihres Aufenthalts in&nbsp;<strong>Ist\u00e1n<\/strong>&nbsp;alle Transportprobleme. Buchen Sie Ihr Fahrzeug rechtzeitig im Voraus auf der Website.<\/li>\n\n\n\n<li><strong><a href=\"https:\/\/www.avis.es\/?cid=pp_site-GOOGLE_camp-18320326037_adgroup-140837266523_target-kwd-13402896_creative-621382492707_device-c_feed-&amp;gad_source=1&amp;gclid=CjwKCAjwv-2pBhB-EiwAtsQZFF7XlJkWcMVcT7EKC0Gn7Kp76IGOYsUbi8POqPDsiHVkXEiLk3HVShoCCG0QAvD_BwE&amp;gclsrc=aw.ds\" target=\"_blank\" rel=\"noreferrer noopener\">Avis<\/a><\/strong>&nbsp;(951 32 40 60): Wenn Sie ein Premium-Mieterlebnis suchen, k\u00f6nnte Avis die richtige Wahl f\u00fcr Sie sein. Dieses Unternehmen zeichnet sich nach Benutzerberichten durch seinen schnellen Kundenservice vom Typ Quick Pass und durch die Bereitstellung von Premium-Fahrzeugen, sowohl Pkw als auch Lieferwagen, aus. Der&nbsp;<a href=\"https:\/\/www.google.com\/maps\/place\/Avis+Alquiler+de+coches+-+Marbella\/@36.5057311,-4.961481,13z\/data=!4m20!1m13!4m12!1m4!2m2!1d-4.8910923!2d36.5103981!4e1!1m6!1m2!1s0xd72d6269c8d3b2b:0x6ed31778fe9deb8!2savis!2m2!1d-4.9514904!2d36.4943349!3m5!1s0xd72d6269c8d3b2b:0x6ed31778fe9deb8!8m2!3d36.4943349!4d-4.9514904!16s%2Fg%2F11bbwyrs4d?entry=ttu\" target=\"_blank\" rel=\"noreferrer noopener\">Standort<\/a>&nbsp;ist Autov\u00eda del Mediterr\u00e1neo, 340, km 175, 29660 Marbella, M\u00e1laga, und die \u00d6ffnungszeiten sind von Montag bis Freitag von 9:00 bis 13:45 Uhr und von 15:30 bis 17:45 Uhr sowie samstags von 10:00 bis 13:00 Uhr; sonntags geschlossen. Wir empfehlen Ihnen auch, Ihr Fahrzeug rechtzeitig auf der Website zu reservieren.<\/li>\n\n\n\n<li><strong><a href=\"https:\/\/www.yellowcar.com\/\" target=\"_blank\" rel=\"noreferrer noopener\">Yellow Car<\/a><\/strong>&nbsp;(952 83 14 92): Dies ist ein lokales Autovermietungsunternehmen, das 1972 gegr\u00fcndet wurde und im Laufe der Jahre seine Pr\u00e4senz erweitert hat, indem es B\u00fcros an strategischen Orten an der Costa del Sol er\u00f6ffnet hat, darunter der&nbsp;<a href=\"https:\/\/www.google.com\/maps\/place\/Yellow+Car\/@36.5909725,-5.0085478,10z\/data=!3m1!5s0xd72fa22634a684b:0x1a1c54a06d8292fb!4m20!1m13!4m12!1m4!2m2!1d-4.8910686!2d36.5103977!4e1!1m6!1m2!1s0xd72fa22637f83e7:0x4d03a9505ebbce94!2sYellow+Car,+Av.+del+Comandante+Garc%C3%ADa+Morato,+53,+29004+M%C3%A1laga!2m2!1d-4.4874662!2d36.6755131!3m5!1s0xd72fa22637f83e7:0x4d03a9505ebbce94!8m2!3d36.6755131!4d-4.4874662!16s%2Fg%2F11b5plrwp1?entry=ttu\" target=\"_blank\" rel=\"noreferrer noopener\">Flughafen Malaga<\/a>&nbsp;(Av. del Comandante Garc\u00eda Morato, 53, 29004; Planta 0), der t\u00e4glich rund um die Uhr ge\u00f6ffnet ist, und La Cala de Mijas sowie nat\u00fcrlich&nbsp;<a href=\"https:\/\/www.google.com\/maps\/place\/Yellow+Car\/@36.5054291,-4.8182583,15z\/data=!3m1!5s0xd7320ace3f82899:0x72319a1d00cd5356!4m20!1m13!4m12!1m4!2m2!1d-4.8910088!2d36.5103958!4e1!1m6!1m2!1s0xd72fa22637f83e7:0xf962868fcd390272!2sYellow+Car,+Urb.+El+Rosario,+C.+los+Limoneros,+29604+Marbella,+M%C3%A1laga!2m2!1d-4.8087341!2d36.5047822!3m5!1s0xd72fa22637f83e7:0xf962868fcd390272!8m2!3d36.5047822!4d-4.8087341!16s%2Fg%2F1ttpcngv?entry=ttu\" target=\"_blank\" rel=\"noreferrer noopener\">Marbella<\/a>, der von Montag bis Sonntag von 9:00 bis 14:00 und von 16:00 bis 19:00. Au\u00dferdem, die Hauptniederlassung in Marbella befindet sich in der&nbsp;<strong>Marbella Este<\/strong>&nbsp;Region, in El Rosario (C. Los Limoneros, 29604 Marbella, M\u00e1laga). Wie bei Goldcar oder Avis empfehlen wir Ihnen auch hier, im Voraus zu buchen.<\/li>\n<\/ul>\n\n\n\n<p>Es ist wichtig, dass Sie bei der Anmietung eines Fahrzeugs alle Gesch\u00e4ftsbedingungen \u00fcberpr\u00fcfen, einschlie\u00dflich der Versicherungen und Kraftstoffrichtlinien.<\/p>\n\n\n\n<h2 class=\"wp-block-heading\"><span class=\"ez-toc-section\" id=\"Ein_Ort_zum_Geniessen\"><\/span>Ein Ort zum Genie\u00dfen<span class=\"ez-toc-section-end\"><\/span><\/h2>\n\n\n\n<p><strong>Ist\u00e1n<\/strong> verbindet die Ruhe eines authentischen wei\u00dfen Dorfes mit der Attraktivit\u00e4t einer sicheren Investition. Die nat\u00fcrliche Umgebung und die Ausblicke auf den Stausee und die Bucht von Marbella machen es zu einem einzigartigen Ort, um abzuschalten.<\/p>\n\n\n\n<p>Neue Projekte wie <strong>Almazara Hills<\/strong>, <strong>Almazara Forest<\/strong> und <strong>Almazara Views<\/strong> bringen modernes Design und Komfort.<\/p>\n\n\n\n<p>Nur 15 Minuten von Marbella entfernt, ist Ist\u00e1n ideal sowohl f\u00fcr alle, die eine <strong>Zweitresidenz inmitten der Natur<\/strong> suchen, als auch f\u00fcr Investoren, die am <strong>wachsenden Ferienvermietungsmarkt<\/strong> interessiert sind.<\/p>\n\n\n\n<p>Bei <strong><a href=\"https:\/\/www.homewatch.es\/de\">Homewatch<\/a><\/strong> bieten wir Ihnen <strong>Ferienunterk\u00fcnfte, saisonale Aufenthalte und Immobilien zum Verkauf<\/strong> in Ist\u00e1n und Umgebung. Wir begleiten Sie bei jedem Schritt, damit Sie die Option finden, die am besten zu Ihnen passt. <strong>Entdecken Sie Ist\u00e1n mit uns und verlieben Sie sich in einen einzigartigen Lebensstil im Herzen der Sierra de las Nieves.<\/strong><\/p>\n\n\n\t\t\t<section class=\"selection-wrapper mt-5 mt-lg-7 mt-xxl-10 wp-block-acf-propertyselection\">\n\t\t\t\t<div class=\"container-fluid max-width d-flex flex-column align-items-start align-items-lg-center\">\n\t\t\t\t\t<div class=\"col-xl-6 mb-4 mb-lg-5\">\n\t\t\t\t\t\t\t\t\t\t\t\t\t<h2 class=\"h1 text-md-center mb-4\"><span class=\"ez-toc-section\" id=\"Mietobjekte_in_Istan_Alle_Mietobjekte_Istan\"><\/span>\n\t\t\t\t\t\t\t\t\t\t\t\t\t\t\t\t\t<span class=\"htitle\">Mietobjekte in Ist\u00e1n<\/span>\n\t\t\t\t\t\t\t\t\t\t\t\t\t\t\t\tAlle Mietobjekte \/ Ist\u00e1n\t\t\t\t\t\t\t<span class=\"ez-toc-section-end\"><\/span><\/h2>\n\t\t\t\t\t\t\t\t\t\t\t\t<p class=\"text-md-center mb-0 mx-auto\">6 Mietobjekte in Ist\u00e1n gefunden.<\/p>\n\t\t\t\t\t<\/div>\n\t\t\t\t\t<div id=\"cardsFancyCarousel\" class=\"offcanvas-carousel w-100 three-items\">\n\t\t\t\t\t\t<article class=\"f-carousel__slide card col position-relative flex-column\">\n\t<figure class=\"position-relative w-100 mb-2\">\n\t\t<a class=\"card-portfolio position-absolute\" data-pfl-id=\"615577\" data-pfl-filter=\"rent-short\" href=\"#\">\n\t\t\t<svg width=\"20\" fill=\"currentColor\" viewBox=\"0 0 512 512\">\n\t\t\t\t<use href=\"https:\/\/www.homewatch.es\/wp-content\/themes\/inmobasolidbase\/dist\/src\/images\/icons.svg#svgPortfolio\"\/>\n\t\t\t<\/svg>\n\t\t\t<svg class=\"d-none\" width=\"20\" fill=\"currentColor\" viewBox=\"0 0 512 512\">\n\t\t\t\t<use href=\"https:\/\/www.homewatch.es\/wp-content\/themes\/inmobasolidbase\/dist\/src\/images\/icons.svg#svgPortfolioIn\"\/>\n\t\t\t<\/svg>\n\t\t<\/a>\n\t\t<picture class=\"ratio ratio-4x3\"><source width=\"1920\" height=\"1080\" srcset=\"https:\/\/media.inmobalia.com\/imgV1\/B8vEv5Xh_VThvnEqMx4G0YtA8lAADdw1sBC5uN5pSX6~ImMWYg0nYa_EPSP~fBpYtvgHs5QKecPwE1~j5DU_pylbu6cBdu0PgVunDxnkMoeY79Gll7Nv5AHhYwCGots7LHLh3gA4o6TwjKbDnuTJsFIsBH1aMJAUTMKuDn6XUvpFn_97jRi85DNYwzuzPRVR.jpg 1920w,https:\/\/media.inmobalia.com\/imgV1\/B8vEv5Xh_Vjzl4qKP9bJW21eHCmW9PWrQV6IDk9EjA79dASSMmDBrXf04FgH6wp0ylU42MWPePEey7rkY1j3kMIGs3YrRSP6UhHPWG1enKzuplcdy8f~NYm7bTbKkeM5EmP5XtFCogFsT7G_T89XiHbRHdJZ6Cr4ZOypyLxgkSbsfejE7HR3OxCBeaFBzvQ-.jpg 1580w,https:\/\/media.inmobalia.com\/imgV1\/B8vEv5Xh~9eLgpFkvD55S4O4_vRpfi7Zj~8WTFZMGThfizi~_Y~NgoiVzdN9MsuXYCpgHq7NOfhSSsV~~CvXOR8biNDSQCuIy3z~JafSwduxBEndespnQYPOGloQON4~nZWmFdK8hqiaFo4qB_HOBc2wXoskeDBBeywfrK8IL_uqFPSpMP1OmnZTBjMXfg--.jpg 774w\" type=\"image\/webp\"><img fetchpriority=\"high\" decoding=\"async\" class=\"image-fit\" alt=\"Modernes 3-Zimmer Penthouse mit Jacuzzi &amp; Meerblick in Almazara Hills, Ist\u00e1n\" width=\"1920\" height=\"1080\" src=\"https:\/\/media.inmobalia.com\/imgV1\/B8vEv5Xh_VThvnEqMx4G0ZxU~~H0Ar_8Bn_AfAx~4dnt796zQ9QIPwzdr9PkzIdRpbeOYktBAPFfTt23HPhndt5b7cRr2vg76pmKvptCGz41lr5kQhePvqUJasjt_8WvfpsKyarc~Oo5NjBhxE5MWhgqe4y6ZF9B3mMr3ZIV4SI-.jpg\"><\/picture>\t\t\t<\/figure>\n\t<div class=\"h-100 d-flex flex-column\">\n\t\t<span class=\"d-block card-area\">\n\t\t\tCerros del Lago\t\t<\/span>\n\t\t\n\n\t\t\t<div class=\"card-price d-flex flex-column\">\n\t\t<strong class=\"me-1\">Von <span data-original-price=\"3000\">3.000\u00a0\u20ac<\/span><span data-period> pro monat <\/span><\/strong><strong class=\"me-1\"><span data-original-price=\"2950\">2.950\u00a0\u20ac<\/span><span data-period> montly rental (November-March)<\/span><\/strong>\t\t<\/div>\n\t\n\t\t<ul class=\"card-features list-unstyled d-flex flex-wrap align-items-center mb-0\">\n\t\t\t\t\t\t\t<li class=\"d-flex align-items-center me-3\">\n\t\t\t\t\t3 Schlafzimmer\t\t\t\t<\/li>\n\t\t\t\t\t\t\t<li class=\"d-flex align-items-center me-3\">\n\t\t\t\t\t2 Badezimmer\t\t\t\t<\/li>\n\t\t\t\t\t\t\t<li class=\"d-flex align-items-center me-3\">\n\t\t\t\t\t250 m&sup2; gebaut\t\t\t\t<\/li>\n\t\t\t\t\t<\/ul>\n\t\t<h4 class=\"card-title mb-0\">\n\t\t\t<a class=\"stretched-link\" href=\"\/vermietungen\/cerros-del-lago\/penthauser\/232\">Modernes 3-Zimmer Penthouse mit Jacuzzi &amp; Meerblick in Almazara Hills, Ist\u00e1n<\/a>\n\t\t<\/h4>\n\t\t\t\t\t<p class=\"mb-0\">Entdecken Sie dieses atemberaubende 3-Schlafzimmer, 2-Badezimmer Penthouse in der exklusiven Wohnanlage Almazara Hills, Cerros del Lago, Ist\u00e1n, nur 12 Minuten von Marbella entfernt. Diese Luxus-Ferienvilla Costa del Sol verbindet modernes Design mit Panoramablick und bietet ein unvergessliches Erlebnis auf 250m\u00b2 Wohnfl\u00e4che plus zwei gro\u00dfz\u00fcgigen Terrassen mit insgesamt 120m\u00b2.\n\nIn privilegierter Lage...<\/p>\n\t\t\t<\/div>\n<\/article>\t\t\t\t\t\t<article class=\"f-carousel__slide card col position-relative flex-column\">\n\t<figure class=\"position-relative w-100 mb-2\">\n\t\t<a class=\"card-portfolio position-absolute\" data-pfl-id=\"562518\" data-pfl-filter=\"rent-short\" href=\"#\">\n\t\t\t<svg width=\"20\" fill=\"currentColor\" viewBox=\"0 0 512 512\">\n\t\t\t\t<use href=\"https:\/\/www.homewatch.es\/wp-content\/themes\/inmobasolidbase\/dist\/src\/images\/icons.svg#svgPortfolio\"\/>\n\t\t\t<\/svg>\n\t\t\t<svg class=\"d-none\" width=\"20\" fill=\"currentColor\" viewBox=\"0 0 512 512\">\n\t\t\t\t<use href=\"https:\/\/www.homewatch.es\/wp-content\/themes\/inmobasolidbase\/dist\/src\/images\/icons.svg#svgPortfolioIn\"\/>\n\t\t\t<\/svg>\n\t\t<\/a>\n\t\t<picture class=\"ratio ratio-4x3\"><source width=\"1920\" height=\"1080\" srcset=\"https:\/\/media.inmobalia.com\/imgV1\/B8vEv5Xh_VThvnEqMx4G0YtA8lAADdw1sBC5uN5pSX6~ImMWYg0nYa_EPSP~fBpYtvgHs5QKecPwE1~j5DU_pylbu6cBdu0PgVunDxnkMoeY79Gll7Nv5AHhYwCGots7LHLh3gTvUK~FiNUF37aeNonbEgJtM18ijZ8VomN0eD4ZoAKjMQCmkMNBJ9BCB4oD.jpg 1920w,https:\/\/media.inmobalia.com\/imgV1\/B8vEv5Xh_Vjzl4qKP9bJW21eHCmW9PWrQV6IDk9EjA79dASSMmDBrXf04FgH6wp0ylU42MWPePEey7rkY1j3kMIGs3YrRSP6UhHPWG1enKzuplcdy8f~NYm7bTbKkeM5EmP5WvvgyE8x_sTl65B2sAETW0VnCZAiiA6iHmogxs3P6zt9gMGkO7klh2Uet_E-.jpg 1580w,https:\/\/media.inmobalia.com\/imgV1\/B8vEv5Xh~9eLgpFkvD55S4O4_vRpfi7Zj~8WTFZMGThfizi~_Y~NgoiVzdN9MsuXYCpgHq7NOfhSSsV~~CvXOR8biNDSQCuIy3z~JafSwduxBEndespnQYPOGloQON4~nZWibXIVE4UaMhZKiYoADoqMBOHR3rq7p5ccFegEAj6G8rf1ef2kVnovVfHCQg--.jpg 774w\" type=\"image\/webp\"><img decoding=\"async\" class=\"image-fit\" alt=\"Ferienwohnung 2 Schlafzimmer mit Panorama-Meerblick, Ist\u00e1n Costa del Sol\" width=\"1920\" height=\"1080\" src=\"https:\/\/media.inmobalia.com\/imgV1\/B8vEv5Xh_VThvnEqMx4G0ZxU~~H0Ar_8Bn_AfAx~4dnt796zQ9QIPwzdr9PkzIdRpbeOYktBAPFfTt23HPhndt5b7cRr2vg76pmKvptCGz41lr5kRpobs5V3wWNVa5T3DMv8ufklo7yOeLQWyX1~Vy4wd_2MszNVndNwwIVRkbg-.jpg\"><\/picture>\t\t\t<\/figure>\n\t<div class=\"h-100 d-flex flex-column\">\n\t\t<span class=\"d-block card-area\">\n\t\t\tBalcones del Lago\t\t<\/span>\n\t\t\n\n\t\t\t<div class=\"card-price d-flex flex-column\">\n\t\t<strong class=\"me-1\">Von <span data-original-price=\"60\">60\u00a0\u20ac<\/span><span data-period> pro tag <\/span><\/strong>\t\t<\/div>\n\t\n\t\t<ul class=\"card-features list-unstyled d-flex flex-wrap align-items-center mb-0\">\n\t\t\t\t\t\t\t<li class=\"d-flex align-items-center me-3\">\n\t\t\t\t\t2 Schlafzimmer\t\t\t\t<\/li>\n\t\t\t\t\t\t\t<li class=\"d-flex align-items-center me-3\">\n\t\t\t\t\t1 Badezimmer\t\t\t\t<\/li>\n\t\t\t\t\t\t\t<li class=\"d-flex align-items-center me-3\">\n\t\t\t\t\t186 m&sup2; gebaut\t\t\t\t<\/li>\n\t\t\t\t\t<\/ul>\n\t\t<h4 class=\"card-title mb-0\">\n\t\t\t<a class=\"stretched-link\" href=\"\/vermietungen\/balcones-del-lago\/erdgeschosswohnungen\/215\">Ferienwohnung 2 Schlafzimmer mit Panorama-Meerblick, Ist\u00e1n Costa del Sol<\/a>\n\t\t<\/h4>\n\t\t\t\t\t<p class=\"mb-0\">Entdecken Sie diese charmante Ferienvermietung mit 2 Schlafzimmern in der ruhigen Urbanisation Balcones del Lago, Ist\u00e1n, wo Panoramablicke auf das Meer und die umliegenden Berge ein unvergessliches Costa del Sol Erlebnis schaffen. Diese Ferienwohnung f\u00fcr 4 G\u00e4ste bietet die perfekte Kombination aus bergiger Ruhe und einfachem Zugang zu Marbellas Attraktionen.\n\nEingebettet...<\/p>\n\t\t\t<\/div>\n<\/article>\t\t\t\t\t\t<article class=\"f-carousel__slide card col position-relative flex-column\">\n\t<figure class=\"position-relative w-100 mb-2\">\n\t\t<a class=\"card-portfolio position-absolute\" data-pfl-id=\"529273\" data-pfl-filter=\"rent-short\" href=\"#\">\n\t\t\t<svg width=\"20\" fill=\"currentColor\" viewBox=\"0 0 512 512\">\n\t\t\t\t<use href=\"https:\/\/www.homewatch.es\/wp-content\/themes\/inmobasolidbase\/dist\/src\/images\/icons.svg#svgPortfolio\"\/>\n\t\t\t<\/svg>\n\t\t\t<svg class=\"d-none\" width=\"20\" fill=\"currentColor\" viewBox=\"0 0 512 512\">\n\t\t\t\t<use href=\"https:\/\/www.homewatch.es\/wp-content\/themes\/inmobasolidbase\/dist\/src\/images\/icons.svg#svgPortfolioIn\"\/>\n\t\t\t<\/svg>\n\t\t<\/a>\n\t\t<picture class=\"ratio ratio-4x3\"><source width=\"1920\" height=\"1080\" srcset=\"https:\/\/media.inmobalia.com\/imgV1\/B8vEv5Xh_VThvnEqMx4G0YtA8lAADdw1sBC5uN5pSX6~ImMWYg0nYa_EPSP~fBpYtvgHs5QKecPwE1~j5DU_pylbu6cBdu0PgVunDxnkMoeY79Gll7Nv5AHhYwCGots7LHLh2Ub~jD3V5_p9dQz3ZcpSXSSZjkBD0NHxY6wKWU~7azeASQ7TnWy2_oDeqQ7F.jpg 1920w,https:\/\/media.inmobalia.com\/imgV1\/B8vEv5Xh_Vjzl4qKP9bJW21eHCmW9PWrQV6IDk9EjA79dASSMmDBrXf04FgH6wp0ylU42MWPePEey7rkY1j3kMIGs3YrRSP6UhHPWG1enKzuplcdy8f~NYm7bTbKkeM5EmP_j~rxCzyH6uq~hz35AOr1_bCI0aGTiSSGkS~bgHlfbm6lG1FZGFNjZXNTZKc-.jpg 1580w,https:\/\/media.inmobalia.com\/imgV1\/B8vEv5Xh~9eLgpFkvD55S4O4_vRpfi7Zj~8WTFZMGThfizi~_Y~NgoiVzdN9MsuXYCpgHq7NOfhSSsV~~CvXOR8biNDSQCuIy3z~JafSwduxBEndespnQYPOGloQON4~nZJ~JpcyTdmpFJmxcUvpEqQXCrG9_WFyTzpliJ5wrvUby67M5SFJJ04_cqtIkA--.jpg 774w\" type=\"image\/webp\"><img decoding=\"async\" class=\"image-fit\" alt=\"Luxus 3-Zimmer Penthouse Almazara Hills mit Meerblick Costa del Sol\" width=\"1920\" height=\"1080\" src=\"https:\/\/media.inmobalia.com\/imgV1\/B8vEv5Xh_VThvnEqMx4G0ZxU~~H0Ar_8Bn_AfAx~4dnt796zQ9QIPwzdr9PkzIdRpbeOYktBAPFfTt23HPhndt5b7cRr2vg76pmKvptCGz41lr5j8fR7G~BfoY4QHVFawoLY0ZkymBOxDdGoz5RVWm3qsWHTs_gFcAQvf_195y8-.jpg\"><\/picture>\t\t\t<\/figure>\n\t<div class=\"h-100 d-flex flex-column\">\n\t\t<span class=\"d-block card-area\">\n\t\t\tCerros del Lago\t\t<\/span>\n\t\t\n\n\t\t\t<div class=\"card-price d-flex flex-column\">\n\t\t<strong class=\"me-1\">Von <span data-original-price=\"190\">190\u00a0\u20ac<\/span><span data-period> pro tag <\/span><\/strong>\t\t<\/div>\n\t\n\t\t<ul class=\"card-features list-unstyled d-flex flex-wrap align-items-center mb-0\">\n\t\t\t\t\t\t\t<li class=\"d-flex align-items-center me-3\">\n\t\t\t\t\t3 Schlafzimmer\t\t\t\t<\/li>\n\t\t\t\t\t\t\t<li class=\"d-flex align-items-center me-3\">\n\t\t\t\t\t2 Badezimmer\t\t\t\t<\/li>\n\t\t\t\t\t\t\t<li class=\"d-flex align-items-center me-3\">\n\t\t\t\t\t281 m&sup2; gebaut\t\t\t\t<\/li>\n\t\t\t\t\t<\/ul>\n\t\t<h4 class=\"card-title mb-0\">\n\t\t\t<a class=\"stretched-link\" href=\"\/vermietungen\/cerros-del-lago\/penthauser\/194\">Luxus 3-Zimmer Penthouse Almazara Hills mit Meerblick Costa del Sol<\/a>\n\t\t<\/h4>\n\t\t\t\t\t<p class=\"mb-0\">Entdecken Sie diese au\u00dfergew\u00f6hnliche 3-Schlafzimmer, 2-Badezimmer Ferienvermietung in Almazara Hills, Ist\u00e1n, wo moderner Luxus auf atemberaubende Panoramablicke an der Costa del Sol trifft. Dieses beeindruckende 281m\u00b2 Penthouse-Apartment mit 146m\u00b2 Terrassen bietet ein unvergleichliches Urlaubserlebnis f\u00fcr bis zu 6 G\u00e4ste, die Komfort und spektakul\u00e4re Landschaften suchen.\n\nIn privilegierter Berglage gelegen, bietet dieses...<\/p>\n\t\t\t<\/div>\n<\/article>\t\t\t\t\t\t<article class=\"f-carousel__slide card col position-relative flex-column\">\n\t<figure class=\"position-relative w-100 mb-2\">\n\t\t<a class=\"card-portfolio position-absolute\" data-pfl-id=\"262079\" data-pfl-filter=\"rent-short\" href=\"#\">\n\t\t\t<svg width=\"20\" fill=\"currentColor\" viewBox=\"0 0 512 512\">\n\t\t\t\t<use href=\"https:\/\/www.homewatch.es\/wp-content\/themes\/inmobasolidbase\/dist\/src\/images\/icons.svg#svgPortfolio\"\/>\n\t\t\t<\/svg>\n\t\t\t<svg class=\"d-none\" width=\"20\" fill=\"currentColor\" viewBox=\"0 0 512 512\">\n\t\t\t\t<use href=\"https:\/\/www.homewatch.es\/wp-content\/themes\/inmobasolidbase\/dist\/src\/images\/icons.svg#svgPortfolioIn\"\/>\n\t\t\t<\/svg>\n\t\t<\/a>\n\t\t<picture class=\"ratio ratio-4x3\"><source width=\"1920\" height=\"1080\" srcset=\"https:\/\/media.inmobalia.com\/imgV1\/B8vEv5Xh_VThvnEqMx4G0YtA8lAADdw1sBC5uN5pSX6~ImMWYg0nYa_EPSP~fBpYtvgHs5QKecPwE1~j5DU_pylbu6cBdu0PgVunDxnkMoeY79Gll7Nv5AHhYwCGots7LBBVxX6EQnLC1zR15~qx_XlbUDhsBpiVvHJYitwW6t1waNNqavMZbVF~rhfFE~HLGCM-.jpg 1920w,https:\/\/media.inmobalia.com\/imgV1\/B8vEv5Xh_Vjzl4qKP9bJW21eHCmW9PWrQV6IDk9EjA79dASSMmDBrXf04FgH6wp0ylU42MWPePEey7rkY1j3kMIGs3YrRSP6UhHPWG1enKzuplcdy8f~NYm7bTbKkeM5cMgmtVXqCy9J8ItOFsyu6xABR9gCwHawxJCpNuDJ2hXGtxFWYBR8mZb7iyb2t_HH9g--.jpg 1580w,https:\/\/media.inmobalia.com\/imgV1\/B8vEv5Xh~9eLgpFkvD55S4O4_vRpfi7Zj~8WTFZMGThfizi~_Y~NgoiVzdN9MsuXYCpgHq7NOfhSSsV~~CvXOR8biNDSQCuIy3z~JafSwduxBEndespnQYPOGloQON5dAeCJAI_OeHGExyqdpSadj1W4vvE14C5BpwpUqK8AsOwdh1dEBgt3stWCQeB5Q~b7.jpg 774w\" type=\"image\/webp\"><img loading=\"lazy\" decoding=\"async\" class=\"image-fit\" alt=\"Luxus 2-Schlafzimmer Ferienwohnung mit Meerblick in Ist\u00e1n, Costa del Sol\" width=\"1920\" height=\"1080\" src=\"https:\/\/media.inmobalia.com\/imgV1\/B8vEv5Xh_VThvnEqMx4G0ZxU~~H0Ar_8Bn_AfAx~4dnt796zQ9QIPwzdr9PkzIdRpbeOYktBAPFfTt23HPhndt5b7cRr2vg76pmKvptCGz419CdewfI1z7hjVIyRxoIxYiHCrBxeWqea5mokuqjm7r3E3j7tMqRH6ycMB5U29bPBug--.jpg\"><\/picture>\t\t\t<\/figure>\n\t<div class=\"h-100 d-flex flex-column\">\n\t\t<span class=\"d-block card-area\">\n\t\t\tBalcones del Lago\t\t<\/span>\n\t\t\n\n\t\t\t<div class=\"card-price d-flex flex-column\">\n\t\t<strong class=\"me-1\">Von <span data-original-price=\"60\">60\u00a0\u20ac<\/span><span data-period> pro tag <\/span><\/strong>\t\t<\/div>\n\t\n\t\t<ul class=\"card-features list-unstyled d-flex flex-wrap align-items-center mb-0\">\n\t\t\t\t\t\t\t<li class=\"d-flex align-items-center me-3\">\n\t\t\t\t\t2 Schlafzimmer\t\t\t\t<\/li>\n\t\t\t\t\t\t\t<li class=\"d-flex align-items-center me-3\">\n\t\t\t\t\t2 Badezimmer\t\t\t\t<\/li>\n\t\t\t\t\t\t\t<li class=\"d-flex align-items-center me-3\">\n\t\t\t\t\t110 m&sup2; gebaut\t\t\t\t<\/li>\n\t\t\t\t\t<\/ul>\n\t\t<h4 class=\"card-title mb-0\">\n\t\t\t<a class=\"stretched-link\" href=\"\/vermietungen\/balcones-del-lago\/erdgeschosswohnungen\/43\">Luxus 2-Schlafzimmer Ferienwohnung mit Meerblick in Ist\u00e1n, Costa del Sol<\/a>\n\t\t<\/h4>\n\t\t\t\t\t<p class=\"mb-0\">Entdecken Sie Casa Lago, eine atemberaubende 2-Schlafzimmer, 2-Badezimmer Luxus-Ferienwohnung in der exklusiven Balcones del Lago Anlage, Ist\u00e1n. Diese ger\u00e4umige 110m\u00b2 Wohnung bietet spektakul\u00e4re Meerblicke und dient als perfekte Basis f\u00fcr Ihren Costa del Sol Urlaub, nur wenige Minuten von Marbella entfernt.\n\nDiese wundersch\u00f6n eingerichtete Ferienhaus Ist\u00e1n verf\u00fcgt \u00fcber einen offenen Wohnbereich...<\/p>\n\t\t\t<\/div>\n<\/article>\t\t\t\t\t\t<article class=\"f-carousel__slide card col position-relative flex-column\">\n\t<figure class=\"position-relative w-100 mb-2\">\n\t\t<a class=\"card-portfolio position-absolute\" data-pfl-id=\"262053\" data-pfl-filter=\"rent-short\" href=\"#\">\n\t\t\t<svg width=\"20\" fill=\"currentColor\" viewBox=\"0 0 512 512\">\n\t\t\t\t<use href=\"https:\/\/www.homewatch.es\/wp-content\/themes\/inmobasolidbase\/dist\/src\/images\/icons.svg#svgPortfolio\"\/>\n\t\t\t<\/svg>\n\t\t\t<svg class=\"d-none\" width=\"20\" fill=\"currentColor\" viewBox=\"0 0 512 512\">\n\t\t\t\t<use href=\"https:\/\/www.homewatch.es\/wp-content\/themes\/inmobasolidbase\/dist\/src\/images\/icons.svg#svgPortfolioIn\"\/>\n\t\t\t<\/svg>\n\t\t<\/a>\n\t\t<picture class=\"ratio ratio-4x3\"><source width=\"1920\" height=\"1080\" srcset=\"https:\/\/media.inmobalia.com\/imgV1\/B8vEv5Xh_VThvnEqMx4G0YtA8lAADdw1sBC5uN5pSX6~ImMWYg0nYa_EPSP~fBpYtvgHs5QKecPwE1~j5DU_pylbu6cBdu0PgVunDxnkMoeY79Gll7Nv5AHhYwCGots7LBBU_qtk_BoODeooJ~9j04VBVF1RbyqV5KKHDlyu52wWaR8WjWSWCI_fQEwx8UoY5mM-.jpg 1920w,https:\/\/media.inmobalia.com\/imgV1\/B8vEv5Xh_Vjzl4qKP9bJW21eHCmW9PWrQV6IDk9EjA79dASSMmDBrXf04FgH6wp0ylU42MWPePEey7rkY1j3kMIGs3YrRSP6UhHPWG1enKzuplcdy8f~NYm7bTbKkeM5cMmGx_Bjk2bh1w5EWin3B_392fl_HtXwfo8LW9_TxM3jNlFUmZMR8k8ARwQw_EidnQ--.jpg 1580w,https:\/\/media.inmobalia.com\/imgV1\/B8vEv5Xh~9eLgpFkvD55S4O4_vRpfi7Zj~8WTFZMGThfizi~_Y~NgoiVzdN9MsuXYCpgHq7NOfhSSsV~~CvXOR8biNDSQCuIy3z~JafSwduxBEndespnQYPOGloQON5dAFueaE9wSfU8ZX3FwX58EwQTGKnH0Kl4EC4z7QZkRGT~ejr8MPt27WUIqX_rbYHM.jpg 774w\" type=\"image\/webp\"><img loading=\"lazy\" decoding=\"async\" class=\"image-fit\" alt=\"2-Zimmer Luxusapartment mit Meerblick &amp; privatem Jacuzzi in Balcones del Lago, Ist\u00e1n\" width=\"1920\" height=\"1080\" src=\"https:\/\/media.inmobalia.com\/imgV1\/B8vEv5Xh_VThvnEqMx4G0ZxU~~H0Ar_8Bn_AfAx~4dnt796zQ9QIPwzdr9PkzIdRpbeOYktBAPFfTt23HPhndt5b7cRr2vg76pmKvptCGz419CbEd8WmwJHEtg~15hQUHyQ6gs6k6wSavRjKWYwzVtyAg0CRIH1uoHYPCZvXIliFZg--.jpg\"><\/picture>\t\t\t<\/figure>\n\t<div class=\"h-100 d-flex flex-column\">\n\t\t<span class=\"d-block card-area\">\n\t\t\tBalcones del Lago\t\t<\/span>\n\t\t\n\n\t\t\t<div class=\"card-price d-flex flex-column\">\n\t\t<strong class=\"me-1\">Von <span data-original-price=\"60\">60\u00a0\u20ac<\/span><span data-period> pro tag <\/span><\/strong><strong class=\"me-1\"><span data-original-price=\"1600\">1.600\u00a0\u20ac<\/span><span data-period> montly rental (November-March)<\/span><\/strong>\t\t<\/div>\n\t\n\t\t<ul class=\"card-features list-unstyled d-flex flex-wrap align-items-center mb-0\">\n\t\t\t\t\t\t\t<li class=\"d-flex align-items-center me-3\">\n\t\t\t\t\t2 Schlafzimmer\t\t\t\t<\/li>\n\t\t\t\t\t\t\t<li class=\"d-flex align-items-center me-3\">\n\t\t\t\t\t2 Badezimmer\t\t\t\t<\/li>\n\t\t\t\t\t\t\t<li class=\"d-flex align-items-center me-3\">\n\t\t\t\t\t110 m&sup2; gebaut\t\t\t\t<\/li>\n\t\t\t\t\t<\/ul>\n\t\t<h4 class=\"card-title mb-0\">\n\t\t\t<a class=\"stretched-link\" href=\"\/vermietungen\/balcones-del-lago\/erdgeschosswohnungen\/42\">2-Zimmer Luxusapartment mit Meerblick &amp; privatem Jacuzzi in Balcones del Lago, Ist\u00e1n<\/a>\n\t\t<\/h4>\n\t\t\t\t\t<p class=\"mb-0\">Entdecken Sie Casa Lago, ein atemberaubendes 2-Schlafzimmer, 2-Badezimmer Luxus-Feriendomizil in der exklusiven Anlage Balcones del Lago, Ist\u00e1n. Dieses ger\u00e4umige 110m\u00b2 Apartment bietet spektakul\u00e4re Meer- und Bergblicke und ist die perfekte Ferienvilla Costa del Sol f\u00fcr Ihren n\u00e4chsten Urlaub.\r\n\r\nDieses wundersch\u00f6n eingerichtete Ferienhaus Ist\u00e1n ist auf einer Ebene gebaut mit direktem Zugang...<\/p>\n\t\t\t<\/div>\n<\/article>\t\t\t\t\t\t<article class=\"f-carousel__slide card col position-relative flex-column\">\n\t<figure class=\"position-relative w-100 mb-2\">\n\t\t<a class=\"card-portfolio position-absolute\" data-pfl-id=\"262045\" data-pfl-filter=\"rent-short\" href=\"#\">\n\t\t\t<svg width=\"20\" fill=\"currentColor\" viewBox=\"0 0 512 512\">\n\t\t\t\t<use href=\"https:\/\/www.homewatch.es\/wp-content\/themes\/inmobasolidbase\/dist\/src\/images\/icons.svg#svgPortfolio\"\/>\n\t\t\t<\/svg>\n\t\t\t<svg class=\"d-none\" width=\"20\" fill=\"currentColor\" viewBox=\"0 0 512 512\">\n\t\t\t\t<use href=\"https:\/\/www.homewatch.es\/wp-content\/themes\/inmobasolidbase\/dist\/src\/images\/icons.svg#svgPortfolioIn\"\/>\n\t\t\t<\/svg>\n\t\t<\/a>\n\t\t<picture class=\"ratio ratio-4x3\"><source width=\"1920\" height=\"1080\" srcset=\"https:\/\/media.inmobalia.com\/imgV1\/B8vEv5Xh_VThvnEqMx4G0YtA8lAADdw1sBC5uN5pSX6~ImMWYg0nYa_EPSP~fBpYtvgHs5QKecPwE1~j5DU_pylbu6cBdu0PgVunDxnkMoeY79Gll7Nv5AHhYwCGots7LBBU_0NqaNbgXoBTZS0Rbg2tjtxzJaBhSjqq85wNZLnkn3tN52StDSB8LqTrWll1nIs-.jpg 1920w,https:\/\/media.inmobalia.com\/imgV1\/B8vEv5Xh_Vjzl4qKP9bJW21eHCmW9PWrQV6IDk9EjA79dASSMmDBrXf04FgH6wp0ylU42MWPePEey7rkY1j3kMIGs3YrRSP6UhHPWG1enKzuplcdy8f~NYm7bTbKkeM5cMmHIaFsNxLsD5WXw4V2GKljpQbBsSnqBi2yqVo8vjgLkd1QwobZhUg6f0TGEWckRg--.jpg 1580w,https:\/\/media.inmobalia.com\/imgV1\/B8vEv5Xh~9eLgpFkvD55S4O4_vRpfi7Zj~8WTFZMGThfizi~_Y~NgoiVzdN9MsuXYCpgHq7NOfhSSsV~~CvXOR8biNDSQCuIy3z~JafSwduxBEndespnQYPOGloQON5dAFrGmBXeiOUTA_J7lnUjje6O4RWjpjpiO5yKQs1xF80dTaNl1bSXdAF6fOMh1n3L.jpg 774w\" type=\"image\/webp\"><img loading=\"lazy\" decoding=\"async\" class=\"image-fit\" alt=\"2-Schlafzimmer Duplex-Reihenhaus mit Meerblick und Whirlpool in Ist\u00e1n, Costa del Sol\" width=\"1920\" height=\"1080\" src=\"https:\/\/media.inmobalia.com\/imgV1\/B8vEv5Xh_VThvnEqMx4G0ZxU~~H0Ar_8Bn_AfAx~4dnt796zQ9QIPwzdr9PkzIdRpbeOYktBAPFfTt23HPhndt5b7cRr2vg76pmKvptCGz419CbFlf1aD2x~O0Uwhyv4MADva6GYw_illYuSBwwbqx342u6zDe~di2OLDv1~m5WOSA--.jpg\"><\/picture>\t\t\t<\/figure>\n\t<div class=\"h-100 d-flex flex-column\">\n\t\t<span class=\"d-block card-area\">\n\t\t\tBalcones del Lago\t\t<\/span>\n\t\t\n\n\t\t\t<div class=\"card-price d-flex flex-column\">\n\t\t<strong class=\"me-1\">Von <span data-original-price=\"72\">72\u00a0\u20ac<\/span><span data-period> pro tag <\/span><\/strong>\t\t<\/div>\n\t\n\t\t<ul class=\"card-features list-unstyled d-flex flex-wrap align-items-center mb-0\">\n\t\t\t\t\t\t\t<li class=\"d-flex align-items-center me-3\">\n\t\t\t\t\t2 Schlafzimmer\t\t\t\t<\/li>\n\t\t\t\t\t\t\t<li class=\"d-flex align-items-center me-3\">\n\t\t\t\t\t2 Badezimmer\t\t\t\t<\/li>\n\t\t\t\t\t\t\t<li class=\"d-flex align-items-center me-3\">\n\t\t\t\t\t155 m&sup2; gebaut\t\t\t\t<\/li>\n\t\t\t\t\t<\/ul>\n\t\t<h4 class=\"card-title mb-0\">\n\t\t\t<a class=\"stretched-link\" href=\"\/vermietungen\/balcones-del-lago\/penthauser\/44\">2-Schlafzimmer Duplex-Reihenhaus mit Meerblick und Whirlpool in Ist\u00e1n, Costa del Sol<\/a>\n\t\t<\/h4>\n\t\t\t\t\t<p class=\"mb-0\">Willkommen in diesem spektakul\u00e4ren, modernen Reihenhaus in Ist\u00e1n mit privatem Whirlpool \u2013 die perfekte Ferienvilla Costa del Sol f\u00fcr romantische Auszeiten, Paarurlaub oder au\u00dfergew\u00f6hnliche Familienferien! Dieses 2-Schlafzimmer, 2-Badezimmer Duplex-Reihenhaus bietet Platz f\u00fcr bis zu 4 G\u00e4ste auf zwei Ebenen und befindet sich strategisch g\u00fcnstig in der prestigetr\u00e4chtigen Anlage Balcones del...<\/p>\n\t\t\t<\/div>\n<\/article>\t\t\t\t\t\t\t\t\t\t\t<\/div>\n\t\t\t\t\t\t\t\t\t\t\t<a class=\"btn btn-inm mt-2 mt-lg-5\" href=\"https:\/\/www.homewatch.es\/vermietungen\/istan\">Jetzt mieten!<\/a>\n\t\t\t\t\t\t\t\t\t<\/div>\n\t\t\t<\/section>\n\t\t","protected":false},"excerpt":{"rendered":"<p>Ist\u00e1n ist ein charmantes wei\u00df get\u00fcnchtes Dorf im Herzen des Naturparks Sierra de las Nieves, der von der UNESCO zum Biosph\u00e4renreservat erkl\u00e4rt wurde. Bekannt als &#8222;Die Quelle der Costa del Sol&#8220; verbindet dieser andalusische Ort Natur, Tradition und Authentizit\u00e4t \u2013 nur 15 Kilometer von Marbella entfernt. Damit ist er das perfekte Ziel sowohl f\u00fcr Urlaubsaufenthalte&#8230;<\/p>\n","protected":false},"author":11,"featured_media":6519,"comment_status":"closed","ping_status":"closed","sticky":false,"template":"","format":"standard","meta":{"_acf_changed":true,"footnotes":""},"categories":[591,1273],"tags":[1274,673,1275,1276,1277,1278,672,980,1373,981,1279,1052,1280,1117,1374,1281,1282],"class_list":["post-6522","post","type-post","status-publish","format-standard","has-post-thumbnail","hentry","category-schluesselbereiche","category-istan-2-de","tag-adventure-2-de","tag-costa-del-sol-de","tag-culture-de","tag-guide-de","tag-hiking-de","tag-istan-3-de","tag-marbella-de","tag-owners-de","tag-pueblo-de","tag-real-estate-de","tag-real-estate-2-de","tag-real-estate-market-de","tag-rentals-de","tag-renting-property-de","tag-restaurantes-de","tag-sports-de","tag-transport-2-de"],"acf":[],"_links":{"self":[{"href":"https:\/\/www.homewatch.es\/de\/wp-json\/wp\/v2\/posts\/6522","targetHints":{"allow":["GET"]}}],"collection":[{"href":"https:\/\/www.homewatch.es\/de\/wp-json\/wp\/v2\/posts"}],"about":[{"href":"https:\/\/www.homewatch.es\/de\/wp-json\/wp\/v2\/types\/post"}],"author":[{"embeddable":true,"href":"https:\/\/www.homewatch.es\/de\/wp-json\/wp\/v2\/users\/11"}],"replies":[{"embeddable":true,"href":"https:\/\/www.homewatch.es\/de\/wp-json\/wp\/v2\/comments?post=6522"}],"version-history":[{"count":0,"href":"https:\/\/www.homewatch.es\/de\/wp-json\/wp\/v2\/posts\/6522\/revisions"}],"wp:featuredmedia":[{"embeddable":true,"href":"https:\/\/www.homewatch.es\/de\/wp-json\/wp\/v2\/media\/6519"}],"wp:attachment":[{"href":"https:\/\/www.homewatch.es\/de\/wp-json\/wp\/v2\/media?parent=6522"}],"wp:term":[{"taxonomy":"category","embeddable":true,"href":"https:\/\/www.homewatch.es\/de\/wp-json\/wp\/v2\/categories?post=6522"},{"taxonomy":"post_tag","embeddable":true,"href":"https:\/\/www.homewatch.es\/de\/wp-json\/wp\/v2\/tags?post=6522"}],"curies":[{"name":"wp","href":"https:\/\/api.w.org\/{rel}","templated":true}]}}