{"id":6090,"date":"2025-02-21T13:40:47","date_gmt":"2025-02-21T12:40:47","guid":{"rendered":"https:\/\/www.homewatch.es\/?p=6090"},"modified":"2025-02-21T15:23:09","modified_gmt":"2025-02-21T14:23:09","slug":"nueva-andalucia-marbella","status":"publish","type":"post","link":"https:\/\/www.homewatch.es\/de\/6090-nueva-andalucia-marbella","title":{"rendered":"Nueva Andaluc\u00eda, die Mediterrane eleganz Marbellas"},"content":{"rendered":"\n<p><strong><strong>Willkommen in Nueva Andaluc\u00eda!<\/strong><\/strong><\/p><div id=\"ez-toc-container\" class=\"ez-toc-v2_0_82_2 counter-hierarchy ez-toc-counter ez-toc-custom ez-toc-container-direction\">\n<div class=\"ez-toc-title-container\">\n<p class=\"ez-toc-title\" style=\"cursor:inherit\">Table of Contents<\/p>\n<span class=\"ez-toc-title-toggle\"><a href=\"#\" class=\"ez-toc-pull-right ez-toc-btn ez-toc-btn-xs ez-toc-btn-default ez-toc-toggle\" aria-label=\"Toggle Table of Content\"><span class=\"ez-toc-js-icon-con\"><span class=\"\"><span class=\"eztoc-hide\" style=\"display:none;\">Toggle<\/span><span class=\"ez-toc-icon-toggle-span\"><svg style=\"fill: #0a0a0a;color:#0a0a0a\" xmlns=\"http:\/\/www.w3.org\/2000\/svg\" class=\"list-377408\" width=\"20px\" height=\"20px\" viewBox=\"0 0 24 24\" fill=\"none\"><path d=\"M6 6H4v2h2V6zm14 0H8v2h12V6zM4 11h2v2H4v-2zm16 0H8v2h12v-2zM4 16h2v2H4v-2zm16 0H8v2h12v-2z\" fill=\"currentColor\"><\/path><\/svg><svg style=\"fill: #0a0a0a;color:#0a0a0a\" class=\"arrow-unsorted-368013\" xmlns=\"http:\/\/www.w3.org\/2000\/svg\" width=\"10px\" height=\"10px\" viewBox=\"0 0 24 24\" version=\"1.2\" baseProfile=\"tiny\"><path d=\"M18.2 9.3l-6.2-6.3-6.2 6.3c-.2.2-.3.4-.3.7s.1.5.3.7c.2.2.4.3.7.3h11c.3 0 .5-.1.7-.3.2-.2.3-.5.3-.7s-.1-.5-.3-.7zM5.8 14.7l6.2 6.3 6.2-6.3c.2-.2.3-.5.3-.7s-.1-.5-.3-.7c-.2-.2-.4-.3-.7-.3h-11c-.3 0-.5.1-.7.3-.2.2-.3.5-.3.7s.1.5.3.7z\"\/><\/svg><\/span><\/span><\/span><\/a><\/span><\/div>\n<nav><ul class='ez-toc-list ez-toc-list-level-1 ' ><li class='ez-toc-page-1 ez-toc-heading-level-2'><a class=\"ez-toc-link ez-toc-heading-1\" href=\"https:\/\/www.homewatch.es\/de\/6090-nueva-andalucia-marbella\/#Nueva_Andalucia_auf_der_Karte_Wo_befinden_wir_uns\" >Nueva Andaluc\u00eda auf der Karte: Wo befinden wir uns?<\/a><\/li><li class='ez-toc-page-1 ez-toc-heading-level-2'><a class=\"ez-toc-link ez-toc-heading-2\" href=\"https:\/\/www.homewatch.es\/de\/6090-nueva-andalucia-marbella\/#Die_Wurzeln_von_Nueva_Andalucia_Von_andalusischen_Feldern_zu_einem_Luxus-Hotspot\" >Die Wurzeln von Nueva Andaluc\u00eda: Von andalusischen Feldern zu einem Luxus-Hotspot<\/a><\/li><li class='ez-toc-page-1 ez-toc-heading-level-2'><a class=\"ez-toc-link ez-toc-heading-3\" href=\"https:\/\/www.homewatch.es\/de\/6090-nueva-andalucia-marbella\/#Ein_Tag_mit_uns_Unsere_Lieblingsorte_in_Nueva_Andalucia\" >Ein Tag mit uns: Unsere Lieblingsorte in Nueva Andaluc\u00eda<\/a><\/li><li class='ez-toc-page-1 ez-toc-heading-level-2'><a class=\"ez-toc-link ez-toc-heading-4\" href=\"https:\/\/www.homewatch.es\/de\/6090-nueva-andalucia-marbella\/#Kultur_Sport_in_Nueva_Andalucia\" >Kultur &amp; Sport in Nueva Andaluc\u00eda<\/a><\/li><li class='ez-toc-page-1 ez-toc-heading-level-2'><a class=\"ez-toc-link ez-toc-heading-5\" href=\"https:\/\/www.homewatch.es\/de\/6090-nueva-andalucia-marbella\/#Nueva_Andalucia_Alltag_Familienleben_geniessen\" >Nueva Andaluc\u00eda: Alltag &amp; Familienleben genie\u00dfen<\/a><\/li><li class='ez-toc-page-1 ez-toc-heading-level-2'><a class=\"ez-toc-link ez-toc-heading-6\" href=\"https:\/\/www.homewatch.es\/de\/6090-nueva-andalucia-marbella\/#Lieferservice_fuer_entspannte_Tage_zu_Hause\" >Lieferservice f\u00fcr entspannte Tage zu Hause<\/a><\/li><li class='ez-toc-page-1 ez-toc-heading-level-2'><a class=\"ez-toc-link ez-toc-heading-7\" href=\"https:\/\/www.homewatch.es\/de\/6090-nueva-andalucia-marbella\/#Transportdienste_Entfernungen_sind_fuer_uns_kein_Problem\" >Transportdienste: Entfernungen sind f\u00fcr uns kein Problem<\/a><\/li><li class='ez-toc-page-1 ez-toc-heading-level-2'><a class=\"ez-toc-link ez-toc-heading-8\" href=\"https:\/\/www.homewatch.es\/de\/6090-nueva-andalucia-marbella\/#Die_Umgebung_erkunden_Jenseits_von_Nueva_Andalucia\" >Die Umgebung erkunden: Jenseits von Nueva Andaluc\u00eda<\/a><\/li><li class='ez-toc-page-1 ez-toc-heading-level-2'><a class=\"ez-toc-link ez-toc-heading-9\" href=\"https:\/\/www.homewatch.es\/de\/6090-nueva-andalucia-marbella\/#Nueva_Andalucia_Der_Ort_um_Ihre_naechste_Geschichte_zu_schreiben_Sind_Sie_dabei\" >Nueva Andaluc\u00eda: Der Ort, um Ihre n\u00e4chste Geschichte zu schreiben. Sind Sie dabei?<\/a><\/li><li class='ez-toc-page-1 ez-toc-heading-level-2'><a class=\"ez-toc-link ez-toc-heading-10\" href=\"https:\/\/www.homewatch.es\/de\/6090-nueva-andalucia-marbella\/#Mietobjekte_in_Nueva_Andalucia_Marbella_Alle_Mietobjekte_Marbella_Nueva_Andalucia\" >Mietobjekte in Nueva Andaluc\u00eda, Marbella\n\t\t\t\t\t\t\t\t\t\t\t\t\t\t\t\tAlle Mietobjekte \/ Marbella \/ Nueva Andaluc\u00eda<\/a><\/li><li class='ez-toc-page-1 ez-toc-heading-level-2'><a class=\"ez-toc-link ez-toc-heading-11\" href=\"https:\/\/www.homewatch.es\/de\/6090-nueva-andalucia-marbella\/#Verkaufsobjekte_in_Nueva_Andalucia_Marbella_Alle_zum_Verkauf_stehenden_Immobilien_Marbella_Nueva_Andalucia\" >Verkaufsobjekte in Nueva Andaluc\u00eda, Marbella\n\t\t\t\t\t\t\t\t\t\t\t\t\t\t\t\tAlle zum Verkauf stehenden Immobilien \/ Marbella \/ Nueva Andaluc\u00eda<\/a><\/li><\/ul><\/nav><\/div>\n\n\n\n\n<p>Eine der exklusivsten und begehrtesten Gegenden Marbellas, gelegen n\u00f6rdlich von Puerto Ban\u00fas. Wenn Sie nach Ruhe und Natur suchen, sind Sie hier genau richtig. Und wenn Sie Freizeit, Aktivit\u00e4ten und ein pulsierendes Nachtleben suchen \u2013 dann ebenfalls!<\/p>\n\n\n\n<p>Nueva Andaluc\u00eda ist der Ort, an dem <strong>Entspannung und Unterhaltung<\/strong> aufeinandertreffen. Hier finden Sie eine gro\u00dfe Auswahl an <strong>Luxusvillen, hochwertigen Apartments<\/strong> und einige der besten <strong>Golfpl\u00e4tze<\/strong> an der Costa del Sol.<\/p>\n\n\n\n<p>Wir haben einen Tag damit verbracht, <strong>Nueva Andaluc\u00eda zu erkunden<\/strong>, und eine Liste mit unseren <strong>Top-Empfehlungen<\/strong> zusammengestellt, um diese Gegend in vollen Z\u00fcgen zu genie\u00dfen. Bereit, die <strong>verborgenen Sch\u00e4tze<\/strong> von Nueva Andaluc\u00eda zu entdecken? <strong>Los geht\u2019s!<\/strong><\/p>\n\n\n\n<figure class=\"position-relative my-5\"><a class=\"position-relative\" href=\"https:\/\/youtu.be\/TU-cX8cgHxk\" data-fancybox=\"video\" target=\"_blank\" rel=\"noopener\"><svg class=\"position-absolute top-50 start-50 translate-middle\" width=\"80\" fill=\"#fff\" viewBox=\"0 0 512 512\"><use href=\"https:\/\/www.homewatch.es\/wp-content\/themes\/inmobasolidbase\/dist\/src\/images\/icons.svg#svgPlay\"><\/use><\/svg><picture><source width=\"1920\" srcset=\"https:\/\/media.inmobalia.com\/imgV1\/B98Le8~d7M9k3Degnasou4SeXs2jeTR_PiwwSeLqOqIC4907UpvQnFtJljAkioC7kuEr6Z~ulrAsl79hYMCSerb1tM1x3htL6qH_qosaj8IKJQiNi48H09AhANk-.jpg 1920w\" type=\"image\/webp\"><img decoding=\"async\" class=\"img-fluid d-block w-100 my-4\" alt=\"Nueva Andaluc\u00eda, die Mediterrane eleganz Marbellas\" width=\"1920\" src=\"https:\/\/media.inmobalia.com\/imgV1\/B98Le8~d7M9k3DegigWijpPHfi0CkGBxNjyvwawbHYBfRTOjZB3vLkbI1XjyP3_xQamnK8n4XnU52hpBPUbyOTmWCaToAXSLv8TpKg--.jpg\"><\/picture><\/a><script type=\"application\/ld+json\">\n\t\t\t{\n\t\t\t\t\"@context\": \"https:\/\/schema.org\",\n\t\t\t\t\"@type\": \"VideoObject\",\n\t\t\t\t\"name\": \"Nueva Andaluc\u00eda, die Mediterrane eleganz Marbellas\",\n\t\t\t\t\"description\": \"Willkommen in Nueva Andaluc\u00eda! Eine der exklusivsten und begehrtesten Gegenden Marbellas, gelegen n\u00f6rdlich von Puerto Ban\u00fas. Wenn Sie nach Ruhe...\",\n\t\t\t\t\"thumbnailUrl\": \"https:\/\/img.youtube.com\/vi\/TU-cX8cgHxk\/maxresdefault.jpg\",\n\t\t\t\t\"uploadDate\": \"2025-02-21T13:40:47+0100\", \"embedUrl\": \"https:\/\/youtu.be\/TU-cX8cgHxk\"\t\t\t\n\t\t\t}\n\t\t\t<\/script><\/figure>\n\n\n<ul class=\"list-unstyled p-4 pb-5 border border-light\"><li class=\"text-black text-uppercase fw-bold mb-3\">Inhaltsverzeichnis<\/li><li><a href=\"#nueva+andalucia+auf+der+karte+wo+befinden+wir+uns\">Nueva Andaluc\u00eda auf der Karte: Wo befinden wir uns?<\/a><\/li>\n<li><a href=\"#die+wurzeln+von+nueva+andalucia+von+andalusischen+feldern+zu+einem+luxushotspot\">Die Wurzeln von Nueva Andaluc\u00eda: Von andalusischen Feldern zu einem Luxus-Hotspot<\/a><\/li>\n<li><a href=\"#ein+tag+mit+uns+unsere+lieblingsorte+in+nueva+andalucia\">Ein Tag mit uns: Unsere Lieblingsorte in Nueva Andaluc\u00eda<\/a><\/li>\n<li><a href=\"#kultur+amp+sport+in+nueva+andalucia\">Kultur &amp; Sport in Nueva Andaluc\u00eda<\/a><\/li>\n<li><a href=\"#nueva+andalucia+alltag+amp+familienleben+geniessen\">Nueva Andaluc\u00eda: Alltag &amp; Familienleben genie\u00dfen<\/a><\/li>\n<li><a href=\"#lieferservice+fur+entspannte+tage+zu+hause\">Lieferservice f\u00fcr entspannte Tage zu Hause<\/a><\/li>\n<li><a href=\"#transportdienste+entfernungen+sind+fur+uns+kein+problem\">Transportdienste: Entfernungen sind f\u00fcr uns kein Problem<\/a><\/li>\n<li><a href=\"#die+umgebung+erkunden+jenseits+von+nueva+andalucia\">Die Umgebung erkunden: Jenseits von Nueva Andaluc\u00eda<\/a><\/li>\n<li><a href=\"#nueva+andalucia+der+ort+um+ihre+nachste+geschichte+zu+schreiben+sind+sie+dabei\">Nueva Andaluc\u00eda: Der Ort, um Ihre n\u00e4chste Geschichte zu schreiben. Sind Sie dabei?<\/a><\/li><\/ul>\n\n\n\n<h2 class=\"wp-block-heading has-large-font-size\"><span class=\"ez-toc-section\" id=\"Nueva_Andalucia_auf_der_Karte_Wo_befinden_wir_uns\"><\/span><br><strong><strong><strong>Nueva Andaluc\u00eda auf der Karte: Wo befinden wir uns?<\/strong><\/strong><\/strong><span class=\"ez-toc-section-end\"><\/span><\/h2>\n\n\n\n<p>Nueva Andaluc\u00eda ist eine der <strong>exklusivsten und begehrtesten Wohngegenden<\/strong> in Marbella. <strong>Nordwestlich von Puerto Ban\u00fas<\/strong> gelegen, ist diese luxuri\u00f6se Urbanisation f\u00fcr ihre <strong>gehobene Atmosph\u00e4re, Sicherheit und erstklassigen Dienstleistungen<\/strong> bekannt.<\/p>\n\n\n\n<p>Sowohl bei <strong>Einheimischen als auch internationalen Besuchern<\/strong> beliebt, bietet Nueva Andaluc\u00eda die perfekte Kombination aus <strong>ruhigem Wohngebiet<\/strong> und unmittelbarer N\u00e4he zur <strong>lebhaften sozialen Szene<\/strong> der Costa del Sol.<\/p>\n\n\n\n<p>Ihr Reiz liegt in den sanften H\u00fcgeln, die atemberaubende <strong>Panoramablicke auf das Mittelmeer und den Berg La Concha<\/strong> bieten, der <strong>hervorragenden Infrastruktur<\/strong> sowie der N\u00e4he zu einigen der <strong>besten Golfpl\u00e4tze Spaniens<\/strong>, was ihr den Beinamen<strong> ''Golf Valley\u201c<\/strong> eingebracht hat.<br><\/p>\n\n\n\n<figure class=\"wp-caption aligncenter\">\n<picture><source width=\"1480\" srcset=\"https:\/\/media.inmobalia.com\/imgV1\/B98Le8~d7M9pwOKhCJcJLIfglZOtvyX13f98gUEkry2AXpxxwVVUW6beaB1CbHQXGOhTMxPEWoq2vSWoPxT0dWUFVpFov6NwmlNzq3qwzpnpHLdKCVvTJlkNmoNvb~EzIlcOTwymeG_FFt8Dir2TlpCZgS3jFOy1Vc3SmXK3ZQwwVVX6CKiS.png 1480w\" type=\"image\/webp\"><img decoding=\"async\" class=\"img-fluid \" width=\"1480\" src=\"https:\/\/media.inmobalia.com\/imgV1\/B98Le8~d7M9pwOKhCJcJLIN6jO1ByKD5uSZnq8Rqc8B6DMmmO7kOR4N0IvO6OvVh01P_J9~uLWOHBEWUQE3T~C5cLDWerHLR1PrO6NIclHXLyQ5pAxDD~ksaurP6tUuQ~GdhYz59oOzEgiGuVBDq31RaI8ki2R43SUGlsmsjhxQ-.png\"><\/picture>\n<figcaption class=\"wp-caption-text\"><\/figcaption>\n<\/figure>\n\n\n\n<p><br>Nueva Andaluc\u00eda liegt nur wenige Minuten von der <strong>Autobahn AP-7<\/strong> und der <strong>Nationalstra\u00dfe N-340\/A-7<\/strong> entfernt, die sich entlang der gesamten Costa del Sol erstrecken. Diese Stra\u00dfen erm\u00f6glichen <strong>bequemen Zugang<\/strong> zu zahlreichen interessanten Zielen.<\/p>\n\n\n\n<ul class=\"wp-block-list\">\n<li>Der <strong>Flughafen M\u00e1laga-Costa del Sol<\/strong> ist etwa <strong>45 Minuten (60 km)<\/strong> mit dem Auto entfernt, \u00fcber die <strong>AP-7<\/strong>, die wichtigste Verbindung zwischen der Region und dem internationalen Flughafen sowie dem Rest Andalusiens.<\/li>\n\n\n\n<li>Die <strong>AP-7 (Mautstra\u00dfe)<\/strong> bietet eine <strong>schnelle Verbindung<\/strong> nach <strong>M\u00e1laga und Gibraltar<\/strong>. Die <strong>N-340\/A-7 (mautfrei)<\/strong> ist eine Alternative mit <strong>mehreren Zufahrten<\/strong> zu den K\u00fcstenst\u00e4dten.<\/li>\n<\/ul>\n\n\n\n<p><br><strong>Entfernungen und Fahrtzeiten von Nueva Andaluc\u00eda zu beliebten Zielen:<\/strong><\/p>\n\n\n\n<p class=\"has-medium-font-size\"><strong>Puerto Ban\u00fas \u2013 5 Minuten (2 km)<\/strong><\/p>\n\n\n\n<p>Das ber\u00fchmte <strong>Puerto Ban\u00fas<\/strong>, bekannt f\u00fcr <strong>Luxusyachten, exklusive Boutiquen und pulsierendes Nachtleben<\/strong>, ist nur <strong>5 Minuten mit dem Auto<\/strong> entfernt. Alternativ kann man es auch in <strong>20 Minuten zu Fu\u00df<\/strong> erreichen.<\/p>\n\n\n\n<h4 class=\"wp-block-heading\"><strong>Marbella Zentrum \u2013 10 Minuten (7 km)<\/strong><\/h4>\n\n\n\n<p>Die charmante <strong>Altstadt von Marbella<\/strong>, mit ihren <strong>gepflasterten Gassen, der Plaza de los Naranjos<\/strong> und einer Vielzahl von Restaurants und Gesch\u00e4ften, ist <strong>nur 10 Autominuten entfernt<\/strong>.<\/p>\n\n\n\n<h4 class=\"wp-block-heading\"><strong>San Pedro Alc\u00e1ntara \u2013 5 Minuten (4 km)<\/strong><\/h4>\n\n\n\n<p>Dieses malerische K\u00fcstenst\u00e4dtchen bietet eine <strong>entspannte Atmosph\u00e4re<\/strong>, eine <strong>wundersch\u00f6ne Strandpromenade, lokale Restaurants<\/strong> und einen traditionellen Markt.<\/p>\n\n\n\n<h4 class=\"wp-block-heading\"><strong>Flughafen M\u00e1laga \u2013 45 Minuten (60 km)<\/strong><\/h4>\n\n\n\n<p>Der <strong>Flughafen M\u00e1laga-Costa del Sol<\/strong>, der sowohl <strong>nationale als auch internationale Fl\u00fcge<\/strong> bedient, ist das <strong>zentrale Eingangstor<\/strong> f\u00fcr Besucher von Nueva Andaluc\u00eda und der Costa del Sol.<\/p>\n\n\n\n<h4 class=\"wp-block-heading\"><strong>Gibraltar \u2013 1 Stunde (70 km)<\/strong><\/h4>\n\n\n\n<p>Der <strong>Felsen von Gibraltar<\/strong> ist ein beliebtes Ziel f\u00fcr <strong>Tagesausfl\u00fcge<\/strong> von Nueva Andaluc\u00eda. Er bietet eine <strong>einzigartige Mischung aus britischer und andalusischer Kultur<\/strong>, ein <strong>ber\u00fchmtes Naturschutzgebiet<\/strong> sowie <strong>zollfreies Einkaufen<\/strong>.<\/p>\n\n\n\n<p class=\"has-medium-font-size\"><strong>Golfpl\u00e4tze \u2013 3 bis 10 Minuten<\/strong><\/p>\n\n\n\n<p>Nueva Andaluc\u00eda is home to some of the <strong>best golf courses<\/strong> on the Costa del Sol, known for their <strong>exceptional quality and stunning landscapes<\/strong>:<\/p>\n\n\n\n<ul class=\"wp-block-list\">\n<li><strong>Los Naranjos Golf Club<\/strong> \u2013 <strong>3 Minuten (1 km)<\/strong><\/li>\n\n\n\n<li><strong>Aloha Golf Club<\/strong> \u2013 <strong>5 Minuten (2 km)<\/strong><\/li>\n\n\n\n<li><strong>Las Brisas Golf Club<\/strong> \u2013 <strong>6 Minuten (3 km)<\/strong><\/li>\n\n\n\n<li><strong>La Quinta Golf &amp; Country Club<\/strong> \u2013 <strong>10 Minuten (6 km<\/strong>)<\/li>\n<\/ul>\n\n\n\n<p class=\"has-medium-font-size\"><strong>Str\u00e4nde der Costa del Sol \u2013 5 bis 15 Minuten<\/strong><\/p>\n\n\n\n<ul class=\"wp-block-list\">\n<li><strong>Playa de Puerto Ban\u00fas<\/strong> \u2013 <strong>5 Minuten (2 km)<\/strong><\/li>\n\n\n\n<li><strong>Playa de San Pedro<\/strong> \u2013 <strong>10 Minuten (5 km)<\/strong><\/li>\n\n\n\n<li><strong>Playa de Nag\u00fceles (Goldene Meile)<\/strong> \u2013 <strong>12 Minuten (8 km)<\/strong><br><\/li>\n<\/ul>\n\n\n\n<p class=\"has-medium-font-size\"><strong>Sierra Blanca &amp; La Concha \u2013 30 Minuten (15 km)<\/strong><\/p>\n\n\n\n<p>F\u00fcr <strong>Naturliebhaber<\/strong> bieten die <strong>Sierra Blanca-Berge<\/strong> und der <strong>Gipfel La Concha<\/strong> beeindruckende <strong>Wanderwege<\/strong> mit atemberaubenden Ausblicken auf die Costa del Sol.<\/p>\n\n\n\n<h2 class=\"wp-block-heading\"><span class=\"ez-toc-section\" id=\"Die_Wurzeln_von_Nueva_Andalucia_Von_andalusischen_Feldern_zu_einem_Luxus-Hotspot\"><\/span><br><strong><strong>Die Wurzeln von Nueva Andaluc\u00eda: Von andalusischen Feldern zu einem Luxus-Hotspot<\/strong><\/strong><span class=\"ez-toc-section-end\"><\/span><\/h2>\n\n\n\n<p>Wenn <strong>Nueva Andaluc\u00eda<\/strong> heute f\u00fcr <strong>Luxus, Exklusivit\u00e4t und einen gehobenen Lebensstil<\/strong> steht, war das nicht immer so. Bevor dieses Gebiet Marbellas zum <strong>Paradies f\u00fcr Golfer und Liebhaber des gehobenen Wohnens<\/strong> wurde, war es eine l\u00e4ndliche Region mit <strong>landwirtschaftlichen Fl\u00e4chen und traditionellen andalusischen Anwesen<\/strong>. Seine Entwicklung ist eine Geschichte von <strong>Vision, Ehrgeiz und einem Hauch von Glamour<\/strong>.<\/p>\n\n\n\n<p>Stellen Sie sich Nueva Andaluc\u00eda vor <strong>vor einem Jahrhundert<\/strong>: <strong>weite Olivenhaine, Weinberge und Obstg\u00e4rten<\/strong>, durchzogen von <strong>staubigen Feldwegen<\/strong>, umgeben von Bergen. Damals war Marbella nicht mehr als ein <strong>ruhiges Fischerdorf<\/strong>, weit entfernt vom heutigen Luxus mit seinen Yachten und exklusiven Boutiquen.<\/p>\n\n\n\n<p>Ende der <strong>1960er Jahre<\/strong> kaufte der <strong>Unternehmer Jos\u00e9 Ban\u00fas<\/strong> ein riesiges St\u00fcck Land nordwestlich von Marbella. Seine Vision war ehrgeizig: <strong>eine Luxusurbanisation mit gro\u00dfz\u00fcgigen Villen, breiten Stra\u00dfen, erstklassigen Golfpl\u00e4tzen und einem Yachthafen zu erschaffen, der Geschichte schreiben sollte<\/strong>.<\/p>\n\n\n\n<p>So entstand <strong>Nueva Andaluc\u00eda<\/strong>, eine <strong>hochwertige Wohngegend<\/strong>, die <strong>traditionelle andalusische Architektur mit modernstem Komfort<\/strong> verband. Dann kam der entscheidende Moment: <strong>1970 wurde Puerto Ban\u00fas eingeweiht<\/strong>, eine Marina, die schnell zum <strong>internationalen Symbol f\u00fcr Luxus<\/strong> wurde und die <strong>Weltelite<\/strong> anzog. Mit Puerto Ban\u00fas sicherte sich Nueva Andaluc\u00eda seinen Platz als <strong>Juwel der Costa del Sol<\/strong>.<\/p>\n\n\n\n<p>Heute entwickelt sich Nueva Andaluc\u00eda weiter, ohne seinen <strong>Charakter zu verlieren<\/strong>. Es bleibt ein Ort, an dem <strong>Ruhe und Raffinesse<\/strong> Hand in Hand gehen \u2013 mit <strong>atemberaubenden Immobilien, erstklassigen Restaurants und einem Lebensstil, der andalusischen Charme mit internationalem Glamour<\/strong> vereint.<\/p>\n\n\n\n<p>Und das Beste? <strong>Auch nach all den Jahren ist es weiterhin ein wahr gewordener Traum f\u00fcr viele.<\/strong><\/p>\n\n\n\n<h2 class=\"wp-block-heading\"><span class=\"ez-toc-section\" id=\"Ein_Tag_mit_uns_Unsere_Lieblingsorte_in_Nueva_Andalucia\"><\/span><br><strong><strong>Ein Tag mit uns: Unsere Lieblingsorte in Nueva Andaluc\u00eda<\/strong><\/strong><span class=\"ez-toc-section-end\"><\/span><\/h2>\n\n\n\n<p>Wir haben einen Tag damit verbracht, <strong>Nueva Andaluc\u00eda zu erkunden<\/strong>, um Ihnen die <strong>besten Empfehlungen<\/strong> zu pr\u00e4sentieren.<\/p>\n\n\n\n<p>Nueva Andaluc\u00eda bietet eine <strong>gastronomische Szene, die so vielf\u00e4ltig wie exquisit ist<\/strong>. Von <strong>gem\u00fctlichen Caf\u00e9s<\/strong> bis hin zu <strong>Restaurants mit atemberaubender Aussicht<\/strong> \u2013 <strong>gehobene K\u00fcche ist hier ein wesentlicher Bestandteil des Lebens<\/strong>.<\/p>\n\n\n\n<p>Wir freuen uns darauf, einige unserer <strong>Lieblingsorte<\/strong> mit Ihnen zu teilen \u2013 Orte, die uns mit <strong>hervorragender Qualit\u00e4t, Atmosph\u00e4re und exzellentem Service<\/strong> begeistert haben.<\/p>\n\n\n\n<h4 class=\"wp-block-heading\"><a href=\"https:\/\/www.facebook.com\/p\/Vasari-caf%C3%A9-100047699061526\/?locale=es_ES\" data-type=\"link\" data-id=\"https:\/\/www.facebook.com\/p\/Vasari-caf%C3%A9-100047699061526\/?locale=es_ES\" target=\"_blank\" rel=\"noopener\">Vasari Caf\u00e9<\/a><\/h4>\n\n\n\n<figure class=\"wp-caption aligncenter\">\n<picture><source width=\"1480\" srcset=\"https:\/\/media.inmobalia.com\/imgV1\/B98Le8~d7M9pwOKhCJcJLIfglZOtvyX13f98gUEkry2AXpxxwVVUW6beaB1CbHQXGOhTMxPEWoq2vSWoPxT0dWUFVpFov6NwmlNzq3qwzpnpHLdKCVvTJg~OaLtH.png 1480w\" type=\"image\/webp\"><img decoding=\"async\" class=\"img-fluid \" width=\"1480\" src=\"https:\/\/media.inmobalia.com\/imgV1\/B98Le8~d7M9pwOKhCJcJLIN6jO1ByKD5uSZnq8Rqc8B6DMmmO7kOR4N0IvO6OvVh01P_J9~uLWOHBEWUQE3T~C5cLDWerHLR1PrO6NIclHXLnxJg1gc-.png\"><\/picture>\n<figcaption class=\"wp-caption-text\"><\/figcaption>\n<\/figure>\n\n\n\n<p>Im Herzen des <strong>Vasari Resorts<\/strong> gelegen, ist das <strong>Vasari Caf\u00e9<\/strong> ein <strong>kleines Paradies<\/strong> f\u00fcr alle, die <strong>entspannte Fr\u00fchst\u00fccke, hausgemachte Mittagessen und unwiderstehliche Nachmittagsleckereien<\/strong> genie\u00dfen m\u00f6chten. Schon beim Betreten hat uns dieses <strong>gem\u00fctliche Caf\u00e9<\/strong> mit seiner <strong>entspannten Atmosph\u00e4re und herzlichen Gastfreundschaft<\/strong> begeistert.<\/p>\n\n\n\n<p>Doch wenn es einen <strong>besonderen Tag<\/strong> im <strong>Vasari Caf\u00e9<\/strong> gibt, dann ist es <strong>Freitag<\/strong> \u2013 an diesem Tag wird hier <strong>hausgemachtes Couscous<\/strong> serviert, eine wahre K\u00f6stlichkeit, der wir nicht widerstehen konnten. Die <strong>Mischung aus Gew\u00fcrzen, Texturen und Aromen<\/strong> hat uns beeindruckt, und das Erlebnis wurde perfekt abgerundet durch die <strong>hausgemachten Kuchen<\/strong>, die einfach spektakul\u00e4r sind.<\/p>\n\n\n\n<figure class=\"wp-caption aligncenter\">\n<picture><source width=\"1480\" srcset=\"https:\/\/media.inmobalia.com\/imgV1\/B98Le8~d7M9pwOKhCJcJLIfglZOtvyX13f98gUEkry2AXpxxwVVUW6beaB1CbHQXGOhTMxPEWoq2vSWoPxT0dWUFVpFov6NwmlNzq3qwzpnpHLdKCVvTJg48E3zO.png 1480w\" type=\"image\/webp\"><img decoding=\"async\" class=\"img-fluid \" width=\"1480\" src=\"https:\/\/media.inmobalia.com\/imgV1\/B98Le8~d7M9pwOKhCJcJLIN6jO1ByKD5uSZnq8Rqc8B6DMmmO7kOR4N0IvO6OvVh01P_J9~uLWOHBEWUQE3T~C5cLDWerHLR1PrO6NIclHXLnppvl4M-.png\"><\/picture>\n<figcaption class=\"wp-caption-text\"><\/figcaption>\n<\/figure>\n\n\n\n<p>Die <strong>Magie des Vasari Caf\u00e9s<\/strong> liegt jedoch nicht nur im <strong>Essen<\/strong>, sondern auch an <strong>Sergio<\/strong>, dem <strong>Herz und der Seele des Caf\u00e9s<\/strong>. Seine <strong>Freundlichkeit und Leidenschaft<\/strong> haben diesen Ort zu einem <strong>Lieblingsplatz der Einheimischen<\/strong> gemacht.<\/p>\n\n\n\n<p>Die <strong>Speisekarte<\/strong> bietet eine Vielzahl an Optionen \u2013 von <strong>Toast und Obstschalen<\/strong> zum perfekten Start in den Tag bis hin zu <strong>frischen Salaten und hausgemachten Gerichten<\/strong> zum Mittagessen. Und wenn Sie auf der Suche nach einem <strong>perfekten Ort f\u00fcr eine entspannte Kaffeepause am Nachmittag<\/strong> sind, dann sind Sie hier genau richtig.<\/p>\n\n\n\n<ul class=\"wp-block-list\">\n<li><strong>PREISSPANNE:<\/strong> 10 - 20 \u20ac pro Person<\/li>\n\n\n\n<li><strong>\u00d6FFNUNGSZEITEN:<\/strong> Montag bis Freitag, 8:00 \u2013 18:00 Uhr<\/li>\n\n\n\n<li><a href=\"https:\/\/www.google.es\/maps\/place\/Vasari+Caf%C3%A9\/@36.4959228,-4.9556979,1628m\/data=!3m3!1e3!4b1!5s0xd7329c215984bf3:0xafbdfc37a07963ad!4m6!3m5!1s0xd7329c32ae3e9ff:0x33e8e7571fe7056c!8m2!3d36.4959185!4d-4.953123!16s%2Fg%2F1tkp13zt?hl=es&amp;entry=ttu&amp;g_ep=EgoyMDI1MDIxMi4wIKXMDSoASAFQAw%3D%3D\" data-type=\"link\" data-id=\"https:\/\/www.google.es\/maps\/place\/Vasari+Caf%C3%A9\/@36.4959228,-4.9556979,1628m\/data=!3m3!1e3!4b1!5s0xd7329c215984bf3:0xafbdfc37a07963ad!4m6!3m5!1s0xd7329c32ae3e9ff:0x33e8e7571fe7056c!8m2!3d36.4959185!4d-4.953123!16s%2Fg%2F1tkp13zt?hl=es&amp;entry=ttu&amp;g_ep=EgoyMDI1MDIxMi4wIKXMDSoASAFQAw%3D%3D\" target=\"_blank\" rel=\"noopener\">ADRESSE<\/a>: Urbanizaci\u00f3n La Alzambra, Edificio Vasari Center, Nueva Andaluc\u00eda, 29660 Marbella, M\u00e1laga<\/li>\n\n\n\n<li><strong>LIEFERUNG &amp; TAKEAWAY:<\/strong> Verf\u00fcgbar<\/li>\n\n\n\n<li><strong>TELEFON:<\/strong> +34 951 31 97 26<\/li>\n<\/ul>\n\n\n\n<h4 class=\"wp-block-heading\"><br><a href=\"https:\/\/divot.es\/en\/\" data-type=\"link\" data-id=\"https:\/\/divot.es\/en\/\" target=\"_blank\" rel=\"noopener\">Divot Gastro Grill<\/a><\/h4>\n\n\n\n<p>Wenn es in <strong>Nueva Andaluc\u00eda<\/strong> einen Ort gibt, an dem <strong>Ruhe, atemberaubende Landschaften und au\u00dfergew\u00f6hnliche K\u00fcche<\/strong> aufeinandertreffen, dann ist es das <strong>Divot Gastro Grill<\/strong>.<\/p>\n\n\n\n<figure class=\"wp-caption aligncenter\">\n<picture><source width=\"1480\" srcset=\"https:\/\/media.inmobalia.com\/imgV1\/B98Le8~d7M9pwOKhCJcJLIfglZOtvyX13f98gUEkry2AXpxxwVVUW6beaB1CbHQXGOhTMxPEWoq2vSWoPxT0dWUFVpFov6NwmlNzq3qwzpnpHLdKCVvTJg1jdBN0.png 1480w\" type=\"image\/webp\"><img decoding=\"async\" class=\"img-fluid \" width=\"1480\" src=\"https:\/\/media.inmobalia.com\/imgV1\/B98Le8~d7M9pwOKhCJcJLIN6jO1ByKD5uSZnq8Rqc8B6DMmmO7kOR4N0IvO6OvVh01P_J9~uLWOHBEWUQE3T~C5cLDWerHLR1PrO6NIclHXLnfKS14A-.png\"><\/picture>\n<figcaption class=\"wp-caption-text\"><\/figcaption>\n<\/figure>\n\n\n\n<p>Umgeben von <strong>spektakul\u00e4ren G\u00e4rten, Teichen und Springbrunnen<\/strong>, bietet dieses Restaurant eine <strong>idyllische Kulisse<\/strong> f\u00fcr ein <strong>entspanntes Mittagessen im Freien<\/strong>. Die <strong>friedliche Atmosph\u00e4re<\/strong> der Terrasse, kombiniert mit der <strong>wundersch\u00f6nen Aussicht<\/strong> und der \u00fcberraschenden Pr\u00e4senz von <strong>Schildkr\u00f6ten, die in der N\u00e4he umherwandern<\/strong>, machte unseren Besuch zu einem <strong>einzigartigen Erlebnis<\/strong>.<\/p>\n\n\n\n<p>Doch wenn die <strong>Kulisse schon beeindruckend ist, ist das Essen noch besser<\/strong>. Das <strong>Divot Gastro Grill<\/strong> ist auf <strong>hochwertiges Fleisch<\/strong> spezialisiert und beherrscht jede <strong>Fleischsorte<\/strong> bis zur Perfektion. Von <strong>zarten Filets und Ribeye-Steaks<\/strong> bis hin zu einem beeindruckenden <strong>Tomahawk-Steak<\/strong> \u2013 jedes Gericht ist ein wahres <strong>Fest f\u00fcr Fleischliebhaber<\/strong>. Auch <strong>Fisch- und mediterrane Gerichte<\/strong> stehen auf der Speisekarte, doch die wahre Expertise liegt in den <strong>Grillspezialit\u00e4ten<\/strong>.<\/p>\n\n\n\n<figure class=\"wp-caption aligncenter\">\n<picture><source width=\"1480\" srcset=\"https:\/\/media.inmobalia.com\/imgV1\/B98Le8~d7M9pwOKhCJcJLIfglZOtvyX13f98gUEkry2AXpxxwVVUW6beaB1CbHQXGOhTMxPEWoq2vSWoPxT0dWUFVpFov6NwmlNzq3qwzpnpHLdKCVvTJgy4p7r_.png 1480w\" type=\"image\/webp\"><img decoding=\"async\" class=\"img-fluid \" width=\"1480\" src=\"https:\/\/media.inmobalia.com\/imgV1\/B98Le8~d7M9pwOKhCJcJLIN6jO1ByKD5uSZnq8Rqc8B6DMmmO7kOR4N0IvO6OvVh01P_J9~uLWOHBEWUQE3T~C5cLDWerHLR1PrO6NIclHXLnIaekVY-.png\"><\/picture>\n<figcaption class=\"wp-caption-text\"><\/figcaption>\n<\/figure>\n\n\n\n<p>Der <strong>Service ist makellos<\/strong>, mit einem <strong>freundlichen und aufmerksamen Team<\/strong>, das daf\u00fcr sorgt, dass man sich <strong>wie zu Hause f\u00fchlt<\/strong>. Ein Essen im <strong>Divot Gastro Grill<\/strong> bedeutet nicht nur ausgezeichnetes Essen zu genie\u00dfen \u2013 es ist ein <strong>ganzheitliches Erlebnis<\/strong>, bei dem <strong>jedes Detail<\/strong> dazu beitr\u00e4gt, den Besuch <strong>unvergesslich zu machen<\/strong>.<\/p>\n\n\n\n<ul class=\"wp-block-list\">\n<li><strong>PREISSPANNE:<\/strong> 30 - 60 \u20ac pro Person<\/li>\n\n\n\n<li><strong>\u00d6FFNUNGSZEITEN:<\/strong> T\u00e4glich, 13:00 \u2013 23:30 Uhr<\/li>\n\n\n\n<li><a href=\"https:\/\/www.google.es\/maps\/place\/DIVOT+Gastro+Grill\/@36.503598,-4.9520204,814m\/data=!3m2!1e3!4b1!4m6!3m5!1s0xd7329dc3b521e85:0xed98d88632b5bfa6!8m2!3d36.5035937!4d-4.9494455!16s%2Fg%2F11fmf4393j?hl=es&amp;entry=ttu&amp;g_ep=EgoyMDI1MDIxMi4wIKXMDSoASAFQAw%3D%3D\" data-type=\"link\" data-id=\"https:\/\/www.google.es\/maps\/place\/DIVOT+Gastro+Grill\/@36.503598,-4.9520204,814m\/data=!3m2!1e3!4b1!4m6!3m5!1s0xd7329dc3b521e85:0xed98d88632b5bfa6!8m2!3d36.5035937!4d-4.9494455!16s%2Fg%2F11fmf4393j?hl=es&amp;entry=ttu&amp;g_ep=EgoyMDI1MDIxMi4wIKXMDSoASAFQAw%3D%3D\" target=\"_blank\" rel=\"noopener\">ADRESSE<\/a>: Ban\u00fas Executive Golf, Cam. del \u00c1ngel, s\/n, Nueva Andaluc\u00eda, 29660 Marbella, M\u00e1laga<\/li>\n\n\n\n<li><strong>LIEFERUNG &amp; TAKEAWAY:<\/strong> Nur Abholung verf\u00fcgbar, keine Lieferung nach Hause<\/li>\n\n\n\n<li><strong>TELEFON:<\/strong> +34 951 56 61 72<\/li>\n<\/ul>\n\n\n\n<h4 class=\"wp-block-heading\"><br><a href=\"https:\/\/alabarderobeach.es\/en\/home\/\" data-type=\"link\" data-id=\"https:\/\/alabarderobeach.es\/en\/home\/\" target=\"_blank\" rel=\"noopener\">Alabardero Beach Club<\/a><\/h4>\n\n\n\n<figure class=\"wp-caption aligncenter\">\n<picture><source width=\"1480\" srcset=\"https:\/\/media.inmobalia.com\/imgV1\/B98Le8~d7M9pwOKhCJcJLIfglZOtvyX13f98gUEkry2AXpxxwVVUW6beaB1CbHQXGOhTMxPEWoq2vSWoPxT0dWUFVpFov6NwmlNzq3qwzpnpHLdKCVvTJgLEHZgt.png 1480w\" type=\"image\/webp\"><img decoding=\"async\" class=\"img-fluid \" width=\"1480\" src=\"https:\/\/media.inmobalia.com\/imgV1\/B98Le8~d7M9pwOKhCJcJLIN6jO1ByKD5uSZnq8Rqc8B6DMmmO7kOR4N0IvO6OvVh01P_J9~uLWOHBEWUQE3T~C5cLDWerHLR1PrO6NIclHXLkkgKgQU-.png\"><\/picture>\n<figcaption class=\"wp-caption-text\"><\/figcaption>\n<\/figure>\n\n\n\n<p>Von der ersten Minute an hat uns die <strong>Energie des Alabardero Beach Clubs<\/strong> in ihren Bann gezogen. Das <strong>freundliche und lebhafte Personal<\/strong> verwandelte unseren Nachmittag in ein <strong>unvergessliches Erlebnis<\/strong> und sorgte daf\u00fcr, dass jeder Moment von <strong>Herzlichkeit und Freude<\/strong> gepr\u00e4gt war.<\/p>\n\n\n\n<p>Die <strong><strong><a href=\"http:\/\/chrome-extension:\/\/efaidnbmnnnibpcajpcglclefindmkaj\/https:\/\/alabarderobeach.es\/wp-content\/uploads\/2025\/02\/Carta-Alabardero-Beach-Club-Marbella.pdf\" data-type=\"link\" data-id=\"chrome-extension:\/\/efaidnbmnnnibpcajpcglclefindmkaj\/https:\/\/alabarderobeach.es\/wp-content\/uploads\/2025\/02\/Carta-Alabardero-Beach-Club-Marbella.pdf\">speisekarte<\/a><\/strong><\/strong> ist umfangreich und vielf\u00e4ltig \u2013 von <strong>frischen Meeresfr\u00fcchten und Reisgerichten<\/strong> bis hin zu <strong>zarten Fleischgerichten und exquisiten Tapas<\/strong>. Doch das wahre Highlight unseres Besuchs war die <strong>perfekte Kombination aus Gastronomie und Unterhaltung<\/strong>: Wir genossen <strong>Live-Musik<\/strong> und <strong>kunstvoll zubereitete Cocktails<\/strong>, die mit <strong>gro\u00dfer Liebe zum Detail<\/strong> pr\u00e4sentiert wurden.<\/p>\n\n\n\n<p>\u00dcber seine <strong>kulinarische Exzellenz<\/strong> hinaus besticht der <strong>Alabardero Beach Club<\/strong> durch seine <strong>beeindruckenden Einrichtungen<\/strong>. Er verf\u00fcgt \u00fcber eine <strong>gro\u00dfz\u00fcgige Au\u00dfenterrasse mit Panoramablick auf das Meer<\/strong>, einen <strong>\u00fcppigen Garten mit Pool<\/strong> sowie einen <strong>Chill-out-Bereich an der Promenade<\/strong>, der ideal ist, um mit einem <strong>Cocktail oder einem Glas Wein zu entspannen<\/strong>.<\/p>\n\n\n\n<p>Diese <strong>einzigartige Kulisse<\/strong> macht den Beach Club zum perfekten Ort f\u00fcr <strong>Feiern, besondere Anl\u00e4sse oder einfach ein genussvolles Essen mit Familie und Freunden<\/strong>.<\/p>\n\n\n\n<ul class=\"wp-block-list\">\n<li><strong>PREISSPANNE:<\/strong> 10 - 60 \u20ac pro Person<\/li>\n\n\n\n<li><strong>\u00d6FFNUNGSZEITEN:<\/strong> T\u00e4glich, 9:00 \u2013 23:00 Uhr<\/li>\n\n\n\n<li><a href=\"https:\/\/www.google.es\/maps\/place\/Alabardero+Beach+Club+Marbella\/@36.4785314,-4.9770904,1629m\/data=!3m2!1e3!4b1!4m6!3m5!1s0xd732a20ac761c01:0xbd5eeecfbe4a3f41!8m2!3d36.4785314!4d-4.9770904!16s%2Fg%2F12qf57bq7?hl=es&amp;entry=ttu&amp;g_ep=EgoyMDI1MDIxMi4wIKXMDSoASAFQAw%3D%3D\" data-type=\"link\" data-id=\"https:\/\/www.google.es\/maps\/place\/Alabardero+Beach+Club+Marbella\/@36.4785314,-4.9770904,1629m\/data=!3m2!1e3!4b1!4m6!3m5!1s0xd732a20ac761c01:0xbd5eeecfbe4a3f41!8m2!3d36.4785314!4d-4.9770904!16s%2Fg%2F12qf57bq7?hl=es&amp;entry=ttu&amp;g_ep=EgoyMDI1MDIxMi4wIKXMDSoASAFQAw%3D%3D\" target=\"_blank\" rel=\"noopener\">ADRESSE:<\/a> Urb. Castiglione, s\/n, 29670 Marbella, M\u00e1laga<\/li>\n\n\n\n<li><strong>LIEFERUNG &amp; TAKEAWAY:<\/strong> Verf\u00fcgbar<\/li>\n\n\n\n<li><strong>TELEFONNUMMER:<\/strong> +34 952 78 05 52<\/li>\n<\/ul>\n\n\n\n<h4 class=\"wp-block-heading\"><br><a href=\"https:\/\/ammomarbella.com\/landing\/\" data-type=\"link\" data-id=\"https:\/\/ammomarbella.com\/\" target=\"_blank\" rel=\"noopener\">\u00c1mmo Beach Club<\/a><\/h4>\n\n\n\n<figure class=\"wp-caption aligncenter\">\n<picture><source width=\"1480\" srcset=\"https:\/\/media.inmobalia.com\/imgV1\/B98Le8~d7M9pwOKhCJcJLIfglZOtvyX13f98gUEkry2AXpxxwVVUW6beaB1CbHQXGOhTMxPEWoq2vSWoPxT0dWUFVpFov6NwmlNzq3qwzpnpHLdKCVvTJgMSI74~.png 1480w\" type=\"image\/webp\"><img decoding=\"async\" class=\"img-fluid \" width=\"1480\" src=\"https:\/\/media.inmobalia.com\/imgV1\/B98Le8~d7M9pwOKhCJcJLIN6jO1ByKD5uSZnq8Rqc8B6DMmmO7kOR4N0IvO6OvVh01P_J9~uLWOHBEWUQE3T~C5cLDWerHLR1PrO6NIclHXLkzHRmq4-.png\"><\/picture>\n<figcaption class=\"wp-caption-text\"><\/figcaption>\n<\/figure>\n\n\n\n<p>Im Zuge unserer Erkundung des <strong>Grupo Lezama<\/strong>, direkt neben dem <strong>Alabardero Beach Club<\/strong>, haben wir <strong>\u00c1mmo<\/strong> entdeckt \u2013 einen Ort, an dem <strong>frische Zutaten, authentische Aromen und eine entspannte Strandatmosph\u00e4re<\/strong> auf wunderbare Weise verschmelzen.<\/p>\n\n\n\n<p>Die <strong><strong><a href=\"http:\/\/chrome-extension:\/\/efaidnbmnnnibpcajpcglclefindmkaj\/https:\/\/ammomarbella.com\/wp-content\/uploads\/2024\/03\/Carta-comida-bebida-eng.pdf\" data-type=\"link\" data-id=\"chrome-extension:\/\/efaidnbmnnnibpcajpcglclefindmkaj\/https:\/\/ammomarbella.com\/wp-content\/uploads\/2024\/03\/Carta-comida-bebida-eng.pdf\">speisekarte<\/a><\/strong><\/strong> konzentriert sich auf <strong>hochwertige, frisch zubereitete Gerichte<\/strong>, mit einem besonderen Fokus auf <strong>Paellas und traditionelles pesca\u00edto frito<\/strong>. G\u00e4ste k\u00f6nnen zwischen <strong>Meeresfr\u00fcchte-, H\u00e4hnchen- oder Gem\u00fcsepaellas<\/strong> w\u00e4hlen \u2013 alle aus <strong>erstklassigen Zutaten<\/strong> zubereitet und ein wahres <strong>kulinarisches Erlebnis<\/strong>.<\/p>\n\n\n\n<p>\u00dcber die <strong>exzellente K\u00fcche<\/strong> hinaus ist <strong>\u00c1mmo<\/strong> auch f\u00fcr seine <strong><a href=\"http:\/\/chrome-extension:\/\/efaidnbmnnnibpcajpcglclefindmkaj\/https:\/\/ammomarbella.com\/wp-content\/uploads\/2024\/03\/Carta-Cocktails-Ammo-eng.pdf\" data-type=\"link\" data-id=\"chrome-extension:\/\/efaidnbmnnnibpcajpcglclefindmkaj\/https:\/\/ammomarbella.com\/wp-content\/uploads\/2024\/03\/Carta-Cocktails-Ammo-eng.pdf\">cocktailbar<\/a><\/strong>, bekannt, in der <strong>erfahrene Mixologen<\/strong> alles kreieren \u2013 von klassischen <strong>Mojitos<\/strong> bis hin zu <strong>exklusiven Signature-Drinks<\/strong>. Perfekt, um sich auf den <strong>Sonnenliegen oder am Pool<\/strong> zu entspannen.<\/p>\n\n\n\n<p>Ein besonders <strong>einzigartiges Merkmal<\/strong> von <strong>\u00c1mmo<\/strong> ist sein <strong>Pool<\/strong>, der von <strong>feinem Sand aus C\u00e1diz<\/strong> umgeben ist \u2013 ein authentisches <strong>Stranderlebnis<\/strong>, ohne das Gel\u00e4nde zu verlassen. G\u00e4ste k\u00f6nnen eine <a href=\"http:\/\/chrome-extension:\/\/efaidnbmnnnibpcajpcglclefindmkaj\/https:\/\/ammomarbella.com\/wp-content\/uploads\/2025\/02\/precio-hamacas-2025-eng-temp-baja.pdf.pdf\" data-type=\"link\" data-id=\"chrome-extension:\/\/efaidnbmnnnibpcajpcglclefindmkaj\/https:\/\/ammomarbella.com\/wp-content\/uploads\/2025\/02\/precio-hamacas-2025-eng-temp-baja.pdf.pdf\"><strong>sonnenliege reservieren<\/strong> <\/a>und die <strong>entspannte Atmosph\u00e4re in vollen Z\u00fcgen genie\u00dfen<\/strong>.<\/p>\n\n\n\n<p>F\u00fcr diejenigen, die eine <strong>private Eventlocation<\/strong> suchen, bietet <strong>\u00c1mmo<\/strong> ma\u00dfgeschneiderte <strong>Services<\/strong>, die sich perfekt an jede Art von Veranstaltung anpassen \u2013 sei es ein <strong>Brunch, eine Poolparty oder ein exklusives Dinner mit spektakul\u00e4rem Meerblick<\/strong>.<\/p>\n\n\n\n<ul class=\"wp-block-list\">\n<li><strong>PREISSPANNE:<\/strong> 10 - 60 \u20ac pro Person. <strong>Sonnenliegenvermietung:<\/strong> ca. 30 \u20ac pro Tag.<\/li>\n\n\n\n<li><strong>\u00d6FFNUNGSZEITEN:<\/strong> <strong>Montag bis Freitag:<\/strong> 9:00 \u2013 21:00 Uhr. <strong>Wochenende:<\/strong> 9:00 \u2013 22:00 Uhr<\/li>\n\n\n\n<li><a href=\"https:\/\/www.google.com\/maps\/place\/Dune+Beach+Marbella\/@36.4986449,-4.8118783,17z\/data=!4m6!3m5!1s0xd7327bb507b8631:0x1c4877b18e1a7290!8m2!3d36.4986449!4d-4.8118783!16s%2Fg%2F11v00bsc2w?entry=ttu\" target=\"_blank\" rel=\"noopener\">ADRESSE<\/a>: Urb. Castiglione, s\/n, 29670 Marbella, M\u00e1laga<\/li>\n\n\n\n<li><strong>LIEFERUNG &amp; TAKEAWAY:<\/strong> Nicht verf\u00fcgbar.<\/li>\n\n\n\n<li><strong>TELEFONNUMMER:<\/strong> +34 638 03 83 69<\/li>\n<\/ul>\n\n\n\n<h4 class=\"wp-block-heading\"><a href=\"http:\/\/AfmBOooetkvl4mC67hhhzb6kHNjyhaeTPeo4MKVfdDLHckhSTw5qCqni\" data-type=\"link\" data-id=\"https:\/\/solowine.es\/?srsltid=AfmBOooetkvl4mC67hhhzb6kHNjyhaeTPeo4MKVfdDLHckhSTw5qCqni\">Solo Wine<\/a><\/h4>\n\n\n\n<figure class=\"wp-caption aligncenter\">\n<picture><source width=\"1480\" srcset=\"https:\/\/media.inmobalia.com\/imgV1\/B98Le8~d7M9pwOKhCJcJLIfglZOtvyX13f98gUEkry2AXpxxwVVUW6beaB1CbHQXGOhTMxPEWoq2vSWoPxT0dWUFVpFov6NwmlNzq3qwzpnpHLdKCVvTJgkgXvWv.png 1480w\" type=\"image\/webp\"><img decoding=\"async\" class=\"img-fluid \" width=\"1480\" src=\"https:\/\/media.inmobalia.com\/imgV1\/B98Le8~d7M9pwOKhCJcJLIN6jO1ByKD5uSZnq8Rqc8B6DMmmO7kOR4N0IvO6OvVh01P_J9~uLWOHBEWUQE3T~C5cLDWerHLR1PrO6NIclHXLmVomiz0-.png\"><\/picture>\n<figcaption class=\"wp-caption-text\"><\/figcaption>\n<\/figure>\n\n\n\n<p>Wenn Sie ein <strong>Weinliebhaber<\/strong> sind, f\u00fchlt sich ein Besuch bei <strong>Solo Wine<\/strong> in <strong>Nueva Andaluc\u00eda<\/strong> an wie die <strong>Entdeckung eines exklusiven Refugiums<\/strong>, in dem jede Flasche eine eigene Geschichte erz\u00e4hlt.<\/p>\n\n\n\n<p>Schon beim Betreten werden Sie vom <strong>Duft von Holz und Trauben<\/strong> empfangen, w\u00e4hrend sorgf\u00e4ltig arrangierte <strong>Regale eine kuratierte Auswahl an Weinen aus der ganzen Welt<\/strong> pr\u00e4sentieren.<\/p>\n\n\n\n<p>Die <strong>kompetenten Experten<\/strong> vor Ort begr\u00fc\u00dfen Sie mit einem <strong>freundlichen L\u00e4cheln<\/strong> und stehen Ihnen jederzeit zur Verf\u00fcgung, um Ihnen bei der Wahl des <strong>perfekten Weins<\/strong> zu helfen \u2013 sei es f\u00fcr eine besondere Gelegenheit oder um bei Ihrem n\u00e4chsten Dinner einen bleibenden Eindruck zu hinterlassen.<\/p>\n\n\n\n<p>Doch <strong>Solo Wine<\/strong> ist mehr als nur ein Weinladen \u2013 es ist eine <strong>sinnliche Erfahrung<\/strong>, geschaffen f\u00fcr diejenigen, die das <strong>Sch\u00f6ne im Leben<\/strong> zu sch\u00e4tzen wissen.<\/p>\n\n\n\n<ul class=\"wp-block-list\">\n<li><strong>\u00d6FFNUNGSZEITEN:<\/strong> <strong>Montag bis Freitag:<\/strong> 9:00 \u2013 20:00 Uhr. <strong>Wochenende:<\/strong> 10:30 \u2013 15:30 Uhr<\/li>\n\n\n\n<li><a href=\"https:\/\/www.google.es\/maps\/place\/Solo+Wine\/@36.5043095,-4.9802351,814m\/data=!3m2!1e3!4b1!4m6!3m5!1s0xd732b9ecc7848dd:0xd629721767eaa714!8m2!3d36.5043052!4d-4.9776602!16s%2Fg%2F11vk10dwj5?hl=es&amp;entry=ttu&amp;g_ep=EgoyMDI1MDIxMi4wIKXMDSoASAFQAw%3D%3D\" target=\"_blank\" rel=\"noopener\">ADRESSE<\/a>: Pol. Ind. Nueva Campana, Nave, 80, Nueva Andaluc\u00eda, 29660 Marbella, M\u00e1laga<\/li>\n\n\n\n<li><strong>LIEFERUNG &amp; TAKEAWAY:<\/strong> Verf\u00fcgbar<\/li>\n\n\n\n<li><strong>TELEFONNUMMER:<\/strong> +34 952 00 29 99<\/li>\n<\/ul>\n\n\n\n<h2 class=\"wp-block-heading\"><span class=\"ez-toc-section\" id=\"Kultur_Sport_in_Nueva_Andalucia\"><\/span><br><strong>Kultur &amp; Sport in Nueva Andaluc\u00eda<\/strong><span class=\"ez-toc-section-end\"><\/span><\/h2>\n\n\n\n<h4 class=\"wp-block-heading\"><strong><strong><a href=\"https:\/\/losnaranjos.com\/en\/?_gl=1*1rwa3fw*_up*MQ..&amp;gclid=Cj0KCQiA_NC9BhCkARIsABSnSTYh8ITexdLHm3TbZFaN5ZyVxo-gVC5urZOOgEWbLkkA9Wnx9lqYIBgaAouVEALw_wcB\" data-type=\"link\" data-id=\"https:\/\/losnaranjos.com\/?_gl=1*1mrzzry*_up*MQ..*_gs*MQ..&amp;gclid=Cj0KCQiA_NC9BhCkARIsABSnSTYh8ITexdLHm3TbZFaN5ZyVxo-gVC5urZOOgEWbLkkA9Wnx9lqYIBgaAouVEALw_wcB\" target=\"_blank\" rel=\"noopener\">Los Naranjos Golf Club<\/a><\/strong><\/strong><\/h4>\n\n\n\n<p>Entworfen vom renommierten Architekten <strong>Robert Trent Jones Sr.<\/strong>, gilt der <strong>Los Naranjos Golf Club<\/strong> als einer der <strong>besten Golfpl\u00e4tze Spaniens<\/strong>.<\/p>\n\n\n\n<p>Seit seiner <strong>Er\u00f6ffnung im Jahr 1977<\/strong> erstreckt sich dieser <strong>18-Loch-Platz<\/strong> \u00fcber fast <strong>6.500 Meter<\/strong> von den Profi-Abschl\u00e4gen. Mit <strong>breiten Fairways, strategisch platzierten Hindernissen und gro\u00dfen, welligen Gr\u00fcns<\/strong> bietet er eine <strong>spannende Herausforderung<\/strong> f\u00fcr Golfer aller Spielst\u00e4rken.<\/p>\n\n\n\n<figure class=\"wp-caption aligncenter\">\n<picture><source width=\"1480\" srcset=\"https:\/\/media.inmobalia.com\/imgV1\/B98Le8~d7M9pwOKhCJcJLIfglZOtvyX13f98gUEkry2AXpxxwVVUW6beaB1CbHQXGOhTMxPEWoq2vSWoPxT0dWUFVpFov6NwmlNzq3qwzpnpHLdKCVvTJgqb4P5mbMqYqMiwcNGPEeOBXdFuXJoHuliTnS1rgcKjIcUfHTmmr7d7o1xcZQ--.jpg 1480w\" type=\"image\/webp\"><img decoding=\"async\" class=\"img-fluid \" width=\"1480\" src=\"https:\/\/media.inmobalia.com\/imgV1\/B98Le8~d7M9pwOKhH98twCJY8~z6ePCZX6v4ZFfOvduhBdeVCpC563TEl9~Gba~ZsCNLt5CSrqfb7qaISBEVv0QdM3KPO8HQv22IID58kuxGq4kXFnUhM8ZhmlOnRtz7W2gXK_224bzuNxZVlPQM7u0KXdUo.jpg\"><\/picture>\n<figcaption class=\"wp-caption-text\"><\/figcaption>\n<\/figure>\n\n\n\n<p>Doch <strong>Los Naranjos<\/strong> ist weit mehr als nur ein Golfplatz \u2013 er bietet zahlreiche <strong>Einrichtungen und Services<\/strong>, die das Erlebnis f\u00fcr Besucher bereichern:<\/p>\n\n\n\n<ul class=\"wp-block-list\">\n<li><strong>Restaurant &amp; Terrasse:<\/strong> Ein beliebter Treffpunkt, an dem sich Spieler <strong>entspannen und eine vielf\u00e4ltige gastronomische Auswahl<\/strong> in einer <strong>einladenden Atmosph\u00e4re<\/strong> genie\u00dfen k\u00f6nnen.<\/li>\n\n\n\n<li><strong>Golf Academy:<\/strong> Trainingsprogramme f\u00fcr <strong>Golfer aller Niveaus<\/strong>, geleitet von <strong>erfahrenen Profis<\/strong>.<\/li>\n\n\n\n<li><strong>Padel Club: Hochwertige Padel-Pl\u00e4tze<\/strong> f\u00fcr alle, die sich f\u00fcr <strong>Schl\u00e4gersportarten<\/strong> begeistern.<\/li>\n\n\n\n<li><strong>Pro Shop:<\/strong> Ein <strong>Fachgesch\u00e4ft<\/strong>, in dem Golfer <strong>erstklassige Ausr\u00fcstung und Zubeh\u00f6r<\/strong> f\u00fchrender Marken erwerben k\u00f6nnen.<\/li>\n\n\n\n<li><strong>Zus\u00e4tzliche Services: Golfschl\u00e4ger-Verleih, Caddies<\/strong> und erfrischende <strong>kalte Handt\u00fccher w\u00e4hrend des Spiels<\/strong> \u2013 alles erg\u00e4nzt durch ein <strong>hochqualifiziertes Team<\/strong>, das f\u00fcr einen <strong>erstklassigen Service<\/strong> sorgt.<br><\/li>\n<\/ul>\n\n\n\n<h4 class=\"wp-block-heading\"><strong><a href=\"https:\/\/yours.space\/\" data-type=\"link\" data-id=\"https:\/\/yours.space\/\" target=\"_blank\" rel=\"noopener\">YOURS Marbella<\/a><\/strong><\/h4>\n\n\n\n<p><strong>YOURS Marbella<\/strong> ist mehr als nur ein Fitnessstudio \u2013 es ist eine <strong>globale Bewegung<\/strong>, die sich <strong>Wohlbefinden, Kreativit\u00e4t und Inklusion<\/strong> widmet. Dieses Studio verbindet <strong>gleichgesinnte Menschen<\/strong> durch die <strong>revitalisierenden Vorteile von Fitness<\/strong>, f\u00f6rdert eine <strong>gemeinschaftliche Atmosph\u00e4re<\/strong> und inspiriert dazu, das eigene <strong>Potenzial zu entdecken<\/strong> und <strong>gemeinsam zu wachsen<\/strong>.<\/p>\n\n\n\n<p>Zu den <strong>H\u00f6hepunkten von YOURS Marbella<\/strong> geh\u00f6ren:<\/p>\n\n\n\n<ul class=\"wp-block-list\">\n<li><strong>Reformer-Pilates-Kurse:<\/strong> Sitzungen zur Verbesserung von <strong>Flexibilit\u00e4t, Kraft und K\u00f6rperhaltung<\/strong>, geeignet f\u00fcr <strong>alle Fitnesslevel<\/strong>.<\/li>\n\n\n\n<li><strong>Individuelles Training:<\/strong> <strong>Personalisierte Programme<\/strong>, die auf die individuellen Bed\u00fcrfnisse jedes Kunden zugeschnitten sind, um <strong>spezifische Gesundheits- und Fitnessziele<\/strong> zu erreichen.<\/li>\n\n\n\n<li><strong>Veranstaltungen &amp; Workshops:<\/strong> <strong>Regelm\u00e4\u00dfige Aktivit\u00e4ten<\/strong>, die <strong>Kreativit\u00e4t, Wohlbefinden und Gemeinschaftsgef\u00fchl<\/strong> f\u00f6rdern.<\/li>\n\n\n\n<li><strong>Moderne und einladende R\u00e4ume:<\/strong> <strong>Hochwertige Einrichtungen<\/strong>, die eine <strong>komfortable und motivierende Atmosph\u00e4re<\/strong> bieten und ein <strong>optimales Trainingserlebnis<\/strong> gew\u00e4hrleisten.<\/li>\n<\/ul>\n\n\n\n<h3 class=\"wp-block-heading has-text-align-left text-left\"><strong><strong>Centro Plaza Einkaufszentrum<\/strong><\/strong><\/h3>\n\n\n\n<p>Im <strong>Herzen von Nueva Andaluc\u00eda<\/strong> gelegen, ist das <strong>Centro Plaza<\/strong> ein <strong>elegantes und komfortables Einkaufszentrum<\/strong>, das einen <strong>privilegierten Blick auf den Berg La Concha und das Mittelmeer<\/strong> bietet.<\/p>\n\n\n\n<p>Es ist der <strong>perfekte Ort f\u00fcr exklusives Shopping<\/strong> mit <strong>Modeboutiquen, Einrichtungsgesch\u00e4ften<\/strong> sowie einer <strong>feinen Auswahl an Restaurants und Caf\u00e9s<\/strong> \u2013 ideal f\u00fcr eine stilvolle Pause.<\/p>\n\n\n\n<p>Dar\u00fcber hinaus findet <strong>jeden Samstag<\/strong> der <strong>ber\u00fchmte Markt von Nueva Andaluc\u00eda<\/strong> statt \u2013 ein Treffpunkt f\u00fcr alle, die auf der Suche nach <strong>Antiquit\u00e4ten, Mode und handgefertigten Produkten<\/strong> sind.<\/p>\n\n\n\n<p>Seine <strong>entspannte Atmosph\u00e4re<\/strong> und die <strong>hervorragende Lage<\/strong> machen es zu einem <strong>Pflichtbesuch f\u00fcr alle<\/strong>, die ein <strong>Shopping-Erlebnis in Marbella<\/strong> mit einem <strong>Hauch von Exklusivit\u00e4t<\/strong> genie\u00dfen m\u00f6chten.<\/p>\n\n\n\n<figure class=\"wp-caption aligncenter\">\n<picture><source width=\"1480\" srcset=\"https:\/\/media.inmobalia.com\/imgV1\/B98Le8~d7M9pwOKhCJcJLIfglZOtvyX13f98gUEkry2AXpxxwVVUW6beaB1CbHQXGOhTMxPEWoq2vSWoPxT0dWUFVpFov6NwmlNzq3qwzpnpHLdKCVvTJggdBH~c.png 1480w\" type=\"image\/webp\"><img decoding=\"async\" class=\"img-fluid \" width=\"1480\" src=\"https:\/\/media.inmobalia.com\/imgV1\/B98Le8~d7M9pwOKhCJcJLIN6jO1ByKD5uSZnq8Rqc8B6DMmmO7kOR4N0IvO6OvVh01P_J9~uLWOHBEWUQE3T~C5cLDWerHLR1PrO6NIclHXLmERPbZw-.png\"><\/picture>\n<figcaption class=\"wp-caption-text\"><\/figcaption>\n<\/figure>\n\n\n\n<h3 class=\"wp-block-heading\">Marbella Arena<\/h3>\n\n\n\n<p>Die <strong>Marbella Arena<\/strong>, die sich in der ehemaligen <strong>Stierkampfarena von Nueva Andaluc\u00eda<\/strong> befindet, ist ein <strong>modernes Open-Air-Amphitheater<\/strong>, das eine Vielzahl von <strong>Konzerten, Theaterauff\u00fchrungen, Kinoabenden und privaten Veranstaltungen<\/strong> beherbergt.<\/p>\n\n\n\n<p>Mit ihrem <strong>innovativen Design<\/strong> und einer <strong>Kapazit\u00e4t f\u00fcr Tausende von Zuschauern<\/strong> ist sie ein <strong>kulturelles Wahrzeichen<\/strong> an der Costa del Sol.<\/p>\n\n\n\n<p>Dank ihres <strong>vielf\u00e4ltigen Programms<\/strong> und der <strong>strategischen Lage nahe Puerto Ban\u00fas<\/strong> bietet sie eine <strong>einzigartige Unterhaltungserfahrung<\/strong> in Marbella.<\/p>\n\n\n\n<figure class=\"wp-caption aligncenter\">\n<picture><source width=\"1480\" srcset=\"https:\/\/media.inmobalia.com\/imgV1\/B98Le8~d7M9pwOKhCJcJLIfglZOtvyX13f98gUEkry2AXpxxwVVUW6beaB1CbHQXGOhTMxPEWoq2vSWoPxT0dWUFVpFov6NwmlNzq3qwzpnpHLdKCVvTJlQLcC6brPz90Q86ly05wwQlVT0~4MYdZTwzMkTS4RbupvRd_PwvIwcVpBSKfexse7kFAxYBmeaRJBwsQkTSRGjDy6w-.png 1480w\" type=\"image\/webp\"><img decoding=\"async\" class=\"img-fluid \" width=\"1480\" src=\"https:\/\/media.inmobalia.com\/imgV1\/B98Le8~d7M9pwOKhCJcJLIN6jO1ByKD5uSZnq8Rqc8B6DMmmO7kOR4N0IvO6OvVh01P_J9~uLWOHBEWUQE3T~C5cLDWerHLR1PrO6NIclHXLxFsUL02RfQVhxqERseYTUM8M28_wjM2eU9vD8gkfYtbqu0FNADTjmdAjLpfXzWMWULW_8ETqt_befBXaB0XCS9vj_g--.png\"><\/picture>\n<figcaption class=\"wp-caption-text\"><\/figcaption>\n<\/figure>\n\n\n\n<h2 class=\"wp-block-heading\"><span class=\"ez-toc-section\" id=\"Nueva_Andalucia_Alltag_Familienleben_geniessen\"><\/span><br><strong><strong>Nueva Andaluc\u00eda: Alltag &amp; Familienleben genie\u00dfen<\/strong><\/strong><span class=\"ez-toc-section-end\"><\/span><\/h2>\n\n\n\n<p>\u00dcber seine <strong>Exklusivit\u00e4t und lebendige soziale Szene<\/strong> hinaus zeichnet sich <strong>Nueva Andaluc\u00eda<\/strong> durch eine <strong>hervorragende Infrastruktur f\u00fcr den Alltag<\/strong> aus. Mit einer Vielzahl von <strong>Superm\u00e4rkten, Apotheken, Krankenh\u00e4usern und wichtigen Dienstleistungen<\/strong> ist dieses Wohngebiet so konzipiert, dass alles <strong>nur wenige Minuten von Ihrem Zuhause entfernt<\/strong> ist.<\/p>\n\n\n\n<h3 class=\"wp-block-heading\"><br><strong>Allt\u00e4gliche Dienstleistungen<\/strong><\/h3>\n\n\n\n<h4 class=\"wp-block-heading\"><br><strong>Superm\u00e4rkte<\/strong><\/h4>\n\n\n\n<p>Das Leben in <strong>Nueva Andaluc\u00eda<\/strong> bedeutet, eine <strong>breite Auswahl an Superm\u00e4rkten<\/strong> in unmittelbarer N\u00e4he zu haben, was den <strong>Einkauf im Alltag<\/strong> erleichtert. Zu den bekanntesten geh\u00f6ren:<\/p>\n\n\n\n<h5 class=\"wp-block-heading\"><strong>Mercadona<\/strong><\/h5>\n\n\n\n<p>Im <strong>Herzen von Nueva Andaluc\u00eda<\/strong> gelegen, ist <strong>Mercadona<\/strong> eine <strong>ideale Wahl<\/strong> f\u00fcr einen <strong>kompletten Einkauf<\/strong> mit einem <strong>hervorragenden Preis-Leistungs-Verh\u00e4ltnis<\/strong>.<\/p>\n\n\n\n<ul class=\"wp-block-list\">\n<li><strong>\u00d6FFNUNGSZEITEN:<\/strong> T\u00e4glich, 9:00 \u2013 22:00 Uhr<\/li>\n\n\n\n<li><a href=\"https:\/\/www.google.es\/maps\/place\/Mercadona\/@36.5073606,-4.950483,814m\/data=!3m2!1e3!4b1!4m6!3m5!1s0xd72d62759f76891:0xd032345693452fe6!8m2!3d36.5073606!4d-4.950483!16s%2Fg%2F11bbx0f1lb?hl=es&amp;entry=ttu&amp;g_ep=EgoyMDI1MDIxMi4wIKXMDSoASAFQAw%3D%3D\" target=\"_blank\" rel=\"noopener\">ADRESSE<\/a>: Urb. Los Naranjos de Marbella, Nueva Andaluc\u00eda, 29660 Marbella, M\u00e1laga<\/li>\n\n\n\n<li><strong>LIEFERUNG &amp; TAKEAWAY:<\/strong> Verf\u00fcgbar<\/li>\n\n\n\n<li><a href=\"TELEFONNUMMER: +34 952 90 69 72\">PHONE NUMBER: +34 952 90 69 72<\/a><\/li>\n<\/ul>\n\n\n\n<h5 class=\"wp-block-heading\"><strong>Supersol <\/strong><\/h5>\n\n\n\n<p>Eine weitere <strong>zug\u00e4ngliche Option<\/strong> mit einer <strong>guten Auswahl an frischen und grundlegenden Produkten<\/strong>.<\/p>\n\n\n\n<ul class=\"wp-block-list\">\n<li><strong>\u00d6FFNUNGSZEITEN:<\/strong> T\u00e4glich, 9:00 \u2013 22:00 Uhr<\/li>\n\n\n\n<li><a href=\"https:\/\/www.google.com\/maps\/place\/Organic+Market+%26+Food+Marbella\/@36.5070783,-4.9197667,17z\/data=!3m2!4b1!5s0xd7328274c1dfdc5:0xd3b4781a3d366edb!4m6!3m5!1s0xd7328274a643f71:0x746213c34a98b74d!8m2!3d36.5070783!4d-4.9197667!16s%2Fg%2F11b8_qvl9g?entry=ttu&amp;g_ep=EgoyMDI1MDIxMi4wIKXMDSoASAFQAw%3D%3D\" data-type=\"link\" data-id=\"https:\/\/www.google.com\/maps\/place\/Organic+Market+%26+Food+Marbella\/@36.5070783,-4.9197667,17z\/data=!3m2!4b1!5s0xd7328274c1dfdc5:0xd3b4781a3d366edb!4m6!3m5!1s0xd7328274a643f71:0x746213c34a98b74d!8m2!3d36.5070783!4d-4.9197667!16s%2Fg%2F11b8_qvl9g?entry=ttu&amp;g_ep=EgoyMDI1MDIxMi4wIKXMDSoASAFQAw%3D%3D\" target=\"_blank\" rel=\"noopener\">ADRESSE<\/a>: Centro Comercial Expo 14, Av. Bulevar Pr\u00edncipe Alfonso de Hohenlohe, s\/n, 29602 Marbella, M\u00e1laga<\/li>\n\n\n\n<li><strong>LIEFERUNG &amp; TAKEAWAY:<\/strong> Verf\u00fcgbar<\/li>\n\n\n\n<li><strong>TELEFONNUMMER:<\/strong> +34 952 81 73 52<\/li>\n<\/ul>\n\n\n\n<p><strong>Organic Market &amp; Food<\/strong>: F\u00fcr alle, die <strong>Bio- und Gourmet-Produkte<\/strong> suchen, bietet dieser Markt eine <strong>gro\u00dfe Auswahl an gesunden und biologischen Produkten<\/strong>.<\/p>\n\n\n\n<ul class=\"wp-block-list\">\n<li><strong>\u00d6FFNUNGSZEITEN:<\/strong> T\u00e4glich, 9:00 \u2013 18:00 Uhr<\/li>\n\n\n\n<li><a href=\"https:\/\/www.google.com\/maps\/place\/Supercor+Expres\/@36.5000791,-4.8041739,18z\/data=!4m23!1m16!4m15!1m6!1m2!1s0xd7320b18b2b8591:0x7951bb3974c1203f!2sUrbanizaci%C3%B3n+Costabella,+Marbella!2m2!1d-4.8052337!2d36.5007203!1m6!1m2!1s0xd7320ba9a1522a9:0xdd236f79d102955c!2sSupercor+Expres,+Marbella!2m2!1d-4.800632!2d36.500576!3e2!3m5!1s0xd7320ba9a1522a9:0xdd236f79d102955c!8m2!3d36.500576!4d-4.800632!16s%2Fg%2F11b6n_l50h?entry=ttu\" target=\"_blank\" rel=\"noopener\">ADRESSE<\/a>: Nac.340, km 189, 29604 Marbella, M\u00e1laga; a 550 m, 8 min a pie<\/li>\n\n\n\n<li><strong>LIEFERUNG &amp; TAKEAWAY:<\/strong> Verf\u00fcgbar<\/li>\n\n\n\n<li><strong>TELEFONNUMMER:<\/strong> +34 667 61 43 84<\/li>\n<\/ul>\n\n\n\n<h3 class=\"wp-block-heading\"><strong>Apotheken und Gesundheitszentren<\/strong><\/h3>\n\n\n\n<h4 class=\"wp-block-heading\"><strong>Aloha Apotheke<\/strong><\/h4>\n\n\n\n<p>Diese <strong>Apotheke in der Aloha-Gegend<\/strong> bietet eine <strong>breite Auswahl an Gesundheits-, Dermokosmetik- und Wellnessprodukten<\/strong> mit <strong>pers\u00f6nlicher Beratung<\/strong>. Au\u00dferdem gibt es einen <strong>Lieferservice<\/strong> \u2013 bitte besuchen Sie die <a href=\"https:\/\/alohafarmacia.com\/\" data-type=\"link\" data-id=\"https:\/\/alohafarmacia.com\/\" target=\"_blank\" rel=\"noopener\">website<\/a>, um sich \u00fcber die <strong>Tarife<\/strong> zu informieren.<\/p>\n\n\n\n<figure class=\"wp-caption aligncenter\">\n<picture><source width=\"1480\" srcset=\"https:\/\/media.inmobalia.com\/imgV1\/B98Le8~d7M9pwOKhCJcJLIfglZOtvyX13f98gUEkry2AXpxxwVVUW6beaB1CbHQXGOhTMxPEWoq2vSWoPxT0dWUFVpFov6NwmlNzq3qwzpnpHLdKCVvTJlQLcC6brPz90Q86ly05wwQlVT0~4MYdZTwzMkTS4RbupvRd_PwvIwcVpBSKfexse7kFAxYBmeaRJBwsQkTSRw1ALTw-.png 1480w\" type=\"image\/webp\"><img decoding=\"async\" class=\"img-fluid \" width=\"1480\" src=\"https:\/\/media.inmobalia.com\/imgV1\/B98Le8~d7M9pwOKhCJcJLIN6jO1ByKD5uSZnq8Rqc8B6DMmmO7kOR4N0IvO6OvVh01P_J9~uLWOHBEWUQE3T~C5cLDWerHLR1PrO6NIclHXLxFsUL02RfQVhxqERseYTUM8M28_wjM2eU9vD8gkfYtbqu0FNADTjmdAjLpfXzWMWULW_8ETqt_befBXaB0XByC2Tug--.png\"><\/picture>\n<figcaption class=\"wp-caption-text\"><\/figcaption>\n<\/figure>\n\n\n\n<ul class=\"wp-block-list\">\n<li><strong>\u00d6FFNUNGSZEITEN:<\/strong> Montag bis Samstag, 9:00 \u2013 21:00 Uhr, <strong>Sonntag: geschlossen<\/strong><\/li>\n\n\n\n<li><a href=\"https:\/\/www.google.es\/maps\/place\/Farmacia+Aloha\/@36.4985907,-4.9633802,1628m\/data=!3m2!1e3!4b1!4m6!3m5!1s0xd7329e5e8b1caab:0xfdda608875f8548b!8m2!3d36.4985907!4d-4.9633802!16s%2Fg%2F1z44c2xmm?hl=es&amp;entry=ttu&amp;g_ep=EgoyMDI1MDIxMi4wIKXMDSoASAFQAw%3D%3D\" target=\"_blank\" rel=\"noopener\">ADRESSE<\/a>: Calle el Califa, C. Real, esquina, 29660 Marbella, M\u00e1laga<\/li>\n\n\n\n<li><strong>LIEFERUNG &amp; TAKEAWAY:<\/strong> Verf\u00fcgbar<\/li>\n\n\n\n<li><strong>TELEFONNUMMER:<\/strong> +34 620 77 77 86<\/li>\n<\/ul>\n\n\n\n<h4 class=\"wp-block-heading\"><strong><strong>Nueva Andaluc\u00eda Apotheke<\/strong><\/strong><\/h4>\n\n\n\n<p>Diese <strong>Apotheke ist bekannt f\u00fcr ihren professionellen Service<\/strong> und ihre <strong>gro\u00dfe Auswahl an pharmazeutischen Produkten<\/strong>. Die <strong>Farmacia Nueva Andaluc\u00eda<\/strong> bietet ebenfalls einen <strong>Lieferservice<\/strong> an, sodass Sie die gew\u00fcnschten Produkte <strong>bequem von zu Hause aus<\/strong> erhalten k\u00f6nnen. Besuchen Sie die <a href=\"https:\/\/www.farmacianuevaandalucia.com\/\" data-type=\"link\" data-id=\"https:\/\/www.farmacianuevaandalucia.com\/\" target=\"_blank\" rel=\"noopener\">website<\/a> f\u00fcr Informationen zu den <strong>Tarifen<\/strong>.<\/p>\n\n\n\n<ul class=\"wp-block-list\">\n<li><strong>\u00d6FFNUNGSZEITEN:<\/strong> <strong>Montag bis Samstag:<\/strong> 9:00 \u2013 21:00 Uhr. <strong>Sonntag:<\/strong> 10:00 \u2013 14:00 Uhr<\/li>\n\n\n\n<li><a href=\"https:\/\/www.google.es\/maps\/place\/Farmacia+Nueva+Andalucia\/@36.4990662,-4.9736981,1628m\/data=!3m2!1e3!4b1!4m6!3m5!1s0xd7329fbdbdfa4c1:0x22ad08f160e192d8!8m2!3d36.4990619!4d-4.9711232!16s%2Fg%2F1hcb3csgt?hl=es&amp;entry=ttu&amp;g_ep=EgoyMDI1MDIxMi4wIKXMDSoASAFQAw%3D%3D\" target=\"_blank\" rel=\"noopener\">ADRESSE<\/a>: Av. Miguel de Cervantes, 8, Nueva Andaluc\u00eda, 29660 Marbella, M\u00e1laga<\/li>\n\n\n\n<li><strong>LIEFERUNG &amp; TAKEAWAY:<\/strong> Verf\u00fcgbar<\/li>\n\n\n\n<li><strong>TELEFONNUMMER:<\/strong> +34 951 51 87 96<\/li>\n<\/ul>\n\n\n\n<h4 class=\"wp-block-heading\"><strong>Ochoa Krankenhaus<\/strong><\/h4>\n\n\n\n<p><strong>Privates medizinisches Zentrum<\/strong> mit <strong>Spezialisten in verschiedenen Fachbereichen<\/strong>.<\/p>\n\n\n\n<ul class=\"wp-block-list\">\n<li><strong>\u00d6FFNUNGSZEITEN:<\/strong> <strong>24 Stunden ge\u00f6ffnet<\/strong><\/li>\n\n\n\n<li><a href=\"https:\/\/www.google.com\/maps\/place\/Medhelp+Centro+Medico+El+Rosario\/@36.5000791,-4.8039843,18z\/data=!4m23!1m16!4m15!1m6!1m2!1s0xd7320b18b2b8591:0x7951bb3974c1203f!2sUrbanizaci%C3%B3n+Costabella,+Marbella!2m2!1d-4.8052337!2d36.5007203!1m6!1m2!1s0xd732167df6b8ccb:0x238553581e50bb21!2sMedhelp+Centro+Medico+El+Rosario,+local+6,+Marbella!2m2!1d-4.8001982!2d36.5005639!3e2!3m5!1s0xd732167df6b8ccb:0x238553581e50bb21!8m2!3d36.5005639!4d-4.8001982!16s%2Fg%2F11gmjbbc_9?entry=ttu\" target=\"_blank\" rel=\"noopener\">ADRESSE<\/a>: P.\u00ba Alfonso Ca\u00f1as Nogueras, 29603 Marbella, M\u00e1laga<\/li>\n\n\n\n<li><strong>TELEFONNUMMER:<\/strong> +34 952 86 14 00<\/li>\n<\/ul>\n\n\n\n<h4 class=\"wp-block-heading\"><strong>Hospital Costa del Sol<\/strong><\/h4>\n\n\n\n<p>Eines der <strong>wichtigsten \u00f6ffentlichen Krankenh\u00e4user<\/strong> der Region.<\/p>\n\n\n\n<ul class=\"wp-block-list\">\n<li><strong>\u00d6FFNUNGSZEITEN:<\/strong> <strong>T\u00e4glich, 24 Stunden ge\u00f6ffnet<\/strong><\/li>\n\n\n\n<li><a href=\"https:\/\/www.google.com\/maps\/place\/Hospital+Universitario+Costa+del+Sol\/@36.5079369,-4.9101461,12z\/data=!3m1!5s0xd732763c14f5b17:0xa7d1fb8b17bdc7d9!4m19!1m12!4m11!1m3!2m2!1d-4.8284353!2d36.5079369!1m6!1m2!1s0xd73275e8ce1b8d7:0x726a0fde3896f31f!2sA-7,+Km+187,+29603+Marbella,+M%C3%A1laga!2m2!1d-4.827745!2d36.5079652!3m5!1s0xd73275e8ce1b8d7:0x726a0fde3896f31f!8m2!3d36.5079652!4d-4.827745!16s%2Fg%2F120t9g2r?entry=ttu\" target=\"_blank\" rel=\"noopener\">ADRESSE<\/a>: A-7, Km 187, 29603 Marbella, M\u00e1laga; a 3,5 km, 6 min en coche<\/li>\n\n\n\n<li><strong>TELEFONNUMMER:<\/strong> +34 951 97 66 69<\/li>\n<\/ul>\n\n\n\n<h3 class=\"wp-block-heading\"><strong>Familienfreundliche Erholung<\/strong><\/h3>\n\n\n\n<h4 class=\"wp-block-heading\"><strong><strong><strong>Lago de las Tortugas: Ein ruhiger Natur-R\u00fcckzugsort<\/strong><\/strong><\/strong><\/h4>\n\n\n\n<figure class=\"wp-caption aligncenter\">\n<picture><source width=\"1480\" srcset=\"https:\/\/media.inmobalia.com\/imgV1\/B98Le8~d7M9pwOKhCJcJLIfglZOtvyX13f98gUEkry2AXpxxwVVUW6beaB1CbHQXGOhTMxPEWoq2vSWoPxT0dWUFVpFov6NwmlNzq3qwzpnpHLdKCVvTJguh2G0y.png 1480w\" type=\"image\/webp\"><img decoding=\"async\" class=\"img-fluid \" width=\"1480\" src=\"https:\/\/media.inmobalia.com\/imgV1\/B98Le8~d7M9pwOKhCJcJLIN6jO1ByKD5uSZnq8Rqc8B6DMmmO7kOR4N0IvO6OvVh01P_J9~uLWOHBEWUQE3T~C5cLDWerHLR1PrO6NIclHXLm3WLrG4-.png\"><\/picture>\n<figcaption class=\"wp-caption-text\"><\/figcaption>\n<\/figure>\n\n\n\n<p>Eines der <strong>bestgeh\u00fcteten Geheimnisse<\/strong> von <strong>Nueva Andaluc\u00eda<\/strong> ist der <strong>Lago de las Tortugas<\/strong>. Nur <strong>wenige Autominuten vom Zentrum der Urbanisation<\/strong> entfernt, ist dieser See der perfekte Ort, um dem <strong>Trubel zu entfliehen und die Natur zu genie\u00dfen<\/strong>.<\/p>\n\n\n\n<p>Die Umgebung eignet sich ideal f\u00fcr:<\/p>\n\n\n\n<ul class=\"wp-block-list\">\n<li><strong>Fotografie und Entspannung<\/strong>, besonders bei Sonnenuntergang<\/li>\n\n\n\n<li><strong>Familienausfl\u00fcge oder Spazierg\u00e4nge mit Haustieren<\/strong> entlang der nat\u00fcrlichen Wanderwege<\/li>\n\n\n\n<li><strong>Beobachtung von Schildkr\u00f6ten und Enten<\/strong> in ihrem nat\u00fcrlichen Lebensraum<\/li>\n\n\n\n<li><strong>Picknicks in ruhiger Atmosph\u00e4re<\/strong>, weit entfernt vom Verkehr<\/li>\n<\/ul>\n\n\n\n<p>Wenn Sie nach weiteren Orten zum Entspannen oder f\u00fcr <strong>Spiel und Spa\u00df f\u00fcr Kinder<\/strong> suchen, gibt es in der Umgebung einige tolle Optionen:<\/p>\n\n\n\n<ul class=\"wp-block-list\">\n<li><strong>Parque de los Tres Jardines (San Pedro Alc\u00e1ntara):<\/strong> Ein gro\u00dfer Park mit <strong>Picknickbereichen, Spielpl\u00e4tzen und Spazierwegen<\/strong>.<\/li>\n\n\n\n<li><strong>Wanderwege von La Concha:<\/strong> F\u00fcr <strong>Abenteurer<\/strong> bietet Nueva Andaluc\u00eda Zugang zu <strong>atemberaubenden Wanderwegen<\/strong> mit spektakul\u00e4ren Ausblicken auf Marbella.<\/li>\n<\/ul>\n\n\n\n<h2 class=\"wp-block-heading\"><span class=\"ez-toc-section\" id=\"Lieferservice_fuer_entspannte_Tage_zu_Hause\"><\/span><br><strong><strong>Lieferservice f\u00fcr entspannte Tage zu Hause<\/strong><\/strong><span class=\"ez-toc-section-end\"><\/span><\/h2>\n\n\n\n<p>Das <strong>Komfortable Wohnen<\/strong> in Nueva Andaluc\u00eda bedeutet nicht, auf die <strong>Bequemlichkeit eines Lieferservices<\/strong> zu verzichten. Die Gegend bietet eine <strong>hervorragende Auswahl an Lieferdiensten<\/strong>, von <strong>Superm\u00e4rkten und Restaurants<\/strong> bis hin zu <strong>Apotheken und Spezialgesch\u00e4ften<\/strong>, damit Sie jederzeit <strong>hochwertige Produkte und Speisen<\/strong> problemlos erhalten.<\/p>\n\n\n\n<ul class=\"wp-block-list\">\n<li><a href=\"https:\/\/glovoapp.com\/es\/es\/?utm_source=google&amp;utm_medium=cpc&amp;utm_campaign=google_search_brandprotection_newusers_ES_Exact_digitalbudget_spanish&amp;utm_campaignid=12168399560&amp;utm_adgroupid=115796730454&amp;utm_term=glovo&amp;utm_matchtype=e&amp;utm_device=c&amp;gclid=CjwKCAjwnOipBhBQEiwACyGLumRyLDhgxwsK3AhYCuVx2s46tO_DNrwBGHXRPAChnPU42QlLg30JexoCRq0QAvD_BwE\" target=\"_blank\" rel=\"noopener\">Glovo<\/a>: Mehr als nur ein Essenslieferdienst \u2013 Glovo hat sein Angebot auf <strong>Apothekenprodukte und Supermarktartikel<\/strong> erweitert und liefert eine <strong>breite Palette an Produkten direkt zu Ihnen nach Hause<\/strong>.<\/li>\n\n\n\n<li><a href=\"https:\/\/www.ubereats.com\/es?utm_source=AdWords_Brand&amp;utm_campaign=CM2225035-search-google-brand_162_-99_ES-National_e_web_acq_cpc_es-ES_T1_Generic_BM_uber%20eats_kwd-111378724137_639006252462_150940917024_b_c&amp;campaign_id=19130929568&amp;adg_id=150940917024&amp;fi_id=&amp;match=b&amp;net=g&amp;dev=c&amp;dev_m=&amp;ad_id=639006252462&amp;cre=639006252462&amp;kwid=kwd-111378724137&amp;kw=uber%20eats&amp;placement=&amp;tar=&amp;gclsrc=aw.ds&amp;gclid=CjwKCAjwnOipBhBQEiwACyGLusNNZ6zjCtVFmItzBgqF-8k4UjaDaZvqdpMWuzj073vhrtkc_QKeJxoCwtkQAvD_BwE\" target=\"_blank\" rel=\"noopener\">Uber Eats<\/a>: Mit einem starken <strong>Ruf<\/strong> aus der Welt des Ride-Sharing konzentriert sich Uber Eats auf <strong>Lebensmittellieferungen<\/strong> und bietet eine <strong>schnelle und effiziente Erfahrung<\/strong>. Dank einer gro\u00dfen Auswahl an <strong>Partnerrestaurants<\/strong> ist f\u00fcr jeden Geschmack etwas dabei.<\/li>\n\n\n\n<li><a href=\"https:\/\/www.just-eat.es\/?adj_tracker=84l7irb_rx4f7ic&amp;adj_campaign=6480637097&amp;campaignname=CM_S_G_ESP_ES_%5BBRAND%5D_%5BENGM%5D_Just%20Eat_Root_National&amp;gad_source=1&amp;gclid=CjwKCAjwnOipBhBQEiwACyGLumHhIQN0YVM3-lHYtXl4gtq0q578W-bDhFJdnjCZe3Ys5qFrSulYwxoCwqMQAvD_BwE&amp;gclsrc=aw.ds\" target=\"_blank\" rel=\"noopener\">Just Eat<\/a>: Ein f\u00fchrender Anbieter im Bereich <strong>internationaler Essenslieferungen<\/strong> \u2013 ideal f\u00fcr alle, die eine <strong>gro\u00dfe kulinarische Vielfalt<\/strong> erkunden m\u00f6chten, von <strong>Fast Food bis hin zu gehobener K\u00fcche<\/strong>.<\/li>\n\n\n\n<li><a href=\"https:\/\/www.amazon.es\/amazonprime\" target=\"_blank\" rel=\"noopener\">Amazon Prime<\/a>: Egal ob <strong>B\u00fccher, frische Lebensmittel oder andere Artikel<\/strong> \u2013 Amazon Prime hat alles. Eine <strong>Mitgliedschaft f\u00fcr 49,90 \u20ac pro Jahr<\/strong> garantiert die <strong>schnellste Lieferung<\/strong>, mit einer <strong>30-t\u00e4gigen kostenlosen Testphase<\/strong>.<\/li>\n\n\n\n<li><a href=\"https:\/\/deliveroo.co.uk\/\" target=\"_blank\" rel=\"noopener\">Deliveroo<\/a>: Wenn Sie eine <strong>gehobene Gastronomieerfahrung<\/strong> suchen, ist <strong>Deliveroo Ihr perfekter Partner<\/strong>. Der Dienst ist auf die <strong>Lieferung von Premium-Speisen aus ausgew\u00e4hlten lokalen Restaurants<\/strong> spezialisiert und richtet sich an <strong>Feinschmecker, die luxuri\u00f6s genie\u00dfen m\u00f6chten, ohne das Haus zu verlassen<\/strong>.<\/li>\n<\/ul>\n\n\n\n<h2 class=\"wp-block-heading\"><span class=\"ez-toc-section\" id=\"Transportdienste_Entfernungen_sind_fuer_uns_kein_Problem\"><\/span><br><strong>Transportdienste: Entfernungen sind f\u00fcr uns kein Problem<\/strong><span class=\"ez-toc-section-end\"><\/span><\/h2>\n\n\n\n<h3 class=\"wp-block-heading\"><strong>Tankstellen<\/strong><\/h3>\n\n\n\n<p><strong>Unterwegs in Nueva Andaluc\u00eda, Marbella und an der Costa del Sol<\/strong><\/p>\n\n\n\n<h3 class=\"wp-block-heading\"><strong><strong><strong>Repsol Tankstelle \u2013 Nueva Andaluc\u00eda<\/strong><\/strong><\/strong><\/h3>\n\n\n\n<p>Wenn Sie eine unserer <strong>Immobilien in Nueva Andaluc\u00eda<\/strong> mieten und die Umgebung erkunden m\u00f6chten \u2013 sei es <strong>Puerto Ban\u00fas, die Goldene Meile oder San Pedro Alc\u00e1ntara<\/strong> \u2013 oder sich auf den Weg machen, um einige der <strong>ber\u00fchmtesten Reiseziele der Costa del Sol<\/strong> zu entdecken, finden Sie hier die Entfernungen zu einigen Highlights:<\/p>\n\n\n\n<ul class=\"wp-block-list\">\n<li><strong>Oj\u00e9n<\/strong> (15,9 km, 20-26 Min. \u00fcber A-7)<\/li>\n\n\n\n<li><strong>Ist\u00e1n<\/strong> (27,4 km, 35-45 Min. \u00fcber A-7176)<\/li>\n\n\n\n<li><strong>La Cala de Mijas<\/strong> (27,5 km, 20-28 Min. \u00fcber A-7 und AP-7)<\/li>\n\n\n\n<li><strong>Benahav\u00eds<\/strong> (29,6 km, 26-35 Min. \u00fcber A-7)<\/li>\n\n\n\n<li><strong>Estepona<\/strong> (40,5 km, 28-40 Min. \u00fcber AP-7)<\/li>\n<\/ul>\n\n\n\n<p>Die <strong>Repsol Tankstelle in Nueva Andaluc\u00eda<\/strong> ist der perfekte <strong>Anlaufpunkt zum Auftanken<\/strong>, bevor Sie Ihre Fahrt fortsetzen.<\/p>\n\n\n\n<p><strong>Hinweis:<\/strong> Diese Tankstelle bietet <strong>Dieselkraftstoff<\/strong> an.<\/p>\n\n\n\n<ul class=\"wp-block-list\">\n<li><strong>\u00d6FFNUNGSZEITEN:<\/strong> <strong>T\u00e4glich, 24 Stunden ge\u00f6ffnet<\/strong><\/li>\n\n\n\n<li><strong>ADRESSE:<\/strong> Urb. La Alzambra, Nueva Andaluc\u00eda, 29660 Marbella, M\u00e1laga<\/li>\n\n\n\n<li><strong>TELEFONNUMMER:<\/strong> +34 952 81 81 45<\/li>\n<\/ul>\n\n\n\n<h3 class=\"wp-block-heading\"><strong>Stadtbusse<\/strong><\/h3>\n\n\n\n<p><strong>Unterwegs in Nueva Andaluc\u00eda und Marbella<\/strong><\/p>\n\n\n\n<h4 class=\"wp-block-heading\"><strong>Avanza<\/strong><\/h4>\n\n\n\n<p>Wenn Sie Ihr Auto lieber zu Hause lassen oder den Verkehr vermeiden m\u00f6chten, bietet Nueva Andaluc\u00eda <strong>st\u00e4dtische Buslinien<\/strong>, die von <strong>Avanza<\/strong>, einem der f\u00fchrenden <strong>Transportunternehmen Spaniens<\/strong>, betrieben werden. Diese Linien erm\u00f6glichen eine <strong>bequeme Fahrt nach Puerto Ban\u00fas, San Pedro Alc\u00e1ntara, ins Zentrum von Marbella und zu anderen wichtigen Orten<\/strong>.<\/p>\n\n\n\n<p>Sie k\u00f6nnen die <strong>aktuellen Routen und Fahrpl\u00e4ne<\/strong> in der App <strong>\"Avanza - Costa del Sol\"<\/strong> abrufen, verf\u00fcgbar f\u00fcr <strong><a href=\"https:\/\/play.google.com\/store\/apps\/details?id=com.geoactio.portilloavanza&amp;hl=es&amp;gl=US&amp;pli=1\" data-type=\"link\" data-id=\"https:\/\/play.google.com\/store\/apps\/details?id=com.geoactio.portilloavanza&amp;hl=es&amp;gl=US&amp;pli=1\" target=\"_blank\" rel=\"noopener\">Android<\/a><\/strong> UND <strong><a href=\"https:\/\/apps.apple.com\/es\/app\/avanza-costa-del-sol\/id1270146915\" data-type=\"link\" data-id=\"https:\/\/apps.apple.com\/es\/app\/avanza-costa-del-sol\/id1270146915\" target=\"_blank\" rel=\"noopener\">iOS<\/a><\/strong>. <strong>Fahrpreis:<\/strong> ab <strong>1,18 \u20ac<\/strong>.<\/p>\n\n\n\n<p><strong><strong><strong>Taxis und weitere Transportdienste<\/strong><\/strong><\/strong><\/p>\n\n\n\n<p>Falls Sie eine <strong>schnelle und bequeme Fahrt<\/strong> ben\u00f6tigen, stehen Ihnen <strong>Taxis und private Fahrdienste<\/strong> wie <strong>Uber, Bolt oder Cabify<\/strong> in Nueva Andaluc\u00eda jederzeit zur Verf\u00fcgung.<\/p>\n\n\n\n<ul class=\"wp-block-list\">\n<li><strong>Taxi:<\/strong> Wenn Sie einen <strong>traditionellen Taxi-Service<\/strong> bevorzugen, sind in Marbella mehrere <strong>Taxiunternehmen<\/strong> t\u00e4tig, darunter: <strong><a href=\"https:\/\/www.taxisolmarbella.com\/\" data-type=\"link\" data-id=\"https:\/\/www.taxisolmarbella.com\/\" target=\"_blank\" rel=\"noopener\">Taxisol<\/a><\/strong> (+34 952 77 44 88) und <strong>Taxi Marbella<\/strong> (+34 618 34 89 24)<\/li>\n\n\n\n<li><strong><a href=\"https:\/\/www.uber.com\/es\/en\/ride\/?ad_id=623050559222&amp;adg_id=148286515864&amp;campaign_id=18388070762&amp;cre=623050559222&amp;dev=c&amp;dev_m=&amp;fi_id=&amp;gad_source=1&amp;gclid=CjwKCAjwnOipBhBQEiwACyGLuhwLin2fKKxMza4DmfP0rFH54wHydpVO0DLFwL6tzuHwWATqZsuLsRoCNDgQAvD_BwE&amp;gclsrc=aw.ds&amp;kw=uber&amp;kwid=kwd-12633382&amp;match=b&amp;net=g&amp;placement=&amp;tar=&amp;utm_campaign=CM2215725-search-google-brand_162_-99_ES-National_r_web_acq_cpc_es_T1_Generic_BM_uber_kwd-12633382_623050559222_148286515864_b_c&amp;utm_source=AdWords_Brand\" data-type=\"link\" data-id=\"https:\/\/www.uber.com\/es\/en\/ride\/?ad_id=623050559222&amp;adg_id=148286515864&amp;campaign_id=18388070762&amp;cre=623050559222&amp;dev=c&amp;dev_m=&amp;fi_id=&amp;gad_source=1&amp;gclid=CjwKCAjwnOipBhBQEiwACyGLuhwLin2fKKxMza4DmfP0rFH54wHydpVO0DLFwL6tzuHwWATqZsuLsRoCNDgQAvD_BwE&amp;gclsrc=aw.ds&amp;kw=uber&amp;kwid=kwd-12633382&amp;match=b&amp;net=g&amp;placement=&amp;tar=&amp;utm_campaign=CM2215725-search-google-brand_162_-99_ES-National_r_web_acq_cpc_es_T1_Generic_BM_uber_kwd-12633382_623050559222_148286515864_b_c&amp;utm_source=AdWords_Brand\" target=\"_blank\" rel=\"noopener\">Uber<\/a>:<\/strong> Uber bietet eine <strong>komfortable und effiziente M\u00f6glichkeit<\/strong>, sich in <strong>Nueva Andaluc\u00eda und Marbella<\/strong> fortzubewegen. Laden Sie einfach die <strong>App f\u00fcr<\/strong> <strong><a href=\"https:\/\/play.google.com\/store\/apps\/details?id=com.ubercab&amp;hl=es_419&amp;gl=US\" data-type=\"link\" data-id=\"https:\/\/play.google.com\/store\/apps\/details?id=com.ubercab&amp;hl=es_419&amp;gl=US\" target=\"_blank\" rel=\"noopener\">Android<\/a><\/strong> oder <strong><a href=\"https:\/\/apps.apple.com\/es\/app\/uber-viajes-asequibles\/id368677368\" data-type=\"link\" data-id=\"https:\/\/apps.apple.com\/es\/app\/uber-viajes-asequibles\/id368677368\" target=\"_blank\" rel=\"noopener\">iOS<\/a><\/strong> herunter und fordern Sie innerhalb weniger Minuten eine Fahrt an.<\/li>\n\n\n\n<li><strong><a href=\"https:\/\/bolt.eu\/es-es\/?utm_source=googleadwords_int&amp;utm_medium=cpc&amp;utm_campaign=es_brand_search&amp;utm_source=google&amp;utm_medium=ads&amp;utm_campaign=14577844312&amp;gclid=CjwKCAjwnOipBhBQEiwACyGLumgVFHdc68Dqi6PTvJLXCR_r40NOtyqqM3AwCJW6b7aLzzQDCVuAPhoC9XsQAvD_BwE\" data-type=\"link\" data-id=\"https:\/\/bolt.eu\/es-es\/?utm_source=googleadwords_int&amp;utm_medium=cpc&amp;utm_campaign=es_brand_search&amp;utm_source=google&amp;utm_medium=ads&amp;utm_campaign=14577844312&amp;gclid=CjwKCAjwnOipBhBQEiwACyGLumgVFHdc68Dqi6PTvJLXCR_r40NOtyqqM3AwCJW6b7aLzzQDCVuAPhoC9XsQAvD_BwE\" target=\"_blank\" rel=\"noopener\">Bolt<\/a>:<\/strong> Eine <strong>benutzerfreundliche Plattform<\/strong>, \u00e4hnlich wie Uber, mit <strong>wettbewerbsf\u00e4higen Preisen<\/strong>. Die <strong>App f\u00fcr<\/strong> <a href=\"https:\/\/play.google.com\/store\/apps\/details?id=ee.mtakso.client&amp;hl=es_419&amp;gl=US\" data-type=\"link\" data-id=\"https:\/\/play.google.com\/store\/apps\/details?id=ee.mtakso.client&amp;hl=es_419&amp;gl=US\" target=\"_blank\" rel=\"noopener\">Android<\/a> oder <a href=\"https:\/\/apps.apple.com\/es\/app\/bolt-solicita-viajes-24-7\/id675033630\" data-type=\"link\" data-id=\"https:\/\/apps.apple.com\/es\/app\/bolt-solicita-viajes-24-7\/id675033630\" target=\"_blank\" rel=\"noopener\">iOS<\/a> erm\u00f6glicht eine unkomplizierte Fortbewegung in Nueva Andaluc\u00eda.<\/li>\n\n\n\n<li><strong><a href=\"https:\/\/cabify.com\/es\" data-type=\"link\" data-id=\"https:\/\/cabify.com\/es\" target=\"_blank\" rel=\"noopener\">Cabify<\/a>:<\/strong> Ein <strong>spanisches Unternehmen<\/strong>, das sich zunehmender Beliebtheit erfreut, dank seines <strong>Premium-Services und transparenter Preise<\/strong>. Verf\u00fcgbar im <strong><a href=\"https:\/\/play.google.com\/store\/apps\/details?id=com.cabify.rider&amp;hl=es&amp;gl=US\" data-type=\"link\" data-id=\"https:\/\/play.google.com\/store\/apps\/details?id=com.cabify.rider&amp;hl=es&amp;gl=US\" target=\"_blank\" rel=\"noopener\">Google Play<\/a><\/strong> und <strong><a href=\"https:\/\/apps.apple.com\/es\/app\/cabify\/id476087442\" data-type=\"link\" data-id=\"https:\/\/apps.apple.com\/es\/app\/cabify\/id476087442\" target=\"_blank\" rel=\"noopener\">Apple Store<\/a><\/strong>.<\/li>\n<\/ul>\n\n\n\n<h3 class=\"wp-block-heading\"><strong>Mietwagen<\/strong><\/h3>\n\n\n\n<p><strong><strong>Nueva Andaluc\u00eda, Marbella und die Costa del Sol in Ihrem eigenen Tempo entdecken<\/strong><\/strong><\/p>\n\n\n\n<p>Falls Sie <strong>ohne Fahrzeug in Marbella angekommen sind<\/strong> und die <strong>Costa del Sol flexibel erkunden<\/strong> m\u00f6chten, gibt es in der Umgebung mehrere <strong>Autovermietungen<\/strong> zur Auswahl.<\/p>\n\n\n\n<p><strong><a href=\"https:\/\/www.goldcar.es\/?gclsrc=aw.ds&amp;gad_source=1&amp;gclid=CjwKCAjwv-2pBhB-EiwAtsQZFF77M_jxmmWLwp8kMYd1IH_M7G5AgodPlcYvnSG63DhvruXUgb6cbxoCKD4QAvD_BwE&amp;gclsrc=aw.ds\" data-type=\"link\" data-id=\"https:\/\/www.goldcar.es\/?gclsrc=aw.ds&amp;gad_source=1&amp;gclid=CjwKCAjwv-2pBhB-EiwAtsQZFF77M_jxmmWLwp8kMYd1IH_M7G5AgodPlcYvnSG63DhvruXUgb6cbxoCKD4QAvD_BwE&amp;gclsrc=aw.ds\" target=\"_blank\" rel=\"noopener\">Goldcar <\/a>\u2013&nbsp; +34 918 341 400<\/strong><\/p>\n\n\n\n<ul class=\"wp-block-list\">\n<li>Ideal f\u00fcr preisbewusste Kunden<\/li>\n\n\n\n<li>Gro\u00dfe Auswahl an <strong>Fahrzeugen<\/strong>, von <strong>Kompaktwagen bis Familienautos<\/strong><\/li>\n\n\n\n<li>B\u00fcros am <strong>Flughafen<\/strong> <strong><a href=\"https:\/\/www.google.com\/maps\/place\/Goldcar+Malaga+Airport\/@36.5909725,-5.0085478,10z\/data=!4m20!1m13!4m12!1m4!2m2!1d-4.8910806!2d36.5103971!4e1!1m6!1m2!1s0xd72fa3d9e7990e5:0x5798a16bbb994fff!2sgoldacr+aeropouetrot+de+malaga!2m2!1d-4.4888756!2d36.6755064!3m5!1s0xd72fa3d9e7990e5:0x5798a16bbb994fff!8m2!3d36.6755064!4d-4.4888756!16s%2Fg%2F1tdb1130?entry=ttu\" data-type=\"link\" data-id=\"https:\/\/www.google.com\/maps\/place\/Goldcar+Malaga+Airport\/@36.5909725,-5.0085478,10z\/data=!4m20!1m13!4m12!1m4!2m2!1d-4.8910806!2d36.5103971!4e1!1m6!1m2!1s0xd72fa3d9e7990e5:0x5798a16bbb994fff!2sgoldacr+aeropouetrot+de+malaga!2m2!1d-4.4888756!2d36.6755064!3m5!1s0xd72fa3d9e7990e5:0x5798a16bbb994fff!8m2!3d36.6755064!4d-4.4888756!16s%2Fg%2F1tdb1130?entry=ttu\" target=\"_blank\" rel=\"noopener\">Flughafen Malaga<\/a><\/strong> und in <a href=\"https:\/\/www.google.com\/maps\/place\/Goldcar+Gibraltar+-+La+L%C3%ADnea\/@36.3406568,-5.4441295,10z\/data=!4m20!1m13!4m12!1m4!2m2!1d-4.891099!2d36.5104055!4e1!1m6!1m2!1s0xd0cc08917f39f81:0x9dd91116b42c9dc6!2sgoldcar+gribrlatar!2m2!1d-5.3483234!2d36.1571587!3m5!1s0xd0cc08917f39f81:0x9dd91116b42c9dc6!8m2!3d36.1571587!4d-5.3483234!16s%2Fg%2F11btysk2ct?entry=ttu\" data-type=\"link\" data-id=\"https:\/\/www.google.com\/maps\/place\/Goldcar+Gibraltar+-+La+L%C3%ADnea\/@36.3406568,-5.4441295,10z\/data=!4m20!1m13!4m12!1m4!2m2!1d-4.891099!2d36.5104055!4e1!1m6!1m2!1s0xd0cc08917f39f81:0x9dd91116b42c9dc6!2sgoldcar+gribrlatar!2m2!1d-5.3483234!2d36.1571587!3m5!1s0xd0cc08917f39f81:0x9dd91116b42c9dc6!8m2!3d36.1571587!4d-5.3483234!16s%2Fg%2F11btysk2ct?entry=ttu\" target=\"_blank\" rel=\"noopener\"><strong>Gibraltar - La L\u00ednea<\/strong>.<\/a><\/li>\n<\/ul>\n\n\n\n<p><strong><a href=\"https:\/\/www.avis.es\/?cid=pp_site-GOOGLE_camp-18320326037_adgroup-140837266523_target-kwd-13402896_creative-621382492707_device-c_feed-&amp;gad_source=1&amp;gclid=CjwKCAjwv-2pBhB-EiwAtsQZFF7XlJkWcMVcT7EKC0Gn7Kp76IGOYsUbi8POqPDsiHVkXEiLk3HVShoCCG0QAvD_BwE&amp;gclsrc=aw.ds\" data-type=\"link\" data-id=\"https:\/\/www.avis.es\/?cid=pp_site-GOOGLE_camp-18320326037_adgroup-140837266523_target-kwd-13402896_creative-621382492707_device-c_feed-&amp;gad_source=1&amp;gclid=CjwKCAjwv-2pBhB-EiwAtsQZFF7XlJkWcMVcT7EKC0Gn7Kp76IGOYsUbi8POqPDsiHVkXEiLk3HVShoCCG0QAvD_BwE&amp;gclsrc=aw.ds\" target=\"_blank\" rel=\"noopener\">Avis<\/a> \u2013&nbsp; +34 951 32 40 60<\/strong><\/p>\n\n\n\n<ul class=\"wp-block-list\">\n<li>Premium-Option mit Quick Pass Service<\/li>\n\n\n\n<li><strong>Hochwertige Fahrzeuge und Transporter<\/strong> verf\u00fcgbar<\/li>\n\n\n\n<li>Standort: <a href=\"https:\/\/www.google.com\/maps\/place\/Avis+Alquiler+de+coches+-+Marbella\/@36.5057311,-4.961481,13z\/data=!4m20!1m13!4m12!1m4!2m2!1d-4.8910923!2d36.5103981!4e1!1m6!1m2!1s0xd72d6269c8d3b2b:0x6ed31778fe9deb8!2savis!2m2!1d-4.9508844!2d36.4936557!3m5!1s0xd72d6269c8d3b2b:0x6ed31778fe9deb8!8m2!3d36.4936557!4d-4.9508844!16s%2Fg%2F11bbwyrs4d?entry=ttu\" data-type=\"link\" data-id=\"https:\/\/www.google.com\/maps\/place\/Avis+Alquiler+de+coches+-+Marbella\/@36.5057311,-4.961481,13z\/data=!4m20!1m13!4m12!1m4!2m2!1d-4.8910923!2d36.5103981!4e1!1m6!1m2!1s0xd72d6269c8d3b2b:0x6ed31778fe9deb8!2savis!2m2!1d-4.9508844!2d36.4936557!3m5!1s0xd72d6269c8d3b2b:0x6ed31778fe9deb8!8m2!3d36.4936557!4d-4.9508844!16s%2Fg%2F11bbwyrs4d?entry=ttu\" target=\"_blank\" rel=\"noopener\"><strong>Autov\u00eda del Mediterr\u00e1neo, 340, km 175, 29660 Marbella<\/strong>.<\/a><\/li>\n<\/ul>\n\n\n\n<p><strong><a href=\"https:\/\/www.yellowcar.com\/\" data-type=\"link\" data-id=\"https:\/\/www.yellowcar.com\/\" target=\"_blank\" rel=\"noopener\">Yellow Car<\/a> \u2013&nbsp; +34 952 83 14 92<\/strong><\/p>\n\n\n\n<ul class=\"wp-block-list\">\n<li>Lokales Unternehmen mit jahrzehntelanger Erfahrung<\/li>\n\n\n\n<li>B\u00fcros am <strong><a href=\"https:\/\/www.google.com\/maps\/place\/Yellow+Car\/@36.5909725,-5.0085478,10z\/data=!3m1!5s0xd72fa22634a684b:0x1a1c54a06d8292fb!4m20!1m13!4m12!1m4!2m2!1d-4.8910686!2d36.5103977!4e1!1m6!1m2!1s0xd72fa22637f83e7:0x4d03a9505ebbce94!2sYellow+Car,+Av.+del+Comandante+Garc%C3%ADa+Morato,+53,+29004+M%C3%A1laga!2m2!1d-4.4874662!2d36.6755131!3m5!1s0xd72fa22637f83e7:0x4d03a9505ebbce94!8m2!3d36.6755131!4d-4.4874662!16s%2Fg%2F11b5plrwp1?entry=ttu\" data-type=\"link\" data-id=\"https:\/\/www.google.com\/maps\/place\/Yellow+Car\/@36.5909725,-5.0085478,10z\/data=!3m1!5s0xd72fa22634a684b:0x1a1c54a06d8292fb!4m20!1m13!4m12!1m4!2m2!1d-4.8910686!2d36.5103977!4e1!1m6!1m2!1s0xd72fa22637f83e7:0x4d03a9505ebbce94!2sYellow+Car,+Av.+del+Comandante+Garc%C3%ADa+Morato,+53,+29004+M%C3%A1laga!2m2!1d-4.4874662!2d36.6755131!3m5!1s0xd72fa22637f83e7:0x4d03a9505ebbce94!8m2!3d36.6755131!4d-4.4874662!16s%2Fg%2F11b5plrwp1?entry=ttu\" target=\"_blank\" rel=\"noopener\">Flughafen Malaga<\/a>, La Cala de Mijas und in <a href=\"https:\/\/www.google.com\/maps\/place\/Yellow+Car\/@36.5054291,-4.8182583,15.06z\/data=!3m1!5s0xd7320ace3f82899:0x72319a1d00cd5356!4m20!1m13!4m12!1m4!2m2!1d-4.8910088!2d36.5103958!4e1!1m6!1m2!1s0xd72fa22637f83e7:0xf962868fcd390272!2sYellow+Car,+Urb.+El+Rosario,+C.+los+Limoneros,+29604+Marbella,+M%C3%A1laga!2m2!1d-4.8087341!2d36.5047822!3m5!1s0xd72fa22637f83e7:0xf962868fcd390272!8m2!3d36.5047822!4d-4.8087341!16s%2Fg%2F1ttpcngv?entry=ttu\" data-type=\"link\" data-id=\"https:\/\/www.google.com\/maps\/place\/Yellow+Car\/@36.5054291,-4.8182583,15.06z\/data=!3m1!5s0xd7320ace3f82899:0x72319a1d00cd5356!4m20!1m13!4m12!1m4!2m2!1d-4.8910088!2d36.5103958!4e1!1m6!1m2!1s0xd72fa22637f83e7:0xf962868fcd390272!2sYellow+Car,+Urb.+El+Rosario,+C.+los+Limoneros,+29604+Marbella,+M%C3%A1laga!2m2!1d-4.8087341!2d36.5047822!3m5!1s0xd72fa22637f83e7:0xf962868fcd390272!8m2!3d36.5047822!4d-4.8087341!16s%2Fg%2F1ttpcngv?entry=ttu\" target=\"_blank\" rel=\"noopener\">Marbella<\/a><\/strong>.<\/li>\n<\/ul>\n\n\n\n<p><strong>Empfehlung:<\/strong> Um <strong>Verf\u00fcgbarkeit und die besten Preise<\/strong> zu sichern, empfiehlt es sich, <strong>rechtzeitig \u00fcber die jeweilige Website zu buchen<\/strong>.<\/p>\n\n\n\n<h2 class=\"wp-block-heading\"><span class=\"ez-toc-section\" id=\"Die_Umgebung_erkunden_Jenseits_von_Nueva_Andalucia\"><\/span><br><strong>Die Umgebung erkunden: Jenseits von Nueva Andaluc\u00eda<\/strong><span class=\"ez-toc-section-end\"><\/span><\/h2>\n\n\n\n<h3 class=\"wp-block-heading\"><br><strong>Puerto Ban\u00fas<\/strong><\/h3>\n\n\n\n<p>Weniger als <strong>f\u00fcnf Minuten mit dem Auto<\/strong> von <strong>Nueva Andaluc\u00eda<\/strong> entfernt, ist <strong>Puerto Ban\u00fas<\/strong> eines der <strong>ikonischsten Reiseziele<\/strong> in Marbella. Diese <strong>Luxusmarina<\/strong> ist ein Hotspot f\u00fcr alle, die eine <strong>exklusive Atmosph\u00e4re<\/strong> suchen \u2013 mit <strong>Luxusyachten, internationalen Designerboutiquen<\/strong> wie <strong>Louis Vuitton und Gucci<\/strong>, <strong>Gourmet-Restaurants<\/strong> und einem <strong>lebendigen Nachtleben<\/strong>.<\/p>\n\n\n\n<p>Zudem l\u00e4dt die <strong>Strandpromenade<\/strong> zu einem <strong>entspannten Spaziergang<\/strong> mit <strong>spektakul\u00e4rem Blick auf das Mittelmeer<\/strong> ein.<\/p>\n\n\n\n<figure class=\"wp-caption aligncenter\">\n<picture><source width=\"1480\" srcset=\"https:\/\/media.inmobalia.com\/imgV1\/B98Le8~d7M9pwOKhCJcJLIfglZOtvyX13f98gUEkry2AXpxxwVVUW6beaB1CbHQXGOhTMxPEWoq2vSWoPxT0dWUFVpFov6NwmlNzq3qwzpnpHLdKCVvTJlQLcC6brPz90Q86ly05wwQlVT0~4MYdZTwzMkTS4RbupvRd_PwvIwcVpBSKfexse7kFAxYBmeaRJBwsQkTSQQ15o~w-.png 1480w\" type=\"image\/webp\"><img decoding=\"async\" class=\"img-fluid \" width=\"1480\" src=\"https:\/\/media.inmobalia.com\/imgV1\/B98Le8~d7M9pwOKhCJcJLIN6jO1ByKD5uSZnq8Rqc8B6DMmmO7kOR4N0IvO6OvVh01P_J9~uLWOHBEWUQE3T~C5cLDWerHLR1PrO6NIclHXLxFsUL02RfQVhxqERseYTUM8M28_wjM2eU9vD8gkfYtbqu0FNADTjmdAjLpfXzWMWULW_8ETqt_befBXaB0XHByNnAQ--.png\"><\/picture>\n<figcaption class=\"wp-caption-text\"><\/figcaption>\n<\/figure>\n\n\n\n<h3 class=\"wp-block-heading\"><strong><strong>Marbellas Altstadt<\/strong><\/strong><\/h3>\n\n\n\n<figure class=\"wp-caption aligncenter\">\n<picture><source width=\"1480\" srcset=\"https:\/\/media.inmobalia.com\/imgV1\/B98Le8~d7M9pwOKhCJcJLIfglZOtvyX13f98gUEkry2AXpxxwVVUW6beaB1CbHQXGOhTMxPEWoq2vSWoPxT0dWUFVpFov6NwmlNzq3qwzpnpHLdKCVvTJlkNmoNvb~EzIlcOTwymeG_FFt8Dir2TlpCZgS3jFOy1Vc3SmXK3Z5BIUM8IRIwH.png 1480w\" type=\"image\/webp\"><img decoding=\"async\" class=\"img-fluid \" width=\"1480\" src=\"https:\/\/media.inmobalia.com\/imgV1\/B98Le8~d7M9pwOKhCJcJLIN6jO1ByKD5uSZnq8Rqc8B6DMmmO7kOR4N0IvO6OvVh01P_J9~uLWOHBEWUQE3T~C5cLDWerHLR1PrO6NIclHXLyQ5pAxDD~ksaurP6tUuQ~GdhYz59oOzEgiGuVBDq31RaI8ki2R41Q8S~cvM341Q-.png\"><\/picture>\n<figcaption class=\"wp-caption-text\"><\/figcaption>\n<\/figure>\n\n\n\n<p><em>\"Ich kehre zur\u00fcck f\u00fcr meine Fl\u00fcgel, lasst mich zur\u00fcckkehren. Ich m\u00f6chte sterben, indem ich werde, werde Morgend\u00e4mmerung.\"<\/em> \u2013 <strong>Federico Garc\u00eda Lorca<\/strong><\/p>\n\n\n\n<p>Dies ist nur eines der vielen <strong>literarischen Zitate<\/strong>, die Sie in den charmanten Ecken der <strong>Altstadt von Marbella<\/strong> entdecken k\u00f6nnen.<\/p>\n\n\n\n<p>Nur <strong>10 Minuten entfernt<\/strong> bietet das <strong>historische Zentrum<\/strong> von Marbella einen <strong>faszinierenden Kontrast<\/strong> zum Glamour von Puerto Ban\u00fas. Hier sorgen <strong>gepflasterte Gassen, blumengeschm\u00fcckte andalusische Innenh\u00f6fe<\/strong> und die <strong>historische Plaza de los Naranjos<\/strong> f\u00fcr eine <strong>authentische Atmosph\u00e4re<\/strong>.<\/p>\n\n\n\n<p>Es ist der perfekte Ort, um <strong>traditionelle Restaurants, Kunsthandwerksl\u00e4den und historische Geb\u00e4ude<\/strong> zu entdecken oder einen entspannten <strong>Shopping-Tag<\/strong> oder einen <strong>Kaffee auf einer der charmanten Terrassen<\/strong> zu genie\u00dfen.<\/p>\n\n\n\n<figure class=\"wp-caption aligncenter\">\n<picture><source width=\"1480\" srcset=\"https:\/\/media.inmobalia.com\/imgV1\/B98Le8~d7M9pwOKhCJcJLIfglZOtvyX13f98gUEkry2AXpxxwVVUW6beaB1CbHQXGOhTMxPEWoq2vSWoPxT0dWUFVpFov6NwmlNzq3qwzpnpHLdKCVvTJlkNmoNvb~EzIlcOTwymeG_FFt8Dir2TlpCZgS3jFOy1Vc3SmXK3Z5BIVv4_EpOr.png 1480w\" type=\"image\/webp\"><img decoding=\"async\" class=\"img-fluid \" width=\"1480\" src=\"https:\/\/media.inmobalia.com\/imgV1\/B98Le8~d7M9pwOKhCJcJLIN6jO1ByKD5uSZnq8Rqc8B6DMmmO7kOR4N0IvO6OvVh01P_J9~uLWOHBEWUQE3T~C5cLDWerHLR1PrO6NIclHXLyQ5pAxDD~ksaurP6tUuQ~GdhYz59oOzEgiGuVBDq31RaI8ki2R41Q8S5n2mJMlk-.png\"><\/picture>\n<figcaption class=\"wp-caption-text\"><\/figcaption>\n<\/figure>\n\n\n\n<h3 class=\"wp-block-heading\"><strong>Marbella Zentrum<\/strong><\/h3>\n\n\n\n<figure class=\"wp-caption aligncenter\">\n<picture><source width=\"1480\" srcset=\"https:\/\/media.inmobalia.com\/imgV1\/B98Le8~d7M9pwOKhCJcJLIfglZOtvyX13f98gUEkry2AXpxxwVVUW6beaB1CbHQXGOhTMxPEWoq2vSWoPxT0dWUFVpFov6NwmlNzq3qwzpnpHLdKCVvTJgu8OuwkQA--.png 1480w\" type=\"image\/webp\"><img decoding=\"async\" class=\"img-fluid \" width=\"1480\" src=\"https:\/\/media.inmobalia.com\/imgV1\/B98Le8~d7M9pwOKhCJcJLIN6jO1ByKD5uSZnq8Rqc8B6DMmmO7kOR4N0IvO6OvVh01P_J9~uLWOHBEWUQE3T~C5cLDWerHLR1PrO6NIclHXLm2htrVbt.png\"><\/picture>\n<figcaption class=\"wp-caption-text\"><\/figcaption>\n<\/figure>\n\n\n\n<p>Das <strong>Stadtzentrum von Marbella<\/strong> ist eine <strong>gelungene Mischung aus andalusischer Tradition und kosmopolitischem Flair<\/strong>. <strong>Wei\u00df get\u00fcnchte Geb\u00e4ude und enge, gepflasterte Gassen<\/strong> stehen im Kontrast zu <strong>modernen Alleen und weitl\u00e4ufigen Stadtparks<\/strong>.<\/p>\n\n\n\n<p>Entlang der K\u00fcste erstrecken sich wundersch\u00f6ne <strong>Str\u00e4nde<\/strong>, darunter:<\/p>\n\n\n\n<ul class=\"wp-block-list\">\n<li><strong>Playa de Venus<\/strong><\/li>\n\n\n\n<li><strong>Playa de La Fontanilla<\/strong><\/li>\n\n\n\n<li><strong>Playa de La Bajadilla<\/strong><\/li>\n<\/ul>\n\n\n\n<p>Sie bieten <strong>verschiedene K\u00fcstenerlebnisse<\/strong> f\u00fcr jeden Geschmack.<\/p>\n\n\n\n<p>Ein absolutes <strong>Must-See<\/strong> ist die <strong>Puente Romano<\/strong>, ein <strong>historisches Wahrzeichen<\/strong>, das an die <strong>reiche Vergangenheit Marbellas<\/strong> erinnert.<\/p>\n\n\n\n<figure class=\"wp-caption aligncenter\">\n<picture><source width=\"1480\" srcset=\"https:\/\/media.inmobalia.com\/imgV1\/B98Le8~d7M9pwOKhCJcJLIfglZOtvyX13f98gUEkry2AXpxxwVVUW6beaB1CbHQXGOhTMxPEWoq2vSWoPxT0dWUFVpFov6NwmlNzq3qwzpnpHLdKCVvTJgu7S7o5fw--.png 1480w\" type=\"image\/webp\"><img decoding=\"async\" class=\"img-fluid \" width=\"1480\" src=\"https:\/\/media.inmobalia.com\/imgV1\/B98Le8~d7M9pwOKhCJcJLIN6jO1ByKD5uSZnq8Rqc8B6DMmmO7kOR4N0IvO6OvVh01P_J9~uLWOHBEWUQE3T~C5cLDWerHLR1PrO6NIclHXLm28PjC3N.png\"><\/picture>\n<figcaption class=\"wp-caption-text\"><\/figcaption>\n<\/figure>\n\n\n\n<h2 class=\"wp-block-heading\"><span class=\"ez-toc-section\" id=\"Nueva_Andalucia_Der_Ort_um_Ihre_naechste_Geschichte_zu_schreiben_Sind_Sie_dabei\"><\/span><br><strong><strong>Nueva Andaluc\u00eda: Der Ort, um Ihre n\u00e4chste Geschichte zu schreiben. Sind Sie dabei?<\/strong><\/strong><span class=\"ez-toc-section-end\"><\/span><\/h2>\n\n\n\n<p>Ein <strong>Zuhause<\/strong>, in dem Sie <strong>Ihre Kinder gro\u00dfziehen<\/strong> k\u00f6nnen \u2013 umgeben von einigen der <strong>besten Schulen Marbellas<\/strong>, <strong>Spielpl\u00e4tzen<\/strong> und <strong>sicheren Bereichen<\/strong> f\u00fcr das Familienleben.<\/p>\n\n\n\n<p>Ein Ort, an dem <strong>jeder Tag zu einem neuen Erlebnis<\/strong> wird \u2013 sei es ein <strong>gehobenes Dinner<\/strong> in Restaurants wie <strong>Divot Gastro Grill<\/strong>, ein <strong>Sonnenuntergangs-Cocktail<\/strong> in exklusiven Beach Clubs wie <strong>Alabardero und \u00c1mmo Beach Club<\/strong>, oder einfach ein <strong>entspannter Abend auf einer ruhigen Terrasse mit Meerblick<\/strong>. Hier ist <strong>Lebensqualit\u00e4t in jeder Ecke sp\u00fcrbar<\/strong>.<\/p>\n\n\n\n<p>Und wenn Sie Lust auf <strong>neue Entdeckungen<\/strong> haben, ist <strong>Nueva Andaluc\u00eda der perfekte Ausgangspunkt<\/strong>, um <strong>alles zu erkunden, was Marbella und die Costa del Sol zu bieten haben<\/strong>.<\/p>\n\n\n\n<ul class=\"wp-block-list\">\n<li><strong>Los Naranjos Golf Club<\/strong>, wo mit jedem <strong>Schwung<\/strong> die Sorgen in den <strong>Mittelmeerhorizont<\/strong> verschwinden.<\/li>\n<\/ul>\n\n\n\n<p>Bei <strong>Homewatch<\/strong> m\u00f6chten wir <strong>Teil Ihrer Geschichte sein<\/strong> und bieten eine <strong>gro\u00dfe Auswahl an Miet- und Kaufimmobilien<\/strong> in <strong>Nueva Andaluc\u00eda<\/strong>, darunter <strong>Vista Real, Los Pinos de Aloha, Urbanizaci\u00f3n Condes de Iza, Magna Marbella, Mimosa Beach<\/strong> und viele mehr.<\/p>\n\n\n\n<p>Denn wir wissen \u2013 <strong>sobald Sie Nueva Andaluc\u00eda entdecken, wird es nicht lange dauern, bis Sie es Ihr Zuhause nennen<\/strong>. Es gibt <strong>keinen besseren Ort zum Leben<\/strong> \u2013 und vor allem, um das Leben in <strong>seiner sch\u00f6nsten Form<\/strong> zu genie\u00dfen!<\/p>\n\n\n\t\t\t<section class=\"selection-wrapper mt-5 mt-lg-7 mt-xxl-10 wp-block-acf-propertyselection\">\n\t\t\t\t<div class=\"container-fluid max-width d-flex flex-column align-items-start align-items-lg-center\">\n\t\t\t\t\t<div class=\"col-xl-6 mb-4 mb-lg-5\">\n\t\t\t\t\t\t\t\t\t\t\t\t\t<h2 class=\"h1 text-md-center mb-4\"><span class=\"ez-toc-section\" id=\"Mietobjekte_in_Nueva_Andalucia_Marbella_Alle_Mietobjekte_Marbella_Nueva_Andalucia\"><\/span>\n\t\t\t\t\t\t\t\t\t\t\t\t\t\t\t\t\t<span class=\"htitle\">Mietobjekte in Nueva Andaluc\u00eda, Marbella<\/span>\n\t\t\t\t\t\t\t\t\t\t\t\t\t\t\t\tAlle Mietobjekte \/ Marbella \/ Nueva Andaluc\u00eda\t\t\t\t\t\t\t<span class=\"ez-toc-section-end\"><\/span><\/h2>\n\t\t\t\t\t\t\t\t\t\t\t\t<div class=\"flex max-w-full flex-col flex-grow\">\n<div class=\"min-h-8 text-message flex w-full flex-col items-end gap-2 whitespace-normal break-words text-start [.text-message+&amp;]:mt-5\" dir=\"auto\" data-message-author-role=\"assistant\" data-message-id=\"44316e9f-edb3-463f-a419-40040756f28f\" data-message-model-slug=\"gpt-4o\">\n<div class=\"flex w-full flex-col gap-1 empty:hidden first:pt-[3px]\">\n<div class=\"markdown prose w-full break-words dark:prose-invert light\">\n<p class=\"text-md-center mb-0 mx-auto\" data-start=\"110\" data-end=\"166\" data-is-last-node=\"\"><strong data-start=\"110\" data-end=\"166\" data-is-last-node=\"\">9 Mietobjekte in Nueva Andaluc\u00eda, Marbella gefunden<\/strong><\/p>\n<\/div>\n<\/div>\n<\/div>\n<\/div>\n<div class=\"mb-2 flex gap-3 empty:hidden -ml-2\">\n<div class=\"items-center justify-start rounded-xl p-1 z-10 -mt-1 bg-token-main-surface-primary screen-arch:mt-1 md:absolute flex\">\n<div class=\"flex items-center\"><button class=\"rounded-lg text-token-text-secondary hover:bg-token-main-surface-secondary\" aria-label=\"Read aloud\" data-testid=\"voice-play-turn-action-button\">\u00a0<\/button><\/div>\n<\/div>\n<\/div>\n\t\t\t\t\t<\/div>\n\t\t\t\t\t<div id=\"cardsFancyCarousel\" class=\"offcanvas-carousel w-100 four-items\">\n\t\t\t\t\t\t<article class=\"f-carousel__slide card col position-relative flex-column\">\n\t<figure class=\"position-relative w-100 mb-2\">\n\t\t<a class=\"card-portfolio position-absolute\" data-pfl-id=\"694968\" data-pfl-filter=\"rent-short\" href=\"#\">\n\t\t\t<svg width=\"20\" fill=\"currentColor\" viewBox=\"0 0 512 512\">\n\t\t\t\t<use href=\"https:\/\/www.homewatch.es\/wp-content\/themes\/inmobasolidbase\/dist\/src\/images\/icons.svg#svgPortfolio\"\/>\n\t\t\t<\/svg>\n\t\t\t<svg class=\"d-none\" width=\"20\" fill=\"currentColor\" viewBox=\"0 0 512 512\">\n\t\t\t\t<use href=\"https:\/\/www.homewatch.es\/wp-content\/themes\/inmobasolidbase\/dist\/src\/images\/icons.svg#svgPortfolioIn\"\/>\n\t\t\t<\/svg>\n\t\t<\/a>\n\t\t<picture class=\"ratio ratio-4x3\"><source width=\"1310\" height=\"737\" srcset=\"https:\/\/media.inmobalia.com\/imgV1\/B8vEv5Xh_V7LwqmA7MsEzyiu2rJZnyi1cQR2VJg~6f4Oh1Du4KAGTYXDE8C4DRkPf1CBJ93oAaBEpqucynqp9NerpA3zG4FWyQuhQJbP4mLQ1u35fHU5~IWHURT9i2NiY5ChYxrJd7IXbnddIdE9VhGZJwydLGrJKRWQa8zSwM14Kptm5ar~CJisOHN0QMk-.jpg 1310w,https:\/\/media.inmobalia.com\/imgV1\/B8vEv5Xh_V7LwqmA7MRMuLIubsbpwUehA5MIxMy7ZJHKpJ9yGVL7f2Q27c9zxkVcn17l2blE6vQAMcv51R0g_I3I_0rjueeF~vtjAiir8ZZcYXble_2Z64~z1Tl0h0jHQlxMrEPktyOXCFLo6CwZnmw0Ml6lgn2oR56QEXZOKLtu90tkAMLgwDBAVEgxepo-.jpg 1310w,https:\/\/media.inmobalia.com\/imgV1\/B8vEv5Xh~9eLgpFkvD55S4O4_vRpfi7Zj~8WTFZMGThfizi~_Y~NgoiVzdN9MsuXYCpgHq7NOfhSSsV~~CvXOR8biNDSQCuIy3z~JafSwduxBEndespnQYPOGloQON4~nZQttRhWlyNB6nHsT6I8fBXkmdyezf52fB4~1HUqh~ILvksOD09lqSav_zuv3w--.jpg 774w\" type=\"image\/webp\"><img fetchpriority=\"high\" decoding=\"async\" class=\"image-fit\" alt=\"4-Zimmer-Villa mit Privatpool, Garten und Golfblick in Nueva Andaluc\u00eda. Minuten von Puerto Ban\u00fas. Homewatch 24\/7.\" width=\"1310\" height=\"737\" src=\"https:\/\/media.inmobalia.com\/imgV1\/B8vEv5Xh_V7LwqmA7MsE2MSoMmSw1ck4jNnQaUtOC3Ic4c8oEsneXQYFVCW9st5aU7DI8Vy1pS_AMSuStDIqCzlJ2qBHsZkxYWIuRW3ww_uRVlbkhxyMRdkkt2DF3HvBNTJIVHr4Ug5ngX9VXez4IWmV_oC1OEijx_7xxUc0jQ--.jpg\"><\/picture>\t\t\t<\/figure>\n\t<div class=\"h-100 d-flex flex-column\">\n\t\t<span class=\"d-block card-area\">\n\t\t\tNueva Andalucia\t\t<\/span>\n\t\t\n\n\t\t\t<div class=\"card-price d-flex flex-column\">\n\t\t<strong class=\"me-1\">Von <span data-original-price=\"450\">450\u00a0\u20ac<\/span><span data-period> pro tag <\/span><\/strong><strong class=\"me-1\"><span data-original-price=\"6500\">6.500\u00a0\u20ac<\/span><span data-period> montly rental (November-March)<\/span><\/strong>\t\t<\/div>\n\t\n\t\t<ul class=\"card-features list-unstyled d-flex flex-wrap align-items-center mb-0\">\n\t\t\t\t\t\t\t<li class=\"d-flex align-items-center me-3\">\n\t\t\t\t\t4 Schlafzimmer\t\t\t\t<\/li>\n\t\t\t\t\t\t\t<li class=\"d-flex align-items-center me-3\">\n\t\t\t\t\t4 Badezimmer\t\t\t\t<\/li>\n\t\t\t\t\t\t\t<li class=\"d-flex align-items-center me-3\">\n\t\t\t\t\t295 m&sup2; gebaut\t\t\t\t<\/li>\n\t\t\t\t\t\t\t<li class=\"d-flex align-items-center me-3\">\n\t\t\t\t\t1000 m&sup2; Grundst\u00fcck\t\t\t\t<\/li>\n\t\t\t\t\t<\/ul>\n\t\t<h4 class=\"card-title mb-0\">\n\t\t\t<a class=\"stretched-link\" href=\"\/vermietungen\/nueva-andalucia\/villen\/249\">4-Zimmer-Villa mit Privatpool, Garten und Golfblick in Nueva Andaluc\u00eda. Minuten von Puerto Ban\u00fas. Homewatch 24\/7.<\/a>\n\t\t<\/h4>\n\t\t\t<\/div>\n<\/article>\t\t\t\t\t\t<article class=\"f-carousel__slide card col position-relative flex-column\">\n\t<figure class=\"position-relative w-100 mb-2\">\n\t\t<a class=\"card-portfolio position-absolute\" data-pfl-id=\"657602\" data-pfl-filter=\"rent-short\" href=\"#\">\n\t\t\t<svg width=\"20\" fill=\"currentColor\" viewBox=\"0 0 512 512\">\n\t\t\t\t<use href=\"https:\/\/www.homewatch.es\/wp-content\/themes\/inmobasolidbase\/dist\/src\/images\/icons.svg#svgPortfolio\"\/>\n\t\t\t<\/svg>\n\t\t\t<svg class=\"d-none\" width=\"20\" fill=\"currentColor\" viewBox=\"0 0 512 512\">\n\t\t\t\t<use href=\"https:\/\/www.homewatch.es\/wp-content\/themes\/inmobasolidbase\/dist\/src\/images\/icons.svg#svgPortfolioIn\"\/>\n\t\t\t<\/svg>\n\t\t<\/a>\n\t\t<picture class=\"ratio ratio-4x3\"><source width=\"1920\" height=\"1080\" srcset=\"https:\/\/media.inmobalia.com\/imgV1\/B8vEv5Xh_VThvnEqMx4G0YtA8lAADdw1sBC5uN5pSX6~ImMWYg0nYa_EPSP~fBpYtvgHs5QKecPwE1~j5DU_pylbu6cBdu0PgVunDxnkMoeY79Gll7Nv5AHhYwCGots7LHLh3gLnoLABqUVhVjw9AxYOlCVN0o4kvvdgH9GO6zN9uyIN3Wg3iTofqy~XYeW1.jpg 1920w,https:\/\/media.inmobalia.com\/imgV1\/B8vEv5Xh_Vjzl4qKP9bJW21eHCmW9PWrQV6IDk9EjA79dASSMmDBrXf04FgH6wp0ylU42MWPePEey7rkY1j3kMIGs3YrRSP6UhHPWG1enKzuplcdy8f~NYm7bTbKkeM5EmP5XIh0SzLedk_dmuu6UhFDziBEGWBa7kSt6Q~S0jK0adUc5jJAzgoUHzdddvQ-.jpg 1580w,https:\/\/media.inmobalia.com\/imgV1\/B8vEv5Xh~9eLgpFkvD55S4O4_vRpfi7Zj~8WTFZMGThfizi~_Y~NgoiVzdN9MsuXYCpgHq7NOfhSSsV~~CvXOR8biNDSQCuIy3z~JafSwduxBEndespnQYPOGloQON4~nZWk1S8PfeO1RWSbs83PqNjsDjqa4YWGUGN~5iY5a3lkeudZPWb2DYR9kQDU0A--.jpg 774w\" type=\"image\/webp\"><img decoding=\"async\" class=\"image-fit\" alt=\"Exklusive Duplex-Penthouse-Wohnung ZU VERKAUFEN mit gro\u00dfer privater Terrasse und Panoramablick auf das Meer, in Vista Real, Nueva Andaluc\u00eda\" width=\"1920\" height=\"1080\" src=\"https:\/\/media.inmobalia.com\/imgV1\/B8vEv5Xh_VThvnEqMx4G0ZxU~~H0Ar_8Bn_AfAx~4dnt796zQ9QIPwzdr9PkzIdRpbeOYktBAPFfTt23HPhndt5b7cRr2vg76pmKvptCGz41lr5kQABDDfaOJLwLMMYriQOxQ9MkvWDGcBdsLAVogVVyWrVK0GNmyZwMDNIEtEc-.jpg\"><\/picture>\t\t\t<\/figure>\n\t<div class=\"h-100 d-flex flex-column\">\n\t\t<span class=\"d-block card-area\">\n\t\t\tNueva Andalucia\t\t<\/span>\n\t\t\n\n\t\t\t<div class=\"card-price d-flex flex-column\">\n\t\tPreis auf Anfrage\t\t<\/div>\n\t\n\t\t<ul class=\"card-features list-unstyled d-flex flex-wrap align-items-center mb-0\">\n\t\t\t\t\t\t\t<li class=\"d-flex align-items-center me-3\">\n\t\t\t\t\t3 Schlafzimmer\t\t\t\t<\/li>\n\t\t\t\t\t\t\t<li class=\"d-flex align-items-center me-3\">\n\t\t\t\t\t2 Badezimmer\t\t\t\t<\/li>\n\t\t\t\t\t\t\t<li class=\"d-flex align-items-center me-3\">\n\t\t\t\t\t259 m&sup2; gebaut\t\t\t\t<\/li>\n\t\t\t\t\t<\/ul>\n\t\t<h4 class=\"card-title mb-0\">\n\t\t\t<a class=\"stretched-link\" href=\"\/vermietungen\/vista-real\/penthauser\/HW428\">Exklusive Duplex-Penthouse-Wohnung ZU VERKAUFEN mit gro\u00dfer privater Terrasse und Panoramablick auf das Meer, in Vista Real, Nueva Andaluc\u00eda<\/a>\n\t\t<\/h4>\n\t\t\t<\/div>\n<\/article>\t\t\t\t\t\t<article class=\"f-carousel__slide card col position-relative flex-column\">\n\t<figure class=\"position-relative w-100 mb-2\">\n\t\t<a class=\"card-portfolio position-absolute\" data-pfl-id=\"622539\" data-pfl-filter=\"rent-short\" href=\"#\">\n\t\t\t<svg width=\"20\" fill=\"currentColor\" viewBox=\"0 0 512 512\">\n\t\t\t\t<use href=\"https:\/\/www.homewatch.es\/wp-content\/themes\/inmobasolidbase\/dist\/src\/images\/icons.svg#svgPortfolio\"\/>\n\t\t\t<\/svg>\n\t\t\t<svg class=\"d-none\" width=\"20\" fill=\"currentColor\" viewBox=\"0 0 512 512\">\n\t\t\t\t<use href=\"https:\/\/www.homewatch.es\/wp-content\/themes\/inmobasolidbase\/dist\/src\/images\/icons.svg#svgPortfolioIn\"\/>\n\t\t\t<\/svg>\n\t\t<\/a>\n\t\t<picture class=\"ratio ratio-4x3\"><source width=\"1920\" height=\"1080\" srcset=\"https:\/\/media.inmobalia.com\/imgV1\/B8vEv5Xh_VThvnEqMx4G0YtA8lAADdw1sBC5uN5pSX6~ImMWYg0nYa_EPSP~fBpYtvgHs5QKecPwE1~j5DU_pylbu6cBdu0PgVunDxnkMoeY79Gll7Nv5AHhYwCGots7LHLh3gF7miFPH7gl8_dj1U561s~RGpuMtzMAur8hhXaSTkJVrzSDHF7T5i7kHR0N.jpg 1920w,https:\/\/media.inmobalia.com\/imgV1\/B8vEv5Xh_Vjzl4qKP9bJW21eHCmW9PWrQV6IDk9EjA79dASSMmDBrXf04FgH6wp0ylU42MWPePEey7rkY1j3kMIGs3YrRSP6UhHPWG1enKzuplcdy8f~NYm7bTbKkeM5EmP5X4YoABNq6mpWQPz3a2kLHpwqGmQhov_QrU1jJeEP1s2QJMKLzNce3vgNcWo-.jpg 1580w,https:\/\/media.inmobalia.com\/imgV1\/B8vEv5Xh~9eLgpFkvD55S4O4_vRpfi7Zj~8WTFZMGThfizi~_Y~NgoiVzdN9MsuXYCpgHq7NOfhSSsV~~CvXOR8biNDSQCuIy3z~JafSwduxBEndespnQYPOGloQON4~nZWnI1WkpxHiYSm4nlIOMXikfAh6D5YAFcNmDKRK0BfE3vo65~aIVXAolI2cXw--.jpg 774w\" type=\"image\/webp\"><img decoding=\"async\" class=\"image-fit\" alt=\"Modernes 2-Schlafzimmer Ferienwohnung Nueva Andalucia mit privater Terrasse und Pool\" width=\"1920\" height=\"1080\" src=\"https:\/\/media.inmobalia.com\/imgV1\/B8vEv5Xh_VThvnEqMx4G0ZxU~~H0Ar_8Bn_AfAx~4dnt796zQ9QIPwzdr9PkzIdRpbeOYktBAPFfTt23HPhndt5b7cRr2vg76pmKvptCGz41lr5kQ1Kfz~O~bUnNoXnkB8oxwQvhL7HJQoNgnPOw90iZ3LmGmUO~rMDzZmYw~wU-.jpg\"><\/picture>\t\t\t<\/figure>\n\t<div class=\"h-100 d-flex flex-column\">\n\t\t<span class=\"d-block card-area\">\n\t\t\tNueva Andalucia\t\t<\/span>\n\t\t\n\n\t\t\t<div class=\"card-price d-flex flex-column\">\n\t\t<strong class=\"me-1\">Von <span data-original-price=\"165\">165\u00a0\u20ac<\/span><span data-period> pro tag <\/span><\/strong>\t\t<\/div>\n\t\n\t\t<ul class=\"card-features list-unstyled d-flex flex-wrap align-items-center mb-0\">\n\t\t\t\t\t\t\t<li class=\"d-flex align-items-center me-3\">\n\t\t\t\t\t2 Schlafzimmer\t\t\t\t<\/li>\n\t\t\t\t\t\t\t<li class=\"d-flex align-items-center me-3\">\n\t\t\t\t\t2 Badezimmer\t\t\t\t<\/li>\n\t\t\t\t\t\t\t<li class=\"d-flex align-items-center me-3\">\n\t\t\t\t\t164 m&sup2; gebaut\t\t\t\t<\/li>\n\t\t\t\t\t<\/ul>\n\t\t<h4 class=\"card-title mb-0\">\n\t\t\t<a class=\"stretched-link\" href=\"\/vermietungen\/alminar-de-marbella\/wohnungen\/241\">Modernes 2-Schlafzimmer Ferienwohnung Nueva Andalucia mit privater Terrasse und Pool<\/a>\n\t\t<\/h4>\n\t\t\t<\/div>\n<\/article>\t\t\t\t\t\t<article class=\"f-carousel__slide card col position-relative flex-column\">\n\t<figure class=\"position-relative w-100 mb-2\">\n\t\t<a class=\"card-portfolio position-absolute\" data-pfl-id=\"599531\" data-pfl-filter=\"rent-short\" href=\"#\">\n\t\t\t<svg width=\"20\" fill=\"currentColor\" viewBox=\"0 0 512 512\">\n\t\t\t\t<use href=\"https:\/\/www.homewatch.es\/wp-content\/themes\/inmobasolidbase\/dist\/src\/images\/icons.svg#svgPortfolio\"\/>\n\t\t\t<\/svg>\n\t\t\t<svg class=\"d-none\" width=\"20\" fill=\"currentColor\" viewBox=\"0 0 512 512\">\n\t\t\t\t<use href=\"https:\/\/www.homewatch.es\/wp-content\/themes\/inmobasolidbase\/dist\/src\/images\/icons.svg#svgPortfolioIn\"\/>\n\t\t\t<\/svg>\n\t\t<\/a>\n\t\t<picture class=\"ratio ratio-4x3\"><source width=\"1920\" height=\"1080\" srcset=\"https:\/\/media.inmobalia.com\/imgV1\/B8vEv5Xh_VThvnEqMx4G0YtA8lAADdw1sBC5uN5pSX6~ImMWYg0nYa_EPSP~fBpYtvgHs5QKecPwE1~j5DU_pylbu6cBdu0PgVunDxnkMoeY79Gll7Nv5AHhYwCGots7LHLh3gczFcXAgmhR4Uf6V6WxyZIL26xs_CNm4tzuitsgQzZ1ZnQTxlAdtIQxfFlT.jpg 1920w,https:\/\/media.inmobalia.com\/imgV1\/B8vEv5Xh_Vjzl4qKP9bJW21eHCmW9PWrQV6IDk9EjA79dASSMmDBrXf04FgH6wp0ylU42MWPePEey7rkY1j3kMIGs3YrRSP6UhHPWG1enKzuplcdy8f~NYm7bTbKkeM5EmP5WdCKlgHLZULWcVCyql2qSTZI0~uhTh8siq8Z21CPX9sTI1R70ZridqQ1N_E-.jpg 1580w,https:\/\/media.inmobalia.com\/imgV1\/B8vEv5Xh~9eLgpFkvD55S4O4_vRpfi7Zj~8WTFZMGThfizi~_Y~NgoiVzdN9MsuXYCpgHq7NOfhSSsV~~CvXOR8biNDSQCuIy3z~JafSwduxBEndespnQYPOGloQON4~nZWh6t5wa5pQBYvCCNV0dFcqP1GgpKORrr5BYveYix1FPBgXrqrE1aEIEntZ5w--.jpg 774w\" type=\"image\/webp\"><img loading=\"lazy\" decoding=\"async\" class=\"image-fit\" alt=\"Luxus 2-Zimmer Golf-Apartment Nueva Andaluc\u00eda mit privatem Garten und Gemeinschaftspool\" width=\"1920\" height=\"1080\" src=\"https:\/\/media.inmobalia.com\/imgV1\/B8vEv5Xh_VThvnEqMx4G0ZxU~~H0Ar_8Bn_AfAx~4dnt796zQ9QIPwzdr9PkzIdRpbeOYktBAPFfTt23HPhndt5b7cRr2vg76pmKvptCGz41lr5kRfhKqKt6a~g9Sy1nMAEtBAN3hMOaUwBgwtvbTnGXsuUbTWTOXvPV6cnYNt4-.jpg\"><\/picture>\t\t\t<\/figure>\n\t<div class=\"h-100 d-flex flex-column\">\n\t\t<span class=\"d-block card-area\">\n\t\t\tNueva Andalucia\t\t<\/span>\n\t\t\n\n\t\t\t<div class=\"card-price d-flex flex-column\">\n\t\t<strong class=\"me-1\">Von <span data-original-price=\"90\">90\u00a0\u20ac<\/span><span data-period> pro tag <\/span><\/strong><strong class=\"me-1\"><span data-original-price=\"3500\">3.500\u00a0\u20ac<\/span><span data-period> montly rental (November-March)<\/span><\/strong>\t\t<\/div>\n\t\n\t\t<ul class=\"card-features list-unstyled d-flex flex-wrap align-items-center mb-0\">\n\t\t\t\t\t\t\t<li class=\"d-flex align-items-center me-3\">\n\t\t\t\t\t2 Schlafzimmer\t\t\t\t<\/li>\n\t\t\t\t\t\t\t<li class=\"d-flex align-items-center me-3\">\n\t\t\t\t\t2 Badezimmer\t\t\t\t<\/li>\n\t\t\t\t\t\t\t<li class=\"d-flex align-items-center me-3\">\n\t\t\t\t\t96 m&sup2; gebaut\t\t\t\t<\/li>\n\t\t\t\t\t\t\t<li class=\"d-flex align-items-center me-3\">\n\t\t\t\t\t64 m&sup2; Grundst\u00fcck\t\t\t\t<\/li>\n\t\t\t\t\t<\/ul>\n\t\t<h4 class=\"card-title mb-0\">\n\t\t\t<a class=\"stretched-link\" href=\"\/vermietungen\/los-pinos-de-aloha\/erdgeschosswohnungen\/228\">Luxus 2-Zimmer Golf-Apartment Nueva Andaluc\u00eda mit privatem Garten und Gemeinschaftspool<\/a>\n\t\t<\/h4>\n\t\t\t<\/div>\n<\/article>\t\t\t\t\t\t<article class=\"f-carousel__slide card col position-relative flex-column\">\n\t<figure class=\"position-relative w-100 mb-2\">\n\t\t<a class=\"card-portfolio position-absolute\" data-pfl-id=\"538229\" data-pfl-filter=\"rent-short\" href=\"#\">\n\t\t\t<svg width=\"20\" fill=\"currentColor\" viewBox=\"0 0 512 512\">\n\t\t\t\t<use href=\"https:\/\/www.homewatch.es\/wp-content\/themes\/inmobasolidbase\/dist\/src\/images\/icons.svg#svgPortfolio\"\/>\n\t\t\t<\/svg>\n\t\t\t<svg class=\"d-none\" width=\"20\" fill=\"currentColor\" viewBox=\"0 0 512 512\">\n\t\t\t\t<use href=\"https:\/\/www.homewatch.es\/wp-content\/themes\/inmobasolidbase\/dist\/src\/images\/icons.svg#svgPortfolioIn\"\/>\n\t\t\t<\/svg>\n\t\t<\/a>\n\t\t<picture class=\"ratio ratio-4x3\"><source width=\"1920\" height=\"1080\" srcset=\"https:\/\/media.inmobalia.com\/imgV1\/B8vEv5Xh_VThvnEqMx4G0YtA8lAADdw1sBC5uN5pSX6~ImMWYg0nYa_EPSP~fBpYtvgHs5QKecPwE1~j5DU_pylbu6cBdu0PgVunDxnkMoeY79Gll7Nv5AHhYwCGots7LHLh2Ub6wWZ2XgOve5f2P41IUAeArgcPPuoGhqKgq3LyiPzAV9XRkxCBPsiz~HJg.jpg 1920w,https:\/\/media.inmobalia.com\/imgV1\/B8vEv5Xh_Vjzl4qKP9bJW21eHCmW9PWrQV6IDk9EjA79dASSMmDBrXf04FgH6wp0ylU42MWPePEey7rkY1j3kMIGs3YrRSP6UhHPWG1enKzuplcdy8f~NYm7bTbKkeM5EmP_j~_RxUprBBQ5TZ20T8TvOpAwKpO32fnR6HzIDgLJuCTIZtH38fQR3GX2V0o-.jpg 1580w,https:\/\/media.inmobalia.com\/imgV1\/B8vEv5Xh~9eLgpFkvD55S4O4_vRpfi7Zj~8WTFZMGThfizi~_Y~NgoiVzdN9MsuXYCpgHq7NOfhSSsV~~CvXOR8biNDSQCuIy3z~JafSwduxBEndespnQYPOGloQON4~nZJ~I6yPZTsBhR33h~ZaMDmg6Gf4Zlvwe8N9~69Qewhkvj4iwM5dZCo92L13qQ--.jpg 774w\" type=\"image\/webp\"><img loading=\"lazy\" decoding=\"async\" class=\"image-fit\" alt=\"Moderne 3-Schlafzimmer Ferienwohnung Marbella n\u00e4he Golf und Puerto Ban\u00fas\" width=\"1920\" height=\"1080\" src=\"https:\/\/media.inmobalia.com\/imgV1\/B8vEv5Xh_VThvnEqMx4G0ZxU~~H0Ar_8Bn_AfAx~4dnt796zQ9QIPwzdr9PkzIdRpbeOYktBAPFfTt23HPhndt5b7cRr2vg76pmKvptCGz41lr5j8fG7b_9P0JiqWj3rS43xIoMjCPZR9gyXVykDKtzZhyjcBwHxeND6CECpTkQ-.jpg\"><\/picture>\t\t\t<\/figure>\n\t<div class=\"h-100 d-flex flex-column\">\n\t\t<span class=\"d-block card-area\">\n\t\t\tNueva Andalucia\t\t<\/span>\n\t\t\n\n\t\t\t<div class=\"card-price d-flex flex-column\">\n\t\t<strong class=\"me-1\">Von <span data-original-price=\"150\">150\u00a0\u20ac<\/span><span data-period> pro tag <\/span><\/strong><strong class=\"me-1\"><span data-original-price=\"3000\">3.000\u00a0\u20ac<\/span><span data-period> montly rental (November-March)<\/span><\/strong>\t\t<\/div>\n\t\n\t\t<ul class=\"card-features list-unstyled d-flex flex-wrap align-items-center mb-0\">\n\t\t\t\t\t\t\t<li class=\"d-flex align-items-center me-3\">\n\t\t\t\t\t3 Schlafzimmer\t\t\t\t<\/li>\n\t\t\t\t\t\t\t<li class=\"d-flex align-items-center me-3\">\n\t\t\t\t\t2 Badezimmer\t\t\t\t<\/li>\n\t\t\t\t\t\t\t<li class=\"d-flex align-items-center me-3\">\n\t\t\t\t\t100 m&sup2; gebaut\t\t\t\t<\/li>\n\t\t\t\t\t<\/ul>\n\t\t<h4 class=\"card-title mb-0\">\n\t\t\t<a class=\"stretched-link\" href=\"\/vermietungen\/los-naranjos-de-marbella\/erdgeschosswohnungen\/168\">Moderne 3-Schlafzimmer Ferienwohnung Marbella n\u00e4he Golf und Puerto Ban\u00fas<\/a>\n\t\t<\/h4>\n\t\t\t<\/div>\n<\/article>\t\t\t\t\t\t<article class=\"f-carousel__slide card col position-relative flex-column\">\n\t<figure class=\"position-relative w-100 mb-2\">\n\t\t<a class=\"card-portfolio position-absolute\" data-pfl-id=\"430605\" data-pfl-filter=\"rent-short\" href=\"#\">\n\t\t\t<svg width=\"20\" fill=\"currentColor\" viewBox=\"0 0 512 512\">\n\t\t\t\t<use href=\"https:\/\/www.homewatch.es\/wp-content\/themes\/inmobasolidbase\/dist\/src\/images\/icons.svg#svgPortfolio\"\/>\n\t\t\t<\/svg>\n\t\t\t<svg class=\"d-none\" width=\"20\" fill=\"currentColor\" viewBox=\"0 0 512 512\">\n\t\t\t\t<use href=\"https:\/\/www.homewatch.es\/wp-content\/themes\/inmobasolidbase\/dist\/src\/images\/icons.svg#svgPortfolioIn\"\/>\n\t\t\t<\/svg>\n\t\t<\/a>\n\t\t<picture class=\"ratio ratio-4x3\"><source width=\"1920\" height=\"1080\" srcset=\"https:\/\/media.inmobalia.com\/imgV1\/B8vEv5Xh_VThvnEqMx4G0YtA8lAADdw1sBC5uN5pSX6~ImMWYg0nYa_EPSP~fBpYtvgHs5QKecPwE1~j5DU_pylbu6cBdu0PgVunDxnkMoeY79Gll7Nv5AHhYwCGots7LHLh2U0Y2N_gKSujy9DaU~hmPs1EV8NeM1VWPGEXnSCzz59xNLcCJ1NqCPLVr3PN.jpg 1920w,https:\/\/media.inmobalia.com\/imgV1\/B8vEv5Xh_Vjzl4qKP9bJW21eHCmW9PWrQV6IDk9EjA79dASSMmDBrXf04FgH6wp0ylU42MWPePEey7rkY1j3kMIGs3YrRSP6UhHPWG1enKzuplcdy8f~NYm7bTbKkeM5EmP_hI~d5uDx0q4a0bdise12AF~I0~xpERV2PbziL~o2RHiaUCt5QFuc7jZeFfE-.jpg 1580w,https:\/\/media.inmobalia.com\/imgV1\/B8vEv5Xh~9eLgpFkvD55S4O4_vRpfi7Zj~8WTFZMGThfizi~_Y~NgoiVzdN9MsuXYCpgHq7NOfhSSsV~~CvXOR8biNDSQCuIy3z~JafSwduxBEndespnQYPOGloQON4~nZJ0NrIDu9FklqDhqVn~8Wns8Znf1kGLjc7fC6cfb6DwRY~Dxtf~GvjX9ATeYA--.jpg 774w\" type=\"image\/webp\"><img loading=\"lazy\" decoding=\"async\" class=\"image-fit\" alt=\"Modernes 2-Schlafzimmer Ferienapartment in Cancelada, Costa del Sol mit Pool\" width=\"1920\" height=\"1080\" src=\"https:\/\/media.inmobalia.com\/imgV1\/B8vEv5Xh_VThvnEqMx4G0ZxU~~H0Ar_8Bn_AfAx~4dnt796zQ9QIPwzdr9PkzIdRpbeOYktBAPFfTt23HPhndt5b7cRr2vg76pmKvptCGz41lr5j_urLEDAqsaJuGz4qfivEX6ym11w3kv6OBjXiJq3KkjdDFDwW0RYSZppOlyE-.jpg\"><\/picture>\t\t\t<\/figure>\n\t<div class=\"h-100 d-flex flex-column\">\n\t\t<span class=\"d-block card-area\">\n\t\t\tNueva Andalucia\t\t<\/span>\n\t\t\n\n\t\t\t<div class=\"card-price d-flex flex-column\">\n\t\t<strong class=\"me-1\">Von <span data-original-price=\"2500\">2.500\u00a0\u20ac<\/span><span data-period> pro monat <\/span><\/strong><strong class=\"me-1\"><span data-original-price=\"1650\">1.650\u00a0\u20ac<\/span><span data-period> montly rental (November-March)<\/span><\/strong>\t\t<\/div>\n\t\n\t\t<ul class=\"card-features list-unstyled d-flex flex-wrap align-items-center mb-0\">\n\t\t\t\t\t\t\t<li class=\"d-flex align-items-center me-3\">\n\t\t\t\t\t2 Schlafzimmer\t\t\t\t<\/li>\n\t\t\t\t\t\t\t<li class=\"d-flex align-items-center me-3\">\n\t\t\t\t\t2 Badezimmer\t\t\t\t<\/li>\n\t\t\t\t\t\t\t<li class=\"d-flex align-items-center me-3\">\n\t\t\t\t\t88 m&sup2; gebaut\t\t\t\t<\/li>\n\t\t\t\t\t<\/ul>\n\t\t<h4 class=\"card-title mb-0\">\n\t\t\t<a class=\"stretched-link\" href=\"\/vermietungen\/la-campana\/wohnungen\/245\">Modernes 2-Schlafzimmer Ferienapartment in Cancelada, Costa del Sol mit Pool<\/a>\n\t\t<\/h4>\n\t\t\t<\/div>\n<\/article>\t\t\t\t\t\t<article class=\"f-carousel__slide card col position-relative flex-column\">\n\t<figure class=\"position-relative w-100 mb-2\">\n\t\t<a class=\"card-portfolio position-absolute\" data-pfl-id=\"397781\" data-pfl-filter=\"rent-short\" href=\"#\">\n\t\t\t<svg width=\"20\" fill=\"currentColor\" viewBox=\"0 0 512 512\">\n\t\t\t\t<use href=\"https:\/\/www.homewatch.es\/wp-content\/themes\/inmobasolidbase\/dist\/src\/images\/icons.svg#svgPortfolio\"\/>\n\t\t\t<\/svg>\n\t\t\t<svg class=\"d-none\" width=\"20\" fill=\"currentColor\" viewBox=\"0 0 512 512\">\n\t\t\t\t<use href=\"https:\/\/www.homewatch.es\/wp-content\/themes\/inmobasolidbase\/dist\/src\/images\/icons.svg#svgPortfolioIn\"\/>\n\t\t\t<\/svg>\n\t\t<\/a>\n\t\t<picture class=\"ratio ratio-4x3\"><source width=\"1920\" height=\"1080\" srcset=\"https:\/\/media.inmobalia.com\/imgV1\/B8vEv5Xh_VThvnEqMx4G0YtA8lAADdw1sBC5uN5pSX6~ImMWYg0nYa_EPSP~fBpYtvgHs5QKecPwE1~j5DU_pylbu6cBdu0PgVunDxnkMoeY79Gll7Nv5AHhYwCGots7LHLh2U9XayB1939lW6sZisXKZQXKtcOLqu4a~mHvWZACz6BY93_FHHLcfCbFUP_V.jpg 1920w,https:\/\/media.inmobalia.com\/imgV1\/B8vEv5Xh_Vjzl4qKP9bJW21eHCmW9PWrQV6IDk9EjA79dASSMmDBrXf04FgH6wp0ylU42MWPePEey7rkY1j3kMIGs3YrRSP6UhHPWG1enKzuplcdy8f~NYm7bTbKkeM5EmP_ht0Uly3wBJFm7Nd9xhVR~6xf9J2FVmWc0IPVO5TpJ84HSi3kZzXkOQ8T_6g-.jpg 1580w,https:\/\/media.inmobalia.com\/imgV1\/B8vEv5Xh~9eLgpFkvD55S4O4_vRpfi7Zj~8WTFZMGThfizi~_Y~NgoiVzdN9MsuXYCpgHq7NOfhSSsV~~CvXOR8biNDSQCuIy3z~JafSwduxBEndespnQYPOGloQON4~nZJ2O7q6nG2IZ_~yPoSVlIgm34v90YUKtBr5Fqijc1uTe4MZq294W_OKFor33g--.jpg 774w\" type=\"image\/webp\"><img loading=\"lazy\" decoding=\"async\" class=\"image-fit\" alt=\"3-Schlafzimmer Penthouse mit Meerblick in Nueva Andaluc\u00eda, Marbella\" width=\"1920\" height=\"1080\" src=\"https:\/\/media.inmobalia.com\/imgV1\/B8vEv5Xh_VThvnEqMx4G0ZxU~~H0Ar_8Bn_AfAx~4dnt796zQ9QIPwzdr9PkzIdRpbeOYktBAPFfTt23HPhndt5b7cRr2vg76pmKvptCGz41lr5j_Py2NZbj2EMfCFdEAyZ4sVkQk8YZrP4FlvcwAxRVw5u2Z9dYxWkl8ytjnVQ-.jpg\"><\/picture>\t\t\t<\/figure>\n\t<div class=\"h-100 d-flex flex-column\">\n\t\t<span class=\"d-block card-area\">\n\t\t\tNueva Andalucia\t\t<\/span>\n\t\t\n\n\t\t\t<div class=\"card-price d-flex flex-column\">\n\t\t<strong class=\"me-1\">Von <span data-original-price=\"98\">98\u00a0\u20ac<\/span><span data-period> pro tag <\/span><\/strong><strong class=\"me-1\"><span data-original-price=\"2950\">2.950\u00a0\u20ac<\/span><span data-period> montly rental (November-March)<\/span><\/strong>\t\t<\/div>\n\t\n\t\t<ul class=\"card-features list-unstyled d-flex flex-wrap align-items-center mb-0\">\n\t\t\t\t\t\t\t<li class=\"d-flex align-items-center me-3\">\n\t\t\t\t\t3 Schlafzimmer\t\t\t\t<\/li>\n\t\t\t\t\t\t\t<li class=\"d-flex align-items-center me-3\">\n\t\t\t\t\t3 Badezimmer\t\t\t\t<\/li>\n\t\t\t\t\t\t\t<li class=\"d-flex align-items-center me-3\">\n\t\t\t\t\t160 m&sup2; gebaut\t\t\t\t<\/li>\n\t\t\t\t\t<\/ul>\n\t\t<h4 class=\"card-title mb-0\">\n\t\t\t<a class=\"stretched-link\" href=\"\/vermietungen\/vista-real\/penthauser\/90\">3-Schlafzimmer Penthouse mit Meerblick in Nueva Andaluc\u00eda, Marbella<\/a>\n\t\t<\/h4>\n\t\t\t<\/div>\n<\/article>\t\t\t\t\t\t<article class=\"f-carousel__slide card col position-relative flex-column\">\n\t<figure class=\"position-relative w-100 mb-2\">\n\t\t<a class=\"card-portfolio position-absolute\" data-pfl-id=\"395896\" data-pfl-filter=\"rent-short\" href=\"#\">\n\t\t\t<svg width=\"20\" fill=\"currentColor\" viewBox=\"0 0 512 512\">\n\t\t\t\t<use href=\"https:\/\/www.homewatch.es\/wp-content\/themes\/inmobasolidbase\/dist\/src\/images\/icons.svg#svgPortfolio\"\/>\n\t\t\t<\/svg>\n\t\t\t<svg class=\"d-none\" width=\"20\" fill=\"currentColor\" viewBox=\"0 0 512 512\">\n\t\t\t\t<use href=\"https:\/\/www.homewatch.es\/wp-content\/themes\/inmobasolidbase\/dist\/src\/images\/icons.svg#svgPortfolioIn\"\/>\n\t\t\t<\/svg>\n\t\t<\/a>\n\t\t<picture class=\"ratio ratio-4x3\"><source width=\"1920\" height=\"1080\" srcset=\"https:\/\/media.inmobalia.com\/imgV1\/B8vEv5Xh_VThvnEqMx4G0YtA8lAADdw1sBC5uN5pSX6~ImMWYg0nYa_EPSP~fBpYtvgHs5QKecPwE1~j5DU_pylbu6cBdu0PgVunDxnkMoeY79Gll7Nv5AHhYwCGots7LHLh2U9WMuhRk1R7xtx0vkSweDJBiIRYzWIKjz4GyD~QjU1KVpZNq7kz9n58bE3s.jpg 1920w,https:\/\/media.inmobalia.com\/imgV1\/B8vEv5Xh_Vjzl4qKP9bJW21eHCmW9PWrQV6IDk9EjA79dASSMmDBrXf04FgH6wp0ylU42MWPePEey7rkY1j3kMIGs3YrRSP6UhHPWG1enKzuplcdy8f~NYm7bTbKkeM5EmP_htyuVLc7x423SVRWe0oVrZWBDVgda4UJsk5W2Qv7FPsxdXDP48jEaZWSELo-.jpg 1580w,https:\/\/media.inmobalia.com\/imgV1\/B8vEv5Xh~9eLgpFkvD55S4O4_vRpfi7Zj~8WTFZMGThfizi~_Y~NgoiVzdN9MsuXYCpgHq7NOfhSSsV~~CvXOR8biNDSQCuIy3z~JafSwduxBEndespnQYPOGloQON4~nZJ2On5sauvIAUeWLLpv48YIvdolBVUpgHrsUsPfIVVPJEbVLWoS6ZDqkvfAYw--.jpg 774w\" type=\"image\/webp\"><img loading=\"lazy\" decoding=\"async\" class=\"image-fit\" alt=\"3-Zimmer Luxus-Reihenhaus mit Meerblick in Sotogrande Costa del Sol\" width=\"1920\" height=\"1080\" src=\"https:\/\/media.inmobalia.com\/imgV1\/B8vEv5Xh_VThvnEqMx4G0ZxU~~H0Ar_8Bn_AfAx~4dnt796zQ9QIPwzdr9PkzIdRpbeOYktBAPFfTt23HPhndt5b7cRr2vg76pmKvptCGz41lr5j_P0Mc3rluvRm5bvOSvSQHutHsIgHL72sC~WP9KPaH8GLsmje2jNjSyViNSc-.jpg\"><\/picture>\t\t\t<\/figure>\n\t<div class=\"h-100 d-flex flex-column\">\n\t\t<span class=\"d-block card-area\">\n\t\t\tNueva Andalucia\t\t<\/span>\n\t\t\n\n\t\t\t<div class=\"card-price d-flex flex-column\">\n\t\t<strong class=\"me-1\">Von <span data-original-price=\"105\">105\u00a0\u20ac<\/span><span data-period> pro tag <\/span><\/strong><strong class=\"me-1\"><span data-original-price=\"3100\">3.100\u00a0\u20ac<\/span><span data-period> montly rental (November-March)<\/span><\/strong>\t\t<\/div>\n\t\n\t\t<ul class=\"card-features list-unstyled d-flex flex-wrap align-items-center mb-0\">\n\t\t\t\t\t\t\t<li class=\"d-flex align-items-center me-3\">\n\t\t\t\t\t3 Schlafzimmer\t\t\t\t<\/li>\n\t\t\t\t\t\t\t<li class=\"d-flex align-items-center me-3\">\n\t\t\t\t\t2 Badezimmer\t\t\t\t<\/li>\n\t\t\t\t\t\t\t<li class=\"d-flex align-items-center me-3\">\n\t\t\t\t\t190 m&sup2; gebaut\t\t\t\t<\/li>\n\t\t\t\t\t<\/ul>\n\t\t<h4 class=\"card-title mb-0\">\n\t\t\t<a class=\"stretched-link\" href=\"\/vermietungen\/vista-real\/penthauser\/88\">3-Zimmer Luxus-Reihenhaus mit Meerblick in Sotogrande Costa del Sol<\/a>\n\t\t<\/h4>\n\t\t\t<\/div>\n<\/article>\t\t\t\t\t\t<article class=\"f-carousel__slide card col position-relative flex-column\">\n\t<figure class=\"position-relative w-100 mb-2\">\n\t\t<a class=\"card-portfolio position-absolute\" data-pfl-id=\"395881\" data-pfl-filter=\"rent-short\" href=\"#\">\n\t\t\t<svg width=\"20\" fill=\"currentColor\" viewBox=\"0 0 512 512\">\n\t\t\t\t<use href=\"https:\/\/www.homewatch.es\/wp-content\/themes\/inmobasolidbase\/dist\/src\/images\/icons.svg#svgPortfolio\"\/>\n\t\t\t<\/svg>\n\t\t\t<svg class=\"d-none\" width=\"20\" fill=\"currentColor\" viewBox=\"0 0 512 512\">\n\t\t\t\t<use href=\"https:\/\/www.homewatch.es\/wp-content\/themes\/inmobasolidbase\/dist\/src\/images\/icons.svg#svgPortfolioIn\"\/>\n\t\t\t<\/svg>\n\t\t<\/a>\n\t\t<picture class=\"ratio ratio-4x3\"><source width=\"1920\" height=\"1080\" srcset=\"https:\/\/media.inmobalia.com\/imgV1\/B8vEv5Xh_VThvnEqMx4G0YtA8lAADdw1sBC5uN5pSX6~ImMWYg0nYa_EPSP~fBpYtvgHs5QKecPwE1~j5DU_pylbu6cBdu0PgVunDxnkMoeY79Gll7Nv5AHhYwCGots7LHLh2U9RsKvX98oha1_jJ3lPH3nLM3djCqn66iRpee3HaORW~VkkLk0gr_mALOXB.jpg 1920w,https:\/\/media.inmobalia.com\/imgV1\/B8vEv5Xh_Vjzl4qKP9bJW21eHCmW9PWrQV6IDk9EjA79dASSMmDBrXf04FgH6wp0ylU42MWPePEey7rkY1j3kMIGs3YrRSP6UhHPWG1enKzuplcdy8f~NYm7bTbKkeM5EmP_htvrSwmB_Z6rPtK7mjGFZTHvreS1Zd0wlci2PG4qykec85lzhbjsPQK~_Ig-.jpg 1580w,https:\/\/media.inmobalia.com\/imgV1\/B8vEv5Xh~9eLgpFkvD55S4O4_vRpfi7Zj~8WTFZMGThfizi~_Y~NgoiVzdN9MsuXYCpgHq7NOfhSSsV~~CvXOR8biNDSQCuIy3z~JafSwduxBEndespnQYPOGloQON4~nZJ2PVX353b34DuUv7u_QqgWB8koF~mK6VaJ2QQ8aqrrvA~_9pRMhsFx67PrSA--.jpg 774w\" type=\"image\/webp\"><img loading=\"lazy\" decoding=\"async\" class=\"image-fit\" alt=\"3-Zimmer Reihenhaus mit Meerblick in Sotogrande Costa del Sol\" width=\"1920\" height=\"1080\" src=\"https:\/\/media.inmobalia.com\/imgV1\/B8vEv5Xh_VThvnEqMx4G0ZxU~~H0Ar_8Bn_AfAx~4dnt796zQ9QIPwzdr9PkzIdRpbeOYktBAPFfTt23HPhndt5b7cRr2vg76pmKvptCGz41lr5j_PqdOYjKw0LJyTQaDDxs36I2jMmFaErpUQl2~kokrW_uhTJR3rR_CRIG91E-.jpg\"><\/picture>\t\t\t<\/figure>\n\t<div class=\"h-100 d-flex flex-column\">\n\t\t<span class=\"d-block card-area\">\n\t\t\tNueva Andalucia\t\t<\/span>\n\t\t\n\n\t\t\t<div class=\"card-price d-flex flex-column\">\n\t\t<strong class=\"me-1\">Von <span data-original-price=\"98\">98\u00a0\u20ac<\/span><span data-period> pro tag <\/span><\/strong><strong class=\"me-1\"><span data-original-price=\"3500\">3.500\u00a0\u20ac<\/span><span data-period> montly rental (November-March)<\/span><\/strong>\t\t<\/div>\n\t\n\t\t<ul class=\"card-features list-unstyled d-flex flex-wrap align-items-center mb-0\">\n\t\t\t\t\t\t\t<li class=\"d-flex align-items-center me-3\">\n\t\t\t\t\t3 Schlafzimmer\t\t\t\t<\/li>\n\t\t\t\t\t\t\t<li class=\"d-flex align-items-center me-3\">\n\t\t\t\t\t2 Badezimmer\t\t\t\t<\/li>\n\t\t\t\t\t\t\t<li class=\"d-flex align-items-center me-3\">\n\t\t\t\t\t259 m&sup2; gebaut\t\t\t\t<\/li>\n\t\t\t\t\t<\/ul>\n\t\t<h4 class=\"card-title mb-0\">\n\t\t\t<a class=\"stretched-link\" href=\"\/vermietungen\/vista-real\/penthauser\/89\">3-Zimmer Reihenhaus mit Meerblick in Sotogrande Costa del Sol<\/a>\n\t\t<\/h4>\n\t\t\t<\/div>\n<\/article>\t\t\t\t\t\t\t\t\t\t\t<\/div>\n\t\t\t\t\t\t\t\t\t<\/div>\n\t\t\t<\/section>\n\t\t\n\n\t\t\t<section class=\"selection-wrapper mt-5 mt-lg-7 mt-xxl-10 wp-block-acf-propertyselection\">\n\t\t\t\t<div class=\"container-fluid max-width d-flex flex-column align-items-start align-items-lg-center\">\n\t\t\t\t\t<div class=\"col-xl-6 mb-4 mb-lg-5\">\n\t\t\t\t\t\t\t\t\t\t\t\t\t<h2 class=\"h1 text-md-center mb-4\"><span class=\"ez-toc-section\" id=\"Verkaufsobjekte_in_Nueva_Andalucia_Marbella_Alle_zum_Verkauf_stehenden_Immobilien_Marbella_Nueva_Andalucia\"><\/span>\n\t\t\t\t\t\t\t\t\t\t\t\t\t\t\t\t\t<span class=\"htitle\">Verkaufsobjekte in Nueva Andaluc\u00eda, Marbella<\/span>\n\t\t\t\t\t\t\t\t\t\t\t\t\t\t\t\tAlle zum Verkauf stehenden Immobilien \/ Marbella \/ Nueva Andaluc\u00eda\t\t\t\t\t\t\t<span class=\"ez-toc-section-end\"><\/span><\/h2>\n\t\t\t\t\t\t\t\t\t\t\t\t<div class=\"flex max-w-full flex-col flex-grow\">\n<div class=\"min-h-8 text-message flex w-full flex-col items-end gap-2 whitespace-normal break-words text-start [.text-message+&amp;]:mt-5\" dir=\"auto\" data-message-author-role=\"assistant\" data-message-id=\"1db1bf93-902a-4a2f-b230-b122fadbe171\" data-message-model-slug=\"gpt-4o\">\n<div class=\"flex w-full flex-col gap-1 empty:hidden first:pt-[3px]\">\n<div class=\"markdown prose w-full break-words dark:prose-invert light\">\n<p class=\"text-md-center mb-0 mx-auto\" data-start=\"75\" data-end=\"161\" data-is-last-node=\"\" data-is-only-node=\"\">7 zum Verkauf stehende Immobilien in Nueva Andaluc\u00eda, Marbella gefunden.<\/p>\n<\/div>\n<\/div>\n<\/div>\n<\/div>\n<div class=\"mb-2 flex gap-3 empty:hidden -ml-2\">\n<div class=\"items-center justify-start rounded-xl p-1 z-10 -mt-1 bg-token-main-surface-primary screen-arch:mt-1 md:absolute flex\">\n<div class=\"flex items-center\"><button class=\"rounded-lg text-token-text-secondary hover:bg-token-main-surface-secondary\" aria-label=\"Read aloud\" data-testid=\"voice-play-turn-action-button\">\u00a0<\/button><\/div>\n<\/div>\n<\/div>\n\t\t\t\t\t<\/div>\n\t\t\t\t\t<div id=\"cardsFancyCarousel\" class=\"offcanvas-carousel w-100 four-items\">\n\t\t\t\t\t\t<article class=\"f-carousel__slide card col position-relative flex-column\">\n\t<figure class=\"position-relative w-100 mb-2\">\n\t\t<a class=\"card-portfolio position-absolute\" data-pfl-id=\"686087\" data-pfl-filter=\"sale\" href=\"#\">\n\t\t\t<svg width=\"20\" fill=\"currentColor\" viewBox=\"0 0 512 512\">\n\t\t\t\t<use href=\"https:\/\/www.homewatch.es\/wp-content\/themes\/inmobasolidbase\/dist\/src\/images\/icons.svg#svgPortfolio\"\/>\n\t\t\t<\/svg>\n\t\t\t<svg class=\"d-none\" width=\"20\" fill=\"currentColor\" viewBox=\"0 0 512 512\">\n\t\t\t\t<use href=\"https:\/\/www.homewatch.es\/wp-content\/themes\/inmobasolidbase\/dist\/src\/images\/icons.svg#svgPortfolioIn\"\/>\n\t\t\t<\/svg>\n\t\t<\/a>\n\t\t<picture class=\"ratio ratio-4x3\"><source width=\"1920\" height=\"1080\" srcset=\"https:\/\/media.inmobalia.com\/imgV1\/B8vEv5Xh_VThvnEqMx4G0YtA8lAADdw1sBC5uN5pSX6~ImMWYg0nYa_EPSP~fBpYtvgHs5QKecPwE1~j5DU_pylbu6cBdu0PgVunDxnkMoeY79Gll7Nv5AHhYwCGots7LHLh38TbGLG4wIOSMVOWlTYPMkblzC9wX2dwpS3McRljNtxocy8WreyxLk9CUkD1.jpg 1920w,https:\/\/media.inmobalia.com\/imgV1\/B8vEv5Xh_Vjzl4qKP9bJW21eHCmW9PWrQV6IDk9EjA79dASSMmDBrXf04FgH6wp0ylU42MWPePEey7rkY1j3kMIGs3YrRSP6UhHPWG1enKzuplcdy8f~NYm7bTbKkeM5EmP4EWnjSeQ8nuze7NHvThW4Lud4Pfv~GepWe5bRTFfbg0kc2uZX0y_TCAW58os-.jpg 1580w,https:\/\/media.inmobalia.com\/imgV1\/B8vEv5Xh~9eLgpFkvD55S4O4_vRpfi7Zj~8WTFZMGThfizi~_Y~NgoiVzdN9MsuXYCpgHq7NOfhSSsV~~CvXOR8biNDSQCuIy3z~JafSwduxBEndespnQYPOGloQON4~nZQpIRz5XxcpgpUXBX8y_5tdGFa9jKQoLKDV8r5tdO5fdxEIy_HebtU3IyI0Eg--.jpg 774w\" type=\"image\/webp\"><img loading=\"lazy\" decoding=\"async\" class=\"image-fit\" alt=\"Villa \u00c8lan - Luxuri\u00f6ser Neubau in Nueva Andaluc\u00eda von NMobe entworfen\" width=\"1920\" height=\"1080\" src=\"https:\/\/media.inmobalia.com\/imgV1\/B8vEv5Xh_VThvnEqMx4G0ZxU~~H0Ar_8Bn_AfAx~4dnt796zQ9QIPwzdr9PkzIdRpbeOYktBAPFfTt23HPhndt5b7cRr2vg76pmKvptCGz41lr5l9aQvoUu2FwDExhvUe2XXFbdvnYM1Ly~WoiOWVsp937R5qG3WJaDyGCubHpM-.jpg\"><\/picture>\t\t\t<\/figure>\n\t<div class=\"h-100 d-flex flex-column\">\n\t\t<span class=\"d-block card-area\">\n\t\t\tNueva Andalucia\t\t<\/span>\n\t\t\n<div class=\"card-price d-flex flex-column\">\n\t\t\t\t\t\t\t\t<strong class=\"card-price\"><span data-original-price=\"6500000\">6.500.000\u00a0\u20ac<\/span><\/strong>\n\t\t\t\t\t\t\n\t\t\t\n\t\t\t\t<\/div>\n\t\t<ul class=\"card-features list-unstyled d-flex flex-wrap align-items-center mb-0\">\n\t\t\t\t\t\t\t<li class=\"d-flex align-items-center me-3\">\n\t\t\t\t\t7 Schlafzimmer\t\t\t\t<\/li>\n\t\t\t\t\t\t\t<li class=\"d-flex align-items-center me-3\">\n\t\t\t\t\t7 Badezimmer\t\t\t\t<\/li>\n\t\t\t\t\t\t\t<li class=\"d-flex align-items-center me-3\">\n\t\t\t\t\t558 m&sup2; gebaut\t\t\t\t<\/li>\n\t\t\t\t\t\t\t<li class=\"d-flex align-items-center me-3\">\n\t\t\t\t\t1795 m&sup2; Grundst\u00fcck\t\t\t\t<\/li>\n\t\t\t\t\t<\/ul>\n\t\t<h4 class=\"card-title mb-0\">\n\t\t\t<a class=\"stretched-link\" href=\"\/verkaufen\/nueva-andalucia\/villen\/HW424\">Villa \u00c8lan - Luxuri\u00f6ser Neubau in Nueva Andaluc\u00eda von NMobe entworfen<\/a>\n\t\t<\/h4>\n\t\t\t<\/div>\n<\/article>\t\t\t\t\t\t<article class=\"f-carousel__slide card col position-relative flex-column\">\n\t<figure class=\"position-relative w-100 mb-2\">\n\t\t<a class=\"card-portfolio position-absolute\" data-pfl-id=\"686078\" data-pfl-filter=\"sale\" href=\"#\">\n\t\t\t<svg width=\"20\" fill=\"currentColor\" viewBox=\"0 0 512 512\">\n\t\t\t\t<use href=\"https:\/\/www.homewatch.es\/wp-content\/themes\/inmobasolidbase\/dist\/src\/images\/icons.svg#svgPortfolio\"\/>\n\t\t\t<\/svg>\n\t\t\t<svg class=\"d-none\" width=\"20\" fill=\"currentColor\" viewBox=\"0 0 512 512\">\n\t\t\t\t<use href=\"https:\/\/www.homewatch.es\/wp-content\/themes\/inmobasolidbase\/dist\/src\/images\/icons.svg#svgPortfolioIn\"\/>\n\t\t\t<\/svg>\n\t\t<\/a>\n\t\t<picture class=\"ratio ratio-4x3\"><source width=\"1920\" height=\"1080\" srcset=\"https:\/\/media.inmobalia.com\/imgV1\/B8vEv5Xh_VThvnEqMx4G0YtA8lAADdw1sBC5uN5pSX6~ImMWYg0nYa_EPSP~fBpYtvgHs5QKecPwE1~j5DU_pylbu6cBdu0PgVunDxnkMoeY79Gll7Nv5AHhYwCGots7LHLh38Ta7c2Gzwx6QnxZWr_650~rFNwDpZvjq2~wSED8CC3sBXVg5lHXXU3WqPPS.jpg 1920w,https:\/\/media.inmobalia.com\/imgV1\/B8vEv5Xh_Vjzl4qKP9bJW21eHCmW9PWrQV6IDk9EjA79dASSMmDBrXf04FgH6wp0ylU42MWPePEey7rkY1j3kMIGs3YrRSP6UhHPWG1enKzuplcdy8f~NYm7bTbKkeM5EmP4EWie7M15S11UovKMTJnOPj94TYCsa~yYYntomGO1J2znGlHSmc4p~CcYuqM-.jpg 1580w,https:\/\/media.inmobalia.com\/imgV1\/B8vEv5Xh~9eLgpFkvD55S4O4_vRpfi7Zj~8WTFZMGThfizi~_Y~NgoiVzdN9MsuXYCpgHq7NOfhSSsV~~CvXOR8biNDSQCuIy3z~JafSwduxBEndespnQYPOGloQON4~nZQpIDvX7tGscNY2KKC7ffqnE1imLRQ33KK2t95ZEk9lPMPXcpVRwlIJqytKFg--.jpg 774w\" type=\"image\/webp\"><img loading=\"lazy\" decoding=\"async\" class=\"image-fit\" alt=\"Villa Solstice | 7-Schlafzimmer-Villa direkt am Golf | Las Brisas, Nueva Andaluc\u00eda | \u20ac19.500.000\" width=\"1920\" height=\"1080\" src=\"https:\/\/media.inmobalia.com\/imgV1\/B8vEv5Xh_VThvnEqMx4G0ZxU~~H0Ar_8Bn_AfAx~4dnt796zQ9QIPwzdr9PkzIdRpbeOYktBAPFfTt23HPhndt5b7cRr2vg76pmKvptCGz41lr5l9aXvX1iQz19ufVrRBz8r8U_b_JtTY9JbTYf_LYGvT6Gjyr0ErdNnAm8zmGU-.jpg\"><\/picture>\t\t\t<\/figure>\n\t<div class=\"h-100 d-flex flex-column\">\n\t\t<span class=\"d-block card-area\">\n\t\t\tNueva Andalucia\t\t<\/span>\n\t\t\n<div class=\"card-price d-flex flex-column\">\n\t\t\t\t\t\t\t\t<strong class=\"card-price\"><span data-original-price=\"19500000\">19.500.000\u00a0\u20ac<\/span><\/strong>\n\t\t\t\t\t\t\n\t\t\t\n\t\t\t\t<\/div>\n\t\t<ul class=\"card-features list-unstyled d-flex flex-wrap align-items-center mb-0\">\n\t\t\t\t\t\t\t<li class=\"d-flex align-items-center me-3\">\n\t\t\t\t\t7 Schlafzimmer\t\t\t\t<\/li>\n\t\t\t\t\t\t\t<li class=\"d-flex align-items-center me-3\">\n\t\t\t\t\t7 Badezimmer\t\t\t\t<\/li>\n\t\t\t\t\t\t\t<li class=\"d-flex align-items-center me-3\">\n\t\t\t\t\t1636 m&sup2; gebaut\t\t\t\t<\/li>\n\t\t\t\t\t\t\t<li class=\"d-flex align-items-center me-3\">\n\t\t\t\t\t2742 m&sup2; Grundst\u00fcck\t\t\t\t<\/li>\n\t\t\t\t\t<\/ul>\n\t\t<h4 class=\"card-title mb-0\">\n\t\t\t<a class=\"stretched-link\" href=\"\/verkaufen\/nueva-andalucia\/villen\/HW423\">Villa Solstice | 7-Schlafzimmer-Villa direkt am Golf | Las Brisas, Nueva Andaluc\u00eda | \u20ac19.500.000<\/a>\n\t\t<\/h4>\n\t\t\t<\/div>\n<\/article>\t\t\t\t\t\t<article class=\"f-carousel__slide card col position-relative flex-column\">\n\t<figure class=\"position-relative w-100 mb-2\">\n\t\t<a class=\"card-portfolio position-absolute\" data-pfl-id=\"686074\" data-pfl-filter=\"sale\" href=\"#\">\n\t\t\t<svg width=\"20\" fill=\"currentColor\" viewBox=\"0 0 512 512\">\n\t\t\t\t<use href=\"https:\/\/www.homewatch.es\/wp-content\/themes\/inmobasolidbase\/dist\/src\/images\/icons.svg#svgPortfolio\"\/>\n\t\t\t<\/svg>\n\t\t\t<svg class=\"d-none\" width=\"20\" fill=\"currentColor\" viewBox=\"0 0 512 512\">\n\t\t\t\t<use href=\"https:\/\/www.homewatch.es\/wp-content\/themes\/inmobasolidbase\/dist\/src\/images\/icons.svg#svgPortfolioIn\"\/>\n\t\t\t<\/svg>\n\t\t<\/a>\n\t\t<picture class=\"ratio ratio-4x3\"><source width=\"1920\" height=\"1080\" srcset=\"https:\/\/media.inmobalia.com\/imgV1\/B8vEv5Xh_VThvnEqMx4G0YtA8lAADdw1sBC5uN5pSX6~ImMWYg0nYa_EPSP~fBpYtvgHs5QKecPwE1~j5DU_pylbu6cBdu0PgVunDxnkMoeY79Gll7Nv5AHhYwCGots7LHLh38TXkPZJHZn7UU~B5xJgXJOItzWvbcByKTURFNOAPMFztfFstp3iLeMe8A~s.jpg 1920w,https:\/\/media.inmobalia.com\/imgV1\/B8vEv5Xh_Vjzl4qKP9bJW21eHCmW9PWrQV6IDk9EjA79dASSMmDBrXf04FgH6wp0ylU42MWPePEey7rkY1j3kMIGs3YrRSP6UhHPWG1enKzuplcdy8f~NYm7bTbKkeM5EmP4EWV0wkEGa0KFxsWLE5_Vc7lGSEqAtFtS7Y1DuRH4L2MDnxlrh004fuqDw2g-.jpg 1580w,https:\/\/media.inmobalia.com\/imgV1\/B8vEv5Xh~9eLgpFkvD55S4O4_vRpfi7Zj~8WTFZMGThfizi~_Y~NgoiVzdN9MsuXYCpgHq7NOfhSSsV~~CvXOR8biNDSQCuIy3z~JafSwduxBEndespnQYPOGloQON4~nZQpLfF6K8zSPQ3tspzGj_jHlCLBogeVs~bAcbG3Y8gD9XYLgID3YjCtj9YW_g--.jpg 774w\" type=\"image\/webp\"><img loading=\"lazy\" decoding=\"async\" class=\"image-fit\" alt=\"5-Schlafzimmer Villa zum Verkauf | La Cerquilla, Nueva Andaluc\u00eda | Golfblick, privater Pool\" width=\"1920\" height=\"1080\" src=\"https:\/\/media.inmobalia.com\/imgV1\/B8vEv5Xh_VThvnEqMx4G0ZxU~~H0Ar_8Bn_AfAx~4dnt796zQ9QIPwzdr9PkzIdRpbeOYktBAPFfTt23HPhndt5b7cRr2vg76pmKvptCGz41lr5l9agYk8jQFdoBs5Hb0vl8G341dEuR29ayCO01lvOGkDETEPx3WQ85mVKyaQ8-.jpg\"><\/picture>\t\t\t<\/figure>\n\t<div class=\"h-100 d-flex flex-column\">\n\t\t<span class=\"d-block card-area\">\n\t\t\tNueva Andalucia\t\t<\/span>\n\t\t\n<div class=\"card-price d-flex flex-column\">\n\t\t\t\t\t\t\t\t<strong class=\"card-price\"><span data-original-price=\"6995000\">6.995.000\u00a0\u20ac<\/span><\/strong>\n\t\t\t\t\t\t\n\t\t\t\n\t\t\t\t<\/div>\n\t\t<ul class=\"card-features list-unstyled d-flex flex-wrap align-items-center mb-0\">\n\t\t\t\t\t\t\t<li class=\"d-flex align-items-center me-3\">\n\t\t\t\t\t5 Schlafzimmer\t\t\t\t<\/li>\n\t\t\t\t\t\t\t<li class=\"d-flex align-items-center me-3\">\n\t\t\t\t\t5 Badezimmer\t\t\t\t<\/li>\n\t\t\t\t\t\t\t<li class=\"d-flex align-items-center me-3\">\n\t\t\t\t\t722 m&sup2; gebaut\t\t\t\t<\/li>\n\t\t\t\t\t\t\t<li class=\"d-flex align-items-center me-3\">\n\t\t\t\t\t3081 m&sup2; Grundst\u00fcck\t\t\t\t<\/li>\n\t\t\t\t\t<\/ul>\n\t\t<h4 class=\"card-title mb-0\">\n\t\t\t<a class=\"stretched-link\" href=\"\/verkaufen\/nueva-andalucia\/villen\/HW420\">5-Schlafzimmer Villa zum Verkauf | La Cerquilla, Nueva Andaluc\u00eda | Golfblick, privater Pool<\/a>\n\t\t<\/h4>\n\t\t\t<\/div>\n<\/article>\t\t\t\t\t\t<article class=\"f-carousel__slide card col position-relative flex-column\">\n\t<figure class=\"position-relative w-100 mb-2\">\n\t\t<a class=\"card-portfolio position-absolute\" data-pfl-id=\"686073\" data-pfl-filter=\"sale\" href=\"#\">\n\t\t\t<svg width=\"20\" fill=\"currentColor\" viewBox=\"0 0 512 512\">\n\t\t\t\t<use href=\"https:\/\/www.homewatch.es\/wp-content\/themes\/inmobasolidbase\/dist\/src\/images\/icons.svg#svgPortfolio\"\/>\n\t\t\t<\/svg>\n\t\t\t<svg class=\"d-none\" width=\"20\" fill=\"currentColor\" viewBox=\"0 0 512 512\">\n\t\t\t\t<use href=\"https:\/\/www.homewatch.es\/wp-content\/themes\/inmobasolidbase\/dist\/src\/images\/icons.svg#svgPortfolioIn\"\/>\n\t\t\t<\/svg>\n\t\t<\/a>\n\t\t<picture class=\"ratio ratio-4x3\"><source width=\"1920\" height=\"1080\" srcset=\"https:\/\/media.inmobalia.com\/imgV1\/B8vEv5Xh_VThvnEqMx4G0YtA8lAADdw1sBC5uN5pSX6~ImMWYg0nYa_EPSP~fBpYtvgHs5QKecPwE1~j5DU_pylbu6cBdu0PgVunDxnkMoeY79Gll7Nv5AHhYwCGots7LHLh38TW~FP225DtDYUV66CWb9M_7U9_AUQUascJSTAWVjmSZ~82ZYonCSr4Eqja.jpg 1920w,https:\/\/media.inmobalia.com\/imgV1\/B8vEv5Xh_Vjzl4qKP9bJW21eHCmW9PWrQV6IDk9EjA79dASSMmDBrXf04FgH6wp0ylU42MWPePEey7rkY1j3kMIGs3YrRSP6UhHPWG1enKzuplcdy8f~NYm7bTbKkeM5EmP4EWRCYhkjQQYeUQ9kqgQLJybLbV88f080VuoBSjc4aWfVyUxlKsjloGMmvV0-.jpg 1580w,https:\/\/media.inmobalia.com\/imgV1\/B8vEv5Xh~9eLgpFkvD55S4O4_vRpfi7Zj~8WTFZMGThfizi~_Y~NgoiVzdN9MsuXYCpgHq7NOfhSSsV~~CvXOR8biNDSQCuIy3z~JafSwduxBEndespnQYPOGloQON4~nZQpLKRlZzc5wwdhg5PlW9SWya9_12vy1eWLfbJzulFBBGPEvVDs2XzOFfTSGQ--.jpg 774w\" type=\"image\/webp\"><img loading=\"lazy\" decoding=\"async\" class=\"image-fit\" alt=\"Villa Olivia | 6-Schlafzimmer Villa in Golfplatz-Frontlage | Golf Valley, Nueva Andaluc\u00eda | Meerblick\" width=\"1920\" height=\"1080\" src=\"https:\/\/media.inmobalia.com\/imgV1\/B8vEv5Xh_VThvnEqMx4G0ZxU~~H0Ar_8Bn_AfAx~4dnt796zQ9QIPwzdr9PkzIdRpbeOYktBAPFfTt23HPhndt5b7cRr2vg76pmKvptCGz41lr5l9akNDgGeg2I8O6snW38A4cxC6pLy6c5NeWD0zik~f4_rS5Z0WeJshcGyuEg-.jpg\"><\/picture>\t\t\t<\/figure>\n\t<div class=\"h-100 d-flex flex-column\">\n\t\t<span class=\"d-block card-area\">\n\t\t\tNueva Andalucia\t\t<\/span>\n\t\t\n<div class=\"card-price d-flex flex-column\">\n\t\t\t\t\t\t\t\t<strong class=\"card-price\"><span data-original-price=\"10950000\">10.950.000\u00a0\u20ac<\/span><\/strong>\n\t\t\t\t\t\t\n\t\t\t\n\t\t\t\t<\/div>\n\t\t<ul class=\"card-features list-unstyled d-flex flex-wrap align-items-center mb-0\">\n\t\t\t\t\t\t\t<li class=\"d-flex align-items-center me-3\">\n\t\t\t\t\t6 Schlafzimmer\t\t\t\t<\/li>\n\t\t\t\t\t\t\t<li class=\"d-flex align-items-center me-3\">\n\t\t\t\t\t7 Badezimmer\t\t\t\t<\/li>\n\t\t\t\t\t\t\t<li class=\"d-flex align-items-center me-3\">\n\t\t\t\t\t854 m&sup2; gebaut\t\t\t\t<\/li>\n\t\t\t\t\t\t\t<li class=\"d-flex align-items-center me-3\">\n\t\t\t\t\t1543 m&sup2; Grundst\u00fcck\t\t\t\t<\/li>\n\t\t\t\t\t<\/ul>\n\t\t<h4 class=\"card-title mb-0\">\n\t\t\t<a class=\"stretched-link\" href=\"\/verkaufen\/nueva-andalucia\/villen\/HW419\">Villa Olivia | 6-Schlafzimmer Villa in Golfplatz-Frontlage | Golf Valley, Nueva Andaluc\u00eda | Meerblick<\/a>\n\t\t<\/h4>\n\t\t\t<\/div>\n<\/article>\t\t\t\t\t\t<article class=\"f-carousel__slide card col position-relative flex-column\">\n\t<figure class=\"position-relative w-100 mb-2\">\n\t\t<a class=\"card-portfolio position-absolute\" data-pfl-id=\"686070\" data-pfl-filter=\"sale\" href=\"#\">\n\t\t\t<svg width=\"20\" fill=\"currentColor\" viewBox=\"0 0 512 512\">\n\t\t\t\t<use href=\"https:\/\/www.homewatch.es\/wp-content\/themes\/inmobasolidbase\/dist\/src\/images\/icons.svg#svgPortfolio\"\/>\n\t\t\t<\/svg>\n\t\t\t<svg class=\"d-none\" width=\"20\" fill=\"currentColor\" viewBox=\"0 0 512 512\">\n\t\t\t\t<use href=\"https:\/\/www.homewatch.es\/wp-content\/themes\/inmobasolidbase\/dist\/src\/images\/icons.svg#svgPortfolioIn\"\/>\n\t\t\t<\/svg>\n\t\t<\/a>\n\t\t<picture class=\"ratio ratio-4x3\"><source width=\"1920\" height=\"1080\" srcset=\"https:\/\/media.inmobalia.com\/imgV1\/B8vEv5Xh_VThvnEqMx4G0YtA8lAADdw1sBC5uN5pSX6~ImMWYg0nYa_EPSP~fBpYtvgHs5QKecPwE1~j5DU_pylbu6cBdu0PgVunDxnkMoeY79Gll7Nv5AHhYwCGots7LHLh38TQGfCC339uJHIuUqohjlUjRzAVWZRusuFTGShGGb_F5KevNhyrTV_l8nhd.jpg 1920w,https:\/\/media.inmobalia.com\/imgV1\/B8vEv5Xh_Vjzl4qKP9bJW21eHCmW9PWrQV6IDk9EjA79dASSMmDBrXf04FgH6wp0ylU42MWPePEey7rkY1j3kMIGs3YrRSP6UhHPWG1enKzuplcdy8f~NYm7bTbKkeM5EmP4EWKnBqK64giT46xa2CxA3N6hrQgc0fIW04zzJNmUt9Bc05oVpVe5x26irHs-.jpg 1580w,https:\/\/media.inmobalia.com\/imgV1\/B8vEv5Xh~9eLgpFkvD55S4O4_vRpfi7Zj~8WTFZMGThfizi~_Y~NgoiVzdN9MsuXYCpgHq7NOfhSSsV~~CvXOR8biNDSQCuIy3z~JafSwduxBEndespnQYPOGloQON4~nZQpKtozeCINCecJw7befIAdWK4lNryvdXtvU~4OlEwLRUPCzCMgu5BMOShuqg--.jpg 774w\" type=\"image\/webp\"><img loading=\"lazy\" decoding=\"async\" class=\"image-fit\" alt=\"Villa La Perla | 4-Schlafzimmer Villa zu verkaufen | Haza del Conde, Nueva Andaluc\u00eda | Privatpool, Golftal\" width=\"1920\" height=\"1080\" src=\"https:\/\/media.inmobalia.com\/imgV1\/B8vEv5Xh_VThvnEqMx4G0ZxU~~H0Ar_8Bn_AfAx~4dnt796zQ9QIPwzdr9PkzIdRpbeOYktBAPFfTt23HPhndt5b7cRr2vg76pmKvptCGz41lr5l9a84bcLe~h2r1PV1YMwFCQX0BzOpC5KBgnTN9jw0EHipe0nxJaDr2Vse4R4-.jpg\"><\/picture>\t\t\t<\/figure>\n\t<div class=\"h-100 d-flex flex-column\">\n\t\t<span class=\"d-block card-area\">\n\t\t\tNueva Andalucia\t\t<\/span>\n\t\t\n<div class=\"card-price d-flex flex-column\">\n\t\t\t\t\t\t\t\t<strong class=\"card-price\"><span data-original-price=\"4390000\">4.390.000\u00a0\u20ac<\/span><\/strong>\n\t\t\t\t\t\t\n\t\t\t\n\t\t\t\t<\/div>\n\t\t<ul class=\"card-features list-unstyled d-flex flex-wrap align-items-center mb-0\">\n\t\t\t\t\t\t\t<li class=\"d-flex align-items-center me-3\">\n\t\t\t\t\t4 Schlafzimmer\t\t\t\t<\/li>\n\t\t\t\t\t\t\t<li class=\"d-flex align-items-center me-3\">\n\t\t\t\t\t4 Badezimmer\t\t\t\t<\/li>\n\t\t\t\t\t\t\t<li class=\"d-flex align-items-center me-3\">\n\t\t\t\t\t248 m&sup2; gebaut\t\t\t\t<\/li>\n\t\t\t\t\t\t\t<li class=\"d-flex align-items-center me-3\">\n\t\t\t\t\t1265 m&sup2; Grundst\u00fcck\t\t\t\t<\/li>\n\t\t\t\t\t<\/ul>\n\t\t<h4 class=\"card-title mb-0\">\n\t\t\t<a class=\"stretched-link\" href=\"\/verkaufen\/nueva-andalucia\/villen\/HW417\">Villa La Perla | 4-Schlafzimmer Villa zu verkaufen | Haza del Conde, Nueva Andaluc\u00eda | Privatpool, Golftal<\/a>\n\t\t<\/h4>\n\t\t\t<\/div>\n<\/article>\t\t\t\t\t\t<article class=\"f-carousel__slide card col position-relative flex-column\">\n\t<figure class=\"position-relative w-100 mb-2\">\n\t\t<a class=\"card-portfolio position-absolute\" data-pfl-id=\"686069\" data-pfl-filter=\"sale\" href=\"#\">\n\t\t\t<svg width=\"20\" fill=\"currentColor\" viewBox=\"0 0 512 512\">\n\t\t\t\t<use href=\"https:\/\/www.homewatch.es\/wp-content\/themes\/inmobasolidbase\/dist\/src\/images\/icons.svg#svgPortfolio\"\/>\n\t\t\t<\/svg>\n\t\t\t<svg class=\"d-none\" width=\"20\" fill=\"currentColor\" viewBox=\"0 0 512 512\">\n\t\t\t\t<use href=\"https:\/\/www.homewatch.es\/wp-content\/themes\/inmobasolidbase\/dist\/src\/images\/icons.svg#svgPortfolioIn\"\/>\n\t\t\t<\/svg>\n\t\t<\/a>\n\t\t<picture class=\"ratio ratio-4x3\"><source width=\"1920\" height=\"1080\" srcset=\"https:\/\/media.inmobalia.com\/imgV1\/B8vEv5Xh_VThvnEqMx4G0YtA8lAADdw1sBC5uN5pSX6~ImMWYg0nYa_EPSP~fBpYtvgHs5QKecPwE1~j5DU_pylbu6cBdu0PgVunDxnkMoeY79Gll7Nv5AHhYwCGots7LHLh38TTf2~2s0oXItHerP9ZQL1AnWqIEiY62Z5CA~8cN5TmIbjVY824jkO9owPU.jpg 1920w,https:\/\/media.inmobalia.com\/imgV1\/B8vEv5Xh_Vjzl4qKP9bJW21eHCmW9PWrQV6IDk9EjA79dASSMmDBrXf04FgH6wp0ylU42MWPePEey7rkY1j3kMIGs3YrRSP6UhHPWG1enKzuplcdy8f~NYm7bTbKkeM5EmP4EWH4NcSYfzrzYBd1mBGYYM9IY_8mMFtu1zzEFTicE0_Jr2gtdaM8iM_~Tj8-.jpg 1580w,https:\/\/media.inmobalia.com\/imgV1\/B8vEv5Xh~9eLgpFkvD55S4O4_vRpfi7Zj~8WTFZMGThfizi~_Y~NgoiVzdN9MsuXYCpgHq7NOfhSSsV~~CvXOR8biNDSQCuIy3z~JafSwduxBEndespnQYPOGloQON4~nZQpKXELOf29KtbeLG1wJy~SQyPPqTVLp3yxX0~KsR_Y7TSRlmR7ThqNQ22ogg--.jpg 774w\" type=\"image\/webp\"><img loading=\"lazy\" decoding=\"async\" class=\"image-fit\" alt=\"Villa Karina | 5-Schlafzimmer Villa zu verkaufen | Nueva Andaluc\u00eda Golf Valley, Marbella | Privatpool, Kino, Fitnessraum\" width=\"1920\" height=\"1080\" src=\"https:\/\/media.inmobalia.com\/imgV1\/B8vEv5Xh_VThvnEqMx4G0ZxU~~H0Ar_8Bn_AfAx~4dnt796zQ9QIPwzdr9PkzIdRpbeOYktBAPFfTt23HPhndt5b7cRr2vg76pmKvptCGz41lr5l9awnx7H7JFe_0o_mBCVGNIC2WYTabfwYKEitqZZA4cc3vnYKK6yyNiu_fy4-.jpg\"><\/picture>\t\t\t<\/figure>\n\t<div class=\"h-100 d-flex flex-column\">\n\t\t<span class=\"d-block card-area\">\n\t\t\tNueva Andalucia\t\t<\/span>\n\t\t\n<div class=\"card-price d-flex flex-column\">\n\t\t\t\t\t\t\t\t<strong class=\"card-price\"><span data-original-price=\"8295000\">8.295.000\u00a0\u20ac<\/span><\/strong>\n\t\t\t\t\t\t\n\t\t\t\n\t\t\t\t<\/div>\n\t\t<ul class=\"card-features list-unstyled d-flex flex-wrap align-items-center mb-0\">\n\t\t\t\t\t\t\t<li class=\"d-flex align-items-center me-3\">\n\t\t\t\t\t5 Schlafzimmer\t\t\t\t<\/li>\n\t\t\t\t\t\t\t<li class=\"d-flex align-items-center me-3\">\n\t\t\t\t\t6 Badezimmer\t\t\t\t<\/li>\n\t\t\t\t\t\t\t<li class=\"d-flex align-items-center me-3\">\n\t\t\t\t\t722 m&sup2; gebaut\t\t\t\t<\/li>\n\t\t\t\t\t\t\t<li class=\"d-flex align-items-center me-3\">\n\t\t\t\t\t1959 m&sup2; Grundst\u00fcck\t\t\t\t<\/li>\n\t\t\t\t\t<\/ul>\n\t\t<h4 class=\"card-title mb-0\">\n\t\t\t<a class=\"stretched-link\" href=\"\/verkaufen\/nueva-andalucia\/villen\/HW416\">Villa Karina | 5-Schlafzimmer Villa zu verkaufen | Nueva Andaluc\u00eda Golf Valley, Marbella | Privatpool, Kino, Fitnessraum<\/a>\n\t\t<\/h4>\n\t\t\t<\/div>\n<\/article>\t\t\t\t\t\t<article class=\"f-carousel__slide card col position-relative flex-column\">\n\t<figure class=\"position-relative w-100 mb-2\">\n\t\t<a class=\"card-portfolio position-absolute\" data-pfl-id=\"686066\" data-pfl-filter=\"sale\" href=\"#\">\n\t\t\t<svg width=\"20\" fill=\"currentColor\" viewBox=\"0 0 512 512\">\n\t\t\t\t<use href=\"https:\/\/www.homewatch.es\/wp-content\/themes\/inmobasolidbase\/dist\/src\/images\/icons.svg#svgPortfolio\"\/>\n\t\t\t<\/svg>\n\t\t\t<svg class=\"d-none\" width=\"20\" fill=\"currentColor\" viewBox=\"0 0 512 512\">\n\t\t\t\t<use href=\"https:\/\/www.homewatch.es\/wp-content\/themes\/inmobasolidbase\/dist\/src\/images\/icons.svg#svgPortfolioIn\"\/>\n\t\t\t<\/svg>\n\t\t<\/a>\n\t\t<picture class=\"ratio ratio-4x3\"><source width=\"1920\" height=\"1080\" srcset=\"https:\/\/media.inmobalia.com\/imgV1\/B8vEv5Xh_VThvnEqMx4G0YtA8lAADdw1sBC5uN5pSX6~ImMWYg0nYa_EPSP~fBpYtvgHs5QKecPwE1~j5DU_pylbu6cBdu0PgVunDxnkMoeY79Gll7Nv5AHhYwCGots7LHLh38TSDkCjlPacFDzanKb8SCybHBUynJ4NTrqsMcie9PKLD4tW8__B0iT2XRYi.jpg 1920w,https:\/\/media.inmobalia.com\/imgV1\/B8vEv5Xh_Vjzl4qKP9bJW21eHCmW9PWrQV6IDk9EjA79dASSMmDBrXf04FgH6wp0ylU42MWPePEey7rkY1j3kMIGs3YrRSP6UhHPWG1enKzuplcdy8f~NYm7bTbKkeM5EmP4EWDK7LWiDqSnEayacfgnRNXEfDVOt~P3NI77LHspxS479PfhvCJoGUispBY-.jpg 1580w,https:\/\/media.inmobalia.com\/imgV1\/B8vEv5Xh~9eLgpFkvD55S4O4_vRpfi7Zj~8WTFZMGThfizi~_Y~NgoiVzdN9MsuXYCpgHq7NOfhSSsV~~CvXOR8biNDSQCuIy3z~JafSwduxBEndespnQYPOGloQON4~nZQpKM4NiaLS7jc6f6XsneD9tKItL2318cKT30xW4aV4Jk7T4O8snFe4xdTQjg--.jpg 774w\" type=\"image\/webp\"><img loading=\"lazy\" decoding=\"async\" class=\"image-fit\" alt=\"Villa Jard\u00edn | Moderne 5-Schlafzimmer Villa zu verkaufen | Golf Valley Nueva Andaluc\u00eda, Marbella | Privatkino, Dachterrasse Whirlpool\" width=\"1920\" height=\"1080\" src=\"https:\/\/media.inmobalia.com\/imgV1\/B8vEv5Xh_VThvnEqMx4G0ZxU~~H0Ar_8Bn_AfAx~4dnt796zQ9QIPwzdr9PkzIdRpbeOYktBAPFfTt23HPhndt5b7cRr2vg76pmKvptCGz41lr5l9a1B4ZlJIA5Hnc0nM7prHA6Ca_2Ep436SBDulybco~kN7gPA53GZKYnENkc-.jpg\"><\/picture>\t\t\t<\/figure>\n\t<div class=\"h-100 d-flex flex-column\">\n\t\t<span class=\"d-block card-area\">\n\t\t\tNueva Andalucia\t\t<\/span>\n\t\t\n<div class=\"card-price d-flex flex-column\">\n\t\t\t\t\t\t\t\t<strong class=\"card-price\"><span data-original-price=\"4895000\">4.895.000\u00a0\u20ac<\/span><\/strong>\n\t\t\t\t\t\t\n\t\t\t\n\t\t\t\t<\/div>\n\t\t<ul class=\"card-features list-unstyled d-flex flex-wrap align-items-center mb-0\">\n\t\t\t\t\t\t\t<li class=\"d-flex align-items-center me-3\">\n\t\t\t\t\t5 Schlafzimmer\t\t\t\t<\/li>\n\t\t\t\t\t\t\t<li class=\"d-flex align-items-center me-3\">\n\t\t\t\t\t5 Badezimmer\t\t\t\t<\/li>\n\t\t\t\t\t\t\t<li class=\"d-flex align-items-center me-3\">\n\t\t\t\t\t517 m&sup2; gebaut\t\t\t\t<\/li>\n\t\t\t\t\t\t\t<li class=\"d-flex align-items-center me-3\">\n\t\t\t\t\t999 m&sup2; Grundst\u00fcck\t\t\t\t<\/li>\n\t\t\t\t\t<\/ul>\n\t\t<h4 class=\"card-title mb-0\">\n\t\t\t<a class=\"stretched-link\" href=\"\/verkaufen\/nueva-andalucia\/villen\/HW415\">Villa Jard\u00edn | Moderne 5-Schlafzimmer Villa zu verkaufen | Golf Valley Nueva Andaluc\u00eda, Marbella | Privatkino, Dachterrasse Whirlpool<\/a>\n\t\t<\/h4>\n\t\t\t<\/div>\n<\/article>\t\t\t\t\t\t\t\t\t\t\t<\/div>\n\t\t\t\t\t\t\t\t\t<\/div>\n\t\t\t<\/section>\n\t\t","protected":false},"excerpt":{"rendered":"<p>Willkommen in Nueva Andaluc\u00eda! Eine der exklusivsten und begehrtesten Gegenden Marbellas, gelegen n\u00f6rdlich von Puerto Ban\u00fas. Wenn Sie nach Ruhe und Natur suchen, sind Sie hier genau richtig. Und wenn Sie Freizeit, Aktivit\u00e4ten und ein pulsierendes Nachtleben suchen \u2013 dann ebenfalls! Nueva Andaluc\u00eda ist der Ort, an dem Entspannung und Unterhaltung aufeinandertreffen. Hier finden Sie&#8230;<\/p>\n","protected":false},"author":6,"featured_media":6086,"comment_status":"closed","ping_status":"closed","sticky":false,"template":"","format":"standard","meta":{"_acf_changed":false,"footnotes":""},"categories":[591,618,590,1231],"tags":[1233,673,594,1234,978,672,980,981,1232,1052,1117,1124,1235],"class_list":["post-6090","post","type-post","status-publish","format-standard","has-post-thumbnail","hentry","category-schluesselbereiche","category-marbella-de","category-nachrichten","category-nueva-andalucia-marbella-es-de","tag-alquilerdeverano-de","tag-costa-del-sol-de","tag-developments-de","tag-familia-de","tag-guarantees-de","tag-marbella-de","tag-owners-de","tag-real-estate-de","tag-real-estate-agent-de","tag-real-estate-market-de","tag-renting-property-de","tag-sellers-de","tag-verano-de"],"acf":[],"_links":{"self":[{"href":"https:\/\/www.homewatch.es\/de\/wp-json\/wp\/v2\/posts\/6090","targetHints":{"allow":["GET"]}}],"collection":[{"href":"https:\/\/www.homewatch.es\/de\/wp-json\/wp\/v2\/posts"}],"about":[{"href":"https:\/\/www.homewatch.es\/de\/wp-json\/wp\/v2\/types\/post"}],"author":[{"embeddable":true,"href":"https:\/\/www.homewatch.es\/de\/wp-json\/wp\/v2\/users\/6"}],"replies":[{"embeddable":true,"href":"https:\/\/www.homewatch.es\/de\/wp-json\/wp\/v2\/comments?post=6090"}],"version-history":[{"count":0,"href":"https:\/\/www.homewatch.es\/de\/wp-json\/wp\/v2\/posts\/6090\/revisions"}],"wp:featuredmedia":[{"embeddable":true,"href":"https:\/\/www.homewatch.es\/de\/wp-json\/wp\/v2\/media\/6086"}],"wp:attachment":[{"href":"https:\/\/www.homewatch.es\/de\/wp-json\/wp\/v2\/media?parent=6090"}],"wp:term":[{"taxonomy":"category","embeddable":true,"href":"https:\/\/www.homewatch.es\/de\/wp-json\/wp\/v2\/categories?post=6090"},{"taxonomy":"post_tag","embeddable":true,"href":"https:\/\/www.homewatch.es\/de\/wp-json\/wp\/v2\/tags?post=6090"}],"curies":[{"name":"wp","href":"https:\/\/api.w.org\/{rel}","templated":true}]}}