{"id":4117,"date":"2023-12-07T17:47:50","date_gmt":"2023-12-07T16:47:50","guid":{"rendered":"https:\/\/www.homewatch.es\/?p=4117"},"modified":"2024-03-06T12:58:08","modified_gmt":"2024-03-06T11:58:08","slug":"marbella-marbella-este-bahia-de-marbella","status":"publish","type":"post","link":"https:\/\/www.homewatch.es\/de\/4117-marbella-marbella-este-bahia-de-marbella","title":{"rendered":"Bah\u00eda de Marbella, das Paradies im Osten von Marbella"},"content":{"rendered":"\n<p class=\"undefined\">Die Definition von Bucht ist \"der Eingang eines Meeres, Ozeans oder Sees, der von Land umgeben ist\", und wenn dieses Gebiet als <strong>Bah\u00eda de Marbella<\/strong> bekannt ist, dann weil Land und Meer in perfekter Harmonie flie\u00dfen. Es sind die Str\u00e4nde, Golfpl\u00e4tze, Strandclubs und viele andere Attraktionen, die dieses Teilgebiet von <strong>Marbella Este<\/strong> so besonders machen, und wir erz\u00e4hlen Ihnen davon, eine nach der anderen, in diesem Gebietsf\u00fchrer.<\/p><div id=\"ez-toc-container\" class=\"ez-toc-v2_0_82_2 counter-hierarchy ez-toc-counter ez-toc-custom ez-toc-container-direction\">\n<div class=\"ez-toc-title-container\">\n<p class=\"ez-toc-title\" style=\"cursor:inherit\">Table of Contents<\/p>\n<span class=\"ez-toc-title-toggle\"><a href=\"#\" class=\"ez-toc-pull-right ez-toc-btn ez-toc-btn-xs ez-toc-btn-default ez-toc-toggle\" aria-label=\"Toggle Table of Content\"><span class=\"ez-toc-js-icon-con\"><span class=\"\"><span class=\"eztoc-hide\" style=\"display:none;\">Toggle<\/span><span class=\"ez-toc-icon-toggle-span\"><svg style=\"fill: #0a0a0a;color:#0a0a0a\" xmlns=\"http:\/\/www.w3.org\/2000\/svg\" class=\"list-377408\" width=\"20px\" height=\"20px\" viewBox=\"0 0 24 24\" fill=\"none\"><path d=\"M6 6H4v2h2V6zm14 0H8v2h12V6zM4 11h2v2H4v-2zm16 0H8v2h12v-2zM4 16h2v2H4v-2zm16 0H8v2h12v-2z\" fill=\"currentColor\"><\/path><\/svg><svg style=\"fill: #0a0a0a;color:#0a0a0a\" class=\"arrow-unsorted-368013\" xmlns=\"http:\/\/www.w3.org\/2000\/svg\" width=\"10px\" height=\"10px\" viewBox=\"0 0 24 24\" version=\"1.2\" baseProfile=\"tiny\"><path d=\"M18.2 9.3l-6.2-6.3-6.2 6.3c-.2.2-.3.4-.3.7s.1.5.3.7c.2.2.4.3.7.3h11c.3 0 .5-.1.7-.3.2-.2.3-.5.3-.7s-.1-.5-.3-.7zM5.8 14.7l6.2 6.3 6.2-6.3c.2-.2.3-.5.3-.7s-.1-.5-.3-.7c-.2-.2-.4-.3-.7-.3h-11c-.3 0-.5.1-.7.3-.2.2-.3.5-.3.7s.1.5.3.7z\"\/><\/svg><\/span><\/span><\/span><\/a><\/span><\/div>\n<nav><ul class='ez-toc-list ez-toc-list-level-1 ' ><li class='ez-toc-page-1 ez-toc-heading-level-2'><a class=\"ez-toc-link ez-toc-heading-1\" href=\"https:\/\/www.homewatch.es\/de\/4117-marbella-marbella-este-bahia-de-marbella\/#Ein_privilegierter_Standort\" >Ein privilegierter Standort<\/a><\/li><li class='ez-toc-page-1 ez-toc-heading-level-2'><a class=\"ez-toc-link ez-toc-heading-2\" href=\"https:\/\/www.homewatch.es\/de\/4117-marbella-marbella-este-bahia-de-marbella\/#Die_Geschichte_einer_Urb\" >Die Geschichte einer Urb.<\/a><\/li><li class='ez-toc-page-1 ez-toc-heading-level-2'><a class=\"ez-toc-link ez-toc-heading-3\" href=\"https:\/\/www.homewatch.es\/de\/4117-marbella-marbella-este-bahia-de-marbella\/#Die_Attraktionen_der_Bucht\" >Die Attraktionen der Bucht<\/a><\/li><li class='ez-toc-page-1 ez-toc-heading-level-2'><a class=\"ez-toc-link ez-toc-heading-4\" href=\"https:\/\/www.homewatch.es\/de\/4117-marbella-marbella-este-bahia-de-marbella\/#Bahia_de_Marbella_macht_es_Ihnen_leicht_die_am_besten_zugaenglichen_Tools\" >Bah\u00eda de Marbella macht es Ihnen leicht: die am besten zug\u00e4nglichen Tools<\/a><\/li><li class='ez-toc-page-1 ez-toc-heading-level-2'><a class=\"ez-toc-link ez-toc-heading-5\" href=\"https:\/\/www.homewatch.es\/de\/4117-marbella-marbella-este-bahia-de-marbella\/#Glueckliche_Kinder_sind_eine_glueckliche_Familie\" >Gl\u00fcckliche Kinder sind eine gl\u00fcckliche Familie<\/a><\/li><li class='ez-toc-page-1 ez-toc-heading-level-2'><a class=\"ez-toc-link ez-toc-heading-6\" href=\"https:\/\/www.homewatch.es\/de\/4117-marbella-marbella-este-bahia-de-marbella\/#Lieferung_nach_Hause_damit_Sie_nicht_umziehen_muessen_und_einfach_geniessen_koennen\" >Lieferung nach Hause, damit Sie nicht umziehen m\u00fcssen und einfach genie\u00dfen k\u00f6nnen<\/a><\/li><li class='ez-toc-page-1 ez-toc-heading-level-2'><a class=\"ez-toc-link ez-toc-heading-7\" href=\"https:\/\/www.homewatch.es\/de\/4117-marbella-marbella-este-bahia-de-marbella\/#Der_Transport_sollte_kein_Problem_sein\" >Der Transport sollte kein Problem sein<\/a><\/li><li class='ez-toc-page-1 ez-toc-heading-level-2'><a class=\"ez-toc-link ez-toc-heading-8\" href=\"https:\/\/www.homewatch.es\/de\/4117-marbella-marbella-este-bahia-de-marbella\/#Jenseits_der_Bahia_de_Marbella_Marbella_Ost\" >Jenseits der Bah\u00eda de Marbella: Marbella Ost<\/a><\/li><li class='ez-toc-page-1 ez-toc-heading-level-2'><a class=\"ez-toc-link ez-toc-heading-9\" href=\"https:\/\/www.homewatch.es\/de\/4117-marbella-marbella-este-bahia-de-marbella\/#Jenseits_von_Marbella_Ost_Marbella_Zentrum_Marbella_Altstadt_und_Puerto_Banus\" >Jenseits von Marbella Ost: Marbella Zentrum, Marbella Altstadt und Puerto Ban\u00fas<\/a><\/li><li class='ez-toc-page-1 ez-toc-heading-level-2'><a class=\"ez-toc-link ez-toc-heading-10\" href=\"https:\/\/www.homewatch.es\/de\/4117-marbella-marbella-este-bahia-de-marbella\/#Immobilien_zur_Miete_in_Bahia_de_Marbella_Marbella_Este_Alle_Immobilien_zur_Miete_Marbella_Marbella_Este_Bahia_de_Marbella\" >Immobilien zur Miete in Bah\u00eda de Marbella, Marbella Este\n\t\t\t\t\t\t\t\t\t\t\t\t\t\t\t\tAlle Immobilien zur Miete \/ Marbella \/ Marbella Este \/ Bah\u00eda de Marbella<\/a><\/li><\/ul><\/nav><\/div>\n\n\n\n\n<figure class=\"position-relative my-5\"><a class=\"position-relative\" href=\"https:\/\/youtu.be\/Km3EekKLsVI\" data-fancybox=\"video\" target=\"_blank\" rel=\"noopener\"><svg class=\"position-absolute top-50 start-50 translate-middle\" width=\"80\" fill=\"#fff\" viewBox=\"0 0 512 512\"><use href=\"https:\/\/www.homewatch.es\/wp-content\/themes\/inmobasolidbase\/dist\/src\/images\/icons.svg#svgPlay\"><\/use><\/svg><picture><source width=\"1920\" srcset=\"https:\/\/media.inmobalia.com\/imgV1\/B98Le8~d7M9k3Degnasou4SeXs2jeTR_PiwwSeLqOqIC4907UpvQnFtJljAkioC7kuEr6Z~ulrAsl79hYMCSZSclVu4iyL8qDyzU6s0rantJWdj8q7hXPxqyhi0-.jpg 1920w\" type=\"image\/webp\"><img decoding=\"async\" class=\"img-fluid d-block w-100 my-4\" alt=\"Bah\u00eda de Marbella, das Paradies im Osten von Marbella\" width=\"1920\" src=\"https:\/\/media.inmobalia.com\/imgV1\/B98Le8~d7M9k3DegigWijpPHfi0CkGBxNjyvwawbHYBfRTOjZB3vLkbI1XjyP3_uMpCnUElLxjqzipy1yaNQvUj3dBU3gl2IwSZAnw--.jpg\"><\/picture><\/a><script type=\"application\/ld+json\">\n\t\t\t{\n\t\t\t\t\"@context\": \"https:\/\/schema.org\",\n\t\t\t\t\"@type\": \"VideoObject\",\n\t\t\t\t\"name\": \"Bah\u00eda de Marbella, das Paradies im Osten von Marbella\",\n\t\t\t\t\"description\": \"Die Definition von Bucht ist &quot;der Eingang eines Meeres, Ozeans oder Sees, der von Land umgeben ist&quot;, und wenn dieses...\",\n\t\t\t\t\"thumbnailUrl\": \"https:\/\/img.youtube.com\/vi\/Km3EekKLsVI\/maxresdefault.jpg\",\n\t\t\t\t\"uploadDate\": \"2023-12-07T17:47:50+0100\", \"embedUrl\": \"https:\/\/youtu.be\/Km3EekKLsVI\"\t\t\t\n\t\t\t}\n\t\t\t<\/script><\/figure>\n\n\n<ul class=\"list-unstyled p-4 pb-5 border border-light\"><li class=\"text-black text-uppercase fw-bold mb-3\">Inhaltsverzeichnis<\/li><li><a href=\"#ein+privilegierter+standort\">Ein privilegierter Standort<\/a><\/li>\n<li><a href=\"#die+geschichte+einer+urb\">Die Geschichte einer Urb.<\/a><\/li>\n<li><a href=\"#die+attraktionen+der+bucht\">Die Attraktionen der Bucht<\/a><\/li>\n<li><a href=\"#bahia+de+marbella+macht+es+ihnen+leicht+die+am+besten+zuganglichen+tools\">Bah\u00eda de Marbella macht es Ihnen leicht: die am besten zug\u00e4nglichen Tools<\/a><\/li>\n<li><a href=\"#gluckliche+kinder+sind+eine+gluckliche+familie\">Gl\u00fcckliche Kinder sind eine gl\u00fcckliche Familie<\/a><\/li>\n<li><a href=\"#lieferung+nach+hause+damit+sie+nicht+umziehen+mussen+und+einfach+geniessen+konnen\">Lieferung nach Hause, damit Sie nicht umziehen m\u00fcssen und einfach genie\u00dfen k\u00f6nnen<\/a><\/li>\n<li><a href=\"#der+transport+sollte+kein+problem+sein\">Der Transport sollte kein Problem sein<\/a><\/li>\n<li><a href=\"#jenseits+der+bahia+de+marbella+marbella+ost\">Jenseits der Bah\u00eda de Marbella: Marbella Ost<\/a><\/li>\n<li><a href=\"#jenseits+von+marbella+ost+marbella+zentrum+marbella+altstadt+und+puerto+banus\">Jenseits von Marbella Ost: Marbella Zentrum, Marbella Altstadt und Puerto Ban\u00fas<\/a><\/li><\/ul>\n\n\n\n<h2 class=\"wp-block-heading\"><span class=\"ez-toc-section\" id=\"Ein_privilegierter_Standort\"><\/span>Ein privilegierter Standort<span class=\"ez-toc-section-end\"><\/span><\/h2>\n\n\n\n<p class=\"undefined\"><strong>Bah\u00eda de Marbella<\/strong>, im prestigetr\u00e4chtigen Osten von Marbella gelegen, begann in den 1990er Jahren, als Marbella seine gr\u00f6\u00dfte Ausdehnung in Bezug auf Urbanisationen, Golfpl\u00e4tze und andere hochwertige Einrichtungen erlebte, zu einem Gebiet von Interesse zu werden. Geboren aus dem mediterranen Traum, begannen die ersten Luxusresidenzen und Villen die K\u00fcstenlandschaft zu schm\u00fccken. In dieser Zeit wurde die Urbanisierung zum Synonym f\u00fcr Exklusivit\u00e4t und Eleganz. Es war die Vision der Pioniere unter den Bauherren, die <strong>Bah\u00eda de Marbella<\/strong> seinen charakteristischen Charme verlieh: eine Verschmelzung von Moderne und andalusischer Tradition, die zu einem Gleichgewicht f\u00fchrte, das Besucher und Bewohner seither verzaubert.<\/p>\n\n\n\n<p class=\"undefined\">Mit einem privilegierten Zugang zu einigen der besten Str\u00e4nde der Costa del Sol, einer hochwertigen Infrastruktur und einer ruhigen Atmosph\u00e4re ist <strong>Bah\u00eda de Marbella <\/strong>nicht nur ein Ort zum Leben oder f\u00fcr einen angenehmen Urlaub, sondern ein Ort, an dem man das Leben in vollen Z\u00fcgen genie\u00dfen kann.<\/p>\n\n\n\n<p class=\"undefined\">Das Gebiet erstreckt sich entlang der A-7, der Hauptstra\u00dfe, die an der Costa del Sol verl\u00e4uft. Diese Stra\u00dfe sorgt nicht nur f\u00fcr eine reibungslose Anbindung an den Flughafen von M\u00e1laga, sondern dient auch als Hauptverkehrsader zu anderen Highlights an der K\u00fcste. Wer eine andere Route bevorzugt, kann auf der AP-7 schnell und bequem zum Flughafen von Gibraltar gelangen. F\u00fcr eine landschaftlich reizvollere Fahrt bietet sich auch die N-340 an.<\/p>\n\n\n\n<p class=\"undefined\">Auch von <strong>Bah\u00eda de Marbella<\/strong> aus ist die Anbindung an andere Gebiete in Marbella-Ost, Marbella und an der Costa del Sol hervorragend, so dass Sie mit dem Auto oder den st\u00e4dtischen Verkehrsmitteln viele interessante Punkte leicht erreichen k\u00f6nnen; wenn Sie ohne Auto anreisen und kein Bus zur Verf\u00fcgung steht, gibt es auch viele andere Transportm\u00f6glichkeiten, die Sie problemlos nutzen k\u00f6nnen.<\/p>\n\n\n\n<ul class=\"wp-block-list\">\n<li>El Rosario - 3,5 km, 6 Minuten mit dem Auto, \u00fcber A-7 und Av. del Rosario<\/li>\n\n\n\n<li>Los Monteros - 1,4 km, 3 Min. mit dem Auto, \u00fcber die A-7, und 9 Min. mit dem Bus, Linie 6<\/li>\n\n\n\n<li>Costabella - 2,9 km, 4 Min. mit dem Auto, \u00fcber die A-7, und 13 Min. mit dem Bus, Linie 6<\/li>\n\n\n\n<li>Cerrado de Elviria - 5,8 km, 7 Min. mit dem Auto, auf der A-7, und 27 Min. mit dem Bus, Linie 6<\/li>\n\n\n\n<li>Marbesa - 8,2 km, 9 Min. mit dem Auto, \u00fcber die A-7<\/li>\n\n\n\n<li>Cabopino - 9,0 km, 9 min mit dem Auto, \u00fcber die A-7, und 30 min mit dem Bus, \u00fcber Avanza L-302<\/li>\n\n\n\n<li>R\u00edo Real Golf - 2,4 km, 5 Minuten Fahrt, \u00fcber die Av. de la Alcudia, und 30 Minuten mit dem Bus, \u00fcber die Linien 13 und 12<\/li>\n\n\n\n<li>Marbella Centro - 4,7 km, 10 Min. mit dem Auto, \u00fcber die A-7, und 14 Min. mit dem Bus, \u00fcber die Linien 12 und 13<\/li>\n\n\n\n<li>La Mairena - 11,1 km entfernt, 14 Minuten mit dem Auto, \u00fcber A-7 und Av de Espa\u00f1a<\/li>\n\n\n\n<li>Marbella Casco Historico - 8,2 km entfernt, 13 Minuten mit dem Auto, \u00fcber die A-7, und 19 Minuten mit dem Bus, \u00fcber die Linien 12 und 13<\/li>\n\n\n\n<li>Nag\u00fceles - 10,9 km, 13 Minuten mit dem Auto, \u00fcber die A-7 und AP-7<\/li>\n\n\n\n<li>Nueva Andaluc\u00eda - 14,3 km entfernt, 13 Minuten mit dem Auto, \u00fcber die A-7 und AP-7<\/li>\n\n\n\n<li>Puerto Ban\u00fas - 15,2 km, 15 Minuten Fahrt, \u00fcber A-7, AP-7 und Autov\u00eda del Mediterr\u00e1neo\/A-7<\/li>\n\n\n\n<li>Golden Mile - 15,4 km, 15 Minuten Fahrt, \u00fcber A-7, AP-7 und Autov\u00eda del Mediterr\u00e1neo\/A-7<\/li>\n<\/ul>\n\n\n\n<figure class=\"wp-caption aligncenter\">\n<picture><source width=\"1480\" srcset=\"https:\/\/media.inmobalia.com\/imgV1\/B98Le8~d7M9pwOKhCJcJLIfglZOtvyX13f98gUEkry2AXpxxwVVUW6beaB1CbHQXGOhTMxPEWoq2vSWoPxT0dWUFVpFov6NwmlNzq3qwzpnpHLdM7rEnUz9Q1M3zHkeSo_NtbkrWnlBC0JptLsQ7MC9S2eFwHz0g96V9wrv5Zw--.jpg 1480w\" type=\"image\/webp\"><img decoding=\"async\" class=\"img-fluid \" width=\"1480\" src=\"https:\/\/media.inmobalia.com\/imgV1\/B98Le8~d7M9pwOKhH98twCJY8~z6ePCZX6v4ZFfOvduhBdeVCpC563TEl9~Gba~ZsCNLt5CSrqfb7qaISBEVv0QdM3Qn_hAlNygvYLlkv_dZemIaM5yz21omssiwLcK058d0u4h88URcaa8S_OzY.jpg\"><\/picture>\n<figcaption class=\"wp-caption-text\"><\/figcaption>\n<\/figure>\n\n\n\n<h2 class=\"wp-block-heading\"><span class=\"ez-toc-section\" id=\"Die_Geschichte_einer_Urb\"><\/span>Die Geschichte einer Urb.<span class=\"ez-toc-section-end\"><\/span><\/h2>\n\n\n\n<p class=\"undefined\">Marbella, ein Name, der an der Costa del Sol f\u00fcr Luxus und Raffinesse steht, gl\u00e4nzt nicht nur durch seinen weltweiten Ruhm, sondern auch als Epizentrum f\u00fcr Charme und Sch\u00f6nheit an diesem begehrten K\u00fcstenabschnitt. Um die Stadt Marbella herum liegen ebenso bezaubernde Orte wie Mijas, Benahav\u00eds, Ist\u00e1n, Estepona, Oj\u00e9n und das pulsierende M\u00e1laga. Marbella hat jedoch einen einzigartigen Glanz, eine Mischung aus Glamour und Tradition, die es un\u00fcbertroffen macht.<\/p>\n\n\n\n<p class=\"undefined\">In diesem glamour\u00f6sen Kontext befindet sich Marbella Ost, ein Gebiet, das sich durch seine Vornehmheit auszeichnet und mehrere Untergebiete beherbergt, die das Beste an Luxus und Exklusivit\u00e4t verk\u00f6rpern. <strong>Bah\u00eda de Marbella<\/strong>, zusammen mit Costabella, Elviria, Los Monteros und Cabopino, ist ein Juwel in dieser opulenten Krone.<\/p>\n\n\n\n<p class=\"undefined\"><strong>Bah\u00eda de Marbella<\/strong> ist mehr als nur eine Adresse, es ist ein Reiseziel an sich. Strategisch an der Ostseite von Marbella gelegen, bietet diese Urbanisation einen unschlagbaren Zugang zu den goldenen Sandstr\u00e4nden und dem kristallklaren Wasser des Mittelmeers. Mit Blick auf das Meer auf der einen und die imposante Bergkette der Sierra Blanca auf der anderen Seite bietet <strong>Bah\u00eda de Marbella <\/strong>eine au\u00dfergew\u00f6hnliche Lage f\u00fcr einen Traumurlaub oder ein Alltagsleben, das gleicherma\u00dfen Luxus und Komfort bietet.<\/p>\n\n\n\n<h2 class=\"wp-block-heading\"><span class=\"ez-toc-section\" id=\"Die_Attraktionen_der_Bucht\"><\/span>Die Attraktionen der Bucht<span class=\"ez-toc-section-end\"><\/span><\/h2>\n\n\n\n<p class=\"undefined\">Diese f\u00fcr ihre idyllischen Str\u00e4nde bekannte Gegend ist dank ihrer renommierten Golfpl\u00e4tze, des Rugbyclubs und der modernen Sportanlagen auch ein beliebtes Ziel f\u00fcr Sportbegeisterte. Dar\u00fcber hinaus bietet <strong>Bah\u00eda de Marbella<\/strong> eine lebendige Gastronomieszene mit einer Vielzahl von Strandclubs und Strandrestaurants. Und als ob das noch nicht genug w\u00e4re, sorgen die Superm\u00e4rkte, Apotheken und Krankenh\u00e4user f\u00fcr ein Plus an Ruhe. Und wenn Sie mit Kindern kommen, gibt es Parks und Schulen.<\/p>\n\n\n\n<h3 class=\"wp-block-heading\">Str\u00e4nde, die wie Wasser flie\u00dfen<\/h3>\n\n\n\n<p class=\"undefined\">Der Stadtteil <strong>Bahia de Marbella<\/strong> ist nach der Vereinigung von Land und Meer benannt; seine unber\u00fchrten Str\u00e4nde koexistieren nicht nur, sondern verschmelzen mit den lebhaften Beach Clubs und schaffen ein perfektes Gleichgewicht zwischen Entspannung und Spa\u00df. In <strong>Bahia de Marbella<\/strong> ist jeder Moment eine Einladung, zwei Welten zu genie\u00dfen: die Ruhe eines R\u00fcckzugsortes an der K\u00fcste und die Dynamik eines lebendigen Reiseziels.<\/p>\n\n\n\n<h4 class=\"wp-block-heading\">Playa de Bah\u00eda de Marbella<\/h4>\n\n\n\n<p class=\"undefined\">Wenn wir \u00fcber den Strand von <strong>Bahia de Marbella<\/strong> sprechen (nur 1,0 km entfernt, 10 Minuten Fu\u00dfweg von Ihrem Grundst\u00fcck), dann sprechen wir nicht \u00fcber einen gew\u00f6hnlichen Strand. Was ihn auszeichnet, ist seine unvergleichliche Sch\u00f6nheit und seine Vielfalt an Strandbars, Elemente, die ihn zu einer der Perlen der Costa del Sol machen.<\/p>\n\n\n\n<figure class=\"wp-caption aligncenter\">\n<picture><source width=\"1480\" srcset=\"https:\/\/media.inmobalia.com\/imgV1\/B98Le8~d7M9pwOKhCJcJLIfglZOtvyX13f98gUEkry2AXpxxwVVUW6beaB1CbHQXGOhTMxPEWoq2vSWoPxT0dWUFVpFov6NwmlNzq3qwzpnpHLdM7rEnUyIEwSe8x4uWQYWi7B9hSOtOMJ96iUzURs7gV6yNuhCTQalOVEC3oAoLG~zj_DGQDHk-.jpg 1480w\" type=\"image\/webp\"><img decoding=\"async\" class=\"img-fluid \" width=\"1480\" src=\"https:\/\/media.inmobalia.com\/imgV1\/B98Le8~d7M9pwOKhH98twCJY8~z6ePCZX6v4ZFfOvduhBdeVCpC563TEl9~Gba~ZsCNLt5CSrqfb7qaISBEVv0QdM3Qn_hAlKktRUy1TjKcGTfBY7cTWfCKh7ibC4RVZ4~MwJtmKhj85cXoCBswEgt9kKFEj4pDycg--.jpg\"><\/picture>\n<figcaption class=\"wp-caption-text\"><\/figcaption>\n<\/figure>\n\n\n\n<figure class=\"wp-caption aligncenter\">\n<picture><source width=\"1480\" srcset=\"https:\/\/media.inmobalia.com\/imgV1\/B98Le8~d7M9pwOKhCJcJLIfglZOtvyX13f98gUEkry2AXpxxwVVUW6beaB1CbHQXGOhTMxPEWoq2vSWoPxT0dWUFVpFov6NwmlNzq3qwzpnpHLdM7rEnUyIJcg4iQS3QN~bXE_1WOJZg05qQ6UoynmLJ58u~j2ExlejPGt9qYs6eeQ--.jpg 1480w\" type=\"image\/webp\"><img decoding=\"async\" class=\"img-fluid \" width=\"1480\" src=\"https:\/\/media.inmobalia.com\/imgV1\/B98Le8~d7M9pwOKhH98twCJY8~z6ePCZX6v4ZFfOvduhBdeVCpC563TEl9~Gba~ZsCNLt5CSrqfb7qaISBEVv0QdM3Qn_hAlKkYzNv66o7duhhAsDk~QTajcMC23LaCl~HUsG5KUozpkUzL~P351j0aO.jpg\"><\/picture>\n<figcaption class=\"wp-caption-text\"><\/figcaption>\n<\/figure>\n\n\n\n<h5 class=\"wp-block-heading\"><a href=\"https:\/\/elmangaleta.com\/en\/inicio-english\" target=\"_blank\" rel=\"noopener\">Restaurante El Mangaleta<\/a><\/h5>\n\n\n\n<p class=\"undefined\">Das Restaurant El Mangaleta ist ein Juwel am Ufer des Mittelmeers. Mit seinem authentischen andalusischen Stil - Tische mit wei\u00dfen Tischt\u00fcchern in einem hellen Speisesaal - ist dieses Lokal ein perfektes Ziel f\u00fcr Liebhaber guter K\u00fcche. Beim Betreten des Lokals erwartet Sie eine ger\u00e4umige Terrasse mit Fenstern, die direkt auf das Meer blicken, und ein gem\u00fctlicher Innenraum, der nach Aussage der meisten Stammg\u00e4ste das gem\u00fctlichste Chiringuito in ganz Marbella ist. <\/p>\n\n\n\n<p class=\"undefined\">El Mangaleta ist nicht nur f\u00fcr seine au\u00dfergew\u00f6hnliche Lage bekannt, sondern auch f\u00fcr seine Speisekarte, denn das Restaurant ist auf Fisch, Meeresfr\u00fcchte und mediterrane Gerichte spezialisiert, die abwechslungsreich und reichlich portioniert sind; unsere Top-Empfehlung ist der schwarze Reis, ein Gericht, das intensive Aromen und weiche Texturen vereint. Ein weiterer Pluspunkt: die Liegest\u00fchle und Sonnenschirme. Es ist auch spektakul\u00e4r, mit Kindern zu kommen, denn es besteht keine Gefahr. Wenn Sie an Wochenenden oder Feiertagen kommen, empfehlen wir Ihnen jedoch, telefonisch zu reservieren, um sich einen Tisch zu sichern, da das Lokal oft voll ist.<\/p>\n\n\n\n<figure class=\"wp-caption aligncenter\">\n<picture><source width=\"1480\" srcset=\"https:\/\/media.inmobalia.com\/imgV1\/B98Le8~d7M9pwOKhCJcJLIfglZOtvyX13f98gUEkry2AXpxxwVVUW6beaB1CbHQXGOhTMxPEWoq2vSWoPxT0dWUFVpFov6NwmlNzq3qwzpnpHLdM7rEnUzN8oErh_LewwtsJ_UovRFsXbP0mNjPI_KGqRfCPwT9RbezWJus-.jpg 1480w\" type=\"image\/webp\"><img decoding=\"async\" class=\"img-fluid \" width=\"1480\" src=\"https:\/\/media.inmobalia.com\/imgV1\/B98Le8~d7M9pwOKhH98twCJY8~z6ePCZX6v4ZFfOvduhBdeVCpC563TEl9~Gba~ZsCNLt5CSrqfb7qaISBEVv0QdM3Qn_hAlO7Jz2zo~D0XqlXErgbWv8mDFP893kRFBY~kaO77ooF2Q3YVR0Q--.jpg\"><\/picture>\n<figcaption class=\"wp-caption-text\"><\/figcaption>\n<\/figure>\n\n\n\n<ul class=\"wp-block-list\">\n<li>PREIS: \u20ac\u20ac\u20ac.<\/li>\n\n\n\n<li>\u00d6FFNUNGSZEITEN: Jeden Tag, von 12:00 bis 23:00 Uhr<\/li>\n\n\n\n<li><a href=\"http:\/\/google.es\/maps\/place\/Restaurante+El+Mangaleta\/@36.5005737,-4.8228297,896m\/data=!3m1!1e3!4m23!1m16!4m15!1m6!1m2!1s0xd7327674ee89dc9:0xb26bdb9f9d1a8eea!2sUrbanizaci\u00f3n+Bah\u00eda+de+Marbella,+29603,+Alameda+de+Levante,+6,+29603+Marbella,+M\u00e1laga!2m2!1d-4.831958!2d36.5057291!1m6!1m2!1s0xd7327679e749199:0xd6532d3d42f5027c!2sRestaurante+El+Mangaleta,+Urbanizaci\u00f3n+Bah\u00eda+de+Marbella,+Marbella!2m2!1d-4.8334213!2d36.5018478!3e0!3m5!1s0xd7327679e749199:0xd6532d3d42f5027c!8m2!3d36.5018206!4d-4.8332858!16s%2Fg%2F1tfqbl25?entry=ttu(opens in a new tab)\" target=\"_blank\" rel=\"noopener\">ADRESSE<\/a>: Urbanizaci\u00f3n <strong>Bah\u00eda de Marbella<\/strong>, s\/n, 29604 Marbella, M\u00e1laga<\/li>\n\n\n\n<li>LIEFERUNG: Essen Sie dort - keine Lieferung nach Hause<\/li>\n\n\n\n<li>TELEFON: +34 952 82 28 72<\/li>\n<\/ul>\n\n\n\n<h5 class=\"wp-block-heading\"><a href=\"https:\/\/lacabanemarbella.com\/en\/\" target=\"_blank\" rel=\"noopener\">La Cabane Marbella<\/a><\/h5>\n\n\n\n<p class=\"undefined\">Grupo Mosh (Einrichtung) - Grupo Dani Garc\u00eda (Essen) - Dolce &amp; Gabbana (Dekoration)<\/p>\n\n\n\n<p class=\"undefined\">La Cabane Marbella ist mehr als nur ein privater Strandclub, es ist ein luxuri\u00f6ses Erlebnis an der K\u00fcste, das mit den Besten Hand in Hand geht. Wenn Sie durch seine T\u00fcren treten, entdecken Sie eine Oase der Eleganz und Raffinesse, mit einem beeindruckenden Pool, einem Restaurant, Sonnenliegen und balinesischen Betten, mit Blick auf das weite Mittelmeer, da es direkt am Strand liegt und auch einen direkten Zugang dazu hat, und all dies mit DJs als Begleitung. Die ger\u00e4umige und elegante Terrasse ist der perfekte Ort, um sich in der Sonne zu entspannen und das Mittelmeer zu \u00fcberblicken.<\/p>\n\n\n\n<p class=\"undefined\">Der Club bietet eine <a href=\"https:\/\/grupodanigarcia.com\/lacabane\/\" target=\"_blank\" rel=\"noopener\">au\u00dfergew\u00f6hnliche<\/a> Cocktail- und Speisenkarte mit einer Auswahl an Gerichten, die die mediterrane K\u00fcche mit internationalen Einfl\u00fcssen verbinden; nicht zu vergessen die Spezialit\u00e4ten aus Meeresfr\u00fcchten und frischem Fisch, Gerichte, die die Essenz des Meeres in jedem Bissen einfangen. Was das La Cabane aber wirklich auszeichnet, ist seine exklusive Atmosph\u00e4re: Der Service ist tadellos, das aufmerksame Personal sorgt daf\u00fcr, dass jeder Moment ein besonderer ist. Es ist der ideale Ort f\u00fcr alle, die einen Tag voller Luxus und Entspannung bei einem guten Essen oder einem Cocktail genie\u00dfen m\u00f6chten. Ein weiterer Pluspunkt ist das spektakul\u00e4re D&amp;G-Gesch\u00e4ft, das sich auf dem Gel\u00e4nde befindet.<\/p>\n\n\n\n<ul class=\"wp-block-list\">\n<li>PREIS: \u20ac\u20ac\u20ac\u20ac<\/li>\n\n\n\n<li>STUNDEN: Dienstag bis Sonntag, von 12:00 bis 22:00 Uhr; montags geschlossen. Nur in der Hochsaison ge\u00f6ffnet.<\/li>\n\n\n\n<li><a href=\"https:\/\/www.google.es\/maps\/place\/La+Cabane+Marbella\/@36.500087,-4.8259979,896m\/data=!3m1!1e3!4m15!1m8!3m7!1s0xd73203f04a47a93:0xefad91077af00cf1!2sLa+Cabane+Marbella!8m2!3d36.500087!4d-4.823423!10e1!16s%2Fg%2F1tg3cg22!3m5!1s0xd73203f04a47a93:0xefad91077af00cf1!8m2!3d36.500087!4d-4.823423!16s%2Fg%2F1tg3cg22?entry=ttu\" target=\"_blank\" rel=\"noopener\">ADRESSE<\/a>: C. Jabal\u00ed, 29603 Marbella, M\u00e1laga<\/li>\n\n\n\n<li>TELEFON: +34 951 55 22 16<\/li>\n<\/ul>\n\n\n\n<h4 class=\"wp-block-heading\">Playa del Alicate<\/h4>\n\n\n\n<p class=\"undefined\">Der Strand von Alicate liegt zwar in der Zone Las Chapas, zeichnet sich aber durch seine N\u00e4he zu <strong>Bah\u00eda de Marbella<\/strong> aus, da beide Zonen in <strong>Marbella Este<\/strong> liegen. Wie der Strand <strong>Bah\u00eda de Marbella <\/strong>zeichnet sich auch dieser Strand durch seine vielen Beachclubs und Restaurants am Fu\u00dfe des Strandes aus, von denen wir einige empfehlen!<\/p>\n\n\n\n<h5 class=\"wp-block-heading\"><a href=\"https:\/\/www.lossardinales.com\/\" target=\"_blank\" rel=\"noopener\">Restaurante Los Sardinales<\/a><\/h5>\n\n\n\n<p class=\"undefined\">Stellen Sie sich vor, Sie sitzen auf einer Terrasse direkt am Strand und haben das Meer vor sich. Das ist genau das, was das Restaurant Los Sardinales bietet. Es ist ein Ort, an dem Meeresfr\u00fcchte, Tintenfische und nat\u00fcrlich die Sardinen Espeto, das Hauptgericht, von h\u00f6chster Qualit\u00e4t sind, und zeichnet sich nicht nur durch seine Speisekarte mit Fischen aller Art aus, denn auch die Portionen und Preise sind recht gro\u00dfz\u00fcgig. Dar\u00fcber hinaus ist dieses emblematische Restaurant nicht nur f\u00fcr seine K\u00fcche, sondern auch f\u00fcr seine warme und gem\u00fctliche Atmosph\u00e4re in einem traditionellen Speisesaal bekannt.<\/p>\n\n\n\n<p class=\"undefined\">Egal, ob Sie tags\u00fcber ein zwangloses Essen oder abends ein intimes Dinner genie\u00dfen wollen, Sie werden Ihren Besuch nicht bereuen. P.S.: Neben dem Fisch sollten Sie auch die Reisgerichte, die gebratenen Paprikaschoten und die reichhaltigen hausgemachten Desserts probieren.<\/p>\n\n\n\n<figure class=\"wp-caption aligncenter\">\n<picture><source width=\"1480\" srcset=\"https:\/\/media.inmobalia.com\/imgV1\/B98Le8~d7M9pwOKhCJcJLIfglZOtvyX13f98gUEkry2AXpxxwVVUW6beaB1CbHQXGOhTMxPEWoq2vSWoPxT0dWUFVpFov6NwmlNzq3qwzpnpHLdM7rEnUyBY20rxgunzeJwloFQz2RKIU7wThjm3_vfuOhHlmZPYFyHprk6dMa4-.jpg 1480w\" type=\"image\/webp\"><img decoding=\"async\" class=\"img-fluid \" width=\"1480\" src=\"https:\/\/media.inmobalia.com\/imgV1\/B98Le8~d7M9pwOKhH98twCJY8~z6ePCZX6v4ZFfOvduhBdeVCpC563TEl9~Gba~ZsCNLt5CSrqfb7qaISBEVv0QdM3Qn_hAlKIC8Mc2Ykp10cOZWX0cSsbHosAtTHQMMGp7QQHSgUhDYpg2~HPF3Sg--.jpg\"><\/picture>\n<figcaption class=\"wp-caption-text\"><\/figcaption>\n<\/figure>\n\n\n\n<ul class=\"wp-block-list\">\n<li>PREIS: \u20ac\u20ac\u20ac.<\/li>\n\n\n\n<li>STUNDEN: Jeden Tag, von 13:00 bis 22:00 Uhr<\/li>\n\n\n\n<li><a href=\"https:\/\/www.google.es\/maps\/place\/Restaurante+Los+Sardinales\/@36.4994684,-4.822289,17z\/data=!3m1!4b1!4m6!3m5!1s0xd73274fa3e8cfa3:0x1fea11b45c6ff739!8m2!3d36.4994684!4d-4.8197141!16s%2Fg%2F1hhj922zv?entry=ttu\" target=\"_blank\" rel=\"noopener\">ADRESSE<\/a>: Urbanizacion Alicate Playa s\/n, Av. del Gaviero, 29604 Marbella, Malaga; 2,6 km von <strong>Bah\u00eda de Marbella<\/strong> entfernt<\/li>\n\n\n\n<li>LIEFERUNG: Essen - Mitnehmen - Keine Lieferung nach Hause<\/li>\n\n\n\n<li>TELEFON: +34 952 83 70 12<\/li>\n<\/ul>\n\n\n\n<h5 class=\"wp-block-heading\"><a href=\"https:\/\/oyanabeach.com\/\" target=\"_blank\" rel=\"noopener\">Oyana Beach Restaurant<\/a> <\/h5>\n\n\n\n<p class=\"undefined\">Wenn Sie das Oyana betreten, werden Sie von einem eleganten und entspannten Raum begr\u00fc\u00dft, in dem das nat\u00fcrliche Licht die Sch\u00f6nheit der Inneneinrichtung unterstreicht. Die Terrasse, ein wahrer Balkon mit Blick auf das Mittelmeer, ist der perfekte Ort, um exquisite Gerichte zu genie\u00dfen und das Strandleben zu beobachten. Die Speisekarte des Oyana ist eine Entdeckungsreise durch die Aromen des Mittelmeers, mit dem Schwerpunkt auf schmackhaften Grillgerichten, meisterhaft zubereiteten Reisgerichten und allen Arten von Fisch: Tintenfisch, Zitronensardellen, Sardinen, Tintenfisch usw., alles zu einem vern\u00fcnftigen Preis und auch mit glutenfreien Optionen. Wir empfehlen Ihnen, einen <a href=\"https:\/\/oyanabeach.com\/book-now\/\" target=\"_blank\" rel=\"noopener\">Tisch zu reservieren<\/a>.<\/p>\n\n\n\n<figure class=\"wp-caption aligncenter\">\n<picture><source width=\"1480\" srcset=\"https:\/\/media.inmobalia.com\/imgV1\/B98Le8~d7M9pwOKhCJcJLIfglZOtvyX13f98gUEkry2AXpxxwVVUW6beaB1CbHQXGOhTMxPEWoq2vSWoPxT0dWUFVpFov6NwmlNzq3qwzpnpHLdM7rEnUz1JoCczaA92zHZbJjH6aQhb~JPP~2t61hkH01_Wm3a__gjqlA--.jpg 1480w\" type=\"image\/webp\"><img decoding=\"async\" class=\"img-fluid \" width=\"1480\" src=\"https:\/\/media.inmobalia.com\/imgV1\/B98Le8~d7M9pwOKhH98twCJY8~z6ePCZX6v4ZFfOvduhBdeVCpC563TEl9~Gba~ZsCNLt5CSrqfb7qaISBEVv0QdM3Qn_hAlNdSLnEIhLVJPy_3Vj2G2IX_jcme~ovWXyZD9JugMc7VaXXzu.jpg\"><\/picture>\n<figcaption class=\"wp-caption-text\"><\/figcaption>\n<\/figure>\n\n\n\n<ul class=\"wp-block-list\">\n<li>PREIS: \u20ac\u20ac\u20ac.<\/li>\n\n\n\n<li>\u00d6FFNUNGSZEITEN: Jeden Tag, von 11:00 bis 21:00 Uhr<\/li>\n\n\n\n<li><a href=\"http:\/\/google.es\/maps\/place\/Oyana+Beach+Restaurant\/@36.4994385,-4.8206352,17z\/data=!3m1!4b1!4m6!3m5!1s0xd7320ad2a50e571:0xa44b539a5568bc3e!8m2!3d36.4994385!4d-4.8180603!16s%2Fg%2F1tj4jdmj?entry=ttu(opens in a new tab)\" target=\"_blank\" rel=\"noopener\">ADRESSE<\/a>: Urbanizaci\u00f3n las Chapas, s\/n, 29604 Marbella, M\u00e1laga; 2,8 km von <strong>Bah\u00eda de Marbella<\/strong> entfernt<\/li>\n\n\n\n<li>LIEFERUNG: zum Essen - zum Mitnehmen - keine Lieferung nach Hause<\/li>\n\n\n\n<li>TELEFON: +34 621 35 95 85<\/li>\n<\/ul>\n\n\n\n<figure class=\"wp-caption aligncenter\">\n<picture><source width=\"1480\" srcset=\"https:\/\/media.inmobalia.com\/imgV1\/B98Le8~d7M9pwOKhCJcJLIfglZOtvyX13f98gUEkry2AXpxxwVVUW6beaB1CbHQXGOhTMxPEWoq2vSWoPxT0dWUFVpFov6NwmlNzq3qwzpnpHLdM7rEnUz1JoCczaA92zHZbJjH6bkx_oet5zW8C3258Glo7dweO40_ChVHE.jpg 1480w\" type=\"image\/webp\"><img decoding=\"async\" class=\"img-fluid \" width=\"1480\" src=\"https:\/\/media.inmobalia.com\/imgV1\/B98Le8~d7M9pwOKhH98twCJY8~z6ePCZX6v4ZFfOvduhBdeVCpC563TEl9~Gba~ZsCNLt5CSrqfb7qaISBEVv0QdM3Qn_hAlNdSLnEIhLVJPy_3Vj2Gxj1TgWfubdzngAtJirmPfgi2anyI~T5s-.jpg\"><\/picture>\n<figcaption class=\"wp-caption-text\"><\/figcaption>\n<\/figure>\n\n\n\n<h3 class=\"wp-block-heading\">Sport in H\u00fclle und F\u00fclle<\/h3>\n\n\n\n<h4 class=\"wp-block-heading\">Golfpl\u00e4tze, wo man den perfekten Schwung macht<\/h4>\n\n\n\n<p class=\"undefined\">Ein weiterer gro\u00dfer Vorteil von Marbella und insbesondere der Gegend von <strong>Marbella Este<\/strong> ist die gro\u00dfe Anzahl an erstklassigen Golfpl\u00e4tzen, die es hier gibt, weshalb die Costa del Sol auch als Costa del Golf bekannt ist. Im Folgenden stellen wir einige von ihnen vor.<\/p>\n\n\n\n<h5 class=\"wp-block-heading\"><a href=\"https:\/\/www.marbellagolf.com\/\" target=\"_blank\" rel=\"noopener\">Marbella Golf Country Club<\/a><\/h5>\n\n\n\n<p class=\"undefined\">Im Herzen der Costa del Sol und ganz in der N\u00e4he von Costabella gelegen, ist der Marbella Golf Country Club, der von dem ber\u00fchmten Robert Trent Jones entworfen wurde, nur ein Golfplatz, auf dem sich Exklusivit\u00e4t auszahlt und der von Tripadvisor als der beste Golfplatz in ganz Marbella bezeichnet wird. Seine 18 L\u00f6cher, alle mit Blick auf das weite Meer, bieten ein Golferlebnis, das sowohl die technischen als auch die strategischen F\u00e4higkeiten des Spielers herausfordert. Die ersten 9 L\u00f6cher mit ihren schmalen Pfaden und verschiedenen Steigungen erfordern eine sorgf\u00e4ltige Planung und die richtige Wahl des Schl\u00e4gers; die zweiten 9 L\u00f6cher sind dagegen zug\u00e4nglicher und offener, ideal f\u00fcr Anf\u00e4nger. <\/p>\n\n\n\n<figure class=\"wp-caption is-resized\">\n<picture><source width=\"1480\" srcset=\"https:\/\/media.inmobalia.com\/imgV1\/B98Le8~d7M9pwOKhCJcJLIfglZOtvyX13f98gUEkry2AXpxxwVVUW6beaB1CbHQXGOhTMxPEWoq2vSWoPxT0dWUFVpFov6NwmlNzq3qwzpnpHLdM7rEnUz9Q1ukmbK_l0BbjQdRj1uxJJTB~quG~pHPum6~zxkB0Yy_58vOfXpABUQ--.jpg 1480w\" type=\"image\/webp\"><img decoding=\"async\" class=\"img-fluid is-resized\" width=\"1480\" src=\"https:\/\/media.inmobalia.com\/imgV1\/B98Le8~d7M9pwOKhH98twCJY8~z6ePCZX6v4ZFfOvduhBdeVCpC563TEl9~Gba~ZsCNLt5CSrqfb7qaISBEVv0QdM3Qn_hAlNygto~s8nlgL~9jQ_2cBUOHyvrNv8Q6M7vQB3H4I5Jsod7X3BsWMiwTF.jpg\"><\/picture>\n<figcaption class=\"wp-caption-text\"><\/figcaption>\n<\/figure>\n\n\n\n<figure class=\"wp-caption aligncenter\">\n<picture><source width=\"1480\" srcset=\"https:\/\/media.inmobalia.com\/imgV1\/B98Le8~d7M9pwOKhCJcJLIfglZOtvyX13f98gUEkry2AXpxxwVVUW6beaB1CbHQXGOhTMxPEWoq2vSWoPxT0dWUFVpFov6NwmlNzq3qwzpnpHLdM7rEnUz9Q1ukmbK_l0BbjQdRj1uxJJTB~quG~pHPum6zlXOpiKFMjPZnj44Y-.jpg 1480w\" type=\"image\/webp\"><img decoding=\"async\" class=\"img-fluid \" width=\"1480\" src=\"https:\/\/media.inmobalia.com\/imgV1\/B98Le8~d7M9pwOKhH98twCJY8~z6ePCZX6v4ZFfOvduhBdeVCpC563TEl9~Gba~ZsCNLt5CSrqfb7qaISBEVv0QdM3Qn_hAlNygto~s8nlgL~9jQ_2cBUOHyvrNv8Q6M7vQB30KMxKWbwu9uTx62Lw--.jpg\"><\/picture>\n<figcaption class=\"wp-caption-text\"><\/figcaption>\n<\/figure>\n\n\n\n<p class=\"undefined\">Au\u00dferdem bietet das sch\u00f6ne Clubhaus eine gem\u00fctliche Atmosph\u00e4re mit einer Terrasse, von der aus Sie nach dem Spiel einen Aperitif genie\u00dfen k\u00f6nnen. Als ob das nicht genug w\u00e4re, beherbergt die Anlage auch noch das anspruchsvolle <strong>Restaurant: El Olivo<\/strong>, das seine G\u00e4ste mit einem Men\u00fc der Haute Cuisine zu verw\u00f6hnen verspricht.<\/p>\n\n\n\n<figure class=\"wp-caption aligncenter\">\n<picture><source width=\"1480\" srcset=\"https:\/\/media.inmobalia.com\/imgV1\/B98Le8~d7M9pwOKhCJcJLIfglZOtvyX13f98gUEkry2AXpxxwVVUW6beaB1CbHQXGOhTMxPEWoq2vSWoPxT0dWUFVpFov6NwmlNzq3qwzpnpHLdM7rEnUzdlqDpo1F~ieslR3~TJasPevJe0nS8-.jpg 1480w\" type=\"image\/webp\"><img decoding=\"async\" class=\"img-fluid \" width=\"1480\" src=\"https:\/\/media.inmobalia.com\/imgV1\/B98Le8~d7M9pwOKhH98twCJY8~z6ePCZX6v4ZFfOvduhBdeVCpC563TEl9~Gba~ZsCNLt5CSrqfb7qaISBEVv0QdM3Qn_hAlP2RaDjLM2jbrxyjyxZMU2efls~3dow--.jpg\"><\/picture>\n<figcaption class=\"wp-caption-text\"><\/figcaption>\n<\/figure>\n\n\n\n<ul class=\"wp-block-list\">\n<li>STUNDEN: Jeden Tag von 7.30 bis 20.30 Uhr.<\/li>\n\n\n\n<li><a href=\"http:\/\/google.com\/maps\/place\/Marbella+Golf+Country+Club\/@36.5133186,-4.8128807,17z\/data=!4m6!3m5!1s0xd732754e61ab541:0x695c8db49e5e66fd!8m2!3d36.5133186!4d-4.8128807!16s%2Fg%2F1tfdftsk?entry=ttu(opens in a new tab)\" target=\"_blank\" rel=\"noopener\">ADRESSE<\/a>: N-340, Km.188, 29604 Marbella, M\u00e1laga; 2,5 km von <strong>Bah\u00eda de Marbella<\/strong> entfernt<\/li>\n\n\n\n<li>TELEFON: +34 952 83 05 00<\/li>\n<\/ul>\n\n\n\n<h5 class=\"wp-block-heading\"><a href=\"https:\/\/rioreal.com\/en\/golf\/\" target=\"_blank\" rel=\"noopener\">R\u00edo Real Golf Marbella<\/a>&nbsp;<\/h5>\n\n\n\n<p class=\"undefined\">Dieser prestigetr\u00e4chtige Platz, der vom spanischen Golfverband als einer der besten Golfpl\u00e4tze Spaniens und von seinen Stammkunden als einer der sch\u00f6nsten an der Costa del Sol angesehen wird, wurde von dem legend\u00e4ren Javier Arana entworfen und ist f\u00fcr seine elegante Integration in die mediterrane Landschaft bekannt und bietet ein einzigartiges Golferlebnis an der Costa del Sol. Wenn Sie auf dem Rio Real spielen, tauchen Sie in eine Umgebung ein, in der jedes der 18 L\u00f6cher, die alle den Rio Real \u00fcberblicken - daher der Name des Clubs -, eine neue Herausforderung darstellt, die technische Schwierigkeiten mit spektakul\u00e4ren Ausblicken verbindet. <\/p>\n\n\n\n<p class=\"undefined\">Die Fairways erstrecken sich zwischen B\u00e4umen und Seen, was ein interessantes Spiel f\u00fcr Golfer aller Spielst\u00e4rken erm\u00f6glicht. Und die Meeresbrise ist immer pr\u00e4sent. Rio Real Golf ist aber nicht nur ein Ort zum Spielen. Das Clubhaus ist ein Ort der Begegnung und der Entspannung, wo Sie eine Mahlzeit, einen Snack oder einen guten Kaffee im Restaurant El Club Restaurant genie\u00dfen k\u00f6nnen, entweder drinnen oder auf der Terrasse mit Panoramablick auf den Platz. Reservieren Sie hier!<\/p>\n\n\n\n<ul class=\"wp-block-list\">\n<li>STUNDEN: Jeden Tag von 8:00 bis 22:00 Uhr.<\/li>\n\n\n\n<li><a href=\"http:\/\/google.es\/maps\/place\/R\u00edo+Real+Golf+Marbella\/@36.5122303,-4.8471165,17z\/data=!3m1!4b1!4m6!3m5!1s0xd72d9995f014033:0xbb2998308c1e80e3!8m2!3d36.5122303!4d-4.8445416!16s%2Fg%2F11hf83gdms?entry=ttu(opens in a new tab)\" target=\"_blank\" rel=\"noopener\">ADRESSE<\/a>: Urb. Golf Rio Real, s\/n, 29603 Marbella, Malaga; 2,4 km von <strong>Bah\u00eda de Marbella<\/strong> entfernt<\/li>\n\n\n\n<li>TELEFON: +34 952 76 57 33<\/li>\n<\/ul>\n\n\n\n<h4 class=\"wp-block-heading\">F\u00fcr Ballliebhaber<\/h4>\n\n\n\n<h5 class=\"wp-block-heading\"><a href=\"https:\/\/marbellarugby.com\/\" target=\"_blank\" rel=\"noopener\">Marbella Rugby Club<\/a><\/h5>\n\n\n\n<p class=\"undefined\">Fu\u00dfballpl\u00e4tze sind in Spanien weit verbreitet, aber wenn Marbella sich durch etwas auszeichnet, dann ist es das Wissen, wie man einen Unterschied macht. Aus diesem Grund m\u00f6chten wir Ihnen in diesem Reisef\u00fchrer den Marbella Rugby Club empfehlen, einen Rugby-Club, der sich direkt im Vorort <strong>Bah\u00eda de Marbella<\/strong> befindet und von vielen Fans und Spielern als einer der herausragendsten Rugby-Clubs Spaniens und einer der sch\u00f6nsten an der Costa del Sol angesehen wird. Die gro\u00dfz\u00fcgigen, sorgf\u00e4ltig gepflegten Spielfelder bieten den perfekten Rahmen f\u00fcr Spieler aller Alters- und Leistungsklassen, und es besteht die M\u00f6glichkeit, an Rugby-Trainingsstunden teilzunehmen. <\/p>\n\n\n\n<p class=\"undefined\">F\u00fcr diejenigen, die das Spiel lieber bei einem Kaffee genie\u00dfen m\u00f6chten, gibt es eine \u00fcberdachte Bar, in der man das Geschehen in entspannter Atmosph\u00e4re verfolgen kann, und ein Buffet. Die Philosophie des Clubs ist es, durch Rugby Werte zu vermitteln, die \u00fcber den reinen Sport hinausgehen.<\/p>\n\n\n\n<ul class=\"wp-block-list\">\n<li>STUNDEN: Montag bis Donnerstag, von 18:00 bis 21:30 Uhr; samstags, von 11:00 bis 16:30 Uhr; sonntags, von 10:00 bis 14:00 Uhr.<\/li>\n\n\n\n<li><a href=\"http:\/\/google.es\/maps\/place\/Marbella+Rugby+Club\/@36.5065985,-4.8372084,17z\/data=!3m1!4b1!4m6!3m5!1s0xd7320af67da724d:0x3869eddddf47b39!8m2!3d36.5065985!4d-4.8346335!16s%2Fg%2F11bwm4k1vs?entry=ttu(opens in a new tab)\" target=\"_blank\" rel=\"noopener\">ADRESSE<\/a>: C. de los Cipreses, s\/n, 29603 Marbella, M\u00e1laga; 5,2 km von<strong> Bah\u00eda de Marbella<\/strong> entfernt<\/li>\n\n\n\n<li>TELEFON: +34 666 42 36 78<\/li>\n<\/ul>\n\n\n\n<h4 class=\"wp-block-heading\">Mehr als nur Fitnessstudios, Fitness-Tempel<\/h4>\n\n\n\n<h5 class=\"wp-block-heading\"><a href=\"https:\/\/royaltennisclub.com\/\" target=\"_blank\" rel=\"noopener\">Royal Tennis Club Marbella<\/a><\/h5>\n\n\n\n<p class=\"undefined\">Der Royal Tennis Club de Marbella, eine angesehene Sportenklave, die nur 1,6 km vom Strand <strong>Bah\u00eda de Marbella<\/strong> entfernt liegt, ist f\u00fcr seine au\u00dfergew\u00f6hnlichen Einrichtungen bekannt. Der Ruf des Clubs beruht in erster Linie auf seinen neun Tennispl\u00e4tzen, die aus acht Sandpl\u00e4tzen im Freien und einem Hartplatz bestehen und alle mit modernsten Beleuchtungssystemen f\u00fcr das Spielen bei Nacht ausgestattet sind. Der Club bietet das ganze Jahr \u00fcber Tennisunterricht f\u00fcr Kinder und Erwachsene an, der von hochqualifizierten Trainern durchgef\u00fchrt wird.<\/p>\n\n\n\n<p class=\"undefined\">Trotz seines Namens ist dieser Club nicht nur auf Tennis beschr\u00e4nkt. Er bietet ein breites Spektrum an Aktivit\u00e4ten. Im Inneren des Clubs finden Sie zwei Paddle-Pl\u00e4tze aus Glas, die auch mit einer hochwertigen Beleuchtung f\u00fcr abendliche Spiele ausgestattet sind, sowie M\u00f6glichkeiten f\u00fcr Einzel- und Gruppenunterricht. Der Club verf\u00fcgt \u00fcber ein beeindruckendes Au\u00dfenschwimmbecken mit einer L\u00e4nge von 25 Metern und einer Breite von 10 Metern, das sich hervorragend zum Abk\u00fchlen oder f\u00fcr Schwimm\u00fcbungen eignet. Es werden Schwimmkurse f\u00fcr alle Altersgruppen angeboten, einschlie\u00dflich gef\u00fchrter Kurse im Sommer.<\/p>\n\n\n\n<p class=\"undefined\">Tischtennisbegeisterten stehen vier professionelle Tische zur Verf\u00fcgung, die ideal f\u00fcr freundschaftliche Wettk\u00e4mpfe oder Gruppenunterricht sind. F\u00fcr diejenigen, die an Fitnessger\u00e4ten interessiert sind, bietet der Club den <strong>GYM Royal Tennis Club<\/strong>, der mit modernsten Ger\u00e4ten ausgestattet ist. Hier wird das Gewicht an den Ger\u00e4ten nicht durch herk\u00f6mmliche Gewichte bestimmt, sondern durch den Trainer, der den Widerstand auf die k\u00f6rperliche Verfassung und die Fitnessziele jedes Einzelnen abstimmt. Das Fitnessstudio bietet auch verschiedene Kurse an, darunter Power Toning, Stretching, Body Sculpting und Aerobic.<\/p>\n\n\n\n<figure class=\"wp-caption aligncenter\">\n<picture><source width=\"1480\" srcset=\"https:\/\/media.inmobalia.com\/imgV1\/B98Le8~d7M9pwOKhCJcJLIfglZOtvyX13f98gUEkry2AXpxxwVVUW6beaB1CbHQXGOhTMxPEWoq2vSWoPxT0dWUFVpFov6NwmlNzq3qwzpnpHLdM7rElqf_4SdhyqTQboZOp5pGFNUtP0PZHIeMS1KcPi4GrTw0-.jpg 1480w\" type=\"image\/webp\"><img decoding=\"async\" class=\"img-fluid \" width=\"1480\" src=\"https:\/\/media.inmobalia.com\/imgV1\/B98Le8~d7M9pwOKhH98twCJY8~z6ePCZX6v4ZFfOvduhBdeVCpC563TEl9~Gba~ZsCNLt5CSrqfb7qaISBEVv0QdM3Qn_hKW3zaXokMV7bmGgEyNXp_xbo5bwKEgQoLgFx5iMVN0aA--.jpg\"><\/picture>\n<figcaption class=\"wp-caption-text\"><\/figcaption>\n<\/figure>\n\n\n\n<p class=\"undefined\">Als perfekter Abschluss eines Tages oder Vormittags voller Aktivit\u00e4ten l\u00e4dt das <strong>Restaurante La Veranda Verde<\/strong> zu einem ausgezeichneten Fr\u00fchst\u00fcck ein und bietet nach dem Training immer eine Auswahl an erfrischenden S\u00e4ften. Dar\u00fcber hinaus ist dieses Restaurant die ideale Wahl f\u00fcr verschiedene Veranstaltungen wie Gesch\u00e4ftsessen, Bankette, Hochzeiten, Kinderpartys oder jede Art von Feier. Es bietet ein umfangreiches Unterhaltungsprogramm mit Flamenco-T\u00e4nzern, Ballettvorf\u00fchrungen, Live-Musik, Zauberern, Kinderanimateuren und sogar Karaoke. Au\u00dferdem k\u00f6nnen Sie Live-\u00dcbertragungen von Fu\u00dfball-, Tennis- und anderen Sportturnieren sehen.<\/p>\n\n\n\n<p class=\"undefined\">Zusammenfassend l\u00e4sst sich sagen, dass im Royal Tennis Club die Leidenschaft f\u00fcr den Sport und das Vergn\u00fcgen am feinen Essen nahtlos zu einer perfekten Harmonie verschmelzen.<\/p>\n\n\n\n<ul class=\"wp-block-list\">\n<li>STUNDEN: T\u00e4glich, 8:00 bis 22:00 Uhr.<\/li>\n\n\n\n<li><a href=\"http:\/\/google.es\/maps\/place\/Royal+Tennis+Club+Marbella\/@36.5045621,-4.8106809,17z\/data=!3m2!4b1!5s0xd7320ad0046c317:0x6e83c7028da1119!4m9!3m8!1s0xd7320ada86c63d5:0x429229707ec64d5!5m2!4m1!1i2!8m2!3d36.5045578!4d-4.808106!16s%2Fg%2F124yn5z69?entry=ttu(opens in a new tab)\" target=\"_blank\" rel=\"noopener\">ADRESSE<\/a>: Carretera CADIZ (ELVIRIA), 188, BAJO, 29604 Marbella, M\u00e1laga<\/li>\n\n\n\n<li>TELEFON: +34 687 66 50 84<\/li>\n<\/ul>\n\n\n\n<h2 class=\"wp-block-heading\"><span class=\"ez-toc-section\" id=\"Bahia_de_Marbella_macht_es_Ihnen_leicht_die_am_besten_zugaenglichen_Tools\"><\/span>Bah\u00eda de Marbella macht es Ihnen leicht: die am besten zug\u00e4nglichen Tools<span class=\"ez-toc-section-end\"><\/span><\/h2>\n\n\n\n<p class=\"undefined\"><strong>Bah\u00eda de Marbella<\/strong> ist nicht nur f\u00fcr seine atemberaubenden Str\u00e4nde mit zahlreichen Beachclubs, Restaurants und Golfpl\u00e4tzen bekannt, sondern auch f\u00fcr die F\u00fclle und Qualit\u00e4t seiner wichtigen Dienstleistungen. Von Superm\u00e4rkten mit frischen, qualitativ hochwertigen Produkten \u00fcber Apotheken, die sowohl Einwohner als auch Besucher effizient versorgen, bis hin zu hochmodernen Gesundheitszentren und Krankenh\u00e4usern hat dieses Gebiet erhebliche Anstrengungen unternommen, um sicherzustellen, dass alle grundlegenden und medizinischen Bed\u00fcrfnisse der Bev\u00f6lkerung erf\u00fcllt werden. Wir sind der Meinung, dass ihr dies in bewundernswerter Weise gelungen ist.<\/p>\n\n\n\n<h3 class=\"wp-block-heading\">Wo zu kaufen<\/h3>\n\n\n\n<h4 class=\"wp-block-heading\"><a href=\"https:\/\/www.aldi.es\/\" target=\"_blank\" rel=\"noopener\">ALDI<\/a><\/h4>\n\n\n\n<p class=\"undefined\">ALDI ist einer der n\u00e4chstgelegenen Superm\u00e4rkte, da er nur 350 m von <strong>Bah\u00eda de Marbella <\/strong>entfernt ist. Ein Supermarkt mit einer gro\u00dfen Auswahl an Lebensmitteln, Fleisch und Milchprodukten sowie generell vielen Rabatten. Nach Aussage der meisten Stammkunden bieten sie gute Preise und qualitativ hochwertige Produkte. Ein Parkplatz ist immer vorhanden, so dass Sie Ihr Auto stehen lassen k\u00f6nnen, w\u00e4hrend Sie einkaufen.<\/p>\n\n\n\n<figure class=\"wp-caption aligncenter\">\n<picture><source width=\"1480\" srcset=\"https:\/\/media.inmobalia.com\/imgV1\/B98Le8~d7M9pwOKhCJcJLIfglZOtvyX13f98gUEkry2AXpxxwVVUW6beaB1CbHQXGOhTMxPEWoq2vSWoPxT0dWUFVpFov6NwmlNzq3qwzpnpHLdM7rEnUzNeJY_VJ2kouYpq4oUX8WKLrSIr.jpg 1480w\" type=\"image\/webp\"><img decoding=\"async\" class=\"img-fluid \" width=\"1480\" src=\"https:\/\/media.inmobalia.com\/imgV1\/B98Le8~d7M9pwOKhH98twCJY8~z6ePCZX6v4ZFfOvduhBdeVCpC563TEl9~Gba~ZsCNLt5CSrqfb7qaISBEVv0QdM3Qn_hAlO5CIa~fjzY0CfwnuhWPSTkDmxFU-.jpg\"><\/picture>\n<figcaption class=\"wp-caption-text\"><\/figcaption>\n<\/figure>\n\n\n\n<ul class=\"wp-block-list\">\n<li>\u00d6FFNUNGSZEITEN: Jeden Tag, von 9:00 bis 21:30 Uhr<\/li>\n\n\n\n<li><a href=\"http:\/\/google.es\/maps\/place\/ALDI\/@36.508298,-4.8328765,17z\/data=!3m1!4b1!4m6!3m5!1s0xd7327580edab4eb:0xdfd7a5382f811d6d!8m2!3d36.508298!4d-4.8328765!16s%2Fg%2F11c20t0zn6?entry=ttu(opens in a new tab)\" target=\"_blank\" rel=\"noopener\">ADRESSE<\/a>: Rotonda Golf Santa Clara, C. Bogey, 29603 Marbella, M\u00e1laga<\/li>\n\n\n\n<li>TELEFON: +34 900 90 24 66<\/li>\n<\/ul>\n\n\n\n<h4 class=\"wp-block-heading\"><a href=\"https:\/\/www.supercor.es\/\" target=\"_blank\" rel=\"noopener\">Supercor Expr\u00e9s<\/a><\/h4>\n\n\n\n<p class=\"undefined\">Wenn Sie in einer unserer Top-Villen wohnen und Ihre Zeit dort optimal nutzen m\u00f6chten, verstehen wir das sehr gut. Deshalb empfehlen wir Ihnen den Supercor Expr\u00e9s, nicht nur wegen seiner N\u00e4he zur <strong>Bah\u00eda de Marbella<\/strong>, sondern auch wegen seines breiten Angebots an Lebensmitteln, B\u00e4ckerei, Apotheke, Parf\u00fcmerie, Kiosk, Freizeitartikeln und Geschenken. Au\u00dferdem bietet dieser Supermarkt den gro\u00dfen Vorteil, dass er jeden Tag, auch sonntags, 18 Stunden lang ge\u00f6ffnet ist, da er erst um 1:00 Uhr morgens schlie\u00dft. Bequeme Parkpl\u00e4tze auf der Stra\u00dfe sind vorhanden.<\/p>\n\n\n\n<ul class=\"wp-block-list\">\n<li>STUNDEN: T\u00e4glich, 7:00 bis 13:00 Uhr.<\/li>\n\n\n\n<li><a href=\"http:\/\/google.es\/maps\/place\/Supercor+Expres\/@36.5204861,-4.9140857,13z\/data=!4m10!1m2!2m1!1sSupercor+Expres!3m6!1s0xd7320ba9a1522a9:0xdd236f79d102955c!8m2!3d36.500576!4d-4.800632!15sCg9TdXBlcmNvciBFeHByZXMiA4gBAVoRIg9zdXBlcmNvciBleHByZXOSAQtzdXBlcm1hcmtldOABAA!16s%2Fg%2F11b6n_l50h?entry=ttu(opens in a new tab)\" target=\"_blank\" rel=\"noopener\">ADRESSE<\/a>: Nac.340, km 189, 29604 Marbella, M\u00e1laga; 550 m, 8 Minuten zu Fu\u00df.<\/li>\n\n\n\n<li>LIEFERUNG: Keine Lieferung nach Hause, nur im Gesch\u00e4ft<\/li>\n\n\n\n<li>TELEFON: +34 952 83 95 72<\/li>\n<\/ul>\n\n\n\n<h4 class=\"wp-block-heading\"><a href=\"https:\/\/www.carrefour.es\/tiendas-carrefour\/supermercados\/carrefour-market\/el-rosario-marbella-s.aspx\" target=\"_blank\" rel=\"noopener\">Carrefour Market<\/a><\/h4>\n\n\n\n<p class=\"undefined\">Ganz in der N\u00e4he von Mama's Bakery befindet sich, wie bereits erw\u00e4hnt, ein Carrefour Market. In diesem Gesch\u00e4ft finden Sie sowohl Lebensmittel als auch eine gro\u00dfe Auswahl an Hygiene- und Reinigungsprodukten zu g\u00fcnstigen Preisen. Ganz gleich, ob Sie sich f\u00fcr eine Langzeitmiete entscheiden oder einfach nur ein vielf\u00e4ltiges Angebot vorziehen, der Carrefour Market von Costabella bietet Ihnen ein umfassendes Einkaufserlebnis.<\/p>\n\n\n\n<ul class=\"wp-block-list\">\n<li>STUNDEN: Montag bis Samstag, 9:00 bis 21:30 Uhr; Sonntags geschlossen.<\/li>\n\n\n\n<li><a href=\"http:\/\/google.es\/maps\/place\/Carrefour+Market\/@36.5044021,-4.8285565,15z\/data=!4m10!1m2!2m1!1sCarrefour+Market,+Autov\u00eda+del+Mediterr\u00e1neo,+Km.+188,+29603+Marbella,+M\u00e1laga!3m6!1s0xd7320ad21519a1d:0x11ca4bf7d2133bc2!8m2!3d36.5044021!4d-4.8095021!15sCk5DYXJyZWZvdXIgTWFya2V0LCBBdXRvdsOtYSBkZWwgTWVkaXRlcnLDoW5lbywgS20uIDE4OCwgMjk2MDMgTWFyYmVsbGEsIE3DoWxhZ2EiA4gBAVpLIkljYXJyZWZvdXIgbWFya2V0IGF1dG92w61hIGRlbCBtZWRpdGVycsOhbmVvIGttIDE4OCAyOTYwMyBtYXJiZWxsYSBtw6FsYWdhkgELc3VwZXJtYXJrZXTgAQA!16s%2Fg%2F1q2wc6jrz?entry=ttu(opens in a new tab)\" target=\"_blank\" rel=\"noopener\">ADRESSE<\/a>: Autov\u00eda del Mediterr\u00e1neo, Km. 188, 29603 Marbella, M\u00e1laga; 1,2 km, 16 Minuten zu Fu\u00df.<\/li>\n\n\n\n<li>LIEFERUNG: Ja, mehr Informationen \u00fcber die Lieferung nach Hause, so dass Sie nirgendwo hingehen m\u00fcssen und einfach nur genie\u00dfen k\u00f6nnen.<\/li>\n\n\n\n<li>TELEFON: +34 665 28 00 25<\/li>\n<\/ul>\n\n\n\n<h3 class=\"wp-block-heading\">Gesundheit ist eine Priorit\u00e4t f\u00fcr Ihr Wohlbefinden<\/h3>\n\n\n\n<h4 class=\"wp-block-heading\"><a href=\"https:\/\/farmaciapinomar.es\/\" target=\"_blank\" rel=\"noopener\">Farmacia Pinomar<\/a><\/h4>\n\n\n\n<p class=\"undefined\">Die Farmacia Pinomar, die strategisch g\u00fcnstig in der N\u00e4he von Costabella liegt, ist zu einer wichtigen Anlaufstelle f\u00fcr die Bev\u00f6lkerung in diesem Gebiet geworden. Sie bietet nicht nur Medikamente, sondern auch professionelle und pers\u00f6nliche Beratung, um das Wohlbefinden ihrer Kunden zu gew\u00e4hrleisten.<\/p>\n\n\n\n<figure class=\"wp-caption aligncenter\">\n<picture><source width=\"1480\" srcset=\"https:\/\/media.inmobalia.com\/imgV1\/B98Le8~d7M9pwOKhCJcJLIfglZOtvyX13f98gUEkry2AXpxxwVVUW6beaB1CbHQXGOhTMxPEWoq2vSWoPxT0dWUFVpFov6NwmlNzq3qwzpnpHLdM7rElqesLVsqL3s~EoJvIC~meblwnEhNlZmsDJsnHjYM~Bw--.jpg 1480w\" type=\"image\/webp\"><img decoding=\"async\" class=\"img-fluid \" width=\"1480\" src=\"https:\/\/media.inmobalia.com\/imgV1\/B98Le8~d7M9pwOKhH98twCJY8~z6ePCZX6v4ZFfOvduhBdeVCpC563TEl9~Gba~ZsCNLt5CSrqfb7qaISBEVv0QdM3Qn_hKWy6QbsrR7UuKhAbtQbsbV6cZsZWPJiHoda5_KLpEN.jpg\"><\/picture>\n<figcaption class=\"wp-caption-text\"><\/figcaption>\n<\/figure>\n\n\n\n<ul class=\"wp-block-list\">\n<li>STUNDEN: Montag bis Freitag, 9.30 bis 20.30 Uhr, und samstags, 9.30 bis 13.30 Uhr; sonntags geschlossen.<\/li>\n\n\n\n<li><a href=\"http:\/\/google.es\/maps\/place\/Farmacia+Pinomar\/@36.5003087,-4.7991604,17z\/data=!3m1!4b1!4m6!3m5!1s0xd7320b6d6c9666f:0x324df94acc91f03e!8m2!3d36.5003087!4d-4.7991604!16s%2Fg%2F1q5bmwp1w?entry=ttu(opens in a new tab)\" target=\"_blank\" rel=\"noopener\">ADRESSE<\/a>: Carretera National N-340 Urbanizaci\u00f3n Pinomar - Junto Gasolinera Repsol. Km 189, 29601 Marbella, M\u00e1laga; 700 m, 10 Minuten zu Fu\u00df.<\/li>\n\n\n\n<li>LIEFERUNG: Ja, mehr Informationen \u00fcber die Lieferung nach Hause, so dass Sie nirgendwo hingehen m\u00fcssen und einfach nur genie\u00dfen k\u00f6nnen.<\/li>\n\n\n\n<li>TELEFON: +34 952 83 10 44<\/li>\n<\/ul>\n\n\n\n<figure class=\"wp-caption aligncenter\">\n<picture><source width=\"1480\" srcset=\"https:\/\/media.inmobalia.com\/imgV1\/B98Le8~d7M9pwOKhCJcJLIfglZOtvyX13f98gUEkry2AXpxxwVVUW6beaB1CbHQXGOhTMxPEWoq2vSWoPxT0dWUFVpFov6NwmlNzq3qwzpnpHLdM7rElqesLVsqL3s~EoJvIC~meblwnEXniWE6NWSbzZAgdSKBg.jpg 1480w\" type=\"image\/webp\"><img decoding=\"async\" class=\"img-fluid \" width=\"1480\" src=\"https:\/\/media.inmobalia.com\/imgV1\/B98Le8~d7M9pwOKhH98twCJY8~z6ePCZX6v4ZFfOvduhBdeVCpC563TEl9~Gba~ZsCNLt5CSrqfb7qaISBEVv0QdM3Qn_hKWy6QbsrR7UuKhAbtQbsbV6cZvxhozY5woyRcZYL~S4jk-.jpg\"><\/picture>\n<figcaption class=\"wp-caption-text\"><\/figcaption>\n<\/figure>\n\n\n\n<h4 class=\"wp-block-heading\">Farmacia Artola<\/h4>\n\n\n\n<p class=\"undefined\">Die Farmacia Artola liegt zwar etwas weiter von Costabella entfernt, ist aber dennoch bequem mit dem Auto zu erreichen und hat den gro\u00dfen Vorteil, dass sie 24 Stunden am Tag, 7 Tage die Woche ge\u00f6ffnet ist. Dieses Gesch\u00e4ft zeichnet sich nicht nur durch seine gro\u00dfe Auswahl an Produkten zu wettbewerbsf\u00e4higen Preisen aus, sondern auch durch seinen hervorragenden Kundenservice. Wann immer ein Rat ben\u00f6tigt wird, stehen ein oder zwei Apotheker zur Verf\u00fcgung, um L\u00f6sungen zu bieten und sogar grundlegende tiermedizinische Fragen zu beantworten.<\/p>\n\n\n\n<figure class=\"wp-caption aligncenter\">\n<picture><source width=\"1480\" srcset=\"https:\/\/media.inmobalia.com\/imgV1\/B98Le8~d7M9pwOKhCJcJLIfglZOtvyX13f98gUEkry2AXpxxwVVUW6beaB1CbHQXGOhTMxPEWoq2vSWoPxT0dWUFVpFov6NwmlNzq3qwzpnpHLdM7rElqesLVsqL3s~EoIojRpE8Y6PifIHOjLFxGEB4aVbx.jpg 1480w\" type=\"image\/webp\"><img decoding=\"async\" class=\"img-fluid \" width=\"1480\" src=\"https:\/\/media.inmobalia.com\/imgV1\/B98Le8~d7M9pwOKhH98twCJY8~z6ePCZX6v4ZFfOvduhBdeVCpC563TEl9~Gba~ZsCNLt5CSrqfb7qaISBEVv0QdM3Qn_hKWy6QbsrR7UuKhECjHVsEieoCpV41Hf0IpVtV3y7o-.jpg\"><\/picture>\n<figcaption class=\"wp-caption-text\"><\/figcaption>\n<\/figure>\n\n\n\n<ul class=\"wp-block-list\">\n<li>STUNDEN: Jeden Tag, 24 Stunden am Tag.<\/li>\n\n\n\n<li><a href=\"http:\/\/google.es\/maps\/place\/Farmacia+Artola\/@36.4904662,-4.7484106,17z\/data=!3m1!4b1!4m6!3m5!1s0xd73204081dd2de1:0x4a3f52d2b1bc04af!8m2!3d36.4904662!4d-4.7484106!16s%2Fg%2F1hc2lxgbq?entry=ttu(opens in a new tab)\" target=\"_blank\" rel=\"noopener\">ADRESSE<\/a>: km 194.4, N-340, 29604 Marbella, M\u00e1laga, M\u00e1laga; 5,8 km, 7 min zu Fu\u00df.<\/li>\n\n\n\n<li>LIEFERUNG: Ja, mehr Informationen \u00fcber die Lieferung nach Hause, damit Sie nirgendwo hingehen m\u00fcssen und einfach genie\u00dfen k\u00f6nnen.<\/li>\n\n\n\n<li>TELEFON: +34 952 83 25 89<\/li>\n<\/ul>\n\n\n\n<h4 class=\"wp-block-heading\">Medhelp Centro M\u00e9dico El Rosario<\/h4>\n\n\n\n<p class=\"undefined\">Dieses medizinische Zentrum liegt nicht weit von Costabella entfernt, genauer gesagt in El Rosario, und hat sich im gesamten Gebiet von <strong>Marbella Este<\/strong> als Referenz f\u00fcr die medizinische Versorgung etabliert. Wir empfehlen es nicht nur wegen seiner N\u00e4he, sondern auch wegen der Qualit\u00e4t seiner medizinischen Versorgung. Im Medhelp Medical Center El Rosario finden Sie hervorragende Fachleute, die sich f\u00fcr eine erstklassige Versorgung einsetzen und \u00fcber umfangreiche Erfahrungen und Fachkenntnisse in verschiedenen medizinischen Bereichen verf\u00fcgen, von Traumatologie und Neurologie bis hin zu Psychologie, Radiologie und Physiotherapie. Einer der bemerkenswertesten Aspekte dieses Zentrums ist die sorgf\u00e4ltige und pers\u00f6nliche Betreuung, die jedes Teammitglied jedem Patienten zukommen l\u00e4sst. Es werden mehrere private Krankenversicherungen akzeptiert: Sanitas, DKV und Medicat.<\/p>\n\n\n\n<ul class=\"wp-block-list\">\n<li>STUNDEN: Montag bis Freitag, 9:30 bis 14:30 Uhr, zus\u00e4tzlich Montag und Donnerstag, 16:00 bis 20:00 Uhr; samstags und sonntags geschlossen.<\/li>\n\n\n\n<li><a href=\"http:\/\/google.es\/maps\/place\/Medhelp+Centro+Medico+El+Rosario\/@36.5005639,-4.8027731,17z\/data=!3m1!4b1!4m6!3m5!1s0xd732167df6b8ccb:0x238553581e50bb21!8m2!3d36.5005639!4d-4.8001982!16s%2Fg%2F11gmjbbc_9?entry=ttu(opens in a new tab)\" target=\"_blank\" rel=\"noopener\">ADRESSE<\/a>: Centro comercial Andasol Km 187 N-340, Ortsteil 6; 600 m, 8 min zu Fu\u00df.<\/li>\n\n\n\n<li>TELEFON: +34 689 36 73 51<\/li>\n<\/ul>\n\n\n\n<h4 class=\"wp-block-heading\">Hospital Universitario Costa del Sol<\/h4>\n\n\n\n<p class=\"undefined\">Das Universit\u00e4tskrankenhaus der Costa del Sol ist ein \u00f6ffentliches Krankenhaus, das von der Gesundheitsabteilung der andalusischen Regionalregierung verwaltet wird. Es befindet sich etwa 7 km \u00f6stlich der spanischen Stadt Marbella, direkt an der Autobahn A-7, und ist das wichtigste Krankenhaus der Region Costa del Sol. Das Krankenhaus bietet eine breite Palette von Gesundheitsdienstleistungen an, die von der Allgemeinmedizin \u00fcber die Kardiologie und Traumatologie bis hin zu Spezialgebieten wie Onkologie, P\u00e4diatrie und Neurologie reichen. All dies und der Notdienst, der 24 Stunden am Tag und 7 Tage die Woche zur Verf\u00fcgung steht, machen es zu einer Referenz im Gesundheitswesen der K\u00fcstenregion.<\/p>\n\n\n\n<ul class=\"wp-block-list\">\n<li>STUNDEN: Jeden Tag, 24 Stunden am Tag.<\/li>\n\n\n\n<li><a href=\"http:\/\/google.com\/maps\/place\/Hospital+Universitario+Costa+del+Sol\/@36.5079369,-4.9101461,12z\/data=!3m1!5s0xd732763c14f5b17:0xa7d1fb8b17bdc7d9!4m19!1m12!4m11!1m3!2m2!1d-4.8284353!2d36.5079369!1m6!1m2!1s0xd73275e8ce1b8d7:0x726a0fde3896f31f!2sA-7,+Km+187,+29603+Marbella,+M\u00e1laga!2m2!1d-4.827745!2d36.5079652!3m5!1s0xd73275e8ce1b8d7:0x726a0fde3896f31f!8m2!3d36.5079652!4d-4.827745!16s%2Fg%2F120t9g2r?entry=ttu(opens in a new tab)\" target=\"_blank\" rel=\"noopener\">ADRESSE<\/a>: A-7, Km 187, 29603 Marbella, M\u00e1laga; 3,5 km, 6 Minuten zu Fu\u00df.<\/li>\n\n\n\n<li>TELEFON: +34 951 97 66 69<\/li>\n<\/ul>\n\n\n\n<h4 class=\"wp-block-heading\"><a href=\"https:\/\/www.quironsalud.com\/marbella\" target=\"_blank\" rel=\"noopener\">Hospital Quir\u00f3nsalud Marbella <\/a><\/h4>\n\n\n\n<p class=\"undefined\">Das Hospital Quir\u00f3nsalud Marbella ist ein renommiertes privates Gesundheitszentrum im Herzen von Marbella. Es blickt auf eine \u00fcber 46-j\u00e4hrige Geschichte zur\u00fcck und geh\u00f6rt zur renommierten Quir\u00f3nsalud-Gruppe, einem f\u00fchrenden Unternehmen im Gesundheitswesen in Spanien. Es ist daf\u00fcr bekannt, dass es spezialisierte Dienstleistungen sowie fortschrittlichere Behandlungen wie Chirurgie oder Dermatologie anbietet und \u00fcber insgesamt 75 verschiedene klinische Fachgebiete verf\u00fcgt. Mit einem hochqualifizierten \u00c4rzteteam, modernster Technologie und einer soliden Krankenhausinfrastruktur, direkt am Strand gelegen und mit Panoramablick auf das Meer aus den meisten Zimmern, garantiert Quir\u00f3nsalud Marbella eine au\u00dfergew\u00f6hnliche und pers\u00f6nliche medizinische Betreuung. Wir empfehlen, einen Termin online zu <a href=\"https:\/\/www.quironsalud.com\/marbella\/es\/cita-medica?utm_source=google&amp;utm_medium=organic&amp;utm_campaign=cita_gmb\" target=\"_blank\" rel=\"noopener\">vereinbaren<\/a>.<\/p>\n\n\n\n<figure class=\"wp-caption aligncenter\">\n<picture><source width=\"1480\" srcset=\"https:\/\/media.inmobalia.com\/imgV1\/B98Le8~d7M9pwOKhCJcJLIfglZOtvyX13f98gUEkry2AXpxxwVVUW6beaB1CbHQXGOhTMxPEWoq2vSWoPxT0dWUFVpFov6NwmlNzq3qwzpnpHLdM7rElqeWMOJJoNdHmAtObKPd0Jc~XYTWbT6yljAEwU3ugBfF~1Sg-.jpg 1480w\" type=\"image\/webp\"><img decoding=\"async\" class=\"img-fluid \" width=\"1480\" src=\"https:\/\/media.inmobalia.com\/imgV1\/B98Le8~d7M9pwOKhH98twCJY8~z6ePCZX6v4ZFfOvduhBdeVCpC563TEl9~Gba~ZsCNLt5CSrqfb7qaISBEVv0QdM3Qn_hKWxfWzU0cj~0IuhgVOcjbWGrMCeqkar6Bj4nhle2tbDV8ZIw--.jpg\"><\/picture>\n<figcaption class=\"wp-caption-text\"><\/figcaption>\n<\/figure>\n\n\n\n<ul class=\"wp-block-list\">\n<li>STUNDEN: Jeden Tag, 24 Stunden am Tag.<\/li>\n\n\n\n<li><a href=\"http:\/\/google.es\/maps\/place\/Hospital+Quir\u00f3nsalud+Marbella\/@36.5088591,-4.8742155,17z\/data=!3m2!4b1!5s0xd7327f514acd563:0xbae7e7e697729fdd!4m6!3m5!1s0xd7327f56a789fef:0x8d369e1ac3757566!8m2!3d36.5088591!4d-4.8742155!16s%2Fg%2F1tv25hfl?entry=ttu(opens in a new tab)\" target=\"_blank\" rel=\"noopener\">ADRESSE<\/a>: Av. Severo Ochoa, 20, 29603 Marbella, M\u00e1laga; 7,1 km, 10 Minuten zu Fu\u00df.<\/li>\n\n\n\n<li>TELEFON: +34 952 77 42 00<\/li>\n<\/ul>\n\n\n\n<h2 class=\"wp-block-heading\"><span class=\"ez-toc-section\" id=\"Glueckliche_Kinder_sind_eine_glueckliche_Familie\"><\/span>Gl\u00fcckliche Kinder sind eine gl\u00fcckliche Familie<span class=\"ez-toc-section-end\"><\/span><\/h2>\n\n\n\n<h3 class=\"wp-block-heading\">Schulen<\/h3>\n\n\n\n<h4 class=\"wp-block-heading\"><a href=\"https:\/\/attendis.com\/colegios-marbella\/\" target=\"_blank\" rel=\"noopener\">Colegio Biling\u00fce Las Chapas<\/a><\/h4>\n\n\n\n<p class=\"undefined\">Die zweisprachige Schule Las Chapas in der N\u00e4he von Costabella ist eine bekannte private Bildungseinrichtung, die 1985 gegr\u00fcndet wurde. Im Laufe der Jahre hat sie sich als hervorragende Einrichtung erwiesen, die Sch\u00fclern im Alter von 0 bis 18 Jahren eine qualitativ hochwertige Ausbildung bietet. <\/p>\n\n\n\n<p class=\"undefined\">Als Teil der renommierten Attendis Educational Group, die auf eine 50-j\u00e4hrige Geschichte und Erfahrung im Bildungsbereich zur\u00fcckblicken kann, ist Las Chapas nicht nur f\u00fcr seine zweisprachige, spanisch- und englischsprachige akademische Ausbildung und seine individuelle Betreuung bekannt, sondern auch f\u00fcr seine Betonung der Familie im Bildungsprozess, sein Streben nach akademischer Exzellenz und seine wertebasierte Erziehung. Dar\u00fcber hinaus ist es erw\u00e4hnenswert, dass die Schule das International Baccalaureate (IB) Programm verfolgt und f\u00fcr das Primary Years Programme (PYP) zugelassen ist.<\/p>\n\n\n\n<ul class=\"wp-block-list\">\n<li>STUNDEN: Montag bis Freitag, von 8.15 bis 17.00 Uhr; samstags und sonntags geschlossen.<\/li>\n\n\n\n<li><a href=\"http:\/\/google.es\/maps\/place\/Colegio+Biling\u00fce+Las+Chapas\/@36.5034133,-4.8133229,17z\/data=!3m1!4b1!4m6!3m5!1s0xd732752e17d5b8f:0xcf4a9db0342dacd5!8m2!3d36.503409!4d-4.810748!16s%2Fg%2F12qgh_85z?entry=ttu(opens in a new tab)\" target=\"_blank\" rel=\"noopener\">ADRESSE<\/a>: Urb. Hacienda las Chapas, s\/n, 29604 Marbella, M\u00e1laga; 700 m, 10 Minuten zu Fu\u00df.<\/li>\n\n\n\n<li>TELEFON: +34 952 83 16 16<\/li>\n<\/ul>\n\n\n\n<h4 class=\"wp-block-heading\"><a href=\"https:\/\/colegioalboran.es\/en\/\" target=\"_blank\" rel=\"noopener\">Colegio Albor\u00e1n<\/a> <\/h4>\n\n\n\n<p class=\"undefined\">Die Albor\u00e1n-Schule ist eine renommierte private zweisprachige Bildungseinrichtung, die von der Vorschulerziehung bis zum Abitur Unterricht in Englisch und Spanisch anbietet. Die Schule ist stolz auf ihre eigene K\u00fcche, die gesunde Men\u00fcs anbietet und auf Sch\u00fcler mit Allergien oder Unvertr\u00e4glichkeiten eingeht. Au\u00dferdem erweitert die Schule ihr Bildungsangebot durch eine spezielle Abteilung f\u00fcr Beratung und die Ber\u00fccksichtigung von Vielfalt. Es ist erw\u00e4hnenswert, dass die Sch\u00fcler bei den Aufnahmepr\u00fcfungen f\u00fcr die Universit\u00e4t bemerkenswerte Ergebnisse erzielen. <\/p>\n\n\n\n<p class=\"undefined\">Zu den Einrichtungen der Schule geh\u00f6ren ein sch\u00f6ner Spielplatz und ein breites Angebot an au\u00dferschulischen Aktivit\u00e4ten, darunter klassisches Reiten und eine Musikschule. Obwohl sie im Vergleich zur Las Chapas Bilingual School weiter von <strong>Bah\u00eda de Marbella<\/strong> entfernt liegt, kann diese Entfernung leicht mit dem Auto zur\u00fcckgelegt werden.<\/p>\n\n\n\n<figure class=\"wp-caption aligncenter\">\n<picture><source width=\"1480\" srcset=\"https:\/\/media.inmobalia.com\/imgV1\/B98Le8~d7M9pwOKhCJcJLIfglZOtvyX13f98gUEkry2AXpxxwVVUW6beaB1CbHQXGOhTMxPEWoq2vSWoPxT0dWUFVpFov6NwmlNzq3qwzpnpHLdM7rElqe7BbCohs_v335R~na2YDKFsbDGQ2hltR6JwAmRyC83DIM8hBwx3JIzFz8o-.jpg 1480w\" type=\"image\/webp\"><img decoding=\"async\" class=\"img-fluid \" width=\"1480\" src=\"https:\/\/media.inmobalia.com\/imgV1\/B98Le8~d7M9pwOKhH98twCJY8~z6ePCZX6v4ZFfOvduhBdeVCpC563TEl9~Gba~ZsCNLt5CSrqfb7qaISBEVv0QdM3Qn_hKWzoF247ohWIuY3fPhYV0OihnEnIaGREHL5AWz0m_rsTyr84YPdHHn6_YfeA--.jpg\"><\/picture>\n<figcaption class=\"wp-caption-text\"><\/figcaption>\n<\/figure>\n\n\n\n<ul class=\"wp-block-list\">\n<li>STUNDEN: Montag bis Freitag, von 9.30 bis 17.00 Uhr; samstags und sonntags geschlossen.<\/li>\n\n\n\n<li><a href=\"http:\/\/google.es\/maps\/place\/Colegio+Albor\u00e1n\/@36.505496,-4.799169,17z\/data=!3m1!4b1!4m6!3m5!1s0xd7320bb50bc11ff:0xe3da0a2fa45e537e!8m2!3d36.505496!4d-4.799169!16s%2Fg%2F12qg467jr?entry=ttu(opens in a new tab)\" target=\"_blank\" rel=\"noopener\">ADRESSE<\/a>: Urb. Hacienda las Chapas, s\/n, 29604 Marbella, M\u00e1laga; 700 m, 10 Minuten zu Fu\u00df.<\/li>\n\n\n\n<li>TELEFON: +34 952 83 16 16<\/li>\n<\/ul>\n\n\n\n<h4 class=\"wp-block-heading\"><a href=\"https:\/\/www.dsmalaga.com\/es\/inicio\/\" target=\"_blank\" rel=\"noopener\">Colegio Alem\u00e1n de M\u00e1laga<\/a> <\/h4>\n\n\n\n<p class=\"undefined\">M\u00f6chten Sie, dass Ihre Kinder sowohl Spanisch als auch Deutsch beherrschen? Die Deutsche Schule M\u00e1laga ist eine Referenz f\u00fcr zweisprachigen Unterricht in der Region und verleiht der deutschen Sprache das Ansehen, das sie verdient, da sie zu den 20 meistgesprochenen Sprachen der Welt geh\u00f6rt. Diese Einrichtung zeichnet sich nicht nur durch ihr akademisches Angebot aus, das sich an deutschen Standards orientiert, sondern auch durch ihren hochmodernen p\u00e4dagogischen Ansatz. Hochqualifizierte Lehrkr\u00e4fte setzen innovative Methoden wie kulturelles Eintauchen und den Einsatz modernster Technologien ein.<\/p>\n\n\n\n<p class=\"undefined\">Dar\u00fcber hinaus f\u00f6rdert die Schule den kulturellen Austausch und gibt den Sch\u00fclern die M\u00f6glichkeit, die deutsche Sprache in authentischen Kontexten anzuwenden und ihnen eine globale Perspektive zu vermitteln. Und das alles ist nur 15 Autominuten von der <strong>Bah\u00eda de Marbella<\/strong> im Osten Marbellas entfernt.<\/p>\n\n\n\n<ul class=\"wp-block-list\">\n<li>STUNDEN: Montag bis Freitag von 9:00 bis 16:30 Uhr und Freitag von 9:00 bis 15:30 Uhr; samstags und sonntags geschlossen.<\/li>\n\n\n\n<li><a href=\"http:\/\/google.es\/maps\/place\/Colegio+Alem\u00e1n+de+M\u00e1laga\/@36.5296887,-4.7564655,17z\/data=!3m1!4b1!4m6!3m5!1s0xd732062b6c2cf29:0x9a0a3dbeebf8c608!8m2!3d36.5296887!4d-4.7538906!16s%2Fg%2F11btlqhb7y?entry=ttu(opens in a new tab)\" target=\"_blank\" rel=\"noopener\">ADRESSE<\/a>: C. Velazquez, 3, 29612 Oj\u00e9n, M\u00e1laga; 8,8 km, 12 Minuten zu Fu\u00df.<\/li>\n\n\n\n<li>TELEFON: +34 951 04 15 20<\/li>\n<\/ul>\n\n\n\n<h2 class=\"wp-block-heading\"><span class=\"ez-toc-section\" id=\"Lieferung_nach_Hause_damit_Sie_nicht_umziehen_muessen_und_einfach_geniessen_koennen\"><\/span><br>Lieferung nach Hause, damit Sie nicht umziehen m\u00fcssen und einfach genie\u00dfen k\u00f6nnen<span class=\"ez-toc-section-end\"><\/span><\/h2>\n\n\n\n<p class=\"undefined\">Einer der gro\u00dfen Vorteile eines Urlaubs in einem Mietobjekt ist, dass man sich wie zu Hause f\u00fchlt und die unpers\u00f6nliche Atmosph\u00e4re eines Hotelzimmers vermeiden kann. Und wie k\u00f6nnte man dieses Gef\u00fchl noch verst\u00e4rken, wenn man alles, was man braucht, sofort zur Hand hat? Ohne das gemietete Objekt zu verlassen. Im Folgenden finden Sie einige Optionen f\u00fcr die Lieferung nach Hause, die es Ihnen erm\u00f6glichen, das Beste aus Ihren Tagen der Entspannung zu machen und Ihre W\u00fcnsche und Bed\u00fcrfnisse zu befriedigen, ohne dass Sie aus Ihrer H\u00e4ngematte aufstehen oder den Pool verlassen m\u00fcssen.<\/p>\n\n\n\n<ul class=\"wp-block-list\">\n<li><strong><a href=\"https:\/\/glovoapp.com\/es\/es\/?utm_source=google&amp;utm_medium=cpc&amp;utm_campaign=google_search_brandprotection_newusers_ES_Exact_digitalbudget_spanish&amp;utm_campaignid=12168399560&amp;utm_adgroupid=115796730454&amp;utm_term=glovo&amp;utm_matchtype=e&amp;utm_device=c&amp;gclid=CjwKCAjwnOipBhBQEiwACyGLumRyLDhgxwsK3AhYCuVx2s46tO_DNrwBGHXRPAChnPU42QlLg30JexoCRq0QAvD_BwE\" target=\"_blank\" rel=\"noopener\">Glovo<\/a><\/strong>: Glovo ist nicht nur eine unverzichtbare Ressource f\u00fcr alle, die sich leckeres Essen nach Hause liefern lassen m\u00f6chten, sondern hat sein Portfolio auch auf die Lieferung von Arzneimitteln und Lebensmitteln ausgeweitet.<\/li>\n\n\n\n<li><strong><a href=\"https:\/\/www.ubereats.com\/es?utm_source=AdWords_Brand&amp;utm_campaign=CM2225035-search-google-brand_162_-99_ES-National_e_web_acq_cpc_es-ES_T1_Generic_BM_uber%20eats_kwd-111378724137_639006252462_150940917024_b_c&amp;campaign_id=19130929568&amp;adg_id=150940917024&amp;fi_id=&amp;match=b&amp;net=g&amp;dev=c&amp;dev_m=&amp;ad_id=639006252462&amp;cre=639006252462&amp;kwid=kwd-111378724137&amp;kw=uber%20eats&amp;placement=&amp;tar=&amp;gclsrc=aw.ds&amp;gclid=CjwKCAjwnOipBhBQEiwACyGLusNNZ6zjCtVFmItzBgqF-8k4UjaDaZvqdpMWuzj073vhrtkc_QKeJxoCwtkQAvD_BwE\" target=\"_blank\" rel=\"noopener\">Uber Eats<\/a><\/strong>: Uber Eats hat einen guten Ruf, der von seinem Pendant in der Transportwelt gest\u00fctzt wird, und hat sich auf Essenslieferungen konzentriert, die eine effiziente und schnelle Erfahrung versprechen. Mit einer gro\u00dfen Auswahl an Partnerrestaurants bietet das Unternehmen kulinarische Optionen f\u00fcr jeden Geschmack.<\/li>\n\n\n\n<li><strong><a href=\"https:\/\/www.lieferando.de\/\" target=\"_blank\" rel=\"noopener\">Just Eat<\/a><\/strong>: Mit einer bemerkenswerten Pr\u00e4senz in der internationalen Szene ist es die L\u00f6sung f\u00fcr diejenigen, die eine gr\u00f6\u00dfere kulinarische Vielfalt erkunden wollen, ob es sich nun um Fast Food oder anspruchsvollere Gerichte handelt.<\/li>\n\n\n\n<li><strong><a href=\"https:\/\/www.amazon.es\/amazonprime\" target=\"_blank\" rel=\"noopener\">Amazon Prime<\/a><\/strong>: F\u00fcr fast alle Bed\u00fcrfnisse, die w\u00e4hrend Ihres Aufenthalts auftreten k\u00f6nnen, vom Kauf eines Buches bis zum Auff\u00fcllen des K\u00fchlschranks mit frischen Lebensmitteln, da es den gesamten Amazon-Katalog anbietet. Allerdings m\u00fcssen Sie ein Abonnement abschlie\u00dfen, das 49,90 \u20ac\/Jahr kostet, um Ihre Bestellungen auf dem schnellsten Weg geliefert zu bekommen, obwohl es auch eine 30-t\u00e4gige kostenlose Testphase gibt.<\/li>\n\n\n\n<li><strong><a href=\"https:\/\/deliveroo.co.uk\/\" target=\"_blank\" rel=\"noopener\">Deliveroo<\/a><\/strong>: Wenn Sie auf der Suche nach einem erstklassigen gastronomischen Erlebnis sind, ist Deliveroo Ihr perfekter Verb\u00fcndeter. Deliveroo hat sich auf die Lieferung von hochwertigen Gerichten ausgew\u00e4hlter lokaler Restaurants spezialisiert und bedient die anspruchsvollsten Gaumen, ohne dass Sie Ihre Wohnung verlassen m\u00fcssen.<\/li>\n<\/ul>\n\n\n\n<h2 class=\"wp-block-heading\"><span class=\"ez-toc-section\" id=\"Der_Transport_sollte_kein_Problem_sein\"><\/span>Der Transport sollte kein Problem sein<span class=\"ez-toc-section-end\"><\/span><\/h2>\n\n\n\n<h3 class=\"wp-block-heading\">Tankstellen<\/h3>\n\n\n\n<p class=\"undefined\">So erreichen Sie<strong> Marbella Este,<\/strong> Marbella und die Costa del Sol<\/p>\n\n\n\n<h4 class=\"wp-block-heading\">Estaci\u00f3n de Servicio Madese - Repsol<\/h4>\n\n\n\n<p class=\"undefined\">Wenn Sie sich entscheiden, eine unserer Immobilien zu mieten und andere Unterzonen innerhalb von <strong>Marbella Este <\/strong>zu erkunden, wie <strong>Bah\u00eda de Marbella<\/strong> oder Elviria (mehr Informationen \u00fcber die Entfernungen in: <em>Ein privilegierter Standort<\/em>), oder sogar weiter zu gehen und andere Gebiete von Marbella zu besuchen, wie Puerto Ban\u00fas oder Nueva Andaluc\u00eda, oder andere wunderbare Gemeinden, die die Costa del Sol ausmachen, wie: Oj\u00e9n (15,9 km entfernt, zwischen 20 und 26 Minuten mit dem Auto \u00fcber die A-7), Ist\u00e1n (27,4 km entfernt, zwischen 35 und 45 Minuten mit dem Auto \u00fcber die Carr. Ist\u00e1n\/A-7176), La Cala de Mijas (27,5 km entfernt, zwischen 20 und 28 Minuten mit dem Auto \u00fcber die A-7 und AP-7), Benahav\u00eds (29. 6 km entfernt, zwischen 26 und 35 Minuten mit dem Auto auf der Autov\u00eda del Mediterr\u00e1neo\/A7) oder Estepona (40,5 km entfernt, zwischen 28 und 40 Minuten mit dem Auto auf der AP-7), werden Sie die N\u00e4he der Madese Service Station - Repsol in Costabella sicher zu sch\u00e4tzen wissen. Hinweis: Diese Tankstelle bietet Dieselkraftstoff an.<\/p>\n\n\n\n<ul class=\"wp-block-list\">\n<li>STUNDEN: Jeden Tag, 24 Stunden am Tag.<\/li>\n\n\n\n<li><a href=\"https:\/\/www.google.es\/maps\/place\/Estaci%C3%B3n+de+Servicio+Madese+-+Repsol\/@36.5000876,-4.8014627,453m\/data=!3m1!1e3!4m15!1m8!3m7!1s0xd7320b18b2b8591:0x7951bb3974c1203f!2sUrb.+Costabella,+29604+Marbella,+M%C3%A1laga!3b1!8m2!3d36.5007203!4d-4.8052337!16s%2Fg%2F11btx7l5lc!3m5!1s0xd7320baf2c01c2f:0x9c40d6cd93435c1a!8m2!3d36.500227!4d-4.798858!16s%2Fg%2F12qfljl5p?entry=ttu\" target=\"_blank\" rel=\"noopener\">ADRESSE<\/a>: N-340, 29600 Marbella, M\u00e1laga<\/li>\n\n\n\n<li>TELEFON: +34 951 04 15 20<\/li>\n<\/ul>\n\n\n\n<h3 class=\"wp-block-heading\">Stadtbus<\/h3>\n\n\n\n<p class=\"undefined\"><em>So bewegen Sie sich in Marbella Este<\/em><\/p>\n\n\n\n<h4 class=\"wp-block-heading\">Avanza<\/h4>\n\n\n\n<p class=\"undefined\">Wenn Sie sich entscheiden, Ihr Auto zu Hause zu lassen, machen Sie sich keine Sorgen, denn Sie haben die M\u00f6glichkeit, mit den Stadtbussen des Unternehmens Avanza, einem der wichtigsten Verkehrsunternehmen in unserem Land, Spanien, in andere Teilgebiete von <strong>Marbella Este<\/strong> zu gelangen, wie z. B. nach Elviria, <strong>Bah\u00eda de Marbella<\/strong> oder Cabopino (mehr Informationen \u00fcber die Routen finden Sie unter: Ein privilegierter Ort). Sie k\u00f6nnen die Fahrpl\u00e4ne \u00fcber die App des Unternehmens einsehen: Avanza - Costa del Sol, die sowohl f\u00fcr <a href=\"https:\/\/play.google.com\/store\/apps\/details?id=com.geoactio.portilloavanza&amp;hl=es&amp;gl=US&amp;pli=1\" target=\"_blank\" rel=\"noopener\">Android<\/a> als auch f\u00fcr <a href=\"https:\/\/apps.apple.com\/es\/app\/avanza-costa-del-sol\/id1270146915\" target=\"_blank\" rel=\"noopener\">iOS<\/a> verf\u00fcgbar ist. Die Kosten f\u00fcr den Bus betragen nur 1,18 \u20ac.<\/p>\n\n\n\n<h3 class=\"wp-block-heading\">Taxi und andere Transportdienstleistungen<\/h3>\n\n\n\n<p class=\"undefined\"><em>So bewegen Sie sich in Marbella Este und Marbella<\/em><\/p>\n\n\n\n<p class=\"undefined\">Taxis oder private Fahrdienste wie Uber oder Bolt sind ideal f\u00fcr kurze Fahrten innerhalb von<strong> Marbella Este<\/strong> oder sogar innerhalb von Marbella. Wenn Sie jedoch vorhaben, \u00fcber Marbella hinaus in andere Gemeinden an der Costa del Sol zu fahren, wie z. B. Mijas oder Benahav\u00eds, kann der Preis h\u00f6her sein.<\/p>\n\n\n\n<ul class=\"wp-block-list\">\n<li><strong>Taxi<\/strong>: F\u00fcr diejenigen, die eine direktere und privatere Option suchen, gibt es in Marbella ein gro\u00dfes Angebot an Taxis. Zu den g\u00e4ngigsten Taxidiensten in Marbella geh\u00f6ren zwei Unternehmen: <a href=\"https:\/\/www.taxisolmarbella.com\/en\/\" target=\"_blank\" rel=\"noopener\">Taxisol<\/a> (952 77 44 88) und Taxi Marbella (618 34 89 24).<\/li>\n\n\n\n<li><strong><a href=\"https:\/\/www.uber.com\/es\/en\/ride\/?ad_id=623050559222&amp;adg_id=148286515864&amp;campaign_id=18388070762&amp;cre=623050559222&amp;dev=c&amp;dev_m=&amp;fi_id=&amp;gad_source=1&amp;gclid=CjwKCAjwnOipBhBQEiwACyGLuhwLin2fKKxMza4DmfP0rFH54wHydpVO0DLFwL6tzuHwWATqZsuLsRoCNDgQAvD_BwE&amp;gclsrc=aw.ds&amp;kw=uber&amp;kwid=kwd-12633382&amp;match=b&amp;net=g&amp;placement=&amp;tar=&amp;utm_campaign=CM2215725-search-google-brand_162_-99_ES-National_r_web_acq_cpc_es_T1_Generic_BM_uber_kwd-12633382_623050559222_148286515864_b_c&amp;utm_source=AdWords_Brand\" target=\"_blank\" rel=\"noopener\">Uber<\/a><\/strong>: Wir haben bereits Uber Eats f\u00fcr Essenslieferungen erw\u00e4hnt, und Uber bietet auch einen ausgezeichneten Transportdienst, mit dem Sie sich in <strong>Marbella Este<\/strong> und anderen Gegenden von Marbella fortbewegen k\u00f6nnen. Wie das geht? Ganz einfach: Bestellen Sie ein Uber, indem Sie die App herunterladen, die sowohl f\u00fcr <a href=\"https:\/\/play.google.com\/store\/apps\/details?id=com.ubercab&amp;hl=es_419&amp;gl=US\" target=\"_blank\" rel=\"noopener\">Android<\/a> als auch f\u00fcr <a href=\"https:\/\/apps.apple.com\/es\/app\/uber-viajes-asequibles\/id368677368\" target=\"_blank\" rel=\"noopener\">iOS<\/a> verf\u00fcgbar ist.<\/li>\n\n\n\n<li><strong><a href=\"https:\/\/bolt.eu\/en-es\/?utm_source=googleadwords_int&amp;utm_medium=cpc&amp;utm_campaign=es_brand_search&amp;utm_source=google&amp;utm_medium=ads&amp;utm_campaign=14577844312&amp;gclid=CjwKCAjwnOipBhBQEiwACyGLumgVFHdc68Dqi6PTvJLXCR_r40NOtyqqM3AwCJW6b7aLzzQDCVuAPhoC9XsQAvD_BwE\" target=\"_blank\" rel=\"noopener\">Bolt<\/a><\/strong>: Fr\u00fcher als Taxify bekannt, ist Bolt eine Plattform \u00e4hnlich wie Uber. Laden Sie einfach die App herunter, die f\u00fcr alle Betriebssysteme (<a href=\"https:\/\/play.google.com\/store\/apps\/details?id=ee.mtakso.client&amp;hl=es_419&amp;gl=US\" target=\"_blank\" rel=\"noopener\">Android<\/a> und <a href=\"https:\/\/apps.apple.com\/es\/app\/bolt-solicita-viajes-24-7\/id675033630\" target=\"_blank\" rel=\"noopener\">iOS<\/a>) verf\u00fcgbar ist, und bewegen Sie sich von Costabella aus, wie Sie m\u00f6chten.<\/li>\n\n\n\n<li><strong><a href=\"https:\/\/cabify.com\/es\" target=\"_blank\" rel=\"noopener\">Cabify<\/a><\/strong>: Dieses spanische Unternehmen gewinnt allm\u00e4hlich an Popularit\u00e4t. Wie funktioniert es? Genau wie bei den beiden anderen, laden Sie die App herunter und bestellen Sie ein Cabify - so einfach ist das! Erh\u00e4ltlich bei <a href=\"https:\/\/play.google.com\/store\/apps\/details?id=com.cabify.rider&amp;hl=es&amp;gl=US\" target=\"_blank\" rel=\"noopener\">Google Play<\/a> und im <a href=\"https:\/\/apps.apple.com\/es\/app\/cabify\/id476087442\" target=\"_blank\" rel=\"noopener\">Apple Store<\/a>.<\/li>\n<\/ul>\n\n\n\n<h3 class=\"wp-block-heading\">Car Rental<\/h3>\n\n\n\n<p class=\"undefined\">So erreichen Sie <strong>Marbella Este<\/strong>, Marbella und die Costa del Sol<\/p>\n\n\n\n<p class=\"undefined\">Wenn Sie sich entschlossen haben, ohne Ihr eigenes Fahrzeug nach Marbella zu reisen und die Costa del Sol auf eigene Faust zu erkunden, sei es in den Unterzonen der Region <strong>Marbella Este<\/strong>, in anderen Gegenden von Marbella wie der herrlichen Goldenen Meile oder Puerto Ban\u00fas oder in anderen Gemeinden der Costa del Sol wie Mijas oder Benahavis, m\u00f6chten wir Ihnen Informationen \u00fcber einige der wichtigsten Autovermietungen geben.<\/p>\n\n\n\n<ul class=\"wp-block-list\">\n<li><strong><a href=\"https:\/\/www.goldcar.es\/de\/\" target=\"_blank\" rel=\"noopener\">Goldcar<\/a><\/strong> (+34 918 341 400): Goldcar ist f\u00fcr seine erschwinglichen Preise bekannt und eine beliebte Wahl bei Touristen, die ein Fahrzeug mieten m\u00f6chten, ohne zu viel Geld auszugeben. Sie haben eine gro\u00dfe Auswahl an Automodellen, von Kleinwagen, die ideal f\u00fcr die Stadt sind, bis hin zu gr\u00f6\u00dferen Fahrzeugen, die f\u00fcr Familien oder Gruppen geeignet sind. Sie sind eine h\u00e4ufige Wahl f\u00fcr diejenigen, die ihren Urlaub an der Costa del Sol verbringen, und eine ihrer zahlreichen Filialen befindet sich am <a href=\"https:\/\/www.google.es\/maps\/place\/Goldcar+Malaga+Airport\/@36.6755064,-4.4914505,17z\/data=!3m1!4b1!4m6!3m5!1s0xd72fa3d9e7990e5:0x5798a16bbb994fff!8m2!3d36.6755064!4d-4.4888756!16s%2Fg%2F1tdb1130?entry=ttu\" target=\"_blank\" rel=\"noopener\">Flughafen Malaga<\/a> (Av. del Comandante Garc\u00eda Morato, 48, 29004 M\u00e1laga). Sie bietet ihre Dienste sieben Tage die Woche von 07:00 bis 23:01 Uhr an. Eine weitere Filiale befindet sich in <a href=\"https:\/\/www.google.es\/maps\/place\/Goldcar+Gibraltar+-+La+L%C3%ADnea\/@36.1571587,-5.3508983,17z\/data=!3m1!4b1!4m6!3m5!1s0xd0cc08917f39f81:0x9dd91116b42c9dc6!8m2!3d36.1571587!4d-5.3483234!16s%2Fg%2F11btysk2ct?entry=ttu\" target=\"_blank\" rel=\"noopener\">Gibraltar - La L\u00ednea <\/a>(La L\u00ednea de la Concepci\u00f3n) und arbeitet von Montag bis Sonntag von 09:00 bis 19:59 Uhr. Wir empfehlen Ihnen, Ihr Fahrzeug direkt nach der Landung am Flughafen Malaga zu mieten, damit Sie sich w\u00e4hrend Ihres Aufenthalts in Costabella nicht um den Transport k\u00fcmmern m\u00fcssen. Reservieren Sie Ihr Fahrzeug auf jeden Fall im Voraus \u00fcber die Website.<\/li>\n\n\n\n<li><strong><a href=\"https:\/\/www.avis.es\/?cid=pp_site-GOOGLE_camp-18320326037_adgroup-140837266523_target-kwd-13402896_creative-621382492707_device-c_feed-&amp;gad_source=1&amp;gclid=CjwKCAjwv-2pBhB-EiwAtsQZFF7XlJkWcMVcT7EKC0Gn7Kp76IGOYsUbi8POqPDsiHVkXEiLk3HVShoCCG0QAvD_BwE&amp;gclsrc=aw.ds\" target=\"_blank\" rel=\"noopener\">Avis<\/a><\/strong> (951 32 40 60): Wenn Sie auf der Suche nach einem erstklassigen Mietwagen sind, k\u00f6nnte Avis die richtige Wahl f\u00fcr Sie sein. Dieses Unternehmen zeichnet sich durch seinen schnellen Kundenservice, den Quick Pass und sein Angebot an hochwertigen Fahrzeugen, sowohl Autos als auch Vans, aus. Der <a href=\"https:\/\/www.google.es\/maps\/place\/Avis+Alquiler+de+coches+-+Marbella\/@36.4936557,-4.9534593,17z\/data=!3m1!4b1!4m6!3m5!1s0xd72d6269c8d3b2b:0x6ed31778fe9deb8!8m2!3d36.4936557!4d-4.9508844!16s%2Fg%2F11bbwyrs4d?entry=ttu\" target=\"_blank\" rel=\"noopener\">Standort<\/a> ist Autov\u00eda del Mediterr\u00e1neo, 340, km 175, 29660 Marbella, M\u00e1laga, und die \u00d6ffnungszeiten sind montags bis freitags von 9.00 bis 13.45 Uhr und 15.30 bis 17.45 Uhr und samstags von 10.00 bis 13.00 Uhr, sonntags geschlossen. Wir empfehlen Ihnen auch, Ihr Fahrzeug im Voraus \u00fcber die Website zu buchen, um Ihre Reservierung zu sichern.<\/li>\n\n\n\n<li><strong><a href=\"https:\/\/www.yellowcar.com\/de\/\" target=\"_blank\" rel=\"noopener\">Yellow Car<\/a><\/strong> (952 83 14 92): Diese 1972 gegr\u00fcndete lokale Autovermietung hat ihre Pr\u00e4senz im Laufe der Jahre ausgebaut und verf\u00fcgt \u00fcber B\u00fcros an strategischen Standorten an der Costa del Sol, darunter am <a href=\"https:\/\/www.google.es\/maps\/place\/Yellow+Car\/@36.6755131,-4.4900411,17z\/data=!3m2!4b1!5s0xd72fa22634a684b:0x1a1c54a06d8292fb!4m6!3m5!1s0xd72fa22637f83e7:0x4d03a9505ebbce94!8m2!3d36.6755131!4d-4.4874662!16s%2Fg%2F11b5plrwp1?entry=ttu\" target=\"_blank\" rel=\"noopener\">Flughafen M\u00e1laga<\/a> (Av. del Comandante Garc\u00eda Morato, 53, 29004; Erdgeschoss), die rund um die Uhr ge\u00f6ffnet sind, und in La Cala de Mijas. Nat\u00fcrlich gibt es auch ein B\u00fcro in Marbella, das von Montag bis Sonntag von 9:00 bis 14:00 Uhr und von 16:00 bis 19:00 Uhr ge\u00f6ffnet ist. Das B\u00fcro in <a href=\"https:\/\/www.google.es\/maps\/place\/Yellow+Car\/@36.5047822,-4.9611694,12z\/data=!3m1!5s0xd7320ace3f82899:0x72319a1d00cd5356!4m10!1m2!2m1!1syellow+car!3m6!1s0xd72fa22637f83e7:0xf962868fcd390272!8m2!3d36.5047822!4d-4.8087341!15sCgp5ZWxsb3cgY2FykgERY2FyX3JlbnRhbF9hZ2VuY3ngAQA!16s%2Fg%2F1ttpcngv?entry=ttu\" target=\"_blank\" rel=\"noopener\">Marbella<\/a> befindet sich in <strong>Marbella Este<\/strong>, in El Rosario (C. Los Limoneros, 29604 Marbella, M\u00e1laga), wo sich die <strong>Bah\u00eda de Marbella<\/strong> befindet. Wie bei Goldcar oder Avis empfehlen wir Ihnen, im Voraus zu buchen.<\/li>\n<\/ul>\n\n\n\n<p class=\"undefined\">Bei der Anmietung eines Fahrzeugs sollten Sie unbedingt alle Bedingungen, einschlie\u00dflich der Versicherungs- und Kraftstoffrichtlinien, pr\u00fcfen.<\/p>\n\n\n\n<h2 class=\"wp-block-heading\"><span class=\"ez-toc-section\" id=\"Jenseits_der_Bahia_de_Marbella_Marbella_Ost\"><\/span>Jenseits der Bah\u00eda de Marbella: Marbella Ost<span class=\"ez-toc-section-end\"><\/span><\/h2>\n\n\n\n<p class=\"undefined\">Costabella mit seinem Charme und seinen Annehmlichkeiten ist ein hervorragender Ausgangspunkt f\u00fcr die Erkundung der anderen Wunder von <strong>Marbella Este<\/strong>. Wie Sie vielleicht schon gesehen haben, bietet diese Unterzone praktisch alles, was ein Besucher sich w\u00fcnschen k\u00f6nnte. Mit Hilfe der detaillierten Informationen, die wir Ihnen unter \"Transport ist kein Problem\" zur Verf\u00fcgung gestellt haben, k\u00f6nnen Sie jedoch noch weiter gehen und all die Privilegien entdecken, die die Gegend um <strong>Marbella Este<\/strong> zu bieten hat.<\/p>\n\n\n\n<p class=\"undefined\">Ein Beispiel daf\u00fcr ist Costabella, an dessen Strand sich auch viele Strandclubs und Restaurants von hohem Niveau befinden, wie das Dune Beach Marbella, das Chiringuito El Chiri Marbella, das Bono Beach Marbella oder, ebenfalls am Strand, die Restaurants Restaurante Da Sergio, Restaurante Las Flores oder Restaurante Luuma Beach Marbella; alles reizvolle Orte, um ein leckeres Essen oder einen guten Cocktail zu genie\u00dfen.<\/p>\n\n\n\n<figure class=\"wp-caption aligncenter\">\n<picture><source width=\"1480\" srcset=\"https:\/\/media.inmobalia.com\/imgV1\/B98Le8~d7M9pwOKhCJcJLIfglZOtvyX13f98gUEkry2AXpxxwVVUW6beaB1CbHQXGOhTMxPEWoq2vSWoPxT0dWUFVpFov6NwmlNzq3qwzpnpHLdM7rElqemoY7wGnCHfYCWM~3pVr6wGDzx6qq3ELRNy_Yt_30czMI3R.jpg 1480w\" type=\"image\/webp\"><img decoding=\"async\" class=\"img-fluid \" width=\"1480\" src=\"https:\/\/media.inmobalia.com\/imgV1\/B98Le8~d7M9pwOKhH98twCJY8~z6ePCZX6v4ZFfOvduhBdeVCpC563TEl9~Gba~ZsCNLt5CSrqfb7qaISBEVv0QdM3Qn_hKWyYbYCOzLwCWutMoGcJcHC0QmAE4iJYJFsvq~APurAWOrxek-.jpg\"><\/picture>\n<figcaption class=\"wp-caption-text\"><\/figcaption>\n<\/figure>\n\n\n\n<figure class=\"wp-caption aligncenter\">\n<picture><source width=\"1480\" srcset=\"https:\/\/media.inmobalia.com\/imgV1\/B98Le8~d7M9pwOKhCJcJLIfglZOtvyX13f98gUEkry2AXpxxwVVUW6beaB1CbHQXGOhTMxPEWoq2vSWoPxT0dWUFVpFov6NwmlNzq3qwzpnpHLdM7rElqf_yAtVIKpsRRcNoF_f4T~1CaE_WCRY1aeOiD8BPVWLdWxaIRk8-.jpg 1480w\" type=\"image\/webp\"><img decoding=\"async\" class=\"img-fluid \" width=\"1480\" src=\"https:\/\/media.inmobalia.com\/imgV1\/B98Le8~d7M9pwOKhH98twCJY8~z6ePCZX6v4ZFfOvduhBdeVCpC563TEl9~Gba~ZsCNLt5CSrqfb7qaISBEVv0QdM3Qn_hKW3zzGh4IPgVo6PiZRLbAL4kElqt5YEATN~bbburOEA0Luop_ukw--.jpg\"><\/picture>\n<figcaption class=\"wp-caption-text\"><\/figcaption>\n<\/figure>\n\n\n\n<p class=\"undefined\">Auf unserer weiteren Reise sto\u00dfen wir auf <strong>Bah\u00eda de Marbella<\/strong>, eine Oase der Ruhe, und Cabopino, dessen Hauptattraktion der malerische Cabopino-Strand ist. El Rosario, Marbesa, R\u00edo Real Golf und La Mairena vervollst\u00e4ndigen die Liste der nahe gelegenen Untergebiete von <strong>Bah\u00eda de Marbella<\/strong> in <strong>Marbella Este<\/strong>, die eine Kombination aus Natur, Sport, Gastronomie und erstklassigen Str\u00e4nden bieten.<\/p>\n\n\n\n<h2 class=\"wp-block-heading\"><span class=\"ez-toc-section\" id=\"Jenseits_von_Marbella_Ost_Marbella_Zentrum_Marbella_Altstadt_und_Puerto_Banus\"><\/span>Jenseits von Marbella Ost: Marbella Zentrum, Marbella Altstadt und Puerto Ban\u00fas<span class=\"ez-toc-section-end\"><\/span><\/h2>\n\n\n\n<p class=\"undefined\">Andererseits k\u00f6nnen Sie sich entscheiden, \u00fcber <strong>Marbella Este<\/strong> hinauszugehen und andere Gegenden von Marbella zu erkunden, wie Marbella Centro, Marbella Casco Hist\u00f3rico oder die beliebte Touristenattraktion <strong>Puerto Ban\u00fas <\/strong>(Informationen \u00fcber die Entfernung zu diesen Orten finden Sie im Abschnitt: Eine privilegierte Lage). In den folgenden Abschnitten m\u00f6chten wir Ihnen daher n\u00e4here Informationen zu jedem dieser Orte geben.<\/p>\n\n\n\n<h3 class=\"wp-block-heading\">Marbella Casco Hist\u00f3rico<\/h3>\n\n\n\n<p class=\"undefined\">\"Yo vuelvo por mis alas, dejadme volver. Quiero morirme siendo, siendo amanecer\" (Ich kehre wegen meiner Fl\u00fcgel zur\u00fcck, lasst mich zur\u00fcckkehren. Ich m\u00f6chte als Mensch sterben, als Morgenr\u00f6te) - Federico Garcia Loca, ist eines der vielen literarischen Zitate, die man in den Ecken der Altstadt von Marbella finden kann. Marbella ist ein Ort, an den man immer wieder zur\u00fcckkehren m\u00f6chte, um sich in seine Sonnenauf- und -unterg\u00e4nge zu verlieben, in seine wei\u00df get\u00fcnchten Mauern und Kopfsteinpflasterstra\u00dfen, die Geschichten aus vergangenen Jahrhunderten erz\u00e4hlen, oder in ikonische Orte wie die <strong>Plaza de los Naranjos <\/strong>oder die <strong>Iglesia Nuestra Se\u00f1ora de la Encarnaci\u00f3n<\/strong>, wie ein Teenager, der zum ersten Mal Liebe erlebt.<\/p>\n\n\n\n<figure class=\"wp-caption aligncenter\">\n<picture><source width=\"1480\" srcset=\"https:\/\/media.inmobalia.com\/imgV1\/B98Le8~d7M9pwOKhCJcJLIfglZOtvyX13f98gUEkry2AXpxxwVVUW6beaB1CbHQXGOhTMxPEWoq2vSWoPxT0dWUFVpFov6NwmlNzq3qwzpnpHLdM7rElqeCihT5PHFnGjoSWw3iSa9ttyYhxlumd8m9gTfZQtsCZ8xFV~8SL.jpg 1480w\" type=\"image\/webp\"><img decoding=\"async\" class=\"img-fluid \" width=\"1480\" src=\"https:\/\/media.inmobalia.com\/imgV1\/B98Le8~d7M9pwOKhH98twCJY8~z6ePCZX6v4ZFfOvduhBdeVCpC563TEl9~Gba~ZsCNLt5CSrqfb7qaISBEVv0QdM3Qn_hKWwGw_tCjkPzlbOn63MCuTU~sveNnAy3tKyNd5dRJ6cHl6c_PFfG4-.jpg\"><\/picture>\n<figcaption class=\"wp-caption-text\"><\/figcaption>\n<\/figure>\n\n\n\n<p class=\"undefined\">Das Herz von <strong>Marbella<\/strong> ist eine lebendige Ecke, in der sich Blumend\u00fcfte und die Aromen der lokalen K\u00fcche mit dem Lachen, den Gespr\u00e4chen und der Live-Musik der Stra\u00dfenmusiker vermischen. Caf\u00e9s mit Au\u00dfenterrassen, traditionelle Restaurants, exklusive Boutiquen, blumengeschm\u00fcckte Ecken, literarische Zitate und kleine lokale Gesch\u00e4fte bieten eine charmante Mischung aus Geschichte und Moderne. Die Altstadt ist ein Treffpunkt, an dem alte Traditionen mit modernen Annehmlichkeiten koexistieren und dem Besucher ein einzigartiges und zeitloses Erlebnis bieten. Zweifellos ist es ein Ort, der all jene in seinen Bann zieht, die das wahre Wesen Marbellas und die reinste andalusische Sch\u00f6nheit entdecken wollen.<\/p>\n\n\n\n<figure class=\"wp-caption aligncenter\">\n<picture><source width=\"1480\" srcset=\"https:\/\/media.inmobalia.com\/imgV1\/B98Le8~d7M9pwOKhCJcJLIfglZOtvyX13f98gUEkry2AXpxxwVVUW6beaB1CbHQXGOhTMxPEWoq2vSWoPxT0dWUFVpFov6NwmlNzq3qwzpnpHLdM7rElqeCihT5PHFnGjoSWw3iSa9ttyYhxlumd8m9j4e~kSnjydfdwbGJtHkI-.jpg 1480w\" type=\"image\/webp\"><img decoding=\"async\" class=\"img-fluid \" width=\"1480\" src=\"https:\/\/media.inmobalia.com\/imgV1\/B98Le8~d7M9pwOKhH98twCJY8~z6ePCZX6v4ZFfOvduhBdeVCpC563TEl9~Gba~ZsCNLt5CSrqfb7qaISBEVv0QdM3Qn_hKWwGw_tCjkPzlbOn63MCuTU~sveNnAy3tKyNSA7Wv0yWXcbfPRnjVuTg--.jpg\"><\/picture>\n<figcaption class=\"wp-caption-text\"><\/figcaption>\n<\/figure>\n\n\n\n<h3 class=\"wp-block-heading\">Marbella Centro<\/h3>\n\n\n\n<p class=\"undefined\">Nur 8 Autominuten von der <strong>Bahia de Marbella<\/strong> entfernt liegt das Zentrum von Marbella, in dem sich andalusische Tradition und Weltoffenheit vereinen. Die kopfsteingepflasterten Stra\u00dfen und wei\u00df get\u00fcnchten Geb\u00e4ude kontrastieren mit modernen Alleen und weitl\u00e4ufigen Stadtparks. Der Venus-Strand, der Strand La Fontanilla und der Strand La Bajadilla grenzen an das Zentrum und bieten abwechslungsreiche K\u00fcstenerlebnisse. Unbedingt erw\u00e4hnenswert ist die R\u00f6mische Br\u00fccke, ein historisches Relikt, das an die reiche Geschichte der Stadt erinnert.<\/p>\n\n\n\n<p class=\"undefined\">Dar\u00fcber hinaus ist das Einkaufszentrum La Ca\u00f1ada ein Muss f\u00fcr alle, die gerne in Gesch\u00e4ften renommierter Marken einkaufen, wie Adolfo Dominguez im Bereich Mode, Swarovski im Bereich Schmuck und Modeschmuck, Calzedonia im Bereich Accessoires und Schuhe, Apple Store im Bereich Technik und Freizeit, Solaris im Bereich Optik, Kiko im Bereich Parf\u00fcmerie und \u00c4sthetik und Imaginarium im Bereich Spielzeug. Auch f\u00fcr diejenigen, die ein gastronomisches Erlebnis in Franchise-Restaurants wie Foster's Hollywood bevorzugen, ist das <a href=\"https:\/\/www.google.es\/maps\/place\/La+Ca%C3%B1ada+Shopping+Center\/@36.5212264,-4.8771054,17z\/data=!3m1!4b1!4m14!1m7!3m6!1s0xd72d81287a0dcd1:0x14c315d3b184eeba!2sLa+Ca%C3%B1ada+Shopping+Center!8m2!3d36.5212264!4d-4.8745305!16s%2Fg%2F11bwhb9j9b!3m5!1s0xd72d81287a0dcd1:0x14c315d3b184eeba!8m2!3d36.5212264!4d-4.8745305!16s%2Fg%2F11bwhb9j9b?entry=ttu\" target=\"_blank\" rel=\"noopener\">La Ca\u00f1ada Shopping Center<\/a> eine ausgezeichnete Wahl.<\/p>\n\n\n\n<p class=\"undefined\">Kurzum, die Innenstadt von Marbella symbolisiert eine harmonische Kombination aus Kultur, Handel und K\u00fcste.<\/p>\n\n\n\n<h3 class=\"wp-block-heading\">Puerto Ban\u00fas<\/h3>\n\n\n\n<p class=\"undefined\">Puerto Ban\u00fas, nur 15 Autominuten von Costabella entfernt, ist das unbestrittene Symbol f\u00fcr Luxus in Marbella. In dieser opulenten Enklave reihen sich majest\u00e4tische Yachten und exklusive Boutiquen aneinander. Bekannte Marken wie Loewe, Dolce &amp; Gabbana, Bulgari, Fendi, Versace und Dior s\u00e4umen die Promenaden.<\/p>\n\n\n\n<figure class=\"wp-caption aligncenter\">\n<picture><source width=\"1480\" srcset=\"https:\/\/media.inmobalia.com\/imgV1\/B98Le8~d7M9pwOKhCJcJLIfglZOtvyX13f98gUEkry2AXpxxwVVUW6beaB1CbHQXGOhTMxPEWoq2vSWoPxT0dWUFVpFov6NwmlNzq3qwzpnpHLdM7rElqf2o4iubHCwL6r5ulYCVsSLNr_HTpPJKnxDe.jpg 1480w\" type=\"image\/webp\"><img decoding=\"async\" class=\"img-fluid \" width=\"1480\" src=\"https:\/\/media.inmobalia.com\/imgV1\/B98Le8~d7M9pwOKhH98twCJY8~z6ePCZX6v4ZFfOvduhBdeVCpC563TEl9~Gba~ZsCNLt5CSrqfb7qaISBEVv0QdM3Qn_hKW3aFCROuRfRiRDqvatZxQsxmxiaR1uAqJYoI-.jpg\"><\/picture>\n<figcaption class=\"wp-caption-text\"><\/figcaption>\n<\/figure>\n\n\n\n<p class=\"undefined\">Tags\u00fcber k\u00f6nnen die Besucher am Pier entlang flanieren und sich vom Anblick der luxuri\u00f6sen Fahrzeuge und Boote verzaubern lassen. Wenn die Nacht hereinbricht, verwandelt sich Puerto Ban\u00fas in eine festliche Atmosph\u00e4re voller Vitalit\u00e4t, in der die Eleganz der Terrassen und Restaurants mit dem bunten Treiben der Nachtclubs verschmilzt. Es ist der Ort, an dem sich die Elite mit denjenigen trifft, die einen Hauch von Raffinesse und Glamour suchen. Wir empfehlen Ihnen einen Besuch an einem der emblematischsten Orte der Costa del Sol, Sie werden es nicht bereuen!<\/p>\n\n\n\n<figure class=\"wp-caption aligncenter\">\n<picture><source width=\"1480\" srcset=\"https:\/\/media.inmobalia.com\/imgV1\/B98Le8~d7M9pwOKhCJcJLIfglZOtvyX13f98gUEkry2AXpxxwVVUW6beaB1CbHQXGOhTMxPEWoq2vSWoPxT0dWUFVpFov6NwmlNzq3qwzpnpHLdM7rElqf2o4iubHCwL6r5ulYCWv2fU83CrVPTGPC8dpOU-.jpg 1480w\" type=\"image\/webp\"><img decoding=\"async\" class=\"img-fluid \" width=\"1480\" src=\"https:\/\/media.inmobalia.com\/imgV1\/B98Le8~d7M9pwOKhH98twCJY8~z6ePCZX6v4ZFfOvduhBdeVCpC563TEl9~Gba~ZsCNLt5CSrqfb7qaISBEVv0QdM3Qn_hKW3aFCROuRfRiRDqvatZ93eQ08VWbhzpGKhVHLrg--.jpg\"><\/picture>\n<figcaption class=\"wp-caption-text\"><\/figcaption>\n<\/figure>\n\n\n\t\t\t<section class=\"selection-wrapper mt-5 mt-lg-7 mt-xxl-10 wp-block-acf-propertyselection\">\n\t\t\t\t<div class=\"container-fluid max-width d-flex flex-column align-items-start align-items-lg-center\">\n\t\t\t\t\t<div class=\"col-xl-6 mb-4 mb-lg-5\">\n\t\t\t\t\t\t\t\t\t\t\t\t\t<h2 class=\"h1 text-md-center mb-4\"><span class=\"ez-toc-section\" id=\"Immobilien_zur_Miete_in_Bahia_de_Marbella_Marbella_Este_Alle_Immobilien_zur_Miete_Marbella_Marbella_Este_Bahia_de_Marbella\"><\/span>\n\t\t\t\t\t\t\t\t\t\t\t\t\t\t\t\t\t<span class=\"htitle\">Immobilien zur Miete in Bah\u00eda de Marbella, Marbella Este<\/span>\n\t\t\t\t\t\t\t\t\t\t\t\t\t\t\t\tAlle Immobilien zur Miete \/ Marbella \/ Marbella Este \/ Bah\u00eda de Marbella \t\t\t\t\t\t\t<span class=\"ez-toc-section-end\"><\/span><\/h2>\n\t\t\t\t\t\t\t\t\t\t\t\t<p class=\"text-md-center mb-0 mx-auto\">Zeigen 13 Immobilien zur Miete in Bah\u00eda Marbella, Marbella Este.<\/p>\n\t\t\t\t\t<\/div>\n\t\t\t\t\t<div id=\"cardsFancyCarousel\" class=\"offcanvas-carousel w-100 four-items\">\n\t\t\t\t\t\t<article class=\"f-carousel__slide card col position-relative flex-column\">\n\t<figure class=\"position-relative w-100 mb-2\">\n\t\t<a class=\"card-portfolio position-absolute\" data-pfl-id=\"621392\" data-pfl-filter=\"rent-short\" href=\"#\">\n\t\t\t<svg width=\"20\" fill=\"currentColor\" viewBox=\"0 0 512 512\">\n\t\t\t\t<use href=\"https:\/\/www.homewatch.es\/wp-content\/themes\/inmobasolidbase\/dist\/src\/images\/icons.svg#svgPortfolio\"\/>\n\t\t\t<\/svg>\n\t\t\t<svg class=\"d-none\" width=\"20\" fill=\"currentColor\" viewBox=\"0 0 512 512\">\n\t\t\t\t<use href=\"https:\/\/www.homewatch.es\/wp-content\/themes\/inmobasolidbase\/dist\/src\/images\/icons.svg#svgPortfolioIn\"\/>\n\t\t\t<\/svg>\n\t\t<\/a>\n\t\t<picture class=\"ratio ratio-4x3\"><source width=\"1920\" height=\"1080\" srcset=\"https:\/\/media.inmobalia.com\/imgV1\/B8vEv5Xh_VThvnEqMx4G0YtA8lAADdw1sBC5uN5pSX6~ImMWYg0nYa_EPSP~fBpYtvgHs5QKecPwE1~j5DU_pylbu6cBdu0PgVunDxnkMoeY79Gll7Nv5AHhYwCGots7LHLh3gF6~yvYRLoh8pho_iVY0VXSpVRQwYtd0ijx0j5OQCHZJRSpoDt7_S6sS3Wh.jpg 1920w,https:\/\/media.inmobalia.com\/imgV1\/B8vEv5Xh_Vjzl4qKP9bJW21eHCmW9PWrQV6IDk9EjA79dASSMmDBrXf04FgH6wp0ylU42MWPePEey7rkY1j3kMIGs3YrRSP6UhHPWG1enKzuplcdy8f~NYm7bTbKkeM5EmP5X4fxggOdttwr1H4jQVNHa6M_F6T7uD6SJwUYe3S_0ux2nZyM7bdp35qj8fM-.jpg 1580w,https:\/\/media.inmobalia.com\/imgV1\/B8vEv5Xh~9eLgpFkvD55S4O4_vRpfi7Zj~8WTFZMGThfizi~_Y~NgoiVzdN9MsuXYCpgHq7NOfhSSsV~~CvXOR8biNDSQCuIy3z~JafSwduxBEndespnQYPOGloQON4~nZWnImXyT6r40kT2QAV6Eh~Ue44VBK0yevWwHqnaQBtqJPVS4pi9_xxpIf469g--.jpg 774w\" type=\"image\/webp\"><img fetchpriority=\"high\" decoding=\"async\" class=\"image-fit\" alt=\"Strandnahes Ferienapartment Marbella Ost mit 2 Schlafzimmern, Gemeinschaftspools und S\u00fcdterrasse\" width=\"1920\" height=\"1080\" src=\"https:\/\/media.inmobalia.com\/imgV1\/B8vEv5Xh_VThvnEqMx4G0ZxU~~H0Ar_8Bn_AfAx~4dnt796zQ9QIPwzdr9PkzIdRpbeOYktBAPFfTt23HPhndt5b7cRr2vg76pmKvptCGz41lr5kQ1MHlxAzoZTXNjAgBvsBhx0JehvyzQ1U4sdQt~cQ5lExGP1~EKsL3zN2euI-.jpg\"><\/picture>\t\t\t<\/figure>\n\t<div class=\"h-100 d-flex flex-column\">\n\t\t<span class=\"d-block card-area\">\n\t\t\tMarbella Ost\t\t<\/span>\n\t\t\n\n\t\t\t<div class=\"card-price d-flex flex-column\">\n\t\t<strong class=\"me-1\">Von <span data-original-price=\"210\">210\u00a0\u20ac<\/span><span data-period> pro tag <\/span><\/strong>\t\t<\/div>\n\t\n\t\t<ul class=\"card-features list-unstyled d-flex flex-wrap align-items-center mb-0\">\n\t\t\t\t\t\t\t<li class=\"d-flex align-items-center me-3\">\n\t\t\t\t\t2 Schlafzimmer\t\t\t\t<\/li>\n\t\t\t\t\t\t\t<li class=\"d-flex align-items-center me-3\">\n\t\t\t\t\t2 Badezimmer\t\t\t\t<\/li>\n\t\t\t\t\t\t\t<li class=\"d-flex align-items-center me-3\">\n\t\t\t\t\t129 m&sup2; gebaut\t\t\t\t<\/li>\n\t\t\t\t\t<\/ul>\n\t\t<h4 class=\"card-title mb-0\">\n\t\t\t<a class=\"stretched-link\" href=\"\/vermietungen\/bahia-de-marbella\/wohnungen\/233\">Strandnahes Ferienapartment Marbella Ost mit 2 Schlafzimmern, Gemeinschaftspools und S\u00fcdterrasse<\/a>\n\t\t<\/h4>\n\t\t\t\t\t<p class=\"mb-0\">Entdecken Sie dieses au\u00dfergew\u00f6hnliche Feriendomizil mit 2 Schlafzimmern und 2 B\u00e4dern in der prestigetr\u00e4chtigen Urbanisation Bah\u00eda de Marbella, Marbella Ost. Diese strandnahe Ferienwohnung bietet die perfekte Kombination aus K\u00fcstenluxus und modernem Komfort, nur wenige Schritte vom Strand Los Monteros an der Costa del Sol entfernt.\n\nDas ger\u00e4umige 129m\u00b2 Apartment verf\u00fcgt \u00fcber...<\/p>\n\t\t\t<\/div>\n<\/article>\t\t\t\t\t\t<article class=\"f-carousel__slide card col position-relative flex-column\">\n\t<figure class=\"position-relative w-100 mb-2\">\n\t\t<a class=\"card-portfolio position-absolute\" data-pfl-id=\"479644\" data-pfl-filter=\"rent-short\" href=\"#\">\n\t\t\t<svg width=\"20\" fill=\"currentColor\" viewBox=\"0 0 512 512\">\n\t\t\t\t<use href=\"https:\/\/www.homewatch.es\/wp-content\/themes\/inmobasolidbase\/dist\/src\/images\/icons.svg#svgPortfolio\"\/>\n\t\t\t<\/svg>\n\t\t\t<svg class=\"d-none\" width=\"20\" fill=\"currentColor\" viewBox=\"0 0 512 512\">\n\t\t\t\t<use href=\"https:\/\/www.homewatch.es\/wp-content\/themes\/inmobasolidbase\/dist\/src\/images\/icons.svg#svgPortfolioIn\"\/>\n\t\t\t<\/svg>\n\t\t<\/a>\n\t\t<picture class=\"ratio ratio-4x3\"><source width=\"1920\" height=\"1080\" srcset=\"https:\/\/media.inmobalia.com\/imgV1\/B8vEv5Xh_VThvnEqMx4G0YtA8lAADdw1sBC5uN5pSX6~ImMWYg0nYa_EPSP~fBpYtvgHs5QKecPwE1~j5DU_pylbu6cBdu0PgVunDxnkMoeY79Gll7Nv5AHhYwCGots7LHLh2Ugpl~U3d3LMSigjhum7FU8HSmN_Xn_wyUQ~5KDcOB4jJ7MO7YwpgYv0MvuD.jpg 1920w,https:\/\/media.inmobalia.com\/imgV1\/B8vEv5Xh_Vjzl4qKP9bJW21eHCmW9PWrQV6IDk9EjA79dASSMmDBrXf04FgH6wp0ylU42MWPePEey7rkY1j3kMIGs3YrRSP6UhHPWG1enKzuplcdy8f~NYm7bTbKkeM5EmP_gXGodyYeGAq2~UPyelmHUlETntYaUWcSFagJoDLm0KYOO7wD~2N~~rPJoMs-.jpg 1580w,https:\/\/media.inmobalia.com\/imgV1\/B8vEv5Xh~9eLgpFkvD55S4O4_vRpfi7Zj~8WTFZMGThfizi~_Y~NgoiVzdN9MsuXYCpgHq7NOfhSSsV~~CvXOR8biNDSQCuIy3z~JafSwduxBEndespnQYPOGloQON4~nZJx9ArD~dxSg8FBsmbyExLj31XVCLYg89wJzURoFvhM5Xj8nK8pk3INT~o0Pw--.jpg 774w\" type=\"image\/webp\"><img decoding=\"async\" class=\"image-fit\" alt=\"Luxus 3-Zimmer Penthouse direkt am Strand in Bah\u00eda de Marbella\" width=\"1920\" height=\"1080\" src=\"https:\/\/media.inmobalia.com\/imgV1\/B8vEv5Xh_VThvnEqMx4G0ZxU~~H0Ar_8Bn_AfAx~4dnt796zQ9QIPwzdr9PkzIdRpbeOYktBAPFfTt23HPhndt5b7cRr2vg76pmKvptCGz41lr5j~5nLZe5AFFQ4HNsX5vFQumpvvGYGvYQAiLoBXC9~PEa1RqaYRfota3iKpWM-.jpg\"><\/picture>\t\t\t<\/figure>\n\t<div class=\"h-100 d-flex flex-column\">\n\t\t<span class=\"d-block card-area\">\n\t\t\tMarbella Ost\t\t<\/span>\n\t\t\n\n\t\t\t<div class=\"card-price d-flex flex-column\">\n\t\t<strong class=\"me-1\">Von <span data-original-price=\"132\">132\u00a0\u20ac<\/span><span data-period> pro tag <\/span><\/strong><strong class=\"me-1\"><span data-original-price=\"3100\">3.100\u00a0\u20ac<\/span><span data-period> montly rental (November-March)<\/span><\/strong>\t\t<\/div>\n\t\n\t\t<ul class=\"card-features list-unstyled d-flex flex-wrap align-items-center mb-0\">\n\t\t\t\t\t\t\t<li class=\"d-flex align-items-center me-3\">\n\t\t\t\t\t3 Schlafzimmer\t\t\t\t<\/li>\n\t\t\t\t\t\t\t<li class=\"d-flex align-items-center me-3\">\n\t\t\t\t\t4 Badezimmer\t\t\t\t<\/li>\n\t\t\t\t\t\t\t<li class=\"d-flex align-items-center me-3\">\n\t\t\t\t\t260 m&sup2; gebaut\t\t\t\t<\/li>\n\t\t\t\t\t<\/ul>\n\t\t<h4 class=\"card-title mb-0\">\n\t\t\t<a class=\"stretched-link\" href=\"\/vermietungen\/bahia-de-marbella\/hauser\/171\">Luxus 3-Zimmer Penthouse direkt am Strand in Bah\u00eda de Marbella<\/a>\n\t\t<\/h4>\n\t\t\t\t\t<p class=\"mb-0\">Dieses au\u00dfergew\u00f6hnliche 3-Schlafzimmer, 4-Badezimmer Penthouse Ferienhaus bietet ultimativen Strandluxus in der exklusiven Bah\u00eda de Marbella, Marbella Ost. Mit 260m\u00b2 elegant gestalteter Wohnfl\u00e4che beherbergt diese Ferienvilla Costa del Sol bis zu 6 G\u00e4ste und bietet atemberaubende Meer- und Bergblicke von ihrer privilegierten Lage in erster Strandlinie.\n\nDas Penthouse verf\u00fcgt \u00fcber drei ger\u00e4umige...<\/p>\n\t\t\t<\/div>\n<\/article>\t\t\t\t\t\t<article class=\"f-carousel__slide card col position-relative flex-column\">\n\t<figure class=\"position-relative w-100 mb-2\">\n\t\t<a class=\"card-portfolio position-absolute\" data-pfl-id=\"458847\" data-pfl-filter=\"rent-short\" href=\"#\">\n\t\t\t<svg width=\"20\" fill=\"currentColor\" viewBox=\"0 0 512 512\">\n\t\t\t\t<use href=\"https:\/\/www.homewatch.es\/wp-content\/themes\/inmobasolidbase\/dist\/src\/images\/icons.svg#svgPortfolio\"\/>\n\t\t\t<\/svg>\n\t\t\t<svg class=\"d-none\" width=\"20\" fill=\"currentColor\" viewBox=\"0 0 512 512\">\n\t\t\t\t<use href=\"https:\/\/www.homewatch.es\/wp-content\/themes\/inmobasolidbase\/dist\/src\/images\/icons.svg#svgPortfolioIn\"\/>\n\t\t\t<\/svg>\n\t\t<\/a>\n\t\t<picture class=\"ratio ratio-4x3\"><source width=\"1920\" height=\"1080\" srcset=\"https:\/\/media.inmobalia.com\/imgV1\/B8vEv5Xh_VThvnEqMx4G0YtA8lAADdw1sBC5uN5pSX6~ImMWYg0nYa_EPSP~fBpYtvgHs5QKecPwE1~j5DU_pylbu6cBdu0PgVunDxnkMoeY79Gll7Nv5AHhYwCGots7LHLh2UpRAwofM_HTWTTW9pkKJHiEu8noeskB5yluDNNh~RF44r5mFRL47knGA1Mx.jpg 1920w,https:\/\/media.inmobalia.com\/imgV1\/B8vEv5Xh_Vjzl4qKP9bJW21eHCmW9PWrQV6IDk9EjA79dASSMmDBrXf04FgH6wp0ylU42MWPePEey7rkY1j3kMIGs3YrRSP6UhHPWG1enKzuplcdy8f~NYm7bTbKkeM5EmP_gwvjK6GJQr0IXnLWFtr0XSYx~Gp55QTevkIEQtxkCR2kQKWbbVGBqgB3O9M-.jpg 1580w,https:\/\/media.inmobalia.com\/imgV1\/B8vEv5Xh~9eLgpFkvD55S4O4_vRpfi7Zj~8WTFZMGThfizi~_Y~NgoiVzdN9MsuXYCpgHq7NOfhSSsV~~CvXOR8biNDSQCuIy3z~JafSwduxBEndespnQYPOGloQON4~nZJz0YOquqyxRdtYL5SnB1cNEmmvM4CWxbn8Vx7oY1n6yLrObdvf~W8mm7C9hA--.jpg 774w\" type=\"image\/webp\"><img decoding=\"async\" class=\"image-fit\" alt=\"2-Schlafzimmer Strandwohnung zur Ferienmiete in Marbella Ost mit Poolblick\" width=\"1920\" height=\"1080\" src=\"https:\/\/media.inmobalia.com\/imgV1\/B8vEv5Xh_VThvnEqMx4G0ZxU~~H0Ar_8Bn_AfAx~4dnt796zQ9QIPwzdr9PkzIdRpbeOYktBAPFfTt23HPhndt5b7cRr2vg76pmKvptCGz41lr5j~d5~22SdnMIIbDQKXUiy8ippWAvl6igWRhaXBMURwhk3xh~h~vlA~G~I6SU-.jpg\"><\/picture>\t\t\t<\/figure>\n\t<div class=\"h-100 d-flex flex-column\">\n\t\t<span class=\"d-block card-area\">\n\t\t\tMarbella Ost\t\t<\/span>\n\t\t\n\n\t\t\t<div class=\"card-price d-flex flex-column\">\n\t\t<strong class=\"me-1\">Von <span data-original-price=\"98\">98\u00a0\u20ac<\/span><span data-period> pro tag <\/span><\/strong><strong class=\"me-1\"><span data-original-price=\"2000\">2.000\u00a0\u20ac<\/span><span data-period> montly rental (November-March)<\/span><\/strong>\t\t<\/div>\n\t\n\t\t<ul class=\"card-features list-unstyled d-flex flex-wrap align-items-center mb-0\">\n\t\t\t\t\t\t\t<li class=\"d-flex align-items-center me-3\">\n\t\t\t\t\t2 Schlafzimmer\t\t\t\t<\/li>\n\t\t\t\t\t\t\t<li class=\"d-flex align-items-center me-3\">\n\t\t\t\t\t2 Badezimmer\t\t\t\t<\/li>\n\t\t\t\t\t\t\t<li class=\"d-flex align-items-center me-3\">\n\t\t\t\t\t110 m&sup2; gebaut\t\t\t\t<\/li>\n\t\t\t\t\t<\/ul>\n\t\t<h4 class=\"card-title mb-0\">\n\t\t\t<a class=\"stretched-link\" href=\"\/vermietungen\/bahia-de-marbella\/wohnungen\/152\">2-Schlafzimmer Strandwohnung zur Ferienmiete in Marbella Ost mit Poolblick<\/a>\n\t\t<\/h4>\n\t\t\t\t\t<p class=\"mb-0\">Diese atemberaubende 2-Schlafzimmer Ferienwohnung in Marbella Ost bietet den perfekten Strandurlaub an der Costa del Sol. Gelegen in der exklusiven Urbanisation Las Arenas direkt an der ersten Linie des Los Monteros Strandes, beherbergt diese 110m\u00b2 Luxuswohnung bis zu 4 G\u00e4ste mit 2 en-suite B\u00e4dern, privatem Garagenplatz und 20m\u00b2 Terrasse mit...<\/p>\n\t\t\t<\/div>\n<\/article>\t\t\t\t\t\t<article class=\"f-carousel__slide card col position-relative flex-column\">\n\t<figure class=\"position-relative w-100 mb-2\">\n\t\t<a class=\"card-portfolio position-absolute\" data-pfl-id=\"438685\" data-pfl-filter=\"rent-short\" href=\"#\">\n\t\t\t<svg width=\"20\" fill=\"currentColor\" viewBox=\"0 0 512 512\">\n\t\t\t\t<use href=\"https:\/\/www.homewatch.es\/wp-content\/themes\/inmobasolidbase\/dist\/src\/images\/icons.svg#svgPortfolio\"\/>\n\t\t\t<\/svg>\n\t\t\t<svg class=\"d-none\" width=\"20\" fill=\"currentColor\" viewBox=\"0 0 512 512\">\n\t\t\t\t<use href=\"https:\/\/www.homewatch.es\/wp-content\/themes\/inmobasolidbase\/dist\/src\/images\/icons.svg#svgPortfolioIn\"\/>\n\t\t\t<\/svg>\n\t\t<\/a>\n\t\t<picture class=\"ratio ratio-4x3\"><source width=\"1920\" height=\"1080\" srcset=\"https:\/\/media.inmobalia.com\/imgV1\/B8vEv5Xh_VThvnEqMx4G0YtA8lAADdw1sBC5uN5pSX6~ImMWYg0nYa_EPSP~fBpYtvgHs5QKecPwE1~j5DU_pylbu6cBdu0PgVunDxnkMoeY79Gll7Nv5AHhYwCGots7LHLh2UxczxcqDuj2ylwbEGGtonym89jJNCACeg7NGMmRtYTYjJ0g0UdjJ4_bDSUq.jpg 1920w,https:\/\/media.inmobalia.com\/imgV1\/B8vEv5Xh_Vjzl4qKP9bJW21eHCmW9PWrQV6IDk9EjA79dASSMmDBrXf04FgH6wp0ylU42MWPePEey7rkY1j3kMIGs3YrRSP6UhHPWG1enKzuplcdy8f~NYm7bTbKkeM5EmP_haCzzRqH5E6frfI72wecSciOw6MSIiqbIOuznkIVfGmFqSaYCPi2_RLjzHw-.jpg 1580w,https:\/\/media.inmobalia.com\/imgV1\/B8vEv5Xh~9eLgpFkvD55S4O4_vRpfi7Zj~8WTFZMGThfizi~_Y~NgoiVzdN9MsuXYCpgHq7NOfhSSsV~~CvXOR8biNDSQCuIy3z~JafSwduxBEndespnQYPOGloQON4~nZJ18PmT0aE3TuxpLUCIMXs2DNC0zKdHZ~WMd0QAup9ceeKXtczBjlSjJ6og2g--.jpg 774w\" type=\"image\/webp\"><img loading=\"lazy\" decoding=\"async\" class=\"image-fit\" alt=\"3-Schlafzimmer Ferienwohnung mit Meerblick in Bah\u00eda de Marbella, Costa del Sol\" width=\"1920\" height=\"1080\" src=\"https:\/\/media.inmobalia.com\/imgV1\/B8vEv5Xh_VThvnEqMx4G0ZxU~~H0Ar_8Bn_AfAx~4dnt796zQ9QIPwzdr9PkzIdRpbeOYktBAPFfTt23HPhndt5b7cRr2vg76pmKvptCGz41lr5j_~x1_7FFO1ls5cFswiBQwuQFCXDUEQewBBcEeu9NXIXR3aHVkTgsL8XkV7s-.jpg\"><\/picture>\t\t\t<\/figure>\n\t<div class=\"h-100 d-flex flex-column\">\n\t\t<span class=\"d-block card-area\">\n\t\t\tMarbella Ost\t\t<\/span>\n\t\t\n\n\t\t\t<div class=\"card-price d-flex flex-column\">\n\t\t<strong class=\"me-1\">Von <span data-original-price=\"128\">128\u00a0\u20ac<\/span><span data-period> pro tag <\/span><\/strong><strong class=\"me-1\"><span data-original-price=\"1700\">1.700\u00a0\u20ac<\/span><span data-period> montly rental (November-March)<\/span><\/strong>\t\t<\/div>\n\t\n\t\t<ul class=\"card-features list-unstyled d-flex flex-wrap align-items-center mb-0\">\n\t\t\t\t\t\t\t<li class=\"d-flex align-items-center me-3\">\n\t\t\t\t\t3 Schlafzimmer\t\t\t\t<\/li>\n\t\t\t\t\t\t\t<li class=\"d-flex align-items-center me-3\">\n\t\t\t\t\t2 Badezimmer\t\t\t\t<\/li>\n\t\t\t\t\t\t\t<li class=\"d-flex align-items-center me-3\">\n\t\t\t\t\t129 m&sup2; gebaut\t\t\t\t<\/li>\n\t\t\t\t\t<\/ul>\n\t\t<h4 class=\"card-title mb-0\">\n\t\t\t<a class=\"stretched-link\" href=\"\/vermietungen\/bahia-de-marbella\/wohnungen\/127\">3-Schlafzimmer Ferienwohnung mit Meerblick in Bah\u00eda de Marbella, Costa del Sol<\/a>\n\t\t<\/h4>\n\t\t\t\t\t<p class=\"mb-0\">Entdecken Sie diese herrliche 3-Schlafzimmer, 2-Badezimmer Duplex-Ferienwohnung mit atemberaubendem Meerblick in der ruhigen Urbanisation Bah\u00eda de Marbella, Marbella Ost. Diese Luxus-Ferienvilla Costa del Sol erstreckt sich \u00fcber 129m\u00b2 auf zwei Etagen und bietet Platz f\u00fcr bis zu 6 G\u00e4ste mit einer ger\u00e4umigen 35m\u00b2 Terrasse mit Blick auf das Mittelmeer.\n\nNur einen...<\/p>\n\t\t\t<\/div>\n<\/article>\t\t\t\t\t\t<article class=\"f-carousel__slide card col position-relative flex-column\">\n\t<figure class=\"position-relative w-100 mb-2\">\n\t\t<a class=\"card-portfolio position-absolute\" data-pfl-id=\"402876\" data-pfl-filter=\"rent-short\" href=\"#\">\n\t\t\t<svg width=\"20\" fill=\"currentColor\" viewBox=\"0 0 512 512\">\n\t\t\t\t<use href=\"https:\/\/www.homewatch.es\/wp-content\/themes\/inmobasolidbase\/dist\/src\/images\/icons.svg#svgPortfolio\"\/>\n\t\t\t<\/svg>\n\t\t\t<svg class=\"d-none\" width=\"20\" fill=\"currentColor\" viewBox=\"0 0 512 512\">\n\t\t\t\t<use href=\"https:\/\/www.homewatch.es\/wp-content\/themes\/inmobasolidbase\/dist\/src\/images\/icons.svg#svgPortfolioIn\"\/>\n\t\t\t<\/svg>\n\t\t<\/a>\n\t\t<picture class=\"ratio ratio-4x3\"><source width=\"1920\" height=\"1080\" srcset=\"https:\/\/media.inmobalia.com\/imgV1\/B8vEv5Xh_VThvnEqMx4G0YtA8lAADdw1sBC5uN5pSX6~ImMWYg0nYa_EPSP~fBpYtvgHs5QKecPwE1~j5DU_pylbu6cBdu0PgVunDxnkMoeY79Gll7Nv5AHhYwCGots7LHLh2U9bN7G54~W1TNYzfXp04fHBuTmLSCO45F0F3jaCVYfypuPPbjSyK8TSgDM9.jpg 1920w,https:\/\/media.inmobalia.com\/imgV1\/B8vEv5Xh_Vjzl4qKP9bJW21eHCmW9PWrQV6IDk9EjA79dASSMmDBrXf04FgH6wp0ylU42MWPePEey7rkY1j3kMIGs3YrRSP6UhHPWG1enKzuplcdy8f~NYm7bTbKkeM5EmP_htEjVRdVIZRvQNZ_7DW_NFDUFK~7Ejgj55HA8qiv~7WHllgJqdDqhSHeZJU-.jpg 1580w,https:\/\/media.inmobalia.com\/imgV1\/B8vEv5Xh~9eLgpFkvD55S4O4_vRpfi7Zj~8WTFZMGThfizi~_Y~NgoiVzdN9MsuXYCpgHq7NOfhSSsV~~CvXOR8biNDSQCuIy3z~JafSwduxBEndespnQYPOGloQON4~nZJ2N4IIVHqfmXreKEi_S4CPZIXMM48N1PCmXKSPGwa4MHd2fSTL0cTAPTEabg--.jpg 774w\" type=\"image\/webp\"><img loading=\"lazy\" decoding=\"async\" class=\"image-fit\" alt=\"Luxus-Strandvilla 3 Schlafzimmer mit Meerblick in Marbella Ost\" width=\"1920\" height=\"1080\" src=\"https:\/\/media.inmobalia.com\/imgV1\/B8vEv5Xh_VThvnEqMx4G0ZxU~~H0Ar_8Bn_AfAx~4dnt796zQ9QIPwzdr9PkzIdRpbeOYktBAPFfTt23HPhndt5b7cRr2vg76pmKvptCGz41lr5j_PDul1nm7PruQp~tCXSOSxOEunuZArSrr2Mq3FucOrELuKCacE0VSaNCPDE-.jpg\"><\/picture>\t\t\t<\/figure>\n\t<div class=\"h-100 d-flex flex-column\">\n\t\t<span class=\"d-block card-area\">\n\t\t\tMarbella Ost\t\t<\/span>\n\t\t\n\n\t\t\t<div class=\"card-price d-flex flex-column\">\n\t\t<strong class=\"me-1\">Von <span data-original-price=\"246\">246\u00a0\u20ac<\/span><span data-period> pro tag <\/span><\/strong><strong class=\"me-1\"><span data-original-price=\"4000\">4.000\u00a0\u20ac<\/span><span data-period> montly rental (November-March)<\/span><\/strong>\t\t<\/div>\n\t\n\t\t<ul class=\"card-features list-unstyled d-flex flex-wrap align-items-center mb-0\">\n\t\t\t\t\t\t\t<li class=\"d-flex align-items-center me-3\">\n\t\t\t\t\t3 Schlafzimmer\t\t\t\t<\/li>\n\t\t\t\t\t\t\t<li class=\"d-flex align-items-center me-3\">\n\t\t\t\t\t2 Badezimmer\t\t\t\t<\/li>\n\t\t\t\t\t\t\t<li class=\"d-flex align-items-center me-3\">\n\t\t\t\t\t190 m&sup2; gebaut\t\t\t\t<\/li>\n\t\t\t\t\t\t\t<li class=\"d-flex align-items-center me-3\">\n\t\t\t\t\t30 m&sup2; Grundst\u00fcck\t\t\t\t<\/li>\n\t\t\t\t\t<\/ul>\n\t\t<h4 class=\"card-title mb-0\">\n\t\t\t<a class=\"stretched-link\" href=\"\/vermietungen\/bahia-de-marbella\/hauser\/94\">Luxus-Strandvilla 3 Schlafzimmer mit Meerblick in Marbella Ost<\/a>\n\t\t<\/h4>\n\t\t\t\t\t<p class=\"mb-0\">Entdecken Sie Ihr perfektes Ferienhaus Marbella in diesem atemberaubenden 3-Schlafzimmer, 2-Badezimmer Luxus-Stadthaus in der prestigetr\u00e4chtigen Las Dunas Strandanlage in Marbella Ost. Diese au\u00dfergew\u00f6hnliche Ferienvilla Costa del Sol bietet atemberaubende Meerblicke und direkten Strandzugang f\u00fcr bis zu 6 G\u00e4ste auf 190m\u00b2 wundersch\u00f6n renovierter Wohnfl\u00e4che.\n\nDie Immobilie verf\u00fcgt \u00fcber drei elegant eingerichtete Schlafzimmer,...<\/p>\n\t\t\t<\/div>\n<\/article>\t\t\t\t\t\t<article class=\"f-carousel__slide card col position-relative flex-column\">\n\t<figure class=\"position-relative w-100 mb-2\">\n\t\t<a class=\"card-portfolio position-absolute\" data-pfl-id=\"269318\" data-pfl-filter=\"rent-short\" href=\"#\">\n\t\t\t<svg width=\"20\" fill=\"currentColor\" viewBox=\"0 0 512 512\">\n\t\t\t\t<use href=\"https:\/\/www.homewatch.es\/wp-content\/themes\/inmobasolidbase\/dist\/src\/images\/icons.svg#svgPortfolio\"\/>\n\t\t\t<\/svg>\n\t\t\t<svg class=\"d-none\" width=\"20\" fill=\"currentColor\" viewBox=\"0 0 512 512\">\n\t\t\t\t<use href=\"https:\/\/www.homewatch.es\/wp-content\/themes\/inmobasolidbase\/dist\/src\/images\/icons.svg#svgPortfolioIn\"\/>\n\t\t\t<\/svg>\n\t\t<\/a>\n\t\t<picture class=\"ratio ratio-4x3\"><source width=\"1920\" height=\"1080\" srcset=\"https:\/\/media.inmobalia.com\/imgV1\/B8vEv5Xh_VThvnEqMx4G0YtA8lAADdw1sBC5uN5pSX6~ImMWYg0nYa_EPSP~fBpYtvgHs5QKecPwE1~j5DU_pylbu6cBdu0PgVunDxnkMoeY79Gll7Nv5AHhYwCGots7LHLh2sBq8iSA4imbcWMIxpDNu2uau~Uyuf34Gh~rmx3Ebw6KvxFdDZshr_Vfet7V.jpg 1920w,https:\/\/media.inmobalia.com\/imgV1\/B8vEv5Xh_Vjzl4qKP9bJW21eHCmW9PWrQV6IDk9EjA79dASSMmDBrXf04FgH6wp0ylU42MWPePEey7rkY1j3kMIGs3YrRSP6UhHPWG1enKzuplcdy8f~NYm7bTbKkeM5EmP9_f4PK1Un_ASU_EWmuV1hus~5ebd1zSsoNn9Y6~k8cV9Z5bzmnSF6MMg1w_8-.jpg 1580w,https:\/\/media.inmobalia.com\/imgV1\/B8vEv5Xh~9eLgpFkvD55S4O4_vRpfi7Zj~8WTFZMGThfizi~_Y~NgoiVzdN9MsuXYCpgHq7NOfhSSsV~~CvXOR8biNDSQCuIy3z~JafSwduxBEndespnQYPOGloQON4~nZE_HqcoCRO1iD6daMrT_QaZ95t_e8v80jgf6XHPMZSzC793LsGX1pODL9wnVg--.jpg 774w\" type=\"image\/webp\"><img loading=\"lazy\" decoding=\"async\" class=\"image-fit\" alt=\"Luxus Strandwohnung mit privatem Garten und direktem Strandzugang in Marbella Ost\" width=\"1920\" height=\"1080\" src=\"https:\/\/media.inmobalia.com\/imgV1\/B8vEv5Xh_VThvnEqMx4G0ZxU~~H0Ar_8Bn_AfAx~4dnt796zQ9QIPwzdr9PkzIdRpbeOYktBAPFfTt23HPhndt5b7cRr2vg76pmKvptCGz41lr5gBrJPHrmen~4b0V6GB9EhhlWz4JLnqak~NWhHxWYMAqotoXF9S2S53dfBvHw-.jpg\"><\/picture>\t\t\t<\/figure>\n\t<div class=\"h-100 d-flex flex-column\">\n\t\t<span class=\"d-block card-area\">\n\t\t\tMarbella Ost\t\t<\/span>\n\t\t\n\n\t\t\t<div class=\"card-price d-flex flex-column\">\n\t\t<strong class=\"me-1\">Von <span data-original-price=\"145\">145\u00a0\u20ac<\/span><span data-period> pro tag <\/span><\/strong><strong class=\"me-1\"><span data-original-price=\"2500\">2.500\u00a0\u20ac<\/span><span data-period> montly rental (November-March)<\/span><\/strong>\t\t<\/div>\n\t\n\t\t<ul class=\"card-features list-unstyled d-flex flex-wrap align-items-center mb-0\">\n\t\t\t\t\t\t\t<li class=\"d-flex align-items-center me-3\">\n\t\t\t\t\t1 Schlafzimmer\t\t\t\t<\/li>\n\t\t\t\t\t\t\t<li class=\"d-flex align-items-center me-3\">\n\t\t\t\t\t1 Badezimmer\t\t\t\t<\/li>\n\t\t\t\t\t\t\t<li class=\"d-flex align-items-center me-3\">\n\t\t\t\t\t90 m&sup2; gebaut\t\t\t\t<\/li>\n\t\t\t\t\t\t\t<li class=\"d-flex align-items-center me-3\">\n\t\t\t\t\t100 m&sup2; Grundst\u00fcck\t\t\t\t<\/li>\n\t\t\t\t\t<\/ul>\n\t\t<h4 class=\"card-title mb-0\">\n\t\t\t<a class=\"stretched-link\" href=\"\/vermietungen\/bahia-de-marbella\/erdgeschosswohnungen\/47\">Luxus Strandwohnung mit privatem Garten und direktem Strandzugang in Marbella Ost<\/a>\n\t\t<\/h4>\n\t\t\t\t\t<p class=\"mb-0\">Diese atemberaubende 1-Schlafzimmer Ferienwohnung Marbella Ost bietet den perfekten Strandurlaub an der Costa del Sol. In der prestigetr\u00e4chtigen Gegend Bah\u00eda de Marbella gelegen, verf\u00fcgt diese moderne 90m\u00b2 Ferienwohnung \u00fcber einen einzigartigen 100m\u00b2 privaten Garten, wo sich Sandd\u00fcnen nat\u00fcrlich in Ihre pers\u00f6nliche Oase einf\u00fcgen und direkten Strandzugang nur wenige Schritte von...<\/p>\n\t\t\t<\/div>\n<\/article>\t\t\t\t\t\t<article class=\"f-carousel__slide card col position-relative flex-column\">\n\t<figure class=\"position-relative w-100 mb-2\">\n\t\t<a class=\"card-portfolio position-absolute\" data-pfl-id=\"262089\" data-pfl-filter=\"rent-short\" href=\"#\">\n\t\t\t<svg width=\"20\" fill=\"currentColor\" viewBox=\"0 0 512 512\">\n\t\t\t\t<use href=\"https:\/\/www.homewatch.es\/wp-content\/themes\/inmobasolidbase\/dist\/src\/images\/icons.svg#svgPortfolio\"\/>\n\t\t\t<\/svg>\n\t\t\t<svg class=\"d-none\" width=\"20\" fill=\"currentColor\" viewBox=\"0 0 512 512\">\n\t\t\t\t<use href=\"https:\/\/www.homewatch.es\/wp-content\/themes\/inmobasolidbase\/dist\/src\/images\/icons.svg#svgPortfolioIn\"\/>\n\t\t\t<\/svg>\n\t\t<\/a>\n\t\t<picture class=\"ratio ratio-4x3\"><source width=\"1920\" height=\"1080\" srcset=\"https:\/\/media.inmobalia.com\/imgV1\/B8vEv5Xh_VThvnEqMx4G0YtA8lAADdw1sBC5uN5pSX6~ImMWYg0nYa_EPSP~fBpYtvgHs5QKecPwE1~j5DU_pylbu6cBdu0PgVunDxnkMoeY79Gll7Nv5AHhYwCGots7LBBVxBgmwq~gMhho0daZ0IQ5wlC1ZdAsa0JPRXaYHDpg2FWDmFTt3a8ysoGXS8nKjMg-.jpg 1920w,https:\/\/media.inmobalia.com\/imgV1\/B8vEv5Xh_Vjzl4qKP9bJW21eHCmW9PWrQV6IDk9EjA79dASSMmDBrXf04FgH6wp0ylU42MWPePEey7rkY1j3kMIGs3YrRSP6UhHPWG1enKzuplcdy8f~NYm7bTbKkeM5cMgnQKo7qQwr6t~XlBnZO7omCPVfcykbhgn7KowBPGnzc_ItVWgGT5rVVNpVqShDEg--.jpg 1580w,https:\/\/media.inmobalia.com\/imgV1\/B8vEv5Xh~9eLgpFkvD55S4O4_vRpfi7Zj~8WTFZMGThfizi~_Y~NgoiVzdN9MsuXYCpgHq7NOfhSSsV~~CvXOR8biNDSQCuIy3z~JafSwduxBEndespnQYPOGloQON5dAeHlTGVcfrL1MWqNL4ozVVGTbQFZMvb2slCoouMokp0OqWNu5dLjeYy4egCcz7us.jpg 774w\" type=\"image\/webp\"><img loading=\"lazy\" decoding=\"async\" class=\"image-fit\" alt=\"Luxus-Penthouse mit 3 Schlafzimmern und Meerblick in Strandlage Marbella Ost\" width=\"1920\" height=\"1080\" src=\"https:\/\/media.inmobalia.com\/imgV1\/B8vEv5Xh_VThvnEqMx4G0ZxU~~H0Ar_8Bn_AfAx~4dnt796zQ9QIPwzdr9PkzIdRpbeOYktBAPFfTt23HPhndt5b7cRr2vg76pmKvptCGz419CdfnCBxswb1iMzMy6dKYUM~~BhwyjPVQ6DbIDyfoeBhlTSttwGkqdgh4c50TV43ZA--.jpg\"><\/picture>\t\t\t<\/figure>\n\t<div class=\"h-100 d-flex flex-column\">\n\t\t<span class=\"d-block card-area\">\n\t\t\tMarbella Ost\t\t<\/span>\n\t\t\n\n\t\t\t<div class=\"card-price d-flex flex-column\">\n\t\t<strong class=\"me-1\">Von <span data-original-price=\"184\">184\u00a0\u20ac<\/span><span data-period> pro tag <\/span><\/strong><strong class=\"me-1\"><span data-original-price=\"3000\">3.000\u00a0\u20ac<\/span><span data-period> montly rental (November-March)<\/span><\/strong>\t\t<\/div>\n\t\n\t\t<ul class=\"card-features list-unstyled d-flex flex-wrap align-items-center mb-0\">\n\t\t\t\t\t\t\t<li class=\"d-flex align-items-center me-3\">\n\t\t\t\t\t3 Schlafzimmer\t\t\t\t<\/li>\n\t\t\t\t\t\t\t<li class=\"d-flex align-items-center me-3\">\n\t\t\t\t\t4 Badezimmer\t\t\t\t<\/li>\n\t\t\t\t\t\t\t<li class=\"d-flex align-items-center me-3\">\n\t\t\t\t\t200 m&sup2; gebaut\t\t\t\t<\/li>\n\t\t\t\t\t<\/ul>\n\t\t<h4 class=\"card-title mb-0\">\n\t\t\t<a class=\"stretched-link\" href=\"\/vermietungen\/bahia-de-marbella\/hauser\/68\">Luxus-Penthouse mit 3 Schlafzimmern und Meerblick in Strandlage Marbella Ost<\/a>\n\t\t<\/h4>\n\t\t\t\t\t<p class=\"mb-0\">Willkommen in dieser au\u00dfergew\u00f6hnlichen Luxus-Ferienwohnung in Marbella Ost - einem atemberaubenden Penthouse mit 3 Schlafzimmern und 4 B\u00e4dern in der prestigetr\u00e4chtigen Bah\u00eda de Marbella. Diese moderne 200m\u00b2 Ferienvilla an der Costa del Sol bietet die perfekte Mischung aus Komfort und Eleganz f\u00fcr bis zu 6 G\u00e4ste, mit spektakul\u00e4rem Meerblick und...<\/p>\n\t\t\t<\/div>\n<\/article>\t\t\t\t\t\t\t\t\t\t\t<\/div>\n\t\t\t\t\t\t\t\t\t\t\t<a class=\"btn btn-inm mt-2 mt-lg-5\" href=\"https:\/\/www.homewatch.es\/vermietungen\/bahia-de-marbella\">Jetzt mieten!<\/a>\n\t\t\t\t\t\t\t\t\t<\/div>\n\t\t\t<\/section>\n\t\t","protected":false},"excerpt":{"rendered":"<p>Die Definition von Bucht ist &#8222;der Eingang eines Meeres, Ozeans oder Sees, der von Land umgeben ist&#8220;, und wenn dieses Gebiet als Bah\u00eda de Marbella bekannt ist, dann weil Land und Meer in perfekter Harmonie flie\u00dfen. Es sind die Str\u00e4nde, Golfpl\u00e4tze, Strandclubs und viele andere Attraktionen, die dieses Teilgebiet von Marbella Este so besonders machen,&#8230;<\/p>\n","protected":false},"author":6,"featured_media":4295,"comment_status":"closed","ping_status":"closed","sticky":false,"template":"","format":"standard","meta":{"_acf_changed":false,"footnotes":""},"categories":[591,618],"tags":[673,672],"class_list":["post-4117","post","type-post","status-publish","format-standard","has-post-thumbnail","hentry","category-schluesselbereiche","category-marbella-de","tag-costa-del-sol-de","tag-marbella-de"],"acf":[],"_links":{"self":[{"href":"https:\/\/www.homewatch.es\/de\/wp-json\/wp\/v2\/posts\/4117","targetHints":{"allow":["GET"]}}],"collection":[{"href":"https:\/\/www.homewatch.es\/de\/wp-json\/wp\/v2\/posts"}],"about":[{"href":"https:\/\/www.homewatch.es\/de\/wp-json\/wp\/v2\/types\/post"}],"author":[{"embeddable":true,"href":"https:\/\/www.homewatch.es\/de\/wp-json\/wp\/v2\/users\/6"}],"replies":[{"embeddable":true,"href":"https:\/\/www.homewatch.es\/de\/wp-json\/wp\/v2\/comments?post=4117"}],"version-history":[{"count":0,"href":"https:\/\/www.homewatch.es\/de\/wp-json\/wp\/v2\/posts\/4117\/revisions"}],"wp:featuredmedia":[{"embeddable":true,"href":"https:\/\/www.homewatch.es\/de\/wp-json\/wp\/v2\/media\/4295"}],"wp:attachment":[{"href":"https:\/\/www.homewatch.es\/de\/wp-json\/wp\/v2\/media?parent=4117"}],"wp:term":[{"taxonomy":"category","embeddable":true,"href":"https:\/\/www.homewatch.es\/de\/wp-json\/wp\/v2\/categories?post=4117"},{"taxonomy":"post_tag","embeddable":true,"href":"https:\/\/www.homewatch.es\/de\/wp-json\/wp\/v2\/tags?post=4117"}],"curies":[{"name":"wp","href":"https:\/\/api.w.org\/{rel}","templated":true}]}}